{"id":58779,"date":"2015-12-17T13:38:40","date_gmt":"2015-12-17T12:38:40","guid":{"rendered":"http:\/\/eldigitaldeasturias.com\/magazine365\/?p=58779"},"modified":"2015-12-17T13:38:40","modified_gmt":"2015-12-17T12:38:40","slug":"emirates-operara-los-dos-vuelos-diarios-barcelona-dubai-con-el-a380","status":"publish","type":"post","link":"https:\/\/eldigitaldeasturias.com\/magazine365\/emirates-operara-los-dos-vuelos-diarios-barcelona-dubai-con-el-a380\/","title":{"rendered":"Emirates operar\u00e1 los dos vuelos diarios Barcelona-Dubai con el A380"},"content":{"rendered":"<p><img fetchpriority=\"high\" decoding=\"async\" class=\"alignleft size-medium wp-image-58780\" src=\"https:\/\/eldigitaldeasturias.com\/magazine365\/wp-content\/uploads\/2015\/12\/fotonoticia_20151217113215_800-360x208.jpg\" alt=\"fotonoticia_20151217113215_800\" width=\"360\" height=\"208\" srcset=\"https:\/\/eldigitaldeasturias.com\/magazine365\/wp-content\/uploads\/2015\/12\/fotonoticia_20151217113215_800-360x208.jpg 360w, https:\/\/eldigitaldeasturias.com\/magazine365\/wp-content\/uploads\/2015\/12\/fotonoticia_20151217113215_800-650x376.jpg 650w, https:\/\/eldigitaldeasturias.com\/magazine365\/wp-content\/uploads\/2015\/12\/fotonoticia_20151217113215_800-768x444.jpg 768w, https:\/\/eldigitaldeasturias.com\/magazine365\/wp-content\/uploads\/2015\/12\/fotonoticia_20151217113215_800-150x87.jpg 150w, https:\/\/eldigitaldeasturias.com\/magazine365\/wp-content\/uploads\/2015\/12\/fotonoticia_20151217113215_800-450x260.jpg 450w, https:\/\/eldigitaldeasturias.com\/magazine365\/wp-content\/uploads\/2015\/12\/fotonoticia_20151217113215_800-696x403.jpg 696w, https:\/\/eldigitaldeasturias.com\/magazine365\/wp-content\/uploads\/2015\/12\/fotonoticia_20151217113215_800-726x420.jpg 726w, https:\/\/eldigitaldeasturias.com\/magazine365\/wp-content\/uploads\/2015\/12\/fotonoticia_20151217113215_800-172x100.jpg 172w, https:\/\/eldigitaldeasturias.com\/magazine365\/wp-content\/uploads\/2015\/12\/fotonoticia_20151217113215_800.jpg 800w\" sizes=\"(max-width: 360px) 100vw, 360px\" \/>La aerol\u00ednea Emirates operar\u00e1 los dos vuelos diarios entre Barcelona y Dubai con el A380, el avi\u00f3n de pasajeros m\u00e1s grande del mundo, que a partir del 1 de junio de 2016 sustituir\u00e1 el B777-200LR que hasta ahora operaba uno de los dos servicios diarios.<\/p>\n<p>Seg\u00fan ha informado este jueves la compa\u00f1\u00eda en un comunicado, Barcelona se convierte as\u00ed en un destino de Emirates servido exclusivamente con el A380.<\/p>\n<p>Con la introducci\u00f3n del A380 en la ruta Madrid-Dubai el pasado 1 de agosto y los dos vuelos del A380 diarios desde Barcelona, Emirates operar\u00e1 el a\u00f1o que viene tres de sus cuatro vuelos diarios desde Espa\u00f1a con el mayor avi\u00f3n del mundo \u00abcomo \u00fanica compa\u00f1\u00eda con vuelos regulares con este modelo de avi\u00f3n en Espa\u00f1a\u00bb, ha destacado la compa\u00f1\u00eda.<\/p>\n<p>La introducci\u00f3n de un segundo A380 en Barcelona supone aumentar la capacidad en un 32% sobre la oferta actual, y ofrecer\u00e1 2.068 asientos diarios, el triple respecto a la oferta inicial de 2012, que era de 720 plazas diarias.<\/p>\n<p>El A380 de Emirates ofrece 517 asientos, de los cuales 14 suites privadas en primera clase, 76 asientos cama en &#8216;business&#8217; y 427 asientos espaciosos en clase &#8216;Economy&#8217;.<\/p>\n","protected":false},"excerpt":{"rendered":"<p>La aerol\u00ednea Emirates operar\u00e1 los dos vuelos diarios entre Barcelona y Dubai con el A380, el avi\u00f3n de pasajeros m\u00e1s grande del mundo, que a partir del 1 de junio de 2016 sustituir\u00e1 el B777-200LR que hasta ahora operaba uno de los dos servicios diarios. Seg\u00fan ha informado este jueves la compa\u00f1\u00eda en un comunicado,<\/p>\n","protected":false},"author":1,"featured_media":58780,"comment_status":"open","ping_status":"closed","sticky":false,"template":"","format":"standard","meta":{"footnotes":""},"categories":[224],"tags":[],"class_list":{"0":"post-58779","1":"post","2":"type-post","3":"status-publish","4":"format-standard","5":"has-post-thumbnail","7":"category-noticias-actualidad"},"aioseo_notices":[],"aioseo_head":"\n\t\t<!-- All in One SEO Pro 4.9.6.1 - aioseo.com -->\n\t<meta name=\"description\" content=\"La aerol\u00ednea Emirates operar\u00e1 los dos vuelos diarios entre Barcelona y Dubai con el A380, el avi\u00f3n de pasajeros m\u00e1s grande del mundo, que a partir del 1 de junio de 2016 sustituir\u00e1 el B777-200LR que hasta ahora operaba uno de los dos servicios diarios. Seg\u00fan ha informado este jueves la compa\u00f1\u00eda en un comunicado,\" \/>\n\t<meta name=\"robots\" content=\"max-image-preview:large\" \/>\n\t<meta name=\"author\" content=\"admin\"\/>\n\t<meta name=\"google-site-verification\" content=\"UA-38556648-1\" \/>\n\t<meta name=\"keywords\" content=\"noticias y actualidad\" \/>\n\t<link rel=\"canonical\" href=\"https:\/\/eldigitaldeasturias.com\/magazine365\/emirates-operara-los-dos-vuelos-diarios-barcelona-dubai-con-el-a380\/\" \/>\n\t<meta name=\"generator\" content=\"All in One SEO Pro (AIOSEO) 4.9.6.1\" \/>\n\t\t<meta property=\"og:locale\" content=\"es_ES\" \/>\n\t\t<meta property=\"og:site_name\" content=\"El Digital de Asturias \u2013 Revista de ocio, turismo y estilo de vida\" \/>\n\t\t<meta property=\"og:type\" content=\"article\" \/>\n\t\t<meta property=\"og:title\" content=\"Emirates operar\u00e1 los dos vuelos diarios Barcelona-Dubai con el A380 | El Digital de Asturias\" \/>\n\t\t<meta property=\"og:description\" content=\"La aerol\u00ednea Emirates operar\u00e1 los dos vuelos diarios entre Barcelona y Dubai con el A380, el avi\u00f3n de pasajeros m\u00e1s grande del mundo, que a partir del 1 de junio de 2016 sustituir\u00e1 el B777-200LR que hasta ahora operaba uno de los dos servicios diarios. Seg\u00fan ha informado este jueves la compa\u00f1\u00eda en un comunicado,\" \/>\n\t\t<meta property=\"og:url\" content=\"https:\/\/eldigitaldeasturias.com\/magazine365\/emirates-operara-los-dos-vuelos-diarios-barcelona-dubai-con-el-a380\/\" \/>\n\t\t<meta property=\"og:image\" content=\"https:\/\/eldigitaldeasturias.com\/magazine365\/wp-content\/uploads\/2015\/12\/fotonoticia_20151217113215_800.jpg\" \/>\n\t\t<meta property=\"og:image:secure_url\" content=\"https:\/\/eldigitaldeasturias.com\/magazine365\/wp-content\/uploads\/2015\/12\/fotonoticia_20151217113215_800.jpg\" \/>\n\t\t<meta property=\"og:image:width\" content=\"800\" \/>\n\t\t<meta property=\"og:image:height\" content=\"463\" \/>\n\t\t<meta property=\"article:published_time\" content=\"2015-12-17T12:38:40+00:00\" \/>\n\t\t<meta property=\"article:modified_time\" content=\"2015-12-17T12:38:40+00:00\" \/>\n\t\t<meta name=\"twitter:card\" content=\"summary_large_image\" \/>\n\t\t<meta name=\"twitter:title\" content=\"Emirates operar\u00e1 los dos vuelos diarios Barcelona-Dubai con el A380 | El Digital de Asturias\" \/>\n\t\t<meta name=\"twitter:description\" content=\"La aerol\u00ednea Emirates operar\u00e1 los dos vuelos diarios entre Barcelona y Dubai con el A380, el avi\u00f3n de pasajeros m\u00e1s grande del mundo, que a partir del 1 de junio de 2016 sustituir\u00e1 el B777-200LR que hasta ahora operaba uno de los dos servicios diarios. Seg\u00fan ha informado este jueves la compa\u00f1\u00eda en un comunicado,\" \/>\n\t\t<meta name=\"twitter:image\" content=\"https:\/\/eldigitaldeasturias.com\/magazine365\/wp-content\/uploads\/2015\/12\/fotonoticia_20151217113215_800.jpg\" \/>\n\t\t<script type=\"application\/ld+json\" class=\"aioseo-schema\">\n\t\t\t{\"@context\":\"https:\\\/\\\/schema.org\",\"@graph\":[{\"@type\":\"Article\",\"@id\":\"https:\\\/\\\/eldigitaldeasturias.com\\\/magazine365\\\/emirates-operara-los-dos-vuelos-diarios-barcelona-dubai-con-el-a380\\\/#article\",\"name\":\"Emirates operar\\u00e1 los dos vuelos diarios Barcelona-Dubai con el A380 | El Digital de Asturias\",\"headline\":\"Emirates operar\\u00e1 los dos vuelos diarios Barcelona-Dubai con el A380\",\"author\":{\"@id\":\"https:\\\/\\\/eldigitaldeasturias.com\\\/magazine365\\\/author\\\/admin\\\/#author\"},\"publisher\":{\"@id\":\"https:\\\/\\\/eldigitaldeasturias.com\\\/magazine365\\\/#organization\"},\"image\":{\"@type\":\"ImageObject\",\"url\":\"https:\\\/\\\/eldigitaldeasturias.com\\\/magazine365\\\/wp-content\\\/uploads\\\/2015\\\/12\\\/fotonoticia_20151217113215_800.jpg\",\"width\":800,\"height\":463},\"datePublished\":\"2015-12-17T13:38:40+01:00\",\"dateModified\":\"2015-12-17T13:38:40+01:00\",\"inLanguage\":\"es-ES\",\"mainEntityOfPage\":{\"@id\":\"https:\\\/\\\/eldigitaldeasturias.com\\\/magazine365\\\/emirates-operara-los-dos-vuelos-diarios-barcelona-dubai-con-el-a380\\\/#webpage\"},\"isPartOf\":{\"@id\":\"https:\\\/\\\/eldigitaldeasturias.com\\\/magazine365\\\/emirates-operara-los-dos-vuelos-diarios-barcelona-dubai-con-el-a380\\\/#webpage\"},\"articleSection\":\"Noticias y Actualidad\"},{\"@type\":\"BreadcrumbList\",\"@id\":\"https:\\\/\\\/eldigitaldeasturias.com\\\/magazine365\\\/emirates-operara-los-dos-vuelos-diarios-barcelona-dubai-con-el-a380\\\/#breadcrumblist\",\"itemListElement\":[{\"@type\":\"ListItem\",\"@id\":\"https:\\\/\\\/eldigitaldeasturias.com\\\/magazine365#listItem\",\"position\":1,\"name\":\"Home\",\"item\":\"https:\\\/\\\/eldigitaldeasturias.com\\\/magazine365\",\"nextItem\":{\"@type\":\"ListItem\",\"@id\":\"https:\\\/\\\/eldigitaldeasturias.com\\\/magazine365\\\/category\\\/noticias-actualidad\\\/#listItem\",\"name\":\"Noticias y Actualidad\"}},{\"@type\":\"ListItem\",\"@id\":\"https:\\\/\\\/eldigitaldeasturias.com\\\/magazine365\\\/category\\\/noticias-actualidad\\\/#listItem\",\"position\":2,\"name\":\"Noticias y Actualidad\",\"item\":\"https:\\\/\\\/eldigitaldeasturias.com\\\/magazine365\\\/category\\\/noticias-actualidad\\\/\",\"nextItem\":{\"@type\":\"ListItem\",\"@id\":\"https:\\\/\\\/eldigitaldeasturias.com\\\/magazine365\\\/emirates-operara-los-dos-vuelos-diarios-barcelona-dubai-con-el-a380\\\/#listItem\",\"name\":\"Emirates operar\\u00e1 los dos vuelos diarios Barcelona-Dubai con el A380\"},\"previousItem\":{\"@type\":\"ListItem\",\"@id\":\"https:\\\/\\\/eldigitaldeasturias.com\\\/magazine365#listItem\",\"name\":\"Home\"}},{\"@type\":\"ListItem\",\"@id\":\"https:\\\/\\\/eldigitaldeasturias.com\\\/magazine365\\\/emirates-operara-los-dos-vuelos-diarios-barcelona-dubai-con-el-a380\\\/#listItem\",\"position\":3,\"name\":\"Emirates operar\\u00e1 los dos vuelos diarios Barcelona-Dubai con el A380\",\"previousItem\":{\"@type\":\"ListItem\",\"@id\":\"https:\\\/\\\/eldigitaldeasturias.com\\\/magazine365\\\/category\\\/noticias-actualidad\\\/#listItem\",\"name\":\"Noticias y Actualidad\"}}]},{\"@type\":\"Organization\",\"@id\":\"https:\\\/\\\/eldigitaldeasturias.com\\\/magazine365\\\/#organization\",\"name\":\"El digital de Asturias\",\"description\":\"Revista de ocio, turismo y estilo de vida\",\"url\":\"https:\\\/\\\/eldigitaldeasturias.com\\\/magazine365\\\/\",\"logo\":{\"@type\":\"ImageObject\",\"url\":\"https:\\\/\\\/www.eldigitaldeasturias.com\\\/noticias\\\/wp-content\\\/uploads\\\/2020\\\/12\\\/EDA.jpg\",\"@id\":\"https:\\\/\\\/eldigitaldeasturias.com\\\/magazine365\\\/emirates-operara-los-dos-vuelos-diarios-barcelona-dubai-con-el-a380\\\/#organizationLogo\"},\"image\":{\"@id\":\"https:\\\/\\\/eldigitaldeasturias.com\\\/magazine365\\\/emirates-operara-los-dos-vuelos-diarios-barcelona-dubai-con-el-a380\\\/#organizationLogo\"}},{\"@type\":\"Person\",\"@id\":\"https:\\\/\\\/eldigitaldeasturias.com\\\/magazine365\\\/author\\\/admin\\\/#author\",\"url\":\"https:\\\/\\\/eldigitaldeasturias.com\\\/magazine365\\\/author\\\/admin\\\/\",\"name\":\"admin\",\"image\":{\"@type\":\"ImageObject\",\"@id\":\"https:\\\/\\\/eldigitaldeasturias.com\\\/magazine365\\\/emirates-operara-los-dos-vuelos-diarios-barcelona-dubai-con-el-a380\\\/#authorImage\",\"url\":\"https:\\\/\\\/eldigitaldeasturias.com\\\/magazine365\\\/wp-content\\\/litespeed\\\/avatar\\\/e571bcf59a0edd6fa6838245a470f2fe.jpg?ver=1777574230\",\"width\":96,\"height\":96,\"caption\":\"admin\"}},{\"@type\":\"WebPage\",\"@id\":\"https:\\\/\\\/eldigitaldeasturias.com\\\/magazine365\\\/emirates-operara-los-dos-vuelos-diarios-barcelona-dubai-con-el-a380\\\/#webpage\",\"url\":\"https:\\\/\\\/eldigitaldeasturias.com\\\/magazine365\\\/emirates-operara-los-dos-vuelos-diarios-barcelona-dubai-con-el-a380\\\/\",\"name\":\"Emirates operar\\u00e1 los dos vuelos diarios Barcelona-Dubai con el A380 | El Digital de Asturias\",\"description\":\"La aerol\\u00ednea Emirates operar\\u00e1 los dos vuelos diarios entre Barcelona y Dubai con el A380, el avi\\u00f3n de pasajeros m\\u00e1s grande del mundo, que a partir del 1 de junio de 2016 sustituir\\u00e1 el B777-200LR que hasta ahora operaba uno de los dos servicios diarios. Seg\\u00fan ha informado este jueves la compa\\u00f1\\u00eda en un comunicado,\",\"inLanguage\":\"es-ES\",\"isPartOf\":{\"@id\":\"https:\\\/\\\/eldigitaldeasturias.com\\\/magazine365\\\/#website\"},\"breadcrumb\":{\"@id\":\"https:\\\/\\\/eldigitaldeasturias.com\\\/magazine365\\\/emirates-operara-los-dos-vuelos-diarios-barcelona-dubai-con-el-a380\\\/#breadcrumblist\"},\"author\":{\"@id\":\"https:\\\/\\\/eldigitaldeasturias.com\\\/magazine365\\\/author\\\/admin\\\/#author\"},\"creator\":{\"@id\":\"https:\\\/\\\/eldigitaldeasturias.com\\\/magazine365\\\/author\\\/admin\\\/#author\"},\"image\":{\"@type\":\"ImageObject\",\"url\":\"https:\\\/\\\/eldigitaldeasturias.com\\\/magazine365\\\/wp-content\\\/uploads\\\/2015\\\/12\\\/fotonoticia_20151217113215_800.jpg\",\"@id\":\"https:\\\/\\\/eldigitaldeasturias.com\\\/magazine365\\\/emirates-operara-los-dos-vuelos-diarios-barcelona-dubai-con-el-a380\\\/#mainImage\",\"width\":800,\"height\":463},\"primaryImageOfPage\":{\"@id\":\"https:\\\/\\\/eldigitaldeasturias.com\\\/magazine365\\\/emirates-operara-los-dos-vuelos-diarios-barcelona-dubai-con-el-a380\\\/#mainImage\"},\"datePublished\":\"2015-12-17T13:38:40+01:00\",\"dateModified\":\"2015-12-17T13:38:40+01:00\"},{\"@type\":\"WebSite\",\"@id\":\"https:\\\/\\\/eldigitaldeasturias.com\\\/magazine365\\\/#website\",\"url\":\"https:\\\/\\\/eldigitaldeasturias.com\\\/magazine365\\\/\",\"name\":\"El Digital de Asturias\",\"description\":\"Revista de ocio, turismo y estilo de vida\",\"inLanguage\":\"es-ES\",\"publisher\":{\"@id\":\"https:\\\/\\\/eldigitaldeasturias.com\\\/magazine365\\\/#organization\"}}]}\n\t\t<\/script>\n\t\t<!-- All in One SEO Pro -->\r\n\t\t<title>Emirates operar\u00e1 los dos vuelos diarios Barcelona-Dubai con el A380 | El Digital de Asturias<\/title>\n\n","aioseo_head_json":{"title":"Emirates operar\u00e1 los dos vuelos diarios Barcelona-Dubai con el A380 | El Digital de Asturias","description":"La aerol\u00ednea Emirates operar\u00e1 los dos vuelos diarios entre Barcelona y Dubai con el A380, el avi\u00f3n de pasajeros m\u00e1s grande del mundo, que a partir del 1 de junio de 2016 sustituir\u00e1 el B777-200LR que hasta ahora operaba uno de los dos servicios diarios. Seg\u00fan ha informado este jueves la compa\u00f1\u00eda en un comunicado,","canonical_url":"https:\/\/eldigitaldeasturias.com\/magazine365\/emirates-operara-los-dos-vuelos-diarios-barcelona-dubai-con-el-a380\/","robots":"max-image-preview:large","keywords":"noticias y actualidad","webmasterTools":{"google-site-verification":"UA-38556648-1","miscellaneous":""},"schema":{"@context":"https:\/\/schema.org","@graph":[{"@type":"Article","@id":"https:\/\/eldigitaldeasturias.com\/magazine365\/emirates-operara-los-dos-vuelos-diarios-barcelona-dubai-con-el-a380\/#article","name":"Emirates operar\u00e1 los dos vuelos diarios Barcelona-Dubai con el A380 | El Digital de Asturias","headline":"Emirates operar\u00e1 los dos vuelos diarios Barcelona-Dubai con el A380","author":{"@id":"https:\/\/eldigitaldeasturias.com\/magazine365\/author\/admin\/#author"},"publisher":{"@id":"https:\/\/eldigitaldeasturias.com\/magazine365\/#organization"},"image":{"@type":"ImageObject","url":"https:\/\/eldigitaldeasturias.com\/magazine365\/wp-content\/uploads\/2015\/12\/fotonoticia_20151217113215_800.jpg","width":800,"height":463},"datePublished":"2015-12-17T13:38:40+01:00","dateModified":"2015-12-17T13:38:40+01:00","inLanguage":"es-ES","mainEntityOfPage":{"@id":"https:\/\/eldigitaldeasturias.com\/magazine365\/emirates-operara-los-dos-vuelos-diarios-barcelona-dubai-con-el-a380\/#webpage"},"isPartOf":{"@id":"https:\/\/eldigitaldeasturias.com\/magazine365\/emirates-operara-los-dos-vuelos-diarios-barcelona-dubai-con-el-a380\/#webpage"},"articleSection":"Noticias y Actualidad"},{"@type":"BreadcrumbList","@id":"https:\/\/eldigitaldeasturias.com\/magazine365\/emirates-operara-los-dos-vuelos-diarios-barcelona-dubai-con-el-a380\/#breadcrumblist","itemListElement":[{"@type":"ListItem","@id":"https:\/\/eldigitaldeasturias.com\/magazine365#listItem","position":1,"name":"Home","item":"https:\/\/eldigitaldeasturias.com\/magazine365","nextItem":{"@type":"ListItem","@id":"https:\/\/eldigitaldeasturias.com\/magazine365\/category\/noticias-actualidad\/#listItem","name":"Noticias y Actualidad"}},{"@type":"ListItem","@id":"https:\/\/eldigitaldeasturias.com\/magazine365\/category\/noticias-actualidad\/#listItem","position":2,"name":"Noticias y Actualidad","item":"https:\/\/eldigitaldeasturias.com\/magazine365\/category\/noticias-actualidad\/","nextItem":{"@type":"ListItem","@id":"https:\/\/eldigitaldeasturias.com\/magazine365\/emirates-operara-los-dos-vuelos-diarios-barcelona-dubai-con-el-a380\/#listItem","name":"Emirates operar\u00e1 los dos vuelos diarios Barcelona-Dubai con el A380"},"previousItem":{"@type":"ListItem","@id":"https:\/\/eldigitaldeasturias.com\/magazine365#listItem","name":"Home"}},{"@type":"ListItem","@id":"https:\/\/eldigitaldeasturias.com\/magazine365\/emirates-operara-los-dos-vuelos-diarios-barcelona-dubai-con-el-a380\/#listItem","position":3,"name":"Emirates operar\u00e1 los dos vuelos diarios Barcelona-Dubai con el A380","previousItem":{"@type":"ListItem","@id":"https:\/\/eldigitaldeasturias.com\/magazine365\/category\/noticias-actualidad\/#listItem","name":"Noticias y Actualidad"}}]},{"@type":"Organization","@id":"https:\/\/eldigitaldeasturias.com\/magazine365\/#organization","name":"El digital de Asturias","description":"Revista de ocio, turismo y estilo de vida","url":"https:\/\/eldigitaldeasturias.com\/magazine365\/","logo":{"@type":"ImageObject","url":"https:\/\/www.eldigitaldeasturias.com\/noticias\/wp-content\/uploads\/2020\/12\/EDA.jpg","@id":"https:\/\/eldigitaldeasturias.com\/magazine365\/emirates-operara-los-dos-vuelos-diarios-barcelona-dubai-con-el-a380\/#organizationLogo"},"image":{"@id":"https:\/\/eldigitaldeasturias.com\/magazine365\/emirates-operara-los-dos-vuelos-diarios-barcelona-dubai-con-el-a380\/#organizationLogo"}},{"@type":"Person","@id":"https:\/\/eldigitaldeasturias.com\/magazine365\/author\/admin\/#author","url":"https:\/\/eldigitaldeasturias.com\/magazine365\/author\/admin\/","name":"admin","image":{"@type":"ImageObject","@id":"https:\/\/eldigitaldeasturias.com\/magazine365\/emirates-operara-los-dos-vuelos-diarios-barcelona-dubai-con-el-a380\/#authorImage","url":"https:\/\/eldigitaldeasturias.com\/magazine365\/wp-content\/litespeed\/avatar\/e571bcf59a0edd6fa6838245a470f2fe.jpg?ver=1777574230","width":96,"height":96,"caption":"admin"}},{"@type":"WebPage","@id":"https:\/\/eldigitaldeasturias.com\/magazine365\/emirates-operara-los-dos-vuelos-diarios-barcelona-dubai-con-el-a380\/#webpage","url":"https:\/\/eldigitaldeasturias.com\/magazine365\/emirates-operara-los-dos-vuelos-diarios-barcelona-dubai-con-el-a380\/","name":"Emirates operar\u00e1 los dos vuelos diarios Barcelona-Dubai con el A380 | El Digital de Asturias","description":"La aerol\u00ednea Emirates operar\u00e1 los dos vuelos diarios entre Barcelona y Dubai con el A380, el avi\u00f3n de pasajeros m\u00e1s grande del mundo, que a partir del 1 de junio de 2016 sustituir\u00e1 el B777-200LR que hasta ahora operaba uno de los dos servicios diarios. Seg\u00fan ha informado este jueves la compa\u00f1\u00eda en un comunicado,","inLanguage":"es-ES","isPartOf":{"@id":"https:\/\/eldigitaldeasturias.com\/magazine365\/#website"},"breadcrumb":{"@id":"https:\/\/eldigitaldeasturias.com\/magazine365\/emirates-operara-los-dos-vuelos-diarios-barcelona-dubai-con-el-a380\/#breadcrumblist"},"author":{"@id":"https:\/\/eldigitaldeasturias.com\/magazine365\/author\/admin\/#author"},"creator":{"@id":"https:\/\/eldigitaldeasturias.com\/magazine365\/author\/admin\/#author"},"image":{"@type":"ImageObject","url":"https:\/\/eldigitaldeasturias.com\/magazine365\/wp-content\/uploads\/2015\/12\/fotonoticia_20151217113215_800.jpg","@id":"https:\/\/eldigitaldeasturias.com\/magazine365\/emirates-operara-los-dos-vuelos-diarios-barcelona-dubai-con-el-a380\/#mainImage","width":800,"height":463},"primaryImageOfPage":{"@id":"https:\/\/eldigitaldeasturias.com\/magazine365\/emirates-operara-los-dos-vuelos-diarios-barcelona-dubai-con-el-a380\/#mainImage"},"datePublished":"2015-12-17T13:38:40+01:00","dateModified":"2015-12-17T13:38:40+01:00"},{"@type":"WebSite","@id":"https:\/\/eldigitaldeasturias.com\/magazine365\/#website","url":"https:\/\/eldigitaldeasturias.com\/magazine365\/","name":"El Digital de Asturias","description":"Revista de ocio, turismo y estilo de vida","inLanguage":"es-ES","publisher":{"@id":"https:\/\/eldigitaldeasturias.com\/magazine365\/#organization"}}]},"og:locale":"es_ES","og:site_name":"El Digital de Asturias \u2013 Revista de ocio, turismo y estilo de vida","og:type":"article","og:title":"Emirates operar\u00e1 los dos vuelos diarios Barcelona-Dubai con el A380 | El Digital de Asturias","og:description":"La aerol\u00ednea Emirates operar\u00e1 los dos vuelos diarios entre Barcelona y Dubai con el A380, el avi\u00f3n de pasajeros m\u00e1s grande del mundo, que a partir del 1 de junio de 2016 sustituir\u00e1 el B777-200LR que hasta ahora operaba uno de los dos servicios diarios. Seg\u00fan ha informado este jueves la compa\u00f1\u00eda en un comunicado,","og:url":"https:\/\/eldigitaldeasturias.com\/magazine365\/emirates-operara-los-dos-vuelos-diarios-barcelona-dubai-con-el-a380\/","og:image":"https:\/\/eldigitaldeasturias.com\/magazine365\/wp-content\/uploads\/2015\/12\/fotonoticia_20151217113215_800.jpg","og:image:secure_url":"https:\/\/eldigitaldeasturias.com\/magazine365\/wp-content\/uploads\/2015\/12\/fotonoticia_20151217113215_800.jpg","og:image:width":800,"og:image:height":463,"article:published_time":"2015-12-17T12:38:40+00:00","article:modified_time":"2015-12-17T12:38:40+00:00","twitter:card":"summary_large_image","twitter:title":"Emirates operar\u00e1 los dos vuelos diarios Barcelona-Dubai con el A380 | El Digital de Asturias","twitter:description":"La aerol\u00ednea Emirates operar\u00e1 los dos vuelos diarios entre Barcelona y Dubai con el A380, el avi\u00f3n de pasajeros m\u00e1s grande del mundo, que a partir del 1 de junio de 2016 sustituir\u00e1 el B777-200LR que hasta ahora operaba uno de los dos servicios diarios. Seg\u00fan ha informado este jueves la compa\u00f1\u00eda en un comunicado,","twitter:image":"https:\/\/eldigitaldeasturias.com\/magazine365\/wp-content\/uploads\/2015\/12\/fotonoticia_20151217113215_800.jpg"},"aioseo_meta_data":{"post_id":"58779","title":null,"description":null,"keywords":null,"keyphrases":null,"primary_term":null,"canonical_url":null,"og_title":null,"og_description":null,"og_object_type":"default","og_image_type":"default","og_image_url":null,"og_image_width":null,"og_image_height":null,"og_image_custom_url":null,"og_image_custom_fields":null,"og_video":null,"og_custom_url":null,"og_article_section":null,"og_article_tags":null,"twitter_use_og":false,"twitter_card":"default","twitter_image_type":"default","twitter_image_url":null,"twitter_image_custom_url":null,"twitter_image_custom_fields":null,"twitter_title":null,"twitter_description":null,"schema":{"blockGraphs":[],"customGraphs":[],"default":{"data":{"Article":[],"Course":[],"Dataset":[],"FAQPage":[],"Movie":[],"Person":[],"Product":[],"ProductReview":[],"Car":[],"Recipe":[],"Service":[],"SoftwareApplication":[],"WebPage":[]},"graphName":"","isEnabled":true},"graphs":[],"defaultGraph":"","defaultPostTypeGraph":""},"schema_type":null,"schema_type_options":null,"pillar_content":false,"robots_default":true,"robots_noindex":false,"robots_noarchive":false,"robots_nosnippet":false,"robots_nofollow":false,"robots_noimageindex":false,"robots_noodp":false,"robots_notranslate":false,"robots_max_snippet":null,"robots_max_videopreview":null,"robots_max_imagepreview":"large","priority":null,"frequency":null,"location":null,"local_seo":null,"seo_analyzer_scan_date":"2025-09-25 03:38:58","breadcrumb_settings":null,"limit_modified_date":false,"open_ai":null,"ai":null,"created":"2021-03-08 22:25:43","updated":"2025-09-25 03:38:58"},"aioseo_breadcrumb":"<div class=\"aioseo-breadcrumbs\"><span class=\"aioseo-breadcrumb\">\n\t<a href=\"https:\/\/eldigitaldeasturias.com\/magazine365\" title=\"Home\">Home<\/a>\n<\/span><span class=\"aioseo-breadcrumb-separator\">\u2013<\/span><span class=\"aioseo-breadcrumb\">\n\t<a href=\"https:\/\/eldigitaldeasturias.com\/magazine365\/category\/noticias-actualidad\/\" title=\"Noticias y Actualidad\">Noticias y Actualidad<\/a>\n<\/span><span class=\"aioseo-breadcrumb-separator\">\u2013<\/span><span class=\"aioseo-breadcrumb\">\n\t<a href=\"https:\/\/eldigitaldeasturias.com\/magazine365\/emirates-operara-los-dos-vuelos-diarios-barcelona-dubai-con-el-a380\/\" title=\"Emirates operar\u00e1 los dos vuelos diarios Barcelona-Dubai con el A380\">Emirates operar\u00e1 los dos vuelos diarios Barcelona-Dubai con el A380<\/a>\n<\/span><\/div>","aioseo_breadcrumb_json":[{"label":"Home","link":"https:\/\/eldigitaldeasturias.com\/magazine365"},{"label":"Noticias y Actualidad","link":"https:\/\/eldigitaldeasturias.com\/magazine365\/category\/noticias-actualidad\/"},{"label":"Emirates operar\u00e1 los dos vuelos diarios Barcelona-Dubai con el A380","link":"https:\/\/eldigitaldeasturias.com\/magazine365\/emirates-operara-los-dos-vuelos-diarios-barcelona-dubai-con-el-a380\/"}],"_links":{"self":[{"href":"https:\/\/eldigitaldeasturias.com\/magazine365\/wp-json\/wp\/v2\/posts\/58779","targetHints":{"allow":["GET"]}}],"collection":[{"href":"https:\/\/eldigitaldeasturias.com\/magazine365\/wp-json\/wp\/v2\/posts"}],"about":[{"href":"https:\/\/eldigitaldeasturias.com\/magazine365\/wp-json\/wp\/v2\/types\/post"}],"author":[{"embeddable":true,"href":"https:\/\/eldigitaldeasturias.com\/magazine365\/wp-json\/wp\/v2\/users\/1"}],"replies":[{"embeddable":true,"href":"https:\/\/eldigitaldeasturias.com\/magazine365\/wp-json\/wp\/v2\/comments?post=58779"}],"version-history":[{"count":0,"href":"https:\/\/eldigitaldeasturias.com\/magazine365\/wp-json\/wp\/v2\/posts\/58779\/revisions"}],"wp:featuredmedia":[{"embeddable":true,"href":"https:\/\/eldigitaldeasturias.com\/magazine365\/wp-json\/wp\/v2\/media\/58780"}],"wp:attachment":[{"href":"https:\/\/eldigitaldeasturias.com\/magazine365\/wp-json\/wp\/v2\/media?parent=58779"}],"wp:term":[{"taxonomy":"category","embeddable":true,"href":"https:\/\/eldigitaldeasturias.com\/magazine365\/wp-json\/wp\/v2\/categories?post=58779"},{"taxonomy":"post_tag","embeddable":true,"href":"https:\/\/eldigitaldeasturias.com\/magazine365\/wp-json\/wp\/v2\/tags?post=58779"}],"curies":[{"name":"wp","href":"https:\/\/api.w.org\/{rel}","templated":true}]}}