{"id":58766,"date":"2015-12-17T13:30:45","date_gmt":"2015-12-17T12:30:45","guid":{"rendered":"http:\/\/eldigitaldeasturias.com\/magazine365\/?p=58766"},"modified":"2015-12-17T13:30:45","modified_gmt":"2015-12-17T12:30:45","slug":"la-diputacion-de-pontevedra-revitalizara-la-red-de-senderos-azules","status":"publish","type":"post","link":"https:\/\/eldigitaldeasturias.com\/magazine365\/la-diputacion-de-pontevedra-revitalizara-la-red-de-senderos-azules\/","title":{"rendered":"La Diputaci\u00f3n de Pontevedra revitalizar\u00e1 la Red de Senderos Azules"},"content":{"rendered":"<p><img fetchpriority=\"high\" decoding=\"async\" class=\"alignleft size-medium wp-image-58767\" src=\"https:\/\/eldigitaldeasturias.com\/magazine365\/wp-content\/uploads\/2015\/12\/fotonoticia_20151217102210_800-360x240.jpg\" alt=\"fotonoticia_20151217102210_800\" width=\"360\" height=\"240\" srcset=\"https:\/\/eldigitaldeasturias.com\/magazine365\/wp-content\/uploads\/2015\/12\/fotonoticia_20151217102210_800-360x240.jpg 360w, https:\/\/eldigitaldeasturias.com\/magazine365\/wp-content\/uploads\/2015\/12\/fotonoticia_20151217102210_800-650x433.jpg 650w, https:\/\/eldigitaldeasturias.com\/magazine365\/wp-content\/uploads\/2015\/12\/fotonoticia_20151217102210_800-768x512.jpg 768w, https:\/\/eldigitaldeasturias.com\/magazine365\/wp-content\/uploads\/2015\/12\/fotonoticia_20151217102210_800-150x100.jpg 150w, https:\/\/eldigitaldeasturias.com\/magazine365\/wp-content\/uploads\/2015\/12\/fotonoticia_20151217102210_800-450x300.jpg 450w, https:\/\/eldigitaldeasturias.com\/magazine365\/wp-content\/uploads\/2015\/12\/fotonoticia_20151217102210_800-696x464.jpg 696w, https:\/\/eldigitaldeasturias.com\/magazine365\/wp-content\/uploads\/2015\/12\/fotonoticia_20151217102210_800-630x420.jpg 630w, https:\/\/eldigitaldeasturias.com\/magazine365\/wp-content\/uploads\/2015\/12\/fotonoticia_20151217102210_800-84x55.jpg 84w, https:\/\/eldigitaldeasturias.com\/magazine365\/wp-content\/uploads\/2015\/12\/fotonoticia_20151217102210_800.jpg 800w\" sizes=\"(max-width: 360px) 100vw, 360px\" \/>La Diputaci\u00f3n de Pontevedra y los nueve ayuntamientos de la provincia adheridos a la Red de Senderos Azules acordaron poner en marcha un proyecto com\u00fan para revitalizar la red y convertir estos itinerarios, que enlazan playas y puertos con bandera azul, en un \u00bb importante elemento de cooperaci\u00f3n y atracci\u00f3n tur\u00edstica\u00bb.<\/p>\n<p>Para ello, la instituci\u00f3n provincial firmar\u00e1 antes del 31 de diciembre un convenio marco coparticipado con cada uno de los nueve municipios: Cangas, Bueu, A Illa de Arousa, A Guarda, Vigo, Nigr\u00e1n, Baiona, Sanxenxo y tambi\u00e9n Ponte Caldelas.<\/p>\n<p>En la reuni\u00f3n de este mi\u00e9rcoles, a la que acudieron alcaldes y representantes de todos los ayuntamientos adheridos a la red, la presidenta de la Administraci\u00f3n provincial, Carmela Silva, ha anunciado que la Diputaci\u00f3n dispondr\u00e1 de una partida inicial de 60.000 euros para las primeras actuaciones de se\u00f1alizaci\u00f3n, mobiliario, mantenimiento y promoci\u00f3n.<\/p>\n<p>Tambi\u00e9n se avanz\u00f3 que el proyecto tendr\u00e1 un recorrido a medio y largo plazo ya que en 2016, con la uni\u00f3n de todos los municipios, la Diputaci\u00f3n concurrir\u00e1 a fondos europeos para desarrollar este plan de trabajo de forma m\u00e1s ambiciosa. Uno de ellos es el LIFE, un programa europeo con una l\u00ednea de financiaci\u00f3n para mejora ambiental y recuperaci\u00f3n de la biodiversidad.<\/p>\n<p>\u00abPOR UN JUEGO IGUALITARIO Y NO VIOLENTO\u00bb<\/p>\n<p>Por otra parte, la Diputaci\u00f3n de Pontevedra ha buscado la colaboraci\u00f3n de la Federaci\u00f3n Provincial de Asociaciones de Madres y Padres para difundir lo m\u00e1ximo posible la campa\u00f1a &#8216;Por un juego igualitario y no violento&#8217;, que puso en marcha a comienzos de este mes de diciembre la entidad provincial. La iniciativa pretende impulsar la igualdad entre los menores y evitar al tiempo la violencia.<\/p>\n<p>\u00abSomos conscientes de que las administraciones tenemos que impulsar proyectos, pero tenemos que contar con la complicidad de las asociaciones\u00bb, ha asegurado la presidenta Carmela Silva.<\/p>\n<p>\u00c9sta no ser\u00e1 la \u00fanica propuesta en la que colaboren ambas partes, ya que desde la Diputaci\u00f3n se les ha planteado colaborar en proyectos o actividades que consideren factibles, seg\u00fan expuso Silva.<\/p>\n<p>Una invitaci\u00f3n que recog\u00eda con agrado Rogelio Carballo, presidente de la Federaci\u00f3n de Anpas, que afirm\u00f3 que \u00abes el camino que hay que seguir, contar con la participaci\u00f3n de la sociedad en estas actividades\u00bb. De esta forma, desde la Fanpa van a comenzar de inmediato con el reparto de los d\u00edpticos de la campa\u00f1a en los colegios de la provincia.<\/p>\n","protected":false},"excerpt":{"rendered":"<p>La Diputaci\u00f3n de Pontevedra y los nueve ayuntamientos de la provincia adheridos a la Red de Senderos Azules acordaron poner en marcha un proyecto com\u00fan para revitalizar la red y convertir estos itinerarios, que enlazan playas y puertos con bandera azul, en un \u00bb importante elemento de cooperaci\u00f3n y atracci\u00f3n tur\u00edstica\u00bb. Para ello, la instituci\u00f3n<\/p>\n","protected":false},"author":1,"featured_media":58767,"comment_status":"open","ping_status":"closed","sticky":false,"template":"","format":"standard","meta":{"footnotes":""},"categories":[224],"tags":[],"class_list":{"0":"post-58766","1":"post","2":"type-post","3":"status-publish","4":"format-standard","5":"has-post-thumbnail","7":"category-noticias-actualidad"},"aioseo_notices":[],"aioseo_head":"\n\t\t<!-- All in One SEO Pro 4.9.6.1 - aioseo.com -->\n\t<meta name=\"description\" content=\"La Diputaci\u00f3n de Pontevedra y los nueve ayuntamientos de la provincia adheridos a la Red de Senderos Azules acordaron poner en marcha un proyecto com\u00fan para revitalizar la red y convertir estos itinerarios, que enlazan playas y puertos con bandera azul, en un &quot; importante elemento de cooperaci\u00f3n y atracci\u00f3n tur\u00edstica&quot;. Para ello, la instituci\u00f3n\" \/>\n\t<meta name=\"robots\" content=\"max-image-preview:large\" \/>\n\t<meta name=\"author\" content=\"admin\"\/>\n\t<meta name=\"google-site-verification\" content=\"UA-38556648-1\" \/>\n\t<meta name=\"keywords\" content=\"noticias y actualidad\" \/>\n\t<link rel=\"canonical\" href=\"https:\/\/eldigitaldeasturias.com\/magazine365\/la-diputacion-de-pontevedra-revitalizara-la-red-de-senderos-azules\/\" \/>\n\t<meta name=\"generator\" content=\"All in One SEO Pro (AIOSEO) 4.9.6.1\" \/>\n\t\t<meta property=\"og:locale\" content=\"es_ES\" \/>\n\t\t<meta property=\"og:site_name\" content=\"El Digital de Asturias \u2013 Revista de ocio, turismo y estilo de vida\" \/>\n\t\t<meta property=\"og:type\" content=\"article\" \/>\n\t\t<meta property=\"og:title\" content=\"La Diputaci\u00f3n de Pontevedra revitalizar\u00e1 la Red de Senderos Azules | El Digital de Asturias\" \/>\n\t\t<meta property=\"og:description\" content=\"La Diputaci\u00f3n de Pontevedra y los nueve ayuntamientos de la provincia adheridos a la Red de Senderos Azules acordaron poner en marcha un proyecto com\u00fan para revitalizar la red y convertir estos itinerarios, que enlazan playas y puertos con bandera azul, en un &quot; importante elemento de cooperaci\u00f3n y atracci\u00f3n tur\u00edstica&quot;. Para ello, la instituci\u00f3n\" \/>\n\t\t<meta property=\"og:url\" content=\"https:\/\/eldigitaldeasturias.com\/magazine365\/la-diputacion-de-pontevedra-revitalizara-la-red-de-senderos-azules\/\" \/>\n\t\t<meta property=\"og:image\" content=\"https:\/\/eldigitaldeasturias.com\/magazine365\/wp-content\/uploads\/2015\/12\/fotonoticia_20151217102210_800.jpg\" \/>\n\t\t<meta property=\"og:image:secure_url\" content=\"https:\/\/eldigitaldeasturias.com\/magazine365\/wp-content\/uploads\/2015\/12\/fotonoticia_20151217102210_800.jpg\" \/>\n\t\t<meta property=\"og:image:width\" content=\"800\" \/>\n\t\t<meta property=\"og:image:height\" content=\"533\" \/>\n\t\t<meta property=\"article:published_time\" content=\"2015-12-17T12:30:45+00:00\" \/>\n\t\t<meta property=\"article:modified_time\" content=\"2015-12-17T12:30:45+00:00\" \/>\n\t\t<meta name=\"twitter:card\" content=\"summary_large_image\" \/>\n\t\t<meta name=\"twitter:title\" content=\"La Diputaci\u00f3n de Pontevedra revitalizar\u00e1 la Red de Senderos Azules | El Digital de Asturias\" \/>\n\t\t<meta name=\"twitter:description\" content=\"La Diputaci\u00f3n de Pontevedra y los nueve ayuntamientos de la provincia adheridos a la Red de Senderos Azules acordaron poner en marcha un proyecto com\u00fan para revitalizar la red y convertir estos itinerarios, que enlazan playas y puertos con bandera azul, en un &quot; importante elemento de cooperaci\u00f3n y atracci\u00f3n tur\u00edstica&quot;. Para ello, la instituci\u00f3n\" \/>\n\t\t<meta name=\"twitter:image\" content=\"https:\/\/eldigitaldeasturias.com\/magazine365\/wp-content\/uploads\/2015\/12\/fotonoticia_20151217102210_800.jpg\" \/>\n\t\t<script type=\"application\/ld+json\" class=\"aioseo-schema\">\n\t\t\t{\"@context\":\"https:\\\/\\\/schema.org\",\"@graph\":[{\"@type\":\"Article\",\"@id\":\"https:\\\/\\\/eldigitaldeasturias.com\\\/magazine365\\\/la-diputacion-de-pontevedra-revitalizara-la-red-de-senderos-azules\\\/#article\",\"name\":\"La Diputaci\\u00f3n de Pontevedra revitalizar\\u00e1 la Red de Senderos Azules | El Digital de Asturias\",\"headline\":\"La Diputaci\\u00f3n de Pontevedra revitalizar\\u00e1 la Red de Senderos Azules\",\"author\":{\"@id\":\"https:\\\/\\\/eldigitaldeasturias.com\\\/magazine365\\\/author\\\/admin\\\/#author\"},\"publisher\":{\"@id\":\"https:\\\/\\\/eldigitaldeasturias.com\\\/magazine365\\\/#organization\"},\"image\":{\"@type\":\"ImageObject\",\"url\":\"https:\\\/\\\/eldigitaldeasturias.com\\\/magazine365\\\/wp-content\\\/uploads\\\/2015\\\/12\\\/fotonoticia_20151217102210_800.jpg\",\"width\":800,\"height\":533},\"datePublished\":\"2015-12-17T13:30:45+01:00\",\"dateModified\":\"2015-12-17T13:30:45+01:00\",\"inLanguage\":\"es-ES\",\"mainEntityOfPage\":{\"@id\":\"https:\\\/\\\/eldigitaldeasturias.com\\\/magazine365\\\/la-diputacion-de-pontevedra-revitalizara-la-red-de-senderos-azules\\\/#webpage\"},\"isPartOf\":{\"@id\":\"https:\\\/\\\/eldigitaldeasturias.com\\\/magazine365\\\/la-diputacion-de-pontevedra-revitalizara-la-red-de-senderos-azules\\\/#webpage\"},\"articleSection\":\"Noticias y Actualidad\"},{\"@type\":\"BreadcrumbList\",\"@id\":\"https:\\\/\\\/eldigitaldeasturias.com\\\/magazine365\\\/la-diputacion-de-pontevedra-revitalizara-la-red-de-senderos-azules\\\/#breadcrumblist\",\"itemListElement\":[{\"@type\":\"ListItem\",\"@id\":\"https:\\\/\\\/eldigitaldeasturias.com\\\/magazine365#listItem\",\"position\":1,\"name\":\"Home\",\"item\":\"https:\\\/\\\/eldigitaldeasturias.com\\\/magazine365\",\"nextItem\":{\"@type\":\"ListItem\",\"@id\":\"https:\\\/\\\/eldigitaldeasturias.com\\\/magazine365\\\/category\\\/noticias-actualidad\\\/#listItem\",\"name\":\"Noticias y Actualidad\"}},{\"@type\":\"ListItem\",\"@id\":\"https:\\\/\\\/eldigitaldeasturias.com\\\/magazine365\\\/category\\\/noticias-actualidad\\\/#listItem\",\"position\":2,\"name\":\"Noticias y Actualidad\",\"item\":\"https:\\\/\\\/eldigitaldeasturias.com\\\/magazine365\\\/category\\\/noticias-actualidad\\\/\",\"nextItem\":{\"@type\":\"ListItem\",\"@id\":\"https:\\\/\\\/eldigitaldeasturias.com\\\/magazine365\\\/la-diputacion-de-pontevedra-revitalizara-la-red-de-senderos-azules\\\/#listItem\",\"name\":\"La Diputaci\\u00f3n de Pontevedra revitalizar\\u00e1 la Red de Senderos Azules\"},\"previousItem\":{\"@type\":\"ListItem\",\"@id\":\"https:\\\/\\\/eldigitaldeasturias.com\\\/magazine365#listItem\",\"name\":\"Home\"}},{\"@type\":\"ListItem\",\"@id\":\"https:\\\/\\\/eldigitaldeasturias.com\\\/magazine365\\\/la-diputacion-de-pontevedra-revitalizara-la-red-de-senderos-azules\\\/#listItem\",\"position\":3,\"name\":\"La Diputaci\\u00f3n de Pontevedra revitalizar\\u00e1 la Red de Senderos Azules\",\"previousItem\":{\"@type\":\"ListItem\",\"@id\":\"https:\\\/\\\/eldigitaldeasturias.com\\\/magazine365\\\/category\\\/noticias-actualidad\\\/#listItem\",\"name\":\"Noticias y Actualidad\"}}]},{\"@type\":\"Organization\",\"@id\":\"https:\\\/\\\/eldigitaldeasturias.com\\\/magazine365\\\/#organization\",\"name\":\"El digital de Asturias\",\"description\":\"Revista de ocio, turismo y estilo de vida\",\"url\":\"https:\\\/\\\/eldigitaldeasturias.com\\\/magazine365\\\/\",\"logo\":{\"@type\":\"ImageObject\",\"url\":\"https:\\\/\\\/www.eldigitaldeasturias.com\\\/noticias\\\/wp-content\\\/uploads\\\/2020\\\/12\\\/EDA.jpg\",\"@id\":\"https:\\\/\\\/eldigitaldeasturias.com\\\/magazine365\\\/la-diputacion-de-pontevedra-revitalizara-la-red-de-senderos-azules\\\/#organizationLogo\"},\"image\":{\"@id\":\"https:\\\/\\\/eldigitaldeasturias.com\\\/magazine365\\\/la-diputacion-de-pontevedra-revitalizara-la-red-de-senderos-azules\\\/#organizationLogo\"}},{\"@type\":\"Person\",\"@id\":\"https:\\\/\\\/eldigitaldeasturias.com\\\/magazine365\\\/author\\\/admin\\\/#author\",\"url\":\"https:\\\/\\\/eldigitaldeasturias.com\\\/magazine365\\\/author\\\/admin\\\/\",\"name\":\"admin\",\"image\":{\"@type\":\"ImageObject\",\"@id\":\"https:\\\/\\\/eldigitaldeasturias.com\\\/magazine365\\\/la-diputacion-de-pontevedra-revitalizara-la-red-de-senderos-azules\\\/#authorImage\",\"url\":\"https:\\\/\\\/eldigitaldeasturias.com\\\/magazine365\\\/wp-content\\\/litespeed\\\/avatar\\\/e571bcf59a0edd6fa6838245a470f2fe.jpg?ver=1777574230\",\"width\":96,\"height\":96,\"caption\":\"admin\"}},{\"@type\":\"WebPage\",\"@id\":\"https:\\\/\\\/eldigitaldeasturias.com\\\/magazine365\\\/la-diputacion-de-pontevedra-revitalizara-la-red-de-senderos-azules\\\/#webpage\",\"url\":\"https:\\\/\\\/eldigitaldeasturias.com\\\/magazine365\\\/la-diputacion-de-pontevedra-revitalizara-la-red-de-senderos-azules\\\/\",\"name\":\"La Diputaci\\u00f3n de Pontevedra revitalizar\\u00e1 la Red de Senderos Azules | El Digital de Asturias\",\"description\":\"La Diputaci\\u00f3n de Pontevedra y los nueve ayuntamientos de la provincia adheridos a la Red de Senderos Azules acordaron poner en marcha un proyecto com\\u00fan para revitalizar la red y convertir estos itinerarios, que enlazan playas y puertos con bandera azul, en un \\\" importante elemento de cooperaci\\u00f3n y atracci\\u00f3n tur\\u00edstica\\\". Para ello, la instituci\\u00f3n\",\"inLanguage\":\"es-ES\",\"isPartOf\":{\"@id\":\"https:\\\/\\\/eldigitaldeasturias.com\\\/magazine365\\\/#website\"},\"breadcrumb\":{\"@id\":\"https:\\\/\\\/eldigitaldeasturias.com\\\/magazine365\\\/la-diputacion-de-pontevedra-revitalizara-la-red-de-senderos-azules\\\/#breadcrumblist\"},\"author\":{\"@id\":\"https:\\\/\\\/eldigitaldeasturias.com\\\/magazine365\\\/author\\\/admin\\\/#author\"},\"creator\":{\"@id\":\"https:\\\/\\\/eldigitaldeasturias.com\\\/magazine365\\\/author\\\/admin\\\/#author\"},\"image\":{\"@type\":\"ImageObject\",\"url\":\"https:\\\/\\\/eldigitaldeasturias.com\\\/magazine365\\\/wp-content\\\/uploads\\\/2015\\\/12\\\/fotonoticia_20151217102210_800.jpg\",\"@id\":\"https:\\\/\\\/eldigitaldeasturias.com\\\/magazine365\\\/la-diputacion-de-pontevedra-revitalizara-la-red-de-senderos-azules\\\/#mainImage\",\"width\":800,\"height\":533},\"primaryImageOfPage\":{\"@id\":\"https:\\\/\\\/eldigitaldeasturias.com\\\/magazine365\\\/la-diputacion-de-pontevedra-revitalizara-la-red-de-senderos-azules\\\/#mainImage\"},\"datePublished\":\"2015-12-17T13:30:45+01:00\",\"dateModified\":\"2015-12-17T13:30:45+01:00\"},{\"@type\":\"WebSite\",\"@id\":\"https:\\\/\\\/eldigitaldeasturias.com\\\/magazine365\\\/#website\",\"url\":\"https:\\\/\\\/eldigitaldeasturias.com\\\/magazine365\\\/\",\"name\":\"El Digital de Asturias\",\"description\":\"Revista de ocio, turismo y estilo de vida\",\"inLanguage\":\"es-ES\",\"publisher\":{\"@id\":\"https:\\\/\\\/eldigitaldeasturias.com\\\/magazine365\\\/#organization\"}}]}\n\t\t<\/script>\n\t\t<!-- All in One SEO Pro -->\r\n\t\t<title>La Diputaci\u00f3n de Pontevedra revitalizar\u00e1 la Red de Senderos Azules | El Digital de Asturias<\/title>\n\n","aioseo_head_json":{"title":"La Diputaci\u00f3n de Pontevedra revitalizar\u00e1 la Red de Senderos Azules | El Digital de Asturias","description":"La Diputaci\u00f3n de Pontevedra y los nueve ayuntamientos de la provincia adheridos a la Red de Senderos Azules acordaron poner en marcha un proyecto com\u00fan para revitalizar la red y convertir estos itinerarios, que enlazan playas y puertos con bandera azul, en un \" importante elemento de cooperaci\u00f3n y atracci\u00f3n tur\u00edstica\". Para ello, la instituci\u00f3n","canonical_url":"https:\/\/eldigitaldeasturias.com\/magazine365\/la-diputacion-de-pontevedra-revitalizara-la-red-de-senderos-azules\/","robots":"max-image-preview:large","keywords":"noticias y actualidad","webmasterTools":{"google-site-verification":"UA-38556648-1","miscellaneous":""},"schema":{"@context":"https:\/\/schema.org","@graph":[{"@type":"Article","@id":"https:\/\/eldigitaldeasturias.com\/magazine365\/la-diputacion-de-pontevedra-revitalizara-la-red-de-senderos-azules\/#article","name":"La Diputaci\u00f3n de Pontevedra revitalizar\u00e1 la Red de Senderos Azules | El Digital de Asturias","headline":"La Diputaci\u00f3n de Pontevedra revitalizar\u00e1 la Red de Senderos Azules","author":{"@id":"https:\/\/eldigitaldeasturias.com\/magazine365\/author\/admin\/#author"},"publisher":{"@id":"https:\/\/eldigitaldeasturias.com\/magazine365\/#organization"},"image":{"@type":"ImageObject","url":"https:\/\/eldigitaldeasturias.com\/magazine365\/wp-content\/uploads\/2015\/12\/fotonoticia_20151217102210_800.jpg","width":800,"height":533},"datePublished":"2015-12-17T13:30:45+01:00","dateModified":"2015-12-17T13:30:45+01:00","inLanguage":"es-ES","mainEntityOfPage":{"@id":"https:\/\/eldigitaldeasturias.com\/magazine365\/la-diputacion-de-pontevedra-revitalizara-la-red-de-senderos-azules\/#webpage"},"isPartOf":{"@id":"https:\/\/eldigitaldeasturias.com\/magazine365\/la-diputacion-de-pontevedra-revitalizara-la-red-de-senderos-azules\/#webpage"},"articleSection":"Noticias y Actualidad"},{"@type":"BreadcrumbList","@id":"https:\/\/eldigitaldeasturias.com\/magazine365\/la-diputacion-de-pontevedra-revitalizara-la-red-de-senderos-azules\/#breadcrumblist","itemListElement":[{"@type":"ListItem","@id":"https:\/\/eldigitaldeasturias.com\/magazine365#listItem","position":1,"name":"Home","item":"https:\/\/eldigitaldeasturias.com\/magazine365","nextItem":{"@type":"ListItem","@id":"https:\/\/eldigitaldeasturias.com\/magazine365\/category\/noticias-actualidad\/#listItem","name":"Noticias y Actualidad"}},{"@type":"ListItem","@id":"https:\/\/eldigitaldeasturias.com\/magazine365\/category\/noticias-actualidad\/#listItem","position":2,"name":"Noticias y Actualidad","item":"https:\/\/eldigitaldeasturias.com\/magazine365\/category\/noticias-actualidad\/","nextItem":{"@type":"ListItem","@id":"https:\/\/eldigitaldeasturias.com\/magazine365\/la-diputacion-de-pontevedra-revitalizara-la-red-de-senderos-azules\/#listItem","name":"La Diputaci\u00f3n de Pontevedra revitalizar\u00e1 la Red de Senderos Azules"},"previousItem":{"@type":"ListItem","@id":"https:\/\/eldigitaldeasturias.com\/magazine365#listItem","name":"Home"}},{"@type":"ListItem","@id":"https:\/\/eldigitaldeasturias.com\/magazine365\/la-diputacion-de-pontevedra-revitalizara-la-red-de-senderos-azules\/#listItem","position":3,"name":"La Diputaci\u00f3n de Pontevedra revitalizar\u00e1 la Red de Senderos Azules","previousItem":{"@type":"ListItem","@id":"https:\/\/eldigitaldeasturias.com\/magazine365\/category\/noticias-actualidad\/#listItem","name":"Noticias y Actualidad"}}]},{"@type":"Organization","@id":"https:\/\/eldigitaldeasturias.com\/magazine365\/#organization","name":"El digital de Asturias","description":"Revista de ocio, turismo y estilo de vida","url":"https:\/\/eldigitaldeasturias.com\/magazine365\/","logo":{"@type":"ImageObject","url":"https:\/\/www.eldigitaldeasturias.com\/noticias\/wp-content\/uploads\/2020\/12\/EDA.jpg","@id":"https:\/\/eldigitaldeasturias.com\/magazine365\/la-diputacion-de-pontevedra-revitalizara-la-red-de-senderos-azules\/#organizationLogo"},"image":{"@id":"https:\/\/eldigitaldeasturias.com\/magazine365\/la-diputacion-de-pontevedra-revitalizara-la-red-de-senderos-azules\/#organizationLogo"}},{"@type":"Person","@id":"https:\/\/eldigitaldeasturias.com\/magazine365\/author\/admin\/#author","url":"https:\/\/eldigitaldeasturias.com\/magazine365\/author\/admin\/","name":"admin","image":{"@type":"ImageObject","@id":"https:\/\/eldigitaldeasturias.com\/magazine365\/la-diputacion-de-pontevedra-revitalizara-la-red-de-senderos-azules\/#authorImage","url":"https:\/\/eldigitaldeasturias.com\/magazine365\/wp-content\/litespeed\/avatar\/e571bcf59a0edd6fa6838245a470f2fe.jpg?ver=1777574230","width":96,"height":96,"caption":"admin"}},{"@type":"WebPage","@id":"https:\/\/eldigitaldeasturias.com\/magazine365\/la-diputacion-de-pontevedra-revitalizara-la-red-de-senderos-azules\/#webpage","url":"https:\/\/eldigitaldeasturias.com\/magazine365\/la-diputacion-de-pontevedra-revitalizara-la-red-de-senderos-azules\/","name":"La Diputaci\u00f3n de Pontevedra revitalizar\u00e1 la Red de Senderos Azules | El Digital de Asturias","description":"La Diputaci\u00f3n de Pontevedra y los nueve ayuntamientos de la provincia adheridos a la Red de Senderos Azules acordaron poner en marcha un proyecto com\u00fan para revitalizar la red y convertir estos itinerarios, que enlazan playas y puertos con bandera azul, en un \" importante elemento de cooperaci\u00f3n y atracci\u00f3n tur\u00edstica\". Para ello, la instituci\u00f3n","inLanguage":"es-ES","isPartOf":{"@id":"https:\/\/eldigitaldeasturias.com\/magazine365\/#website"},"breadcrumb":{"@id":"https:\/\/eldigitaldeasturias.com\/magazine365\/la-diputacion-de-pontevedra-revitalizara-la-red-de-senderos-azules\/#breadcrumblist"},"author":{"@id":"https:\/\/eldigitaldeasturias.com\/magazine365\/author\/admin\/#author"},"creator":{"@id":"https:\/\/eldigitaldeasturias.com\/magazine365\/author\/admin\/#author"},"image":{"@type":"ImageObject","url":"https:\/\/eldigitaldeasturias.com\/magazine365\/wp-content\/uploads\/2015\/12\/fotonoticia_20151217102210_800.jpg","@id":"https:\/\/eldigitaldeasturias.com\/magazine365\/la-diputacion-de-pontevedra-revitalizara-la-red-de-senderos-azules\/#mainImage","width":800,"height":533},"primaryImageOfPage":{"@id":"https:\/\/eldigitaldeasturias.com\/magazine365\/la-diputacion-de-pontevedra-revitalizara-la-red-de-senderos-azules\/#mainImage"},"datePublished":"2015-12-17T13:30:45+01:00","dateModified":"2015-12-17T13:30:45+01:00"},{"@type":"WebSite","@id":"https:\/\/eldigitaldeasturias.com\/magazine365\/#website","url":"https:\/\/eldigitaldeasturias.com\/magazine365\/","name":"El Digital de Asturias","description":"Revista de ocio, turismo y estilo de vida","inLanguage":"es-ES","publisher":{"@id":"https:\/\/eldigitaldeasturias.com\/magazine365\/#organization"}}]},"og:locale":"es_ES","og:site_name":"El Digital de Asturias \u2013 Revista de ocio, turismo y estilo de vida","og:type":"article","og:title":"La Diputaci\u00f3n de Pontevedra revitalizar\u00e1 la Red de Senderos Azules | El Digital de Asturias","og:description":"La Diputaci\u00f3n de Pontevedra y los nueve ayuntamientos de la provincia adheridos a la Red de Senderos Azules acordaron poner en marcha un proyecto com\u00fan para revitalizar la red y convertir estos itinerarios, que enlazan playas y puertos con bandera azul, en un &quot; importante elemento de cooperaci\u00f3n y atracci\u00f3n tur\u00edstica&quot;. Para ello, la instituci\u00f3n","og:url":"https:\/\/eldigitaldeasturias.com\/magazine365\/la-diputacion-de-pontevedra-revitalizara-la-red-de-senderos-azules\/","og:image":"https:\/\/eldigitaldeasturias.com\/magazine365\/wp-content\/uploads\/2015\/12\/fotonoticia_20151217102210_800.jpg","og:image:secure_url":"https:\/\/eldigitaldeasturias.com\/magazine365\/wp-content\/uploads\/2015\/12\/fotonoticia_20151217102210_800.jpg","og:image:width":800,"og:image:height":533,"article:published_time":"2015-12-17T12:30:45+00:00","article:modified_time":"2015-12-17T12:30:45+00:00","twitter:card":"summary_large_image","twitter:title":"La Diputaci\u00f3n de Pontevedra revitalizar\u00e1 la Red de Senderos Azules | El Digital de Asturias","twitter:description":"La Diputaci\u00f3n de Pontevedra y los nueve ayuntamientos de la provincia adheridos a la Red de Senderos Azules acordaron poner en marcha un proyecto com\u00fan para revitalizar la red y convertir estos itinerarios, que enlazan playas y puertos con bandera azul, en un &quot; importante elemento de cooperaci\u00f3n y atracci\u00f3n tur\u00edstica&quot;. Para ello, la instituci\u00f3n","twitter:image":"https:\/\/eldigitaldeasturias.com\/magazine365\/wp-content\/uploads\/2015\/12\/fotonoticia_20151217102210_800.jpg"},"aioseo_meta_data":{"post_id":"58766","title":null,"description":null,"keywords":null,"keyphrases":null,"primary_term":null,"canonical_url":null,"og_title":null,"og_description":null,"og_object_type":"default","og_image_type":"default","og_image_url":null,"og_image_width":null,"og_image_height":null,"og_image_custom_url":null,"og_image_custom_fields":null,"og_video":null,"og_custom_url":null,"og_article_section":null,"og_article_tags":null,"twitter_use_og":false,"twitter_card":"default","twitter_image_type":"default","twitter_image_url":null,"twitter_image_custom_url":null,"twitter_image_custom_fields":null,"twitter_title":null,"twitter_description":null,"schema":{"blockGraphs":[],"customGraphs":[],"default":{"data":{"Article":[],"Course":[],"Dataset":[],"FAQPage":[],"Movie":[],"Person":[],"Product":[],"ProductReview":[],"Car":[],"Recipe":[],"Service":[],"SoftwareApplication":[],"WebPage":[]},"graphName":"","isEnabled":true},"graphs":[],"defaultGraph":"","defaultPostTypeGraph":""},"schema_type":null,"schema_type_options":null,"pillar_content":false,"robots_default":true,"robots_noindex":false,"robots_noarchive":false,"robots_nosnippet":false,"robots_nofollow":false,"robots_noimageindex":false,"robots_noodp":false,"robots_notranslate":false,"robots_max_snippet":null,"robots_max_videopreview":null,"robots_max_imagepreview":"large","priority":null,"frequency":null,"location":null,"local_seo":null,"seo_analyzer_scan_date":"2025-09-25 03:37:06","breadcrumb_settings":null,"limit_modified_date":false,"open_ai":null,"ai":null,"created":"2021-03-08 22:25:43","updated":"2025-09-25 03:37:06"},"aioseo_breadcrumb":"<div class=\"aioseo-breadcrumbs\"><span class=\"aioseo-breadcrumb\">\n\t<a href=\"https:\/\/eldigitaldeasturias.com\/magazine365\" title=\"Home\">Home<\/a>\n<\/span><span class=\"aioseo-breadcrumb-separator\">\u2013<\/span><span class=\"aioseo-breadcrumb\">\n\t<a href=\"https:\/\/eldigitaldeasturias.com\/magazine365\/category\/noticias-actualidad\/\" title=\"Noticias y Actualidad\">Noticias y Actualidad<\/a>\n<\/span><span class=\"aioseo-breadcrumb-separator\">\u2013<\/span><span class=\"aioseo-breadcrumb\">\n\t<a href=\"https:\/\/eldigitaldeasturias.com\/magazine365\/la-diputacion-de-pontevedra-revitalizara-la-red-de-senderos-azules\/\" title=\"La Diputaci\u00f3n de Pontevedra revitalizar\u00e1 la Red de Senderos Azules\">La Diputaci\u00f3n de Pontevedra revitalizar\u00e1 la Red de Senderos Azules<\/a>\n<\/span><\/div>","aioseo_breadcrumb_json":[{"label":"Home","link":"https:\/\/eldigitaldeasturias.com\/magazine365"},{"label":"Noticias y Actualidad","link":"https:\/\/eldigitaldeasturias.com\/magazine365\/category\/noticias-actualidad\/"},{"label":"La Diputaci\u00f3n de Pontevedra revitalizar\u00e1 la Red de Senderos Azules","link":"https:\/\/eldigitaldeasturias.com\/magazine365\/la-diputacion-de-pontevedra-revitalizara-la-red-de-senderos-azules\/"}],"_links":{"self":[{"href":"https:\/\/eldigitaldeasturias.com\/magazine365\/wp-json\/wp\/v2\/posts\/58766","targetHints":{"allow":["GET"]}}],"collection":[{"href":"https:\/\/eldigitaldeasturias.com\/magazine365\/wp-json\/wp\/v2\/posts"}],"about":[{"href":"https:\/\/eldigitaldeasturias.com\/magazine365\/wp-json\/wp\/v2\/types\/post"}],"author":[{"embeddable":true,"href":"https:\/\/eldigitaldeasturias.com\/magazine365\/wp-json\/wp\/v2\/users\/1"}],"replies":[{"embeddable":true,"href":"https:\/\/eldigitaldeasturias.com\/magazine365\/wp-json\/wp\/v2\/comments?post=58766"}],"version-history":[{"count":0,"href":"https:\/\/eldigitaldeasturias.com\/magazine365\/wp-json\/wp\/v2\/posts\/58766\/revisions"}],"wp:featuredmedia":[{"embeddable":true,"href":"https:\/\/eldigitaldeasturias.com\/magazine365\/wp-json\/wp\/v2\/media\/58767"}],"wp:attachment":[{"href":"https:\/\/eldigitaldeasturias.com\/magazine365\/wp-json\/wp\/v2\/media?parent=58766"}],"wp:term":[{"taxonomy":"category","embeddable":true,"href":"https:\/\/eldigitaldeasturias.com\/magazine365\/wp-json\/wp\/v2\/categories?post=58766"},{"taxonomy":"post_tag","embeddable":true,"href":"https:\/\/eldigitaldeasturias.com\/magazine365\/wp-json\/wp\/v2\/tags?post=58766"}],"curies":[{"name":"wp","href":"https:\/\/api.w.org\/{rel}","templated":true}]}}