{"id":58737,"date":"2015-12-17T01:05:10","date_gmt":"2015-12-17T00:05:10","guid":{"rendered":"http:\/\/eldigitaldeasturias.com\/magazine365\/?p=58737"},"modified":"2015-12-17T01:05:10","modified_gmt":"2015-12-17T00:05:10","slug":"ronda-entre-las-siete-maravillas-rurales-de-espana-en-2015-segun-una-encuesta-de-toprural","status":"publish","type":"post","link":"https:\/\/eldigitaldeasturias.com\/magazine365\/ronda-entre-las-siete-maravillas-rurales-de-espana-en-2015-segun-una-encuesta-de-toprural\/","title":{"rendered":"Ronda, entre las siete Maravillas Rurales de Espa\u00f1a en 2015, seg\u00fan una encuesta de Toprural"},"content":{"rendered":"<p><img fetchpriority=\"high\" decoding=\"async\" class=\"alignleft size-medium wp-image-58738\" src=\"https:\/\/eldigitaldeasturias.com\/magazine365\/wp-content\/uploads\/2015\/12\/fotonoticia_20151216182248_800-360x270.jpg\" alt=\"fotonoticia_20151216182248_800\" width=\"360\" height=\"270\" srcset=\"https:\/\/eldigitaldeasturias.com\/magazine365\/wp-content\/uploads\/2015\/12\/fotonoticia_20151216182248_800-360x270.jpg 360w, https:\/\/eldigitaldeasturias.com\/magazine365\/wp-content\/uploads\/2015\/12\/fotonoticia_20151216182248_800-650x488.jpg 650w, https:\/\/eldigitaldeasturias.com\/magazine365\/wp-content\/uploads\/2015\/12\/fotonoticia_20151216182248_800-768x576.jpg 768w, https:\/\/eldigitaldeasturias.com\/magazine365\/wp-content\/uploads\/2015\/12\/fotonoticia_20151216182248_800-150x113.jpg 150w, https:\/\/eldigitaldeasturias.com\/magazine365\/wp-content\/uploads\/2015\/12\/fotonoticia_20151216182248_800-450x338.jpg 450w, https:\/\/eldigitaldeasturias.com\/magazine365\/wp-content\/uploads\/2015\/12\/fotonoticia_20151216182248_800-80x60.jpg 80w, https:\/\/eldigitaldeasturias.com\/magazine365\/wp-content\/uploads\/2015\/12\/fotonoticia_20151216182248_800-265x198.jpg 265w, https:\/\/eldigitaldeasturias.com\/magazine365\/wp-content\/uploads\/2015\/12\/fotonoticia_20151216182248_800-696x522.jpg 696w, https:\/\/eldigitaldeasturias.com\/magazine365\/wp-content\/uploads\/2015\/12\/fotonoticia_20151216182248_800-560x420.jpg 560w, https:\/\/eldigitaldeasturias.com\/magazine365\/wp-content\/uploads\/2015\/12\/fotonoticia_20151216182248_800-90x67.jpg 90w, https:\/\/eldigitaldeasturias.com\/magazine365\/wp-content\/uploads\/2015\/12\/fotonoticia_20151216182248_800-100x75.jpg 100w, https:\/\/eldigitaldeasturias.com\/magazine365\/wp-content\/uploads\/2015\/12\/fotonoticia_20151216182248_800.jpg 800w\" sizes=\"(max-width: 360px) 100vw, 360px\" \/>La ciudad malague\u00f1a de Ronda ha sido elegida una de las siete maravillas rurales de Espa\u00f1a. Los m\u00e1s de 13.200 votos recogidos en la encuesta para elegir la Maravilla Rural del a\u00f1o, elaborada por Toprural, un buscador de alojamientos rurales l\u00edder en Espa\u00f1a, han dejado al municipio malague\u00f1o en la quinta posici\u00f3n.<\/p>\n<p>Andaluc\u00eda ya hab\u00eda tenido presencia en esta lista en otras ocasiones. El Desierto de Tabernas, de Almer\u00eda, fue sede de una Maravilla Rural 2014. Este a\u00f1o pasa el testigo al municipio malague\u00f1o tras lograr 468 votos, el 3,5 por ciento del total.<\/p>\n<p>Las localidades de Trujillo (C\u00e1ceres), Cudillero (Asturias), Albarrac\u00edn (Teruel), Santillana del Mar (Cantabria), Pedraza (Segovia) y Alcal\u00e1 del J\u00facar (Albacete) completan el inventario.<\/p>\n","protected":false},"excerpt":{"rendered":"<p>La ciudad malague\u00f1a de Ronda ha sido elegida una de las siete maravillas rurales de Espa\u00f1a. Los m\u00e1s de 13.200 votos recogidos en la encuesta para elegir la Maravilla Rural del a\u00f1o, elaborada por Toprural, un buscador de alojamientos rurales l\u00edder en Espa\u00f1a, han dejado al municipio malague\u00f1o en la quinta posici\u00f3n. Andaluc\u00eda ya hab\u00eda<\/p>\n","protected":false},"author":1,"featured_media":58738,"comment_status":"open","ping_status":"closed","sticky":false,"template":"","format":"standard","meta":{"footnotes":""},"categories":[224],"tags":[],"class_list":{"0":"post-58737","1":"post","2":"type-post","3":"status-publish","4":"format-standard","5":"has-post-thumbnail","7":"category-noticias-actualidad"},"aioseo_notices":[],"aioseo_head":"\n\t\t<!-- All in One SEO Pro 4.9.6.1 - aioseo.com -->\n\t<meta name=\"description\" content=\"La ciudad malague\u00f1a de Ronda ha sido elegida una de las siete maravillas rurales de Espa\u00f1a. Los m\u00e1s de 13.200 votos recogidos en la encuesta para elegir la Maravilla Rural del a\u00f1o, elaborada por Toprural, un buscador de alojamientos rurales l\u00edder en Espa\u00f1a, han dejado al municipio malague\u00f1o en la quinta posici\u00f3n. Andaluc\u00eda ya hab\u00eda\" \/>\n\t<meta name=\"robots\" content=\"max-image-preview:large\" \/>\n\t<meta name=\"author\" content=\"admin\"\/>\n\t<meta name=\"google-site-verification\" content=\"UA-38556648-1\" \/>\n\t<meta name=\"keywords\" content=\"noticias y actualidad\" \/>\n\t<link rel=\"canonical\" href=\"https:\/\/eldigitaldeasturias.com\/magazine365\/ronda-entre-las-siete-maravillas-rurales-de-espana-en-2015-segun-una-encuesta-de-toprural\/\" \/>\n\t<meta name=\"generator\" content=\"All in One SEO Pro (AIOSEO) 4.9.6.1\" \/>\n\t\t<meta property=\"og:locale\" content=\"es_ES\" \/>\n\t\t<meta property=\"og:site_name\" content=\"El Digital de Asturias \u2013 Revista de ocio, turismo y estilo de vida\" \/>\n\t\t<meta property=\"og:type\" content=\"article\" \/>\n\t\t<meta property=\"og:title\" content=\"Ronda, entre las siete Maravillas Rurales de Espa\u00f1a en 2015, seg\u00fan una encuesta de Toprural | El Digital de Asturias\" \/>\n\t\t<meta property=\"og:description\" content=\"La ciudad malague\u00f1a de Ronda ha sido elegida una de las siete maravillas rurales de Espa\u00f1a. Los m\u00e1s de 13.200 votos recogidos en la encuesta para elegir la Maravilla Rural del a\u00f1o, elaborada por Toprural, un buscador de alojamientos rurales l\u00edder en Espa\u00f1a, han dejado al municipio malague\u00f1o en la quinta posici\u00f3n. Andaluc\u00eda ya hab\u00eda\" \/>\n\t\t<meta property=\"og:url\" content=\"https:\/\/eldigitaldeasturias.com\/magazine365\/ronda-entre-las-siete-maravillas-rurales-de-espana-en-2015-segun-una-encuesta-de-toprural\/\" \/>\n\t\t<meta property=\"og:image\" content=\"https:\/\/eldigitaldeasturias.com\/magazine365\/wp-content\/uploads\/2015\/12\/fotonoticia_20151216182248_800.jpg\" \/>\n\t\t<meta property=\"og:image:secure_url\" content=\"https:\/\/eldigitaldeasturias.com\/magazine365\/wp-content\/uploads\/2015\/12\/fotonoticia_20151216182248_800.jpg\" \/>\n\t\t<meta property=\"og:image:width\" content=\"800\" \/>\n\t\t<meta property=\"og:image:height\" content=\"600\" \/>\n\t\t<meta property=\"article:published_time\" content=\"2015-12-17T00:05:10+00:00\" \/>\n\t\t<meta property=\"article:modified_time\" content=\"2015-12-17T00:05:10+00:00\" \/>\n\t\t<meta name=\"twitter:card\" content=\"summary_large_image\" \/>\n\t\t<meta name=\"twitter:title\" content=\"Ronda, entre las siete Maravillas Rurales de Espa\u00f1a en 2015, seg\u00fan una encuesta de Toprural | El Digital de Asturias\" \/>\n\t\t<meta name=\"twitter:description\" content=\"La ciudad malague\u00f1a de Ronda ha sido elegida una de las siete maravillas rurales de Espa\u00f1a. Los m\u00e1s de 13.200 votos recogidos en la encuesta para elegir la Maravilla Rural del a\u00f1o, elaborada por Toprural, un buscador de alojamientos rurales l\u00edder en Espa\u00f1a, han dejado al municipio malague\u00f1o en la quinta posici\u00f3n. Andaluc\u00eda ya hab\u00eda\" \/>\n\t\t<meta name=\"twitter:image\" content=\"https:\/\/eldigitaldeasturias.com\/magazine365\/wp-content\/uploads\/2015\/12\/fotonoticia_20151216182248_800.jpg\" \/>\n\t\t<script type=\"application\/ld+json\" class=\"aioseo-schema\">\n\t\t\t{\"@context\":\"https:\\\/\\\/schema.org\",\"@graph\":[{\"@type\":\"Article\",\"@id\":\"https:\\\/\\\/eldigitaldeasturias.com\\\/magazine365\\\/ronda-entre-las-siete-maravillas-rurales-de-espana-en-2015-segun-una-encuesta-de-toprural\\\/#article\",\"name\":\"Ronda, entre las siete Maravillas Rurales de Espa\\u00f1a en 2015, seg\\u00fan una encuesta de Toprural | El Digital de Asturias\",\"headline\":\"Ronda, entre las siete Maravillas Rurales de Espa\\u00f1a en 2015, seg\\u00fan una encuesta de Toprural\",\"author\":{\"@id\":\"https:\\\/\\\/eldigitaldeasturias.com\\\/magazine365\\\/author\\\/admin\\\/#author\"},\"publisher\":{\"@id\":\"https:\\\/\\\/eldigitaldeasturias.com\\\/magazine365\\\/#organization\"},\"image\":{\"@type\":\"ImageObject\",\"url\":\"https:\\\/\\\/eldigitaldeasturias.com\\\/magazine365\\\/wp-content\\\/uploads\\\/2015\\\/12\\\/fotonoticia_20151216182248_800.jpg\",\"width\":800,\"height\":600},\"datePublished\":\"2015-12-17T01:05:10+01:00\",\"dateModified\":\"2015-12-17T01:05:10+01:00\",\"inLanguage\":\"es-ES\",\"mainEntityOfPage\":{\"@id\":\"https:\\\/\\\/eldigitaldeasturias.com\\\/magazine365\\\/ronda-entre-las-siete-maravillas-rurales-de-espana-en-2015-segun-una-encuesta-de-toprural\\\/#webpage\"},\"isPartOf\":{\"@id\":\"https:\\\/\\\/eldigitaldeasturias.com\\\/magazine365\\\/ronda-entre-las-siete-maravillas-rurales-de-espana-en-2015-segun-una-encuesta-de-toprural\\\/#webpage\"},\"articleSection\":\"Noticias y Actualidad\"},{\"@type\":\"BreadcrumbList\",\"@id\":\"https:\\\/\\\/eldigitaldeasturias.com\\\/magazine365\\\/ronda-entre-las-siete-maravillas-rurales-de-espana-en-2015-segun-una-encuesta-de-toprural\\\/#breadcrumblist\",\"itemListElement\":[{\"@type\":\"ListItem\",\"@id\":\"https:\\\/\\\/eldigitaldeasturias.com\\\/magazine365#listItem\",\"position\":1,\"name\":\"Home\",\"item\":\"https:\\\/\\\/eldigitaldeasturias.com\\\/magazine365\",\"nextItem\":{\"@type\":\"ListItem\",\"@id\":\"https:\\\/\\\/eldigitaldeasturias.com\\\/magazine365\\\/category\\\/noticias-actualidad\\\/#listItem\",\"name\":\"Noticias y Actualidad\"}},{\"@type\":\"ListItem\",\"@id\":\"https:\\\/\\\/eldigitaldeasturias.com\\\/magazine365\\\/category\\\/noticias-actualidad\\\/#listItem\",\"position\":2,\"name\":\"Noticias y Actualidad\",\"item\":\"https:\\\/\\\/eldigitaldeasturias.com\\\/magazine365\\\/category\\\/noticias-actualidad\\\/\",\"nextItem\":{\"@type\":\"ListItem\",\"@id\":\"https:\\\/\\\/eldigitaldeasturias.com\\\/magazine365\\\/ronda-entre-las-siete-maravillas-rurales-de-espana-en-2015-segun-una-encuesta-de-toprural\\\/#listItem\",\"name\":\"Ronda, entre las siete Maravillas Rurales de Espa\\u00f1a en 2015, seg\\u00fan una encuesta de Toprural\"},\"previousItem\":{\"@type\":\"ListItem\",\"@id\":\"https:\\\/\\\/eldigitaldeasturias.com\\\/magazine365#listItem\",\"name\":\"Home\"}},{\"@type\":\"ListItem\",\"@id\":\"https:\\\/\\\/eldigitaldeasturias.com\\\/magazine365\\\/ronda-entre-las-siete-maravillas-rurales-de-espana-en-2015-segun-una-encuesta-de-toprural\\\/#listItem\",\"position\":3,\"name\":\"Ronda, entre las siete Maravillas Rurales de Espa\\u00f1a en 2015, seg\\u00fan una encuesta de Toprural\",\"previousItem\":{\"@type\":\"ListItem\",\"@id\":\"https:\\\/\\\/eldigitaldeasturias.com\\\/magazine365\\\/category\\\/noticias-actualidad\\\/#listItem\",\"name\":\"Noticias y Actualidad\"}}]},{\"@type\":\"Organization\",\"@id\":\"https:\\\/\\\/eldigitaldeasturias.com\\\/magazine365\\\/#organization\",\"name\":\"El digital de Asturias\",\"description\":\"Revista de ocio, turismo y estilo de vida\",\"url\":\"https:\\\/\\\/eldigitaldeasturias.com\\\/magazine365\\\/\",\"logo\":{\"@type\":\"ImageObject\",\"url\":\"https:\\\/\\\/www.eldigitaldeasturias.com\\\/noticias\\\/wp-content\\\/uploads\\\/2020\\\/12\\\/EDA.jpg\",\"@id\":\"https:\\\/\\\/eldigitaldeasturias.com\\\/magazine365\\\/ronda-entre-las-siete-maravillas-rurales-de-espana-en-2015-segun-una-encuesta-de-toprural\\\/#organizationLogo\"},\"image\":{\"@id\":\"https:\\\/\\\/eldigitaldeasturias.com\\\/magazine365\\\/ronda-entre-las-siete-maravillas-rurales-de-espana-en-2015-segun-una-encuesta-de-toprural\\\/#organizationLogo\"}},{\"@type\":\"Person\",\"@id\":\"https:\\\/\\\/eldigitaldeasturias.com\\\/magazine365\\\/author\\\/admin\\\/#author\",\"url\":\"https:\\\/\\\/eldigitaldeasturias.com\\\/magazine365\\\/author\\\/admin\\\/\",\"name\":\"admin\",\"image\":{\"@type\":\"ImageObject\",\"@id\":\"https:\\\/\\\/eldigitaldeasturias.com\\\/magazine365\\\/ronda-entre-las-siete-maravillas-rurales-de-espana-en-2015-segun-una-encuesta-de-toprural\\\/#authorImage\",\"url\":\"https:\\\/\\\/eldigitaldeasturias.com\\\/magazine365\\\/wp-content\\\/litespeed\\\/avatar\\\/e571bcf59a0edd6fa6838245a470f2fe.jpg?ver=1777574230\",\"width\":96,\"height\":96,\"caption\":\"admin\"}},{\"@type\":\"WebPage\",\"@id\":\"https:\\\/\\\/eldigitaldeasturias.com\\\/magazine365\\\/ronda-entre-las-siete-maravillas-rurales-de-espana-en-2015-segun-una-encuesta-de-toprural\\\/#webpage\",\"url\":\"https:\\\/\\\/eldigitaldeasturias.com\\\/magazine365\\\/ronda-entre-las-siete-maravillas-rurales-de-espana-en-2015-segun-una-encuesta-de-toprural\\\/\",\"name\":\"Ronda, entre las siete Maravillas Rurales de Espa\\u00f1a en 2015, seg\\u00fan una encuesta de Toprural | El Digital de Asturias\",\"description\":\"La ciudad malague\\u00f1a de Ronda ha sido elegida una de las siete maravillas rurales de Espa\\u00f1a. Los m\\u00e1s de 13.200 votos recogidos en la encuesta para elegir la Maravilla Rural del a\\u00f1o, elaborada por Toprural, un buscador de alojamientos rurales l\\u00edder en Espa\\u00f1a, han dejado al municipio malague\\u00f1o en la quinta posici\\u00f3n. Andaluc\\u00eda ya hab\\u00eda\",\"inLanguage\":\"es-ES\",\"isPartOf\":{\"@id\":\"https:\\\/\\\/eldigitaldeasturias.com\\\/magazine365\\\/#website\"},\"breadcrumb\":{\"@id\":\"https:\\\/\\\/eldigitaldeasturias.com\\\/magazine365\\\/ronda-entre-las-siete-maravillas-rurales-de-espana-en-2015-segun-una-encuesta-de-toprural\\\/#breadcrumblist\"},\"author\":{\"@id\":\"https:\\\/\\\/eldigitaldeasturias.com\\\/magazine365\\\/author\\\/admin\\\/#author\"},\"creator\":{\"@id\":\"https:\\\/\\\/eldigitaldeasturias.com\\\/magazine365\\\/author\\\/admin\\\/#author\"},\"image\":{\"@type\":\"ImageObject\",\"url\":\"https:\\\/\\\/eldigitaldeasturias.com\\\/magazine365\\\/wp-content\\\/uploads\\\/2015\\\/12\\\/fotonoticia_20151216182248_800.jpg\",\"@id\":\"https:\\\/\\\/eldigitaldeasturias.com\\\/magazine365\\\/ronda-entre-las-siete-maravillas-rurales-de-espana-en-2015-segun-una-encuesta-de-toprural\\\/#mainImage\",\"width\":800,\"height\":600},\"primaryImageOfPage\":{\"@id\":\"https:\\\/\\\/eldigitaldeasturias.com\\\/magazine365\\\/ronda-entre-las-siete-maravillas-rurales-de-espana-en-2015-segun-una-encuesta-de-toprural\\\/#mainImage\"},\"datePublished\":\"2015-12-17T01:05:10+01:00\",\"dateModified\":\"2015-12-17T01:05:10+01:00\"},{\"@type\":\"WebSite\",\"@id\":\"https:\\\/\\\/eldigitaldeasturias.com\\\/magazine365\\\/#website\",\"url\":\"https:\\\/\\\/eldigitaldeasturias.com\\\/magazine365\\\/\",\"name\":\"El Digital de Asturias\",\"description\":\"Revista de ocio, turismo y estilo de vida\",\"inLanguage\":\"es-ES\",\"publisher\":{\"@id\":\"https:\\\/\\\/eldigitaldeasturias.com\\\/magazine365\\\/#organization\"}}]}\n\t\t<\/script>\n\t\t<!-- All in One SEO Pro -->\r\n\t\t<title>Ronda, entre las siete Maravillas Rurales de Espa\u00f1a en 2015, seg\u00fan una encuesta de Toprural | El Digital de Asturias<\/title>\n\n","aioseo_head_json":{"title":"Ronda, entre las siete Maravillas Rurales de Espa\u00f1a en 2015, seg\u00fan una encuesta de Toprural | El Digital de Asturias","description":"La ciudad malague\u00f1a de Ronda ha sido elegida una de las siete maravillas rurales de Espa\u00f1a. Los m\u00e1s de 13.200 votos recogidos en la encuesta para elegir la Maravilla Rural del a\u00f1o, elaborada por Toprural, un buscador de alojamientos rurales l\u00edder en Espa\u00f1a, han dejado al municipio malague\u00f1o en la quinta posici\u00f3n. Andaluc\u00eda ya hab\u00eda","canonical_url":"https:\/\/eldigitaldeasturias.com\/magazine365\/ronda-entre-las-siete-maravillas-rurales-de-espana-en-2015-segun-una-encuesta-de-toprural\/","robots":"max-image-preview:large","keywords":"noticias y actualidad","webmasterTools":{"google-site-verification":"UA-38556648-1","miscellaneous":""},"schema":{"@context":"https:\/\/schema.org","@graph":[{"@type":"Article","@id":"https:\/\/eldigitaldeasturias.com\/magazine365\/ronda-entre-las-siete-maravillas-rurales-de-espana-en-2015-segun-una-encuesta-de-toprural\/#article","name":"Ronda, entre las siete Maravillas Rurales de Espa\u00f1a en 2015, seg\u00fan una encuesta de Toprural | El Digital de Asturias","headline":"Ronda, entre las siete Maravillas Rurales de Espa\u00f1a en 2015, seg\u00fan una encuesta de Toprural","author":{"@id":"https:\/\/eldigitaldeasturias.com\/magazine365\/author\/admin\/#author"},"publisher":{"@id":"https:\/\/eldigitaldeasturias.com\/magazine365\/#organization"},"image":{"@type":"ImageObject","url":"https:\/\/eldigitaldeasturias.com\/magazine365\/wp-content\/uploads\/2015\/12\/fotonoticia_20151216182248_800.jpg","width":800,"height":600},"datePublished":"2015-12-17T01:05:10+01:00","dateModified":"2015-12-17T01:05:10+01:00","inLanguage":"es-ES","mainEntityOfPage":{"@id":"https:\/\/eldigitaldeasturias.com\/magazine365\/ronda-entre-las-siete-maravillas-rurales-de-espana-en-2015-segun-una-encuesta-de-toprural\/#webpage"},"isPartOf":{"@id":"https:\/\/eldigitaldeasturias.com\/magazine365\/ronda-entre-las-siete-maravillas-rurales-de-espana-en-2015-segun-una-encuesta-de-toprural\/#webpage"},"articleSection":"Noticias y Actualidad"},{"@type":"BreadcrumbList","@id":"https:\/\/eldigitaldeasturias.com\/magazine365\/ronda-entre-las-siete-maravillas-rurales-de-espana-en-2015-segun-una-encuesta-de-toprural\/#breadcrumblist","itemListElement":[{"@type":"ListItem","@id":"https:\/\/eldigitaldeasturias.com\/magazine365#listItem","position":1,"name":"Home","item":"https:\/\/eldigitaldeasturias.com\/magazine365","nextItem":{"@type":"ListItem","@id":"https:\/\/eldigitaldeasturias.com\/magazine365\/category\/noticias-actualidad\/#listItem","name":"Noticias y Actualidad"}},{"@type":"ListItem","@id":"https:\/\/eldigitaldeasturias.com\/magazine365\/category\/noticias-actualidad\/#listItem","position":2,"name":"Noticias y Actualidad","item":"https:\/\/eldigitaldeasturias.com\/magazine365\/category\/noticias-actualidad\/","nextItem":{"@type":"ListItem","@id":"https:\/\/eldigitaldeasturias.com\/magazine365\/ronda-entre-las-siete-maravillas-rurales-de-espana-en-2015-segun-una-encuesta-de-toprural\/#listItem","name":"Ronda, entre las siete Maravillas Rurales de Espa\u00f1a en 2015, seg\u00fan una encuesta de Toprural"},"previousItem":{"@type":"ListItem","@id":"https:\/\/eldigitaldeasturias.com\/magazine365#listItem","name":"Home"}},{"@type":"ListItem","@id":"https:\/\/eldigitaldeasturias.com\/magazine365\/ronda-entre-las-siete-maravillas-rurales-de-espana-en-2015-segun-una-encuesta-de-toprural\/#listItem","position":3,"name":"Ronda, entre las siete Maravillas Rurales de Espa\u00f1a en 2015, seg\u00fan una encuesta de Toprural","previousItem":{"@type":"ListItem","@id":"https:\/\/eldigitaldeasturias.com\/magazine365\/category\/noticias-actualidad\/#listItem","name":"Noticias y Actualidad"}}]},{"@type":"Organization","@id":"https:\/\/eldigitaldeasturias.com\/magazine365\/#organization","name":"El digital de Asturias","description":"Revista de ocio, turismo y estilo de vida","url":"https:\/\/eldigitaldeasturias.com\/magazine365\/","logo":{"@type":"ImageObject","url":"https:\/\/www.eldigitaldeasturias.com\/noticias\/wp-content\/uploads\/2020\/12\/EDA.jpg","@id":"https:\/\/eldigitaldeasturias.com\/magazine365\/ronda-entre-las-siete-maravillas-rurales-de-espana-en-2015-segun-una-encuesta-de-toprural\/#organizationLogo"},"image":{"@id":"https:\/\/eldigitaldeasturias.com\/magazine365\/ronda-entre-las-siete-maravillas-rurales-de-espana-en-2015-segun-una-encuesta-de-toprural\/#organizationLogo"}},{"@type":"Person","@id":"https:\/\/eldigitaldeasturias.com\/magazine365\/author\/admin\/#author","url":"https:\/\/eldigitaldeasturias.com\/magazine365\/author\/admin\/","name":"admin","image":{"@type":"ImageObject","@id":"https:\/\/eldigitaldeasturias.com\/magazine365\/ronda-entre-las-siete-maravillas-rurales-de-espana-en-2015-segun-una-encuesta-de-toprural\/#authorImage","url":"https:\/\/eldigitaldeasturias.com\/magazine365\/wp-content\/litespeed\/avatar\/e571bcf59a0edd6fa6838245a470f2fe.jpg?ver=1777574230","width":96,"height":96,"caption":"admin"}},{"@type":"WebPage","@id":"https:\/\/eldigitaldeasturias.com\/magazine365\/ronda-entre-las-siete-maravillas-rurales-de-espana-en-2015-segun-una-encuesta-de-toprural\/#webpage","url":"https:\/\/eldigitaldeasturias.com\/magazine365\/ronda-entre-las-siete-maravillas-rurales-de-espana-en-2015-segun-una-encuesta-de-toprural\/","name":"Ronda, entre las siete Maravillas Rurales de Espa\u00f1a en 2015, seg\u00fan una encuesta de Toprural | El Digital de Asturias","description":"La ciudad malague\u00f1a de Ronda ha sido elegida una de las siete maravillas rurales de Espa\u00f1a. Los m\u00e1s de 13.200 votos recogidos en la encuesta para elegir la Maravilla Rural del a\u00f1o, elaborada por Toprural, un buscador de alojamientos rurales l\u00edder en Espa\u00f1a, han dejado al municipio malague\u00f1o en la quinta posici\u00f3n. Andaluc\u00eda ya hab\u00eda","inLanguage":"es-ES","isPartOf":{"@id":"https:\/\/eldigitaldeasturias.com\/magazine365\/#website"},"breadcrumb":{"@id":"https:\/\/eldigitaldeasturias.com\/magazine365\/ronda-entre-las-siete-maravillas-rurales-de-espana-en-2015-segun-una-encuesta-de-toprural\/#breadcrumblist"},"author":{"@id":"https:\/\/eldigitaldeasturias.com\/magazine365\/author\/admin\/#author"},"creator":{"@id":"https:\/\/eldigitaldeasturias.com\/magazine365\/author\/admin\/#author"},"image":{"@type":"ImageObject","url":"https:\/\/eldigitaldeasturias.com\/magazine365\/wp-content\/uploads\/2015\/12\/fotonoticia_20151216182248_800.jpg","@id":"https:\/\/eldigitaldeasturias.com\/magazine365\/ronda-entre-las-siete-maravillas-rurales-de-espana-en-2015-segun-una-encuesta-de-toprural\/#mainImage","width":800,"height":600},"primaryImageOfPage":{"@id":"https:\/\/eldigitaldeasturias.com\/magazine365\/ronda-entre-las-siete-maravillas-rurales-de-espana-en-2015-segun-una-encuesta-de-toprural\/#mainImage"},"datePublished":"2015-12-17T01:05:10+01:00","dateModified":"2015-12-17T01:05:10+01:00"},{"@type":"WebSite","@id":"https:\/\/eldigitaldeasturias.com\/magazine365\/#website","url":"https:\/\/eldigitaldeasturias.com\/magazine365\/","name":"El Digital de Asturias","description":"Revista de ocio, turismo y estilo de vida","inLanguage":"es-ES","publisher":{"@id":"https:\/\/eldigitaldeasturias.com\/magazine365\/#organization"}}]},"og:locale":"es_ES","og:site_name":"El Digital de Asturias \u2013 Revista de ocio, turismo y estilo de vida","og:type":"article","og:title":"Ronda, entre las siete Maravillas Rurales de Espa\u00f1a en 2015, seg\u00fan una encuesta de Toprural | El Digital de Asturias","og:description":"La ciudad malague\u00f1a de Ronda ha sido elegida una de las siete maravillas rurales de Espa\u00f1a. Los m\u00e1s de 13.200 votos recogidos en la encuesta para elegir la Maravilla Rural del a\u00f1o, elaborada por Toprural, un buscador de alojamientos rurales l\u00edder en Espa\u00f1a, han dejado al municipio malague\u00f1o en la quinta posici\u00f3n. Andaluc\u00eda ya hab\u00eda","og:url":"https:\/\/eldigitaldeasturias.com\/magazine365\/ronda-entre-las-siete-maravillas-rurales-de-espana-en-2015-segun-una-encuesta-de-toprural\/","og:image":"https:\/\/eldigitaldeasturias.com\/magazine365\/wp-content\/uploads\/2015\/12\/fotonoticia_20151216182248_800.jpg","og:image:secure_url":"https:\/\/eldigitaldeasturias.com\/magazine365\/wp-content\/uploads\/2015\/12\/fotonoticia_20151216182248_800.jpg","og:image:width":800,"og:image:height":600,"article:published_time":"2015-12-17T00:05:10+00:00","article:modified_time":"2015-12-17T00:05:10+00:00","twitter:card":"summary_large_image","twitter:title":"Ronda, entre las siete Maravillas Rurales de Espa\u00f1a en 2015, seg\u00fan una encuesta de Toprural | El Digital de Asturias","twitter:description":"La ciudad malague\u00f1a de Ronda ha sido elegida una de las siete maravillas rurales de Espa\u00f1a. Los m\u00e1s de 13.200 votos recogidos en la encuesta para elegir la Maravilla Rural del a\u00f1o, elaborada por Toprural, un buscador de alojamientos rurales l\u00edder en Espa\u00f1a, han dejado al municipio malague\u00f1o en la quinta posici\u00f3n. Andaluc\u00eda ya hab\u00eda","twitter:image":"https:\/\/eldigitaldeasturias.com\/magazine365\/wp-content\/uploads\/2015\/12\/fotonoticia_20151216182248_800.jpg"},"aioseo_meta_data":{"post_id":"58737","title":null,"description":null,"keywords":null,"keyphrases":null,"primary_term":null,"canonical_url":null,"og_title":null,"og_description":null,"og_object_type":"default","og_image_type":"default","og_image_url":null,"og_image_width":null,"og_image_height":null,"og_image_custom_url":null,"og_image_custom_fields":null,"og_video":null,"og_custom_url":null,"og_article_section":null,"og_article_tags":null,"twitter_use_og":false,"twitter_card":"default","twitter_image_type":"default","twitter_image_url":null,"twitter_image_custom_url":null,"twitter_image_custom_fields":null,"twitter_title":null,"twitter_description":null,"schema":{"blockGraphs":[],"customGraphs":[],"default":{"data":{"Article":[],"Course":[],"Dataset":[],"FAQPage":[],"Movie":[],"Person":[],"Product":[],"ProductReview":[],"Car":[],"Recipe":[],"Service":[],"SoftwareApplication":[],"WebPage":[]},"graphName":"","isEnabled":true},"graphs":[],"defaultGraph":"","defaultPostTypeGraph":""},"schema_type":null,"schema_type_options":null,"pillar_content":false,"robots_default":true,"robots_noindex":false,"robots_noarchive":false,"robots_nosnippet":false,"robots_nofollow":false,"robots_noimageindex":false,"robots_noodp":false,"robots_notranslate":false,"robots_max_snippet":null,"robots_max_videopreview":null,"robots_max_imagepreview":"large","priority":null,"frequency":null,"location":null,"local_seo":null,"seo_analyzer_scan_date":"2025-09-25 03:33:48","breadcrumb_settings":null,"limit_modified_date":false,"open_ai":null,"ai":null,"created":"2021-03-08 22:25:43","updated":"2025-09-25 03:33:48"},"aioseo_breadcrumb":"<div class=\"aioseo-breadcrumbs\"><span class=\"aioseo-breadcrumb\">\n\t<a href=\"https:\/\/eldigitaldeasturias.com\/magazine365\" title=\"Home\">Home<\/a>\n<\/span><span class=\"aioseo-breadcrumb-separator\">\u2013<\/span><span class=\"aioseo-breadcrumb\">\n\t<a href=\"https:\/\/eldigitaldeasturias.com\/magazine365\/category\/noticias-actualidad\/\" title=\"Noticias y Actualidad\">Noticias y Actualidad<\/a>\n<\/span><span class=\"aioseo-breadcrumb-separator\">\u2013<\/span><span class=\"aioseo-breadcrumb\">\n\t<a href=\"https:\/\/eldigitaldeasturias.com\/magazine365\/ronda-entre-las-siete-maravillas-rurales-de-espana-en-2015-segun-una-encuesta-de-toprural\/\" title=\"Ronda, entre las siete Maravillas Rurales de Espa\u00f1a en 2015, seg\u00fan una encuesta de Toprural\">Ronda, entre las siete Maravillas Rurales de Espa\u00f1a en 2015, seg\u00fan una encuesta de Toprural<\/a>\n<\/span><\/div>","aioseo_breadcrumb_json":[{"label":"Home","link":"https:\/\/eldigitaldeasturias.com\/magazine365"},{"label":"Noticias y Actualidad","link":"https:\/\/eldigitaldeasturias.com\/magazine365\/category\/noticias-actualidad\/"},{"label":"Ronda, entre las siete Maravillas Rurales de Espa\u00f1a en 2015, seg\u00fan una encuesta de Toprural","link":"https:\/\/eldigitaldeasturias.com\/magazine365\/ronda-entre-las-siete-maravillas-rurales-de-espana-en-2015-segun-una-encuesta-de-toprural\/"}],"_links":{"self":[{"href":"https:\/\/eldigitaldeasturias.com\/magazine365\/wp-json\/wp\/v2\/posts\/58737","targetHints":{"allow":["GET"]}}],"collection":[{"href":"https:\/\/eldigitaldeasturias.com\/magazine365\/wp-json\/wp\/v2\/posts"}],"about":[{"href":"https:\/\/eldigitaldeasturias.com\/magazine365\/wp-json\/wp\/v2\/types\/post"}],"author":[{"embeddable":true,"href":"https:\/\/eldigitaldeasturias.com\/magazine365\/wp-json\/wp\/v2\/users\/1"}],"replies":[{"embeddable":true,"href":"https:\/\/eldigitaldeasturias.com\/magazine365\/wp-json\/wp\/v2\/comments?post=58737"}],"version-history":[{"count":0,"href":"https:\/\/eldigitaldeasturias.com\/magazine365\/wp-json\/wp\/v2\/posts\/58737\/revisions"}],"wp:featuredmedia":[{"embeddable":true,"href":"https:\/\/eldigitaldeasturias.com\/magazine365\/wp-json\/wp\/v2\/media\/58738"}],"wp:attachment":[{"href":"https:\/\/eldigitaldeasturias.com\/magazine365\/wp-json\/wp\/v2\/media?parent=58737"}],"wp:term":[{"taxonomy":"category","embeddable":true,"href":"https:\/\/eldigitaldeasturias.com\/magazine365\/wp-json\/wp\/v2\/categories?post=58737"},{"taxonomy":"post_tag","embeddable":true,"href":"https:\/\/eldigitaldeasturias.com\/magazine365\/wp-json\/wp\/v2\/tags?post=58737"}],"curies":[{"name":"wp","href":"https:\/\/api.w.org\/{rel}","templated":true}]}}