{"id":58731,"date":"2015-12-17T01:03:16","date_gmt":"2015-12-17T00:03:16","guid":{"rendered":"http:\/\/eldigitaldeasturias.com\/magazine365\/?p=58731"},"modified":"2015-12-17T01:03:16","modified_gmt":"2015-12-17T00:03:16","slug":"empleados-de-air-nostrum-sorprenden-a-los-pasajeros-de-manises-con-una-version-del-canon-de-pachelbel-por-navidad","status":"publish","type":"post","link":"https:\/\/eldigitaldeasturias.com\/magazine365\/empleados-de-air-nostrum-sorprenden-a-los-pasajeros-de-manises-con-una-version-del-canon-de-pachelbel-por-navidad\/","title":{"rendered":"Empleados de Air Nostrum sorprenden a los pasajeros de Manises con una versi\u00f3n del &#8216;Canon de Pachelbel&#8217; por Navidad"},"content":{"rendered":"<p><img fetchpriority=\"high\" decoding=\"async\" class=\"alignleft size-medium wp-image-58732\" src=\"https:\/\/eldigitaldeasturias.com\/magazine365\/wp-content\/uploads\/2015\/12\/fotonoticia_20151216175341_800-360x243.jpg\" alt=\"fotonoticia_20151216175341_800\" width=\"360\" height=\"243\" srcset=\"https:\/\/eldigitaldeasturias.com\/magazine365\/wp-content\/uploads\/2015\/12\/fotonoticia_20151216175341_800-360x243.jpg 360w, https:\/\/eldigitaldeasturias.com\/magazine365\/wp-content\/uploads\/2015\/12\/fotonoticia_20151216175341_800-650x438.jpg 650w, https:\/\/eldigitaldeasturias.com\/magazine365\/wp-content\/uploads\/2015\/12\/fotonoticia_20151216175341_800-768x517.jpg 768w, https:\/\/eldigitaldeasturias.com\/magazine365\/wp-content\/uploads\/2015\/12\/fotonoticia_20151216175341_800-150x101.jpg 150w, https:\/\/eldigitaldeasturias.com\/magazine365\/wp-content\/uploads\/2015\/12\/fotonoticia_20151216175341_800-450x303.jpg 450w, https:\/\/eldigitaldeasturias.com\/magazine365\/wp-content\/uploads\/2015\/12\/fotonoticia_20151216175341_800-696x469.jpg 696w, https:\/\/eldigitaldeasturias.com\/magazine365\/wp-content\/uploads\/2015\/12\/fotonoticia_20151216175341_800-623x420.jpg 623w, https:\/\/eldigitaldeasturias.com\/magazine365\/wp-content\/uploads\/2015\/12\/fotonoticia_20151216175341_800.jpg 800w\" sizes=\"(max-width: 360px) 100vw, 360px\" \/>Air Nostrum, compa\u00f1\u00eda franquiciada de Iberia para vuelos regionales, ha sorprendido este mi\u00e9rcoles a los pasajeros del aeropuerto valenciano de Manises con la interpretaci\u00f3n de una versi\u00f3n del &#8216;Canon de Pachelbel&#8217; ejecutada por un grupo de empleados de la aerol\u00ednea con motivo de las cercanas fiestas navide\u00f1as, seg\u00fan ha informado la compa\u00f1\u00eda en un comunicado.<\/p>\n<p>En la sala de embarque una joven azafata ha comenzado a tocar la conocida melod\u00eda del compositor alem\u00e1n. Paulatinamente, se han ido agregando m\u00e1s int\u00e9rpretes con diferentes instrumentos mientras avanzaba en progresi\u00f3n la ejecuci\u00f3n de la obra.<\/p>\n<p>El integrante de Presuntos Implicados Juan Luis Gim\u00e9nez ha realizado para esta ocasi\u00f3n espec\u00edficamente una versi\u00f3n del famoso canon barroco que incluye unos arreglos para cada uno de los distintos instrumentos que intervienen, como guitarra el\u00e9ctrica, saxos y bater\u00eda, y que incorpora tambi\u00e9n voces.<\/p>\n<p>Seg\u00fan la aerol\u00ednea, los pasajeros han escuchado \u00aben silencio y con asombro\u00bb la interpretaci\u00f3n, han realizado fotos con sus dispositivos m\u00f3viles y han aplaudido con agradecimiento a m\u00fasicos y coro, dirigidos por el propio Juan Luis Gim\u00e9nez.<\/p>\n<p>La felicitaci\u00f3n navide\u00f1a de la aerol\u00ednea este a\u00f1o ha querido centrarse en la idea de \u00abc\u00f3mo la coordinaci\u00f3n de los talentos de los trabajadores de Air Nostrum permite ofrecer el mejor servicio a sus pasajeros\u00bb, ha explicado la empresa. En su realizaci\u00f3n han intervenido voluntarios de todos los colectivos de la compa\u00f1\u00eda: pilotos, personal de handling y de oficina, tripulantes de cabina de pasajeros y mec\u00e1nicos, todos bajo el eslogan &#8216;Juntos hacemos las cosas bien&#8217;.<\/p>\n","protected":false},"excerpt":{"rendered":"<p>Air Nostrum, compa\u00f1\u00eda franquiciada de Iberia para vuelos regionales, ha sorprendido este mi\u00e9rcoles a los pasajeros del aeropuerto valenciano de Manises con la interpretaci\u00f3n de una versi\u00f3n del &#8216;Canon de Pachelbel&#8217; ejecutada por un grupo de empleados de la aerol\u00ednea con motivo de las cercanas fiestas navide\u00f1as, seg\u00fan ha informado la compa\u00f1\u00eda en un comunicado.<\/p>\n","protected":false},"author":1,"featured_media":58732,"comment_status":"open","ping_status":"closed","sticky":false,"template":"","format":"standard","meta":{"footnotes":""},"categories":[224],"tags":[],"class_list":{"0":"post-58731","1":"post","2":"type-post","3":"status-publish","4":"format-standard","5":"has-post-thumbnail","7":"category-noticias-actualidad"},"aioseo_notices":[],"aioseo_head":"\n\t\t<!-- All in One SEO Pro 4.9.6.1 - aioseo.com -->\n\t<meta name=\"description\" content=\"Air Nostrum, compa\u00f1\u00eda franquiciada de Iberia para vuelos regionales, ha sorprendido este mi\u00e9rcoles a los pasajeros del aeropuerto valenciano de Manises con la interpretaci\u00f3n de una versi\u00f3n del &#039;Canon de Pachelbel&#039; ejecutada por un grupo de empleados de la aerol\u00ednea con motivo de las cercanas fiestas navide\u00f1as, seg\u00fan ha informado la compa\u00f1\u00eda en un comunicado.\" \/>\n\t<meta name=\"robots\" content=\"max-image-preview:large\" \/>\n\t<meta name=\"author\" content=\"admin\"\/>\n\t<meta name=\"google-site-verification\" content=\"UA-38556648-1\" \/>\n\t<meta name=\"keywords\" content=\"noticias y actualidad\" \/>\n\t<link rel=\"canonical\" href=\"https:\/\/eldigitaldeasturias.com\/magazine365\/empleados-de-air-nostrum-sorprenden-a-los-pasajeros-de-manises-con-una-version-del-canon-de-pachelbel-por-navidad\/\" \/>\n\t<meta name=\"generator\" content=\"All in One SEO Pro (AIOSEO) 4.9.6.1\" \/>\n\t\t<meta property=\"og:locale\" content=\"es_ES\" \/>\n\t\t<meta property=\"og:site_name\" content=\"El Digital de Asturias \u2013 Revista de ocio, turismo y estilo de vida\" \/>\n\t\t<meta property=\"og:type\" content=\"article\" \/>\n\t\t<meta property=\"og:title\" content=\"Empleados de Air Nostrum sorprenden a los pasajeros de Manises con una versi\u00f3n del \u2018Canon de Pachelbel\u2019 por Navidad | El Digital de Asturias\" \/>\n\t\t<meta property=\"og:description\" content=\"Air Nostrum, compa\u00f1\u00eda franquiciada de Iberia para vuelos regionales, ha sorprendido este mi\u00e9rcoles a los pasajeros del aeropuerto valenciano de Manises con la interpretaci\u00f3n de una versi\u00f3n del &#039;Canon de Pachelbel&#039; ejecutada por un grupo de empleados de la aerol\u00ednea con motivo de las cercanas fiestas navide\u00f1as, seg\u00fan ha informado la compa\u00f1\u00eda en un comunicado.\" \/>\n\t\t<meta property=\"og:url\" content=\"https:\/\/eldigitaldeasturias.com\/magazine365\/empleados-de-air-nostrum-sorprenden-a-los-pasajeros-de-manises-con-una-version-del-canon-de-pachelbel-por-navidad\/\" \/>\n\t\t<meta property=\"og:image\" content=\"https:\/\/eldigitaldeasturias.com\/magazine365\/wp-content\/uploads\/2015\/12\/fotonoticia_20151216175341_800.jpg\" \/>\n\t\t<meta property=\"og:image:secure_url\" content=\"https:\/\/eldigitaldeasturias.com\/magazine365\/wp-content\/uploads\/2015\/12\/fotonoticia_20151216175341_800.jpg\" \/>\n\t\t<meta property=\"og:image:width\" content=\"800\" \/>\n\t\t<meta property=\"og:image:height\" content=\"539\" \/>\n\t\t<meta property=\"article:published_time\" content=\"2015-12-17T00:03:16+00:00\" \/>\n\t\t<meta property=\"article:modified_time\" content=\"2015-12-17T00:03:16+00:00\" \/>\n\t\t<meta name=\"twitter:card\" content=\"summary_large_image\" \/>\n\t\t<meta name=\"twitter:title\" content=\"Empleados de Air Nostrum sorprenden a los pasajeros de Manises con una versi\u00f3n del \u2018Canon de Pachelbel\u2019 por Navidad | El Digital de Asturias\" \/>\n\t\t<meta name=\"twitter:description\" content=\"Air Nostrum, compa\u00f1\u00eda franquiciada de Iberia para vuelos regionales, ha sorprendido este mi\u00e9rcoles a los pasajeros del aeropuerto valenciano de Manises con la interpretaci\u00f3n de una versi\u00f3n del &#039;Canon de Pachelbel&#039; ejecutada por un grupo de empleados de la aerol\u00ednea con motivo de las cercanas fiestas navide\u00f1as, seg\u00fan ha informado la compa\u00f1\u00eda en un comunicado.\" \/>\n\t\t<meta name=\"twitter:image\" content=\"https:\/\/eldigitaldeasturias.com\/magazine365\/wp-content\/uploads\/2015\/12\/fotonoticia_20151216175341_800.jpg\" \/>\n\t\t<script type=\"application\/ld+json\" class=\"aioseo-schema\">\n\t\t\t{\"@context\":\"https:\\\/\\\/schema.org\",\"@graph\":[{\"@type\":\"Article\",\"@id\":\"https:\\\/\\\/eldigitaldeasturias.com\\\/magazine365\\\/empleados-de-air-nostrum-sorprenden-a-los-pasajeros-de-manises-con-una-version-del-canon-de-pachelbel-por-navidad\\\/#article\",\"name\":\"Empleados de Air Nostrum sorprenden a los pasajeros de Manises con una versi\\u00f3n del \\u2018Canon de Pachelbel\\u2019 por Navidad | El Digital de Asturias\",\"headline\":\"Empleados de Air Nostrum sorprenden a los pasajeros de Manises con una versi\\u00f3n del &#8216;Canon de Pachelbel&#8217; por Navidad\",\"author\":{\"@id\":\"https:\\\/\\\/eldigitaldeasturias.com\\\/magazine365\\\/author\\\/admin\\\/#author\"},\"publisher\":{\"@id\":\"https:\\\/\\\/eldigitaldeasturias.com\\\/magazine365\\\/#organization\"},\"image\":{\"@type\":\"ImageObject\",\"url\":\"https:\\\/\\\/eldigitaldeasturias.com\\\/magazine365\\\/wp-content\\\/uploads\\\/2015\\\/12\\\/fotonoticia_20151216175341_800.jpg\",\"width\":800,\"height\":539},\"datePublished\":\"2015-12-17T01:03:16+01:00\",\"dateModified\":\"2015-12-17T01:03:16+01:00\",\"inLanguage\":\"es-ES\",\"mainEntityOfPage\":{\"@id\":\"https:\\\/\\\/eldigitaldeasturias.com\\\/magazine365\\\/empleados-de-air-nostrum-sorprenden-a-los-pasajeros-de-manises-con-una-version-del-canon-de-pachelbel-por-navidad\\\/#webpage\"},\"isPartOf\":{\"@id\":\"https:\\\/\\\/eldigitaldeasturias.com\\\/magazine365\\\/empleados-de-air-nostrum-sorprenden-a-los-pasajeros-de-manises-con-una-version-del-canon-de-pachelbel-por-navidad\\\/#webpage\"},\"articleSection\":\"Noticias y Actualidad\"},{\"@type\":\"BreadcrumbList\",\"@id\":\"https:\\\/\\\/eldigitaldeasturias.com\\\/magazine365\\\/empleados-de-air-nostrum-sorprenden-a-los-pasajeros-de-manises-con-una-version-del-canon-de-pachelbel-por-navidad\\\/#breadcrumblist\",\"itemListElement\":[{\"@type\":\"ListItem\",\"@id\":\"https:\\\/\\\/eldigitaldeasturias.com\\\/magazine365#listItem\",\"position\":1,\"name\":\"Home\",\"item\":\"https:\\\/\\\/eldigitaldeasturias.com\\\/magazine365\",\"nextItem\":{\"@type\":\"ListItem\",\"@id\":\"https:\\\/\\\/eldigitaldeasturias.com\\\/magazine365\\\/category\\\/noticias-actualidad\\\/#listItem\",\"name\":\"Noticias y Actualidad\"}},{\"@type\":\"ListItem\",\"@id\":\"https:\\\/\\\/eldigitaldeasturias.com\\\/magazine365\\\/category\\\/noticias-actualidad\\\/#listItem\",\"position\":2,\"name\":\"Noticias y Actualidad\",\"item\":\"https:\\\/\\\/eldigitaldeasturias.com\\\/magazine365\\\/category\\\/noticias-actualidad\\\/\",\"nextItem\":{\"@type\":\"ListItem\",\"@id\":\"https:\\\/\\\/eldigitaldeasturias.com\\\/magazine365\\\/empleados-de-air-nostrum-sorprenden-a-los-pasajeros-de-manises-con-una-version-del-canon-de-pachelbel-por-navidad\\\/#listItem\",\"name\":\"Empleados de Air Nostrum sorprenden a los pasajeros de Manises con una versi\\u00f3n del &#8216;Canon de Pachelbel&#8217; por Navidad\"},\"previousItem\":{\"@type\":\"ListItem\",\"@id\":\"https:\\\/\\\/eldigitaldeasturias.com\\\/magazine365#listItem\",\"name\":\"Home\"}},{\"@type\":\"ListItem\",\"@id\":\"https:\\\/\\\/eldigitaldeasturias.com\\\/magazine365\\\/empleados-de-air-nostrum-sorprenden-a-los-pasajeros-de-manises-con-una-version-del-canon-de-pachelbel-por-navidad\\\/#listItem\",\"position\":3,\"name\":\"Empleados de Air Nostrum sorprenden a los pasajeros de Manises con una versi\\u00f3n del &#8216;Canon de Pachelbel&#8217; por Navidad\",\"previousItem\":{\"@type\":\"ListItem\",\"@id\":\"https:\\\/\\\/eldigitaldeasturias.com\\\/magazine365\\\/category\\\/noticias-actualidad\\\/#listItem\",\"name\":\"Noticias y Actualidad\"}}]},{\"@type\":\"Organization\",\"@id\":\"https:\\\/\\\/eldigitaldeasturias.com\\\/magazine365\\\/#organization\",\"name\":\"El digital de Asturias\",\"description\":\"Revista de ocio, turismo y estilo de vida\",\"url\":\"https:\\\/\\\/eldigitaldeasturias.com\\\/magazine365\\\/\",\"logo\":{\"@type\":\"ImageObject\",\"url\":\"https:\\\/\\\/www.eldigitaldeasturias.com\\\/noticias\\\/wp-content\\\/uploads\\\/2020\\\/12\\\/EDA.jpg\",\"@id\":\"https:\\\/\\\/eldigitaldeasturias.com\\\/magazine365\\\/empleados-de-air-nostrum-sorprenden-a-los-pasajeros-de-manises-con-una-version-del-canon-de-pachelbel-por-navidad\\\/#organizationLogo\"},\"image\":{\"@id\":\"https:\\\/\\\/eldigitaldeasturias.com\\\/magazine365\\\/empleados-de-air-nostrum-sorprenden-a-los-pasajeros-de-manises-con-una-version-del-canon-de-pachelbel-por-navidad\\\/#organizationLogo\"}},{\"@type\":\"Person\",\"@id\":\"https:\\\/\\\/eldigitaldeasturias.com\\\/magazine365\\\/author\\\/admin\\\/#author\",\"url\":\"https:\\\/\\\/eldigitaldeasturias.com\\\/magazine365\\\/author\\\/admin\\\/\",\"name\":\"admin\",\"image\":{\"@type\":\"ImageObject\",\"@id\":\"https:\\\/\\\/eldigitaldeasturias.com\\\/magazine365\\\/empleados-de-air-nostrum-sorprenden-a-los-pasajeros-de-manises-con-una-version-del-canon-de-pachelbel-por-navidad\\\/#authorImage\",\"url\":\"https:\\\/\\\/eldigitaldeasturias.com\\\/magazine365\\\/wp-content\\\/litespeed\\\/avatar\\\/e571bcf59a0edd6fa6838245a470f2fe.jpg?ver=1777574230\",\"width\":96,\"height\":96,\"caption\":\"admin\"}},{\"@type\":\"WebPage\",\"@id\":\"https:\\\/\\\/eldigitaldeasturias.com\\\/magazine365\\\/empleados-de-air-nostrum-sorprenden-a-los-pasajeros-de-manises-con-una-version-del-canon-de-pachelbel-por-navidad\\\/#webpage\",\"url\":\"https:\\\/\\\/eldigitaldeasturias.com\\\/magazine365\\\/empleados-de-air-nostrum-sorprenden-a-los-pasajeros-de-manises-con-una-version-del-canon-de-pachelbel-por-navidad\\\/\",\"name\":\"Empleados de Air Nostrum sorprenden a los pasajeros de Manises con una versi\\u00f3n del \\u2018Canon de Pachelbel\\u2019 por Navidad | El Digital de Asturias\",\"description\":\"Air Nostrum, compa\\u00f1\\u00eda franquiciada de Iberia para vuelos regionales, ha sorprendido este mi\\u00e9rcoles a los pasajeros del aeropuerto valenciano de Manises con la interpretaci\\u00f3n de una versi\\u00f3n del 'Canon de Pachelbel' ejecutada por un grupo de empleados de la aerol\\u00ednea con motivo de las cercanas fiestas navide\\u00f1as, seg\\u00fan ha informado la compa\\u00f1\\u00eda en un comunicado.\",\"inLanguage\":\"es-ES\",\"isPartOf\":{\"@id\":\"https:\\\/\\\/eldigitaldeasturias.com\\\/magazine365\\\/#website\"},\"breadcrumb\":{\"@id\":\"https:\\\/\\\/eldigitaldeasturias.com\\\/magazine365\\\/empleados-de-air-nostrum-sorprenden-a-los-pasajeros-de-manises-con-una-version-del-canon-de-pachelbel-por-navidad\\\/#breadcrumblist\"},\"author\":{\"@id\":\"https:\\\/\\\/eldigitaldeasturias.com\\\/magazine365\\\/author\\\/admin\\\/#author\"},\"creator\":{\"@id\":\"https:\\\/\\\/eldigitaldeasturias.com\\\/magazine365\\\/author\\\/admin\\\/#author\"},\"image\":{\"@type\":\"ImageObject\",\"url\":\"https:\\\/\\\/eldigitaldeasturias.com\\\/magazine365\\\/wp-content\\\/uploads\\\/2015\\\/12\\\/fotonoticia_20151216175341_800.jpg\",\"@id\":\"https:\\\/\\\/eldigitaldeasturias.com\\\/magazine365\\\/empleados-de-air-nostrum-sorprenden-a-los-pasajeros-de-manises-con-una-version-del-canon-de-pachelbel-por-navidad\\\/#mainImage\",\"width\":800,\"height\":539},\"primaryImageOfPage\":{\"@id\":\"https:\\\/\\\/eldigitaldeasturias.com\\\/magazine365\\\/empleados-de-air-nostrum-sorprenden-a-los-pasajeros-de-manises-con-una-version-del-canon-de-pachelbel-por-navidad\\\/#mainImage\"},\"datePublished\":\"2015-12-17T01:03:16+01:00\",\"dateModified\":\"2015-12-17T01:03:16+01:00\"},{\"@type\":\"WebSite\",\"@id\":\"https:\\\/\\\/eldigitaldeasturias.com\\\/magazine365\\\/#website\",\"url\":\"https:\\\/\\\/eldigitaldeasturias.com\\\/magazine365\\\/\",\"name\":\"El Digital de Asturias\",\"description\":\"Revista de ocio, turismo y estilo de vida\",\"inLanguage\":\"es-ES\",\"publisher\":{\"@id\":\"https:\\\/\\\/eldigitaldeasturias.com\\\/magazine365\\\/#organization\"}}]}\n\t\t<\/script>\n\t\t<!-- All in One SEO Pro -->\r\n\t\t<title>Empleados de Air Nostrum sorprenden a los pasajeros de Manises con una versi\u00f3n del \u2018Canon de Pachelbel\u2019 por Navidad | El Digital de Asturias<\/title>\n\n","aioseo_head_json":{"title":"Empleados de Air Nostrum sorprenden a los pasajeros de Manises con una versi\u00f3n del \u2018Canon de Pachelbel\u2019 por Navidad | El Digital de Asturias","description":"Air Nostrum, compa\u00f1\u00eda franquiciada de Iberia para vuelos regionales, ha sorprendido este mi\u00e9rcoles a los pasajeros del aeropuerto valenciano de Manises con la interpretaci\u00f3n de una versi\u00f3n del 'Canon de Pachelbel' ejecutada por un grupo de empleados de la aerol\u00ednea con motivo de las cercanas fiestas navide\u00f1as, seg\u00fan ha informado la compa\u00f1\u00eda en un comunicado.","canonical_url":"https:\/\/eldigitaldeasturias.com\/magazine365\/empleados-de-air-nostrum-sorprenden-a-los-pasajeros-de-manises-con-una-version-del-canon-de-pachelbel-por-navidad\/","robots":"max-image-preview:large","keywords":"noticias y actualidad","webmasterTools":{"google-site-verification":"UA-38556648-1","miscellaneous":""},"schema":{"@context":"https:\/\/schema.org","@graph":[{"@type":"Article","@id":"https:\/\/eldigitaldeasturias.com\/magazine365\/empleados-de-air-nostrum-sorprenden-a-los-pasajeros-de-manises-con-una-version-del-canon-de-pachelbel-por-navidad\/#article","name":"Empleados de Air Nostrum sorprenden a los pasajeros de Manises con una versi\u00f3n del \u2018Canon de Pachelbel\u2019 por Navidad | El Digital de Asturias","headline":"Empleados de Air Nostrum sorprenden a los pasajeros de Manises con una versi\u00f3n del &#8216;Canon de Pachelbel&#8217; por Navidad","author":{"@id":"https:\/\/eldigitaldeasturias.com\/magazine365\/author\/admin\/#author"},"publisher":{"@id":"https:\/\/eldigitaldeasturias.com\/magazine365\/#organization"},"image":{"@type":"ImageObject","url":"https:\/\/eldigitaldeasturias.com\/magazine365\/wp-content\/uploads\/2015\/12\/fotonoticia_20151216175341_800.jpg","width":800,"height":539},"datePublished":"2015-12-17T01:03:16+01:00","dateModified":"2015-12-17T01:03:16+01:00","inLanguage":"es-ES","mainEntityOfPage":{"@id":"https:\/\/eldigitaldeasturias.com\/magazine365\/empleados-de-air-nostrum-sorprenden-a-los-pasajeros-de-manises-con-una-version-del-canon-de-pachelbel-por-navidad\/#webpage"},"isPartOf":{"@id":"https:\/\/eldigitaldeasturias.com\/magazine365\/empleados-de-air-nostrum-sorprenden-a-los-pasajeros-de-manises-con-una-version-del-canon-de-pachelbel-por-navidad\/#webpage"},"articleSection":"Noticias y Actualidad"},{"@type":"BreadcrumbList","@id":"https:\/\/eldigitaldeasturias.com\/magazine365\/empleados-de-air-nostrum-sorprenden-a-los-pasajeros-de-manises-con-una-version-del-canon-de-pachelbel-por-navidad\/#breadcrumblist","itemListElement":[{"@type":"ListItem","@id":"https:\/\/eldigitaldeasturias.com\/magazine365#listItem","position":1,"name":"Home","item":"https:\/\/eldigitaldeasturias.com\/magazine365","nextItem":{"@type":"ListItem","@id":"https:\/\/eldigitaldeasturias.com\/magazine365\/category\/noticias-actualidad\/#listItem","name":"Noticias y Actualidad"}},{"@type":"ListItem","@id":"https:\/\/eldigitaldeasturias.com\/magazine365\/category\/noticias-actualidad\/#listItem","position":2,"name":"Noticias y Actualidad","item":"https:\/\/eldigitaldeasturias.com\/magazine365\/category\/noticias-actualidad\/","nextItem":{"@type":"ListItem","@id":"https:\/\/eldigitaldeasturias.com\/magazine365\/empleados-de-air-nostrum-sorprenden-a-los-pasajeros-de-manises-con-una-version-del-canon-de-pachelbel-por-navidad\/#listItem","name":"Empleados de Air Nostrum sorprenden a los pasajeros de Manises con una versi\u00f3n del &#8216;Canon de Pachelbel&#8217; por Navidad"},"previousItem":{"@type":"ListItem","@id":"https:\/\/eldigitaldeasturias.com\/magazine365#listItem","name":"Home"}},{"@type":"ListItem","@id":"https:\/\/eldigitaldeasturias.com\/magazine365\/empleados-de-air-nostrum-sorprenden-a-los-pasajeros-de-manises-con-una-version-del-canon-de-pachelbel-por-navidad\/#listItem","position":3,"name":"Empleados de Air Nostrum sorprenden a los pasajeros de Manises con una versi\u00f3n del &#8216;Canon de Pachelbel&#8217; por Navidad","previousItem":{"@type":"ListItem","@id":"https:\/\/eldigitaldeasturias.com\/magazine365\/category\/noticias-actualidad\/#listItem","name":"Noticias y Actualidad"}}]},{"@type":"Organization","@id":"https:\/\/eldigitaldeasturias.com\/magazine365\/#organization","name":"El digital de Asturias","description":"Revista de ocio, turismo y estilo de vida","url":"https:\/\/eldigitaldeasturias.com\/magazine365\/","logo":{"@type":"ImageObject","url":"https:\/\/www.eldigitaldeasturias.com\/noticias\/wp-content\/uploads\/2020\/12\/EDA.jpg","@id":"https:\/\/eldigitaldeasturias.com\/magazine365\/empleados-de-air-nostrum-sorprenden-a-los-pasajeros-de-manises-con-una-version-del-canon-de-pachelbel-por-navidad\/#organizationLogo"},"image":{"@id":"https:\/\/eldigitaldeasturias.com\/magazine365\/empleados-de-air-nostrum-sorprenden-a-los-pasajeros-de-manises-con-una-version-del-canon-de-pachelbel-por-navidad\/#organizationLogo"}},{"@type":"Person","@id":"https:\/\/eldigitaldeasturias.com\/magazine365\/author\/admin\/#author","url":"https:\/\/eldigitaldeasturias.com\/magazine365\/author\/admin\/","name":"admin","image":{"@type":"ImageObject","@id":"https:\/\/eldigitaldeasturias.com\/magazine365\/empleados-de-air-nostrum-sorprenden-a-los-pasajeros-de-manises-con-una-version-del-canon-de-pachelbel-por-navidad\/#authorImage","url":"https:\/\/eldigitaldeasturias.com\/magazine365\/wp-content\/litespeed\/avatar\/e571bcf59a0edd6fa6838245a470f2fe.jpg?ver=1777574230","width":96,"height":96,"caption":"admin"}},{"@type":"WebPage","@id":"https:\/\/eldigitaldeasturias.com\/magazine365\/empleados-de-air-nostrum-sorprenden-a-los-pasajeros-de-manises-con-una-version-del-canon-de-pachelbel-por-navidad\/#webpage","url":"https:\/\/eldigitaldeasturias.com\/magazine365\/empleados-de-air-nostrum-sorprenden-a-los-pasajeros-de-manises-con-una-version-del-canon-de-pachelbel-por-navidad\/","name":"Empleados de Air Nostrum sorprenden a los pasajeros de Manises con una versi\u00f3n del \u2018Canon de Pachelbel\u2019 por Navidad | El Digital de Asturias","description":"Air Nostrum, compa\u00f1\u00eda franquiciada de Iberia para vuelos regionales, ha sorprendido este mi\u00e9rcoles a los pasajeros del aeropuerto valenciano de Manises con la interpretaci\u00f3n de una versi\u00f3n del 'Canon de Pachelbel' ejecutada por un grupo de empleados de la aerol\u00ednea con motivo de las cercanas fiestas navide\u00f1as, seg\u00fan ha informado la compa\u00f1\u00eda en un comunicado.","inLanguage":"es-ES","isPartOf":{"@id":"https:\/\/eldigitaldeasturias.com\/magazine365\/#website"},"breadcrumb":{"@id":"https:\/\/eldigitaldeasturias.com\/magazine365\/empleados-de-air-nostrum-sorprenden-a-los-pasajeros-de-manises-con-una-version-del-canon-de-pachelbel-por-navidad\/#breadcrumblist"},"author":{"@id":"https:\/\/eldigitaldeasturias.com\/magazine365\/author\/admin\/#author"},"creator":{"@id":"https:\/\/eldigitaldeasturias.com\/magazine365\/author\/admin\/#author"},"image":{"@type":"ImageObject","url":"https:\/\/eldigitaldeasturias.com\/magazine365\/wp-content\/uploads\/2015\/12\/fotonoticia_20151216175341_800.jpg","@id":"https:\/\/eldigitaldeasturias.com\/magazine365\/empleados-de-air-nostrum-sorprenden-a-los-pasajeros-de-manises-con-una-version-del-canon-de-pachelbel-por-navidad\/#mainImage","width":800,"height":539},"primaryImageOfPage":{"@id":"https:\/\/eldigitaldeasturias.com\/magazine365\/empleados-de-air-nostrum-sorprenden-a-los-pasajeros-de-manises-con-una-version-del-canon-de-pachelbel-por-navidad\/#mainImage"},"datePublished":"2015-12-17T01:03:16+01:00","dateModified":"2015-12-17T01:03:16+01:00"},{"@type":"WebSite","@id":"https:\/\/eldigitaldeasturias.com\/magazine365\/#website","url":"https:\/\/eldigitaldeasturias.com\/magazine365\/","name":"El Digital de Asturias","description":"Revista de ocio, turismo y estilo de vida","inLanguage":"es-ES","publisher":{"@id":"https:\/\/eldigitaldeasturias.com\/magazine365\/#organization"}}]},"og:locale":"es_ES","og:site_name":"El Digital de Asturias \u2013 Revista de ocio, turismo y estilo de vida","og:type":"article","og:title":"Empleados de Air Nostrum sorprenden a los pasajeros de Manises con una versi\u00f3n del \u2018Canon de Pachelbel\u2019 por Navidad | El Digital de Asturias","og:description":"Air Nostrum, compa\u00f1\u00eda franquiciada de Iberia para vuelos regionales, ha sorprendido este mi\u00e9rcoles a los pasajeros del aeropuerto valenciano de Manises con la interpretaci\u00f3n de una versi\u00f3n del 'Canon de Pachelbel' ejecutada por un grupo de empleados de la aerol\u00ednea con motivo de las cercanas fiestas navide\u00f1as, seg\u00fan ha informado la compa\u00f1\u00eda en un comunicado.","og:url":"https:\/\/eldigitaldeasturias.com\/magazine365\/empleados-de-air-nostrum-sorprenden-a-los-pasajeros-de-manises-con-una-version-del-canon-de-pachelbel-por-navidad\/","og:image":"https:\/\/eldigitaldeasturias.com\/magazine365\/wp-content\/uploads\/2015\/12\/fotonoticia_20151216175341_800.jpg","og:image:secure_url":"https:\/\/eldigitaldeasturias.com\/magazine365\/wp-content\/uploads\/2015\/12\/fotonoticia_20151216175341_800.jpg","og:image:width":800,"og:image:height":539,"article:published_time":"2015-12-17T00:03:16+00:00","article:modified_time":"2015-12-17T00:03:16+00:00","twitter:card":"summary_large_image","twitter:title":"Empleados de Air Nostrum sorprenden a los pasajeros de Manises con una versi\u00f3n del \u2018Canon de Pachelbel\u2019 por Navidad | El Digital de Asturias","twitter:description":"Air Nostrum, compa\u00f1\u00eda franquiciada de Iberia para vuelos regionales, ha sorprendido este mi\u00e9rcoles a los pasajeros del aeropuerto valenciano de Manises con la interpretaci\u00f3n de una versi\u00f3n del 'Canon de Pachelbel' ejecutada por un grupo de empleados de la aerol\u00ednea con motivo de las cercanas fiestas navide\u00f1as, seg\u00fan ha informado la compa\u00f1\u00eda en un comunicado.","twitter:image":"https:\/\/eldigitaldeasturias.com\/magazine365\/wp-content\/uploads\/2015\/12\/fotonoticia_20151216175341_800.jpg"},"aioseo_meta_data":{"post_id":"58731","title":null,"description":null,"keywords":null,"keyphrases":null,"primary_term":null,"canonical_url":null,"og_title":null,"og_description":null,"og_object_type":"default","og_image_type":"default","og_image_url":null,"og_image_width":null,"og_image_height":null,"og_image_custom_url":null,"og_image_custom_fields":null,"og_video":null,"og_custom_url":null,"og_article_section":null,"og_article_tags":null,"twitter_use_og":false,"twitter_card":"default","twitter_image_type":"default","twitter_image_url":null,"twitter_image_custom_url":null,"twitter_image_custom_fields":null,"twitter_title":null,"twitter_description":null,"schema":{"blockGraphs":[],"customGraphs":[],"default":{"data":{"Article":[],"Course":[],"Dataset":[],"FAQPage":[],"Movie":[],"Person":[],"Product":[],"ProductReview":[],"Car":[],"Recipe":[],"Service":[],"SoftwareApplication":[],"WebPage":[]},"graphName":"","isEnabled":true},"graphs":[],"defaultGraph":"","defaultPostTypeGraph":""},"schema_type":null,"schema_type_options":null,"pillar_content":false,"robots_default":true,"robots_noindex":false,"robots_noarchive":false,"robots_nosnippet":false,"robots_nofollow":false,"robots_noimageindex":false,"robots_noodp":false,"robots_notranslate":false,"robots_max_snippet":null,"robots_max_videopreview":null,"robots_max_imagepreview":"large","priority":null,"frequency":null,"location":null,"local_seo":null,"seo_analyzer_scan_date":"2025-09-25 03:33:45","breadcrumb_settings":null,"limit_modified_date":false,"open_ai":null,"ai":null,"created":"2021-03-08 22:25:43","updated":"2025-09-25 03:33:45"},"aioseo_breadcrumb":"<div class=\"aioseo-breadcrumbs\"><span class=\"aioseo-breadcrumb\">\n\t<a href=\"https:\/\/eldigitaldeasturias.com\/magazine365\" title=\"Home\">Home<\/a>\n<\/span><span class=\"aioseo-breadcrumb-separator\">\u2013<\/span><span class=\"aioseo-breadcrumb\">\n\t<a href=\"https:\/\/eldigitaldeasturias.com\/magazine365\/category\/noticias-actualidad\/\" title=\"Noticias y Actualidad\">Noticias y Actualidad<\/a>\n<\/span><span class=\"aioseo-breadcrumb-separator\">\u2013<\/span><span class=\"aioseo-breadcrumb\">\n\t<a href=\"https:\/\/eldigitaldeasturias.com\/magazine365\/empleados-de-air-nostrum-sorprenden-a-los-pasajeros-de-manises-con-una-version-del-canon-de-pachelbel-por-navidad\/\" title=\"Empleados de Air Nostrum sorprenden a los pasajeros de Manises con una versi\u00f3n del \u2018Canon de Pachelbel\u2019 por Navidad\">Empleados de Air Nostrum sorprenden a los pasajeros de Manises con una versi\u00f3n del \u2018Canon de Pachelbel\u2019 por Navidad<\/a>\n<\/span><\/div>","aioseo_breadcrumb_json":[{"label":"Home","link":"https:\/\/eldigitaldeasturias.com\/magazine365"},{"label":"Noticias y Actualidad","link":"https:\/\/eldigitaldeasturias.com\/magazine365\/category\/noticias-actualidad\/"},{"label":"Empleados de Air Nostrum sorprenden a los pasajeros de Manises con una versi\u00f3n del &#8216;Canon de Pachelbel&#8217; por Navidad","link":"https:\/\/eldigitaldeasturias.com\/magazine365\/empleados-de-air-nostrum-sorprenden-a-los-pasajeros-de-manises-con-una-version-del-canon-de-pachelbel-por-navidad\/"}],"_links":{"self":[{"href":"https:\/\/eldigitaldeasturias.com\/magazine365\/wp-json\/wp\/v2\/posts\/58731","targetHints":{"allow":["GET"]}}],"collection":[{"href":"https:\/\/eldigitaldeasturias.com\/magazine365\/wp-json\/wp\/v2\/posts"}],"about":[{"href":"https:\/\/eldigitaldeasturias.com\/magazine365\/wp-json\/wp\/v2\/types\/post"}],"author":[{"embeddable":true,"href":"https:\/\/eldigitaldeasturias.com\/magazine365\/wp-json\/wp\/v2\/users\/1"}],"replies":[{"embeddable":true,"href":"https:\/\/eldigitaldeasturias.com\/magazine365\/wp-json\/wp\/v2\/comments?post=58731"}],"version-history":[{"count":0,"href":"https:\/\/eldigitaldeasturias.com\/magazine365\/wp-json\/wp\/v2\/posts\/58731\/revisions"}],"wp:featuredmedia":[{"embeddable":true,"href":"https:\/\/eldigitaldeasturias.com\/magazine365\/wp-json\/wp\/v2\/media\/58732"}],"wp:attachment":[{"href":"https:\/\/eldigitaldeasturias.com\/magazine365\/wp-json\/wp\/v2\/media?parent=58731"}],"wp:term":[{"taxonomy":"category","embeddable":true,"href":"https:\/\/eldigitaldeasturias.com\/magazine365\/wp-json\/wp\/v2\/categories?post=58731"},{"taxonomy":"post_tag","embeddable":true,"href":"https:\/\/eldigitaldeasturias.com\/magazine365\/wp-json\/wp\/v2\/tags?post=58731"}],"curies":[{"name":"wp","href":"https:\/\/api.w.org\/{rel}","templated":true}]}}