{"id":58728,"date":"2015-12-16T21:34:37","date_gmt":"2015-12-16T20:34:37","guid":{"rendered":"http:\/\/eldigitaldeasturias.com\/magazine365\/?p=58728"},"modified":"2015-12-16T21:34:37","modified_gmt":"2015-12-16T20:34:37","slug":"el-gobierno-de-canarias-analiza-junto-con-la-consejera-de-turismo-acuerdos-con-turespana-o-la-conectividad-aerea","status":"publish","type":"post","link":"https:\/\/eldigitaldeasturias.com\/magazine365\/el-gobierno-de-canarias-analiza-junto-con-la-consejera-de-turismo-acuerdos-con-turespana-o-la-conectividad-aerea\/","title":{"rendered":"El Gobierno de Canarias analiza junto con la consejera de Turismo acuerdos con Turespa\u00f1a o la conectividad a\u00e9rea"},"content":{"rendered":"<p><img fetchpriority=\"high\" decoding=\"async\" class=\"alignleft size-medium wp-image-58729\" src=\"https:\/\/eldigitaldeasturias.com\/magazine365\/wp-content\/uploads\/2015\/12\/fotonoticia_20151216172003_800-360x203.jpg\" alt=\"fotonoticia_20151216172003_800\" width=\"360\" height=\"203\" srcset=\"https:\/\/eldigitaldeasturias.com\/magazine365\/wp-content\/uploads\/2015\/12\/fotonoticia_20151216172003_800-360x203.jpg 360w, https:\/\/eldigitaldeasturias.com\/magazine365\/wp-content\/uploads\/2015\/12\/fotonoticia_20151216172003_800-650x366.jpg 650w, https:\/\/eldigitaldeasturias.com\/magazine365\/wp-content\/uploads\/2015\/12\/fotonoticia_20151216172003_800-768x432.jpg 768w, https:\/\/eldigitaldeasturias.com\/magazine365\/wp-content\/uploads\/2015\/12\/fotonoticia_20151216172003_800-150x84.jpg 150w, https:\/\/eldigitaldeasturias.com\/magazine365\/wp-content\/uploads\/2015\/12\/fotonoticia_20151216172003_800-450x253.jpg 450w, https:\/\/eldigitaldeasturias.com\/magazine365\/wp-content\/uploads\/2015\/12\/fotonoticia_20151216172003_800-696x392.jpg 696w, https:\/\/eldigitaldeasturias.com\/magazine365\/wp-content\/uploads\/2015\/12\/fotonoticia_20151216172003_800-747x420.jpg 747w, https:\/\/eldigitaldeasturias.com\/magazine365\/wp-content\/uploads\/2015\/12\/fotonoticia_20151216172003_800-499x280.jpg 499w, https:\/\/eldigitaldeasturias.com\/magazine365\/wp-content\/uploads\/2015\/12\/fotonoticia_20151216172003_800.jpg 800w\" sizes=\"(max-width: 360px) 100vw, 360px\" \/>El delegado del Gobierno en Canarias, Enrique Hern\u00e1ndez Bento, ha analizado este mi\u00e9rcoles con la consejera de Turismo del Cabildo de Gran Canaria, In\u00e9s Jim\u00e9nez, diversos temas relacionados con la isla como los acuerdos con Turespa\u00f1a o la conectividad a\u00e9rea en la isla.<\/p>\n<p>Al encuentro, celebrado en la sede de la Delegaci\u00f3n del Gobierno en Canarias, tambi\u00e9n ha asistido el gerente del Patronato de Turismo de Gran Canaria, Pablo Llinares, y ha servido como una primera toma de contacto para analizar los distintos temas relacionados con la realidad tur\u00edstica de Gran Canaria, seg\u00fan inform\u00f3 la Delegaci\u00f3n en nota de prensa.<\/p>\n<p>En concreto, los temas analizados fueron la conectividad a\u00e9rea de la isla, la necesaria coordinaci\u00f3n en materia de promoci\u00f3n tur\u00edstica, los convenios de colaboraci\u00f3n entre el Instituto de Turismo de Espa\u00f1a, Turespa\u00f1a, y el Patronato de Turismo de Gran Canaria, adem\u00e1s de cuestiones referentes a la gesti\u00f3n de los servicios ofrecidos en las playas tur\u00edsticas de la isla.<\/p>\n<p>Por \u00faltimo, Hern\u00e1ndez Bento destac\u00f3 que la reuni\u00f3n se ha producido \u00aben un muy buen clima de colaboraci\u00f3n\u00bb y los participantes han quedado emplazados para analizar puntualmente en pr\u00f3ximas reuniones cada uno de estos asuntos, as\u00ed como otros temas de inter\u00e9s para el \u00e1rea de Turismo del Cabildo de Gran Canaria.<\/p>\n","protected":false},"excerpt":{"rendered":"<p>El delegado del Gobierno en Canarias, Enrique Hern\u00e1ndez Bento, ha analizado este mi\u00e9rcoles con la consejera de Turismo del Cabildo de Gran Canaria, In\u00e9s Jim\u00e9nez, diversos temas relacionados con la isla como los acuerdos con Turespa\u00f1a o la conectividad a\u00e9rea en la isla. Al encuentro, celebrado en la sede de la Delegaci\u00f3n del Gobierno en<\/p>\n","protected":false},"author":1,"featured_media":58729,"comment_status":"open","ping_status":"closed","sticky":false,"template":"","format":"standard","meta":{"footnotes":""},"categories":[224],"tags":[],"class_list":{"0":"post-58728","1":"post","2":"type-post","3":"status-publish","4":"format-standard","5":"has-post-thumbnail","7":"category-noticias-actualidad"},"aioseo_notices":[],"aioseo_head":"\n\t\t<!-- All in One SEO Pro 4.9.6.1 - aioseo.com -->\n\t<meta name=\"description\" content=\"El delegado del Gobierno en Canarias, Enrique Hern\u00e1ndez Bento, ha analizado este mi\u00e9rcoles con la consejera de Turismo del Cabildo de Gran Canaria, In\u00e9s Jim\u00e9nez, diversos temas relacionados con la isla como los acuerdos con Turespa\u00f1a o la conectividad a\u00e9rea en la isla. Al encuentro, celebrado en la sede de la Delegaci\u00f3n del Gobierno en\" \/>\n\t<meta name=\"robots\" content=\"max-image-preview:large\" \/>\n\t<meta name=\"author\" content=\"admin\"\/>\n\t<meta name=\"google-site-verification\" content=\"UA-38556648-1\" \/>\n\t<meta name=\"keywords\" content=\"noticias y actualidad\" \/>\n\t<link rel=\"canonical\" href=\"https:\/\/eldigitaldeasturias.com\/magazine365\/el-gobierno-de-canarias-analiza-junto-con-la-consejera-de-turismo-acuerdos-con-turespana-o-la-conectividad-aerea\/\" \/>\n\t<meta name=\"generator\" content=\"All in One SEO Pro (AIOSEO) 4.9.6.1\" \/>\n\t\t<meta property=\"og:locale\" content=\"es_ES\" \/>\n\t\t<meta property=\"og:site_name\" content=\"El Digital de Asturias \u2013 Revista de ocio, turismo y estilo de vida\" \/>\n\t\t<meta property=\"og:type\" content=\"article\" \/>\n\t\t<meta property=\"og:title\" content=\"El Gobierno de Canarias analiza junto con la consejera de Turismo acuerdos con Turespa\u00f1a o la conectividad a\u00e9rea | El Digital de Asturias\" \/>\n\t\t<meta property=\"og:description\" content=\"El delegado del Gobierno en Canarias, Enrique Hern\u00e1ndez Bento, ha analizado este mi\u00e9rcoles con la consejera de Turismo del Cabildo de Gran Canaria, In\u00e9s Jim\u00e9nez, diversos temas relacionados con la isla como los acuerdos con Turespa\u00f1a o la conectividad a\u00e9rea en la isla. Al encuentro, celebrado en la sede de la Delegaci\u00f3n del Gobierno en\" \/>\n\t\t<meta property=\"og:url\" content=\"https:\/\/eldigitaldeasturias.com\/magazine365\/el-gobierno-de-canarias-analiza-junto-con-la-consejera-de-turismo-acuerdos-con-turespana-o-la-conectividad-aerea\/\" \/>\n\t\t<meta property=\"og:image\" content=\"https:\/\/eldigitaldeasturias.com\/magazine365\/wp-content\/uploads\/2015\/12\/fotonoticia_20151216172003_800.jpg\" \/>\n\t\t<meta property=\"og:image:secure_url\" content=\"https:\/\/eldigitaldeasturias.com\/magazine365\/wp-content\/uploads\/2015\/12\/fotonoticia_20151216172003_800.jpg\" \/>\n\t\t<meta property=\"og:image:width\" content=\"800\" \/>\n\t\t<meta property=\"og:image:height\" content=\"450\" \/>\n\t\t<meta property=\"article:published_time\" content=\"2015-12-16T20:34:37+00:00\" \/>\n\t\t<meta property=\"article:modified_time\" content=\"2015-12-16T20:34:37+00:00\" \/>\n\t\t<meta name=\"twitter:card\" content=\"summary_large_image\" \/>\n\t\t<meta name=\"twitter:title\" content=\"El Gobierno de Canarias analiza junto con la consejera de Turismo acuerdos con Turespa\u00f1a o la conectividad a\u00e9rea | El Digital de Asturias\" \/>\n\t\t<meta name=\"twitter:description\" content=\"El delegado del Gobierno en Canarias, Enrique Hern\u00e1ndez Bento, ha analizado este mi\u00e9rcoles con la consejera de Turismo del Cabildo de Gran Canaria, In\u00e9s Jim\u00e9nez, diversos temas relacionados con la isla como los acuerdos con Turespa\u00f1a o la conectividad a\u00e9rea en la isla. Al encuentro, celebrado en la sede de la Delegaci\u00f3n del Gobierno en\" \/>\n\t\t<meta name=\"twitter:image\" content=\"https:\/\/eldigitaldeasturias.com\/magazine365\/wp-content\/uploads\/2015\/12\/fotonoticia_20151216172003_800.jpg\" \/>\n\t\t<script type=\"application\/ld+json\" class=\"aioseo-schema\">\n\t\t\t{\"@context\":\"https:\\\/\\\/schema.org\",\"@graph\":[{\"@type\":\"Article\",\"@id\":\"https:\\\/\\\/eldigitaldeasturias.com\\\/magazine365\\\/el-gobierno-de-canarias-analiza-junto-con-la-consejera-de-turismo-acuerdos-con-turespana-o-la-conectividad-aerea\\\/#article\",\"name\":\"El Gobierno de Canarias analiza junto con la consejera de Turismo acuerdos con Turespa\\u00f1a o la conectividad a\\u00e9rea | El Digital de Asturias\",\"headline\":\"El Gobierno de Canarias analiza junto con la consejera de Turismo acuerdos con Turespa\\u00f1a o la conectividad a\\u00e9rea\",\"author\":{\"@id\":\"https:\\\/\\\/eldigitaldeasturias.com\\\/magazine365\\\/author\\\/admin\\\/#author\"},\"publisher\":{\"@id\":\"https:\\\/\\\/eldigitaldeasturias.com\\\/magazine365\\\/#organization\"},\"image\":{\"@type\":\"ImageObject\",\"url\":\"https:\\\/\\\/eldigitaldeasturias.com\\\/magazine365\\\/wp-content\\\/uploads\\\/2015\\\/12\\\/fotonoticia_20151216172003_800.jpg\",\"width\":800,\"height\":450},\"datePublished\":\"2015-12-16T21:34:37+01:00\",\"dateModified\":\"2015-12-16T21:34:37+01:00\",\"inLanguage\":\"es-ES\",\"mainEntityOfPage\":{\"@id\":\"https:\\\/\\\/eldigitaldeasturias.com\\\/magazine365\\\/el-gobierno-de-canarias-analiza-junto-con-la-consejera-de-turismo-acuerdos-con-turespana-o-la-conectividad-aerea\\\/#webpage\"},\"isPartOf\":{\"@id\":\"https:\\\/\\\/eldigitaldeasturias.com\\\/magazine365\\\/el-gobierno-de-canarias-analiza-junto-con-la-consejera-de-turismo-acuerdos-con-turespana-o-la-conectividad-aerea\\\/#webpage\"},\"articleSection\":\"Noticias y Actualidad\"},{\"@type\":\"BreadcrumbList\",\"@id\":\"https:\\\/\\\/eldigitaldeasturias.com\\\/magazine365\\\/el-gobierno-de-canarias-analiza-junto-con-la-consejera-de-turismo-acuerdos-con-turespana-o-la-conectividad-aerea\\\/#breadcrumblist\",\"itemListElement\":[{\"@type\":\"ListItem\",\"@id\":\"https:\\\/\\\/eldigitaldeasturias.com\\\/magazine365#listItem\",\"position\":1,\"name\":\"Home\",\"item\":\"https:\\\/\\\/eldigitaldeasturias.com\\\/magazine365\",\"nextItem\":{\"@type\":\"ListItem\",\"@id\":\"https:\\\/\\\/eldigitaldeasturias.com\\\/magazine365\\\/category\\\/noticias-actualidad\\\/#listItem\",\"name\":\"Noticias y Actualidad\"}},{\"@type\":\"ListItem\",\"@id\":\"https:\\\/\\\/eldigitaldeasturias.com\\\/magazine365\\\/category\\\/noticias-actualidad\\\/#listItem\",\"position\":2,\"name\":\"Noticias y Actualidad\",\"item\":\"https:\\\/\\\/eldigitaldeasturias.com\\\/magazine365\\\/category\\\/noticias-actualidad\\\/\",\"nextItem\":{\"@type\":\"ListItem\",\"@id\":\"https:\\\/\\\/eldigitaldeasturias.com\\\/magazine365\\\/el-gobierno-de-canarias-analiza-junto-con-la-consejera-de-turismo-acuerdos-con-turespana-o-la-conectividad-aerea\\\/#listItem\",\"name\":\"El Gobierno de Canarias analiza junto con la consejera de Turismo acuerdos con Turespa\\u00f1a o la conectividad a\\u00e9rea\"},\"previousItem\":{\"@type\":\"ListItem\",\"@id\":\"https:\\\/\\\/eldigitaldeasturias.com\\\/magazine365#listItem\",\"name\":\"Home\"}},{\"@type\":\"ListItem\",\"@id\":\"https:\\\/\\\/eldigitaldeasturias.com\\\/magazine365\\\/el-gobierno-de-canarias-analiza-junto-con-la-consejera-de-turismo-acuerdos-con-turespana-o-la-conectividad-aerea\\\/#listItem\",\"position\":3,\"name\":\"El Gobierno de Canarias analiza junto con la consejera de Turismo acuerdos con Turespa\\u00f1a o la conectividad a\\u00e9rea\",\"previousItem\":{\"@type\":\"ListItem\",\"@id\":\"https:\\\/\\\/eldigitaldeasturias.com\\\/magazine365\\\/category\\\/noticias-actualidad\\\/#listItem\",\"name\":\"Noticias y Actualidad\"}}]},{\"@type\":\"Organization\",\"@id\":\"https:\\\/\\\/eldigitaldeasturias.com\\\/magazine365\\\/#organization\",\"name\":\"El digital de Asturias\",\"description\":\"Revista de ocio, turismo y estilo de vida\",\"url\":\"https:\\\/\\\/eldigitaldeasturias.com\\\/magazine365\\\/\",\"logo\":{\"@type\":\"ImageObject\",\"url\":\"https:\\\/\\\/www.eldigitaldeasturias.com\\\/noticias\\\/wp-content\\\/uploads\\\/2020\\\/12\\\/EDA.jpg\",\"@id\":\"https:\\\/\\\/eldigitaldeasturias.com\\\/magazine365\\\/el-gobierno-de-canarias-analiza-junto-con-la-consejera-de-turismo-acuerdos-con-turespana-o-la-conectividad-aerea\\\/#organizationLogo\"},\"image\":{\"@id\":\"https:\\\/\\\/eldigitaldeasturias.com\\\/magazine365\\\/el-gobierno-de-canarias-analiza-junto-con-la-consejera-de-turismo-acuerdos-con-turespana-o-la-conectividad-aerea\\\/#organizationLogo\"}},{\"@type\":\"Person\",\"@id\":\"https:\\\/\\\/eldigitaldeasturias.com\\\/magazine365\\\/author\\\/admin\\\/#author\",\"url\":\"https:\\\/\\\/eldigitaldeasturias.com\\\/magazine365\\\/author\\\/admin\\\/\",\"name\":\"admin\",\"image\":{\"@type\":\"ImageObject\",\"@id\":\"https:\\\/\\\/eldigitaldeasturias.com\\\/magazine365\\\/el-gobierno-de-canarias-analiza-junto-con-la-consejera-de-turismo-acuerdos-con-turespana-o-la-conectividad-aerea\\\/#authorImage\",\"url\":\"https:\\\/\\\/eldigitaldeasturias.com\\\/magazine365\\\/wp-content\\\/litespeed\\\/avatar\\\/e571bcf59a0edd6fa6838245a470f2fe.jpg?ver=1777574230\",\"width\":96,\"height\":96,\"caption\":\"admin\"}},{\"@type\":\"WebPage\",\"@id\":\"https:\\\/\\\/eldigitaldeasturias.com\\\/magazine365\\\/el-gobierno-de-canarias-analiza-junto-con-la-consejera-de-turismo-acuerdos-con-turespana-o-la-conectividad-aerea\\\/#webpage\",\"url\":\"https:\\\/\\\/eldigitaldeasturias.com\\\/magazine365\\\/el-gobierno-de-canarias-analiza-junto-con-la-consejera-de-turismo-acuerdos-con-turespana-o-la-conectividad-aerea\\\/\",\"name\":\"El Gobierno de Canarias analiza junto con la consejera de Turismo acuerdos con Turespa\\u00f1a o la conectividad a\\u00e9rea | El Digital de Asturias\",\"description\":\"El delegado del Gobierno en Canarias, Enrique Hern\\u00e1ndez Bento, ha analizado este mi\\u00e9rcoles con la consejera de Turismo del Cabildo de Gran Canaria, In\\u00e9s Jim\\u00e9nez, diversos temas relacionados con la isla como los acuerdos con Turespa\\u00f1a o la conectividad a\\u00e9rea en la isla. Al encuentro, celebrado en la sede de la Delegaci\\u00f3n del Gobierno en\",\"inLanguage\":\"es-ES\",\"isPartOf\":{\"@id\":\"https:\\\/\\\/eldigitaldeasturias.com\\\/magazine365\\\/#website\"},\"breadcrumb\":{\"@id\":\"https:\\\/\\\/eldigitaldeasturias.com\\\/magazine365\\\/el-gobierno-de-canarias-analiza-junto-con-la-consejera-de-turismo-acuerdos-con-turespana-o-la-conectividad-aerea\\\/#breadcrumblist\"},\"author\":{\"@id\":\"https:\\\/\\\/eldigitaldeasturias.com\\\/magazine365\\\/author\\\/admin\\\/#author\"},\"creator\":{\"@id\":\"https:\\\/\\\/eldigitaldeasturias.com\\\/magazine365\\\/author\\\/admin\\\/#author\"},\"image\":{\"@type\":\"ImageObject\",\"url\":\"https:\\\/\\\/eldigitaldeasturias.com\\\/magazine365\\\/wp-content\\\/uploads\\\/2015\\\/12\\\/fotonoticia_20151216172003_800.jpg\",\"@id\":\"https:\\\/\\\/eldigitaldeasturias.com\\\/magazine365\\\/el-gobierno-de-canarias-analiza-junto-con-la-consejera-de-turismo-acuerdos-con-turespana-o-la-conectividad-aerea\\\/#mainImage\",\"width\":800,\"height\":450},\"primaryImageOfPage\":{\"@id\":\"https:\\\/\\\/eldigitaldeasturias.com\\\/magazine365\\\/el-gobierno-de-canarias-analiza-junto-con-la-consejera-de-turismo-acuerdos-con-turespana-o-la-conectividad-aerea\\\/#mainImage\"},\"datePublished\":\"2015-12-16T21:34:37+01:00\",\"dateModified\":\"2015-12-16T21:34:37+01:00\"},{\"@type\":\"WebSite\",\"@id\":\"https:\\\/\\\/eldigitaldeasturias.com\\\/magazine365\\\/#website\",\"url\":\"https:\\\/\\\/eldigitaldeasturias.com\\\/magazine365\\\/\",\"name\":\"El Digital de Asturias\",\"description\":\"Revista de ocio, turismo y estilo de vida\",\"inLanguage\":\"es-ES\",\"publisher\":{\"@id\":\"https:\\\/\\\/eldigitaldeasturias.com\\\/magazine365\\\/#organization\"}}]}\n\t\t<\/script>\n\t\t<!-- All in One SEO Pro -->\r\n\t\t<title>El Gobierno de Canarias analiza junto con la consejera de Turismo acuerdos con Turespa\u00f1a o la conectividad a\u00e9rea | El Digital de Asturias<\/title>\n\n","aioseo_head_json":{"title":"El Gobierno de Canarias analiza junto con la consejera de Turismo acuerdos con Turespa\u00f1a o la conectividad a\u00e9rea | El Digital de Asturias","description":"El delegado del Gobierno en Canarias, Enrique Hern\u00e1ndez Bento, ha analizado este mi\u00e9rcoles con la consejera de Turismo del Cabildo de Gran Canaria, In\u00e9s Jim\u00e9nez, diversos temas relacionados con la isla como los acuerdos con Turespa\u00f1a o la conectividad a\u00e9rea en la isla. Al encuentro, celebrado en la sede de la Delegaci\u00f3n del Gobierno en","canonical_url":"https:\/\/eldigitaldeasturias.com\/magazine365\/el-gobierno-de-canarias-analiza-junto-con-la-consejera-de-turismo-acuerdos-con-turespana-o-la-conectividad-aerea\/","robots":"max-image-preview:large","keywords":"noticias y actualidad","webmasterTools":{"google-site-verification":"UA-38556648-1","miscellaneous":""},"schema":{"@context":"https:\/\/schema.org","@graph":[{"@type":"Article","@id":"https:\/\/eldigitaldeasturias.com\/magazine365\/el-gobierno-de-canarias-analiza-junto-con-la-consejera-de-turismo-acuerdos-con-turespana-o-la-conectividad-aerea\/#article","name":"El Gobierno de Canarias analiza junto con la consejera de Turismo acuerdos con Turespa\u00f1a o la conectividad a\u00e9rea | El Digital de Asturias","headline":"El Gobierno de Canarias analiza junto con la consejera de Turismo acuerdos con Turespa\u00f1a o la conectividad a\u00e9rea","author":{"@id":"https:\/\/eldigitaldeasturias.com\/magazine365\/author\/admin\/#author"},"publisher":{"@id":"https:\/\/eldigitaldeasturias.com\/magazine365\/#organization"},"image":{"@type":"ImageObject","url":"https:\/\/eldigitaldeasturias.com\/magazine365\/wp-content\/uploads\/2015\/12\/fotonoticia_20151216172003_800.jpg","width":800,"height":450},"datePublished":"2015-12-16T21:34:37+01:00","dateModified":"2015-12-16T21:34:37+01:00","inLanguage":"es-ES","mainEntityOfPage":{"@id":"https:\/\/eldigitaldeasturias.com\/magazine365\/el-gobierno-de-canarias-analiza-junto-con-la-consejera-de-turismo-acuerdos-con-turespana-o-la-conectividad-aerea\/#webpage"},"isPartOf":{"@id":"https:\/\/eldigitaldeasturias.com\/magazine365\/el-gobierno-de-canarias-analiza-junto-con-la-consejera-de-turismo-acuerdos-con-turespana-o-la-conectividad-aerea\/#webpage"},"articleSection":"Noticias y Actualidad"},{"@type":"BreadcrumbList","@id":"https:\/\/eldigitaldeasturias.com\/magazine365\/el-gobierno-de-canarias-analiza-junto-con-la-consejera-de-turismo-acuerdos-con-turespana-o-la-conectividad-aerea\/#breadcrumblist","itemListElement":[{"@type":"ListItem","@id":"https:\/\/eldigitaldeasturias.com\/magazine365#listItem","position":1,"name":"Home","item":"https:\/\/eldigitaldeasturias.com\/magazine365","nextItem":{"@type":"ListItem","@id":"https:\/\/eldigitaldeasturias.com\/magazine365\/category\/noticias-actualidad\/#listItem","name":"Noticias y Actualidad"}},{"@type":"ListItem","@id":"https:\/\/eldigitaldeasturias.com\/magazine365\/category\/noticias-actualidad\/#listItem","position":2,"name":"Noticias y Actualidad","item":"https:\/\/eldigitaldeasturias.com\/magazine365\/category\/noticias-actualidad\/","nextItem":{"@type":"ListItem","@id":"https:\/\/eldigitaldeasturias.com\/magazine365\/el-gobierno-de-canarias-analiza-junto-con-la-consejera-de-turismo-acuerdos-con-turespana-o-la-conectividad-aerea\/#listItem","name":"El Gobierno de Canarias analiza junto con la consejera de Turismo acuerdos con Turespa\u00f1a o la conectividad a\u00e9rea"},"previousItem":{"@type":"ListItem","@id":"https:\/\/eldigitaldeasturias.com\/magazine365#listItem","name":"Home"}},{"@type":"ListItem","@id":"https:\/\/eldigitaldeasturias.com\/magazine365\/el-gobierno-de-canarias-analiza-junto-con-la-consejera-de-turismo-acuerdos-con-turespana-o-la-conectividad-aerea\/#listItem","position":3,"name":"El Gobierno de Canarias analiza junto con la consejera de Turismo acuerdos con Turespa\u00f1a o la conectividad a\u00e9rea","previousItem":{"@type":"ListItem","@id":"https:\/\/eldigitaldeasturias.com\/magazine365\/category\/noticias-actualidad\/#listItem","name":"Noticias y Actualidad"}}]},{"@type":"Organization","@id":"https:\/\/eldigitaldeasturias.com\/magazine365\/#organization","name":"El digital de Asturias","description":"Revista de ocio, turismo y estilo de vida","url":"https:\/\/eldigitaldeasturias.com\/magazine365\/","logo":{"@type":"ImageObject","url":"https:\/\/www.eldigitaldeasturias.com\/noticias\/wp-content\/uploads\/2020\/12\/EDA.jpg","@id":"https:\/\/eldigitaldeasturias.com\/magazine365\/el-gobierno-de-canarias-analiza-junto-con-la-consejera-de-turismo-acuerdos-con-turespana-o-la-conectividad-aerea\/#organizationLogo"},"image":{"@id":"https:\/\/eldigitaldeasturias.com\/magazine365\/el-gobierno-de-canarias-analiza-junto-con-la-consejera-de-turismo-acuerdos-con-turespana-o-la-conectividad-aerea\/#organizationLogo"}},{"@type":"Person","@id":"https:\/\/eldigitaldeasturias.com\/magazine365\/author\/admin\/#author","url":"https:\/\/eldigitaldeasturias.com\/magazine365\/author\/admin\/","name":"admin","image":{"@type":"ImageObject","@id":"https:\/\/eldigitaldeasturias.com\/magazine365\/el-gobierno-de-canarias-analiza-junto-con-la-consejera-de-turismo-acuerdos-con-turespana-o-la-conectividad-aerea\/#authorImage","url":"https:\/\/eldigitaldeasturias.com\/magazine365\/wp-content\/litespeed\/avatar\/e571bcf59a0edd6fa6838245a470f2fe.jpg?ver=1777574230","width":96,"height":96,"caption":"admin"}},{"@type":"WebPage","@id":"https:\/\/eldigitaldeasturias.com\/magazine365\/el-gobierno-de-canarias-analiza-junto-con-la-consejera-de-turismo-acuerdos-con-turespana-o-la-conectividad-aerea\/#webpage","url":"https:\/\/eldigitaldeasturias.com\/magazine365\/el-gobierno-de-canarias-analiza-junto-con-la-consejera-de-turismo-acuerdos-con-turespana-o-la-conectividad-aerea\/","name":"El Gobierno de Canarias analiza junto con la consejera de Turismo acuerdos con Turespa\u00f1a o la conectividad a\u00e9rea | El Digital de Asturias","description":"El delegado del Gobierno en Canarias, Enrique Hern\u00e1ndez Bento, ha analizado este mi\u00e9rcoles con la consejera de Turismo del Cabildo de Gran Canaria, In\u00e9s Jim\u00e9nez, diversos temas relacionados con la isla como los acuerdos con Turespa\u00f1a o la conectividad a\u00e9rea en la isla. Al encuentro, celebrado en la sede de la Delegaci\u00f3n del Gobierno en","inLanguage":"es-ES","isPartOf":{"@id":"https:\/\/eldigitaldeasturias.com\/magazine365\/#website"},"breadcrumb":{"@id":"https:\/\/eldigitaldeasturias.com\/magazine365\/el-gobierno-de-canarias-analiza-junto-con-la-consejera-de-turismo-acuerdos-con-turespana-o-la-conectividad-aerea\/#breadcrumblist"},"author":{"@id":"https:\/\/eldigitaldeasturias.com\/magazine365\/author\/admin\/#author"},"creator":{"@id":"https:\/\/eldigitaldeasturias.com\/magazine365\/author\/admin\/#author"},"image":{"@type":"ImageObject","url":"https:\/\/eldigitaldeasturias.com\/magazine365\/wp-content\/uploads\/2015\/12\/fotonoticia_20151216172003_800.jpg","@id":"https:\/\/eldigitaldeasturias.com\/magazine365\/el-gobierno-de-canarias-analiza-junto-con-la-consejera-de-turismo-acuerdos-con-turespana-o-la-conectividad-aerea\/#mainImage","width":800,"height":450},"primaryImageOfPage":{"@id":"https:\/\/eldigitaldeasturias.com\/magazine365\/el-gobierno-de-canarias-analiza-junto-con-la-consejera-de-turismo-acuerdos-con-turespana-o-la-conectividad-aerea\/#mainImage"},"datePublished":"2015-12-16T21:34:37+01:00","dateModified":"2015-12-16T21:34:37+01:00"},{"@type":"WebSite","@id":"https:\/\/eldigitaldeasturias.com\/magazine365\/#website","url":"https:\/\/eldigitaldeasturias.com\/magazine365\/","name":"El Digital de Asturias","description":"Revista de ocio, turismo y estilo de vida","inLanguage":"es-ES","publisher":{"@id":"https:\/\/eldigitaldeasturias.com\/magazine365\/#organization"}}]},"og:locale":"es_ES","og:site_name":"El Digital de Asturias \u2013 Revista de ocio, turismo y estilo de vida","og:type":"article","og:title":"El Gobierno de Canarias analiza junto con la consejera de Turismo acuerdos con Turespa\u00f1a o la conectividad a\u00e9rea | El Digital de Asturias","og:description":"El delegado del Gobierno en Canarias, Enrique Hern\u00e1ndez Bento, ha analizado este mi\u00e9rcoles con la consejera de Turismo del Cabildo de Gran Canaria, In\u00e9s Jim\u00e9nez, diversos temas relacionados con la isla como los acuerdos con Turespa\u00f1a o la conectividad a\u00e9rea en la isla. Al encuentro, celebrado en la sede de la Delegaci\u00f3n del Gobierno en","og:url":"https:\/\/eldigitaldeasturias.com\/magazine365\/el-gobierno-de-canarias-analiza-junto-con-la-consejera-de-turismo-acuerdos-con-turespana-o-la-conectividad-aerea\/","og:image":"https:\/\/eldigitaldeasturias.com\/magazine365\/wp-content\/uploads\/2015\/12\/fotonoticia_20151216172003_800.jpg","og:image:secure_url":"https:\/\/eldigitaldeasturias.com\/magazine365\/wp-content\/uploads\/2015\/12\/fotonoticia_20151216172003_800.jpg","og:image:width":800,"og:image:height":450,"article:published_time":"2015-12-16T20:34:37+00:00","article:modified_time":"2015-12-16T20:34:37+00:00","twitter:card":"summary_large_image","twitter:title":"El Gobierno de Canarias analiza junto con la consejera de Turismo acuerdos con Turespa\u00f1a o la conectividad a\u00e9rea | El Digital de Asturias","twitter:description":"El delegado del Gobierno en Canarias, Enrique Hern\u00e1ndez Bento, ha analizado este mi\u00e9rcoles con la consejera de Turismo del Cabildo de Gran Canaria, In\u00e9s Jim\u00e9nez, diversos temas relacionados con la isla como los acuerdos con Turespa\u00f1a o la conectividad a\u00e9rea en la isla. Al encuentro, celebrado en la sede de la Delegaci\u00f3n del Gobierno en","twitter:image":"https:\/\/eldigitaldeasturias.com\/magazine365\/wp-content\/uploads\/2015\/12\/fotonoticia_20151216172003_800.jpg"},"aioseo_meta_data":{"post_id":"58728","title":null,"description":null,"keywords":null,"keyphrases":null,"primary_term":null,"canonical_url":null,"og_title":null,"og_description":null,"og_object_type":"default","og_image_type":"default","og_image_url":null,"og_image_width":null,"og_image_height":null,"og_image_custom_url":null,"og_image_custom_fields":null,"og_video":null,"og_custom_url":null,"og_article_section":null,"og_article_tags":null,"twitter_use_og":false,"twitter_card":"default","twitter_image_type":"default","twitter_image_url":null,"twitter_image_custom_url":null,"twitter_image_custom_fields":null,"twitter_title":null,"twitter_description":null,"schema":{"blockGraphs":[],"customGraphs":[],"default":{"data":{"Article":[],"Course":[],"Dataset":[],"FAQPage":[],"Movie":[],"Person":[],"Product":[],"ProductReview":[],"Car":[],"Recipe":[],"Service":[],"SoftwareApplication":[],"WebPage":[]},"graphName":"","isEnabled":true},"graphs":[],"defaultGraph":"","defaultPostTypeGraph":""},"schema_type":null,"schema_type_options":null,"pillar_content":false,"robots_default":true,"robots_noindex":false,"robots_noarchive":false,"robots_nosnippet":false,"robots_nofollow":false,"robots_noimageindex":false,"robots_noodp":false,"robots_notranslate":false,"robots_max_snippet":null,"robots_max_videopreview":null,"robots_max_imagepreview":"large","priority":null,"frequency":null,"location":null,"local_seo":null,"seo_analyzer_scan_date":"2025-09-25 03:33:44","breadcrumb_settings":null,"limit_modified_date":false,"open_ai":null,"ai":null,"created":"2021-03-08 22:25:43","updated":"2025-09-25 03:33:44"},"aioseo_breadcrumb":"<div class=\"aioseo-breadcrumbs\"><span class=\"aioseo-breadcrumb\">\n\t<a href=\"https:\/\/eldigitaldeasturias.com\/magazine365\" title=\"Home\">Home<\/a>\n<\/span><span class=\"aioseo-breadcrumb-separator\">\u2013<\/span><span class=\"aioseo-breadcrumb\">\n\t<a href=\"https:\/\/eldigitaldeasturias.com\/magazine365\/category\/noticias-actualidad\/\" title=\"Noticias y Actualidad\">Noticias y Actualidad<\/a>\n<\/span><span class=\"aioseo-breadcrumb-separator\">\u2013<\/span><span class=\"aioseo-breadcrumb\">\n\t<a href=\"https:\/\/eldigitaldeasturias.com\/magazine365\/el-gobierno-de-canarias-analiza-junto-con-la-consejera-de-turismo-acuerdos-con-turespana-o-la-conectividad-aerea\/\" title=\"El Gobierno de Canarias analiza junto con la consejera de Turismo acuerdos con Turespa\u00f1a o la conectividad a\u00e9rea\">El Gobierno de Canarias analiza junto con la consejera de Turismo acuerdos con Turespa\u00f1a o la conectividad a\u00e9rea<\/a>\n<\/span><\/div>","aioseo_breadcrumb_json":[{"label":"Home","link":"https:\/\/eldigitaldeasturias.com\/magazine365"},{"label":"Noticias y Actualidad","link":"https:\/\/eldigitaldeasturias.com\/magazine365\/category\/noticias-actualidad\/"},{"label":"El Gobierno de Canarias analiza junto con la consejera de Turismo acuerdos con Turespa\u00f1a o la conectividad a\u00e9rea","link":"https:\/\/eldigitaldeasturias.com\/magazine365\/el-gobierno-de-canarias-analiza-junto-con-la-consejera-de-turismo-acuerdos-con-turespana-o-la-conectividad-aerea\/"}],"_links":{"self":[{"href":"https:\/\/eldigitaldeasturias.com\/magazine365\/wp-json\/wp\/v2\/posts\/58728","targetHints":{"allow":["GET"]}}],"collection":[{"href":"https:\/\/eldigitaldeasturias.com\/magazine365\/wp-json\/wp\/v2\/posts"}],"about":[{"href":"https:\/\/eldigitaldeasturias.com\/magazine365\/wp-json\/wp\/v2\/types\/post"}],"author":[{"embeddable":true,"href":"https:\/\/eldigitaldeasturias.com\/magazine365\/wp-json\/wp\/v2\/users\/1"}],"replies":[{"embeddable":true,"href":"https:\/\/eldigitaldeasturias.com\/magazine365\/wp-json\/wp\/v2\/comments?post=58728"}],"version-history":[{"count":0,"href":"https:\/\/eldigitaldeasturias.com\/magazine365\/wp-json\/wp\/v2\/posts\/58728\/revisions"}],"wp:featuredmedia":[{"embeddable":true,"href":"https:\/\/eldigitaldeasturias.com\/magazine365\/wp-json\/wp\/v2\/media\/58729"}],"wp:attachment":[{"href":"https:\/\/eldigitaldeasturias.com\/magazine365\/wp-json\/wp\/v2\/media?parent=58728"}],"wp:term":[{"taxonomy":"category","embeddable":true,"href":"https:\/\/eldigitaldeasturias.com\/magazine365\/wp-json\/wp\/v2\/categories?post=58728"},{"taxonomy":"post_tag","embeddable":true,"href":"https:\/\/eldigitaldeasturias.com\/magazine365\/wp-json\/wp\/v2\/tags?post=58728"}],"curies":[{"name":"wp","href":"https:\/\/api.w.org\/{rel}","templated":true}]}}