{"id":58719,"date":"2015-12-16T21:31:25","date_gmt":"2015-12-16T20:31:25","guid":{"rendered":"http:\/\/eldigitaldeasturias.com\/magazine365\/?p=58719"},"modified":"2015-12-16T21:31:25","modified_gmt":"2015-12-16T20:31:25","slug":"la-ue-exigira-que-las-cajas-negras-de-los-aviones-emitan-senales-durante-3-meses-en-caso-de-siniestro","status":"publish","type":"post","link":"https:\/\/eldigitaldeasturias.com\/magazine365\/la-ue-exigira-que-las-cajas-negras-de-los-aviones-emitan-senales-durante-3-meses-en-caso-de-siniestro\/","title":{"rendered":"La UE exigir\u00e1 que las cajas negras de los aviones emitan se\u00f1ales durante 3 meses en caso de siniestro"},"content":{"rendered":"<p><img fetchpriority=\"high\" decoding=\"async\" class=\"alignleft size-medium wp-image-58720\" src=\"https:\/\/eldigitaldeasturias.com\/magazine365\/wp-content\/uploads\/2015\/12\/fotonoticia_20151216171319_800-256x300.jpg\" alt=\"fotonoticia_20151216171319_800\" width=\"256\" height=\"300\" srcset=\"https:\/\/eldigitaldeasturias.com\/magazine365\/wp-content\/uploads\/2015\/12\/fotonoticia_20151216171319_800-256x300.jpg 256w, https:\/\/eldigitaldeasturias.com\/magazine365\/wp-content\/uploads\/2015\/12\/fotonoticia_20151216171319_800-545x640.jpg 545w, https:\/\/eldigitaldeasturias.com\/magazine365\/wp-content\/uploads\/2015\/12\/fotonoticia_20151216171319_800-768x901.jpg 768w, https:\/\/eldigitaldeasturias.com\/magazine365\/wp-content\/uploads\/2015\/12\/fotonoticia_20151216171319_800-150x176.jpg 150w, https:\/\/eldigitaldeasturias.com\/magazine365\/wp-content\/uploads\/2015\/12\/fotonoticia_20151216171319_800-450x528.jpg 450w, https:\/\/eldigitaldeasturias.com\/magazine365\/wp-content\/uploads\/2015\/12\/fotonoticia_20151216171319_800-696x817.jpg 696w, https:\/\/eldigitaldeasturias.com\/magazine365\/wp-content\/uploads\/2015\/12\/fotonoticia_20151216171319_800-358x420.jpg 358w, https:\/\/eldigitaldeasturias.com\/magazine365\/wp-content\/uploads\/2015\/12\/fotonoticia_20151216171319_800.jpg 800w\" sizes=\"(max-width: 256px) 100vw, 256px\" \/>La Uni\u00f3n Europea ha adoptado nuevas normas en materia de seguridad a\u00e9rea que introducen cambios como la exigencia de que los registradores de vuelo de los nuevos aviones cuenten con dispositivos de localizaci\u00f3n capaces de emitir se\u00f1al durante al menos 90 d\u00edas, para ayudar en las tareas de b\u00fasqueda del aparato en caso de siniestro.<\/p>\n<p>El objetivo es mejorar el seguimiento de los aviones europeos y evitar que se repitan casos como el del accidente del vuelo MH370 de Malaysia Airlines en marzo de 2014, cuyas causas y lugar exacto del siniestro siguen sin estar claras m\u00e1s de un a\u00f1o despu\u00e9s.<\/p>\n<p>Fuentes comunitarias aseguran que con los cambios normativos ser\u00e1 \u00abt\u00e9cnicamente imposible\u00bb que un vuelo desapareciera de esta manera, ya que los nuevos sistemas permitir\u00e1n localizar de manera precisa el punto final del vuelo y el lugar en donde se encuentren los restos de la nave. Para ello, deber\u00e1n incorporar \u00abmedios autom\u00e1ticos fiables\u00bb capaces de dar esta informaci\u00f3n.<\/p>\n<p>\u00abLa opini\u00f3n p\u00fablica no puede entender que no se realice un seguimiento continuo de los aviones, sea cual sea su itinerario. Las normas adoptadas corregir\u00e1n esta laguna\u00bb, ha indicado la comisaria de Transporte, Violetta Bulc, tras ser adoptada la nueva normativa.<\/p>\n<p>Adem\u00e1s de aumentar de 30 a 90 d\u00edas el tiempo m\u00ednimo que deben emitir se\u00f1al las &#8216;cajas negras&#8217; de los nuevos aviones de gran capacidad para su localizaci\u00f3n en caso de accidente, tambi\u00e9n se mejorar\u00e1 la tecnolog\u00eda de los dispositivos que registran las conversaciones en cabina (CVR) para aumentar su capacidad de 2 a 25 horas y se mejorar\u00e1 su protecci\u00f3n.<\/p>\n<p>La Comisi\u00f3n Europea ha precisado que las nuevas reglas se centran en el resultado, es decir, asegurar la localizaci\u00f3n del aparato siniestrado y no establece preferencias sobre cu\u00e1l debe ser la soluci\u00f3n comercial o medida t\u00e9cnica espec\u00edfica adoptada para conseguirlo.<\/p>\n<p>Por ello, a\u00f1aden desde Bruselas, se permitir\u00e1 la \u00abflexibilidad necesaria\u00bb y la adopci\u00f3n de distintas opciones t\u00e9cnicas como, por ejemplo, el servicio de b\u00fasqueda y salvamento de Galileo.<\/p>\n","protected":false},"excerpt":{"rendered":"<p>La Uni\u00f3n Europea ha adoptado nuevas normas en materia de seguridad a\u00e9rea que introducen cambios como la exigencia de que los registradores de vuelo de los nuevos aviones cuenten con dispositivos de localizaci\u00f3n capaces de emitir se\u00f1al durante al menos 90 d\u00edas, para ayudar en las tareas de b\u00fasqueda del aparato en caso de siniestro.<\/p>\n","protected":false},"author":1,"featured_media":58720,"comment_status":"open","ping_status":"closed","sticky":false,"template":"","format":"standard","meta":{"footnotes":""},"categories":[224],"tags":[],"class_list":{"0":"post-58719","1":"post","2":"type-post","3":"status-publish","4":"format-standard","5":"has-post-thumbnail","7":"category-noticias-actualidad"},"aioseo_notices":[],"aioseo_head":"\n\t\t<!-- All in One SEO Pro 4.9.6.1 - aioseo.com -->\n\t<meta name=\"description\" content=\"La Uni\u00f3n Europea ha adoptado nuevas normas en materia de seguridad a\u00e9rea que introducen cambios como la exigencia de que los registradores de vuelo de los nuevos aviones cuenten con dispositivos de localizaci\u00f3n capaces de emitir se\u00f1al durante al menos 90 d\u00edas, para ayudar en las tareas de b\u00fasqueda del aparato en caso de siniestro.\" \/>\n\t<meta name=\"robots\" content=\"max-image-preview:large\" \/>\n\t<meta name=\"author\" content=\"admin\"\/>\n\t<meta name=\"google-site-verification\" content=\"UA-38556648-1\" \/>\n\t<meta name=\"keywords\" content=\"noticias y actualidad\" \/>\n\t<link rel=\"canonical\" href=\"https:\/\/eldigitaldeasturias.com\/magazine365\/la-ue-exigira-que-las-cajas-negras-de-los-aviones-emitan-senales-durante-3-meses-en-caso-de-siniestro\/\" \/>\n\t<meta name=\"generator\" content=\"All in One SEO Pro (AIOSEO) 4.9.6.1\" \/>\n\t\t<meta property=\"og:locale\" content=\"es_ES\" \/>\n\t\t<meta property=\"og:site_name\" content=\"El Digital de Asturias \u2013 Revista de ocio, turismo y estilo de vida\" \/>\n\t\t<meta property=\"og:type\" content=\"article\" \/>\n\t\t<meta property=\"og:title\" content=\"La UE exigir\u00e1 que las cajas negras de los aviones emitan se\u00f1ales durante 3 meses en caso de siniestro | El Digital de Asturias\" \/>\n\t\t<meta property=\"og:description\" content=\"La Uni\u00f3n Europea ha adoptado nuevas normas en materia de seguridad a\u00e9rea que introducen cambios como la exigencia de que los registradores de vuelo de los nuevos aviones cuenten con dispositivos de localizaci\u00f3n capaces de emitir se\u00f1al durante al menos 90 d\u00edas, para ayudar en las tareas de b\u00fasqueda del aparato en caso de siniestro.\" \/>\n\t\t<meta property=\"og:url\" content=\"https:\/\/eldigitaldeasturias.com\/magazine365\/la-ue-exigira-que-las-cajas-negras-de-los-aviones-emitan-senales-durante-3-meses-en-caso-de-siniestro\/\" \/>\n\t\t<meta property=\"og:image\" content=\"https:\/\/eldigitaldeasturias.com\/magazine365\/wp-content\/uploads\/2015\/12\/fotonoticia_20151216171319_800.jpg\" \/>\n\t\t<meta property=\"og:image:secure_url\" content=\"https:\/\/eldigitaldeasturias.com\/magazine365\/wp-content\/uploads\/2015\/12\/fotonoticia_20151216171319_800.jpg\" \/>\n\t\t<meta property=\"og:image:width\" content=\"800\" \/>\n\t\t<meta property=\"og:image:height\" content=\"939\" \/>\n\t\t<meta property=\"article:published_time\" content=\"2015-12-16T20:31:25+00:00\" \/>\n\t\t<meta property=\"article:modified_time\" content=\"2015-12-16T20:31:25+00:00\" \/>\n\t\t<meta name=\"twitter:card\" content=\"summary_large_image\" \/>\n\t\t<meta name=\"twitter:title\" content=\"La UE exigir\u00e1 que las cajas negras de los aviones emitan se\u00f1ales durante 3 meses en caso de siniestro | El Digital de Asturias\" \/>\n\t\t<meta name=\"twitter:description\" content=\"La Uni\u00f3n Europea ha adoptado nuevas normas en materia de seguridad a\u00e9rea que introducen cambios como la exigencia de que los registradores de vuelo de los nuevos aviones cuenten con dispositivos de localizaci\u00f3n capaces de emitir se\u00f1al durante al menos 90 d\u00edas, para ayudar en las tareas de b\u00fasqueda del aparato en caso de siniestro.\" \/>\n\t\t<meta name=\"twitter:image\" content=\"https:\/\/eldigitaldeasturias.com\/magazine365\/wp-content\/uploads\/2015\/12\/fotonoticia_20151216171319_800.jpg\" \/>\n\t\t<script type=\"application\/ld+json\" class=\"aioseo-schema\">\n\t\t\t{\"@context\":\"https:\\\/\\\/schema.org\",\"@graph\":[{\"@type\":\"Article\",\"@id\":\"https:\\\/\\\/eldigitaldeasturias.com\\\/magazine365\\\/la-ue-exigira-que-las-cajas-negras-de-los-aviones-emitan-senales-durante-3-meses-en-caso-de-siniestro\\\/#article\",\"name\":\"La UE exigir\\u00e1 que las cajas negras de los aviones emitan se\\u00f1ales durante 3 meses en caso de siniestro | El Digital de Asturias\",\"headline\":\"La UE exigir\\u00e1 que las cajas negras de los aviones emitan se\\u00f1ales durante 3 meses en caso de siniestro\",\"author\":{\"@id\":\"https:\\\/\\\/eldigitaldeasturias.com\\\/magazine365\\\/author\\\/admin\\\/#author\"},\"publisher\":{\"@id\":\"https:\\\/\\\/eldigitaldeasturias.com\\\/magazine365\\\/#organization\"},\"image\":{\"@type\":\"ImageObject\",\"url\":\"https:\\\/\\\/eldigitaldeasturias.com\\\/magazine365\\\/wp-content\\\/uploads\\\/2015\\\/12\\\/fotonoticia_20151216171319_800.jpg\",\"width\":800,\"height\":939},\"datePublished\":\"2015-12-16T21:31:25+01:00\",\"dateModified\":\"2015-12-16T21:31:25+01:00\",\"inLanguage\":\"es-ES\",\"mainEntityOfPage\":{\"@id\":\"https:\\\/\\\/eldigitaldeasturias.com\\\/magazine365\\\/la-ue-exigira-que-las-cajas-negras-de-los-aviones-emitan-senales-durante-3-meses-en-caso-de-siniestro\\\/#webpage\"},\"isPartOf\":{\"@id\":\"https:\\\/\\\/eldigitaldeasturias.com\\\/magazine365\\\/la-ue-exigira-que-las-cajas-negras-de-los-aviones-emitan-senales-durante-3-meses-en-caso-de-siniestro\\\/#webpage\"},\"articleSection\":\"Noticias y Actualidad\"},{\"@type\":\"BreadcrumbList\",\"@id\":\"https:\\\/\\\/eldigitaldeasturias.com\\\/magazine365\\\/la-ue-exigira-que-las-cajas-negras-de-los-aviones-emitan-senales-durante-3-meses-en-caso-de-siniestro\\\/#breadcrumblist\",\"itemListElement\":[{\"@type\":\"ListItem\",\"@id\":\"https:\\\/\\\/eldigitaldeasturias.com\\\/magazine365#listItem\",\"position\":1,\"name\":\"Home\",\"item\":\"https:\\\/\\\/eldigitaldeasturias.com\\\/magazine365\",\"nextItem\":{\"@type\":\"ListItem\",\"@id\":\"https:\\\/\\\/eldigitaldeasturias.com\\\/magazine365\\\/category\\\/noticias-actualidad\\\/#listItem\",\"name\":\"Noticias y Actualidad\"}},{\"@type\":\"ListItem\",\"@id\":\"https:\\\/\\\/eldigitaldeasturias.com\\\/magazine365\\\/category\\\/noticias-actualidad\\\/#listItem\",\"position\":2,\"name\":\"Noticias y Actualidad\",\"item\":\"https:\\\/\\\/eldigitaldeasturias.com\\\/magazine365\\\/category\\\/noticias-actualidad\\\/\",\"nextItem\":{\"@type\":\"ListItem\",\"@id\":\"https:\\\/\\\/eldigitaldeasturias.com\\\/magazine365\\\/la-ue-exigira-que-las-cajas-negras-de-los-aviones-emitan-senales-durante-3-meses-en-caso-de-siniestro\\\/#listItem\",\"name\":\"La UE exigir\\u00e1 que las cajas negras de los aviones emitan se\\u00f1ales durante 3 meses en caso de siniestro\"},\"previousItem\":{\"@type\":\"ListItem\",\"@id\":\"https:\\\/\\\/eldigitaldeasturias.com\\\/magazine365#listItem\",\"name\":\"Home\"}},{\"@type\":\"ListItem\",\"@id\":\"https:\\\/\\\/eldigitaldeasturias.com\\\/magazine365\\\/la-ue-exigira-que-las-cajas-negras-de-los-aviones-emitan-senales-durante-3-meses-en-caso-de-siniestro\\\/#listItem\",\"position\":3,\"name\":\"La UE exigir\\u00e1 que las cajas negras de los aviones emitan se\\u00f1ales durante 3 meses en caso de siniestro\",\"previousItem\":{\"@type\":\"ListItem\",\"@id\":\"https:\\\/\\\/eldigitaldeasturias.com\\\/magazine365\\\/category\\\/noticias-actualidad\\\/#listItem\",\"name\":\"Noticias y Actualidad\"}}]},{\"@type\":\"Organization\",\"@id\":\"https:\\\/\\\/eldigitaldeasturias.com\\\/magazine365\\\/#organization\",\"name\":\"El digital de Asturias\",\"description\":\"Revista de ocio, turismo y estilo de vida\",\"url\":\"https:\\\/\\\/eldigitaldeasturias.com\\\/magazine365\\\/\",\"logo\":{\"@type\":\"ImageObject\",\"url\":\"https:\\\/\\\/www.eldigitaldeasturias.com\\\/noticias\\\/wp-content\\\/uploads\\\/2020\\\/12\\\/EDA.jpg\",\"@id\":\"https:\\\/\\\/eldigitaldeasturias.com\\\/magazine365\\\/la-ue-exigira-que-las-cajas-negras-de-los-aviones-emitan-senales-durante-3-meses-en-caso-de-siniestro\\\/#organizationLogo\"},\"image\":{\"@id\":\"https:\\\/\\\/eldigitaldeasturias.com\\\/magazine365\\\/la-ue-exigira-que-las-cajas-negras-de-los-aviones-emitan-senales-durante-3-meses-en-caso-de-siniestro\\\/#organizationLogo\"}},{\"@type\":\"Person\",\"@id\":\"https:\\\/\\\/eldigitaldeasturias.com\\\/magazine365\\\/author\\\/admin\\\/#author\",\"url\":\"https:\\\/\\\/eldigitaldeasturias.com\\\/magazine365\\\/author\\\/admin\\\/\",\"name\":\"admin\",\"image\":{\"@type\":\"ImageObject\",\"@id\":\"https:\\\/\\\/eldigitaldeasturias.com\\\/magazine365\\\/la-ue-exigira-que-las-cajas-negras-de-los-aviones-emitan-senales-durante-3-meses-en-caso-de-siniestro\\\/#authorImage\",\"url\":\"https:\\\/\\\/eldigitaldeasturias.com\\\/magazine365\\\/wp-content\\\/litespeed\\\/avatar\\\/e571bcf59a0edd6fa6838245a470f2fe.jpg?ver=1777574230\",\"width\":96,\"height\":96,\"caption\":\"admin\"}},{\"@type\":\"WebPage\",\"@id\":\"https:\\\/\\\/eldigitaldeasturias.com\\\/magazine365\\\/la-ue-exigira-que-las-cajas-negras-de-los-aviones-emitan-senales-durante-3-meses-en-caso-de-siniestro\\\/#webpage\",\"url\":\"https:\\\/\\\/eldigitaldeasturias.com\\\/magazine365\\\/la-ue-exigira-que-las-cajas-negras-de-los-aviones-emitan-senales-durante-3-meses-en-caso-de-siniestro\\\/\",\"name\":\"La UE exigir\\u00e1 que las cajas negras de los aviones emitan se\\u00f1ales durante 3 meses en caso de siniestro | El Digital de Asturias\",\"description\":\"La Uni\\u00f3n Europea ha adoptado nuevas normas en materia de seguridad a\\u00e9rea que introducen cambios como la exigencia de que los registradores de vuelo de los nuevos aviones cuenten con dispositivos de localizaci\\u00f3n capaces de emitir se\\u00f1al durante al menos 90 d\\u00edas, para ayudar en las tareas de b\\u00fasqueda del aparato en caso de siniestro.\",\"inLanguage\":\"es-ES\",\"isPartOf\":{\"@id\":\"https:\\\/\\\/eldigitaldeasturias.com\\\/magazine365\\\/#website\"},\"breadcrumb\":{\"@id\":\"https:\\\/\\\/eldigitaldeasturias.com\\\/magazine365\\\/la-ue-exigira-que-las-cajas-negras-de-los-aviones-emitan-senales-durante-3-meses-en-caso-de-siniestro\\\/#breadcrumblist\"},\"author\":{\"@id\":\"https:\\\/\\\/eldigitaldeasturias.com\\\/magazine365\\\/author\\\/admin\\\/#author\"},\"creator\":{\"@id\":\"https:\\\/\\\/eldigitaldeasturias.com\\\/magazine365\\\/author\\\/admin\\\/#author\"},\"image\":{\"@type\":\"ImageObject\",\"url\":\"https:\\\/\\\/eldigitaldeasturias.com\\\/magazine365\\\/wp-content\\\/uploads\\\/2015\\\/12\\\/fotonoticia_20151216171319_800.jpg\",\"@id\":\"https:\\\/\\\/eldigitaldeasturias.com\\\/magazine365\\\/la-ue-exigira-que-las-cajas-negras-de-los-aviones-emitan-senales-durante-3-meses-en-caso-de-siniestro\\\/#mainImage\",\"width\":800,\"height\":939},\"primaryImageOfPage\":{\"@id\":\"https:\\\/\\\/eldigitaldeasturias.com\\\/magazine365\\\/la-ue-exigira-que-las-cajas-negras-de-los-aviones-emitan-senales-durante-3-meses-en-caso-de-siniestro\\\/#mainImage\"},\"datePublished\":\"2015-12-16T21:31:25+01:00\",\"dateModified\":\"2015-12-16T21:31:25+01:00\"},{\"@type\":\"WebSite\",\"@id\":\"https:\\\/\\\/eldigitaldeasturias.com\\\/magazine365\\\/#website\",\"url\":\"https:\\\/\\\/eldigitaldeasturias.com\\\/magazine365\\\/\",\"name\":\"El Digital de Asturias\",\"description\":\"Revista de ocio, turismo y estilo de vida\",\"inLanguage\":\"es-ES\",\"publisher\":{\"@id\":\"https:\\\/\\\/eldigitaldeasturias.com\\\/magazine365\\\/#organization\"}}]}\n\t\t<\/script>\n\t\t<!-- All in One SEO Pro -->\r\n\t\t<title>La UE exigir\u00e1 que las cajas negras de los aviones emitan se\u00f1ales durante 3 meses en caso de siniestro | El Digital de Asturias<\/title>\n\n","aioseo_head_json":{"title":"La UE exigir\u00e1 que las cajas negras de los aviones emitan se\u00f1ales durante 3 meses en caso de siniestro | El Digital de Asturias","description":"La Uni\u00f3n Europea ha adoptado nuevas normas en materia de seguridad a\u00e9rea que introducen cambios como la exigencia de que los registradores de vuelo de los nuevos aviones cuenten con dispositivos de localizaci\u00f3n capaces de emitir se\u00f1al durante al menos 90 d\u00edas, para ayudar en las tareas de b\u00fasqueda del aparato en caso de siniestro.","canonical_url":"https:\/\/eldigitaldeasturias.com\/magazine365\/la-ue-exigira-que-las-cajas-negras-de-los-aviones-emitan-senales-durante-3-meses-en-caso-de-siniestro\/","robots":"max-image-preview:large","keywords":"noticias y actualidad","webmasterTools":{"google-site-verification":"UA-38556648-1","miscellaneous":""},"schema":{"@context":"https:\/\/schema.org","@graph":[{"@type":"Article","@id":"https:\/\/eldigitaldeasturias.com\/magazine365\/la-ue-exigira-que-las-cajas-negras-de-los-aviones-emitan-senales-durante-3-meses-en-caso-de-siniestro\/#article","name":"La UE exigir\u00e1 que las cajas negras de los aviones emitan se\u00f1ales durante 3 meses en caso de siniestro | El Digital de Asturias","headline":"La UE exigir\u00e1 que las cajas negras de los aviones emitan se\u00f1ales durante 3 meses en caso de siniestro","author":{"@id":"https:\/\/eldigitaldeasturias.com\/magazine365\/author\/admin\/#author"},"publisher":{"@id":"https:\/\/eldigitaldeasturias.com\/magazine365\/#organization"},"image":{"@type":"ImageObject","url":"https:\/\/eldigitaldeasturias.com\/magazine365\/wp-content\/uploads\/2015\/12\/fotonoticia_20151216171319_800.jpg","width":800,"height":939},"datePublished":"2015-12-16T21:31:25+01:00","dateModified":"2015-12-16T21:31:25+01:00","inLanguage":"es-ES","mainEntityOfPage":{"@id":"https:\/\/eldigitaldeasturias.com\/magazine365\/la-ue-exigira-que-las-cajas-negras-de-los-aviones-emitan-senales-durante-3-meses-en-caso-de-siniestro\/#webpage"},"isPartOf":{"@id":"https:\/\/eldigitaldeasturias.com\/magazine365\/la-ue-exigira-que-las-cajas-negras-de-los-aviones-emitan-senales-durante-3-meses-en-caso-de-siniestro\/#webpage"},"articleSection":"Noticias y Actualidad"},{"@type":"BreadcrumbList","@id":"https:\/\/eldigitaldeasturias.com\/magazine365\/la-ue-exigira-que-las-cajas-negras-de-los-aviones-emitan-senales-durante-3-meses-en-caso-de-siniestro\/#breadcrumblist","itemListElement":[{"@type":"ListItem","@id":"https:\/\/eldigitaldeasturias.com\/magazine365#listItem","position":1,"name":"Home","item":"https:\/\/eldigitaldeasturias.com\/magazine365","nextItem":{"@type":"ListItem","@id":"https:\/\/eldigitaldeasturias.com\/magazine365\/category\/noticias-actualidad\/#listItem","name":"Noticias y Actualidad"}},{"@type":"ListItem","@id":"https:\/\/eldigitaldeasturias.com\/magazine365\/category\/noticias-actualidad\/#listItem","position":2,"name":"Noticias y Actualidad","item":"https:\/\/eldigitaldeasturias.com\/magazine365\/category\/noticias-actualidad\/","nextItem":{"@type":"ListItem","@id":"https:\/\/eldigitaldeasturias.com\/magazine365\/la-ue-exigira-que-las-cajas-negras-de-los-aviones-emitan-senales-durante-3-meses-en-caso-de-siniestro\/#listItem","name":"La UE exigir\u00e1 que las cajas negras de los aviones emitan se\u00f1ales durante 3 meses en caso de siniestro"},"previousItem":{"@type":"ListItem","@id":"https:\/\/eldigitaldeasturias.com\/magazine365#listItem","name":"Home"}},{"@type":"ListItem","@id":"https:\/\/eldigitaldeasturias.com\/magazine365\/la-ue-exigira-que-las-cajas-negras-de-los-aviones-emitan-senales-durante-3-meses-en-caso-de-siniestro\/#listItem","position":3,"name":"La UE exigir\u00e1 que las cajas negras de los aviones emitan se\u00f1ales durante 3 meses en caso de siniestro","previousItem":{"@type":"ListItem","@id":"https:\/\/eldigitaldeasturias.com\/magazine365\/category\/noticias-actualidad\/#listItem","name":"Noticias y Actualidad"}}]},{"@type":"Organization","@id":"https:\/\/eldigitaldeasturias.com\/magazine365\/#organization","name":"El digital de Asturias","description":"Revista de ocio, turismo y estilo de vida","url":"https:\/\/eldigitaldeasturias.com\/magazine365\/","logo":{"@type":"ImageObject","url":"https:\/\/www.eldigitaldeasturias.com\/noticias\/wp-content\/uploads\/2020\/12\/EDA.jpg","@id":"https:\/\/eldigitaldeasturias.com\/magazine365\/la-ue-exigira-que-las-cajas-negras-de-los-aviones-emitan-senales-durante-3-meses-en-caso-de-siniestro\/#organizationLogo"},"image":{"@id":"https:\/\/eldigitaldeasturias.com\/magazine365\/la-ue-exigira-que-las-cajas-negras-de-los-aviones-emitan-senales-durante-3-meses-en-caso-de-siniestro\/#organizationLogo"}},{"@type":"Person","@id":"https:\/\/eldigitaldeasturias.com\/magazine365\/author\/admin\/#author","url":"https:\/\/eldigitaldeasturias.com\/magazine365\/author\/admin\/","name":"admin","image":{"@type":"ImageObject","@id":"https:\/\/eldigitaldeasturias.com\/magazine365\/la-ue-exigira-que-las-cajas-negras-de-los-aviones-emitan-senales-durante-3-meses-en-caso-de-siniestro\/#authorImage","url":"https:\/\/eldigitaldeasturias.com\/magazine365\/wp-content\/litespeed\/avatar\/e571bcf59a0edd6fa6838245a470f2fe.jpg?ver=1777574230","width":96,"height":96,"caption":"admin"}},{"@type":"WebPage","@id":"https:\/\/eldigitaldeasturias.com\/magazine365\/la-ue-exigira-que-las-cajas-negras-de-los-aviones-emitan-senales-durante-3-meses-en-caso-de-siniestro\/#webpage","url":"https:\/\/eldigitaldeasturias.com\/magazine365\/la-ue-exigira-que-las-cajas-negras-de-los-aviones-emitan-senales-durante-3-meses-en-caso-de-siniestro\/","name":"La UE exigir\u00e1 que las cajas negras de los aviones emitan se\u00f1ales durante 3 meses en caso de siniestro | El Digital de Asturias","description":"La Uni\u00f3n Europea ha adoptado nuevas normas en materia de seguridad a\u00e9rea que introducen cambios como la exigencia de que los registradores de vuelo de los nuevos aviones cuenten con dispositivos de localizaci\u00f3n capaces de emitir se\u00f1al durante al menos 90 d\u00edas, para ayudar en las tareas de b\u00fasqueda del aparato en caso de siniestro.","inLanguage":"es-ES","isPartOf":{"@id":"https:\/\/eldigitaldeasturias.com\/magazine365\/#website"},"breadcrumb":{"@id":"https:\/\/eldigitaldeasturias.com\/magazine365\/la-ue-exigira-que-las-cajas-negras-de-los-aviones-emitan-senales-durante-3-meses-en-caso-de-siniestro\/#breadcrumblist"},"author":{"@id":"https:\/\/eldigitaldeasturias.com\/magazine365\/author\/admin\/#author"},"creator":{"@id":"https:\/\/eldigitaldeasturias.com\/magazine365\/author\/admin\/#author"},"image":{"@type":"ImageObject","url":"https:\/\/eldigitaldeasturias.com\/magazine365\/wp-content\/uploads\/2015\/12\/fotonoticia_20151216171319_800.jpg","@id":"https:\/\/eldigitaldeasturias.com\/magazine365\/la-ue-exigira-que-las-cajas-negras-de-los-aviones-emitan-senales-durante-3-meses-en-caso-de-siniestro\/#mainImage","width":800,"height":939},"primaryImageOfPage":{"@id":"https:\/\/eldigitaldeasturias.com\/magazine365\/la-ue-exigira-que-las-cajas-negras-de-los-aviones-emitan-senales-durante-3-meses-en-caso-de-siniestro\/#mainImage"},"datePublished":"2015-12-16T21:31:25+01:00","dateModified":"2015-12-16T21:31:25+01:00"},{"@type":"WebSite","@id":"https:\/\/eldigitaldeasturias.com\/magazine365\/#website","url":"https:\/\/eldigitaldeasturias.com\/magazine365\/","name":"El Digital de Asturias","description":"Revista de ocio, turismo y estilo de vida","inLanguage":"es-ES","publisher":{"@id":"https:\/\/eldigitaldeasturias.com\/magazine365\/#organization"}}]},"og:locale":"es_ES","og:site_name":"El Digital de Asturias \u2013 Revista de ocio, turismo y estilo de vida","og:type":"article","og:title":"La UE exigir\u00e1 que las cajas negras de los aviones emitan se\u00f1ales durante 3 meses en caso de siniestro | El Digital de Asturias","og:description":"La Uni\u00f3n Europea ha adoptado nuevas normas en materia de seguridad a\u00e9rea que introducen cambios como la exigencia de que los registradores de vuelo de los nuevos aviones cuenten con dispositivos de localizaci\u00f3n capaces de emitir se\u00f1al durante al menos 90 d\u00edas, para ayudar en las tareas de b\u00fasqueda del aparato en caso de siniestro.","og:url":"https:\/\/eldigitaldeasturias.com\/magazine365\/la-ue-exigira-que-las-cajas-negras-de-los-aviones-emitan-senales-durante-3-meses-en-caso-de-siniestro\/","og:image":"https:\/\/eldigitaldeasturias.com\/magazine365\/wp-content\/uploads\/2015\/12\/fotonoticia_20151216171319_800.jpg","og:image:secure_url":"https:\/\/eldigitaldeasturias.com\/magazine365\/wp-content\/uploads\/2015\/12\/fotonoticia_20151216171319_800.jpg","og:image:width":800,"og:image:height":939,"article:published_time":"2015-12-16T20:31:25+00:00","article:modified_time":"2015-12-16T20:31:25+00:00","twitter:card":"summary_large_image","twitter:title":"La UE exigir\u00e1 que las cajas negras de los aviones emitan se\u00f1ales durante 3 meses en caso de siniestro | El Digital de Asturias","twitter:description":"La Uni\u00f3n Europea ha adoptado nuevas normas en materia de seguridad a\u00e9rea que introducen cambios como la exigencia de que los registradores de vuelo de los nuevos aviones cuenten con dispositivos de localizaci\u00f3n capaces de emitir se\u00f1al durante al menos 90 d\u00edas, para ayudar en las tareas de b\u00fasqueda del aparato en caso de siniestro.","twitter:image":"https:\/\/eldigitaldeasturias.com\/magazine365\/wp-content\/uploads\/2015\/12\/fotonoticia_20151216171319_800.jpg"},"aioseo_meta_data":{"post_id":"58719","title":null,"description":null,"keywords":null,"keyphrases":null,"primary_term":null,"canonical_url":null,"og_title":null,"og_description":null,"og_object_type":"default","og_image_type":"default","og_image_url":null,"og_image_width":null,"og_image_height":null,"og_image_custom_url":null,"og_image_custom_fields":null,"og_video":null,"og_custom_url":null,"og_article_section":null,"og_article_tags":null,"twitter_use_og":false,"twitter_card":"default","twitter_image_type":"default","twitter_image_url":null,"twitter_image_custom_url":null,"twitter_image_custom_fields":null,"twitter_title":null,"twitter_description":null,"schema":{"blockGraphs":[],"customGraphs":[],"default":{"data":{"Article":[],"Course":[],"Dataset":[],"FAQPage":[],"Movie":[],"Person":[],"Product":[],"ProductReview":[],"Car":[],"Recipe":[],"Service":[],"SoftwareApplication":[],"WebPage":[]},"graphName":"","isEnabled":true},"graphs":[]},"schema_type":null,"schema_type_options":null,"pillar_content":false,"robots_default":true,"robots_noindex":false,"robots_noarchive":false,"robots_nosnippet":false,"robots_nofollow":false,"robots_noimageindex":false,"robots_noodp":false,"robots_notranslate":false,"robots_max_snippet":null,"robots_max_videopreview":null,"robots_max_imagepreview":"large","priority":null,"frequency":null,"location":null,"local_seo":null,"seo_analyzer_scan_date":"2025-09-25 03:31:22","breadcrumb_settings":null,"limit_modified_date":false,"open_ai":null,"ai":null,"created":"2021-03-08 22:25:43","updated":"2025-09-25 03:31:22"},"aioseo_breadcrumb":"<div class=\"aioseo-breadcrumbs\"><span class=\"aioseo-breadcrumb\">\n\t<a href=\"https:\/\/eldigitaldeasturias.com\/magazine365\" title=\"Home\">Home<\/a>\n<\/span><span class=\"aioseo-breadcrumb-separator\">\u2013<\/span><span class=\"aioseo-breadcrumb\">\n\t<a href=\"https:\/\/eldigitaldeasturias.com\/magazine365\/category\/noticias-actualidad\/\" title=\"Noticias y Actualidad\">Noticias y Actualidad<\/a>\n<\/span><span class=\"aioseo-breadcrumb-separator\">\u2013<\/span><span class=\"aioseo-breadcrumb\">\n\t<a href=\"https:\/\/eldigitaldeasturias.com\/magazine365\/la-ue-exigira-que-las-cajas-negras-de-los-aviones-emitan-senales-durante-3-meses-en-caso-de-siniestro\/\" title=\"La UE exigir\u00e1 que las cajas negras de los aviones emitan se\u00f1ales durante 3 meses en caso de siniestro\">La UE exigir\u00e1 que las cajas negras de los aviones emitan se\u00f1ales durante 3 meses en caso de siniestro<\/a>\n<\/span><\/div>","aioseo_breadcrumb_json":[{"label":"Home","link":"https:\/\/eldigitaldeasturias.com\/magazine365"},{"label":"Noticias y Actualidad","link":"https:\/\/eldigitaldeasturias.com\/magazine365\/category\/noticias-actualidad\/"},{"label":"La UE exigir\u00e1 que las cajas negras de los aviones emitan se\u00f1ales durante 3 meses en caso de siniestro","link":"https:\/\/eldigitaldeasturias.com\/magazine365\/la-ue-exigira-que-las-cajas-negras-de-los-aviones-emitan-senales-durante-3-meses-en-caso-de-siniestro\/"}],"_links":{"self":[{"href":"https:\/\/eldigitaldeasturias.com\/magazine365\/wp-json\/wp\/v2\/posts\/58719","targetHints":{"allow":["GET"]}}],"collection":[{"href":"https:\/\/eldigitaldeasturias.com\/magazine365\/wp-json\/wp\/v2\/posts"}],"about":[{"href":"https:\/\/eldigitaldeasturias.com\/magazine365\/wp-json\/wp\/v2\/types\/post"}],"author":[{"embeddable":true,"href":"https:\/\/eldigitaldeasturias.com\/magazine365\/wp-json\/wp\/v2\/users\/1"}],"replies":[{"embeddable":true,"href":"https:\/\/eldigitaldeasturias.com\/magazine365\/wp-json\/wp\/v2\/comments?post=58719"}],"version-history":[{"count":0,"href":"https:\/\/eldigitaldeasturias.com\/magazine365\/wp-json\/wp\/v2\/posts\/58719\/revisions"}],"wp:featuredmedia":[{"embeddable":true,"href":"https:\/\/eldigitaldeasturias.com\/magazine365\/wp-json\/wp\/v2\/media\/58720"}],"wp:attachment":[{"href":"https:\/\/eldigitaldeasturias.com\/magazine365\/wp-json\/wp\/v2\/media?parent=58719"}],"wp:term":[{"taxonomy":"category","embeddable":true,"href":"https:\/\/eldigitaldeasturias.com\/magazine365\/wp-json\/wp\/v2\/categories?post=58719"},{"taxonomy":"post_tag","embeddable":true,"href":"https:\/\/eldigitaldeasturias.com\/magazine365\/wp-json\/wp\/v2\/tags?post=58719"}],"curies":[{"name":"wp","href":"https:\/\/api.w.org\/{rel}","templated":true}]}}