{"id":58717,"date":"2015-12-16T21:30:08","date_gmt":"2015-12-16T20:30:08","guid":{"rendered":"http:\/\/eldigitaldeasturias.com\/magazine365\/?p=58717"},"modified":"2015-12-16T21:30:08","modified_gmt":"2015-12-16T20:30:08","slug":"fomento-exige-lealtad-institucional-a-cataluna-ante-la-gravisima-situacion-de-los-robos-de-cables","status":"publish","type":"post","link":"https:\/\/eldigitaldeasturias.com\/magazine365\/fomento-exige-lealtad-institucional-a-cataluna-ante-la-gravisima-situacion-de-los-robos-de-cables\/","title":{"rendered":"Fomento exige \u00ablealtad institucional\u00bb a Catalu\u00f1a ante la \u00abgrav\u00edsima situaci\u00f3n\u00bb de los robos de cables"},"content":{"rendered":"<p><img fetchpriority=\"high\" decoding=\"async\" class=\"alignleft size-medium wp-image-58686\" src=\"https:\/\/eldigitaldeasturias.com\/magazine365\/wp-content\/uploads\/2015\/12\/fotonoticia_20151216151712_800-360x270.jpg\" alt=\"fotonoticia_20151216151712_800\" width=\"360\" height=\"270\" srcset=\"https:\/\/eldigitaldeasturias.com\/magazine365\/wp-content\/uploads\/2015\/12\/fotonoticia_20151216151712_800-360x270.jpg 360w, https:\/\/eldigitaldeasturias.com\/magazine365\/wp-content\/uploads\/2015\/12\/fotonoticia_20151216151712_800-650x488.jpg 650w, https:\/\/eldigitaldeasturias.com\/magazine365\/wp-content\/uploads\/2015\/12\/fotonoticia_20151216151712_800-768x576.jpg 768w, https:\/\/eldigitaldeasturias.com\/magazine365\/wp-content\/uploads\/2015\/12\/fotonoticia_20151216151712_800-150x113.jpg 150w, https:\/\/eldigitaldeasturias.com\/magazine365\/wp-content\/uploads\/2015\/12\/fotonoticia_20151216151712_800-450x338.jpg 450w, https:\/\/eldigitaldeasturias.com\/magazine365\/wp-content\/uploads\/2015\/12\/fotonoticia_20151216151712_800-80x60.jpg 80w, https:\/\/eldigitaldeasturias.com\/magazine365\/wp-content\/uploads\/2015\/12\/fotonoticia_20151216151712_800-265x198.jpg 265w, https:\/\/eldigitaldeasturias.com\/magazine365\/wp-content\/uploads\/2015\/12\/fotonoticia_20151216151712_800-696x522.jpg 696w, https:\/\/eldigitaldeasturias.com\/magazine365\/wp-content\/uploads\/2015\/12\/fotonoticia_20151216151712_800-560x420.jpg 560w, https:\/\/eldigitaldeasturias.com\/magazine365\/wp-content\/uploads\/2015\/12\/fotonoticia_20151216151712_800-90x67.jpg 90w, https:\/\/eldigitaldeasturias.com\/magazine365\/wp-content\/uploads\/2015\/12\/fotonoticia_20151216151712_800-100x75.jpg 100w, https:\/\/eldigitaldeasturias.com\/magazine365\/wp-content\/uploads\/2015\/12\/fotonoticia_20151216151712_800.jpg 800w\" sizes=\"(max-width: 360px) 100vw, 360px\" \/>La ministra de Fomento, Ana Pastor, ha calificado como \u00abgrav\u00edsima\u00bb la situaci\u00f3n de los robos de cables de cobre en el servicio ferroviario de Alta Velocidad de Catalu\u00f1a, al tiempo que ha exigido \u00ablealtad institucional\u00bb a esa Comunidad.<\/p>\n<p>\u00abLlevamos ya m\u00e1s de 350 denuncias en los \u00faltimos meses\u00bb, ha manifestado la titular de Fomento, que ha a\u00f1adido que se trata de una circunstancia que no ocurre \u00aben ning\u00fan otro lugar de Espa\u00f1a\u00bb. \u00abEstamos francamente preocupados\u00bb, ha apostillado.<\/p>\n<p>Por ello, la titular de Fomento ha pedido \u00ablealtad institucional y colaboraci\u00f3n de todos porque esto es grav\u00edsimo\u00bb, seg\u00fan declar\u00f3 tras reunirse en Pontevedra con el presidente del Adif, Gonzalo Ferre, y la conselleira de Infraestruturas de la Xunta de Galicia, Ethel V\u00e1zquez, para abordar la intermodalidad de las estaciones gallegas.<\/p>\n<p>\u00abQUE COLABOREN TODOS\u00bb.<\/p>\n<p>En esa l\u00ednea, la ministra de Fomento ha afirmado que lo que sucede en Espa\u00f1a con los robos de cable \u00abno pasa en ning\u00fan lugar del mundo\u00bb, al indicar que ya se han interpuesto \u00ab350 denuncias por otros tantos robos\u00bb, algo que no considera normal. \u00abEsto es la cosa m\u00e1s ins\u00f3lita y vergonzosa que est\u00e1 pasando en nuestro pa\u00eds y yo le pido a las instituciones que colaboren todos\u00bb, a\u00f1adi\u00f3.<\/p>\n<p>En su opini\u00f3n, en Espa\u00f1a \u00abhay mucha costumbre en la vida p\u00fablica de mirar para otro lado\u00bb, con lo que insisti\u00f3 en su petici\u00f3n de colaboraci\u00f3n para que \u00abesto no nos vuelva a ocurrir\u00bb.<\/p>\n<p>Ante la solicitud de los periodistas para que concretase a qui\u00e9n iba dirigida su petici\u00f3n, Ana Pastor ha contestado que \u00abaqu\u00ed en Galicia nos explicamos bastante clari\u00f1o y no hace falta que yo diga una palabra m\u00e1s\u00bb.<\/p>\n<p>MILLONES EN DA\u00d1OS<\/p>\n<p>En el \u00faltimo robo, seg\u00fan ha detallado Ana Pastor, \u00abno s\u00f3lo es que se hayan llevado 350 metros de cobre, que es mucho\u00bb, sino que ha ca\u00eddo una l\u00ednea de alta tensi\u00f3n sobre una de baja tensi\u00f3n \u00aby la ha quemado entera\u00bb. Estas infraestructuras que han quedado calcinadas \u00abtienen un coste de m\u00e1s de 30 millones de euros\u00bb, seg\u00fan le informaron este mi\u00e9rcoles a la ministra los t\u00e9cnicos del Adif.<\/p>\n<p>En concreto, se han quemado tres enclavamientos, ha indicado Ana Pastor, \u00abson estructuras costos\u00edsimas que permiten gestionar el tren\u00bb. \u00abHemos tenido que bajar la frecuencia del n\u00famero de trenes y poner en algunos casos alternativas de transporte por carretera\u00bb, ha apostillado.<\/p>\n<p>Tambi\u00e9n la ministra ha se\u00f1alado que los t\u00e9cnicos de Adif trabajan \u00abcon toda intensidad\u00bb para intentar que, \u00aben el menor tiempo que se pueda\u00bb, vuelvan a funcionar esos enclavamientos, \u00abalgo costoso y dificultoso\u00bb.<\/p>\n","protected":false},"excerpt":{"rendered":"<p>La ministra de Fomento, Ana Pastor, ha calificado como \u00abgrav\u00edsima\u00bb la situaci\u00f3n de los robos de cables de cobre en el servicio ferroviario de Alta Velocidad de Catalu\u00f1a, al tiempo que ha exigido \u00ablealtad institucional\u00bb a esa Comunidad. \u00abLlevamos ya m\u00e1s de 350 denuncias en los \u00faltimos meses\u00bb, ha manifestado la titular de Fomento, que<\/p>\n","protected":false},"author":1,"featured_media":58686,"comment_status":"open","ping_status":"closed","sticky":false,"template":"","format":"standard","meta":{"footnotes":""},"categories":[224],"tags":[],"class_list":{"0":"post-58717","1":"post","2":"type-post","3":"status-publish","4":"format-standard","5":"has-post-thumbnail","7":"category-noticias-actualidad"},"aioseo_notices":[],"aioseo_head":"\n\t\t<!-- All in One SEO Pro 4.9.6.1 - aioseo.com -->\n\t<meta name=\"description\" content=\"La ministra de Fomento, Ana Pastor, ha calificado como &quot;grav\u00edsima&quot; la situaci\u00f3n de los robos de cables de cobre en el servicio ferroviario de Alta Velocidad de Catalu\u00f1a, al tiempo que ha exigido &quot;lealtad institucional&quot; a esa Comunidad. &quot;Llevamos ya m\u00e1s de 350 denuncias en los \u00faltimos meses&quot;, ha manifestado la titular de Fomento, que\" \/>\n\t<meta name=\"robots\" content=\"max-image-preview:large\" \/>\n\t<meta name=\"author\" content=\"admin\"\/>\n\t<meta name=\"google-site-verification\" content=\"UA-38556648-1\" \/>\n\t<meta name=\"keywords\" content=\"noticias y actualidad\" \/>\n\t<link rel=\"canonical\" href=\"https:\/\/eldigitaldeasturias.com\/magazine365\/fomento-exige-lealtad-institucional-a-cataluna-ante-la-gravisima-situacion-de-los-robos-de-cables\/\" \/>\n\t<meta name=\"generator\" content=\"All in One SEO Pro (AIOSEO) 4.9.6.1\" \/>\n\t\t<meta property=\"og:locale\" content=\"es_ES\" \/>\n\t\t<meta property=\"og:site_name\" content=\"El Digital de Asturias \u2013 Revista de ocio, turismo y estilo de vida\" \/>\n\t\t<meta property=\"og:type\" content=\"article\" \/>\n\t\t<meta property=\"og:title\" content=\"Fomento exige \u00ablealtad institucional\u00bb a Catalu\u00f1a ante la \u00abgrav\u00edsima situaci\u00f3n\u00bb de los robos de cables | El Digital de Asturias\" \/>\n\t\t<meta property=\"og:description\" content=\"La ministra de Fomento, Ana Pastor, ha calificado como &quot;grav\u00edsima&quot; la situaci\u00f3n de los robos de cables de cobre en el servicio ferroviario de Alta Velocidad de Catalu\u00f1a, al tiempo que ha exigido &quot;lealtad institucional&quot; a esa Comunidad. &quot;Llevamos ya m\u00e1s de 350 denuncias en los \u00faltimos meses&quot;, ha manifestado la titular de Fomento, que\" \/>\n\t\t<meta property=\"og:url\" content=\"https:\/\/eldigitaldeasturias.com\/magazine365\/fomento-exige-lealtad-institucional-a-cataluna-ante-la-gravisima-situacion-de-los-robos-de-cables\/\" \/>\n\t\t<meta property=\"og:image\" content=\"https:\/\/eldigitaldeasturias.com\/magazine365\/wp-content\/uploads\/2015\/12\/fotonoticia_20151216151712_800.jpg\" \/>\n\t\t<meta property=\"og:image:secure_url\" content=\"https:\/\/eldigitaldeasturias.com\/magazine365\/wp-content\/uploads\/2015\/12\/fotonoticia_20151216151712_800.jpg\" \/>\n\t\t<meta property=\"og:image:width\" content=\"800\" \/>\n\t\t<meta property=\"og:image:height\" content=\"600\" \/>\n\t\t<meta property=\"article:published_time\" content=\"2015-12-16T20:30:08+00:00\" \/>\n\t\t<meta property=\"article:modified_time\" content=\"2015-12-16T20:30:08+00:00\" \/>\n\t\t<meta name=\"twitter:card\" content=\"summary_large_image\" \/>\n\t\t<meta name=\"twitter:title\" content=\"Fomento exige \u00ablealtad institucional\u00bb a Catalu\u00f1a ante la \u00abgrav\u00edsima situaci\u00f3n\u00bb de los robos de cables | El Digital de Asturias\" \/>\n\t\t<meta name=\"twitter:description\" content=\"La ministra de Fomento, Ana Pastor, ha calificado como &quot;grav\u00edsima&quot; la situaci\u00f3n de los robos de cables de cobre en el servicio ferroviario de Alta Velocidad de Catalu\u00f1a, al tiempo que ha exigido &quot;lealtad institucional&quot; a esa Comunidad. &quot;Llevamos ya m\u00e1s de 350 denuncias en los \u00faltimos meses&quot;, ha manifestado la titular de Fomento, que\" \/>\n\t\t<meta name=\"twitter:image\" content=\"https:\/\/eldigitaldeasturias.com\/magazine365\/wp-content\/uploads\/2015\/12\/fotonoticia_20151216151712_800.jpg\" \/>\n\t\t<script type=\"application\/ld+json\" class=\"aioseo-schema\">\n\t\t\t{\"@context\":\"https:\\\/\\\/schema.org\",\"@graph\":[{\"@type\":\"Article\",\"@id\":\"https:\\\/\\\/eldigitaldeasturias.com\\\/magazine365\\\/fomento-exige-lealtad-institucional-a-cataluna-ante-la-gravisima-situacion-de-los-robos-de-cables\\\/#article\",\"name\":\"Fomento exige \\u00ablealtad institucional\\u00bb a Catalu\\u00f1a ante la \\u00abgrav\\u00edsima situaci\\u00f3n\\u00bb de los robos de cables | El Digital de Asturias\",\"headline\":\"Fomento exige \\u00ablealtad institucional\\u00bb a Catalu\\u00f1a ante la \\u00abgrav\\u00edsima situaci\\u00f3n\\u00bb de los robos de cables\",\"author\":{\"@id\":\"https:\\\/\\\/eldigitaldeasturias.com\\\/magazine365\\\/author\\\/admin\\\/#author\"},\"publisher\":{\"@id\":\"https:\\\/\\\/eldigitaldeasturias.com\\\/magazine365\\\/#organization\"},\"image\":{\"@type\":\"ImageObject\",\"url\":\"https:\\\/\\\/eldigitaldeasturias.com\\\/magazine365\\\/wp-content\\\/uploads\\\/2015\\\/12\\\/fotonoticia_20151216151712_800.jpg\",\"width\":800,\"height\":600},\"datePublished\":\"2015-12-16T21:30:08+01:00\",\"dateModified\":\"2015-12-16T21:30:08+01:00\",\"inLanguage\":\"es-ES\",\"mainEntityOfPage\":{\"@id\":\"https:\\\/\\\/eldigitaldeasturias.com\\\/magazine365\\\/fomento-exige-lealtad-institucional-a-cataluna-ante-la-gravisima-situacion-de-los-robos-de-cables\\\/#webpage\"},\"isPartOf\":{\"@id\":\"https:\\\/\\\/eldigitaldeasturias.com\\\/magazine365\\\/fomento-exige-lealtad-institucional-a-cataluna-ante-la-gravisima-situacion-de-los-robos-de-cables\\\/#webpage\"},\"articleSection\":\"Noticias y Actualidad\"},{\"@type\":\"BreadcrumbList\",\"@id\":\"https:\\\/\\\/eldigitaldeasturias.com\\\/magazine365\\\/fomento-exige-lealtad-institucional-a-cataluna-ante-la-gravisima-situacion-de-los-robos-de-cables\\\/#breadcrumblist\",\"itemListElement\":[{\"@type\":\"ListItem\",\"@id\":\"https:\\\/\\\/eldigitaldeasturias.com\\\/magazine365#listItem\",\"position\":1,\"name\":\"Home\",\"item\":\"https:\\\/\\\/eldigitaldeasturias.com\\\/magazine365\",\"nextItem\":{\"@type\":\"ListItem\",\"@id\":\"https:\\\/\\\/eldigitaldeasturias.com\\\/magazine365\\\/category\\\/noticias-actualidad\\\/#listItem\",\"name\":\"Noticias y Actualidad\"}},{\"@type\":\"ListItem\",\"@id\":\"https:\\\/\\\/eldigitaldeasturias.com\\\/magazine365\\\/category\\\/noticias-actualidad\\\/#listItem\",\"position\":2,\"name\":\"Noticias y Actualidad\",\"item\":\"https:\\\/\\\/eldigitaldeasturias.com\\\/magazine365\\\/category\\\/noticias-actualidad\\\/\",\"nextItem\":{\"@type\":\"ListItem\",\"@id\":\"https:\\\/\\\/eldigitaldeasturias.com\\\/magazine365\\\/fomento-exige-lealtad-institucional-a-cataluna-ante-la-gravisima-situacion-de-los-robos-de-cables\\\/#listItem\",\"name\":\"Fomento exige \\u00ablealtad institucional\\u00bb a Catalu\\u00f1a ante la \\u00abgrav\\u00edsima situaci\\u00f3n\\u00bb de los robos de cables\"},\"previousItem\":{\"@type\":\"ListItem\",\"@id\":\"https:\\\/\\\/eldigitaldeasturias.com\\\/magazine365#listItem\",\"name\":\"Home\"}},{\"@type\":\"ListItem\",\"@id\":\"https:\\\/\\\/eldigitaldeasturias.com\\\/magazine365\\\/fomento-exige-lealtad-institucional-a-cataluna-ante-la-gravisima-situacion-de-los-robos-de-cables\\\/#listItem\",\"position\":3,\"name\":\"Fomento exige \\u00ablealtad institucional\\u00bb a Catalu\\u00f1a ante la \\u00abgrav\\u00edsima situaci\\u00f3n\\u00bb de los robos de cables\",\"previousItem\":{\"@type\":\"ListItem\",\"@id\":\"https:\\\/\\\/eldigitaldeasturias.com\\\/magazine365\\\/category\\\/noticias-actualidad\\\/#listItem\",\"name\":\"Noticias y Actualidad\"}}]},{\"@type\":\"Organization\",\"@id\":\"https:\\\/\\\/eldigitaldeasturias.com\\\/magazine365\\\/#organization\",\"name\":\"El digital de Asturias\",\"description\":\"Revista de ocio, turismo y estilo de vida\",\"url\":\"https:\\\/\\\/eldigitaldeasturias.com\\\/magazine365\\\/\",\"logo\":{\"@type\":\"ImageObject\",\"url\":\"https:\\\/\\\/www.eldigitaldeasturias.com\\\/noticias\\\/wp-content\\\/uploads\\\/2020\\\/12\\\/EDA.jpg\",\"@id\":\"https:\\\/\\\/eldigitaldeasturias.com\\\/magazine365\\\/fomento-exige-lealtad-institucional-a-cataluna-ante-la-gravisima-situacion-de-los-robos-de-cables\\\/#organizationLogo\"},\"image\":{\"@id\":\"https:\\\/\\\/eldigitaldeasturias.com\\\/magazine365\\\/fomento-exige-lealtad-institucional-a-cataluna-ante-la-gravisima-situacion-de-los-robos-de-cables\\\/#organizationLogo\"}},{\"@type\":\"Person\",\"@id\":\"https:\\\/\\\/eldigitaldeasturias.com\\\/magazine365\\\/author\\\/admin\\\/#author\",\"url\":\"https:\\\/\\\/eldigitaldeasturias.com\\\/magazine365\\\/author\\\/admin\\\/\",\"name\":\"admin\",\"image\":{\"@type\":\"ImageObject\",\"@id\":\"https:\\\/\\\/eldigitaldeasturias.com\\\/magazine365\\\/fomento-exige-lealtad-institucional-a-cataluna-ante-la-gravisima-situacion-de-los-robos-de-cables\\\/#authorImage\",\"url\":\"https:\\\/\\\/eldigitaldeasturias.com\\\/magazine365\\\/wp-content\\\/litespeed\\\/avatar\\\/e571bcf59a0edd6fa6838245a470f2fe.jpg?ver=1777574230\",\"width\":96,\"height\":96,\"caption\":\"admin\"}},{\"@type\":\"WebPage\",\"@id\":\"https:\\\/\\\/eldigitaldeasturias.com\\\/magazine365\\\/fomento-exige-lealtad-institucional-a-cataluna-ante-la-gravisima-situacion-de-los-robos-de-cables\\\/#webpage\",\"url\":\"https:\\\/\\\/eldigitaldeasturias.com\\\/magazine365\\\/fomento-exige-lealtad-institucional-a-cataluna-ante-la-gravisima-situacion-de-los-robos-de-cables\\\/\",\"name\":\"Fomento exige \\u00ablealtad institucional\\u00bb a Catalu\\u00f1a ante la \\u00abgrav\\u00edsima situaci\\u00f3n\\u00bb de los robos de cables | El Digital de Asturias\",\"description\":\"La ministra de Fomento, Ana Pastor, ha calificado como \\\"grav\\u00edsima\\\" la situaci\\u00f3n de los robos de cables de cobre en el servicio ferroviario de Alta Velocidad de Catalu\\u00f1a, al tiempo que ha exigido \\\"lealtad institucional\\\" a esa Comunidad. \\\"Llevamos ya m\\u00e1s de 350 denuncias en los \\u00faltimos meses\\\", ha manifestado la titular de Fomento, que\",\"inLanguage\":\"es-ES\",\"isPartOf\":{\"@id\":\"https:\\\/\\\/eldigitaldeasturias.com\\\/magazine365\\\/#website\"},\"breadcrumb\":{\"@id\":\"https:\\\/\\\/eldigitaldeasturias.com\\\/magazine365\\\/fomento-exige-lealtad-institucional-a-cataluna-ante-la-gravisima-situacion-de-los-robos-de-cables\\\/#breadcrumblist\"},\"author\":{\"@id\":\"https:\\\/\\\/eldigitaldeasturias.com\\\/magazine365\\\/author\\\/admin\\\/#author\"},\"creator\":{\"@id\":\"https:\\\/\\\/eldigitaldeasturias.com\\\/magazine365\\\/author\\\/admin\\\/#author\"},\"image\":{\"@type\":\"ImageObject\",\"url\":\"https:\\\/\\\/eldigitaldeasturias.com\\\/magazine365\\\/wp-content\\\/uploads\\\/2015\\\/12\\\/fotonoticia_20151216151712_800.jpg\",\"@id\":\"https:\\\/\\\/eldigitaldeasturias.com\\\/magazine365\\\/fomento-exige-lealtad-institucional-a-cataluna-ante-la-gravisima-situacion-de-los-robos-de-cables\\\/#mainImage\",\"width\":800,\"height\":600},\"primaryImageOfPage\":{\"@id\":\"https:\\\/\\\/eldigitaldeasturias.com\\\/magazine365\\\/fomento-exige-lealtad-institucional-a-cataluna-ante-la-gravisima-situacion-de-los-robos-de-cables\\\/#mainImage\"},\"datePublished\":\"2015-12-16T21:30:08+01:00\",\"dateModified\":\"2015-12-16T21:30:08+01:00\"},{\"@type\":\"WebSite\",\"@id\":\"https:\\\/\\\/eldigitaldeasturias.com\\\/magazine365\\\/#website\",\"url\":\"https:\\\/\\\/eldigitaldeasturias.com\\\/magazine365\\\/\",\"name\":\"El Digital de Asturias\",\"description\":\"Revista de ocio, turismo y estilo de vida\",\"inLanguage\":\"es-ES\",\"publisher\":{\"@id\":\"https:\\\/\\\/eldigitaldeasturias.com\\\/magazine365\\\/#organization\"}}]}\n\t\t<\/script>\n\t\t<!-- All in One SEO Pro -->\r\n\t\t<title>Fomento exige \u00ablealtad institucional\u00bb a Catalu\u00f1a ante la \u00abgrav\u00edsima situaci\u00f3n\u00bb de los robos de cables | El Digital de Asturias<\/title>\n\n","aioseo_head_json":{"title":"Fomento exige \u00ablealtad institucional\u00bb a Catalu\u00f1a ante la \u00abgrav\u00edsima situaci\u00f3n\u00bb de los robos de cables | El Digital de Asturias","description":"La ministra de Fomento, Ana Pastor, ha calificado como \"grav\u00edsima\" la situaci\u00f3n de los robos de cables de cobre en el servicio ferroviario de Alta Velocidad de Catalu\u00f1a, al tiempo que ha exigido \"lealtad institucional\" a esa Comunidad. \"Llevamos ya m\u00e1s de 350 denuncias en los \u00faltimos meses\", ha manifestado la titular de Fomento, que","canonical_url":"https:\/\/eldigitaldeasturias.com\/magazine365\/fomento-exige-lealtad-institucional-a-cataluna-ante-la-gravisima-situacion-de-los-robos-de-cables\/","robots":"max-image-preview:large","keywords":"noticias y actualidad","webmasterTools":{"google-site-verification":"UA-38556648-1","miscellaneous":""},"schema":{"@context":"https:\/\/schema.org","@graph":[{"@type":"Article","@id":"https:\/\/eldigitaldeasturias.com\/magazine365\/fomento-exige-lealtad-institucional-a-cataluna-ante-la-gravisima-situacion-de-los-robos-de-cables\/#article","name":"Fomento exige \u00ablealtad institucional\u00bb a Catalu\u00f1a ante la \u00abgrav\u00edsima situaci\u00f3n\u00bb de los robos de cables | El Digital de Asturias","headline":"Fomento exige \u00ablealtad institucional\u00bb a Catalu\u00f1a ante la \u00abgrav\u00edsima situaci\u00f3n\u00bb de los robos de cables","author":{"@id":"https:\/\/eldigitaldeasturias.com\/magazine365\/author\/admin\/#author"},"publisher":{"@id":"https:\/\/eldigitaldeasturias.com\/magazine365\/#organization"},"image":{"@type":"ImageObject","url":"https:\/\/eldigitaldeasturias.com\/magazine365\/wp-content\/uploads\/2015\/12\/fotonoticia_20151216151712_800.jpg","width":800,"height":600},"datePublished":"2015-12-16T21:30:08+01:00","dateModified":"2015-12-16T21:30:08+01:00","inLanguage":"es-ES","mainEntityOfPage":{"@id":"https:\/\/eldigitaldeasturias.com\/magazine365\/fomento-exige-lealtad-institucional-a-cataluna-ante-la-gravisima-situacion-de-los-robos-de-cables\/#webpage"},"isPartOf":{"@id":"https:\/\/eldigitaldeasturias.com\/magazine365\/fomento-exige-lealtad-institucional-a-cataluna-ante-la-gravisima-situacion-de-los-robos-de-cables\/#webpage"},"articleSection":"Noticias y Actualidad"},{"@type":"BreadcrumbList","@id":"https:\/\/eldigitaldeasturias.com\/magazine365\/fomento-exige-lealtad-institucional-a-cataluna-ante-la-gravisima-situacion-de-los-robos-de-cables\/#breadcrumblist","itemListElement":[{"@type":"ListItem","@id":"https:\/\/eldigitaldeasturias.com\/magazine365#listItem","position":1,"name":"Home","item":"https:\/\/eldigitaldeasturias.com\/magazine365","nextItem":{"@type":"ListItem","@id":"https:\/\/eldigitaldeasturias.com\/magazine365\/category\/noticias-actualidad\/#listItem","name":"Noticias y Actualidad"}},{"@type":"ListItem","@id":"https:\/\/eldigitaldeasturias.com\/magazine365\/category\/noticias-actualidad\/#listItem","position":2,"name":"Noticias y Actualidad","item":"https:\/\/eldigitaldeasturias.com\/magazine365\/category\/noticias-actualidad\/","nextItem":{"@type":"ListItem","@id":"https:\/\/eldigitaldeasturias.com\/magazine365\/fomento-exige-lealtad-institucional-a-cataluna-ante-la-gravisima-situacion-de-los-robos-de-cables\/#listItem","name":"Fomento exige \u00ablealtad institucional\u00bb a Catalu\u00f1a ante la \u00abgrav\u00edsima situaci\u00f3n\u00bb de los robos de cables"},"previousItem":{"@type":"ListItem","@id":"https:\/\/eldigitaldeasturias.com\/magazine365#listItem","name":"Home"}},{"@type":"ListItem","@id":"https:\/\/eldigitaldeasturias.com\/magazine365\/fomento-exige-lealtad-institucional-a-cataluna-ante-la-gravisima-situacion-de-los-robos-de-cables\/#listItem","position":3,"name":"Fomento exige \u00ablealtad institucional\u00bb a Catalu\u00f1a ante la \u00abgrav\u00edsima situaci\u00f3n\u00bb de los robos de cables","previousItem":{"@type":"ListItem","@id":"https:\/\/eldigitaldeasturias.com\/magazine365\/category\/noticias-actualidad\/#listItem","name":"Noticias y Actualidad"}}]},{"@type":"Organization","@id":"https:\/\/eldigitaldeasturias.com\/magazine365\/#organization","name":"El digital de Asturias","description":"Revista de ocio, turismo y estilo de vida","url":"https:\/\/eldigitaldeasturias.com\/magazine365\/","logo":{"@type":"ImageObject","url":"https:\/\/www.eldigitaldeasturias.com\/noticias\/wp-content\/uploads\/2020\/12\/EDA.jpg","@id":"https:\/\/eldigitaldeasturias.com\/magazine365\/fomento-exige-lealtad-institucional-a-cataluna-ante-la-gravisima-situacion-de-los-robos-de-cables\/#organizationLogo"},"image":{"@id":"https:\/\/eldigitaldeasturias.com\/magazine365\/fomento-exige-lealtad-institucional-a-cataluna-ante-la-gravisima-situacion-de-los-robos-de-cables\/#organizationLogo"}},{"@type":"Person","@id":"https:\/\/eldigitaldeasturias.com\/magazine365\/author\/admin\/#author","url":"https:\/\/eldigitaldeasturias.com\/magazine365\/author\/admin\/","name":"admin","image":{"@type":"ImageObject","@id":"https:\/\/eldigitaldeasturias.com\/magazine365\/fomento-exige-lealtad-institucional-a-cataluna-ante-la-gravisima-situacion-de-los-robos-de-cables\/#authorImage","url":"https:\/\/eldigitaldeasturias.com\/magazine365\/wp-content\/litespeed\/avatar\/e571bcf59a0edd6fa6838245a470f2fe.jpg?ver=1777574230","width":96,"height":96,"caption":"admin"}},{"@type":"WebPage","@id":"https:\/\/eldigitaldeasturias.com\/magazine365\/fomento-exige-lealtad-institucional-a-cataluna-ante-la-gravisima-situacion-de-los-robos-de-cables\/#webpage","url":"https:\/\/eldigitaldeasturias.com\/magazine365\/fomento-exige-lealtad-institucional-a-cataluna-ante-la-gravisima-situacion-de-los-robos-de-cables\/","name":"Fomento exige \u00ablealtad institucional\u00bb a Catalu\u00f1a ante la \u00abgrav\u00edsima situaci\u00f3n\u00bb de los robos de cables | El Digital de Asturias","description":"La ministra de Fomento, Ana Pastor, ha calificado como \"grav\u00edsima\" la situaci\u00f3n de los robos de cables de cobre en el servicio ferroviario de Alta Velocidad de Catalu\u00f1a, al tiempo que ha exigido \"lealtad institucional\" a esa Comunidad. \"Llevamos ya m\u00e1s de 350 denuncias en los \u00faltimos meses\", ha manifestado la titular de Fomento, que","inLanguage":"es-ES","isPartOf":{"@id":"https:\/\/eldigitaldeasturias.com\/magazine365\/#website"},"breadcrumb":{"@id":"https:\/\/eldigitaldeasturias.com\/magazine365\/fomento-exige-lealtad-institucional-a-cataluna-ante-la-gravisima-situacion-de-los-robos-de-cables\/#breadcrumblist"},"author":{"@id":"https:\/\/eldigitaldeasturias.com\/magazine365\/author\/admin\/#author"},"creator":{"@id":"https:\/\/eldigitaldeasturias.com\/magazine365\/author\/admin\/#author"},"image":{"@type":"ImageObject","url":"https:\/\/eldigitaldeasturias.com\/magazine365\/wp-content\/uploads\/2015\/12\/fotonoticia_20151216151712_800.jpg","@id":"https:\/\/eldigitaldeasturias.com\/magazine365\/fomento-exige-lealtad-institucional-a-cataluna-ante-la-gravisima-situacion-de-los-robos-de-cables\/#mainImage","width":800,"height":600},"primaryImageOfPage":{"@id":"https:\/\/eldigitaldeasturias.com\/magazine365\/fomento-exige-lealtad-institucional-a-cataluna-ante-la-gravisima-situacion-de-los-robos-de-cables\/#mainImage"},"datePublished":"2015-12-16T21:30:08+01:00","dateModified":"2015-12-16T21:30:08+01:00"},{"@type":"WebSite","@id":"https:\/\/eldigitaldeasturias.com\/magazine365\/#website","url":"https:\/\/eldigitaldeasturias.com\/magazine365\/","name":"El Digital de Asturias","description":"Revista de ocio, turismo y estilo de vida","inLanguage":"es-ES","publisher":{"@id":"https:\/\/eldigitaldeasturias.com\/magazine365\/#organization"}}]},"og:locale":"es_ES","og:site_name":"El Digital de Asturias \u2013 Revista de ocio, turismo y estilo de vida","og:type":"article","og:title":"Fomento exige \u00ablealtad institucional\u00bb a Catalu\u00f1a ante la \u00abgrav\u00edsima situaci\u00f3n\u00bb de los robos de cables | El Digital de Asturias","og:description":"La ministra de Fomento, Ana Pastor, ha calificado como &quot;grav\u00edsima&quot; la situaci\u00f3n de los robos de cables de cobre en el servicio ferroviario de Alta Velocidad de Catalu\u00f1a, al tiempo que ha exigido &quot;lealtad institucional&quot; a esa Comunidad. &quot;Llevamos ya m\u00e1s de 350 denuncias en los \u00faltimos meses&quot;, ha manifestado la titular de Fomento, que","og:url":"https:\/\/eldigitaldeasturias.com\/magazine365\/fomento-exige-lealtad-institucional-a-cataluna-ante-la-gravisima-situacion-de-los-robos-de-cables\/","og:image":"https:\/\/eldigitaldeasturias.com\/magazine365\/wp-content\/uploads\/2015\/12\/fotonoticia_20151216151712_800.jpg","og:image:secure_url":"https:\/\/eldigitaldeasturias.com\/magazine365\/wp-content\/uploads\/2015\/12\/fotonoticia_20151216151712_800.jpg","og:image:width":800,"og:image:height":600,"article:published_time":"2015-12-16T20:30:08+00:00","article:modified_time":"2015-12-16T20:30:08+00:00","twitter:card":"summary_large_image","twitter:title":"Fomento exige \u00ablealtad institucional\u00bb a Catalu\u00f1a ante la \u00abgrav\u00edsima situaci\u00f3n\u00bb de los robos de cables | El Digital de Asturias","twitter:description":"La ministra de Fomento, Ana Pastor, ha calificado como &quot;grav\u00edsima&quot; la situaci\u00f3n de los robos de cables de cobre en el servicio ferroviario de Alta Velocidad de Catalu\u00f1a, al tiempo que ha exigido &quot;lealtad institucional&quot; a esa Comunidad. &quot;Llevamos ya m\u00e1s de 350 denuncias en los \u00faltimos meses&quot;, ha manifestado la titular de Fomento, que","twitter:image":"https:\/\/eldigitaldeasturias.com\/magazine365\/wp-content\/uploads\/2015\/12\/fotonoticia_20151216151712_800.jpg"},"aioseo_meta_data":{"post_id":"58717","title":null,"description":null,"keywords":null,"keyphrases":null,"primary_term":null,"canonical_url":null,"og_title":null,"og_description":null,"og_object_type":"default","og_image_type":"default","og_image_url":null,"og_image_width":null,"og_image_height":null,"og_image_custom_url":null,"og_image_custom_fields":null,"og_video":null,"og_custom_url":null,"og_article_section":null,"og_article_tags":null,"twitter_use_og":false,"twitter_card":"default","twitter_image_type":"default","twitter_image_url":null,"twitter_image_custom_url":null,"twitter_image_custom_fields":null,"twitter_title":null,"twitter_description":null,"schema":{"blockGraphs":[],"customGraphs":[],"default":{"data":{"Article":[],"Course":[],"Dataset":[],"FAQPage":[],"Movie":[],"Person":[],"Product":[],"ProductReview":[],"Car":[],"Recipe":[],"Service":[],"SoftwareApplication":[],"WebPage":[]},"graphName":"","isEnabled":true},"graphs":[]},"schema_type":null,"schema_type_options":null,"pillar_content":false,"robots_default":true,"robots_noindex":false,"robots_noarchive":false,"robots_nosnippet":false,"robots_nofollow":false,"robots_noimageindex":false,"robots_noodp":false,"robots_notranslate":false,"robots_max_snippet":null,"robots_max_videopreview":null,"robots_max_imagepreview":"large","priority":null,"frequency":null,"location":null,"local_seo":null,"seo_analyzer_scan_date":"2025-09-25 03:31:21","breadcrumb_settings":null,"limit_modified_date":false,"open_ai":null,"ai":null,"created":"2021-03-08 22:25:43","updated":"2025-09-25 03:31:21"},"aioseo_breadcrumb":"<div class=\"aioseo-breadcrumbs\"><span class=\"aioseo-breadcrumb\">\n\t<a href=\"https:\/\/eldigitaldeasturias.com\/magazine365\" title=\"Home\">Home<\/a>\n<\/span><span class=\"aioseo-breadcrumb-separator\">\u2013<\/span><span class=\"aioseo-breadcrumb\">\n\t<a href=\"https:\/\/eldigitaldeasturias.com\/magazine365\/category\/noticias-actualidad\/\" title=\"Noticias y Actualidad\">Noticias y Actualidad<\/a>\n<\/span><span class=\"aioseo-breadcrumb-separator\">\u2013<\/span><span class=\"aioseo-breadcrumb\">\n\t<a href=\"https:\/\/eldigitaldeasturias.com\/magazine365\/fomento-exige-lealtad-institucional-a-cataluna-ante-la-gravisima-situacion-de-los-robos-de-cables\/\" title=\"Fomento exige \u00ablealtad institucional\u00bb a Catalu\u00f1a ante la \u00abgrav\u00edsima situaci\u00f3n\u00bb de los robos de cables\">Fomento exige \u00ablealtad institucional\u00bb a Catalu\u00f1a ante la \u00abgrav\u00edsima situaci\u00f3n\u00bb de los robos de cables<\/a>\n<\/span><\/div>","aioseo_breadcrumb_json":[{"label":"Home","link":"https:\/\/eldigitaldeasturias.com\/magazine365"},{"label":"Noticias y Actualidad","link":"https:\/\/eldigitaldeasturias.com\/magazine365\/category\/noticias-actualidad\/"},{"label":"Fomento exige \u00ablealtad institucional\u00bb a Catalu\u00f1a ante la \u00abgrav\u00edsima situaci\u00f3n\u00bb de los robos de cables","link":"https:\/\/eldigitaldeasturias.com\/magazine365\/fomento-exige-lealtad-institucional-a-cataluna-ante-la-gravisima-situacion-de-los-robos-de-cables\/"}],"_links":{"self":[{"href":"https:\/\/eldigitaldeasturias.com\/magazine365\/wp-json\/wp\/v2\/posts\/58717","targetHints":{"allow":["GET"]}}],"collection":[{"href":"https:\/\/eldigitaldeasturias.com\/magazine365\/wp-json\/wp\/v2\/posts"}],"about":[{"href":"https:\/\/eldigitaldeasturias.com\/magazine365\/wp-json\/wp\/v2\/types\/post"}],"author":[{"embeddable":true,"href":"https:\/\/eldigitaldeasturias.com\/magazine365\/wp-json\/wp\/v2\/users\/1"}],"replies":[{"embeddable":true,"href":"https:\/\/eldigitaldeasturias.com\/magazine365\/wp-json\/wp\/v2\/comments?post=58717"}],"version-history":[{"count":0,"href":"https:\/\/eldigitaldeasturias.com\/magazine365\/wp-json\/wp\/v2\/posts\/58717\/revisions"}],"wp:featuredmedia":[{"embeddable":true,"href":"https:\/\/eldigitaldeasturias.com\/magazine365\/wp-json\/wp\/v2\/media\/58686"}],"wp:attachment":[{"href":"https:\/\/eldigitaldeasturias.com\/magazine365\/wp-json\/wp\/v2\/media?parent=58717"}],"wp:term":[{"taxonomy":"category","embeddable":true,"href":"https:\/\/eldigitaldeasturias.com\/magazine365\/wp-json\/wp\/v2\/categories?post=58717"},{"taxonomy":"post_tag","embeddable":true,"href":"https:\/\/eldigitaldeasturias.com\/magazine365\/wp-json\/wp\/v2\/tags?post=58717"}],"curies":[{"name":"wp","href":"https:\/\/api.w.org\/{rel}","templated":true}]}}