{"id":58688,"date":"2015-12-16T21:01:43","date_gmt":"2015-12-16T20:01:43","guid":{"rendered":"http:\/\/eldigitaldeasturias.com\/magazine365\/?p=58688"},"modified":"2015-12-16T21:01:43","modified_gmt":"2015-12-16T20:01:43","slug":"canarias-registrara-una-ocupacion-del-57-de-casas-rurales-en-navidad","status":"publish","type":"post","link":"https:\/\/eldigitaldeasturias.com\/magazine365\/canarias-registrara-una-ocupacion-del-57-de-casas-rurales-en-navidad\/","title":{"rendered":"Canarias registrar\u00e1 una ocupaci\u00f3n del 57% de casas rurales en Navidad"},"content":{"rendered":"<p><img fetchpriority=\"high\" decoding=\"async\" class=\"alignleft size-medium wp-image-58689\" src=\"https:\/\/eldigitaldeasturias.com\/magazine365\/wp-content\/uploads\/2015\/12\/fotonoticia_20151216152035_800-360x234.jpg\" alt=\"fotonoticia_20151216152035_800\" width=\"360\" height=\"234\" srcset=\"https:\/\/eldigitaldeasturias.com\/magazine365\/wp-content\/uploads\/2015\/12\/fotonoticia_20151216152035_800-360x234.jpg 360w, https:\/\/eldigitaldeasturias.com\/magazine365\/wp-content\/uploads\/2015\/12\/fotonoticia_20151216152035_800-650x422.jpg 650w, https:\/\/eldigitaldeasturias.com\/magazine365\/wp-content\/uploads\/2015\/12\/fotonoticia_20151216152035_800-768x498.jpg 768w, https:\/\/eldigitaldeasturias.com\/magazine365\/wp-content\/uploads\/2015\/12\/fotonoticia_20151216152035_800-150x97.jpg 150w, https:\/\/eldigitaldeasturias.com\/magazine365\/wp-content\/uploads\/2015\/12\/fotonoticia_20151216152035_800-450x292.jpg 450w, https:\/\/eldigitaldeasturias.com\/magazine365\/wp-content\/uploads\/2015\/12\/fotonoticia_20151216152035_800-696x452.jpg 696w, https:\/\/eldigitaldeasturias.com\/magazine365\/wp-content\/uploads\/2015\/12\/fotonoticia_20151216152035_800-647x420.jpg 647w, https:\/\/eldigitaldeasturias.com\/magazine365\/wp-content\/uploads\/2015\/12\/fotonoticia_20151216152035_800-225x145.jpg 225w, https:\/\/eldigitaldeasturias.com\/magazine365\/wp-content\/uploads\/2015\/12\/fotonoticia_20151216152035_800-84x55.jpg 84w, https:\/\/eldigitaldeasturias.com\/magazine365\/wp-content\/uploads\/2015\/12\/fotonoticia_20151216152035_800.jpg 800w\" sizes=\"(max-width: 360px) 100vw, 360px\" \/>La Comunidad Aut\u00f3noma de Canarias registrar\u00e1 un 57 por ciento de ocupaci\u00f3n de casas rurales en Navidad, seg\u00fan un informe del portal especializado en dicho tipo de turismo Escapadarural.com<\/p>\n<p>Al analizar los datos por autonom\u00edas, los viajeros que se inclinan por casas rurales de alquiler completo se decantan, en primer lugar, por Pa\u00eds Vasco (69%). A poca distancia, se sit\u00faan Catalu\u00f1a (61%), Comunidad de Madrid (60%), Navarra (58%), Islas Canarias (57%), La Rioja (49%), Castilla y Le\u00f3n (40%) y Cantabria (40%).<\/p>\n<p>En cambio, Galicia (26%), Extremadura (24%) y Asturias (13%) son las comunidades con los datos de ocupaci\u00f3n m\u00e1s bajos, informa Escapadarural.com en nota de prensa.<\/p>\n<p>Asimismo, a nivel provincial, Barcelona, con el 78 por ciento de alojamientos rurales de alquiler \u00edntegro con el cartel de completo, se impone como la gran favorita para disfrutar de la Navidad.<\/p>\n<p>Le siguen m\u00e1s distanciadas Segovia (62%), Comunidad de Madrid (60%), Lleida, Girona y Navarra, todas ellas con el 58% de ocupaci\u00f3n. A la cola se encuentran A Coru\u00f1a (23%), C\u00e1ceres (18%) y Asturias (13%).<\/p>\n<p>Por su parte, seg\u00fan la informaci\u00f3n analizada hasta el momento, la media nacional para las noches del 24 al 27 de diciembre alcanza el 40 por ciento tres puntos m\u00e1s respecto a 2014. No obstante, la ocupaci\u00f3n para todo tipo de alojamiento se sit\u00faa en el 38 por ciento.<\/p>\n<p>El Observatorio del Turismo Rural, una iniciativa de investigaci\u00f3n liderada por Escapadarural.com, ha querido estudiar estos datos centr\u00e1ndose en las respuestas de los viajeros. As\u00ed, el 44,9 por ciento\u00a1 de los encuestados se\u00f1alan que practican turismo rural durante la \u00e9poca navide\u00f1a. Adem\u00e1s, cabe se\u00f1alar que los mayores de 40 a\u00f1os son los que realizan menos escapadas rurales durante estas fechas.<\/p>\n<p>Para estas fechas, el portal web dispone de 185 ofertas, con descuentos que oscilan entre el 3 y el 63 por ciento. Entre ellos, destaca Ildum Plaza, en Cabanes (Castell\u00f3n), por 19,44 euros por persona y noche; Casa Rural El Yedron, en Aldanueva de la Vera (C\u00e1ceres), por 10,83\u20ac por persona y noche.<\/p>\n","protected":false},"excerpt":{"rendered":"<p>La Comunidad Aut\u00f3noma de Canarias registrar\u00e1 un 57 por ciento de ocupaci\u00f3n de casas rurales en Navidad, seg\u00fan un informe del portal especializado en dicho tipo de turismo Escapadarural.com Al analizar los datos por autonom\u00edas, los viajeros que se inclinan por casas rurales de alquiler completo se decantan, en primer lugar, por Pa\u00eds Vasco (69%).<\/p>\n","protected":false},"author":1,"featured_media":58689,"comment_status":"open","ping_status":"closed","sticky":false,"template":"","format":"standard","meta":{"footnotes":""},"categories":[224],"tags":[],"class_list":{"0":"post-58688","1":"post","2":"type-post","3":"status-publish","4":"format-standard","5":"has-post-thumbnail","7":"category-noticias-actualidad"},"aioseo_notices":[],"aioseo_head":"\n\t\t<!-- All in One SEO Pro 4.9.6.1 - aioseo.com -->\n\t<meta name=\"description\" content=\"La Comunidad Aut\u00f3noma de Canarias registrar\u00e1 un 57 por ciento de ocupaci\u00f3n de casas rurales en Navidad, seg\u00fan un informe del portal especializado en dicho tipo de turismo Escapadarural.com Al analizar los datos por autonom\u00edas, los viajeros que se inclinan por casas rurales de alquiler completo se decantan, en primer lugar, por Pa\u00eds Vasco (69%).\" \/>\n\t<meta name=\"robots\" content=\"max-image-preview:large\" \/>\n\t<meta name=\"author\" content=\"admin\"\/>\n\t<meta name=\"google-site-verification\" content=\"UA-38556648-1\" \/>\n\t<meta name=\"keywords\" content=\"noticias y actualidad\" \/>\n\t<link rel=\"canonical\" href=\"https:\/\/eldigitaldeasturias.com\/magazine365\/canarias-registrara-una-ocupacion-del-57-de-casas-rurales-en-navidad\/\" \/>\n\t<meta name=\"generator\" content=\"All in One SEO Pro (AIOSEO) 4.9.6.1\" \/>\n\t\t<meta property=\"og:locale\" content=\"es_ES\" \/>\n\t\t<meta property=\"og:site_name\" content=\"El Digital de Asturias \u2013 Revista de ocio, turismo y estilo de vida\" \/>\n\t\t<meta property=\"og:type\" content=\"article\" \/>\n\t\t<meta property=\"og:title\" content=\"Canarias registrar\u00e1 una ocupaci\u00f3n del 57% de casas rurales en Navidad | El Digital de Asturias\" \/>\n\t\t<meta property=\"og:description\" content=\"La Comunidad Aut\u00f3noma de Canarias registrar\u00e1 un 57 por ciento de ocupaci\u00f3n de casas rurales en Navidad, seg\u00fan un informe del portal especializado en dicho tipo de turismo Escapadarural.com Al analizar los datos por autonom\u00edas, los viajeros que se inclinan por casas rurales de alquiler completo se decantan, en primer lugar, por Pa\u00eds Vasco (69%).\" \/>\n\t\t<meta property=\"og:url\" content=\"https:\/\/eldigitaldeasturias.com\/magazine365\/canarias-registrara-una-ocupacion-del-57-de-casas-rurales-en-navidad\/\" \/>\n\t\t<meta property=\"og:image\" content=\"https:\/\/eldigitaldeasturias.com\/magazine365\/wp-content\/uploads\/2015\/12\/fotonoticia_20151216152035_800.jpg\" \/>\n\t\t<meta property=\"og:image:secure_url\" content=\"https:\/\/eldigitaldeasturias.com\/magazine365\/wp-content\/uploads\/2015\/12\/fotonoticia_20151216152035_800.jpg\" \/>\n\t\t<meta property=\"og:image:width\" content=\"800\" \/>\n\t\t<meta property=\"og:image:height\" content=\"519\" \/>\n\t\t<meta property=\"article:published_time\" content=\"2015-12-16T20:01:43+00:00\" \/>\n\t\t<meta property=\"article:modified_time\" content=\"2015-12-16T20:01:43+00:00\" \/>\n\t\t<meta name=\"twitter:card\" content=\"summary_large_image\" \/>\n\t\t<meta name=\"twitter:title\" content=\"Canarias registrar\u00e1 una ocupaci\u00f3n del 57% de casas rurales en Navidad | El Digital de Asturias\" \/>\n\t\t<meta name=\"twitter:description\" content=\"La Comunidad Aut\u00f3noma de Canarias registrar\u00e1 un 57 por ciento de ocupaci\u00f3n de casas rurales en Navidad, seg\u00fan un informe del portal especializado en dicho tipo de turismo Escapadarural.com Al analizar los datos por autonom\u00edas, los viajeros que se inclinan por casas rurales de alquiler completo se decantan, en primer lugar, por Pa\u00eds Vasco (69%).\" \/>\n\t\t<meta name=\"twitter:image\" content=\"https:\/\/eldigitaldeasturias.com\/magazine365\/wp-content\/uploads\/2015\/12\/fotonoticia_20151216152035_800.jpg\" \/>\n\t\t<script type=\"application\/ld+json\" class=\"aioseo-schema\">\n\t\t\t{\"@context\":\"https:\\\/\\\/schema.org\",\"@graph\":[{\"@type\":\"Article\",\"@id\":\"https:\\\/\\\/eldigitaldeasturias.com\\\/magazine365\\\/canarias-registrara-una-ocupacion-del-57-de-casas-rurales-en-navidad\\\/#article\",\"name\":\"Canarias registrar\\u00e1 una ocupaci\\u00f3n del 57% de casas rurales en Navidad | El Digital de Asturias\",\"headline\":\"Canarias registrar\\u00e1 una ocupaci\\u00f3n del 57% de casas rurales en Navidad\",\"author\":{\"@id\":\"https:\\\/\\\/eldigitaldeasturias.com\\\/magazine365\\\/author\\\/admin\\\/#author\"},\"publisher\":{\"@id\":\"https:\\\/\\\/eldigitaldeasturias.com\\\/magazine365\\\/#organization\"},\"image\":{\"@type\":\"ImageObject\",\"url\":\"https:\\\/\\\/eldigitaldeasturias.com\\\/magazine365\\\/wp-content\\\/uploads\\\/2015\\\/12\\\/fotonoticia_20151216152035_800.jpg\",\"width\":800,\"height\":519},\"datePublished\":\"2015-12-16T21:01:43+01:00\",\"dateModified\":\"2015-12-16T21:01:43+01:00\",\"inLanguage\":\"es-ES\",\"mainEntityOfPage\":{\"@id\":\"https:\\\/\\\/eldigitaldeasturias.com\\\/magazine365\\\/canarias-registrara-una-ocupacion-del-57-de-casas-rurales-en-navidad\\\/#webpage\"},\"isPartOf\":{\"@id\":\"https:\\\/\\\/eldigitaldeasturias.com\\\/magazine365\\\/canarias-registrara-una-ocupacion-del-57-de-casas-rurales-en-navidad\\\/#webpage\"},\"articleSection\":\"Noticias y Actualidad\"},{\"@type\":\"BreadcrumbList\",\"@id\":\"https:\\\/\\\/eldigitaldeasturias.com\\\/magazine365\\\/canarias-registrara-una-ocupacion-del-57-de-casas-rurales-en-navidad\\\/#breadcrumblist\",\"itemListElement\":[{\"@type\":\"ListItem\",\"@id\":\"https:\\\/\\\/eldigitaldeasturias.com\\\/magazine365#listItem\",\"position\":1,\"name\":\"Home\",\"item\":\"https:\\\/\\\/eldigitaldeasturias.com\\\/magazine365\",\"nextItem\":{\"@type\":\"ListItem\",\"@id\":\"https:\\\/\\\/eldigitaldeasturias.com\\\/magazine365\\\/category\\\/noticias-actualidad\\\/#listItem\",\"name\":\"Noticias y Actualidad\"}},{\"@type\":\"ListItem\",\"@id\":\"https:\\\/\\\/eldigitaldeasturias.com\\\/magazine365\\\/category\\\/noticias-actualidad\\\/#listItem\",\"position\":2,\"name\":\"Noticias y Actualidad\",\"item\":\"https:\\\/\\\/eldigitaldeasturias.com\\\/magazine365\\\/category\\\/noticias-actualidad\\\/\",\"nextItem\":{\"@type\":\"ListItem\",\"@id\":\"https:\\\/\\\/eldigitaldeasturias.com\\\/magazine365\\\/canarias-registrara-una-ocupacion-del-57-de-casas-rurales-en-navidad\\\/#listItem\",\"name\":\"Canarias registrar\\u00e1 una ocupaci\\u00f3n del 57% de casas rurales en Navidad\"},\"previousItem\":{\"@type\":\"ListItem\",\"@id\":\"https:\\\/\\\/eldigitaldeasturias.com\\\/magazine365#listItem\",\"name\":\"Home\"}},{\"@type\":\"ListItem\",\"@id\":\"https:\\\/\\\/eldigitaldeasturias.com\\\/magazine365\\\/canarias-registrara-una-ocupacion-del-57-de-casas-rurales-en-navidad\\\/#listItem\",\"position\":3,\"name\":\"Canarias registrar\\u00e1 una ocupaci\\u00f3n del 57% de casas rurales en Navidad\",\"previousItem\":{\"@type\":\"ListItem\",\"@id\":\"https:\\\/\\\/eldigitaldeasturias.com\\\/magazine365\\\/category\\\/noticias-actualidad\\\/#listItem\",\"name\":\"Noticias y Actualidad\"}}]},{\"@type\":\"Organization\",\"@id\":\"https:\\\/\\\/eldigitaldeasturias.com\\\/magazine365\\\/#organization\",\"name\":\"El digital de Asturias\",\"description\":\"Revista de ocio, turismo y estilo de vida\",\"url\":\"https:\\\/\\\/eldigitaldeasturias.com\\\/magazine365\\\/\",\"logo\":{\"@type\":\"ImageObject\",\"url\":\"https:\\\/\\\/www.eldigitaldeasturias.com\\\/noticias\\\/wp-content\\\/uploads\\\/2020\\\/12\\\/EDA.jpg\",\"@id\":\"https:\\\/\\\/eldigitaldeasturias.com\\\/magazine365\\\/canarias-registrara-una-ocupacion-del-57-de-casas-rurales-en-navidad\\\/#organizationLogo\"},\"image\":{\"@id\":\"https:\\\/\\\/eldigitaldeasturias.com\\\/magazine365\\\/canarias-registrara-una-ocupacion-del-57-de-casas-rurales-en-navidad\\\/#organizationLogo\"}},{\"@type\":\"Person\",\"@id\":\"https:\\\/\\\/eldigitaldeasturias.com\\\/magazine365\\\/author\\\/admin\\\/#author\",\"url\":\"https:\\\/\\\/eldigitaldeasturias.com\\\/magazine365\\\/author\\\/admin\\\/\",\"name\":\"admin\",\"image\":{\"@type\":\"ImageObject\",\"@id\":\"https:\\\/\\\/eldigitaldeasturias.com\\\/magazine365\\\/canarias-registrara-una-ocupacion-del-57-de-casas-rurales-en-navidad\\\/#authorImage\",\"url\":\"https:\\\/\\\/eldigitaldeasturias.com\\\/magazine365\\\/wp-content\\\/litespeed\\\/avatar\\\/e571bcf59a0edd6fa6838245a470f2fe.jpg?ver=1777574230\",\"width\":96,\"height\":96,\"caption\":\"admin\"}},{\"@type\":\"WebPage\",\"@id\":\"https:\\\/\\\/eldigitaldeasturias.com\\\/magazine365\\\/canarias-registrara-una-ocupacion-del-57-de-casas-rurales-en-navidad\\\/#webpage\",\"url\":\"https:\\\/\\\/eldigitaldeasturias.com\\\/magazine365\\\/canarias-registrara-una-ocupacion-del-57-de-casas-rurales-en-navidad\\\/\",\"name\":\"Canarias registrar\\u00e1 una ocupaci\\u00f3n del 57% de casas rurales en Navidad | El Digital de Asturias\",\"description\":\"La Comunidad Aut\\u00f3noma de Canarias registrar\\u00e1 un 57 por ciento de ocupaci\\u00f3n de casas rurales en Navidad, seg\\u00fan un informe del portal especializado en dicho tipo de turismo Escapadarural.com Al analizar los datos por autonom\\u00edas, los viajeros que se inclinan por casas rurales de alquiler completo se decantan, en primer lugar, por Pa\\u00eds Vasco (69%).\",\"inLanguage\":\"es-ES\",\"isPartOf\":{\"@id\":\"https:\\\/\\\/eldigitaldeasturias.com\\\/magazine365\\\/#website\"},\"breadcrumb\":{\"@id\":\"https:\\\/\\\/eldigitaldeasturias.com\\\/magazine365\\\/canarias-registrara-una-ocupacion-del-57-de-casas-rurales-en-navidad\\\/#breadcrumblist\"},\"author\":{\"@id\":\"https:\\\/\\\/eldigitaldeasturias.com\\\/magazine365\\\/author\\\/admin\\\/#author\"},\"creator\":{\"@id\":\"https:\\\/\\\/eldigitaldeasturias.com\\\/magazine365\\\/author\\\/admin\\\/#author\"},\"image\":{\"@type\":\"ImageObject\",\"url\":\"https:\\\/\\\/eldigitaldeasturias.com\\\/magazine365\\\/wp-content\\\/uploads\\\/2015\\\/12\\\/fotonoticia_20151216152035_800.jpg\",\"@id\":\"https:\\\/\\\/eldigitaldeasturias.com\\\/magazine365\\\/canarias-registrara-una-ocupacion-del-57-de-casas-rurales-en-navidad\\\/#mainImage\",\"width\":800,\"height\":519},\"primaryImageOfPage\":{\"@id\":\"https:\\\/\\\/eldigitaldeasturias.com\\\/magazine365\\\/canarias-registrara-una-ocupacion-del-57-de-casas-rurales-en-navidad\\\/#mainImage\"},\"datePublished\":\"2015-12-16T21:01:43+01:00\",\"dateModified\":\"2015-12-16T21:01:43+01:00\"},{\"@type\":\"WebSite\",\"@id\":\"https:\\\/\\\/eldigitaldeasturias.com\\\/magazine365\\\/#website\",\"url\":\"https:\\\/\\\/eldigitaldeasturias.com\\\/magazine365\\\/\",\"name\":\"El Digital de Asturias\",\"description\":\"Revista de ocio, turismo y estilo de vida\",\"inLanguage\":\"es-ES\",\"publisher\":{\"@id\":\"https:\\\/\\\/eldigitaldeasturias.com\\\/magazine365\\\/#organization\"}}]}\n\t\t<\/script>\n\t\t<!-- All in One SEO Pro -->\r\n\t\t<title>Canarias registrar\u00e1 una ocupaci\u00f3n del 57% de casas rurales en Navidad | El Digital de Asturias<\/title>\n\n","aioseo_head_json":{"title":"Canarias registrar\u00e1 una ocupaci\u00f3n del 57% de casas rurales en Navidad | El Digital de Asturias","description":"La Comunidad Aut\u00f3noma de Canarias registrar\u00e1 un 57 por ciento de ocupaci\u00f3n de casas rurales en Navidad, seg\u00fan un informe del portal especializado en dicho tipo de turismo Escapadarural.com Al analizar los datos por autonom\u00edas, los viajeros que se inclinan por casas rurales de alquiler completo se decantan, en primer lugar, por Pa\u00eds Vasco (69%).","canonical_url":"https:\/\/eldigitaldeasturias.com\/magazine365\/canarias-registrara-una-ocupacion-del-57-de-casas-rurales-en-navidad\/","robots":"max-image-preview:large","keywords":"noticias y actualidad","webmasterTools":{"google-site-verification":"UA-38556648-1","miscellaneous":""},"schema":{"@context":"https:\/\/schema.org","@graph":[{"@type":"Article","@id":"https:\/\/eldigitaldeasturias.com\/magazine365\/canarias-registrara-una-ocupacion-del-57-de-casas-rurales-en-navidad\/#article","name":"Canarias registrar\u00e1 una ocupaci\u00f3n del 57% de casas rurales en Navidad | El Digital de Asturias","headline":"Canarias registrar\u00e1 una ocupaci\u00f3n del 57% de casas rurales en Navidad","author":{"@id":"https:\/\/eldigitaldeasturias.com\/magazine365\/author\/admin\/#author"},"publisher":{"@id":"https:\/\/eldigitaldeasturias.com\/magazine365\/#organization"},"image":{"@type":"ImageObject","url":"https:\/\/eldigitaldeasturias.com\/magazine365\/wp-content\/uploads\/2015\/12\/fotonoticia_20151216152035_800.jpg","width":800,"height":519},"datePublished":"2015-12-16T21:01:43+01:00","dateModified":"2015-12-16T21:01:43+01:00","inLanguage":"es-ES","mainEntityOfPage":{"@id":"https:\/\/eldigitaldeasturias.com\/magazine365\/canarias-registrara-una-ocupacion-del-57-de-casas-rurales-en-navidad\/#webpage"},"isPartOf":{"@id":"https:\/\/eldigitaldeasturias.com\/magazine365\/canarias-registrara-una-ocupacion-del-57-de-casas-rurales-en-navidad\/#webpage"},"articleSection":"Noticias y Actualidad"},{"@type":"BreadcrumbList","@id":"https:\/\/eldigitaldeasturias.com\/magazine365\/canarias-registrara-una-ocupacion-del-57-de-casas-rurales-en-navidad\/#breadcrumblist","itemListElement":[{"@type":"ListItem","@id":"https:\/\/eldigitaldeasturias.com\/magazine365#listItem","position":1,"name":"Home","item":"https:\/\/eldigitaldeasturias.com\/magazine365","nextItem":{"@type":"ListItem","@id":"https:\/\/eldigitaldeasturias.com\/magazine365\/category\/noticias-actualidad\/#listItem","name":"Noticias y Actualidad"}},{"@type":"ListItem","@id":"https:\/\/eldigitaldeasturias.com\/magazine365\/category\/noticias-actualidad\/#listItem","position":2,"name":"Noticias y Actualidad","item":"https:\/\/eldigitaldeasturias.com\/magazine365\/category\/noticias-actualidad\/","nextItem":{"@type":"ListItem","@id":"https:\/\/eldigitaldeasturias.com\/magazine365\/canarias-registrara-una-ocupacion-del-57-de-casas-rurales-en-navidad\/#listItem","name":"Canarias registrar\u00e1 una ocupaci\u00f3n del 57% de casas rurales en Navidad"},"previousItem":{"@type":"ListItem","@id":"https:\/\/eldigitaldeasturias.com\/magazine365#listItem","name":"Home"}},{"@type":"ListItem","@id":"https:\/\/eldigitaldeasturias.com\/magazine365\/canarias-registrara-una-ocupacion-del-57-de-casas-rurales-en-navidad\/#listItem","position":3,"name":"Canarias registrar\u00e1 una ocupaci\u00f3n del 57% de casas rurales en Navidad","previousItem":{"@type":"ListItem","@id":"https:\/\/eldigitaldeasturias.com\/magazine365\/category\/noticias-actualidad\/#listItem","name":"Noticias y Actualidad"}}]},{"@type":"Organization","@id":"https:\/\/eldigitaldeasturias.com\/magazine365\/#organization","name":"El digital de Asturias","description":"Revista de ocio, turismo y estilo de vida","url":"https:\/\/eldigitaldeasturias.com\/magazine365\/","logo":{"@type":"ImageObject","url":"https:\/\/www.eldigitaldeasturias.com\/noticias\/wp-content\/uploads\/2020\/12\/EDA.jpg","@id":"https:\/\/eldigitaldeasturias.com\/magazine365\/canarias-registrara-una-ocupacion-del-57-de-casas-rurales-en-navidad\/#organizationLogo"},"image":{"@id":"https:\/\/eldigitaldeasturias.com\/magazine365\/canarias-registrara-una-ocupacion-del-57-de-casas-rurales-en-navidad\/#organizationLogo"}},{"@type":"Person","@id":"https:\/\/eldigitaldeasturias.com\/magazine365\/author\/admin\/#author","url":"https:\/\/eldigitaldeasturias.com\/magazine365\/author\/admin\/","name":"admin","image":{"@type":"ImageObject","@id":"https:\/\/eldigitaldeasturias.com\/magazine365\/canarias-registrara-una-ocupacion-del-57-de-casas-rurales-en-navidad\/#authorImage","url":"https:\/\/eldigitaldeasturias.com\/magazine365\/wp-content\/litespeed\/avatar\/e571bcf59a0edd6fa6838245a470f2fe.jpg?ver=1777574230","width":96,"height":96,"caption":"admin"}},{"@type":"WebPage","@id":"https:\/\/eldigitaldeasturias.com\/magazine365\/canarias-registrara-una-ocupacion-del-57-de-casas-rurales-en-navidad\/#webpage","url":"https:\/\/eldigitaldeasturias.com\/magazine365\/canarias-registrara-una-ocupacion-del-57-de-casas-rurales-en-navidad\/","name":"Canarias registrar\u00e1 una ocupaci\u00f3n del 57% de casas rurales en Navidad | El Digital de Asturias","description":"La Comunidad Aut\u00f3noma de Canarias registrar\u00e1 un 57 por ciento de ocupaci\u00f3n de casas rurales en Navidad, seg\u00fan un informe del portal especializado en dicho tipo de turismo Escapadarural.com Al analizar los datos por autonom\u00edas, los viajeros que se inclinan por casas rurales de alquiler completo se decantan, en primer lugar, por Pa\u00eds Vasco (69%).","inLanguage":"es-ES","isPartOf":{"@id":"https:\/\/eldigitaldeasturias.com\/magazine365\/#website"},"breadcrumb":{"@id":"https:\/\/eldigitaldeasturias.com\/magazine365\/canarias-registrara-una-ocupacion-del-57-de-casas-rurales-en-navidad\/#breadcrumblist"},"author":{"@id":"https:\/\/eldigitaldeasturias.com\/magazine365\/author\/admin\/#author"},"creator":{"@id":"https:\/\/eldigitaldeasturias.com\/magazine365\/author\/admin\/#author"},"image":{"@type":"ImageObject","url":"https:\/\/eldigitaldeasturias.com\/magazine365\/wp-content\/uploads\/2015\/12\/fotonoticia_20151216152035_800.jpg","@id":"https:\/\/eldigitaldeasturias.com\/magazine365\/canarias-registrara-una-ocupacion-del-57-de-casas-rurales-en-navidad\/#mainImage","width":800,"height":519},"primaryImageOfPage":{"@id":"https:\/\/eldigitaldeasturias.com\/magazine365\/canarias-registrara-una-ocupacion-del-57-de-casas-rurales-en-navidad\/#mainImage"},"datePublished":"2015-12-16T21:01:43+01:00","dateModified":"2015-12-16T21:01:43+01:00"},{"@type":"WebSite","@id":"https:\/\/eldigitaldeasturias.com\/magazine365\/#website","url":"https:\/\/eldigitaldeasturias.com\/magazine365\/","name":"El Digital de Asturias","description":"Revista de ocio, turismo y estilo de vida","inLanguage":"es-ES","publisher":{"@id":"https:\/\/eldigitaldeasturias.com\/magazine365\/#organization"}}]},"og:locale":"es_ES","og:site_name":"El Digital de Asturias \u2013 Revista de ocio, turismo y estilo de vida","og:type":"article","og:title":"Canarias registrar\u00e1 una ocupaci\u00f3n del 57% de casas rurales en Navidad | El Digital de Asturias","og:description":"La Comunidad Aut\u00f3noma de Canarias registrar\u00e1 un 57 por ciento de ocupaci\u00f3n de casas rurales en Navidad, seg\u00fan un informe del portal especializado en dicho tipo de turismo Escapadarural.com Al analizar los datos por autonom\u00edas, los viajeros que se inclinan por casas rurales de alquiler completo se decantan, en primer lugar, por Pa\u00eds Vasco (69%).","og:url":"https:\/\/eldigitaldeasturias.com\/magazine365\/canarias-registrara-una-ocupacion-del-57-de-casas-rurales-en-navidad\/","og:image":"https:\/\/eldigitaldeasturias.com\/magazine365\/wp-content\/uploads\/2015\/12\/fotonoticia_20151216152035_800.jpg","og:image:secure_url":"https:\/\/eldigitaldeasturias.com\/magazine365\/wp-content\/uploads\/2015\/12\/fotonoticia_20151216152035_800.jpg","og:image:width":800,"og:image:height":519,"article:published_time":"2015-12-16T20:01:43+00:00","article:modified_time":"2015-12-16T20:01:43+00:00","twitter:card":"summary_large_image","twitter:title":"Canarias registrar\u00e1 una ocupaci\u00f3n del 57% de casas rurales en Navidad | El Digital de Asturias","twitter:description":"La Comunidad Aut\u00f3noma de Canarias registrar\u00e1 un 57 por ciento de ocupaci\u00f3n de casas rurales en Navidad, seg\u00fan un informe del portal especializado en dicho tipo de turismo Escapadarural.com Al analizar los datos por autonom\u00edas, los viajeros que se inclinan por casas rurales de alquiler completo se decantan, en primer lugar, por Pa\u00eds Vasco (69%).","twitter:image":"https:\/\/eldigitaldeasturias.com\/magazine365\/wp-content\/uploads\/2015\/12\/fotonoticia_20151216152035_800.jpg"},"aioseo_meta_data":{"post_id":"58688","title":null,"description":null,"keywords":null,"keyphrases":null,"primary_term":null,"canonical_url":null,"og_title":null,"og_description":null,"og_object_type":"default","og_image_type":"default","og_image_url":null,"og_image_width":null,"og_image_height":null,"og_image_custom_url":null,"og_image_custom_fields":null,"og_video":null,"og_custom_url":null,"og_article_section":null,"og_article_tags":null,"twitter_use_og":false,"twitter_card":"default","twitter_image_type":"default","twitter_image_url":null,"twitter_image_custom_url":null,"twitter_image_custom_fields":null,"twitter_title":null,"twitter_description":null,"schema":{"blockGraphs":[],"customGraphs":[],"default":{"data":{"Article":[],"Course":[],"Dataset":[],"FAQPage":[],"Movie":[],"Person":[],"Product":[],"ProductReview":[],"Car":[],"Recipe":[],"Service":[],"SoftwareApplication":[],"WebPage":[]},"graphName":"","isEnabled":true},"graphs":[],"defaultGraph":"","defaultPostTypeGraph":""},"schema_type":null,"schema_type_options":null,"pillar_content":false,"robots_default":true,"robots_noindex":false,"robots_noarchive":false,"robots_nosnippet":false,"robots_nofollow":false,"robots_noimageindex":false,"robots_noodp":false,"robots_notranslate":false,"robots_max_snippet":null,"robots_max_videopreview":null,"robots_max_imagepreview":"large","priority":null,"frequency":null,"location":null,"local_seo":null,"seo_analyzer_scan_date":"2025-09-25 03:28:13","breadcrumb_settings":null,"limit_modified_date":false,"open_ai":null,"ai":null,"created":"2021-03-08 22:26:51","updated":"2025-09-25 03:28:13"},"aioseo_breadcrumb":"<div class=\"aioseo-breadcrumbs\"><span class=\"aioseo-breadcrumb\">\n\t<a href=\"https:\/\/eldigitaldeasturias.com\/magazine365\" title=\"Home\">Home<\/a>\n<\/span><span class=\"aioseo-breadcrumb-separator\">\u2013<\/span><span class=\"aioseo-breadcrumb\">\n\t<a href=\"https:\/\/eldigitaldeasturias.com\/magazine365\/category\/noticias-actualidad\/\" title=\"Noticias y Actualidad\">Noticias y Actualidad<\/a>\n<\/span><span class=\"aioseo-breadcrumb-separator\">\u2013<\/span><span class=\"aioseo-breadcrumb\">\n\t<a href=\"https:\/\/eldigitaldeasturias.com\/magazine365\/canarias-registrara-una-ocupacion-del-57-de-casas-rurales-en-navidad\/\" title=\"Canarias registrar\u00e1 una ocupaci\u00f3n del 57% de casas rurales en Navidad\">Canarias registrar\u00e1 una ocupaci\u00f3n del 57% de casas rurales en Navidad<\/a>\n<\/span><\/div>","aioseo_breadcrumb_json":[{"label":"Home","link":"https:\/\/eldigitaldeasturias.com\/magazine365"},{"label":"Noticias y Actualidad","link":"https:\/\/eldigitaldeasturias.com\/magazine365\/category\/noticias-actualidad\/"},{"label":"Canarias registrar\u00e1 una ocupaci\u00f3n del 57% de casas rurales en Navidad","link":"https:\/\/eldigitaldeasturias.com\/magazine365\/canarias-registrara-una-ocupacion-del-57-de-casas-rurales-en-navidad\/"}],"_links":{"self":[{"href":"https:\/\/eldigitaldeasturias.com\/magazine365\/wp-json\/wp\/v2\/posts\/58688","targetHints":{"allow":["GET"]}}],"collection":[{"href":"https:\/\/eldigitaldeasturias.com\/magazine365\/wp-json\/wp\/v2\/posts"}],"about":[{"href":"https:\/\/eldigitaldeasturias.com\/magazine365\/wp-json\/wp\/v2\/types\/post"}],"author":[{"embeddable":true,"href":"https:\/\/eldigitaldeasturias.com\/magazine365\/wp-json\/wp\/v2\/users\/1"}],"replies":[{"embeddable":true,"href":"https:\/\/eldigitaldeasturias.com\/magazine365\/wp-json\/wp\/v2\/comments?post=58688"}],"version-history":[{"count":0,"href":"https:\/\/eldigitaldeasturias.com\/magazine365\/wp-json\/wp\/v2\/posts\/58688\/revisions"}],"wp:featuredmedia":[{"embeddable":true,"href":"https:\/\/eldigitaldeasturias.com\/magazine365\/wp-json\/wp\/v2\/media\/58689"}],"wp:attachment":[{"href":"https:\/\/eldigitaldeasturias.com\/magazine365\/wp-json\/wp\/v2\/media?parent=58688"}],"wp:term":[{"taxonomy":"category","embeddable":true,"href":"https:\/\/eldigitaldeasturias.com\/magazine365\/wp-json\/wp\/v2\/categories?post=58688"},{"taxonomy":"post_tag","embeddable":true,"href":"https:\/\/eldigitaldeasturias.com\/magazine365\/wp-json\/wp\/v2\/tags?post=58688"}],"curies":[{"name":"wp","href":"https:\/\/api.w.org\/{rel}","templated":true}]}}