{"id":58685,"date":"2015-12-16T21:00:32","date_gmt":"2015-12-16T20:00:32","guid":{"rendered":"http:\/\/eldigitaldeasturias.com\/magazine365\/?p=58685"},"modified":"2015-12-16T21:00:32","modified_gmt":"2015-12-16T20:00:32","slug":"la-generalitat-de-cataluna-mantendra-el-refuerzo-a-las-lineas-de-bus-de-tramos-afectados-en-rodalies","status":"publish","type":"post","link":"https:\/\/eldigitaldeasturias.com\/magazine365\/la-generalitat-de-cataluna-mantendra-el-refuerzo-a-las-lineas-de-bus-de-tramos-afectados-en-rodalies\/","title":{"rendered":"La Generalitat de Catalu\u00f1a mantendr\u00e1 el refuerzo a las l\u00edneas de bus de tramos afectados en Rodalies"},"content":{"rendered":"<p><img fetchpriority=\"high\" decoding=\"async\" class=\"alignleft size-medium wp-image-58686\" src=\"https:\/\/eldigitaldeasturias.com\/magazine365\/wp-content\/uploads\/2015\/12\/fotonoticia_20151216151712_800-360x270.jpg\" alt=\"fotonoticia_20151216151712_800\" width=\"360\" height=\"270\" srcset=\"https:\/\/eldigitaldeasturias.com\/magazine365\/wp-content\/uploads\/2015\/12\/fotonoticia_20151216151712_800-360x270.jpg 360w, https:\/\/eldigitaldeasturias.com\/magazine365\/wp-content\/uploads\/2015\/12\/fotonoticia_20151216151712_800-650x488.jpg 650w, https:\/\/eldigitaldeasturias.com\/magazine365\/wp-content\/uploads\/2015\/12\/fotonoticia_20151216151712_800-768x576.jpg 768w, https:\/\/eldigitaldeasturias.com\/magazine365\/wp-content\/uploads\/2015\/12\/fotonoticia_20151216151712_800-150x113.jpg 150w, https:\/\/eldigitaldeasturias.com\/magazine365\/wp-content\/uploads\/2015\/12\/fotonoticia_20151216151712_800-450x338.jpg 450w, https:\/\/eldigitaldeasturias.com\/magazine365\/wp-content\/uploads\/2015\/12\/fotonoticia_20151216151712_800-80x60.jpg 80w, https:\/\/eldigitaldeasturias.com\/magazine365\/wp-content\/uploads\/2015\/12\/fotonoticia_20151216151712_800-265x198.jpg 265w, https:\/\/eldigitaldeasturias.com\/magazine365\/wp-content\/uploads\/2015\/12\/fotonoticia_20151216151712_800-696x522.jpg 696w, https:\/\/eldigitaldeasturias.com\/magazine365\/wp-content\/uploads\/2015\/12\/fotonoticia_20151216151712_800-560x420.jpg 560w, https:\/\/eldigitaldeasturias.com\/magazine365\/wp-content\/uploads\/2015\/12\/fotonoticia_20151216151712_800-90x67.jpg 90w, https:\/\/eldigitaldeasturias.com\/magazine365\/wp-content\/uploads\/2015\/12\/fotonoticia_20151216151712_800-100x75.jpg 100w, https:\/\/eldigitaldeasturias.com\/magazine365\/wp-content\/uploads\/2015\/12\/fotonoticia_20151216151712_800.jpg 800w\" sizes=\"(max-width: 360px) 100vw, 360px\" \/>La Conselleria de Territorio y Sostenibilidad de la Generalitat mantendr\u00e1 el refuerzo de las l\u00edneas de bus que hacen trayectos en los tramos afectados por la incidencia ferroviaria en Rodalies de este martes, un operativo iniciado a las 8.00 horas que durar\u00e1 \u00abmientras Adif y Renfe no restablezcan el servicio habitual\u00bb en las l\u00edneas R2, R8 y R11.<\/p>\n<p>En un comunicado este martes por la tarde, la Conselleria ha instado a Renfe a hacer una nueva configuraci\u00f3n horaria del servicio y a asegurar el cumplimiento de los nuevos horarios hasta que se pueda garantizar la normalidad.<\/p>\n<p>Los refuerzos, que han permitido \u00abatender con normalidad toda la demanda\u00bb, se han hecho en los corredores de la R11, entre Figueres-Girona y Barcelona, de la R2 Nord, entre Granollers y Barcelona, y de la R8, entre Mollet y Granollers (Barcelona), han explicado.<\/p>\n<p>Se ha activado la previsi\u00f3n de refuerzos en las l\u00edneas de bus de Montcada i Reixac a Cerdanyola del Vall\u00e8s, y entre Rub\u00ed y Cerdanyola (Barcelona), sin que se haya detectado hasta ahora un incremento sustancial de la demanda.<\/p>\n<p>La Generalitat ha avisado al \u00c1rea metropolitana de Barcelona (AMB) para que active los refuerzos pertinentes en los buses de su titularidad, entre Montcada y Barcelona, aeropuerto del Prat-Barcelona y Barcelona-Castelldefels.<\/p>\n","protected":false},"excerpt":{"rendered":"<p>La Conselleria de Territorio y Sostenibilidad de la Generalitat mantendr\u00e1 el refuerzo de las l\u00edneas de bus que hacen trayectos en los tramos afectados por la incidencia ferroviaria en Rodalies de este martes, un operativo iniciado a las 8.00 horas que durar\u00e1 \u00abmientras Adif y Renfe no restablezcan el servicio habitual\u00bb en las l\u00edneas R2,<\/p>\n","protected":false},"author":1,"featured_media":58686,"comment_status":"open","ping_status":"closed","sticky":false,"template":"","format":"standard","meta":{"footnotes":""},"categories":[224],"tags":[],"class_list":{"0":"post-58685","1":"post","2":"type-post","3":"status-publish","4":"format-standard","5":"has-post-thumbnail","7":"category-noticias-actualidad"},"aioseo_notices":[],"aioseo_head":"\n\t\t<!-- All in One SEO Pro 4.9.6.1 - aioseo.com -->\n\t<meta name=\"description\" content=\"La Conselleria de Territorio y Sostenibilidad de la Generalitat mantendr\u00e1 el refuerzo de las l\u00edneas de bus que hacen trayectos en los tramos afectados por la incidencia ferroviaria en Rodalies de este martes, un operativo iniciado a las 8.00 horas que durar\u00e1 &quot;mientras Adif y Renfe no restablezcan el servicio habitual&quot; en las l\u00edneas R2,\" \/>\n\t<meta name=\"robots\" content=\"max-image-preview:large\" \/>\n\t<meta name=\"author\" content=\"admin\"\/>\n\t<meta name=\"google-site-verification\" content=\"UA-38556648-1\" \/>\n\t<meta name=\"keywords\" content=\"noticias y actualidad\" \/>\n\t<link rel=\"canonical\" href=\"https:\/\/eldigitaldeasturias.com\/magazine365\/la-generalitat-de-cataluna-mantendra-el-refuerzo-a-las-lineas-de-bus-de-tramos-afectados-en-rodalies\/\" \/>\n\t<meta name=\"generator\" content=\"All in One SEO Pro (AIOSEO) 4.9.6.1\" \/>\n\t\t<meta property=\"og:locale\" content=\"es_ES\" \/>\n\t\t<meta property=\"og:site_name\" content=\"El Digital de Asturias \u2013 Revista de ocio, turismo y estilo de vida\" \/>\n\t\t<meta property=\"og:type\" content=\"article\" \/>\n\t\t<meta property=\"og:title\" content=\"La Generalitat de Catalu\u00f1a mantendr\u00e1 el refuerzo a las l\u00edneas de bus de tramos afectados en Rodalies | El Digital de Asturias\" \/>\n\t\t<meta property=\"og:description\" content=\"La Conselleria de Territorio y Sostenibilidad de la Generalitat mantendr\u00e1 el refuerzo de las l\u00edneas de bus que hacen trayectos en los tramos afectados por la incidencia ferroviaria en Rodalies de este martes, un operativo iniciado a las 8.00 horas que durar\u00e1 &quot;mientras Adif y Renfe no restablezcan el servicio habitual&quot; en las l\u00edneas R2,\" \/>\n\t\t<meta property=\"og:url\" content=\"https:\/\/eldigitaldeasturias.com\/magazine365\/la-generalitat-de-cataluna-mantendra-el-refuerzo-a-las-lineas-de-bus-de-tramos-afectados-en-rodalies\/\" \/>\n\t\t<meta property=\"og:image\" content=\"https:\/\/eldigitaldeasturias.com\/magazine365\/wp-content\/uploads\/2015\/12\/fotonoticia_20151216151712_800.jpg\" \/>\n\t\t<meta property=\"og:image:secure_url\" content=\"https:\/\/eldigitaldeasturias.com\/magazine365\/wp-content\/uploads\/2015\/12\/fotonoticia_20151216151712_800.jpg\" \/>\n\t\t<meta property=\"og:image:width\" content=\"800\" \/>\n\t\t<meta property=\"og:image:height\" content=\"600\" \/>\n\t\t<meta property=\"article:published_time\" content=\"2015-12-16T20:00:32+00:00\" \/>\n\t\t<meta property=\"article:modified_time\" content=\"2015-12-16T20:00:32+00:00\" \/>\n\t\t<meta name=\"twitter:card\" content=\"summary_large_image\" \/>\n\t\t<meta name=\"twitter:title\" content=\"La Generalitat de Catalu\u00f1a mantendr\u00e1 el refuerzo a las l\u00edneas de bus de tramos afectados en Rodalies | El Digital de Asturias\" \/>\n\t\t<meta name=\"twitter:description\" content=\"La Conselleria de Territorio y Sostenibilidad de la Generalitat mantendr\u00e1 el refuerzo de las l\u00edneas de bus que hacen trayectos en los tramos afectados por la incidencia ferroviaria en Rodalies de este martes, un operativo iniciado a las 8.00 horas que durar\u00e1 &quot;mientras Adif y Renfe no restablezcan el servicio habitual&quot; en las l\u00edneas R2,\" \/>\n\t\t<meta name=\"twitter:image\" content=\"https:\/\/eldigitaldeasturias.com\/magazine365\/wp-content\/uploads\/2015\/12\/fotonoticia_20151216151712_800.jpg\" \/>\n\t\t<script type=\"application\/ld+json\" class=\"aioseo-schema\">\n\t\t\t{\"@context\":\"https:\\\/\\\/schema.org\",\"@graph\":[{\"@type\":\"Article\",\"@id\":\"https:\\\/\\\/eldigitaldeasturias.com\\\/magazine365\\\/la-generalitat-de-cataluna-mantendra-el-refuerzo-a-las-lineas-de-bus-de-tramos-afectados-en-rodalies\\\/#article\",\"name\":\"La Generalitat de Catalu\\u00f1a mantendr\\u00e1 el refuerzo a las l\\u00edneas de bus de tramos afectados en Rodalies | El Digital de Asturias\",\"headline\":\"La Generalitat de Catalu\\u00f1a mantendr\\u00e1 el refuerzo a las l\\u00edneas de bus de tramos afectados en Rodalies\",\"author\":{\"@id\":\"https:\\\/\\\/eldigitaldeasturias.com\\\/magazine365\\\/author\\\/admin\\\/#author\"},\"publisher\":{\"@id\":\"https:\\\/\\\/eldigitaldeasturias.com\\\/magazine365\\\/#organization\"},\"image\":{\"@type\":\"ImageObject\",\"url\":\"https:\\\/\\\/eldigitaldeasturias.com\\\/magazine365\\\/wp-content\\\/uploads\\\/2015\\\/12\\\/fotonoticia_20151216151712_800.jpg\",\"width\":800,\"height\":600},\"datePublished\":\"2015-12-16T21:00:32+01:00\",\"dateModified\":\"2015-12-16T21:00:32+01:00\",\"inLanguage\":\"es-ES\",\"mainEntityOfPage\":{\"@id\":\"https:\\\/\\\/eldigitaldeasturias.com\\\/magazine365\\\/la-generalitat-de-cataluna-mantendra-el-refuerzo-a-las-lineas-de-bus-de-tramos-afectados-en-rodalies\\\/#webpage\"},\"isPartOf\":{\"@id\":\"https:\\\/\\\/eldigitaldeasturias.com\\\/magazine365\\\/la-generalitat-de-cataluna-mantendra-el-refuerzo-a-las-lineas-de-bus-de-tramos-afectados-en-rodalies\\\/#webpage\"},\"articleSection\":\"Noticias y Actualidad\"},{\"@type\":\"BreadcrumbList\",\"@id\":\"https:\\\/\\\/eldigitaldeasturias.com\\\/magazine365\\\/la-generalitat-de-cataluna-mantendra-el-refuerzo-a-las-lineas-de-bus-de-tramos-afectados-en-rodalies\\\/#breadcrumblist\",\"itemListElement\":[{\"@type\":\"ListItem\",\"@id\":\"https:\\\/\\\/eldigitaldeasturias.com\\\/magazine365#listItem\",\"position\":1,\"name\":\"Home\",\"item\":\"https:\\\/\\\/eldigitaldeasturias.com\\\/magazine365\",\"nextItem\":{\"@type\":\"ListItem\",\"@id\":\"https:\\\/\\\/eldigitaldeasturias.com\\\/magazine365\\\/category\\\/noticias-actualidad\\\/#listItem\",\"name\":\"Noticias y Actualidad\"}},{\"@type\":\"ListItem\",\"@id\":\"https:\\\/\\\/eldigitaldeasturias.com\\\/magazine365\\\/category\\\/noticias-actualidad\\\/#listItem\",\"position\":2,\"name\":\"Noticias y Actualidad\",\"item\":\"https:\\\/\\\/eldigitaldeasturias.com\\\/magazine365\\\/category\\\/noticias-actualidad\\\/\",\"nextItem\":{\"@type\":\"ListItem\",\"@id\":\"https:\\\/\\\/eldigitaldeasturias.com\\\/magazine365\\\/la-generalitat-de-cataluna-mantendra-el-refuerzo-a-las-lineas-de-bus-de-tramos-afectados-en-rodalies\\\/#listItem\",\"name\":\"La Generalitat de Catalu\\u00f1a mantendr\\u00e1 el refuerzo a las l\\u00edneas de bus de tramos afectados en Rodalies\"},\"previousItem\":{\"@type\":\"ListItem\",\"@id\":\"https:\\\/\\\/eldigitaldeasturias.com\\\/magazine365#listItem\",\"name\":\"Home\"}},{\"@type\":\"ListItem\",\"@id\":\"https:\\\/\\\/eldigitaldeasturias.com\\\/magazine365\\\/la-generalitat-de-cataluna-mantendra-el-refuerzo-a-las-lineas-de-bus-de-tramos-afectados-en-rodalies\\\/#listItem\",\"position\":3,\"name\":\"La Generalitat de Catalu\\u00f1a mantendr\\u00e1 el refuerzo a las l\\u00edneas de bus de tramos afectados en Rodalies\",\"previousItem\":{\"@type\":\"ListItem\",\"@id\":\"https:\\\/\\\/eldigitaldeasturias.com\\\/magazine365\\\/category\\\/noticias-actualidad\\\/#listItem\",\"name\":\"Noticias y Actualidad\"}}]},{\"@type\":\"Organization\",\"@id\":\"https:\\\/\\\/eldigitaldeasturias.com\\\/magazine365\\\/#organization\",\"name\":\"El digital de Asturias\",\"description\":\"Revista de ocio, turismo y estilo de vida\",\"url\":\"https:\\\/\\\/eldigitaldeasturias.com\\\/magazine365\\\/\",\"logo\":{\"@type\":\"ImageObject\",\"url\":\"https:\\\/\\\/www.eldigitaldeasturias.com\\\/noticias\\\/wp-content\\\/uploads\\\/2020\\\/12\\\/EDA.jpg\",\"@id\":\"https:\\\/\\\/eldigitaldeasturias.com\\\/magazine365\\\/la-generalitat-de-cataluna-mantendra-el-refuerzo-a-las-lineas-de-bus-de-tramos-afectados-en-rodalies\\\/#organizationLogo\"},\"image\":{\"@id\":\"https:\\\/\\\/eldigitaldeasturias.com\\\/magazine365\\\/la-generalitat-de-cataluna-mantendra-el-refuerzo-a-las-lineas-de-bus-de-tramos-afectados-en-rodalies\\\/#organizationLogo\"}},{\"@type\":\"Person\",\"@id\":\"https:\\\/\\\/eldigitaldeasturias.com\\\/magazine365\\\/author\\\/admin\\\/#author\",\"url\":\"https:\\\/\\\/eldigitaldeasturias.com\\\/magazine365\\\/author\\\/admin\\\/\",\"name\":\"admin\",\"image\":{\"@type\":\"ImageObject\",\"@id\":\"https:\\\/\\\/eldigitaldeasturias.com\\\/magazine365\\\/la-generalitat-de-cataluna-mantendra-el-refuerzo-a-las-lineas-de-bus-de-tramos-afectados-en-rodalies\\\/#authorImage\",\"url\":\"https:\\\/\\\/eldigitaldeasturias.com\\\/magazine365\\\/wp-content\\\/litespeed\\\/avatar\\\/e571bcf59a0edd6fa6838245a470f2fe.jpg?ver=1777574230\",\"width\":96,\"height\":96,\"caption\":\"admin\"}},{\"@type\":\"WebPage\",\"@id\":\"https:\\\/\\\/eldigitaldeasturias.com\\\/magazine365\\\/la-generalitat-de-cataluna-mantendra-el-refuerzo-a-las-lineas-de-bus-de-tramos-afectados-en-rodalies\\\/#webpage\",\"url\":\"https:\\\/\\\/eldigitaldeasturias.com\\\/magazine365\\\/la-generalitat-de-cataluna-mantendra-el-refuerzo-a-las-lineas-de-bus-de-tramos-afectados-en-rodalies\\\/\",\"name\":\"La Generalitat de Catalu\\u00f1a mantendr\\u00e1 el refuerzo a las l\\u00edneas de bus de tramos afectados en Rodalies | El Digital de Asturias\",\"description\":\"La Conselleria de Territorio y Sostenibilidad de la Generalitat mantendr\\u00e1 el refuerzo de las l\\u00edneas de bus que hacen trayectos en los tramos afectados por la incidencia ferroviaria en Rodalies de este martes, un operativo iniciado a las 8.00 horas que durar\\u00e1 \\\"mientras Adif y Renfe no restablezcan el servicio habitual\\\" en las l\\u00edneas R2,\",\"inLanguage\":\"es-ES\",\"isPartOf\":{\"@id\":\"https:\\\/\\\/eldigitaldeasturias.com\\\/magazine365\\\/#website\"},\"breadcrumb\":{\"@id\":\"https:\\\/\\\/eldigitaldeasturias.com\\\/magazine365\\\/la-generalitat-de-cataluna-mantendra-el-refuerzo-a-las-lineas-de-bus-de-tramos-afectados-en-rodalies\\\/#breadcrumblist\"},\"author\":{\"@id\":\"https:\\\/\\\/eldigitaldeasturias.com\\\/magazine365\\\/author\\\/admin\\\/#author\"},\"creator\":{\"@id\":\"https:\\\/\\\/eldigitaldeasturias.com\\\/magazine365\\\/author\\\/admin\\\/#author\"},\"image\":{\"@type\":\"ImageObject\",\"url\":\"https:\\\/\\\/eldigitaldeasturias.com\\\/magazine365\\\/wp-content\\\/uploads\\\/2015\\\/12\\\/fotonoticia_20151216151712_800.jpg\",\"@id\":\"https:\\\/\\\/eldigitaldeasturias.com\\\/magazine365\\\/la-generalitat-de-cataluna-mantendra-el-refuerzo-a-las-lineas-de-bus-de-tramos-afectados-en-rodalies\\\/#mainImage\",\"width\":800,\"height\":600},\"primaryImageOfPage\":{\"@id\":\"https:\\\/\\\/eldigitaldeasturias.com\\\/magazine365\\\/la-generalitat-de-cataluna-mantendra-el-refuerzo-a-las-lineas-de-bus-de-tramos-afectados-en-rodalies\\\/#mainImage\"},\"datePublished\":\"2015-12-16T21:00:32+01:00\",\"dateModified\":\"2015-12-16T21:00:32+01:00\"},{\"@type\":\"WebSite\",\"@id\":\"https:\\\/\\\/eldigitaldeasturias.com\\\/magazine365\\\/#website\",\"url\":\"https:\\\/\\\/eldigitaldeasturias.com\\\/magazine365\\\/\",\"name\":\"El Digital de Asturias\",\"description\":\"Revista de ocio, turismo y estilo de vida\",\"inLanguage\":\"es-ES\",\"publisher\":{\"@id\":\"https:\\\/\\\/eldigitaldeasturias.com\\\/magazine365\\\/#organization\"}}]}\n\t\t<\/script>\n\t\t<!-- All in One SEO Pro -->\r\n\t\t<title>La Generalitat de Catalu\u00f1a mantendr\u00e1 el refuerzo a las l\u00edneas de bus de tramos afectados en Rodalies | El Digital de Asturias<\/title>\n\n","aioseo_head_json":{"title":"La Generalitat de Catalu\u00f1a mantendr\u00e1 el refuerzo a las l\u00edneas de bus de tramos afectados en Rodalies | El Digital de Asturias","description":"La Conselleria de Territorio y Sostenibilidad de la Generalitat mantendr\u00e1 el refuerzo de las l\u00edneas de bus que hacen trayectos en los tramos afectados por la incidencia ferroviaria en Rodalies de este martes, un operativo iniciado a las 8.00 horas que durar\u00e1 \"mientras Adif y Renfe no restablezcan el servicio habitual\" en las l\u00edneas R2,","canonical_url":"https:\/\/eldigitaldeasturias.com\/magazine365\/la-generalitat-de-cataluna-mantendra-el-refuerzo-a-las-lineas-de-bus-de-tramos-afectados-en-rodalies\/","robots":"max-image-preview:large","keywords":"noticias y actualidad","webmasterTools":{"google-site-verification":"UA-38556648-1","miscellaneous":""},"schema":{"@context":"https:\/\/schema.org","@graph":[{"@type":"Article","@id":"https:\/\/eldigitaldeasturias.com\/magazine365\/la-generalitat-de-cataluna-mantendra-el-refuerzo-a-las-lineas-de-bus-de-tramos-afectados-en-rodalies\/#article","name":"La Generalitat de Catalu\u00f1a mantendr\u00e1 el refuerzo a las l\u00edneas de bus de tramos afectados en Rodalies | El Digital de Asturias","headline":"La Generalitat de Catalu\u00f1a mantendr\u00e1 el refuerzo a las l\u00edneas de bus de tramos afectados en Rodalies","author":{"@id":"https:\/\/eldigitaldeasturias.com\/magazine365\/author\/admin\/#author"},"publisher":{"@id":"https:\/\/eldigitaldeasturias.com\/magazine365\/#organization"},"image":{"@type":"ImageObject","url":"https:\/\/eldigitaldeasturias.com\/magazine365\/wp-content\/uploads\/2015\/12\/fotonoticia_20151216151712_800.jpg","width":800,"height":600},"datePublished":"2015-12-16T21:00:32+01:00","dateModified":"2015-12-16T21:00:32+01:00","inLanguage":"es-ES","mainEntityOfPage":{"@id":"https:\/\/eldigitaldeasturias.com\/magazine365\/la-generalitat-de-cataluna-mantendra-el-refuerzo-a-las-lineas-de-bus-de-tramos-afectados-en-rodalies\/#webpage"},"isPartOf":{"@id":"https:\/\/eldigitaldeasturias.com\/magazine365\/la-generalitat-de-cataluna-mantendra-el-refuerzo-a-las-lineas-de-bus-de-tramos-afectados-en-rodalies\/#webpage"},"articleSection":"Noticias y Actualidad"},{"@type":"BreadcrumbList","@id":"https:\/\/eldigitaldeasturias.com\/magazine365\/la-generalitat-de-cataluna-mantendra-el-refuerzo-a-las-lineas-de-bus-de-tramos-afectados-en-rodalies\/#breadcrumblist","itemListElement":[{"@type":"ListItem","@id":"https:\/\/eldigitaldeasturias.com\/magazine365#listItem","position":1,"name":"Home","item":"https:\/\/eldigitaldeasturias.com\/magazine365","nextItem":{"@type":"ListItem","@id":"https:\/\/eldigitaldeasturias.com\/magazine365\/category\/noticias-actualidad\/#listItem","name":"Noticias y Actualidad"}},{"@type":"ListItem","@id":"https:\/\/eldigitaldeasturias.com\/magazine365\/category\/noticias-actualidad\/#listItem","position":2,"name":"Noticias y Actualidad","item":"https:\/\/eldigitaldeasturias.com\/magazine365\/category\/noticias-actualidad\/","nextItem":{"@type":"ListItem","@id":"https:\/\/eldigitaldeasturias.com\/magazine365\/la-generalitat-de-cataluna-mantendra-el-refuerzo-a-las-lineas-de-bus-de-tramos-afectados-en-rodalies\/#listItem","name":"La Generalitat de Catalu\u00f1a mantendr\u00e1 el refuerzo a las l\u00edneas de bus de tramos afectados en Rodalies"},"previousItem":{"@type":"ListItem","@id":"https:\/\/eldigitaldeasturias.com\/magazine365#listItem","name":"Home"}},{"@type":"ListItem","@id":"https:\/\/eldigitaldeasturias.com\/magazine365\/la-generalitat-de-cataluna-mantendra-el-refuerzo-a-las-lineas-de-bus-de-tramos-afectados-en-rodalies\/#listItem","position":3,"name":"La Generalitat de Catalu\u00f1a mantendr\u00e1 el refuerzo a las l\u00edneas de bus de tramos afectados en Rodalies","previousItem":{"@type":"ListItem","@id":"https:\/\/eldigitaldeasturias.com\/magazine365\/category\/noticias-actualidad\/#listItem","name":"Noticias y Actualidad"}}]},{"@type":"Organization","@id":"https:\/\/eldigitaldeasturias.com\/magazine365\/#organization","name":"El digital de Asturias","description":"Revista de ocio, turismo y estilo de vida","url":"https:\/\/eldigitaldeasturias.com\/magazine365\/","logo":{"@type":"ImageObject","url":"https:\/\/www.eldigitaldeasturias.com\/noticias\/wp-content\/uploads\/2020\/12\/EDA.jpg","@id":"https:\/\/eldigitaldeasturias.com\/magazine365\/la-generalitat-de-cataluna-mantendra-el-refuerzo-a-las-lineas-de-bus-de-tramos-afectados-en-rodalies\/#organizationLogo"},"image":{"@id":"https:\/\/eldigitaldeasturias.com\/magazine365\/la-generalitat-de-cataluna-mantendra-el-refuerzo-a-las-lineas-de-bus-de-tramos-afectados-en-rodalies\/#organizationLogo"}},{"@type":"Person","@id":"https:\/\/eldigitaldeasturias.com\/magazine365\/author\/admin\/#author","url":"https:\/\/eldigitaldeasturias.com\/magazine365\/author\/admin\/","name":"admin","image":{"@type":"ImageObject","@id":"https:\/\/eldigitaldeasturias.com\/magazine365\/la-generalitat-de-cataluna-mantendra-el-refuerzo-a-las-lineas-de-bus-de-tramos-afectados-en-rodalies\/#authorImage","url":"https:\/\/eldigitaldeasturias.com\/magazine365\/wp-content\/litespeed\/avatar\/e571bcf59a0edd6fa6838245a470f2fe.jpg?ver=1777574230","width":96,"height":96,"caption":"admin"}},{"@type":"WebPage","@id":"https:\/\/eldigitaldeasturias.com\/magazine365\/la-generalitat-de-cataluna-mantendra-el-refuerzo-a-las-lineas-de-bus-de-tramos-afectados-en-rodalies\/#webpage","url":"https:\/\/eldigitaldeasturias.com\/magazine365\/la-generalitat-de-cataluna-mantendra-el-refuerzo-a-las-lineas-de-bus-de-tramos-afectados-en-rodalies\/","name":"La Generalitat de Catalu\u00f1a mantendr\u00e1 el refuerzo a las l\u00edneas de bus de tramos afectados en Rodalies | El Digital de Asturias","description":"La Conselleria de Territorio y Sostenibilidad de la Generalitat mantendr\u00e1 el refuerzo de las l\u00edneas de bus que hacen trayectos en los tramos afectados por la incidencia ferroviaria en Rodalies de este martes, un operativo iniciado a las 8.00 horas que durar\u00e1 \"mientras Adif y Renfe no restablezcan el servicio habitual\" en las l\u00edneas R2,","inLanguage":"es-ES","isPartOf":{"@id":"https:\/\/eldigitaldeasturias.com\/magazine365\/#website"},"breadcrumb":{"@id":"https:\/\/eldigitaldeasturias.com\/magazine365\/la-generalitat-de-cataluna-mantendra-el-refuerzo-a-las-lineas-de-bus-de-tramos-afectados-en-rodalies\/#breadcrumblist"},"author":{"@id":"https:\/\/eldigitaldeasturias.com\/magazine365\/author\/admin\/#author"},"creator":{"@id":"https:\/\/eldigitaldeasturias.com\/magazine365\/author\/admin\/#author"},"image":{"@type":"ImageObject","url":"https:\/\/eldigitaldeasturias.com\/magazine365\/wp-content\/uploads\/2015\/12\/fotonoticia_20151216151712_800.jpg","@id":"https:\/\/eldigitaldeasturias.com\/magazine365\/la-generalitat-de-cataluna-mantendra-el-refuerzo-a-las-lineas-de-bus-de-tramos-afectados-en-rodalies\/#mainImage","width":800,"height":600},"primaryImageOfPage":{"@id":"https:\/\/eldigitaldeasturias.com\/magazine365\/la-generalitat-de-cataluna-mantendra-el-refuerzo-a-las-lineas-de-bus-de-tramos-afectados-en-rodalies\/#mainImage"},"datePublished":"2015-12-16T21:00:32+01:00","dateModified":"2015-12-16T21:00:32+01:00"},{"@type":"WebSite","@id":"https:\/\/eldigitaldeasturias.com\/magazine365\/#website","url":"https:\/\/eldigitaldeasturias.com\/magazine365\/","name":"El Digital de Asturias","description":"Revista de ocio, turismo y estilo de vida","inLanguage":"es-ES","publisher":{"@id":"https:\/\/eldigitaldeasturias.com\/magazine365\/#organization"}}]},"og:locale":"es_ES","og:site_name":"El Digital de Asturias \u2013 Revista de ocio, turismo y estilo de vida","og:type":"article","og:title":"La Generalitat de Catalu\u00f1a mantendr\u00e1 el refuerzo a las l\u00edneas de bus de tramos afectados en Rodalies | El Digital de Asturias","og:description":"La Conselleria de Territorio y Sostenibilidad de la Generalitat mantendr\u00e1 el refuerzo de las l\u00edneas de bus que hacen trayectos en los tramos afectados por la incidencia ferroviaria en Rodalies de este martes, un operativo iniciado a las 8.00 horas que durar\u00e1 &quot;mientras Adif y Renfe no restablezcan el servicio habitual&quot; en las l\u00edneas R2,","og:url":"https:\/\/eldigitaldeasturias.com\/magazine365\/la-generalitat-de-cataluna-mantendra-el-refuerzo-a-las-lineas-de-bus-de-tramos-afectados-en-rodalies\/","og:image":"https:\/\/eldigitaldeasturias.com\/magazine365\/wp-content\/uploads\/2015\/12\/fotonoticia_20151216151712_800.jpg","og:image:secure_url":"https:\/\/eldigitaldeasturias.com\/magazine365\/wp-content\/uploads\/2015\/12\/fotonoticia_20151216151712_800.jpg","og:image:width":800,"og:image:height":600,"article:published_time":"2015-12-16T20:00:32+00:00","article:modified_time":"2015-12-16T20:00:32+00:00","twitter:card":"summary_large_image","twitter:title":"La Generalitat de Catalu\u00f1a mantendr\u00e1 el refuerzo a las l\u00edneas de bus de tramos afectados en Rodalies | El Digital de Asturias","twitter:description":"La Conselleria de Territorio y Sostenibilidad de la Generalitat mantendr\u00e1 el refuerzo de las l\u00edneas de bus que hacen trayectos en los tramos afectados por la incidencia ferroviaria en Rodalies de este martes, un operativo iniciado a las 8.00 horas que durar\u00e1 &quot;mientras Adif y Renfe no restablezcan el servicio habitual&quot; en las l\u00edneas R2,","twitter:image":"https:\/\/eldigitaldeasturias.com\/magazine365\/wp-content\/uploads\/2015\/12\/fotonoticia_20151216151712_800.jpg"},"aioseo_meta_data":{"post_id":"58685","title":null,"description":null,"keywords":null,"keyphrases":null,"primary_term":null,"canonical_url":null,"og_title":null,"og_description":null,"og_object_type":"default","og_image_type":"default","og_image_url":null,"og_image_width":null,"og_image_height":null,"og_image_custom_url":null,"og_image_custom_fields":null,"og_video":null,"og_custom_url":null,"og_article_section":null,"og_article_tags":null,"twitter_use_og":false,"twitter_card":"default","twitter_image_type":"default","twitter_image_url":null,"twitter_image_custom_url":null,"twitter_image_custom_fields":null,"twitter_title":null,"twitter_description":null,"schema":{"blockGraphs":[],"customGraphs":[],"default":{"data":{"Article":[],"Course":[],"Dataset":[],"FAQPage":[],"Movie":[],"Person":[],"Product":[],"ProductReview":[],"Car":[],"Recipe":[],"Service":[],"SoftwareApplication":[],"WebPage":[]},"graphName":"","isEnabled":true},"graphs":[],"defaultGraph":"","defaultPostTypeGraph":""},"schema_type":null,"schema_type_options":null,"pillar_content":false,"robots_default":true,"robots_noindex":false,"robots_noarchive":false,"robots_nosnippet":false,"robots_nofollow":false,"robots_noimageindex":false,"robots_noodp":false,"robots_notranslate":false,"robots_max_snippet":null,"robots_max_videopreview":null,"robots_max_imagepreview":"large","priority":null,"frequency":null,"location":null,"local_seo":null,"seo_analyzer_scan_date":"2025-09-25 03:28:09","breadcrumb_settings":null,"limit_modified_date":false,"open_ai":null,"ai":null,"created":"2021-03-08 22:26:51","updated":"2025-09-25 03:28:09"},"aioseo_breadcrumb":"<div class=\"aioseo-breadcrumbs\"><span class=\"aioseo-breadcrumb\">\n\t<a href=\"https:\/\/eldigitaldeasturias.com\/magazine365\" title=\"Home\">Home<\/a>\n<\/span><span class=\"aioseo-breadcrumb-separator\">\u2013<\/span><span class=\"aioseo-breadcrumb\">\n\t<a href=\"https:\/\/eldigitaldeasturias.com\/magazine365\/category\/noticias-actualidad\/\" title=\"Noticias y Actualidad\">Noticias y Actualidad<\/a>\n<\/span><span class=\"aioseo-breadcrumb-separator\">\u2013<\/span><span class=\"aioseo-breadcrumb\">\n\t<a href=\"https:\/\/eldigitaldeasturias.com\/magazine365\/la-generalitat-de-cataluna-mantendra-el-refuerzo-a-las-lineas-de-bus-de-tramos-afectados-en-rodalies\/\" title=\"La Generalitat de Catalu\u00f1a mantendr\u00e1 el refuerzo a las l\u00edneas de bus de tramos afectados en Rodalies\">La Generalitat de Catalu\u00f1a mantendr\u00e1 el refuerzo a las l\u00edneas de bus de tramos afectados en Rodalies<\/a>\n<\/span><\/div>","aioseo_breadcrumb_json":[{"label":"Home","link":"https:\/\/eldigitaldeasturias.com\/magazine365"},{"label":"Noticias y Actualidad","link":"https:\/\/eldigitaldeasturias.com\/magazine365\/category\/noticias-actualidad\/"},{"label":"La Generalitat de Catalu\u00f1a mantendr\u00e1 el refuerzo a las l\u00edneas de bus de tramos afectados en Rodalies","link":"https:\/\/eldigitaldeasturias.com\/magazine365\/la-generalitat-de-cataluna-mantendra-el-refuerzo-a-las-lineas-de-bus-de-tramos-afectados-en-rodalies\/"}],"_links":{"self":[{"href":"https:\/\/eldigitaldeasturias.com\/magazine365\/wp-json\/wp\/v2\/posts\/58685","targetHints":{"allow":["GET"]}}],"collection":[{"href":"https:\/\/eldigitaldeasturias.com\/magazine365\/wp-json\/wp\/v2\/posts"}],"about":[{"href":"https:\/\/eldigitaldeasturias.com\/magazine365\/wp-json\/wp\/v2\/types\/post"}],"author":[{"embeddable":true,"href":"https:\/\/eldigitaldeasturias.com\/magazine365\/wp-json\/wp\/v2\/users\/1"}],"replies":[{"embeddable":true,"href":"https:\/\/eldigitaldeasturias.com\/magazine365\/wp-json\/wp\/v2\/comments?post=58685"}],"version-history":[{"count":0,"href":"https:\/\/eldigitaldeasturias.com\/magazine365\/wp-json\/wp\/v2\/posts\/58685\/revisions"}],"wp:featuredmedia":[{"embeddable":true,"href":"https:\/\/eldigitaldeasturias.com\/magazine365\/wp-json\/wp\/v2\/media\/58686"}],"wp:attachment":[{"href":"https:\/\/eldigitaldeasturias.com\/magazine365\/wp-json\/wp\/v2\/media?parent=58685"}],"wp:term":[{"taxonomy":"category","embeddable":true,"href":"https:\/\/eldigitaldeasturias.com\/magazine365\/wp-json\/wp\/v2\/categories?post=58685"},{"taxonomy":"post_tag","embeddable":true,"href":"https:\/\/eldigitaldeasturias.com\/magazine365\/wp-json\/wp\/v2\/tags?post=58685"}],"curies":[{"name":"wp","href":"https:\/\/api.w.org\/{rel}","templated":true}]}}