{"id":58682,"date":"2015-12-16T20:54:22","date_gmt":"2015-12-16T19:54:22","guid":{"rendered":"http:\/\/eldigitaldeasturias.com\/magazine365\/?p=58682"},"modified":"2015-12-16T20:54:22","modified_gmt":"2015-12-16T19:54:22","slug":"la-junta-apuesta-por-poner-en-valor-ciudades-medias-para-reforzar-el-destino-andalucia-todo-el-ano","status":"publish","type":"post","link":"https:\/\/eldigitaldeasturias.com\/magazine365\/la-junta-apuesta-por-poner-en-valor-ciudades-medias-para-reforzar-el-destino-andalucia-todo-el-ano\/","title":{"rendered":"La Junta apuesta por poner en valor ciudades medias para reforzar el destino Andaluc\u00eda todo el a\u00f1o"},"content":{"rendered":"<p><img fetchpriority=\"high\" decoding=\"async\" class=\"alignleft size-medium wp-image-58683\" src=\"https:\/\/eldigitaldeasturias.com\/magazine365\/wp-content\/uploads\/2015\/12\/fotonoticia_20151216142800_800-360x216.jpg\" alt=\"fotonoticia_20151216142800_800\" width=\"360\" height=\"216\" srcset=\"https:\/\/eldigitaldeasturias.com\/magazine365\/wp-content\/uploads\/2015\/12\/fotonoticia_20151216142800_800-360x216.jpg 360w, https:\/\/eldigitaldeasturias.com\/magazine365\/wp-content\/uploads\/2015\/12\/fotonoticia_20151216142800_800-650x390.jpg 650w, https:\/\/eldigitaldeasturias.com\/magazine365\/wp-content\/uploads\/2015\/12\/fotonoticia_20151216142800_800-768x461.jpg 768w, https:\/\/eldigitaldeasturias.com\/magazine365\/wp-content\/uploads\/2015\/12\/fotonoticia_20151216142800_800-150x90.jpg 150w, https:\/\/eldigitaldeasturias.com\/magazine365\/wp-content\/uploads\/2015\/12\/fotonoticia_20151216142800_800-450x270.jpg 450w, https:\/\/eldigitaldeasturias.com\/magazine365\/wp-content\/uploads\/2015\/12\/fotonoticia_20151216142800_800-696x418.jpg 696w, https:\/\/eldigitaldeasturias.com\/magazine365\/wp-content\/uploads\/2015\/12\/fotonoticia_20151216142800_800-700x420.jpg 700w, https:\/\/eldigitaldeasturias.com\/magazine365\/wp-content\/uploads\/2015\/12\/fotonoticia_20151216142800_800.jpg 800w\" sizes=\"(max-width: 360px) 100vw, 360px\" \/>El consejero de Turismo y Deporte, Francisco Javier Fern\u00e1ndez, ha apostado este mi\u00e9rcoles en la localidad de \u00c9cija (Sevilla) por poner en valor para aprovechamiento tur\u00edstico toda la oferta cultural, monumental y patrimonial de la ciudades medias de la comunidad, con el objetivo de reforzar la promoci\u00f3n y la imagen de Andaluc\u00eda como un destino que \u00abofrece de todo, para todos y durante todo el a\u00f1o\u00bb.<\/p>\n<p>Francisco Javier Fern\u00e1ndez se ha reunido con el regidor ecijano, David Garc\u00eda, y ha visitado alguno de los recursos tur\u00edsticos del municipio, como la Plaza de Armas, conocida popularmente como El Picadero, en la que se encuentran importantes restos arqueol\u00f3gicos, y las instalaciones del Museo Municipal, que posee una colecci\u00f3n de piezas de gran valor de las \u00e9pocas prehist\u00f3rica, romana e isl\u00e1mica.<\/p>\n<p>El consejero ha valorado que la localidad sevillana es \u00abuna muestra\u00bb del cat\u00e1logo de ciudades medias andaluzas con una variedad notable de recursos patrimoniales que \u00abhay que poner en valor\u00bb y ha marcado como reto de futuro reforzar su difusi\u00f3n. \u00abHay que mantener la promoci\u00f3n de la \u00c9cija barroca, con sus iglesias y casas-palacio, que conoce todo el mundo, pero tenemos que dar a conocer &#8216;la otra \u00c9cija&#8217; de hace 2000 a\u00f1os\u00bb, ha dicho.<\/p>\n<p>A este respecto, ha apuntado que los recursos que posee \u00c9cija \u00abnos ayudan a conocer la historia de Andaluc\u00eda\u00bb y ha se\u00f1alado la importancia de \u00absacar partido a todo ese patrimonio\u00bb. \u00abTodo el mundo cree que conoce \u00c9cija, pero hay que pensar que es mucho m\u00e1s que las torres que se ven desde la autov\u00eda, por lo que tenemos que descubrir esta oferta y conseguir que los visitantes se queden a dormir\u00bb, ha asegurado.<\/p>\n<p>El consejero ha insistido en que \u00abtenemos que plantear que Andaluc\u00eda es un destino que ofrece de todo, para todos y durante todo el a\u00f1o\u00bb y record\u00f3 que los propios touroperadores \u00abnos est\u00e1n reclamando completar los circuitos de las grandes ciudades como C\u00f3rdoba, Granada y Sevilla, con un producto ligado a esas localidades medias con patrimonio monumental, pero tambi\u00e9n gastron\u00f3mico o de naturaleza\u00bb.<\/p>\n<p>CINTUR\u00d3N DE CIUDADES MEDIAS<\/p>\n<p>En este sentido, ha avanzado que el interior de Andaluc\u00eda va a tener un protagonismo destacado en la acci\u00f3n promocional de la Junta, \u00abno solo como complemento a otro tipo de oferta, sino como atractivo en s\u00ed mismo\u00bb, una estrategia en la que se incluir\u00e1n municipios del \u00abcintur\u00f3n\u00bb de ciudades medias de la comunidad como \u00c9cija, Marchena, Osuna o Lucena, entre otras localidades.<\/p>\n<p>Por su parte, el alcalde ecijano ha destacado la apuesta que se est\u00e1 realizando por el turismo como motor econ\u00f3mico y subray\u00f3 el potencial del municipio como destino, con una oferta ligada a la \u00c9cija barroca y a los vestigios de la \u00e9poca romana. Adem\u00e1s, ha abogado por la colaboraci\u00f3n entre administraciones y entre las ciudades medias de la comunidad para difundir estos recursos, en un momento de enorme competencia.<\/p>\n<p>En el recorrido realizado este mi\u00e9rcoles, el consejero ha visitado el yacimiento arqueol\u00f3gico de Plaza de Armas, situado en la parte m\u00e1s eleva de \u00c9cija, que data desde los or\u00edgenes del emplazamiento hacia el siglo VIII a.C. y alberga restos de edificios fundamentalmente de la \u00e9poca romana, cuando la ciudad se denominaba Astigia, en un estado de conservaci\u00f3n que le ha valido el nombre de la &#8216;Pompeya andaluza&#8217;.<\/p>\n<p>Por su parte, el Museo Hist\u00f3rico Municipal, que se ubica en el Palacio de Benamej\u00ed &#8211;un edificio barroco declarado Bien de Inter\u00e9s Cultural-Monumento Nacional desde el a\u00f1o 2000&#8211; exhibe piezas de gran valor que abarcan desde la Prehistoria al legado romano o la Edad Media. En la colecci\u00f3n, destaca la escultura &#8216;Amazona herida&#8217;, una de las mejor conservadas del mundo, y la sala de mosaicos, por su calidad, variedad y dimensiones.<\/p>\n","protected":false},"excerpt":{"rendered":"<p>El consejero de Turismo y Deporte, Francisco Javier Fern\u00e1ndez, ha apostado este mi\u00e9rcoles en la localidad de \u00c9cija (Sevilla) por poner en valor para aprovechamiento tur\u00edstico toda la oferta cultural, monumental y patrimonial de la ciudades medias de la comunidad, con el objetivo de reforzar la promoci\u00f3n y la imagen de Andaluc\u00eda como un destino<\/p>\n","protected":false},"author":1,"featured_media":58683,"comment_status":"open","ping_status":"closed","sticky":false,"template":"","format":"standard","meta":{"footnotes":""},"categories":[224],"tags":[],"class_list":{"0":"post-58682","1":"post","2":"type-post","3":"status-publish","4":"format-standard","5":"has-post-thumbnail","7":"category-noticias-actualidad"},"aioseo_notices":[],"aioseo_head":"\n\t\t<!-- All in One SEO Pro 4.9.6.1 - aioseo.com -->\n\t<meta name=\"description\" content=\"El consejero de Turismo y Deporte, Francisco Javier Fern\u00e1ndez, ha apostado este mi\u00e9rcoles en la localidad de \u00c9cija (Sevilla) por poner en valor para aprovechamiento tur\u00edstico toda la oferta cultural, monumental y patrimonial de la ciudades medias de la comunidad, con el objetivo de reforzar la promoci\u00f3n y la imagen de Andaluc\u00eda como un destino\" \/>\n\t<meta name=\"robots\" content=\"max-image-preview:large\" \/>\n\t<meta name=\"author\" content=\"admin\"\/>\n\t<meta name=\"google-site-verification\" content=\"UA-38556648-1\" \/>\n\t<meta name=\"keywords\" content=\"noticias y actualidad\" \/>\n\t<link rel=\"canonical\" href=\"https:\/\/eldigitaldeasturias.com\/magazine365\/la-junta-apuesta-por-poner-en-valor-ciudades-medias-para-reforzar-el-destino-andalucia-todo-el-ano\/\" \/>\n\t<meta name=\"generator\" content=\"All in One SEO Pro (AIOSEO) 4.9.6.1\" \/>\n\t\t<meta property=\"og:locale\" content=\"es_ES\" \/>\n\t\t<meta property=\"og:site_name\" content=\"El Digital de Asturias \u2013 Revista de ocio, turismo y estilo de vida\" \/>\n\t\t<meta property=\"og:type\" content=\"article\" \/>\n\t\t<meta property=\"og:title\" content=\"La Junta apuesta por poner en valor ciudades medias para reforzar el destino Andaluc\u00eda todo el a\u00f1o | El Digital de Asturias\" \/>\n\t\t<meta property=\"og:description\" content=\"El consejero de Turismo y Deporte, Francisco Javier Fern\u00e1ndez, ha apostado este mi\u00e9rcoles en la localidad de \u00c9cija (Sevilla) por poner en valor para aprovechamiento tur\u00edstico toda la oferta cultural, monumental y patrimonial de la ciudades medias de la comunidad, con el objetivo de reforzar la promoci\u00f3n y la imagen de Andaluc\u00eda como un destino\" \/>\n\t\t<meta property=\"og:url\" content=\"https:\/\/eldigitaldeasturias.com\/magazine365\/la-junta-apuesta-por-poner-en-valor-ciudades-medias-para-reforzar-el-destino-andalucia-todo-el-ano\/\" \/>\n\t\t<meta property=\"og:image\" content=\"https:\/\/eldigitaldeasturias.com\/magazine365\/wp-content\/uploads\/2015\/12\/fotonoticia_20151216142800_800.jpg\" \/>\n\t\t<meta property=\"og:image:secure_url\" content=\"https:\/\/eldigitaldeasturias.com\/magazine365\/wp-content\/uploads\/2015\/12\/fotonoticia_20151216142800_800.jpg\" \/>\n\t\t<meta property=\"og:image:width\" content=\"800\" \/>\n\t\t<meta property=\"og:image:height\" content=\"480\" \/>\n\t\t<meta property=\"article:published_time\" content=\"2015-12-16T19:54:22+00:00\" \/>\n\t\t<meta property=\"article:modified_time\" content=\"2015-12-16T19:54:22+00:00\" \/>\n\t\t<meta name=\"twitter:card\" content=\"summary_large_image\" \/>\n\t\t<meta name=\"twitter:title\" content=\"La Junta apuesta por poner en valor ciudades medias para reforzar el destino Andaluc\u00eda todo el a\u00f1o | El Digital de Asturias\" \/>\n\t\t<meta name=\"twitter:description\" content=\"El consejero de Turismo y Deporte, Francisco Javier Fern\u00e1ndez, ha apostado este mi\u00e9rcoles en la localidad de \u00c9cija (Sevilla) por poner en valor para aprovechamiento tur\u00edstico toda la oferta cultural, monumental y patrimonial de la ciudades medias de la comunidad, con el objetivo de reforzar la promoci\u00f3n y la imagen de Andaluc\u00eda como un destino\" \/>\n\t\t<meta name=\"twitter:image\" content=\"https:\/\/eldigitaldeasturias.com\/magazine365\/wp-content\/uploads\/2015\/12\/fotonoticia_20151216142800_800.jpg\" \/>\n\t\t<script type=\"application\/ld+json\" class=\"aioseo-schema\">\n\t\t\t{\"@context\":\"https:\\\/\\\/schema.org\",\"@graph\":[{\"@type\":\"Article\",\"@id\":\"https:\\\/\\\/eldigitaldeasturias.com\\\/magazine365\\\/la-junta-apuesta-por-poner-en-valor-ciudades-medias-para-reforzar-el-destino-andalucia-todo-el-ano\\\/#article\",\"name\":\"La Junta apuesta por poner en valor ciudades medias para reforzar el destino Andaluc\\u00eda todo el a\\u00f1o | El Digital de Asturias\",\"headline\":\"La Junta apuesta por poner en valor ciudades medias para reforzar el destino Andaluc\\u00eda todo el a\\u00f1o\",\"author\":{\"@id\":\"https:\\\/\\\/eldigitaldeasturias.com\\\/magazine365\\\/author\\\/admin\\\/#author\"},\"publisher\":{\"@id\":\"https:\\\/\\\/eldigitaldeasturias.com\\\/magazine365\\\/#organization\"},\"image\":{\"@type\":\"ImageObject\",\"url\":\"https:\\\/\\\/eldigitaldeasturias.com\\\/magazine365\\\/wp-content\\\/uploads\\\/2015\\\/12\\\/fotonoticia_20151216142800_800.jpg\",\"width\":800,\"height\":480},\"datePublished\":\"2015-12-16T20:54:22+01:00\",\"dateModified\":\"2015-12-16T20:54:22+01:00\",\"inLanguage\":\"es-ES\",\"mainEntityOfPage\":{\"@id\":\"https:\\\/\\\/eldigitaldeasturias.com\\\/magazine365\\\/la-junta-apuesta-por-poner-en-valor-ciudades-medias-para-reforzar-el-destino-andalucia-todo-el-ano\\\/#webpage\"},\"isPartOf\":{\"@id\":\"https:\\\/\\\/eldigitaldeasturias.com\\\/magazine365\\\/la-junta-apuesta-por-poner-en-valor-ciudades-medias-para-reforzar-el-destino-andalucia-todo-el-ano\\\/#webpage\"},\"articleSection\":\"Noticias y Actualidad\"},{\"@type\":\"BreadcrumbList\",\"@id\":\"https:\\\/\\\/eldigitaldeasturias.com\\\/magazine365\\\/la-junta-apuesta-por-poner-en-valor-ciudades-medias-para-reforzar-el-destino-andalucia-todo-el-ano\\\/#breadcrumblist\",\"itemListElement\":[{\"@type\":\"ListItem\",\"@id\":\"https:\\\/\\\/eldigitaldeasturias.com\\\/magazine365#listItem\",\"position\":1,\"name\":\"Home\",\"item\":\"https:\\\/\\\/eldigitaldeasturias.com\\\/magazine365\",\"nextItem\":{\"@type\":\"ListItem\",\"@id\":\"https:\\\/\\\/eldigitaldeasturias.com\\\/magazine365\\\/category\\\/noticias-actualidad\\\/#listItem\",\"name\":\"Noticias y Actualidad\"}},{\"@type\":\"ListItem\",\"@id\":\"https:\\\/\\\/eldigitaldeasturias.com\\\/magazine365\\\/category\\\/noticias-actualidad\\\/#listItem\",\"position\":2,\"name\":\"Noticias y Actualidad\",\"item\":\"https:\\\/\\\/eldigitaldeasturias.com\\\/magazine365\\\/category\\\/noticias-actualidad\\\/\",\"nextItem\":{\"@type\":\"ListItem\",\"@id\":\"https:\\\/\\\/eldigitaldeasturias.com\\\/magazine365\\\/la-junta-apuesta-por-poner-en-valor-ciudades-medias-para-reforzar-el-destino-andalucia-todo-el-ano\\\/#listItem\",\"name\":\"La Junta apuesta por poner en valor ciudades medias para reforzar el destino Andaluc\\u00eda todo el a\\u00f1o\"},\"previousItem\":{\"@type\":\"ListItem\",\"@id\":\"https:\\\/\\\/eldigitaldeasturias.com\\\/magazine365#listItem\",\"name\":\"Home\"}},{\"@type\":\"ListItem\",\"@id\":\"https:\\\/\\\/eldigitaldeasturias.com\\\/magazine365\\\/la-junta-apuesta-por-poner-en-valor-ciudades-medias-para-reforzar-el-destino-andalucia-todo-el-ano\\\/#listItem\",\"position\":3,\"name\":\"La Junta apuesta por poner en valor ciudades medias para reforzar el destino Andaluc\\u00eda todo el a\\u00f1o\",\"previousItem\":{\"@type\":\"ListItem\",\"@id\":\"https:\\\/\\\/eldigitaldeasturias.com\\\/magazine365\\\/category\\\/noticias-actualidad\\\/#listItem\",\"name\":\"Noticias y Actualidad\"}}]},{\"@type\":\"Organization\",\"@id\":\"https:\\\/\\\/eldigitaldeasturias.com\\\/magazine365\\\/#organization\",\"name\":\"El digital de Asturias\",\"description\":\"Revista de ocio, turismo y estilo de vida\",\"url\":\"https:\\\/\\\/eldigitaldeasturias.com\\\/magazine365\\\/\",\"logo\":{\"@type\":\"ImageObject\",\"url\":\"https:\\\/\\\/www.eldigitaldeasturias.com\\\/noticias\\\/wp-content\\\/uploads\\\/2020\\\/12\\\/EDA.jpg\",\"@id\":\"https:\\\/\\\/eldigitaldeasturias.com\\\/magazine365\\\/la-junta-apuesta-por-poner-en-valor-ciudades-medias-para-reforzar-el-destino-andalucia-todo-el-ano\\\/#organizationLogo\"},\"image\":{\"@id\":\"https:\\\/\\\/eldigitaldeasturias.com\\\/magazine365\\\/la-junta-apuesta-por-poner-en-valor-ciudades-medias-para-reforzar-el-destino-andalucia-todo-el-ano\\\/#organizationLogo\"}},{\"@type\":\"Person\",\"@id\":\"https:\\\/\\\/eldigitaldeasturias.com\\\/magazine365\\\/author\\\/admin\\\/#author\",\"url\":\"https:\\\/\\\/eldigitaldeasturias.com\\\/magazine365\\\/author\\\/admin\\\/\",\"name\":\"admin\",\"image\":{\"@type\":\"ImageObject\",\"@id\":\"https:\\\/\\\/eldigitaldeasturias.com\\\/magazine365\\\/la-junta-apuesta-por-poner-en-valor-ciudades-medias-para-reforzar-el-destino-andalucia-todo-el-ano\\\/#authorImage\",\"url\":\"https:\\\/\\\/eldigitaldeasturias.com\\\/magazine365\\\/wp-content\\\/litespeed\\\/avatar\\\/e571bcf59a0edd6fa6838245a470f2fe.jpg?ver=1777574230\",\"width\":96,\"height\":96,\"caption\":\"admin\"}},{\"@type\":\"WebPage\",\"@id\":\"https:\\\/\\\/eldigitaldeasturias.com\\\/magazine365\\\/la-junta-apuesta-por-poner-en-valor-ciudades-medias-para-reforzar-el-destino-andalucia-todo-el-ano\\\/#webpage\",\"url\":\"https:\\\/\\\/eldigitaldeasturias.com\\\/magazine365\\\/la-junta-apuesta-por-poner-en-valor-ciudades-medias-para-reforzar-el-destino-andalucia-todo-el-ano\\\/\",\"name\":\"La Junta apuesta por poner en valor ciudades medias para reforzar el destino Andaluc\\u00eda todo el a\\u00f1o | El Digital de Asturias\",\"description\":\"El consejero de Turismo y Deporte, Francisco Javier Fern\\u00e1ndez, ha apostado este mi\\u00e9rcoles en la localidad de \\u00c9cija (Sevilla) por poner en valor para aprovechamiento tur\\u00edstico toda la oferta cultural, monumental y patrimonial de la ciudades medias de la comunidad, con el objetivo de reforzar la promoci\\u00f3n y la imagen de Andaluc\\u00eda como un destino\",\"inLanguage\":\"es-ES\",\"isPartOf\":{\"@id\":\"https:\\\/\\\/eldigitaldeasturias.com\\\/magazine365\\\/#website\"},\"breadcrumb\":{\"@id\":\"https:\\\/\\\/eldigitaldeasturias.com\\\/magazine365\\\/la-junta-apuesta-por-poner-en-valor-ciudades-medias-para-reforzar-el-destino-andalucia-todo-el-ano\\\/#breadcrumblist\"},\"author\":{\"@id\":\"https:\\\/\\\/eldigitaldeasturias.com\\\/magazine365\\\/author\\\/admin\\\/#author\"},\"creator\":{\"@id\":\"https:\\\/\\\/eldigitaldeasturias.com\\\/magazine365\\\/author\\\/admin\\\/#author\"},\"image\":{\"@type\":\"ImageObject\",\"url\":\"https:\\\/\\\/eldigitaldeasturias.com\\\/magazine365\\\/wp-content\\\/uploads\\\/2015\\\/12\\\/fotonoticia_20151216142800_800.jpg\",\"@id\":\"https:\\\/\\\/eldigitaldeasturias.com\\\/magazine365\\\/la-junta-apuesta-por-poner-en-valor-ciudades-medias-para-reforzar-el-destino-andalucia-todo-el-ano\\\/#mainImage\",\"width\":800,\"height\":480},\"primaryImageOfPage\":{\"@id\":\"https:\\\/\\\/eldigitaldeasturias.com\\\/magazine365\\\/la-junta-apuesta-por-poner-en-valor-ciudades-medias-para-reforzar-el-destino-andalucia-todo-el-ano\\\/#mainImage\"},\"datePublished\":\"2015-12-16T20:54:22+01:00\",\"dateModified\":\"2015-12-16T20:54:22+01:00\"},{\"@type\":\"WebSite\",\"@id\":\"https:\\\/\\\/eldigitaldeasturias.com\\\/magazine365\\\/#website\",\"url\":\"https:\\\/\\\/eldigitaldeasturias.com\\\/magazine365\\\/\",\"name\":\"El Digital de Asturias\",\"description\":\"Revista de ocio, turismo y estilo de vida\",\"inLanguage\":\"es-ES\",\"publisher\":{\"@id\":\"https:\\\/\\\/eldigitaldeasturias.com\\\/magazine365\\\/#organization\"}}]}\n\t\t<\/script>\n\t\t<!-- All in One SEO Pro -->\r\n\t\t<title>La Junta apuesta por poner en valor ciudades medias para reforzar el destino Andaluc\u00eda todo el a\u00f1o | El Digital de Asturias<\/title>\n\n","aioseo_head_json":{"title":"La Junta apuesta por poner en valor ciudades medias para reforzar el destino Andaluc\u00eda todo el a\u00f1o | El Digital de Asturias","description":"El consejero de Turismo y Deporte, Francisco Javier Fern\u00e1ndez, ha apostado este mi\u00e9rcoles en la localidad de \u00c9cija (Sevilla) por poner en valor para aprovechamiento tur\u00edstico toda la oferta cultural, monumental y patrimonial de la ciudades medias de la comunidad, con el objetivo de reforzar la promoci\u00f3n y la imagen de Andaluc\u00eda como un destino","canonical_url":"https:\/\/eldigitaldeasturias.com\/magazine365\/la-junta-apuesta-por-poner-en-valor-ciudades-medias-para-reforzar-el-destino-andalucia-todo-el-ano\/","robots":"max-image-preview:large","keywords":"noticias y actualidad","webmasterTools":{"google-site-verification":"UA-38556648-1","miscellaneous":""},"schema":{"@context":"https:\/\/schema.org","@graph":[{"@type":"Article","@id":"https:\/\/eldigitaldeasturias.com\/magazine365\/la-junta-apuesta-por-poner-en-valor-ciudades-medias-para-reforzar-el-destino-andalucia-todo-el-ano\/#article","name":"La Junta apuesta por poner en valor ciudades medias para reforzar el destino Andaluc\u00eda todo el a\u00f1o | El Digital de Asturias","headline":"La Junta apuesta por poner en valor ciudades medias para reforzar el destino Andaluc\u00eda todo el a\u00f1o","author":{"@id":"https:\/\/eldigitaldeasturias.com\/magazine365\/author\/admin\/#author"},"publisher":{"@id":"https:\/\/eldigitaldeasturias.com\/magazine365\/#organization"},"image":{"@type":"ImageObject","url":"https:\/\/eldigitaldeasturias.com\/magazine365\/wp-content\/uploads\/2015\/12\/fotonoticia_20151216142800_800.jpg","width":800,"height":480},"datePublished":"2015-12-16T20:54:22+01:00","dateModified":"2015-12-16T20:54:22+01:00","inLanguage":"es-ES","mainEntityOfPage":{"@id":"https:\/\/eldigitaldeasturias.com\/magazine365\/la-junta-apuesta-por-poner-en-valor-ciudades-medias-para-reforzar-el-destino-andalucia-todo-el-ano\/#webpage"},"isPartOf":{"@id":"https:\/\/eldigitaldeasturias.com\/magazine365\/la-junta-apuesta-por-poner-en-valor-ciudades-medias-para-reforzar-el-destino-andalucia-todo-el-ano\/#webpage"},"articleSection":"Noticias y Actualidad"},{"@type":"BreadcrumbList","@id":"https:\/\/eldigitaldeasturias.com\/magazine365\/la-junta-apuesta-por-poner-en-valor-ciudades-medias-para-reforzar-el-destino-andalucia-todo-el-ano\/#breadcrumblist","itemListElement":[{"@type":"ListItem","@id":"https:\/\/eldigitaldeasturias.com\/magazine365#listItem","position":1,"name":"Home","item":"https:\/\/eldigitaldeasturias.com\/magazine365","nextItem":{"@type":"ListItem","@id":"https:\/\/eldigitaldeasturias.com\/magazine365\/category\/noticias-actualidad\/#listItem","name":"Noticias y Actualidad"}},{"@type":"ListItem","@id":"https:\/\/eldigitaldeasturias.com\/magazine365\/category\/noticias-actualidad\/#listItem","position":2,"name":"Noticias y Actualidad","item":"https:\/\/eldigitaldeasturias.com\/magazine365\/category\/noticias-actualidad\/","nextItem":{"@type":"ListItem","@id":"https:\/\/eldigitaldeasturias.com\/magazine365\/la-junta-apuesta-por-poner-en-valor-ciudades-medias-para-reforzar-el-destino-andalucia-todo-el-ano\/#listItem","name":"La Junta apuesta por poner en valor ciudades medias para reforzar el destino Andaluc\u00eda todo el a\u00f1o"},"previousItem":{"@type":"ListItem","@id":"https:\/\/eldigitaldeasturias.com\/magazine365#listItem","name":"Home"}},{"@type":"ListItem","@id":"https:\/\/eldigitaldeasturias.com\/magazine365\/la-junta-apuesta-por-poner-en-valor-ciudades-medias-para-reforzar-el-destino-andalucia-todo-el-ano\/#listItem","position":3,"name":"La Junta apuesta por poner en valor ciudades medias para reforzar el destino Andaluc\u00eda todo el a\u00f1o","previousItem":{"@type":"ListItem","@id":"https:\/\/eldigitaldeasturias.com\/magazine365\/category\/noticias-actualidad\/#listItem","name":"Noticias y Actualidad"}}]},{"@type":"Organization","@id":"https:\/\/eldigitaldeasturias.com\/magazine365\/#organization","name":"El digital de Asturias","description":"Revista de ocio, turismo y estilo de vida","url":"https:\/\/eldigitaldeasturias.com\/magazine365\/","logo":{"@type":"ImageObject","url":"https:\/\/www.eldigitaldeasturias.com\/noticias\/wp-content\/uploads\/2020\/12\/EDA.jpg","@id":"https:\/\/eldigitaldeasturias.com\/magazine365\/la-junta-apuesta-por-poner-en-valor-ciudades-medias-para-reforzar-el-destino-andalucia-todo-el-ano\/#organizationLogo"},"image":{"@id":"https:\/\/eldigitaldeasturias.com\/magazine365\/la-junta-apuesta-por-poner-en-valor-ciudades-medias-para-reforzar-el-destino-andalucia-todo-el-ano\/#organizationLogo"}},{"@type":"Person","@id":"https:\/\/eldigitaldeasturias.com\/magazine365\/author\/admin\/#author","url":"https:\/\/eldigitaldeasturias.com\/magazine365\/author\/admin\/","name":"admin","image":{"@type":"ImageObject","@id":"https:\/\/eldigitaldeasturias.com\/magazine365\/la-junta-apuesta-por-poner-en-valor-ciudades-medias-para-reforzar-el-destino-andalucia-todo-el-ano\/#authorImage","url":"https:\/\/eldigitaldeasturias.com\/magazine365\/wp-content\/litespeed\/avatar\/e571bcf59a0edd6fa6838245a470f2fe.jpg?ver=1777574230","width":96,"height":96,"caption":"admin"}},{"@type":"WebPage","@id":"https:\/\/eldigitaldeasturias.com\/magazine365\/la-junta-apuesta-por-poner-en-valor-ciudades-medias-para-reforzar-el-destino-andalucia-todo-el-ano\/#webpage","url":"https:\/\/eldigitaldeasturias.com\/magazine365\/la-junta-apuesta-por-poner-en-valor-ciudades-medias-para-reforzar-el-destino-andalucia-todo-el-ano\/","name":"La Junta apuesta por poner en valor ciudades medias para reforzar el destino Andaluc\u00eda todo el a\u00f1o | El Digital de Asturias","description":"El consejero de Turismo y Deporte, Francisco Javier Fern\u00e1ndez, ha apostado este mi\u00e9rcoles en la localidad de \u00c9cija (Sevilla) por poner en valor para aprovechamiento tur\u00edstico toda la oferta cultural, monumental y patrimonial de la ciudades medias de la comunidad, con el objetivo de reforzar la promoci\u00f3n y la imagen de Andaluc\u00eda como un destino","inLanguage":"es-ES","isPartOf":{"@id":"https:\/\/eldigitaldeasturias.com\/magazine365\/#website"},"breadcrumb":{"@id":"https:\/\/eldigitaldeasturias.com\/magazine365\/la-junta-apuesta-por-poner-en-valor-ciudades-medias-para-reforzar-el-destino-andalucia-todo-el-ano\/#breadcrumblist"},"author":{"@id":"https:\/\/eldigitaldeasturias.com\/magazine365\/author\/admin\/#author"},"creator":{"@id":"https:\/\/eldigitaldeasturias.com\/magazine365\/author\/admin\/#author"},"image":{"@type":"ImageObject","url":"https:\/\/eldigitaldeasturias.com\/magazine365\/wp-content\/uploads\/2015\/12\/fotonoticia_20151216142800_800.jpg","@id":"https:\/\/eldigitaldeasturias.com\/magazine365\/la-junta-apuesta-por-poner-en-valor-ciudades-medias-para-reforzar-el-destino-andalucia-todo-el-ano\/#mainImage","width":800,"height":480},"primaryImageOfPage":{"@id":"https:\/\/eldigitaldeasturias.com\/magazine365\/la-junta-apuesta-por-poner-en-valor-ciudades-medias-para-reforzar-el-destino-andalucia-todo-el-ano\/#mainImage"},"datePublished":"2015-12-16T20:54:22+01:00","dateModified":"2015-12-16T20:54:22+01:00"},{"@type":"WebSite","@id":"https:\/\/eldigitaldeasturias.com\/magazine365\/#website","url":"https:\/\/eldigitaldeasturias.com\/magazine365\/","name":"El Digital de Asturias","description":"Revista de ocio, turismo y estilo de vida","inLanguage":"es-ES","publisher":{"@id":"https:\/\/eldigitaldeasturias.com\/magazine365\/#organization"}}]},"og:locale":"es_ES","og:site_name":"El Digital de Asturias \u2013 Revista de ocio, turismo y estilo de vida","og:type":"article","og:title":"La Junta apuesta por poner en valor ciudades medias para reforzar el destino Andaluc\u00eda todo el a\u00f1o | El Digital de Asturias","og:description":"El consejero de Turismo y Deporte, Francisco Javier Fern\u00e1ndez, ha apostado este mi\u00e9rcoles en la localidad de \u00c9cija (Sevilla) por poner en valor para aprovechamiento tur\u00edstico toda la oferta cultural, monumental y patrimonial de la ciudades medias de la comunidad, con el objetivo de reforzar la promoci\u00f3n y la imagen de Andaluc\u00eda como un destino","og:url":"https:\/\/eldigitaldeasturias.com\/magazine365\/la-junta-apuesta-por-poner-en-valor-ciudades-medias-para-reforzar-el-destino-andalucia-todo-el-ano\/","og:image":"https:\/\/eldigitaldeasturias.com\/magazine365\/wp-content\/uploads\/2015\/12\/fotonoticia_20151216142800_800.jpg","og:image:secure_url":"https:\/\/eldigitaldeasturias.com\/magazine365\/wp-content\/uploads\/2015\/12\/fotonoticia_20151216142800_800.jpg","og:image:width":800,"og:image:height":480,"article:published_time":"2015-12-16T19:54:22+00:00","article:modified_time":"2015-12-16T19:54:22+00:00","twitter:card":"summary_large_image","twitter:title":"La Junta apuesta por poner en valor ciudades medias para reforzar el destino Andaluc\u00eda todo el a\u00f1o | El Digital de Asturias","twitter:description":"El consejero de Turismo y Deporte, Francisco Javier Fern\u00e1ndez, ha apostado este mi\u00e9rcoles en la localidad de \u00c9cija (Sevilla) por poner en valor para aprovechamiento tur\u00edstico toda la oferta cultural, monumental y patrimonial de la ciudades medias de la comunidad, con el objetivo de reforzar la promoci\u00f3n y la imagen de Andaluc\u00eda como un destino","twitter:image":"https:\/\/eldigitaldeasturias.com\/magazine365\/wp-content\/uploads\/2015\/12\/fotonoticia_20151216142800_800.jpg"},"aioseo_meta_data":{"post_id":"58682","title":null,"description":null,"keywords":null,"keyphrases":null,"primary_term":null,"canonical_url":null,"og_title":null,"og_description":null,"og_object_type":"default","og_image_type":"default","og_image_url":null,"og_image_width":null,"og_image_height":null,"og_image_custom_url":null,"og_image_custom_fields":null,"og_video":null,"og_custom_url":null,"og_article_section":null,"og_article_tags":null,"twitter_use_og":false,"twitter_card":"default","twitter_image_type":"default","twitter_image_url":null,"twitter_image_custom_url":null,"twitter_image_custom_fields":null,"twitter_title":null,"twitter_description":null,"schema":{"blockGraphs":[],"customGraphs":[],"default":{"data":{"Article":[],"Course":[],"Dataset":[],"FAQPage":[],"Movie":[],"Person":[],"Product":[],"ProductReview":[],"Car":[],"Recipe":[],"Service":[],"SoftwareApplication":[],"WebPage":[]},"graphName":"","isEnabled":true},"graphs":[]},"schema_type":null,"schema_type_options":null,"pillar_content":false,"robots_default":true,"robots_noindex":false,"robots_noarchive":false,"robots_nosnippet":false,"robots_nofollow":false,"robots_noimageindex":false,"robots_noodp":false,"robots_notranslate":false,"robots_max_snippet":null,"robots_max_videopreview":null,"robots_max_imagepreview":"large","priority":null,"frequency":null,"location":null,"local_seo":null,"seo_analyzer_scan_date":"2025-09-25 03:28:08","breadcrumb_settings":null,"limit_modified_date":false,"open_ai":null,"ai":null,"created":"2021-03-08 22:26:51","updated":"2025-09-25 03:28:08"},"aioseo_breadcrumb":"<div class=\"aioseo-breadcrumbs\"><span class=\"aioseo-breadcrumb\">\n\t<a href=\"https:\/\/eldigitaldeasturias.com\/magazine365\" title=\"Home\">Home<\/a>\n<\/span><span class=\"aioseo-breadcrumb-separator\">\u2013<\/span><span class=\"aioseo-breadcrumb\">\n\t<a href=\"https:\/\/eldigitaldeasturias.com\/magazine365\/category\/noticias-actualidad\/\" title=\"Noticias y Actualidad\">Noticias y Actualidad<\/a>\n<\/span><span class=\"aioseo-breadcrumb-separator\">\u2013<\/span><span class=\"aioseo-breadcrumb\">\n\t<a href=\"https:\/\/eldigitaldeasturias.com\/magazine365\/la-junta-apuesta-por-poner-en-valor-ciudades-medias-para-reforzar-el-destino-andalucia-todo-el-ano\/\" title=\"La Junta apuesta por poner en valor ciudades medias para reforzar el destino Andaluc\u00eda todo el a\u00f1o\">La Junta apuesta por poner en valor ciudades medias para reforzar el destino Andaluc\u00eda todo el a\u00f1o<\/a>\n<\/span><\/div>","aioseo_breadcrumb_json":[{"label":"Home","link":"https:\/\/eldigitaldeasturias.com\/magazine365"},{"label":"Noticias y Actualidad","link":"https:\/\/eldigitaldeasturias.com\/magazine365\/category\/noticias-actualidad\/"},{"label":"La Junta apuesta por poner en valor ciudades medias para reforzar el destino Andaluc\u00eda todo el a\u00f1o","link":"https:\/\/eldigitaldeasturias.com\/magazine365\/la-junta-apuesta-por-poner-en-valor-ciudades-medias-para-reforzar-el-destino-andalucia-todo-el-ano\/"}],"_links":{"self":[{"href":"https:\/\/eldigitaldeasturias.com\/magazine365\/wp-json\/wp\/v2\/posts\/58682","targetHints":{"allow":["GET"]}}],"collection":[{"href":"https:\/\/eldigitaldeasturias.com\/magazine365\/wp-json\/wp\/v2\/posts"}],"about":[{"href":"https:\/\/eldigitaldeasturias.com\/magazine365\/wp-json\/wp\/v2\/types\/post"}],"author":[{"embeddable":true,"href":"https:\/\/eldigitaldeasturias.com\/magazine365\/wp-json\/wp\/v2\/users\/1"}],"replies":[{"embeddable":true,"href":"https:\/\/eldigitaldeasturias.com\/magazine365\/wp-json\/wp\/v2\/comments?post=58682"}],"version-history":[{"count":0,"href":"https:\/\/eldigitaldeasturias.com\/magazine365\/wp-json\/wp\/v2\/posts\/58682\/revisions"}],"wp:featuredmedia":[{"embeddable":true,"href":"https:\/\/eldigitaldeasturias.com\/magazine365\/wp-json\/wp\/v2\/media\/58683"}],"wp:attachment":[{"href":"https:\/\/eldigitaldeasturias.com\/magazine365\/wp-json\/wp\/v2\/media?parent=58682"}],"wp:term":[{"taxonomy":"category","embeddable":true,"href":"https:\/\/eldigitaldeasturias.com\/magazine365\/wp-json\/wp\/v2\/categories?post=58682"},{"taxonomy":"post_tag","embeddable":true,"href":"https:\/\/eldigitaldeasturias.com\/magazine365\/wp-json\/wp\/v2\/tags?post=58682"}],"curies":[{"name":"wp","href":"https:\/\/api.w.org\/{rel}","templated":true}]}}