{"id":58676,"date":"2015-12-16T20:51:52","date_gmt":"2015-12-16T19:51:52","guid":{"rendered":"http:\/\/eldigitaldeasturias.com\/magazine365\/?p=58676"},"modified":"2015-12-16T20:51:52","modified_gmt":"2015-12-16T19:51:52","slug":"etihad-airways-nombra-a-remco-althuis-vicepresidente-de-europa","status":"publish","type":"post","link":"https:\/\/eldigitaldeasturias.com\/magazine365\/etihad-airways-nombra-a-remco-althuis-vicepresidente-de-europa\/","title":{"rendered":"Etihad Airways nombra a Remco Althuis vicepresidente de Europa"},"content":{"rendered":"<p><img fetchpriority=\"high\" decoding=\"async\" class=\"alignleft size-medium wp-image-58677\" src=\"https:\/\/eldigitaldeasturias.com\/magazine365\/wp-content\/uploads\/2015\/12\/fotonoticia_20151216142350_800-360x226.jpg\" alt=\"fotonoticia_20151216142350_800\" width=\"360\" height=\"226\" srcset=\"https:\/\/eldigitaldeasturias.com\/magazine365\/wp-content\/uploads\/2015\/12\/fotonoticia_20151216142350_800-360x226.jpg 360w, https:\/\/eldigitaldeasturias.com\/magazine365\/wp-content\/uploads\/2015\/12\/fotonoticia_20151216142350_800-650x409.jpg 650w, https:\/\/eldigitaldeasturias.com\/magazine365\/wp-content\/uploads\/2015\/12\/fotonoticia_20151216142350_800-768x483.jpg 768w, https:\/\/eldigitaldeasturias.com\/magazine365\/wp-content\/uploads\/2015\/12\/fotonoticia_20151216142350_800-150x94.jpg 150w, https:\/\/eldigitaldeasturias.com\/magazine365\/wp-content\/uploads\/2015\/12\/fotonoticia_20151216142350_800-450x283.jpg 450w, https:\/\/eldigitaldeasturias.com\/magazine365\/wp-content\/uploads\/2015\/12\/fotonoticia_20151216142350_800-696x438.jpg 696w, https:\/\/eldigitaldeasturias.com\/magazine365\/wp-content\/uploads\/2015\/12\/fotonoticia_20151216142350_800-668x420.jpg 668w, https:\/\/eldigitaldeasturias.com\/magazine365\/wp-content\/uploads\/2015\/12\/fotonoticia_20151216142350_800-269x170.jpg 269w, https:\/\/eldigitaldeasturias.com\/magazine365\/wp-content\/uploads\/2015\/12\/fotonoticia_20151216142350_800-480x300.jpg 480w, https:\/\/eldigitaldeasturias.com\/magazine365\/wp-content\/uploads\/2015\/12\/fotonoticia_20151216142350_800.jpg 800w\" sizes=\"(max-width: 360px) 100vw, 360px\" \/>Etihad Airways, la aerol\u00ednea de bandera de los Emiratos \u00c1rabes, ha nombrado a Remco Althuis vicepresidente de Europa, seg\u00fan ha informado un comunicado de la compa\u00f1\u00eda.<\/p>\n<p>En su nuevo cargo, Althuis asumir\u00e1 la responsabilidad comercial en toda la regi\u00f3n de Europa, que incluye 14 mercados europeos como Reino Unido, Irlanda, Francia y Alemania, para posteriormente incluir a Rusia, Bielorrusia y Kazajst\u00e1n.<\/p>\n<p>\u00abRemco ha jugado un papel clave en la expansi\u00f3n de Etihad Airways en China durante los \u00faltimos tres a\u00f1os y cuenta con un gran conocimiento y una amplia experiencia supervisando las actividades de ventas regionales\u00bb, ha expresado el vicepresidente senior de Ventas Globales de la aerol\u00ednea, Daniel Barranger.<\/p>\n<p>Althuis cuenta con una experiencia en ventas y marketing de m\u00e1s de 20 a\u00f1os, adquirida durante su trabajo en Etihad Airways, KLM y Air France-KLM.<\/p>\n<p>Adem\u00e1s, tiene un MBA de la universidad Rotterdam School of Management Erasmus University, as\u00ed como un t\u00edtulo de la Universidad de Leiden.<\/p>\n","protected":false},"excerpt":{"rendered":"<p>Etihad Airways, la aerol\u00ednea de bandera de los Emiratos \u00c1rabes, ha nombrado a Remco Althuis vicepresidente de Europa, seg\u00fan ha informado un comunicado de la compa\u00f1\u00eda. En su nuevo cargo, Althuis asumir\u00e1 la responsabilidad comercial en toda la regi\u00f3n de Europa, que incluye 14 mercados europeos como Reino Unido, Irlanda, Francia y Alemania, para posteriormente<\/p>\n","protected":false},"author":1,"featured_media":58677,"comment_status":"open","ping_status":"closed","sticky":false,"template":"","format":"standard","meta":{"footnotes":""},"categories":[224],"tags":[],"class_list":{"0":"post-58676","1":"post","2":"type-post","3":"status-publish","4":"format-standard","5":"has-post-thumbnail","7":"category-noticias-actualidad"},"aioseo_notices":[],"aioseo_head":"\n\t\t<!-- All in One SEO Pro 4.9.6.1 - aioseo.com -->\n\t<meta name=\"description\" content=\"Etihad Airways, la aerol\u00ednea de bandera de los Emiratos \u00c1rabes, ha nombrado a Remco Althuis vicepresidente de Europa, seg\u00fan ha informado un comunicado de la compa\u00f1\u00eda. En su nuevo cargo, Althuis asumir\u00e1 la responsabilidad comercial en toda la regi\u00f3n de Europa, que incluye 14 mercados europeos como Reino Unido, Irlanda, Francia y Alemania, para posteriormente\" \/>\n\t<meta name=\"robots\" content=\"max-image-preview:large\" \/>\n\t<meta name=\"author\" content=\"admin\"\/>\n\t<meta name=\"google-site-verification\" content=\"UA-38556648-1\" \/>\n\t<meta name=\"keywords\" content=\"noticias y actualidad\" \/>\n\t<link rel=\"canonical\" href=\"https:\/\/eldigitaldeasturias.com\/magazine365\/etihad-airways-nombra-a-remco-althuis-vicepresidente-de-europa\/\" \/>\n\t<meta name=\"generator\" content=\"All in One SEO Pro (AIOSEO) 4.9.6.1\" \/>\n\t\t<meta property=\"og:locale\" content=\"es_ES\" \/>\n\t\t<meta property=\"og:site_name\" content=\"El Digital de Asturias \u2013 Revista de ocio, turismo y estilo de vida\" \/>\n\t\t<meta property=\"og:type\" content=\"article\" \/>\n\t\t<meta property=\"og:title\" content=\"Etihad Airways nombra a Remco Althuis vicepresidente de Europa | El Digital de Asturias\" \/>\n\t\t<meta property=\"og:description\" content=\"Etihad Airways, la aerol\u00ednea de bandera de los Emiratos \u00c1rabes, ha nombrado a Remco Althuis vicepresidente de Europa, seg\u00fan ha informado un comunicado de la compa\u00f1\u00eda. En su nuevo cargo, Althuis asumir\u00e1 la responsabilidad comercial en toda la regi\u00f3n de Europa, que incluye 14 mercados europeos como Reino Unido, Irlanda, Francia y Alemania, para posteriormente\" \/>\n\t\t<meta property=\"og:url\" content=\"https:\/\/eldigitaldeasturias.com\/magazine365\/etihad-airways-nombra-a-remco-althuis-vicepresidente-de-europa\/\" \/>\n\t\t<meta property=\"og:image\" content=\"https:\/\/eldigitaldeasturias.com\/magazine365\/wp-content\/uploads\/2015\/12\/fotonoticia_20151216142350_800.jpg\" \/>\n\t\t<meta property=\"og:image:secure_url\" content=\"https:\/\/eldigitaldeasturias.com\/magazine365\/wp-content\/uploads\/2015\/12\/fotonoticia_20151216142350_800.jpg\" \/>\n\t\t<meta property=\"og:image:width\" content=\"800\" \/>\n\t\t<meta property=\"og:image:height\" content=\"503\" \/>\n\t\t<meta property=\"article:published_time\" content=\"2015-12-16T19:51:52+00:00\" \/>\n\t\t<meta property=\"article:modified_time\" content=\"2015-12-16T19:51:52+00:00\" \/>\n\t\t<meta name=\"twitter:card\" content=\"summary_large_image\" \/>\n\t\t<meta name=\"twitter:title\" content=\"Etihad Airways nombra a Remco Althuis vicepresidente de Europa | El Digital de Asturias\" \/>\n\t\t<meta name=\"twitter:description\" content=\"Etihad Airways, la aerol\u00ednea de bandera de los Emiratos \u00c1rabes, ha nombrado a Remco Althuis vicepresidente de Europa, seg\u00fan ha informado un comunicado de la compa\u00f1\u00eda. En su nuevo cargo, Althuis asumir\u00e1 la responsabilidad comercial en toda la regi\u00f3n de Europa, que incluye 14 mercados europeos como Reino Unido, Irlanda, Francia y Alemania, para posteriormente\" \/>\n\t\t<meta name=\"twitter:image\" content=\"https:\/\/eldigitaldeasturias.com\/magazine365\/wp-content\/uploads\/2015\/12\/fotonoticia_20151216142350_800.jpg\" \/>\n\t\t<script type=\"application\/ld+json\" class=\"aioseo-schema\">\n\t\t\t{\"@context\":\"https:\\\/\\\/schema.org\",\"@graph\":[{\"@type\":\"Article\",\"@id\":\"https:\\\/\\\/eldigitaldeasturias.com\\\/magazine365\\\/etihad-airways-nombra-a-remco-althuis-vicepresidente-de-europa\\\/#article\",\"name\":\"Etihad Airways nombra a Remco Althuis vicepresidente de Europa | El Digital de Asturias\",\"headline\":\"Etihad Airways nombra a Remco Althuis vicepresidente de Europa\",\"author\":{\"@id\":\"https:\\\/\\\/eldigitaldeasturias.com\\\/magazine365\\\/author\\\/admin\\\/#author\"},\"publisher\":{\"@id\":\"https:\\\/\\\/eldigitaldeasturias.com\\\/magazine365\\\/#organization\"},\"image\":{\"@type\":\"ImageObject\",\"url\":\"https:\\\/\\\/eldigitaldeasturias.com\\\/magazine365\\\/wp-content\\\/uploads\\\/2015\\\/12\\\/fotonoticia_20151216142350_800.jpg\",\"width\":800,\"height\":503},\"datePublished\":\"2015-12-16T20:51:52+01:00\",\"dateModified\":\"2015-12-16T20:51:52+01:00\",\"inLanguage\":\"es-ES\",\"mainEntityOfPage\":{\"@id\":\"https:\\\/\\\/eldigitaldeasturias.com\\\/magazine365\\\/etihad-airways-nombra-a-remco-althuis-vicepresidente-de-europa\\\/#webpage\"},\"isPartOf\":{\"@id\":\"https:\\\/\\\/eldigitaldeasturias.com\\\/magazine365\\\/etihad-airways-nombra-a-remco-althuis-vicepresidente-de-europa\\\/#webpage\"},\"articleSection\":\"Noticias y Actualidad\"},{\"@type\":\"BreadcrumbList\",\"@id\":\"https:\\\/\\\/eldigitaldeasturias.com\\\/magazine365\\\/etihad-airways-nombra-a-remco-althuis-vicepresidente-de-europa\\\/#breadcrumblist\",\"itemListElement\":[{\"@type\":\"ListItem\",\"@id\":\"https:\\\/\\\/eldigitaldeasturias.com\\\/magazine365#listItem\",\"position\":1,\"name\":\"Home\",\"item\":\"https:\\\/\\\/eldigitaldeasturias.com\\\/magazine365\",\"nextItem\":{\"@type\":\"ListItem\",\"@id\":\"https:\\\/\\\/eldigitaldeasturias.com\\\/magazine365\\\/category\\\/noticias-actualidad\\\/#listItem\",\"name\":\"Noticias y Actualidad\"}},{\"@type\":\"ListItem\",\"@id\":\"https:\\\/\\\/eldigitaldeasturias.com\\\/magazine365\\\/category\\\/noticias-actualidad\\\/#listItem\",\"position\":2,\"name\":\"Noticias y Actualidad\",\"item\":\"https:\\\/\\\/eldigitaldeasturias.com\\\/magazine365\\\/category\\\/noticias-actualidad\\\/\",\"nextItem\":{\"@type\":\"ListItem\",\"@id\":\"https:\\\/\\\/eldigitaldeasturias.com\\\/magazine365\\\/etihad-airways-nombra-a-remco-althuis-vicepresidente-de-europa\\\/#listItem\",\"name\":\"Etihad Airways nombra a Remco Althuis vicepresidente de Europa\"},\"previousItem\":{\"@type\":\"ListItem\",\"@id\":\"https:\\\/\\\/eldigitaldeasturias.com\\\/magazine365#listItem\",\"name\":\"Home\"}},{\"@type\":\"ListItem\",\"@id\":\"https:\\\/\\\/eldigitaldeasturias.com\\\/magazine365\\\/etihad-airways-nombra-a-remco-althuis-vicepresidente-de-europa\\\/#listItem\",\"position\":3,\"name\":\"Etihad Airways nombra a Remco Althuis vicepresidente de Europa\",\"previousItem\":{\"@type\":\"ListItem\",\"@id\":\"https:\\\/\\\/eldigitaldeasturias.com\\\/magazine365\\\/category\\\/noticias-actualidad\\\/#listItem\",\"name\":\"Noticias y Actualidad\"}}]},{\"@type\":\"Organization\",\"@id\":\"https:\\\/\\\/eldigitaldeasturias.com\\\/magazine365\\\/#organization\",\"name\":\"El digital de Asturias\",\"description\":\"Revista de ocio, turismo y estilo de vida\",\"url\":\"https:\\\/\\\/eldigitaldeasturias.com\\\/magazine365\\\/\",\"logo\":{\"@type\":\"ImageObject\",\"url\":\"https:\\\/\\\/www.eldigitaldeasturias.com\\\/noticias\\\/wp-content\\\/uploads\\\/2020\\\/12\\\/EDA.jpg\",\"@id\":\"https:\\\/\\\/eldigitaldeasturias.com\\\/magazine365\\\/etihad-airways-nombra-a-remco-althuis-vicepresidente-de-europa\\\/#organizationLogo\"},\"image\":{\"@id\":\"https:\\\/\\\/eldigitaldeasturias.com\\\/magazine365\\\/etihad-airways-nombra-a-remco-althuis-vicepresidente-de-europa\\\/#organizationLogo\"}},{\"@type\":\"Person\",\"@id\":\"https:\\\/\\\/eldigitaldeasturias.com\\\/magazine365\\\/author\\\/admin\\\/#author\",\"url\":\"https:\\\/\\\/eldigitaldeasturias.com\\\/magazine365\\\/author\\\/admin\\\/\",\"name\":\"admin\",\"image\":{\"@type\":\"ImageObject\",\"@id\":\"https:\\\/\\\/eldigitaldeasturias.com\\\/magazine365\\\/etihad-airways-nombra-a-remco-althuis-vicepresidente-de-europa\\\/#authorImage\",\"url\":\"https:\\\/\\\/eldigitaldeasturias.com\\\/magazine365\\\/wp-content\\\/litespeed\\\/avatar\\\/e571bcf59a0edd6fa6838245a470f2fe.jpg?ver=1777574230\",\"width\":96,\"height\":96,\"caption\":\"admin\"}},{\"@type\":\"WebPage\",\"@id\":\"https:\\\/\\\/eldigitaldeasturias.com\\\/magazine365\\\/etihad-airways-nombra-a-remco-althuis-vicepresidente-de-europa\\\/#webpage\",\"url\":\"https:\\\/\\\/eldigitaldeasturias.com\\\/magazine365\\\/etihad-airways-nombra-a-remco-althuis-vicepresidente-de-europa\\\/\",\"name\":\"Etihad Airways nombra a Remco Althuis vicepresidente de Europa | El Digital de Asturias\",\"description\":\"Etihad Airways, la aerol\\u00ednea de bandera de los Emiratos \\u00c1rabes, ha nombrado a Remco Althuis vicepresidente de Europa, seg\\u00fan ha informado un comunicado de la compa\\u00f1\\u00eda. En su nuevo cargo, Althuis asumir\\u00e1 la responsabilidad comercial en toda la regi\\u00f3n de Europa, que incluye 14 mercados europeos como Reino Unido, Irlanda, Francia y Alemania, para posteriormente\",\"inLanguage\":\"es-ES\",\"isPartOf\":{\"@id\":\"https:\\\/\\\/eldigitaldeasturias.com\\\/magazine365\\\/#website\"},\"breadcrumb\":{\"@id\":\"https:\\\/\\\/eldigitaldeasturias.com\\\/magazine365\\\/etihad-airways-nombra-a-remco-althuis-vicepresidente-de-europa\\\/#breadcrumblist\"},\"author\":{\"@id\":\"https:\\\/\\\/eldigitaldeasturias.com\\\/magazine365\\\/author\\\/admin\\\/#author\"},\"creator\":{\"@id\":\"https:\\\/\\\/eldigitaldeasturias.com\\\/magazine365\\\/author\\\/admin\\\/#author\"},\"image\":{\"@type\":\"ImageObject\",\"url\":\"https:\\\/\\\/eldigitaldeasturias.com\\\/magazine365\\\/wp-content\\\/uploads\\\/2015\\\/12\\\/fotonoticia_20151216142350_800.jpg\",\"@id\":\"https:\\\/\\\/eldigitaldeasturias.com\\\/magazine365\\\/etihad-airways-nombra-a-remco-althuis-vicepresidente-de-europa\\\/#mainImage\",\"width\":800,\"height\":503},\"primaryImageOfPage\":{\"@id\":\"https:\\\/\\\/eldigitaldeasturias.com\\\/magazine365\\\/etihad-airways-nombra-a-remco-althuis-vicepresidente-de-europa\\\/#mainImage\"},\"datePublished\":\"2015-12-16T20:51:52+01:00\",\"dateModified\":\"2015-12-16T20:51:52+01:00\"},{\"@type\":\"WebSite\",\"@id\":\"https:\\\/\\\/eldigitaldeasturias.com\\\/magazine365\\\/#website\",\"url\":\"https:\\\/\\\/eldigitaldeasturias.com\\\/magazine365\\\/\",\"name\":\"El Digital de Asturias\",\"description\":\"Revista de ocio, turismo y estilo de vida\",\"inLanguage\":\"es-ES\",\"publisher\":{\"@id\":\"https:\\\/\\\/eldigitaldeasturias.com\\\/magazine365\\\/#organization\"}}]}\n\t\t<\/script>\n\t\t<!-- All in One SEO Pro -->\r\n\t\t<title>Etihad Airways nombra a Remco Althuis vicepresidente de Europa | El Digital de Asturias<\/title>\n\n","aioseo_head_json":{"title":"Etihad Airways nombra a Remco Althuis vicepresidente de Europa | El Digital de Asturias","description":"Etihad Airways, la aerol\u00ednea de bandera de los Emiratos \u00c1rabes, ha nombrado a Remco Althuis vicepresidente de Europa, seg\u00fan ha informado un comunicado de la compa\u00f1\u00eda. En su nuevo cargo, Althuis asumir\u00e1 la responsabilidad comercial en toda la regi\u00f3n de Europa, que incluye 14 mercados europeos como Reino Unido, Irlanda, Francia y Alemania, para posteriormente","canonical_url":"https:\/\/eldigitaldeasturias.com\/magazine365\/etihad-airways-nombra-a-remco-althuis-vicepresidente-de-europa\/","robots":"max-image-preview:large","keywords":"noticias y actualidad","webmasterTools":{"google-site-verification":"UA-38556648-1","miscellaneous":""},"schema":{"@context":"https:\/\/schema.org","@graph":[{"@type":"Article","@id":"https:\/\/eldigitaldeasturias.com\/magazine365\/etihad-airways-nombra-a-remco-althuis-vicepresidente-de-europa\/#article","name":"Etihad Airways nombra a Remco Althuis vicepresidente de Europa | El Digital de Asturias","headline":"Etihad Airways nombra a Remco Althuis vicepresidente de Europa","author":{"@id":"https:\/\/eldigitaldeasturias.com\/magazine365\/author\/admin\/#author"},"publisher":{"@id":"https:\/\/eldigitaldeasturias.com\/magazine365\/#organization"},"image":{"@type":"ImageObject","url":"https:\/\/eldigitaldeasturias.com\/magazine365\/wp-content\/uploads\/2015\/12\/fotonoticia_20151216142350_800.jpg","width":800,"height":503},"datePublished":"2015-12-16T20:51:52+01:00","dateModified":"2015-12-16T20:51:52+01:00","inLanguage":"es-ES","mainEntityOfPage":{"@id":"https:\/\/eldigitaldeasturias.com\/magazine365\/etihad-airways-nombra-a-remco-althuis-vicepresidente-de-europa\/#webpage"},"isPartOf":{"@id":"https:\/\/eldigitaldeasturias.com\/magazine365\/etihad-airways-nombra-a-remco-althuis-vicepresidente-de-europa\/#webpage"},"articleSection":"Noticias y Actualidad"},{"@type":"BreadcrumbList","@id":"https:\/\/eldigitaldeasturias.com\/magazine365\/etihad-airways-nombra-a-remco-althuis-vicepresidente-de-europa\/#breadcrumblist","itemListElement":[{"@type":"ListItem","@id":"https:\/\/eldigitaldeasturias.com\/magazine365#listItem","position":1,"name":"Home","item":"https:\/\/eldigitaldeasturias.com\/magazine365","nextItem":{"@type":"ListItem","@id":"https:\/\/eldigitaldeasturias.com\/magazine365\/category\/noticias-actualidad\/#listItem","name":"Noticias y Actualidad"}},{"@type":"ListItem","@id":"https:\/\/eldigitaldeasturias.com\/magazine365\/category\/noticias-actualidad\/#listItem","position":2,"name":"Noticias y Actualidad","item":"https:\/\/eldigitaldeasturias.com\/magazine365\/category\/noticias-actualidad\/","nextItem":{"@type":"ListItem","@id":"https:\/\/eldigitaldeasturias.com\/magazine365\/etihad-airways-nombra-a-remco-althuis-vicepresidente-de-europa\/#listItem","name":"Etihad Airways nombra a Remco Althuis vicepresidente de Europa"},"previousItem":{"@type":"ListItem","@id":"https:\/\/eldigitaldeasturias.com\/magazine365#listItem","name":"Home"}},{"@type":"ListItem","@id":"https:\/\/eldigitaldeasturias.com\/magazine365\/etihad-airways-nombra-a-remco-althuis-vicepresidente-de-europa\/#listItem","position":3,"name":"Etihad Airways nombra a Remco Althuis vicepresidente de Europa","previousItem":{"@type":"ListItem","@id":"https:\/\/eldigitaldeasturias.com\/magazine365\/category\/noticias-actualidad\/#listItem","name":"Noticias y Actualidad"}}]},{"@type":"Organization","@id":"https:\/\/eldigitaldeasturias.com\/magazine365\/#organization","name":"El digital de Asturias","description":"Revista de ocio, turismo y estilo de vida","url":"https:\/\/eldigitaldeasturias.com\/magazine365\/","logo":{"@type":"ImageObject","url":"https:\/\/www.eldigitaldeasturias.com\/noticias\/wp-content\/uploads\/2020\/12\/EDA.jpg","@id":"https:\/\/eldigitaldeasturias.com\/magazine365\/etihad-airways-nombra-a-remco-althuis-vicepresidente-de-europa\/#organizationLogo"},"image":{"@id":"https:\/\/eldigitaldeasturias.com\/magazine365\/etihad-airways-nombra-a-remco-althuis-vicepresidente-de-europa\/#organizationLogo"}},{"@type":"Person","@id":"https:\/\/eldigitaldeasturias.com\/magazine365\/author\/admin\/#author","url":"https:\/\/eldigitaldeasturias.com\/magazine365\/author\/admin\/","name":"admin","image":{"@type":"ImageObject","@id":"https:\/\/eldigitaldeasturias.com\/magazine365\/etihad-airways-nombra-a-remco-althuis-vicepresidente-de-europa\/#authorImage","url":"https:\/\/eldigitaldeasturias.com\/magazine365\/wp-content\/litespeed\/avatar\/e571bcf59a0edd6fa6838245a470f2fe.jpg?ver=1777574230","width":96,"height":96,"caption":"admin"}},{"@type":"WebPage","@id":"https:\/\/eldigitaldeasturias.com\/magazine365\/etihad-airways-nombra-a-remco-althuis-vicepresidente-de-europa\/#webpage","url":"https:\/\/eldigitaldeasturias.com\/magazine365\/etihad-airways-nombra-a-remco-althuis-vicepresidente-de-europa\/","name":"Etihad Airways nombra a Remco Althuis vicepresidente de Europa | El Digital de Asturias","description":"Etihad Airways, la aerol\u00ednea de bandera de los Emiratos \u00c1rabes, ha nombrado a Remco Althuis vicepresidente de Europa, seg\u00fan ha informado un comunicado de la compa\u00f1\u00eda. En su nuevo cargo, Althuis asumir\u00e1 la responsabilidad comercial en toda la regi\u00f3n de Europa, que incluye 14 mercados europeos como Reino Unido, Irlanda, Francia y Alemania, para posteriormente","inLanguage":"es-ES","isPartOf":{"@id":"https:\/\/eldigitaldeasturias.com\/magazine365\/#website"},"breadcrumb":{"@id":"https:\/\/eldigitaldeasturias.com\/magazine365\/etihad-airways-nombra-a-remco-althuis-vicepresidente-de-europa\/#breadcrumblist"},"author":{"@id":"https:\/\/eldigitaldeasturias.com\/magazine365\/author\/admin\/#author"},"creator":{"@id":"https:\/\/eldigitaldeasturias.com\/magazine365\/author\/admin\/#author"},"image":{"@type":"ImageObject","url":"https:\/\/eldigitaldeasturias.com\/magazine365\/wp-content\/uploads\/2015\/12\/fotonoticia_20151216142350_800.jpg","@id":"https:\/\/eldigitaldeasturias.com\/magazine365\/etihad-airways-nombra-a-remco-althuis-vicepresidente-de-europa\/#mainImage","width":800,"height":503},"primaryImageOfPage":{"@id":"https:\/\/eldigitaldeasturias.com\/magazine365\/etihad-airways-nombra-a-remco-althuis-vicepresidente-de-europa\/#mainImage"},"datePublished":"2015-12-16T20:51:52+01:00","dateModified":"2015-12-16T20:51:52+01:00"},{"@type":"WebSite","@id":"https:\/\/eldigitaldeasturias.com\/magazine365\/#website","url":"https:\/\/eldigitaldeasturias.com\/magazine365\/","name":"El Digital de Asturias","description":"Revista de ocio, turismo y estilo de vida","inLanguage":"es-ES","publisher":{"@id":"https:\/\/eldigitaldeasturias.com\/magazine365\/#organization"}}]},"og:locale":"es_ES","og:site_name":"El Digital de Asturias \u2013 Revista de ocio, turismo y estilo de vida","og:type":"article","og:title":"Etihad Airways nombra a Remco Althuis vicepresidente de Europa | El Digital de Asturias","og:description":"Etihad Airways, la aerol\u00ednea de bandera de los Emiratos \u00c1rabes, ha nombrado a Remco Althuis vicepresidente de Europa, seg\u00fan ha informado un comunicado de la compa\u00f1\u00eda. En su nuevo cargo, Althuis asumir\u00e1 la responsabilidad comercial en toda la regi\u00f3n de Europa, que incluye 14 mercados europeos como Reino Unido, Irlanda, Francia y Alemania, para posteriormente","og:url":"https:\/\/eldigitaldeasturias.com\/magazine365\/etihad-airways-nombra-a-remco-althuis-vicepresidente-de-europa\/","og:image":"https:\/\/eldigitaldeasturias.com\/magazine365\/wp-content\/uploads\/2015\/12\/fotonoticia_20151216142350_800.jpg","og:image:secure_url":"https:\/\/eldigitaldeasturias.com\/magazine365\/wp-content\/uploads\/2015\/12\/fotonoticia_20151216142350_800.jpg","og:image:width":800,"og:image:height":503,"article:published_time":"2015-12-16T19:51:52+00:00","article:modified_time":"2015-12-16T19:51:52+00:00","twitter:card":"summary_large_image","twitter:title":"Etihad Airways nombra a Remco Althuis vicepresidente de Europa | El Digital de Asturias","twitter:description":"Etihad Airways, la aerol\u00ednea de bandera de los Emiratos \u00c1rabes, ha nombrado a Remco Althuis vicepresidente de Europa, seg\u00fan ha informado un comunicado de la compa\u00f1\u00eda. En su nuevo cargo, Althuis asumir\u00e1 la responsabilidad comercial en toda la regi\u00f3n de Europa, que incluye 14 mercados europeos como Reino Unido, Irlanda, Francia y Alemania, para posteriormente","twitter:image":"https:\/\/eldigitaldeasturias.com\/magazine365\/wp-content\/uploads\/2015\/12\/fotonoticia_20151216142350_800.jpg"},"aioseo_meta_data":{"post_id":"58676","title":null,"description":null,"keywords":null,"keyphrases":null,"primary_term":null,"canonical_url":null,"og_title":null,"og_description":null,"og_object_type":"default","og_image_type":"default","og_image_url":null,"og_image_width":null,"og_image_height":null,"og_image_custom_url":null,"og_image_custom_fields":null,"og_video":null,"og_custom_url":null,"og_article_section":null,"og_article_tags":null,"twitter_use_og":false,"twitter_card":"default","twitter_image_type":"default","twitter_image_url":null,"twitter_image_custom_url":null,"twitter_image_custom_fields":null,"twitter_title":null,"twitter_description":null,"schema":{"blockGraphs":[],"customGraphs":[],"default":{"data":{"Article":[],"Course":[],"Dataset":[],"FAQPage":[],"Movie":[],"Person":[],"Product":[],"ProductReview":[],"Car":[],"Recipe":[],"Service":[],"SoftwareApplication":[],"WebPage":[]},"graphName":"","isEnabled":true},"graphs":[],"defaultGraph":"","defaultPostTypeGraph":""},"schema_type":null,"schema_type_options":null,"pillar_content":false,"robots_default":true,"robots_noindex":false,"robots_noarchive":false,"robots_nosnippet":false,"robots_nofollow":false,"robots_noimageindex":false,"robots_noodp":false,"robots_notranslate":false,"robots_max_snippet":null,"robots_max_videopreview":null,"robots_max_imagepreview":"large","priority":null,"frequency":null,"location":null,"local_seo":null,"seo_analyzer_scan_date":"2025-09-25 03:26:42","breadcrumb_settings":null,"limit_modified_date":false,"open_ai":null,"ai":null,"created":"2021-03-08 22:26:51","updated":"2025-09-25 03:26:42"},"aioseo_breadcrumb":"<div class=\"aioseo-breadcrumbs\"><span class=\"aioseo-breadcrumb\">\n\t<a href=\"https:\/\/eldigitaldeasturias.com\/magazine365\" title=\"Home\">Home<\/a>\n<\/span><span class=\"aioseo-breadcrumb-separator\">\u2013<\/span><span class=\"aioseo-breadcrumb\">\n\t<a href=\"https:\/\/eldigitaldeasturias.com\/magazine365\/category\/noticias-actualidad\/\" title=\"Noticias y Actualidad\">Noticias y Actualidad<\/a>\n<\/span><span class=\"aioseo-breadcrumb-separator\">\u2013<\/span><span class=\"aioseo-breadcrumb\">\n\t<a href=\"https:\/\/eldigitaldeasturias.com\/magazine365\/etihad-airways-nombra-a-remco-althuis-vicepresidente-de-europa\/\" title=\"Etihad Airways nombra a Remco Althuis vicepresidente de Europa\">Etihad Airways nombra a Remco Althuis vicepresidente de Europa<\/a>\n<\/span><\/div>","aioseo_breadcrumb_json":[{"label":"Home","link":"https:\/\/eldigitaldeasturias.com\/magazine365"},{"label":"Noticias y Actualidad","link":"https:\/\/eldigitaldeasturias.com\/magazine365\/category\/noticias-actualidad\/"},{"label":"Etihad Airways nombra a Remco Althuis vicepresidente de Europa","link":"https:\/\/eldigitaldeasturias.com\/magazine365\/etihad-airways-nombra-a-remco-althuis-vicepresidente-de-europa\/"}],"_links":{"self":[{"href":"https:\/\/eldigitaldeasturias.com\/magazine365\/wp-json\/wp\/v2\/posts\/58676","targetHints":{"allow":["GET"]}}],"collection":[{"href":"https:\/\/eldigitaldeasturias.com\/magazine365\/wp-json\/wp\/v2\/posts"}],"about":[{"href":"https:\/\/eldigitaldeasturias.com\/magazine365\/wp-json\/wp\/v2\/types\/post"}],"author":[{"embeddable":true,"href":"https:\/\/eldigitaldeasturias.com\/magazine365\/wp-json\/wp\/v2\/users\/1"}],"replies":[{"embeddable":true,"href":"https:\/\/eldigitaldeasturias.com\/magazine365\/wp-json\/wp\/v2\/comments?post=58676"}],"version-history":[{"count":0,"href":"https:\/\/eldigitaldeasturias.com\/magazine365\/wp-json\/wp\/v2\/posts\/58676\/revisions"}],"wp:featuredmedia":[{"embeddable":true,"href":"https:\/\/eldigitaldeasturias.com\/magazine365\/wp-json\/wp\/v2\/media\/58677"}],"wp:attachment":[{"href":"https:\/\/eldigitaldeasturias.com\/magazine365\/wp-json\/wp\/v2\/media?parent=58676"}],"wp:term":[{"taxonomy":"category","embeddable":true,"href":"https:\/\/eldigitaldeasturias.com\/magazine365\/wp-json\/wp\/v2\/categories?post=58676"},{"taxonomy":"post_tag","embeddable":true,"href":"https:\/\/eldigitaldeasturias.com\/magazine365\/wp-json\/wp\/v2\/tags?post=58676"}],"curies":[{"name":"wp","href":"https:\/\/api.w.org\/{rel}","templated":true}]}}