{"id":58673,"date":"2015-12-16T20:50:31","date_gmt":"2015-12-16T19:50:31","guid":{"rendered":"http:\/\/eldigitaldeasturias.com\/magazine365\/?p=58673"},"modified":"2015-12-16T20:50:31","modified_gmt":"2015-12-16T19:50:31","slug":"japan-airlines-suspende-temporalmente-sus-vuelos-entre-tokio-y-paris","status":"publish","type":"post","link":"https:\/\/eldigitaldeasturias.com\/magazine365\/japan-airlines-suspende-temporalmente-sus-vuelos-entre-tokio-y-paris\/","title":{"rendered":"Japan Airlines suspende temporalmente sus vuelos entre Tokio y Par\u00eds"},"content":{"rendered":"<p><img fetchpriority=\"high\" decoding=\"async\" class=\"alignleft size-medium wp-image-58674\" src=\"https:\/\/eldigitaldeasturias.com\/magazine365\/wp-content\/uploads\/2015\/12\/fotonoticia_20151216142153_800-360x232.jpg\" alt=\"fotonoticia_20151216142153_800\" width=\"360\" height=\"232\" srcset=\"https:\/\/eldigitaldeasturias.com\/magazine365\/wp-content\/uploads\/2015\/12\/fotonoticia_20151216142153_800-360x232.jpg 360w, https:\/\/eldigitaldeasturias.com\/magazine365\/wp-content\/uploads\/2015\/12\/fotonoticia_20151216142153_800-650x419.jpg 650w, https:\/\/eldigitaldeasturias.com\/magazine365\/wp-content\/uploads\/2015\/12\/fotonoticia_20151216142153_800-768x495.jpg 768w, https:\/\/eldigitaldeasturias.com\/magazine365\/wp-content\/uploads\/2015\/12\/fotonoticia_20151216142153_800-150x97.jpg 150w, https:\/\/eldigitaldeasturias.com\/magazine365\/wp-content\/uploads\/2015\/12\/fotonoticia_20151216142153_800-450x290.jpg 450w, https:\/\/eldigitaldeasturias.com\/magazine365\/wp-content\/uploads\/2015\/12\/fotonoticia_20151216142153_800-696x449.jpg 696w, https:\/\/eldigitaldeasturias.com\/magazine365\/wp-content\/uploads\/2015\/12\/fotonoticia_20151216142153_800-651x420.jpg 651w, https:\/\/eldigitaldeasturias.com\/magazine365\/wp-content\/uploads\/2015\/12\/fotonoticia_20151216142153_800-225x145.jpg 225w, https:\/\/eldigitaldeasturias.com\/magazine365\/wp-content\/uploads\/2015\/12\/fotonoticia_20151216142153_800-84x55.jpg 84w, https:\/\/eldigitaldeasturias.com\/magazine365\/wp-content\/uploads\/2015\/12\/fotonoticia_20151216142153_800.jpg 800w\" sizes=\"(max-width: 360px) 100vw, 360px\" \/>Japan Airlines (JAL) ha decidido suspender temporalmente sus vuelos entre el aeropuerto Narita de Tokio y Par\u00eds por la baja actividad tras los atentados del 13 de noviembre, seg\u00fan ha informado la aerol\u00ednea japonesa.<\/p>\n<p>La aerol\u00ednea ha justificado su decisi\u00f3n tras la ca\u00edda de las reservas en esta ruta, que han pasado del 80% al 40% tras los ataques del 13 de noviembre en Par\u00eds.<\/p>\n<p>De esta forma, la aerol\u00ednea japonesa ha suspendido los vuelos desde el d\u00eda 12 de enero al 29 de febrero, a excepci\u00f3n de los d\u00edas 20, 21, 22, 25 de enero y los d\u00edas 11, 12 y 14 de febrero.<\/p>\n<p>El horario de los vuelos para dichos d\u00edas ser\u00e1 con salida del aeropuerto de Narita a las 15:05 horas y la llegada al aeropuerto Par\u00eds-Charles de Gaulle a las 21:20, ambas en horario local.<\/p>\n","protected":false},"excerpt":{"rendered":"<p>Japan Airlines (JAL) ha decidido suspender temporalmente sus vuelos entre el aeropuerto Narita de Tokio y Par\u00eds por la baja actividad tras los atentados del 13 de noviembre, seg\u00fan ha informado la aerol\u00ednea japonesa. La aerol\u00ednea ha justificado su decisi\u00f3n tras la ca\u00edda de las reservas en esta ruta, que han pasado del 80% al<\/p>\n","protected":false},"author":1,"featured_media":58674,"comment_status":"open","ping_status":"closed","sticky":false,"template":"","format":"standard","meta":{"footnotes":""},"categories":[224],"tags":[],"class_list":{"0":"post-58673","1":"post","2":"type-post","3":"status-publish","4":"format-standard","5":"has-post-thumbnail","7":"category-noticias-actualidad"},"aioseo_notices":[],"aioseo_head":"\n\t\t<!-- All in One SEO Pro 4.9.6.1 - aioseo.com -->\n\t<meta name=\"description\" content=\"Japan Airlines (JAL) ha decidido suspender temporalmente sus vuelos entre el aeropuerto Narita de Tokio y Par\u00eds por la baja actividad tras los atentados del 13 de noviembre, seg\u00fan ha informado la aerol\u00ednea japonesa. La aerol\u00ednea ha justificado su decisi\u00f3n tras la ca\u00edda de las reservas en esta ruta, que han pasado del 80% al\" \/>\n\t<meta name=\"robots\" content=\"max-image-preview:large\" \/>\n\t<meta name=\"author\" content=\"admin\"\/>\n\t<meta name=\"google-site-verification\" content=\"UA-38556648-1\" \/>\n\t<meta name=\"keywords\" content=\"noticias y actualidad\" \/>\n\t<link rel=\"canonical\" href=\"https:\/\/eldigitaldeasturias.com\/magazine365\/japan-airlines-suspende-temporalmente-sus-vuelos-entre-tokio-y-paris\/\" \/>\n\t<meta name=\"generator\" content=\"All in One SEO Pro (AIOSEO) 4.9.6.1\" \/>\n\t\t<meta property=\"og:locale\" content=\"es_ES\" \/>\n\t\t<meta property=\"og:site_name\" content=\"El Digital de Asturias \u2013 Revista de ocio, turismo y estilo de vida\" \/>\n\t\t<meta property=\"og:type\" content=\"article\" \/>\n\t\t<meta property=\"og:title\" content=\"Japan Airlines suspende temporalmente sus vuelos entre Tokio y Par\u00eds | El Digital de Asturias\" \/>\n\t\t<meta property=\"og:description\" content=\"Japan Airlines (JAL) ha decidido suspender temporalmente sus vuelos entre el aeropuerto Narita de Tokio y Par\u00eds por la baja actividad tras los atentados del 13 de noviembre, seg\u00fan ha informado la aerol\u00ednea japonesa. La aerol\u00ednea ha justificado su decisi\u00f3n tras la ca\u00edda de las reservas en esta ruta, que han pasado del 80% al\" \/>\n\t\t<meta property=\"og:url\" content=\"https:\/\/eldigitaldeasturias.com\/magazine365\/japan-airlines-suspende-temporalmente-sus-vuelos-entre-tokio-y-paris\/\" \/>\n\t\t<meta property=\"og:image\" content=\"https:\/\/eldigitaldeasturias.com\/magazine365\/wp-content\/uploads\/2015\/12\/fotonoticia_20151216142153_800.jpg\" \/>\n\t\t<meta property=\"og:image:secure_url\" content=\"https:\/\/eldigitaldeasturias.com\/magazine365\/wp-content\/uploads\/2015\/12\/fotonoticia_20151216142153_800.jpg\" \/>\n\t\t<meta property=\"og:image:width\" content=\"800\" \/>\n\t\t<meta property=\"og:image:height\" content=\"516\" \/>\n\t\t<meta property=\"article:published_time\" content=\"2015-12-16T19:50:31+00:00\" \/>\n\t\t<meta property=\"article:modified_time\" content=\"2015-12-16T19:50:31+00:00\" \/>\n\t\t<meta name=\"twitter:card\" content=\"summary_large_image\" \/>\n\t\t<meta name=\"twitter:title\" content=\"Japan Airlines suspende temporalmente sus vuelos entre Tokio y Par\u00eds | El Digital de Asturias\" \/>\n\t\t<meta name=\"twitter:description\" content=\"Japan Airlines (JAL) ha decidido suspender temporalmente sus vuelos entre el aeropuerto Narita de Tokio y Par\u00eds por la baja actividad tras los atentados del 13 de noviembre, seg\u00fan ha informado la aerol\u00ednea japonesa. La aerol\u00ednea ha justificado su decisi\u00f3n tras la ca\u00edda de las reservas en esta ruta, que han pasado del 80% al\" \/>\n\t\t<meta name=\"twitter:image\" content=\"https:\/\/eldigitaldeasturias.com\/magazine365\/wp-content\/uploads\/2015\/12\/fotonoticia_20151216142153_800.jpg\" \/>\n\t\t<script type=\"application\/ld+json\" class=\"aioseo-schema\">\n\t\t\t{\"@context\":\"https:\\\/\\\/schema.org\",\"@graph\":[{\"@type\":\"Article\",\"@id\":\"https:\\\/\\\/eldigitaldeasturias.com\\\/magazine365\\\/japan-airlines-suspende-temporalmente-sus-vuelos-entre-tokio-y-paris\\\/#article\",\"name\":\"Japan Airlines suspende temporalmente sus vuelos entre Tokio y Par\\u00eds | El Digital de Asturias\",\"headline\":\"Japan Airlines suspende temporalmente sus vuelos entre Tokio y Par\\u00eds\",\"author\":{\"@id\":\"https:\\\/\\\/eldigitaldeasturias.com\\\/magazine365\\\/author\\\/admin\\\/#author\"},\"publisher\":{\"@id\":\"https:\\\/\\\/eldigitaldeasturias.com\\\/magazine365\\\/#organization\"},\"image\":{\"@type\":\"ImageObject\",\"url\":\"https:\\\/\\\/eldigitaldeasturias.com\\\/magazine365\\\/wp-content\\\/uploads\\\/2015\\\/12\\\/fotonoticia_20151216142153_800.jpg\",\"width\":800,\"height\":516},\"datePublished\":\"2015-12-16T20:50:31+01:00\",\"dateModified\":\"2015-12-16T20:50:31+01:00\",\"inLanguage\":\"es-ES\",\"mainEntityOfPage\":{\"@id\":\"https:\\\/\\\/eldigitaldeasturias.com\\\/magazine365\\\/japan-airlines-suspende-temporalmente-sus-vuelos-entre-tokio-y-paris\\\/#webpage\"},\"isPartOf\":{\"@id\":\"https:\\\/\\\/eldigitaldeasturias.com\\\/magazine365\\\/japan-airlines-suspende-temporalmente-sus-vuelos-entre-tokio-y-paris\\\/#webpage\"},\"articleSection\":\"Noticias y Actualidad\"},{\"@type\":\"BreadcrumbList\",\"@id\":\"https:\\\/\\\/eldigitaldeasturias.com\\\/magazine365\\\/japan-airlines-suspende-temporalmente-sus-vuelos-entre-tokio-y-paris\\\/#breadcrumblist\",\"itemListElement\":[{\"@type\":\"ListItem\",\"@id\":\"https:\\\/\\\/eldigitaldeasturias.com\\\/magazine365#listItem\",\"position\":1,\"name\":\"Home\",\"item\":\"https:\\\/\\\/eldigitaldeasturias.com\\\/magazine365\",\"nextItem\":{\"@type\":\"ListItem\",\"@id\":\"https:\\\/\\\/eldigitaldeasturias.com\\\/magazine365\\\/category\\\/noticias-actualidad\\\/#listItem\",\"name\":\"Noticias y Actualidad\"}},{\"@type\":\"ListItem\",\"@id\":\"https:\\\/\\\/eldigitaldeasturias.com\\\/magazine365\\\/category\\\/noticias-actualidad\\\/#listItem\",\"position\":2,\"name\":\"Noticias y Actualidad\",\"item\":\"https:\\\/\\\/eldigitaldeasturias.com\\\/magazine365\\\/category\\\/noticias-actualidad\\\/\",\"nextItem\":{\"@type\":\"ListItem\",\"@id\":\"https:\\\/\\\/eldigitaldeasturias.com\\\/magazine365\\\/japan-airlines-suspende-temporalmente-sus-vuelos-entre-tokio-y-paris\\\/#listItem\",\"name\":\"Japan Airlines suspende temporalmente sus vuelos entre Tokio y Par\\u00eds\"},\"previousItem\":{\"@type\":\"ListItem\",\"@id\":\"https:\\\/\\\/eldigitaldeasturias.com\\\/magazine365#listItem\",\"name\":\"Home\"}},{\"@type\":\"ListItem\",\"@id\":\"https:\\\/\\\/eldigitaldeasturias.com\\\/magazine365\\\/japan-airlines-suspende-temporalmente-sus-vuelos-entre-tokio-y-paris\\\/#listItem\",\"position\":3,\"name\":\"Japan Airlines suspende temporalmente sus vuelos entre Tokio y Par\\u00eds\",\"previousItem\":{\"@type\":\"ListItem\",\"@id\":\"https:\\\/\\\/eldigitaldeasturias.com\\\/magazine365\\\/category\\\/noticias-actualidad\\\/#listItem\",\"name\":\"Noticias y Actualidad\"}}]},{\"@type\":\"Organization\",\"@id\":\"https:\\\/\\\/eldigitaldeasturias.com\\\/magazine365\\\/#organization\",\"name\":\"El digital de Asturias\",\"description\":\"Revista de ocio, turismo y estilo de vida\",\"url\":\"https:\\\/\\\/eldigitaldeasturias.com\\\/magazine365\\\/\",\"logo\":{\"@type\":\"ImageObject\",\"url\":\"https:\\\/\\\/www.eldigitaldeasturias.com\\\/noticias\\\/wp-content\\\/uploads\\\/2020\\\/12\\\/EDA.jpg\",\"@id\":\"https:\\\/\\\/eldigitaldeasturias.com\\\/magazine365\\\/japan-airlines-suspende-temporalmente-sus-vuelos-entre-tokio-y-paris\\\/#organizationLogo\"},\"image\":{\"@id\":\"https:\\\/\\\/eldigitaldeasturias.com\\\/magazine365\\\/japan-airlines-suspende-temporalmente-sus-vuelos-entre-tokio-y-paris\\\/#organizationLogo\"}},{\"@type\":\"Person\",\"@id\":\"https:\\\/\\\/eldigitaldeasturias.com\\\/magazine365\\\/author\\\/admin\\\/#author\",\"url\":\"https:\\\/\\\/eldigitaldeasturias.com\\\/magazine365\\\/author\\\/admin\\\/\",\"name\":\"admin\",\"image\":{\"@type\":\"ImageObject\",\"@id\":\"https:\\\/\\\/eldigitaldeasturias.com\\\/magazine365\\\/japan-airlines-suspende-temporalmente-sus-vuelos-entre-tokio-y-paris\\\/#authorImage\",\"url\":\"https:\\\/\\\/eldigitaldeasturias.com\\\/magazine365\\\/wp-content\\\/litespeed\\\/avatar\\\/e571bcf59a0edd6fa6838245a470f2fe.jpg?ver=1777574230\",\"width\":96,\"height\":96,\"caption\":\"admin\"}},{\"@type\":\"WebPage\",\"@id\":\"https:\\\/\\\/eldigitaldeasturias.com\\\/magazine365\\\/japan-airlines-suspende-temporalmente-sus-vuelos-entre-tokio-y-paris\\\/#webpage\",\"url\":\"https:\\\/\\\/eldigitaldeasturias.com\\\/magazine365\\\/japan-airlines-suspende-temporalmente-sus-vuelos-entre-tokio-y-paris\\\/\",\"name\":\"Japan Airlines suspende temporalmente sus vuelos entre Tokio y Par\\u00eds | El Digital de Asturias\",\"description\":\"Japan Airlines (JAL) ha decidido suspender temporalmente sus vuelos entre el aeropuerto Narita de Tokio y Par\\u00eds por la baja actividad tras los atentados del 13 de noviembre, seg\\u00fan ha informado la aerol\\u00ednea japonesa. La aerol\\u00ednea ha justificado su decisi\\u00f3n tras la ca\\u00edda de las reservas en esta ruta, que han pasado del 80% al\",\"inLanguage\":\"es-ES\",\"isPartOf\":{\"@id\":\"https:\\\/\\\/eldigitaldeasturias.com\\\/magazine365\\\/#website\"},\"breadcrumb\":{\"@id\":\"https:\\\/\\\/eldigitaldeasturias.com\\\/magazine365\\\/japan-airlines-suspende-temporalmente-sus-vuelos-entre-tokio-y-paris\\\/#breadcrumblist\"},\"author\":{\"@id\":\"https:\\\/\\\/eldigitaldeasturias.com\\\/magazine365\\\/author\\\/admin\\\/#author\"},\"creator\":{\"@id\":\"https:\\\/\\\/eldigitaldeasturias.com\\\/magazine365\\\/author\\\/admin\\\/#author\"},\"image\":{\"@type\":\"ImageObject\",\"url\":\"https:\\\/\\\/eldigitaldeasturias.com\\\/magazine365\\\/wp-content\\\/uploads\\\/2015\\\/12\\\/fotonoticia_20151216142153_800.jpg\",\"@id\":\"https:\\\/\\\/eldigitaldeasturias.com\\\/magazine365\\\/japan-airlines-suspende-temporalmente-sus-vuelos-entre-tokio-y-paris\\\/#mainImage\",\"width\":800,\"height\":516},\"primaryImageOfPage\":{\"@id\":\"https:\\\/\\\/eldigitaldeasturias.com\\\/magazine365\\\/japan-airlines-suspende-temporalmente-sus-vuelos-entre-tokio-y-paris\\\/#mainImage\"},\"datePublished\":\"2015-12-16T20:50:31+01:00\",\"dateModified\":\"2015-12-16T20:50:31+01:00\"},{\"@type\":\"WebSite\",\"@id\":\"https:\\\/\\\/eldigitaldeasturias.com\\\/magazine365\\\/#website\",\"url\":\"https:\\\/\\\/eldigitaldeasturias.com\\\/magazine365\\\/\",\"name\":\"El Digital de Asturias\",\"description\":\"Revista de ocio, turismo y estilo de vida\",\"inLanguage\":\"es-ES\",\"publisher\":{\"@id\":\"https:\\\/\\\/eldigitaldeasturias.com\\\/magazine365\\\/#organization\"}}]}\n\t\t<\/script>\n\t\t<!-- All in One SEO Pro -->\r\n\t\t<title>Japan Airlines suspende temporalmente sus vuelos entre Tokio y Par\u00eds | El Digital de Asturias<\/title>\n\n","aioseo_head_json":{"title":"Japan Airlines suspende temporalmente sus vuelos entre Tokio y Par\u00eds | El Digital de Asturias","description":"Japan Airlines (JAL) ha decidido suspender temporalmente sus vuelos entre el aeropuerto Narita de Tokio y Par\u00eds por la baja actividad tras los atentados del 13 de noviembre, seg\u00fan ha informado la aerol\u00ednea japonesa. La aerol\u00ednea ha justificado su decisi\u00f3n tras la ca\u00edda de las reservas en esta ruta, que han pasado del 80% al","canonical_url":"https:\/\/eldigitaldeasturias.com\/magazine365\/japan-airlines-suspende-temporalmente-sus-vuelos-entre-tokio-y-paris\/","robots":"max-image-preview:large","keywords":"noticias y actualidad","webmasterTools":{"google-site-verification":"UA-38556648-1","miscellaneous":""},"schema":{"@context":"https:\/\/schema.org","@graph":[{"@type":"Article","@id":"https:\/\/eldigitaldeasturias.com\/magazine365\/japan-airlines-suspende-temporalmente-sus-vuelos-entre-tokio-y-paris\/#article","name":"Japan Airlines suspende temporalmente sus vuelos entre Tokio y Par\u00eds | El Digital de Asturias","headline":"Japan Airlines suspende temporalmente sus vuelos entre Tokio y Par\u00eds","author":{"@id":"https:\/\/eldigitaldeasturias.com\/magazine365\/author\/admin\/#author"},"publisher":{"@id":"https:\/\/eldigitaldeasturias.com\/magazine365\/#organization"},"image":{"@type":"ImageObject","url":"https:\/\/eldigitaldeasturias.com\/magazine365\/wp-content\/uploads\/2015\/12\/fotonoticia_20151216142153_800.jpg","width":800,"height":516},"datePublished":"2015-12-16T20:50:31+01:00","dateModified":"2015-12-16T20:50:31+01:00","inLanguage":"es-ES","mainEntityOfPage":{"@id":"https:\/\/eldigitaldeasturias.com\/magazine365\/japan-airlines-suspende-temporalmente-sus-vuelos-entre-tokio-y-paris\/#webpage"},"isPartOf":{"@id":"https:\/\/eldigitaldeasturias.com\/magazine365\/japan-airlines-suspende-temporalmente-sus-vuelos-entre-tokio-y-paris\/#webpage"},"articleSection":"Noticias y Actualidad"},{"@type":"BreadcrumbList","@id":"https:\/\/eldigitaldeasturias.com\/magazine365\/japan-airlines-suspende-temporalmente-sus-vuelos-entre-tokio-y-paris\/#breadcrumblist","itemListElement":[{"@type":"ListItem","@id":"https:\/\/eldigitaldeasturias.com\/magazine365#listItem","position":1,"name":"Home","item":"https:\/\/eldigitaldeasturias.com\/magazine365","nextItem":{"@type":"ListItem","@id":"https:\/\/eldigitaldeasturias.com\/magazine365\/category\/noticias-actualidad\/#listItem","name":"Noticias y Actualidad"}},{"@type":"ListItem","@id":"https:\/\/eldigitaldeasturias.com\/magazine365\/category\/noticias-actualidad\/#listItem","position":2,"name":"Noticias y Actualidad","item":"https:\/\/eldigitaldeasturias.com\/magazine365\/category\/noticias-actualidad\/","nextItem":{"@type":"ListItem","@id":"https:\/\/eldigitaldeasturias.com\/magazine365\/japan-airlines-suspende-temporalmente-sus-vuelos-entre-tokio-y-paris\/#listItem","name":"Japan Airlines suspende temporalmente sus vuelos entre Tokio y Par\u00eds"},"previousItem":{"@type":"ListItem","@id":"https:\/\/eldigitaldeasturias.com\/magazine365#listItem","name":"Home"}},{"@type":"ListItem","@id":"https:\/\/eldigitaldeasturias.com\/magazine365\/japan-airlines-suspende-temporalmente-sus-vuelos-entre-tokio-y-paris\/#listItem","position":3,"name":"Japan Airlines suspende temporalmente sus vuelos entre Tokio y Par\u00eds","previousItem":{"@type":"ListItem","@id":"https:\/\/eldigitaldeasturias.com\/magazine365\/category\/noticias-actualidad\/#listItem","name":"Noticias y Actualidad"}}]},{"@type":"Organization","@id":"https:\/\/eldigitaldeasturias.com\/magazine365\/#organization","name":"El digital de Asturias","description":"Revista de ocio, turismo y estilo de vida","url":"https:\/\/eldigitaldeasturias.com\/magazine365\/","logo":{"@type":"ImageObject","url":"https:\/\/www.eldigitaldeasturias.com\/noticias\/wp-content\/uploads\/2020\/12\/EDA.jpg","@id":"https:\/\/eldigitaldeasturias.com\/magazine365\/japan-airlines-suspende-temporalmente-sus-vuelos-entre-tokio-y-paris\/#organizationLogo"},"image":{"@id":"https:\/\/eldigitaldeasturias.com\/magazine365\/japan-airlines-suspende-temporalmente-sus-vuelos-entre-tokio-y-paris\/#organizationLogo"}},{"@type":"Person","@id":"https:\/\/eldigitaldeasturias.com\/magazine365\/author\/admin\/#author","url":"https:\/\/eldigitaldeasturias.com\/magazine365\/author\/admin\/","name":"admin","image":{"@type":"ImageObject","@id":"https:\/\/eldigitaldeasturias.com\/magazine365\/japan-airlines-suspende-temporalmente-sus-vuelos-entre-tokio-y-paris\/#authorImage","url":"https:\/\/eldigitaldeasturias.com\/magazine365\/wp-content\/litespeed\/avatar\/e571bcf59a0edd6fa6838245a470f2fe.jpg?ver=1777574230","width":96,"height":96,"caption":"admin"}},{"@type":"WebPage","@id":"https:\/\/eldigitaldeasturias.com\/magazine365\/japan-airlines-suspende-temporalmente-sus-vuelos-entre-tokio-y-paris\/#webpage","url":"https:\/\/eldigitaldeasturias.com\/magazine365\/japan-airlines-suspende-temporalmente-sus-vuelos-entre-tokio-y-paris\/","name":"Japan Airlines suspende temporalmente sus vuelos entre Tokio y Par\u00eds | El Digital de Asturias","description":"Japan Airlines (JAL) ha decidido suspender temporalmente sus vuelos entre el aeropuerto Narita de Tokio y Par\u00eds por la baja actividad tras los atentados del 13 de noviembre, seg\u00fan ha informado la aerol\u00ednea japonesa. La aerol\u00ednea ha justificado su decisi\u00f3n tras la ca\u00edda de las reservas en esta ruta, que han pasado del 80% al","inLanguage":"es-ES","isPartOf":{"@id":"https:\/\/eldigitaldeasturias.com\/magazine365\/#website"},"breadcrumb":{"@id":"https:\/\/eldigitaldeasturias.com\/magazine365\/japan-airlines-suspende-temporalmente-sus-vuelos-entre-tokio-y-paris\/#breadcrumblist"},"author":{"@id":"https:\/\/eldigitaldeasturias.com\/magazine365\/author\/admin\/#author"},"creator":{"@id":"https:\/\/eldigitaldeasturias.com\/magazine365\/author\/admin\/#author"},"image":{"@type":"ImageObject","url":"https:\/\/eldigitaldeasturias.com\/magazine365\/wp-content\/uploads\/2015\/12\/fotonoticia_20151216142153_800.jpg","@id":"https:\/\/eldigitaldeasturias.com\/magazine365\/japan-airlines-suspende-temporalmente-sus-vuelos-entre-tokio-y-paris\/#mainImage","width":800,"height":516},"primaryImageOfPage":{"@id":"https:\/\/eldigitaldeasturias.com\/magazine365\/japan-airlines-suspende-temporalmente-sus-vuelos-entre-tokio-y-paris\/#mainImage"},"datePublished":"2015-12-16T20:50:31+01:00","dateModified":"2015-12-16T20:50:31+01:00"},{"@type":"WebSite","@id":"https:\/\/eldigitaldeasturias.com\/magazine365\/#website","url":"https:\/\/eldigitaldeasturias.com\/magazine365\/","name":"El Digital de Asturias","description":"Revista de ocio, turismo y estilo de vida","inLanguage":"es-ES","publisher":{"@id":"https:\/\/eldigitaldeasturias.com\/magazine365\/#organization"}}]},"og:locale":"es_ES","og:site_name":"El Digital de Asturias \u2013 Revista de ocio, turismo y estilo de vida","og:type":"article","og:title":"Japan Airlines suspende temporalmente sus vuelos entre Tokio y Par\u00eds | El Digital de Asturias","og:description":"Japan Airlines (JAL) ha decidido suspender temporalmente sus vuelos entre el aeropuerto Narita de Tokio y Par\u00eds por la baja actividad tras los atentados del 13 de noviembre, seg\u00fan ha informado la aerol\u00ednea japonesa. La aerol\u00ednea ha justificado su decisi\u00f3n tras la ca\u00edda de las reservas en esta ruta, que han pasado del 80% al","og:url":"https:\/\/eldigitaldeasturias.com\/magazine365\/japan-airlines-suspende-temporalmente-sus-vuelos-entre-tokio-y-paris\/","og:image":"https:\/\/eldigitaldeasturias.com\/magazine365\/wp-content\/uploads\/2015\/12\/fotonoticia_20151216142153_800.jpg","og:image:secure_url":"https:\/\/eldigitaldeasturias.com\/magazine365\/wp-content\/uploads\/2015\/12\/fotonoticia_20151216142153_800.jpg","og:image:width":800,"og:image:height":516,"article:published_time":"2015-12-16T19:50:31+00:00","article:modified_time":"2015-12-16T19:50:31+00:00","twitter:card":"summary_large_image","twitter:title":"Japan Airlines suspende temporalmente sus vuelos entre Tokio y Par\u00eds | El Digital de Asturias","twitter:description":"Japan Airlines (JAL) ha decidido suspender temporalmente sus vuelos entre el aeropuerto Narita de Tokio y Par\u00eds por la baja actividad tras los atentados del 13 de noviembre, seg\u00fan ha informado la aerol\u00ednea japonesa. La aerol\u00ednea ha justificado su decisi\u00f3n tras la ca\u00edda de las reservas en esta ruta, que han pasado del 80% al","twitter:image":"https:\/\/eldigitaldeasturias.com\/magazine365\/wp-content\/uploads\/2015\/12\/fotonoticia_20151216142153_800.jpg"},"aioseo_meta_data":{"post_id":"58673","title":null,"description":null,"keywords":null,"keyphrases":null,"primary_term":null,"canonical_url":null,"og_title":null,"og_description":null,"og_object_type":"default","og_image_type":"default","og_image_url":null,"og_image_width":null,"og_image_height":null,"og_image_custom_url":null,"og_image_custom_fields":null,"og_video":null,"og_custom_url":null,"og_article_section":null,"og_article_tags":null,"twitter_use_og":false,"twitter_card":"default","twitter_image_type":"default","twitter_image_url":null,"twitter_image_custom_url":null,"twitter_image_custom_fields":null,"twitter_title":null,"twitter_description":null,"schema":{"blockGraphs":[],"customGraphs":[],"default":{"data":{"Article":[],"Course":[],"Dataset":[],"FAQPage":[],"Movie":[],"Person":[],"Product":[],"ProductReview":[],"Car":[],"Recipe":[],"Service":[],"SoftwareApplication":[],"WebPage":[]},"graphName":"","isEnabled":true},"graphs":[],"defaultGraph":"","defaultPostTypeGraph":""},"schema_type":null,"schema_type_options":null,"pillar_content":false,"robots_default":true,"robots_noindex":false,"robots_noarchive":false,"robots_nosnippet":false,"robots_nofollow":false,"robots_noimageindex":false,"robots_noodp":false,"robots_notranslate":false,"robots_max_snippet":null,"robots_max_videopreview":null,"robots_max_imagepreview":"large","priority":null,"frequency":null,"location":null,"local_seo":null,"seo_analyzer_scan_date":"2025-09-25 03:26:39","breadcrumb_settings":null,"limit_modified_date":false,"open_ai":null,"ai":null,"created":"2021-03-08 22:26:51","updated":"2025-09-25 03:26:39"},"aioseo_breadcrumb":"<div class=\"aioseo-breadcrumbs\"><span class=\"aioseo-breadcrumb\">\n\t<a href=\"https:\/\/eldigitaldeasturias.com\/magazine365\" title=\"Home\">Home<\/a>\n<\/span><span class=\"aioseo-breadcrumb-separator\">\u2013<\/span><span class=\"aioseo-breadcrumb\">\n\t<a href=\"https:\/\/eldigitaldeasturias.com\/magazine365\/category\/noticias-actualidad\/\" title=\"Noticias y Actualidad\">Noticias y Actualidad<\/a>\n<\/span><span class=\"aioseo-breadcrumb-separator\">\u2013<\/span><span class=\"aioseo-breadcrumb\">\n\t<a href=\"https:\/\/eldigitaldeasturias.com\/magazine365\/japan-airlines-suspende-temporalmente-sus-vuelos-entre-tokio-y-paris\/\" title=\"Japan Airlines suspende temporalmente sus vuelos entre Tokio y Par\u00eds\">Japan Airlines suspende temporalmente sus vuelos entre Tokio y Par\u00eds<\/a>\n<\/span><\/div>","aioseo_breadcrumb_json":[{"label":"Home","link":"https:\/\/eldigitaldeasturias.com\/magazine365"},{"label":"Noticias y Actualidad","link":"https:\/\/eldigitaldeasturias.com\/magazine365\/category\/noticias-actualidad\/"},{"label":"Japan Airlines suspende temporalmente sus vuelos entre Tokio y Par\u00eds","link":"https:\/\/eldigitaldeasturias.com\/magazine365\/japan-airlines-suspende-temporalmente-sus-vuelos-entre-tokio-y-paris\/"}],"_links":{"self":[{"href":"https:\/\/eldigitaldeasturias.com\/magazine365\/wp-json\/wp\/v2\/posts\/58673","targetHints":{"allow":["GET"]}}],"collection":[{"href":"https:\/\/eldigitaldeasturias.com\/magazine365\/wp-json\/wp\/v2\/posts"}],"about":[{"href":"https:\/\/eldigitaldeasturias.com\/magazine365\/wp-json\/wp\/v2\/types\/post"}],"author":[{"embeddable":true,"href":"https:\/\/eldigitaldeasturias.com\/magazine365\/wp-json\/wp\/v2\/users\/1"}],"replies":[{"embeddable":true,"href":"https:\/\/eldigitaldeasturias.com\/magazine365\/wp-json\/wp\/v2\/comments?post=58673"}],"version-history":[{"count":0,"href":"https:\/\/eldigitaldeasturias.com\/magazine365\/wp-json\/wp\/v2\/posts\/58673\/revisions"}],"wp:featuredmedia":[{"embeddable":true,"href":"https:\/\/eldigitaldeasturias.com\/magazine365\/wp-json\/wp\/v2\/media\/58674"}],"wp:attachment":[{"href":"https:\/\/eldigitaldeasturias.com\/magazine365\/wp-json\/wp\/v2\/media?parent=58673"}],"wp:term":[{"taxonomy":"category","embeddable":true,"href":"https:\/\/eldigitaldeasturias.com\/magazine365\/wp-json\/wp\/v2\/categories?post=58673"},{"taxonomy":"post_tag","embeddable":true,"href":"https:\/\/eldigitaldeasturias.com\/magazine365\/wp-json\/wp\/v2\/tags?post=58673"}],"curies":[{"name":"wp","href":"https:\/\/api.w.org\/{rel}","templated":true}]}}