{"id":58659,"date":"2015-12-16T15:11:44","date_gmt":"2015-12-16T14:11:44","guid":{"rendered":"http:\/\/eldigitaldeasturias.com\/magazine365\/?p=58659"},"modified":"2015-12-16T15:11:44","modified_gmt":"2015-12-16T14:11:44","slug":"iberia-presenta-un-avion-con-jersey-para-acercar-a-sus-clientes-al-calor-de-la-navidad","status":"publish","type":"post","link":"https:\/\/eldigitaldeasturias.com\/magazine365\/iberia-presenta-un-avion-con-jersey-para-acercar-a-sus-clientes-al-calor-de-la-navidad\/","title":{"rendered":"Iberia presenta un avi\u00f3n con jersey para acercar a sus clientes \u00abal calor de la Navidad\u00bb"},"content":{"rendered":"<p><img fetchpriority=\"high\" decoding=\"async\" class=\"alignleft size-medium wp-image-58660\" src=\"https:\/\/eldigitaldeasturias.com\/magazine365\/wp-content\/uploads\/2015\/12\/fotonoticia_20151216135051_800-360x288.jpg\" alt=\"fotonoticia_20151216135051_800\" width=\"360\" height=\"288\" srcset=\"https:\/\/eldigitaldeasturias.com\/magazine365\/wp-content\/uploads\/2015\/12\/fotonoticia_20151216135051_800-360x288.jpg 360w, https:\/\/eldigitaldeasturias.com\/magazine365\/wp-content\/uploads\/2015\/12\/fotonoticia_20151216135051_800-650x520.jpg 650w, https:\/\/eldigitaldeasturias.com\/magazine365\/wp-content\/uploads\/2015\/12\/fotonoticia_20151216135051_800-768x614.jpg 768w, https:\/\/eldigitaldeasturias.com\/magazine365\/wp-content\/uploads\/2015\/12\/fotonoticia_20151216135051_800-150x120.jpg 150w, https:\/\/eldigitaldeasturias.com\/magazine365\/wp-content\/uploads\/2015\/12\/fotonoticia_20151216135051_800-450x360.jpg 450w, https:\/\/eldigitaldeasturias.com\/magazine365\/wp-content\/uploads\/2015\/12\/fotonoticia_20151216135051_800-696x557.jpg 696w, https:\/\/eldigitaldeasturias.com\/magazine365\/wp-content\/uploads\/2015\/12\/fotonoticia_20151216135051_800-525x420.jpg 525w, https:\/\/eldigitaldeasturias.com\/magazine365\/wp-content\/uploads\/2015\/12\/fotonoticia_20151216135051_800.jpg 800w\" sizes=\"(max-width: 360px) 100vw, 360px\" \/>La aerol\u00ednea Iberia felicitar\u00e1 a sus clientes con un original v\u00eddeo que tiene como protagonista a un avi\u00f3n abrigado con un t\u00edpico jersey invernal y que se ha desarrollado bajo el lema &#8216;Siente el calor de la Navidad&#8217;.<\/p>\n<p>A trav\u00e9s de los canales de Iberia en redes sociales, ya se puede ver la sorprendente felicitaci\u00f3n, que muestra c\u00f3mo la aerol\u00ednea ha dise\u00f1ado esta original prenda, para que quienes viajen en estas fechas para reunirse con sus seres queridos sientan el calor de Navidad volando con la aerol\u00ednea.<\/p>\n<p>Dulces navide\u00f1os, un Rosc\u00f3n de Reyes con Avios como sorpresa, reposacabezas customizados, y la carta para los Reyes Magos son algunos de los detalles que Iberia incluir\u00e1 en sus vuelos esta Navidad.<\/p>\n<p>En clase &#8216;Business&#8217;, los clientes disfrutar\u00e1n de men\u00fas especiales, y peque\u00f1os obsequios, entre otros detalles.<\/p>\n","protected":false},"excerpt":{"rendered":"<p>La aerol\u00ednea Iberia felicitar\u00e1 a sus clientes con un original v\u00eddeo que tiene como protagonista a un avi\u00f3n abrigado con un t\u00edpico jersey invernal y que se ha desarrollado bajo el lema &#8216;Siente el calor de la Navidad&#8217;. A trav\u00e9s de los canales de Iberia en redes sociales, ya se puede ver la sorprendente felicitaci\u00f3n,<\/p>\n","protected":false},"author":1,"featured_media":58660,"comment_status":"open","ping_status":"closed","sticky":false,"template":"","format":"standard","meta":{"footnotes":""},"categories":[224],"tags":[],"class_list":{"0":"post-58659","1":"post","2":"type-post","3":"status-publish","4":"format-standard","5":"has-post-thumbnail","7":"category-noticias-actualidad"},"aioseo_notices":[],"aioseo_head":"\n\t\t<!-- All in One SEO Pro 4.9.6.1 - aioseo.com -->\n\t<meta name=\"description\" content=\"La aerol\u00ednea Iberia felicitar\u00e1 a sus clientes con un original v\u00eddeo que tiene como protagonista a un avi\u00f3n abrigado con un t\u00edpico jersey invernal y que se ha desarrollado bajo el lema &#039;Siente el calor de la Navidad&#039;. A trav\u00e9s de los canales de Iberia en redes sociales, ya se puede ver la sorprendente felicitaci\u00f3n,\" \/>\n\t<meta name=\"robots\" content=\"max-image-preview:large\" \/>\n\t<meta name=\"author\" content=\"admin\"\/>\n\t<meta name=\"google-site-verification\" content=\"UA-38556648-1\" \/>\n\t<meta name=\"keywords\" content=\"noticias y actualidad\" \/>\n\t<link rel=\"canonical\" href=\"https:\/\/eldigitaldeasturias.com\/magazine365\/iberia-presenta-un-avion-con-jersey-para-acercar-a-sus-clientes-al-calor-de-la-navidad\/\" \/>\n\t<meta name=\"generator\" content=\"All in One SEO Pro (AIOSEO) 4.9.6.1\" \/>\n\t\t<meta property=\"og:locale\" content=\"es_ES\" \/>\n\t\t<meta property=\"og:site_name\" content=\"El Digital de Asturias \u2013 Revista de ocio, turismo y estilo de vida\" \/>\n\t\t<meta property=\"og:type\" content=\"article\" \/>\n\t\t<meta property=\"og:title\" content=\"Iberia presenta un avi\u00f3n con jersey para acercar a sus clientes \u00abal calor de la Navidad\u00bb | El Digital de Asturias\" \/>\n\t\t<meta property=\"og:description\" content=\"La aerol\u00ednea Iberia felicitar\u00e1 a sus clientes con un original v\u00eddeo que tiene como protagonista a un avi\u00f3n abrigado con un t\u00edpico jersey invernal y que se ha desarrollado bajo el lema &#039;Siente el calor de la Navidad&#039;. A trav\u00e9s de los canales de Iberia en redes sociales, ya se puede ver la sorprendente felicitaci\u00f3n,\" \/>\n\t\t<meta property=\"og:url\" content=\"https:\/\/eldigitaldeasturias.com\/magazine365\/iberia-presenta-un-avion-con-jersey-para-acercar-a-sus-clientes-al-calor-de-la-navidad\/\" \/>\n\t\t<meta property=\"og:image\" content=\"https:\/\/eldigitaldeasturias.com\/magazine365\/wp-content\/uploads\/2015\/12\/fotonoticia_20151216135051_800.jpg\" \/>\n\t\t<meta property=\"og:image:secure_url\" content=\"https:\/\/eldigitaldeasturias.com\/magazine365\/wp-content\/uploads\/2015\/12\/fotonoticia_20151216135051_800.jpg\" \/>\n\t\t<meta property=\"og:image:width\" content=\"800\" \/>\n\t\t<meta property=\"og:image:height\" content=\"640\" \/>\n\t\t<meta property=\"article:published_time\" content=\"2015-12-16T14:11:44+00:00\" \/>\n\t\t<meta property=\"article:modified_time\" content=\"2015-12-16T14:11:44+00:00\" \/>\n\t\t<meta name=\"twitter:card\" content=\"summary_large_image\" \/>\n\t\t<meta name=\"twitter:title\" content=\"Iberia presenta un avi\u00f3n con jersey para acercar a sus clientes \u00abal calor de la Navidad\u00bb | El Digital de Asturias\" \/>\n\t\t<meta name=\"twitter:description\" content=\"La aerol\u00ednea Iberia felicitar\u00e1 a sus clientes con un original v\u00eddeo que tiene como protagonista a un avi\u00f3n abrigado con un t\u00edpico jersey invernal y que se ha desarrollado bajo el lema &#039;Siente el calor de la Navidad&#039;. A trav\u00e9s de los canales de Iberia en redes sociales, ya se puede ver la sorprendente felicitaci\u00f3n,\" \/>\n\t\t<meta name=\"twitter:image\" content=\"https:\/\/eldigitaldeasturias.com\/magazine365\/wp-content\/uploads\/2015\/12\/fotonoticia_20151216135051_800.jpg\" \/>\n\t\t<script type=\"application\/ld+json\" class=\"aioseo-schema\">\n\t\t\t{\"@context\":\"https:\\\/\\\/schema.org\",\"@graph\":[{\"@type\":\"Article\",\"@id\":\"https:\\\/\\\/eldigitaldeasturias.com\\\/magazine365\\\/iberia-presenta-un-avion-con-jersey-para-acercar-a-sus-clientes-al-calor-de-la-navidad\\\/#article\",\"name\":\"Iberia presenta un avi\\u00f3n con jersey para acercar a sus clientes \\u00abal calor de la Navidad\\u00bb | El Digital de Asturias\",\"headline\":\"Iberia presenta un avi\\u00f3n con jersey para acercar a sus clientes \\u00abal calor de la Navidad\\u00bb\",\"author\":{\"@id\":\"https:\\\/\\\/eldigitaldeasturias.com\\\/magazine365\\\/author\\\/admin\\\/#author\"},\"publisher\":{\"@id\":\"https:\\\/\\\/eldigitaldeasturias.com\\\/magazine365\\\/#organization\"},\"image\":{\"@type\":\"ImageObject\",\"url\":\"https:\\\/\\\/eldigitaldeasturias.com\\\/magazine365\\\/wp-content\\\/uploads\\\/2015\\\/12\\\/fotonoticia_20151216135051_800.jpg\",\"width\":800,\"height\":640},\"datePublished\":\"2015-12-16T15:11:44+01:00\",\"dateModified\":\"2015-12-16T15:11:44+01:00\",\"inLanguage\":\"es-ES\",\"mainEntityOfPage\":{\"@id\":\"https:\\\/\\\/eldigitaldeasturias.com\\\/magazine365\\\/iberia-presenta-un-avion-con-jersey-para-acercar-a-sus-clientes-al-calor-de-la-navidad\\\/#webpage\"},\"isPartOf\":{\"@id\":\"https:\\\/\\\/eldigitaldeasturias.com\\\/magazine365\\\/iberia-presenta-un-avion-con-jersey-para-acercar-a-sus-clientes-al-calor-de-la-navidad\\\/#webpage\"},\"articleSection\":\"Noticias y Actualidad\"},{\"@type\":\"BreadcrumbList\",\"@id\":\"https:\\\/\\\/eldigitaldeasturias.com\\\/magazine365\\\/iberia-presenta-un-avion-con-jersey-para-acercar-a-sus-clientes-al-calor-de-la-navidad\\\/#breadcrumblist\",\"itemListElement\":[{\"@type\":\"ListItem\",\"@id\":\"https:\\\/\\\/eldigitaldeasturias.com\\\/magazine365#listItem\",\"position\":1,\"name\":\"Home\",\"item\":\"https:\\\/\\\/eldigitaldeasturias.com\\\/magazine365\",\"nextItem\":{\"@type\":\"ListItem\",\"@id\":\"https:\\\/\\\/eldigitaldeasturias.com\\\/magazine365\\\/category\\\/noticias-actualidad\\\/#listItem\",\"name\":\"Noticias y Actualidad\"}},{\"@type\":\"ListItem\",\"@id\":\"https:\\\/\\\/eldigitaldeasturias.com\\\/magazine365\\\/category\\\/noticias-actualidad\\\/#listItem\",\"position\":2,\"name\":\"Noticias y Actualidad\",\"item\":\"https:\\\/\\\/eldigitaldeasturias.com\\\/magazine365\\\/category\\\/noticias-actualidad\\\/\",\"nextItem\":{\"@type\":\"ListItem\",\"@id\":\"https:\\\/\\\/eldigitaldeasturias.com\\\/magazine365\\\/iberia-presenta-un-avion-con-jersey-para-acercar-a-sus-clientes-al-calor-de-la-navidad\\\/#listItem\",\"name\":\"Iberia presenta un avi\\u00f3n con jersey para acercar a sus clientes \\u00abal calor de la Navidad\\u00bb\"},\"previousItem\":{\"@type\":\"ListItem\",\"@id\":\"https:\\\/\\\/eldigitaldeasturias.com\\\/magazine365#listItem\",\"name\":\"Home\"}},{\"@type\":\"ListItem\",\"@id\":\"https:\\\/\\\/eldigitaldeasturias.com\\\/magazine365\\\/iberia-presenta-un-avion-con-jersey-para-acercar-a-sus-clientes-al-calor-de-la-navidad\\\/#listItem\",\"position\":3,\"name\":\"Iberia presenta un avi\\u00f3n con jersey para acercar a sus clientes \\u00abal calor de la Navidad\\u00bb\",\"previousItem\":{\"@type\":\"ListItem\",\"@id\":\"https:\\\/\\\/eldigitaldeasturias.com\\\/magazine365\\\/category\\\/noticias-actualidad\\\/#listItem\",\"name\":\"Noticias y Actualidad\"}}]},{\"@type\":\"Organization\",\"@id\":\"https:\\\/\\\/eldigitaldeasturias.com\\\/magazine365\\\/#organization\",\"name\":\"El digital de Asturias\",\"description\":\"Revista de ocio, turismo y estilo de vida\",\"url\":\"https:\\\/\\\/eldigitaldeasturias.com\\\/magazine365\\\/\",\"logo\":{\"@type\":\"ImageObject\",\"url\":\"https:\\\/\\\/www.eldigitaldeasturias.com\\\/noticias\\\/wp-content\\\/uploads\\\/2020\\\/12\\\/EDA.jpg\",\"@id\":\"https:\\\/\\\/eldigitaldeasturias.com\\\/magazine365\\\/iberia-presenta-un-avion-con-jersey-para-acercar-a-sus-clientes-al-calor-de-la-navidad\\\/#organizationLogo\"},\"image\":{\"@id\":\"https:\\\/\\\/eldigitaldeasturias.com\\\/magazine365\\\/iberia-presenta-un-avion-con-jersey-para-acercar-a-sus-clientes-al-calor-de-la-navidad\\\/#organizationLogo\"}},{\"@type\":\"Person\",\"@id\":\"https:\\\/\\\/eldigitaldeasturias.com\\\/magazine365\\\/author\\\/admin\\\/#author\",\"url\":\"https:\\\/\\\/eldigitaldeasturias.com\\\/magazine365\\\/author\\\/admin\\\/\",\"name\":\"admin\",\"image\":{\"@type\":\"ImageObject\",\"@id\":\"https:\\\/\\\/eldigitaldeasturias.com\\\/magazine365\\\/iberia-presenta-un-avion-con-jersey-para-acercar-a-sus-clientes-al-calor-de-la-navidad\\\/#authorImage\",\"url\":\"https:\\\/\\\/eldigitaldeasturias.com\\\/magazine365\\\/wp-content\\\/litespeed\\\/avatar\\\/e571bcf59a0edd6fa6838245a470f2fe.jpg?ver=1777574230\",\"width\":96,\"height\":96,\"caption\":\"admin\"}},{\"@type\":\"WebPage\",\"@id\":\"https:\\\/\\\/eldigitaldeasturias.com\\\/magazine365\\\/iberia-presenta-un-avion-con-jersey-para-acercar-a-sus-clientes-al-calor-de-la-navidad\\\/#webpage\",\"url\":\"https:\\\/\\\/eldigitaldeasturias.com\\\/magazine365\\\/iberia-presenta-un-avion-con-jersey-para-acercar-a-sus-clientes-al-calor-de-la-navidad\\\/\",\"name\":\"Iberia presenta un avi\\u00f3n con jersey para acercar a sus clientes \\u00abal calor de la Navidad\\u00bb | El Digital de Asturias\",\"description\":\"La aerol\\u00ednea Iberia felicitar\\u00e1 a sus clientes con un original v\\u00eddeo que tiene como protagonista a un avi\\u00f3n abrigado con un t\\u00edpico jersey invernal y que se ha desarrollado bajo el lema 'Siente el calor de la Navidad'. A trav\\u00e9s de los canales de Iberia en redes sociales, ya se puede ver la sorprendente felicitaci\\u00f3n,\",\"inLanguage\":\"es-ES\",\"isPartOf\":{\"@id\":\"https:\\\/\\\/eldigitaldeasturias.com\\\/magazine365\\\/#website\"},\"breadcrumb\":{\"@id\":\"https:\\\/\\\/eldigitaldeasturias.com\\\/magazine365\\\/iberia-presenta-un-avion-con-jersey-para-acercar-a-sus-clientes-al-calor-de-la-navidad\\\/#breadcrumblist\"},\"author\":{\"@id\":\"https:\\\/\\\/eldigitaldeasturias.com\\\/magazine365\\\/author\\\/admin\\\/#author\"},\"creator\":{\"@id\":\"https:\\\/\\\/eldigitaldeasturias.com\\\/magazine365\\\/author\\\/admin\\\/#author\"},\"image\":{\"@type\":\"ImageObject\",\"url\":\"https:\\\/\\\/eldigitaldeasturias.com\\\/magazine365\\\/wp-content\\\/uploads\\\/2015\\\/12\\\/fotonoticia_20151216135051_800.jpg\",\"@id\":\"https:\\\/\\\/eldigitaldeasturias.com\\\/magazine365\\\/iberia-presenta-un-avion-con-jersey-para-acercar-a-sus-clientes-al-calor-de-la-navidad\\\/#mainImage\",\"width\":800,\"height\":640},\"primaryImageOfPage\":{\"@id\":\"https:\\\/\\\/eldigitaldeasturias.com\\\/magazine365\\\/iberia-presenta-un-avion-con-jersey-para-acercar-a-sus-clientes-al-calor-de-la-navidad\\\/#mainImage\"},\"datePublished\":\"2015-12-16T15:11:44+01:00\",\"dateModified\":\"2015-12-16T15:11:44+01:00\"},{\"@type\":\"WebSite\",\"@id\":\"https:\\\/\\\/eldigitaldeasturias.com\\\/magazine365\\\/#website\",\"url\":\"https:\\\/\\\/eldigitaldeasturias.com\\\/magazine365\\\/\",\"name\":\"El Digital de Asturias\",\"description\":\"Revista de ocio, turismo y estilo de vida\",\"inLanguage\":\"es-ES\",\"publisher\":{\"@id\":\"https:\\\/\\\/eldigitaldeasturias.com\\\/magazine365\\\/#organization\"}}]}\n\t\t<\/script>\n\t\t<!-- All in One SEO Pro -->\r\n\t\t<title>Iberia presenta un avi\u00f3n con jersey para acercar a sus clientes \u00abal calor de la Navidad\u00bb | El Digital de Asturias<\/title>\n\n","aioseo_head_json":{"title":"Iberia presenta un avi\u00f3n con jersey para acercar a sus clientes \u00abal calor de la Navidad\u00bb | El Digital de Asturias","description":"La aerol\u00ednea Iberia felicitar\u00e1 a sus clientes con un original v\u00eddeo que tiene como protagonista a un avi\u00f3n abrigado con un t\u00edpico jersey invernal y que se ha desarrollado bajo el lema 'Siente el calor de la Navidad'. A trav\u00e9s de los canales de Iberia en redes sociales, ya se puede ver la sorprendente felicitaci\u00f3n,","canonical_url":"https:\/\/eldigitaldeasturias.com\/magazine365\/iberia-presenta-un-avion-con-jersey-para-acercar-a-sus-clientes-al-calor-de-la-navidad\/","robots":"max-image-preview:large","keywords":"noticias y actualidad","webmasterTools":{"google-site-verification":"UA-38556648-1","miscellaneous":""},"schema":{"@context":"https:\/\/schema.org","@graph":[{"@type":"Article","@id":"https:\/\/eldigitaldeasturias.com\/magazine365\/iberia-presenta-un-avion-con-jersey-para-acercar-a-sus-clientes-al-calor-de-la-navidad\/#article","name":"Iberia presenta un avi\u00f3n con jersey para acercar a sus clientes \u00abal calor de la Navidad\u00bb | El Digital de Asturias","headline":"Iberia presenta un avi\u00f3n con jersey para acercar a sus clientes \u00abal calor de la Navidad\u00bb","author":{"@id":"https:\/\/eldigitaldeasturias.com\/magazine365\/author\/admin\/#author"},"publisher":{"@id":"https:\/\/eldigitaldeasturias.com\/magazine365\/#organization"},"image":{"@type":"ImageObject","url":"https:\/\/eldigitaldeasturias.com\/magazine365\/wp-content\/uploads\/2015\/12\/fotonoticia_20151216135051_800.jpg","width":800,"height":640},"datePublished":"2015-12-16T15:11:44+01:00","dateModified":"2015-12-16T15:11:44+01:00","inLanguage":"es-ES","mainEntityOfPage":{"@id":"https:\/\/eldigitaldeasturias.com\/magazine365\/iberia-presenta-un-avion-con-jersey-para-acercar-a-sus-clientes-al-calor-de-la-navidad\/#webpage"},"isPartOf":{"@id":"https:\/\/eldigitaldeasturias.com\/magazine365\/iberia-presenta-un-avion-con-jersey-para-acercar-a-sus-clientes-al-calor-de-la-navidad\/#webpage"},"articleSection":"Noticias y Actualidad"},{"@type":"BreadcrumbList","@id":"https:\/\/eldigitaldeasturias.com\/magazine365\/iberia-presenta-un-avion-con-jersey-para-acercar-a-sus-clientes-al-calor-de-la-navidad\/#breadcrumblist","itemListElement":[{"@type":"ListItem","@id":"https:\/\/eldigitaldeasturias.com\/magazine365#listItem","position":1,"name":"Home","item":"https:\/\/eldigitaldeasturias.com\/magazine365","nextItem":{"@type":"ListItem","@id":"https:\/\/eldigitaldeasturias.com\/magazine365\/category\/noticias-actualidad\/#listItem","name":"Noticias y Actualidad"}},{"@type":"ListItem","@id":"https:\/\/eldigitaldeasturias.com\/magazine365\/category\/noticias-actualidad\/#listItem","position":2,"name":"Noticias y Actualidad","item":"https:\/\/eldigitaldeasturias.com\/magazine365\/category\/noticias-actualidad\/","nextItem":{"@type":"ListItem","@id":"https:\/\/eldigitaldeasturias.com\/magazine365\/iberia-presenta-un-avion-con-jersey-para-acercar-a-sus-clientes-al-calor-de-la-navidad\/#listItem","name":"Iberia presenta un avi\u00f3n con jersey para acercar a sus clientes \u00abal calor de la Navidad\u00bb"},"previousItem":{"@type":"ListItem","@id":"https:\/\/eldigitaldeasturias.com\/magazine365#listItem","name":"Home"}},{"@type":"ListItem","@id":"https:\/\/eldigitaldeasturias.com\/magazine365\/iberia-presenta-un-avion-con-jersey-para-acercar-a-sus-clientes-al-calor-de-la-navidad\/#listItem","position":3,"name":"Iberia presenta un avi\u00f3n con jersey para acercar a sus clientes \u00abal calor de la Navidad\u00bb","previousItem":{"@type":"ListItem","@id":"https:\/\/eldigitaldeasturias.com\/magazine365\/category\/noticias-actualidad\/#listItem","name":"Noticias y Actualidad"}}]},{"@type":"Organization","@id":"https:\/\/eldigitaldeasturias.com\/magazine365\/#organization","name":"El digital de Asturias","description":"Revista de ocio, turismo y estilo de vida","url":"https:\/\/eldigitaldeasturias.com\/magazine365\/","logo":{"@type":"ImageObject","url":"https:\/\/www.eldigitaldeasturias.com\/noticias\/wp-content\/uploads\/2020\/12\/EDA.jpg","@id":"https:\/\/eldigitaldeasturias.com\/magazine365\/iberia-presenta-un-avion-con-jersey-para-acercar-a-sus-clientes-al-calor-de-la-navidad\/#organizationLogo"},"image":{"@id":"https:\/\/eldigitaldeasturias.com\/magazine365\/iberia-presenta-un-avion-con-jersey-para-acercar-a-sus-clientes-al-calor-de-la-navidad\/#organizationLogo"}},{"@type":"Person","@id":"https:\/\/eldigitaldeasturias.com\/magazine365\/author\/admin\/#author","url":"https:\/\/eldigitaldeasturias.com\/magazine365\/author\/admin\/","name":"admin","image":{"@type":"ImageObject","@id":"https:\/\/eldigitaldeasturias.com\/magazine365\/iberia-presenta-un-avion-con-jersey-para-acercar-a-sus-clientes-al-calor-de-la-navidad\/#authorImage","url":"https:\/\/eldigitaldeasturias.com\/magazine365\/wp-content\/litespeed\/avatar\/e571bcf59a0edd6fa6838245a470f2fe.jpg?ver=1777574230","width":96,"height":96,"caption":"admin"}},{"@type":"WebPage","@id":"https:\/\/eldigitaldeasturias.com\/magazine365\/iberia-presenta-un-avion-con-jersey-para-acercar-a-sus-clientes-al-calor-de-la-navidad\/#webpage","url":"https:\/\/eldigitaldeasturias.com\/magazine365\/iberia-presenta-un-avion-con-jersey-para-acercar-a-sus-clientes-al-calor-de-la-navidad\/","name":"Iberia presenta un avi\u00f3n con jersey para acercar a sus clientes \u00abal calor de la Navidad\u00bb | El Digital de Asturias","description":"La aerol\u00ednea Iberia felicitar\u00e1 a sus clientes con un original v\u00eddeo que tiene como protagonista a un avi\u00f3n abrigado con un t\u00edpico jersey invernal y que se ha desarrollado bajo el lema 'Siente el calor de la Navidad'. A trav\u00e9s de los canales de Iberia en redes sociales, ya se puede ver la sorprendente felicitaci\u00f3n,","inLanguage":"es-ES","isPartOf":{"@id":"https:\/\/eldigitaldeasturias.com\/magazine365\/#website"},"breadcrumb":{"@id":"https:\/\/eldigitaldeasturias.com\/magazine365\/iberia-presenta-un-avion-con-jersey-para-acercar-a-sus-clientes-al-calor-de-la-navidad\/#breadcrumblist"},"author":{"@id":"https:\/\/eldigitaldeasturias.com\/magazine365\/author\/admin\/#author"},"creator":{"@id":"https:\/\/eldigitaldeasturias.com\/magazine365\/author\/admin\/#author"},"image":{"@type":"ImageObject","url":"https:\/\/eldigitaldeasturias.com\/magazine365\/wp-content\/uploads\/2015\/12\/fotonoticia_20151216135051_800.jpg","@id":"https:\/\/eldigitaldeasturias.com\/magazine365\/iberia-presenta-un-avion-con-jersey-para-acercar-a-sus-clientes-al-calor-de-la-navidad\/#mainImage","width":800,"height":640},"primaryImageOfPage":{"@id":"https:\/\/eldigitaldeasturias.com\/magazine365\/iberia-presenta-un-avion-con-jersey-para-acercar-a-sus-clientes-al-calor-de-la-navidad\/#mainImage"},"datePublished":"2015-12-16T15:11:44+01:00","dateModified":"2015-12-16T15:11:44+01:00"},{"@type":"WebSite","@id":"https:\/\/eldigitaldeasturias.com\/magazine365\/#website","url":"https:\/\/eldigitaldeasturias.com\/magazine365\/","name":"El Digital de Asturias","description":"Revista de ocio, turismo y estilo de vida","inLanguage":"es-ES","publisher":{"@id":"https:\/\/eldigitaldeasturias.com\/magazine365\/#organization"}}]},"og:locale":"es_ES","og:site_name":"El Digital de Asturias \u2013 Revista de ocio, turismo y estilo de vida","og:type":"article","og:title":"Iberia presenta un avi\u00f3n con jersey para acercar a sus clientes \u00abal calor de la Navidad\u00bb | El Digital de Asturias","og:description":"La aerol\u00ednea Iberia felicitar\u00e1 a sus clientes con un original v\u00eddeo que tiene como protagonista a un avi\u00f3n abrigado con un t\u00edpico jersey invernal y que se ha desarrollado bajo el lema 'Siente el calor de la Navidad'. A trav\u00e9s de los canales de Iberia en redes sociales, ya se puede ver la sorprendente felicitaci\u00f3n,","og:url":"https:\/\/eldigitaldeasturias.com\/magazine365\/iberia-presenta-un-avion-con-jersey-para-acercar-a-sus-clientes-al-calor-de-la-navidad\/","og:image":"https:\/\/eldigitaldeasturias.com\/magazine365\/wp-content\/uploads\/2015\/12\/fotonoticia_20151216135051_800.jpg","og:image:secure_url":"https:\/\/eldigitaldeasturias.com\/magazine365\/wp-content\/uploads\/2015\/12\/fotonoticia_20151216135051_800.jpg","og:image:width":800,"og:image:height":640,"article:published_time":"2015-12-16T14:11:44+00:00","article:modified_time":"2015-12-16T14:11:44+00:00","twitter:card":"summary_large_image","twitter:title":"Iberia presenta un avi\u00f3n con jersey para acercar a sus clientes \u00abal calor de la Navidad\u00bb | El Digital de Asturias","twitter:description":"La aerol\u00ednea Iberia felicitar\u00e1 a sus clientes con un original v\u00eddeo que tiene como protagonista a un avi\u00f3n abrigado con un t\u00edpico jersey invernal y que se ha desarrollado bajo el lema 'Siente el calor de la Navidad'. A trav\u00e9s de los canales de Iberia en redes sociales, ya se puede ver la sorprendente felicitaci\u00f3n,","twitter:image":"https:\/\/eldigitaldeasturias.com\/magazine365\/wp-content\/uploads\/2015\/12\/fotonoticia_20151216135051_800.jpg"},"aioseo_meta_data":{"post_id":"58659","title":null,"description":null,"keywords":null,"keyphrases":null,"primary_term":null,"canonical_url":null,"og_title":null,"og_description":null,"og_object_type":"default","og_image_type":"default","og_image_url":null,"og_image_width":null,"og_image_height":null,"og_image_custom_url":null,"og_image_custom_fields":null,"og_video":null,"og_custom_url":null,"og_article_section":null,"og_article_tags":null,"twitter_use_og":false,"twitter_card":"default","twitter_image_type":"default","twitter_image_url":null,"twitter_image_custom_url":null,"twitter_image_custom_fields":null,"twitter_title":null,"twitter_description":null,"schema":{"blockGraphs":[],"customGraphs":[],"default":{"data":{"Article":[],"Course":[],"Dataset":[],"FAQPage":[],"Movie":[],"Person":[],"Product":[],"ProductReview":[],"Car":[],"Recipe":[],"Service":[],"SoftwareApplication":[],"WebPage":[]},"graphName":"","isEnabled":true},"graphs":[],"defaultGraph":"","defaultPostTypeGraph":""},"schema_type":null,"schema_type_options":null,"pillar_content":false,"robots_default":true,"robots_noindex":false,"robots_noarchive":false,"robots_nosnippet":false,"robots_nofollow":false,"robots_noimageindex":false,"robots_noodp":false,"robots_notranslate":false,"robots_max_snippet":null,"robots_max_videopreview":null,"robots_max_imagepreview":"large","priority":null,"frequency":null,"location":null,"local_seo":null,"seo_analyzer_scan_date":"2025-09-25 03:24:34","breadcrumb_settings":null,"limit_modified_date":false,"open_ai":null,"ai":null,"created":"2021-03-08 22:26:51","updated":"2025-09-25 03:24:34"},"aioseo_breadcrumb":"<div class=\"aioseo-breadcrumbs\"><span class=\"aioseo-breadcrumb\">\n\t<a href=\"https:\/\/eldigitaldeasturias.com\/magazine365\" title=\"Home\">Home<\/a>\n<\/span><span class=\"aioseo-breadcrumb-separator\">\u2013<\/span><span class=\"aioseo-breadcrumb\">\n\t<a href=\"https:\/\/eldigitaldeasturias.com\/magazine365\/category\/noticias-actualidad\/\" title=\"Noticias y Actualidad\">Noticias y Actualidad<\/a>\n<\/span><span class=\"aioseo-breadcrumb-separator\">\u2013<\/span><span class=\"aioseo-breadcrumb\">\n\t<a href=\"https:\/\/eldigitaldeasturias.com\/magazine365\/iberia-presenta-un-avion-con-jersey-para-acercar-a-sus-clientes-al-calor-de-la-navidad\/\" title=\"Iberia presenta un avi\u00f3n con jersey para acercar a sus clientes \u00abal calor de la Navidad\u00bb\">Iberia presenta un avi\u00f3n con jersey para acercar a sus clientes \u00abal calor de la Navidad\u00bb<\/a>\n<\/span><\/div>","aioseo_breadcrumb_json":[{"label":"Home","link":"https:\/\/eldigitaldeasturias.com\/magazine365"},{"label":"Noticias y Actualidad","link":"https:\/\/eldigitaldeasturias.com\/magazine365\/category\/noticias-actualidad\/"},{"label":"Iberia presenta un avi\u00f3n con jersey para acercar a sus clientes \u00abal calor de la Navidad\u00bb","link":"https:\/\/eldigitaldeasturias.com\/magazine365\/iberia-presenta-un-avion-con-jersey-para-acercar-a-sus-clientes-al-calor-de-la-navidad\/"}],"_links":{"self":[{"href":"https:\/\/eldigitaldeasturias.com\/magazine365\/wp-json\/wp\/v2\/posts\/58659","targetHints":{"allow":["GET"]}}],"collection":[{"href":"https:\/\/eldigitaldeasturias.com\/magazine365\/wp-json\/wp\/v2\/posts"}],"about":[{"href":"https:\/\/eldigitaldeasturias.com\/magazine365\/wp-json\/wp\/v2\/types\/post"}],"author":[{"embeddable":true,"href":"https:\/\/eldigitaldeasturias.com\/magazine365\/wp-json\/wp\/v2\/users\/1"}],"replies":[{"embeddable":true,"href":"https:\/\/eldigitaldeasturias.com\/magazine365\/wp-json\/wp\/v2\/comments?post=58659"}],"version-history":[{"count":0,"href":"https:\/\/eldigitaldeasturias.com\/magazine365\/wp-json\/wp\/v2\/posts\/58659\/revisions"}],"wp:featuredmedia":[{"embeddable":true,"href":"https:\/\/eldigitaldeasturias.com\/magazine365\/wp-json\/wp\/v2\/media\/58660"}],"wp:attachment":[{"href":"https:\/\/eldigitaldeasturias.com\/magazine365\/wp-json\/wp\/v2\/media?parent=58659"}],"wp:term":[{"taxonomy":"category","embeddable":true,"href":"https:\/\/eldigitaldeasturias.com\/magazine365\/wp-json\/wp\/v2\/categories?post=58659"},{"taxonomy":"post_tag","embeddable":true,"href":"https:\/\/eldigitaldeasturias.com\/magazine365\/wp-json\/wp\/v2\/tags?post=58659"}],"curies":[{"name":"wp","href":"https:\/\/api.w.org\/{rel}","templated":true}]}}