{"id":58627,"date":"2015-12-16T14:46:21","date_gmt":"2015-12-16T13:46:21","guid":{"rendered":"http:\/\/eldigitaldeasturias.com\/magazine365\/?p=58627"},"modified":"2015-12-16T14:46:21","modified_gmt":"2015-12-16T13:46:21","slug":"el-tribunal-de-estrasburgo-inadmite-el-recurso-de-las-victimas-del-accidente-de-spanair","status":"publish","type":"post","link":"https:\/\/eldigitaldeasturias.com\/magazine365\/el-tribunal-de-estrasburgo-inadmite-el-recurso-de-las-victimas-del-accidente-de-spanair\/","title":{"rendered":"El Tribunal de Estrasburgo inadmite el recurso de las v\u00edctimas del accidente de Spanair"},"content":{"rendered":"<p><img fetchpriority=\"high\" decoding=\"async\" class=\"alignleft size-medium wp-image-58628\" src=\"https:\/\/eldigitaldeasturias.com\/magazine365\/wp-content\/uploads\/2015\/12\/fotonoticia_20151216122548_800-360x240.jpg\" alt=\"fotonoticia_20151216122548_800\" width=\"360\" height=\"240\" srcset=\"https:\/\/eldigitaldeasturias.com\/magazine365\/wp-content\/uploads\/2015\/12\/fotonoticia_20151216122548_800-360x240.jpg 360w, https:\/\/eldigitaldeasturias.com\/magazine365\/wp-content\/uploads\/2015\/12\/fotonoticia_20151216122548_800-650x433.jpg 650w, https:\/\/eldigitaldeasturias.com\/magazine365\/wp-content\/uploads\/2015\/12\/fotonoticia_20151216122548_800-768x512.jpg 768w, https:\/\/eldigitaldeasturias.com\/magazine365\/wp-content\/uploads\/2015\/12\/fotonoticia_20151216122548_800-150x100.jpg 150w, https:\/\/eldigitaldeasturias.com\/magazine365\/wp-content\/uploads\/2015\/12\/fotonoticia_20151216122548_800-450x300.jpg 450w, https:\/\/eldigitaldeasturias.com\/magazine365\/wp-content\/uploads\/2015\/12\/fotonoticia_20151216122548_800-696x464.jpg 696w, https:\/\/eldigitaldeasturias.com\/magazine365\/wp-content\/uploads\/2015\/12\/fotonoticia_20151216122548_800-630x420.jpg 630w, https:\/\/eldigitaldeasturias.com\/magazine365\/wp-content\/uploads\/2015\/12\/fotonoticia_20151216122548_800-84x55.jpg 84w, https:\/\/eldigitaldeasturias.com\/magazine365\/wp-content\/uploads\/2015\/12\/fotonoticia_20151216122548_800.jpg 800w\" sizes=\"(max-width: 360px) 100vw, 360px\" \/>El Tribunal de Derechos Humanos de Estrasburgo (TEDH) ha inadmitido la demanda de la Asociaci\u00f3n de Afectados del Vuelo JK5022 en la que denunciaba las \u00abinfracciones\u00bb contra el Convenio Europeo de Derechos Humanos por parte de la Justicia espa\u00f1ola tras la tragedia del accidente de Spanair, en la que fallecieron 154 personas y 18 sobrevivieron.<\/p>\n<p>La asociaci\u00f3n que representa a las v\u00edctimas del accidente de Spanair, ocurrido el 20 de agosto de 2018, acudi\u00f3 al Tribunal Europeo el 25 de marzo de 2014, tras agotar la v\u00eda judicial en Espa\u00f1a, despu\u00e9s de que el caso quedara sobrese\u00eddo por la Audiencia Provincial de Madrid, que levant\u00f3 la imputaci\u00f3n a los dos t\u00e9cnicos juzgados y consider\u00f3 que su actiaci\u00f3n fue correcta y no constituy\u00f3 imprudencia.<\/p>\n<p>En su demanda, los afectados del accidente de Spanair argumentaban que la decisi\u00f3n de sobreseimiento fue \u00abexcepcional e inmotivada\u00bb, en un caso hist\u00f3rico \u00fanico, ya que se apartaba de la propia doctrina judicial \u00aba juzgar por las diversas resoluciones dictadas con car\u00e1cter previo y posteriormente\u00bb.<\/p>\n<p>El TEDH considera que la demanda de la Asociaci\u00f3n de Afectados del Vuelo jk5022 \u00abno cumple con los requisitos de adminisibilidad\u00bb establecidos en los art\u00edculos 34 y 35 del citado convenio, seg\u00fan se le ha comunicado a la asociaci\u00f3n demandante en una carta.<\/p>\n<p>La decisi\u00f3n del Tribunal de Estrasbuego es definitiva y no puede ser objeto de un nuevo recurso ni ante el TEDH ni ante otro \u00f3rgano.<\/p>\n<p>Tras el sobreseimiento de la causa, la AVJK5022 acudi\u00f3 present\u00f3 un recurso de amparo ante el Tribunal Constitucional alegando la vulneraci\u00f3n del derecho a la tutela judicial efectiva, con indefensi\u00f3n y vulneraci\u00f3n del derecho a la igualdad en la aplicaci\u00f3n de la ley, que fue inadmitido por el tribunal de garant\u00edas.<\/p>\n<p>\u00abUNA BURLA INTOLERABLE\u00bb.<\/p>\n<p>En un comunicado, la Asociaci\u00f3n de Afectados del Vuelo JK5022 ha lamentado que se les cierre en Estrasburgo \u00abla \u00faltima puerta de un largo v\u00eda crucis que ha durado m\u00e1s de 7 a\u00f1os\u00bb, periodo durante el que no ha dejado de \u00abpelear por lograr justicia y verdad\u00bb.<\/p>\n<p>\u00abEse tribunal ha tardado 19 meses para fotocopiar una carta e inadmitir a tr\u00e1mite la demanda, como hace con la mayor\u00eda de los casos que recibe\u00bb, ha criticado la asociaci\u00f3n, que califica de \u00abburla intolerable\u00bb esta carta \u00abpara cuantos acuden a su puerta con la esperanza de ser atendidos individualmente\u00bb.<\/p>\n<p>Para la AVJK5022 el Tribunal de Estrasbugo deber\u00eda \u00abdesaparecer de inmediato\u00bb, ya que son demasiadas las v\u00edctimas sin justicia para que pueda seguir existiendo, y pone en evidencia que el sistema judicial es \u00ablento, incompetente e inefectivo\u00bb.<\/p>\n<p>\u00abEsta noticia ha complado la paciencia, la frustraci\u00f3n y el sentimiento de desamparo que nos ha acompa\u00f1ado desde que los nuestros se subieron el infausto 20 de agosto de 2008 a un avi\u00f3n que era una chatarra volante porque alguien prorrog\u00f3 su permiso de vuelo para que siguiera tentando a la suerte sin poner nada m\u00e1s que su firma\u00bb, reza la nota.<\/p>\n<p>La AVJK5022, que lidera la nueva Federaci\u00f3n Internacional de V\u00edctimas de Accidentes A\u00e9reos y Familias (FIVAAF), ha trasladado a las autoridades y partidos pol\u00edticos su petici\u00f3n de llevar a los Juzgados Centrales de Instrucci\u00f3n la investigaci\u00f3n penal y civil de las cat\u00e1strofes a\u00e9reas, a la vista de \u00abc\u00f3mo han sido masacradas las v\u00edctimas de Spanair en la jurisdicci\u00f3n ordinaria: penal y mercantil\u00bb.<\/p>\n<p>\u00abSe han limitado a tasar la vida de nuestros seres queridos en cifras tan rid\u00edculas que han hecho de esta tragedia un negocio para la aseguradora y marcado un terreno de impunidad para aquellos que no hacen de la prudencia y sensatez su signo de identidad\u00bb, concluye la asociaci\u00f3n.<\/p>\n<p>La AVJK5022, que seguir\u00e1 trabajando porque los derechos de los pasajeros se respeten, reclama la creaci\u00f3n en Espa\u00f1a de un \u00f3rgano multimodal similar al de la Junta Nacional de Seguridad del Tranporte de EE.UU. (NTSB), que investigue los accidentes de v\u00edctimas m\u00faltiples.<\/p>\n","protected":false},"excerpt":{"rendered":"<p>El Tribunal de Derechos Humanos de Estrasburgo (TEDH) ha inadmitido la demanda de la Asociaci\u00f3n de Afectados del Vuelo JK5022 en la que denunciaba las \u00abinfracciones\u00bb contra el Convenio Europeo de Derechos Humanos por parte de la Justicia espa\u00f1ola tras la tragedia del accidente de Spanair, en la que fallecieron 154 personas y 18 sobrevivieron.<\/p>\n","protected":false},"author":1,"featured_media":58628,"comment_status":"open","ping_status":"closed","sticky":false,"template":"","format":"standard","meta":{"footnotes":""},"categories":[224],"tags":[],"class_list":{"0":"post-58627","1":"post","2":"type-post","3":"status-publish","4":"format-standard","5":"has-post-thumbnail","7":"category-noticias-actualidad"},"aioseo_notices":[],"aioseo_head":"\n\t\t<!-- All in One SEO Pro 4.9.6.1 - aioseo.com -->\n\t<meta name=\"description\" content=\"El Tribunal de Derechos Humanos de Estrasburgo (TEDH) ha inadmitido la demanda de la Asociaci\u00f3n de Afectados del Vuelo JK5022 en la que denunciaba las &quot;infracciones&quot; contra el Convenio Europeo de Derechos Humanos por parte de la Justicia espa\u00f1ola tras la tragedia del accidente de Spanair, en la que fallecieron 154 personas y 18 sobrevivieron.\" \/>\n\t<meta name=\"robots\" content=\"max-image-preview:large\" \/>\n\t<meta name=\"author\" content=\"admin\"\/>\n\t<meta name=\"google-site-verification\" content=\"UA-38556648-1\" \/>\n\t<meta name=\"keywords\" content=\"noticias y actualidad\" \/>\n\t<link rel=\"canonical\" href=\"https:\/\/eldigitaldeasturias.com\/magazine365\/el-tribunal-de-estrasburgo-inadmite-el-recurso-de-las-victimas-del-accidente-de-spanair\/\" \/>\n\t<meta name=\"generator\" content=\"All in One SEO Pro (AIOSEO) 4.9.6.1\" \/>\n\t\t<meta property=\"og:locale\" content=\"es_ES\" \/>\n\t\t<meta property=\"og:site_name\" content=\"El Digital de Asturias \u2013 Revista de ocio, turismo y estilo de vida\" \/>\n\t\t<meta property=\"og:type\" content=\"article\" \/>\n\t\t<meta property=\"og:title\" content=\"El Tribunal de Estrasburgo inadmite el recurso de las v\u00edctimas del accidente de Spanair | El Digital de Asturias\" \/>\n\t\t<meta property=\"og:description\" content=\"El Tribunal de Derechos Humanos de Estrasburgo (TEDH) ha inadmitido la demanda de la Asociaci\u00f3n de Afectados del Vuelo JK5022 en la que denunciaba las &quot;infracciones&quot; contra el Convenio Europeo de Derechos Humanos por parte de la Justicia espa\u00f1ola tras la tragedia del accidente de Spanair, en la que fallecieron 154 personas y 18 sobrevivieron.\" \/>\n\t\t<meta property=\"og:url\" content=\"https:\/\/eldigitaldeasturias.com\/magazine365\/el-tribunal-de-estrasburgo-inadmite-el-recurso-de-las-victimas-del-accidente-de-spanair\/\" \/>\n\t\t<meta property=\"og:image\" content=\"https:\/\/eldigitaldeasturias.com\/magazine365\/wp-content\/uploads\/2015\/12\/fotonoticia_20151216122548_800.jpg\" \/>\n\t\t<meta property=\"og:image:secure_url\" content=\"https:\/\/eldigitaldeasturias.com\/magazine365\/wp-content\/uploads\/2015\/12\/fotonoticia_20151216122548_800.jpg\" \/>\n\t\t<meta property=\"og:image:width\" content=\"800\" \/>\n\t\t<meta property=\"og:image:height\" content=\"533\" \/>\n\t\t<meta property=\"article:published_time\" content=\"2015-12-16T13:46:21+00:00\" \/>\n\t\t<meta property=\"article:modified_time\" content=\"2015-12-16T13:46:21+00:00\" \/>\n\t\t<meta name=\"twitter:card\" content=\"summary_large_image\" \/>\n\t\t<meta name=\"twitter:title\" content=\"El Tribunal de Estrasburgo inadmite el recurso de las v\u00edctimas del accidente de Spanair | El Digital de Asturias\" \/>\n\t\t<meta name=\"twitter:description\" content=\"El Tribunal de Derechos Humanos de Estrasburgo (TEDH) ha inadmitido la demanda de la Asociaci\u00f3n de Afectados del Vuelo JK5022 en la que denunciaba las &quot;infracciones&quot; contra el Convenio Europeo de Derechos Humanos por parte de la Justicia espa\u00f1ola tras la tragedia del accidente de Spanair, en la que fallecieron 154 personas y 18 sobrevivieron.\" \/>\n\t\t<meta name=\"twitter:image\" content=\"https:\/\/eldigitaldeasturias.com\/magazine365\/wp-content\/uploads\/2015\/12\/fotonoticia_20151216122548_800.jpg\" \/>\n\t\t<script type=\"application\/ld+json\" class=\"aioseo-schema\">\n\t\t\t{\"@context\":\"https:\\\/\\\/schema.org\",\"@graph\":[{\"@type\":\"Article\",\"@id\":\"https:\\\/\\\/eldigitaldeasturias.com\\\/magazine365\\\/el-tribunal-de-estrasburgo-inadmite-el-recurso-de-las-victimas-del-accidente-de-spanair\\\/#article\",\"name\":\"El Tribunal de Estrasburgo inadmite el recurso de las v\\u00edctimas del accidente de Spanair | El Digital de Asturias\",\"headline\":\"El Tribunal de Estrasburgo inadmite el recurso de las v\\u00edctimas del accidente de Spanair\",\"author\":{\"@id\":\"https:\\\/\\\/eldigitaldeasturias.com\\\/magazine365\\\/author\\\/admin\\\/#author\"},\"publisher\":{\"@id\":\"https:\\\/\\\/eldigitaldeasturias.com\\\/magazine365\\\/#organization\"},\"image\":{\"@type\":\"ImageObject\",\"url\":\"https:\\\/\\\/eldigitaldeasturias.com\\\/magazine365\\\/wp-content\\\/uploads\\\/2015\\\/12\\\/fotonoticia_20151216122548_800.jpg\",\"width\":800,\"height\":533},\"datePublished\":\"2015-12-16T14:46:21+01:00\",\"dateModified\":\"2015-12-16T14:46:21+01:00\",\"inLanguage\":\"es-ES\",\"mainEntityOfPage\":{\"@id\":\"https:\\\/\\\/eldigitaldeasturias.com\\\/magazine365\\\/el-tribunal-de-estrasburgo-inadmite-el-recurso-de-las-victimas-del-accidente-de-spanair\\\/#webpage\"},\"isPartOf\":{\"@id\":\"https:\\\/\\\/eldigitaldeasturias.com\\\/magazine365\\\/el-tribunal-de-estrasburgo-inadmite-el-recurso-de-las-victimas-del-accidente-de-spanair\\\/#webpage\"},\"articleSection\":\"Noticias y Actualidad\"},{\"@type\":\"BreadcrumbList\",\"@id\":\"https:\\\/\\\/eldigitaldeasturias.com\\\/magazine365\\\/el-tribunal-de-estrasburgo-inadmite-el-recurso-de-las-victimas-del-accidente-de-spanair\\\/#breadcrumblist\",\"itemListElement\":[{\"@type\":\"ListItem\",\"@id\":\"https:\\\/\\\/eldigitaldeasturias.com\\\/magazine365#listItem\",\"position\":1,\"name\":\"Home\",\"item\":\"https:\\\/\\\/eldigitaldeasturias.com\\\/magazine365\",\"nextItem\":{\"@type\":\"ListItem\",\"@id\":\"https:\\\/\\\/eldigitaldeasturias.com\\\/magazine365\\\/category\\\/noticias-actualidad\\\/#listItem\",\"name\":\"Noticias y Actualidad\"}},{\"@type\":\"ListItem\",\"@id\":\"https:\\\/\\\/eldigitaldeasturias.com\\\/magazine365\\\/category\\\/noticias-actualidad\\\/#listItem\",\"position\":2,\"name\":\"Noticias y Actualidad\",\"item\":\"https:\\\/\\\/eldigitaldeasturias.com\\\/magazine365\\\/category\\\/noticias-actualidad\\\/\",\"nextItem\":{\"@type\":\"ListItem\",\"@id\":\"https:\\\/\\\/eldigitaldeasturias.com\\\/magazine365\\\/el-tribunal-de-estrasburgo-inadmite-el-recurso-de-las-victimas-del-accidente-de-spanair\\\/#listItem\",\"name\":\"El Tribunal de Estrasburgo inadmite el recurso de las v\\u00edctimas del accidente de Spanair\"},\"previousItem\":{\"@type\":\"ListItem\",\"@id\":\"https:\\\/\\\/eldigitaldeasturias.com\\\/magazine365#listItem\",\"name\":\"Home\"}},{\"@type\":\"ListItem\",\"@id\":\"https:\\\/\\\/eldigitaldeasturias.com\\\/magazine365\\\/el-tribunal-de-estrasburgo-inadmite-el-recurso-de-las-victimas-del-accidente-de-spanair\\\/#listItem\",\"position\":3,\"name\":\"El Tribunal de Estrasburgo inadmite el recurso de las v\\u00edctimas del accidente de Spanair\",\"previousItem\":{\"@type\":\"ListItem\",\"@id\":\"https:\\\/\\\/eldigitaldeasturias.com\\\/magazine365\\\/category\\\/noticias-actualidad\\\/#listItem\",\"name\":\"Noticias y Actualidad\"}}]},{\"@type\":\"Organization\",\"@id\":\"https:\\\/\\\/eldigitaldeasturias.com\\\/magazine365\\\/#organization\",\"name\":\"El digital de Asturias\",\"description\":\"Revista de ocio, turismo y estilo de vida\",\"url\":\"https:\\\/\\\/eldigitaldeasturias.com\\\/magazine365\\\/\",\"logo\":{\"@type\":\"ImageObject\",\"url\":\"https:\\\/\\\/www.eldigitaldeasturias.com\\\/noticias\\\/wp-content\\\/uploads\\\/2020\\\/12\\\/EDA.jpg\",\"@id\":\"https:\\\/\\\/eldigitaldeasturias.com\\\/magazine365\\\/el-tribunal-de-estrasburgo-inadmite-el-recurso-de-las-victimas-del-accidente-de-spanair\\\/#organizationLogo\"},\"image\":{\"@id\":\"https:\\\/\\\/eldigitaldeasturias.com\\\/magazine365\\\/el-tribunal-de-estrasburgo-inadmite-el-recurso-de-las-victimas-del-accidente-de-spanair\\\/#organizationLogo\"}},{\"@type\":\"Person\",\"@id\":\"https:\\\/\\\/eldigitaldeasturias.com\\\/magazine365\\\/author\\\/admin\\\/#author\",\"url\":\"https:\\\/\\\/eldigitaldeasturias.com\\\/magazine365\\\/author\\\/admin\\\/\",\"name\":\"admin\",\"image\":{\"@type\":\"ImageObject\",\"@id\":\"https:\\\/\\\/eldigitaldeasturias.com\\\/magazine365\\\/el-tribunal-de-estrasburgo-inadmite-el-recurso-de-las-victimas-del-accidente-de-spanair\\\/#authorImage\",\"url\":\"https:\\\/\\\/eldigitaldeasturias.com\\\/magazine365\\\/wp-content\\\/litespeed\\\/avatar\\\/e571bcf59a0edd6fa6838245a470f2fe.jpg?ver=1777574230\",\"width\":96,\"height\":96,\"caption\":\"admin\"}},{\"@type\":\"WebPage\",\"@id\":\"https:\\\/\\\/eldigitaldeasturias.com\\\/magazine365\\\/el-tribunal-de-estrasburgo-inadmite-el-recurso-de-las-victimas-del-accidente-de-spanair\\\/#webpage\",\"url\":\"https:\\\/\\\/eldigitaldeasturias.com\\\/magazine365\\\/el-tribunal-de-estrasburgo-inadmite-el-recurso-de-las-victimas-del-accidente-de-spanair\\\/\",\"name\":\"El Tribunal de Estrasburgo inadmite el recurso de las v\\u00edctimas del accidente de Spanair | El Digital de Asturias\",\"description\":\"El Tribunal de Derechos Humanos de Estrasburgo (TEDH) ha inadmitido la demanda de la Asociaci\\u00f3n de Afectados del Vuelo JK5022 en la que denunciaba las \\\"infracciones\\\" contra el Convenio Europeo de Derechos Humanos por parte de la Justicia espa\\u00f1ola tras la tragedia del accidente de Spanair, en la que fallecieron 154 personas y 18 sobrevivieron.\",\"inLanguage\":\"es-ES\",\"isPartOf\":{\"@id\":\"https:\\\/\\\/eldigitaldeasturias.com\\\/magazine365\\\/#website\"},\"breadcrumb\":{\"@id\":\"https:\\\/\\\/eldigitaldeasturias.com\\\/magazine365\\\/el-tribunal-de-estrasburgo-inadmite-el-recurso-de-las-victimas-del-accidente-de-spanair\\\/#breadcrumblist\"},\"author\":{\"@id\":\"https:\\\/\\\/eldigitaldeasturias.com\\\/magazine365\\\/author\\\/admin\\\/#author\"},\"creator\":{\"@id\":\"https:\\\/\\\/eldigitaldeasturias.com\\\/magazine365\\\/author\\\/admin\\\/#author\"},\"image\":{\"@type\":\"ImageObject\",\"url\":\"https:\\\/\\\/eldigitaldeasturias.com\\\/magazine365\\\/wp-content\\\/uploads\\\/2015\\\/12\\\/fotonoticia_20151216122548_800.jpg\",\"@id\":\"https:\\\/\\\/eldigitaldeasturias.com\\\/magazine365\\\/el-tribunal-de-estrasburgo-inadmite-el-recurso-de-las-victimas-del-accidente-de-spanair\\\/#mainImage\",\"width\":800,\"height\":533},\"primaryImageOfPage\":{\"@id\":\"https:\\\/\\\/eldigitaldeasturias.com\\\/magazine365\\\/el-tribunal-de-estrasburgo-inadmite-el-recurso-de-las-victimas-del-accidente-de-spanair\\\/#mainImage\"},\"datePublished\":\"2015-12-16T14:46:21+01:00\",\"dateModified\":\"2015-12-16T14:46:21+01:00\"},{\"@type\":\"WebSite\",\"@id\":\"https:\\\/\\\/eldigitaldeasturias.com\\\/magazine365\\\/#website\",\"url\":\"https:\\\/\\\/eldigitaldeasturias.com\\\/magazine365\\\/\",\"name\":\"El Digital de Asturias\",\"description\":\"Revista de ocio, turismo y estilo de vida\",\"inLanguage\":\"es-ES\",\"publisher\":{\"@id\":\"https:\\\/\\\/eldigitaldeasturias.com\\\/magazine365\\\/#organization\"}}]}\n\t\t<\/script>\n\t\t<!-- All in One SEO Pro -->\r\n\t\t<title>El Tribunal de Estrasburgo inadmite el recurso de las v\u00edctimas del accidente de Spanair | El Digital de Asturias<\/title>\n\n","aioseo_head_json":{"title":"El Tribunal de Estrasburgo inadmite el recurso de las v\u00edctimas del accidente de Spanair | El Digital de Asturias","description":"El Tribunal de Derechos Humanos de Estrasburgo (TEDH) ha inadmitido la demanda de la Asociaci\u00f3n de Afectados del Vuelo JK5022 en la que denunciaba las \"infracciones\" contra el Convenio Europeo de Derechos Humanos por parte de la Justicia espa\u00f1ola tras la tragedia del accidente de Spanair, en la que fallecieron 154 personas y 18 sobrevivieron.","canonical_url":"https:\/\/eldigitaldeasturias.com\/magazine365\/el-tribunal-de-estrasburgo-inadmite-el-recurso-de-las-victimas-del-accidente-de-spanair\/","robots":"max-image-preview:large","keywords":"noticias y actualidad","webmasterTools":{"google-site-verification":"UA-38556648-1","miscellaneous":""},"schema":{"@context":"https:\/\/schema.org","@graph":[{"@type":"Article","@id":"https:\/\/eldigitaldeasturias.com\/magazine365\/el-tribunal-de-estrasburgo-inadmite-el-recurso-de-las-victimas-del-accidente-de-spanair\/#article","name":"El Tribunal de Estrasburgo inadmite el recurso de las v\u00edctimas del accidente de Spanair | El Digital de Asturias","headline":"El Tribunal de Estrasburgo inadmite el recurso de las v\u00edctimas del accidente de Spanair","author":{"@id":"https:\/\/eldigitaldeasturias.com\/magazine365\/author\/admin\/#author"},"publisher":{"@id":"https:\/\/eldigitaldeasturias.com\/magazine365\/#organization"},"image":{"@type":"ImageObject","url":"https:\/\/eldigitaldeasturias.com\/magazine365\/wp-content\/uploads\/2015\/12\/fotonoticia_20151216122548_800.jpg","width":800,"height":533},"datePublished":"2015-12-16T14:46:21+01:00","dateModified":"2015-12-16T14:46:21+01:00","inLanguage":"es-ES","mainEntityOfPage":{"@id":"https:\/\/eldigitaldeasturias.com\/magazine365\/el-tribunal-de-estrasburgo-inadmite-el-recurso-de-las-victimas-del-accidente-de-spanair\/#webpage"},"isPartOf":{"@id":"https:\/\/eldigitaldeasturias.com\/magazine365\/el-tribunal-de-estrasburgo-inadmite-el-recurso-de-las-victimas-del-accidente-de-spanair\/#webpage"},"articleSection":"Noticias y Actualidad"},{"@type":"BreadcrumbList","@id":"https:\/\/eldigitaldeasturias.com\/magazine365\/el-tribunal-de-estrasburgo-inadmite-el-recurso-de-las-victimas-del-accidente-de-spanair\/#breadcrumblist","itemListElement":[{"@type":"ListItem","@id":"https:\/\/eldigitaldeasturias.com\/magazine365#listItem","position":1,"name":"Home","item":"https:\/\/eldigitaldeasturias.com\/magazine365","nextItem":{"@type":"ListItem","@id":"https:\/\/eldigitaldeasturias.com\/magazine365\/category\/noticias-actualidad\/#listItem","name":"Noticias y Actualidad"}},{"@type":"ListItem","@id":"https:\/\/eldigitaldeasturias.com\/magazine365\/category\/noticias-actualidad\/#listItem","position":2,"name":"Noticias y Actualidad","item":"https:\/\/eldigitaldeasturias.com\/magazine365\/category\/noticias-actualidad\/","nextItem":{"@type":"ListItem","@id":"https:\/\/eldigitaldeasturias.com\/magazine365\/el-tribunal-de-estrasburgo-inadmite-el-recurso-de-las-victimas-del-accidente-de-spanair\/#listItem","name":"El Tribunal de Estrasburgo inadmite el recurso de las v\u00edctimas del accidente de Spanair"},"previousItem":{"@type":"ListItem","@id":"https:\/\/eldigitaldeasturias.com\/magazine365#listItem","name":"Home"}},{"@type":"ListItem","@id":"https:\/\/eldigitaldeasturias.com\/magazine365\/el-tribunal-de-estrasburgo-inadmite-el-recurso-de-las-victimas-del-accidente-de-spanair\/#listItem","position":3,"name":"El Tribunal de Estrasburgo inadmite el recurso de las v\u00edctimas del accidente de Spanair","previousItem":{"@type":"ListItem","@id":"https:\/\/eldigitaldeasturias.com\/magazine365\/category\/noticias-actualidad\/#listItem","name":"Noticias y Actualidad"}}]},{"@type":"Organization","@id":"https:\/\/eldigitaldeasturias.com\/magazine365\/#organization","name":"El digital de Asturias","description":"Revista de ocio, turismo y estilo de vida","url":"https:\/\/eldigitaldeasturias.com\/magazine365\/","logo":{"@type":"ImageObject","url":"https:\/\/www.eldigitaldeasturias.com\/noticias\/wp-content\/uploads\/2020\/12\/EDA.jpg","@id":"https:\/\/eldigitaldeasturias.com\/magazine365\/el-tribunal-de-estrasburgo-inadmite-el-recurso-de-las-victimas-del-accidente-de-spanair\/#organizationLogo"},"image":{"@id":"https:\/\/eldigitaldeasturias.com\/magazine365\/el-tribunal-de-estrasburgo-inadmite-el-recurso-de-las-victimas-del-accidente-de-spanair\/#organizationLogo"}},{"@type":"Person","@id":"https:\/\/eldigitaldeasturias.com\/magazine365\/author\/admin\/#author","url":"https:\/\/eldigitaldeasturias.com\/magazine365\/author\/admin\/","name":"admin","image":{"@type":"ImageObject","@id":"https:\/\/eldigitaldeasturias.com\/magazine365\/el-tribunal-de-estrasburgo-inadmite-el-recurso-de-las-victimas-del-accidente-de-spanair\/#authorImage","url":"https:\/\/eldigitaldeasturias.com\/magazine365\/wp-content\/litespeed\/avatar\/e571bcf59a0edd6fa6838245a470f2fe.jpg?ver=1777574230","width":96,"height":96,"caption":"admin"}},{"@type":"WebPage","@id":"https:\/\/eldigitaldeasturias.com\/magazine365\/el-tribunal-de-estrasburgo-inadmite-el-recurso-de-las-victimas-del-accidente-de-spanair\/#webpage","url":"https:\/\/eldigitaldeasturias.com\/magazine365\/el-tribunal-de-estrasburgo-inadmite-el-recurso-de-las-victimas-del-accidente-de-spanair\/","name":"El Tribunal de Estrasburgo inadmite el recurso de las v\u00edctimas del accidente de Spanair | El Digital de Asturias","description":"El Tribunal de Derechos Humanos de Estrasburgo (TEDH) ha inadmitido la demanda de la Asociaci\u00f3n de Afectados del Vuelo JK5022 en la que denunciaba las \"infracciones\" contra el Convenio Europeo de Derechos Humanos por parte de la Justicia espa\u00f1ola tras la tragedia del accidente de Spanair, en la que fallecieron 154 personas y 18 sobrevivieron.","inLanguage":"es-ES","isPartOf":{"@id":"https:\/\/eldigitaldeasturias.com\/magazine365\/#website"},"breadcrumb":{"@id":"https:\/\/eldigitaldeasturias.com\/magazine365\/el-tribunal-de-estrasburgo-inadmite-el-recurso-de-las-victimas-del-accidente-de-spanair\/#breadcrumblist"},"author":{"@id":"https:\/\/eldigitaldeasturias.com\/magazine365\/author\/admin\/#author"},"creator":{"@id":"https:\/\/eldigitaldeasturias.com\/magazine365\/author\/admin\/#author"},"image":{"@type":"ImageObject","url":"https:\/\/eldigitaldeasturias.com\/magazine365\/wp-content\/uploads\/2015\/12\/fotonoticia_20151216122548_800.jpg","@id":"https:\/\/eldigitaldeasturias.com\/magazine365\/el-tribunal-de-estrasburgo-inadmite-el-recurso-de-las-victimas-del-accidente-de-spanair\/#mainImage","width":800,"height":533},"primaryImageOfPage":{"@id":"https:\/\/eldigitaldeasturias.com\/magazine365\/el-tribunal-de-estrasburgo-inadmite-el-recurso-de-las-victimas-del-accidente-de-spanair\/#mainImage"},"datePublished":"2015-12-16T14:46:21+01:00","dateModified":"2015-12-16T14:46:21+01:00"},{"@type":"WebSite","@id":"https:\/\/eldigitaldeasturias.com\/magazine365\/#website","url":"https:\/\/eldigitaldeasturias.com\/magazine365\/","name":"El Digital de Asturias","description":"Revista de ocio, turismo y estilo de vida","inLanguage":"es-ES","publisher":{"@id":"https:\/\/eldigitaldeasturias.com\/magazine365\/#organization"}}]},"og:locale":"es_ES","og:site_name":"El Digital de Asturias \u2013 Revista de ocio, turismo y estilo de vida","og:type":"article","og:title":"El Tribunal de Estrasburgo inadmite el recurso de las v\u00edctimas del accidente de Spanair | El Digital de Asturias","og:description":"El Tribunal de Derechos Humanos de Estrasburgo (TEDH) ha inadmitido la demanda de la Asociaci\u00f3n de Afectados del Vuelo JK5022 en la que denunciaba las &quot;infracciones&quot; contra el Convenio Europeo de Derechos Humanos por parte de la Justicia espa\u00f1ola tras la tragedia del accidente de Spanair, en la que fallecieron 154 personas y 18 sobrevivieron.","og:url":"https:\/\/eldigitaldeasturias.com\/magazine365\/el-tribunal-de-estrasburgo-inadmite-el-recurso-de-las-victimas-del-accidente-de-spanair\/","og:image":"https:\/\/eldigitaldeasturias.com\/magazine365\/wp-content\/uploads\/2015\/12\/fotonoticia_20151216122548_800.jpg","og:image:secure_url":"https:\/\/eldigitaldeasturias.com\/magazine365\/wp-content\/uploads\/2015\/12\/fotonoticia_20151216122548_800.jpg","og:image:width":800,"og:image:height":533,"article:published_time":"2015-12-16T13:46:21+00:00","article:modified_time":"2015-12-16T13:46:21+00:00","twitter:card":"summary_large_image","twitter:title":"El Tribunal de Estrasburgo inadmite el recurso de las v\u00edctimas del accidente de Spanair | El Digital de Asturias","twitter:description":"El Tribunal de Derechos Humanos de Estrasburgo (TEDH) ha inadmitido la demanda de la Asociaci\u00f3n de Afectados del Vuelo JK5022 en la que denunciaba las &quot;infracciones&quot; contra el Convenio Europeo de Derechos Humanos por parte de la Justicia espa\u00f1ola tras la tragedia del accidente de Spanair, en la que fallecieron 154 personas y 18 sobrevivieron.","twitter:image":"https:\/\/eldigitaldeasturias.com\/magazine365\/wp-content\/uploads\/2015\/12\/fotonoticia_20151216122548_800.jpg"},"aioseo_meta_data":{"post_id":"58627","title":null,"description":null,"keywords":null,"keyphrases":null,"primary_term":null,"canonical_url":null,"og_title":null,"og_description":null,"og_object_type":"default","og_image_type":"default","og_image_url":null,"og_image_width":null,"og_image_height":null,"og_image_custom_url":null,"og_image_custom_fields":null,"og_video":null,"og_custom_url":null,"og_article_section":null,"og_article_tags":null,"twitter_use_og":false,"twitter_card":"default","twitter_image_type":"default","twitter_image_url":null,"twitter_image_custom_url":null,"twitter_image_custom_fields":null,"twitter_title":null,"twitter_description":null,"schema":{"blockGraphs":[],"customGraphs":[],"default":{"data":{"Article":[],"Course":[],"Dataset":[],"FAQPage":[],"Movie":[],"Person":[],"Product":[],"ProductReview":[],"Car":[],"Recipe":[],"Service":[],"SoftwareApplication":[],"WebPage":[]},"graphName":"","isEnabled":true},"graphs":[]},"schema_type":null,"schema_type_options":null,"pillar_content":false,"robots_default":true,"robots_noindex":false,"robots_noarchive":false,"robots_nosnippet":false,"robots_nofollow":false,"robots_noimageindex":false,"robots_noodp":false,"robots_notranslate":false,"robots_max_snippet":null,"robots_max_videopreview":null,"robots_max_imagepreview":"large","priority":null,"frequency":null,"location":null,"local_seo":null,"seo_analyzer_scan_date":"2025-09-25 03:21:22","breadcrumb_settings":null,"limit_modified_date":false,"open_ai":null,"ai":null,"created":"2021-03-08 22:26:51","updated":"2025-09-25 03:21:22"},"aioseo_breadcrumb":"<div class=\"aioseo-breadcrumbs\"><span class=\"aioseo-breadcrumb\">\n\t<a href=\"https:\/\/eldigitaldeasturias.com\/magazine365\" title=\"Home\">Home<\/a>\n<\/span><span class=\"aioseo-breadcrumb-separator\">\u2013<\/span><span class=\"aioseo-breadcrumb\">\n\t<a href=\"https:\/\/eldigitaldeasturias.com\/magazine365\/category\/noticias-actualidad\/\" title=\"Noticias y Actualidad\">Noticias y Actualidad<\/a>\n<\/span><span class=\"aioseo-breadcrumb-separator\">\u2013<\/span><span class=\"aioseo-breadcrumb\">\n\t<a href=\"https:\/\/eldigitaldeasturias.com\/magazine365\/el-tribunal-de-estrasburgo-inadmite-el-recurso-de-las-victimas-del-accidente-de-spanair\/\" title=\"El Tribunal de Estrasburgo inadmite el recurso de las v\u00edctimas del accidente de Spanair\">El Tribunal de Estrasburgo inadmite el recurso de las v\u00edctimas del accidente de Spanair<\/a>\n<\/span><\/div>","aioseo_breadcrumb_json":[{"label":"Home","link":"https:\/\/eldigitaldeasturias.com\/magazine365"},{"label":"Noticias y Actualidad","link":"https:\/\/eldigitaldeasturias.com\/magazine365\/category\/noticias-actualidad\/"},{"label":"El Tribunal de Estrasburgo inadmite el recurso de las v\u00edctimas del accidente de Spanair","link":"https:\/\/eldigitaldeasturias.com\/magazine365\/el-tribunal-de-estrasburgo-inadmite-el-recurso-de-las-victimas-del-accidente-de-spanair\/"}],"_links":{"self":[{"href":"https:\/\/eldigitaldeasturias.com\/magazine365\/wp-json\/wp\/v2\/posts\/58627","targetHints":{"allow":["GET"]}}],"collection":[{"href":"https:\/\/eldigitaldeasturias.com\/magazine365\/wp-json\/wp\/v2\/posts"}],"about":[{"href":"https:\/\/eldigitaldeasturias.com\/magazine365\/wp-json\/wp\/v2\/types\/post"}],"author":[{"embeddable":true,"href":"https:\/\/eldigitaldeasturias.com\/magazine365\/wp-json\/wp\/v2\/users\/1"}],"replies":[{"embeddable":true,"href":"https:\/\/eldigitaldeasturias.com\/magazine365\/wp-json\/wp\/v2\/comments?post=58627"}],"version-history":[{"count":0,"href":"https:\/\/eldigitaldeasturias.com\/magazine365\/wp-json\/wp\/v2\/posts\/58627\/revisions"}],"wp:featuredmedia":[{"embeddable":true,"href":"https:\/\/eldigitaldeasturias.com\/magazine365\/wp-json\/wp\/v2\/media\/58628"}],"wp:attachment":[{"href":"https:\/\/eldigitaldeasturias.com\/magazine365\/wp-json\/wp\/v2\/media?parent=58627"}],"wp:term":[{"taxonomy":"category","embeddable":true,"href":"https:\/\/eldigitaldeasturias.com\/magazine365\/wp-json\/wp\/v2\/categories?post=58627"},{"taxonomy":"post_tag","embeddable":true,"href":"https:\/\/eldigitaldeasturias.com\/magazine365\/wp-json\/wp\/v2\/tags?post=58627"}],"curies":[{"name":"wp","href":"https:\/\/api.w.org\/{rel}","templated":true}]}}