{"id":58624,"date":"2015-12-16T14:45:30","date_gmt":"2015-12-16T13:45:30","guid":{"rendered":"http:\/\/eldigitaldeasturias.com\/magazine365\/?p=58624"},"modified":"2015-12-16T14:45:30","modified_gmt":"2015-12-16T13:45:30","slug":"indra-moderniza-los-sistemas-de-gestion-de-trafico-aereo-de-belice-por-mas-de-37-millones","status":"publish","type":"post","link":"https:\/\/eldigitaldeasturias.com\/magazine365\/indra-moderniza-los-sistemas-de-gestion-de-trafico-aereo-de-belice-por-mas-de-37-millones\/","title":{"rendered":"Indra moderniza los sistemas de gesti\u00f3n de tr\u00e1fico a\u00e9reo de Belice por m\u00e1s de 3,7 millones"},"content":{"rendered":"<p><img fetchpriority=\"high\" decoding=\"async\" class=\"alignleft size-medium wp-image-58625\" src=\"https:\/\/eldigitaldeasturias.com\/magazine365\/wp-content\/uploads\/2015\/12\/fotonoticia_20151216114207_800-360x240.jpg\" alt=\"fotonoticia_20151216114207_800\" width=\"360\" height=\"240\" srcset=\"https:\/\/eldigitaldeasturias.com\/magazine365\/wp-content\/uploads\/2015\/12\/fotonoticia_20151216114207_800-360x240.jpg 360w, https:\/\/eldigitaldeasturias.com\/magazine365\/wp-content\/uploads\/2015\/12\/fotonoticia_20151216114207_800-650x433.jpg 650w, https:\/\/eldigitaldeasturias.com\/magazine365\/wp-content\/uploads\/2015\/12\/fotonoticia_20151216114207_800-768x512.jpg 768w, https:\/\/eldigitaldeasturias.com\/magazine365\/wp-content\/uploads\/2015\/12\/fotonoticia_20151216114207_800-150x100.jpg 150w, https:\/\/eldigitaldeasturias.com\/magazine365\/wp-content\/uploads\/2015\/12\/fotonoticia_20151216114207_800-450x300.jpg 450w, https:\/\/eldigitaldeasturias.com\/magazine365\/wp-content\/uploads\/2015\/12\/fotonoticia_20151216114207_800-696x464.jpg 696w, https:\/\/eldigitaldeasturias.com\/magazine365\/wp-content\/uploads\/2015\/12\/fotonoticia_20151216114207_800-630x420.jpg 630w, https:\/\/eldigitaldeasturias.com\/magazine365\/wp-content\/uploads\/2015\/12\/fotonoticia_20151216114207_800-84x55.jpg 84w, https:\/\/eldigitaldeasturias.com\/magazine365\/wp-content\/uploads\/2015\/12\/fotonoticia_20151216114207_800.jpg 800w\" sizes=\"(max-width: 360px) 100vw, 360px\" \/>Indra ha cerrado un contrato por m\u00e1s de cuatro millones de d\u00f3lares (3,7 millones de euros) con la Corporaci\u00f3n Centroamericana de Servicios de Navegaci\u00f3n A\u00e9rea (Cocesna) para modernizar el centro de control de aproximaci\u00f3n y la torre del aeropuerto internacional Philip Goldson de Belice y renovar su radar de vigilancia, seg\u00fan inform\u00f3 la empresa en un comunicado.<\/p>\n<p>En concreto, la modernizaci\u00f3n de los sistemas incluye la implantaci\u00f3n de un avanzado centro de informaci\u00f3n de vuelo, que gestiona el flujo de tr\u00e1fico en todos los aeropuertos del pa\u00eds, as\u00ed como la instalaci\u00f3n de sistemas de mensajer\u00eda a pilotos (AFTN\/AIM) y sistemas de grabaci\u00f3n de voz anal\u00f3gicos y digitales.<\/p>\n<p>Indra remarca que el centro de control contar\u00e1 con funcionalidades avanzadas de Billing, lo que facilitar\u00e1 la facturaci\u00f3n de los servicios prestados por Aviaci\u00f3n Civil de Belice a las aerol\u00edneas. Adem\u00e1s, dotar\u00e1 las posiciones de controlador a\u00e9reo con un sistema de fichas electr\u00f3nicas de vuelo, que sustituye a las tradicionales fichas de papel.<\/p>\n<p>Asimismo, el centro operar\u00e1 a partir de ahora con el nuevo protocolo NAM3, que mejora la interoperabilidad y la coordinaci\u00f3n con otros centros de control de la regi\u00f3n. \u00abSe trata de una mejora que la compa\u00f1\u00eda est\u00e1 implementando en todos los centros de Cocesna y que los situar\u00e1 entre los primeros del continente en disponer de ella\u00bb, subraya la empresa espa\u00f1ola.<\/p>\n<p>Por otro lado, para reforzar la vigilancia del tr\u00e1fico a\u00e9reo, Indra dotar\u00e1 la estaci\u00f3n radar con Modo S con receptor digital, lo que permitir\u00e1 al centro de control disponer de informaci\u00f3n \u00abm\u00e1s precisa\u00bb para gestionar un mayor volumen de vuelos \u00abcon los niveles de seguridad m\u00e1s elevados\u00bb.<\/p>\n<p>Indra a\u00f1ade que ha logrado este nuevo contrato despu\u00e9s de que Cocesna le adjudicase recientemente la modernizaci\u00f3n de los principales centros y torres de control de Costa Rica por m\u00e1s de 12 millones de d\u00f3lares (11 millones de euros).<\/p>\n<p>En este sentido, asegura que mantiene \u00abuna larga relaci\u00f3n de colaboraci\u00f3n\u00bb con este organismo y destaca que, en la actualidad, todo el espacio a\u00e9reo superior de Centroam\u00e9rica se gestiona con su tecnolog\u00eda. Asimismo, resalta que los pa\u00edses que forman parte de la corporaci\u00f3n tambi\u00e9n han confiado en la tecnolog\u00eda de la compa\u00f1\u00eda para modernizar sus infraestructuras.<\/p>\n<p>En el resto de Latinoam\u00e9rica, Indra ha suministrado sistemas a pa\u00edses como Argentina, Bahamas, Brasil, Chile, Colombia, Ecuador, Paraguay, Per\u00fa, o Uruguay, siendo el principal fabricante de sistemas ATM en la regi\u00f3n.<\/p>\n","protected":false},"excerpt":{"rendered":"<p>Indra ha cerrado un contrato por m\u00e1s de cuatro millones de d\u00f3lares (3,7 millones de euros) con la Corporaci\u00f3n Centroamericana de Servicios de Navegaci\u00f3n A\u00e9rea (Cocesna) para modernizar el centro de control de aproximaci\u00f3n y la torre del aeropuerto internacional Philip Goldson de Belice y renovar su radar de vigilancia, seg\u00fan inform\u00f3 la empresa en<\/p>\n","protected":false},"author":1,"featured_media":58625,"comment_status":"open","ping_status":"closed","sticky":false,"template":"","format":"standard","meta":{"footnotes":""},"categories":[224],"tags":[],"class_list":{"0":"post-58624","1":"post","2":"type-post","3":"status-publish","4":"format-standard","5":"has-post-thumbnail","7":"category-noticias-actualidad"},"aioseo_notices":[],"aioseo_head":"\n\t\t<!-- All in One SEO Pro 4.9.6.1 - aioseo.com -->\n\t<meta name=\"description\" content=\"Indra ha cerrado un contrato por m\u00e1s de cuatro millones de d\u00f3lares (3,7 millones de euros) con la Corporaci\u00f3n Centroamericana de Servicios de Navegaci\u00f3n A\u00e9rea (Cocesna) para modernizar el centro de control de aproximaci\u00f3n y la torre del aeropuerto internacional Philip Goldson de Belice y renovar su radar de vigilancia, seg\u00fan inform\u00f3 la empresa en\" \/>\n\t<meta name=\"robots\" content=\"max-image-preview:large\" \/>\n\t<meta name=\"author\" content=\"admin\"\/>\n\t<meta name=\"google-site-verification\" content=\"UA-38556648-1\" \/>\n\t<meta name=\"keywords\" content=\"noticias y actualidad\" \/>\n\t<link rel=\"canonical\" href=\"https:\/\/eldigitaldeasturias.com\/magazine365\/indra-moderniza-los-sistemas-de-gestion-de-trafico-aereo-de-belice-por-mas-de-37-millones\/\" \/>\n\t<meta name=\"generator\" content=\"All in One SEO Pro (AIOSEO) 4.9.6.1\" \/>\n\t\t<meta property=\"og:locale\" content=\"es_ES\" \/>\n\t\t<meta property=\"og:site_name\" content=\"El Digital de Asturias \u2013 Revista de ocio, turismo y estilo de vida\" \/>\n\t\t<meta property=\"og:type\" content=\"article\" \/>\n\t\t<meta property=\"og:title\" content=\"Indra moderniza los sistemas de gesti\u00f3n de tr\u00e1fico a\u00e9reo de Belice por m\u00e1s de 3,7 millones | El Digital de Asturias\" \/>\n\t\t<meta property=\"og:description\" content=\"Indra ha cerrado un contrato por m\u00e1s de cuatro millones de d\u00f3lares (3,7 millones de euros) con la Corporaci\u00f3n Centroamericana de Servicios de Navegaci\u00f3n A\u00e9rea (Cocesna) para modernizar el centro de control de aproximaci\u00f3n y la torre del aeropuerto internacional Philip Goldson de Belice y renovar su radar de vigilancia, seg\u00fan inform\u00f3 la empresa en\" \/>\n\t\t<meta property=\"og:url\" content=\"https:\/\/eldigitaldeasturias.com\/magazine365\/indra-moderniza-los-sistemas-de-gestion-de-trafico-aereo-de-belice-por-mas-de-37-millones\/\" \/>\n\t\t<meta property=\"og:image\" content=\"https:\/\/eldigitaldeasturias.com\/magazine365\/wp-content\/uploads\/2015\/12\/fotonoticia_20151216114207_800.jpg\" \/>\n\t\t<meta property=\"og:image:secure_url\" content=\"https:\/\/eldigitaldeasturias.com\/magazine365\/wp-content\/uploads\/2015\/12\/fotonoticia_20151216114207_800.jpg\" \/>\n\t\t<meta property=\"og:image:width\" content=\"800\" \/>\n\t\t<meta property=\"og:image:height\" content=\"533\" \/>\n\t\t<meta property=\"article:published_time\" content=\"2015-12-16T13:45:30+00:00\" \/>\n\t\t<meta property=\"article:modified_time\" content=\"2015-12-16T13:45:30+00:00\" \/>\n\t\t<meta name=\"twitter:card\" content=\"summary_large_image\" \/>\n\t\t<meta name=\"twitter:title\" content=\"Indra moderniza los sistemas de gesti\u00f3n de tr\u00e1fico a\u00e9reo de Belice por m\u00e1s de 3,7 millones | El Digital de Asturias\" \/>\n\t\t<meta name=\"twitter:description\" content=\"Indra ha cerrado un contrato por m\u00e1s de cuatro millones de d\u00f3lares (3,7 millones de euros) con la Corporaci\u00f3n Centroamericana de Servicios de Navegaci\u00f3n A\u00e9rea (Cocesna) para modernizar el centro de control de aproximaci\u00f3n y la torre del aeropuerto internacional Philip Goldson de Belice y renovar su radar de vigilancia, seg\u00fan inform\u00f3 la empresa en\" \/>\n\t\t<meta name=\"twitter:image\" content=\"https:\/\/eldigitaldeasturias.com\/magazine365\/wp-content\/uploads\/2015\/12\/fotonoticia_20151216114207_800.jpg\" \/>\n\t\t<script type=\"application\/ld+json\" class=\"aioseo-schema\">\n\t\t\t{\"@context\":\"https:\\\/\\\/schema.org\",\"@graph\":[{\"@type\":\"Article\",\"@id\":\"https:\\\/\\\/eldigitaldeasturias.com\\\/magazine365\\\/indra-moderniza-los-sistemas-de-gestion-de-trafico-aereo-de-belice-por-mas-de-37-millones\\\/#article\",\"name\":\"Indra moderniza los sistemas de gesti\\u00f3n de tr\\u00e1fico a\\u00e9reo de Belice por m\\u00e1s de 3,7 millones | El Digital de Asturias\",\"headline\":\"Indra moderniza los sistemas de gesti\\u00f3n de tr\\u00e1fico a\\u00e9reo de Belice por m\\u00e1s de 3,7 millones\",\"author\":{\"@id\":\"https:\\\/\\\/eldigitaldeasturias.com\\\/magazine365\\\/author\\\/admin\\\/#author\"},\"publisher\":{\"@id\":\"https:\\\/\\\/eldigitaldeasturias.com\\\/magazine365\\\/#organization\"},\"image\":{\"@type\":\"ImageObject\",\"url\":\"https:\\\/\\\/eldigitaldeasturias.com\\\/magazine365\\\/wp-content\\\/uploads\\\/2015\\\/12\\\/fotonoticia_20151216114207_800.jpg\",\"width\":800,\"height\":533},\"datePublished\":\"2015-12-16T14:45:30+01:00\",\"dateModified\":\"2015-12-16T14:45:30+01:00\",\"inLanguage\":\"es-ES\",\"mainEntityOfPage\":{\"@id\":\"https:\\\/\\\/eldigitaldeasturias.com\\\/magazine365\\\/indra-moderniza-los-sistemas-de-gestion-de-trafico-aereo-de-belice-por-mas-de-37-millones\\\/#webpage\"},\"isPartOf\":{\"@id\":\"https:\\\/\\\/eldigitaldeasturias.com\\\/magazine365\\\/indra-moderniza-los-sistemas-de-gestion-de-trafico-aereo-de-belice-por-mas-de-37-millones\\\/#webpage\"},\"articleSection\":\"Noticias y Actualidad\"},{\"@type\":\"BreadcrumbList\",\"@id\":\"https:\\\/\\\/eldigitaldeasturias.com\\\/magazine365\\\/indra-moderniza-los-sistemas-de-gestion-de-trafico-aereo-de-belice-por-mas-de-37-millones\\\/#breadcrumblist\",\"itemListElement\":[{\"@type\":\"ListItem\",\"@id\":\"https:\\\/\\\/eldigitaldeasturias.com\\\/magazine365#listItem\",\"position\":1,\"name\":\"Home\",\"item\":\"https:\\\/\\\/eldigitaldeasturias.com\\\/magazine365\",\"nextItem\":{\"@type\":\"ListItem\",\"@id\":\"https:\\\/\\\/eldigitaldeasturias.com\\\/magazine365\\\/category\\\/noticias-actualidad\\\/#listItem\",\"name\":\"Noticias y Actualidad\"}},{\"@type\":\"ListItem\",\"@id\":\"https:\\\/\\\/eldigitaldeasturias.com\\\/magazine365\\\/category\\\/noticias-actualidad\\\/#listItem\",\"position\":2,\"name\":\"Noticias y Actualidad\",\"item\":\"https:\\\/\\\/eldigitaldeasturias.com\\\/magazine365\\\/category\\\/noticias-actualidad\\\/\",\"nextItem\":{\"@type\":\"ListItem\",\"@id\":\"https:\\\/\\\/eldigitaldeasturias.com\\\/magazine365\\\/indra-moderniza-los-sistemas-de-gestion-de-trafico-aereo-de-belice-por-mas-de-37-millones\\\/#listItem\",\"name\":\"Indra moderniza los sistemas de gesti\\u00f3n de tr\\u00e1fico a\\u00e9reo de Belice por m\\u00e1s de 3,7 millones\"},\"previousItem\":{\"@type\":\"ListItem\",\"@id\":\"https:\\\/\\\/eldigitaldeasturias.com\\\/magazine365#listItem\",\"name\":\"Home\"}},{\"@type\":\"ListItem\",\"@id\":\"https:\\\/\\\/eldigitaldeasturias.com\\\/magazine365\\\/indra-moderniza-los-sistemas-de-gestion-de-trafico-aereo-de-belice-por-mas-de-37-millones\\\/#listItem\",\"position\":3,\"name\":\"Indra moderniza los sistemas de gesti\\u00f3n de tr\\u00e1fico a\\u00e9reo de Belice por m\\u00e1s de 3,7 millones\",\"previousItem\":{\"@type\":\"ListItem\",\"@id\":\"https:\\\/\\\/eldigitaldeasturias.com\\\/magazine365\\\/category\\\/noticias-actualidad\\\/#listItem\",\"name\":\"Noticias y Actualidad\"}}]},{\"@type\":\"Organization\",\"@id\":\"https:\\\/\\\/eldigitaldeasturias.com\\\/magazine365\\\/#organization\",\"name\":\"El digital de Asturias\",\"description\":\"Revista de ocio, turismo y estilo de vida\",\"url\":\"https:\\\/\\\/eldigitaldeasturias.com\\\/magazine365\\\/\",\"logo\":{\"@type\":\"ImageObject\",\"url\":\"https:\\\/\\\/www.eldigitaldeasturias.com\\\/noticias\\\/wp-content\\\/uploads\\\/2020\\\/12\\\/EDA.jpg\",\"@id\":\"https:\\\/\\\/eldigitaldeasturias.com\\\/magazine365\\\/indra-moderniza-los-sistemas-de-gestion-de-trafico-aereo-de-belice-por-mas-de-37-millones\\\/#organizationLogo\"},\"image\":{\"@id\":\"https:\\\/\\\/eldigitaldeasturias.com\\\/magazine365\\\/indra-moderniza-los-sistemas-de-gestion-de-trafico-aereo-de-belice-por-mas-de-37-millones\\\/#organizationLogo\"}},{\"@type\":\"Person\",\"@id\":\"https:\\\/\\\/eldigitaldeasturias.com\\\/magazine365\\\/author\\\/admin\\\/#author\",\"url\":\"https:\\\/\\\/eldigitaldeasturias.com\\\/magazine365\\\/author\\\/admin\\\/\",\"name\":\"admin\",\"image\":{\"@type\":\"ImageObject\",\"@id\":\"https:\\\/\\\/eldigitaldeasturias.com\\\/magazine365\\\/indra-moderniza-los-sistemas-de-gestion-de-trafico-aereo-de-belice-por-mas-de-37-millones\\\/#authorImage\",\"url\":\"https:\\\/\\\/eldigitaldeasturias.com\\\/magazine365\\\/wp-content\\\/litespeed\\\/avatar\\\/e571bcf59a0edd6fa6838245a470f2fe.jpg?ver=1777574230\",\"width\":96,\"height\":96,\"caption\":\"admin\"}},{\"@type\":\"WebPage\",\"@id\":\"https:\\\/\\\/eldigitaldeasturias.com\\\/magazine365\\\/indra-moderniza-los-sistemas-de-gestion-de-trafico-aereo-de-belice-por-mas-de-37-millones\\\/#webpage\",\"url\":\"https:\\\/\\\/eldigitaldeasturias.com\\\/magazine365\\\/indra-moderniza-los-sistemas-de-gestion-de-trafico-aereo-de-belice-por-mas-de-37-millones\\\/\",\"name\":\"Indra moderniza los sistemas de gesti\\u00f3n de tr\\u00e1fico a\\u00e9reo de Belice por m\\u00e1s de 3,7 millones | El Digital de Asturias\",\"description\":\"Indra ha cerrado un contrato por m\\u00e1s de cuatro millones de d\\u00f3lares (3,7 millones de euros) con la Corporaci\\u00f3n Centroamericana de Servicios de Navegaci\\u00f3n A\\u00e9rea (Cocesna) para modernizar el centro de control de aproximaci\\u00f3n y la torre del aeropuerto internacional Philip Goldson de Belice y renovar su radar de vigilancia, seg\\u00fan inform\\u00f3 la empresa en\",\"inLanguage\":\"es-ES\",\"isPartOf\":{\"@id\":\"https:\\\/\\\/eldigitaldeasturias.com\\\/magazine365\\\/#website\"},\"breadcrumb\":{\"@id\":\"https:\\\/\\\/eldigitaldeasturias.com\\\/magazine365\\\/indra-moderniza-los-sistemas-de-gestion-de-trafico-aereo-de-belice-por-mas-de-37-millones\\\/#breadcrumblist\"},\"author\":{\"@id\":\"https:\\\/\\\/eldigitaldeasturias.com\\\/magazine365\\\/author\\\/admin\\\/#author\"},\"creator\":{\"@id\":\"https:\\\/\\\/eldigitaldeasturias.com\\\/magazine365\\\/author\\\/admin\\\/#author\"},\"image\":{\"@type\":\"ImageObject\",\"url\":\"https:\\\/\\\/eldigitaldeasturias.com\\\/magazine365\\\/wp-content\\\/uploads\\\/2015\\\/12\\\/fotonoticia_20151216114207_800.jpg\",\"@id\":\"https:\\\/\\\/eldigitaldeasturias.com\\\/magazine365\\\/indra-moderniza-los-sistemas-de-gestion-de-trafico-aereo-de-belice-por-mas-de-37-millones\\\/#mainImage\",\"width\":800,\"height\":533},\"primaryImageOfPage\":{\"@id\":\"https:\\\/\\\/eldigitaldeasturias.com\\\/magazine365\\\/indra-moderniza-los-sistemas-de-gestion-de-trafico-aereo-de-belice-por-mas-de-37-millones\\\/#mainImage\"},\"datePublished\":\"2015-12-16T14:45:30+01:00\",\"dateModified\":\"2015-12-16T14:45:30+01:00\"},{\"@type\":\"WebSite\",\"@id\":\"https:\\\/\\\/eldigitaldeasturias.com\\\/magazine365\\\/#website\",\"url\":\"https:\\\/\\\/eldigitaldeasturias.com\\\/magazine365\\\/\",\"name\":\"El Digital de Asturias\",\"description\":\"Revista de ocio, turismo y estilo de vida\",\"inLanguage\":\"es-ES\",\"publisher\":{\"@id\":\"https:\\\/\\\/eldigitaldeasturias.com\\\/magazine365\\\/#organization\"}}]}\n\t\t<\/script>\n\t\t<!-- All in One SEO Pro -->\r\n\t\t<title>Indra moderniza los sistemas de gesti\u00f3n de tr\u00e1fico a\u00e9reo de Belice por m\u00e1s de 3,7 millones | El Digital de Asturias<\/title>\n\n","aioseo_head_json":{"title":"Indra moderniza los sistemas de gesti\u00f3n de tr\u00e1fico a\u00e9reo de Belice por m\u00e1s de 3,7 millones | El Digital de Asturias","description":"Indra ha cerrado un contrato por m\u00e1s de cuatro millones de d\u00f3lares (3,7 millones de euros) con la Corporaci\u00f3n Centroamericana de Servicios de Navegaci\u00f3n A\u00e9rea (Cocesna) para modernizar el centro de control de aproximaci\u00f3n y la torre del aeropuerto internacional Philip Goldson de Belice y renovar su radar de vigilancia, seg\u00fan inform\u00f3 la empresa en","canonical_url":"https:\/\/eldigitaldeasturias.com\/magazine365\/indra-moderniza-los-sistemas-de-gestion-de-trafico-aereo-de-belice-por-mas-de-37-millones\/","robots":"max-image-preview:large","keywords":"noticias y actualidad","webmasterTools":{"google-site-verification":"UA-38556648-1","miscellaneous":""},"schema":{"@context":"https:\/\/schema.org","@graph":[{"@type":"Article","@id":"https:\/\/eldigitaldeasturias.com\/magazine365\/indra-moderniza-los-sistemas-de-gestion-de-trafico-aereo-de-belice-por-mas-de-37-millones\/#article","name":"Indra moderniza los sistemas de gesti\u00f3n de tr\u00e1fico a\u00e9reo de Belice por m\u00e1s de 3,7 millones | El Digital de Asturias","headline":"Indra moderniza los sistemas de gesti\u00f3n de tr\u00e1fico a\u00e9reo de Belice por m\u00e1s de 3,7 millones","author":{"@id":"https:\/\/eldigitaldeasturias.com\/magazine365\/author\/admin\/#author"},"publisher":{"@id":"https:\/\/eldigitaldeasturias.com\/magazine365\/#organization"},"image":{"@type":"ImageObject","url":"https:\/\/eldigitaldeasturias.com\/magazine365\/wp-content\/uploads\/2015\/12\/fotonoticia_20151216114207_800.jpg","width":800,"height":533},"datePublished":"2015-12-16T14:45:30+01:00","dateModified":"2015-12-16T14:45:30+01:00","inLanguage":"es-ES","mainEntityOfPage":{"@id":"https:\/\/eldigitaldeasturias.com\/magazine365\/indra-moderniza-los-sistemas-de-gestion-de-trafico-aereo-de-belice-por-mas-de-37-millones\/#webpage"},"isPartOf":{"@id":"https:\/\/eldigitaldeasturias.com\/magazine365\/indra-moderniza-los-sistemas-de-gestion-de-trafico-aereo-de-belice-por-mas-de-37-millones\/#webpage"},"articleSection":"Noticias y Actualidad"},{"@type":"BreadcrumbList","@id":"https:\/\/eldigitaldeasturias.com\/magazine365\/indra-moderniza-los-sistemas-de-gestion-de-trafico-aereo-de-belice-por-mas-de-37-millones\/#breadcrumblist","itemListElement":[{"@type":"ListItem","@id":"https:\/\/eldigitaldeasturias.com\/magazine365#listItem","position":1,"name":"Home","item":"https:\/\/eldigitaldeasturias.com\/magazine365","nextItem":{"@type":"ListItem","@id":"https:\/\/eldigitaldeasturias.com\/magazine365\/category\/noticias-actualidad\/#listItem","name":"Noticias y Actualidad"}},{"@type":"ListItem","@id":"https:\/\/eldigitaldeasturias.com\/magazine365\/category\/noticias-actualidad\/#listItem","position":2,"name":"Noticias y Actualidad","item":"https:\/\/eldigitaldeasturias.com\/magazine365\/category\/noticias-actualidad\/","nextItem":{"@type":"ListItem","@id":"https:\/\/eldigitaldeasturias.com\/magazine365\/indra-moderniza-los-sistemas-de-gestion-de-trafico-aereo-de-belice-por-mas-de-37-millones\/#listItem","name":"Indra moderniza los sistemas de gesti\u00f3n de tr\u00e1fico a\u00e9reo de Belice por m\u00e1s de 3,7 millones"},"previousItem":{"@type":"ListItem","@id":"https:\/\/eldigitaldeasturias.com\/magazine365#listItem","name":"Home"}},{"@type":"ListItem","@id":"https:\/\/eldigitaldeasturias.com\/magazine365\/indra-moderniza-los-sistemas-de-gestion-de-trafico-aereo-de-belice-por-mas-de-37-millones\/#listItem","position":3,"name":"Indra moderniza los sistemas de gesti\u00f3n de tr\u00e1fico a\u00e9reo de Belice por m\u00e1s de 3,7 millones","previousItem":{"@type":"ListItem","@id":"https:\/\/eldigitaldeasturias.com\/magazine365\/category\/noticias-actualidad\/#listItem","name":"Noticias y Actualidad"}}]},{"@type":"Organization","@id":"https:\/\/eldigitaldeasturias.com\/magazine365\/#organization","name":"El digital de Asturias","description":"Revista de ocio, turismo y estilo de vida","url":"https:\/\/eldigitaldeasturias.com\/magazine365\/","logo":{"@type":"ImageObject","url":"https:\/\/www.eldigitaldeasturias.com\/noticias\/wp-content\/uploads\/2020\/12\/EDA.jpg","@id":"https:\/\/eldigitaldeasturias.com\/magazine365\/indra-moderniza-los-sistemas-de-gestion-de-trafico-aereo-de-belice-por-mas-de-37-millones\/#organizationLogo"},"image":{"@id":"https:\/\/eldigitaldeasturias.com\/magazine365\/indra-moderniza-los-sistemas-de-gestion-de-trafico-aereo-de-belice-por-mas-de-37-millones\/#organizationLogo"}},{"@type":"Person","@id":"https:\/\/eldigitaldeasturias.com\/magazine365\/author\/admin\/#author","url":"https:\/\/eldigitaldeasturias.com\/magazine365\/author\/admin\/","name":"admin","image":{"@type":"ImageObject","@id":"https:\/\/eldigitaldeasturias.com\/magazine365\/indra-moderniza-los-sistemas-de-gestion-de-trafico-aereo-de-belice-por-mas-de-37-millones\/#authorImage","url":"https:\/\/eldigitaldeasturias.com\/magazine365\/wp-content\/litespeed\/avatar\/e571bcf59a0edd6fa6838245a470f2fe.jpg?ver=1777574230","width":96,"height":96,"caption":"admin"}},{"@type":"WebPage","@id":"https:\/\/eldigitaldeasturias.com\/magazine365\/indra-moderniza-los-sistemas-de-gestion-de-trafico-aereo-de-belice-por-mas-de-37-millones\/#webpage","url":"https:\/\/eldigitaldeasturias.com\/magazine365\/indra-moderniza-los-sistemas-de-gestion-de-trafico-aereo-de-belice-por-mas-de-37-millones\/","name":"Indra moderniza los sistemas de gesti\u00f3n de tr\u00e1fico a\u00e9reo de Belice por m\u00e1s de 3,7 millones | El Digital de Asturias","description":"Indra ha cerrado un contrato por m\u00e1s de cuatro millones de d\u00f3lares (3,7 millones de euros) con la Corporaci\u00f3n Centroamericana de Servicios de Navegaci\u00f3n A\u00e9rea (Cocesna) para modernizar el centro de control de aproximaci\u00f3n y la torre del aeropuerto internacional Philip Goldson de Belice y renovar su radar de vigilancia, seg\u00fan inform\u00f3 la empresa en","inLanguage":"es-ES","isPartOf":{"@id":"https:\/\/eldigitaldeasturias.com\/magazine365\/#website"},"breadcrumb":{"@id":"https:\/\/eldigitaldeasturias.com\/magazine365\/indra-moderniza-los-sistemas-de-gestion-de-trafico-aereo-de-belice-por-mas-de-37-millones\/#breadcrumblist"},"author":{"@id":"https:\/\/eldigitaldeasturias.com\/magazine365\/author\/admin\/#author"},"creator":{"@id":"https:\/\/eldigitaldeasturias.com\/magazine365\/author\/admin\/#author"},"image":{"@type":"ImageObject","url":"https:\/\/eldigitaldeasturias.com\/magazine365\/wp-content\/uploads\/2015\/12\/fotonoticia_20151216114207_800.jpg","@id":"https:\/\/eldigitaldeasturias.com\/magazine365\/indra-moderniza-los-sistemas-de-gestion-de-trafico-aereo-de-belice-por-mas-de-37-millones\/#mainImage","width":800,"height":533},"primaryImageOfPage":{"@id":"https:\/\/eldigitaldeasturias.com\/magazine365\/indra-moderniza-los-sistemas-de-gestion-de-trafico-aereo-de-belice-por-mas-de-37-millones\/#mainImage"},"datePublished":"2015-12-16T14:45:30+01:00","dateModified":"2015-12-16T14:45:30+01:00"},{"@type":"WebSite","@id":"https:\/\/eldigitaldeasturias.com\/magazine365\/#website","url":"https:\/\/eldigitaldeasturias.com\/magazine365\/","name":"El Digital de Asturias","description":"Revista de ocio, turismo y estilo de vida","inLanguage":"es-ES","publisher":{"@id":"https:\/\/eldigitaldeasturias.com\/magazine365\/#organization"}}]},"og:locale":"es_ES","og:site_name":"El Digital de Asturias \u2013 Revista de ocio, turismo y estilo de vida","og:type":"article","og:title":"Indra moderniza los sistemas de gesti\u00f3n de tr\u00e1fico a\u00e9reo de Belice por m\u00e1s de 3,7 millones | El Digital de Asturias","og:description":"Indra ha cerrado un contrato por m\u00e1s de cuatro millones de d\u00f3lares (3,7 millones de euros) con la Corporaci\u00f3n Centroamericana de Servicios de Navegaci\u00f3n A\u00e9rea (Cocesna) para modernizar el centro de control de aproximaci\u00f3n y la torre del aeropuerto internacional Philip Goldson de Belice y renovar su radar de vigilancia, seg\u00fan inform\u00f3 la empresa en","og:url":"https:\/\/eldigitaldeasturias.com\/magazine365\/indra-moderniza-los-sistemas-de-gestion-de-trafico-aereo-de-belice-por-mas-de-37-millones\/","og:image":"https:\/\/eldigitaldeasturias.com\/magazine365\/wp-content\/uploads\/2015\/12\/fotonoticia_20151216114207_800.jpg","og:image:secure_url":"https:\/\/eldigitaldeasturias.com\/magazine365\/wp-content\/uploads\/2015\/12\/fotonoticia_20151216114207_800.jpg","og:image:width":800,"og:image:height":533,"article:published_time":"2015-12-16T13:45:30+00:00","article:modified_time":"2015-12-16T13:45:30+00:00","twitter:card":"summary_large_image","twitter:title":"Indra moderniza los sistemas de gesti\u00f3n de tr\u00e1fico a\u00e9reo de Belice por m\u00e1s de 3,7 millones | El Digital de Asturias","twitter:description":"Indra ha cerrado un contrato por m\u00e1s de cuatro millones de d\u00f3lares (3,7 millones de euros) con la Corporaci\u00f3n Centroamericana de Servicios de Navegaci\u00f3n A\u00e9rea (Cocesna) para modernizar el centro de control de aproximaci\u00f3n y la torre del aeropuerto internacional Philip Goldson de Belice y renovar su radar de vigilancia, seg\u00fan inform\u00f3 la empresa en","twitter:image":"https:\/\/eldigitaldeasturias.com\/magazine365\/wp-content\/uploads\/2015\/12\/fotonoticia_20151216114207_800.jpg"},"aioseo_meta_data":{"post_id":"58624","title":null,"description":null,"keywords":null,"keyphrases":null,"primary_term":null,"canonical_url":null,"og_title":null,"og_description":null,"og_object_type":"default","og_image_type":"default","og_image_url":null,"og_image_width":null,"og_image_height":null,"og_image_custom_url":null,"og_image_custom_fields":null,"og_video":null,"og_custom_url":null,"og_article_section":null,"og_article_tags":null,"twitter_use_og":false,"twitter_card":"default","twitter_image_type":"default","twitter_image_url":null,"twitter_image_custom_url":null,"twitter_image_custom_fields":null,"twitter_title":null,"twitter_description":null,"schema":{"blockGraphs":[],"customGraphs":[],"default":{"data":{"Article":[],"Course":[],"Dataset":[],"FAQPage":[],"Movie":[],"Person":[],"Product":[],"ProductReview":[],"Car":[],"Recipe":[],"Service":[],"SoftwareApplication":[],"WebPage":[]},"graphName":"","isEnabled":true},"graphs":[],"defaultGraph":"","defaultPostTypeGraph":""},"schema_type":null,"schema_type_options":null,"pillar_content":false,"robots_default":true,"robots_noindex":false,"robots_noarchive":false,"robots_nosnippet":false,"robots_nofollow":false,"robots_noimageindex":false,"robots_noodp":false,"robots_notranslate":false,"robots_max_snippet":null,"robots_max_videopreview":null,"robots_max_imagepreview":"large","priority":null,"frequency":null,"location":null,"local_seo":null,"seo_analyzer_scan_date":"2025-09-25 03:21:20","breadcrumb_settings":null,"limit_modified_date":false,"open_ai":null,"ai":null,"created":"2021-03-08 22:27:48","updated":"2025-09-25 03:21:20"},"aioseo_breadcrumb":"<div class=\"aioseo-breadcrumbs\"><span class=\"aioseo-breadcrumb\">\n\t<a href=\"https:\/\/eldigitaldeasturias.com\/magazine365\" title=\"Home\">Home<\/a>\n<\/span><span class=\"aioseo-breadcrumb-separator\">\u2013<\/span><span class=\"aioseo-breadcrumb\">\n\t<a href=\"https:\/\/eldigitaldeasturias.com\/magazine365\/category\/noticias-actualidad\/\" title=\"Noticias y Actualidad\">Noticias y Actualidad<\/a>\n<\/span><span class=\"aioseo-breadcrumb-separator\">\u2013<\/span><span class=\"aioseo-breadcrumb\">\n\t<a href=\"https:\/\/eldigitaldeasturias.com\/magazine365\/indra-moderniza-los-sistemas-de-gestion-de-trafico-aereo-de-belice-por-mas-de-37-millones\/\" title=\"Indra moderniza los sistemas de gesti\u00f3n de tr\u00e1fico a\u00e9reo de Belice por m\u00e1s de 3,7 millones\">Indra moderniza los sistemas de gesti\u00f3n de tr\u00e1fico a\u00e9reo de Belice por m\u00e1s de 3,7 millones<\/a>\n<\/span><\/div>","aioseo_breadcrumb_json":[{"label":"Home","link":"https:\/\/eldigitaldeasturias.com\/magazine365"},{"label":"Noticias y Actualidad","link":"https:\/\/eldigitaldeasturias.com\/magazine365\/category\/noticias-actualidad\/"},{"label":"Indra moderniza los sistemas de gesti\u00f3n de tr\u00e1fico a\u00e9reo de Belice por m\u00e1s de 3,7 millones","link":"https:\/\/eldigitaldeasturias.com\/magazine365\/indra-moderniza-los-sistemas-de-gestion-de-trafico-aereo-de-belice-por-mas-de-37-millones\/"}],"_links":{"self":[{"href":"https:\/\/eldigitaldeasturias.com\/magazine365\/wp-json\/wp\/v2\/posts\/58624","targetHints":{"allow":["GET"]}}],"collection":[{"href":"https:\/\/eldigitaldeasturias.com\/magazine365\/wp-json\/wp\/v2\/posts"}],"about":[{"href":"https:\/\/eldigitaldeasturias.com\/magazine365\/wp-json\/wp\/v2\/types\/post"}],"author":[{"embeddable":true,"href":"https:\/\/eldigitaldeasturias.com\/magazine365\/wp-json\/wp\/v2\/users\/1"}],"replies":[{"embeddable":true,"href":"https:\/\/eldigitaldeasturias.com\/magazine365\/wp-json\/wp\/v2\/comments?post=58624"}],"version-history":[{"count":0,"href":"https:\/\/eldigitaldeasturias.com\/magazine365\/wp-json\/wp\/v2\/posts\/58624\/revisions"}],"wp:featuredmedia":[{"embeddable":true,"href":"https:\/\/eldigitaldeasturias.com\/magazine365\/wp-json\/wp\/v2\/media\/58625"}],"wp:attachment":[{"href":"https:\/\/eldigitaldeasturias.com\/magazine365\/wp-json\/wp\/v2\/media?parent=58624"}],"wp:term":[{"taxonomy":"category","embeddable":true,"href":"https:\/\/eldigitaldeasturias.com\/magazine365\/wp-json\/wp\/v2\/categories?post=58624"},{"taxonomy":"post_tag","embeddable":true,"href":"https:\/\/eldigitaldeasturias.com\/magazine365\/wp-json\/wp\/v2\/tags?post=58624"}],"curies":[{"name":"wp","href":"https:\/\/api.w.org\/{rel}","templated":true}]}}