{"id":58611,"date":"2015-12-16T12:00:45","date_gmt":"2015-12-16T11:00:45","guid":{"rendered":"http:\/\/eldigitaldeasturias.com\/magazine365\/?p=58611"},"modified":"2015-12-16T12:00:45","modified_gmt":"2015-12-16T11:00:45","slug":"el-consejo-de-administracion-de-apbc-aborda-este-miercoles-la-concesion-definitiva-del-faro-de-trafalgar-a-floatel","status":"publish","type":"post","link":"https:\/\/eldigitaldeasturias.com\/magazine365\/el-consejo-de-administracion-de-apbc-aborda-este-miercoles-la-concesion-definitiva-del-faro-de-trafalgar-a-floatel\/","title":{"rendered":"El consejo de administraci\u00f3n de APBC aborda este mi\u00e9rcoles la concesi\u00f3n definitiva del Faro de Trafalgar a Floatel"},"content":{"rendered":"<p><img fetchpriority=\"high\" decoding=\"async\" class=\"alignleft size-medium wp-image-58612\" src=\"https:\/\/eldigitaldeasturias.com\/magazine365\/wp-content\/uploads\/2015\/12\/fotonoticia_20151216105327_800-225x300.jpg\" alt=\"fotonoticia_20151216105327_800\" width=\"225\" height=\"300\" srcset=\"https:\/\/eldigitaldeasturias.com\/magazine365\/wp-content\/uploads\/2015\/12\/fotonoticia_20151216105327_800-225x300.jpg 225w, https:\/\/eldigitaldeasturias.com\/magazine365\/wp-content\/uploads\/2015\/12\/fotonoticia_20151216105327_800-480x640.jpg 480w, https:\/\/eldigitaldeasturias.com\/magazine365\/wp-content\/uploads\/2015\/12\/fotonoticia_20151216105327_800-768x1024.jpg 768w, https:\/\/eldigitaldeasturias.com\/magazine365\/wp-content\/uploads\/2015\/12\/fotonoticia_20151216105327_800-150x200.jpg 150w, https:\/\/eldigitaldeasturias.com\/magazine365\/wp-content\/uploads\/2015\/12\/fotonoticia_20151216105327_800-450x600.jpg 450w, https:\/\/eldigitaldeasturias.com\/magazine365\/wp-content\/uploads\/2015\/12\/fotonoticia_20151216105327_800-696x928.jpg 696w, https:\/\/eldigitaldeasturias.com\/magazine365\/wp-content\/uploads\/2015\/12\/fotonoticia_20151216105327_800-315x420.jpg 315w, https:\/\/eldigitaldeasturias.com\/magazine365\/wp-content\/uploads\/2015\/12\/fotonoticia_20151216105327_800.jpg 800w\" sizes=\"(max-width: 225px) 100vw, 225px\" \/>El Consejo de Administraci\u00f3n de la Autoridad Portuaria Bah\u00eda de C\u00e1diz (APBC) mantiene este mi\u00e9rcoles una reuni\u00f3n en la que abordar\u00e1 la ratificaci\u00f3n de la concesi\u00f3n administrativa a la empresa alemana Floatel para la explotaci\u00f3n tur\u00edstica del faro de Trafalgar.<\/p>\n<p>Fuentes de la APBC han explicado a Europa Press que su presidente, Jos\u00e9 Luis Blanco, \u00abpreadjudic\u00f3\u00bb a Floatel la concesi\u00f3n, si bien la adjudicaci\u00f3n no ser\u00e1 definitiva hasta que obtenga el visto bueno del Consejo de Administraci\u00f3n.<\/p>\n<p>Tambi\u00e9n se incluye en el orden del d\u00eda del Consejo de Administraci\u00f3n la resoluci\u00f3n sobre el recurso interpuesto por Califa Adriano 10 UTE, una de las cinco empresas que optaban al concurso de explotaci\u00f3n tur\u00edstica del faro de Trafalgar.<\/p>\n<p>Seg\u00fan las citadas fuentes, el rechazo a dicho recurso est\u00e1 \u00abbien fundamentado\u00bb, contando adem\u00e1s \u00abcon el visto bueno de la Abogac\u00eda del Estado\u00bb.<\/p>\n<p>En cualquier caso, desde la APBC han recalcado que \u00abno habr\u00e1 concesi\u00f3n definitiva ni desestimaci\u00f3n definitiva del recurso presentado\u00bb hasta que ambos asuntos pasen por el Consejo de Administraci\u00f3n de este mi\u00e9rcoles.<\/p>\n<p>EL PROYECTO DE FLOATEL<\/p>\n<p>Seg\u00fan han informado fuentes de Puertos del Estado, el de Trafalgar ser\u00e1 el segundo faro &#8211;tras el de Isla Pancha, en Rivadeo (Lugo)&#8211; que el ente p\u00fablico adjudica en el marco de su plan de ceder estas instalaciones, actualmente en desuso para su funci\u00f3n original, para acoger hoteles u otros fines culturales y sociales.<\/p>\n<p>Floatel pretende habilitar y explotar un hotel en sus instalaciones, previ\u00e9ndose una inversi\u00f3n de alrededor de medio mill\u00f3n de euros para renovar y adecuar las mismas. Asimismo, conservar\u00e1 el museo que alberga el faro, que ser\u00e1 compatible con la explotaci\u00f3n hotelera del resto de su superficie.<\/p>\n<p>Seg\u00fan indica Floatel en su p\u00e1gina de Internet, la firma pretende ofrecer a los hu\u00e9spedes la experiencia de pasar una noche como si fueran los antiguos gestores de faro, y adem\u00e1s poder subir hasta lo m\u00e1s alto de la instalaci\u00f3n para disfrutar de las vistas sobre las playas gaditanas.<\/p>\n<p>La compa\u00f1\u00eda habilitar\u00e1 tres habitaciones en una zona de unos 900 metros cuadrados de superficie, que incluye terrazas y un patio interior. Seg\u00fan sus previsiones, el 40 por ciento de los potenciales hu\u00e9spedes provendr\u00e1 de Reino Unido y otros pa\u00edses europeos, otro 30 por ciento de Alemania y un 30 por ciento de Espa\u00f1a.<\/p>\n<p>Floatel prev\u00e9 iniciar los trabajos de renovaci\u00f3n del faro en 2016 con el fin de poder comenzar a explotarlo en cuanto tenga las licencias y autorizaciones pertinentes.<\/p>\n","protected":false},"excerpt":{"rendered":"<p>El Consejo de Administraci\u00f3n de la Autoridad Portuaria Bah\u00eda de C\u00e1diz (APBC) mantiene este mi\u00e9rcoles una reuni\u00f3n en la que abordar\u00e1 la ratificaci\u00f3n de la concesi\u00f3n administrativa a la empresa alemana Floatel para la explotaci\u00f3n tur\u00edstica del faro de Trafalgar. Fuentes de la APBC han explicado a Europa Press que su presidente, Jos\u00e9 Luis Blanco,<\/p>\n","protected":false},"author":1,"featured_media":58612,"comment_status":"open","ping_status":"closed","sticky":false,"template":"","format":"standard","meta":{"footnotes":""},"categories":[224],"tags":[],"class_list":{"0":"post-58611","1":"post","2":"type-post","3":"status-publish","4":"format-standard","5":"has-post-thumbnail","7":"category-noticias-actualidad"},"aioseo_notices":[],"aioseo_head":"\n\t\t<!-- All in One SEO Pro 4.9.6.1 - aioseo.com -->\n\t<meta name=\"description\" content=\"El Consejo de Administraci\u00f3n de la Autoridad Portuaria Bah\u00eda de C\u00e1diz (APBC) mantiene este mi\u00e9rcoles una reuni\u00f3n en la que abordar\u00e1 la ratificaci\u00f3n de la concesi\u00f3n administrativa a la empresa alemana Floatel para la explotaci\u00f3n tur\u00edstica del faro de Trafalgar. Fuentes de la APBC han explicado a Europa Press que su presidente, Jos\u00e9 Luis Blanco,\" \/>\n\t<meta name=\"robots\" content=\"max-image-preview:large\" \/>\n\t<meta name=\"author\" content=\"admin\"\/>\n\t<meta name=\"google-site-verification\" content=\"UA-38556648-1\" \/>\n\t<meta name=\"keywords\" content=\"noticias y actualidad\" \/>\n\t<link rel=\"canonical\" href=\"https:\/\/eldigitaldeasturias.com\/magazine365\/el-consejo-de-administracion-de-apbc-aborda-este-miercoles-la-concesion-definitiva-del-faro-de-trafalgar-a-floatel\/\" \/>\n\t<meta name=\"generator\" content=\"All in One SEO Pro (AIOSEO) 4.9.6.1\" \/>\n\t\t<meta property=\"og:locale\" content=\"es_ES\" \/>\n\t\t<meta property=\"og:site_name\" content=\"El Digital de Asturias \u2013 Revista de ocio, turismo y estilo de vida\" \/>\n\t\t<meta property=\"og:type\" content=\"article\" \/>\n\t\t<meta property=\"og:title\" content=\"El consejo de administraci\u00f3n de APBC aborda este mi\u00e9rcoles la concesi\u00f3n definitiva del Faro de Trafalgar a Floatel | El Digital de Asturias\" \/>\n\t\t<meta property=\"og:description\" content=\"El Consejo de Administraci\u00f3n de la Autoridad Portuaria Bah\u00eda de C\u00e1diz (APBC) mantiene este mi\u00e9rcoles una reuni\u00f3n en la que abordar\u00e1 la ratificaci\u00f3n de la concesi\u00f3n administrativa a la empresa alemana Floatel para la explotaci\u00f3n tur\u00edstica del faro de Trafalgar. Fuentes de la APBC han explicado a Europa Press que su presidente, Jos\u00e9 Luis Blanco,\" \/>\n\t\t<meta property=\"og:url\" content=\"https:\/\/eldigitaldeasturias.com\/magazine365\/el-consejo-de-administracion-de-apbc-aborda-este-miercoles-la-concesion-definitiva-del-faro-de-trafalgar-a-floatel\/\" \/>\n\t\t<meta property=\"og:image\" content=\"https:\/\/eldigitaldeasturias.com\/magazine365\/wp-content\/uploads\/2015\/12\/fotonoticia_20151216105327_800.jpg\" \/>\n\t\t<meta property=\"og:image:secure_url\" content=\"https:\/\/eldigitaldeasturias.com\/magazine365\/wp-content\/uploads\/2015\/12\/fotonoticia_20151216105327_800.jpg\" \/>\n\t\t<meta property=\"og:image:width\" content=\"800\" \/>\n\t\t<meta property=\"og:image:height\" content=\"1067\" \/>\n\t\t<meta property=\"article:published_time\" content=\"2015-12-16T11:00:45+00:00\" \/>\n\t\t<meta property=\"article:modified_time\" content=\"2015-12-16T11:00:45+00:00\" \/>\n\t\t<meta name=\"twitter:card\" content=\"summary_large_image\" \/>\n\t\t<meta name=\"twitter:title\" content=\"El consejo de administraci\u00f3n de APBC aborda este mi\u00e9rcoles la concesi\u00f3n definitiva del Faro de Trafalgar a Floatel | El Digital de Asturias\" \/>\n\t\t<meta name=\"twitter:description\" content=\"El Consejo de Administraci\u00f3n de la Autoridad Portuaria Bah\u00eda de C\u00e1diz (APBC) mantiene este mi\u00e9rcoles una reuni\u00f3n en la que abordar\u00e1 la ratificaci\u00f3n de la concesi\u00f3n administrativa a la empresa alemana Floatel para la explotaci\u00f3n tur\u00edstica del faro de Trafalgar. Fuentes de la APBC han explicado a Europa Press que su presidente, Jos\u00e9 Luis Blanco,\" \/>\n\t\t<meta name=\"twitter:image\" content=\"https:\/\/eldigitaldeasturias.com\/magazine365\/wp-content\/uploads\/2015\/12\/fotonoticia_20151216105327_800.jpg\" \/>\n\t\t<script type=\"application\/ld+json\" class=\"aioseo-schema\">\n\t\t\t{\"@context\":\"https:\\\/\\\/schema.org\",\"@graph\":[{\"@type\":\"Article\",\"@id\":\"https:\\\/\\\/eldigitaldeasturias.com\\\/magazine365\\\/el-consejo-de-administracion-de-apbc-aborda-este-miercoles-la-concesion-definitiva-del-faro-de-trafalgar-a-floatel\\\/#article\",\"name\":\"El consejo de administraci\\u00f3n de APBC aborda este mi\\u00e9rcoles la concesi\\u00f3n definitiva del Faro de Trafalgar a Floatel | El Digital de Asturias\",\"headline\":\"El consejo de administraci\\u00f3n de APBC aborda este mi\\u00e9rcoles la concesi\\u00f3n definitiva del Faro de Trafalgar a Floatel\",\"author\":{\"@id\":\"https:\\\/\\\/eldigitaldeasturias.com\\\/magazine365\\\/author\\\/admin\\\/#author\"},\"publisher\":{\"@id\":\"https:\\\/\\\/eldigitaldeasturias.com\\\/magazine365\\\/#organization\"},\"image\":{\"@type\":\"ImageObject\",\"url\":\"https:\\\/\\\/eldigitaldeasturias.com\\\/magazine365\\\/wp-content\\\/uploads\\\/2015\\\/12\\\/fotonoticia_20151216105327_800.jpg\",\"width\":800,\"height\":1067},\"datePublished\":\"2015-12-16T12:00:45+01:00\",\"dateModified\":\"2015-12-16T12:00:45+01:00\",\"inLanguage\":\"es-ES\",\"mainEntityOfPage\":{\"@id\":\"https:\\\/\\\/eldigitaldeasturias.com\\\/magazine365\\\/el-consejo-de-administracion-de-apbc-aborda-este-miercoles-la-concesion-definitiva-del-faro-de-trafalgar-a-floatel\\\/#webpage\"},\"isPartOf\":{\"@id\":\"https:\\\/\\\/eldigitaldeasturias.com\\\/magazine365\\\/el-consejo-de-administracion-de-apbc-aborda-este-miercoles-la-concesion-definitiva-del-faro-de-trafalgar-a-floatel\\\/#webpage\"},\"articleSection\":\"Noticias y Actualidad\"},{\"@type\":\"BreadcrumbList\",\"@id\":\"https:\\\/\\\/eldigitaldeasturias.com\\\/magazine365\\\/el-consejo-de-administracion-de-apbc-aborda-este-miercoles-la-concesion-definitiva-del-faro-de-trafalgar-a-floatel\\\/#breadcrumblist\",\"itemListElement\":[{\"@type\":\"ListItem\",\"@id\":\"https:\\\/\\\/eldigitaldeasturias.com\\\/magazine365#listItem\",\"position\":1,\"name\":\"Home\",\"item\":\"https:\\\/\\\/eldigitaldeasturias.com\\\/magazine365\",\"nextItem\":{\"@type\":\"ListItem\",\"@id\":\"https:\\\/\\\/eldigitaldeasturias.com\\\/magazine365\\\/category\\\/noticias-actualidad\\\/#listItem\",\"name\":\"Noticias y Actualidad\"}},{\"@type\":\"ListItem\",\"@id\":\"https:\\\/\\\/eldigitaldeasturias.com\\\/magazine365\\\/category\\\/noticias-actualidad\\\/#listItem\",\"position\":2,\"name\":\"Noticias y Actualidad\",\"item\":\"https:\\\/\\\/eldigitaldeasturias.com\\\/magazine365\\\/category\\\/noticias-actualidad\\\/\",\"nextItem\":{\"@type\":\"ListItem\",\"@id\":\"https:\\\/\\\/eldigitaldeasturias.com\\\/magazine365\\\/el-consejo-de-administracion-de-apbc-aborda-este-miercoles-la-concesion-definitiva-del-faro-de-trafalgar-a-floatel\\\/#listItem\",\"name\":\"El consejo de administraci\\u00f3n de APBC aborda este mi\\u00e9rcoles la concesi\\u00f3n definitiva del Faro de Trafalgar a Floatel\"},\"previousItem\":{\"@type\":\"ListItem\",\"@id\":\"https:\\\/\\\/eldigitaldeasturias.com\\\/magazine365#listItem\",\"name\":\"Home\"}},{\"@type\":\"ListItem\",\"@id\":\"https:\\\/\\\/eldigitaldeasturias.com\\\/magazine365\\\/el-consejo-de-administracion-de-apbc-aborda-este-miercoles-la-concesion-definitiva-del-faro-de-trafalgar-a-floatel\\\/#listItem\",\"position\":3,\"name\":\"El consejo de administraci\\u00f3n de APBC aborda este mi\\u00e9rcoles la concesi\\u00f3n definitiva del Faro de Trafalgar a Floatel\",\"previousItem\":{\"@type\":\"ListItem\",\"@id\":\"https:\\\/\\\/eldigitaldeasturias.com\\\/magazine365\\\/category\\\/noticias-actualidad\\\/#listItem\",\"name\":\"Noticias y Actualidad\"}}]},{\"@type\":\"Organization\",\"@id\":\"https:\\\/\\\/eldigitaldeasturias.com\\\/magazine365\\\/#organization\",\"name\":\"El digital de Asturias\",\"description\":\"Revista de ocio, turismo y estilo de vida\",\"url\":\"https:\\\/\\\/eldigitaldeasturias.com\\\/magazine365\\\/\",\"logo\":{\"@type\":\"ImageObject\",\"url\":\"https:\\\/\\\/www.eldigitaldeasturias.com\\\/noticias\\\/wp-content\\\/uploads\\\/2020\\\/12\\\/EDA.jpg\",\"@id\":\"https:\\\/\\\/eldigitaldeasturias.com\\\/magazine365\\\/el-consejo-de-administracion-de-apbc-aborda-este-miercoles-la-concesion-definitiva-del-faro-de-trafalgar-a-floatel\\\/#organizationLogo\"},\"image\":{\"@id\":\"https:\\\/\\\/eldigitaldeasturias.com\\\/magazine365\\\/el-consejo-de-administracion-de-apbc-aborda-este-miercoles-la-concesion-definitiva-del-faro-de-trafalgar-a-floatel\\\/#organizationLogo\"}},{\"@type\":\"Person\",\"@id\":\"https:\\\/\\\/eldigitaldeasturias.com\\\/magazine365\\\/author\\\/admin\\\/#author\",\"url\":\"https:\\\/\\\/eldigitaldeasturias.com\\\/magazine365\\\/author\\\/admin\\\/\",\"name\":\"admin\",\"image\":{\"@type\":\"ImageObject\",\"@id\":\"https:\\\/\\\/eldigitaldeasturias.com\\\/magazine365\\\/el-consejo-de-administracion-de-apbc-aborda-este-miercoles-la-concesion-definitiva-del-faro-de-trafalgar-a-floatel\\\/#authorImage\",\"url\":\"https:\\\/\\\/eldigitaldeasturias.com\\\/magazine365\\\/wp-content\\\/litespeed\\\/avatar\\\/e571bcf59a0edd6fa6838245a470f2fe.jpg?ver=1777574230\",\"width\":96,\"height\":96,\"caption\":\"admin\"}},{\"@type\":\"WebPage\",\"@id\":\"https:\\\/\\\/eldigitaldeasturias.com\\\/magazine365\\\/el-consejo-de-administracion-de-apbc-aborda-este-miercoles-la-concesion-definitiva-del-faro-de-trafalgar-a-floatel\\\/#webpage\",\"url\":\"https:\\\/\\\/eldigitaldeasturias.com\\\/magazine365\\\/el-consejo-de-administracion-de-apbc-aborda-este-miercoles-la-concesion-definitiva-del-faro-de-trafalgar-a-floatel\\\/\",\"name\":\"El consejo de administraci\\u00f3n de APBC aborda este mi\\u00e9rcoles la concesi\\u00f3n definitiva del Faro de Trafalgar a Floatel | El Digital de Asturias\",\"description\":\"El Consejo de Administraci\\u00f3n de la Autoridad Portuaria Bah\\u00eda de C\\u00e1diz (APBC) mantiene este mi\\u00e9rcoles una reuni\\u00f3n en la que abordar\\u00e1 la ratificaci\\u00f3n de la concesi\\u00f3n administrativa a la empresa alemana Floatel para la explotaci\\u00f3n tur\\u00edstica del faro de Trafalgar. Fuentes de la APBC han explicado a Europa Press que su presidente, Jos\\u00e9 Luis Blanco,\",\"inLanguage\":\"es-ES\",\"isPartOf\":{\"@id\":\"https:\\\/\\\/eldigitaldeasturias.com\\\/magazine365\\\/#website\"},\"breadcrumb\":{\"@id\":\"https:\\\/\\\/eldigitaldeasturias.com\\\/magazine365\\\/el-consejo-de-administracion-de-apbc-aborda-este-miercoles-la-concesion-definitiva-del-faro-de-trafalgar-a-floatel\\\/#breadcrumblist\"},\"author\":{\"@id\":\"https:\\\/\\\/eldigitaldeasturias.com\\\/magazine365\\\/author\\\/admin\\\/#author\"},\"creator\":{\"@id\":\"https:\\\/\\\/eldigitaldeasturias.com\\\/magazine365\\\/author\\\/admin\\\/#author\"},\"image\":{\"@type\":\"ImageObject\",\"url\":\"https:\\\/\\\/eldigitaldeasturias.com\\\/magazine365\\\/wp-content\\\/uploads\\\/2015\\\/12\\\/fotonoticia_20151216105327_800.jpg\",\"@id\":\"https:\\\/\\\/eldigitaldeasturias.com\\\/magazine365\\\/el-consejo-de-administracion-de-apbc-aborda-este-miercoles-la-concesion-definitiva-del-faro-de-trafalgar-a-floatel\\\/#mainImage\",\"width\":800,\"height\":1067},\"primaryImageOfPage\":{\"@id\":\"https:\\\/\\\/eldigitaldeasturias.com\\\/magazine365\\\/el-consejo-de-administracion-de-apbc-aborda-este-miercoles-la-concesion-definitiva-del-faro-de-trafalgar-a-floatel\\\/#mainImage\"},\"datePublished\":\"2015-12-16T12:00:45+01:00\",\"dateModified\":\"2015-12-16T12:00:45+01:00\"},{\"@type\":\"WebSite\",\"@id\":\"https:\\\/\\\/eldigitaldeasturias.com\\\/magazine365\\\/#website\",\"url\":\"https:\\\/\\\/eldigitaldeasturias.com\\\/magazine365\\\/\",\"name\":\"El Digital de Asturias\",\"description\":\"Revista de ocio, turismo y estilo de vida\",\"inLanguage\":\"es-ES\",\"publisher\":{\"@id\":\"https:\\\/\\\/eldigitaldeasturias.com\\\/magazine365\\\/#organization\"}}]}\n\t\t<\/script>\n\t\t<!-- All in One SEO Pro -->\r\n\t\t<title>El consejo de administraci\u00f3n de APBC aborda este mi\u00e9rcoles la concesi\u00f3n definitiva del Faro de Trafalgar a Floatel | El Digital de Asturias<\/title>\n\n","aioseo_head_json":{"title":"El consejo de administraci\u00f3n de APBC aborda este mi\u00e9rcoles la concesi\u00f3n definitiva del Faro de Trafalgar a Floatel | El Digital de Asturias","description":"El Consejo de Administraci\u00f3n de la Autoridad Portuaria Bah\u00eda de C\u00e1diz (APBC) mantiene este mi\u00e9rcoles una reuni\u00f3n en la que abordar\u00e1 la ratificaci\u00f3n de la concesi\u00f3n administrativa a la empresa alemana Floatel para la explotaci\u00f3n tur\u00edstica del faro de Trafalgar. Fuentes de la APBC han explicado a Europa Press que su presidente, Jos\u00e9 Luis Blanco,","canonical_url":"https:\/\/eldigitaldeasturias.com\/magazine365\/el-consejo-de-administracion-de-apbc-aborda-este-miercoles-la-concesion-definitiva-del-faro-de-trafalgar-a-floatel\/","robots":"max-image-preview:large","keywords":"noticias y actualidad","webmasterTools":{"google-site-verification":"UA-38556648-1","miscellaneous":""},"schema":{"@context":"https:\/\/schema.org","@graph":[{"@type":"Article","@id":"https:\/\/eldigitaldeasturias.com\/magazine365\/el-consejo-de-administracion-de-apbc-aborda-este-miercoles-la-concesion-definitiva-del-faro-de-trafalgar-a-floatel\/#article","name":"El consejo de administraci\u00f3n de APBC aborda este mi\u00e9rcoles la concesi\u00f3n definitiva del Faro de Trafalgar a Floatel | El Digital de Asturias","headline":"El consejo de administraci\u00f3n de APBC aborda este mi\u00e9rcoles la concesi\u00f3n definitiva del Faro de Trafalgar a Floatel","author":{"@id":"https:\/\/eldigitaldeasturias.com\/magazine365\/author\/admin\/#author"},"publisher":{"@id":"https:\/\/eldigitaldeasturias.com\/magazine365\/#organization"},"image":{"@type":"ImageObject","url":"https:\/\/eldigitaldeasturias.com\/magazine365\/wp-content\/uploads\/2015\/12\/fotonoticia_20151216105327_800.jpg","width":800,"height":1067},"datePublished":"2015-12-16T12:00:45+01:00","dateModified":"2015-12-16T12:00:45+01:00","inLanguage":"es-ES","mainEntityOfPage":{"@id":"https:\/\/eldigitaldeasturias.com\/magazine365\/el-consejo-de-administracion-de-apbc-aborda-este-miercoles-la-concesion-definitiva-del-faro-de-trafalgar-a-floatel\/#webpage"},"isPartOf":{"@id":"https:\/\/eldigitaldeasturias.com\/magazine365\/el-consejo-de-administracion-de-apbc-aborda-este-miercoles-la-concesion-definitiva-del-faro-de-trafalgar-a-floatel\/#webpage"},"articleSection":"Noticias y Actualidad"},{"@type":"BreadcrumbList","@id":"https:\/\/eldigitaldeasturias.com\/magazine365\/el-consejo-de-administracion-de-apbc-aborda-este-miercoles-la-concesion-definitiva-del-faro-de-trafalgar-a-floatel\/#breadcrumblist","itemListElement":[{"@type":"ListItem","@id":"https:\/\/eldigitaldeasturias.com\/magazine365#listItem","position":1,"name":"Home","item":"https:\/\/eldigitaldeasturias.com\/magazine365","nextItem":{"@type":"ListItem","@id":"https:\/\/eldigitaldeasturias.com\/magazine365\/category\/noticias-actualidad\/#listItem","name":"Noticias y Actualidad"}},{"@type":"ListItem","@id":"https:\/\/eldigitaldeasturias.com\/magazine365\/category\/noticias-actualidad\/#listItem","position":2,"name":"Noticias y Actualidad","item":"https:\/\/eldigitaldeasturias.com\/magazine365\/category\/noticias-actualidad\/","nextItem":{"@type":"ListItem","@id":"https:\/\/eldigitaldeasturias.com\/magazine365\/el-consejo-de-administracion-de-apbc-aborda-este-miercoles-la-concesion-definitiva-del-faro-de-trafalgar-a-floatel\/#listItem","name":"El consejo de administraci\u00f3n de APBC aborda este mi\u00e9rcoles la concesi\u00f3n definitiva del Faro de Trafalgar a Floatel"},"previousItem":{"@type":"ListItem","@id":"https:\/\/eldigitaldeasturias.com\/magazine365#listItem","name":"Home"}},{"@type":"ListItem","@id":"https:\/\/eldigitaldeasturias.com\/magazine365\/el-consejo-de-administracion-de-apbc-aborda-este-miercoles-la-concesion-definitiva-del-faro-de-trafalgar-a-floatel\/#listItem","position":3,"name":"El consejo de administraci\u00f3n de APBC aborda este mi\u00e9rcoles la concesi\u00f3n definitiva del Faro de Trafalgar a Floatel","previousItem":{"@type":"ListItem","@id":"https:\/\/eldigitaldeasturias.com\/magazine365\/category\/noticias-actualidad\/#listItem","name":"Noticias y Actualidad"}}]},{"@type":"Organization","@id":"https:\/\/eldigitaldeasturias.com\/magazine365\/#organization","name":"El digital de Asturias","description":"Revista de ocio, turismo y estilo de vida","url":"https:\/\/eldigitaldeasturias.com\/magazine365\/","logo":{"@type":"ImageObject","url":"https:\/\/www.eldigitaldeasturias.com\/noticias\/wp-content\/uploads\/2020\/12\/EDA.jpg","@id":"https:\/\/eldigitaldeasturias.com\/magazine365\/el-consejo-de-administracion-de-apbc-aborda-este-miercoles-la-concesion-definitiva-del-faro-de-trafalgar-a-floatel\/#organizationLogo"},"image":{"@id":"https:\/\/eldigitaldeasturias.com\/magazine365\/el-consejo-de-administracion-de-apbc-aborda-este-miercoles-la-concesion-definitiva-del-faro-de-trafalgar-a-floatel\/#organizationLogo"}},{"@type":"Person","@id":"https:\/\/eldigitaldeasturias.com\/magazine365\/author\/admin\/#author","url":"https:\/\/eldigitaldeasturias.com\/magazine365\/author\/admin\/","name":"admin","image":{"@type":"ImageObject","@id":"https:\/\/eldigitaldeasturias.com\/magazine365\/el-consejo-de-administracion-de-apbc-aborda-este-miercoles-la-concesion-definitiva-del-faro-de-trafalgar-a-floatel\/#authorImage","url":"https:\/\/eldigitaldeasturias.com\/magazine365\/wp-content\/litespeed\/avatar\/e571bcf59a0edd6fa6838245a470f2fe.jpg?ver=1777574230","width":96,"height":96,"caption":"admin"}},{"@type":"WebPage","@id":"https:\/\/eldigitaldeasturias.com\/magazine365\/el-consejo-de-administracion-de-apbc-aborda-este-miercoles-la-concesion-definitiva-del-faro-de-trafalgar-a-floatel\/#webpage","url":"https:\/\/eldigitaldeasturias.com\/magazine365\/el-consejo-de-administracion-de-apbc-aborda-este-miercoles-la-concesion-definitiva-del-faro-de-trafalgar-a-floatel\/","name":"El consejo de administraci\u00f3n de APBC aborda este mi\u00e9rcoles la concesi\u00f3n definitiva del Faro de Trafalgar a Floatel | El Digital de Asturias","description":"El Consejo de Administraci\u00f3n de la Autoridad Portuaria Bah\u00eda de C\u00e1diz (APBC) mantiene este mi\u00e9rcoles una reuni\u00f3n en la que abordar\u00e1 la ratificaci\u00f3n de la concesi\u00f3n administrativa a la empresa alemana Floatel para la explotaci\u00f3n tur\u00edstica del faro de Trafalgar. Fuentes de la APBC han explicado a Europa Press que su presidente, Jos\u00e9 Luis Blanco,","inLanguage":"es-ES","isPartOf":{"@id":"https:\/\/eldigitaldeasturias.com\/magazine365\/#website"},"breadcrumb":{"@id":"https:\/\/eldigitaldeasturias.com\/magazine365\/el-consejo-de-administracion-de-apbc-aborda-este-miercoles-la-concesion-definitiva-del-faro-de-trafalgar-a-floatel\/#breadcrumblist"},"author":{"@id":"https:\/\/eldigitaldeasturias.com\/magazine365\/author\/admin\/#author"},"creator":{"@id":"https:\/\/eldigitaldeasturias.com\/magazine365\/author\/admin\/#author"},"image":{"@type":"ImageObject","url":"https:\/\/eldigitaldeasturias.com\/magazine365\/wp-content\/uploads\/2015\/12\/fotonoticia_20151216105327_800.jpg","@id":"https:\/\/eldigitaldeasturias.com\/magazine365\/el-consejo-de-administracion-de-apbc-aborda-este-miercoles-la-concesion-definitiva-del-faro-de-trafalgar-a-floatel\/#mainImage","width":800,"height":1067},"primaryImageOfPage":{"@id":"https:\/\/eldigitaldeasturias.com\/magazine365\/el-consejo-de-administracion-de-apbc-aborda-este-miercoles-la-concesion-definitiva-del-faro-de-trafalgar-a-floatel\/#mainImage"},"datePublished":"2015-12-16T12:00:45+01:00","dateModified":"2015-12-16T12:00:45+01:00"},{"@type":"WebSite","@id":"https:\/\/eldigitaldeasturias.com\/magazine365\/#website","url":"https:\/\/eldigitaldeasturias.com\/magazine365\/","name":"El Digital de Asturias","description":"Revista de ocio, turismo y estilo de vida","inLanguage":"es-ES","publisher":{"@id":"https:\/\/eldigitaldeasturias.com\/magazine365\/#organization"}}]},"og:locale":"es_ES","og:site_name":"El Digital de Asturias \u2013 Revista de ocio, turismo y estilo de vida","og:type":"article","og:title":"El consejo de administraci\u00f3n de APBC aborda este mi\u00e9rcoles la concesi\u00f3n definitiva del Faro de Trafalgar a Floatel | El Digital de Asturias","og:description":"El Consejo de Administraci\u00f3n de la Autoridad Portuaria Bah\u00eda de C\u00e1diz (APBC) mantiene este mi\u00e9rcoles una reuni\u00f3n en la que abordar\u00e1 la ratificaci\u00f3n de la concesi\u00f3n administrativa a la empresa alemana Floatel para la explotaci\u00f3n tur\u00edstica del faro de Trafalgar. Fuentes de la APBC han explicado a Europa Press que su presidente, Jos\u00e9 Luis Blanco,","og:url":"https:\/\/eldigitaldeasturias.com\/magazine365\/el-consejo-de-administracion-de-apbc-aborda-este-miercoles-la-concesion-definitiva-del-faro-de-trafalgar-a-floatel\/","og:image":"https:\/\/eldigitaldeasturias.com\/magazine365\/wp-content\/uploads\/2015\/12\/fotonoticia_20151216105327_800.jpg","og:image:secure_url":"https:\/\/eldigitaldeasturias.com\/magazine365\/wp-content\/uploads\/2015\/12\/fotonoticia_20151216105327_800.jpg","og:image:width":800,"og:image:height":1067,"article:published_time":"2015-12-16T11:00:45+00:00","article:modified_time":"2015-12-16T11:00:45+00:00","twitter:card":"summary_large_image","twitter:title":"El consejo de administraci\u00f3n de APBC aborda este mi\u00e9rcoles la concesi\u00f3n definitiva del Faro de Trafalgar a Floatel | El Digital de Asturias","twitter:description":"El Consejo de Administraci\u00f3n de la Autoridad Portuaria Bah\u00eda de C\u00e1diz (APBC) mantiene este mi\u00e9rcoles una reuni\u00f3n en la que abordar\u00e1 la ratificaci\u00f3n de la concesi\u00f3n administrativa a la empresa alemana Floatel para la explotaci\u00f3n tur\u00edstica del faro de Trafalgar. Fuentes de la APBC han explicado a Europa Press que su presidente, Jos\u00e9 Luis Blanco,","twitter:image":"https:\/\/eldigitaldeasturias.com\/magazine365\/wp-content\/uploads\/2015\/12\/fotonoticia_20151216105327_800.jpg"},"aioseo_meta_data":{"post_id":"58611","title":null,"description":null,"keywords":null,"keyphrases":null,"primary_term":null,"canonical_url":null,"og_title":null,"og_description":null,"og_object_type":"default","og_image_type":"default","og_image_url":null,"og_image_width":null,"og_image_height":null,"og_image_custom_url":null,"og_image_custom_fields":null,"og_video":null,"og_custom_url":null,"og_article_section":null,"og_article_tags":null,"twitter_use_og":false,"twitter_card":"default","twitter_image_type":"default","twitter_image_url":null,"twitter_image_custom_url":null,"twitter_image_custom_fields":null,"twitter_title":null,"twitter_description":null,"schema":{"blockGraphs":[],"customGraphs":[],"default":{"data":{"Article":[],"Course":[],"Dataset":[],"FAQPage":[],"Movie":[],"Person":[],"Product":[],"ProductReview":[],"Car":[],"Recipe":[],"Service":[],"SoftwareApplication":[],"WebPage":[]},"graphName":"","isEnabled":true},"graphs":[],"defaultGraph":"","defaultPostTypeGraph":""},"schema_type":null,"schema_type_options":null,"pillar_content":false,"robots_default":true,"robots_noindex":false,"robots_noarchive":false,"robots_nosnippet":false,"robots_nofollow":false,"robots_noimageindex":false,"robots_noodp":false,"robots_notranslate":false,"robots_max_snippet":null,"robots_max_videopreview":null,"robots_max_imagepreview":"large","priority":null,"frequency":null,"location":null,"local_seo":null,"seo_analyzer_scan_date":"2025-09-25 03:19:13","breadcrumb_settings":null,"limit_modified_date":false,"open_ai":null,"ai":null,"created":"2021-03-08 22:27:48","updated":"2025-09-25 03:19:13"},"aioseo_breadcrumb":"<div class=\"aioseo-breadcrumbs\"><span class=\"aioseo-breadcrumb\">\n\t<a href=\"https:\/\/eldigitaldeasturias.com\/magazine365\" title=\"Home\">Home<\/a>\n<\/span><span class=\"aioseo-breadcrumb-separator\">\u2013<\/span><span class=\"aioseo-breadcrumb\">\n\t<a href=\"https:\/\/eldigitaldeasturias.com\/magazine365\/category\/noticias-actualidad\/\" title=\"Noticias y Actualidad\">Noticias y Actualidad<\/a>\n<\/span><span class=\"aioseo-breadcrumb-separator\">\u2013<\/span><span class=\"aioseo-breadcrumb\">\n\t<a href=\"https:\/\/eldigitaldeasturias.com\/magazine365\/el-consejo-de-administracion-de-apbc-aborda-este-miercoles-la-concesion-definitiva-del-faro-de-trafalgar-a-floatel\/\" title=\"El consejo de administraci\u00f3n de APBC aborda este mi\u00e9rcoles la concesi\u00f3n definitiva del Faro de Trafalgar a Floatel\">El consejo de administraci\u00f3n de APBC aborda este mi\u00e9rcoles la concesi\u00f3n definitiva del Faro de Trafalgar a Floatel<\/a>\n<\/span><\/div>","aioseo_breadcrumb_json":[{"label":"Home","link":"https:\/\/eldigitaldeasturias.com\/magazine365"},{"label":"Noticias y Actualidad","link":"https:\/\/eldigitaldeasturias.com\/magazine365\/category\/noticias-actualidad\/"},{"label":"El consejo de administraci\u00f3n de APBC aborda este mi\u00e9rcoles la concesi\u00f3n definitiva del Faro de Trafalgar a Floatel","link":"https:\/\/eldigitaldeasturias.com\/magazine365\/el-consejo-de-administracion-de-apbc-aborda-este-miercoles-la-concesion-definitiva-del-faro-de-trafalgar-a-floatel\/"}],"_links":{"self":[{"href":"https:\/\/eldigitaldeasturias.com\/magazine365\/wp-json\/wp\/v2\/posts\/58611","targetHints":{"allow":["GET"]}}],"collection":[{"href":"https:\/\/eldigitaldeasturias.com\/magazine365\/wp-json\/wp\/v2\/posts"}],"about":[{"href":"https:\/\/eldigitaldeasturias.com\/magazine365\/wp-json\/wp\/v2\/types\/post"}],"author":[{"embeddable":true,"href":"https:\/\/eldigitaldeasturias.com\/magazine365\/wp-json\/wp\/v2\/users\/1"}],"replies":[{"embeddable":true,"href":"https:\/\/eldigitaldeasturias.com\/magazine365\/wp-json\/wp\/v2\/comments?post=58611"}],"version-history":[{"count":0,"href":"https:\/\/eldigitaldeasturias.com\/magazine365\/wp-json\/wp\/v2\/posts\/58611\/revisions"}],"wp:featuredmedia":[{"embeddable":true,"href":"https:\/\/eldigitaldeasturias.com\/magazine365\/wp-json\/wp\/v2\/media\/58612"}],"wp:attachment":[{"href":"https:\/\/eldigitaldeasturias.com\/magazine365\/wp-json\/wp\/v2\/media?parent=58611"}],"wp:term":[{"taxonomy":"category","embeddable":true,"href":"https:\/\/eldigitaldeasturias.com\/magazine365\/wp-json\/wp\/v2\/categories?post=58611"},{"taxonomy":"post_tag","embeddable":true,"href":"https:\/\/eldigitaldeasturias.com\/magazine365\/wp-json\/wp\/v2\/tags?post=58611"}],"curies":[{"name":"wp","href":"https:\/\/api.w.org\/{rel}","templated":true}]}}