{"id":58596,"date":"2015-12-15T20:58:36","date_gmt":"2015-12-15T19:58:36","guid":{"rendered":"http:\/\/eldigitaldeasturias.com\/magazine365\/?p=58596"},"modified":"2015-12-15T20:58:36","modified_gmt":"2015-12-15T19:58:36","slug":"el-sector-hotelero-avala-el-proyecto-de-una-isla-basada-en-energias-renovables-que-propone-el-cabildo-de-gran-canaria","status":"publish","type":"post","link":"https:\/\/eldigitaldeasturias.com\/magazine365\/el-sector-hotelero-avala-el-proyecto-de-una-isla-basada-en-energias-renovables-que-propone-el-cabildo-de-gran-canaria\/","title":{"rendered":"El sector hotelero avala el proyecto de una isla basada en energ\u00edas renovables que propone el Cabildo de Gran Canaria"},"content":{"rendered":"<p><img fetchpriority=\"high\" decoding=\"async\" class=\"alignleft size-medium wp-image-58597\" src=\"https:\/\/eldigitaldeasturias.com\/magazine365\/wp-content\/uploads\/2015\/12\/fotonoticia_20151215190255_800-360x243.jpg\" alt=\"fotonoticia_20151215190255_800\" width=\"360\" height=\"243\" srcset=\"https:\/\/eldigitaldeasturias.com\/magazine365\/wp-content\/uploads\/2015\/12\/fotonoticia_20151215190255_800-360x243.jpg 360w, https:\/\/eldigitaldeasturias.com\/magazine365\/wp-content\/uploads\/2015\/12\/fotonoticia_20151215190255_800-650x438.jpg 650w, https:\/\/eldigitaldeasturias.com\/magazine365\/wp-content\/uploads\/2015\/12\/fotonoticia_20151215190255_800-768x517.jpg 768w, https:\/\/eldigitaldeasturias.com\/magazine365\/wp-content\/uploads\/2015\/12\/fotonoticia_20151215190255_800-150x101.jpg 150w, https:\/\/eldigitaldeasturias.com\/magazine365\/wp-content\/uploads\/2015\/12\/fotonoticia_20151215190255_800-450x303.jpg 450w, https:\/\/eldigitaldeasturias.com\/magazine365\/wp-content\/uploads\/2015\/12\/fotonoticia_20151215190255_800-696x469.jpg 696w, https:\/\/eldigitaldeasturias.com\/magazine365\/wp-content\/uploads\/2015\/12\/fotonoticia_20151215190255_800-623x420.jpg 623w, https:\/\/eldigitaldeasturias.com\/magazine365\/wp-content\/uploads\/2015\/12\/fotonoticia_20151215190255_800.jpg 800w\" sizes=\"(max-width: 360px) 100vw, 360px\" \/>El sector hotelero ha avalado el proyecto de una isla basada en energ\u00edas renovables que propone el presidente del Cabildo de Gran Canaria, Antonio Morales, despu\u00e9s de que el m\u00e1ximo responsable de la patronal tur\u00edstica de Las Palmas, Fernando Fraile, haya apoyado esta iniciativa.<\/p>\n<p>\u00ab[Morales] se ha ganado el clich\u00e9 de ser el mayor defensor de la isla de la naturaleza y el medioambiente, queremos decirle que el sector estar\u00e1 a su lado para luchar juntos, dependemos de nuestros atractivos naturales\u00bb, expuso Fraile durante la inauguraci\u00f3n de sus VI Jornadas de Sostenibilidad y Eficiencia Energ\u00e9tica del Sector Hotelero.<\/p>\n<p>De esta manera, asegur\u00f3 que las instalaciones hoteleras ya intentan por todos los medios incorporar energ\u00edas alternativas para calentar el agua de sus piscinas y de sus ba\u00f1os, entre otros.<\/p>\n<p>Por su parte, Morales se mostr\u00f3 reconfortado por la apuesta manifestada por el representante empresarial, toda vez que adem\u00e1s debe ser una preocupaci\u00f3n compartida dada la unanimidad en la comunidad cient\u00edfica al se\u00f1alar que los territorios insulares son los m\u00e1s vulnerables a los efectos del cambio clim\u00e1tico con incidencias en Canarias que \u00abpueden ser especialmente graves\u00bb.<\/p>\n<p>En relaci\u00f3n a ello, coment\u00f3 que Canarias incumple m\u00e1s de un centenar de los 165 par\u00e1metros de sostenibilidad, puesto que cada espa\u00f1ol necesita para vivir 5,3 hect\u00e1reas, pero s\u00f3lo dispone en la Pen\u00ednsula de 1,8, una superficie que queda reducida a 0,1 hect\u00e1reas en el caso del archipi\u00e9lago. \u00abVamos m\u00e1s all\u00e1 de los recursos naturales disponibles, estamos quebrando el sistema\u00bb, asever\u00f3 el presidente grancanario.<\/p>\n<p>Finalmente, durante las jornadas se expuso que el sector hotelero consume en torno al 10 por ciento de la energ\u00eda primaria, por lo que la Agencia de las Energ\u00edas Renovables y la Organizaci\u00f3n Mundial del Turismo han hecho especial hincapi\u00e9 en la necesidad de que las islas impulsen la implantaci\u00f3n de las energ\u00edas limpias.<\/p>\n","protected":false},"excerpt":{"rendered":"<p>El sector hotelero ha avalado el proyecto de una isla basada en energ\u00edas renovables que propone el presidente del Cabildo de Gran Canaria, Antonio Morales, despu\u00e9s de que el m\u00e1ximo responsable de la patronal tur\u00edstica de Las Palmas, Fernando Fraile, haya apoyado esta iniciativa. \u00ab[Morales] se ha ganado el clich\u00e9 de ser el mayor defensor<\/p>\n","protected":false},"author":1,"featured_media":58597,"comment_status":"open","ping_status":"closed","sticky":false,"template":"","format":"standard","meta":{"footnotes":""},"categories":[224],"tags":[],"class_list":{"0":"post-58596","1":"post","2":"type-post","3":"status-publish","4":"format-standard","5":"has-post-thumbnail","7":"category-noticias-actualidad"},"aioseo_notices":[],"aioseo_head":"\n\t\t<!-- All in One SEO Pro 4.9.6.1 - aioseo.com -->\n\t<meta name=\"description\" content=\"El sector hotelero ha avalado el proyecto de una isla basada en energ\u00edas renovables que propone el presidente del Cabildo de Gran Canaria, Antonio Morales, despu\u00e9s de que el m\u00e1ximo responsable de la patronal tur\u00edstica de Las Palmas, Fernando Fraile, haya apoyado esta iniciativa. &quot;[Morales] se ha ganado el clich\u00e9 de ser el mayor defensor\" \/>\n\t<meta name=\"robots\" content=\"max-image-preview:large\" \/>\n\t<meta name=\"author\" content=\"admin\"\/>\n\t<meta name=\"google-site-verification\" content=\"UA-38556648-1\" \/>\n\t<meta name=\"keywords\" content=\"noticias y actualidad\" \/>\n\t<link rel=\"canonical\" href=\"https:\/\/eldigitaldeasturias.com\/magazine365\/el-sector-hotelero-avala-el-proyecto-de-una-isla-basada-en-energias-renovables-que-propone-el-cabildo-de-gran-canaria\/\" \/>\n\t<meta name=\"generator\" content=\"All in One SEO Pro (AIOSEO) 4.9.6.1\" \/>\n\t\t<meta property=\"og:locale\" content=\"es_ES\" \/>\n\t\t<meta property=\"og:site_name\" content=\"El Digital de Asturias \u2013 Revista de ocio, turismo y estilo de vida\" \/>\n\t\t<meta property=\"og:type\" content=\"article\" \/>\n\t\t<meta property=\"og:title\" content=\"El sector hotelero avala el proyecto de una isla basada en energ\u00edas renovables que propone el Cabildo de Gran Canaria | El Digital de Asturias\" \/>\n\t\t<meta property=\"og:description\" content=\"El sector hotelero ha avalado el proyecto de una isla basada en energ\u00edas renovables que propone el presidente del Cabildo de Gran Canaria, Antonio Morales, despu\u00e9s de que el m\u00e1ximo responsable de la patronal tur\u00edstica de Las Palmas, Fernando Fraile, haya apoyado esta iniciativa. &quot;[Morales] se ha ganado el clich\u00e9 de ser el mayor defensor\" \/>\n\t\t<meta property=\"og:url\" content=\"https:\/\/eldigitaldeasturias.com\/magazine365\/el-sector-hotelero-avala-el-proyecto-de-una-isla-basada-en-energias-renovables-que-propone-el-cabildo-de-gran-canaria\/\" \/>\n\t\t<meta property=\"og:image\" content=\"https:\/\/eldigitaldeasturias.com\/magazine365\/wp-content\/uploads\/2015\/12\/fotonoticia_20151215190255_800.jpg\" \/>\n\t\t<meta property=\"og:image:secure_url\" content=\"https:\/\/eldigitaldeasturias.com\/magazine365\/wp-content\/uploads\/2015\/12\/fotonoticia_20151215190255_800.jpg\" \/>\n\t\t<meta property=\"og:image:width\" content=\"800\" \/>\n\t\t<meta property=\"og:image:height\" content=\"539\" \/>\n\t\t<meta property=\"article:published_time\" content=\"2015-12-15T19:58:36+00:00\" \/>\n\t\t<meta property=\"article:modified_time\" content=\"2015-12-15T19:58:36+00:00\" \/>\n\t\t<meta name=\"twitter:card\" content=\"summary_large_image\" \/>\n\t\t<meta name=\"twitter:title\" content=\"El sector hotelero avala el proyecto de una isla basada en energ\u00edas renovables que propone el Cabildo de Gran Canaria | El Digital de Asturias\" \/>\n\t\t<meta name=\"twitter:description\" content=\"El sector hotelero ha avalado el proyecto de una isla basada en energ\u00edas renovables que propone el presidente del Cabildo de Gran Canaria, Antonio Morales, despu\u00e9s de que el m\u00e1ximo responsable de la patronal tur\u00edstica de Las Palmas, Fernando Fraile, haya apoyado esta iniciativa. &quot;[Morales] se ha ganado el clich\u00e9 de ser el mayor defensor\" \/>\n\t\t<meta name=\"twitter:image\" content=\"https:\/\/eldigitaldeasturias.com\/magazine365\/wp-content\/uploads\/2015\/12\/fotonoticia_20151215190255_800.jpg\" \/>\n\t\t<script type=\"application\/ld+json\" class=\"aioseo-schema\">\n\t\t\t{\"@context\":\"https:\\\/\\\/schema.org\",\"@graph\":[{\"@type\":\"Article\",\"@id\":\"https:\\\/\\\/eldigitaldeasturias.com\\\/magazine365\\\/el-sector-hotelero-avala-el-proyecto-de-una-isla-basada-en-energias-renovables-que-propone-el-cabildo-de-gran-canaria\\\/#article\",\"name\":\"El sector hotelero avala el proyecto de una isla basada en energ\\u00edas renovables que propone el Cabildo de Gran Canaria | El Digital de Asturias\",\"headline\":\"El sector hotelero avala el proyecto de una isla basada en energ\\u00edas renovables que propone el Cabildo de Gran Canaria\",\"author\":{\"@id\":\"https:\\\/\\\/eldigitaldeasturias.com\\\/magazine365\\\/author\\\/admin\\\/#author\"},\"publisher\":{\"@id\":\"https:\\\/\\\/eldigitaldeasturias.com\\\/magazine365\\\/#organization\"},\"image\":{\"@type\":\"ImageObject\",\"url\":\"https:\\\/\\\/eldigitaldeasturias.com\\\/magazine365\\\/wp-content\\\/uploads\\\/2015\\\/12\\\/fotonoticia_20151215190255_800.jpg\",\"width\":800,\"height\":539},\"datePublished\":\"2015-12-15T20:58:36+01:00\",\"dateModified\":\"2015-12-15T20:58:36+01:00\",\"inLanguage\":\"es-ES\",\"mainEntityOfPage\":{\"@id\":\"https:\\\/\\\/eldigitaldeasturias.com\\\/magazine365\\\/el-sector-hotelero-avala-el-proyecto-de-una-isla-basada-en-energias-renovables-que-propone-el-cabildo-de-gran-canaria\\\/#webpage\"},\"isPartOf\":{\"@id\":\"https:\\\/\\\/eldigitaldeasturias.com\\\/magazine365\\\/el-sector-hotelero-avala-el-proyecto-de-una-isla-basada-en-energias-renovables-que-propone-el-cabildo-de-gran-canaria\\\/#webpage\"},\"articleSection\":\"Noticias y Actualidad\"},{\"@type\":\"BreadcrumbList\",\"@id\":\"https:\\\/\\\/eldigitaldeasturias.com\\\/magazine365\\\/el-sector-hotelero-avala-el-proyecto-de-una-isla-basada-en-energias-renovables-que-propone-el-cabildo-de-gran-canaria\\\/#breadcrumblist\",\"itemListElement\":[{\"@type\":\"ListItem\",\"@id\":\"https:\\\/\\\/eldigitaldeasturias.com\\\/magazine365#listItem\",\"position\":1,\"name\":\"Home\",\"item\":\"https:\\\/\\\/eldigitaldeasturias.com\\\/magazine365\",\"nextItem\":{\"@type\":\"ListItem\",\"@id\":\"https:\\\/\\\/eldigitaldeasturias.com\\\/magazine365\\\/category\\\/noticias-actualidad\\\/#listItem\",\"name\":\"Noticias y Actualidad\"}},{\"@type\":\"ListItem\",\"@id\":\"https:\\\/\\\/eldigitaldeasturias.com\\\/magazine365\\\/category\\\/noticias-actualidad\\\/#listItem\",\"position\":2,\"name\":\"Noticias y Actualidad\",\"item\":\"https:\\\/\\\/eldigitaldeasturias.com\\\/magazine365\\\/category\\\/noticias-actualidad\\\/\",\"nextItem\":{\"@type\":\"ListItem\",\"@id\":\"https:\\\/\\\/eldigitaldeasturias.com\\\/magazine365\\\/el-sector-hotelero-avala-el-proyecto-de-una-isla-basada-en-energias-renovables-que-propone-el-cabildo-de-gran-canaria\\\/#listItem\",\"name\":\"El sector hotelero avala el proyecto de una isla basada en energ\\u00edas renovables que propone el Cabildo de Gran Canaria\"},\"previousItem\":{\"@type\":\"ListItem\",\"@id\":\"https:\\\/\\\/eldigitaldeasturias.com\\\/magazine365#listItem\",\"name\":\"Home\"}},{\"@type\":\"ListItem\",\"@id\":\"https:\\\/\\\/eldigitaldeasturias.com\\\/magazine365\\\/el-sector-hotelero-avala-el-proyecto-de-una-isla-basada-en-energias-renovables-que-propone-el-cabildo-de-gran-canaria\\\/#listItem\",\"position\":3,\"name\":\"El sector hotelero avala el proyecto de una isla basada en energ\\u00edas renovables que propone el Cabildo de Gran Canaria\",\"previousItem\":{\"@type\":\"ListItem\",\"@id\":\"https:\\\/\\\/eldigitaldeasturias.com\\\/magazine365\\\/category\\\/noticias-actualidad\\\/#listItem\",\"name\":\"Noticias y Actualidad\"}}]},{\"@type\":\"Organization\",\"@id\":\"https:\\\/\\\/eldigitaldeasturias.com\\\/magazine365\\\/#organization\",\"name\":\"El digital de Asturias\",\"description\":\"Revista de ocio, turismo y estilo de vida\",\"url\":\"https:\\\/\\\/eldigitaldeasturias.com\\\/magazine365\\\/\",\"logo\":{\"@type\":\"ImageObject\",\"url\":\"https:\\\/\\\/www.eldigitaldeasturias.com\\\/noticias\\\/wp-content\\\/uploads\\\/2020\\\/12\\\/EDA.jpg\",\"@id\":\"https:\\\/\\\/eldigitaldeasturias.com\\\/magazine365\\\/el-sector-hotelero-avala-el-proyecto-de-una-isla-basada-en-energias-renovables-que-propone-el-cabildo-de-gran-canaria\\\/#organizationLogo\"},\"image\":{\"@id\":\"https:\\\/\\\/eldigitaldeasturias.com\\\/magazine365\\\/el-sector-hotelero-avala-el-proyecto-de-una-isla-basada-en-energias-renovables-que-propone-el-cabildo-de-gran-canaria\\\/#organizationLogo\"}},{\"@type\":\"Person\",\"@id\":\"https:\\\/\\\/eldigitaldeasturias.com\\\/magazine365\\\/author\\\/admin\\\/#author\",\"url\":\"https:\\\/\\\/eldigitaldeasturias.com\\\/magazine365\\\/author\\\/admin\\\/\",\"name\":\"admin\",\"image\":{\"@type\":\"ImageObject\",\"@id\":\"https:\\\/\\\/eldigitaldeasturias.com\\\/magazine365\\\/el-sector-hotelero-avala-el-proyecto-de-una-isla-basada-en-energias-renovables-que-propone-el-cabildo-de-gran-canaria\\\/#authorImage\",\"url\":\"https:\\\/\\\/eldigitaldeasturias.com\\\/magazine365\\\/wp-content\\\/litespeed\\\/avatar\\\/e571bcf59a0edd6fa6838245a470f2fe.jpg?ver=1777574230\",\"width\":96,\"height\":96,\"caption\":\"admin\"}},{\"@type\":\"WebPage\",\"@id\":\"https:\\\/\\\/eldigitaldeasturias.com\\\/magazine365\\\/el-sector-hotelero-avala-el-proyecto-de-una-isla-basada-en-energias-renovables-que-propone-el-cabildo-de-gran-canaria\\\/#webpage\",\"url\":\"https:\\\/\\\/eldigitaldeasturias.com\\\/magazine365\\\/el-sector-hotelero-avala-el-proyecto-de-una-isla-basada-en-energias-renovables-que-propone-el-cabildo-de-gran-canaria\\\/\",\"name\":\"El sector hotelero avala el proyecto de una isla basada en energ\\u00edas renovables que propone el Cabildo de Gran Canaria | El Digital de Asturias\",\"description\":\"El sector hotelero ha avalado el proyecto de una isla basada en energ\\u00edas renovables que propone el presidente del Cabildo de Gran Canaria, Antonio Morales, despu\\u00e9s de que el m\\u00e1ximo responsable de la patronal tur\\u00edstica de Las Palmas, Fernando Fraile, haya apoyado esta iniciativa. \\\"[Morales] se ha ganado el clich\\u00e9 de ser el mayor defensor\",\"inLanguage\":\"es-ES\",\"isPartOf\":{\"@id\":\"https:\\\/\\\/eldigitaldeasturias.com\\\/magazine365\\\/#website\"},\"breadcrumb\":{\"@id\":\"https:\\\/\\\/eldigitaldeasturias.com\\\/magazine365\\\/el-sector-hotelero-avala-el-proyecto-de-una-isla-basada-en-energias-renovables-que-propone-el-cabildo-de-gran-canaria\\\/#breadcrumblist\"},\"author\":{\"@id\":\"https:\\\/\\\/eldigitaldeasturias.com\\\/magazine365\\\/author\\\/admin\\\/#author\"},\"creator\":{\"@id\":\"https:\\\/\\\/eldigitaldeasturias.com\\\/magazine365\\\/author\\\/admin\\\/#author\"},\"image\":{\"@type\":\"ImageObject\",\"url\":\"https:\\\/\\\/eldigitaldeasturias.com\\\/magazine365\\\/wp-content\\\/uploads\\\/2015\\\/12\\\/fotonoticia_20151215190255_800.jpg\",\"@id\":\"https:\\\/\\\/eldigitaldeasturias.com\\\/magazine365\\\/el-sector-hotelero-avala-el-proyecto-de-una-isla-basada-en-energias-renovables-que-propone-el-cabildo-de-gran-canaria\\\/#mainImage\",\"width\":800,\"height\":539},\"primaryImageOfPage\":{\"@id\":\"https:\\\/\\\/eldigitaldeasturias.com\\\/magazine365\\\/el-sector-hotelero-avala-el-proyecto-de-una-isla-basada-en-energias-renovables-que-propone-el-cabildo-de-gran-canaria\\\/#mainImage\"},\"datePublished\":\"2015-12-15T20:58:36+01:00\",\"dateModified\":\"2015-12-15T20:58:36+01:00\"},{\"@type\":\"WebSite\",\"@id\":\"https:\\\/\\\/eldigitaldeasturias.com\\\/magazine365\\\/#website\",\"url\":\"https:\\\/\\\/eldigitaldeasturias.com\\\/magazine365\\\/\",\"name\":\"El Digital de Asturias\",\"description\":\"Revista de ocio, turismo y estilo de vida\",\"inLanguage\":\"es-ES\",\"publisher\":{\"@id\":\"https:\\\/\\\/eldigitaldeasturias.com\\\/magazine365\\\/#organization\"}}]}\n\t\t<\/script>\n\t\t<!-- All in One SEO Pro -->\r\n\t\t<title>El sector hotelero avala el proyecto de una isla basada en energ\u00edas renovables que propone el Cabildo de Gran Canaria | El Digital de Asturias<\/title>\n\n","aioseo_head_json":{"title":"El sector hotelero avala el proyecto de una isla basada en energ\u00edas renovables que propone el Cabildo de Gran Canaria | El Digital de Asturias","description":"El sector hotelero ha avalado el proyecto de una isla basada en energ\u00edas renovables que propone el presidente del Cabildo de Gran Canaria, Antonio Morales, despu\u00e9s de que el m\u00e1ximo responsable de la patronal tur\u00edstica de Las Palmas, Fernando Fraile, haya apoyado esta iniciativa. \"[Morales] se ha ganado el clich\u00e9 de ser el mayor defensor","canonical_url":"https:\/\/eldigitaldeasturias.com\/magazine365\/el-sector-hotelero-avala-el-proyecto-de-una-isla-basada-en-energias-renovables-que-propone-el-cabildo-de-gran-canaria\/","robots":"max-image-preview:large","keywords":"noticias y actualidad","webmasterTools":{"google-site-verification":"UA-38556648-1","miscellaneous":""},"schema":{"@context":"https:\/\/schema.org","@graph":[{"@type":"Article","@id":"https:\/\/eldigitaldeasturias.com\/magazine365\/el-sector-hotelero-avala-el-proyecto-de-una-isla-basada-en-energias-renovables-que-propone-el-cabildo-de-gran-canaria\/#article","name":"El sector hotelero avala el proyecto de una isla basada en energ\u00edas renovables que propone el Cabildo de Gran Canaria | El Digital de Asturias","headline":"El sector hotelero avala el proyecto de una isla basada en energ\u00edas renovables que propone el Cabildo de Gran Canaria","author":{"@id":"https:\/\/eldigitaldeasturias.com\/magazine365\/author\/admin\/#author"},"publisher":{"@id":"https:\/\/eldigitaldeasturias.com\/magazine365\/#organization"},"image":{"@type":"ImageObject","url":"https:\/\/eldigitaldeasturias.com\/magazine365\/wp-content\/uploads\/2015\/12\/fotonoticia_20151215190255_800.jpg","width":800,"height":539},"datePublished":"2015-12-15T20:58:36+01:00","dateModified":"2015-12-15T20:58:36+01:00","inLanguage":"es-ES","mainEntityOfPage":{"@id":"https:\/\/eldigitaldeasturias.com\/magazine365\/el-sector-hotelero-avala-el-proyecto-de-una-isla-basada-en-energias-renovables-que-propone-el-cabildo-de-gran-canaria\/#webpage"},"isPartOf":{"@id":"https:\/\/eldigitaldeasturias.com\/magazine365\/el-sector-hotelero-avala-el-proyecto-de-una-isla-basada-en-energias-renovables-que-propone-el-cabildo-de-gran-canaria\/#webpage"},"articleSection":"Noticias y Actualidad"},{"@type":"BreadcrumbList","@id":"https:\/\/eldigitaldeasturias.com\/magazine365\/el-sector-hotelero-avala-el-proyecto-de-una-isla-basada-en-energias-renovables-que-propone-el-cabildo-de-gran-canaria\/#breadcrumblist","itemListElement":[{"@type":"ListItem","@id":"https:\/\/eldigitaldeasturias.com\/magazine365#listItem","position":1,"name":"Home","item":"https:\/\/eldigitaldeasturias.com\/magazine365","nextItem":{"@type":"ListItem","@id":"https:\/\/eldigitaldeasturias.com\/magazine365\/category\/noticias-actualidad\/#listItem","name":"Noticias y Actualidad"}},{"@type":"ListItem","@id":"https:\/\/eldigitaldeasturias.com\/magazine365\/category\/noticias-actualidad\/#listItem","position":2,"name":"Noticias y Actualidad","item":"https:\/\/eldigitaldeasturias.com\/magazine365\/category\/noticias-actualidad\/","nextItem":{"@type":"ListItem","@id":"https:\/\/eldigitaldeasturias.com\/magazine365\/el-sector-hotelero-avala-el-proyecto-de-una-isla-basada-en-energias-renovables-que-propone-el-cabildo-de-gran-canaria\/#listItem","name":"El sector hotelero avala el proyecto de una isla basada en energ\u00edas renovables que propone el Cabildo de Gran Canaria"},"previousItem":{"@type":"ListItem","@id":"https:\/\/eldigitaldeasturias.com\/magazine365#listItem","name":"Home"}},{"@type":"ListItem","@id":"https:\/\/eldigitaldeasturias.com\/magazine365\/el-sector-hotelero-avala-el-proyecto-de-una-isla-basada-en-energias-renovables-que-propone-el-cabildo-de-gran-canaria\/#listItem","position":3,"name":"El sector hotelero avala el proyecto de una isla basada en energ\u00edas renovables que propone el Cabildo de Gran Canaria","previousItem":{"@type":"ListItem","@id":"https:\/\/eldigitaldeasturias.com\/magazine365\/category\/noticias-actualidad\/#listItem","name":"Noticias y Actualidad"}}]},{"@type":"Organization","@id":"https:\/\/eldigitaldeasturias.com\/magazine365\/#organization","name":"El digital de Asturias","description":"Revista de ocio, turismo y estilo de vida","url":"https:\/\/eldigitaldeasturias.com\/magazine365\/","logo":{"@type":"ImageObject","url":"https:\/\/www.eldigitaldeasturias.com\/noticias\/wp-content\/uploads\/2020\/12\/EDA.jpg","@id":"https:\/\/eldigitaldeasturias.com\/magazine365\/el-sector-hotelero-avala-el-proyecto-de-una-isla-basada-en-energias-renovables-que-propone-el-cabildo-de-gran-canaria\/#organizationLogo"},"image":{"@id":"https:\/\/eldigitaldeasturias.com\/magazine365\/el-sector-hotelero-avala-el-proyecto-de-una-isla-basada-en-energias-renovables-que-propone-el-cabildo-de-gran-canaria\/#organizationLogo"}},{"@type":"Person","@id":"https:\/\/eldigitaldeasturias.com\/magazine365\/author\/admin\/#author","url":"https:\/\/eldigitaldeasturias.com\/magazine365\/author\/admin\/","name":"admin","image":{"@type":"ImageObject","@id":"https:\/\/eldigitaldeasturias.com\/magazine365\/el-sector-hotelero-avala-el-proyecto-de-una-isla-basada-en-energias-renovables-que-propone-el-cabildo-de-gran-canaria\/#authorImage","url":"https:\/\/eldigitaldeasturias.com\/magazine365\/wp-content\/litespeed\/avatar\/e571bcf59a0edd6fa6838245a470f2fe.jpg?ver=1777574230","width":96,"height":96,"caption":"admin"}},{"@type":"WebPage","@id":"https:\/\/eldigitaldeasturias.com\/magazine365\/el-sector-hotelero-avala-el-proyecto-de-una-isla-basada-en-energias-renovables-que-propone-el-cabildo-de-gran-canaria\/#webpage","url":"https:\/\/eldigitaldeasturias.com\/magazine365\/el-sector-hotelero-avala-el-proyecto-de-una-isla-basada-en-energias-renovables-que-propone-el-cabildo-de-gran-canaria\/","name":"El sector hotelero avala el proyecto de una isla basada en energ\u00edas renovables que propone el Cabildo de Gran Canaria | El Digital de Asturias","description":"El sector hotelero ha avalado el proyecto de una isla basada en energ\u00edas renovables que propone el presidente del Cabildo de Gran Canaria, Antonio Morales, despu\u00e9s de que el m\u00e1ximo responsable de la patronal tur\u00edstica de Las Palmas, Fernando Fraile, haya apoyado esta iniciativa. \"[Morales] se ha ganado el clich\u00e9 de ser el mayor defensor","inLanguage":"es-ES","isPartOf":{"@id":"https:\/\/eldigitaldeasturias.com\/magazine365\/#website"},"breadcrumb":{"@id":"https:\/\/eldigitaldeasturias.com\/magazine365\/el-sector-hotelero-avala-el-proyecto-de-una-isla-basada-en-energias-renovables-que-propone-el-cabildo-de-gran-canaria\/#breadcrumblist"},"author":{"@id":"https:\/\/eldigitaldeasturias.com\/magazine365\/author\/admin\/#author"},"creator":{"@id":"https:\/\/eldigitaldeasturias.com\/magazine365\/author\/admin\/#author"},"image":{"@type":"ImageObject","url":"https:\/\/eldigitaldeasturias.com\/magazine365\/wp-content\/uploads\/2015\/12\/fotonoticia_20151215190255_800.jpg","@id":"https:\/\/eldigitaldeasturias.com\/magazine365\/el-sector-hotelero-avala-el-proyecto-de-una-isla-basada-en-energias-renovables-que-propone-el-cabildo-de-gran-canaria\/#mainImage","width":800,"height":539},"primaryImageOfPage":{"@id":"https:\/\/eldigitaldeasturias.com\/magazine365\/el-sector-hotelero-avala-el-proyecto-de-una-isla-basada-en-energias-renovables-que-propone-el-cabildo-de-gran-canaria\/#mainImage"},"datePublished":"2015-12-15T20:58:36+01:00","dateModified":"2015-12-15T20:58:36+01:00"},{"@type":"WebSite","@id":"https:\/\/eldigitaldeasturias.com\/magazine365\/#website","url":"https:\/\/eldigitaldeasturias.com\/magazine365\/","name":"El Digital de Asturias","description":"Revista de ocio, turismo y estilo de vida","inLanguage":"es-ES","publisher":{"@id":"https:\/\/eldigitaldeasturias.com\/magazine365\/#organization"}}]},"og:locale":"es_ES","og:site_name":"El Digital de Asturias \u2013 Revista de ocio, turismo y estilo de vida","og:type":"article","og:title":"El sector hotelero avala el proyecto de una isla basada en energ\u00edas renovables que propone el Cabildo de Gran Canaria | El Digital de Asturias","og:description":"El sector hotelero ha avalado el proyecto de una isla basada en energ\u00edas renovables que propone el presidente del Cabildo de Gran Canaria, Antonio Morales, despu\u00e9s de que el m\u00e1ximo responsable de la patronal tur\u00edstica de Las Palmas, Fernando Fraile, haya apoyado esta iniciativa. &quot;[Morales] se ha ganado el clich\u00e9 de ser el mayor defensor","og:url":"https:\/\/eldigitaldeasturias.com\/magazine365\/el-sector-hotelero-avala-el-proyecto-de-una-isla-basada-en-energias-renovables-que-propone-el-cabildo-de-gran-canaria\/","og:image":"https:\/\/eldigitaldeasturias.com\/magazine365\/wp-content\/uploads\/2015\/12\/fotonoticia_20151215190255_800.jpg","og:image:secure_url":"https:\/\/eldigitaldeasturias.com\/magazine365\/wp-content\/uploads\/2015\/12\/fotonoticia_20151215190255_800.jpg","og:image:width":800,"og:image:height":539,"article:published_time":"2015-12-15T19:58:36+00:00","article:modified_time":"2015-12-15T19:58:36+00:00","twitter:card":"summary_large_image","twitter:title":"El sector hotelero avala el proyecto de una isla basada en energ\u00edas renovables que propone el Cabildo de Gran Canaria | El Digital de Asturias","twitter:description":"El sector hotelero ha avalado el proyecto de una isla basada en energ\u00edas renovables que propone el presidente del Cabildo de Gran Canaria, Antonio Morales, despu\u00e9s de que el m\u00e1ximo responsable de la patronal tur\u00edstica de Las Palmas, Fernando Fraile, haya apoyado esta iniciativa. &quot;[Morales] se ha ganado el clich\u00e9 de ser el mayor defensor","twitter:image":"https:\/\/eldigitaldeasturias.com\/magazine365\/wp-content\/uploads\/2015\/12\/fotonoticia_20151215190255_800.jpg"},"aioseo_meta_data":{"post_id":"58596","title":null,"description":null,"keywords":null,"keyphrases":null,"primary_term":null,"canonical_url":null,"og_title":null,"og_description":null,"og_object_type":"default","og_image_type":"default","og_image_url":null,"og_image_width":null,"og_image_height":null,"og_image_custom_url":null,"og_image_custom_fields":null,"og_video":null,"og_custom_url":null,"og_article_section":null,"og_article_tags":null,"twitter_use_og":false,"twitter_card":"default","twitter_image_type":"default","twitter_image_url":null,"twitter_image_custom_url":null,"twitter_image_custom_fields":null,"twitter_title":null,"twitter_description":null,"schema":{"blockGraphs":[],"customGraphs":[],"default":{"data":{"Article":[],"Course":[],"Dataset":[],"FAQPage":[],"Movie":[],"Person":[],"Product":[],"ProductReview":[],"Car":[],"Recipe":[],"Service":[],"SoftwareApplication":[],"WebPage":[]},"graphName":"","isEnabled":true},"graphs":[],"defaultGraph":"","defaultPostTypeGraph":""},"schema_type":null,"schema_type_options":null,"pillar_content":false,"robots_default":true,"robots_noindex":false,"robots_noarchive":false,"robots_nosnippet":false,"robots_nofollow":false,"robots_noimageindex":false,"robots_noodp":false,"robots_notranslate":false,"robots_max_snippet":null,"robots_max_videopreview":null,"robots_max_imagepreview":"large","priority":null,"frequency":null,"location":null,"local_seo":null,"seo_analyzer_scan_date":"2025-09-25 03:18:00","breadcrumb_settings":null,"limit_modified_date":false,"open_ai":null,"ai":null,"created":"2021-03-08 22:27:48","updated":"2025-09-25 03:18:00"},"aioseo_breadcrumb":"<div class=\"aioseo-breadcrumbs\"><span class=\"aioseo-breadcrumb\">\n\t<a href=\"https:\/\/eldigitaldeasturias.com\/magazine365\" title=\"Home\">Home<\/a>\n<\/span><span class=\"aioseo-breadcrumb-separator\">\u2013<\/span><span class=\"aioseo-breadcrumb\">\n\t<a href=\"https:\/\/eldigitaldeasturias.com\/magazine365\/category\/noticias-actualidad\/\" title=\"Noticias y Actualidad\">Noticias y Actualidad<\/a>\n<\/span><span class=\"aioseo-breadcrumb-separator\">\u2013<\/span><span class=\"aioseo-breadcrumb\">\n\t<a href=\"https:\/\/eldigitaldeasturias.com\/magazine365\/el-sector-hotelero-avala-el-proyecto-de-una-isla-basada-en-energias-renovables-que-propone-el-cabildo-de-gran-canaria\/\" title=\"El sector hotelero avala el proyecto de una isla basada en energ\u00edas renovables que propone el Cabildo de Gran Canaria\">El sector hotelero avala el proyecto de una isla basada en energ\u00edas renovables que propone el Cabildo de Gran Canaria<\/a>\n<\/span><\/div>","aioseo_breadcrumb_json":[{"label":"Home","link":"https:\/\/eldigitaldeasturias.com\/magazine365"},{"label":"Noticias y Actualidad","link":"https:\/\/eldigitaldeasturias.com\/magazine365\/category\/noticias-actualidad\/"},{"label":"El sector hotelero avala el proyecto de una isla basada en energ\u00edas renovables que propone el Cabildo de Gran Canaria","link":"https:\/\/eldigitaldeasturias.com\/magazine365\/el-sector-hotelero-avala-el-proyecto-de-una-isla-basada-en-energias-renovables-que-propone-el-cabildo-de-gran-canaria\/"}],"_links":{"self":[{"href":"https:\/\/eldigitaldeasturias.com\/magazine365\/wp-json\/wp\/v2\/posts\/58596","targetHints":{"allow":["GET"]}}],"collection":[{"href":"https:\/\/eldigitaldeasturias.com\/magazine365\/wp-json\/wp\/v2\/posts"}],"about":[{"href":"https:\/\/eldigitaldeasturias.com\/magazine365\/wp-json\/wp\/v2\/types\/post"}],"author":[{"embeddable":true,"href":"https:\/\/eldigitaldeasturias.com\/magazine365\/wp-json\/wp\/v2\/users\/1"}],"replies":[{"embeddable":true,"href":"https:\/\/eldigitaldeasturias.com\/magazine365\/wp-json\/wp\/v2\/comments?post=58596"}],"version-history":[{"count":0,"href":"https:\/\/eldigitaldeasturias.com\/magazine365\/wp-json\/wp\/v2\/posts\/58596\/revisions"}],"wp:featuredmedia":[{"embeddable":true,"href":"https:\/\/eldigitaldeasturias.com\/magazine365\/wp-json\/wp\/v2\/media\/58597"}],"wp:attachment":[{"href":"https:\/\/eldigitaldeasturias.com\/magazine365\/wp-json\/wp\/v2\/media?parent=58596"}],"wp:term":[{"taxonomy":"category","embeddable":true,"href":"https:\/\/eldigitaldeasturias.com\/magazine365\/wp-json\/wp\/v2\/categories?post=58596"},{"taxonomy":"post_tag","embeddable":true,"href":"https:\/\/eldigitaldeasturias.com\/magazine365\/wp-json\/wp\/v2\/tags?post=58596"}],"curies":[{"name":"wp","href":"https:\/\/api.w.org\/{rel}","templated":true}]}}