{"id":58567,"date":"2015-12-15T20:26:55","date_gmt":"2015-12-15T19:26:55","guid":{"rendered":"http:\/\/eldigitaldeasturias.com\/magazine365\/?p=58567"},"modified":"2015-12-15T20:26:55","modified_gmt":"2015-12-15T19:26:55","slug":"la-mancomunidad-de-la-costa-del-sol-occidental-promueve-el-uso-de-las-playas-durante-todo-el-ano","status":"publish","type":"post","link":"https:\/\/eldigitaldeasturias.com\/magazine365\/la-mancomunidad-de-la-costa-del-sol-occidental-promueve-el-uso-de-las-playas-durante-todo-el-ano\/","title":{"rendered":"La Mancomunidad de la Costa del Sol Occidental promueve el uso de las playas durante todo el a\u00f1o"},"content":{"rendered":"<p><img fetchpriority=\"high\" decoding=\"async\" class=\"alignleft size-medium wp-image-58568\" src=\"https:\/\/eldigitaldeasturias.com\/magazine365\/wp-content\/uploads\/2015\/12\/fotonoticia_20151215173946_800-360x203.jpg\" alt=\"fotonoticia_20151215173946_800\" width=\"360\" height=\"203\" srcset=\"https:\/\/eldigitaldeasturias.com\/magazine365\/wp-content\/uploads\/2015\/12\/fotonoticia_20151215173946_800-360x203.jpg 360w, https:\/\/eldigitaldeasturias.com\/magazine365\/wp-content\/uploads\/2015\/12\/fotonoticia_20151215173946_800-650x366.jpg 650w, https:\/\/eldigitaldeasturias.com\/magazine365\/wp-content\/uploads\/2015\/12\/fotonoticia_20151215173946_800-768x432.jpg 768w, https:\/\/eldigitaldeasturias.com\/magazine365\/wp-content\/uploads\/2015\/12\/fotonoticia_20151215173946_800-150x84.jpg 150w, https:\/\/eldigitaldeasturias.com\/magazine365\/wp-content\/uploads\/2015\/12\/fotonoticia_20151215173946_800-450x253.jpg 450w, https:\/\/eldigitaldeasturias.com\/magazine365\/wp-content\/uploads\/2015\/12\/fotonoticia_20151215173946_800-696x392.jpg 696w, https:\/\/eldigitaldeasturias.com\/magazine365\/wp-content\/uploads\/2015\/12\/fotonoticia_20151215173946_800-747x420.jpg 747w, https:\/\/eldigitaldeasturias.com\/magazine365\/wp-content\/uploads\/2015\/12\/fotonoticia_20151215173946_800-499x280.jpg 499w, https:\/\/eldigitaldeasturias.com\/magazine365\/wp-content\/uploads\/2015\/12\/fotonoticia_20151215173946_800.jpg 800w\" sizes=\"(max-width: 360px) 100vw, 360px\" \/>La Mancomunidad de Municipios de la Costa del Sol Occidental ha iniciado una campa\u00f1a, destinada a residentes y a visitantes, para reivindicar la playa como un espacio de diversi\u00f3n ocio, deporte y actividades n\u00e1uticas que puede ser utilizado durante todo el a\u00f1o y no solo durante la temporada oficial, que va de abril a septiembre.<\/p>\n<p>El delegado de Playas de la Mancomunidad, Diego L\u00f3pez, ha insistido en que \u00abhay vida en las playas despu\u00e9s del verano\u00bb, incluso ha a\u00f1adido que \u00abhay ventajas muy considerables en usarlas en el periodo entre septiembre y abril, ya que es posible disfrutarlas sin tantas aglomeraciones y con temperaturas m\u00e1s agradables\u00bb.<\/p>\n<p>La Mancomunidad ha elaborado un v\u00eddeo para mostrar esas virtudes, entre las que, seg\u00fan L\u00f3pez, se encuentran algunas tan importantes como los mejores precios de los hoteles, la disminuci\u00f3n del tr\u00e1fico, el aparcamiento m\u00e1s asequible o la disminuci\u00f3n de aglomeraciones en los restaurantes.<\/p>\n<p>\u00abHay un sinf\u00edn de ventajas que aconsejan seguir usando la playa todo el a\u00f1o\u00bb, ha defendido en un comunicado el representante de la Mancomunidad de Municipios de la Costa del Sol Occidental.<\/p>\n<p>Adem\u00e1s del v\u00eddeo, se ha creado la etiqueta #LOVECOSTADELSOL para que la gente comparta en las redes sociales sus fotograf\u00edas y experiencias en la playa.<\/p>\n","protected":false},"excerpt":{"rendered":"<p>La Mancomunidad de Municipios de la Costa del Sol Occidental ha iniciado una campa\u00f1a, destinada a residentes y a visitantes, para reivindicar la playa como un espacio de diversi\u00f3n ocio, deporte y actividades n\u00e1uticas que puede ser utilizado durante todo el a\u00f1o y no solo durante la temporada oficial, que va de abril a septiembre.<\/p>\n","protected":false},"author":1,"featured_media":58568,"comment_status":"open","ping_status":"closed","sticky":false,"template":"","format":"standard","meta":{"footnotes":""},"categories":[224],"tags":[],"class_list":{"0":"post-58567","1":"post","2":"type-post","3":"status-publish","4":"format-standard","5":"has-post-thumbnail","7":"category-noticias-actualidad"},"aioseo_notices":[],"aioseo_head":"\n\t\t<!-- All in One SEO Pro 4.9.6.1 - aioseo.com -->\n\t<meta name=\"description\" content=\"La Mancomunidad de Municipios de la Costa del Sol Occidental ha iniciado una campa\u00f1a, destinada a residentes y a visitantes, para reivindicar la playa como un espacio de diversi\u00f3n ocio, deporte y actividades n\u00e1uticas que puede ser utilizado durante todo el a\u00f1o y no solo durante la temporada oficial, que va de abril a septiembre.\" \/>\n\t<meta name=\"robots\" content=\"max-image-preview:large\" \/>\n\t<meta name=\"author\" content=\"admin\"\/>\n\t<meta name=\"google-site-verification\" content=\"UA-38556648-1\" \/>\n\t<meta name=\"keywords\" content=\"noticias y actualidad\" \/>\n\t<link rel=\"canonical\" href=\"https:\/\/eldigitaldeasturias.com\/magazine365\/la-mancomunidad-de-la-costa-del-sol-occidental-promueve-el-uso-de-las-playas-durante-todo-el-ano\/\" \/>\n\t<meta name=\"generator\" content=\"All in One SEO Pro (AIOSEO) 4.9.6.1\" \/>\n\t\t<meta property=\"og:locale\" content=\"es_ES\" \/>\n\t\t<meta property=\"og:site_name\" content=\"El Digital de Asturias \u2013 Revista de ocio, turismo y estilo de vida\" \/>\n\t\t<meta property=\"og:type\" content=\"article\" \/>\n\t\t<meta property=\"og:title\" content=\"La Mancomunidad de la Costa del Sol Occidental promueve el uso de las playas durante todo el a\u00f1o | El Digital de Asturias\" \/>\n\t\t<meta property=\"og:description\" content=\"La Mancomunidad de Municipios de la Costa del Sol Occidental ha iniciado una campa\u00f1a, destinada a residentes y a visitantes, para reivindicar la playa como un espacio de diversi\u00f3n ocio, deporte y actividades n\u00e1uticas que puede ser utilizado durante todo el a\u00f1o y no solo durante la temporada oficial, que va de abril a septiembre.\" \/>\n\t\t<meta property=\"og:url\" content=\"https:\/\/eldigitaldeasturias.com\/magazine365\/la-mancomunidad-de-la-costa-del-sol-occidental-promueve-el-uso-de-las-playas-durante-todo-el-ano\/\" \/>\n\t\t<meta property=\"og:image\" content=\"https:\/\/eldigitaldeasturias.com\/magazine365\/wp-content\/uploads\/2015\/12\/fotonoticia_20151215173946_800.jpg\" \/>\n\t\t<meta property=\"og:image:secure_url\" content=\"https:\/\/eldigitaldeasturias.com\/magazine365\/wp-content\/uploads\/2015\/12\/fotonoticia_20151215173946_800.jpg\" \/>\n\t\t<meta property=\"og:image:width\" content=\"800\" \/>\n\t\t<meta property=\"og:image:height\" content=\"450\" \/>\n\t\t<meta property=\"article:published_time\" content=\"2015-12-15T19:26:55+00:00\" \/>\n\t\t<meta property=\"article:modified_time\" content=\"2015-12-15T19:26:55+00:00\" \/>\n\t\t<meta name=\"twitter:card\" content=\"summary_large_image\" \/>\n\t\t<meta name=\"twitter:title\" content=\"La Mancomunidad de la Costa del Sol Occidental promueve el uso de las playas durante todo el a\u00f1o | El Digital de Asturias\" \/>\n\t\t<meta name=\"twitter:description\" content=\"La Mancomunidad de Municipios de la Costa del Sol Occidental ha iniciado una campa\u00f1a, destinada a residentes y a visitantes, para reivindicar la playa como un espacio de diversi\u00f3n ocio, deporte y actividades n\u00e1uticas que puede ser utilizado durante todo el a\u00f1o y no solo durante la temporada oficial, que va de abril a septiembre.\" \/>\n\t\t<meta name=\"twitter:image\" content=\"https:\/\/eldigitaldeasturias.com\/magazine365\/wp-content\/uploads\/2015\/12\/fotonoticia_20151215173946_800.jpg\" \/>\n\t\t<script type=\"application\/ld+json\" class=\"aioseo-schema\">\n\t\t\t{\"@context\":\"https:\\\/\\\/schema.org\",\"@graph\":[{\"@type\":\"Article\",\"@id\":\"https:\\\/\\\/eldigitaldeasturias.com\\\/magazine365\\\/la-mancomunidad-de-la-costa-del-sol-occidental-promueve-el-uso-de-las-playas-durante-todo-el-ano\\\/#article\",\"name\":\"La Mancomunidad de la Costa del Sol Occidental promueve el uso de las playas durante todo el a\\u00f1o | El Digital de Asturias\",\"headline\":\"La Mancomunidad de la Costa del Sol Occidental promueve el uso de las playas durante todo el a\\u00f1o\",\"author\":{\"@id\":\"https:\\\/\\\/eldigitaldeasturias.com\\\/magazine365\\\/author\\\/admin\\\/#author\"},\"publisher\":{\"@id\":\"https:\\\/\\\/eldigitaldeasturias.com\\\/magazine365\\\/#organization\"},\"image\":{\"@type\":\"ImageObject\",\"url\":\"https:\\\/\\\/eldigitaldeasturias.com\\\/magazine365\\\/wp-content\\\/uploads\\\/2015\\\/12\\\/fotonoticia_20151215173946_800.jpg\",\"width\":800,\"height\":450},\"datePublished\":\"2015-12-15T20:26:55+01:00\",\"dateModified\":\"2015-12-15T20:26:55+01:00\",\"inLanguage\":\"es-ES\",\"mainEntityOfPage\":{\"@id\":\"https:\\\/\\\/eldigitaldeasturias.com\\\/magazine365\\\/la-mancomunidad-de-la-costa-del-sol-occidental-promueve-el-uso-de-las-playas-durante-todo-el-ano\\\/#webpage\"},\"isPartOf\":{\"@id\":\"https:\\\/\\\/eldigitaldeasturias.com\\\/magazine365\\\/la-mancomunidad-de-la-costa-del-sol-occidental-promueve-el-uso-de-las-playas-durante-todo-el-ano\\\/#webpage\"},\"articleSection\":\"Noticias y Actualidad\"},{\"@type\":\"BreadcrumbList\",\"@id\":\"https:\\\/\\\/eldigitaldeasturias.com\\\/magazine365\\\/la-mancomunidad-de-la-costa-del-sol-occidental-promueve-el-uso-de-las-playas-durante-todo-el-ano\\\/#breadcrumblist\",\"itemListElement\":[{\"@type\":\"ListItem\",\"@id\":\"https:\\\/\\\/eldigitaldeasturias.com\\\/magazine365#listItem\",\"position\":1,\"name\":\"Home\",\"item\":\"https:\\\/\\\/eldigitaldeasturias.com\\\/magazine365\",\"nextItem\":{\"@type\":\"ListItem\",\"@id\":\"https:\\\/\\\/eldigitaldeasturias.com\\\/magazine365\\\/category\\\/noticias-actualidad\\\/#listItem\",\"name\":\"Noticias y Actualidad\"}},{\"@type\":\"ListItem\",\"@id\":\"https:\\\/\\\/eldigitaldeasturias.com\\\/magazine365\\\/category\\\/noticias-actualidad\\\/#listItem\",\"position\":2,\"name\":\"Noticias y Actualidad\",\"item\":\"https:\\\/\\\/eldigitaldeasturias.com\\\/magazine365\\\/category\\\/noticias-actualidad\\\/\",\"nextItem\":{\"@type\":\"ListItem\",\"@id\":\"https:\\\/\\\/eldigitaldeasturias.com\\\/magazine365\\\/la-mancomunidad-de-la-costa-del-sol-occidental-promueve-el-uso-de-las-playas-durante-todo-el-ano\\\/#listItem\",\"name\":\"La Mancomunidad de la Costa del Sol Occidental promueve el uso de las playas durante todo el a\\u00f1o\"},\"previousItem\":{\"@type\":\"ListItem\",\"@id\":\"https:\\\/\\\/eldigitaldeasturias.com\\\/magazine365#listItem\",\"name\":\"Home\"}},{\"@type\":\"ListItem\",\"@id\":\"https:\\\/\\\/eldigitaldeasturias.com\\\/magazine365\\\/la-mancomunidad-de-la-costa-del-sol-occidental-promueve-el-uso-de-las-playas-durante-todo-el-ano\\\/#listItem\",\"position\":3,\"name\":\"La Mancomunidad de la Costa del Sol Occidental promueve el uso de las playas durante todo el a\\u00f1o\",\"previousItem\":{\"@type\":\"ListItem\",\"@id\":\"https:\\\/\\\/eldigitaldeasturias.com\\\/magazine365\\\/category\\\/noticias-actualidad\\\/#listItem\",\"name\":\"Noticias y Actualidad\"}}]},{\"@type\":\"Organization\",\"@id\":\"https:\\\/\\\/eldigitaldeasturias.com\\\/magazine365\\\/#organization\",\"name\":\"El digital de Asturias\",\"description\":\"Revista de ocio, turismo y estilo de vida\",\"url\":\"https:\\\/\\\/eldigitaldeasturias.com\\\/magazine365\\\/\",\"logo\":{\"@type\":\"ImageObject\",\"url\":\"https:\\\/\\\/www.eldigitaldeasturias.com\\\/noticias\\\/wp-content\\\/uploads\\\/2020\\\/12\\\/EDA.jpg\",\"@id\":\"https:\\\/\\\/eldigitaldeasturias.com\\\/magazine365\\\/la-mancomunidad-de-la-costa-del-sol-occidental-promueve-el-uso-de-las-playas-durante-todo-el-ano\\\/#organizationLogo\"},\"image\":{\"@id\":\"https:\\\/\\\/eldigitaldeasturias.com\\\/magazine365\\\/la-mancomunidad-de-la-costa-del-sol-occidental-promueve-el-uso-de-las-playas-durante-todo-el-ano\\\/#organizationLogo\"}},{\"@type\":\"Person\",\"@id\":\"https:\\\/\\\/eldigitaldeasturias.com\\\/magazine365\\\/author\\\/admin\\\/#author\",\"url\":\"https:\\\/\\\/eldigitaldeasturias.com\\\/magazine365\\\/author\\\/admin\\\/\",\"name\":\"admin\",\"image\":{\"@type\":\"ImageObject\",\"@id\":\"https:\\\/\\\/eldigitaldeasturias.com\\\/magazine365\\\/la-mancomunidad-de-la-costa-del-sol-occidental-promueve-el-uso-de-las-playas-durante-todo-el-ano\\\/#authorImage\",\"url\":\"https:\\\/\\\/eldigitaldeasturias.com\\\/magazine365\\\/wp-content\\\/litespeed\\\/avatar\\\/e571bcf59a0edd6fa6838245a470f2fe.jpg?ver=1777574230\",\"width\":96,\"height\":96,\"caption\":\"admin\"}},{\"@type\":\"WebPage\",\"@id\":\"https:\\\/\\\/eldigitaldeasturias.com\\\/magazine365\\\/la-mancomunidad-de-la-costa-del-sol-occidental-promueve-el-uso-de-las-playas-durante-todo-el-ano\\\/#webpage\",\"url\":\"https:\\\/\\\/eldigitaldeasturias.com\\\/magazine365\\\/la-mancomunidad-de-la-costa-del-sol-occidental-promueve-el-uso-de-las-playas-durante-todo-el-ano\\\/\",\"name\":\"La Mancomunidad de la Costa del Sol Occidental promueve el uso de las playas durante todo el a\\u00f1o | El Digital de Asturias\",\"description\":\"La Mancomunidad de Municipios de la Costa del Sol Occidental ha iniciado una campa\\u00f1a, destinada a residentes y a visitantes, para reivindicar la playa como un espacio de diversi\\u00f3n ocio, deporte y actividades n\\u00e1uticas que puede ser utilizado durante todo el a\\u00f1o y no solo durante la temporada oficial, que va de abril a septiembre.\",\"inLanguage\":\"es-ES\",\"isPartOf\":{\"@id\":\"https:\\\/\\\/eldigitaldeasturias.com\\\/magazine365\\\/#website\"},\"breadcrumb\":{\"@id\":\"https:\\\/\\\/eldigitaldeasturias.com\\\/magazine365\\\/la-mancomunidad-de-la-costa-del-sol-occidental-promueve-el-uso-de-las-playas-durante-todo-el-ano\\\/#breadcrumblist\"},\"author\":{\"@id\":\"https:\\\/\\\/eldigitaldeasturias.com\\\/magazine365\\\/author\\\/admin\\\/#author\"},\"creator\":{\"@id\":\"https:\\\/\\\/eldigitaldeasturias.com\\\/magazine365\\\/author\\\/admin\\\/#author\"},\"image\":{\"@type\":\"ImageObject\",\"url\":\"https:\\\/\\\/eldigitaldeasturias.com\\\/magazine365\\\/wp-content\\\/uploads\\\/2015\\\/12\\\/fotonoticia_20151215173946_800.jpg\",\"@id\":\"https:\\\/\\\/eldigitaldeasturias.com\\\/magazine365\\\/la-mancomunidad-de-la-costa-del-sol-occidental-promueve-el-uso-de-las-playas-durante-todo-el-ano\\\/#mainImage\",\"width\":800,\"height\":450},\"primaryImageOfPage\":{\"@id\":\"https:\\\/\\\/eldigitaldeasturias.com\\\/magazine365\\\/la-mancomunidad-de-la-costa-del-sol-occidental-promueve-el-uso-de-las-playas-durante-todo-el-ano\\\/#mainImage\"},\"datePublished\":\"2015-12-15T20:26:55+01:00\",\"dateModified\":\"2015-12-15T20:26:55+01:00\"},{\"@type\":\"WebSite\",\"@id\":\"https:\\\/\\\/eldigitaldeasturias.com\\\/magazine365\\\/#website\",\"url\":\"https:\\\/\\\/eldigitaldeasturias.com\\\/magazine365\\\/\",\"name\":\"El Digital de Asturias\",\"description\":\"Revista de ocio, turismo y estilo de vida\",\"inLanguage\":\"es-ES\",\"publisher\":{\"@id\":\"https:\\\/\\\/eldigitaldeasturias.com\\\/magazine365\\\/#organization\"}}]}\n\t\t<\/script>\n\t\t<!-- All in One SEO Pro -->\r\n\t\t<title>La Mancomunidad de la Costa del Sol Occidental promueve el uso de las playas durante todo el a\u00f1o | El Digital de Asturias<\/title>\n\n","aioseo_head_json":{"title":"La Mancomunidad de la Costa del Sol Occidental promueve el uso de las playas durante todo el a\u00f1o | El Digital de Asturias","description":"La Mancomunidad de Municipios de la Costa del Sol Occidental ha iniciado una campa\u00f1a, destinada a residentes y a visitantes, para reivindicar la playa como un espacio de diversi\u00f3n ocio, deporte y actividades n\u00e1uticas que puede ser utilizado durante todo el a\u00f1o y no solo durante la temporada oficial, que va de abril a septiembre.","canonical_url":"https:\/\/eldigitaldeasturias.com\/magazine365\/la-mancomunidad-de-la-costa-del-sol-occidental-promueve-el-uso-de-las-playas-durante-todo-el-ano\/","robots":"max-image-preview:large","keywords":"noticias y actualidad","webmasterTools":{"google-site-verification":"UA-38556648-1","miscellaneous":""},"schema":{"@context":"https:\/\/schema.org","@graph":[{"@type":"Article","@id":"https:\/\/eldigitaldeasturias.com\/magazine365\/la-mancomunidad-de-la-costa-del-sol-occidental-promueve-el-uso-de-las-playas-durante-todo-el-ano\/#article","name":"La Mancomunidad de la Costa del Sol Occidental promueve el uso de las playas durante todo el a\u00f1o | El Digital de Asturias","headline":"La Mancomunidad de la Costa del Sol Occidental promueve el uso de las playas durante todo el a\u00f1o","author":{"@id":"https:\/\/eldigitaldeasturias.com\/magazine365\/author\/admin\/#author"},"publisher":{"@id":"https:\/\/eldigitaldeasturias.com\/magazine365\/#organization"},"image":{"@type":"ImageObject","url":"https:\/\/eldigitaldeasturias.com\/magazine365\/wp-content\/uploads\/2015\/12\/fotonoticia_20151215173946_800.jpg","width":800,"height":450},"datePublished":"2015-12-15T20:26:55+01:00","dateModified":"2015-12-15T20:26:55+01:00","inLanguage":"es-ES","mainEntityOfPage":{"@id":"https:\/\/eldigitaldeasturias.com\/magazine365\/la-mancomunidad-de-la-costa-del-sol-occidental-promueve-el-uso-de-las-playas-durante-todo-el-ano\/#webpage"},"isPartOf":{"@id":"https:\/\/eldigitaldeasturias.com\/magazine365\/la-mancomunidad-de-la-costa-del-sol-occidental-promueve-el-uso-de-las-playas-durante-todo-el-ano\/#webpage"},"articleSection":"Noticias y Actualidad"},{"@type":"BreadcrumbList","@id":"https:\/\/eldigitaldeasturias.com\/magazine365\/la-mancomunidad-de-la-costa-del-sol-occidental-promueve-el-uso-de-las-playas-durante-todo-el-ano\/#breadcrumblist","itemListElement":[{"@type":"ListItem","@id":"https:\/\/eldigitaldeasturias.com\/magazine365#listItem","position":1,"name":"Home","item":"https:\/\/eldigitaldeasturias.com\/magazine365","nextItem":{"@type":"ListItem","@id":"https:\/\/eldigitaldeasturias.com\/magazine365\/category\/noticias-actualidad\/#listItem","name":"Noticias y Actualidad"}},{"@type":"ListItem","@id":"https:\/\/eldigitaldeasturias.com\/magazine365\/category\/noticias-actualidad\/#listItem","position":2,"name":"Noticias y Actualidad","item":"https:\/\/eldigitaldeasturias.com\/magazine365\/category\/noticias-actualidad\/","nextItem":{"@type":"ListItem","@id":"https:\/\/eldigitaldeasturias.com\/magazine365\/la-mancomunidad-de-la-costa-del-sol-occidental-promueve-el-uso-de-las-playas-durante-todo-el-ano\/#listItem","name":"La Mancomunidad de la Costa del Sol Occidental promueve el uso de las playas durante todo el a\u00f1o"},"previousItem":{"@type":"ListItem","@id":"https:\/\/eldigitaldeasturias.com\/magazine365#listItem","name":"Home"}},{"@type":"ListItem","@id":"https:\/\/eldigitaldeasturias.com\/magazine365\/la-mancomunidad-de-la-costa-del-sol-occidental-promueve-el-uso-de-las-playas-durante-todo-el-ano\/#listItem","position":3,"name":"La Mancomunidad de la Costa del Sol Occidental promueve el uso de las playas durante todo el a\u00f1o","previousItem":{"@type":"ListItem","@id":"https:\/\/eldigitaldeasturias.com\/magazine365\/category\/noticias-actualidad\/#listItem","name":"Noticias y Actualidad"}}]},{"@type":"Organization","@id":"https:\/\/eldigitaldeasturias.com\/magazine365\/#organization","name":"El digital de Asturias","description":"Revista de ocio, turismo y estilo de vida","url":"https:\/\/eldigitaldeasturias.com\/magazine365\/","logo":{"@type":"ImageObject","url":"https:\/\/www.eldigitaldeasturias.com\/noticias\/wp-content\/uploads\/2020\/12\/EDA.jpg","@id":"https:\/\/eldigitaldeasturias.com\/magazine365\/la-mancomunidad-de-la-costa-del-sol-occidental-promueve-el-uso-de-las-playas-durante-todo-el-ano\/#organizationLogo"},"image":{"@id":"https:\/\/eldigitaldeasturias.com\/magazine365\/la-mancomunidad-de-la-costa-del-sol-occidental-promueve-el-uso-de-las-playas-durante-todo-el-ano\/#organizationLogo"}},{"@type":"Person","@id":"https:\/\/eldigitaldeasturias.com\/magazine365\/author\/admin\/#author","url":"https:\/\/eldigitaldeasturias.com\/magazine365\/author\/admin\/","name":"admin","image":{"@type":"ImageObject","@id":"https:\/\/eldigitaldeasturias.com\/magazine365\/la-mancomunidad-de-la-costa-del-sol-occidental-promueve-el-uso-de-las-playas-durante-todo-el-ano\/#authorImage","url":"https:\/\/eldigitaldeasturias.com\/magazine365\/wp-content\/litespeed\/avatar\/e571bcf59a0edd6fa6838245a470f2fe.jpg?ver=1777574230","width":96,"height":96,"caption":"admin"}},{"@type":"WebPage","@id":"https:\/\/eldigitaldeasturias.com\/magazine365\/la-mancomunidad-de-la-costa-del-sol-occidental-promueve-el-uso-de-las-playas-durante-todo-el-ano\/#webpage","url":"https:\/\/eldigitaldeasturias.com\/magazine365\/la-mancomunidad-de-la-costa-del-sol-occidental-promueve-el-uso-de-las-playas-durante-todo-el-ano\/","name":"La Mancomunidad de la Costa del Sol Occidental promueve el uso de las playas durante todo el a\u00f1o | El Digital de Asturias","description":"La Mancomunidad de Municipios de la Costa del Sol Occidental ha iniciado una campa\u00f1a, destinada a residentes y a visitantes, para reivindicar la playa como un espacio de diversi\u00f3n ocio, deporte y actividades n\u00e1uticas que puede ser utilizado durante todo el a\u00f1o y no solo durante la temporada oficial, que va de abril a septiembre.","inLanguage":"es-ES","isPartOf":{"@id":"https:\/\/eldigitaldeasturias.com\/magazine365\/#website"},"breadcrumb":{"@id":"https:\/\/eldigitaldeasturias.com\/magazine365\/la-mancomunidad-de-la-costa-del-sol-occidental-promueve-el-uso-de-las-playas-durante-todo-el-ano\/#breadcrumblist"},"author":{"@id":"https:\/\/eldigitaldeasturias.com\/magazine365\/author\/admin\/#author"},"creator":{"@id":"https:\/\/eldigitaldeasturias.com\/magazine365\/author\/admin\/#author"},"image":{"@type":"ImageObject","url":"https:\/\/eldigitaldeasturias.com\/magazine365\/wp-content\/uploads\/2015\/12\/fotonoticia_20151215173946_800.jpg","@id":"https:\/\/eldigitaldeasturias.com\/magazine365\/la-mancomunidad-de-la-costa-del-sol-occidental-promueve-el-uso-de-las-playas-durante-todo-el-ano\/#mainImage","width":800,"height":450},"primaryImageOfPage":{"@id":"https:\/\/eldigitaldeasturias.com\/magazine365\/la-mancomunidad-de-la-costa-del-sol-occidental-promueve-el-uso-de-las-playas-durante-todo-el-ano\/#mainImage"},"datePublished":"2015-12-15T20:26:55+01:00","dateModified":"2015-12-15T20:26:55+01:00"},{"@type":"WebSite","@id":"https:\/\/eldigitaldeasturias.com\/magazine365\/#website","url":"https:\/\/eldigitaldeasturias.com\/magazine365\/","name":"El Digital de Asturias","description":"Revista de ocio, turismo y estilo de vida","inLanguage":"es-ES","publisher":{"@id":"https:\/\/eldigitaldeasturias.com\/magazine365\/#organization"}}]},"og:locale":"es_ES","og:site_name":"El Digital de Asturias \u2013 Revista de ocio, turismo y estilo de vida","og:type":"article","og:title":"La Mancomunidad de la Costa del Sol Occidental promueve el uso de las playas durante todo el a\u00f1o | El Digital de Asturias","og:description":"La Mancomunidad de Municipios de la Costa del Sol Occidental ha iniciado una campa\u00f1a, destinada a residentes y a visitantes, para reivindicar la playa como un espacio de diversi\u00f3n ocio, deporte y actividades n\u00e1uticas que puede ser utilizado durante todo el a\u00f1o y no solo durante la temporada oficial, que va de abril a septiembre.","og:url":"https:\/\/eldigitaldeasturias.com\/magazine365\/la-mancomunidad-de-la-costa-del-sol-occidental-promueve-el-uso-de-las-playas-durante-todo-el-ano\/","og:image":"https:\/\/eldigitaldeasturias.com\/magazine365\/wp-content\/uploads\/2015\/12\/fotonoticia_20151215173946_800.jpg","og:image:secure_url":"https:\/\/eldigitaldeasturias.com\/magazine365\/wp-content\/uploads\/2015\/12\/fotonoticia_20151215173946_800.jpg","og:image:width":800,"og:image:height":450,"article:published_time":"2015-12-15T19:26:55+00:00","article:modified_time":"2015-12-15T19:26:55+00:00","twitter:card":"summary_large_image","twitter:title":"La Mancomunidad de la Costa del Sol Occidental promueve el uso de las playas durante todo el a\u00f1o | El Digital de Asturias","twitter:description":"La Mancomunidad de Municipios de la Costa del Sol Occidental ha iniciado una campa\u00f1a, destinada a residentes y a visitantes, para reivindicar la playa como un espacio de diversi\u00f3n ocio, deporte y actividades n\u00e1uticas que puede ser utilizado durante todo el a\u00f1o y no solo durante la temporada oficial, que va de abril a septiembre.","twitter:image":"https:\/\/eldigitaldeasturias.com\/magazine365\/wp-content\/uploads\/2015\/12\/fotonoticia_20151215173946_800.jpg"},"aioseo_meta_data":{"post_id":"58567","title":null,"description":null,"keywords":null,"keyphrases":null,"primary_term":null,"canonical_url":null,"og_title":null,"og_description":null,"og_object_type":"default","og_image_type":"default","og_image_url":null,"og_image_width":null,"og_image_height":null,"og_image_custom_url":null,"og_image_custom_fields":null,"og_video":null,"og_custom_url":null,"og_article_section":null,"og_article_tags":null,"twitter_use_og":false,"twitter_card":"default","twitter_image_type":"default","twitter_image_url":null,"twitter_image_custom_url":null,"twitter_image_custom_fields":null,"twitter_title":null,"twitter_description":null,"schema":{"blockGraphs":[],"customGraphs":[],"default":{"data":{"Article":[],"Course":[],"Dataset":[],"FAQPage":[],"Movie":[],"Person":[],"Product":[],"ProductReview":[],"Car":[],"Recipe":[],"Service":[],"SoftwareApplication":[],"WebPage":[]},"graphName":"","isEnabled":true},"graphs":[],"defaultGraph":"","defaultPostTypeGraph":""},"schema_type":null,"schema_type_options":null,"pillar_content":false,"robots_default":true,"robots_noindex":false,"robots_noarchive":false,"robots_nosnippet":false,"robots_nofollow":false,"robots_noimageindex":false,"robots_noodp":false,"robots_notranslate":false,"robots_max_snippet":null,"robots_max_videopreview":null,"robots_max_imagepreview":"large","priority":null,"frequency":null,"location":null,"local_seo":null,"seo_analyzer_scan_date":"2025-09-25 03:14:49","breadcrumb_settings":null,"limit_modified_date":false,"open_ai":null,"ai":null,"created":"2021-03-08 22:27:48","updated":"2025-09-25 03:14:49"},"aioseo_breadcrumb":"<div class=\"aioseo-breadcrumbs\"><span class=\"aioseo-breadcrumb\">\n\t<a href=\"https:\/\/eldigitaldeasturias.com\/magazine365\" title=\"Home\">Home<\/a>\n<\/span><span class=\"aioseo-breadcrumb-separator\">\u2013<\/span><span class=\"aioseo-breadcrumb\">\n\t<a href=\"https:\/\/eldigitaldeasturias.com\/magazine365\/category\/noticias-actualidad\/\" title=\"Noticias y Actualidad\">Noticias y Actualidad<\/a>\n<\/span><span class=\"aioseo-breadcrumb-separator\">\u2013<\/span><span class=\"aioseo-breadcrumb\">\n\t<a href=\"https:\/\/eldigitaldeasturias.com\/magazine365\/la-mancomunidad-de-la-costa-del-sol-occidental-promueve-el-uso-de-las-playas-durante-todo-el-ano\/\" title=\"La Mancomunidad de la Costa del Sol Occidental promueve el uso de las playas durante todo el a\u00f1o\">La Mancomunidad de la Costa del Sol Occidental promueve el uso de las playas durante todo el a\u00f1o<\/a>\n<\/span><\/div>","aioseo_breadcrumb_json":[{"label":"Home","link":"https:\/\/eldigitaldeasturias.com\/magazine365"},{"label":"Noticias y Actualidad","link":"https:\/\/eldigitaldeasturias.com\/magazine365\/category\/noticias-actualidad\/"},{"label":"La Mancomunidad de la Costa del Sol Occidental promueve el uso de las playas durante todo el a\u00f1o","link":"https:\/\/eldigitaldeasturias.com\/magazine365\/la-mancomunidad-de-la-costa-del-sol-occidental-promueve-el-uso-de-las-playas-durante-todo-el-ano\/"}],"_links":{"self":[{"href":"https:\/\/eldigitaldeasturias.com\/magazine365\/wp-json\/wp\/v2\/posts\/58567","targetHints":{"allow":["GET"]}}],"collection":[{"href":"https:\/\/eldigitaldeasturias.com\/magazine365\/wp-json\/wp\/v2\/posts"}],"about":[{"href":"https:\/\/eldigitaldeasturias.com\/magazine365\/wp-json\/wp\/v2\/types\/post"}],"author":[{"embeddable":true,"href":"https:\/\/eldigitaldeasturias.com\/magazine365\/wp-json\/wp\/v2\/users\/1"}],"replies":[{"embeddable":true,"href":"https:\/\/eldigitaldeasturias.com\/magazine365\/wp-json\/wp\/v2\/comments?post=58567"}],"version-history":[{"count":0,"href":"https:\/\/eldigitaldeasturias.com\/magazine365\/wp-json\/wp\/v2\/posts\/58567\/revisions"}],"wp:featuredmedia":[{"embeddable":true,"href":"https:\/\/eldigitaldeasturias.com\/magazine365\/wp-json\/wp\/v2\/media\/58568"}],"wp:attachment":[{"href":"https:\/\/eldigitaldeasturias.com\/magazine365\/wp-json\/wp\/v2\/media?parent=58567"}],"wp:term":[{"taxonomy":"category","embeddable":true,"href":"https:\/\/eldigitaldeasturias.com\/magazine365\/wp-json\/wp\/v2\/categories?post=58567"},{"taxonomy":"post_tag","embeddable":true,"href":"https:\/\/eldigitaldeasturias.com\/magazine365\/wp-json\/wp\/v2\/tags?post=58567"}],"curies":[{"name":"wp","href":"https:\/\/api.w.org\/{rel}","templated":true}]}}