{"id":58540,"date":"2015-12-15T18:05:41","date_gmt":"2015-12-15T17:05:41","guid":{"rendered":"http:\/\/eldigitaldeasturias.com\/magazine365\/?p=58540"},"modified":"2015-12-15T18:05:41","modified_gmt":"2015-12-15T17:05:41","slug":"air-europa-lanza-su-nuevo-programa-de-fidelizacion","status":"publish","type":"post","link":"https:\/\/eldigitaldeasturias.com\/magazine365\/air-europa-lanza-su-nuevo-programa-de-fidelizacion\/","title":{"rendered":"Air Europa lanza su nuevo programa de fidelizaci\u00f3n"},"content":{"rendered":"<p><img fetchpriority=\"high\" decoding=\"async\" class=\"alignleft size-medium wp-image-58541\" src=\"https:\/\/eldigitaldeasturias.com\/magazine365\/wp-content\/uploads\/2015\/12\/fotonoticia_20151215152746_800-300x300.jpg\" alt=\"fotonoticia_20151215152746_800\" width=\"300\" height=\"300\" srcset=\"https:\/\/eldigitaldeasturias.com\/magazine365\/wp-content\/uploads\/2015\/12\/fotonoticia_20151215152746_800-300x300.jpg 300w, https:\/\/eldigitaldeasturias.com\/magazine365\/wp-content\/uploads\/2015\/12\/fotonoticia_20151215152746_800-640x640.jpg 640w, https:\/\/eldigitaldeasturias.com\/magazine365\/wp-content\/uploads\/2015\/12\/fotonoticia_20151215152746_800-768x768.jpg 768w, https:\/\/eldigitaldeasturias.com\/magazine365\/wp-content\/uploads\/2015\/12\/fotonoticia_20151215152746_800-150x150.jpg 150w, https:\/\/eldigitaldeasturias.com\/magazine365\/wp-content\/uploads\/2015\/12\/fotonoticia_20151215152746_800-450x450.jpg 450w, https:\/\/eldigitaldeasturias.com\/magazine365\/wp-content\/uploads\/2015\/12\/fotonoticia_20151215152746_800-696x696.jpg 696w, https:\/\/eldigitaldeasturias.com\/magazine365\/wp-content\/uploads\/2015\/12\/fotonoticia_20151215152746_800-420x420.jpg 420w, https:\/\/eldigitaldeasturias.com\/magazine365\/wp-content\/uploads\/2015\/12\/fotonoticia_20151215152746_800-50x50.jpg 50w, https:\/\/eldigitaldeasturias.com\/magazine365\/wp-content\/uploads\/2015\/12\/fotonoticia_20151215152746_800.jpg 800w\" sizes=\"(max-width: 300px) 100vw, 300px\" \/>Air Europa ha puesto en marcha su nuevo programa de fidelizaci\u00f3n, denominado SUMA, con el objetivo de mejorar la experiencia del pasajero frecuente de la aerol\u00ednea, con un programa \u00abpropio y exclusivo\u00bb con el que la divisi\u00f3n a\u00e9rea de Globalia dejar\u00e1 de participar de forma directa del programa de fidelizaci\u00f3n &#8216;Flying Blue&#8217; de Air France-KLM, aunque mantendr\u00e1 su vinculaci\u00f3n.<\/p>\n<p>Con este nuevo programa, los pasajeros de Air Europa podr\u00e1n obtener y canjear millas SUMA en todos los vuelos operados por la compa\u00f1\u00eda y por las l\u00edneas a\u00e9reas asociadas en la alianza SkyTeam, de la que la aerol\u00ednea es miembro de pleno derecho desde el a\u00f1o 2007, inform\u00f3 la aerol\u00ednea.<\/p>\n<p>Air Europa cuenta para este proyecto con varios partners no a\u00e9reos entre los que figuran Cepsa, Europcar, NH Hotel Group, Halc\u00f3n Viajes, Be Live o Amazon, con los que tambi\u00e9n el viajero podr\u00e1 conseguir o canjear millas por la compra de productos o servicios.<\/p>\n<p>A diferencia de otros programas, las millas SUMA se pueden canjear por vuelos de Air Europa siempre que haya una plaza disponible a la venta, tanto en clase turista como en &#8216;business&#8217;. Igualmente, el canje de millas para la adquisici\u00f3n de un vuelo, producto o servicio puede realizarse \u00edntegramente con millas o combinando millas con dinero, ya sea en efectivo o con tarjeta, en el caso de que el vuelo sea operado por Air Europa.<\/p>\n<p>Para darse de alta en este programa, hay que dirigirse a la web de Air Europa, donde se ofrece m\u00e1s informaci\u00f3n sobre el nuevo programa, y entrar en el apartado SUMA o bien llamar al n\u00famero de tel\u00e9fono 902 401 502.<\/p>\n<p>El lanzamiento de SUMA se enmarca dentro del plan de modernizaci\u00f3n en el que Air Europa se encuentra inmersa, que incluye una nueva imagen corporativa, la ampliaci\u00f3n de flota con la llegada de los nuevos 787 de Boeing, nuevas rutas o la mejora de los servicios a bordo.<\/p>\n","protected":false},"excerpt":{"rendered":"<p>Air Europa ha puesto en marcha su nuevo programa de fidelizaci\u00f3n, denominado SUMA, con el objetivo de mejorar la experiencia del pasajero frecuente de la aerol\u00ednea, con un programa \u00abpropio y exclusivo\u00bb con el que la divisi\u00f3n a\u00e9rea de Globalia dejar\u00e1 de participar de forma directa del programa de fidelizaci\u00f3n &#8216;Flying Blue&#8217; de Air France-KLM,<\/p>\n","protected":false},"author":1,"featured_media":58541,"comment_status":"open","ping_status":"closed","sticky":false,"template":"","format":"standard","meta":{"footnotes":""},"categories":[224],"tags":[],"class_list":{"0":"post-58540","1":"post","2":"type-post","3":"status-publish","4":"format-standard","5":"has-post-thumbnail","7":"category-noticias-actualidad"},"aioseo_notices":[],"aioseo_head":"\n\t\t<!-- All in One SEO Pro 4.9.6.1 - aioseo.com -->\n\t<meta name=\"description\" content=\"Air Europa ha puesto en marcha su nuevo programa de fidelizaci\u00f3n, denominado SUMA, con el objetivo de mejorar la experiencia del pasajero frecuente de la aerol\u00ednea, con un programa &quot;propio y exclusivo&quot; con el que la divisi\u00f3n a\u00e9rea de Globalia dejar\u00e1 de participar de forma directa del programa de fidelizaci\u00f3n &#039;Flying Blue&#039; de Air France-KLM,\" \/>\n\t<meta name=\"robots\" content=\"max-image-preview:large\" \/>\n\t<meta name=\"author\" content=\"admin\"\/>\n\t<meta name=\"google-site-verification\" content=\"UA-38556648-1\" \/>\n\t<meta name=\"keywords\" content=\"noticias y actualidad\" \/>\n\t<link rel=\"canonical\" href=\"https:\/\/eldigitaldeasturias.com\/magazine365\/air-europa-lanza-su-nuevo-programa-de-fidelizacion\/\" \/>\n\t<meta name=\"generator\" content=\"All in One SEO Pro (AIOSEO) 4.9.6.1\" \/>\n\t\t<meta property=\"og:locale\" content=\"es_ES\" \/>\n\t\t<meta property=\"og:site_name\" content=\"El Digital de Asturias \u2013 Revista de ocio, turismo y estilo de vida\" \/>\n\t\t<meta property=\"og:type\" content=\"article\" \/>\n\t\t<meta property=\"og:title\" content=\"Air Europa lanza su nuevo programa de fidelizaci\u00f3n | El Digital de Asturias\" \/>\n\t\t<meta property=\"og:description\" content=\"Air Europa ha puesto en marcha su nuevo programa de fidelizaci\u00f3n, denominado SUMA, con el objetivo de mejorar la experiencia del pasajero frecuente de la aerol\u00ednea, con un programa &quot;propio y exclusivo&quot; con el que la divisi\u00f3n a\u00e9rea de Globalia dejar\u00e1 de participar de forma directa del programa de fidelizaci\u00f3n &#039;Flying Blue&#039; de Air France-KLM,\" \/>\n\t\t<meta property=\"og:url\" content=\"https:\/\/eldigitaldeasturias.com\/magazine365\/air-europa-lanza-su-nuevo-programa-de-fidelizacion\/\" \/>\n\t\t<meta property=\"og:image\" content=\"https:\/\/eldigitaldeasturias.com\/magazine365\/wp-content\/uploads\/2015\/12\/fotonoticia_20151215152746_800.jpg\" \/>\n\t\t<meta property=\"og:image:secure_url\" content=\"https:\/\/eldigitaldeasturias.com\/magazine365\/wp-content\/uploads\/2015\/12\/fotonoticia_20151215152746_800.jpg\" \/>\n\t\t<meta property=\"og:image:width\" content=\"800\" \/>\n\t\t<meta property=\"og:image:height\" content=\"800\" \/>\n\t\t<meta property=\"article:published_time\" content=\"2015-12-15T17:05:41+00:00\" \/>\n\t\t<meta property=\"article:modified_time\" content=\"2015-12-15T17:05:41+00:00\" \/>\n\t\t<meta name=\"twitter:card\" content=\"summary_large_image\" \/>\n\t\t<meta name=\"twitter:title\" content=\"Air Europa lanza su nuevo programa de fidelizaci\u00f3n | El Digital de Asturias\" \/>\n\t\t<meta name=\"twitter:description\" content=\"Air Europa ha puesto en marcha su nuevo programa de fidelizaci\u00f3n, denominado SUMA, con el objetivo de mejorar la experiencia del pasajero frecuente de la aerol\u00ednea, con un programa &quot;propio y exclusivo&quot; con el que la divisi\u00f3n a\u00e9rea de Globalia dejar\u00e1 de participar de forma directa del programa de fidelizaci\u00f3n &#039;Flying Blue&#039; de Air France-KLM,\" \/>\n\t\t<meta name=\"twitter:image\" content=\"https:\/\/eldigitaldeasturias.com\/magazine365\/wp-content\/uploads\/2015\/12\/fotonoticia_20151215152746_800.jpg\" \/>\n\t\t<script type=\"application\/ld+json\" class=\"aioseo-schema\">\n\t\t\t{\"@context\":\"https:\\\/\\\/schema.org\",\"@graph\":[{\"@type\":\"Article\",\"@id\":\"https:\\\/\\\/eldigitaldeasturias.com\\\/magazine365\\\/air-europa-lanza-su-nuevo-programa-de-fidelizacion\\\/#article\",\"name\":\"Air Europa lanza su nuevo programa de fidelizaci\\u00f3n | El Digital de Asturias\",\"headline\":\"Air Europa lanza su nuevo programa de fidelizaci\\u00f3n\",\"author\":{\"@id\":\"https:\\\/\\\/eldigitaldeasturias.com\\\/magazine365\\\/author\\\/admin\\\/#author\"},\"publisher\":{\"@id\":\"https:\\\/\\\/eldigitaldeasturias.com\\\/magazine365\\\/#organization\"},\"image\":{\"@type\":\"ImageObject\",\"url\":\"https:\\\/\\\/eldigitaldeasturias.com\\\/magazine365\\\/wp-content\\\/uploads\\\/2015\\\/12\\\/fotonoticia_20151215152746_800.jpg\",\"width\":800,\"height\":800},\"datePublished\":\"2015-12-15T18:05:41+01:00\",\"dateModified\":\"2015-12-15T18:05:41+01:00\",\"inLanguage\":\"es-ES\",\"mainEntityOfPage\":{\"@id\":\"https:\\\/\\\/eldigitaldeasturias.com\\\/magazine365\\\/air-europa-lanza-su-nuevo-programa-de-fidelizacion\\\/#webpage\"},\"isPartOf\":{\"@id\":\"https:\\\/\\\/eldigitaldeasturias.com\\\/magazine365\\\/air-europa-lanza-su-nuevo-programa-de-fidelizacion\\\/#webpage\"},\"articleSection\":\"Noticias y Actualidad\"},{\"@type\":\"BreadcrumbList\",\"@id\":\"https:\\\/\\\/eldigitaldeasturias.com\\\/magazine365\\\/air-europa-lanza-su-nuevo-programa-de-fidelizacion\\\/#breadcrumblist\",\"itemListElement\":[{\"@type\":\"ListItem\",\"@id\":\"https:\\\/\\\/eldigitaldeasturias.com\\\/magazine365#listItem\",\"position\":1,\"name\":\"Home\",\"item\":\"https:\\\/\\\/eldigitaldeasturias.com\\\/magazine365\",\"nextItem\":{\"@type\":\"ListItem\",\"@id\":\"https:\\\/\\\/eldigitaldeasturias.com\\\/magazine365\\\/category\\\/noticias-actualidad\\\/#listItem\",\"name\":\"Noticias y Actualidad\"}},{\"@type\":\"ListItem\",\"@id\":\"https:\\\/\\\/eldigitaldeasturias.com\\\/magazine365\\\/category\\\/noticias-actualidad\\\/#listItem\",\"position\":2,\"name\":\"Noticias y Actualidad\",\"item\":\"https:\\\/\\\/eldigitaldeasturias.com\\\/magazine365\\\/category\\\/noticias-actualidad\\\/\",\"nextItem\":{\"@type\":\"ListItem\",\"@id\":\"https:\\\/\\\/eldigitaldeasturias.com\\\/magazine365\\\/air-europa-lanza-su-nuevo-programa-de-fidelizacion\\\/#listItem\",\"name\":\"Air Europa lanza su nuevo programa de fidelizaci\\u00f3n\"},\"previousItem\":{\"@type\":\"ListItem\",\"@id\":\"https:\\\/\\\/eldigitaldeasturias.com\\\/magazine365#listItem\",\"name\":\"Home\"}},{\"@type\":\"ListItem\",\"@id\":\"https:\\\/\\\/eldigitaldeasturias.com\\\/magazine365\\\/air-europa-lanza-su-nuevo-programa-de-fidelizacion\\\/#listItem\",\"position\":3,\"name\":\"Air Europa lanza su nuevo programa de fidelizaci\\u00f3n\",\"previousItem\":{\"@type\":\"ListItem\",\"@id\":\"https:\\\/\\\/eldigitaldeasturias.com\\\/magazine365\\\/category\\\/noticias-actualidad\\\/#listItem\",\"name\":\"Noticias y Actualidad\"}}]},{\"@type\":\"Organization\",\"@id\":\"https:\\\/\\\/eldigitaldeasturias.com\\\/magazine365\\\/#organization\",\"name\":\"El digital de Asturias\",\"description\":\"Revista de ocio, turismo y estilo de vida\",\"url\":\"https:\\\/\\\/eldigitaldeasturias.com\\\/magazine365\\\/\",\"logo\":{\"@type\":\"ImageObject\",\"url\":\"https:\\\/\\\/www.eldigitaldeasturias.com\\\/noticias\\\/wp-content\\\/uploads\\\/2020\\\/12\\\/EDA.jpg\",\"@id\":\"https:\\\/\\\/eldigitaldeasturias.com\\\/magazine365\\\/air-europa-lanza-su-nuevo-programa-de-fidelizacion\\\/#organizationLogo\"},\"image\":{\"@id\":\"https:\\\/\\\/eldigitaldeasturias.com\\\/magazine365\\\/air-europa-lanza-su-nuevo-programa-de-fidelizacion\\\/#organizationLogo\"}},{\"@type\":\"Person\",\"@id\":\"https:\\\/\\\/eldigitaldeasturias.com\\\/magazine365\\\/author\\\/admin\\\/#author\",\"url\":\"https:\\\/\\\/eldigitaldeasturias.com\\\/magazine365\\\/author\\\/admin\\\/\",\"name\":\"admin\",\"image\":{\"@type\":\"ImageObject\",\"@id\":\"https:\\\/\\\/eldigitaldeasturias.com\\\/magazine365\\\/air-europa-lanza-su-nuevo-programa-de-fidelizacion\\\/#authorImage\",\"url\":\"https:\\\/\\\/eldigitaldeasturias.com\\\/magazine365\\\/wp-content\\\/litespeed\\\/avatar\\\/e571bcf59a0edd6fa6838245a470f2fe.jpg?ver=1777574230\",\"width\":96,\"height\":96,\"caption\":\"admin\"}},{\"@type\":\"WebPage\",\"@id\":\"https:\\\/\\\/eldigitaldeasturias.com\\\/magazine365\\\/air-europa-lanza-su-nuevo-programa-de-fidelizacion\\\/#webpage\",\"url\":\"https:\\\/\\\/eldigitaldeasturias.com\\\/magazine365\\\/air-europa-lanza-su-nuevo-programa-de-fidelizacion\\\/\",\"name\":\"Air Europa lanza su nuevo programa de fidelizaci\\u00f3n | El Digital de Asturias\",\"description\":\"Air Europa ha puesto en marcha su nuevo programa de fidelizaci\\u00f3n, denominado SUMA, con el objetivo de mejorar la experiencia del pasajero frecuente de la aerol\\u00ednea, con un programa \\\"propio y exclusivo\\\" con el que la divisi\\u00f3n a\\u00e9rea de Globalia dejar\\u00e1 de participar de forma directa del programa de fidelizaci\\u00f3n 'Flying Blue' de Air France-KLM,\",\"inLanguage\":\"es-ES\",\"isPartOf\":{\"@id\":\"https:\\\/\\\/eldigitaldeasturias.com\\\/magazine365\\\/#website\"},\"breadcrumb\":{\"@id\":\"https:\\\/\\\/eldigitaldeasturias.com\\\/magazine365\\\/air-europa-lanza-su-nuevo-programa-de-fidelizacion\\\/#breadcrumblist\"},\"author\":{\"@id\":\"https:\\\/\\\/eldigitaldeasturias.com\\\/magazine365\\\/author\\\/admin\\\/#author\"},\"creator\":{\"@id\":\"https:\\\/\\\/eldigitaldeasturias.com\\\/magazine365\\\/author\\\/admin\\\/#author\"},\"image\":{\"@type\":\"ImageObject\",\"url\":\"https:\\\/\\\/eldigitaldeasturias.com\\\/magazine365\\\/wp-content\\\/uploads\\\/2015\\\/12\\\/fotonoticia_20151215152746_800.jpg\",\"@id\":\"https:\\\/\\\/eldigitaldeasturias.com\\\/magazine365\\\/air-europa-lanza-su-nuevo-programa-de-fidelizacion\\\/#mainImage\",\"width\":800,\"height\":800},\"primaryImageOfPage\":{\"@id\":\"https:\\\/\\\/eldigitaldeasturias.com\\\/magazine365\\\/air-europa-lanza-su-nuevo-programa-de-fidelizacion\\\/#mainImage\"},\"datePublished\":\"2015-12-15T18:05:41+01:00\",\"dateModified\":\"2015-12-15T18:05:41+01:00\"},{\"@type\":\"WebSite\",\"@id\":\"https:\\\/\\\/eldigitaldeasturias.com\\\/magazine365\\\/#website\",\"url\":\"https:\\\/\\\/eldigitaldeasturias.com\\\/magazine365\\\/\",\"name\":\"El Digital de Asturias\",\"description\":\"Revista de ocio, turismo y estilo de vida\",\"inLanguage\":\"es-ES\",\"publisher\":{\"@id\":\"https:\\\/\\\/eldigitaldeasturias.com\\\/magazine365\\\/#organization\"}}]}\n\t\t<\/script>\n\t\t<!-- All in One SEO Pro -->\r\n\t\t<title>Air Europa lanza su nuevo programa de fidelizaci\u00f3n | El Digital de Asturias<\/title>\n\n","aioseo_head_json":{"title":"Air Europa lanza su nuevo programa de fidelizaci\u00f3n | El Digital de Asturias","description":"Air Europa ha puesto en marcha su nuevo programa de fidelizaci\u00f3n, denominado SUMA, con el objetivo de mejorar la experiencia del pasajero frecuente de la aerol\u00ednea, con un programa \"propio y exclusivo\" con el que la divisi\u00f3n a\u00e9rea de Globalia dejar\u00e1 de participar de forma directa del programa de fidelizaci\u00f3n 'Flying Blue' de Air France-KLM,","canonical_url":"https:\/\/eldigitaldeasturias.com\/magazine365\/air-europa-lanza-su-nuevo-programa-de-fidelizacion\/","robots":"max-image-preview:large","keywords":"noticias y actualidad","webmasterTools":{"google-site-verification":"UA-38556648-1","miscellaneous":""},"schema":{"@context":"https:\/\/schema.org","@graph":[{"@type":"Article","@id":"https:\/\/eldigitaldeasturias.com\/magazine365\/air-europa-lanza-su-nuevo-programa-de-fidelizacion\/#article","name":"Air Europa lanza su nuevo programa de fidelizaci\u00f3n | El Digital de Asturias","headline":"Air Europa lanza su nuevo programa de fidelizaci\u00f3n","author":{"@id":"https:\/\/eldigitaldeasturias.com\/magazine365\/author\/admin\/#author"},"publisher":{"@id":"https:\/\/eldigitaldeasturias.com\/magazine365\/#organization"},"image":{"@type":"ImageObject","url":"https:\/\/eldigitaldeasturias.com\/magazine365\/wp-content\/uploads\/2015\/12\/fotonoticia_20151215152746_800.jpg","width":800,"height":800},"datePublished":"2015-12-15T18:05:41+01:00","dateModified":"2015-12-15T18:05:41+01:00","inLanguage":"es-ES","mainEntityOfPage":{"@id":"https:\/\/eldigitaldeasturias.com\/magazine365\/air-europa-lanza-su-nuevo-programa-de-fidelizacion\/#webpage"},"isPartOf":{"@id":"https:\/\/eldigitaldeasturias.com\/magazine365\/air-europa-lanza-su-nuevo-programa-de-fidelizacion\/#webpage"},"articleSection":"Noticias y Actualidad"},{"@type":"BreadcrumbList","@id":"https:\/\/eldigitaldeasturias.com\/magazine365\/air-europa-lanza-su-nuevo-programa-de-fidelizacion\/#breadcrumblist","itemListElement":[{"@type":"ListItem","@id":"https:\/\/eldigitaldeasturias.com\/magazine365#listItem","position":1,"name":"Home","item":"https:\/\/eldigitaldeasturias.com\/magazine365","nextItem":{"@type":"ListItem","@id":"https:\/\/eldigitaldeasturias.com\/magazine365\/category\/noticias-actualidad\/#listItem","name":"Noticias y Actualidad"}},{"@type":"ListItem","@id":"https:\/\/eldigitaldeasturias.com\/magazine365\/category\/noticias-actualidad\/#listItem","position":2,"name":"Noticias y Actualidad","item":"https:\/\/eldigitaldeasturias.com\/magazine365\/category\/noticias-actualidad\/","nextItem":{"@type":"ListItem","@id":"https:\/\/eldigitaldeasturias.com\/magazine365\/air-europa-lanza-su-nuevo-programa-de-fidelizacion\/#listItem","name":"Air Europa lanza su nuevo programa de fidelizaci\u00f3n"},"previousItem":{"@type":"ListItem","@id":"https:\/\/eldigitaldeasturias.com\/magazine365#listItem","name":"Home"}},{"@type":"ListItem","@id":"https:\/\/eldigitaldeasturias.com\/magazine365\/air-europa-lanza-su-nuevo-programa-de-fidelizacion\/#listItem","position":3,"name":"Air Europa lanza su nuevo programa de fidelizaci\u00f3n","previousItem":{"@type":"ListItem","@id":"https:\/\/eldigitaldeasturias.com\/magazine365\/category\/noticias-actualidad\/#listItem","name":"Noticias y Actualidad"}}]},{"@type":"Organization","@id":"https:\/\/eldigitaldeasturias.com\/magazine365\/#organization","name":"El digital de Asturias","description":"Revista de ocio, turismo y estilo de vida","url":"https:\/\/eldigitaldeasturias.com\/magazine365\/","logo":{"@type":"ImageObject","url":"https:\/\/www.eldigitaldeasturias.com\/noticias\/wp-content\/uploads\/2020\/12\/EDA.jpg","@id":"https:\/\/eldigitaldeasturias.com\/magazine365\/air-europa-lanza-su-nuevo-programa-de-fidelizacion\/#organizationLogo"},"image":{"@id":"https:\/\/eldigitaldeasturias.com\/magazine365\/air-europa-lanza-su-nuevo-programa-de-fidelizacion\/#organizationLogo"}},{"@type":"Person","@id":"https:\/\/eldigitaldeasturias.com\/magazine365\/author\/admin\/#author","url":"https:\/\/eldigitaldeasturias.com\/magazine365\/author\/admin\/","name":"admin","image":{"@type":"ImageObject","@id":"https:\/\/eldigitaldeasturias.com\/magazine365\/air-europa-lanza-su-nuevo-programa-de-fidelizacion\/#authorImage","url":"https:\/\/eldigitaldeasturias.com\/magazine365\/wp-content\/litespeed\/avatar\/e571bcf59a0edd6fa6838245a470f2fe.jpg?ver=1777574230","width":96,"height":96,"caption":"admin"}},{"@type":"WebPage","@id":"https:\/\/eldigitaldeasturias.com\/magazine365\/air-europa-lanza-su-nuevo-programa-de-fidelizacion\/#webpage","url":"https:\/\/eldigitaldeasturias.com\/magazine365\/air-europa-lanza-su-nuevo-programa-de-fidelizacion\/","name":"Air Europa lanza su nuevo programa de fidelizaci\u00f3n | El Digital de Asturias","description":"Air Europa ha puesto en marcha su nuevo programa de fidelizaci\u00f3n, denominado SUMA, con el objetivo de mejorar la experiencia del pasajero frecuente de la aerol\u00ednea, con un programa \"propio y exclusivo\" con el que la divisi\u00f3n a\u00e9rea de Globalia dejar\u00e1 de participar de forma directa del programa de fidelizaci\u00f3n 'Flying Blue' de Air France-KLM,","inLanguage":"es-ES","isPartOf":{"@id":"https:\/\/eldigitaldeasturias.com\/magazine365\/#website"},"breadcrumb":{"@id":"https:\/\/eldigitaldeasturias.com\/magazine365\/air-europa-lanza-su-nuevo-programa-de-fidelizacion\/#breadcrumblist"},"author":{"@id":"https:\/\/eldigitaldeasturias.com\/magazine365\/author\/admin\/#author"},"creator":{"@id":"https:\/\/eldigitaldeasturias.com\/magazine365\/author\/admin\/#author"},"image":{"@type":"ImageObject","url":"https:\/\/eldigitaldeasturias.com\/magazine365\/wp-content\/uploads\/2015\/12\/fotonoticia_20151215152746_800.jpg","@id":"https:\/\/eldigitaldeasturias.com\/magazine365\/air-europa-lanza-su-nuevo-programa-de-fidelizacion\/#mainImage","width":800,"height":800},"primaryImageOfPage":{"@id":"https:\/\/eldigitaldeasturias.com\/magazine365\/air-europa-lanza-su-nuevo-programa-de-fidelizacion\/#mainImage"},"datePublished":"2015-12-15T18:05:41+01:00","dateModified":"2015-12-15T18:05:41+01:00"},{"@type":"WebSite","@id":"https:\/\/eldigitaldeasturias.com\/magazine365\/#website","url":"https:\/\/eldigitaldeasturias.com\/magazine365\/","name":"El Digital de Asturias","description":"Revista de ocio, turismo y estilo de vida","inLanguage":"es-ES","publisher":{"@id":"https:\/\/eldigitaldeasturias.com\/magazine365\/#organization"}}]},"og:locale":"es_ES","og:site_name":"El Digital de Asturias \u2013 Revista de ocio, turismo y estilo de vida","og:type":"article","og:title":"Air Europa lanza su nuevo programa de fidelizaci\u00f3n | El Digital de Asturias","og:description":"Air Europa ha puesto en marcha su nuevo programa de fidelizaci\u00f3n, denominado SUMA, con el objetivo de mejorar la experiencia del pasajero frecuente de la aerol\u00ednea, con un programa &quot;propio y exclusivo&quot; con el que la divisi\u00f3n a\u00e9rea de Globalia dejar\u00e1 de participar de forma directa del programa de fidelizaci\u00f3n 'Flying Blue' de Air France-KLM,","og:url":"https:\/\/eldigitaldeasturias.com\/magazine365\/air-europa-lanza-su-nuevo-programa-de-fidelizacion\/","og:image":"https:\/\/eldigitaldeasturias.com\/magazine365\/wp-content\/uploads\/2015\/12\/fotonoticia_20151215152746_800.jpg","og:image:secure_url":"https:\/\/eldigitaldeasturias.com\/magazine365\/wp-content\/uploads\/2015\/12\/fotonoticia_20151215152746_800.jpg","og:image:width":800,"og:image:height":800,"article:published_time":"2015-12-15T17:05:41+00:00","article:modified_time":"2015-12-15T17:05:41+00:00","twitter:card":"summary_large_image","twitter:title":"Air Europa lanza su nuevo programa de fidelizaci\u00f3n | El Digital de Asturias","twitter:description":"Air Europa ha puesto en marcha su nuevo programa de fidelizaci\u00f3n, denominado SUMA, con el objetivo de mejorar la experiencia del pasajero frecuente de la aerol\u00ednea, con un programa &quot;propio y exclusivo&quot; con el que la divisi\u00f3n a\u00e9rea de Globalia dejar\u00e1 de participar de forma directa del programa de fidelizaci\u00f3n 'Flying Blue' de Air France-KLM,","twitter:image":"https:\/\/eldigitaldeasturias.com\/magazine365\/wp-content\/uploads\/2015\/12\/fotonoticia_20151215152746_800.jpg"},"aioseo_meta_data":{"post_id":"58540","title":null,"description":null,"keywords":null,"keyphrases":null,"primary_term":null,"canonical_url":null,"og_title":null,"og_description":null,"og_object_type":"default","og_image_type":"default","og_image_url":null,"og_image_width":null,"og_image_height":null,"og_image_custom_url":null,"og_image_custom_fields":null,"og_video":null,"og_custom_url":null,"og_article_section":null,"og_article_tags":null,"twitter_use_og":false,"twitter_card":"default","twitter_image_type":"default","twitter_image_url":null,"twitter_image_custom_url":null,"twitter_image_custom_fields":null,"twitter_title":null,"twitter_description":null,"schema":{"blockGraphs":[],"customGraphs":[],"default":{"data":{"Article":[],"Course":[],"Dataset":[],"FAQPage":[],"Movie":[],"Person":[],"Product":[],"ProductReview":[],"Car":[],"Recipe":[],"Service":[],"SoftwareApplication":[],"WebPage":[]},"graphName":"","isEnabled":true},"graphs":[],"defaultGraph":"","defaultPostTypeGraph":""},"schema_type":null,"schema_type_options":null,"pillar_content":false,"robots_default":true,"robots_noindex":false,"robots_noarchive":false,"robots_nosnippet":false,"robots_nofollow":false,"robots_noimageindex":false,"robots_noodp":false,"robots_notranslate":false,"robots_max_snippet":null,"robots_max_videopreview":null,"robots_max_imagepreview":"large","priority":null,"frequency":null,"location":null,"local_seo":null,"seo_analyzer_scan_date":"2025-09-25 03:11:12","breadcrumb_settings":null,"limit_modified_date":false,"open_ai":null,"ai":null,"created":"2021-03-08 22:28:44","updated":"2025-09-25 03:11:12"},"aioseo_breadcrumb":"<div class=\"aioseo-breadcrumbs\"><span class=\"aioseo-breadcrumb\">\n\t<a href=\"https:\/\/eldigitaldeasturias.com\/magazine365\" title=\"Home\">Home<\/a>\n<\/span><span class=\"aioseo-breadcrumb-separator\">\u2013<\/span><span class=\"aioseo-breadcrumb\">\n\t<a href=\"https:\/\/eldigitaldeasturias.com\/magazine365\/category\/noticias-actualidad\/\" title=\"Noticias y Actualidad\">Noticias y Actualidad<\/a>\n<\/span><span class=\"aioseo-breadcrumb-separator\">\u2013<\/span><span class=\"aioseo-breadcrumb\">\n\t<a href=\"https:\/\/eldigitaldeasturias.com\/magazine365\/air-europa-lanza-su-nuevo-programa-de-fidelizacion\/\" title=\"Air Europa lanza su nuevo programa de fidelizaci\u00f3n\">Air Europa lanza su nuevo programa de fidelizaci\u00f3n<\/a>\n<\/span><\/div>","aioseo_breadcrumb_json":[{"label":"Home","link":"https:\/\/eldigitaldeasturias.com\/magazine365"},{"label":"Noticias y Actualidad","link":"https:\/\/eldigitaldeasturias.com\/magazine365\/category\/noticias-actualidad\/"},{"label":"Air Europa lanza su nuevo programa de fidelizaci\u00f3n","link":"https:\/\/eldigitaldeasturias.com\/magazine365\/air-europa-lanza-su-nuevo-programa-de-fidelizacion\/"}],"_links":{"self":[{"href":"https:\/\/eldigitaldeasturias.com\/magazine365\/wp-json\/wp\/v2\/posts\/58540","targetHints":{"allow":["GET"]}}],"collection":[{"href":"https:\/\/eldigitaldeasturias.com\/magazine365\/wp-json\/wp\/v2\/posts"}],"about":[{"href":"https:\/\/eldigitaldeasturias.com\/magazine365\/wp-json\/wp\/v2\/types\/post"}],"author":[{"embeddable":true,"href":"https:\/\/eldigitaldeasturias.com\/magazine365\/wp-json\/wp\/v2\/users\/1"}],"replies":[{"embeddable":true,"href":"https:\/\/eldigitaldeasturias.com\/magazine365\/wp-json\/wp\/v2\/comments?post=58540"}],"version-history":[{"count":0,"href":"https:\/\/eldigitaldeasturias.com\/magazine365\/wp-json\/wp\/v2\/posts\/58540\/revisions"}],"wp:featuredmedia":[{"embeddable":true,"href":"https:\/\/eldigitaldeasturias.com\/magazine365\/wp-json\/wp\/v2\/media\/58541"}],"wp:attachment":[{"href":"https:\/\/eldigitaldeasturias.com\/magazine365\/wp-json\/wp\/v2\/media?parent=58540"}],"wp:term":[{"taxonomy":"category","embeddable":true,"href":"https:\/\/eldigitaldeasturias.com\/magazine365\/wp-json\/wp\/v2\/categories?post=58540"},{"taxonomy":"post_tag","embeddable":true,"href":"https:\/\/eldigitaldeasturias.com\/magazine365\/wp-json\/wp\/v2\/tags?post=58540"}],"curies":[{"name":"wp","href":"https:\/\/api.w.org\/{rel}","templated":true}]}}