{"id":58535,"date":"2015-12-15T17:30:40","date_gmt":"2015-12-15T16:30:40","guid":{"rendered":"http:\/\/eldigitaldeasturias.com\/magazine365\/?p=58535"},"modified":"2015-12-15T17:30:40","modified_gmt":"2015-12-15T16:30:40","slug":"los-responsables-de-la-capitalidad-gastronomica-aseguran-que-caceres-ha-cumplido-los-objetivos","status":"publish","type":"post","link":"https:\/\/eldigitaldeasturias.com\/magazine365\/los-responsables-de-la-capitalidad-gastronomica-aseguran-que-caceres-ha-cumplido-los-objetivos\/","title":{"rendered":"Los responsables de la capitalidad gastron\u00f3mica aseguran que C\u00e1ceres \u00abha cumplido los objetivos\u00bb"},"content":{"rendered":"<p><img fetchpriority=\"high\" decoding=\"async\" class=\"alignleft size-medium wp-image-58536\" src=\"https:\/\/eldigitaldeasturias.com\/magazine365\/wp-content\/uploads\/2015\/12\/fotonoticia_20151215145558_800-360x270.jpg\" alt=\"fotonoticia_20151215145558_800\" width=\"360\" height=\"270\" srcset=\"https:\/\/eldigitaldeasturias.com\/magazine365\/wp-content\/uploads\/2015\/12\/fotonoticia_20151215145558_800-360x270.jpg 360w, https:\/\/eldigitaldeasturias.com\/magazine365\/wp-content\/uploads\/2015\/12\/fotonoticia_20151215145558_800-650x488.jpg 650w, https:\/\/eldigitaldeasturias.com\/magazine365\/wp-content\/uploads\/2015\/12\/fotonoticia_20151215145558_800-768x576.jpg 768w, https:\/\/eldigitaldeasturias.com\/magazine365\/wp-content\/uploads\/2015\/12\/fotonoticia_20151215145558_800-150x113.jpg 150w, https:\/\/eldigitaldeasturias.com\/magazine365\/wp-content\/uploads\/2015\/12\/fotonoticia_20151215145558_800-450x338.jpg 450w, https:\/\/eldigitaldeasturias.com\/magazine365\/wp-content\/uploads\/2015\/12\/fotonoticia_20151215145558_800-80x60.jpg 80w, https:\/\/eldigitaldeasturias.com\/magazine365\/wp-content\/uploads\/2015\/12\/fotonoticia_20151215145558_800-265x198.jpg 265w, https:\/\/eldigitaldeasturias.com\/magazine365\/wp-content\/uploads\/2015\/12\/fotonoticia_20151215145558_800-696x522.jpg 696w, https:\/\/eldigitaldeasturias.com\/magazine365\/wp-content\/uploads\/2015\/12\/fotonoticia_20151215145558_800-560x420.jpg 560w, https:\/\/eldigitaldeasturias.com\/magazine365\/wp-content\/uploads\/2015\/12\/fotonoticia_20151215145558_800-90x67.jpg 90w, https:\/\/eldigitaldeasturias.com\/magazine365\/wp-content\/uploads\/2015\/12\/fotonoticia_20151215145558_800-100x75.jpg 100w, https:\/\/eldigitaldeasturias.com\/magazine365\/wp-content\/uploads\/2015\/12\/fotonoticia_20151215145558_800.jpg 800w\" sizes=\"(max-width: 360px) 100vw, 360px\" \/>Los responsables de la Capital Espa\u00f1ola de la Gastronom\u00eda (CEG) aseguran que en C\u00e1ceres \u00abse han cumplido los objetivos\u00bb, ya que se ha batido el r\u00e9cord de visitantes en n\u00famero de turistas y se ha dado \u00abmayor notoriedad\u00bb y difusi\u00f3n a la ciudad y la regi\u00f3n, que se ha situado en el panorama nacional como un destino gastron\u00f3mico de primer orden, adem\u00e1s de darse a conocer internacionalmente con la aparici\u00f3n en medios de comunicaci\u00f3n extranjeros.<\/p>\n<p>As\u00ed lo ha se\u00f1alado el director general de CEG, Pedro Palacio, quien ha a\u00f1adido que ha sido \u00abun a\u00f1o inolvidable\u00bb y que, de las tres ciudades que anteriormente han ostentado el galard\u00f3n (Logro\u00f1o, Burgos y Vitoria), \u00abC\u00e1ceres es la que ha dejado mejor sabor de boca\u00bb en cuanto al \u00ab\u00e9xito\u00bb que han tenido las actividades que se han desarrollado a lo largo del a\u00f1o por parte de diferentes sectores hosteleros y los resultados en turismo.<\/p>\n<p>As\u00ed, este a\u00f1o gastron\u00f3mico se cerrar\u00e1 con una gala solidaria en la que se entregar\u00e1n premios a las instituciones, personas, entidades y empresas que han colaborado en las actividades programadas con motivo del t\u00edtulo y que servir\u00e1 como despedida de este 2015 en el que la ciudad ha ostentado el galard\u00f3n de Capital Espa\u00f1ola de la Gastronom\u00eda, que en 2016 pasar\u00e1 a manos de Toledo.<\/p>\n<p>Al hacer balance de estos doce meses, Palacios ha resaltado la \u00ablealtad institucional\u00bb que han mostrado tanto el Ayuntamiento de C\u00e1ceres, como la Diputaci\u00f3n Provincial y la Direcci\u00f3n General de Turismo de la Junta de Extremadura que, desde el principio, \u00abapoyaron el proyecto sin fisuras\u00bb, ha dicho.<\/p>\n<p>Tambi\u00e9n se ha referido al \u00abentusiasmo\u00bb que el sector empresarial de hosteler\u00eda ha tenido con la capitalidad, volc\u00e1ndose en la organizaci\u00f3n de eventos, degustaciones e iniciativas que han servido para dar a conocer los fogones extreme\u00f1os. Finalmente, Palacios ha hecho menci\u00f3n a la \u00abexcelencia\u00bb de los productos con Denominaci\u00f3n de Origen Protegida (DOP) de la regi\u00f3n que han sido la base de las creaciones culinarias.<\/p>\n<p>Desde la Asociaci\u00f3n de Cocineros y Reposteros de Extremadura (Acocyrex), el chef Francisco Romero coincide en decir que 2015 ha sido un a\u00f1o \u00abestupendo\u00bb ya que ha aumentado el n\u00famero de turistas y eso se ha notado en los establecimientos hosteleros que han tenido m\u00e1s clientes.<\/p>\n<p>\u00abAhora hay que pensar en el a\u00f1o despu\u00e9s para retener el turismo que ha venido este a\u00f1o\u00bb, asegura Romero, quien a\u00f1ade que lo importante es mantener ese flujo de visitantes que han llegado a C\u00e1ceres al albur de la capitalidad gastron\u00f3mica. \u00abNos ha venido muy bien el t\u00edtulo porque nos hemos dado a conocer a nivel internacional\u00bb, subraya en la rueda de prensa de presentaci\u00f3n de la gala.<\/p>\n<p>PREMIO CEG<\/p>\n<p>Para reconocer todo el esfuerzo, la CEG va a entregar este mi\u00e9rcoles varios premios en la gala que tendr\u00e1 lugar a partir de las 20,00 horas n el Hotel Don Manuel de C\u00e1ceres. As\u00ed, el Premio a la Mayor Proyecci\u00f3n Nacional ser\u00e1 para el programa de TVE Masterchef, un reconocimiento que recoger\u00e1 uno de los miembros del jurado, el chef Pepe Rodr\u00edguez, quien, adem\u00e1s, como toledano, tomar\u00e1 simb\u00f3licamente el relevo de la capitalidad de la mano del chef cacere\u00f1o To\u00f1o P\u00e9rez.<\/p>\n<p>El Premio a la Calidad y Excelencia ser\u00e1 para la docena de productos DOP de la regi\u00f3n, mientras que el Premio al Evento m\u00e1s Original ha reca\u00eddo en las &#8216;Cenas clandestinas&#8217; por su \u00aboriginalidad\u00bb y \u00abcreatividad\u00bb. El reconocimiento a la Iniciativa Social a favor de la Integraci\u00f3n es para la Asociaci\u00f3n de Celiacos de Extremadura (ACEX) por la organizaci\u00f3n de la I Ruta de la Tapa sin gluten.<\/p>\n<p>La Iniciativa Emprendedora que se premiar\u00e1 ser\u00e1 el establecimiento Cayena Kitchen Club, que ha abierto sus puertas en la Plaza Mayor de C\u00e1ceres como un centro de innovaci\u00f3n gastron\u00f3mica. El Premio al Emprendedor Junior se para los creadores de la cerveza artesanal Cerex, que ha sido reconocida como la mejor cerveza artesana del pa\u00eds.<\/p>\n<p>El Premio CEG al Compromiso con la Capitalidad ser\u00e1 para la Asociaci\u00f3n de Cocineros y Reposteros de Extremadura (Acocyrex), cuyos miembros \u00abhan sido los responsables, desde el primer momento, del \u00e9xito de la capitalidad\u00bb, ha apuntado Palacios.<\/p>\n<p>El Premio al Desarrollo de Turismo Gastron\u00f3mico se lo llevar\u00e1 la Direcci\u00f3n General de Turismo del Gobierno regional por su campa\u00f1a promocional &#8216;Extremely Good&#8217; para atraer visitantes, mientras que el Premio a la Iniciativa de Futuro ser\u00e1 para M\u00e9rida por ostentar la Capital Iberoamericana de la Cultura Gastron\u00f3mica en 2016.<\/p>\n<p>Todos estos premios se entregar\u00e1n a lo largo de la gala de este mi\u00e9rcoles en la que varios cocineros extreme\u00f1os preparar\u00e1n un men\u00fa a base de ensalada hurdana, sopa de tomate con migas crujientes, carpaccio de presa ib\u00e9rica, bacalao confitado, higos y una tarta especial.<\/p>\n<p>La gala servir\u00e1 como broche final de la capitalidad y se desarrollar\u00e1 en un marco de solidaridad, ya que cada comensal tendr\u00e1 que aportar 35 euros que se destinar\u00e1n \u00edntegramente al Programa de Nutrici\u00f3n Infantil de Acnur (Comit\u00e9 de Naciones Unidas de Ayuda a los Refugiados) que se desarrolla en los campos de refugiados.<\/p>\n","protected":false},"excerpt":{"rendered":"<p>Los responsables de la Capital Espa\u00f1ola de la Gastronom\u00eda (CEG) aseguran que en C\u00e1ceres \u00abse han cumplido los objetivos\u00bb, ya que se ha batido el r\u00e9cord de visitantes en n\u00famero de turistas y se ha dado \u00abmayor notoriedad\u00bb y difusi\u00f3n a la ciudad y la regi\u00f3n, que se ha situado en el panorama nacional como<\/p>\n","protected":false},"author":1,"featured_media":58536,"comment_status":"open","ping_status":"closed","sticky":false,"template":"","format":"standard","meta":{"footnotes":""},"categories":[224],"tags":[],"class_list":{"0":"post-58535","1":"post","2":"type-post","3":"status-publish","4":"format-standard","5":"has-post-thumbnail","7":"category-noticias-actualidad"},"aioseo_notices":[],"aioseo_head":"\n\t\t<!-- All in One SEO Pro 4.9.6.1 - aioseo.com -->\n\t<meta name=\"description\" content=\"Los responsables de la Capital Espa\u00f1ola de la Gastronom\u00eda (CEG) aseguran que en C\u00e1ceres &quot;se han cumplido los objetivos&quot;, ya que se ha batido el r\u00e9cord de visitantes en n\u00famero de turistas y se ha dado &quot;mayor notoriedad&quot; y difusi\u00f3n a la ciudad y la regi\u00f3n, que se ha situado en el panorama nacional como\" \/>\n\t<meta name=\"robots\" content=\"max-image-preview:large\" \/>\n\t<meta name=\"author\" content=\"admin\"\/>\n\t<meta name=\"google-site-verification\" content=\"UA-38556648-1\" \/>\n\t<meta name=\"keywords\" content=\"noticias y actualidad\" \/>\n\t<link rel=\"canonical\" href=\"https:\/\/eldigitaldeasturias.com\/magazine365\/los-responsables-de-la-capitalidad-gastronomica-aseguran-que-caceres-ha-cumplido-los-objetivos\/\" \/>\n\t<meta name=\"generator\" content=\"All in One SEO Pro (AIOSEO) 4.9.6.1\" \/>\n\t\t<meta property=\"og:locale\" content=\"es_ES\" \/>\n\t\t<meta property=\"og:site_name\" content=\"El Digital de Asturias \u2013 Revista de ocio, turismo y estilo de vida\" \/>\n\t\t<meta property=\"og:type\" content=\"article\" \/>\n\t\t<meta property=\"og:title\" content=\"Los responsables de la capitalidad gastron\u00f3mica aseguran que C\u00e1ceres \u00abha cumplido los objetivos\u00bb | El Digital de Asturias\" \/>\n\t\t<meta property=\"og:description\" content=\"Los responsables de la Capital Espa\u00f1ola de la Gastronom\u00eda (CEG) aseguran que en C\u00e1ceres &quot;se han cumplido los objetivos&quot;, ya que se ha batido el r\u00e9cord de visitantes en n\u00famero de turistas y se ha dado &quot;mayor notoriedad&quot; y difusi\u00f3n a la ciudad y la regi\u00f3n, que se ha situado en el panorama nacional como\" \/>\n\t\t<meta property=\"og:url\" content=\"https:\/\/eldigitaldeasturias.com\/magazine365\/los-responsables-de-la-capitalidad-gastronomica-aseguran-que-caceres-ha-cumplido-los-objetivos\/\" \/>\n\t\t<meta property=\"og:image\" content=\"https:\/\/eldigitaldeasturias.com\/magazine365\/wp-content\/uploads\/2015\/12\/fotonoticia_20151215145558_800.jpg\" \/>\n\t\t<meta property=\"og:image:secure_url\" content=\"https:\/\/eldigitaldeasturias.com\/magazine365\/wp-content\/uploads\/2015\/12\/fotonoticia_20151215145558_800.jpg\" \/>\n\t\t<meta property=\"og:image:width\" content=\"800\" \/>\n\t\t<meta property=\"og:image:height\" content=\"600\" \/>\n\t\t<meta property=\"article:published_time\" content=\"2015-12-15T16:30:40+00:00\" \/>\n\t\t<meta property=\"article:modified_time\" content=\"2015-12-15T16:30:40+00:00\" \/>\n\t\t<meta name=\"twitter:card\" content=\"summary_large_image\" \/>\n\t\t<meta name=\"twitter:title\" content=\"Los responsables de la capitalidad gastron\u00f3mica aseguran que C\u00e1ceres \u00abha cumplido los objetivos\u00bb | El Digital de Asturias\" \/>\n\t\t<meta name=\"twitter:description\" content=\"Los responsables de la Capital Espa\u00f1ola de la Gastronom\u00eda (CEG) aseguran que en C\u00e1ceres &quot;se han cumplido los objetivos&quot;, ya que se ha batido el r\u00e9cord de visitantes en n\u00famero de turistas y se ha dado &quot;mayor notoriedad&quot; y difusi\u00f3n a la ciudad y la regi\u00f3n, que se ha situado en el panorama nacional como\" \/>\n\t\t<meta name=\"twitter:image\" content=\"https:\/\/eldigitaldeasturias.com\/magazine365\/wp-content\/uploads\/2015\/12\/fotonoticia_20151215145558_800.jpg\" \/>\n\t\t<script type=\"application\/ld+json\" class=\"aioseo-schema\">\n\t\t\t{\"@context\":\"https:\\\/\\\/schema.org\",\"@graph\":[{\"@type\":\"Article\",\"@id\":\"https:\\\/\\\/eldigitaldeasturias.com\\\/magazine365\\\/los-responsables-de-la-capitalidad-gastronomica-aseguran-que-caceres-ha-cumplido-los-objetivos\\\/#article\",\"name\":\"Los responsables de la capitalidad gastron\\u00f3mica aseguran que C\\u00e1ceres \\u00abha cumplido los objetivos\\u00bb | El Digital de Asturias\",\"headline\":\"Los responsables de la capitalidad gastron\\u00f3mica aseguran que C\\u00e1ceres \\u00abha cumplido los objetivos\\u00bb\",\"author\":{\"@id\":\"https:\\\/\\\/eldigitaldeasturias.com\\\/magazine365\\\/author\\\/admin\\\/#author\"},\"publisher\":{\"@id\":\"https:\\\/\\\/eldigitaldeasturias.com\\\/magazine365\\\/#organization\"},\"image\":{\"@type\":\"ImageObject\",\"url\":\"https:\\\/\\\/eldigitaldeasturias.com\\\/magazine365\\\/wp-content\\\/uploads\\\/2015\\\/12\\\/fotonoticia_20151215145558_800.jpg\",\"width\":800,\"height\":600},\"datePublished\":\"2015-12-15T17:30:40+01:00\",\"dateModified\":\"2015-12-15T17:30:40+01:00\",\"inLanguage\":\"es-ES\",\"mainEntityOfPage\":{\"@id\":\"https:\\\/\\\/eldigitaldeasturias.com\\\/magazine365\\\/los-responsables-de-la-capitalidad-gastronomica-aseguran-que-caceres-ha-cumplido-los-objetivos\\\/#webpage\"},\"isPartOf\":{\"@id\":\"https:\\\/\\\/eldigitaldeasturias.com\\\/magazine365\\\/los-responsables-de-la-capitalidad-gastronomica-aseguran-que-caceres-ha-cumplido-los-objetivos\\\/#webpage\"},\"articleSection\":\"Noticias y Actualidad\"},{\"@type\":\"BreadcrumbList\",\"@id\":\"https:\\\/\\\/eldigitaldeasturias.com\\\/magazine365\\\/los-responsables-de-la-capitalidad-gastronomica-aseguran-que-caceres-ha-cumplido-los-objetivos\\\/#breadcrumblist\",\"itemListElement\":[{\"@type\":\"ListItem\",\"@id\":\"https:\\\/\\\/eldigitaldeasturias.com\\\/magazine365#listItem\",\"position\":1,\"name\":\"Home\",\"item\":\"https:\\\/\\\/eldigitaldeasturias.com\\\/magazine365\",\"nextItem\":{\"@type\":\"ListItem\",\"@id\":\"https:\\\/\\\/eldigitaldeasturias.com\\\/magazine365\\\/category\\\/noticias-actualidad\\\/#listItem\",\"name\":\"Noticias y Actualidad\"}},{\"@type\":\"ListItem\",\"@id\":\"https:\\\/\\\/eldigitaldeasturias.com\\\/magazine365\\\/category\\\/noticias-actualidad\\\/#listItem\",\"position\":2,\"name\":\"Noticias y Actualidad\",\"item\":\"https:\\\/\\\/eldigitaldeasturias.com\\\/magazine365\\\/category\\\/noticias-actualidad\\\/\",\"nextItem\":{\"@type\":\"ListItem\",\"@id\":\"https:\\\/\\\/eldigitaldeasturias.com\\\/magazine365\\\/los-responsables-de-la-capitalidad-gastronomica-aseguran-que-caceres-ha-cumplido-los-objetivos\\\/#listItem\",\"name\":\"Los responsables de la capitalidad gastron\\u00f3mica aseguran que C\\u00e1ceres \\u00abha cumplido los objetivos\\u00bb\"},\"previousItem\":{\"@type\":\"ListItem\",\"@id\":\"https:\\\/\\\/eldigitaldeasturias.com\\\/magazine365#listItem\",\"name\":\"Home\"}},{\"@type\":\"ListItem\",\"@id\":\"https:\\\/\\\/eldigitaldeasturias.com\\\/magazine365\\\/los-responsables-de-la-capitalidad-gastronomica-aseguran-que-caceres-ha-cumplido-los-objetivos\\\/#listItem\",\"position\":3,\"name\":\"Los responsables de la capitalidad gastron\\u00f3mica aseguran que C\\u00e1ceres \\u00abha cumplido los objetivos\\u00bb\",\"previousItem\":{\"@type\":\"ListItem\",\"@id\":\"https:\\\/\\\/eldigitaldeasturias.com\\\/magazine365\\\/category\\\/noticias-actualidad\\\/#listItem\",\"name\":\"Noticias y Actualidad\"}}]},{\"@type\":\"Organization\",\"@id\":\"https:\\\/\\\/eldigitaldeasturias.com\\\/magazine365\\\/#organization\",\"name\":\"El digital de Asturias\",\"description\":\"Revista de ocio, turismo y estilo de vida\",\"url\":\"https:\\\/\\\/eldigitaldeasturias.com\\\/magazine365\\\/\",\"logo\":{\"@type\":\"ImageObject\",\"url\":\"https:\\\/\\\/www.eldigitaldeasturias.com\\\/noticias\\\/wp-content\\\/uploads\\\/2020\\\/12\\\/EDA.jpg\",\"@id\":\"https:\\\/\\\/eldigitaldeasturias.com\\\/magazine365\\\/los-responsables-de-la-capitalidad-gastronomica-aseguran-que-caceres-ha-cumplido-los-objetivos\\\/#organizationLogo\"},\"image\":{\"@id\":\"https:\\\/\\\/eldigitaldeasturias.com\\\/magazine365\\\/los-responsables-de-la-capitalidad-gastronomica-aseguran-que-caceres-ha-cumplido-los-objetivos\\\/#organizationLogo\"}},{\"@type\":\"Person\",\"@id\":\"https:\\\/\\\/eldigitaldeasturias.com\\\/magazine365\\\/author\\\/admin\\\/#author\",\"url\":\"https:\\\/\\\/eldigitaldeasturias.com\\\/magazine365\\\/author\\\/admin\\\/\",\"name\":\"admin\",\"image\":{\"@type\":\"ImageObject\",\"@id\":\"https:\\\/\\\/eldigitaldeasturias.com\\\/magazine365\\\/los-responsables-de-la-capitalidad-gastronomica-aseguran-que-caceres-ha-cumplido-los-objetivos\\\/#authorImage\",\"url\":\"https:\\\/\\\/eldigitaldeasturias.com\\\/magazine365\\\/wp-content\\\/litespeed\\\/avatar\\\/e571bcf59a0edd6fa6838245a470f2fe.jpg?ver=1777574230\",\"width\":96,\"height\":96,\"caption\":\"admin\"}},{\"@type\":\"WebPage\",\"@id\":\"https:\\\/\\\/eldigitaldeasturias.com\\\/magazine365\\\/los-responsables-de-la-capitalidad-gastronomica-aseguran-que-caceres-ha-cumplido-los-objetivos\\\/#webpage\",\"url\":\"https:\\\/\\\/eldigitaldeasturias.com\\\/magazine365\\\/los-responsables-de-la-capitalidad-gastronomica-aseguran-que-caceres-ha-cumplido-los-objetivos\\\/\",\"name\":\"Los responsables de la capitalidad gastron\\u00f3mica aseguran que C\\u00e1ceres \\u00abha cumplido los objetivos\\u00bb | El Digital de Asturias\",\"description\":\"Los responsables de la Capital Espa\\u00f1ola de la Gastronom\\u00eda (CEG) aseguran que en C\\u00e1ceres \\\"se han cumplido los objetivos\\\", ya que se ha batido el r\\u00e9cord de visitantes en n\\u00famero de turistas y se ha dado \\\"mayor notoriedad\\\" y difusi\\u00f3n a la ciudad y la regi\\u00f3n, que se ha situado en el panorama nacional como\",\"inLanguage\":\"es-ES\",\"isPartOf\":{\"@id\":\"https:\\\/\\\/eldigitaldeasturias.com\\\/magazine365\\\/#website\"},\"breadcrumb\":{\"@id\":\"https:\\\/\\\/eldigitaldeasturias.com\\\/magazine365\\\/los-responsables-de-la-capitalidad-gastronomica-aseguran-que-caceres-ha-cumplido-los-objetivos\\\/#breadcrumblist\"},\"author\":{\"@id\":\"https:\\\/\\\/eldigitaldeasturias.com\\\/magazine365\\\/author\\\/admin\\\/#author\"},\"creator\":{\"@id\":\"https:\\\/\\\/eldigitaldeasturias.com\\\/magazine365\\\/author\\\/admin\\\/#author\"},\"image\":{\"@type\":\"ImageObject\",\"url\":\"https:\\\/\\\/eldigitaldeasturias.com\\\/magazine365\\\/wp-content\\\/uploads\\\/2015\\\/12\\\/fotonoticia_20151215145558_800.jpg\",\"@id\":\"https:\\\/\\\/eldigitaldeasturias.com\\\/magazine365\\\/los-responsables-de-la-capitalidad-gastronomica-aseguran-que-caceres-ha-cumplido-los-objetivos\\\/#mainImage\",\"width\":800,\"height\":600},\"primaryImageOfPage\":{\"@id\":\"https:\\\/\\\/eldigitaldeasturias.com\\\/magazine365\\\/los-responsables-de-la-capitalidad-gastronomica-aseguran-que-caceres-ha-cumplido-los-objetivos\\\/#mainImage\"},\"datePublished\":\"2015-12-15T17:30:40+01:00\",\"dateModified\":\"2015-12-15T17:30:40+01:00\"},{\"@type\":\"WebSite\",\"@id\":\"https:\\\/\\\/eldigitaldeasturias.com\\\/magazine365\\\/#website\",\"url\":\"https:\\\/\\\/eldigitaldeasturias.com\\\/magazine365\\\/\",\"name\":\"El Digital de Asturias\",\"description\":\"Revista de ocio, turismo y estilo de vida\",\"inLanguage\":\"es-ES\",\"publisher\":{\"@id\":\"https:\\\/\\\/eldigitaldeasturias.com\\\/magazine365\\\/#organization\"}}]}\n\t\t<\/script>\n\t\t<!-- All in One SEO Pro -->\r\n\t\t<title>Los responsables de la capitalidad gastron\u00f3mica aseguran que C\u00e1ceres \u00abha cumplido los objetivos\u00bb | El Digital de Asturias<\/title>\n\n","aioseo_head_json":{"title":"Los responsables de la capitalidad gastron\u00f3mica aseguran que C\u00e1ceres \u00abha cumplido los objetivos\u00bb | El Digital de Asturias","description":"Los responsables de la Capital Espa\u00f1ola de la Gastronom\u00eda (CEG) aseguran que en C\u00e1ceres \"se han cumplido los objetivos\", ya que se ha batido el r\u00e9cord de visitantes en n\u00famero de turistas y se ha dado \"mayor notoriedad\" y difusi\u00f3n a la ciudad y la regi\u00f3n, que se ha situado en el panorama nacional como","canonical_url":"https:\/\/eldigitaldeasturias.com\/magazine365\/los-responsables-de-la-capitalidad-gastronomica-aseguran-que-caceres-ha-cumplido-los-objetivos\/","robots":"max-image-preview:large","keywords":"noticias y actualidad","webmasterTools":{"google-site-verification":"UA-38556648-1","miscellaneous":""},"schema":{"@context":"https:\/\/schema.org","@graph":[{"@type":"Article","@id":"https:\/\/eldigitaldeasturias.com\/magazine365\/los-responsables-de-la-capitalidad-gastronomica-aseguran-que-caceres-ha-cumplido-los-objetivos\/#article","name":"Los responsables de la capitalidad gastron\u00f3mica aseguran que C\u00e1ceres \u00abha cumplido los objetivos\u00bb | El Digital de Asturias","headline":"Los responsables de la capitalidad gastron\u00f3mica aseguran que C\u00e1ceres \u00abha cumplido los objetivos\u00bb","author":{"@id":"https:\/\/eldigitaldeasturias.com\/magazine365\/author\/admin\/#author"},"publisher":{"@id":"https:\/\/eldigitaldeasturias.com\/magazine365\/#organization"},"image":{"@type":"ImageObject","url":"https:\/\/eldigitaldeasturias.com\/magazine365\/wp-content\/uploads\/2015\/12\/fotonoticia_20151215145558_800.jpg","width":800,"height":600},"datePublished":"2015-12-15T17:30:40+01:00","dateModified":"2015-12-15T17:30:40+01:00","inLanguage":"es-ES","mainEntityOfPage":{"@id":"https:\/\/eldigitaldeasturias.com\/magazine365\/los-responsables-de-la-capitalidad-gastronomica-aseguran-que-caceres-ha-cumplido-los-objetivos\/#webpage"},"isPartOf":{"@id":"https:\/\/eldigitaldeasturias.com\/magazine365\/los-responsables-de-la-capitalidad-gastronomica-aseguran-que-caceres-ha-cumplido-los-objetivos\/#webpage"},"articleSection":"Noticias y Actualidad"},{"@type":"BreadcrumbList","@id":"https:\/\/eldigitaldeasturias.com\/magazine365\/los-responsables-de-la-capitalidad-gastronomica-aseguran-que-caceres-ha-cumplido-los-objetivos\/#breadcrumblist","itemListElement":[{"@type":"ListItem","@id":"https:\/\/eldigitaldeasturias.com\/magazine365#listItem","position":1,"name":"Home","item":"https:\/\/eldigitaldeasturias.com\/magazine365","nextItem":{"@type":"ListItem","@id":"https:\/\/eldigitaldeasturias.com\/magazine365\/category\/noticias-actualidad\/#listItem","name":"Noticias y Actualidad"}},{"@type":"ListItem","@id":"https:\/\/eldigitaldeasturias.com\/magazine365\/category\/noticias-actualidad\/#listItem","position":2,"name":"Noticias y Actualidad","item":"https:\/\/eldigitaldeasturias.com\/magazine365\/category\/noticias-actualidad\/","nextItem":{"@type":"ListItem","@id":"https:\/\/eldigitaldeasturias.com\/magazine365\/los-responsables-de-la-capitalidad-gastronomica-aseguran-que-caceres-ha-cumplido-los-objetivos\/#listItem","name":"Los responsables de la capitalidad gastron\u00f3mica aseguran que C\u00e1ceres \u00abha cumplido los objetivos\u00bb"},"previousItem":{"@type":"ListItem","@id":"https:\/\/eldigitaldeasturias.com\/magazine365#listItem","name":"Home"}},{"@type":"ListItem","@id":"https:\/\/eldigitaldeasturias.com\/magazine365\/los-responsables-de-la-capitalidad-gastronomica-aseguran-que-caceres-ha-cumplido-los-objetivos\/#listItem","position":3,"name":"Los responsables de la capitalidad gastron\u00f3mica aseguran que C\u00e1ceres \u00abha cumplido los objetivos\u00bb","previousItem":{"@type":"ListItem","@id":"https:\/\/eldigitaldeasturias.com\/magazine365\/category\/noticias-actualidad\/#listItem","name":"Noticias y Actualidad"}}]},{"@type":"Organization","@id":"https:\/\/eldigitaldeasturias.com\/magazine365\/#organization","name":"El digital de Asturias","description":"Revista de ocio, turismo y estilo de vida","url":"https:\/\/eldigitaldeasturias.com\/magazine365\/","logo":{"@type":"ImageObject","url":"https:\/\/www.eldigitaldeasturias.com\/noticias\/wp-content\/uploads\/2020\/12\/EDA.jpg","@id":"https:\/\/eldigitaldeasturias.com\/magazine365\/los-responsables-de-la-capitalidad-gastronomica-aseguran-que-caceres-ha-cumplido-los-objetivos\/#organizationLogo"},"image":{"@id":"https:\/\/eldigitaldeasturias.com\/magazine365\/los-responsables-de-la-capitalidad-gastronomica-aseguran-que-caceres-ha-cumplido-los-objetivos\/#organizationLogo"}},{"@type":"Person","@id":"https:\/\/eldigitaldeasturias.com\/magazine365\/author\/admin\/#author","url":"https:\/\/eldigitaldeasturias.com\/magazine365\/author\/admin\/","name":"admin","image":{"@type":"ImageObject","@id":"https:\/\/eldigitaldeasturias.com\/magazine365\/los-responsables-de-la-capitalidad-gastronomica-aseguran-que-caceres-ha-cumplido-los-objetivos\/#authorImage","url":"https:\/\/eldigitaldeasturias.com\/magazine365\/wp-content\/litespeed\/avatar\/e571bcf59a0edd6fa6838245a470f2fe.jpg?ver=1777574230","width":96,"height":96,"caption":"admin"}},{"@type":"WebPage","@id":"https:\/\/eldigitaldeasturias.com\/magazine365\/los-responsables-de-la-capitalidad-gastronomica-aseguran-que-caceres-ha-cumplido-los-objetivos\/#webpage","url":"https:\/\/eldigitaldeasturias.com\/magazine365\/los-responsables-de-la-capitalidad-gastronomica-aseguran-que-caceres-ha-cumplido-los-objetivos\/","name":"Los responsables de la capitalidad gastron\u00f3mica aseguran que C\u00e1ceres \u00abha cumplido los objetivos\u00bb | El Digital de Asturias","description":"Los responsables de la Capital Espa\u00f1ola de la Gastronom\u00eda (CEG) aseguran que en C\u00e1ceres \"se han cumplido los objetivos\", ya que se ha batido el r\u00e9cord de visitantes en n\u00famero de turistas y se ha dado \"mayor notoriedad\" y difusi\u00f3n a la ciudad y la regi\u00f3n, que se ha situado en el panorama nacional como","inLanguage":"es-ES","isPartOf":{"@id":"https:\/\/eldigitaldeasturias.com\/magazine365\/#website"},"breadcrumb":{"@id":"https:\/\/eldigitaldeasturias.com\/magazine365\/los-responsables-de-la-capitalidad-gastronomica-aseguran-que-caceres-ha-cumplido-los-objetivos\/#breadcrumblist"},"author":{"@id":"https:\/\/eldigitaldeasturias.com\/magazine365\/author\/admin\/#author"},"creator":{"@id":"https:\/\/eldigitaldeasturias.com\/magazine365\/author\/admin\/#author"},"image":{"@type":"ImageObject","url":"https:\/\/eldigitaldeasturias.com\/magazine365\/wp-content\/uploads\/2015\/12\/fotonoticia_20151215145558_800.jpg","@id":"https:\/\/eldigitaldeasturias.com\/magazine365\/los-responsables-de-la-capitalidad-gastronomica-aseguran-que-caceres-ha-cumplido-los-objetivos\/#mainImage","width":800,"height":600},"primaryImageOfPage":{"@id":"https:\/\/eldigitaldeasturias.com\/magazine365\/los-responsables-de-la-capitalidad-gastronomica-aseguran-que-caceres-ha-cumplido-los-objetivos\/#mainImage"},"datePublished":"2015-12-15T17:30:40+01:00","dateModified":"2015-12-15T17:30:40+01:00"},{"@type":"WebSite","@id":"https:\/\/eldigitaldeasturias.com\/magazine365\/#website","url":"https:\/\/eldigitaldeasturias.com\/magazine365\/","name":"El Digital de Asturias","description":"Revista de ocio, turismo y estilo de vida","inLanguage":"es-ES","publisher":{"@id":"https:\/\/eldigitaldeasturias.com\/magazine365\/#organization"}}]},"og:locale":"es_ES","og:site_name":"El Digital de Asturias \u2013 Revista de ocio, turismo y estilo de vida","og:type":"article","og:title":"Los responsables de la capitalidad gastron\u00f3mica aseguran que C\u00e1ceres \u00abha cumplido los objetivos\u00bb | El Digital de Asturias","og:description":"Los responsables de la Capital Espa\u00f1ola de la Gastronom\u00eda (CEG) aseguran que en C\u00e1ceres &quot;se han cumplido los objetivos&quot;, ya que se ha batido el r\u00e9cord de visitantes en n\u00famero de turistas y se ha dado &quot;mayor notoriedad&quot; y difusi\u00f3n a la ciudad y la regi\u00f3n, que se ha situado en el panorama nacional como","og:url":"https:\/\/eldigitaldeasturias.com\/magazine365\/los-responsables-de-la-capitalidad-gastronomica-aseguran-que-caceres-ha-cumplido-los-objetivos\/","og:image":"https:\/\/eldigitaldeasturias.com\/magazine365\/wp-content\/uploads\/2015\/12\/fotonoticia_20151215145558_800.jpg","og:image:secure_url":"https:\/\/eldigitaldeasturias.com\/magazine365\/wp-content\/uploads\/2015\/12\/fotonoticia_20151215145558_800.jpg","og:image:width":800,"og:image:height":600,"article:published_time":"2015-12-15T16:30:40+00:00","article:modified_time":"2015-12-15T16:30:40+00:00","twitter:card":"summary_large_image","twitter:title":"Los responsables de la capitalidad gastron\u00f3mica aseguran que C\u00e1ceres \u00abha cumplido los objetivos\u00bb | El Digital de Asturias","twitter:description":"Los responsables de la Capital Espa\u00f1ola de la Gastronom\u00eda (CEG) aseguran que en C\u00e1ceres &quot;se han cumplido los objetivos&quot;, ya que se ha batido el r\u00e9cord de visitantes en n\u00famero de turistas y se ha dado &quot;mayor notoriedad&quot; y difusi\u00f3n a la ciudad y la regi\u00f3n, que se ha situado en el panorama nacional como","twitter:image":"https:\/\/eldigitaldeasturias.com\/magazine365\/wp-content\/uploads\/2015\/12\/fotonoticia_20151215145558_800.jpg"},"aioseo_meta_data":{"post_id":"58535","title":null,"description":null,"keywords":null,"keyphrases":null,"primary_term":null,"canonical_url":null,"og_title":null,"og_description":null,"og_object_type":"default","og_image_type":"default","og_image_url":null,"og_image_width":null,"og_image_height":null,"og_image_custom_url":null,"og_image_custom_fields":null,"og_video":null,"og_custom_url":null,"og_article_section":null,"og_article_tags":null,"twitter_use_og":false,"twitter_card":"default","twitter_image_type":"default","twitter_image_url":null,"twitter_image_custom_url":null,"twitter_image_custom_fields":null,"twitter_title":null,"twitter_description":null,"schema":{"blockGraphs":[],"customGraphs":[],"default":{"data":{"Article":[],"Course":[],"Dataset":[],"FAQPage":[],"Movie":[],"Person":[],"Product":[],"ProductReview":[],"Car":[],"Recipe":[],"Service":[],"SoftwareApplication":[],"WebPage":[]},"graphName":"","isEnabled":true},"graphs":[]},"schema_type":null,"schema_type_options":null,"pillar_content":false,"robots_default":true,"robots_noindex":false,"robots_noarchive":false,"robots_nosnippet":false,"robots_nofollow":false,"robots_noimageindex":false,"robots_noodp":false,"robots_notranslate":false,"robots_max_snippet":null,"robots_max_videopreview":null,"robots_max_imagepreview":"large","priority":null,"frequency":null,"location":null,"local_seo":null,"seo_analyzer_scan_date":"2025-09-25 03:11:09","breadcrumb_settings":null,"limit_modified_date":false,"open_ai":null,"ai":null,"created":"2021-03-08 22:28:44","updated":"2025-09-25 03:11:09"},"aioseo_breadcrumb":"<div class=\"aioseo-breadcrumbs\"><span class=\"aioseo-breadcrumb\">\n\t<a href=\"https:\/\/eldigitaldeasturias.com\/magazine365\" title=\"Home\">Home<\/a>\n<\/span><span class=\"aioseo-breadcrumb-separator\">\u2013<\/span><span class=\"aioseo-breadcrumb\">\n\t<a href=\"https:\/\/eldigitaldeasturias.com\/magazine365\/category\/noticias-actualidad\/\" title=\"Noticias y Actualidad\">Noticias y Actualidad<\/a>\n<\/span><span class=\"aioseo-breadcrumb-separator\">\u2013<\/span><span class=\"aioseo-breadcrumb\">\n\t<a href=\"https:\/\/eldigitaldeasturias.com\/magazine365\/los-responsables-de-la-capitalidad-gastronomica-aseguran-que-caceres-ha-cumplido-los-objetivos\/\" title=\"Los responsables de la capitalidad gastron\u00f3mica aseguran que C\u00e1ceres \u00abha cumplido los objetivos\u00bb\">Los responsables de la capitalidad gastron\u00f3mica aseguran que C\u00e1ceres \u00abha cumplido los objetivos\u00bb<\/a>\n<\/span><\/div>","aioseo_breadcrumb_json":[{"label":"Home","link":"https:\/\/eldigitaldeasturias.com\/magazine365"},{"label":"Noticias y Actualidad","link":"https:\/\/eldigitaldeasturias.com\/magazine365\/category\/noticias-actualidad\/"},{"label":"Los responsables de la capitalidad gastron\u00f3mica aseguran que C\u00e1ceres \u00abha cumplido los objetivos\u00bb","link":"https:\/\/eldigitaldeasturias.com\/magazine365\/los-responsables-de-la-capitalidad-gastronomica-aseguran-que-caceres-ha-cumplido-los-objetivos\/"}],"_links":{"self":[{"href":"https:\/\/eldigitaldeasturias.com\/magazine365\/wp-json\/wp\/v2\/posts\/58535","targetHints":{"allow":["GET"]}}],"collection":[{"href":"https:\/\/eldigitaldeasturias.com\/magazine365\/wp-json\/wp\/v2\/posts"}],"about":[{"href":"https:\/\/eldigitaldeasturias.com\/magazine365\/wp-json\/wp\/v2\/types\/post"}],"author":[{"embeddable":true,"href":"https:\/\/eldigitaldeasturias.com\/magazine365\/wp-json\/wp\/v2\/users\/1"}],"replies":[{"embeddable":true,"href":"https:\/\/eldigitaldeasturias.com\/magazine365\/wp-json\/wp\/v2\/comments?post=58535"}],"version-history":[{"count":0,"href":"https:\/\/eldigitaldeasturias.com\/magazine365\/wp-json\/wp\/v2\/posts\/58535\/revisions"}],"wp:featuredmedia":[{"embeddable":true,"href":"https:\/\/eldigitaldeasturias.com\/magazine365\/wp-json\/wp\/v2\/media\/58536"}],"wp:attachment":[{"href":"https:\/\/eldigitaldeasturias.com\/magazine365\/wp-json\/wp\/v2\/media?parent=58535"}],"wp:term":[{"taxonomy":"category","embeddable":true,"href":"https:\/\/eldigitaldeasturias.com\/magazine365\/wp-json\/wp\/v2\/categories?post=58535"},{"taxonomy":"post_tag","embeddable":true,"href":"https:\/\/eldigitaldeasturias.com\/magazine365\/wp-json\/wp\/v2\/tags?post=58535"}],"curies":[{"name":"wp","href":"https:\/\/api.w.org\/{rel}","templated":true}]}}