{"id":58532,"date":"2015-12-15T17:29:24","date_gmt":"2015-12-15T16:29:24","guid":{"rendered":"http:\/\/eldigitaldeasturias.com\/magazine365\/?p=58532"},"modified":"2015-12-15T17:29:24","modified_gmt":"2015-12-15T16:29:24","slug":"los-alumnos-de-la-consula-decidiran-esta-semana-si-continuan-con-el-encierro-en-la-escuela","status":"publish","type":"post","link":"https:\/\/eldigitaldeasturias.com\/magazine365\/los-alumnos-de-la-consula-decidiran-esta-semana-si-continuan-con-el-encierro-en-la-escuela\/","title":{"rendered":"Los alumnos de La C\u00f3nsula decidir\u00e1n esta semana si contin\u00faan con el encierro en la escuela"},"content":{"rendered":"<p><img fetchpriority=\"high\" decoding=\"async\" class=\"alignleft size-medium wp-image-58533\" src=\"https:\/\/eldigitaldeasturias.com\/magazine365\/wp-content\/uploads\/2015\/12\/fotonoticia_20151215145523_800-360x228.jpg\" alt=\"fotonoticia_20151215145523_800\" width=\"360\" height=\"228\" srcset=\"https:\/\/eldigitaldeasturias.com\/magazine365\/wp-content\/uploads\/2015\/12\/fotonoticia_20151215145523_800-360x228.jpg 360w, https:\/\/eldigitaldeasturias.com\/magazine365\/wp-content\/uploads\/2015\/12\/fotonoticia_20151215145523_800-650x412.jpg 650w, https:\/\/eldigitaldeasturias.com\/magazine365\/wp-content\/uploads\/2015\/12\/fotonoticia_20151215145523_800-768x487.jpg 768w, https:\/\/eldigitaldeasturias.com\/magazine365\/wp-content\/uploads\/2015\/12\/fotonoticia_20151215145523_800-150x95.jpg 150w, https:\/\/eldigitaldeasturias.com\/magazine365\/wp-content\/uploads\/2015\/12\/fotonoticia_20151215145523_800-450x285.jpg 450w, https:\/\/eldigitaldeasturias.com\/magazine365\/wp-content\/uploads\/2015\/12\/fotonoticia_20151215145523_800-696x441.jpg 696w, https:\/\/eldigitaldeasturias.com\/magazine365\/wp-content\/uploads\/2015\/12\/fotonoticia_20151215145523_800-663x420.jpg 663w, https:\/\/eldigitaldeasturias.com\/magazine365\/wp-content\/uploads\/2015\/12\/fotonoticia_20151215145523_800-269x170.jpg 269w, https:\/\/eldigitaldeasturias.com\/magazine365\/wp-content\/uploads\/2015\/12\/fotonoticia_20151215145523_800.jpg 800w\" sizes=\"(max-width: 360px) 100vw, 360px\" \/>Los alumnos de la Escuela de Hosteler\u00eda de La C\u00f3nsula, en la capital, decidir\u00e1n a lo largo de esta semana si contin\u00faan con el encierro que empezaron el 30 de noviembre en el centro para protestar contra \u00ablos continuos incumplimientos\u00bb de la Junta de Andaluc\u00eda.<\/p>\n<p>Unos 30 estudiantes de primero y segundo de Cocina y de Sala han permanecido encerrados desde entonces en el restaurante, dejando claro en este tiempo que no saldr\u00e1n hasta que \u00abalguien nos d\u00e9 una soluci\u00f3n\u00bb.<\/p>\n<p>En este sentido, el consejo rector de La C\u00f3nsula aprob\u00f3 este pasado viernes el balance final de liquidaci\u00f3n, que se completar\u00e1 con un informe de la Intervenci\u00f3n del Consorcio, as\u00ed como la contrataci\u00f3n de una auditor\u00eda de dichas cuentas. El siguiente paso ser\u00eda convocar un nuevo consejo para concretar la cesi\u00f3n definitiva al Servicio Andaluz de Empleo (SAE) de los activos y pasivos.<\/p>\n<p>Tras el bloqueo durante semanas en la b\u00fasqueda de una soluci\u00f3n para el consorcio, este movimiento del consejo rector ha provocado que los alumnos se cuestionen si continuar o no con el encierro. \u00abTenemos que reunirnos y debatirlo, pero no tenemos ilusi\u00f3n por el anuncio\u00bb, ha explicado a Europa Press la portavoz de los alumnos, Mar\u00eda Jos\u00e9 L\u00f3pez.<\/p>\n<p>As\u00ed, esperan que la integraci\u00f3n en el SAE sea una realidad en dos semanas aproximadamente, seg\u00fan les ha explicado el abogado de la Junta de Andaluc\u00eda que se encarga de la liquidaci\u00f3n, Jos\u00e9 Carlos Aguilera.<\/p>\n<p>\u00abNo tenemos ninguna ilusi\u00f3n porque ya no creemos promesas. Nos han dicho muchas cosas as\u00ed\u00bb, ha criticado L\u00f3pez, que ha lamentado que \u00abson tres a\u00f1os prometiendo y solo queremos una soluci\u00f3n\u00bb.<\/p>\n<p>En cuanto a los \u00e1nimos de los alumnos encerrados, la portavoz de \u00e9stos ha dicho que \u00abva por rachas\u00bb porque \u00abhay d\u00edas que estamos muy bien o muy mal\u00bb. Sin embargo, ha valorado la visita este pasado lunes de los cinco estrellas Michelin que se formaron como cocineros en este centro, que se interesaron por el estado de los estudiantes y les llevaron alimentos.<\/p>\n<p>Dani Garc\u00eda, que ya mostr\u00f3 la semana pasada su apoyo a trav\u00e9s de un v\u00eddeo, Jos\u00e9 Carlos Garc\u00eda, Celia Jim\u00e9nez, Francisco Garc\u00eda y Diego Gallegos acudieron en persona al centro para reclamar que la actividad de la escuela vuelva a la normalidad.<\/p>\n<p>NUEVAS MOVILIZACIONES<\/p>\n<p>Por su parte, la delegada de trabajadores de La Fonda, en Benalm\u00e1dena (M\u00e1laga), Carmen S\u00e1nchez, no ha descartado nuevas movilizaciones, como vienen haciendo las \u00faltimas semanas en la capital. Esta decisi\u00f3n la tomar\u00e1n de forma conjunta con La C\u00f3nsula este martes en una reuni\u00f3n, seg\u00fan ha explicado a Europa Press.<\/p>\n<p>El consejo rector de La Fonda tambi\u00e9n aprob\u00f3 este pasado lunes el balance final de liquidaci\u00f3n y encarg\u00f3 la auditor\u00eda de cuentas a la sociedad Avanter Auditores, que ha sido la responsable de auditar las cuentas del resto de consorcios escuela de Andaluc\u00eda.<\/p>\n","protected":false},"excerpt":{"rendered":"<p>Los alumnos de la Escuela de Hosteler\u00eda de La C\u00f3nsula, en la capital, decidir\u00e1n a lo largo de esta semana si contin\u00faan con el encierro que empezaron el 30 de noviembre en el centro para protestar contra \u00ablos continuos incumplimientos\u00bb de la Junta de Andaluc\u00eda. Unos 30 estudiantes de primero y segundo de Cocina y<\/p>\n","protected":false},"author":1,"featured_media":58533,"comment_status":"open","ping_status":"closed","sticky":false,"template":"","format":"standard","meta":{"footnotes":""},"categories":[224],"tags":[],"class_list":{"0":"post-58532","1":"post","2":"type-post","3":"status-publish","4":"format-standard","5":"has-post-thumbnail","7":"category-noticias-actualidad"},"aioseo_notices":[],"aioseo_head":"\n\t\t<!-- All in One SEO Pro 4.9.6.1 - aioseo.com -->\n\t<meta name=\"description\" content=\"Los alumnos de la Escuela de Hosteler\u00eda de La C\u00f3nsula, en la capital, decidir\u00e1n a lo largo de esta semana si contin\u00faan con el encierro que empezaron el 30 de noviembre en el centro para protestar contra &quot;los continuos incumplimientos&quot; de la Junta de Andaluc\u00eda. Unos 30 estudiantes de primero y segundo de Cocina y\" \/>\n\t<meta name=\"robots\" content=\"max-image-preview:large\" \/>\n\t<meta name=\"author\" content=\"admin\"\/>\n\t<meta name=\"google-site-verification\" content=\"UA-38556648-1\" \/>\n\t<meta name=\"keywords\" content=\"noticias y actualidad\" \/>\n\t<link rel=\"canonical\" href=\"https:\/\/eldigitaldeasturias.com\/magazine365\/los-alumnos-de-la-consula-decidiran-esta-semana-si-continuan-con-el-encierro-en-la-escuela\/\" \/>\n\t<meta name=\"generator\" content=\"All in One SEO Pro (AIOSEO) 4.9.6.1\" \/>\n\t\t<meta property=\"og:locale\" content=\"es_ES\" \/>\n\t\t<meta property=\"og:site_name\" content=\"El Digital de Asturias \u2013 Revista de ocio, turismo y estilo de vida\" \/>\n\t\t<meta property=\"og:type\" content=\"article\" \/>\n\t\t<meta property=\"og:title\" content=\"Los alumnos de La C\u00f3nsula decidir\u00e1n esta semana si contin\u00faan con el encierro en la escuela | El Digital de Asturias\" \/>\n\t\t<meta property=\"og:description\" content=\"Los alumnos de la Escuela de Hosteler\u00eda de La C\u00f3nsula, en la capital, decidir\u00e1n a lo largo de esta semana si contin\u00faan con el encierro que empezaron el 30 de noviembre en el centro para protestar contra &quot;los continuos incumplimientos&quot; de la Junta de Andaluc\u00eda. Unos 30 estudiantes de primero y segundo de Cocina y\" \/>\n\t\t<meta property=\"og:url\" content=\"https:\/\/eldigitaldeasturias.com\/magazine365\/los-alumnos-de-la-consula-decidiran-esta-semana-si-continuan-con-el-encierro-en-la-escuela\/\" \/>\n\t\t<meta property=\"og:image\" content=\"https:\/\/eldigitaldeasturias.com\/magazine365\/wp-content\/uploads\/2015\/12\/fotonoticia_20151215145523_800.jpg\" \/>\n\t\t<meta property=\"og:image:secure_url\" content=\"https:\/\/eldigitaldeasturias.com\/magazine365\/wp-content\/uploads\/2015\/12\/fotonoticia_20151215145523_800.jpg\" \/>\n\t\t<meta property=\"og:image:width\" content=\"800\" \/>\n\t\t<meta property=\"og:image:height\" content=\"507\" \/>\n\t\t<meta property=\"article:published_time\" content=\"2015-12-15T16:29:24+00:00\" \/>\n\t\t<meta property=\"article:modified_time\" content=\"2015-12-15T16:29:24+00:00\" \/>\n\t\t<meta name=\"twitter:card\" content=\"summary_large_image\" \/>\n\t\t<meta name=\"twitter:title\" content=\"Los alumnos de La C\u00f3nsula decidir\u00e1n esta semana si contin\u00faan con el encierro en la escuela | El Digital de Asturias\" \/>\n\t\t<meta name=\"twitter:description\" content=\"Los alumnos de la Escuela de Hosteler\u00eda de La C\u00f3nsula, en la capital, decidir\u00e1n a lo largo de esta semana si contin\u00faan con el encierro que empezaron el 30 de noviembre en el centro para protestar contra &quot;los continuos incumplimientos&quot; de la Junta de Andaluc\u00eda. Unos 30 estudiantes de primero y segundo de Cocina y\" \/>\n\t\t<meta name=\"twitter:image\" content=\"https:\/\/eldigitaldeasturias.com\/magazine365\/wp-content\/uploads\/2015\/12\/fotonoticia_20151215145523_800.jpg\" \/>\n\t\t<script type=\"application\/ld+json\" class=\"aioseo-schema\">\n\t\t\t{\"@context\":\"https:\\\/\\\/schema.org\",\"@graph\":[{\"@type\":\"Article\",\"@id\":\"https:\\\/\\\/eldigitaldeasturias.com\\\/magazine365\\\/los-alumnos-de-la-consula-decidiran-esta-semana-si-continuan-con-el-encierro-en-la-escuela\\\/#article\",\"name\":\"Los alumnos de La C\\u00f3nsula decidir\\u00e1n esta semana si contin\\u00faan con el encierro en la escuela | El Digital de Asturias\",\"headline\":\"Los alumnos de La C\\u00f3nsula decidir\\u00e1n esta semana si contin\\u00faan con el encierro en la escuela\",\"author\":{\"@id\":\"https:\\\/\\\/eldigitaldeasturias.com\\\/magazine365\\\/author\\\/admin\\\/#author\"},\"publisher\":{\"@id\":\"https:\\\/\\\/eldigitaldeasturias.com\\\/magazine365\\\/#organization\"},\"image\":{\"@type\":\"ImageObject\",\"url\":\"https:\\\/\\\/eldigitaldeasturias.com\\\/magazine365\\\/wp-content\\\/uploads\\\/2015\\\/12\\\/fotonoticia_20151215145523_800.jpg\",\"width\":800,\"height\":507},\"datePublished\":\"2015-12-15T17:29:24+01:00\",\"dateModified\":\"2015-12-15T17:29:24+01:00\",\"inLanguage\":\"es-ES\",\"mainEntityOfPage\":{\"@id\":\"https:\\\/\\\/eldigitaldeasturias.com\\\/magazine365\\\/los-alumnos-de-la-consula-decidiran-esta-semana-si-continuan-con-el-encierro-en-la-escuela\\\/#webpage\"},\"isPartOf\":{\"@id\":\"https:\\\/\\\/eldigitaldeasturias.com\\\/magazine365\\\/los-alumnos-de-la-consula-decidiran-esta-semana-si-continuan-con-el-encierro-en-la-escuela\\\/#webpage\"},\"articleSection\":\"Noticias y Actualidad\"},{\"@type\":\"BreadcrumbList\",\"@id\":\"https:\\\/\\\/eldigitaldeasturias.com\\\/magazine365\\\/los-alumnos-de-la-consula-decidiran-esta-semana-si-continuan-con-el-encierro-en-la-escuela\\\/#breadcrumblist\",\"itemListElement\":[{\"@type\":\"ListItem\",\"@id\":\"https:\\\/\\\/eldigitaldeasturias.com\\\/magazine365#listItem\",\"position\":1,\"name\":\"Home\",\"item\":\"https:\\\/\\\/eldigitaldeasturias.com\\\/magazine365\",\"nextItem\":{\"@type\":\"ListItem\",\"@id\":\"https:\\\/\\\/eldigitaldeasturias.com\\\/magazine365\\\/category\\\/noticias-actualidad\\\/#listItem\",\"name\":\"Noticias y Actualidad\"}},{\"@type\":\"ListItem\",\"@id\":\"https:\\\/\\\/eldigitaldeasturias.com\\\/magazine365\\\/category\\\/noticias-actualidad\\\/#listItem\",\"position\":2,\"name\":\"Noticias y Actualidad\",\"item\":\"https:\\\/\\\/eldigitaldeasturias.com\\\/magazine365\\\/category\\\/noticias-actualidad\\\/\",\"nextItem\":{\"@type\":\"ListItem\",\"@id\":\"https:\\\/\\\/eldigitaldeasturias.com\\\/magazine365\\\/los-alumnos-de-la-consula-decidiran-esta-semana-si-continuan-con-el-encierro-en-la-escuela\\\/#listItem\",\"name\":\"Los alumnos de La C\\u00f3nsula decidir\\u00e1n esta semana si contin\\u00faan con el encierro en la escuela\"},\"previousItem\":{\"@type\":\"ListItem\",\"@id\":\"https:\\\/\\\/eldigitaldeasturias.com\\\/magazine365#listItem\",\"name\":\"Home\"}},{\"@type\":\"ListItem\",\"@id\":\"https:\\\/\\\/eldigitaldeasturias.com\\\/magazine365\\\/los-alumnos-de-la-consula-decidiran-esta-semana-si-continuan-con-el-encierro-en-la-escuela\\\/#listItem\",\"position\":3,\"name\":\"Los alumnos de La C\\u00f3nsula decidir\\u00e1n esta semana si contin\\u00faan con el encierro en la escuela\",\"previousItem\":{\"@type\":\"ListItem\",\"@id\":\"https:\\\/\\\/eldigitaldeasturias.com\\\/magazine365\\\/category\\\/noticias-actualidad\\\/#listItem\",\"name\":\"Noticias y Actualidad\"}}]},{\"@type\":\"Organization\",\"@id\":\"https:\\\/\\\/eldigitaldeasturias.com\\\/magazine365\\\/#organization\",\"name\":\"El digital de Asturias\",\"description\":\"Revista de ocio, turismo y estilo de vida\",\"url\":\"https:\\\/\\\/eldigitaldeasturias.com\\\/magazine365\\\/\",\"logo\":{\"@type\":\"ImageObject\",\"url\":\"https:\\\/\\\/www.eldigitaldeasturias.com\\\/noticias\\\/wp-content\\\/uploads\\\/2020\\\/12\\\/EDA.jpg\",\"@id\":\"https:\\\/\\\/eldigitaldeasturias.com\\\/magazine365\\\/los-alumnos-de-la-consula-decidiran-esta-semana-si-continuan-con-el-encierro-en-la-escuela\\\/#organizationLogo\"},\"image\":{\"@id\":\"https:\\\/\\\/eldigitaldeasturias.com\\\/magazine365\\\/los-alumnos-de-la-consula-decidiran-esta-semana-si-continuan-con-el-encierro-en-la-escuela\\\/#organizationLogo\"}},{\"@type\":\"Person\",\"@id\":\"https:\\\/\\\/eldigitaldeasturias.com\\\/magazine365\\\/author\\\/admin\\\/#author\",\"url\":\"https:\\\/\\\/eldigitaldeasturias.com\\\/magazine365\\\/author\\\/admin\\\/\",\"name\":\"admin\",\"image\":{\"@type\":\"ImageObject\",\"@id\":\"https:\\\/\\\/eldigitaldeasturias.com\\\/magazine365\\\/los-alumnos-de-la-consula-decidiran-esta-semana-si-continuan-con-el-encierro-en-la-escuela\\\/#authorImage\",\"url\":\"https:\\\/\\\/eldigitaldeasturias.com\\\/magazine365\\\/wp-content\\\/litespeed\\\/avatar\\\/e571bcf59a0edd6fa6838245a470f2fe.jpg?ver=1777574230\",\"width\":96,\"height\":96,\"caption\":\"admin\"}},{\"@type\":\"WebPage\",\"@id\":\"https:\\\/\\\/eldigitaldeasturias.com\\\/magazine365\\\/los-alumnos-de-la-consula-decidiran-esta-semana-si-continuan-con-el-encierro-en-la-escuela\\\/#webpage\",\"url\":\"https:\\\/\\\/eldigitaldeasturias.com\\\/magazine365\\\/los-alumnos-de-la-consula-decidiran-esta-semana-si-continuan-con-el-encierro-en-la-escuela\\\/\",\"name\":\"Los alumnos de La C\\u00f3nsula decidir\\u00e1n esta semana si contin\\u00faan con el encierro en la escuela | El Digital de Asturias\",\"description\":\"Los alumnos de la Escuela de Hosteler\\u00eda de La C\\u00f3nsula, en la capital, decidir\\u00e1n a lo largo de esta semana si contin\\u00faan con el encierro que empezaron el 30 de noviembre en el centro para protestar contra \\\"los continuos incumplimientos\\\" de la Junta de Andaluc\\u00eda. Unos 30 estudiantes de primero y segundo de Cocina y\",\"inLanguage\":\"es-ES\",\"isPartOf\":{\"@id\":\"https:\\\/\\\/eldigitaldeasturias.com\\\/magazine365\\\/#website\"},\"breadcrumb\":{\"@id\":\"https:\\\/\\\/eldigitaldeasturias.com\\\/magazine365\\\/los-alumnos-de-la-consula-decidiran-esta-semana-si-continuan-con-el-encierro-en-la-escuela\\\/#breadcrumblist\"},\"author\":{\"@id\":\"https:\\\/\\\/eldigitaldeasturias.com\\\/magazine365\\\/author\\\/admin\\\/#author\"},\"creator\":{\"@id\":\"https:\\\/\\\/eldigitaldeasturias.com\\\/magazine365\\\/author\\\/admin\\\/#author\"},\"image\":{\"@type\":\"ImageObject\",\"url\":\"https:\\\/\\\/eldigitaldeasturias.com\\\/magazine365\\\/wp-content\\\/uploads\\\/2015\\\/12\\\/fotonoticia_20151215145523_800.jpg\",\"@id\":\"https:\\\/\\\/eldigitaldeasturias.com\\\/magazine365\\\/los-alumnos-de-la-consula-decidiran-esta-semana-si-continuan-con-el-encierro-en-la-escuela\\\/#mainImage\",\"width\":800,\"height\":507},\"primaryImageOfPage\":{\"@id\":\"https:\\\/\\\/eldigitaldeasturias.com\\\/magazine365\\\/los-alumnos-de-la-consula-decidiran-esta-semana-si-continuan-con-el-encierro-en-la-escuela\\\/#mainImage\"},\"datePublished\":\"2015-12-15T17:29:24+01:00\",\"dateModified\":\"2015-12-15T17:29:24+01:00\"},{\"@type\":\"WebSite\",\"@id\":\"https:\\\/\\\/eldigitaldeasturias.com\\\/magazine365\\\/#website\",\"url\":\"https:\\\/\\\/eldigitaldeasturias.com\\\/magazine365\\\/\",\"name\":\"El Digital de Asturias\",\"description\":\"Revista de ocio, turismo y estilo de vida\",\"inLanguage\":\"es-ES\",\"publisher\":{\"@id\":\"https:\\\/\\\/eldigitaldeasturias.com\\\/magazine365\\\/#organization\"}}]}\n\t\t<\/script>\n\t\t<!-- All in One SEO Pro -->\r\n\t\t<title>Los alumnos de La C\u00f3nsula decidir\u00e1n esta semana si contin\u00faan con el encierro en la escuela | El Digital de Asturias<\/title>\n\n","aioseo_head_json":{"title":"Los alumnos de La C\u00f3nsula decidir\u00e1n esta semana si contin\u00faan con el encierro en la escuela | El Digital de Asturias","description":"Los alumnos de la Escuela de Hosteler\u00eda de La C\u00f3nsula, en la capital, decidir\u00e1n a lo largo de esta semana si contin\u00faan con el encierro que empezaron el 30 de noviembre en el centro para protestar contra \"los continuos incumplimientos\" de la Junta de Andaluc\u00eda. Unos 30 estudiantes de primero y segundo de Cocina y","canonical_url":"https:\/\/eldigitaldeasturias.com\/magazine365\/los-alumnos-de-la-consula-decidiran-esta-semana-si-continuan-con-el-encierro-en-la-escuela\/","robots":"max-image-preview:large","keywords":"noticias y actualidad","webmasterTools":{"google-site-verification":"UA-38556648-1","miscellaneous":""},"schema":{"@context":"https:\/\/schema.org","@graph":[{"@type":"Article","@id":"https:\/\/eldigitaldeasturias.com\/magazine365\/los-alumnos-de-la-consula-decidiran-esta-semana-si-continuan-con-el-encierro-en-la-escuela\/#article","name":"Los alumnos de La C\u00f3nsula decidir\u00e1n esta semana si contin\u00faan con el encierro en la escuela | El Digital de Asturias","headline":"Los alumnos de La C\u00f3nsula decidir\u00e1n esta semana si contin\u00faan con el encierro en la escuela","author":{"@id":"https:\/\/eldigitaldeasturias.com\/magazine365\/author\/admin\/#author"},"publisher":{"@id":"https:\/\/eldigitaldeasturias.com\/magazine365\/#organization"},"image":{"@type":"ImageObject","url":"https:\/\/eldigitaldeasturias.com\/magazine365\/wp-content\/uploads\/2015\/12\/fotonoticia_20151215145523_800.jpg","width":800,"height":507},"datePublished":"2015-12-15T17:29:24+01:00","dateModified":"2015-12-15T17:29:24+01:00","inLanguage":"es-ES","mainEntityOfPage":{"@id":"https:\/\/eldigitaldeasturias.com\/magazine365\/los-alumnos-de-la-consula-decidiran-esta-semana-si-continuan-con-el-encierro-en-la-escuela\/#webpage"},"isPartOf":{"@id":"https:\/\/eldigitaldeasturias.com\/magazine365\/los-alumnos-de-la-consula-decidiran-esta-semana-si-continuan-con-el-encierro-en-la-escuela\/#webpage"},"articleSection":"Noticias y Actualidad"},{"@type":"BreadcrumbList","@id":"https:\/\/eldigitaldeasturias.com\/magazine365\/los-alumnos-de-la-consula-decidiran-esta-semana-si-continuan-con-el-encierro-en-la-escuela\/#breadcrumblist","itemListElement":[{"@type":"ListItem","@id":"https:\/\/eldigitaldeasturias.com\/magazine365#listItem","position":1,"name":"Home","item":"https:\/\/eldigitaldeasturias.com\/magazine365","nextItem":{"@type":"ListItem","@id":"https:\/\/eldigitaldeasturias.com\/magazine365\/category\/noticias-actualidad\/#listItem","name":"Noticias y Actualidad"}},{"@type":"ListItem","@id":"https:\/\/eldigitaldeasturias.com\/magazine365\/category\/noticias-actualidad\/#listItem","position":2,"name":"Noticias y Actualidad","item":"https:\/\/eldigitaldeasturias.com\/magazine365\/category\/noticias-actualidad\/","nextItem":{"@type":"ListItem","@id":"https:\/\/eldigitaldeasturias.com\/magazine365\/los-alumnos-de-la-consula-decidiran-esta-semana-si-continuan-con-el-encierro-en-la-escuela\/#listItem","name":"Los alumnos de La C\u00f3nsula decidir\u00e1n esta semana si contin\u00faan con el encierro en la escuela"},"previousItem":{"@type":"ListItem","@id":"https:\/\/eldigitaldeasturias.com\/magazine365#listItem","name":"Home"}},{"@type":"ListItem","@id":"https:\/\/eldigitaldeasturias.com\/magazine365\/los-alumnos-de-la-consula-decidiran-esta-semana-si-continuan-con-el-encierro-en-la-escuela\/#listItem","position":3,"name":"Los alumnos de La C\u00f3nsula decidir\u00e1n esta semana si contin\u00faan con el encierro en la escuela","previousItem":{"@type":"ListItem","@id":"https:\/\/eldigitaldeasturias.com\/magazine365\/category\/noticias-actualidad\/#listItem","name":"Noticias y Actualidad"}}]},{"@type":"Organization","@id":"https:\/\/eldigitaldeasturias.com\/magazine365\/#organization","name":"El digital de Asturias","description":"Revista de ocio, turismo y estilo de vida","url":"https:\/\/eldigitaldeasturias.com\/magazine365\/","logo":{"@type":"ImageObject","url":"https:\/\/www.eldigitaldeasturias.com\/noticias\/wp-content\/uploads\/2020\/12\/EDA.jpg","@id":"https:\/\/eldigitaldeasturias.com\/magazine365\/los-alumnos-de-la-consula-decidiran-esta-semana-si-continuan-con-el-encierro-en-la-escuela\/#organizationLogo"},"image":{"@id":"https:\/\/eldigitaldeasturias.com\/magazine365\/los-alumnos-de-la-consula-decidiran-esta-semana-si-continuan-con-el-encierro-en-la-escuela\/#organizationLogo"}},{"@type":"Person","@id":"https:\/\/eldigitaldeasturias.com\/magazine365\/author\/admin\/#author","url":"https:\/\/eldigitaldeasturias.com\/magazine365\/author\/admin\/","name":"admin","image":{"@type":"ImageObject","@id":"https:\/\/eldigitaldeasturias.com\/magazine365\/los-alumnos-de-la-consula-decidiran-esta-semana-si-continuan-con-el-encierro-en-la-escuela\/#authorImage","url":"https:\/\/eldigitaldeasturias.com\/magazine365\/wp-content\/litespeed\/avatar\/e571bcf59a0edd6fa6838245a470f2fe.jpg?ver=1777574230","width":96,"height":96,"caption":"admin"}},{"@type":"WebPage","@id":"https:\/\/eldigitaldeasturias.com\/magazine365\/los-alumnos-de-la-consula-decidiran-esta-semana-si-continuan-con-el-encierro-en-la-escuela\/#webpage","url":"https:\/\/eldigitaldeasturias.com\/magazine365\/los-alumnos-de-la-consula-decidiran-esta-semana-si-continuan-con-el-encierro-en-la-escuela\/","name":"Los alumnos de La C\u00f3nsula decidir\u00e1n esta semana si contin\u00faan con el encierro en la escuela | El Digital de Asturias","description":"Los alumnos de la Escuela de Hosteler\u00eda de La C\u00f3nsula, en la capital, decidir\u00e1n a lo largo de esta semana si contin\u00faan con el encierro que empezaron el 30 de noviembre en el centro para protestar contra \"los continuos incumplimientos\" de la Junta de Andaluc\u00eda. Unos 30 estudiantes de primero y segundo de Cocina y","inLanguage":"es-ES","isPartOf":{"@id":"https:\/\/eldigitaldeasturias.com\/magazine365\/#website"},"breadcrumb":{"@id":"https:\/\/eldigitaldeasturias.com\/magazine365\/los-alumnos-de-la-consula-decidiran-esta-semana-si-continuan-con-el-encierro-en-la-escuela\/#breadcrumblist"},"author":{"@id":"https:\/\/eldigitaldeasturias.com\/magazine365\/author\/admin\/#author"},"creator":{"@id":"https:\/\/eldigitaldeasturias.com\/magazine365\/author\/admin\/#author"},"image":{"@type":"ImageObject","url":"https:\/\/eldigitaldeasturias.com\/magazine365\/wp-content\/uploads\/2015\/12\/fotonoticia_20151215145523_800.jpg","@id":"https:\/\/eldigitaldeasturias.com\/magazine365\/los-alumnos-de-la-consula-decidiran-esta-semana-si-continuan-con-el-encierro-en-la-escuela\/#mainImage","width":800,"height":507},"primaryImageOfPage":{"@id":"https:\/\/eldigitaldeasturias.com\/magazine365\/los-alumnos-de-la-consula-decidiran-esta-semana-si-continuan-con-el-encierro-en-la-escuela\/#mainImage"},"datePublished":"2015-12-15T17:29:24+01:00","dateModified":"2015-12-15T17:29:24+01:00"},{"@type":"WebSite","@id":"https:\/\/eldigitaldeasturias.com\/magazine365\/#website","url":"https:\/\/eldigitaldeasturias.com\/magazine365\/","name":"El Digital de Asturias","description":"Revista de ocio, turismo y estilo de vida","inLanguage":"es-ES","publisher":{"@id":"https:\/\/eldigitaldeasturias.com\/magazine365\/#organization"}}]},"og:locale":"es_ES","og:site_name":"El Digital de Asturias \u2013 Revista de ocio, turismo y estilo de vida","og:type":"article","og:title":"Los alumnos de La C\u00f3nsula decidir\u00e1n esta semana si contin\u00faan con el encierro en la escuela | El Digital de Asturias","og:description":"Los alumnos de la Escuela de Hosteler\u00eda de La C\u00f3nsula, en la capital, decidir\u00e1n a lo largo de esta semana si contin\u00faan con el encierro que empezaron el 30 de noviembre en el centro para protestar contra &quot;los continuos incumplimientos&quot; de la Junta de Andaluc\u00eda. Unos 30 estudiantes de primero y segundo de Cocina y","og:url":"https:\/\/eldigitaldeasturias.com\/magazine365\/los-alumnos-de-la-consula-decidiran-esta-semana-si-continuan-con-el-encierro-en-la-escuela\/","og:image":"https:\/\/eldigitaldeasturias.com\/magazine365\/wp-content\/uploads\/2015\/12\/fotonoticia_20151215145523_800.jpg","og:image:secure_url":"https:\/\/eldigitaldeasturias.com\/magazine365\/wp-content\/uploads\/2015\/12\/fotonoticia_20151215145523_800.jpg","og:image:width":800,"og:image:height":507,"article:published_time":"2015-12-15T16:29:24+00:00","article:modified_time":"2015-12-15T16:29:24+00:00","twitter:card":"summary_large_image","twitter:title":"Los alumnos de La C\u00f3nsula decidir\u00e1n esta semana si contin\u00faan con el encierro en la escuela | El Digital de Asturias","twitter:description":"Los alumnos de la Escuela de Hosteler\u00eda de La C\u00f3nsula, en la capital, decidir\u00e1n a lo largo de esta semana si contin\u00faan con el encierro que empezaron el 30 de noviembre en el centro para protestar contra &quot;los continuos incumplimientos&quot; de la Junta de Andaluc\u00eda. Unos 30 estudiantes de primero y segundo de Cocina y","twitter:image":"https:\/\/eldigitaldeasturias.com\/magazine365\/wp-content\/uploads\/2015\/12\/fotonoticia_20151215145523_800.jpg"},"aioseo_meta_data":{"post_id":"58532","title":null,"description":null,"keywords":null,"keyphrases":null,"primary_term":null,"canonical_url":null,"og_title":null,"og_description":null,"og_object_type":"default","og_image_type":"default","og_image_url":null,"og_image_width":null,"og_image_height":null,"og_image_custom_url":null,"og_image_custom_fields":null,"og_video":null,"og_custom_url":null,"og_article_section":null,"og_article_tags":null,"twitter_use_og":false,"twitter_card":"default","twitter_image_type":"default","twitter_image_url":null,"twitter_image_custom_url":null,"twitter_image_custom_fields":null,"twitter_title":null,"twitter_description":null,"schema":{"blockGraphs":[],"customGraphs":[],"default":{"data":{"Article":[],"Course":[],"Dataset":[],"FAQPage":[],"Movie":[],"Person":[],"Product":[],"ProductReview":[],"Car":[],"Recipe":[],"Service":[],"SoftwareApplication":[],"WebPage":[]},"graphName":"","isEnabled":true},"graphs":[],"defaultGraph":"","defaultPostTypeGraph":""},"schema_type":null,"schema_type_options":null,"pillar_content":false,"robots_default":true,"robots_noindex":false,"robots_noarchive":false,"robots_nosnippet":false,"robots_nofollow":false,"robots_noimageindex":false,"robots_noodp":false,"robots_notranslate":false,"robots_max_snippet":null,"robots_max_videopreview":null,"robots_max_imagepreview":"large","priority":null,"frequency":null,"location":null,"local_seo":null,"seo_analyzer_scan_date":"2025-09-25 03:11:06","breadcrumb_settings":null,"limit_modified_date":false,"open_ai":null,"ai":null,"created":"2021-03-08 22:28:44","updated":"2025-09-25 03:11:06"},"aioseo_breadcrumb":"<div class=\"aioseo-breadcrumbs\"><span class=\"aioseo-breadcrumb\">\n\t<a href=\"https:\/\/eldigitaldeasturias.com\/magazine365\" title=\"Home\">Home<\/a>\n<\/span><span class=\"aioseo-breadcrumb-separator\">\u2013<\/span><span class=\"aioseo-breadcrumb\">\n\t<a href=\"https:\/\/eldigitaldeasturias.com\/magazine365\/category\/noticias-actualidad\/\" title=\"Noticias y Actualidad\">Noticias y Actualidad<\/a>\n<\/span><span class=\"aioseo-breadcrumb-separator\">\u2013<\/span><span class=\"aioseo-breadcrumb\">\n\t<a href=\"https:\/\/eldigitaldeasturias.com\/magazine365\/los-alumnos-de-la-consula-decidiran-esta-semana-si-continuan-con-el-encierro-en-la-escuela\/\" title=\"Los alumnos de La C\u00f3nsula decidir\u00e1n esta semana si contin\u00faan con el encierro en la escuela\">Los alumnos de La C\u00f3nsula decidir\u00e1n esta semana si contin\u00faan con el encierro en la escuela<\/a>\n<\/span><\/div>","aioseo_breadcrumb_json":[{"label":"Home","link":"https:\/\/eldigitaldeasturias.com\/magazine365"},{"label":"Noticias y Actualidad","link":"https:\/\/eldigitaldeasturias.com\/magazine365\/category\/noticias-actualidad\/"},{"label":"Los alumnos de La C\u00f3nsula decidir\u00e1n esta semana si contin\u00faan con el encierro en la escuela","link":"https:\/\/eldigitaldeasturias.com\/magazine365\/los-alumnos-de-la-consula-decidiran-esta-semana-si-continuan-con-el-encierro-en-la-escuela\/"}],"_links":{"self":[{"href":"https:\/\/eldigitaldeasturias.com\/magazine365\/wp-json\/wp\/v2\/posts\/58532","targetHints":{"allow":["GET"]}}],"collection":[{"href":"https:\/\/eldigitaldeasturias.com\/magazine365\/wp-json\/wp\/v2\/posts"}],"about":[{"href":"https:\/\/eldigitaldeasturias.com\/magazine365\/wp-json\/wp\/v2\/types\/post"}],"author":[{"embeddable":true,"href":"https:\/\/eldigitaldeasturias.com\/magazine365\/wp-json\/wp\/v2\/users\/1"}],"replies":[{"embeddable":true,"href":"https:\/\/eldigitaldeasturias.com\/magazine365\/wp-json\/wp\/v2\/comments?post=58532"}],"version-history":[{"count":0,"href":"https:\/\/eldigitaldeasturias.com\/magazine365\/wp-json\/wp\/v2\/posts\/58532\/revisions"}],"wp:featuredmedia":[{"embeddable":true,"href":"https:\/\/eldigitaldeasturias.com\/magazine365\/wp-json\/wp\/v2\/media\/58533"}],"wp:attachment":[{"href":"https:\/\/eldigitaldeasturias.com\/magazine365\/wp-json\/wp\/v2\/media?parent=58532"}],"wp:term":[{"taxonomy":"category","embeddable":true,"href":"https:\/\/eldigitaldeasturias.com\/magazine365\/wp-json\/wp\/v2\/categories?post=58532"},{"taxonomy":"post_tag","embeddable":true,"href":"https:\/\/eldigitaldeasturias.com\/magazine365\/wp-json\/wp\/v2\/tags?post=58532"}],"curies":[{"name":"wp","href":"https:\/\/api.w.org\/{rel}","templated":true}]}}