{"id":58523,"date":"2015-12-15T17:25:19","date_gmt":"2015-12-15T16:25:19","guid":{"rendered":"http:\/\/eldigitaldeasturias.com\/magazine365\/?p=58523"},"modified":"2015-12-15T17:25:19","modified_gmt":"2015-12-15T16:25:19","slug":"grandvalira-inaugura-el-edificio-de-servicios-mas-grande-de-los-pirineos-con-una-inversion-de-4-millones","status":"publish","type":"post","link":"https:\/\/eldigitaldeasturias.com\/magazine365\/grandvalira-inaugura-el-edificio-de-servicios-mas-grande-de-los-pirineos-con-una-inversion-de-4-millones\/","title":{"rendered":"Grandvalira inaugura el edificio de servicios m\u00e1s grande de los Pirineos con una inversi\u00f3n de 4 millones"},"content":{"rendered":"<p><img fetchpriority=\"high\" decoding=\"async\" class=\"alignleft size-medium wp-image-58524\" src=\"https:\/\/eldigitaldeasturias.com\/magazine365\/wp-content\/uploads\/2015\/12\/fotonoticia_20151215140859_800-360x240.jpg\" alt=\"fotonoticia_20151215140859_800\" width=\"360\" height=\"240\" srcset=\"https:\/\/eldigitaldeasturias.com\/magazine365\/wp-content\/uploads\/2015\/12\/fotonoticia_20151215140859_800-360x240.jpg 360w, https:\/\/eldigitaldeasturias.com\/magazine365\/wp-content\/uploads\/2015\/12\/fotonoticia_20151215140859_800-650x433.jpg 650w, https:\/\/eldigitaldeasturias.com\/magazine365\/wp-content\/uploads\/2015\/12\/fotonoticia_20151215140859_800-768x512.jpg 768w, https:\/\/eldigitaldeasturias.com\/magazine365\/wp-content\/uploads\/2015\/12\/fotonoticia_20151215140859_800-150x100.jpg 150w, https:\/\/eldigitaldeasturias.com\/magazine365\/wp-content\/uploads\/2015\/12\/fotonoticia_20151215140859_800-450x300.jpg 450w, https:\/\/eldigitaldeasturias.com\/magazine365\/wp-content\/uploads\/2015\/12\/fotonoticia_20151215140859_800-696x464.jpg 696w, https:\/\/eldigitaldeasturias.com\/magazine365\/wp-content\/uploads\/2015\/12\/fotonoticia_20151215140859_800-630x420.jpg 630w, https:\/\/eldigitaldeasturias.com\/magazine365\/wp-content\/uploads\/2015\/12\/fotonoticia_20151215140859_800-84x55.jpg 84w, https:\/\/eldigitaldeasturias.com\/magazine365\/wp-content\/uploads\/2015\/12\/fotonoticia_20151215140859_800.jpg 800w\" sizes=\"(max-width: 360px) 100vw, 360px\" \/>Grandvalira ha inaugurado el nuevo edificio de Servicios del telecabina de El Tarter, un moderno espacio que mejorar\u00e1 la experiencia de los esquiadores y que ha representado una inversi\u00f3n de casi 4 millones de euros para convertirse es una de las principales novedades de esta temporada.<\/p>\n<p>Las nuevas instalaciones han sido oficialmente inauguradas por el presidente de Ensisa (sociedad explotadora del sector Soldeu, El Tarter y Canillo) y c\u00f3nsul de Canillo, Josep Mandic\u00f3, el director general de Cr\u00e8dit Andorra, Ram\u00f3n de Canillo y el director general de Ensisa, Conrad Blanch.<\/p>\n<p>Las nuevas instalaciones podr\u00e1n acoger a m\u00e1s de 4.500 personas en una sola jornada en temporadas de fuerte afluencia asegurando la agilidad y el confort de los clientes.<\/p>\n<p>El estudio andorrano de arquitectura Felix Vicente Sol\u00e0 y la constructora andorrana Grupo Heracles han sido los encargados de concebir y realizar un edificio completamente integrado con el paisaje que lo rodea gracias a la utilizaci\u00f3n de materiales t\u00edpicos de la zona y a unas formas org\u00e1nicas que siguen la orograf\u00eda del terreno.<\/p>\n<p>NUEVA CAFETER\u00cdA Y SERVICIO M\u00c9DICO.<\/p>\n<p>Una de las principales novedades que presenta es la cantidad de servicios que concentra en su planta baja de 2.300 metros cuadrados, convirti\u00e9ndolo en el centro de servicios m\u00e1s grande de los Pirineos.<\/p>\n<p>La interiorista Rosa Colet ha sido la encargada de dise\u00f1ar el espacio donde los visitantes encontraran nuevas taquillas, una cafeter\u00eda, guarda esqu\u00eds, una oficina de atenci\u00f3n al cliente, un nuevo centro m\u00e9dico y una nueva escuela de esqu\u00ed donde se podr\u00e1n adquirir clases de esqu\u00ed, cursos de freestyle y distintas actividades.<\/p>\n<p>En la parte exterior, el telecabina tambi\u00e9n presenta una nueva imagen renovada gracias a una nueva cubierta met\u00e1lica compuesta por 10.000 losetas de tonalidades verdes y ocre que se fusionan con el entorno.<\/p>\n<p>El presidente de Ensisa y c\u00f3nsul de Canillo, ha remarcado \u00abla importancia de las nuevas inversiones que se est\u00e1n llevando a cabo y que permiten dar el impulso necesario a Grandvalira para posicionarse como destino de primer nivel\u00bb<\/p>\n<p>Por su parte, Conrad Blanch, director general de Ensisa, ha querido destacar \u00abla singularidad de un proyecto completamente integrado en el entorno\u00bb y \u00abla necesidad de seguir invirtiendo para conseguir la excelencia en materia de servicios\u00bb.<\/p>\n","protected":false},"excerpt":{"rendered":"<p>Grandvalira ha inaugurado el nuevo edificio de Servicios del telecabina de El Tarter, un moderno espacio que mejorar\u00e1 la experiencia de los esquiadores y que ha representado una inversi\u00f3n de casi 4 millones de euros para convertirse es una de las principales novedades de esta temporada. Las nuevas instalaciones han sido oficialmente inauguradas por el<\/p>\n","protected":false},"author":1,"featured_media":58524,"comment_status":"open","ping_status":"closed","sticky":false,"template":"","format":"standard","meta":{"footnotes":""},"categories":[224],"tags":[],"class_list":{"0":"post-58523","1":"post","2":"type-post","3":"status-publish","4":"format-standard","5":"has-post-thumbnail","7":"category-noticias-actualidad"},"aioseo_notices":[],"aioseo_head":"\n\t\t<!-- All in One SEO Pro 4.9.6.1 - aioseo.com -->\n\t<meta name=\"description\" content=\"Grandvalira ha inaugurado el nuevo edificio de Servicios del telecabina de El Tarter, un moderno espacio que mejorar\u00e1 la experiencia de los esquiadores y que ha representado una inversi\u00f3n de casi 4 millones de euros para convertirse es una de las principales novedades de esta temporada. Las nuevas instalaciones han sido oficialmente inauguradas por el\" \/>\n\t<meta name=\"robots\" content=\"max-image-preview:large\" \/>\n\t<meta name=\"author\" content=\"admin\"\/>\n\t<meta name=\"google-site-verification\" content=\"UA-38556648-1\" \/>\n\t<meta name=\"keywords\" content=\"noticias y actualidad\" \/>\n\t<link rel=\"canonical\" href=\"https:\/\/eldigitaldeasturias.com\/magazine365\/grandvalira-inaugura-el-edificio-de-servicios-mas-grande-de-los-pirineos-con-una-inversion-de-4-millones\/\" \/>\n\t<meta name=\"generator\" content=\"All in One SEO Pro (AIOSEO) 4.9.6.1\" \/>\n\t\t<meta property=\"og:locale\" content=\"es_ES\" \/>\n\t\t<meta property=\"og:site_name\" content=\"El Digital de Asturias \u2013 Revista de ocio, turismo y estilo de vida\" \/>\n\t\t<meta property=\"og:type\" content=\"article\" \/>\n\t\t<meta property=\"og:title\" content=\"Grandvalira inaugura el edificio de servicios m\u00e1s grande de los Pirineos con una inversi\u00f3n de 4 millones | El Digital de Asturias\" \/>\n\t\t<meta property=\"og:description\" content=\"Grandvalira ha inaugurado el nuevo edificio de Servicios del telecabina de El Tarter, un moderno espacio que mejorar\u00e1 la experiencia de los esquiadores y que ha representado una inversi\u00f3n de casi 4 millones de euros para convertirse es una de las principales novedades de esta temporada. Las nuevas instalaciones han sido oficialmente inauguradas por el\" \/>\n\t\t<meta property=\"og:url\" content=\"https:\/\/eldigitaldeasturias.com\/magazine365\/grandvalira-inaugura-el-edificio-de-servicios-mas-grande-de-los-pirineos-con-una-inversion-de-4-millones\/\" \/>\n\t\t<meta property=\"og:image\" content=\"https:\/\/eldigitaldeasturias.com\/magazine365\/wp-content\/uploads\/2015\/12\/fotonoticia_20151215140859_800.jpg\" \/>\n\t\t<meta property=\"og:image:secure_url\" content=\"https:\/\/eldigitaldeasturias.com\/magazine365\/wp-content\/uploads\/2015\/12\/fotonoticia_20151215140859_800.jpg\" \/>\n\t\t<meta property=\"og:image:width\" content=\"800\" \/>\n\t\t<meta property=\"og:image:height\" content=\"533\" \/>\n\t\t<meta property=\"article:published_time\" content=\"2015-12-15T16:25:19+00:00\" \/>\n\t\t<meta property=\"article:modified_time\" content=\"2015-12-15T16:25:19+00:00\" \/>\n\t\t<meta name=\"twitter:card\" content=\"summary_large_image\" \/>\n\t\t<meta name=\"twitter:title\" content=\"Grandvalira inaugura el edificio de servicios m\u00e1s grande de los Pirineos con una inversi\u00f3n de 4 millones | El Digital de Asturias\" \/>\n\t\t<meta name=\"twitter:description\" content=\"Grandvalira ha inaugurado el nuevo edificio de Servicios del telecabina de El Tarter, un moderno espacio que mejorar\u00e1 la experiencia de los esquiadores y que ha representado una inversi\u00f3n de casi 4 millones de euros para convertirse es una de las principales novedades de esta temporada. Las nuevas instalaciones han sido oficialmente inauguradas por el\" \/>\n\t\t<meta name=\"twitter:image\" content=\"https:\/\/eldigitaldeasturias.com\/magazine365\/wp-content\/uploads\/2015\/12\/fotonoticia_20151215140859_800.jpg\" \/>\n\t\t<script type=\"application\/ld+json\" class=\"aioseo-schema\">\n\t\t\t{\"@context\":\"https:\\\/\\\/schema.org\",\"@graph\":[{\"@type\":\"Article\",\"@id\":\"https:\\\/\\\/eldigitaldeasturias.com\\\/magazine365\\\/grandvalira-inaugura-el-edificio-de-servicios-mas-grande-de-los-pirineos-con-una-inversion-de-4-millones\\\/#article\",\"name\":\"Grandvalira inaugura el edificio de servicios m\\u00e1s grande de los Pirineos con una inversi\\u00f3n de 4 millones | El Digital de Asturias\",\"headline\":\"Grandvalira inaugura el edificio de servicios m\\u00e1s grande de los Pirineos con una inversi\\u00f3n de 4 millones\",\"author\":{\"@id\":\"https:\\\/\\\/eldigitaldeasturias.com\\\/magazine365\\\/author\\\/admin\\\/#author\"},\"publisher\":{\"@id\":\"https:\\\/\\\/eldigitaldeasturias.com\\\/magazine365\\\/#organization\"},\"image\":{\"@type\":\"ImageObject\",\"url\":\"https:\\\/\\\/eldigitaldeasturias.com\\\/magazine365\\\/wp-content\\\/uploads\\\/2015\\\/12\\\/fotonoticia_20151215140859_800.jpg\",\"width\":800,\"height\":533},\"datePublished\":\"2015-12-15T17:25:19+01:00\",\"dateModified\":\"2015-12-15T17:25:19+01:00\",\"inLanguage\":\"es-ES\",\"mainEntityOfPage\":{\"@id\":\"https:\\\/\\\/eldigitaldeasturias.com\\\/magazine365\\\/grandvalira-inaugura-el-edificio-de-servicios-mas-grande-de-los-pirineos-con-una-inversion-de-4-millones\\\/#webpage\"},\"isPartOf\":{\"@id\":\"https:\\\/\\\/eldigitaldeasturias.com\\\/magazine365\\\/grandvalira-inaugura-el-edificio-de-servicios-mas-grande-de-los-pirineos-con-una-inversion-de-4-millones\\\/#webpage\"},\"articleSection\":\"Noticias y Actualidad\"},{\"@type\":\"BreadcrumbList\",\"@id\":\"https:\\\/\\\/eldigitaldeasturias.com\\\/magazine365\\\/grandvalira-inaugura-el-edificio-de-servicios-mas-grande-de-los-pirineos-con-una-inversion-de-4-millones\\\/#breadcrumblist\",\"itemListElement\":[{\"@type\":\"ListItem\",\"@id\":\"https:\\\/\\\/eldigitaldeasturias.com\\\/magazine365#listItem\",\"position\":1,\"name\":\"Home\",\"item\":\"https:\\\/\\\/eldigitaldeasturias.com\\\/magazine365\",\"nextItem\":{\"@type\":\"ListItem\",\"@id\":\"https:\\\/\\\/eldigitaldeasturias.com\\\/magazine365\\\/category\\\/noticias-actualidad\\\/#listItem\",\"name\":\"Noticias y Actualidad\"}},{\"@type\":\"ListItem\",\"@id\":\"https:\\\/\\\/eldigitaldeasturias.com\\\/magazine365\\\/category\\\/noticias-actualidad\\\/#listItem\",\"position\":2,\"name\":\"Noticias y Actualidad\",\"item\":\"https:\\\/\\\/eldigitaldeasturias.com\\\/magazine365\\\/category\\\/noticias-actualidad\\\/\",\"nextItem\":{\"@type\":\"ListItem\",\"@id\":\"https:\\\/\\\/eldigitaldeasturias.com\\\/magazine365\\\/grandvalira-inaugura-el-edificio-de-servicios-mas-grande-de-los-pirineos-con-una-inversion-de-4-millones\\\/#listItem\",\"name\":\"Grandvalira inaugura el edificio de servicios m\\u00e1s grande de los Pirineos con una inversi\\u00f3n de 4 millones\"},\"previousItem\":{\"@type\":\"ListItem\",\"@id\":\"https:\\\/\\\/eldigitaldeasturias.com\\\/magazine365#listItem\",\"name\":\"Home\"}},{\"@type\":\"ListItem\",\"@id\":\"https:\\\/\\\/eldigitaldeasturias.com\\\/magazine365\\\/grandvalira-inaugura-el-edificio-de-servicios-mas-grande-de-los-pirineos-con-una-inversion-de-4-millones\\\/#listItem\",\"position\":3,\"name\":\"Grandvalira inaugura el edificio de servicios m\\u00e1s grande de los Pirineos con una inversi\\u00f3n de 4 millones\",\"previousItem\":{\"@type\":\"ListItem\",\"@id\":\"https:\\\/\\\/eldigitaldeasturias.com\\\/magazine365\\\/category\\\/noticias-actualidad\\\/#listItem\",\"name\":\"Noticias y Actualidad\"}}]},{\"@type\":\"Organization\",\"@id\":\"https:\\\/\\\/eldigitaldeasturias.com\\\/magazine365\\\/#organization\",\"name\":\"El digital de Asturias\",\"description\":\"Revista de ocio, turismo y estilo de vida\",\"url\":\"https:\\\/\\\/eldigitaldeasturias.com\\\/magazine365\\\/\",\"logo\":{\"@type\":\"ImageObject\",\"url\":\"https:\\\/\\\/www.eldigitaldeasturias.com\\\/noticias\\\/wp-content\\\/uploads\\\/2020\\\/12\\\/EDA.jpg\",\"@id\":\"https:\\\/\\\/eldigitaldeasturias.com\\\/magazine365\\\/grandvalira-inaugura-el-edificio-de-servicios-mas-grande-de-los-pirineos-con-una-inversion-de-4-millones\\\/#organizationLogo\"},\"image\":{\"@id\":\"https:\\\/\\\/eldigitaldeasturias.com\\\/magazine365\\\/grandvalira-inaugura-el-edificio-de-servicios-mas-grande-de-los-pirineos-con-una-inversion-de-4-millones\\\/#organizationLogo\"}},{\"@type\":\"Person\",\"@id\":\"https:\\\/\\\/eldigitaldeasturias.com\\\/magazine365\\\/author\\\/admin\\\/#author\",\"url\":\"https:\\\/\\\/eldigitaldeasturias.com\\\/magazine365\\\/author\\\/admin\\\/\",\"name\":\"admin\",\"image\":{\"@type\":\"ImageObject\",\"@id\":\"https:\\\/\\\/eldigitaldeasturias.com\\\/magazine365\\\/grandvalira-inaugura-el-edificio-de-servicios-mas-grande-de-los-pirineos-con-una-inversion-de-4-millones\\\/#authorImage\",\"url\":\"https:\\\/\\\/eldigitaldeasturias.com\\\/magazine365\\\/wp-content\\\/litespeed\\\/avatar\\\/e571bcf59a0edd6fa6838245a470f2fe.jpg?ver=1777574230\",\"width\":96,\"height\":96,\"caption\":\"admin\"}},{\"@type\":\"WebPage\",\"@id\":\"https:\\\/\\\/eldigitaldeasturias.com\\\/magazine365\\\/grandvalira-inaugura-el-edificio-de-servicios-mas-grande-de-los-pirineos-con-una-inversion-de-4-millones\\\/#webpage\",\"url\":\"https:\\\/\\\/eldigitaldeasturias.com\\\/magazine365\\\/grandvalira-inaugura-el-edificio-de-servicios-mas-grande-de-los-pirineos-con-una-inversion-de-4-millones\\\/\",\"name\":\"Grandvalira inaugura el edificio de servicios m\\u00e1s grande de los Pirineos con una inversi\\u00f3n de 4 millones | El Digital de Asturias\",\"description\":\"Grandvalira ha inaugurado el nuevo edificio de Servicios del telecabina de El Tarter, un moderno espacio que mejorar\\u00e1 la experiencia de los esquiadores y que ha representado una inversi\\u00f3n de casi 4 millones de euros para convertirse es una de las principales novedades de esta temporada. Las nuevas instalaciones han sido oficialmente inauguradas por el\",\"inLanguage\":\"es-ES\",\"isPartOf\":{\"@id\":\"https:\\\/\\\/eldigitaldeasturias.com\\\/magazine365\\\/#website\"},\"breadcrumb\":{\"@id\":\"https:\\\/\\\/eldigitaldeasturias.com\\\/magazine365\\\/grandvalira-inaugura-el-edificio-de-servicios-mas-grande-de-los-pirineos-con-una-inversion-de-4-millones\\\/#breadcrumblist\"},\"author\":{\"@id\":\"https:\\\/\\\/eldigitaldeasturias.com\\\/magazine365\\\/author\\\/admin\\\/#author\"},\"creator\":{\"@id\":\"https:\\\/\\\/eldigitaldeasturias.com\\\/magazine365\\\/author\\\/admin\\\/#author\"},\"image\":{\"@type\":\"ImageObject\",\"url\":\"https:\\\/\\\/eldigitaldeasturias.com\\\/magazine365\\\/wp-content\\\/uploads\\\/2015\\\/12\\\/fotonoticia_20151215140859_800.jpg\",\"@id\":\"https:\\\/\\\/eldigitaldeasturias.com\\\/magazine365\\\/grandvalira-inaugura-el-edificio-de-servicios-mas-grande-de-los-pirineos-con-una-inversion-de-4-millones\\\/#mainImage\",\"width\":800,\"height\":533},\"primaryImageOfPage\":{\"@id\":\"https:\\\/\\\/eldigitaldeasturias.com\\\/magazine365\\\/grandvalira-inaugura-el-edificio-de-servicios-mas-grande-de-los-pirineos-con-una-inversion-de-4-millones\\\/#mainImage\"},\"datePublished\":\"2015-12-15T17:25:19+01:00\",\"dateModified\":\"2015-12-15T17:25:19+01:00\"},{\"@type\":\"WebSite\",\"@id\":\"https:\\\/\\\/eldigitaldeasturias.com\\\/magazine365\\\/#website\",\"url\":\"https:\\\/\\\/eldigitaldeasturias.com\\\/magazine365\\\/\",\"name\":\"El Digital de Asturias\",\"description\":\"Revista de ocio, turismo y estilo de vida\",\"inLanguage\":\"es-ES\",\"publisher\":{\"@id\":\"https:\\\/\\\/eldigitaldeasturias.com\\\/magazine365\\\/#organization\"}}]}\n\t\t<\/script>\n\t\t<!-- All in One SEO Pro -->\r\n\t\t<title>Grandvalira inaugura el edificio de servicios m\u00e1s grande de los Pirineos con una inversi\u00f3n de 4 millones | El Digital de Asturias<\/title>\n\n","aioseo_head_json":{"title":"Grandvalira inaugura el edificio de servicios m\u00e1s grande de los Pirineos con una inversi\u00f3n de 4 millones | El Digital de Asturias","description":"Grandvalira ha inaugurado el nuevo edificio de Servicios del telecabina de El Tarter, un moderno espacio que mejorar\u00e1 la experiencia de los esquiadores y que ha representado una inversi\u00f3n de casi 4 millones de euros para convertirse es una de las principales novedades de esta temporada. Las nuevas instalaciones han sido oficialmente inauguradas por el","canonical_url":"https:\/\/eldigitaldeasturias.com\/magazine365\/grandvalira-inaugura-el-edificio-de-servicios-mas-grande-de-los-pirineos-con-una-inversion-de-4-millones\/","robots":"max-image-preview:large","keywords":"noticias y actualidad","webmasterTools":{"google-site-verification":"UA-38556648-1","miscellaneous":""},"schema":{"@context":"https:\/\/schema.org","@graph":[{"@type":"Article","@id":"https:\/\/eldigitaldeasturias.com\/magazine365\/grandvalira-inaugura-el-edificio-de-servicios-mas-grande-de-los-pirineos-con-una-inversion-de-4-millones\/#article","name":"Grandvalira inaugura el edificio de servicios m\u00e1s grande de los Pirineos con una inversi\u00f3n de 4 millones | El Digital de Asturias","headline":"Grandvalira inaugura el edificio de servicios m\u00e1s grande de los Pirineos con una inversi\u00f3n de 4 millones","author":{"@id":"https:\/\/eldigitaldeasturias.com\/magazine365\/author\/admin\/#author"},"publisher":{"@id":"https:\/\/eldigitaldeasturias.com\/magazine365\/#organization"},"image":{"@type":"ImageObject","url":"https:\/\/eldigitaldeasturias.com\/magazine365\/wp-content\/uploads\/2015\/12\/fotonoticia_20151215140859_800.jpg","width":800,"height":533},"datePublished":"2015-12-15T17:25:19+01:00","dateModified":"2015-12-15T17:25:19+01:00","inLanguage":"es-ES","mainEntityOfPage":{"@id":"https:\/\/eldigitaldeasturias.com\/magazine365\/grandvalira-inaugura-el-edificio-de-servicios-mas-grande-de-los-pirineos-con-una-inversion-de-4-millones\/#webpage"},"isPartOf":{"@id":"https:\/\/eldigitaldeasturias.com\/magazine365\/grandvalira-inaugura-el-edificio-de-servicios-mas-grande-de-los-pirineos-con-una-inversion-de-4-millones\/#webpage"},"articleSection":"Noticias y Actualidad"},{"@type":"BreadcrumbList","@id":"https:\/\/eldigitaldeasturias.com\/magazine365\/grandvalira-inaugura-el-edificio-de-servicios-mas-grande-de-los-pirineos-con-una-inversion-de-4-millones\/#breadcrumblist","itemListElement":[{"@type":"ListItem","@id":"https:\/\/eldigitaldeasturias.com\/magazine365#listItem","position":1,"name":"Home","item":"https:\/\/eldigitaldeasturias.com\/magazine365","nextItem":{"@type":"ListItem","@id":"https:\/\/eldigitaldeasturias.com\/magazine365\/category\/noticias-actualidad\/#listItem","name":"Noticias y Actualidad"}},{"@type":"ListItem","@id":"https:\/\/eldigitaldeasturias.com\/magazine365\/category\/noticias-actualidad\/#listItem","position":2,"name":"Noticias y Actualidad","item":"https:\/\/eldigitaldeasturias.com\/magazine365\/category\/noticias-actualidad\/","nextItem":{"@type":"ListItem","@id":"https:\/\/eldigitaldeasturias.com\/magazine365\/grandvalira-inaugura-el-edificio-de-servicios-mas-grande-de-los-pirineos-con-una-inversion-de-4-millones\/#listItem","name":"Grandvalira inaugura el edificio de servicios m\u00e1s grande de los Pirineos con una inversi\u00f3n de 4 millones"},"previousItem":{"@type":"ListItem","@id":"https:\/\/eldigitaldeasturias.com\/magazine365#listItem","name":"Home"}},{"@type":"ListItem","@id":"https:\/\/eldigitaldeasturias.com\/magazine365\/grandvalira-inaugura-el-edificio-de-servicios-mas-grande-de-los-pirineos-con-una-inversion-de-4-millones\/#listItem","position":3,"name":"Grandvalira inaugura el edificio de servicios m\u00e1s grande de los Pirineos con una inversi\u00f3n de 4 millones","previousItem":{"@type":"ListItem","@id":"https:\/\/eldigitaldeasturias.com\/magazine365\/category\/noticias-actualidad\/#listItem","name":"Noticias y Actualidad"}}]},{"@type":"Organization","@id":"https:\/\/eldigitaldeasturias.com\/magazine365\/#organization","name":"El digital de Asturias","description":"Revista de ocio, turismo y estilo de vida","url":"https:\/\/eldigitaldeasturias.com\/magazine365\/","logo":{"@type":"ImageObject","url":"https:\/\/www.eldigitaldeasturias.com\/noticias\/wp-content\/uploads\/2020\/12\/EDA.jpg","@id":"https:\/\/eldigitaldeasturias.com\/magazine365\/grandvalira-inaugura-el-edificio-de-servicios-mas-grande-de-los-pirineos-con-una-inversion-de-4-millones\/#organizationLogo"},"image":{"@id":"https:\/\/eldigitaldeasturias.com\/magazine365\/grandvalira-inaugura-el-edificio-de-servicios-mas-grande-de-los-pirineos-con-una-inversion-de-4-millones\/#organizationLogo"}},{"@type":"Person","@id":"https:\/\/eldigitaldeasturias.com\/magazine365\/author\/admin\/#author","url":"https:\/\/eldigitaldeasturias.com\/magazine365\/author\/admin\/","name":"admin","image":{"@type":"ImageObject","@id":"https:\/\/eldigitaldeasturias.com\/magazine365\/grandvalira-inaugura-el-edificio-de-servicios-mas-grande-de-los-pirineos-con-una-inversion-de-4-millones\/#authorImage","url":"https:\/\/eldigitaldeasturias.com\/magazine365\/wp-content\/litespeed\/avatar\/e571bcf59a0edd6fa6838245a470f2fe.jpg?ver=1777574230","width":96,"height":96,"caption":"admin"}},{"@type":"WebPage","@id":"https:\/\/eldigitaldeasturias.com\/magazine365\/grandvalira-inaugura-el-edificio-de-servicios-mas-grande-de-los-pirineos-con-una-inversion-de-4-millones\/#webpage","url":"https:\/\/eldigitaldeasturias.com\/magazine365\/grandvalira-inaugura-el-edificio-de-servicios-mas-grande-de-los-pirineos-con-una-inversion-de-4-millones\/","name":"Grandvalira inaugura el edificio de servicios m\u00e1s grande de los Pirineos con una inversi\u00f3n de 4 millones | El Digital de Asturias","description":"Grandvalira ha inaugurado el nuevo edificio de Servicios del telecabina de El Tarter, un moderno espacio que mejorar\u00e1 la experiencia de los esquiadores y que ha representado una inversi\u00f3n de casi 4 millones de euros para convertirse es una de las principales novedades de esta temporada. Las nuevas instalaciones han sido oficialmente inauguradas por el","inLanguage":"es-ES","isPartOf":{"@id":"https:\/\/eldigitaldeasturias.com\/magazine365\/#website"},"breadcrumb":{"@id":"https:\/\/eldigitaldeasturias.com\/magazine365\/grandvalira-inaugura-el-edificio-de-servicios-mas-grande-de-los-pirineos-con-una-inversion-de-4-millones\/#breadcrumblist"},"author":{"@id":"https:\/\/eldigitaldeasturias.com\/magazine365\/author\/admin\/#author"},"creator":{"@id":"https:\/\/eldigitaldeasturias.com\/magazine365\/author\/admin\/#author"},"image":{"@type":"ImageObject","url":"https:\/\/eldigitaldeasturias.com\/magazine365\/wp-content\/uploads\/2015\/12\/fotonoticia_20151215140859_800.jpg","@id":"https:\/\/eldigitaldeasturias.com\/magazine365\/grandvalira-inaugura-el-edificio-de-servicios-mas-grande-de-los-pirineos-con-una-inversion-de-4-millones\/#mainImage","width":800,"height":533},"primaryImageOfPage":{"@id":"https:\/\/eldigitaldeasturias.com\/magazine365\/grandvalira-inaugura-el-edificio-de-servicios-mas-grande-de-los-pirineos-con-una-inversion-de-4-millones\/#mainImage"},"datePublished":"2015-12-15T17:25:19+01:00","dateModified":"2015-12-15T17:25:19+01:00"},{"@type":"WebSite","@id":"https:\/\/eldigitaldeasturias.com\/magazine365\/#website","url":"https:\/\/eldigitaldeasturias.com\/magazine365\/","name":"El Digital de Asturias","description":"Revista de ocio, turismo y estilo de vida","inLanguage":"es-ES","publisher":{"@id":"https:\/\/eldigitaldeasturias.com\/magazine365\/#organization"}}]},"og:locale":"es_ES","og:site_name":"El Digital de Asturias \u2013 Revista de ocio, turismo y estilo de vida","og:type":"article","og:title":"Grandvalira inaugura el edificio de servicios m\u00e1s grande de los Pirineos con una inversi\u00f3n de 4 millones | El Digital de Asturias","og:description":"Grandvalira ha inaugurado el nuevo edificio de Servicios del telecabina de El Tarter, un moderno espacio que mejorar\u00e1 la experiencia de los esquiadores y que ha representado una inversi\u00f3n de casi 4 millones de euros para convertirse es una de las principales novedades de esta temporada. Las nuevas instalaciones han sido oficialmente inauguradas por el","og:url":"https:\/\/eldigitaldeasturias.com\/magazine365\/grandvalira-inaugura-el-edificio-de-servicios-mas-grande-de-los-pirineos-con-una-inversion-de-4-millones\/","og:image":"https:\/\/eldigitaldeasturias.com\/magazine365\/wp-content\/uploads\/2015\/12\/fotonoticia_20151215140859_800.jpg","og:image:secure_url":"https:\/\/eldigitaldeasturias.com\/magazine365\/wp-content\/uploads\/2015\/12\/fotonoticia_20151215140859_800.jpg","og:image:width":800,"og:image:height":533,"article:published_time":"2015-12-15T16:25:19+00:00","article:modified_time":"2015-12-15T16:25:19+00:00","twitter:card":"summary_large_image","twitter:title":"Grandvalira inaugura el edificio de servicios m\u00e1s grande de los Pirineos con una inversi\u00f3n de 4 millones | El Digital de Asturias","twitter:description":"Grandvalira ha inaugurado el nuevo edificio de Servicios del telecabina de El Tarter, un moderno espacio que mejorar\u00e1 la experiencia de los esquiadores y que ha representado una inversi\u00f3n de casi 4 millones de euros para convertirse es una de las principales novedades de esta temporada. Las nuevas instalaciones han sido oficialmente inauguradas por el","twitter:image":"https:\/\/eldigitaldeasturias.com\/magazine365\/wp-content\/uploads\/2015\/12\/fotonoticia_20151215140859_800.jpg"},"aioseo_meta_data":{"post_id":"58523","title":null,"description":null,"keywords":null,"keyphrases":null,"primary_term":null,"canonical_url":null,"og_title":null,"og_description":null,"og_object_type":"default","og_image_type":"default","og_image_url":null,"og_image_width":null,"og_image_height":null,"og_image_custom_url":null,"og_image_custom_fields":null,"og_video":null,"og_custom_url":null,"og_article_section":null,"og_article_tags":null,"twitter_use_og":false,"twitter_card":"default","twitter_image_type":"default","twitter_image_url":null,"twitter_image_custom_url":null,"twitter_image_custom_fields":null,"twitter_title":null,"twitter_description":null,"schema":{"blockGraphs":[],"customGraphs":[],"default":{"data":{"Article":[],"Course":[],"Dataset":[],"FAQPage":[],"Movie":[],"Person":[],"Product":[],"ProductReview":[],"Car":[],"Recipe":[],"Service":[],"SoftwareApplication":[],"WebPage":[]},"graphName":"","isEnabled":true},"graphs":[],"defaultGraph":"","defaultPostTypeGraph":""},"schema_type":null,"schema_type_options":null,"pillar_content":false,"robots_default":true,"robots_noindex":false,"robots_noarchive":false,"robots_nosnippet":false,"robots_nofollow":false,"robots_noimageindex":false,"robots_noodp":false,"robots_notranslate":false,"robots_max_snippet":null,"robots_max_videopreview":null,"robots_max_imagepreview":"large","priority":null,"frequency":null,"location":null,"local_seo":null,"seo_analyzer_scan_date":"2025-09-25 03:10:00","breadcrumb_settings":null,"limit_modified_date":false,"open_ai":null,"ai":null,"created":"2021-03-08 22:28:44","updated":"2025-09-25 03:10:00"},"aioseo_breadcrumb":"<div class=\"aioseo-breadcrumbs\"><span class=\"aioseo-breadcrumb\">\n\t<a href=\"https:\/\/eldigitaldeasturias.com\/magazine365\" title=\"Home\">Home<\/a>\n<\/span><span class=\"aioseo-breadcrumb-separator\">\u2013<\/span><span class=\"aioseo-breadcrumb\">\n\t<a href=\"https:\/\/eldigitaldeasturias.com\/magazine365\/category\/noticias-actualidad\/\" title=\"Noticias y Actualidad\">Noticias y Actualidad<\/a>\n<\/span><span class=\"aioseo-breadcrumb-separator\">\u2013<\/span><span class=\"aioseo-breadcrumb\">\n\t<a href=\"https:\/\/eldigitaldeasturias.com\/magazine365\/grandvalira-inaugura-el-edificio-de-servicios-mas-grande-de-los-pirineos-con-una-inversion-de-4-millones\/\" title=\"Grandvalira inaugura el edificio de servicios m\u00e1s grande de los Pirineos con una inversi\u00f3n de 4 millones\">Grandvalira inaugura el edificio de servicios m\u00e1s grande de los Pirineos con una inversi\u00f3n de 4 millones<\/a>\n<\/span><\/div>","aioseo_breadcrumb_json":[{"label":"Home","link":"https:\/\/eldigitaldeasturias.com\/magazine365"},{"label":"Noticias y Actualidad","link":"https:\/\/eldigitaldeasturias.com\/magazine365\/category\/noticias-actualidad\/"},{"label":"Grandvalira inaugura el edificio de servicios m\u00e1s grande de los Pirineos con una inversi\u00f3n de 4 millones","link":"https:\/\/eldigitaldeasturias.com\/magazine365\/grandvalira-inaugura-el-edificio-de-servicios-mas-grande-de-los-pirineos-con-una-inversion-de-4-millones\/"}],"_links":{"self":[{"href":"https:\/\/eldigitaldeasturias.com\/magazine365\/wp-json\/wp\/v2\/posts\/58523","targetHints":{"allow":["GET"]}}],"collection":[{"href":"https:\/\/eldigitaldeasturias.com\/magazine365\/wp-json\/wp\/v2\/posts"}],"about":[{"href":"https:\/\/eldigitaldeasturias.com\/magazine365\/wp-json\/wp\/v2\/types\/post"}],"author":[{"embeddable":true,"href":"https:\/\/eldigitaldeasturias.com\/magazine365\/wp-json\/wp\/v2\/users\/1"}],"replies":[{"embeddable":true,"href":"https:\/\/eldigitaldeasturias.com\/magazine365\/wp-json\/wp\/v2\/comments?post=58523"}],"version-history":[{"count":0,"href":"https:\/\/eldigitaldeasturias.com\/magazine365\/wp-json\/wp\/v2\/posts\/58523\/revisions"}],"wp:featuredmedia":[{"embeddable":true,"href":"https:\/\/eldigitaldeasturias.com\/magazine365\/wp-json\/wp\/v2\/media\/58524"}],"wp:attachment":[{"href":"https:\/\/eldigitaldeasturias.com\/magazine365\/wp-json\/wp\/v2\/media?parent=58523"}],"wp:term":[{"taxonomy":"category","embeddable":true,"href":"https:\/\/eldigitaldeasturias.com\/magazine365\/wp-json\/wp\/v2\/categories?post=58523"},{"taxonomy":"post_tag","embeddable":true,"href":"https:\/\/eldigitaldeasturias.com\/magazine365\/wp-json\/wp\/v2\/tags?post=58523"}],"curies":[{"name":"wp","href":"https:\/\/api.w.org\/{rel}","templated":true}]}}