{"id":58517,"date":"2015-12-15T17:22:24","date_gmt":"2015-12-15T16:22:24","guid":{"rendered":"http:\/\/eldigitaldeasturias.com\/magazine365\/?p=58517"},"modified":"2015-12-15T17:22:24","modified_gmt":"2015-12-15T16:22:24","slug":"american-express-meeting-events-refuerza-su-area-en-madrid-y-barcelona","status":"publish","type":"post","link":"https:\/\/eldigitaldeasturias.com\/magazine365\/american-express-meeting-events-refuerza-su-area-en-madrid-y-barcelona\/","title":{"rendered":"American Express Meeting &#038; Events refuerza su \u00e1rea en Madrid y Barcelona"},"content":{"rendered":"<p><img fetchpriority=\"high\" decoding=\"async\" class=\"alignleft size-medium wp-image-58518\" src=\"https:\/\/eldigitaldeasturias.com\/magazine365\/wp-content\/uploads\/2015\/12\/fotonoticia_20151215133620_800-360x194.jpg\" alt=\"fotonoticia_20151215133620_800\" width=\"360\" height=\"194\" srcset=\"https:\/\/eldigitaldeasturias.com\/magazine365\/wp-content\/uploads\/2015\/12\/fotonoticia_20151215133620_800-360x194.jpg 360w, https:\/\/eldigitaldeasturias.com\/magazine365\/wp-content\/uploads\/2015\/12\/fotonoticia_20151215133620_800-650x351.jpg 650w, https:\/\/eldigitaldeasturias.com\/magazine365\/wp-content\/uploads\/2015\/12\/fotonoticia_20151215133620_800-768x415.jpg 768w, https:\/\/eldigitaldeasturias.com\/magazine365\/wp-content\/uploads\/2015\/12\/fotonoticia_20151215133620_800-150x81.jpg 150w, https:\/\/eldigitaldeasturias.com\/magazine365\/wp-content\/uploads\/2015\/12\/fotonoticia_20151215133620_800-450x243.jpg 450w, https:\/\/eldigitaldeasturias.com\/magazine365\/wp-content\/uploads\/2015\/12\/fotonoticia_20151215133620_800-696x376.jpg 696w, https:\/\/eldigitaldeasturias.com\/magazine365\/wp-content\/uploads\/2015\/12\/fotonoticia_20151215133620_800-778x420.jpg 778w, https:\/\/eldigitaldeasturias.com\/magazine365\/wp-content\/uploads\/2015\/12\/fotonoticia_20151215133620_800-420x225.jpg 420w, https:\/\/eldigitaldeasturias.com\/magazine365\/wp-content\/uploads\/2015\/12\/fotonoticia_20151215133620_800.jpg 800w\" sizes=\"(max-width: 360px) 100vw, 360px\" \/>American Express Meeting &amp; Events ha reforzado el \u00e1rea de management en sus oficinas de Madrid y Barcelona, con la incorporaci\u00f3n de Cristina Arana y Lorena Tamames, respectivamente, inform\u00f3 en una nota la divisi\u00f3n de eventos corporativos de American Express Global Business Travel.<\/p>\n<p>Con estas dos nuevas incorporaciones, la divisi\u00f3n de eventos corporativos de American Express Global Business Travel suma dos perfiles de clara orientaci\u00f3n al cliente y con una s\u00f3lida experiencia en la gesti\u00f3n, desarrollo y supervisi\u00f3n de proyectos.<\/p>\n<p>La compa\u00f1\u00eda se\u00f1ala que dichos aspectos son claves a la hora de orientar cada vez m\u00e1s el servcio de la compa\u00f1\u00eda hacia un enfoque especializado e integral.<\/p>\n<p>Arana, nueva Office Manager en Madrid, trabaj\u00f3 anteriormente en Barcard\u00ed para incorporarse posteriormente a Equipo Singular, agencia en la que fue directora de cuentas y directora de la oficina de Madrid. M\u00e1s recientemente, fue directora de Marketing en Spain Startup. Es licenciada en Administraci\u00f3n y Direcci\u00f3n de Empresas, en la especialidad de Marketing, por la Universidad de Deusto, y M\u00e1ster en Desarrollo Directivo y en Comunicaci\u00f3n y Marketing Digital.<\/p>\n<p>Por su parte, Tamames se incorpora como Account Director en el equipo de Barcelona. Anteriormente ocup\u00f3 diferentes puestos de responsabilidad como directora de Servicios de Atenci\u00f3n al cliente en Equipo Singular o Directora de Cuentas en Bassat &amp; Ogilvy y MacCann Erickson. Es Licenciada en Ciencias de la Comunicaci\u00f3n por la Universidad Ram\u00f3n Llull.<\/p>\n","protected":false},"excerpt":{"rendered":"<p>American Express Meeting &amp; Events ha reforzado el \u00e1rea de management en sus oficinas de Madrid y Barcelona, con la incorporaci\u00f3n de Cristina Arana y Lorena Tamames, respectivamente, inform\u00f3 en una nota la divisi\u00f3n de eventos corporativos de American Express Global Business Travel. Con estas dos nuevas incorporaciones, la divisi\u00f3n de eventos corporativos de American<\/p>\n","protected":false},"author":1,"featured_media":58518,"comment_status":"open","ping_status":"closed","sticky":false,"template":"","format":"standard","meta":{"footnotes":""},"categories":[224],"tags":[],"class_list":{"0":"post-58517","1":"post","2":"type-post","3":"status-publish","4":"format-standard","5":"has-post-thumbnail","7":"category-noticias-actualidad"},"aioseo_notices":[],"aioseo_head":"\n\t\t<!-- All in One SEO Pro 4.9.6.1 - aioseo.com -->\n\t<meta name=\"description\" content=\"American Express Meeting &amp; Events ha reforzado el \u00e1rea de management en sus oficinas de Madrid y Barcelona, con la incorporaci\u00f3n de Cristina Arana y Lorena Tamames, respectivamente, inform\u00f3 en una nota la divisi\u00f3n de eventos corporativos de American Express Global Business Travel. Con estas dos nuevas incorporaciones, la divisi\u00f3n de eventos corporativos de American\" \/>\n\t<meta name=\"robots\" content=\"max-image-preview:large\" \/>\n\t<meta name=\"author\" content=\"admin\"\/>\n\t<meta name=\"google-site-verification\" content=\"UA-38556648-1\" \/>\n\t<meta name=\"keywords\" content=\"noticias y actualidad\" \/>\n\t<link rel=\"canonical\" href=\"https:\/\/eldigitaldeasturias.com\/magazine365\/american-express-meeting-events-refuerza-su-area-en-madrid-y-barcelona\/\" \/>\n\t<meta name=\"generator\" content=\"All in One SEO Pro (AIOSEO) 4.9.6.1\" \/>\n\t\t<meta property=\"og:locale\" content=\"es_ES\" \/>\n\t\t<meta property=\"og:site_name\" content=\"El Digital de Asturias \u2013 Revista de ocio, turismo y estilo de vida\" \/>\n\t\t<meta property=\"og:type\" content=\"article\" \/>\n\t\t<meta property=\"og:title\" content=\"American Express Meeting &amp; Events refuerza su \u00e1rea en Madrid y Barcelona | El Digital de Asturias\" \/>\n\t\t<meta property=\"og:description\" content=\"American Express Meeting &amp; Events ha reforzado el \u00e1rea de management en sus oficinas de Madrid y Barcelona, con la incorporaci\u00f3n de Cristina Arana y Lorena Tamames, respectivamente, inform\u00f3 en una nota la divisi\u00f3n de eventos corporativos de American Express Global Business Travel. Con estas dos nuevas incorporaciones, la divisi\u00f3n de eventos corporativos de American\" \/>\n\t\t<meta property=\"og:url\" content=\"https:\/\/eldigitaldeasturias.com\/magazine365\/american-express-meeting-events-refuerza-su-area-en-madrid-y-barcelona\/\" \/>\n\t\t<meta property=\"og:image\" content=\"https:\/\/eldigitaldeasturias.com\/magazine365\/wp-content\/uploads\/2015\/12\/fotonoticia_20151215133620_800.jpg\" \/>\n\t\t<meta property=\"og:image:secure_url\" content=\"https:\/\/eldigitaldeasturias.com\/magazine365\/wp-content\/uploads\/2015\/12\/fotonoticia_20151215133620_800.jpg\" \/>\n\t\t<meta property=\"og:image:width\" content=\"800\" \/>\n\t\t<meta property=\"og:image:height\" content=\"432\" \/>\n\t\t<meta property=\"article:published_time\" content=\"2015-12-15T16:22:24+00:00\" \/>\n\t\t<meta property=\"article:modified_time\" content=\"2015-12-15T16:22:24+00:00\" \/>\n\t\t<meta name=\"twitter:card\" content=\"summary_large_image\" \/>\n\t\t<meta name=\"twitter:title\" content=\"American Express Meeting &amp; Events refuerza su \u00e1rea en Madrid y Barcelona | El Digital de Asturias\" \/>\n\t\t<meta name=\"twitter:description\" content=\"American Express Meeting &amp; Events ha reforzado el \u00e1rea de management en sus oficinas de Madrid y Barcelona, con la incorporaci\u00f3n de Cristina Arana y Lorena Tamames, respectivamente, inform\u00f3 en una nota la divisi\u00f3n de eventos corporativos de American Express Global Business Travel. Con estas dos nuevas incorporaciones, la divisi\u00f3n de eventos corporativos de American\" \/>\n\t\t<meta name=\"twitter:image\" content=\"https:\/\/eldigitaldeasturias.com\/magazine365\/wp-content\/uploads\/2015\/12\/fotonoticia_20151215133620_800.jpg\" \/>\n\t\t<script type=\"application\/ld+json\" class=\"aioseo-schema\">\n\t\t\t{\"@context\":\"https:\\\/\\\/schema.org\",\"@graph\":[{\"@type\":\"Article\",\"@id\":\"https:\\\/\\\/eldigitaldeasturias.com\\\/magazine365\\\/american-express-meeting-events-refuerza-su-area-en-madrid-y-barcelona\\\/#article\",\"name\":\"American Express Meeting & Events refuerza su \\u00e1rea en Madrid y Barcelona | El Digital de Asturias\",\"headline\":\"American Express Meeting &#038; Events refuerza su \\u00e1rea en Madrid y Barcelona\",\"author\":{\"@id\":\"https:\\\/\\\/eldigitaldeasturias.com\\\/magazine365\\\/author\\\/admin\\\/#author\"},\"publisher\":{\"@id\":\"https:\\\/\\\/eldigitaldeasturias.com\\\/magazine365\\\/#organization\"},\"image\":{\"@type\":\"ImageObject\",\"url\":\"https:\\\/\\\/eldigitaldeasturias.com\\\/magazine365\\\/wp-content\\\/uploads\\\/2015\\\/12\\\/fotonoticia_20151215133620_800.jpg\",\"width\":800,\"height\":432},\"datePublished\":\"2015-12-15T17:22:24+01:00\",\"dateModified\":\"2015-12-15T17:22:24+01:00\",\"inLanguage\":\"es-ES\",\"mainEntityOfPage\":{\"@id\":\"https:\\\/\\\/eldigitaldeasturias.com\\\/magazine365\\\/american-express-meeting-events-refuerza-su-area-en-madrid-y-barcelona\\\/#webpage\"},\"isPartOf\":{\"@id\":\"https:\\\/\\\/eldigitaldeasturias.com\\\/magazine365\\\/american-express-meeting-events-refuerza-su-area-en-madrid-y-barcelona\\\/#webpage\"},\"articleSection\":\"Noticias y Actualidad\"},{\"@type\":\"BreadcrumbList\",\"@id\":\"https:\\\/\\\/eldigitaldeasturias.com\\\/magazine365\\\/american-express-meeting-events-refuerza-su-area-en-madrid-y-barcelona\\\/#breadcrumblist\",\"itemListElement\":[{\"@type\":\"ListItem\",\"@id\":\"https:\\\/\\\/eldigitaldeasturias.com\\\/magazine365#listItem\",\"position\":1,\"name\":\"Home\",\"item\":\"https:\\\/\\\/eldigitaldeasturias.com\\\/magazine365\",\"nextItem\":{\"@type\":\"ListItem\",\"@id\":\"https:\\\/\\\/eldigitaldeasturias.com\\\/magazine365\\\/category\\\/noticias-actualidad\\\/#listItem\",\"name\":\"Noticias y Actualidad\"}},{\"@type\":\"ListItem\",\"@id\":\"https:\\\/\\\/eldigitaldeasturias.com\\\/magazine365\\\/category\\\/noticias-actualidad\\\/#listItem\",\"position\":2,\"name\":\"Noticias y Actualidad\",\"item\":\"https:\\\/\\\/eldigitaldeasturias.com\\\/magazine365\\\/category\\\/noticias-actualidad\\\/\",\"nextItem\":{\"@type\":\"ListItem\",\"@id\":\"https:\\\/\\\/eldigitaldeasturias.com\\\/magazine365\\\/american-express-meeting-events-refuerza-su-area-en-madrid-y-barcelona\\\/#listItem\",\"name\":\"American Express Meeting &#038; Events refuerza su \\u00e1rea en Madrid y Barcelona\"},\"previousItem\":{\"@type\":\"ListItem\",\"@id\":\"https:\\\/\\\/eldigitaldeasturias.com\\\/magazine365#listItem\",\"name\":\"Home\"}},{\"@type\":\"ListItem\",\"@id\":\"https:\\\/\\\/eldigitaldeasturias.com\\\/magazine365\\\/american-express-meeting-events-refuerza-su-area-en-madrid-y-barcelona\\\/#listItem\",\"position\":3,\"name\":\"American Express Meeting &#038; Events refuerza su \\u00e1rea en Madrid y Barcelona\",\"previousItem\":{\"@type\":\"ListItem\",\"@id\":\"https:\\\/\\\/eldigitaldeasturias.com\\\/magazine365\\\/category\\\/noticias-actualidad\\\/#listItem\",\"name\":\"Noticias y Actualidad\"}}]},{\"@type\":\"Organization\",\"@id\":\"https:\\\/\\\/eldigitaldeasturias.com\\\/magazine365\\\/#organization\",\"name\":\"El digital de Asturias\",\"description\":\"Revista de ocio, turismo y estilo de vida\",\"url\":\"https:\\\/\\\/eldigitaldeasturias.com\\\/magazine365\\\/\",\"logo\":{\"@type\":\"ImageObject\",\"url\":\"https:\\\/\\\/www.eldigitaldeasturias.com\\\/noticias\\\/wp-content\\\/uploads\\\/2020\\\/12\\\/EDA.jpg\",\"@id\":\"https:\\\/\\\/eldigitaldeasturias.com\\\/magazine365\\\/american-express-meeting-events-refuerza-su-area-en-madrid-y-barcelona\\\/#organizationLogo\"},\"image\":{\"@id\":\"https:\\\/\\\/eldigitaldeasturias.com\\\/magazine365\\\/american-express-meeting-events-refuerza-su-area-en-madrid-y-barcelona\\\/#organizationLogo\"}},{\"@type\":\"Person\",\"@id\":\"https:\\\/\\\/eldigitaldeasturias.com\\\/magazine365\\\/author\\\/admin\\\/#author\",\"url\":\"https:\\\/\\\/eldigitaldeasturias.com\\\/magazine365\\\/author\\\/admin\\\/\",\"name\":\"admin\",\"image\":{\"@type\":\"ImageObject\",\"@id\":\"https:\\\/\\\/eldigitaldeasturias.com\\\/magazine365\\\/american-express-meeting-events-refuerza-su-area-en-madrid-y-barcelona\\\/#authorImage\",\"url\":\"https:\\\/\\\/eldigitaldeasturias.com\\\/magazine365\\\/wp-content\\\/litespeed\\\/avatar\\\/e571bcf59a0edd6fa6838245a470f2fe.jpg?ver=1777574230\",\"width\":96,\"height\":96,\"caption\":\"admin\"}},{\"@type\":\"WebPage\",\"@id\":\"https:\\\/\\\/eldigitaldeasturias.com\\\/magazine365\\\/american-express-meeting-events-refuerza-su-area-en-madrid-y-barcelona\\\/#webpage\",\"url\":\"https:\\\/\\\/eldigitaldeasturias.com\\\/magazine365\\\/american-express-meeting-events-refuerza-su-area-en-madrid-y-barcelona\\\/\",\"name\":\"American Express Meeting & Events refuerza su \\u00e1rea en Madrid y Barcelona | El Digital de Asturias\",\"description\":\"American Express Meeting & Events ha reforzado el \\u00e1rea de management en sus oficinas de Madrid y Barcelona, con la incorporaci\\u00f3n de Cristina Arana y Lorena Tamames, respectivamente, inform\\u00f3 en una nota la divisi\\u00f3n de eventos corporativos de American Express Global Business Travel. Con estas dos nuevas incorporaciones, la divisi\\u00f3n de eventos corporativos de American\",\"inLanguage\":\"es-ES\",\"isPartOf\":{\"@id\":\"https:\\\/\\\/eldigitaldeasturias.com\\\/magazine365\\\/#website\"},\"breadcrumb\":{\"@id\":\"https:\\\/\\\/eldigitaldeasturias.com\\\/magazine365\\\/american-express-meeting-events-refuerza-su-area-en-madrid-y-barcelona\\\/#breadcrumblist\"},\"author\":{\"@id\":\"https:\\\/\\\/eldigitaldeasturias.com\\\/magazine365\\\/author\\\/admin\\\/#author\"},\"creator\":{\"@id\":\"https:\\\/\\\/eldigitaldeasturias.com\\\/magazine365\\\/author\\\/admin\\\/#author\"},\"image\":{\"@type\":\"ImageObject\",\"url\":\"https:\\\/\\\/eldigitaldeasturias.com\\\/magazine365\\\/wp-content\\\/uploads\\\/2015\\\/12\\\/fotonoticia_20151215133620_800.jpg\",\"@id\":\"https:\\\/\\\/eldigitaldeasturias.com\\\/magazine365\\\/american-express-meeting-events-refuerza-su-area-en-madrid-y-barcelona\\\/#mainImage\",\"width\":800,\"height\":432},\"primaryImageOfPage\":{\"@id\":\"https:\\\/\\\/eldigitaldeasturias.com\\\/magazine365\\\/american-express-meeting-events-refuerza-su-area-en-madrid-y-barcelona\\\/#mainImage\"},\"datePublished\":\"2015-12-15T17:22:24+01:00\",\"dateModified\":\"2015-12-15T17:22:24+01:00\"},{\"@type\":\"WebSite\",\"@id\":\"https:\\\/\\\/eldigitaldeasturias.com\\\/magazine365\\\/#website\",\"url\":\"https:\\\/\\\/eldigitaldeasturias.com\\\/magazine365\\\/\",\"name\":\"El Digital de Asturias\",\"description\":\"Revista de ocio, turismo y estilo de vida\",\"inLanguage\":\"es-ES\",\"publisher\":{\"@id\":\"https:\\\/\\\/eldigitaldeasturias.com\\\/magazine365\\\/#organization\"}}]}\n\t\t<\/script>\n\t\t<!-- All in One SEO Pro -->\r\n\t\t<title>American Express Meeting &amp; Events refuerza su \u00e1rea en Madrid y Barcelona | El Digital de Asturias<\/title>\n\n","aioseo_head_json":{"title":"American Express Meeting & Events refuerza su \u00e1rea en Madrid y Barcelona | El Digital de Asturias","description":"American Express Meeting & Events ha reforzado el \u00e1rea de management en sus oficinas de Madrid y Barcelona, con la incorporaci\u00f3n de Cristina Arana y Lorena Tamames, respectivamente, inform\u00f3 en una nota la divisi\u00f3n de eventos corporativos de American Express Global Business Travel. Con estas dos nuevas incorporaciones, la divisi\u00f3n de eventos corporativos de American","canonical_url":"https:\/\/eldigitaldeasturias.com\/magazine365\/american-express-meeting-events-refuerza-su-area-en-madrid-y-barcelona\/","robots":"max-image-preview:large","keywords":"noticias y actualidad","webmasterTools":{"google-site-verification":"UA-38556648-1","miscellaneous":""},"schema":{"@context":"https:\/\/schema.org","@graph":[{"@type":"Article","@id":"https:\/\/eldigitaldeasturias.com\/magazine365\/american-express-meeting-events-refuerza-su-area-en-madrid-y-barcelona\/#article","name":"American Express Meeting & Events refuerza su \u00e1rea en Madrid y Barcelona | El Digital de Asturias","headline":"American Express Meeting &#038; Events refuerza su \u00e1rea en Madrid y Barcelona","author":{"@id":"https:\/\/eldigitaldeasturias.com\/magazine365\/author\/admin\/#author"},"publisher":{"@id":"https:\/\/eldigitaldeasturias.com\/magazine365\/#organization"},"image":{"@type":"ImageObject","url":"https:\/\/eldigitaldeasturias.com\/magazine365\/wp-content\/uploads\/2015\/12\/fotonoticia_20151215133620_800.jpg","width":800,"height":432},"datePublished":"2015-12-15T17:22:24+01:00","dateModified":"2015-12-15T17:22:24+01:00","inLanguage":"es-ES","mainEntityOfPage":{"@id":"https:\/\/eldigitaldeasturias.com\/magazine365\/american-express-meeting-events-refuerza-su-area-en-madrid-y-barcelona\/#webpage"},"isPartOf":{"@id":"https:\/\/eldigitaldeasturias.com\/magazine365\/american-express-meeting-events-refuerza-su-area-en-madrid-y-barcelona\/#webpage"},"articleSection":"Noticias y Actualidad"},{"@type":"BreadcrumbList","@id":"https:\/\/eldigitaldeasturias.com\/magazine365\/american-express-meeting-events-refuerza-su-area-en-madrid-y-barcelona\/#breadcrumblist","itemListElement":[{"@type":"ListItem","@id":"https:\/\/eldigitaldeasturias.com\/magazine365#listItem","position":1,"name":"Home","item":"https:\/\/eldigitaldeasturias.com\/magazine365","nextItem":{"@type":"ListItem","@id":"https:\/\/eldigitaldeasturias.com\/magazine365\/category\/noticias-actualidad\/#listItem","name":"Noticias y Actualidad"}},{"@type":"ListItem","@id":"https:\/\/eldigitaldeasturias.com\/magazine365\/category\/noticias-actualidad\/#listItem","position":2,"name":"Noticias y Actualidad","item":"https:\/\/eldigitaldeasturias.com\/magazine365\/category\/noticias-actualidad\/","nextItem":{"@type":"ListItem","@id":"https:\/\/eldigitaldeasturias.com\/magazine365\/american-express-meeting-events-refuerza-su-area-en-madrid-y-barcelona\/#listItem","name":"American Express Meeting &#038; Events refuerza su \u00e1rea en Madrid y Barcelona"},"previousItem":{"@type":"ListItem","@id":"https:\/\/eldigitaldeasturias.com\/magazine365#listItem","name":"Home"}},{"@type":"ListItem","@id":"https:\/\/eldigitaldeasturias.com\/magazine365\/american-express-meeting-events-refuerza-su-area-en-madrid-y-barcelona\/#listItem","position":3,"name":"American Express Meeting &#038; Events refuerza su \u00e1rea en Madrid y Barcelona","previousItem":{"@type":"ListItem","@id":"https:\/\/eldigitaldeasturias.com\/magazine365\/category\/noticias-actualidad\/#listItem","name":"Noticias y Actualidad"}}]},{"@type":"Organization","@id":"https:\/\/eldigitaldeasturias.com\/magazine365\/#organization","name":"El digital de Asturias","description":"Revista de ocio, turismo y estilo de vida","url":"https:\/\/eldigitaldeasturias.com\/magazine365\/","logo":{"@type":"ImageObject","url":"https:\/\/www.eldigitaldeasturias.com\/noticias\/wp-content\/uploads\/2020\/12\/EDA.jpg","@id":"https:\/\/eldigitaldeasturias.com\/magazine365\/american-express-meeting-events-refuerza-su-area-en-madrid-y-barcelona\/#organizationLogo"},"image":{"@id":"https:\/\/eldigitaldeasturias.com\/magazine365\/american-express-meeting-events-refuerza-su-area-en-madrid-y-barcelona\/#organizationLogo"}},{"@type":"Person","@id":"https:\/\/eldigitaldeasturias.com\/magazine365\/author\/admin\/#author","url":"https:\/\/eldigitaldeasturias.com\/magazine365\/author\/admin\/","name":"admin","image":{"@type":"ImageObject","@id":"https:\/\/eldigitaldeasturias.com\/magazine365\/american-express-meeting-events-refuerza-su-area-en-madrid-y-barcelona\/#authorImage","url":"https:\/\/eldigitaldeasturias.com\/magazine365\/wp-content\/litespeed\/avatar\/e571bcf59a0edd6fa6838245a470f2fe.jpg?ver=1777574230","width":96,"height":96,"caption":"admin"}},{"@type":"WebPage","@id":"https:\/\/eldigitaldeasturias.com\/magazine365\/american-express-meeting-events-refuerza-su-area-en-madrid-y-barcelona\/#webpage","url":"https:\/\/eldigitaldeasturias.com\/magazine365\/american-express-meeting-events-refuerza-su-area-en-madrid-y-barcelona\/","name":"American Express Meeting & Events refuerza su \u00e1rea en Madrid y Barcelona | El Digital de Asturias","description":"American Express Meeting & Events ha reforzado el \u00e1rea de management en sus oficinas de Madrid y Barcelona, con la incorporaci\u00f3n de Cristina Arana y Lorena Tamames, respectivamente, inform\u00f3 en una nota la divisi\u00f3n de eventos corporativos de American Express Global Business Travel. Con estas dos nuevas incorporaciones, la divisi\u00f3n de eventos corporativos de American","inLanguage":"es-ES","isPartOf":{"@id":"https:\/\/eldigitaldeasturias.com\/magazine365\/#website"},"breadcrumb":{"@id":"https:\/\/eldigitaldeasturias.com\/magazine365\/american-express-meeting-events-refuerza-su-area-en-madrid-y-barcelona\/#breadcrumblist"},"author":{"@id":"https:\/\/eldigitaldeasturias.com\/magazine365\/author\/admin\/#author"},"creator":{"@id":"https:\/\/eldigitaldeasturias.com\/magazine365\/author\/admin\/#author"},"image":{"@type":"ImageObject","url":"https:\/\/eldigitaldeasturias.com\/magazine365\/wp-content\/uploads\/2015\/12\/fotonoticia_20151215133620_800.jpg","@id":"https:\/\/eldigitaldeasturias.com\/magazine365\/american-express-meeting-events-refuerza-su-area-en-madrid-y-barcelona\/#mainImage","width":800,"height":432},"primaryImageOfPage":{"@id":"https:\/\/eldigitaldeasturias.com\/magazine365\/american-express-meeting-events-refuerza-su-area-en-madrid-y-barcelona\/#mainImage"},"datePublished":"2015-12-15T17:22:24+01:00","dateModified":"2015-12-15T17:22:24+01:00"},{"@type":"WebSite","@id":"https:\/\/eldigitaldeasturias.com\/magazine365\/#website","url":"https:\/\/eldigitaldeasturias.com\/magazine365\/","name":"El Digital de Asturias","description":"Revista de ocio, turismo y estilo de vida","inLanguage":"es-ES","publisher":{"@id":"https:\/\/eldigitaldeasturias.com\/magazine365\/#organization"}}]},"og:locale":"es_ES","og:site_name":"El Digital de Asturias \u2013 Revista de ocio, turismo y estilo de vida","og:type":"article","og:title":"American Express Meeting &amp; Events refuerza su \u00e1rea en Madrid y Barcelona | El Digital de Asturias","og:description":"American Express Meeting &amp; Events ha reforzado el \u00e1rea de management en sus oficinas de Madrid y Barcelona, con la incorporaci\u00f3n de Cristina Arana y Lorena Tamames, respectivamente, inform\u00f3 en una nota la divisi\u00f3n de eventos corporativos de American Express Global Business Travel. Con estas dos nuevas incorporaciones, la divisi\u00f3n de eventos corporativos de American","og:url":"https:\/\/eldigitaldeasturias.com\/magazine365\/american-express-meeting-events-refuerza-su-area-en-madrid-y-barcelona\/","og:image":"https:\/\/eldigitaldeasturias.com\/magazine365\/wp-content\/uploads\/2015\/12\/fotonoticia_20151215133620_800.jpg","og:image:secure_url":"https:\/\/eldigitaldeasturias.com\/magazine365\/wp-content\/uploads\/2015\/12\/fotonoticia_20151215133620_800.jpg","og:image:width":800,"og:image:height":432,"article:published_time":"2015-12-15T16:22:24+00:00","article:modified_time":"2015-12-15T16:22:24+00:00","twitter:card":"summary_large_image","twitter:title":"American Express Meeting &amp; Events refuerza su \u00e1rea en Madrid y Barcelona | El Digital de Asturias","twitter:description":"American Express Meeting &amp; Events ha reforzado el \u00e1rea de management en sus oficinas de Madrid y Barcelona, con la incorporaci\u00f3n de Cristina Arana y Lorena Tamames, respectivamente, inform\u00f3 en una nota la divisi\u00f3n de eventos corporativos de American Express Global Business Travel. Con estas dos nuevas incorporaciones, la divisi\u00f3n de eventos corporativos de American","twitter:image":"https:\/\/eldigitaldeasturias.com\/magazine365\/wp-content\/uploads\/2015\/12\/fotonoticia_20151215133620_800.jpg"},"aioseo_meta_data":{"post_id":"58517","title":null,"description":null,"keywords":null,"keyphrases":null,"primary_term":null,"canonical_url":null,"og_title":null,"og_description":null,"og_object_type":"default","og_image_type":"default","og_image_url":null,"og_image_width":null,"og_image_height":null,"og_image_custom_url":null,"og_image_custom_fields":null,"og_video":null,"og_custom_url":null,"og_article_section":null,"og_article_tags":null,"twitter_use_og":false,"twitter_card":"default","twitter_image_type":"default","twitter_image_url":null,"twitter_image_custom_url":null,"twitter_image_custom_fields":null,"twitter_title":null,"twitter_description":null,"schema":{"blockGraphs":[],"customGraphs":[],"default":{"data":{"Article":[],"Course":[],"Dataset":[],"FAQPage":[],"Movie":[],"Person":[],"Product":[],"ProductReview":[],"Car":[],"Recipe":[],"Service":[],"SoftwareApplication":[],"WebPage":[]},"graphName":"","isEnabled":true},"graphs":[]},"schema_type":null,"schema_type_options":null,"pillar_content":false,"robots_default":true,"robots_noindex":false,"robots_noarchive":false,"robots_nosnippet":false,"robots_nofollow":false,"robots_noimageindex":false,"robots_noodp":false,"robots_notranslate":false,"robots_max_snippet":null,"robots_max_videopreview":null,"robots_max_imagepreview":"large","priority":null,"frequency":null,"location":null,"local_seo":null,"seo_analyzer_scan_date":"2025-09-25 03:09:58","breadcrumb_settings":null,"limit_modified_date":false,"open_ai":null,"ai":null,"created":"2021-03-08 22:28:44","updated":"2025-09-25 03:09:58"},"aioseo_breadcrumb":"<div class=\"aioseo-breadcrumbs\"><span class=\"aioseo-breadcrumb\">\n\t<a href=\"https:\/\/eldigitaldeasturias.com\/magazine365\" title=\"Home\">Home<\/a>\n<\/span><span class=\"aioseo-breadcrumb-separator\">\u2013<\/span><span class=\"aioseo-breadcrumb\">\n\t<a href=\"https:\/\/eldigitaldeasturias.com\/magazine365\/category\/noticias-actualidad\/\" title=\"Noticias y Actualidad\">Noticias y Actualidad<\/a>\n<\/span><span class=\"aioseo-breadcrumb-separator\">\u2013<\/span><span class=\"aioseo-breadcrumb\">\n\t<a href=\"https:\/\/eldigitaldeasturias.com\/magazine365\/american-express-meeting-events-refuerza-su-area-en-madrid-y-barcelona\/\" title=\"American Express Meeting &amp; Events refuerza su \u00e1rea en Madrid y Barcelona\">American Express Meeting &amp; Events refuerza su \u00e1rea en Madrid y Barcelona<\/a>\n<\/span><\/div>","aioseo_breadcrumb_json":[{"label":"Home","link":"https:\/\/eldigitaldeasturias.com\/magazine365"},{"label":"Noticias y Actualidad","link":"https:\/\/eldigitaldeasturias.com\/magazine365\/category\/noticias-actualidad\/"},{"label":"American Express Meeting &#038; Events refuerza su \u00e1rea en Madrid y Barcelona","link":"https:\/\/eldigitaldeasturias.com\/magazine365\/american-express-meeting-events-refuerza-su-area-en-madrid-y-barcelona\/"}],"_links":{"self":[{"href":"https:\/\/eldigitaldeasturias.com\/magazine365\/wp-json\/wp\/v2\/posts\/58517","targetHints":{"allow":["GET"]}}],"collection":[{"href":"https:\/\/eldigitaldeasturias.com\/magazine365\/wp-json\/wp\/v2\/posts"}],"about":[{"href":"https:\/\/eldigitaldeasturias.com\/magazine365\/wp-json\/wp\/v2\/types\/post"}],"author":[{"embeddable":true,"href":"https:\/\/eldigitaldeasturias.com\/magazine365\/wp-json\/wp\/v2\/users\/1"}],"replies":[{"embeddable":true,"href":"https:\/\/eldigitaldeasturias.com\/magazine365\/wp-json\/wp\/v2\/comments?post=58517"}],"version-history":[{"count":0,"href":"https:\/\/eldigitaldeasturias.com\/magazine365\/wp-json\/wp\/v2\/posts\/58517\/revisions"}],"wp:featuredmedia":[{"embeddable":true,"href":"https:\/\/eldigitaldeasturias.com\/magazine365\/wp-json\/wp\/v2\/media\/58518"}],"wp:attachment":[{"href":"https:\/\/eldigitaldeasturias.com\/magazine365\/wp-json\/wp\/v2\/media?parent=58517"}],"wp:term":[{"taxonomy":"category","embeddable":true,"href":"https:\/\/eldigitaldeasturias.com\/magazine365\/wp-json\/wp\/v2\/categories?post=58517"},{"taxonomy":"post_tag","embeddable":true,"href":"https:\/\/eldigitaldeasturias.com\/magazine365\/wp-json\/wp\/v2\/tags?post=58517"}],"curies":[{"name":"wp","href":"https:\/\/api.w.org\/{rel}","templated":true}]}}