{"id":58509,"date":"2015-12-15T14:20:25","date_gmt":"2015-12-15T13:20:25","guid":{"rendered":"http:\/\/eldigitaldeasturias.com\/magazine365\/?p=58509"},"modified":"2015-12-15T14:20:25","modified_gmt":"2015-12-15T13:20:25","slug":"el-ceder-zafra-rio-bodion-presenta-su-nuevo-material-promocional-sobre-la-historia-y-patrimonio-de-la-comarca","status":"publish","type":"post","link":"https:\/\/eldigitaldeasturias.com\/magazine365\/el-ceder-zafra-rio-bodion-presenta-su-nuevo-material-promocional-sobre-la-historia-y-patrimonio-de-la-comarca\/","title":{"rendered":"El Ceder Zafra-R\u00edo Bodi\u00f3n presenta su nuevo material promocional sobre la historia y patrimonio de la comarca"},"content":{"rendered":"<p><img fetchpriority=\"high\" decoding=\"async\" class=\"alignleft size-medium wp-image-58510\" src=\"https:\/\/eldigitaldeasturias.com\/magazine365\/wp-content\/uploads\/2015\/12\/fotonoticia_20151215121121_800-360x270.jpg\" alt=\"fotonoticia_20151215121121_800\" width=\"360\" height=\"270\" srcset=\"https:\/\/eldigitaldeasturias.com\/magazine365\/wp-content\/uploads\/2015\/12\/fotonoticia_20151215121121_800-360x270.jpg 360w, https:\/\/eldigitaldeasturias.com\/magazine365\/wp-content\/uploads\/2015\/12\/fotonoticia_20151215121121_800-650x488.jpg 650w, https:\/\/eldigitaldeasturias.com\/magazine365\/wp-content\/uploads\/2015\/12\/fotonoticia_20151215121121_800-768x576.jpg 768w, https:\/\/eldigitaldeasturias.com\/magazine365\/wp-content\/uploads\/2015\/12\/fotonoticia_20151215121121_800-150x113.jpg 150w, https:\/\/eldigitaldeasturias.com\/magazine365\/wp-content\/uploads\/2015\/12\/fotonoticia_20151215121121_800-450x338.jpg 450w, https:\/\/eldigitaldeasturias.com\/magazine365\/wp-content\/uploads\/2015\/12\/fotonoticia_20151215121121_800-80x60.jpg 80w, https:\/\/eldigitaldeasturias.com\/magazine365\/wp-content\/uploads\/2015\/12\/fotonoticia_20151215121121_800-265x198.jpg 265w, https:\/\/eldigitaldeasturias.com\/magazine365\/wp-content\/uploads\/2015\/12\/fotonoticia_20151215121121_800-696x522.jpg 696w, https:\/\/eldigitaldeasturias.com\/magazine365\/wp-content\/uploads\/2015\/12\/fotonoticia_20151215121121_800-560x420.jpg 560w, https:\/\/eldigitaldeasturias.com\/magazine365\/wp-content\/uploads\/2015\/12\/fotonoticia_20151215121121_800-90x67.jpg 90w, https:\/\/eldigitaldeasturias.com\/magazine365\/wp-content\/uploads\/2015\/12\/fotonoticia_20151215121121_800-100x75.jpg 100w, https:\/\/eldigitaldeasturias.com\/magazine365\/wp-content\/uploads\/2015\/12\/fotonoticia_20151215121121_800.jpg 800w\" sizes=\"(max-width: 360px) 100vw, 360px\" \/>El Centro de Desarrollo Rural (Ceder) Zafra-R\u00edo Bodi\u00f3n ha presentado su nuevo material promocional de la comarca, bajo el t\u00edtulo &#8216;Entre el Guadiana y Sierra Morena, arte y naturaleza&#8217;, que tiene como objetivo ofrecer al visitante un recorrido por la naturaleza, la historia y el patrimonio de esta comarca compuesta por 15 localidades.<\/p>\n<p>Dicho programa, ha sido presentado por el gerente del Ceder, Jos\u00e9 Eduardo Luque, y por el responsable de la empresa +Magin, Jos\u00e9 Mar\u00eda Lama, al que adem\u00e1s asistieron los alcaldes y agentes sociales de toda la comarca, para conocer en situ todo el material que promocionar\u00e1 todos los recursos patrimoniales.<\/p>\n<p>As\u00ed, ha indicado que la colecci\u00f3n consta de 15 folletos locales, correspondientes a cada una de las poblaciones antes mencionadas, y donde el t\u00edtulo de cada uno de ellos tiene \u00abun sesgo literario para captar la atenci\u00f3n del viajero\u00bb, como es &#8216;La casa de los halcones&#8217;, en Alconera, &#8216;Los centinelas del territorio&#8217;, en Atalaya, o &#8216;Junto al morabito de San Juan&#8217;, en Burguillos del Cerro, informa el Ceder en nota de prensa.<\/p>\n<p>A su vez, ha informado de que cada folleto incluye un texto introductorio sobre la localidad, una descripci\u00f3n sobre los principales atractivos que la misma ofrece al visitante, museos, centros de interpretaci\u00f3n, calendario de fiestas, informaci\u00f3n sobre la gastronom\u00eda, lugares para comer y d\u00f3nde alojarse.<\/p>\n<p>Tambi\u00e9n, se ha publicado un folleto comarcal, de 24 p\u00e1ginas, en el que se resumen los principales atractivos de estos pueblos y ciudades, tanto este folleto, como los locales, se han editado en castellano, ingl\u00e9s y portugu\u00e9s.<\/p>\n<p>ELABORACI\u00d3N DEL MATERIAL PROMOCIONAL<\/p>\n<p>Por otro lado, ha indicado que para la elaboraci\u00f3n de estos nuevos materiales promocionales, se ha realizado una revisi\u00f3n sistem\u00e1tica de los contenidos de historia, arte y naturaleza que suelen destacarse en cada poblaci\u00f3n, actualizando datos y buscando aquellas singularidades incuestionables, que deben fundamentar la visita de los viajeros.<\/p>\n<p>As\u00ed, ha expresado que para ello se ha hecho \u00abun minucioso trabajo de campo\u00bb, localidad por localidad, al tiempo que se proced\u00eda a captar nuevo material fotogr\u00e1fico para disponer de un nutrido y actualizado banco de im\u00e1genes.<\/p>\n<p>Por su parte, el Ceder ha informado que este nuevo material promocional se completa con una gu\u00eda de un centenar de p\u00e1ginas, profusamente ilustrada con fotograf\u00edas y croquis. De igual forma, ha se\u00f1alado que en ella los contenidos no se distribuyen por localidades, como en los folletos, sino agrupados por focos de inter\u00e9s art\u00edstico e hist\u00f3rico.<\/p>\n<p>De esta forma, el viajero que recorra la comarca puede conocer cu\u00e1les son las principales muestras que Zafra-R\u00edo Bodi\u00f3n le ofrece de cada una de las \u00e9pocas y estilos, y as\u00ed poder organizar rutas tem\u00e1ticas.<\/p>\n<p>Finalmente, el gerente del Ceder Zafra-R\u00edo Bodi\u00f3n, Jos\u00e9 Eduardo Luque, ha destacado que con este nuevo material promocional \u00abse pretende apostar por el turismo y servir as\u00ed de soporte a los peque\u00f1os municipios para que puedan promocionar todo su patrimonio\u00bb.<\/p>\n","protected":false},"excerpt":{"rendered":"<p>El Centro de Desarrollo Rural (Ceder) Zafra-R\u00edo Bodi\u00f3n ha presentado su nuevo material promocional de la comarca, bajo el t\u00edtulo &#8216;Entre el Guadiana y Sierra Morena, arte y naturaleza&#8217;, que tiene como objetivo ofrecer al visitante un recorrido por la naturaleza, la historia y el patrimonio de esta comarca compuesta por 15 localidades. Dicho programa,<\/p>\n","protected":false},"author":1,"featured_media":58510,"comment_status":"open","ping_status":"closed","sticky":false,"template":"","format":"standard","meta":{"footnotes":""},"categories":[224],"tags":[],"class_list":{"0":"post-58509","1":"post","2":"type-post","3":"status-publish","4":"format-standard","5":"has-post-thumbnail","7":"category-noticias-actualidad"},"aioseo_notices":[],"aioseo_head":"\n\t\t<!-- All in One SEO Pro 4.9.6.1 - aioseo.com -->\n\t<meta name=\"description\" content=\"El Centro de Desarrollo Rural (Ceder) Zafra-R\u00edo Bodi\u00f3n ha presentado su nuevo material promocional de la comarca, bajo el t\u00edtulo &#039;Entre el Guadiana y Sierra Morena, arte y naturaleza&#039;, que tiene como objetivo ofrecer al visitante un recorrido por la naturaleza, la historia y el patrimonio de esta comarca compuesta por 15 localidades. Dicho programa,\" \/>\n\t<meta name=\"robots\" content=\"max-image-preview:large\" \/>\n\t<meta name=\"author\" content=\"admin\"\/>\n\t<meta name=\"google-site-verification\" content=\"UA-38556648-1\" \/>\n\t<meta name=\"keywords\" content=\"noticias y actualidad\" \/>\n\t<link rel=\"canonical\" href=\"https:\/\/eldigitaldeasturias.com\/magazine365\/el-ceder-zafra-rio-bodion-presenta-su-nuevo-material-promocional-sobre-la-historia-y-patrimonio-de-la-comarca\/\" \/>\n\t<meta name=\"generator\" content=\"All in One SEO Pro (AIOSEO) 4.9.6.1\" \/>\n\t\t<meta property=\"og:locale\" content=\"es_ES\" \/>\n\t\t<meta property=\"og:site_name\" content=\"El Digital de Asturias \u2013 Revista de ocio, turismo y estilo de vida\" \/>\n\t\t<meta property=\"og:type\" content=\"article\" \/>\n\t\t<meta property=\"og:title\" content=\"El Ceder Zafra-R\u00edo Bodi\u00f3n presenta su nuevo material promocional sobre la historia y patrimonio de la comarca | El Digital de Asturias\" \/>\n\t\t<meta property=\"og:description\" content=\"El Centro de Desarrollo Rural (Ceder) Zafra-R\u00edo Bodi\u00f3n ha presentado su nuevo material promocional de la comarca, bajo el t\u00edtulo &#039;Entre el Guadiana y Sierra Morena, arte y naturaleza&#039;, que tiene como objetivo ofrecer al visitante un recorrido por la naturaleza, la historia y el patrimonio de esta comarca compuesta por 15 localidades. Dicho programa,\" \/>\n\t\t<meta property=\"og:url\" content=\"https:\/\/eldigitaldeasturias.com\/magazine365\/el-ceder-zafra-rio-bodion-presenta-su-nuevo-material-promocional-sobre-la-historia-y-patrimonio-de-la-comarca\/\" \/>\n\t\t<meta property=\"og:image\" content=\"https:\/\/eldigitaldeasturias.com\/magazine365\/wp-content\/uploads\/2015\/12\/fotonoticia_20151215121121_800.jpg\" \/>\n\t\t<meta property=\"og:image:secure_url\" content=\"https:\/\/eldigitaldeasturias.com\/magazine365\/wp-content\/uploads\/2015\/12\/fotonoticia_20151215121121_800.jpg\" \/>\n\t\t<meta property=\"og:image:width\" content=\"800\" \/>\n\t\t<meta property=\"og:image:height\" content=\"600\" \/>\n\t\t<meta property=\"article:published_time\" content=\"2015-12-15T13:20:25+00:00\" \/>\n\t\t<meta property=\"article:modified_time\" content=\"2015-12-15T13:20:25+00:00\" \/>\n\t\t<meta name=\"twitter:card\" content=\"summary_large_image\" \/>\n\t\t<meta name=\"twitter:title\" content=\"El Ceder Zafra-R\u00edo Bodi\u00f3n presenta su nuevo material promocional sobre la historia y patrimonio de la comarca | El Digital de Asturias\" \/>\n\t\t<meta name=\"twitter:description\" content=\"El Centro de Desarrollo Rural (Ceder) Zafra-R\u00edo Bodi\u00f3n ha presentado su nuevo material promocional de la comarca, bajo el t\u00edtulo &#039;Entre el Guadiana y Sierra Morena, arte y naturaleza&#039;, que tiene como objetivo ofrecer al visitante un recorrido por la naturaleza, la historia y el patrimonio de esta comarca compuesta por 15 localidades. Dicho programa,\" \/>\n\t\t<meta name=\"twitter:image\" content=\"https:\/\/eldigitaldeasturias.com\/magazine365\/wp-content\/uploads\/2015\/12\/fotonoticia_20151215121121_800.jpg\" \/>\n\t\t<script type=\"application\/ld+json\" class=\"aioseo-schema\">\n\t\t\t{\"@context\":\"https:\\\/\\\/schema.org\",\"@graph\":[{\"@type\":\"Article\",\"@id\":\"https:\\\/\\\/eldigitaldeasturias.com\\\/magazine365\\\/el-ceder-zafra-rio-bodion-presenta-su-nuevo-material-promocional-sobre-la-historia-y-patrimonio-de-la-comarca\\\/#article\",\"name\":\"El Ceder Zafra-R\\u00edo Bodi\\u00f3n presenta su nuevo material promocional sobre la historia y patrimonio de la comarca | El Digital de Asturias\",\"headline\":\"El Ceder Zafra-R\\u00edo Bodi\\u00f3n presenta su nuevo material promocional sobre la historia y patrimonio de la comarca\",\"author\":{\"@id\":\"https:\\\/\\\/eldigitaldeasturias.com\\\/magazine365\\\/author\\\/admin\\\/#author\"},\"publisher\":{\"@id\":\"https:\\\/\\\/eldigitaldeasturias.com\\\/magazine365\\\/#organization\"},\"image\":{\"@type\":\"ImageObject\",\"url\":\"https:\\\/\\\/eldigitaldeasturias.com\\\/magazine365\\\/wp-content\\\/uploads\\\/2015\\\/12\\\/fotonoticia_20151215121121_800.jpg\",\"width\":800,\"height\":600},\"datePublished\":\"2015-12-15T14:20:25+01:00\",\"dateModified\":\"2015-12-15T14:20:25+01:00\",\"inLanguage\":\"es-ES\",\"mainEntityOfPage\":{\"@id\":\"https:\\\/\\\/eldigitaldeasturias.com\\\/magazine365\\\/el-ceder-zafra-rio-bodion-presenta-su-nuevo-material-promocional-sobre-la-historia-y-patrimonio-de-la-comarca\\\/#webpage\"},\"isPartOf\":{\"@id\":\"https:\\\/\\\/eldigitaldeasturias.com\\\/magazine365\\\/el-ceder-zafra-rio-bodion-presenta-su-nuevo-material-promocional-sobre-la-historia-y-patrimonio-de-la-comarca\\\/#webpage\"},\"articleSection\":\"Noticias y Actualidad\"},{\"@type\":\"BreadcrumbList\",\"@id\":\"https:\\\/\\\/eldigitaldeasturias.com\\\/magazine365\\\/el-ceder-zafra-rio-bodion-presenta-su-nuevo-material-promocional-sobre-la-historia-y-patrimonio-de-la-comarca\\\/#breadcrumblist\",\"itemListElement\":[{\"@type\":\"ListItem\",\"@id\":\"https:\\\/\\\/eldigitaldeasturias.com\\\/magazine365#listItem\",\"position\":1,\"name\":\"Home\",\"item\":\"https:\\\/\\\/eldigitaldeasturias.com\\\/magazine365\",\"nextItem\":{\"@type\":\"ListItem\",\"@id\":\"https:\\\/\\\/eldigitaldeasturias.com\\\/magazine365\\\/category\\\/noticias-actualidad\\\/#listItem\",\"name\":\"Noticias y Actualidad\"}},{\"@type\":\"ListItem\",\"@id\":\"https:\\\/\\\/eldigitaldeasturias.com\\\/magazine365\\\/category\\\/noticias-actualidad\\\/#listItem\",\"position\":2,\"name\":\"Noticias y Actualidad\",\"item\":\"https:\\\/\\\/eldigitaldeasturias.com\\\/magazine365\\\/category\\\/noticias-actualidad\\\/\",\"nextItem\":{\"@type\":\"ListItem\",\"@id\":\"https:\\\/\\\/eldigitaldeasturias.com\\\/magazine365\\\/el-ceder-zafra-rio-bodion-presenta-su-nuevo-material-promocional-sobre-la-historia-y-patrimonio-de-la-comarca\\\/#listItem\",\"name\":\"El Ceder Zafra-R\\u00edo Bodi\\u00f3n presenta su nuevo material promocional sobre la historia y patrimonio de la comarca\"},\"previousItem\":{\"@type\":\"ListItem\",\"@id\":\"https:\\\/\\\/eldigitaldeasturias.com\\\/magazine365#listItem\",\"name\":\"Home\"}},{\"@type\":\"ListItem\",\"@id\":\"https:\\\/\\\/eldigitaldeasturias.com\\\/magazine365\\\/el-ceder-zafra-rio-bodion-presenta-su-nuevo-material-promocional-sobre-la-historia-y-patrimonio-de-la-comarca\\\/#listItem\",\"position\":3,\"name\":\"El Ceder Zafra-R\\u00edo Bodi\\u00f3n presenta su nuevo material promocional sobre la historia y patrimonio de la comarca\",\"previousItem\":{\"@type\":\"ListItem\",\"@id\":\"https:\\\/\\\/eldigitaldeasturias.com\\\/magazine365\\\/category\\\/noticias-actualidad\\\/#listItem\",\"name\":\"Noticias y Actualidad\"}}]},{\"@type\":\"Organization\",\"@id\":\"https:\\\/\\\/eldigitaldeasturias.com\\\/magazine365\\\/#organization\",\"name\":\"El digital de Asturias\",\"description\":\"Revista de ocio, turismo y estilo de vida\",\"url\":\"https:\\\/\\\/eldigitaldeasturias.com\\\/magazine365\\\/\",\"logo\":{\"@type\":\"ImageObject\",\"url\":\"https:\\\/\\\/www.eldigitaldeasturias.com\\\/noticias\\\/wp-content\\\/uploads\\\/2020\\\/12\\\/EDA.jpg\",\"@id\":\"https:\\\/\\\/eldigitaldeasturias.com\\\/magazine365\\\/el-ceder-zafra-rio-bodion-presenta-su-nuevo-material-promocional-sobre-la-historia-y-patrimonio-de-la-comarca\\\/#organizationLogo\"},\"image\":{\"@id\":\"https:\\\/\\\/eldigitaldeasturias.com\\\/magazine365\\\/el-ceder-zafra-rio-bodion-presenta-su-nuevo-material-promocional-sobre-la-historia-y-patrimonio-de-la-comarca\\\/#organizationLogo\"}},{\"@type\":\"Person\",\"@id\":\"https:\\\/\\\/eldigitaldeasturias.com\\\/magazine365\\\/author\\\/admin\\\/#author\",\"url\":\"https:\\\/\\\/eldigitaldeasturias.com\\\/magazine365\\\/author\\\/admin\\\/\",\"name\":\"admin\",\"image\":{\"@type\":\"ImageObject\",\"@id\":\"https:\\\/\\\/eldigitaldeasturias.com\\\/magazine365\\\/el-ceder-zafra-rio-bodion-presenta-su-nuevo-material-promocional-sobre-la-historia-y-patrimonio-de-la-comarca\\\/#authorImage\",\"url\":\"https:\\\/\\\/eldigitaldeasturias.com\\\/magazine365\\\/wp-content\\\/litespeed\\\/avatar\\\/e571bcf59a0edd6fa6838245a470f2fe.jpg?ver=1777574230\",\"width\":96,\"height\":96,\"caption\":\"admin\"}},{\"@type\":\"WebPage\",\"@id\":\"https:\\\/\\\/eldigitaldeasturias.com\\\/magazine365\\\/el-ceder-zafra-rio-bodion-presenta-su-nuevo-material-promocional-sobre-la-historia-y-patrimonio-de-la-comarca\\\/#webpage\",\"url\":\"https:\\\/\\\/eldigitaldeasturias.com\\\/magazine365\\\/el-ceder-zafra-rio-bodion-presenta-su-nuevo-material-promocional-sobre-la-historia-y-patrimonio-de-la-comarca\\\/\",\"name\":\"El Ceder Zafra-R\\u00edo Bodi\\u00f3n presenta su nuevo material promocional sobre la historia y patrimonio de la comarca | El Digital de Asturias\",\"description\":\"El Centro de Desarrollo Rural (Ceder) Zafra-R\\u00edo Bodi\\u00f3n ha presentado su nuevo material promocional de la comarca, bajo el t\\u00edtulo 'Entre el Guadiana y Sierra Morena, arte y naturaleza', que tiene como objetivo ofrecer al visitante un recorrido por la naturaleza, la historia y el patrimonio de esta comarca compuesta por 15 localidades. Dicho programa,\",\"inLanguage\":\"es-ES\",\"isPartOf\":{\"@id\":\"https:\\\/\\\/eldigitaldeasturias.com\\\/magazine365\\\/#website\"},\"breadcrumb\":{\"@id\":\"https:\\\/\\\/eldigitaldeasturias.com\\\/magazine365\\\/el-ceder-zafra-rio-bodion-presenta-su-nuevo-material-promocional-sobre-la-historia-y-patrimonio-de-la-comarca\\\/#breadcrumblist\"},\"author\":{\"@id\":\"https:\\\/\\\/eldigitaldeasturias.com\\\/magazine365\\\/author\\\/admin\\\/#author\"},\"creator\":{\"@id\":\"https:\\\/\\\/eldigitaldeasturias.com\\\/magazine365\\\/author\\\/admin\\\/#author\"},\"image\":{\"@type\":\"ImageObject\",\"url\":\"https:\\\/\\\/eldigitaldeasturias.com\\\/magazine365\\\/wp-content\\\/uploads\\\/2015\\\/12\\\/fotonoticia_20151215121121_800.jpg\",\"@id\":\"https:\\\/\\\/eldigitaldeasturias.com\\\/magazine365\\\/el-ceder-zafra-rio-bodion-presenta-su-nuevo-material-promocional-sobre-la-historia-y-patrimonio-de-la-comarca\\\/#mainImage\",\"width\":800,\"height\":600},\"primaryImageOfPage\":{\"@id\":\"https:\\\/\\\/eldigitaldeasturias.com\\\/magazine365\\\/el-ceder-zafra-rio-bodion-presenta-su-nuevo-material-promocional-sobre-la-historia-y-patrimonio-de-la-comarca\\\/#mainImage\"},\"datePublished\":\"2015-12-15T14:20:25+01:00\",\"dateModified\":\"2015-12-15T14:20:25+01:00\"},{\"@type\":\"WebSite\",\"@id\":\"https:\\\/\\\/eldigitaldeasturias.com\\\/magazine365\\\/#website\",\"url\":\"https:\\\/\\\/eldigitaldeasturias.com\\\/magazine365\\\/\",\"name\":\"El Digital de Asturias\",\"description\":\"Revista de ocio, turismo y estilo de vida\",\"inLanguage\":\"es-ES\",\"publisher\":{\"@id\":\"https:\\\/\\\/eldigitaldeasturias.com\\\/magazine365\\\/#organization\"}}]}\n\t\t<\/script>\n\t\t<!-- All in One SEO Pro -->\r\n\t\t<title>El Ceder Zafra-R\u00edo Bodi\u00f3n presenta su nuevo material promocional sobre la historia y patrimonio de la comarca | El Digital de Asturias<\/title>\n\n","aioseo_head_json":{"title":"El Ceder Zafra-R\u00edo Bodi\u00f3n presenta su nuevo material promocional sobre la historia y patrimonio de la comarca | El Digital de Asturias","description":"El Centro de Desarrollo Rural (Ceder) Zafra-R\u00edo Bodi\u00f3n ha presentado su nuevo material promocional de la comarca, bajo el t\u00edtulo 'Entre el Guadiana y Sierra Morena, arte y naturaleza', que tiene como objetivo ofrecer al visitante un recorrido por la naturaleza, la historia y el patrimonio de esta comarca compuesta por 15 localidades. Dicho programa,","canonical_url":"https:\/\/eldigitaldeasturias.com\/magazine365\/el-ceder-zafra-rio-bodion-presenta-su-nuevo-material-promocional-sobre-la-historia-y-patrimonio-de-la-comarca\/","robots":"max-image-preview:large","keywords":"noticias y actualidad","webmasterTools":{"google-site-verification":"UA-38556648-1","miscellaneous":""},"schema":{"@context":"https:\/\/schema.org","@graph":[{"@type":"Article","@id":"https:\/\/eldigitaldeasturias.com\/magazine365\/el-ceder-zafra-rio-bodion-presenta-su-nuevo-material-promocional-sobre-la-historia-y-patrimonio-de-la-comarca\/#article","name":"El Ceder Zafra-R\u00edo Bodi\u00f3n presenta su nuevo material promocional sobre la historia y patrimonio de la comarca | El Digital de Asturias","headline":"El Ceder Zafra-R\u00edo Bodi\u00f3n presenta su nuevo material promocional sobre la historia y patrimonio de la comarca","author":{"@id":"https:\/\/eldigitaldeasturias.com\/magazine365\/author\/admin\/#author"},"publisher":{"@id":"https:\/\/eldigitaldeasturias.com\/magazine365\/#organization"},"image":{"@type":"ImageObject","url":"https:\/\/eldigitaldeasturias.com\/magazine365\/wp-content\/uploads\/2015\/12\/fotonoticia_20151215121121_800.jpg","width":800,"height":600},"datePublished":"2015-12-15T14:20:25+01:00","dateModified":"2015-12-15T14:20:25+01:00","inLanguage":"es-ES","mainEntityOfPage":{"@id":"https:\/\/eldigitaldeasturias.com\/magazine365\/el-ceder-zafra-rio-bodion-presenta-su-nuevo-material-promocional-sobre-la-historia-y-patrimonio-de-la-comarca\/#webpage"},"isPartOf":{"@id":"https:\/\/eldigitaldeasturias.com\/magazine365\/el-ceder-zafra-rio-bodion-presenta-su-nuevo-material-promocional-sobre-la-historia-y-patrimonio-de-la-comarca\/#webpage"},"articleSection":"Noticias y Actualidad"},{"@type":"BreadcrumbList","@id":"https:\/\/eldigitaldeasturias.com\/magazine365\/el-ceder-zafra-rio-bodion-presenta-su-nuevo-material-promocional-sobre-la-historia-y-patrimonio-de-la-comarca\/#breadcrumblist","itemListElement":[{"@type":"ListItem","@id":"https:\/\/eldigitaldeasturias.com\/magazine365#listItem","position":1,"name":"Home","item":"https:\/\/eldigitaldeasturias.com\/magazine365","nextItem":{"@type":"ListItem","@id":"https:\/\/eldigitaldeasturias.com\/magazine365\/category\/noticias-actualidad\/#listItem","name":"Noticias y Actualidad"}},{"@type":"ListItem","@id":"https:\/\/eldigitaldeasturias.com\/magazine365\/category\/noticias-actualidad\/#listItem","position":2,"name":"Noticias y Actualidad","item":"https:\/\/eldigitaldeasturias.com\/magazine365\/category\/noticias-actualidad\/","nextItem":{"@type":"ListItem","@id":"https:\/\/eldigitaldeasturias.com\/magazine365\/el-ceder-zafra-rio-bodion-presenta-su-nuevo-material-promocional-sobre-la-historia-y-patrimonio-de-la-comarca\/#listItem","name":"El Ceder Zafra-R\u00edo Bodi\u00f3n presenta su nuevo material promocional sobre la historia y patrimonio de la comarca"},"previousItem":{"@type":"ListItem","@id":"https:\/\/eldigitaldeasturias.com\/magazine365#listItem","name":"Home"}},{"@type":"ListItem","@id":"https:\/\/eldigitaldeasturias.com\/magazine365\/el-ceder-zafra-rio-bodion-presenta-su-nuevo-material-promocional-sobre-la-historia-y-patrimonio-de-la-comarca\/#listItem","position":3,"name":"El Ceder Zafra-R\u00edo Bodi\u00f3n presenta su nuevo material promocional sobre la historia y patrimonio de la comarca","previousItem":{"@type":"ListItem","@id":"https:\/\/eldigitaldeasturias.com\/magazine365\/category\/noticias-actualidad\/#listItem","name":"Noticias y Actualidad"}}]},{"@type":"Organization","@id":"https:\/\/eldigitaldeasturias.com\/magazine365\/#organization","name":"El digital de Asturias","description":"Revista de ocio, turismo y estilo de vida","url":"https:\/\/eldigitaldeasturias.com\/magazine365\/","logo":{"@type":"ImageObject","url":"https:\/\/www.eldigitaldeasturias.com\/noticias\/wp-content\/uploads\/2020\/12\/EDA.jpg","@id":"https:\/\/eldigitaldeasturias.com\/magazine365\/el-ceder-zafra-rio-bodion-presenta-su-nuevo-material-promocional-sobre-la-historia-y-patrimonio-de-la-comarca\/#organizationLogo"},"image":{"@id":"https:\/\/eldigitaldeasturias.com\/magazine365\/el-ceder-zafra-rio-bodion-presenta-su-nuevo-material-promocional-sobre-la-historia-y-patrimonio-de-la-comarca\/#organizationLogo"}},{"@type":"Person","@id":"https:\/\/eldigitaldeasturias.com\/magazine365\/author\/admin\/#author","url":"https:\/\/eldigitaldeasturias.com\/magazine365\/author\/admin\/","name":"admin","image":{"@type":"ImageObject","@id":"https:\/\/eldigitaldeasturias.com\/magazine365\/el-ceder-zafra-rio-bodion-presenta-su-nuevo-material-promocional-sobre-la-historia-y-patrimonio-de-la-comarca\/#authorImage","url":"https:\/\/eldigitaldeasturias.com\/magazine365\/wp-content\/litespeed\/avatar\/e571bcf59a0edd6fa6838245a470f2fe.jpg?ver=1777574230","width":96,"height":96,"caption":"admin"}},{"@type":"WebPage","@id":"https:\/\/eldigitaldeasturias.com\/magazine365\/el-ceder-zafra-rio-bodion-presenta-su-nuevo-material-promocional-sobre-la-historia-y-patrimonio-de-la-comarca\/#webpage","url":"https:\/\/eldigitaldeasturias.com\/magazine365\/el-ceder-zafra-rio-bodion-presenta-su-nuevo-material-promocional-sobre-la-historia-y-patrimonio-de-la-comarca\/","name":"El Ceder Zafra-R\u00edo Bodi\u00f3n presenta su nuevo material promocional sobre la historia y patrimonio de la comarca | El Digital de Asturias","description":"El Centro de Desarrollo Rural (Ceder) Zafra-R\u00edo Bodi\u00f3n ha presentado su nuevo material promocional de la comarca, bajo el t\u00edtulo 'Entre el Guadiana y Sierra Morena, arte y naturaleza', que tiene como objetivo ofrecer al visitante un recorrido por la naturaleza, la historia y el patrimonio de esta comarca compuesta por 15 localidades. Dicho programa,","inLanguage":"es-ES","isPartOf":{"@id":"https:\/\/eldigitaldeasturias.com\/magazine365\/#website"},"breadcrumb":{"@id":"https:\/\/eldigitaldeasturias.com\/magazine365\/el-ceder-zafra-rio-bodion-presenta-su-nuevo-material-promocional-sobre-la-historia-y-patrimonio-de-la-comarca\/#breadcrumblist"},"author":{"@id":"https:\/\/eldigitaldeasturias.com\/magazine365\/author\/admin\/#author"},"creator":{"@id":"https:\/\/eldigitaldeasturias.com\/magazine365\/author\/admin\/#author"},"image":{"@type":"ImageObject","url":"https:\/\/eldigitaldeasturias.com\/magazine365\/wp-content\/uploads\/2015\/12\/fotonoticia_20151215121121_800.jpg","@id":"https:\/\/eldigitaldeasturias.com\/magazine365\/el-ceder-zafra-rio-bodion-presenta-su-nuevo-material-promocional-sobre-la-historia-y-patrimonio-de-la-comarca\/#mainImage","width":800,"height":600},"primaryImageOfPage":{"@id":"https:\/\/eldigitaldeasturias.com\/magazine365\/el-ceder-zafra-rio-bodion-presenta-su-nuevo-material-promocional-sobre-la-historia-y-patrimonio-de-la-comarca\/#mainImage"},"datePublished":"2015-12-15T14:20:25+01:00","dateModified":"2015-12-15T14:20:25+01:00"},{"@type":"WebSite","@id":"https:\/\/eldigitaldeasturias.com\/magazine365\/#website","url":"https:\/\/eldigitaldeasturias.com\/magazine365\/","name":"El Digital de Asturias","description":"Revista de ocio, turismo y estilo de vida","inLanguage":"es-ES","publisher":{"@id":"https:\/\/eldigitaldeasturias.com\/magazine365\/#organization"}}]},"og:locale":"es_ES","og:site_name":"El Digital de Asturias \u2013 Revista de ocio, turismo y estilo de vida","og:type":"article","og:title":"El Ceder Zafra-R\u00edo Bodi\u00f3n presenta su nuevo material promocional sobre la historia y patrimonio de la comarca | El Digital de Asturias","og:description":"El Centro de Desarrollo Rural (Ceder) Zafra-R\u00edo Bodi\u00f3n ha presentado su nuevo material promocional de la comarca, bajo el t\u00edtulo 'Entre el Guadiana y Sierra Morena, arte y naturaleza', que tiene como objetivo ofrecer al visitante un recorrido por la naturaleza, la historia y el patrimonio de esta comarca compuesta por 15 localidades. Dicho programa,","og:url":"https:\/\/eldigitaldeasturias.com\/magazine365\/el-ceder-zafra-rio-bodion-presenta-su-nuevo-material-promocional-sobre-la-historia-y-patrimonio-de-la-comarca\/","og:image":"https:\/\/eldigitaldeasturias.com\/magazine365\/wp-content\/uploads\/2015\/12\/fotonoticia_20151215121121_800.jpg","og:image:secure_url":"https:\/\/eldigitaldeasturias.com\/magazine365\/wp-content\/uploads\/2015\/12\/fotonoticia_20151215121121_800.jpg","og:image:width":800,"og:image:height":600,"article:published_time":"2015-12-15T13:20:25+00:00","article:modified_time":"2015-12-15T13:20:25+00:00","twitter:card":"summary_large_image","twitter:title":"El Ceder Zafra-R\u00edo Bodi\u00f3n presenta su nuevo material promocional sobre la historia y patrimonio de la comarca | El Digital de Asturias","twitter:description":"El Centro de Desarrollo Rural (Ceder) Zafra-R\u00edo Bodi\u00f3n ha presentado su nuevo material promocional de la comarca, bajo el t\u00edtulo 'Entre el Guadiana y Sierra Morena, arte y naturaleza', que tiene como objetivo ofrecer al visitante un recorrido por la naturaleza, la historia y el patrimonio de esta comarca compuesta por 15 localidades. Dicho programa,","twitter:image":"https:\/\/eldigitaldeasturias.com\/magazine365\/wp-content\/uploads\/2015\/12\/fotonoticia_20151215121121_800.jpg"},"aioseo_meta_data":{"post_id":"58509","title":null,"description":null,"keywords":null,"keyphrases":null,"primary_term":null,"canonical_url":null,"og_title":null,"og_description":null,"og_object_type":"default","og_image_type":"default","og_image_url":null,"og_image_width":null,"og_image_height":null,"og_image_custom_url":null,"og_image_custom_fields":null,"og_video":null,"og_custom_url":null,"og_article_section":null,"og_article_tags":null,"twitter_use_og":false,"twitter_card":"default","twitter_image_type":"default","twitter_image_url":null,"twitter_image_custom_url":null,"twitter_image_custom_fields":null,"twitter_title":null,"twitter_description":null,"schema":{"blockGraphs":[],"customGraphs":[],"default":{"data":{"Article":[],"Course":[],"Dataset":[],"FAQPage":[],"Movie":[],"Person":[],"Product":[],"ProductReview":[],"Car":[],"Recipe":[],"Service":[],"SoftwareApplication":[],"WebPage":[]},"graphName":"","isEnabled":true},"graphs":[],"defaultGraph":"","defaultPostTypeGraph":""},"schema_type":null,"schema_type_options":null,"pillar_content":false,"robots_default":true,"robots_noindex":false,"robots_noarchive":false,"robots_nosnippet":false,"robots_nofollow":false,"robots_noimageindex":false,"robots_noodp":false,"robots_notranslate":false,"robots_max_snippet":null,"robots_max_videopreview":null,"robots_max_imagepreview":"large","priority":null,"frequency":null,"location":null,"local_seo":null,"seo_analyzer_scan_date":"2025-09-25 03:08:04","breadcrumb_settings":null,"limit_modified_date":false,"open_ai":null,"ai":null,"created":"2021-03-08 22:28:44","updated":"2025-09-25 03:08:04"},"aioseo_breadcrumb":"<div class=\"aioseo-breadcrumbs\"><span class=\"aioseo-breadcrumb\">\n\t<a href=\"https:\/\/eldigitaldeasturias.com\/magazine365\" title=\"Home\">Home<\/a>\n<\/span><span class=\"aioseo-breadcrumb-separator\">\u2013<\/span><span class=\"aioseo-breadcrumb\">\n\t<a href=\"https:\/\/eldigitaldeasturias.com\/magazine365\/category\/noticias-actualidad\/\" title=\"Noticias y Actualidad\">Noticias y Actualidad<\/a>\n<\/span><span class=\"aioseo-breadcrumb-separator\">\u2013<\/span><span class=\"aioseo-breadcrumb\">\n\t<a href=\"https:\/\/eldigitaldeasturias.com\/magazine365\/el-ceder-zafra-rio-bodion-presenta-su-nuevo-material-promocional-sobre-la-historia-y-patrimonio-de-la-comarca\/\" title=\"El Ceder Zafra-R\u00edo Bodi\u00f3n presenta su nuevo material promocional sobre la historia y patrimonio de la comarca\">El Ceder Zafra-R\u00edo Bodi\u00f3n presenta su nuevo material promocional sobre la historia y patrimonio de la comarca<\/a>\n<\/span><\/div>","aioseo_breadcrumb_json":[{"label":"Home","link":"https:\/\/eldigitaldeasturias.com\/magazine365"},{"label":"Noticias y Actualidad","link":"https:\/\/eldigitaldeasturias.com\/magazine365\/category\/noticias-actualidad\/"},{"label":"El Ceder Zafra-R\u00edo Bodi\u00f3n presenta su nuevo material promocional sobre la historia y patrimonio de la comarca","link":"https:\/\/eldigitaldeasturias.com\/magazine365\/el-ceder-zafra-rio-bodion-presenta-su-nuevo-material-promocional-sobre-la-historia-y-patrimonio-de-la-comarca\/"}],"_links":{"self":[{"href":"https:\/\/eldigitaldeasturias.com\/magazine365\/wp-json\/wp\/v2\/posts\/58509","targetHints":{"allow":["GET"]}}],"collection":[{"href":"https:\/\/eldigitaldeasturias.com\/magazine365\/wp-json\/wp\/v2\/posts"}],"about":[{"href":"https:\/\/eldigitaldeasturias.com\/magazine365\/wp-json\/wp\/v2\/types\/post"}],"author":[{"embeddable":true,"href":"https:\/\/eldigitaldeasturias.com\/magazine365\/wp-json\/wp\/v2\/users\/1"}],"replies":[{"embeddable":true,"href":"https:\/\/eldigitaldeasturias.com\/magazine365\/wp-json\/wp\/v2\/comments?post=58509"}],"version-history":[{"count":0,"href":"https:\/\/eldigitaldeasturias.com\/magazine365\/wp-json\/wp\/v2\/posts\/58509\/revisions"}],"wp:featuredmedia":[{"embeddable":true,"href":"https:\/\/eldigitaldeasturias.com\/magazine365\/wp-json\/wp\/v2\/media\/58510"}],"wp:attachment":[{"href":"https:\/\/eldigitaldeasturias.com\/magazine365\/wp-json\/wp\/v2\/media?parent=58509"}],"wp:term":[{"taxonomy":"category","embeddable":true,"href":"https:\/\/eldigitaldeasturias.com\/magazine365\/wp-json\/wp\/v2\/categories?post=58509"},{"taxonomy":"post_tag","embeddable":true,"href":"https:\/\/eldigitaldeasturias.com\/magazine365\/wp-json\/wp\/v2\/tags?post=58509"}],"curies":[{"name":"wp","href":"https:\/\/api.w.org\/{rel}","templated":true}]}}