{"id":58497,"date":"2015-12-15T14:14:42","date_gmt":"2015-12-15T13:14:42","guid":{"rendered":"http:\/\/eldigitaldeasturias.com\/magazine365\/?p=58497"},"modified":"2015-12-15T14:14:42","modified_gmt":"2015-12-15T13:14:42","slug":"novotel-madrid-center-reabre-tras-un-ano-de-reforma","status":"publish","type":"post","link":"https:\/\/eldigitaldeasturias.com\/magazine365\/novotel-madrid-center-reabre-tras-un-ano-de-reforma\/","title":{"rendered":"Novotel Madrid Center reabre tras un a\u00f1o de reforma"},"content":{"rendered":"<p><img fetchpriority=\"high\" decoding=\"async\" class=\"alignleft size-medium wp-image-58498\" src=\"https:\/\/eldigitaldeasturias.com\/magazine365\/wp-content\/uploads\/2015\/12\/fotonoticia_20151215113300_800-360x270.jpg\" alt=\"fotonoticia_20151215113300_800\" width=\"360\" height=\"270\" srcset=\"https:\/\/eldigitaldeasturias.com\/magazine365\/wp-content\/uploads\/2015\/12\/fotonoticia_20151215113300_800-360x270.jpg 360w, https:\/\/eldigitaldeasturias.com\/magazine365\/wp-content\/uploads\/2015\/12\/fotonoticia_20151215113300_800-650x488.jpg 650w, https:\/\/eldigitaldeasturias.com\/magazine365\/wp-content\/uploads\/2015\/12\/fotonoticia_20151215113300_800-768x576.jpg 768w, https:\/\/eldigitaldeasturias.com\/magazine365\/wp-content\/uploads\/2015\/12\/fotonoticia_20151215113300_800-150x113.jpg 150w, https:\/\/eldigitaldeasturias.com\/magazine365\/wp-content\/uploads\/2015\/12\/fotonoticia_20151215113300_800-450x338.jpg 450w, https:\/\/eldigitaldeasturias.com\/magazine365\/wp-content\/uploads\/2015\/12\/fotonoticia_20151215113300_800-80x60.jpg 80w, https:\/\/eldigitaldeasturias.com\/magazine365\/wp-content\/uploads\/2015\/12\/fotonoticia_20151215113300_800-265x198.jpg 265w, https:\/\/eldigitaldeasturias.com\/magazine365\/wp-content\/uploads\/2015\/12\/fotonoticia_20151215113300_800-696x522.jpg 696w, https:\/\/eldigitaldeasturias.com\/magazine365\/wp-content\/uploads\/2015\/12\/fotonoticia_20151215113300_800-560x420.jpg 560w, https:\/\/eldigitaldeasturias.com\/magazine365\/wp-content\/uploads\/2015\/12\/fotonoticia_20151215113300_800-90x67.jpg 90w, https:\/\/eldigitaldeasturias.com\/magazine365\/wp-content\/uploads\/2015\/12\/fotonoticia_20151215113300_800-100x75.jpg 100w, https:\/\/eldigitaldeasturias.com\/magazine365\/wp-content\/uploads\/2015\/12\/fotonoticia_20151215113300_800.jpg 800w\" sizes=\"(max-width: 360px) 100vw, 360px\" \/>Novotel Madrid Center, el antiguo Hotel Convenci\u00f3n, ha reabierto sus puertas tras un a\u00f1o de reforma y seis meses de cierre para su remodelaci\u00f3n integral, a la que la propiedad del hotel ha destinado m\u00e1s de 30 millones de euros, inform\u00f3 el establecimiento.<\/p>\n<p>El establecimiento, de 790 habitaciones y cuatro estrellas, cuenta con zonas comunes y de restauraci\u00f3n con un GourmetBar, a los que se a\u00f1aden 2.400 m2 de espacios dedicados a eventos, con los que el hotel busca convertirse en un referente en la capital en este segmento. Se trata del establecimiento de la marca AccorHotels m\u00e1s grande del mundo.<\/p>\n<p>El hotel, ubicado en la calle O&#8217;Donnell de Madrid, pr\u00f3ximo al Retiro, cuenta con un centro de convenciones de los m\u00e1s equipados para eventos en la capital. Las 20 salas de reuni\u00f3n adaptables disponen de lo \u00faltimo en tecnolog\u00eda y WiFi, gratuito en todo el hotel.<\/p>\n","protected":false},"excerpt":{"rendered":"<p>Novotel Madrid Center, el antiguo Hotel Convenci\u00f3n, ha reabierto sus puertas tras un a\u00f1o de reforma y seis meses de cierre para su remodelaci\u00f3n integral, a la que la propiedad del hotel ha destinado m\u00e1s de 30 millones de euros, inform\u00f3 el establecimiento. El establecimiento, de 790 habitaciones y cuatro estrellas, cuenta con zonas comunes<\/p>\n","protected":false},"author":1,"featured_media":58498,"comment_status":"open","ping_status":"closed","sticky":false,"template":"","format":"standard","meta":{"footnotes":""},"categories":[224],"tags":[],"class_list":{"0":"post-58497","1":"post","2":"type-post","3":"status-publish","4":"format-standard","5":"has-post-thumbnail","7":"category-noticias-actualidad"},"aioseo_notices":[],"aioseo_head":"\n\t\t<!-- All in One SEO Pro 4.9.6.1 - aioseo.com -->\n\t<meta name=\"description\" content=\"Novotel Madrid Center, el antiguo Hotel Convenci\u00f3n, ha reabierto sus puertas tras un a\u00f1o de reforma y seis meses de cierre para su remodelaci\u00f3n integral, a la que la propiedad del hotel ha destinado m\u00e1s de 30 millones de euros, inform\u00f3 el establecimiento. El establecimiento, de 790 habitaciones y cuatro estrellas, cuenta con zonas comunes\" \/>\n\t<meta name=\"robots\" content=\"max-image-preview:large\" \/>\n\t<meta name=\"author\" content=\"admin\"\/>\n\t<meta name=\"google-site-verification\" content=\"UA-38556648-1\" \/>\n\t<meta name=\"keywords\" content=\"noticias y actualidad\" \/>\n\t<link rel=\"canonical\" href=\"https:\/\/eldigitaldeasturias.com\/magazine365\/novotel-madrid-center-reabre-tras-un-ano-de-reforma\/\" \/>\n\t<meta name=\"generator\" content=\"All in One SEO Pro (AIOSEO) 4.9.6.1\" \/>\n\t\t<meta property=\"og:locale\" content=\"es_ES\" \/>\n\t\t<meta property=\"og:site_name\" content=\"El Digital de Asturias \u2013 Revista de ocio, turismo y estilo de vida\" \/>\n\t\t<meta property=\"og:type\" content=\"article\" \/>\n\t\t<meta property=\"og:title\" content=\"Novotel Madrid Center reabre tras un a\u00f1o de reforma | El Digital de Asturias\" \/>\n\t\t<meta property=\"og:description\" content=\"Novotel Madrid Center, el antiguo Hotel Convenci\u00f3n, ha reabierto sus puertas tras un a\u00f1o de reforma y seis meses de cierre para su remodelaci\u00f3n integral, a la que la propiedad del hotel ha destinado m\u00e1s de 30 millones de euros, inform\u00f3 el establecimiento. El establecimiento, de 790 habitaciones y cuatro estrellas, cuenta con zonas comunes\" \/>\n\t\t<meta property=\"og:url\" content=\"https:\/\/eldigitaldeasturias.com\/magazine365\/novotel-madrid-center-reabre-tras-un-ano-de-reforma\/\" \/>\n\t\t<meta property=\"og:image\" content=\"https:\/\/eldigitaldeasturias.com\/magazine365\/wp-content\/uploads\/2015\/12\/fotonoticia_20151215113300_800.jpg\" \/>\n\t\t<meta property=\"og:image:secure_url\" content=\"https:\/\/eldigitaldeasturias.com\/magazine365\/wp-content\/uploads\/2015\/12\/fotonoticia_20151215113300_800.jpg\" \/>\n\t\t<meta property=\"og:image:width\" content=\"800\" \/>\n\t\t<meta property=\"og:image:height\" content=\"600\" \/>\n\t\t<meta property=\"article:published_time\" content=\"2015-12-15T13:14:42+00:00\" \/>\n\t\t<meta property=\"article:modified_time\" content=\"2015-12-15T13:14:42+00:00\" \/>\n\t\t<meta name=\"twitter:card\" content=\"summary_large_image\" \/>\n\t\t<meta name=\"twitter:title\" content=\"Novotel Madrid Center reabre tras un a\u00f1o de reforma | El Digital de Asturias\" \/>\n\t\t<meta name=\"twitter:description\" content=\"Novotel Madrid Center, el antiguo Hotel Convenci\u00f3n, ha reabierto sus puertas tras un a\u00f1o de reforma y seis meses de cierre para su remodelaci\u00f3n integral, a la que la propiedad del hotel ha destinado m\u00e1s de 30 millones de euros, inform\u00f3 el establecimiento. El establecimiento, de 790 habitaciones y cuatro estrellas, cuenta con zonas comunes\" \/>\n\t\t<meta name=\"twitter:image\" content=\"https:\/\/eldigitaldeasturias.com\/magazine365\/wp-content\/uploads\/2015\/12\/fotonoticia_20151215113300_800.jpg\" \/>\n\t\t<script type=\"application\/ld+json\" class=\"aioseo-schema\">\n\t\t\t{\"@context\":\"https:\\\/\\\/schema.org\",\"@graph\":[{\"@type\":\"Article\",\"@id\":\"https:\\\/\\\/eldigitaldeasturias.com\\\/magazine365\\\/novotel-madrid-center-reabre-tras-un-ano-de-reforma\\\/#article\",\"name\":\"Novotel Madrid Center reabre tras un a\\u00f1o de reforma | El Digital de Asturias\",\"headline\":\"Novotel Madrid Center reabre tras un a\\u00f1o de reforma\",\"author\":{\"@id\":\"https:\\\/\\\/eldigitaldeasturias.com\\\/magazine365\\\/author\\\/admin\\\/#author\"},\"publisher\":{\"@id\":\"https:\\\/\\\/eldigitaldeasturias.com\\\/magazine365\\\/#organization\"},\"image\":{\"@type\":\"ImageObject\",\"url\":\"https:\\\/\\\/eldigitaldeasturias.com\\\/magazine365\\\/wp-content\\\/uploads\\\/2015\\\/12\\\/fotonoticia_20151215113300_800.jpg\",\"width\":800,\"height\":600},\"datePublished\":\"2015-12-15T14:14:42+01:00\",\"dateModified\":\"2015-12-15T14:14:42+01:00\",\"inLanguage\":\"es-ES\",\"mainEntityOfPage\":{\"@id\":\"https:\\\/\\\/eldigitaldeasturias.com\\\/magazine365\\\/novotel-madrid-center-reabre-tras-un-ano-de-reforma\\\/#webpage\"},\"isPartOf\":{\"@id\":\"https:\\\/\\\/eldigitaldeasturias.com\\\/magazine365\\\/novotel-madrid-center-reabre-tras-un-ano-de-reforma\\\/#webpage\"},\"articleSection\":\"Noticias y Actualidad\"},{\"@type\":\"BreadcrumbList\",\"@id\":\"https:\\\/\\\/eldigitaldeasturias.com\\\/magazine365\\\/novotel-madrid-center-reabre-tras-un-ano-de-reforma\\\/#breadcrumblist\",\"itemListElement\":[{\"@type\":\"ListItem\",\"@id\":\"https:\\\/\\\/eldigitaldeasturias.com\\\/magazine365#listItem\",\"position\":1,\"name\":\"Home\",\"item\":\"https:\\\/\\\/eldigitaldeasturias.com\\\/magazine365\",\"nextItem\":{\"@type\":\"ListItem\",\"@id\":\"https:\\\/\\\/eldigitaldeasturias.com\\\/magazine365\\\/category\\\/noticias-actualidad\\\/#listItem\",\"name\":\"Noticias y Actualidad\"}},{\"@type\":\"ListItem\",\"@id\":\"https:\\\/\\\/eldigitaldeasturias.com\\\/magazine365\\\/category\\\/noticias-actualidad\\\/#listItem\",\"position\":2,\"name\":\"Noticias y Actualidad\",\"item\":\"https:\\\/\\\/eldigitaldeasturias.com\\\/magazine365\\\/category\\\/noticias-actualidad\\\/\",\"nextItem\":{\"@type\":\"ListItem\",\"@id\":\"https:\\\/\\\/eldigitaldeasturias.com\\\/magazine365\\\/novotel-madrid-center-reabre-tras-un-ano-de-reforma\\\/#listItem\",\"name\":\"Novotel Madrid Center reabre tras un a\\u00f1o de reforma\"},\"previousItem\":{\"@type\":\"ListItem\",\"@id\":\"https:\\\/\\\/eldigitaldeasturias.com\\\/magazine365#listItem\",\"name\":\"Home\"}},{\"@type\":\"ListItem\",\"@id\":\"https:\\\/\\\/eldigitaldeasturias.com\\\/magazine365\\\/novotel-madrid-center-reabre-tras-un-ano-de-reforma\\\/#listItem\",\"position\":3,\"name\":\"Novotel Madrid Center reabre tras un a\\u00f1o de reforma\",\"previousItem\":{\"@type\":\"ListItem\",\"@id\":\"https:\\\/\\\/eldigitaldeasturias.com\\\/magazine365\\\/category\\\/noticias-actualidad\\\/#listItem\",\"name\":\"Noticias y Actualidad\"}}]},{\"@type\":\"Organization\",\"@id\":\"https:\\\/\\\/eldigitaldeasturias.com\\\/magazine365\\\/#organization\",\"name\":\"El digital de Asturias\",\"description\":\"Revista de ocio, turismo y estilo de vida\",\"url\":\"https:\\\/\\\/eldigitaldeasturias.com\\\/magazine365\\\/\",\"logo\":{\"@type\":\"ImageObject\",\"url\":\"https:\\\/\\\/www.eldigitaldeasturias.com\\\/noticias\\\/wp-content\\\/uploads\\\/2020\\\/12\\\/EDA.jpg\",\"@id\":\"https:\\\/\\\/eldigitaldeasturias.com\\\/magazine365\\\/novotel-madrid-center-reabre-tras-un-ano-de-reforma\\\/#organizationLogo\"},\"image\":{\"@id\":\"https:\\\/\\\/eldigitaldeasturias.com\\\/magazine365\\\/novotel-madrid-center-reabre-tras-un-ano-de-reforma\\\/#organizationLogo\"}},{\"@type\":\"Person\",\"@id\":\"https:\\\/\\\/eldigitaldeasturias.com\\\/magazine365\\\/author\\\/admin\\\/#author\",\"url\":\"https:\\\/\\\/eldigitaldeasturias.com\\\/magazine365\\\/author\\\/admin\\\/\",\"name\":\"admin\",\"image\":{\"@type\":\"ImageObject\",\"@id\":\"https:\\\/\\\/eldigitaldeasturias.com\\\/magazine365\\\/novotel-madrid-center-reabre-tras-un-ano-de-reforma\\\/#authorImage\",\"url\":\"https:\\\/\\\/eldigitaldeasturias.com\\\/magazine365\\\/wp-content\\\/litespeed\\\/avatar\\\/e571bcf59a0edd6fa6838245a470f2fe.jpg?ver=1777574230\",\"width\":96,\"height\":96,\"caption\":\"admin\"}},{\"@type\":\"WebPage\",\"@id\":\"https:\\\/\\\/eldigitaldeasturias.com\\\/magazine365\\\/novotel-madrid-center-reabre-tras-un-ano-de-reforma\\\/#webpage\",\"url\":\"https:\\\/\\\/eldigitaldeasturias.com\\\/magazine365\\\/novotel-madrid-center-reabre-tras-un-ano-de-reforma\\\/\",\"name\":\"Novotel Madrid Center reabre tras un a\\u00f1o de reforma | El Digital de Asturias\",\"description\":\"Novotel Madrid Center, el antiguo Hotel Convenci\\u00f3n, ha reabierto sus puertas tras un a\\u00f1o de reforma y seis meses de cierre para su remodelaci\\u00f3n integral, a la que la propiedad del hotel ha destinado m\\u00e1s de 30 millones de euros, inform\\u00f3 el establecimiento. El establecimiento, de 790 habitaciones y cuatro estrellas, cuenta con zonas comunes\",\"inLanguage\":\"es-ES\",\"isPartOf\":{\"@id\":\"https:\\\/\\\/eldigitaldeasturias.com\\\/magazine365\\\/#website\"},\"breadcrumb\":{\"@id\":\"https:\\\/\\\/eldigitaldeasturias.com\\\/magazine365\\\/novotel-madrid-center-reabre-tras-un-ano-de-reforma\\\/#breadcrumblist\"},\"author\":{\"@id\":\"https:\\\/\\\/eldigitaldeasturias.com\\\/magazine365\\\/author\\\/admin\\\/#author\"},\"creator\":{\"@id\":\"https:\\\/\\\/eldigitaldeasturias.com\\\/magazine365\\\/author\\\/admin\\\/#author\"},\"image\":{\"@type\":\"ImageObject\",\"url\":\"https:\\\/\\\/eldigitaldeasturias.com\\\/magazine365\\\/wp-content\\\/uploads\\\/2015\\\/12\\\/fotonoticia_20151215113300_800.jpg\",\"@id\":\"https:\\\/\\\/eldigitaldeasturias.com\\\/magazine365\\\/novotel-madrid-center-reabre-tras-un-ano-de-reforma\\\/#mainImage\",\"width\":800,\"height\":600},\"primaryImageOfPage\":{\"@id\":\"https:\\\/\\\/eldigitaldeasturias.com\\\/magazine365\\\/novotel-madrid-center-reabre-tras-un-ano-de-reforma\\\/#mainImage\"},\"datePublished\":\"2015-12-15T14:14:42+01:00\",\"dateModified\":\"2015-12-15T14:14:42+01:00\"},{\"@type\":\"WebSite\",\"@id\":\"https:\\\/\\\/eldigitaldeasturias.com\\\/magazine365\\\/#website\",\"url\":\"https:\\\/\\\/eldigitaldeasturias.com\\\/magazine365\\\/\",\"name\":\"El Digital de Asturias\",\"description\":\"Revista de ocio, turismo y estilo de vida\",\"inLanguage\":\"es-ES\",\"publisher\":{\"@id\":\"https:\\\/\\\/eldigitaldeasturias.com\\\/magazine365\\\/#organization\"}}]}\n\t\t<\/script>\n\t\t<!-- All in One SEO Pro -->\r\n\t\t<title>Novotel Madrid Center reabre tras un a\u00f1o de reforma | El Digital de Asturias<\/title>\n\n","aioseo_head_json":{"title":"Novotel Madrid Center reabre tras un a\u00f1o de reforma | El Digital de Asturias","description":"Novotel Madrid Center, el antiguo Hotel Convenci\u00f3n, ha reabierto sus puertas tras un a\u00f1o de reforma y seis meses de cierre para su remodelaci\u00f3n integral, a la que la propiedad del hotel ha destinado m\u00e1s de 30 millones de euros, inform\u00f3 el establecimiento. El establecimiento, de 790 habitaciones y cuatro estrellas, cuenta con zonas comunes","canonical_url":"https:\/\/eldigitaldeasturias.com\/magazine365\/novotel-madrid-center-reabre-tras-un-ano-de-reforma\/","robots":"max-image-preview:large","keywords":"noticias y actualidad","webmasterTools":{"google-site-verification":"UA-38556648-1","miscellaneous":""},"schema":{"@context":"https:\/\/schema.org","@graph":[{"@type":"Article","@id":"https:\/\/eldigitaldeasturias.com\/magazine365\/novotel-madrid-center-reabre-tras-un-ano-de-reforma\/#article","name":"Novotel Madrid Center reabre tras un a\u00f1o de reforma | El Digital de Asturias","headline":"Novotel Madrid Center reabre tras un a\u00f1o de reforma","author":{"@id":"https:\/\/eldigitaldeasturias.com\/magazine365\/author\/admin\/#author"},"publisher":{"@id":"https:\/\/eldigitaldeasturias.com\/magazine365\/#organization"},"image":{"@type":"ImageObject","url":"https:\/\/eldigitaldeasturias.com\/magazine365\/wp-content\/uploads\/2015\/12\/fotonoticia_20151215113300_800.jpg","width":800,"height":600},"datePublished":"2015-12-15T14:14:42+01:00","dateModified":"2015-12-15T14:14:42+01:00","inLanguage":"es-ES","mainEntityOfPage":{"@id":"https:\/\/eldigitaldeasturias.com\/magazine365\/novotel-madrid-center-reabre-tras-un-ano-de-reforma\/#webpage"},"isPartOf":{"@id":"https:\/\/eldigitaldeasturias.com\/magazine365\/novotel-madrid-center-reabre-tras-un-ano-de-reforma\/#webpage"},"articleSection":"Noticias y Actualidad"},{"@type":"BreadcrumbList","@id":"https:\/\/eldigitaldeasturias.com\/magazine365\/novotel-madrid-center-reabre-tras-un-ano-de-reforma\/#breadcrumblist","itemListElement":[{"@type":"ListItem","@id":"https:\/\/eldigitaldeasturias.com\/magazine365#listItem","position":1,"name":"Home","item":"https:\/\/eldigitaldeasturias.com\/magazine365","nextItem":{"@type":"ListItem","@id":"https:\/\/eldigitaldeasturias.com\/magazine365\/category\/noticias-actualidad\/#listItem","name":"Noticias y Actualidad"}},{"@type":"ListItem","@id":"https:\/\/eldigitaldeasturias.com\/magazine365\/category\/noticias-actualidad\/#listItem","position":2,"name":"Noticias y Actualidad","item":"https:\/\/eldigitaldeasturias.com\/magazine365\/category\/noticias-actualidad\/","nextItem":{"@type":"ListItem","@id":"https:\/\/eldigitaldeasturias.com\/magazine365\/novotel-madrid-center-reabre-tras-un-ano-de-reforma\/#listItem","name":"Novotel Madrid Center reabre tras un a\u00f1o de reforma"},"previousItem":{"@type":"ListItem","@id":"https:\/\/eldigitaldeasturias.com\/magazine365#listItem","name":"Home"}},{"@type":"ListItem","@id":"https:\/\/eldigitaldeasturias.com\/magazine365\/novotel-madrid-center-reabre-tras-un-ano-de-reforma\/#listItem","position":3,"name":"Novotel Madrid Center reabre tras un a\u00f1o de reforma","previousItem":{"@type":"ListItem","@id":"https:\/\/eldigitaldeasturias.com\/magazine365\/category\/noticias-actualidad\/#listItem","name":"Noticias y Actualidad"}}]},{"@type":"Organization","@id":"https:\/\/eldigitaldeasturias.com\/magazine365\/#organization","name":"El digital de Asturias","description":"Revista de ocio, turismo y estilo de vida","url":"https:\/\/eldigitaldeasturias.com\/magazine365\/","logo":{"@type":"ImageObject","url":"https:\/\/www.eldigitaldeasturias.com\/noticias\/wp-content\/uploads\/2020\/12\/EDA.jpg","@id":"https:\/\/eldigitaldeasturias.com\/magazine365\/novotel-madrid-center-reabre-tras-un-ano-de-reforma\/#organizationLogo"},"image":{"@id":"https:\/\/eldigitaldeasturias.com\/magazine365\/novotel-madrid-center-reabre-tras-un-ano-de-reforma\/#organizationLogo"}},{"@type":"Person","@id":"https:\/\/eldigitaldeasturias.com\/magazine365\/author\/admin\/#author","url":"https:\/\/eldigitaldeasturias.com\/magazine365\/author\/admin\/","name":"admin","image":{"@type":"ImageObject","@id":"https:\/\/eldigitaldeasturias.com\/magazine365\/novotel-madrid-center-reabre-tras-un-ano-de-reforma\/#authorImage","url":"https:\/\/eldigitaldeasturias.com\/magazine365\/wp-content\/litespeed\/avatar\/e571bcf59a0edd6fa6838245a470f2fe.jpg?ver=1777574230","width":96,"height":96,"caption":"admin"}},{"@type":"WebPage","@id":"https:\/\/eldigitaldeasturias.com\/magazine365\/novotel-madrid-center-reabre-tras-un-ano-de-reforma\/#webpage","url":"https:\/\/eldigitaldeasturias.com\/magazine365\/novotel-madrid-center-reabre-tras-un-ano-de-reforma\/","name":"Novotel Madrid Center reabre tras un a\u00f1o de reforma | El Digital de Asturias","description":"Novotel Madrid Center, el antiguo Hotel Convenci\u00f3n, ha reabierto sus puertas tras un a\u00f1o de reforma y seis meses de cierre para su remodelaci\u00f3n integral, a la que la propiedad del hotel ha destinado m\u00e1s de 30 millones de euros, inform\u00f3 el establecimiento. El establecimiento, de 790 habitaciones y cuatro estrellas, cuenta con zonas comunes","inLanguage":"es-ES","isPartOf":{"@id":"https:\/\/eldigitaldeasturias.com\/magazine365\/#website"},"breadcrumb":{"@id":"https:\/\/eldigitaldeasturias.com\/magazine365\/novotel-madrid-center-reabre-tras-un-ano-de-reforma\/#breadcrumblist"},"author":{"@id":"https:\/\/eldigitaldeasturias.com\/magazine365\/author\/admin\/#author"},"creator":{"@id":"https:\/\/eldigitaldeasturias.com\/magazine365\/author\/admin\/#author"},"image":{"@type":"ImageObject","url":"https:\/\/eldigitaldeasturias.com\/magazine365\/wp-content\/uploads\/2015\/12\/fotonoticia_20151215113300_800.jpg","@id":"https:\/\/eldigitaldeasturias.com\/magazine365\/novotel-madrid-center-reabre-tras-un-ano-de-reforma\/#mainImage","width":800,"height":600},"primaryImageOfPage":{"@id":"https:\/\/eldigitaldeasturias.com\/magazine365\/novotel-madrid-center-reabre-tras-un-ano-de-reforma\/#mainImage"},"datePublished":"2015-12-15T14:14:42+01:00","dateModified":"2015-12-15T14:14:42+01:00"},{"@type":"WebSite","@id":"https:\/\/eldigitaldeasturias.com\/magazine365\/#website","url":"https:\/\/eldigitaldeasturias.com\/magazine365\/","name":"El Digital de Asturias","description":"Revista de ocio, turismo y estilo de vida","inLanguage":"es-ES","publisher":{"@id":"https:\/\/eldigitaldeasturias.com\/magazine365\/#organization"}}]},"og:locale":"es_ES","og:site_name":"El Digital de Asturias \u2013 Revista de ocio, turismo y estilo de vida","og:type":"article","og:title":"Novotel Madrid Center reabre tras un a\u00f1o de reforma | El Digital de Asturias","og:description":"Novotel Madrid Center, el antiguo Hotel Convenci\u00f3n, ha reabierto sus puertas tras un a\u00f1o de reforma y seis meses de cierre para su remodelaci\u00f3n integral, a la que la propiedad del hotel ha destinado m\u00e1s de 30 millones de euros, inform\u00f3 el establecimiento. El establecimiento, de 790 habitaciones y cuatro estrellas, cuenta con zonas comunes","og:url":"https:\/\/eldigitaldeasturias.com\/magazine365\/novotel-madrid-center-reabre-tras-un-ano-de-reforma\/","og:image":"https:\/\/eldigitaldeasturias.com\/magazine365\/wp-content\/uploads\/2015\/12\/fotonoticia_20151215113300_800.jpg","og:image:secure_url":"https:\/\/eldigitaldeasturias.com\/magazine365\/wp-content\/uploads\/2015\/12\/fotonoticia_20151215113300_800.jpg","og:image:width":800,"og:image:height":600,"article:published_time":"2015-12-15T13:14:42+00:00","article:modified_time":"2015-12-15T13:14:42+00:00","twitter:card":"summary_large_image","twitter:title":"Novotel Madrid Center reabre tras un a\u00f1o de reforma | El Digital de Asturias","twitter:description":"Novotel Madrid Center, el antiguo Hotel Convenci\u00f3n, ha reabierto sus puertas tras un a\u00f1o de reforma y seis meses de cierre para su remodelaci\u00f3n integral, a la que la propiedad del hotel ha destinado m\u00e1s de 30 millones de euros, inform\u00f3 el establecimiento. El establecimiento, de 790 habitaciones y cuatro estrellas, cuenta con zonas comunes","twitter:image":"https:\/\/eldigitaldeasturias.com\/magazine365\/wp-content\/uploads\/2015\/12\/fotonoticia_20151215113300_800.jpg"},"aioseo_meta_data":{"post_id":"58497","title":null,"description":null,"keywords":null,"keyphrases":null,"primary_term":null,"canonical_url":null,"og_title":null,"og_description":null,"og_object_type":"default","og_image_type":"default","og_image_url":null,"og_image_width":null,"og_image_height":null,"og_image_custom_url":null,"og_image_custom_fields":null,"og_video":null,"og_custom_url":null,"og_article_section":null,"og_article_tags":null,"twitter_use_og":false,"twitter_card":"default","twitter_image_type":"default","twitter_image_url":null,"twitter_image_custom_url":null,"twitter_image_custom_fields":null,"twitter_title":null,"twitter_description":null,"schema":{"blockGraphs":[],"customGraphs":[],"default":{"data":{"Article":[],"Course":[],"Dataset":[],"FAQPage":[],"Movie":[],"Person":[],"Product":[],"ProductReview":[],"Car":[],"Recipe":[],"Service":[],"SoftwareApplication":[],"WebPage":[]},"graphName":"","isEnabled":true},"graphs":[],"defaultGraph":"","defaultPostTypeGraph":""},"schema_type":null,"schema_type_options":null,"pillar_content":false,"robots_default":true,"robots_noindex":false,"robots_noarchive":false,"robots_nosnippet":false,"robots_nofollow":false,"robots_noimageindex":false,"robots_noodp":false,"robots_notranslate":false,"robots_max_snippet":null,"robots_max_videopreview":null,"robots_max_imagepreview":"large","priority":null,"frequency":null,"location":null,"local_seo":null,"seo_analyzer_scan_date":"2025-09-25 03:07:58","breadcrumb_settings":null,"limit_modified_date":false,"open_ai":null,"ai":null,"created":"2021-03-08 22:28:44","updated":"2025-09-25 03:07:58"},"aioseo_breadcrumb":"<div class=\"aioseo-breadcrumbs\"><span class=\"aioseo-breadcrumb\">\n\t<a href=\"https:\/\/eldigitaldeasturias.com\/magazine365\" title=\"Home\">Home<\/a>\n<\/span><span class=\"aioseo-breadcrumb-separator\">\u2013<\/span><span class=\"aioseo-breadcrumb\">\n\t<a href=\"https:\/\/eldigitaldeasturias.com\/magazine365\/category\/noticias-actualidad\/\" title=\"Noticias y Actualidad\">Noticias y Actualidad<\/a>\n<\/span><span class=\"aioseo-breadcrumb-separator\">\u2013<\/span><span class=\"aioseo-breadcrumb\">\n\t<a href=\"https:\/\/eldigitaldeasturias.com\/magazine365\/novotel-madrid-center-reabre-tras-un-ano-de-reforma\/\" title=\"Novotel Madrid Center reabre tras un a\u00f1o de reforma\">Novotel Madrid Center reabre tras un a\u00f1o de reforma<\/a>\n<\/span><\/div>","aioseo_breadcrumb_json":[{"label":"Home","link":"https:\/\/eldigitaldeasturias.com\/magazine365"},{"label":"Noticias y Actualidad","link":"https:\/\/eldigitaldeasturias.com\/magazine365\/category\/noticias-actualidad\/"},{"label":"Novotel Madrid Center reabre tras un a\u00f1o de reforma","link":"https:\/\/eldigitaldeasturias.com\/magazine365\/novotel-madrid-center-reabre-tras-un-ano-de-reforma\/"}],"_links":{"self":[{"href":"https:\/\/eldigitaldeasturias.com\/magazine365\/wp-json\/wp\/v2\/posts\/58497","targetHints":{"allow":["GET"]}}],"collection":[{"href":"https:\/\/eldigitaldeasturias.com\/magazine365\/wp-json\/wp\/v2\/posts"}],"about":[{"href":"https:\/\/eldigitaldeasturias.com\/magazine365\/wp-json\/wp\/v2\/types\/post"}],"author":[{"embeddable":true,"href":"https:\/\/eldigitaldeasturias.com\/magazine365\/wp-json\/wp\/v2\/users\/1"}],"replies":[{"embeddable":true,"href":"https:\/\/eldigitaldeasturias.com\/magazine365\/wp-json\/wp\/v2\/comments?post=58497"}],"version-history":[{"count":0,"href":"https:\/\/eldigitaldeasturias.com\/magazine365\/wp-json\/wp\/v2\/posts\/58497\/revisions"}],"wp:featuredmedia":[{"embeddable":true,"href":"https:\/\/eldigitaldeasturias.com\/magazine365\/wp-json\/wp\/v2\/media\/58498"}],"wp:attachment":[{"href":"https:\/\/eldigitaldeasturias.com\/magazine365\/wp-json\/wp\/v2\/media?parent=58497"}],"wp:term":[{"taxonomy":"category","embeddable":true,"href":"https:\/\/eldigitaldeasturias.com\/magazine365\/wp-json\/wp\/v2\/categories?post=58497"},{"taxonomy":"post_tag","embeddable":true,"href":"https:\/\/eldigitaldeasturias.com\/magazine365\/wp-json\/wp\/v2\/tags?post=58497"}],"curies":[{"name":"wp","href":"https:\/\/api.w.org\/{rel}","templated":true}]}}