{"id":58473,"date":"2015-12-15T13:51:07","date_gmt":"2015-12-15T12:51:07","guid":{"rendered":"http:\/\/eldigitaldeasturias.com\/magazine365\/?p=58473"},"modified":"2015-12-15T13:51:07","modified_gmt":"2015-12-15T12:51:07","slug":"el-aeropuerto-de-asturias-cerro-el-mes-de-noviembre-con-datos-positivos","status":"publish","type":"post","link":"https:\/\/eldigitaldeasturias.com\/magazine365\/el-aeropuerto-de-asturias-cerro-el-mes-de-noviembre-con-datos-positivos\/","title":{"rendered":"El Aeropuerto de Asturias cerr\u00f3 el mes de noviembre con datos positivos"},"content":{"rendered":"<p><img fetchpriority=\"high\" decoding=\"async\" class=\"alignleft size-medium wp-image-58474\" src=\"https:\/\/eldigitaldeasturias.com\/magazine365\/wp-content\/uploads\/2015\/12\/fotonoticia_20151214124350_800-360x202.jpg\" alt=\"fotonoticia_20151214124350_800\" width=\"360\" height=\"202\" srcset=\"https:\/\/eldigitaldeasturias.com\/magazine365\/wp-content\/uploads\/2015\/12\/fotonoticia_20151214124350_800-360x202.jpg 360w, https:\/\/eldigitaldeasturias.com\/magazine365\/wp-content\/uploads\/2015\/12\/fotonoticia_20151214124350_800-650x365.jpg 650w, https:\/\/eldigitaldeasturias.com\/magazine365\/wp-content\/uploads\/2015\/12\/fotonoticia_20151214124350_800-768x431.jpg 768w, https:\/\/eldigitaldeasturias.com\/magazine365\/wp-content\/uploads\/2015\/12\/fotonoticia_20151214124350_800-150x84.jpg 150w, https:\/\/eldigitaldeasturias.com\/magazine365\/wp-content\/uploads\/2015\/12\/fotonoticia_20151214124350_800-450x253.jpg 450w, https:\/\/eldigitaldeasturias.com\/magazine365\/wp-content\/uploads\/2015\/12\/fotonoticia_20151214124350_800-696x391.jpg 696w, https:\/\/eldigitaldeasturias.com\/magazine365\/wp-content\/uploads\/2015\/12\/fotonoticia_20151214124350_800-748x420.jpg 748w, https:\/\/eldigitaldeasturias.com\/magazine365\/wp-content\/uploads\/2015\/12\/fotonoticia_20151214124350_800-499x280.jpg 499w, https:\/\/eldigitaldeasturias.com\/magazine365\/wp-content\/uploads\/2015\/12\/fotonoticia_20151214124350_800.jpg 800w\" sizes=\"(max-width: 360px) 100vw, 360px\" \/>El Aeropuerto de Asturias cerr\u00f3 el mes de noviembre con datos positivos, encadenando as\u00ed su noveno mes de incremento de tr\u00e1fico. Durante el pasado mes pasaron por la infraestructura aeroportuaria asturiana un total de 73.177 pasajeros, lo que supone un aumento del 3,5% respecto al mismo periodo del a\u00f1o anterior.<\/p>\n<p>Seg\u00fan ha informado AENA este lunes, de ellos, 64.142 corresponden a pasajeros de vuelos nacionales, con un aumento del 2,8%, mientras que 8.821 fueron pasajeros que optaron por vuelos internacionales, un 8,2% m\u00e1s que en el mismo periodo del a\u00f1o anterior. En noviembre el aeropuerto gestion\u00f3 un total de 705 operaciones, un 3,4% m\u00e1s que en el mismo mes de 2014.<\/p>\n<p>Desde AENA se destaca adem\u00e1s que en el acumulado del a\u00f1o el Aeropuerto de Asturias tambi\u00e9n ofrece datos positivos. As\u00ed, de enero a noviembre pasaron por la infraestructura aeroportuaria asturiana 1.032.729 pasajeros, un 4,6% m\u00e1s que en el mismo periodo del a\u00f1o anterior. De ellos, 903.482 fueron pasajeros de vuelos nacionales, que registraron un incremento del 4,5%, y 126.283 fueron viajeros que optaron por vuelos internacionales con un aumento del 5,2%.<\/p>\n","protected":false},"excerpt":{"rendered":"<p>El Aeropuerto de Asturias cerr\u00f3 el mes de noviembre con datos positivos, encadenando as\u00ed su noveno mes de incremento de tr\u00e1fico. Durante el pasado mes pasaron por la infraestructura aeroportuaria asturiana un total de 73.177 pasajeros, lo que supone un aumento del 3,5% respecto al mismo periodo del a\u00f1o anterior. Seg\u00fan ha informado AENA este<\/p>\n","protected":false},"author":1,"featured_media":58474,"comment_status":"open","ping_status":"closed","sticky":false,"template":"","format":"standard","meta":{"footnotes":""},"categories":[224],"tags":[],"class_list":{"0":"post-58473","1":"post","2":"type-post","3":"status-publish","4":"format-standard","5":"has-post-thumbnail","7":"category-noticias-actualidad"},"aioseo_notices":[],"aioseo_head":"\n\t\t<!-- All in One SEO Pro 4.9.6.1 - aioseo.com -->\n\t<meta name=\"description\" content=\"El Aeropuerto de Asturias cerr\u00f3 el mes de noviembre con datos positivos, encadenando as\u00ed su noveno mes de incremento de tr\u00e1fico. Durante el pasado mes pasaron por la infraestructura aeroportuaria asturiana un total de 73.177 pasajeros, lo que supone un aumento del 3,5% respecto al mismo periodo del a\u00f1o anterior. Seg\u00fan ha informado AENA este\" \/>\n\t<meta name=\"robots\" content=\"max-image-preview:large\" \/>\n\t<meta name=\"author\" content=\"admin\"\/>\n\t<meta name=\"google-site-verification\" content=\"UA-38556648-1\" \/>\n\t<meta name=\"keywords\" content=\"noticias y actualidad\" \/>\n\t<link rel=\"canonical\" href=\"https:\/\/eldigitaldeasturias.com\/magazine365\/el-aeropuerto-de-asturias-cerro-el-mes-de-noviembre-con-datos-positivos\/\" \/>\n\t<meta name=\"generator\" content=\"All in One SEO Pro (AIOSEO) 4.9.6.1\" \/>\n\t\t<meta property=\"og:locale\" content=\"es_ES\" \/>\n\t\t<meta property=\"og:site_name\" content=\"El Digital de Asturias \u2013 Revista de ocio, turismo y estilo de vida\" \/>\n\t\t<meta property=\"og:type\" content=\"article\" \/>\n\t\t<meta property=\"og:title\" content=\"El Aeropuerto de Asturias cerr\u00f3 el mes de noviembre con datos positivos | El Digital de Asturias\" \/>\n\t\t<meta property=\"og:description\" content=\"El Aeropuerto de Asturias cerr\u00f3 el mes de noviembre con datos positivos, encadenando as\u00ed su noveno mes de incremento de tr\u00e1fico. Durante el pasado mes pasaron por la infraestructura aeroportuaria asturiana un total de 73.177 pasajeros, lo que supone un aumento del 3,5% respecto al mismo periodo del a\u00f1o anterior. Seg\u00fan ha informado AENA este\" \/>\n\t\t<meta property=\"og:url\" content=\"https:\/\/eldigitaldeasturias.com\/magazine365\/el-aeropuerto-de-asturias-cerro-el-mes-de-noviembre-con-datos-positivos\/\" \/>\n\t\t<meta property=\"og:image\" content=\"https:\/\/eldigitaldeasturias.com\/magazine365\/wp-content\/uploads\/2015\/12\/fotonoticia_20151214124350_800.jpg\" \/>\n\t\t<meta property=\"og:image:secure_url\" content=\"https:\/\/eldigitaldeasturias.com\/magazine365\/wp-content\/uploads\/2015\/12\/fotonoticia_20151214124350_800.jpg\" \/>\n\t\t<meta property=\"og:image:width\" content=\"800\" \/>\n\t\t<meta property=\"og:image:height\" content=\"449\" \/>\n\t\t<meta property=\"article:published_time\" content=\"2015-12-15T12:51:07+00:00\" \/>\n\t\t<meta property=\"article:modified_time\" content=\"2015-12-15T12:51:07+00:00\" \/>\n\t\t<meta name=\"twitter:card\" content=\"summary_large_image\" \/>\n\t\t<meta name=\"twitter:title\" content=\"El Aeropuerto de Asturias cerr\u00f3 el mes de noviembre con datos positivos | El Digital de Asturias\" \/>\n\t\t<meta name=\"twitter:description\" content=\"El Aeropuerto de Asturias cerr\u00f3 el mes de noviembre con datos positivos, encadenando as\u00ed su noveno mes de incremento de tr\u00e1fico. Durante el pasado mes pasaron por la infraestructura aeroportuaria asturiana un total de 73.177 pasajeros, lo que supone un aumento del 3,5% respecto al mismo periodo del a\u00f1o anterior. Seg\u00fan ha informado AENA este\" \/>\n\t\t<meta name=\"twitter:image\" content=\"https:\/\/eldigitaldeasturias.com\/magazine365\/wp-content\/uploads\/2015\/12\/fotonoticia_20151214124350_800.jpg\" \/>\n\t\t<script type=\"application\/ld+json\" class=\"aioseo-schema\">\n\t\t\t{\"@context\":\"https:\\\/\\\/schema.org\",\"@graph\":[{\"@type\":\"Article\",\"@id\":\"https:\\\/\\\/eldigitaldeasturias.com\\\/magazine365\\\/el-aeropuerto-de-asturias-cerro-el-mes-de-noviembre-con-datos-positivos\\\/#article\",\"name\":\"El Aeropuerto de Asturias cerr\\u00f3 el mes de noviembre con datos positivos | El Digital de Asturias\",\"headline\":\"El Aeropuerto de Asturias cerr\\u00f3 el mes de noviembre con datos positivos\",\"author\":{\"@id\":\"https:\\\/\\\/eldigitaldeasturias.com\\\/magazine365\\\/author\\\/admin\\\/#author\"},\"publisher\":{\"@id\":\"https:\\\/\\\/eldigitaldeasturias.com\\\/magazine365\\\/#organization\"},\"image\":{\"@type\":\"ImageObject\",\"url\":\"https:\\\/\\\/eldigitaldeasturias.com\\\/magazine365\\\/wp-content\\\/uploads\\\/2015\\\/12\\\/fotonoticia_20151214124350_800.jpg\",\"width\":800,\"height\":449},\"datePublished\":\"2015-12-15T13:51:07+01:00\",\"dateModified\":\"2015-12-15T13:51:07+01:00\",\"inLanguage\":\"es-ES\",\"mainEntityOfPage\":{\"@id\":\"https:\\\/\\\/eldigitaldeasturias.com\\\/magazine365\\\/el-aeropuerto-de-asturias-cerro-el-mes-de-noviembre-con-datos-positivos\\\/#webpage\"},\"isPartOf\":{\"@id\":\"https:\\\/\\\/eldigitaldeasturias.com\\\/magazine365\\\/el-aeropuerto-de-asturias-cerro-el-mes-de-noviembre-con-datos-positivos\\\/#webpage\"},\"articleSection\":\"Noticias y Actualidad\"},{\"@type\":\"BreadcrumbList\",\"@id\":\"https:\\\/\\\/eldigitaldeasturias.com\\\/magazine365\\\/el-aeropuerto-de-asturias-cerro-el-mes-de-noviembre-con-datos-positivos\\\/#breadcrumblist\",\"itemListElement\":[{\"@type\":\"ListItem\",\"@id\":\"https:\\\/\\\/eldigitaldeasturias.com\\\/magazine365#listItem\",\"position\":1,\"name\":\"Home\",\"item\":\"https:\\\/\\\/eldigitaldeasturias.com\\\/magazine365\",\"nextItem\":{\"@type\":\"ListItem\",\"@id\":\"https:\\\/\\\/eldigitaldeasturias.com\\\/magazine365\\\/category\\\/noticias-actualidad\\\/#listItem\",\"name\":\"Noticias y Actualidad\"}},{\"@type\":\"ListItem\",\"@id\":\"https:\\\/\\\/eldigitaldeasturias.com\\\/magazine365\\\/category\\\/noticias-actualidad\\\/#listItem\",\"position\":2,\"name\":\"Noticias y Actualidad\",\"item\":\"https:\\\/\\\/eldigitaldeasturias.com\\\/magazine365\\\/category\\\/noticias-actualidad\\\/\",\"nextItem\":{\"@type\":\"ListItem\",\"@id\":\"https:\\\/\\\/eldigitaldeasturias.com\\\/magazine365\\\/el-aeropuerto-de-asturias-cerro-el-mes-de-noviembre-con-datos-positivos\\\/#listItem\",\"name\":\"El Aeropuerto de Asturias cerr\\u00f3 el mes de noviembre con datos positivos\"},\"previousItem\":{\"@type\":\"ListItem\",\"@id\":\"https:\\\/\\\/eldigitaldeasturias.com\\\/magazine365#listItem\",\"name\":\"Home\"}},{\"@type\":\"ListItem\",\"@id\":\"https:\\\/\\\/eldigitaldeasturias.com\\\/magazine365\\\/el-aeropuerto-de-asturias-cerro-el-mes-de-noviembre-con-datos-positivos\\\/#listItem\",\"position\":3,\"name\":\"El Aeropuerto de Asturias cerr\\u00f3 el mes de noviembre con datos positivos\",\"previousItem\":{\"@type\":\"ListItem\",\"@id\":\"https:\\\/\\\/eldigitaldeasturias.com\\\/magazine365\\\/category\\\/noticias-actualidad\\\/#listItem\",\"name\":\"Noticias y Actualidad\"}}]},{\"@type\":\"Organization\",\"@id\":\"https:\\\/\\\/eldigitaldeasturias.com\\\/magazine365\\\/#organization\",\"name\":\"El digital de Asturias\",\"description\":\"Revista de ocio, turismo y estilo de vida\",\"url\":\"https:\\\/\\\/eldigitaldeasturias.com\\\/magazine365\\\/\",\"logo\":{\"@type\":\"ImageObject\",\"url\":\"https:\\\/\\\/www.eldigitaldeasturias.com\\\/noticias\\\/wp-content\\\/uploads\\\/2020\\\/12\\\/EDA.jpg\",\"@id\":\"https:\\\/\\\/eldigitaldeasturias.com\\\/magazine365\\\/el-aeropuerto-de-asturias-cerro-el-mes-de-noviembre-con-datos-positivos\\\/#organizationLogo\"},\"image\":{\"@id\":\"https:\\\/\\\/eldigitaldeasturias.com\\\/magazine365\\\/el-aeropuerto-de-asturias-cerro-el-mes-de-noviembre-con-datos-positivos\\\/#organizationLogo\"}},{\"@type\":\"Person\",\"@id\":\"https:\\\/\\\/eldigitaldeasturias.com\\\/magazine365\\\/author\\\/admin\\\/#author\",\"url\":\"https:\\\/\\\/eldigitaldeasturias.com\\\/magazine365\\\/author\\\/admin\\\/\",\"name\":\"admin\",\"image\":{\"@type\":\"ImageObject\",\"@id\":\"https:\\\/\\\/eldigitaldeasturias.com\\\/magazine365\\\/el-aeropuerto-de-asturias-cerro-el-mes-de-noviembre-con-datos-positivos\\\/#authorImage\",\"url\":\"https:\\\/\\\/eldigitaldeasturias.com\\\/magazine365\\\/wp-content\\\/litespeed\\\/avatar\\\/e571bcf59a0edd6fa6838245a470f2fe.jpg?ver=1777574230\",\"width\":96,\"height\":96,\"caption\":\"admin\"}},{\"@type\":\"WebPage\",\"@id\":\"https:\\\/\\\/eldigitaldeasturias.com\\\/magazine365\\\/el-aeropuerto-de-asturias-cerro-el-mes-de-noviembre-con-datos-positivos\\\/#webpage\",\"url\":\"https:\\\/\\\/eldigitaldeasturias.com\\\/magazine365\\\/el-aeropuerto-de-asturias-cerro-el-mes-de-noviembre-con-datos-positivos\\\/\",\"name\":\"El Aeropuerto de Asturias cerr\\u00f3 el mes de noviembre con datos positivos | El Digital de Asturias\",\"description\":\"El Aeropuerto de Asturias cerr\\u00f3 el mes de noviembre con datos positivos, encadenando as\\u00ed su noveno mes de incremento de tr\\u00e1fico. Durante el pasado mes pasaron por la infraestructura aeroportuaria asturiana un total de 73.177 pasajeros, lo que supone un aumento del 3,5% respecto al mismo periodo del a\\u00f1o anterior. Seg\\u00fan ha informado AENA este\",\"inLanguage\":\"es-ES\",\"isPartOf\":{\"@id\":\"https:\\\/\\\/eldigitaldeasturias.com\\\/magazine365\\\/#website\"},\"breadcrumb\":{\"@id\":\"https:\\\/\\\/eldigitaldeasturias.com\\\/magazine365\\\/el-aeropuerto-de-asturias-cerro-el-mes-de-noviembre-con-datos-positivos\\\/#breadcrumblist\"},\"author\":{\"@id\":\"https:\\\/\\\/eldigitaldeasturias.com\\\/magazine365\\\/author\\\/admin\\\/#author\"},\"creator\":{\"@id\":\"https:\\\/\\\/eldigitaldeasturias.com\\\/magazine365\\\/author\\\/admin\\\/#author\"},\"image\":{\"@type\":\"ImageObject\",\"url\":\"https:\\\/\\\/eldigitaldeasturias.com\\\/magazine365\\\/wp-content\\\/uploads\\\/2015\\\/12\\\/fotonoticia_20151214124350_800.jpg\",\"@id\":\"https:\\\/\\\/eldigitaldeasturias.com\\\/magazine365\\\/el-aeropuerto-de-asturias-cerro-el-mes-de-noviembre-con-datos-positivos\\\/#mainImage\",\"width\":800,\"height\":449},\"primaryImageOfPage\":{\"@id\":\"https:\\\/\\\/eldigitaldeasturias.com\\\/magazine365\\\/el-aeropuerto-de-asturias-cerro-el-mes-de-noviembre-con-datos-positivos\\\/#mainImage\"},\"datePublished\":\"2015-12-15T13:51:07+01:00\",\"dateModified\":\"2015-12-15T13:51:07+01:00\"},{\"@type\":\"WebSite\",\"@id\":\"https:\\\/\\\/eldigitaldeasturias.com\\\/magazine365\\\/#website\",\"url\":\"https:\\\/\\\/eldigitaldeasturias.com\\\/magazine365\\\/\",\"name\":\"El Digital de Asturias\",\"description\":\"Revista de ocio, turismo y estilo de vida\",\"inLanguage\":\"es-ES\",\"publisher\":{\"@id\":\"https:\\\/\\\/eldigitaldeasturias.com\\\/magazine365\\\/#organization\"}}]}\n\t\t<\/script>\n\t\t<!-- All in One SEO Pro -->\r\n\t\t<title>El Aeropuerto de Asturias cerr\u00f3 el mes de noviembre con datos positivos | El Digital de Asturias<\/title>\n\n","aioseo_head_json":{"title":"El Aeropuerto de Asturias cerr\u00f3 el mes de noviembre con datos positivos | El Digital de Asturias","description":"El Aeropuerto de Asturias cerr\u00f3 el mes de noviembre con datos positivos, encadenando as\u00ed su noveno mes de incremento de tr\u00e1fico. Durante el pasado mes pasaron por la infraestructura aeroportuaria asturiana un total de 73.177 pasajeros, lo que supone un aumento del 3,5% respecto al mismo periodo del a\u00f1o anterior. Seg\u00fan ha informado AENA este","canonical_url":"https:\/\/eldigitaldeasturias.com\/magazine365\/el-aeropuerto-de-asturias-cerro-el-mes-de-noviembre-con-datos-positivos\/","robots":"max-image-preview:large","keywords":"noticias y actualidad","webmasterTools":{"google-site-verification":"UA-38556648-1","miscellaneous":""},"schema":{"@context":"https:\/\/schema.org","@graph":[{"@type":"Article","@id":"https:\/\/eldigitaldeasturias.com\/magazine365\/el-aeropuerto-de-asturias-cerro-el-mes-de-noviembre-con-datos-positivos\/#article","name":"El Aeropuerto de Asturias cerr\u00f3 el mes de noviembre con datos positivos | El Digital de Asturias","headline":"El Aeropuerto de Asturias cerr\u00f3 el mes de noviembre con datos positivos","author":{"@id":"https:\/\/eldigitaldeasturias.com\/magazine365\/author\/admin\/#author"},"publisher":{"@id":"https:\/\/eldigitaldeasturias.com\/magazine365\/#organization"},"image":{"@type":"ImageObject","url":"https:\/\/eldigitaldeasturias.com\/magazine365\/wp-content\/uploads\/2015\/12\/fotonoticia_20151214124350_800.jpg","width":800,"height":449},"datePublished":"2015-12-15T13:51:07+01:00","dateModified":"2015-12-15T13:51:07+01:00","inLanguage":"es-ES","mainEntityOfPage":{"@id":"https:\/\/eldigitaldeasturias.com\/magazine365\/el-aeropuerto-de-asturias-cerro-el-mes-de-noviembre-con-datos-positivos\/#webpage"},"isPartOf":{"@id":"https:\/\/eldigitaldeasturias.com\/magazine365\/el-aeropuerto-de-asturias-cerro-el-mes-de-noviembre-con-datos-positivos\/#webpage"},"articleSection":"Noticias y Actualidad"},{"@type":"BreadcrumbList","@id":"https:\/\/eldigitaldeasturias.com\/magazine365\/el-aeropuerto-de-asturias-cerro-el-mes-de-noviembre-con-datos-positivos\/#breadcrumblist","itemListElement":[{"@type":"ListItem","@id":"https:\/\/eldigitaldeasturias.com\/magazine365#listItem","position":1,"name":"Home","item":"https:\/\/eldigitaldeasturias.com\/magazine365","nextItem":{"@type":"ListItem","@id":"https:\/\/eldigitaldeasturias.com\/magazine365\/category\/noticias-actualidad\/#listItem","name":"Noticias y Actualidad"}},{"@type":"ListItem","@id":"https:\/\/eldigitaldeasturias.com\/magazine365\/category\/noticias-actualidad\/#listItem","position":2,"name":"Noticias y Actualidad","item":"https:\/\/eldigitaldeasturias.com\/magazine365\/category\/noticias-actualidad\/","nextItem":{"@type":"ListItem","@id":"https:\/\/eldigitaldeasturias.com\/magazine365\/el-aeropuerto-de-asturias-cerro-el-mes-de-noviembre-con-datos-positivos\/#listItem","name":"El Aeropuerto de Asturias cerr\u00f3 el mes de noviembre con datos positivos"},"previousItem":{"@type":"ListItem","@id":"https:\/\/eldigitaldeasturias.com\/magazine365#listItem","name":"Home"}},{"@type":"ListItem","@id":"https:\/\/eldigitaldeasturias.com\/magazine365\/el-aeropuerto-de-asturias-cerro-el-mes-de-noviembre-con-datos-positivos\/#listItem","position":3,"name":"El Aeropuerto de Asturias cerr\u00f3 el mes de noviembre con datos positivos","previousItem":{"@type":"ListItem","@id":"https:\/\/eldigitaldeasturias.com\/magazine365\/category\/noticias-actualidad\/#listItem","name":"Noticias y Actualidad"}}]},{"@type":"Organization","@id":"https:\/\/eldigitaldeasturias.com\/magazine365\/#organization","name":"El digital de Asturias","description":"Revista de ocio, turismo y estilo de vida","url":"https:\/\/eldigitaldeasturias.com\/magazine365\/","logo":{"@type":"ImageObject","url":"https:\/\/www.eldigitaldeasturias.com\/noticias\/wp-content\/uploads\/2020\/12\/EDA.jpg","@id":"https:\/\/eldigitaldeasturias.com\/magazine365\/el-aeropuerto-de-asturias-cerro-el-mes-de-noviembre-con-datos-positivos\/#organizationLogo"},"image":{"@id":"https:\/\/eldigitaldeasturias.com\/magazine365\/el-aeropuerto-de-asturias-cerro-el-mes-de-noviembre-con-datos-positivos\/#organizationLogo"}},{"@type":"Person","@id":"https:\/\/eldigitaldeasturias.com\/magazine365\/author\/admin\/#author","url":"https:\/\/eldigitaldeasturias.com\/magazine365\/author\/admin\/","name":"admin","image":{"@type":"ImageObject","@id":"https:\/\/eldigitaldeasturias.com\/magazine365\/el-aeropuerto-de-asturias-cerro-el-mes-de-noviembre-con-datos-positivos\/#authorImage","url":"https:\/\/eldigitaldeasturias.com\/magazine365\/wp-content\/litespeed\/avatar\/e571bcf59a0edd6fa6838245a470f2fe.jpg?ver=1777574230","width":96,"height":96,"caption":"admin"}},{"@type":"WebPage","@id":"https:\/\/eldigitaldeasturias.com\/magazine365\/el-aeropuerto-de-asturias-cerro-el-mes-de-noviembre-con-datos-positivos\/#webpage","url":"https:\/\/eldigitaldeasturias.com\/magazine365\/el-aeropuerto-de-asturias-cerro-el-mes-de-noviembre-con-datos-positivos\/","name":"El Aeropuerto de Asturias cerr\u00f3 el mes de noviembre con datos positivos | El Digital de Asturias","description":"El Aeropuerto de Asturias cerr\u00f3 el mes de noviembre con datos positivos, encadenando as\u00ed su noveno mes de incremento de tr\u00e1fico. Durante el pasado mes pasaron por la infraestructura aeroportuaria asturiana un total de 73.177 pasajeros, lo que supone un aumento del 3,5% respecto al mismo periodo del a\u00f1o anterior. Seg\u00fan ha informado AENA este","inLanguage":"es-ES","isPartOf":{"@id":"https:\/\/eldigitaldeasturias.com\/magazine365\/#website"},"breadcrumb":{"@id":"https:\/\/eldigitaldeasturias.com\/magazine365\/el-aeropuerto-de-asturias-cerro-el-mes-de-noviembre-con-datos-positivos\/#breadcrumblist"},"author":{"@id":"https:\/\/eldigitaldeasturias.com\/magazine365\/author\/admin\/#author"},"creator":{"@id":"https:\/\/eldigitaldeasturias.com\/magazine365\/author\/admin\/#author"},"image":{"@type":"ImageObject","url":"https:\/\/eldigitaldeasturias.com\/magazine365\/wp-content\/uploads\/2015\/12\/fotonoticia_20151214124350_800.jpg","@id":"https:\/\/eldigitaldeasturias.com\/magazine365\/el-aeropuerto-de-asturias-cerro-el-mes-de-noviembre-con-datos-positivos\/#mainImage","width":800,"height":449},"primaryImageOfPage":{"@id":"https:\/\/eldigitaldeasturias.com\/magazine365\/el-aeropuerto-de-asturias-cerro-el-mes-de-noviembre-con-datos-positivos\/#mainImage"},"datePublished":"2015-12-15T13:51:07+01:00","dateModified":"2015-12-15T13:51:07+01:00"},{"@type":"WebSite","@id":"https:\/\/eldigitaldeasturias.com\/magazine365\/#website","url":"https:\/\/eldigitaldeasturias.com\/magazine365\/","name":"El Digital de Asturias","description":"Revista de ocio, turismo y estilo de vida","inLanguage":"es-ES","publisher":{"@id":"https:\/\/eldigitaldeasturias.com\/magazine365\/#organization"}}]},"og:locale":"es_ES","og:site_name":"El Digital de Asturias \u2013 Revista de ocio, turismo y estilo de vida","og:type":"article","og:title":"El Aeropuerto de Asturias cerr\u00f3 el mes de noviembre con datos positivos | El Digital de Asturias","og:description":"El Aeropuerto de Asturias cerr\u00f3 el mes de noviembre con datos positivos, encadenando as\u00ed su noveno mes de incremento de tr\u00e1fico. Durante el pasado mes pasaron por la infraestructura aeroportuaria asturiana un total de 73.177 pasajeros, lo que supone un aumento del 3,5% respecto al mismo periodo del a\u00f1o anterior. Seg\u00fan ha informado AENA este","og:url":"https:\/\/eldigitaldeasturias.com\/magazine365\/el-aeropuerto-de-asturias-cerro-el-mes-de-noviembre-con-datos-positivos\/","og:image":"https:\/\/eldigitaldeasturias.com\/magazine365\/wp-content\/uploads\/2015\/12\/fotonoticia_20151214124350_800.jpg","og:image:secure_url":"https:\/\/eldigitaldeasturias.com\/magazine365\/wp-content\/uploads\/2015\/12\/fotonoticia_20151214124350_800.jpg","og:image:width":800,"og:image:height":449,"article:published_time":"2015-12-15T12:51:07+00:00","article:modified_time":"2015-12-15T12:51:07+00:00","twitter:card":"summary_large_image","twitter:title":"El Aeropuerto de Asturias cerr\u00f3 el mes de noviembre con datos positivos | El Digital de Asturias","twitter:description":"El Aeropuerto de Asturias cerr\u00f3 el mes de noviembre con datos positivos, encadenando as\u00ed su noveno mes de incremento de tr\u00e1fico. Durante el pasado mes pasaron por la infraestructura aeroportuaria asturiana un total de 73.177 pasajeros, lo que supone un aumento del 3,5% respecto al mismo periodo del a\u00f1o anterior. Seg\u00fan ha informado AENA este","twitter:image":"https:\/\/eldigitaldeasturias.com\/magazine365\/wp-content\/uploads\/2015\/12\/fotonoticia_20151214124350_800.jpg"},"aioseo_meta_data":{"post_id":"58473","title":null,"description":null,"keywords":null,"keyphrases":null,"primary_term":null,"canonical_url":null,"og_title":null,"og_description":null,"og_object_type":"default","og_image_type":"default","og_image_url":null,"og_image_width":null,"og_image_height":null,"og_image_custom_url":null,"og_image_custom_fields":null,"og_video":null,"og_custom_url":null,"og_article_section":null,"og_article_tags":null,"twitter_use_og":false,"twitter_card":"default","twitter_image_type":"default","twitter_image_url":null,"twitter_image_custom_url":null,"twitter_image_custom_fields":null,"twitter_title":null,"twitter_description":null,"schema":{"blockGraphs":[],"customGraphs":[],"default":{"data":{"Article":[],"Course":[],"Dataset":[],"FAQPage":[],"Movie":[],"Person":[],"Product":[],"ProductReview":[],"Car":[],"Recipe":[],"Service":[],"SoftwareApplication":[],"WebPage":[]},"graphName":"","isEnabled":true},"graphs":[],"defaultGraph":"","defaultPostTypeGraph":""},"schema_type":null,"schema_type_options":null,"pillar_content":false,"robots_default":true,"robots_noindex":false,"robots_noarchive":false,"robots_nosnippet":false,"robots_nofollow":false,"robots_noimageindex":false,"robots_noodp":false,"robots_notranslate":false,"robots_max_snippet":null,"robots_max_videopreview":null,"robots_max_imagepreview":"large","priority":null,"frequency":null,"location":null,"local_seo":null,"seo_analyzer_scan_date":"2025-09-25 03:04:37","breadcrumb_settings":null,"limit_modified_date":false,"open_ai":null,"ai":null,"created":"2021-03-08 22:28:44","updated":"2025-09-25 03:04:37"},"aioseo_breadcrumb":"<div class=\"aioseo-breadcrumbs\"><span class=\"aioseo-breadcrumb\">\n\t<a href=\"https:\/\/eldigitaldeasturias.com\/magazine365\" title=\"Home\">Home<\/a>\n<\/span><span class=\"aioseo-breadcrumb-separator\">\u2013<\/span><span class=\"aioseo-breadcrumb\">\n\t<a href=\"https:\/\/eldigitaldeasturias.com\/magazine365\/category\/noticias-actualidad\/\" title=\"Noticias y Actualidad\">Noticias y Actualidad<\/a>\n<\/span><span class=\"aioseo-breadcrumb-separator\">\u2013<\/span><span class=\"aioseo-breadcrumb\">\n\t<a href=\"https:\/\/eldigitaldeasturias.com\/magazine365\/el-aeropuerto-de-asturias-cerro-el-mes-de-noviembre-con-datos-positivos\/\" title=\"El Aeropuerto de Asturias cerr\u00f3 el mes de noviembre con datos positivos\">El Aeropuerto de Asturias cerr\u00f3 el mes de noviembre con datos positivos<\/a>\n<\/span><\/div>","aioseo_breadcrumb_json":[{"label":"Home","link":"https:\/\/eldigitaldeasturias.com\/magazine365"},{"label":"Noticias y Actualidad","link":"https:\/\/eldigitaldeasturias.com\/magazine365\/category\/noticias-actualidad\/"},{"label":"El Aeropuerto de Asturias cerr\u00f3 el mes de noviembre con datos positivos","link":"https:\/\/eldigitaldeasturias.com\/magazine365\/el-aeropuerto-de-asturias-cerro-el-mes-de-noviembre-con-datos-positivos\/"}],"_links":{"self":[{"href":"https:\/\/eldigitaldeasturias.com\/magazine365\/wp-json\/wp\/v2\/posts\/58473","targetHints":{"allow":["GET"]}}],"collection":[{"href":"https:\/\/eldigitaldeasturias.com\/magazine365\/wp-json\/wp\/v2\/posts"}],"about":[{"href":"https:\/\/eldigitaldeasturias.com\/magazine365\/wp-json\/wp\/v2\/types\/post"}],"author":[{"embeddable":true,"href":"https:\/\/eldigitaldeasturias.com\/magazine365\/wp-json\/wp\/v2\/users\/1"}],"replies":[{"embeddable":true,"href":"https:\/\/eldigitaldeasturias.com\/magazine365\/wp-json\/wp\/v2\/comments?post=58473"}],"version-history":[{"count":0,"href":"https:\/\/eldigitaldeasturias.com\/magazine365\/wp-json\/wp\/v2\/posts\/58473\/revisions"}],"wp:featuredmedia":[{"embeddable":true,"href":"https:\/\/eldigitaldeasturias.com\/magazine365\/wp-json\/wp\/v2\/media\/58474"}],"wp:attachment":[{"href":"https:\/\/eldigitaldeasturias.com\/magazine365\/wp-json\/wp\/v2\/media?parent=58473"}],"wp:term":[{"taxonomy":"category","embeddable":true,"href":"https:\/\/eldigitaldeasturias.com\/magazine365\/wp-json\/wp\/v2\/categories?post=58473"},{"taxonomy":"post_tag","embeddable":true,"href":"https:\/\/eldigitaldeasturias.com\/magazine365\/wp-json\/wp\/v2\/tags?post=58473"}],"curies":[{"name":"wp","href":"https:\/\/api.w.org\/{rel}","templated":true}]}}