{"id":58467,"date":"2015-12-15T13:42:21","date_gmt":"2015-12-15T12:42:21","guid":{"rendered":"http:\/\/eldigitaldeasturias.com\/magazine365\/?p=58467"},"modified":"2015-12-15T13:42:21","modified_gmt":"2015-12-15T12:42:21","slug":"malaga-convention-bureau-busca-reforzar-el-mercado-corporativo-y-abrir-vias-de-negocio-internacional","status":"publish","type":"post","link":"https:\/\/eldigitaldeasturias.com\/magazine365\/malaga-convention-bureau-busca-reforzar-el-mercado-corporativo-y-abrir-vias-de-negocio-internacional\/","title":{"rendered":"M\u00e1laga Convention Bureau busca reforzar el mercado corporativo y abrir v\u00edas de negocio internacional"},"content":{"rendered":"<p><img fetchpriority=\"high\" decoding=\"async\" class=\"alignleft size-medium wp-image-58468\" src=\"https:\/\/eldigitaldeasturias.com\/magazine365\/wp-content\/uploads\/2015\/12\/fotonoticia_20151214193817_800-360x240.jpg\" alt=\"fotonoticia_20151214193817_800\" width=\"360\" height=\"240\" srcset=\"https:\/\/eldigitaldeasturias.com\/magazine365\/wp-content\/uploads\/2015\/12\/fotonoticia_20151214193817_800-360x240.jpg 360w, https:\/\/eldigitaldeasturias.com\/magazine365\/wp-content\/uploads\/2015\/12\/fotonoticia_20151214193817_800-650x434.jpg 650w, https:\/\/eldigitaldeasturias.com\/magazine365\/wp-content\/uploads\/2015\/12\/fotonoticia_20151214193817_800-768x513.jpg 768w, https:\/\/eldigitaldeasturias.com\/magazine365\/wp-content\/uploads\/2015\/12\/fotonoticia_20151214193817_800-150x100.jpg 150w, https:\/\/eldigitaldeasturias.com\/magazine365\/wp-content\/uploads\/2015\/12\/fotonoticia_20151214193817_800-450x300.jpg 450w, https:\/\/eldigitaldeasturias.com\/magazine365\/wp-content\/uploads\/2015\/12\/fotonoticia_20151214193817_800-696x465.jpg 696w, https:\/\/eldigitaldeasturias.com\/magazine365\/wp-content\/uploads\/2015\/12\/fotonoticia_20151214193817_800-629x420.jpg 629w, https:\/\/eldigitaldeasturias.com\/magazine365\/wp-content\/uploads\/2015\/12\/fotonoticia_20151214193817_800-84x55.jpg 84w, https:\/\/eldigitaldeasturias.com\/magazine365\/wp-content\/uploads\/2015\/12\/fotonoticia_20151214193817_800.jpg 800w\" sizes=\"(max-width: 360px) 100vw, 360px\" \/>El plan de acci\u00f3n de M\u00e1laga Convention Bureau para el pr\u00f3ximo a\u00f1o recoge entre sus principales objetivos reforzar el mercado corporativo, que empieza a registrar cifras similares a las que mostraba antes de la crisis econ\u00f3mica, hacer hincapi\u00e9 en los mercados asociativos y abrir nuevas v\u00edas de negocio en aquellos pa\u00edses que por sus conexiones suponen una oportunidad para la ciudad, especialmente en el Reino Unido.<\/p>\n<p>As\u00ed ha sido aprobado este lunes por los socios de este organismo dependiente del \u00c1rea de Turismo y Promoci\u00f3n de la Ciudad durante la asamblea anual, celebrada en el Centre Pompidou M\u00e1laga.<\/p>\n<p>La nueva hoja de ruta de M\u00e1laga Convention Bureau prev\u00e9 la realizaci\u00f3n de m\u00e1s de 60 acciones promocionales, focalizadas especialmente a los subsegmentos asociativo y corporativo, puesto que son los que m\u00e1s impacto econ\u00f3mico aportan al destino.<\/p>\n<p>La mayor\u00eda de las acciones se desarrollar\u00e1n en el mercado nacional, as\u00ed como en Alemania, Reino Unido, B\u00e9lgica y Francia, las grandes potencias de este segmento para M\u00e1laga.<\/p>\n<p>Tambi\u00e9n el documento no olvida a aquellos pa\u00edses que, por su nivel de conexiones a\u00e9reas, pueden ayudar a la ciudad a obtener nuevas v\u00edas de negocio, como Holanda, Italia o los Pa\u00edses N\u00f3rdicos.<\/p>\n<p>La idea, tal y como ha explicado el concejal de Turismo y Promoci\u00f3n de la Ciudad, Julio Andrade, es que M\u00e1laga \u00absiga siendo una de las cinco ciudades imprescindibles para la celebraci\u00f3n de cualquier congreso nacional o internacional que tenga lugar en Espa\u00f1a\u00bb.<\/p>\n<p>En este sentido, ha explicado que M\u00e1laga tiene actualmente un total de 254 candidaturas presentadas, el nivel m\u00e1s alto desde que se puso en marcha M\u00e1laga Convention Bureau.<\/p>\n<p>Adem\u00e1s, en el plano asociativo, el plan de acci\u00f3n pretende reforzar la investigaci\u00f3n de nuevas candidaturas y potenciar las mesas de trabajo que hasta ahora est\u00e1n generando unos resultados muy positivos por su transversalidad con los empresarios prestadores de servicios, intermediarios e instituciones.<\/p>\n<p>Por otro lado, en colaboraci\u00f3n con el \u00c1rea de Deportes, se seguir\u00e1 trabajando en la atracci\u00f3n de grandes eventos para M\u00e1laga seg\u00fan ha explicado el Ayuntamiento a trav\u00e9s de un comunicado.<\/p>\n<p>CITAS<\/p>\n<p>No obstante, aunque la cifra ir\u00e1 creciendo cuando vaya avanzando el ejercicio, actualmente ya hay confirmados para 2016 un total de 25 congresos, algunos de ellos tan importantes como el Congreso Mundial de Osteoporosis, que reunir\u00e1 a m\u00e1s de 4.500 personas en el Palacio de Ferias en el mes de abril; o el Congreso de la Sociedad Espa\u00f1ola de Oftalmolog\u00eda, con casi 3.000 participantes.<\/p>\n<p>Tambi\u00e9n la ciudad acoger\u00e1 el pr\u00f3ximo enero la celebraci\u00f3n de FT Euromic, en el que participar\u00e1 una docena de las mejores agencias del mundo.<\/p>\n<p>Adem\u00e1s, se prestar\u00e1 una especial atenci\u00f3n al mercado corporativo &#8211;convenciones, incentivos y eventos&#8211;, toda vez que se ha producido una clara recuperaci\u00f3n econ\u00f3mica en el \u00e1mbito internacional y se ha notado un inter\u00e9s creciente de las agencias especializadas por organizar sus eventos en M\u00e1laga. Las acciones de promoci\u00f3n destinadas a este mercado se desarrollar\u00e1n fundamentalmente en Espa\u00f1a, Suiza, Reino Unido, Italia, Francia, B\u00e9lgica, Polonia y Rusia.<\/p>\n<p>ACCIONES EN DESTINO<\/p>\n<p>De esta forma, el plan de acci\u00f3n de M\u00e1laga Convention Bureau contempla la realizaci\u00f3n de una veintena de acciones promocionales para el mercado asociativo &#8211;congresos&#8211;, 30 para el mercado corporativo &#8211;convenciones, incentivos y eventos&#8211; y la asistencia a 15 ferias y jornadas profesionales.<\/p>\n<p>Adem\u00e1s, el organismo del \u00c1rea de Turismo para el fomento del segmento de congresos y convenciones seguir\u00e1 con su pol\u00edtica de acciones en destino, principalmente viajes de familiarizaci\u00f3n y visitas de inspecci\u00f3n. En este sentido, el concejal ha recordado que durante este a\u00f1o el organismo ha celebrado 10 viajes de familiarizaci\u00f3n, 26 visitas de inspecci\u00f3n y once visitas puerta a puerta.<\/p>\n<p>Andrade ha subrayado que el segmento de congresos, convenciones e incentivos \u00abno ha parado de crecer\u00bb. En 2014 se celebraron en la ciudad un total de 131 congresos, en los que participaron 40.936 personas, lo que supuso un incremento del cinco por ciento con respecto a 2013. Este a\u00f1o la tendencia se ha mantenido al alza, por lo que, seg\u00fan el edil, \u00abel crecimiento ser\u00e1 similar al del pasado ejercicio. Sin embargo, para 2016 se espera un crecimiento del 10 por ciento\u00bb.<\/p>\n<p>Por otro lado, tras la presentaci\u00f3n del plan director, los socios de M\u00e1laga Convention Bureau han tenido la oportunidad de realizar una visita guiada al Centre Pompidou M\u00e1laga.<\/p>\n","protected":false},"excerpt":{"rendered":"<p>El plan de acci\u00f3n de M\u00e1laga Convention Bureau para el pr\u00f3ximo a\u00f1o recoge entre sus principales objetivos reforzar el mercado corporativo, que empieza a registrar cifras similares a las que mostraba antes de la crisis econ\u00f3mica, hacer hincapi\u00e9 en los mercados asociativos y abrir nuevas v\u00edas de negocio en aquellos pa\u00edses que por sus conexiones<\/p>\n","protected":false},"author":1,"featured_media":58468,"comment_status":"open","ping_status":"closed","sticky":false,"template":"","format":"standard","meta":{"footnotes":""},"categories":[224],"tags":[],"class_list":{"0":"post-58467","1":"post","2":"type-post","3":"status-publish","4":"format-standard","5":"has-post-thumbnail","7":"category-noticias-actualidad"},"aioseo_notices":[],"aioseo_head":"\n\t\t<!-- All in One SEO Pro 4.9.6.1 - aioseo.com -->\n\t<meta name=\"description\" content=\"El plan de acci\u00f3n de M\u00e1laga Convention Bureau para el pr\u00f3ximo a\u00f1o recoge entre sus principales objetivos reforzar el mercado corporativo, que empieza a registrar cifras similares a las que mostraba antes de la crisis econ\u00f3mica, hacer hincapi\u00e9 en los mercados asociativos y abrir nuevas v\u00edas de negocio en aquellos pa\u00edses que por sus conexiones\" \/>\n\t<meta name=\"robots\" content=\"max-image-preview:large\" \/>\n\t<meta name=\"author\" content=\"admin\"\/>\n\t<meta name=\"google-site-verification\" content=\"UA-38556648-1\" \/>\n\t<meta name=\"keywords\" content=\"noticias y actualidad\" \/>\n\t<link rel=\"canonical\" href=\"https:\/\/eldigitaldeasturias.com\/magazine365\/malaga-convention-bureau-busca-reforzar-el-mercado-corporativo-y-abrir-vias-de-negocio-internacional\/\" \/>\n\t<meta name=\"generator\" content=\"All in One SEO Pro (AIOSEO) 4.9.6.1\" \/>\n\t\t<meta property=\"og:locale\" content=\"es_ES\" \/>\n\t\t<meta property=\"og:site_name\" content=\"El Digital de Asturias \u2013 Revista de ocio, turismo y estilo de vida\" \/>\n\t\t<meta property=\"og:type\" content=\"article\" \/>\n\t\t<meta property=\"og:title\" content=\"M\u00e1laga Convention Bureau busca reforzar el mercado corporativo y abrir v\u00edas de negocio internacional | El Digital de Asturias\" \/>\n\t\t<meta property=\"og:description\" content=\"El plan de acci\u00f3n de M\u00e1laga Convention Bureau para el pr\u00f3ximo a\u00f1o recoge entre sus principales objetivos reforzar el mercado corporativo, que empieza a registrar cifras similares a las que mostraba antes de la crisis econ\u00f3mica, hacer hincapi\u00e9 en los mercados asociativos y abrir nuevas v\u00edas de negocio en aquellos pa\u00edses que por sus conexiones\" \/>\n\t\t<meta property=\"og:url\" content=\"https:\/\/eldigitaldeasturias.com\/magazine365\/malaga-convention-bureau-busca-reforzar-el-mercado-corporativo-y-abrir-vias-de-negocio-internacional\/\" \/>\n\t\t<meta property=\"og:image\" content=\"https:\/\/eldigitaldeasturias.com\/magazine365\/wp-content\/uploads\/2015\/12\/fotonoticia_20151214193817_800.jpg\" \/>\n\t\t<meta property=\"og:image:secure_url\" content=\"https:\/\/eldigitaldeasturias.com\/magazine365\/wp-content\/uploads\/2015\/12\/fotonoticia_20151214193817_800.jpg\" \/>\n\t\t<meta property=\"og:image:width\" content=\"800\" \/>\n\t\t<meta property=\"og:image:height\" content=\"534\" \/>\n\t\t<meta property=\"article:published_time\" content=\"2015-12-15T12:42:21+00:00\" \/>\n\t\t<meta property=\"article:modified_time\" content=\"2015-12-15T12:42:21+00:00\" \/>\n\t\t<meta name=\"twitter:card\" content=\"summary_large_image\" \/>\n\t\t<meta name=\"twitter:title\" content=\"M\u00e1laga Convention Bureau busca reforzar el mercado corporativo y abrir v\u00edas de negocio internacional | El Digital de Asturias\" \/>\n\t\t<meta name=\"twitter:description\" content=\"El plan de acci\u00f3n de M\u00e1laga Convention Bureau para el pr\u00f3ximo a\u00f1o recoge entre sus principales objetivos reforzar el mercado corporativo, que empieza a registrar cifras similares a las que mostraba antes de la crisis econ\u00f3mica, hacer hincapi\u00e9 en los mercados asociativos y abrir nuevas v\u00edas de negocio en aquellos pa\u00edses que por sus conexiones\" \/>\n\t\t<meta name=\"twitter:image\" content=\"https:\/\/eldigitaldeasturias.com\/magazine365\/wp-content\/uploads\/2015\/12\/fotonoticia_20151214193817_800.jpg\" \/>\n\t\t<script type=\"application\/ld+json\" class=\"aioseo-schema\">\n\t\t\t{\"@context\":\"https:\\\/\\\/schema.org\",\"@graph\":[{\"@type\":\"Article\",\"@id\":\"https:\\\/\\\/eldigitaldeasturias.com\\\/magazine365\\\/malaga-convention-bureau-busca-reforzar-el-mercado-corporativo-y-abrir-vias-de-negocio-internacional\\\/#article\",\"name\":\"M\\u00e1laga Convention Bureau busca reforzar el mercado corporativo y abrir v\\u00edas de negocio internacional | El Digital de Asturias\",\"headline\":\"M\\u00e1laga Convention Bureau busca reforzar el mercado corporativo y abrir v\\u00edas de negocio internacional\",\"author\":{\"@id\":\"https:\\\/\\\/eldigitaldeasturias.com\\\/magazine365\\\/author\\\/admin\\\/#author\"},\"publisher\":{\"@id\":\"https:\\\/\\\/eldigitaldeasturias.com\\\/magazine365\\\/#organization\"},\"image\":{\"@type\":\"ImageObject\",\"url\":\"https:\\\/\\\/eldigitaldeasturias.com\\\/magazine365\\\/wp-content\\\/uploads\\\/2015\\\/12\\\/fotonoticia_20151214193817_800.jpg\",\"width\":800,\"height\":534},\"datePublished\":\"2015-12-15T13:42:21+01:00\",\"dateModified\":\"2015-12-15T13:42:21+01:00\",\"inLanguage\":\"es-ES\",\"mainEntityOfPage\":{\"@id\":\"https:\\\/\\\/eldigitaldeasturias.com\\\/magazine365\\\/malaga-convention-bureau-busca-reforzar-el-mercado-corporativo-y-abrir-vias-de-negocio-internacional\\\/#webpage\"},\"isPartOf\":{\"@id\":\"https:\\\/\\\/eldigitaldeasturias.com\\\/magazine365\\\/malaga-convention-bureau-busca-reforzar-el-mercado-corporativo-y-abrir-vias-de-negocio-internacional\\\/#webpage\"},\"articleSection\":\"Noticias y Actualidad\"},{\"@type\":\"BreadcrumbList\",\"@id\":\"https:\\\/\\\/eldigitaldeasturias.com\\\/magazine365\\\/malaga-convention-bureau-busca-reforzar-el-mercado-corporativo-y-abrir-vias-de-negocio-internacional\\\/#breadcrumblist\",\"itemListElement\":[{\"@type\":\"ListItem\",\"@id\":\"https:\\\/\\\/eldigitaldeasturias.com\\\/magazine365#listItem\",\"position\":1,\"name\":\"Home\",\"item\":\"https:\\\/\\\/eldigitaldeasturias.com\\\/magazine365\",\"nextItem\":{\"@type\":\"ListItem\",\"@id\":\"https:\\\/\\\/eldigitaldeasturias.com\\\/magazine365\\\/category\\\/noticias-actualidad\\\/#listItem\",\"name\":\"Noticias y Actualidad\"}},{\"@type\":\"ListItem\",\"@id\":\"https:\\\/\\\/eldigitaldeasturias.com\\\/magazine365\\\/category\\\/noticias-actualidad\\\/#listItem\",\"position\":2,\"name\":\"Noticias y Actualidad\",\"item\":\"https:\\\/\\\/eldigitaldeasturias.com\\\/magazine365\\\/category\\\/noticias-actualidad\\\/\",\"nextItem\":{\"@type\":\"ListItem\",\"@id\":\"https:\\\/\\\/eldigitaldeasturias.com\\\/magazine365\\\/malaga-convention-bureau-busca-reforzar-el-mercado-corporativo-y-abrir-vias-de-negocio-internacional\\\/#listItem\",\"name\":\"M\\u00e1laga Convention Bureau busca reforzar el mercado corporativo y abrir v\\u00edas de negocio internacional\"},\"previousItem\":{\"@type\":\"ListItem\",\"@id\":\"https:\\\/\\\/eldigitaldeasturias.com\\\/magazine365#listItem\",\"name\":\"Home\"}},{\"@type\":\"ListItem\",\"@id\":\"https:\\\/\\\/eldigitaldeasturias.com\\\/magazine365\\\/malaga-convention-bureau-busca-reforzar-el-mercado-corporativo-y-abrir-vias-de-negocio-internacional\\\/#listItem\",\"position\":3,\"name\":\"M\\u00e1laga Convention Bureau busca reforzar el mercado corporativo y abrir v\\u00edas de negocio internacional\",\"previousItem\":{\"@type\":\"ListItem\",\"@id\":\"https:\\\/\\\/eldigitaldeasturias.com\\\/magazine365\\\/category\\\/noticias-actualidad\\\/#listItem\",\"name\":\"Noticias y Actualidad\"}}]},{\"@type\":\"Organization\",\"@id\":\"https:\\\/\\\/eldigitaldeasturias.com\\\/magazine365\\\/#organization\",\"name\":\"El digital de Asturias\",\"description\":\"Revista de ocio, turismo y estilo de vida\",\"url\":\"https:\\\/\\\/eldigitaldeasturias.com\\\/magazine365\\\/\",\"logo\":{\"@type\":\"ImageObject\",\"url\":\"https:\\\/\\\/www.eldigitaldeasturias.com\\\/noticias\\\/wp-content\\\/uploads\\\/2020\\\/12\\\/EDA.jpg\",\"@id\":\"https:\\\/\\\/eldigitaldeasturias.com\\\/magazine365\\\/malaga-convention-bureau-busca-reforzar-el-mercado-corporativo-y-abrir-vias-de-negocio-internacional\\\/#organizationLogo\"},\"image\":{\"@id\":\"https:\\\/\\\/eldigitaldeasturias.com\\\/magazine365\\\/malaga-convention-bureau-busca-reforzar-el-mercado-corporativo-y-abrir-vias-de-negocio-internacional\\\/#organizationLogo\"}},{\"@type\":\"Person\",\"@id\":\"https:\\\/\\\/eldigitaldeasturias.com\\\/magazine365\\\/author\\\/admin\\\/#author\",\"url\":\"https:\\\/\\\/eldigitaldeasturias.com\\\/magazine365\\\/author\\\/admin\\\/\",\"name\":\"admin\",\"image\":{\"@type\":\"ImageObject\",\"@id\":\"https:\\\/\\\/eldigitaldeasturias.com\\\/magazine365\\\/malaga-convention-bureau-busca-reforzar-el-mercado-corporativo-y-abrir-vias-de-negocio-internacional\\\/#authorImage\",\"url\":\"https:\\\/\\\/eldigitaldeasturias.com\\\/magazine365\\\/wp-content\\\/litespeed\\\/avatar\\\/e571bcf59a0edd6fa6838245a470f2fe.jpg?ver=1777574230\",\"width\":96,\"height\":96,\"caption\":\"admin\"}},{\"@type\":\"WebPage\",\"@id\":\"https:\\\/\\\/eldigitaldeasturias.com\\\/magazine365\\\/malaga-convention-bureau-busca-reforzar-el-mercado-corporativo-y-abrir-vias-de-negocio-internacional\\\/#webpage\",\"url\":\"https:\\\/\\\/eldigitaldeasturias.com\\\/magazine365\\\/malaga-convention-bureau-busca-reforzar-el-mercado-corporativo-y-abrir-vias-de-negocio-internacional\\\/\",\"name\":\"M\\u00e1laga Convention Bureau busca reforzar el mercado corporativo y abrir v\\u00edas de negocio internacional | El Digital de Asturias\",\"description\":\"El plan de acci\\u00f3n de M\\u00e1laga Convention Bureau para el pr\\u00f3ximo a\\u00f1o recoge entre sus principales objetivos reforzar el mercado corporativo, que empieza a registrar cifras similares a las que mostraba antes de la crisis econ\\u00f3mica, hacer hincapi\\u00e9 en los mercados asociativos y abrir nuevas v\\u00edas de negocio en aquellos pa\\u00edses que por sus conexiones\",\"inLanguage\":\"es-ES\",\"isPartOf\":{\"@id\":\"https:\\\/\\\/eldigitaldeasturias.com\\\/magazine365\\\/#website\"},\"breadcrumb\":{\"@id\":\"https:\\\/\\\/eldigitaldeasturias.com\\\/magazine365\\\/malaga-convention-bureau-busca-reforzar-el-mercado-corporativo-y-abrir-vias-de-negocio-internacional\\\/#breadcrumblist\"},\"author\":{\"@id\":\"https:\\\/\\\/eldigitaldeasturias.com\\\/magazine365\\\/author\\\/admin\\\/#author\"},\"creator\":{\"@id\":\"https:\\\/\\\/eldigitaldeasturias.com\\\/magazine365\\\/author\\\/admin\\\/#author\"},\"image\":{\"@type\":\"ImageObject\",\"url\":\"https:\\\/\\\/eldigitaldeasturias.com\\\/magazine365\\\/wp-content\\\/uploads\\\/2015\\\/12\\\/fotonoticia_20151214193817_800.jpg\",\"@id\":\"https:\\\/\\\/eldigitaldeasturias.com\\\/magazine365\\\/malaga-convention-bureau-busca-reforzar-el-mercado-corporativo-y-abrir-vias-de-negocio-internacional\\\/#mainImage\",\"width\":800,\"height\":534},\"primaryImageOfPage\":{\"@id\":\"https:\\\/\\\/eldigitaldeasturias.com\\\/magazine365\\\/malaga-convention-bureau-busca-reforzar-el-mercado-corporativo-y-abrir-vias-de-negocio-internacional\\\/#mainImage\"},\"datePublished\":\"2015-12-15T13:42:21+01:00\",\"dateModified\":\"2015-12-15T13:42:21+01:00\"},{\"@type\":\"WebSite\",\"@id\":\"https:\\\/\\\/eldigitaldeasturias.com\\\/magazine365\\\/#website\",\"url\":\"https:\\\/\\\/eldigitaldeasturias.com\\\/magazine365\\\/\",\"name\":\"El Digital de Asturias\",\"description\":\"Revista de ocio, turismo y estilo de vida\",\"inLanguage\":\"es-ES\",\"publisher\":{\"@id\":\"https:\\\/\\\/eldigitaldeasturias.com\\\/magazine365\\\/#organization\"}}]}\n\t\t<\/script>\n\t\t<!-- All in One SEO Pro -->\r\n\t\t<title>M\u00e1laga Convention Bureau busca reforzar el mercado corporativo y abrir v\u00edas de negocio internacional | El Digital de Asturias<\/title>\n\n","aioseo_head_json":{"title":"M\u00e1laga Convention Bureau busca reforzar el mercado corporativo y abrir v\u00edas de negocio internacional | El Digital de Asturias","description":"El plan de acci\u00f3n de M\u00e1laga Convention Bureau para el pr\u00f3ximo a\u00f1o recoge entre sus principales objetivos reforzar el mercado corporativo, que empieza a registrar cifras similares a las que mostraba antes de la crisis econ\u00f3mica, hacer hincapi\u00e9 en los mercados asociativos y abrir nuevas v\u00edas de negocio en aquellos pa\u00edses que por sus conexiones","canonical_url":"https:\/\/eldigitaldeasturias.com\/magazine365\/malaga-convention-bureau-busca-reforzar-el-mercado-corporativo-y-abrir-vias-de-negocio-internacional\/","robots":"max-image-preview:large","keywords":"noticias y actualidad","webmasterTools":{"google-site-verification":"UA-38556648-1","miscellaneous":""},"schema":{"@context":"https:\/\/schema.org","@graph":[{"@type":"Article","@id":"https:\/\/eldigitaldeasturias.com\/magazine365\/malaga-convention-bureau-busca-reforzar-el-mercado-corporativo-y-abrir-vias-de-negocio-internacional\/#article","name":"M\u00e1laga Convention Bureau busca reforzar el mercado corporativo y abrir v\u00edas de negocio internacional | El Digital de Asturias","headline":"M\u00e1laga Convention Bureau busca reforzar el mercado corporativo y abrir v\u00edas de negocio internacional","author":{"@id":"https:\/\/eldigitaldeasturias.com\/magazine365\/author\/admin\/#author"},"publisher":{"@id":"https:\/\/eldigitaldeasturias.com\/magazine365\/#organization"},"image":{"@type":"ImageObject","url":"https:\/\/eldigitaldeasturias.com\/magazine365\/wp-content\/uploads\/2015\/12\/fotonoticia_20151214193817_800.jpg","width":800,"height":534},"datePublished":"2015-12-15T13:42:21+01:00","dateModified":"2015-12-15T13:42:21+01:00","inLanguage":"es-ES","mainEntityOfPage":{"@id":"https:\/\/eldigitaldeasturias.com\/magazine365\/malaga-convention-bureau-busca-reforzar-el-mercado-corporativo-y-abrir-vias-de-negocio-internacional\/#webpage"},"isPartOf":{"@id":"https:\/\/eldigitaldeasturias.com\/magazine365\/malaga-convention-bureau-busca-reforzar-el-mercado-corporativo-y-abrir-vias-de-negocio-internacional\/#webpage"},"articleSection":"Noticias y Actualidad"},{"@type":"BreadcrumbList","@id":"https:\/\/eldigitaldeasturias.com\/magazine365\/malaga-convention-bureau-busca-reforzar-el-mercado-corporativo-y-abrir-vias-de-negocio-internacional\/#breadcrumblist","itemListElement":[{"@type":"ListItem","@id":"https:\/\/eldigitaldeasturias.com\/magazine365#listItem","position":1,"name":"Home","item":"https:\/\/eldigitaldeasturias.com\/magazine365","nextItem":{"@type":"ListItem","@id":"https:\/\/eldigitaldeasturias.com\/magazine365\/category\/noticias-actualidad\/#listItem","name":"Noticias y Actualidad"}},{"@type":"ListItem","@id":"https:\/\/eldigitaldeasturias.com\/magazine365\/category\/noticias-actualidad\/#listItem","position":2,"name":"Noticias y Actualidad","item":"https:\/\/eldigitaldeasturias.com\/magazine365\/category\/noticias-actualidad\/","nextItem":{"@type":"ListItem","@id":"https:\/\/eldigitaldeasturias.com\/magazine365\/malaga-convention-bureau-busca-reforzar-el-mercado-corporativo-y-abrir-vias-de-negocio-internacional\/#listItem","name":"M\u00e1laga Convention Bureau busca reforzar el mercado corporativo y abrir v\u00edas de negocio internacional"},"previousItem":{"@type":"ListItem","@id":"https:\/\/eldigitaldeasturias.com\/magazine365#listItem","name":"Home"}},{"@type":"ListItem","@id":"https:\/\/eldigitaldeasturias.com\/magazine365\/malaga-convention-bureau-busca-reforzar-el-mercado-corporativo-y-abrir-vias-de-negocio-internacional\/#listItem","position":3,"name":"M\u00e1laga Convention Bureau busca reforzar el mercado corporativo y abrir v\u00edas de negocio internacional","previousItem":{"@type":"ListItem","@id":"https:\/\/eldigitaldeasturias.com\/magazine365\/category\/noticias-actualidad\/#listItem","name":"Noticias y Actualidad"}}]},{"@type":"Organization","@id":"https:\/\/eldigitaldeasturias.com\/magazine365\/#organization","name":"El digital de Asturias","description":"Revista de ocio, turismo y estilo de vida","url":"https:\/\/eldigitaldeasturias.com\/magazine365\/","logo":{"@type":"ImageObject","url":"https:\/\/www.eldigitaldeasturias.com\/noticias\/wp-content\/uploads\/2020\/12\/EDA.jpg","@id":"https:\/\/eldigitaldeasturias.com\/magazine365\/malaga-convention-bureau-busca-reforzar-el-mercado-corporativo-y-abrir-vias-de-negocio-internacional\/#organizationLogo"},"image":{"@id":"https:\/\/eldigitaldeasturias.com\/magazine365\/malaga-convention-bureau-busca-reforzar-el-mercado-corporativo-y-abrir-vias-de-negocio-internacional\/#organizationLogo"}},{"@type":"Person","@id":"https:\/\/eldigitaldeasturias.com\/magazine365\/author\/admin\/#author","url":"https:\/\/eldigitaldeasturias.com\/magazine365\/author\/admin\/","name":"admin","image":{"@type":"ImageObject","@id":"https:\/\/eldigitaldeasturias.com\/magazine365\/malaga-convention-bureau-busca-reforzar-el-mercado-corporativo-y-abrir-vias-de-negocio-internacional\/#authorImage","url":"https:\/\/eldigitaldeasturias.com\/magazine365\/wp-content\/litespeed\/avatar\/e571bcf59a0edd6fa6838245a470f2fe.jpg?ver=1777574230","width":96,"height":96,"caption":"admin"}},{"@type":"WebPage","@id":"https:\/\/eldigitaldeasturias.com\/magazine365\/malaga-convention-bureau-busca-reforzar-el-mercado-corporativo-y-abrir-vias-de-negocio-internacional\/#webpage","url":"https:\/\/eldigitaldeasturias.com\/magazine365\/malaga-convention-bureau-busca-reforzar-el-mercado-corporativo-y-abrir-vias-de-negocio-internacional\/","name":"M\u00e1laga Convention Bureau busca reforzar el mercado corporativo y abrir v\u00edas de negocio internacional | El Digital de Asturias","description":"El plan de acci\u00f3n de M\u00e1laga Convention Bureau para el pr\u00f3ximo a\u00f1o recoge entre sus principales objetivos reforzar el mercado corporativo, que empieza a registrar cifras similares a las que mostraba antes de la crisis econ\u00f3mica, hacer hincapi\u00e9 en los mercados asociativos y abrir nuevas v\u00edas de negocio en aquellos pa\u00edses que por sus conexiones","inLanguage":"es-ES","isPartOf":{"@id":"https:\/\/eldigitaldeasturias.com\/magazine365\/#website"},"breadcrumb":{"@id":"https:\/\/eldigitaldeasturias.com\/magazine365\/malaga-convention-bureau-busca-reforzar-el-mercado-corporativo-y-abrir-vias-de-negocio-internacional\/#breadcrumblist"},"author":{"@id":"https:\/\/eldigitaldeasturias.com\/magazine365\/author\/admin\/#author"},"creator":{"@id":"https:\/\/eldigitaldeasturias.com\/magazine365\/author\/admin\/#author"},"image":{"@type":"ImageObject","url":"https:\/\/eldigitaldeasturias.com\/magazine365\/wp-content\/uploads\/2015\/12\/fotonoticia_20151214193817_800.jpg","@id":"https:\/\/eldigitaldeasturias.com\/magazine365\/malaga-convention-bureau-busca-reforzar-el-mercado-corporativo-y-abrir-vias-de-negocio-internacional\/#mainImage","width":800,"height":534},"primaryImageOfPage":{"@id":"https:\/\/eldigitaldeasturias.com\/magazine365\/malaga-convention-bureau-busca-reforzar-el-mercado-corporativo-y-abrir-vias-de-negocio-internacional\/#mainImage"},"datePublished":"2015-12-15T13:42:21+01:00","dateModified":"2015-12-15T13:42:21+01:00"},{"@type":"WebSite","@id":"https:\/\/eldigitaldeasturias.com\/magazine365\/#website","url":"https:\/\/eldigitaldeasturias.com\/magazine365\/","name":"El Digital de Asturias","description":"Revista de ocio, turismo y estilo de vida","inLanguage":"es-ES","publisher":{"@id":"https:\/\/eldigitaldeasturias.com\/magazine365\/#organization"}}]},"og:locale":"es_ES","og:site_name":"El Digital de Asturias \u2013 Revista de ocio, turismo y estilo de vida","og:type":"article","og:title":"M\u00e1laga Convention Bureau busca reforzar el mercado corporativo y abrir v\u00edas de negocio internacional | El Digital de Asturias","og:description":"El plan de acci\u00f3n de M\u00e1laga Convention Bureau para el pr\u00f3ximo a\u00f1o recoge entre sus principales objetivos reforzar el mercado corporativo, que empieza a registrar cifras similares a las que mostraba antes de la crisis econ\u00f3mica, hacer hincapi\u00e9 en los mercados asociativos y abrir nuevas v\u00edas de negocio en aquellos pa\u00edses que por sus conexiones","og:url":"https:\/\/eldigitaldeasturias.com\/magazine365\/malaga-convention-bureau-busca-reforzar-el-mercado-corporativo-y-abrir-vias-de-negocio-internacional\/","og:image":"https:\/\/eldigitaldeasturias.com\/magazine365\/wp-content\/uploads\/2015\/12\/fotonoticia_20151214193817_800.jpg","og:image:secure_url":"https:\/\/eldigitaldeasturias.com\/magazine365\/wp-content\/uploads\/2015\/12\/fotonoticia_20151214193817_800.jpg","og:image:width":800,"og:image:height":534,"article:published_time":"2015-12-15T12:42:21+00:00","article:modified_time":"2015-12-15T12:42:21+00:00","twitter:card":"summary_large_image","twitter:title":"M\u00e1laga Convention Bureau busca reforzar el mercado corporativo y abrir v\u00edas de negocio internacional | El Digital de Asturias","twitter:description":"El plan de acci\u00f3n de M\u00e1laga Convention Bureau para el pr\u00f3ximo a\u00f1o recoge entre sus principales objetivos reforzar el mercado corporativo, que empieza a registrar cifras similares a las que mostraba antes de la crisis econ\u00f3mica, hacer hincapi\u00e9 en los mercados asociativos y abrir nuevas v\u00edas de negocio en aquellos pa\u00edses que por sus conexiones","twitter:image":"https:\/\/eldigitaldeasturias.com\/magazine365\/wp-content\/uploads\/2015\/12\/fotonoticia_20151214193817_800.jpg"},"aioseo_meta_data":{"post_id":"58467","title":null,"description":null,"keywords":null,"keyphrases":null,"primary_term":null,"canonical_url":null,"og_title":null,"og_description":null,"og_object_type":"default","og_image_type":"default","og_image_url":null,"og_image_width":null,"og_image_height":null,"og_image_custom_url":null,"og_image_custom_fields":null,"og_video":null,"og_custom_url":null,"og_article_section":null,"og_article_tags":null,"twitter_use_og":false,"twitter_card":"default","twitter_image_type":"default","twitter_image_url":null,"twitter_image_custom_url":null,"twitter_image_custom_fields":null,"twitter_title":null,"twitter_description":null,"schema":{"blockGraphs":[],"customGraphs":[],"default":{"data":{"Article":[],"Course":[],"Dataset":[],"FAQPage":[],"Movie":[],"Person":[],"Product":[],"ProductReview":[],"Car":[],"Recipe":[],"Service":[],"SoftwareApplication":[],"WebPage":[]},"graphName":"","isEnabled":true},"graphs":[],"defaultGraph":"","defaultPostTypeGraph":""},"schema_type":null,"schema_type_options":null,"pillar_content":false,"robots_default":true,"robots_noindex":false,"robots_noarchive":false,"robots_nosnippet":false,"robots_nofollow":false,"robots_noimageindex":false,"robots_noodp":false,"robots_notranslate":false,"robots_max_snippet":null,"robots_max_videopreview":null,"robots_max_imagepreview":"large","priority":null,"frequency":null,"location":null,"local_seo":null,"seo_analyzer_scan_date":"2025-09-25 03:03:07","breadcrumb_settings":null,"limit_modified_date":false,"open_ai":null,"ai":null,"created":"2021-03-08 22:28:44","updated":"2025-09-25 03:03:07"},"aioseo_breadcrumb":"<div class=\"aioseo-breadcrumbs\"><span class=\"aioseo-breadcrumb\">\n\t<a href=\"https:\/\/eldigitaldeasturias.com\/magazine365\" title=\"Home\">Home<\/a>\n<\/span><span class=\"aioseo-breadcrumb-separator\">\u2013<\/span><span class=\"aioseo-breadcrumb\">\n\t<a href=\"https:\/\/eldigitaldeasturias.com\/magazine365\/category\/noticias-actualidad\/\" title=\"Noticias y Actualidad\">Noticias y Actualidad<\/a>\n<\/span><span class=\"aioseo-breadcrumb-separator\">\u2013<\/span><span class=\"aioseo-breadcrumb\">\n\t<a href=\"https:\/\/eldigitaldeasturias.com\/magazine365\/malaga-convention-bureau-busca-reforzar-el-mercado-corporativo-y-abrir-vias-de-negocio-internacional\/\" title=\"M\u00e1laga Convention Bureau busca reforzar el mercado corporativo y abrir v\u00edas de negocio internacional\">M\u00e1laga Convention Bureau busca reforzar el mercado corporativo y abrir v\u00edas de negocio internacional<\/a>\n<\/span><\/div>","aioseo_breadcrumb_json":[{"label":"Home","link":"https:\/\/eldigitaldeasturias.com\/magazine365"},{"label":"Noticias y Actualidad","link":"https:\/\/eldigitaldeasturias.com\/magazine365\/category\/noticias-actualidad\/"},{"label":"M\u00e1laga Convention Bureau busca reforzar el mercado corporativo y abrir v\u00edas de negocio internacional","link":"https:\/\/eldigitaldeasturias.com\/magazine365\/malaga-convention-bureau-busca-reforzar-el-mercado-corporativo-y-abrir-vias-de-negocio-internacional\/"}],"_links":{"self":[{"href":"https:\/\/eldigitaldeasturias.com\/magazine365\/wp-json\/wp\/v2\/posts\/58467","targetHints":{"allow":["GET"]}}],"collection":[{"href":"https:\/\/eldigitaldeasturias.com\/magazine365\/wp-json\/wp\/v2\/posts"}],"about":[{"href":"https:\/\/eldigitaldeasturias.com\/magazine365\/wp-json\/wp\/v2\/types\/post"}],"author":[{"embeddable":true,"href":"https:\/\/eldigitaldeasturias.com\/magazine365\/wp-json\/wp\/v2\/users\/1"}],"replies":[{"embeddable":true,"href":"https:\/\/eldigitaldeasturias.com\/magazine365\/wp-json\/wp\/v2\/comments?post=58467"}],"version-history":[{"count":0,"href":"https:\/\/eldigitaldeasturias.com\/magazine365\/wp-json\/wp\/v2\/posts\/58467\/revisions"}],"wp:featuredmedia":[{"embeddable":true,"href":"https:\/\/eldigitaldeasturias.com\/magazine365\/wp-json\/wp\/v2\/media\/58468"}],"wp:attachment":[{"href":"https:\/\/eldigitaldeasturias.com\/magazine365\/wp-json\/wp\/v2\/media?parent=58467"}],"wp:term":[{"taxonomy":"category","embeddable":true,"href":"https:\/\/eldigitaldeasturias.com\/magazine365\/wp-json\/wp\/v2\/categories?post=58467"},{"taxonomy":"post_tag","embeddable":true,"href":"https:\/\/eldigitaldeasturias.com\/magazine365\/wp-json\/wp\/v2\/tags?post=58467"}],"curies":[{"name":"wp","href":"https:\/\/api.w.org\/{rel}","templated":true}]}}