{"id":58457,"date":"2015-12-15T13:37:35","date_gmt":"2015-12-15T12:37:35","guid":{"rendered":"http:\/\/eldigitaldeasturias.com\/magazine365\/?p=58457"},"modified":"2015-12-15T13:37:35","modified_gmt":"2015-12-15T12:37:35","slug":"ayuntamiento-y-empresarios-apuestan-por-una-promocion-diferenciada-de-las-palmas-de-gran-canaria","status":"publish","type":"post","link":"https:\/\/eldigitaldeasturias.com\/magazine365\/ayuntamiento-y-empresarios-apuestan-por-una-promocion-diferenciada-de-las-palmas-de-gran-canaria\/","title":{"rendered":"Ayuntamiento y empresarios apuestan por una promoci\u00f3n diferenciada de Las Palmas de Gran Canaria"},"content":{"rendered":"<p><img fetchpriority=\"high\" decoding=\"async\" class=\"alignleft size-medium wp-image-58458\" src=\"https:\/\/eldigitaldeasturias.com\/magazine365\/wp-content\/uploads\/2015\/12\/fotonoticia_20151214191658_800-360x270.jpg\" alt=\"fotonoticia_20151214191658_800\" width=\"360\" height=\"270\" srcset=\"https:\/\/eldigitaldeasturias.com\/magazine365\/wp-content\/uploads\/2015\/12\/fotonoticia_20151214191658_800-360x270.jpg 360w, https:\/\/eldigitaldeasturias.com\/magazine365\/wp-content\/uploads\/2015\/12\/fotonoticia_20151214191658_800-650x488.jpg 650w, https:\/\/eldigitaldeasturias.com\/magazine365\/wp-content\/uploads\/2015\/12\/fotonoticia_20151214191658_800-768x576.jpg 768w, https:\/\/eldigitaldeasturias.com\/magazine365\/wp-content\/uploads\/2015\/12\/fotonoticia_20151214191658_800-150x113.jpg 150w, https:\/\/eldigitaldeasturias.com\/magazine365\/wp-content\/uploads\/2015\/12\/fotonoticia_20151214191658_800-450x338.jpg 450w, https:\/\/eldigitaldeasturias.com\/magazine365\/wp-content\/uploads\/2015\/12\/fotonoticia_20151214191658_800-80x60.jpg 80w, https:\/\/eldigitaldeasturias.com\/magazine365\/wp-content\/uploads\/2015\/12\/fotonoticia_20151214191658_800-265x198.jpg 265w, https:\/\/eldigitaldeasturias.com\/magazine365\/wp-content\/uploads\/2015\/12\/fotonoticia_20151214191658_800-696x522.jpg 696w, https:\/\/eldigitaldeasturias.com\/magazine365\/wp-content\/uploads\/2015\/12\/fotonoticia_20151214191658_800-560x420.jpg 560w, https:\/\/eldigitaldeasturias.com\/magazine365\/wp-content\/uploads\/2015\/12\/fotonoticia_20151214191658_800-90x67.jpg 90w, https:\/\/eldigitaldeasturias.com\/magazine365\/wp-content\/uploads\/2015\/12\/fotonoticia_20151214191658_800-100x75.jpg 100w, https:\/\/eldigitaldeasturias.com\/magazine365\/wp-content\/uploads\/2015\/12\/fotonoticia_20151214191658_800.jpg 800w\" sizes=\"(max-width: 360px) 100vw, 360px\" \/>La consejera insular de Acci\u00f3n Exterior, Delia Herrera, y el director de la Oficina Nacional de Turismo de Mauritania, Mohamed Mahmoud Ould Be Ould Ne, han mantenido un encuentro para estudiar f\u00f3rmulas de cooperaci\u00f3n para impulsar el turismo sostenible en este pa\u00eds africano y, en particular, el vinculado al parque nacional del barco de Argu\u00edn, declarado Patrimonio de la Humanidad por la Unesco.<\/p>\n<p>El Gobierno de Mauritania est\u00e1 interesado en planificar y desarrollar actividades ecotur\u00edsticas en este parque para que incidan en la mejora de la econom\u00eda local y sobre todo, en la poblaci\u00f3n que vive en este entorno.<\/p>\n<p>La consejera de Acci\u00f3n Exterior, Delia Herrera, record\u00f3 que el Cabildo de Tenerife, con el fin de promover la imagen exterior de la Isla y la internacionalizaci\u00f3n de las empresas, impulsa la cooperaci\u00f3n con pa\u00edses africanos mediante la ejecuci\u00f3n de proyectos financiados con fondos de la Uni\u00f3n Europea.<\/p>\n<p>Al efecto, Herrera record\u00f3 el proyecto &#8216;Drago&#8217;, impulsado desde el Cabildo, que contemplaba la planificaci\u00f3n y promoci\u00f3n de este tipo de turismo vinculado a la econom\u00eda verde en la regi\u00f3n de Souss-Massa-Dr\u00e0a (Marruecos) y en las islas de Tenerife y Fuerteventura.<\/p>\n<p>La econom\u00eda de Mauritania se concentra en las dos ciudades m\u00e1s importantes del pa\u00eds, Nouakchott y Nouadhibou, con puertos mar\u00edtimos dotados de terminales de contenedores y escala de las l\u00edneas mar\u00edtimas que hacen la ruta de \u00c1frica del Oeste.<\/p>\n<p>Las oportunidades comerciales que ofrece el mercado se centran no s\u00f3lo en la demanda del sector p\u00fablico sino tambi\u00e9n en la oportunidad de captar nichos en la del sector privado.<\/p>\n","protected":false},"excerpt":{"rendered":"<p>La consejera insular de Acci\u00f3n Exterior, Delia Herrera, y el director de la Oficina Nacional de Turismo de Mauritania, Mohamed Mahmoud Ould Be Ould Ne, han mantenido un encuentro para estudiar f\u00f3rmulas de cooperaci\u00f3n para impulsar el turismo sostenible en este pa\u00eds africano y, en particular, el vinculado al parque nacional del barco de Argu\u00edn,<\/p>\n","protected":false},"author":1,"featured_media":58458,"comment_status":"open","ping_status":"closed","sticky":false,"template":"","format":"standard","meta":{"footnotes":""},"categories":[224],"tags":[],"class_list":{"0":"post-58457","1":"post","2":"type-post","3":"status-publish","4":"format-standard","5":"has-post-thumbnail","7":"category-noticias-actualidad"},"aioseo_notices":[],"aioseo_head":"\n\t\t<!-- All in One SEO Pro 4.9.6.1 - aioseo.com -->\n\t<meta name=\"description\" content=\"La consejera insular de Acci\u00f3n Exterior, Delia Herrera, y el director de la Oficina Nacional de Turismo de Mauritania, Mohamed Mahmoud Ould Be Ould Ne, han mantenido un encuentro para estudiar f\u00f3rmulas de cooperaci\u00f3n para impulsar el turismo sostenible en este pa\u00eds africano y, en particular, el vinculado al parque nacional del barco de Argu\u00edn,\" \/>\n\t<meta name=\"robots\" content=\"max-image-preview:large\" \/>\n\t<meta name=\"author\" content=\"admin\"\/>\n\t<meta name=\"google-site-verification\" content=\"UA-38556648-1\" \/>\n\t<meta name=\"keywords\" content=\"noticias y actualidad\" \/>\n\t<link rel=\"canonical\" href=\"https:\/\/eldigitaldeasturias.com\/magazine365\/ayuntamiento-y-empresarios-apuestan-por-una-promocion-diferenciada-de-las-palmas-de-gran-canaria\/\" \/>\n\t<meta name=\"generator\" content=\"All in One SEO Pro (AIOSEO) 4.9.6.1\" \/>\n\t\t<meta property=\"og:locale\" content=\"es_ES\" \/>\n\t\t<meta property=\"og:site_name\" content=\"El Digital de Asturias \u2013 Revista de ocio, turismo y estilo de vida\" \/>\n\t\t<meta property=\"og:type\" content=\"article\" \/>\n\t\t<meta property=\"og:title\" content=\"Ayuntamiento y empresarios apuestan por una promoci\u00f3n diferenciada de Las Palmas de Gran Canaria | El Digital de Asturias\" \/>\n\t\t<meta property=\"og:description\" content=\"La consejera insular de Acci\u00f3n Exterior, Delia Herrera, y el director de la Oficina Nacional de Turismo de Mauritania, Mohamed Mahmoud Ould Be Ould Ne, han mantenido un encuentro para estudiar f\u00f3rmulas de cooperaci\u00f3n para impulsar el turismo sostenible en este pa\u00eds africano y, en particular, el vinculado al parque nacional del barco de Argu\u00edn,\" \/>\n\t\t<meta property=\"og:url\" content=\"https:\/\/eldigitaldeasturias.com\/magazine365\/ayuntamiento-y-empresarios-apuestan-por-una-promocion-diferenciada-de-las-palmas-de-gran-canaria\/\" \/>\n\t\t<meta property=\"og:image\" content=\"https:\/\/eldigitaldeasturias.com\/magazine365\/wp-content\/uploads\/2015\/12\/fotonoticia_20151214191658_800.jpg\" \/>\n\t\t<meta property=\"og:image:secure_url\" content=\"https:\/\/eldigitaldeasturias.com\/magazine365\/wp-content\/uploads\/2015\/12\/fotonoticia_20151214191658_800.jpg\" \/>\n\t\t<meta property=\"og:image:width\" content=\"800\" \/>\n\t\t<meta property=\"og:image:height\" content=\"600\" \/>\n\t\t<meta property=\"article:published_time\" content=\"2015-12-15T12:37:35+00:00\" \/>\n\t\t<meta property=\"article:modified_time\" content=\"2015-12-15T12:37:35+00:00\" \/>\n\t\t<meta name=\"twitter:card\" content=\"summary_large_image\" \/>\n\t\t<meta name=\"twitter:title\" content=\"Ayuntamiento y empresarios apuestan por una promoci\u00f3n diferenciada de Las Palmas de Gran Canaria | El Digital de Asturias\" \/>\n\t\t<meta name=\"twitter:description\" content=\"La consejera insular de Acci\u00f3n Exterior, Delia Herrera, y el director de la Oficina Nacional de Turismo de Mauritania, Mohamed Mahmoud Ould Be Ould Ne, han mantenido un encuentro para estudiar f\u00f3rmulas de cooperaci\u00f3n para impulsar el turismo sostenible en este pa\u00eds africano y, en particular, el vinculado al parque nacional del barco de Argu\u00edn,\" \/>\n\t\t<meta name=\"twitter:image\" content=\"https:\/\/eldigitaldeasturias.com\/magazine365\/wp-content\/uploads\/2015\/12\/fotonoticia_20151214191658_800.jpg\" \/>\n\t\t<script type=\"application\/ld+json\" class=\"aioseo-schema\">\n\t\t\t{\"@context\":\"https:\\\/\\\/schema.org\",\"@graph\":[{\"@type\":\"Article\",\"@id\":\"https:\\\/\\\/eldigitaldeasturias.com\\\/magazine365\\\/ayuntamiento-y-empresarios-apuestan-por-una-promocion-diferenciada-de-las-palmas-de-gran-canaria\\\/#article\",\"name\":\"Ayuntamiento y empresarios apuestan por una promoci\\u00f3n diferenciada de Las Palmas de Gran Canaria | El Digital de Asturias\",\"headline\":\"Ayuntamiento y empresarios apuestan por una promoci\\u00f3n diferenciada de Las Palmas de Gran Canaria\",\"author\":{\"@id\":\"https:\\\/\\\/eldigitaldeasturias.com\\\/magazine365\\\/author\\\/admin\\\/#author\"},\"publisher\":{\"@id\":\"https:\\\/\\\/eldigitaldeasturias.com\\\/magazine365\\\/#organization\"},\"image\":{\"@type\":\"ImageObject\",\"url\":\"https:\\\/\\\/eldigitaldeasturias.com\\\/magazine365\\\/wp-content\\\/uploads\\\/2015\\\/12\\\/fotonoticia_20151214191658_800.jpg\",\"width\":800,\"height\":600},\"datePublished\":\"2015-12-15T13:37:35+01:00\",\"dateModified\":\"2015-12-15T13:37:35+01:00\",\"inLanguage\":\"es-ES\",\"mainEntityOfPage\":{\"@id\":\"https:\\\/\\\/eldigitaldeasturias.com\\\/magazine365\\\/ayuntamiento-y-empresarios-apuestan-por-una-promocion-diferenciada-de-las-palmas-de-gran-canaria\\\/#webpage\"},\"isPartOf\":{\"@id\":\"https:\\\/\\\/eldigitaldeasturias.com\\\/magazine365\\\/ayuntamiento-y-empresarios-apuestan-por-una-promocion-diferenciada-de-las-palmas-de-gran-canaria\\\/#webpage\"},\"articleSection\":\"Noticias y Actualidad\"},{\"@type\":\"BreadcrumbList\",\"@id\":\"https:\\\/\\\/eldigitaldeasturias.com\\\/magazine365\\\/ayuntamiento-y-empresarios-apuestan-por-una-promocion-diferenciada-de-las-palmas-de-gran-canaria\\\/#breadcrumblist\",\"itemListElement\":[{\"@type\":\"ListItem\",\"@id\":\"https:\\\/\\\/eldigitaldeasturias.com\\\/magazine365#listItem\",\"position\":1,\"name\":\"Home\",\"item\":\"https:\\\/\\\/eldigitaldeasturias.com\\\/magazine365\",\"nextItem\":{\"@type\":\"ListItem\",\"@id\":\"https:\\\/\\\/eldigitaldeasturias.com\\\/magazine365\\\/category\\\/noticias-actualidad\\\/#listItem\",\"name\":\"Noticias y Actualidad\"}},{\"@type\":\"ListItem\",\"@id\":\"https:\\\/\\\/eldigitaldeasturias.com\\\/magazine365\\\/category\\\/noticias-actualidad\\\/#listItem\",\"position\":2,\"name\":\"Noticias y Actualidad\",\"item\":\"https:\\\/\\\/eldigitaldeasturias.com\\\/magazine365\\\/category\\\/noticias-actualidad\\\/\",\"nextItem\":{\"@type\":\"ListItem\",\"@id\":\"https:\\\/\\\/eldigitaldeasturias.com\\\/magazine365\\\/ayuntamiento-y-empresarios-apuestan-por-una-promocion-diferenciada-de-las-palmas-de-gran-canaria\\\/#listItem\",\"name\":\"Ayuntamiento y empresarios apuestan por una promoci\\u00f3n diferenciada de Las Palmas de Gran Canaria\"},\"previousItem\":{\"@type\":\"ListItem\",\"@id\":\"https:\\\/\\\/eldigitaldeasturias.com\\\/magazine365#listItem\",\"name\":\"Home\"}},{\"@type\":\"ListItem\",\"@id\":\"https:\\\/\\\/eldigitaldeasturias.com\\\/magazine365\\\/ayuntamiento-y-empresarios-apuestan-por-una-promocion-diferenciada-de-las-palmas-de-gran-canaria\\\/#listItem\",\"position\":3,\"name\":\"Ayuntamiento y empresarios apuestan por una promoci\\u00f3n diferenciada de Las Palmas de Gran Canaria\",\"previousItem\":{\"@type\":\"ListItem\",\"@id\":\"https:\\\/\\\/eldigitaldeasturias.com\\\/magazine365\\\/category\\\/noticias-actualidad\\\/#listItem\",\"name\":\"Noticias y Actualidad\"}}]},{\"@type\":\"Organization\",\"@id\":\"https:\\\/\\\/eldigitaldeasturias.com\\\/magazine365\\\/#organization\",\"name\":\"El digital de Asturias\",\"description\":\"Revista de ocio, turismo y estilo de vida\",\"url\":\"https:\\\/\\\/eldigitaldeasturias.com\\\/magazine365\\\/\",\"logo\":{\"@type\":\"ImageObject\",\"url\":\"https:\\\/\\\/www.eldigitaldeasturias.com\\\/noticias\\\/wp-content\\\/uploads\\\/2020\\\/12\\\/EDA.jpg\",\"@id\":\"https:\\\/\\\/eldigitaldeasturias.com\\\/magazine365\\\/ayuntamiento-y-empresarios-apuestan-por-una-promocion-diferenciada-de-las-palmas-de-gran-canaria\\\/#organizationLogo\"},\"image\":{\"@id\":\"https:\\\/\\\/eldigitaldeasturias.com\\\/magazine365\\\/ayuntamiento-y-empresarios-apuestan-por-una-promocion-diferenciada-de-las-palmas-de-gran-canaria\\\/#organizationLogo\"}},{\"@type\":\"Person\",\"@id\":\"https:\\\/\\\/eldigitaldeasturias.com\\\/magazine365\\\/author\\\/admin\\\/#author\",\"url\":\"https:\\\/\\\/eldigitaldeasturias.com\\\/magazine365\\\/author\\\/admin\\\/\",\"name\":\"admin\",\"image\":{\"@type\":\"ImageObject\",\"@id\":\"https:\\\/\\\/eldigitaldeasturias.com\\\/magazine365\\\/ayuntamiento-y-empresarios-apuestan-por-una-promocion-diferenciada-de-las-palmas-de-gran-canaria\\\/#authorImage\",\"url\":\"https:\\\/\\\/eldigitaldeasturias.com\\\/magazine365\\\/wp-content\\\/litespeed\\\/avatar\\\/e571bcf59a0edd6fa6838245a470f2fe.jpg?ver=1777574230\",\"width\":96,\"height\":96,\"caption\":\"admin\"}},{\"@type\":\"WebPage\",\"@id\":\"https:\\\/\\\/eldigitaldeasturias.com\\\/magazine365\\\/ayuntamiento-y-empresarios-apuestan-por-una-promocion-diferenciada-de-las-palmas-de-gran-canaria\\\/#webpage\",\"url\":\"https:\\\/\\\/eldigitaldeasturias.com\\\/magazine365\\\/ayuntamiento-y-empresarios-apuestan-por-una-promocion-diferenciada-de-las-palmas-de-gran-canaria\\\/\",\"name\":\"Ayuntamiento y empresarios apuestan por una promoci\\u00f3n diferenciada de Las Palmas de Gran Canaria | El Digital de Asturias\",\"description\":\"La consejera insular de Acci\\u00f3n Exterior, Delia Herrera, y el director de la Oficina Nacional de Turismo de Mauritania, Mohamed Mahmoud Ould Be Ould Ne, han mantenido un encuentro para estudiar f\\u00f3rmulas de cooperaci\\u00f3n para impulsar el turismo sostenible en este pa\\u00eds africano y, en particular, el vinculado al parque nacional del barco de Argu\\u00edn,\",\"inLanguage\":\"es-ES\",\"isPartOf\":{\"@id\":\"https:\\\/\\\/eldigitaldeasturias.com\\\/magazine365\\\/#website\"},\"breadcrumb\":{\"@id\":\"https:\\\/\\\/eldigitaldeasturias.com\\\/magazine365\\\/ayuntamiento-y-empresarios-apuestan-por-una-promocion-diferenciada-de-las-palmas-de-gran-canaria\\\/#breadcrumblist\"},\"author\":{\"@id\":\"https:\\\/\\\/eldigitaldeasturias.com\\\/magazine365\\\/author\\\/admin\\\/#author\"},\"creator\":{\"@id\":\"https:\\\/\\\/eldigitaldeasturias.com\\\/magazine365\\\/author\\\/admin\\\/#author\"},\"image\":{\"@type\":\"ImageObject\",\"url\":\"https:\\\/\\\/eldigitaldeasturias.com\\\/magazine365\\\/wp-content\\\/uploads\\\/2015\\\/12\\\/fotonoticia_20151214191658_800.jpg\",\"@id\":\"https:\\\/\\\/eldigitaldeasturias.com\\\/magazine365\\\/ayuntamiento-y-empresarios-apuestan-por-una-promocion-diferenciada-de-las-palmas-de-gran-canaria\\\/#mainImage\",\"width\":800,\"height\":600},\"primaryImageOfPage\":{\"@id\":\"https:\\\/\\\/eldigitaldeasturias.com\\\/magazine365\\\/ayuntamiento-y-empresarios-apuestan-por-una-promocion-diferenciada-de-las-palmas-de-gran-canaria\\\/#mainImage\"},\"datePublished\":\"2015-12-15T13:37:35+01:00\",\"dateModified\":\"2015-12-15T13:37:35+01:00\"},{\"@type\":\"WebSite\",\"@id\":\"https:\\\/\\\/eldigitaldeasturias.com\\\/magazine365\\\/#website\",\"url\":\"https:\\\/\\\/eldigitaldeasturias.com\\\/magazine365\\\/\",\"name\":\"El Digital de Asturias\",\"description\":\"Revista de ocio, turismo y estilo de vida\",\"inLanguage\":\"es-ES\",\"publisher\":{\"@id\":\"https:\\\/\\\/eldigitaldeasturias.com\\\/magazine365\\\/#organization\"}}]}\n\t\t<\/script>\n\t\t<!-- All in One SEO Pro -->\r\n\t\t<title>Ayuntamiento y empresarios apuestan por una promoci\u00f3n diferenciada de Las Palmas de Gran Canaria | El Digital de Asturias<\/title>\n\n","aioseo_head_json":{"title":"Ayuntamiento y empresarios apuestan por una promoci\u00f3n diferenciada de Las Palmas de Gran Canaria | El Digital de Asturias","description":"La consejera insular de Acci\u00f3n Exterior, Delia Herrera, y el director de la Oficina Nacional de Turismo de Mauritania, Mohamed Mahmoud Ould Be Ould Ne, han mantenido un encuentro para estudiar f\u00f3rmulas de cooperaci\u00f3n para impulsar el turismo sostenible en este pa\u00eds africano y, en particular, el vinculado al parque nacional del barco de Argu\u00edn,","canonical_url":"https:\/\/eldigitaldeasturias.com\/magazine365\/ayuntamiento-y-empresarios-apuestan-por-una-promocion-diferenciada-de-las-palmas-de-gran-canaria\/","robots":"max-image-preview:large","keywords":"noticias y actualidad","webmasterTools":{"google-site-verification":"UA-38556648-1","miscellaneous":""},"schema":{"@context":"https:\/\/schema.org","@graph":[{"@type":"Article","@id":"https:\/\/eldigitaldeasturias.com\/magazine365\/ayuntamiento-y-empresarios-apuestan-por-una-promocion-diferenciada-de-las-palmas-de-gran-canaria\/#article","name":"Ayuntamiento y empresarios apuestan por una promoci\u00f3n diferenciada de Las Palmas de Gran Canaria | El Digital de Asturias","headline":"Ayuntamiento y empresarios apuestan por una promoci\u00f3n diferenciada de Las Palmas de Gran Canaria","author":{"@id":"https:\/\/eldigitaldeasturias.com\/magazine365\/author\/admin\/#author"},"publisher":{"@id":"https:\/\/eldigitaldeasturias.com\/magazine365\/#organization"},"image":{"@type":"ImageObject","url":"https:\/\/eldigitaldeasturias.com\/magazine365\/wp-content\/uploads\/2015\/12\/fotonoticia_20151214191658_800.jpg","width":800,"height":600},"datePublished":"2015-12-15T13:37:35+01:00","dateModified":"2015-12-15T13:37:35+01:00","inLanguage":"es-ES","mainEntityOfPage":{"@id":"https:\/\/eldigitaldeasturias.com\/magazine365\/ayuntamiento-y-empresarios-apuestan-por-una-promocion-diferenciada-de-las-palmas-de-gran-canaria\/#webpage"},"isPartOf":{"@id":"https:\/\/eldigitaldeasturias.com\/magazine365\/ayuntamiento-y-empresarios-apuestan-por-una-promocion-diferenciada-de-las-palmas-de-gran-canaria\/#webpage"},"articleSection":"Noticias y Actualidad"},{"@type":"BreadcrumbList","@id":"https:\/\/eldigitaldeasturias.com\/magazine365\/ayuntamiento-y-empresarios-apuestan-por-una-promocion-diferenciada-de-las-palmas-de-gran-canaria\/#breadcrumblist","itemListElement":[{"@type":"ListItem","@id":"https:\/\/eldigitaldeasturias.com\/magazine365#listItem","position":1,"name":"Home","item":"https:\/\/eldigitaldeasturias.com\/magazine365","nextItem":{"@type":"ListItem","@id":"https:\/\/eldigitaldeasturias.com\/magazine365\/category\/noticias-actualidad\/#listItem","name":"Noticias y Actualidad"}},{"@type":"ListItem","@id":"https:\/\/eldigitaldeasturias.com\/magazine365\/category\/noticias-actualidad\/#listItem","position":2,"name":"Noticias y Actualidad","item":"https:\/\/eldigitaldeasturias.com\/magazine365\/category\/noticias-actualidad\/","nextItem":{"@type":"ListItem","@id":"https:\/\/eldigitaldeasturias.com\/magazine365\/ayuntamiento-y-empresarios-apuestan-por-una-promocion-diferenciada-de-las-palmas-de-gran-canaria\/#listItem","name":"Ayuntamiento y empresarios apuestan por una promoci\u00f3n diferenciada de Las Palmas de Gran Canaria"},"previousItem":{"@type":"ListItem","@id":"https:\/\/eldigitaldeasturias.com\/magazine365#listItem","name":"Home"}},{"@type":"ListItem","@id":"https:\/\/eldigitaldeasturias.com\/magazine365\/ayuntamiento-y-empresarios-apuestan-por-una-promocion-diferenciada-de-las-palmas-de-gran-canaria\/#listItem","position":3,"name":"Ayuntamiento y empresarios apuestan por una promoci\u00f3n diferenciada de Las Palmas de Gran Canaria","previousItem":{"@type":"ListItem","@id":"https:\/\/eldigitaldeasturias.com\/magazine365\/category\/noticias-actualidad\/#listItem","name":"Noticias y Actualidad"}}]},{"@type":"Organization","@id":"https:\/\/eldigitaldeasturias.com\/magazine365\/#organization","name":"El digital de Asturias","description":"Revista de ocio, turismo y estilo de vida","url":"https:\/\/eldigitaldeasturias.com\/magazine365\/","logo":{"@type":"ImageObject","url":"https:\/\/www.eldigitaldeasturias.com\/noticias\/wp-content\/uploads\/2020\/12\/EDA.jpg","@id":"https:\/\/eldigitaldeasturias.com\/magazine365\/ayuntamiento-y-empresarios-apuestan-por-una-promocion-diferenciada-de-las-palmas-de-gran-canaria\/#organizationLogo"},"image":{"@id":"https:\/\/eldigitaldeasturias.com\/magazine365\/ayuntamiento-y-empresarios-apuestan-por-una-promocion-diferenciada-de-las-palmas-de-gran-canaria\/#organizationLogo"}},{"@type":"Person","@id":"https:\/\/eldigitaldeasturias.com\/magazine365\/author\/admin\/#author","url":"https:\/\/eldigitaldeasturias.com\/magazine365\/author\/admin\/","name":"admin","image":{"@type":"ImageObject","@id":"https:\/\/eldigitaldeasturias.com\/magazine365\/ayuntamiento-y-empresarios-apuestan-por-una-promocion-diferenciada-de-las-palmas-de-gran-canaria\/#authorImage","url":"https:\/\/eldigitaldeasturias.com\/magazine365\/wp-content\/litespeed\/avatar\/e571bcf59a0edd6fa6838245a470f2fe.jpg?ver=1777574230","width":96,"height":96,"caption":"admin"}},{"@type":"WebPage","@id":"https:\/\/eldigitaldeasturias.com\/magazine365\/ayuntamiento-y-empresarios-apuestan-por-una-promocion-diferenciada-de-las-palmas-de-gran-canaria\/#webpage","url":"https:\/\/eldigitaldeasturias.com\/magazine365\/ayuntamiento-y-empresarios-apuestan-por-una-promocion-diferenciada-de-las-palmas-de-gran-canaria\/","name":"Ayuntamiento y empresarios apuestan por una promoci\u00f3n diferenciada de Las Palmas de Gran Canaria | El Digital de Asturias","description":"La consejera insular de Acci\u00f3n Exterior, Delia Herrera, y el director de la Oficina Nacional de Turismo de Mauritania, Mohamed Mahmoud Ould Be Ould Ne, han mantenido un encuentro para estudiar f\u00f3rmulas de cooperaci\u00f3n para impulsar el turismo sostenible en este pa\u00eds africano y, en particular, el vinculado al parque nacional del barco de Argu\u00edn,","inLanguage":"es-ES","isPartOf":{"@id":"https:\/\/eldigitaldeasturias.com\/magazine365\/#website"},"breadcrumb":{"@id":"https:\/\/eldigitaldeasturias.com\/magazine365\/ayuntamiento-y-empresarios-apuestan-por-una-promocion-diferenciada-de-las-palmas-de-gran-canaria\/#breadcrumblist"},"author":{"@id":"https:\/\/eldigitaldeasturias.com\/magazine365\/author\/admin\/#author"},"creator":{"@id":"https:\/\/eldigitaldeasturias.com\/magazine365\/author\/admin\/#author"},"image":{"@type":"ImageObject","url":"https:\/\/eldigitaldeasturias.com\/magazine365\/wp-content\/uploads\/2015\/12\/fotonoticia_20151214191658_800.jpg","@id":"https:\/\/eldigitaldeasturias.com\/magazine365\/ayuntamiento-y-empresarios-apuestan-por-una-promocion-diferenciada-de-las-palmas-de-gran-canaria\/#mainImage","width":800,"height":600},"primaryImageOfPage":{"@id":"https:\/\/eldigitaldeasturias.com\/magazine365\/ayuntamiento-y-empresarios-apuestan-por-una-promocion-diferenciada-de-las-palmas-de-gran-canaria\/#mainImage"},"datePublished":"2015-12-15T13:37:35+01:00","dateModified":"2015-12-15T13:37:35+01:00"},{"@type":"WebSite","@id":"https:\/\/eldigitaldeasturias.com\/magazine365\/#website","url":"https:\/\/eldigitaldeasturias.com\/magazine365\/","name":"El Digital de Asturias","description":"Revista de ocio, turismo y estilo de vida","inLanguage":"es-ES","publisher":{"@id":"https:\/\/eldigitaldeasturias.com\/magazine365\/#organization"}}]},"og:locale":"es_ES","og:site_name":"El Digital de Asturias \u2013 Revista de ocio, turismo y estilo de vida","og:type":"article","og:title":"Ayuntamiento y empresarios apuestan por una promoci\u00f3n diferenciada de Las Palmas de Gran Canaria | El Digital de Asturias","og:description":"La consejera insular de Acci\u00f3n Exterior, Delia Herrera, y el director de la Oficina Nacional de Turismo de Mauritania, Mohamed Mahmoud Ould Be Ould Ne, han mantenido un encuentro para estudiar f\u00f3rmulas de cooperaci\u00f3n para impulsar el turismo sostenible en este pa\u00eds africano y, en particular, el vinculado al parque nacional del barco de Argu\u00edn,","og:url":"https:\/\/eldigitaldeasturias.com\/magazine365\/ayuntamiento-y-empresarios-apuestan-por-una-promocion-diferenciada-de-las-palmas-de-gran-canaria\/","og:image":"https:\/\/eldigitaldeasturias.com\/magazine365\/wp-content\/uploads\/2015\/12\/fotonoticia_20151214191658_800.jpg","og:image:secure_url":"https:\/\/eldigitaldeasturias.com\/magazine365\/wp-content\/uploads\/2015\/12\/fotonoticia_20151214191658_800.jpg","og:image:width":800,"og:image:height":600,"article:published_time":"2015-12-15T12:37:35+00:00","article:modified_time":"2015-12-15T12:37:35+00:00","twitter:card":"summary_large_image","twitter:title":"Ayuntamiento y empresarios apuestan por una promoci\u00f3n diferenciada de Las Palmas de Gran Canaria | El Digital de Asturias","twitter:description":"La consejera insular de Acci\u00f3n Exterior, Delia Herrera, y el director de la Oficina Nacional de Turismo de Mauritania, Mohamed Mahmoud Ould Be Ould Ne, han mantenido un encuentro para estudiar f\u00f3rmulas de cooperaci\u00f3n para impulsar el turismo sostenible en este pa\u00eds africano y, en particular, el vinculado al parque nacional del barco de Argu\u00edn,","twitter:image":"https:\/\/eldigitaldeasturias.com\/magazine365\/wp-content\/uploads\/2015\/12\/fotonoticia_20151214191658_800.jpg"},"aioseo_meta_data":{"post_id":"58457","title":null,"description":null,"keywords":null,"keyphrases":null,"primary_term":null,"canonical_url":null,"og_title":null,"og_description":null,"og_object_type":"default","og_image_type":"default","og_image_url":null,"og_image_width":null,"og_image_height":null,"og_image_custom_url":null,"og_image_custom_fields":null,"og_video":null,"og_custom_url":null,"og_article_section":null,"og_article_tags":null,"twitter_use_og":false,"twitter_card":"default","twitter_image_type":"default","twitter_image_url":null,"twitter_image_custom_url":null,"twitter_image_custom_fields":null,"twitter_title":null,"twitter_description":null,"schema":{"blockGraphs":[],"customGraphs":[],"default":{"data":{"Article":[],"Course":[],"Dataset":[],"FAQPage":[],"Movie":[],"Person":[],"Product":[],"ProductReview":[],"Car":[],"Recipe":[],"Service":[],"SoftwareApplication":[],"WebPage":[]},"graphName":"","isEnabled":true},"graphs":[],"defaultGraph":"","defaultPostTypeGraph":""},"schema_type":null,"schema_type_options":null,"pillar_content":false,"robots_default":true,"robots_noindex":false,"robots_noarchive":false,"robots_nosnippet":false,"robots_nofollow":false,"robots_noimageindex":false,"robots_noodp":false,"robots_notranslate":false,"robots_max_snippet":null,"robots_max_videopreview":null,"robots_max_imagepreview":"large","priority":null,"frequency":null,"location":null,"local_seo":null,"seo_analyzer_scan_date":"2025-09-25 03:03:03","breadcrumb_settings":null,"limit_modified_date":false,"open_ai":null,"ai":null,"created":"2021-03-08 22:29:55","updated":"2025-09-25 03:03:03"},"aioseo_breadcrumb":"<div class=\"aioseo-breadcrumbs\"><span class=\"aioseo-breadcrumb\">\n\t<a href=\"https:\/\/eldigitaldeasturias.com\/magazine365\" title=\"Home\">Home<\/a>\n<\/span><span class=\"aioseo-breadcrumb-separator\">\u2013<\/span><span class=\"aioseo-breadcrumb\">\n\t<a href=\"https:\/\/eldigitaldeasturias.com\/magazine365\/category\/noticias-actualidad\/\" title=\"Noticias y Actualidad\">Noticias y Actualidad<\/a>\n<\/span><span class=\"aioseo-breadcrumb-separator\">\u2013<\/span><span class=\"aioseo-breadcrumb\">\n\t<a href=\"https:\/\/eldigitaldeasturias.com\/magazine365\/ayuntamiento-y-empresarios-apuestan-por-una-promocion-diferenciada-de-las-palmas-de-gran-canaria\/\" title=\"Ayuntamiento y empresarios apuestan por una promoci\u00f3n diferenciada de Las Palmas de Gran Canaria\">Ayuntamiento y empresarios apuestan por una promoci\u00f3n diferenciada de Las Palmas de Gran Canaria<\/a>\n<\/span><\/div>","aioseo_breadcrumb_json":[{"label":"Home","link":"https:\/\/eldigitaldeasturias.com\/magazine365"},{"label":"Noticias y Actualidad","link":"https:\/\/eldigitaldeasturias.com\/magazine365\/category\/noticias-actualidad\/"},{"label":"Ayuntamiento y empresarios apuestan por una promoci\u00f3n diferenciada de Las Palmas de Gran Canaria","link":"https:\/\/eldigitaldeasturias.com\/magazine365\/ayuntamiento-y-empresarios-apuestan-por-una-promocion-diferenciada-de-las-palmas-de-gran-canaria\/"}],"_links":{"self":[{"href":"https:\/\/eldigitaldeasturias.com\/magazine365\/wp-json\/wp\/v2\/posts\/58457","targetHints":{"allow":["GET"]}}],"collection":[{"href":"https:\/\/eldigitaldeasturias.com\/magazine365\/wp-json\/wp\/v2\/posts"}],"about":[{"href":"https:\/\/eldigitaldeasturias.com\/magazine365\/wp-json\/wp\/v2\/types\/post"}],"author":[{"embeddable":true,"href":"https:\/\/eldigitaldeasturias.com\/magazine365\/wp-json\/wp\/v2\/users\/1"}],"replies":[{"embeddable":true,"href":"https:\/\/eldigitaldeasturias.com\/magazine365\/wp-json\/wp\/v2\/comments?post=58457"}],"version-history":[{"count":0,"href":"https:\/\/eldigitaldeasturias.com\/magazine365\/wp-json\/wp\/v2\/posts\/58457\/revisions"}],"wp:featuredmedia":[{"embeddable":true,"href":"https:\/\/eldigitaldeasturias.com\/magazine365\/wp-json\/wp\/v2\/media\/58458"}],"wp:attachment":[{"href":"https:\/\/eldigitaldeasturias.com\/magazine365\/wp-json\/wp\/v2\/media?parent=58457"}],"wp:term":[{"taxonomy":"category","embeddable":true,"href":"https:\/\/eldigitaldeasturias.com\/magazine365\/wp-json\/wp\/v2\/categories?post=58457"},{"taxonomy":"post_tag","embeddable":true,"href":"https:\/\/eldigitaldeasturias.com\/magazine365\/wp-json\/wp\/v2\/tags?post=58457"}],"curies":[{"name":"wp","href":"https:\/\/api.w.org\/{rel}","templated":true}]}}