{"id":58454,"date":"2015-12-15T13:36:18","date_gmt":"2015-12-15T12:36:18","guid":{"rendered":"http:\/\/eldigitaldeasturias.com\/magazine365\/?p=58454"},"modified":"2015-12-15T13:36:18","modified_gmt":"2015-12-15T12:36:18","slug":"dos-lanzaderas-enlazan-bierzo-y-laciana-con-la-alta-velocidad-en-leon-hacia-madrid","status":"publish","type":"post","link":"https:\/\/eldigitaldeasturias.com\/magazine365\/dos-lanzaderas-enlazan-bierzo-y-laciana-con-la-alta-velocidad-en-leon-hacia-madrid\/","title":{"rendered":"Dos lanzaderas enlazan Bierzo y Laciana con la Alta Velocidad en Le\u00f3n hacia Madrid"},"content":{"rendered":"<p><img fetchpriority=\"high\" decoding=\"async\" class=\"alignleft size-medium wp-image-58455\" src=\"https:\/\/eldigitaldeasturias.com\/magazine365\/wp-content\/uploads\/2015\/12\/fotonoticia_20151214194905_800-360x240.jpg\" alt=\"fotonoticia_20151214194905_800\" width=\"360\" height=\"240\" srcset=\"https:\/\/eldigitaldeasturias.com\/magazine365\/wp-content\/uploads\/2015\/12\/fotonoticia_20151214194905_800-360x240.jpg 360w, https:\/\/eldigitaldeasturias.com\/magazine365\/wp-content\/uploads\/2015\/12\/fotonoticia_20151214194905_800-650x433.jpg 650w, https:\/\/eldigitaldeasturias.com\/magazine365\/wp-content\/uploads\/2015\/12\/fotonoticia_20151214194905_800-768x512.jpg 768w, https:\/\/eldigitaldeasturias.com\/magazine365\/wp-content\/uploads\/2015\/12\/fotonoticia_20151214194905_800-150x100.jpg 150w, https:\/\/eldigitaldeasturias.com\/magazine365\/wp-content\/uploads\/2015\/12\/fotonoticia_20151214194905_800-450x300.jpg 450w, https:\/\/eldigitaldeasturias.com\/magazine365\/wp-content\/uploads\/2015\/12\/fotonoticia_20151214194905_800-696x464.jpg 696w, https:\/\/eldigitaldeasturias.com\/magazine365\/wp-content\/uploads\/2015\/12\/fotonoticia_20151214194905_800-630x420.jpg 630w, https:\/\/eldigitaldeasturias.com\/magazine365\/wp-content\/uploads\/2015\/12\/fotonoticia_20151214194905_800-84x55.jpg 84w, https:\/\/eldigitaldeasturias.com\/magazine365\/wp-content\/uploads\/2015\/12\/fotonoticia_20151214194905_800.jpg 800w\" sizes=\"(max-width: 360px) 100vw, 360px\" \/>La Consejer\u00eda de Fomento y Medio Ambiente, Renfe y Alsa han puesto en marcha dos lanzaderas que enlazan las comarcas leonesas del Bierzo y Laciana con la Alta Velocidad en Le\u00f3n hacia Madrid.<\/p>\n<p>Los horarios establecidos para los autobuses lanzadera son de lunes a viernes a las 10.50 y a las 15.45 horas con salida desde Ponferrada para conectar con las l\u00edneas de Alta Velocidad que salen de Le\u00f3n a las 12.30 y a las 17.25 horas respectivamente, y su regreso con salida a las 22.40 horas de Le\u00f3n y llegada a las 00.00 horas a Ponferrada.<\/p>\n<p>Seg\u00fan ha informado el Ejecutivo auton\u00f3mico a trav\u00e9s de un comunicado remitido a Europa Press, con estas lanzaderas intermodales de autob\u00fas y tren Alta Velocidad se reduce el trayecto Ponferrada-Madrid a tres horas y media, lo que da la posibilidad de viajar de Ponferrada a Madrid en el d\u00eda en viaje de ida y vuelta, y de disponer de siete horas en la capital para realizar las gestiones oportunas.<\/p>\n<p>Esta conexi\u00f3n puesta en marcha este lunes ya se encuentra a la venta a trav\u00e9s de un billete \u00fanico de transporte y enlace garantizado, ya que el origen y destino de estas lanzaderas son las estaciones de Adif de Ponferrada y Le\u00f3n. Para comprar un billete se puede realizar a trav\u00e9s de la p\u00e1gina web de Renfe.<\/p>\n","protected":false},"excerpt":{"rendered":"<p>La Consejer\u00eda de Fomento y Medio Ambiente, Renfe y Alsa han puesto en marcha dos lanzaderas que enlazan las comarcas leonesas del Bierzo y Laciana con la Alta Velocidad en Le\u00f3n hacia Madrid. Los horarios establecidos para los autobuses lanzadera son de lunes a viernes a las 10.50 y a las 15.45 horas con salida<\/p>\n","protected":false},"author":1,"featured_media":58455,"comment_status":"open","ping_status":"closed","sticky":false,"template":"","format":"standard","meta":{"footnotes":""},"categories":[224],"tags":[],"class_list":{"0":"post-58454","1":"post","2":"type-post","3":"status-publish","4":"format-standard","5":"has-post-thumbnail","7":"category-noticias-actualidad"},"aioseo_notices":[],"aioseo_head":"\n\t\t<!-- All in One SEO Pro 4.9.6.1 - aioseo.com -->\n\t<meta name=\"description\" content=\"La Consejer\u00eda de Fomento y Medio Ambiente, Renfe y Alsa han puesto en marcha dos lanzaderas que enlazan las comarcas leonesas del Bierzo y Laciana con la Alta Velocidad en Le\u00f3n hacia Madrid. Los horarios establecidos para los autobuses lanzadera son de lunes a viernes a las 10.50 y a las 15.45 horas con salida\" \/>\n\t<meta name=\"robots\" content=\"max-image-preview:large\" \/>\n\t<meta name=\"author\" content=\"admin\"\/>\n\t<meta name=\"google-site-verification\" content=\"UA-38556648-1\" \/>\n\t<meta name=\"keywords\" content=\"noticias y actualidad\" \/>\n\t<link rel=\"canonical\" href=\"https:\/\/eldigitaldeasturias.com\/magazine365\/dos-lanzaderas-enlazan-bierzo-y-laciana-con-la-alta-velocidad-en-leon-hacia-madrid\/\" \/>\n\t<meta name=\"generator\" content=\"All in One SEO Pro (AIOSEO) 4.9.6.1\" \/>\n\t\t<meta property=\"og:locale\" content=\"es_ES\" \/>\n\t\t<meta property=\"og:site_name\" content=\"El Digital de Asturias \u2013 Revista de ocio, turismo y estilo de vida\" \/>\n\t\t<meta property=\"og:type\" content=\"article\" \/>\n\t\t<meta property=\"og:title\" content=\"Dos lanzaderas enlazan Bierzo y Laciana con la Alta Velocidad en Le\u00f3n hacia Madrid | El Digital de Asturias\" \/>\n\t\t<meta property=\"og:description\" content=\"La Consejer\u00eda de Fomento y Medio Ambiente, Renfe y Alsa han puesto en marcha dos lanzaderas que enlazan las comarcas leonesas del Bierzo y Laciana con la Alta Velocidad en Le\u00f3n hacia Madrid. Los horarios establecidos para los autobuses lanzadera son de lunes a viernes a las 10.50 y a las 15.45 horas con salida\" \/>\n\t\t<meta property=\"og:url\" content=\"https:\/\/eldigitaldeasturias.com\/magazine365\/dos-lanzaderas-enlazan-bierzo-y-laciana-con-la-alta-velocidad-en-leon-hacia-madrid\/\" \/>\n\t\t<meta property=\"og:image\" content=\"https:\/\/eldigitaldeasturias.com\/magazine365\/wp-content\/uploads\/2015\/12\/fotonoticia_20151214194905_800.jpg\" \/>\n\t\t<meta property=\"og:image:secure_url\" content=\"https:\/\/eldigitaldeasturias.com\/magazine365\/wp-content\/uploads\/2015\/12\/fotonoticia_20151214194905_800.jpg\" \/>\n\t\t<meta property=\"og:image:width\" content=\"800\" \/>\n\t\t<meta property=\"og:image:height\" content=\"533\" \/>\n\t\t<meta property=\"article:published_time\" content=\"2015-12-15T12:36:18+00:00\" \/>\n\t\t<meta property=\"article:modified_time\" content=\"2015-12-15T12:36:18+00:00\" \/>\n\t\t<meta name=\"twitter:card\" content=\"summary_large_image\" \/>\n\t\t<meta name=\"twitter:title\" content=\"Dos lanzaderas enlazan Bierzo y Laciana con la Alta Velocidad en Le\u00f3n hacia Madrid | El Digital de Asturias\" \/>\n\t\t<meta name=\"twitter:description\" content=\"La Consejer\u00eda de Fomento y Medio Ambiente, Renfe y Alsa han puesto en marcha dos lanzaderas que enlazan las comarcas leonesas del Bierzo y Laciana con la Alta Velocidad en Le\u00f3n hacia Madrid. Los horarios establecidos para los autobuses lanzadera son de lunes a viernes a las 10.50 y a las 15.45 horas con salida\" \/>\n\t\t<meta name=\"twitter:image\" content=\"https:\/\/eldigitaldeasturias.com\/magazine365\/wp-content\/uploads\/2015\/12\/fotonoticia_20151214194905_800.jpg\" \/>\n\t\t<script type=\"application\/ld+json\" class=\"aioseo-schema\">\n\t\t\t{\"@context\":\"https:\\\/\\\/schema.org\",\"@graph\":[{\"@type\":\"Article\",\"@id\":\"https:\\\/\\\/eldigitaldeasturias.com\\\/magazine365\\\/dos-lanzaderas-enlazan-bierzo-y-laciana-con-la-alta-velocidad-en-leon-hacia-madrid\\\/#article\",\"name\":\"Dos lanzaderas enlazan Bierzo y Laciana con la Alta Velocidad en Le\\u00f3n hacia Madrid | El Digital de Asturias\",\"headline\":\"Dos lanzaderas enlazan Bierzo y Laciana con la Alta Velocidad en Le\\u00f3n hacia Madrid\",\"author\":{\"@id\":\"https:\\\/\\\/eldigitaldeasturias.com\\\/magazine365\\\/author\\\/admin\\\/#author\"},\"publisher\":{\"@id\":\"https:\\\/\\\/eldigitaldeasturias.com\\\/magazine365\\\/#organization\"},\"image\":{\"@type\":\"ImageObject\",\"url\":\"https:\\\/\\\/eldigitaldeasturias.com\\\/magazine365\\\/wp-content\\\/uploads\\\/2015\\\/12\\\/fotonoticia_20151214194905_800.jpg\",\"width\":800,\"height\":533},\"datePublished\":\"2015-12-15T13:36:18+01:00\",\"dateModified\":\"2015-12-15T13:36:18+01:00\",\"inLanguage\":\"es-ES\",\"mainEntityOfPage\":{\"@id\":\"https:\\\/\\\/eldigitaldeasturias.com\\\/magazine365\\\/dos-lanzaderas-enlazan-bierzo-y-laciana-con-la-alta-velocidad-en-leon-hacia-madrid\\\/#webpage\"},\"isPartOf\":{\"@id\":\"https:\\\/\\\/eldigitaldeasturias.com\\\/magazine365\\\/dos-lanzaderas-enlazan-bierzo-y-laciana-con-la-alta-velocidad-en-leon-hacia-madrid\\\/#webpage\"},\"articleSection\":\"Noticias y Actualidad\"},{\"@type\":\"BreadcrumbList\",\"@id\":\"https:\\\/\\\/eldigitaldeasturias.com\\\/magazine365\\\/dos-lanzaderas-enlazan-bierzo-y-laciana-con-la-alta-velocidad-en-leon-hacia-madrid\\\/#breadcrumblist\",\"itemListElement\":[{\"@type\":\"ListItem\",\"@id\":\"https:\\\/\\\/eldigitaldeasturias.com\\\/magazine365#listItem\",\"position\":1,\"name\":\"Home\",\"item\":\"https:\\\/\\\/eldigitaldeasturias.com\\\/magazine365\",\"nextItem\":{\"@type\":\"ListItem\",\"@id\":\"https:\\\/\\\/eldigitaldeasturias.com\\\/magazine365\\\/category\\\/noticias-actualidad\\\/#listItem\",\"name\":\"Noticias y Actualidad\"}},{\"@type\":\"ListItem\",\"@id\":\"https:\\\/\\\/eldigitaldeasturias.com\\\/magazine365\\\/category\\\/noticias-actualidad\\\/#listItem\",\"position\":2,\"name\":\"Noticias y Actualidad\",\"item\":\"https:\\\/\\\/eldigitaldeasturias.com\\\/magazine365\\\/category\\\/noticias-actualidad\\\/\",\"nextItem\":{\"@type\":\"ListItem\",\"@id\":\"https:\\\/\\\/eldigitaldeasturias.com\\\/magazine365\\\/dos-lanzaderas-enlazan-bierzo-y-laciana-con-la-alta-velocidad-en-leon-hacia-madrid\\\/#listItem\",\"name\":\"Dos lanzaderas enlazan Bierzo y Laciana con la Alta Velocidad en Le\\u00f3n hacia Madrid\"},\"previousItem\":{\"@type\":\"ListItem\",\"@id\":\"https:\\\/\\\/eldigitaldeasturias.com\\\/magazine365#listItem\",\"name\":\"Home\"}},{\"@type\":\"ListItem\",\"@id\":\"https:\\\/\\\/eldigitaldeasturias.com\\\/magazine365\\\/dos-lanzaderas-enlazan-bierzo-y-laciana-con-la-alta-velocidad-en-leon-hacia-madrid\\\/#listItem\",\"position\":3,\"name\":\"Dos lanzaderas enlazan Bierzo y Laciana con la Alta Velocidad en Le\\u00f3n hacia Madrid\",\"previousItem\":{\"@type\":\"ListItem\",\"@id\":\"https:\\\/\\\/eldigitaldeasturias.com\\\/magazine365\\\/category\\\/noticias-actualidad\\\/#listItem\",\"name\":\"Noticias y Actualidad\"}}]},{\"@type\":\"Organization\",\"@id\":\"https:\\\/\\\/eldigitaldeasturias.com\\\/magazine365\\\/#organization\",\"name\":\"El digital de Asturias\",\"description\":\"Revista de ocio, turismo y estilo de vida\",\"url\":\"https:\\\/\\\/eldigitaldeasturias.com\\\/magazine365\\\/\",\"logo\":{\"@type\":\"ImageObject\",\"url\":\"https:\\\/\\\/www.eldigitaldeasturias.com\\\/noticias\\\/wp-content\\\/uploads\\\/2020\\\/12\\\/EDA.jpg\",\"@id\":\"https:\\\/\\\/eldigitaldeasturias.com\\\/magazine365\\\/dos-lanzaderas-enlazan-bierzo-y-laciana-con-la-alta-velocidad-en-leon-hacia-madrid\\\/#organizationLogo\"},\"image\":{\"@id\":\"https:\\\/\\\/eldigitaldeasturias.com\\\/magazine365\\\/dos-lanzaderas-enlazan-bierzo-y-laciana-con-la-alta-velocidad-en-leon-hacia-madrid\\\/#organizationLogo\"}},{\"@type\":\"Person\",\"@id\":\"https:\\\/\\\/eldigitaldeasturias.com\\\/magazine365\\\/author\\\/admin\\\/#author\",\"url\":\"https:\\\/\\\/eldigitaldeasturias.com\\\/magazine365\\\/author\\\/admin\\\/\",\"name\":\"admin\",\"image\":{\"@type\":\"ImageObject\",\"@id\":\"https:\\\/\\\/eldigitaldeasturias.com\\\/magazine365\\\/dos-lanzaderas-enlazan-bierzo-y-laciana-con-la-alta-velocidad-en-leon-hacia-madrid\\\/#authorImage\",\"url\":\"https:\\\/\\\/eldigitaldeasturias.com\\\/magazine365\\\/wp-content\\\/litespeed\\\/avatar\\\/e571bcf59a0edd6fa6838245a470f2fe.jpg?ver=1777574230\",\"width\":96,\"height\":96,\"caption\":\"admin\"}},{\"@type\":\"WebPage\",\"@id\":\"https:\\\/\\\/eldigitaldeasturias.com\\\/magazine365\\\/dos-lanzaderas-enlazan-bierzo-y-laciana-con-la-alta-velocidad-en-leon-hacia-madrid\\\/#webpage\",\"url\":\"https:\\\/\\\/eldigitaldeasturias.com\\\/magazine365\\\/dos-lanzaderas-enlazan-bierzo-y-laciana-con-la-alta-velocidad-en-leon-hacia-madrid\\\/\",\"name\":\"Dos lanzaderas enlazan Bierzo y Laciana con la Alta Velocidad en Le\\u00f3n hacia Madrid | El Digital de Asturias\",\"description\":\"La Consejer\\u00eda de Fomento y Medio Ambiente, Renfe y Alsa han puesto en marcha dos lanzaderas que enlazan las comarcas leonesas del Bierzo y Laciana con la Alta Velocidad en Le\\u00f3n hacia Madrid. Los horarios establecidos para los autobuses lanzadera son de lunes a viernes a las 10.50 y a las 15.45 horas con salida\",\"inLanguage\":\"es-ES\",\"isPartOf\":{\"@id\":\"https:\\\/\\\/eldigitaldeasturias.com\\\/magazine365\\\/#website\"},\"breadcrumb\":{\"@id\":\"https:\\\/\\\/eldigitaldeasturias.com\\\/magazine365\\\/dos-lanzaderas-enlazan-bierzo-y-laciana-con-la-alta-velocidad-en-leon-hacia-madrid\\\/#breadcrumblist\"},\"author\":{\"@id\":\"https:\\\/\\\/eldigitaldeasturias.com\\\/magazine365\\\/author\\\/admin\\\/#author\"},\"creator\":{\"@id\":\"https:\\\/\\\/eldigitaldeasturias.com\\\/magazine365\\\/author\\\/admin\\\/#author\"},\"image\":{\"@type\":\"ImageObject\",\"url\":\"https:\\\/\\\/eldigitaldeasturias.com\\\/magazine365\\\/wp-content\\\/uploads\\\/2015\\\/12\\\/fotonoticia_20151214194905_800.jpg\",\"@id\":\"https:\\\/\\\/eldigitaldeasturias.com\\\/magazine365\\\/dos-lanzaderas-enlazan-bierzo-y-laciana-con-la-alta-velocidad-en-leon-hacia-madrid\\\/#mainImage\",\"width\":800,\"height\":533},\"primaryImageOfPage\":{\"@id\":\"https:\\\/\\\/eldigitaldeasturias.com\\\/magazine365\\\/dos-lanzaderas-enlazan-bierzo-y-laciana-con-la-alta-velocidad-en-leon-hacia-madrid\\\/#mainImage\"},\"datePublished\":\"2015-12-15T13:36:18+01:00\",\"dateModified\":\"2015-12-15T13:36:18+01:00\"},{\"@type\":\"WebSite\",\"@id\":\"https:\\\/\\\/eldigitaldeasturias.com\\\/magazine365\\\/#website\",\"url\":\"https:\\\/\\\/eldigitaldeasturias.com\\\/magazine365\\\/\",\"name\":\"El Digital de Asturias\",\"description\":\"Revista de ocio, turismo y estilo de vida\",\"inLanguage\":\"es-ES\",\"publisher\":{\"@id\":\"https:\\\/\\\/eldigitaldeasturias.com\\\/magazine365\\\/#organization\"}}]}\n\t\t<\/script>\n\t\t<!-- All in One SEO Pro -->\r\n\t\t<title>Dos lanzaderas enlazan Bierzo y Laciana con la Alta Velocidad en Le\u00f3n hacia Madrid | El Digital de Asturias<\/title>\n\n","aioseo_head_json":{"title":"Dos lanzaderas enlazan Bierzo y Laciana con la Alta Velocidad en Le\u00f3n hacia Madrid | El Digital de Asturias","description":"La Consejer\u00eda de Fomento y Medio Ambiente, Renfe y Alsa han puesto en marcha dos lanzaderas que enlazan las comarcas leonesas del Bierzo y Laciana con la Alta Velocidad en Le\u00f3n hacia Madrid. Los horarios establecidos para los autobuses lanzadera son de lunes a viernes a las 10.50 y a las 15.45 horas con salida","canonical_url":"https:\/\/eldigitaldeasturias.com\/magazine365\/dos-lanzaderas-enlazan-bierzo-y-laciana-con-la-alta-velocidad-en-leon-hacia-madrid\/","robots":"max-image-preview:large","keywords":"noticias y actualidad","webmasterTools":{"google-site-verification":"UA-38556648-1","miscellaneous":""},"schema":{"@context":"https:\/\/schema.org","@graph":[{"@type":"Article","@id":"https:\/\/eldigitaldeasturias.com\/magazine365\/dos-lanzaderas-enlazan-bierzo-y-laciana-con-la-alta-velocidad-en-leon-hacia-madrid\/#article","name":"Dos lanzaderas enlazan Bierzo y Laciana con la Alta Velocidad en Le\u00f3n hacia Madrid | El Digital de Asturias","headline":"Dos lanzaderas enlazan Bierzo y Laciana con la Alta Velocidad en Le\u00f3n hacia Madrid","author":{"@id":"https:\/\/eldigitaldeasturias.com\/magazine365\/author\/admin\/#author"},"publisher":{"@id":"https:\/\/eldigitaldeasturias.com\/magazine365\/#organization"},"image":{"@type":"ImageObject","url":"https:\/\/eldigitaldeasturias.com\/magazine365\/wp-content\/uploads\/2015\/12\/fotonoticia_20151214194905_800.jpg","width":800,"height":533},"datePublished":"2015-12-15T13:36:18+01:00","dateModified":"2015-12-15T13:36:18+01:00","inLanguage":"es-ES","mainEntityOfPage":{"@id":"https:\/\/eldigitaldeasturias.com\/magazine365\/dos-lanzaderas-enlazan-bierzo-y-laciana-con-la-alta-velocidad-en-leon-hacia-madrid\/#webpage"},"isPartOf":{"@id":"https:\/\/eldigitaldeasturias.com\/magazine365\/dos-lanzaderas-enlazan-bierzo-y-laciana-con-la-alta-velocidad-en-leon-hacia-madrid\/#webpage"},"articleSection":"Noticias y Actualidad"},{"@type":"BreadcrumbList","@id":"https:\/\/eldigitaldeasturias.com\/magazine365\/dos-lanzaderas-enlazan-bierzo-y-laciana-con-la-alta-velocidad-en-leon-hacia-madrid\/#breadcrumblist","itemListElement":[{"@type":"ListItem","@id":"https:\/\/eldigitaldeasturias.com\/magazine365#listItem","position":1,"name":"Home","item":"https:\/\/eldigitaldeasturias.com\/magazine365","nextItem":{"@type":"ListItem","@id":"https:\/\/eldigitaldeasturias.com\/magazine365\/category\/noticias-actualidad\/#listItem","name":"Noticias y Actualidad"}},{"@type":"ListItem","@id":"https:\/\/eldigitaldeasturias.com\/magazine365\/category\/noticias-actualidad\/#listItem","position":2,"name":"Noticias y Actualidad","item":"https:\/\/eldigitaldeasturias.com\/magazine365\/category\/noticias-actualidad\/","nextItem":{"@type":"ListItem","@id":"https:\/\/eldigitaldeasturias.com\/magazine365\/dos-lanzaderas-enlazan-bierzo-y-laciana-con-la-alta-velocidad-en-leon-hacia-madrid\/#listItem","name":"Dos lanzaderas enlazan Bierzo y Laciana con la Alta Velocidad en Le\u00f3n hacia Madrid"},"previousItem":{"@type":"ListItem","@id":"https:\/\/eldigitaldeasturias.com\/magazine365#listItem","name":"Home"}},{"@type":"ListItem","@id":"https:\/\/eldigitaldeasturias.com\/magazine365\/dos-lanzaderas-enlazan-bierzo-y-laciana-con-la-alta-velocidad-en-leon-hacia-madrid\/#listItem","position":3,"name":"Dos lanzaderas enlazan Bierzo y Laciana con la Alta Velocidad en Le\u00f3n hacia Madrid","previousItem":{"@type":"ListItem","@id":"https:\/\/eldigitaldeasturias.com\/magazine365\/category\/noticias-actualidad\/#listItem","name":"Noticias y Actualidad"}}]},{"@type":"Organization","@id":"https:\/\/eldigitaldeasturias.com\/magazine365\/#organization","name":"El digital de Asturias","description":"Revista de ocio, turismo y estilo de vida","url":"https:\/\/eldigitaldeasturias.com\/magazine365\/","logo":{"@type":"ImageObject","url":"https:\/\/www.eldigitaldeasturias.com\/noticias\/wp-content\/uploads\/2020\/12\/EDA.jpg","@id":"https:\/\/eldigitaldeasturias.com\/magazine365\/dos-lanzaderas-enlazan-bierzo-y-laciana-con-la-alta-velocidad-en-leon-hacia-madrid\/#organizationLogo"},"image":{"@id":"https:\/\/eldigitaldeasturias.com\/magazine365\/dos-lanzaderas-enlazan-bierzo-y-laciana-con-la-alta-velocidad-en-leon-hacia-madrid\/#organizationLogo"}},{"@type":"Person","@id":"https:\/\/eldigitaldeasturias.com\/magazine365\/author\/admin\/#author","url":"https:\/\/eldigitaldeasturias.com\/magazine365\/author\/admin\/","name":"admin","image":{"@type":"ImageObject","@id":"https:\/\/eldigitaldeasturias.com\/magazine365\/dos-lanzaderas-enlazan-bierzo-y-laciana-con-la-alta-velocidad-en-leon-hacia-madrid\/#authorImage","url":"https:\/\/eldigitaldeasturias.com\/magazine365\/wp-content\/litespeed\/avatar\/e571bcf59a0edd6fa6838245a470f2fe.jpg?ver=1777574230","width":96,"height":96,"caption":"admin"}},{"@type":"WebPage","@id":"https:\/\/eldigitaldeasturias.com\/magazine365\/dos-lanzaderas-enlazan-bierzo-y-laciana-con-la-alta-velocidad-en-leon-hacia-madrid\/#webpage","url":"https:\/\/eldigitaldeasturias.com\/magazine365\/dos-lanzaderas-enlazan-bierzo-y-laciana-con-la-alta-velocidad-en-leon-hacia-madrid\/","name":"Dos lanzaderas enlazan Bierzo y Laciana con la Alta Velocidad en Le\u00f3n hacia Madrid | El Digital de Asturias","description":"La Consejer\u00eda de Fomento y Medio Ambiente, Renfe y Alsa han puesto en marcha dos lanzaderas que enlazan las comarcas leonesas del Bierzo y Laciana con la Alta Velocidad en Le\u00f3n hacia Madrid. Los horarios establecidos para los autobuses lanzadera son de lunes a viernes a las 10.50 y a las 15.45 horas con salida","inLanguage":"es-ES","isPartOf":{"@id":"https:\/\/eldigitaldeasturias.com\/magazine365\/#website"},"breadcrumb":{"@id":"https:\/\/eldigitaldeasturias.com\/magazine365\/dos-lanzaderas-enlazan-bierzo-y-laciana-con-la-alta-velocidad-en-leon-hacia-madrid\/#breadcrumblist"},"author":{"@id":"https:\/\/eldigitaldeasturias.com\/magazine365\/author\/admin\/#author"},"creator":{"@id":"https:\/\/eldigitaldeasturias.com\/magazine365\/author\/admin\/#author"},"image":{"@type":"ImageObject","url":"https:\/\/eldigitaldeasturias.com\/magazine365\/wp-content\/uploads\/2015\/12\/fotonoticia_20151214194905_800.jpg","@id":"https:\/\/eldigitaldeasturias.com\/magazine365\/dos-lanzaderas-enlazan-bierzo-y-laciana-con-la-alta-velocidad-en-leon-hacia-madrid\/#mainImage","width":800,"height":533},"primaryImageOfPage":{"@id":"https:\/\/eldigitaldeasturias.com\/magazine365\/dos-lanzaderas-enlazan-bierzo-y-laciana-con-la-alta-velocidad-en-leon-hacia-madrid\/#mainImage"},"datePublished":"2015-12-15T13:36:18+01:00","dateModified":"2015-12-15T13:36:18+01:00"},{"@type":"WebSite","@id":"https:\/\/eldigitaldeasturias.com\/magazine365\/#website","url":"https:\/\/eldigitaldeasturias.com\/magazine365\/","name":"El Digital de Asturias","description":"Revista de ocio, turismo y estilo de vida","inLanguage":"es-ES","publisher":{"@id":"https:\/\/eldigitaldeasturias.com\/magazine365\/#organization"}}]},"og:locale":"es_ES","og:site_name":"El Digital de Asturias \u2013 Revista de ocio, turismo y estilo de vida","og:type":"article","og:title":"Dos lanzaderas enlazan Bierzo y Laciana con la Alta Velocidad en Le\u00f3n hacia Madrid | El Digital de Asturias","og:description":"La Consejer\u00eda de Fomento y Medio Ambiente, Renfe y Alsa han puesto en marcha dos lanzaderas que enlazan las comarcas leonesas del Bierzo y Laciana con la Alta Velocidad en Le\u00f3n hacia Madrid. Los horarios establecidos para los autobuses lanzadera son de lunes a viernes a las 10.50 y a las 15.45 horas con salida","og:url":"https:\/\/eldigitaldeasturias.com\/magazine365\/dos-lanzaderas-enlazan-bierzo-y-laciana-con-la-alta-velocidad-en-leon-hacia-madrid\/","og:image":"https:\/\/eldigitaldeasturias.com\/magazine365\/wp-content\/uploads\/2015\/12\/fotonoticia_20151214194905_800.jpg","og:image:secure_url":"https:\/\/eldigitaldeasturias.com\/magazine365\/wp-content\/uploads\/2015\/12\/fotonoticia_20151214194905_800.jpg","og:image:width":800,"og:image:height":533,"article:published_time":"2015-12-15T12:36:18+00:00","article:modified_time":"2015-12-15T12:36:18+00:00","twitter:card":"summary_large_image","twitter:title":"Dos lanzaderas enlazan Bierzo y Laciana con la Alta Velocidad en Le\u00f3n hacia Madrid | El Digital de Asturias","twitter:description":"La Consejer\u00eda de Fomento y Medio Ambiente, Renfe y Alsa han puesto en marcha dos lanzaderas que enlazan las comarcas leonesas del Bierzo y Laciana con la Alta Velocidad en Le\u00f3n hacia Madrid. Los horarios establecidos para los autobuses lanzadera son de lunes a viernes a las 10.50 y a las 15.45 horas con salida","twitter:image":"https:\/\/eldigitaldeasturias.com\/magazine365\/wp-content\/uploads\/2015\/12\/fotonoticia_20151214194905_800.jpg"},"aioseo_meta_data":{"post_id":"58454","title":null,"description":null,"keywords":null,"keyphrases":null,"primary_term":null,"canonical_url":null,"og_title":null,"og_description":null,"og_object_type":"default","og_image_type":"default","og_image_url":null,"og_image_width":null,"og_image_height":null,"og_image_custom_url":null,"og_image_custom_fields":null,"og_video":null,"og_custom_url":null,"og_article_section":null,"og_article_tags":null,"twitter_use_og":false,"twitter_card":"default","twitter_image_type":"default","twitter_image_url":null,"twitter_image_custom_url":null,"twitter_image_custom_fields":null,"twitter_title":null,"twitter_description":null,"schema":{"blockGraphs":[],"customGraphs":[],"default":{"data":{"Article":[],"Course":[],"Dataset":[],"FAQPage":[],"Movie":[],"Person":[],"Product":[],"ProductReview":[],"Car":[],"Recipe":[],"Service":[],"SoftwareApplication":[],"WebPage":[]},"graphName":"","isEnabled":true},"graphs":[],"defaultGraph":"","defaultPostTypeGraph":""},"schema_type":null,"schema_type_options":null,"pillar_content":false,"robots_default":true,"robots_noindex":false,"robots_noarchive":false,"robots_nosnippet":false,"robots_nofollow":false,"robots_noimageindex":false,"robots_noodp":false,"robots_notranslate":false,"robots_max_snippet":null,"robots_max_videopreview":null,"robots_max_imagepreview":"large","priority":null,"frequency":null,"location":null,"local_seo":null,"seo_analyzer_scan_date":"2025-09-25 03:03:02","breadcrumb_settings":null,"limit_modified_date":false,"open_ai":null,"ai":null,"created":"2021-03-08 22:29:55","updated":"2025-09-25 03:03:02"},"aioseo_breadcrumb":"<div class=\"aioseo-breadcrumbs\"><span class=\"aioseo-breadcrumb\">\n\t<a href=\"https:\/\/eldigitaldeasturias.com\/magazine365\" title=\"Home\">Home<\/a>\n<\/span><span class=\"aioseo-breadcrumb-separator\">\u2013<\/span><span class=\"aioseo-breadcrumb\">\n\t<a href=\"https:\/\/eldigitaldeasturias.com\/magazine365\/category\/noticias-actualidad\/\" title=\"Noticias y Actualidad\">Noticias y Actualidad<\/a>\n<\/span><span class=\"aioseo-breadcrumb-separator\">\u2013<\/span><span class=\"aioseo-breadcrumb\">\n\t<a href=\"https:\/\/eldigitaldeasturias.com\/magazine365\/dos-lanzaderas-enlazan-bierzo-y-laciana-con-la-alta-velocidad-en-leon-hacia-madrid\/\" title=\"Dos lanzaderas enlazan Bierzo y Laciana con la Alta Velocidad en Le\u00f3n hacia Madrid\">Dos lanzaderas enlazan Bierzo y Laciana con la Alta Velocidad en Le\u00f3n hacia Madrid<\/a>\n<\/span><\/div>","aioseo_breadcrumb_json":[{"label":"Home","link":"https:\/\/eldigitaldeasturias.com\/magazine365"},{"label":"Noticias y Actualidad","link":"https:\/\/eldigitaldeasturias.com\/magazine365\/category\/noticias-actualidad\/"},{"label":"Dos lanzaderas enlazan Bierzo y Laciana con la Alta Velocidad en Le\u00f3n hacia Madrid","link":"https:\/\/eldigitaldeasturias.com\/magazine365\/dos-lanzaderas-enlazan-bierzo-y-laciana-con-la-alta-velocidad-en-leon-hacia-madrid\/"}],"_links":{"self":[{"href":"https:\/\/eldigitaldeasturias.com\/magazine365\/wp-json\/wp\/v2\/posts\/58454","targetHints":{"allow":["GET"]}}],"collection":[{"href":"https:\/\/eldigitaldeasturias.com\/magazine365\/wp-json\/wp\/v2\/posts"}],"about":[{"href":"https:\/\/eldigitaldeasturias.com\/magazine365\/wp-json\/wp\/v2\/types\/post"}],"author":[{"embeddable":true,"href":"https:\/\/eldigitaldeasturias.com\/magazine365\/wp-json\/wp\/v2\/users\/1"}],"replies":[{"embeddable":true,"href":"https:\/\/eldigitaldeasturias.com\/magazine365\/wp-json\/wp\/v2\/comments?post=58454"}],"version-history":[{"count":0,"href":"https:\/\/eldigitaldeasturias.com\/magazine365\/wp-json\/wp\/v2\/posts\/58454\/revisions"}],"wp:featuredmedia":[{"embeddable":true,"href":"https:\/\/eldigitaldeasturias.com\/magazine365\/wp-json\/wp\/v2\/media\/58455"}],"wp:attachment":[{"href":"https:\/\/eldigitaldeasturias.com\/magazine365\/wp-json\/wp\/v2\/media?parent=58454"}],"wp:term":[{"taxonomy":"category","embeddable":true,"href":"https:\/\/eldigitaldeasturias.com\/magazine365\/wp-json\/wp\/v2\/categories?post=58454"},{"taxonomy":"post_tag","embeddable":true,"href":"https:\/\/eldigitaldeasturias.com\/magazine365\/wp-json\/wp\/v2\/tags?post=58454"}],"curies":[{"name":"wp","href":"https:\/\/api.w.org\/{rel}","templated":true}]}}