{"id":58451,"date":"2015-12-15T13:34:26","date_gmt":"2015-12-15T12:34:26","guid":{"rendered":"http:\/\/eldigitaldeasturias.com\/magazine365\/?p=58451"},"modified":"2015-12-15T13:34:26","modified_gmt":"2015-12-15T12:34:26","slug":"la-semana-santa-de-jerez-de-los-caballeros-recibe-el-reconocimiento-de-interes-turistico-nacional","status":"publish","type":"post","link":"https:\/\/eldigitaldeasturias.com\/magazine365\/la-semana-santa-de-jerez-de-los-caballeros-recibe-el-reconocimiento-de-interes-turistico-nacional\/","title":{"rendered":"La Semana Santa de Jerez de los Caballeros recibe el reconocimiento de Inter\u00e9s Tur\u00edstico Nacional"},"content":{"rendered":"<p><img fetchpriority=\"high\" decoding=\"async\" class=\"alignleft size-medium wp-image-58452\" src=\"https:\/\/eldigitaldeasturias.com\/magazine365\/wp-content\/uploads\/2015\/12\/fotonoticia_20151214194446_800-360x270.jpg\" alt=\"fotonoticia_20151214194446_800\" width=\"360\" height=\"270\" srcset=\"https:\/\/eldigitaldeasturias.com\/magazine365\/wp-content\/uploads\/2015\/12\/fotonoticia_20151214194446_800-360x270.jpg 360w, https:\/\/eldigitaldeasturias.com\/magazine365\/wp-content\/uploads\/2015\/12\/fotonoticia_20151214194446_800-650x488.jpg 650w, https:\/\/eldigitaldeasturias.com\/magazine365\/wp-content\/uploads\/2015\/12\/fotonoticia_20151214194446_800-768x576.jpg 768w, https:\/\/eldigitaldeasturias.com\/magazine365\/wp-content\/uploads\/2015\/12\/fotonoticia_20151214194446_800-150x113.jpg 150w, https:\/\/eldigitaldeasturias.com\/magazine365\/wp-content\/uploads\/2015\/12\/fotonoticia_20151214194446_800-450x338.jpg 450w, https:\/\/eldigitaldeasturias.com\/magazine365\/wp-content\/uploads\/2015\/12\/fotonoticia_20151214194446_800-80x60.jpg 80w, https:\/\/eldigitaldeasturias.com\/magazine365\/wp-content\/uploads\/2015\/12\/fotonoticia_20151214194446_800-265x198.jpg 265w, https:\/\/eldigitaldeasturias.com\/magazine365\/wp-content\/uploads\/2015\/12\/fotonoticia_20151214194446_800-696x522.jpg 696w, https:\/\/eldigitaldeasturias.com\/magazine365\/wp-content\/uploads\/2015\/12\/fotonoticia_20151214194446_800-560x420.jpg 560w, https:\/\/eldigitaldeasturias.com\/magazine365\/wp-content\/uploads\/2015\/12\/fotonoticia_20151214194446_800-90x67.jpg 90w, https:\/\/eldigitaldeasturias.com\/magazine365\/wp-content\/uploads\/2015\/12\/fotonoticia_20151214194446_800-100x75.jpg 100w, https:\/\/eldigitaldeasturias.com\/magazine365\/wp-content\/uploads\/2015\/12\/fotonoticia_20151214194446_800.jpg 800w\" sizes=\"(max-width: 360px) 100vw, 360px\" \/>La Semana Santa de Jerez de los Caballeros (Badajoz) ha recibido el reconocimiento de Inter\u00e9s Tur\u00edstico Nacional, seg\u00fan ha informado la alcaldesa de la ciudad, Virginia Borrallo.<\/p>\n<p>De esta forma, la primera edil ha expresado que es una \u00abalegr\u00eda inmensa\u00bb comunicar a todos los vecinos de Jerez de los Caballeros y sus pedan\u00edas que, oficialmente, la Semana Santa ya ha obtenido este reconocimiento.<\/p>\n<p>As\u00ed Borrallo ha destacado la significaci\u00f3n que tendr\u00e1 dicho reconocimiento \u00abcomo impulso para el turismo, el comercio y en general, el futuro de esta localidad\u00bb.<\/p>\n<p>Durante su intervenci\u00f3n, Virginia Borrallo ha tenido palabras de recuerdo y reconocimiento para la anterior alcaldesa de Jerez de los Caballeros, Margarita P\u00e9rez Egea\u00bb.<\/p>\n<p>Tambi\u00e9n ha subrayado que \u00abhan sido muchos a\u00f1os de trabajo, de inversi\u00f3n y de mucha ilusi\u00f3n\u00bb por parte del equipo de gobierno junto con las cofrad\u00edas para que todos los ciudadanos y visitantes puedan disfrutar de la Semana Santa de Jerez de los Caballeros como una fiesta de Inter\u00e9s Tur\u00edstico Nacional, seg\u00fan ha informado este ayuntamiento pacense en nota de prensa.<\/p>\n<p>De igual forma, ha se\u00f1alado que desde el ayuntamiento se seguir\u00e1 \u00abtrabajando incansablemente por situar a Jerez de los Caballeros dentro de los puntos tur\u00edsticos m\u00e1s importantes a nivel regional y nacional\u00bb, a la vez que ha manifestado su agradecimiento a todas las personas que han aportado su trabajo para que dicho reconocimiento sea una realidad.<\/p>\n<p>Por su parte, el presidente de la Junta de Cofrad\u00edas, Francisco Gallardo, se ha mostrado muy contento por esta noticia, y ha afirmado que \u00abes un logro de todos los ciudadanos de Jerez\u00bb, a la vez que ha subrayado \u00abel importante trabajo\u00bb realizado por las cofrad\u00edas, la labor del ayuntamiento y de la corporaci\u00f3n municipal, y el impulso dado al expediente de solicitud de dicha declaraci\u00f3n en el \u00faltimo a\u00f1o.<\/p>\n<p>De esta forma, Gallardo ha sostenido que dicho reconocimiento \u00abva a representar un poco m\u00e1s de riqueza para Jerez\u00bb, y ha reiterado su agradecimiento a todas las personas que le han precedido en su cargo y, en general, a todas las personas que lo han hecho posible.<\/p>\n<p>Finalmente, el presidente de la Junta de Cofrad\u00edas de la Semana Mayor jerezana tambi\u00e9n ha animado a \u00abmimar a\u00fan m\u00e1s la Semana Santa y a cuidar todos los detalles\u00bb.<\/p>\n","protected":false},"excerpt":{"rendered":"<p>La Semana Santa de Jerez de los Caballeros (Badajoz) ha recibido el reconocimiento de Inter\u00e9s Tur\u00edstico Nacional, seg\u00fan ha informado la alcaldesa de la ciudad, Virginia Borrallo. De esta forma, la primera edil ha expresado que es una \u00abalegr\u00eda inmensa\u00bb comunicar a todos los vecinos de Jerez de los Caballeros y sus pedan\u00edas que, oficialmente,<\/p>\n","protected":false},"author":1,"featured_media":58452,"comment_status":"open","ping_status":"closed","sticky":false,"template":"","format":"standard","meta":{"footnotes":""},"categories":[224],"tags":[],"class_list":{"0":"post-58451","1":"post","2":"type-post","3":"status-publish","4":"format-standard","5":"has-post-thumbnail","7":"category-noticias-actualidad"},"aioseo_notices":[],"aioseo_head":"\n\t\t<!-- All in One SEO Pro 4.9.6.1 - aioseo.com -->\n\t<meta name=\"description\" content=\"La Semana Santa de Jerez de los Caballeros (Badajoz) ha recibido el reconocimiento de Inter\u00e9s Tur\u00edstico Nacional, seg\u00fan ha informado la alcaldesa de la ciudad, Virginia Borrallo. De esta forma, la primera edil ha expresado que es una &quot;alegr\u00eda inmensa&quot; comunicar a todos los vecinos de Jerez de los Caballeros y sus pedan\u00edas que, oficialmente,\" \/>\n\t<meta name=\"robots\" content=\"max-image-preview:large\" \/>\n\t<meta name=\"author\" content=\"admin\"\/>\n\t<meta name=\"google-site-verification\" content=\"UA-38556648-1\" \/>\n\t<meta name=\"keywords\" content=\"noticias y actualidad\" \/>\n\t<link rel=\"canonical\" href=\"https:\/\/eldigitaldeasturias.com\/magazine365\/la-semana-santa-de-jerez-de-los-caballeros-recibe-el-reconocimiento-de-interes-turistico-nacional\/\" \/>\n\t<meta name=\"generator\" content=\"All in One SEO Pro (AIOSEO) 4.9.6.1\" \/>\n\t\t<meta property=\"og:locale\" content=\"es_ES\" \/>\n\t\t<meta property=\"og:site_name\" content=\"El Digital de Asturias \u2013 Revista de ocio, turismo y estilo de vida\" \/>\n\t\t<meta property=\"og:type\" content=\"article\" \/>\n\t\t<meta property=\"og:title\" content=\"La Semana Santa de Jerez de los Caballeros recibe el reconocimiento de Inter\u00e9s Tur\u00edstico Nacional | El Digital de Asturias\" \/>\n\t\t<meta property=\"og:description\" content=\"La Semana Santa de Jerez de los Caballeros (Badajoz) ha recibido el reconocimiento de Inter\u00e9s Tur\u00edstico Nacional, seg\u00fan ha informado la alcaldesa de la ciudad, Virginia Borrallo. De esta forma, la primera edil ha expresado que es una &quot;alegr\u00eda inmensa&quot; comunicar a todos los vecinos de Jerez de los Caballeros y sus pedan\u00edas que, oficialmente,\" \/>\n\t\t<meta property=\"og:url\" content=\"https:\/\/eldigitaldeasturias.com\/magazine365\/la-semana-santa-de-jerez-de-los-caballeros-recibe-el-reconocimiento-de-interes-turistico-nacional\/\" \/>\n\t\t<meta property=\"og:image\" content=\"https:\/\/eldigitaldeasturias.com\/magazine365\/wp-content\/uploads\/2015\/12\/fotonoticia_20151214194446_800.jpg\" \/>\n\t\t<meta property=\"og:image:secure_url\" content=\"https:\/\/eldigitaldeasturias.com\/magazine365\/wp-content\/uploads\/2015\/12\/fotonoticia_20151214194446_800.jpg\" \/>\n\t\t<meta property=\"og:image:width\" content=\"800\" \/>\n\t\t<meta property=\"og:image:height\" content=\"600\" \/>\n\t\t<meta property=\"article:published_time\" content=\"2015-12-15T12:34:26+00:00\" \/>\n\t\t<meta property=\"article:modified_time\" content=\"2015-12-15T12:34:26+00:00\" \/>\n\t\t<meta name=\"twitter:card\" content=\"summary_large_image\" \/>\n\t\t<meta name=\"twitter:title\" content=\"La Semana Santa de Jerez de los Caballeros recibe el reconocimiento de Inter\u00e9s Tur\u00edstico Nacional | El Digital de Asturias\" \/>\n\t\t<meta name=\"twitter:description\" content=\"La Semana Santa de Jerez de los Caballeros (Badajoz) ha recibido el reconocimiento de Inter\u00e9s Tur\u00edstico Nacional, seg\u00fan ha informado la alcaldesa de la ciudad, Virginia Borrallo. De esta forma, la primera edil ha expresado que es una &quot;alegr\u00eda inmensa&quot; comunicar a todos los vecinos de Jerez de los Caballeros y sus pedan\u00edas que, oficialmente,\" \/>\n\t\t<meta name=\"twitter:image\" content=\"https:\/\/eldigitaldeasturias.com\/magazine365\/wp-content\/uploads\/2015\/12\/fotonoticia_20151214194446_800.jpg\" \/>\n\t\t<script type=\"application\/ld+json\" class=\"aioseo-schema\">\n\t\t\t{\"@context\":\"https:\\\/\\\/schema.org\",\"@graph\":[{\"@type\":\"Article\",\"@id\":\"https:\\\/\\\/eldigitaldeasturias.com\\\/magazine365\\\/la-semana-santa-de-jerez-de-los-caballeros-recibe-el-reconocimiento-de-interes-turistico-nacional\\\/#article\",\"name\":\"La Semana Santa de Jerez de los Caballeros recibe el reconocimiento de Inter\\u00e9s Tur\\u00edstico Nacional | El Digital de Asturias\",\"headline\":\"La Semana Santa de Jerez de los Caballeros recibe el reconocimiento de Inter\\u00e9s Tur\\u00edstico Nacional\",\"author\":{\"@id\":\"https:\\\/\\\/eldigitaldeasturias.com\\\/magazine365\\\/author\\\/admin\\\/#author\"},\"publisher\":{\"@id\":\"https:\\\/\\\/eldigitaldeasturias.com\\\/magazine365\\\/#organization\"},\"image\":{\"@type\":\"ImageObject\",\"url\":\"https:\\\/\\\/eldigitaldeasturias.com\\\/magazine365\\\/wp-content\\\/uploads\\\/2015\\\/12\\\/fotonoticia_20151214194446_800.jpg\",\"width\":800,\"height\":600},\"datePublished\":\"2015-12-15T13:34:26+01:00\",\"dateModified\":\"2015-12-15T13:34:26+01:00\",\"inLanguage\":\"es-ES\",\"mainEntityOfPage\":{\"@id\":\"https:\\\/\\\/eldigitaldeasturias.com\\\/magazine365\\\/la-semana-santa-de-jerez-de-los-caballeros-recibe-el-reconocimiento-de-interes-turistico-nacional\\\/#webpage\"},\"isPartOf\":{\"@id\":\"https:\\\/\\\/eldigitaldeasturias.com\\\/magazine365\\\/la-semana-santa-de-jerez-de-los-caballeros-recibe-el-reconocimiento-de-interes-turistico-nacional\\\/#webpage\"},\"articleSection\":\"Noticias y Actualidad\"},{\"@type\":\"BreadcrumbList\",\"@id\":\"https:\\\/\\\/eldigitaldeasturias.com\\\/magazine365\\\/la-semana-santa-de-jerez-de-los-caballeros-recibe-el-reconocimiento-de-interes-turistico-nacional\\\/#breadcrumblist\",\"itemListElement\":[{\"@type\":\"ListItem\",\"@id\":\"https:\\\/\\\/eldigitaldeasturias.com\\\/magazine365#listItem\",\"position\":1,\"name\":\"Home\",\"item\":\"https:\\\/\\\/eldigitaldeasturias.com\\\/magazine365\",\"nextItem\":{\"@type\":\"ListItem\",\"@id\":\"https:\\\/\\\/eldigitaldeasturias.com\\\/magazine365\\\/category\\\/noticias-actualidad\\\/#listItem\",\"name\":\"Noticias y Actualidad\"}},{\"@type\":\"ListItem\",\"@id\":\"https:\\\/\\\/eldigitaldeasturias.com\\\/magazine365\\\/category\\\/noticias-actualidad\\\/#listItem\",\"position\":2,\"name\":\"Noticias y Actualidad\",\"item\":\"https:\\\/\\\/eldigitaldeasturias.com\\\/magazine365\\\/category\\\/noticias-actualidad\\\/\",\"nextItem\":{\"@type\":\"ListItem\",\"@id\":\"https:\\\/\\\/eldigitaldeasturias.com\\\/magazine365\\\/la-semana-santa-de-jerez-de-los-caballeros-recibe-el-reconocimiento-de-interes-turistico-nacional\\\/#listItem\",\"name\":\"La Semana Santa de Jerez de los Caballeros recibe el reconocimiento de Inter\\u00e9s Tur\\u00edstico Nacional\"},\"previousItem\":{\"@type\":\"ListItem\",\"@id\":\"https:\\\/\\\/eldigitaldeasturias.com\\\/magazine365#listItem\",\"name\":\"Home\"}},{\"@type\":\"ListItem\",\"@id\":\"https:\\\/\\\/eldigitaldeasturias.com\\\/magazine365\\\/la-semana-santa-de-jerez-de-los-caballeros-recibe-el-reconocimiento-de-interes-turistico-nacional\\\/#listItem\",\"position\":3,\"name\":\"La Semana Santa de Jerez de los Caballeros recibe el reconocimiento de Inter\\u00e9s Tur\\u00edstico Nacional\",\"previousItem\":{\"@type\":\"ListItem\",\"@id\":\"https:\\\/\\\/eldigitaldeasturias.com\\\/magazine365\\\/category\\\/noticias-actualidad\\\/#listItem\",\"name\":\"Noticias y Actualidad\"}}]},{\"@type\":\"Organization\",\"@id\":\"https:\\\/\\\/eldigitaldeasturias.com\\\/magazine365\\\/#organization\",\"name\":\"El digital de Asturias\",\"description\":\"Revista de ocio, turismo y estilo de vida\",\"url\":\"https:\\\/\\\/eldigitaldeasturias.com\\\/magazine365\\\/\",\"logo\":{\"@type\":\"ImageObject\",\"url\":\"https:\\\/\\\/www.eldigitaldeasturias.com\\\/noticias\\\/wp-content\\\/uploads\\\/2020\\\/12\\\/EDA.jpg\",\"@id\":\"https:\\\/\\\/eldigitaldeasturias.com\\\/magazine365\\\/la-semana-santa-de-jerez-de-los-caballeros-recibe-el-reconocimiento-de-interes-turistico-nacional\\\/#organizationLogo\"},\"image\":{\"@id\":\"https:\\\/\\\/eldigitaldeasturias.com\\\/magazine365\\\/la-semana-santa-de-jerez-de-los-caballeros-recibe-el-reconocimiento-de-interes-turistico-nacional\\\/#organizationLogo\"}},{\"@type\":\"Person\",\"@id\":\"https:\\\/\\\/eldigitaldeasturias.com\\\/magazine365\\\/author\\\/admin\\\/#author\",\"url\":\"https:\\\/\\\/eldigitaldeasturias.com\\\/magazine365\\\/author\\\/admin\\\/\",\"name\":\"admin\",\"image\":{\"@type\":\"ImageObject\",\"@id\":\"https:\\\/\\\/eldigitaldeasturias.com\\\/magazine365\\\/la-semana-santa-de-jerez-de-los-caballeros-recibe-el-reconocimiento-de-interes-turistico-nacional\\\/#authorImage\",\"url\":\"https:\\\/\\\/eldigitaldeasturias.com\\\/magazine365\\\/wp-content\\\/litespeed\\\/avatar\\\/e571bcf59a0edd6fa6838245a470f2fe.jpg?ver=1777574230\",\"width\":96,\"height\":96,\"caption\":\"admin\"}},{\"@type\":\"WebPage\",\"@id\":\"https:\\\/\\\/eldigitaldeasturias.com\\\/magazine365\\\/la-semana-santa-de-jerez-de-los-caballeros-recibe-el-reconocimiento-de-interes-turistico-nacional\\\/#webpage\",\"url\":\"https:\\\/\\\/eldigitaldeasturias.com\\\/magazine365\\\/la-semana-santa-de-jerez-de-los-caballeros-recibe-el-reconocimiento-de-interes-turistico-nacional\\\/\",\"name\":\"La Semana Santa de Jerez de los Caballeros recibe el reconocimiento de Inter\\u00e9s Tur\\u00edstico Nacional | El Digital de Asturias\",\"description\":\"La Semana Santa de Jerez de los Caballeros (Badajoz) ha recibido el reconocimiento de Inter\\u00e9s Tur\\u00edstico Nacional, seg\\u00fan ha informado la alcaldesa de la ciudad, Virginia Borrallo. De esta forma, la primera edil ha expresado que es una \\\"alegr\\u00eda inmensa\\\" comunicar a todos los vecinos de Jerez de los Caballeros y sus pedan\\u00edas que, oficialmente,\",\"inLanguage\":\"es-ES\",\"isPartOf\":{\"@id\":\"https:\\\/\\\/eldigitaldeasturias.com\\\/magazine365\\\/#website\"},\"breadcrumb\":{\"@id\":\"https:\\\/\\\/eldigitaldeasturias.com\\\/magazine365\\\/la-semana-santa-de-jerez-de-los-caballeros-recibe-el-reconocimiento-de-interes-turistico-nacional\\\/#breadcrumblist\"},\"author\":{\"@id\":\"https:\\\/\\\/eldigitaldeasturias.com\\\/magazine365\\\/author\\\/admin\\\/#author\"},\"creator\":{\"@id\":\"https:\\\/\\\/eldigitaldeasturias.com\\\/magazine365\\\/author\\\/admin\\\/#author\"},\"image\":{\"@type\":\"ImageObject\",\"url\":\"https:\\\/\\\/eldigitaldeasturias.com\\\/magazine365\\\/wp-content\\\/uploads\\\/2015\\\/12\\\/fotonoticia_20151214194446_800.jpg\",\"@id\":\"https:\\\/\\\/eldigitaldeasturias.com\\\/magazine365\\\/la-semana-santa-de-jerez-de-los-caballeros-recibe-el-reconocimiento-de-interes-turistico-nacional\\\/#mainImage\",\"width\":800,\"height\":600},\"primaryImageOfPage\":{\"@id\":\"https:\\\/\\\/eldigitaldeasturias.com\\\/magazine365\\\/la-semana-santa-de-jerez-de-los-caballeros-recibe-el-reconocimiento-de-interes-turistico-nacional\\\/#mainImage\"},\"datePublished\":\"2015-12-15T13:34:26+01:00\",\"dateModified\":\"2015-12-15T13:34:26+01:00\"},{\"@type\":\"WebSite\",\"@id\":\"https:\\\/\\\/eldigitaldeasturias.com\\\/magazine365\\\/#website\",\"url\":\"https:\\\/\\\/eldigitaldeasturias.com\\\/magazine365\\\/\",\"name\":\"El Digital de Asturias\",\"description\":\"Revista de ocio, turismo y estilo de vida\",\"inLanguage\":\"es-ES\",\"publisher\":{\"@id\":\"https:\\\/\\\/eldigitaldeasturias.com\\\/magazine365\\\/#organization\"}}]}\n\t\t<\/script>\n\t\t<!-- All in One SEO Pro -->\r\n\t\t<title>La Semana Santa de Jerez de los Caballeros recibe el reconocimiento de Inter\u00e9s Tur\u00edstico Nacional | El Digital de Asturias<\/title>\n\n","aioseo_head_json":{"title":"La Semana Santa de Jerez de los Caballeros recibe el reconocimiento de Inter\u00e9s Tur\u00edstico Nacional | El Digital de Asturias","description":"La Semana Santa de Jerez de los Caballeros (Badajoz) ha recibido el reconocimiento de Inter\u00e9s Tur\u00edstico Nacional, seg\u00fan ha informado la alcaldesa de la ciudad, Virginia Borrallo. De esta forma, la primera edil ha expresado que es una \"alegr\u00eda inmensa\" comunicar a todos los vecinos de Jerez de los Caballeros y sus pedan\u00edas que, oficialmente,","canonical_url":"https:\/\/eldigitaldeasturias.com\/magazine365\/la-semana-santa-de-jerez-de-los-caballeros-recibe-el-reconocimiento-de-interes-turistico-nacional\/","robots":"max-image-preview:large","keywords":"noticias y actualidad","webmasterTools":{"google-site-verification":"UA-38556648-1","miscellaneous":""},"schema":{"@context":"https:\/\/schema.org","@graph":[{"@type":"Article","@id":"https:\/\/eldigitaldeasturias.com\/magazine365\/la-semana-santa-de-jerez-de-los-caballeros-recibe-el-reconocimiento-de-interes-turistico-nacional\/#article","name":"La Semana Santa de Jerez de los Caballeros recibe el reconocimiento de Inter\u00e9s Tur\u00edstico Nacional | El Digital de Asturias","headline":"La Semana Santa de Jerez de los Caballeros recibe el reconocimiento de Inter\u00e9s Tur\u00edstico Nacional","author":{"@id":"https:\/\/eldigitaldeasturias.com\/magazine365\/author\/admin\/#author"},"publisher":{"@id":"https:\/\/eldigitaldeasturias.com\/magazine365\/#organization"},"image":{"@type":"ImageObject","url":"https:\/\/eldigitaldeasturias.com\/magazine365\/wp-content\/uploads\/2015\/12\/fotonoticia_20151214194446_800.jpg","width":800,"height":600},"datePublished":"2015-12-15T13:34:26+01:00","dateModified":"2015-12-15T13:34:26+01:00","inLanguage":"es-ES","mainEntityOfPage":{"@id":"https:\/\/eldigitaldeasturias.com\/magazine365\/la-semana-santa-de-jerez-de-los-caballeros-recibe-el-reconocimiento-de-interes-turistico-nacional\/#webpage"},"isPartOf":{"@id":"https:\/\/eldigitaldeasturias.com\/magazine365\/la-semana-santa-de-jerez-de-los-caballeros-recibe-el-reconocimiento-de-interes-turistico-nacional\/#webpage"},"articleSection":"Noticias y Actualidad"},{"@type":"BreadcrumbList","@id":"https:\/\/eldigitaldeasturias.com\/magazine365\/la-semana-santa-de-jerez-de-los-caballeros-recibe-el-reconocimiento-de-interes-turistico-nacional\/#breadcrumblist","itemListElement":[{"@type":"ListItem","@id":"https:\/\/eldigitaldeasturias.com\/magazine365#listItem","position":1,"name":"Home","item":"https:\/\/eldigitaldeasturias.com\/magazine365","nextItem":{"@type":"ListItem","@id":"https:\/\/eldigitaldeasturias.com\/magazine365\/category\/noticias-actualidad\/#listItem","name":"Noticias y Actualidad"}},{"@type":"ListItem","@id":"https:\/\/eldigitaldeasturias.com\/magazine365\/category\/noticias-actualidad\/#listItem","position":2,"name":"Noticias y Actualidad","item":"https:\/\/eldigitaldeasturias.com\/magazine365\/category\/noticias-actualidad\/","nextItem":{"@type":"ListItem","@id":"https:\/\/eldigitaldeasturias.com\/magazine365\/la-semana-santa-de-jerez-de-los-caballeros-recibe-el-reconocimiento-de-interes-turistico-nacional\/#listItem","name":"La Semana Santa de Jerez de los Caballeros recibe el reconocimiento de Inter\u00e9s Tur\u00edstico Nacional"},"previousItem":{"@type":"ListItem","@id":"https:\/\/eldigitaldeasturias.com\/magazine365#listItem","name":"Home"}},{"@type":"ListItem","@id":"https:\/\/eldigitaldeasturias.com\/magazine365\/la-semana-santa-de-jerez-de-los-caballeros-recibe-el-reconocimiento-de-interes-turistico-nacional\/#listItem","position":3,"name":"La Semana Santa de Jerez de los Caballeros recibe el reconocimiento de Inter\u00e9s Tur\u00edstico Nacional","previousItem":{"@type":"ListItem","@id":"https:\/\/eldigitaldeasturias.com\/magazine365\/category\/noticias-actualidad\/#listItem","name":"Noticias y Actualidad"}}]},{"@type":"Organization","@id":"https:\/\/eldigitaldeasturias.com\/magazine365\/#organization","name":"El digital de Asturias","description":"Revista de ocio, turismo y estilo de vida","url":"https:\/\/eldigitaldeasturias.com\/magazine365\/","logo":{"@type":"ImageObject","url":"https:\/\/www.eldigitaldeasturias.com\/noticias\/wp-content\/uploads\/2020\/12\/EDA.jpg","@id":"https:\/\/eldigitaldeasturias.com\/magazine365\/la-semana-santa-de-jerez-de-los-caballeros-recibe-el-reconocimiento-de-interes-turistico-nacional\/#organizationLogo"},"image":{"@id":"https:\/\/eldigitaldeasturias.com\/magazine365\/la-semana-santa-de-jerez-de-los-caballeros-recibe-el-reconocimiento-de-interes-turistico-nacional\/#organizationLogo"}},{"@type":"Person","@id":"https:\/\/eldigitaldeasturias.com\/magazine365\/author\/admin\/#author","url":"https:\/\/eldigitaldeasturias.com\/magazine365\/author\/admin\/","name":"admin","image":{"@type":"ImageObject","@id":"https:\/\/eldigitaldeasturias.com\/magazine365\/la-semana-santa-de-jerez-de-los-caballeros-recibe-el-reconocimiento-de-interes-turistico-nacional\/#authorImage","url":"https:\/\/eldigitaldeasturias.com\/magazine365\/wp-content\/litespeed\/avatar\/e571bcf59a0edd6fa6838245a470f2fe.jpg?ver=1777574230","width":96,"height":96,"caption":"admin"}},{"@type":"WebPage","@id":"https:\/\/eldigitaldeasturias.com\/magazine365\/la-semana-santa-de-jerez-de-los-caballeros-recibe-el-reconocimiento-de-interes-turistico-nacional\/#webpage","url":"https:\/\/eldigitaldeasturias.com\/magazine365\/la-semana-santa-de-jerez-de-los-caballeros-recibe-el-reconocimiento-de-interes-turistico-nacional\/","name":"La Semana Santa de Jerez de los Caballeros recibe el reconocimiento de Inter\u00e9s Tur\u00edstico Nacional | El Digital de Asturias","description":"La Semana Santa de Jerez de los Caballeros (Badajoz) ha recibido el reconocimiento de Inter\u00e9s Tur\u00edstico Nacional, seg\u00fan ha informado la alcaldesa de la ciudad, Virginia Borrallo. De esta forma, la primera edil ha expresado que es una \"alegr\u00eda inmensa\" comunicar a todos los vecinos de Jerez de los Caballeros y sus pedan\u00edas que, oficialmente,","inLanguage":"es-ES","isPartOf":{"@id":"https:\/\/eldigitaldeasturias.com\/magazine365\/#website"},"breadcrumb":{"@id":"https:\/\/eldigitaldeasturias.com\/magazine365\/la-semana-santa-de-jerez-de-los-caballeros-recibe-el-reconocimiento-de-interes-turistico-nacional\/#breadcrumblist"},"author":{"@id":"https:\/\/eldigitaldeasturias.com\/magazine365\/author\/admin\/#author"},"creator":{"@id":"https:\/\/eldigitaldeasturias.com\/magazine365\/author\/admin\/#author"},"image":{"@type":"ImageObject","url":"https:\/\/eldigitaldeasturias.com\/magazine365\/wp-content\/uploads\/2015\/12\/fotonoticia_20151214194446_800.jpg","@id":"https:\/\/eldigitaldeasturias.com\/magazine365\/la-semana-santa-de-jerez-de-los-caballeros-recibe-el-reconocimiento-de-interes-turistico-nacional\/#mainImage","width":800,"height":600},"primaryImageOfPage":{"@id":"https:\/\/eldigitaldeasturias.com\/magazine365\/la-semana-santa-de-jerez-de-los-caballeros-recibe-el-reconocimiento-de-interes-turistico-nacional\/#mainImage"},"datePublished":"2015-12-15T13:34:26+01:00","dateModified":"2015-12-15T13:34:26+01:00"},{"@type":"WebSite","@id":"https:\/\/eldigitaldeasturias.com\/magazine365\/#website","url":"https:\/\/eldigitaldeasturias.com\/magazine365\/","name":"El Digital de Asturias","description":"Revista de ocio, turismo y estilo de vida","inLanguage":"es-ES","publisher":{"@id":"https:\/\/eldigitaldeasturias.com\/magazine365\/#organization"}}]},"og:locale":"es_ES","og:site_name":"El Digital de Asturias \u2013 Revista de ocio, turismo y estilo de vida","og:type":"article","og:title":"La Semana Santa de Jerez de los Caballeros recibe el reconocimiento de Inter\u00e9s Tur\u00edstico Nacional | El Digital de Asturias","og:description":"La Semana Santa de Jerez de los Caballeros (Badajoz) ha recibido el reconocimiento de Inter\u00e9s Tur\u00edstico Nacional, seg\u00fan ha informado la alcaldesa de la ciudad, Virginia Borrallo. De esta forma, la primera edil ha expresado que es una &quot;alegr\u00eda inmensa&quot; comunicar a todos los vecinos de Jerez de los Caballeros y sus pedan\u00edas que, oficialmente,","og:url":"https:\/\/eldigitaldeasturias.com\/magazine365\/la-semana-santa-de-jerez-de-los-caballeros-recibe-el-reconocimiento-de-interes-turistico-nacional\/","og:image":"https:\/\/eldigitaldeasturias.com\/magazine365\/wp-content\/uploads\/2015\/12\/fotonoticia_20151214194446_800.jpg","og:image:secure_url":"https:\/\/eldigitaldeasturias.com\/magazine365\/wp-content\/uploads\/2015\/12\/fotonoticia_20151214194446_800.jpg","og:image:width":800,"og:image:height":600,"article:published_time":"2015-12-15T12:34:26+00:00","article:modified_time":"2015-12-15T12:34:26+00:00","twitter:card":"summary_large_image","twitter:title":"La Semana Santa de Jerez de los Caballeros recibe el reconocimiento de Inter\u00e9s Tur\u00edstico Nacional | El Digital de Asturias","twitter:description":"La Semana Santa de Jerez de los Caballeros (Badajoz) ha recibido el reconocimiento de Inter\u00e9s Tur\u00edstico Nacional, seg\u00fan ha informado la alcaldesa de la ciudad, Virginia Borrallo. De esta forma, la primera edil ha expresado que es una &quot;alegr\u00eda inmensa&quot; comunicar a todos los vecinos de Jerez de los Caballeros y sus pedan\u00edas que, oficialmente,","twitter:image":"https:\/\/eldigitaldeasturias.com\/magazine365\/wp-content\/uploads\/2015\/12\/fotonoticia_20151214194446_800.jpg"},"aioseo_meta_data":{"post_id":"58451","title":null,"description":null,"keywords":null,"keyphrases":null,"primary_term":null,"canonical_url":null,"og_title":null,"og_description":null,"og_object_type":"default","og_image_type":"default","og_image_url":null,"og_image_width":null,"og_image_height":null,"og_image_custom_url":null,"og_image_custom_fields":null,"og_video":null,"og_custom_url":null,"og_article_section":null,"og_article_tags":null,"twitter_use_og":false,"twitter_card":"default","twitter_image_type":"default","twitter_image_url":null,"twitter_image_custom_url":null,"twitter_image_custom_fields":null,"twitter_title":null,"twitter_description":null,"schema":{"blockGraphs":[],"customGraphs":[],"default":{"data":{"Article":[],"Course":[],"Dataset":[],"FAQPage":[],"Movie":[],"Person":[],"Product":[],"ProductReview":[],"Car":[],"Recipe":[],"Service":[],"SoftwareApplication":[],"WebPage":[]},"graphName":"","isEnabled":true},"graphs":[],"defaultGraph":"","defaultPostTypeGraph":""},"schema_type":null,"schema_type_options":null,"pillar_content":false,"robots_default":true,"robots_noindex":false,"robots_noarchive":false,"robots_nosnippet":false,"robots_nofollow":false,"robots_noimageindex":false,"robots_noodp":false,"robots_notranslate":false,"robots_max_snippet":null,"robots_max_videopreview":null,"robots_max_imagepreview":"large","priority":null,"frequency":null,"location":null,"local_seo":null,"seo_analyzer_scan_date":"2025-09-25 03:01:00","breadcrumb_settings":null,"limit_modified_date":false,"open_ai":null,"ai":null,"created":"2021-03-08 22:29:55","updated":"2025-09-25 03:01:00"},"aioseo_breadcrumb":"<div class=\"aioseo-breadcrumbs\"><span class=\"aioseo-breadcrumb\">\n\t<a href=\"https:\/\/eldigitaldeasturias.com\/magazine365\" title=\"Home\">Home<\/a>\n<\/span><span class=\"aioseo-breadcrumb-separator\">\u2013<\/span><span class=\"aioseo-breadcrumb\">\n\t<a href=\"https:\/\/eldigitaldeasturias.com\/magazine365\/category\/noticias-actualidad\/\" title=\"Noticias y Actualidad\">Noticias y Actualidad<\/a>\n<\/span><span class=\"aioseo-breadcrumb-separator\">\u2013<\/span><span class=\"aioseo-breadcrumb\">\n\t<a href=\"https:\/\/eldigitaldeasturias.com\/magazine365\/la-semana-santa-de-jerez-de-los-caballeros-recibe-el-reconocimiento-de-interes-turistico-nacional\/\" title=\"La Semana Santa de Jerez de los Caballeros recibe el reconocimiento de Inter\u00e9s Tur\u00edstico Nacional\">La Semana Santa de Jerez de los Caballeros recibe el reconocimiento de Inter\u00e9s Tur\u00edstico Nacional<\/a>\n<\/span><\/div>","aioseo_breadcrumb_json":[{"label":"Home","link":"https:\/\/eldigitaldeasturias.com\/magazine365"},{"label":"Noticias y Actualidad","link":"https:\/\/eldigitaldeasturias.com\/magazine365\/category\/noticias-actualidad\/"},{"label":"La Semana Santa de Jerez de los Caballeros recibe el reconocimiento de Inter\u00e9s Tur\u00edstico Nacional","link":"https:\/\/eldigitaldeasturias.com\/magazine365\/la-semana-santa-de-jerez-de-los-caballeros-recibe-el-reconocimiento-de-interes-turistico-nacional\/"}],"_links":{"self":[{"href":"https:\/\/eldigitaldeasturias.com\/magazine365\/wp-json\/wp\/v2\/posts\/58451","targetHints":{"allow":["GET"]}}],"collection":[{"href":"https:\/\/eldigitaldeasturias.com\/magazine365\/wp-json\/wp\/v2\/posts"}],"about":[{"href":"https:\/\/eldigitaldeasturias.com\/magazine365\/wp-json\/wp\/v2\/types\/post"}],"author":[{"embeddable":true,"href":"https:\/\/eldigitaldeasturias.com\/magazine365\/wp-json\/wp\/v2\/users\/1"}],"replies":[{"embeddable":true,"href":"https:\/\/eldigitaldeasturias.com\/magazine365\/wp-json\/wp\/v2\/comments?post=58451"}],"version-history":[{"count":0,"href":"https:\/\/eldigitaldeasturias.com\/magazine365\/wp-json\/wp\/v2\/posts\/58451\/revisions"}],"wp:featuredmedia":[{"embeddable":true,"href":"https:\/\/eldigitaldeasturias.com\/magazine365\/wp-json\/wp\/v2\/media\/58452"}],"wp:attachment":[{"href":"https:\/\/eldigitaldeasturias.com\/magazine365\/wp-json\/wp\/v2\/media?parent=58451"}],"wp:term":[{"taxonomy":"category","embeddable":true,"href":"https:\/\/eldigitaldeasturias.com\/magazine365\/wp-json\/wp\/v2\/categories?post=58451"},{"taxonomy":"post_tag","embeddable":true,"href":"https:\/\/eldigitaldeasturias.com\/magazine365\/wp-json\/wp\/v2\/tags?post=58451"}],"curies":[{"name":"wp","href":"https:\/\/api.w.org\/{rel}","templated":true}]}}