{"id":58427,"date":"2015-12-15T13:18:50","date_gmt":"2015-12-15T12:18:50","guid":{"rendered":"http:\/\/eldigitaldeasturias.com\/magazine365\/?p=58427"},"modified":"2015-12-15T13:18:50","modified_gmt":"2015-12-15T12:18:50","slug":"patronal-y-sindicatos-europeos-firman-un-manifiesto-para-reclamar-la-regulacion-de-la-economia-colaborativa","status":"publish","type":"post","link":"https:\/\/eldigitaldeasturias.com\/magazine365\/patronal-y-sindicatos-europeos-firman-un-manifiesto-para-reclamar-la-regulacion-de-la-economia-colaborativa\/","title":{"rendered":"Patronal y sindicatos europeos firman un manifiesto para reclamar la regulaci\u00f3n de la econom\u00eda colaborativa"},"content":{"rendered":"<p><img fetchpriority=\"high\" decoding=\"async\" class=\"alignleft size-medium wp-image-58428\" src=\"https:\/\/eldigitaldeasturias.com\/magazine365\/wp-content\/uploads\/2015\/12\/fotonoticia_20151214172257_800-360x270.jpg\" alt=\"fotonoticia_20151214172257_800\" width=\"360\" height=\"270\" srcset=\"https:\/\/eldigitaldeasturias.com\/magazine365\/wp-content\/uploads\/2015\/12\/fotonoticia_20151214172257_800-360x270.jpg 360w, https:\/\/eldigitaldeasturias.com\/magazine365\/wp-content\/uploads\/2015\/12\/fotonoticia_20151214172257_800-650x488.jpg 650w, https:\/\/eldigitaldeasturias.com\/magazine365\/wp-content\/uploads\/2015\/12\/fotonoticia_20151214172257_800-768x576.jpg 768w, https:\/\/eldigitaldeasturias.com\/magazine365\/wp-content\/uploads\/2015\/12\/fotonoticia_20151214172257_800-150x113.jpg 150w, https:\/\/eldigitaldeasturias.com\/magazine365\/wp-content\/uploads\/2015\/12\/fotonoticia_20151214172257_800-450x338.jpg 450w, https:\/\/eldigitaldeasturias.com\/magazine365\/wp-content\/uploads\/2015\/12\/fotonoticia_20151214172257_800-80x60.jpg 80w, https:\/\/eldigitaldeasturias.com\/magazine365\/wp-content\/uploads\/2015\/12\/fotonoticia_20151214172257_800-265x198.jpg 265w, https:\/\/eldigitaldeasturias.com\/magazine365\/wp-content\/uploads\/2015\/12\/fotonoticia_20151214172257_800-696x522.jpg 696w, https:\/\/eldigitaldeasturias.com\/magazine365\/wp-content\/uploads\/2015\/12\/fotonoticia_20151214172257_800-560x420.jpg 560w, https:\/\/eldigitaldeasturias.com\/magazine365\/wp-content\/uploads\/2015\/12\/fotonoticia_20151214172257_800-90x67.jpg 90w, https:\/\/eldigitaldeasturias.com\/magazine365\/wp-content\/uploads\/2015\/12\/fotonoticia_20151214172257_800-100x75.jpg 100w, https:\/\/eldigitaldeasturias.com\/magazine365\/wp-content\/uploads\/2015\/12\/fotonoticia_20151214172257_800.jpg 800w\" sizes=\"(max-width: 360px) 100vw, 360px\" \/>Patronal y sindicatos europeos del sector de la hosteler\u00eda han firmado este lunes en Bruselas un manifiesto en contra de la econom\u00eda sumergida y la falta de regulaci\u00f3n de la econom\u00eda colaborativa, en el que piden que se \u00abnivelen las reglas\u00bb de actuaci\u00f3n.<\/p>\n<p>En el documento, firmado por la Organizaci\u00f3n Empresarial Europea de Hoteles, Restaurantes y Cafeter\u00edas (Hotrec) y la Federaci\u00f3n Europea de Sindicatos de los Sectores de la Alimentaci\u00f3n, la Agricultura y el Turismo (Effat), se solicita \u00abuna regulaci\u00f3n de la econom\u00eda colaborativa, que nivele las reglas de actuaci\u00f3n y que garantice la competitividad y la competencia de todos los proveedores de servicios del sector tur\u00edstico\u00bb.<\/p>\n<p>Los agentes sociales se marcaron un programa de trabajo para poder sacar los puntos de coincidencia y los desaf\u00edos e impactos que la econom\u00eda colaborativa genera entre los consumidores, los empleados y las empresas.<\/p>\n<p>Asimismo, se expres\u00f3 la preocupaci\u00f3n provocada por el \u00abr\u00e1pido y descontrolado\u00bb crecimiento de las viviendas particulares para alojamiento y restauraci\u00f3n en el sector tur\u00edstico.<\/p>\n<p>\u00abLas compa\u00f1\u00edas del sector tur\u00edstico, siendo una gran mayor\u00eda micro-empresas tienen que competir en todos los pa\u00edses soportando muy duras regulaciones para garantizar la salud y la seguridad de los consumidores as\u00ed como los derechos y obligaciones de los trabajadores\u00bb, afirm\u00f3 el consejero de Hotrec, Christian de Barrin.<\/p>\n<p>En un comunicado, la Confederaci\u00f3n Espa\u00f1ola de Hoteles y Alojamientos Tur\u00edsticos (CEHAT) ha mostrado su satisfacci\u00f3n por el acuerdo alcanzado.<\/p>\n<p>DEMASIADAS OBLIGACIONES LEGALES.<\/p>\n<p>La patronal hotelera espa\u00f1ola viene exigiendo desde hace tiempo la disminuci\u00f3n de las obligaciones legales que actualmente debe cumplir cualquier establecimiento, ya que en muchos casos hay duplicidades y exigencias extremas.<\/p>\n<p>\u00abPero esto ha de venir acompa\u00f1ado de una concienciaci\u00f3n de la necesidad de regular el resto de actividades para atenuar los da\u00f1os al modelo tur\u00edstico espa\u00f1ol y que todos puedan optar a entrar en el sector tur\u00edstico aportando seguridad, calidad y transparencia\u00bb, justific\u00f3 el presidente el grupo de trabajo sobre econom\u00eda colaborativa de Hotrec, Ram\u00f3n Estalella.<\/p>\n<p>Para el secretario general de la Federaci\u00f3n Espa\u00f1ola de Hosteler\u00eda (FEHR), Emilio Gallego, este tipo de actividades \u00absuponen una clara competencia desleal para los empresarios que cumplen con sus obligaciones administrativas y con responsabilidad con el entorno\u00bb.<\/p>\n<p>En su opini\u00f3n, se produce una \u00abcompleta opacidad\u00bb a efectos de seguridad que ofrecen los alojamientos ilegales, \u00abcomo las condiciones de inseguridad que ofrecen la venta callejera e ilegal de bebidas y comidas o la utilizaci\u00f3n de domicilios particulares como si fueran restaurantes\u00bb.<\/p>\n","protected":false},"excerpt":{"rendered":"<p>Patronal y sindicatos europeos del sector de la hosteler\u00eda han firmado este lunes en Bruselas un manifiesto en contra de la econom\u00eda sumergida y la falta de regulaci\u00f3n de la econom\u00eda colaborativa, en el que piden que se \u00abnivelen las reglas\u00bb de actuaci\u00f3n. En el documento, firmado por la Organizaci\u00f3n Empresarial Europea de Hoteles, Restaurantes<\/p>\n","protected":false},"author":1,"featured_media":58428,"comment_status":"open","ping_status":"closed","sticky":false,"template":"","format":"standard","meta":{"footnotes":""},"categories":[224],"tags":[],"class_list":{"0":"post-58427","1":"post","2":"type-post","3":"status-publish","4":"format-standard","5":"has-post-thumbnail","7":"category-noticias-actualidad"},"aioseo_notices":[],"aioseo_head":"\n\t\t<!-- All in One SEO Pro 4.9.6.1 - aioseo.com -->\n\t<meta name=\"description\" content=\"Patronal y sindicatos europeos del sector de la hosteler\u00eda han firmado este lunes en Bruselas un manifiesto en contra de la econom\u00eda sumergida y la falta de regulaci\u00f3n de la econom\u00eda colaborativa, en el que piden que se &quot;nivelen las reglas&quot; de actuaci\u00f3n. En el documento, firmado por la Organizaci\u00f3n Empresarial Europea de Hoteles, Restaurantes\" \/>\n\t<meta name=\"robots\" content=\"max-image-preview:large\" \/>\n\t<meta name=\"author\" content=\"admin\"\/>\n\t<meta name=\"google-site-verification\" content=\"UA-38556648-1\" \/>\n\t<meta name=\"keywords\" content=\"noticias y actualidad\" \/>\n\t<link rel=\"canonical\" href=\"https:\/\/eldigitaldeasturias.com\/magazine365\/patronal-y-sindicatos-europeos-firman-un-manifiesto-para-reclamar-la-regulacion-de-la-economia-colaborativa\/\" \/>\n\t<meta name=\"generator\" content=\"All in One SEO Pro (AIOSEO) 4.9.6.1\" \/>\n\t\t<meta property=\"og:locale\" content=\"es_ES\" \/>\n\t\t<meta property=\"og:site_name\" content=\"El Digital de Asturias \u2013 Revista de ocio, turismo y estilo de vida\" \/>\n\t\t<meta property=\"og:type\" content=\"article\" \/>\n\t\t<meta property=\"og:title\" content=\"Patronal y sindicatos europeos firman un manifiesto para reclamar la regulaci\u00f3n de la econom\u00eda colaborativa | El Digital de Asturias\" \/>\n\t\t<meta property=\"og:description\" content=\"Patronal y sindicatos europeos del sector de la hosteler\u00eda han firmado este lunes en Bruselas un manifiesto en contra de la econom\u00eda sumergida y la falta de regulaci\u00f3n de la econom\u00eda colaborativa, en el que piden que se &quot;nivelen las reglas&quot; de actuaci\u00f3n. En el documento, firmado por la Organizaci\u00f3n Empresarial Europea de Hoteles, Restaurantes\" \/>\n\t\t<meta property=\"og:url\" content=\"https:\/\/eldigitaldeasturias.com\/magazine365\/patronal-y-sindicatos-europeos-firman-un-manifiesto-para-reclamar-la-regulacion-de-la-economia-colaborativa\/\" \/>\n\t\t<meta property=\"og:image\" content=\"https:\/\/eldigitaldeasturias.com\/magazine365\/wp-content\/uploads\/2015\/12\/fotonoticia_20151214172257_800.jpg\" \/>\n\t\t<meta property=\"og:image:secure_url\" content=\"https:\/\/eldigitaldeasturias.com\/magazine365\/wp-content\/uploads\/2015\/12\/fotonoticia_20151214172257_800.jpg\" \/>\n\t\t<meta property=\"og:image:width\" content=\"800\" \/>\n\t\t<meta property=\"og:image:height\" content=\"600\" \/>\n\t\t<meta property=\"article:published_time\" content=\"2015-12-15T12:18:50+00:00\" \/>\n\t\t<meta property=\"article:modified_time\" content=\"2015-12-15T12:18:50+00:00\" \/>\n\t\t<meta name=\"twitter:card\" content=\"summary_large_image\" \/>\n\t\t<meta name=\"twitter:title\" content=\"Patronal y sindicatos europeos firman un manifiesto para reclamar la regulaci\u00f3n de la econom\u00eda colaborativa | El Digital de Asturias\" \/>\n\t\t<meta name=\"twitter:description\" content=\"Patronal y sindicatos europeos del sector de la hosteler\u00eda han firmado este lunes en Bruselas un manifiesto en contra de la econom\u00eda sumergida y la falta de regulaci\u00f3n de la econom\u00eda colaborativa, en el que piden que se &quot;nivelen las reglas&quot; de actuaci\u00f3n. En el documento, firmado por la Organizaci\u00f3n Empresarial Europea de Hoteles, Restaurantes\" \/>\n\t\t<meta name=\"twitter:image\" content=\"https:\/\/eldigitaldeasturias.com\/magazine365\/wp-content\/uploads\/2015\/12\/fotonoticia_20151214172257_800.jpg\" \/>\n\t\t<script type=\"application\/ld+json\" class=\"aioseo-schema\">\n\t\t\t{\"@context\":\"https:\\\/\\\/schema.org\",\"@graph\":[{\"@type\":\"Article\",\"@id\":\"https:\\\/\\\/eldigitaldeasturias.com\\\/magazine365\\\/patronal-y-sindicatos-europeos-firman-un-manifiesto-para-reclamar-la-regulacion-de-la-economia-colaborativa\\\/#article\",\"name\":\"Patronal y sindicatos europeos firman un manifiesto para reclamar la regulaci\\u00f3n de la econom\\u00eda colaborativa | El Digital de Asturias\",\"headline\":\"Patronal y sindicatos europeos firman un manifiesto para reclamar la regulaci\\u00f3n de la econom\\u00eda colaborativa\",\"author\":{\"@id\":\"https:\\\/\\\/eldigitaldeasturias.com\\\/magazine365\\\/author\\\/admin\\\/#author\"},\"publisher\":{\"@id\":\"https:\\\/\\\/eldigitaldeasturias.com\\\/magazine365\\\/#organization\"},\"image\":{\"@type\":\"ImageObject\",\"url\":\"https:\\\/\\\/eldigitaldeasturias.com\\\/magazine365\\\/wp-content\\\/uploads\\\/2015\\\/12\\\/fotonoticia_20151214172257_800.jpg\",\"width\":800,\"height\":600},\"datePublished\":\"2015-12-15T13:18:50+01:00\",\"dateModified\":\"2015-12-15T13:18:50+01:00\",\"inLanguage\":\"es-ES\",\"mainEntityOfPage\":{\"@id\":\"https:\\\/\\\/eldigitaldeasturias.com\\\/magazine365\\\/patronal-y-sindicatos-europeos-firman-un-manifiesto-para-reclamar-la-regulacion-de-la-economia-colaborativa\\\/#webpage\"},\"isPartOf\":{\"@id\":\"https:\\\/\\\/eldigitaldeasturias.com\\\/magazine365\\\/patronal-y-sindicatos-europeos-firman-un-manifiesto-para-reclamar-la-regulacion-de-la-economia-colaborativa\\\/#webpage\"},\"articleSection\":\"Noticias y Actualidad\"},{\"@type\":\"BreadcrumbList\",\"@id\":\"https:\\\/\\\/eldigitaldeasturias.com\\\/magazine365\\\/patronal-y-sindicatos-europeos-firman-un-manifiesto-para-reclamar-la-regulacion-de-la-economia-colaborativa\\\/#breadcrumblist\",\"itemListElement\":[{\"@type\":\"ListItem\",\"@id\":\"https:\\\/\\\/eldigitaldeasturias.com\\\/magazine365#listItem\",\"position\":1,\"name\":\"Home\",\"item\":\"https:\\\/\\\/eldigitaldeasturias.com\\\/magazine365\",\"nextItem\":{\"@type\":\"ListItem\",\"@id\":\"https:\\\/\\\/eldigitaldeasturias.com\\\/magazine365\\\/category\\\/noticias-actualidad\\\/#listItem\",\"name\":\"Noticias y Actualidad\"}},{\"@type\":\"ListItem\",\"@id\":\"https:\\\/\\\/eldigitaldeasturias.com\\\/magazine365\\\/category\\\/noticias-actualidad\\\/#listItem\",\"position\":2,\"name\":\"Noticias y Actualidad\",\"item\":\"https:\\\/\\\/eldigitaldeasturias.com\\\/magazine365\\\/category\\\/noticias-actualidad\\\/\",\"nextItem\":{\"@type\":\"ListItem\",\"@id\":\"https:\\\/\\\/eldigitaldeasturias.com\\\/magazine365\\\/patronal-y-sindicatos-europeos-firman-un-manifiesto-para-reclamar-la-regulacion-de-la-economia-colaborativa\\\/#listItem\",\"name\":\"Patronal y sindicatos europeos firman un manifiesto para reclamar la regulaci\\u00f3n de la econom\\u00eda colaborativa\"},\"previousItem\":{\"@type\":\"ListItem\",\"@id\":\"https:\\\/\\\/eldigitaldeasturias.com\\\/magazine365#listItem\",\"name\":\"Home\"}},{\"@type\":\"ListItem\",\"@id\":\"https:\\\/\\\/eldigitaldeasturias.com\\\/magazine365\\\/patronal-y-sindicatos-europeos-firman-un-manifiesto-para-reclamar-la-regulacion-de-la-economia-colaborativa\\\/#listItem\",\"position\":3,\"name\":\"Patronal y sindicatos europeos firman un manifiesto para reclamar la regulaci\\u00f3n de la econom\\u00eda colaborativa\",\"previousItem\":{\"@type\":\"ListItem\",\"@id\":\"https:\\\/\\\/eldigitaldeasturias.com\\\/magazine365\\\/category\\\/noticias-actualidad\\\/#listItem\",\"name\":\"Noticias y Actualidad\"}}]},{\"@type\":\"Organization\",\"@id\":\"https:\\\/\\\/eldigitaldeasturias.com\\\/magazine365\\\/#organization\",\"name\":\"El digital de Asturias\",\"description\":\"Revista de ocio, turismo y estilo de vida\",\"url\":\"https:\\\/\\\/eldigitaldeasturias.com\\\/magazine365\\\/\",\"logo\":{\"@type\":\"ImageObject\",\"url\":\"https:\\\/\\\/www.eldigitaldeasturias.com\\\/noticias\\\/wp-content\\\/uploads\\\/2020\\\/12\\\/EDA.jpg\",\"@id\":\"https:\\\/\\\/eldigitaldeasturias.com\\\/magazine365\\\/patronal-y-sindicatos-europeos-firman-un-manifiesto-para-reclamar-la-regulacion-de-la-economia-colaborativa\\\/#organizationLogo\"},\"image\":{\"@id\":\"https:\\\/\\\/eldigitaldeasturias.com\\\/magazine365\\\/patronal-y-sindicatos-europeos-firman-un-manifiesto-para-reclamar-la-regulacion-de-la-economia-colaborativa\\\/#organizationLogo\"}},{\"@type\":\"Person\",\"@id\":\"https:\\\/\\\/eldigitaldeasturias.com\\\/magazine365\\\/author\\\/admin\\\/#author\",\"url\":\"https:\\\/\\\/eldigitaldeasturias.com\\\/magazine365\\\/author\\\/admin\\\/\",\"name\":\"admin\",\"image\":{\"@type\":\"ImageObject\",\"@id\":\"https:\\\/\\\/eldigitaldeasturias.com\\\/magazine365\\\/patronal-y-sindicatos-europeos-firman-un-manifiesto-para-reclamar-la-regulacion-de-la-economia-colaborativa\\\/#authorImage\",\"url\":\"https:\\\/\\\/eldigitaldeasturias.com\\\/magazine365\\\/wp-content\\\/litespeed\\\/avatar\\\/e571bcf59a0edd6fa6838245a470f2fe.jpg?ver=1777574230\",\"width\":96,\"height\":96,\"caption\":\"admin\"}},{\"@type\":\"WebPage\",\"@id\":\"https:\\\/\\\/eldigitaldeasturias.com\\\/magazine365\\\/patronal-y-sindicatos-europeos-firman-un-manifiesto-para-reclamar-la-regulacion-de-la-economia-colaborativa\\\/#webpage\",\"url\":\"https:\\\/\\\/eldigitaldeasturias.com\\\/magazine365\\\/patronal-y-sindicatos-europeos-firman-un-manifiesto-para-reclamar-la-regulacion-de-la-economia-colaborativa\\\/\",\"name\":\"Patronal y sindicatos europeos firman un manifiesto para reclamar la regulaci\\u00f3n de la econom\\u00eda colaborativa | El Digital de Asturias\",\"description\":\"Patronal y sindicatos europeos del sector de la hosteler\\u00eda han firmado este lunes en Bruselas un manifiesto en contra de la econom\\u00eda sumergida y la falta de regulaci\\u00f3n de la econom\\u00eda colaborativa, en el que piden que se \\\"nivelen las reglas\\\" de actuaci\\u00f3n. En el documento, firmado por la Organizaci\\u00f3n Empresarial Europea de Hoteles, Restaurantes\",\"inLanguage\":\"es-ES\",\"isPartOf\":{\"@id\":\"https:\\\/\\\/eldigitaldeasturias.com\\\/magazine365\\\/#website\"},\"breadcrumb\":{\"@id\":\"https:\\\/\\\/eldigitaldeasturias.com\\\/magazine365\\\/patronal-y-sindicatos-europeos-firman-un-manifiesto-para-reclamar-la-regulacion-de-la-economia-colaborativa\\\/#breadcrumblist\"},\"author\":{\"@id\":\"https:\\\/\\\/eldigitaldeasturias.com\\\/magazine365\\\/author\\\/admin\\\/#author\"},\"creator\":{\"@id\":\"https:\\\/\\\/eldigitaldeasturias.com\\\/magazine365\\\/author\\\/admin\\\/#author\"},\"image\":{\"@type\":\"ImageObject\",\"url\":\"https:\\\/\\\/eldigitaldeasturias.com\\\/magazine365\\\/wp-content\\\/uploads\\\/2015\\\/12\\\/fotonoticia_20151214172257_800.jpg\",\"@id\":\"https:\\\/\\\/eldigitaldeasturias.com\\\/magazine365\\\/patronal-y-sindicatos-europeos-firman-un-manifiesto-para-reclamar-la-regulacion-de-la-economia-colaborativa\\\/#mainImage\",\"width\":800,\"height\":600},\"primaryImageOfPage\":{\"@id\":\"https:\\\/\\\/eldigitaldeasturias.com\\\/magazine365\\\/patronal-y-sindicatos-europeos-firman-un-manifiesto-para-reclamar-la-regulacion-de-la-economia-colaborativa\\\/#mainImage\"},\"datePublished\":\"2015-12-15T13:18:50+01:00\",\"dateModified\":\"2015-12-15T13:18:50+01:00\"},{\"@type\":\"WebSite\",\"@id\":\"https:\\\/\\\/eldigitaldeasturias.com\\\/magazine365\\\/#website\",\"url\":\"https:\\\/\\\/eldigitaldeasturias.com\\\/magazine365\\\/\",\"name\":\"El Digital de Asturias\",\"description\":\"Revista de ocio, turismo y estilo de vida\",\"inLanguage\":\"es-ES\",\"publisher\":{\"@id\":\"https:\\\/\\\/eldigitaldeasturias.com\\\/magazine365\\\/#organization\"}}]}\n\t\t<\/script>\n\t\t<!-- All in One SEO Pro -->\r\n\t\t<title>Patronal y sindicatos europeos firman un manifiesto para reclamar la regulaci\u00f3n de la econom\u00eda colaborativa | El Digital de Asturias<\/title>\n\n","aioseo_head_json":{"title":"Patronal y sindicatos europeos firman un manifiesto para reclamar la regulaci\u00f3n de la econom\u00eda colaborativa | El Digital de Asturias","description":"Patronal y sindicatos europeos del sector de la hosteler\u00eda han firmado este lunes en Bruselas un manifiesto en contra de la econom\u00eda sumergida y la falta de regulaci\u00f3n de la econom\u00eda colaborativa, en el que piden que se \"nivelen las reglas\" de actuaci\u00f3n. En el documento, firmado por la Organizaci\u00f3n Empresarial Europea de Hoteles, Restaurantes","canonical_url":"https:\/\/eldigitaldeasturias.com\/magazine365\/patronal-y-sindicatos-europeos-firman-un-manifiesto-para-reclamar-la-regulacion-de-la-economia-colaborativa\/","robots":"max-image-preview:large","keywords":"noticias y actualidad","webmasterTools":{"google-site-verification":"UA-38556648-1","miscellaneous":""},"schema":{"@context":"https:\/\/schema.org","@graph":[{"@type":"Article","@id":"https:\/\/eldigitaldeasturias.com\/magazine365\/patronal-y-sindicatos-europeos-firman-un-manifiesto-para-reclamar-la-regulacion-de-la-economia-colaborativa\/#article","name":"Patronal y sindicatos europeos firman un manifiesto para reclamar la regulaci\u00f3n de la econom\u00eda colaborativa | El Digital de Asturias","headline":"Patronal y sindicatos europeos firman un manifiesto para reclamar la regulaci\u00f3n de la econom\u00eda colaborativa","author":{"@id":"https:\/\/eldigitaldeasturias.com\/magazine365\/author\/admin\/#author"},"publisher":{"@id":"https:\/\/eldigitaldeasturias.com\/magazine365\/#organization"},"image":{"@type":"ImageObject","url":"https:\/\/eldigitaldeasturias.com\/magazine365\/wp-content\/uploads\/2015\/12\/fotonoticia_20151214172257_800.jpg","width":800,"height":600},"datePublished":"2015-12-15T13:18:50+01:00","dateModified":"2015-12-15T13:18:50+01:00","inLanguage":"es-ES","mainEntityOfPage":{"@id":"https:\/\/eldigitaldeasturias.com\/magazine365\/patronal-y-sindicatos-europeos-firman-un-manifiesto-para-reclamar-la-regulacion-de-la-economia-colaborativa\/#webpage"},"isPartOf":{"@id":"https:\/\/eldigitaldeasturias.com\/magazine365\/patronal-y-sindicatos-europeos-firman-un-manifiesto-para-reclamar-la-regulacion-de-la-economia-colaborativa\/#webpage"},"articleSection":"Noticias y Actualidad"},{"@type":"BreadcrumbList","@id":"https:\/\/eldigitaldeasturias.com\/magazine365\/patronal-y-sindicatos-europeos-firman-un-manifiesto-para-reclamar-la-regulacion-de-la-economia-colaborativa\/#breadcrumblist","itemListElement":[{"@type":"ListItem","@id":"https:\/\/eldigitaldeasturias.com\/magazine365#listItem","position":1,"name":"Home","item":"https:\/\/eldigitaldeasturias.com\/magazine365","nextItem":{"@type":"ListItem","@id":"https:\/\/eldigitaldeasturias.com\/magazine365\/category\/noticias-actualidad\/#listItem","name":"Noticias y Actualidad"}},{"@type":"ListItem","@id":"https:\/\/eldigitaldeasturias.com\/magazine365\/category\/noticias-actualidad\/#listItem","position":2,"name":"Noticias y Actualidad","item":"https:\/\/eldigitaldeasturias.com\/magazine365\/category\/noticias-actualidad\/","nextItem":{"@type":"ListItem","@id":"https:\/\/eldigitaldeasturias.com\/magazine365\/patronal-y-sindicatos-europeos-firman-un-manifiesto-para-reclamar-la-regulacion-de-la-economia-colaborativa\/#listItem","name":"Patronal y sindicatos europeos firman un manifiesto para reclamar la regulaci\u00f3n de la econom\u00eda colaborativa"},"previousItem":{"@type":"ListItem","@id":"https:\/\/eldigitaldeasturias.com\/magazine365#listItem","name":"Home"}},{"@type":"ListItem","@id":"https:\/\/eldigitaldeasturias.com\/magazine365\/patronal-y-sindicatos-europeos-firman-un-manifiesto-para-reclamar-la-regulacion-de-la-economia-colaborativa\/#listItem","position":3,"name":"Patronal y sindicatos europeos firman un manifiesto para reclamar la regulaci\u00f3n de la econom\u00eda colaborativa","previousItem":{"@type":"ListItem","@id":"https:\/\/eldigitaldeasturias.com\/magazine365\/category\/noticias-actualidad\/#listItem","name":"Noticias y Actualidad"}}]},{"@type":"Organization","@id":"https:\/\/eldigitaldeasturias.com\/magazine365\/#organization","name":"El digital de Asturias","description":"Revista de ocio, turismo y estilo de vida","url":"https:\/\/eldigitaldeasturias.com\/magazine365\/","logo":{"@type":"ImageObject","url":"https:\/\/www.eldigitaldeasturias.com\/noticias\/wp-content\/uploads\/2020\/12\/EDA.jpg","@id":"https:\/\/eldigitaldeasturias.com\/magazine365\/patronal-y-sindicatos-europeos-firman-un-manifiesto-para-reclamar-la-regulacion-de-la-economia-colaborativa\/#organizationLogo"},"image":{"@id":"https:\/\/eldigitaldeasturias.com\/magazine365\/patronal-y-sindicatos-europeos-firman-un-manifiesto-para-reclamar-la-regulacion-de-la-economia-colaborativa\/#organizationLogo"}},{"@type":"Person","@id":"https:\/\/eldigitaldeasturias.com\/magazine365\/author\/admin\/#author","url":"https:\/\/eldigitaldeasturias.com\/magazine365\/author\/admin\/","name":"admin","image":{"@type":"ImageObject","@id":"https:\/\/eldigitaldeasturias.com\/magazine365\/patronal-y-sindicatos-europeos-firman-un-manifiesto-para-reclamar-la-regulacion-de-la-economia-colaborativa\/#authorImage","url":"https:\/\/eldigitaldeasturias.com\/magazine365\/wp-content\/litespeed\/avatar\/e571bcf59a0edd6fa6838245a470f2fe.jpg?ver=1777574230","width":96,"height":96,"caption":"admin"}},{"@type":"WebPage","@id":"https:\/\/eldigitaldeasturias.com\/magazine365\/patronal-y-sindicatos-europeos-firman-un-manifiesto-para-reclamar-la-regulacion-de-la-economia-colaborativa\/#webpage","url":"https:\/\/eldigitaldeasturias.com\/magazine365\/patronal-y-sindicatos-europeos-firman-un-manifiesto-para-reclamar-la-regulacion-de-la-economia-colaborativa\/","name":"Patronal y sindicatos europeos firman un manifiesto para reclamar la regulaci\u00f3n de la econom\u00eda colaborativa | El Digital de Asturias","description":"Patronal y sindicatos europeos del sector de la hosteler\u00eda han firmado este lunes en Bruselas un manifiesto en contra de la econom\u00eda sumergida y la falta de regulaci\u00f3n de la econom\u00eda colaborativa, en el que piden que se \"nivelen las reglas\" de actuaci\u00f3n. En el documento, firmado por la Organizaci\u00f3n Empresarial Europea de Hoteles, Restaurantes","inLanguage":"es-ES","isPartOf":{"@id":"https:\/\/eldigitaldeasturias.com\/magazine365\/#website"},"breadcrumb":{"@id":"https:\/\/eldigitaldeasturias.com\/magazine365\/patronal-y-sindicatos-europeos-firman-un-manifiesto-para-reclamar-la-regulacion-de-la-economia-colaborativa\/#breadcrumblist"},"author":{"@id":"https:\/\/eldigitaldeasturias.com\/magazine365\/author\/admin\/#author"},"creator":{"@id":"https:\/\/eldigitaldeasturias.com\/magazine365\/author\/admin\/#author"},"image":{"@type":"ImageObject","url":"https:\/\/eldigitaldeasturias.com\/magazine365\/wp-content\/uploads\/2015\/12\/fotonoticia_20151214172257_800.jpg","@id":"https:\/\/eldigitaldeasturias.com\/magazine365\/patronal-y-sindicatos-europeos-firman-un-manifiesto-para-reclamar-la-regulacion-de-la-economia-colaborativa\/#mainImage","width":800,"height":600},"primaryImageOfPage":{"@id":"https:\/\/eldigitaldeasturias.com\/magazine365\/patronal-y-sindicatos-europeos-firman-un-manifiesto-para-reclamar-la-regulacion-de-la-economia-colaborativa\/#mainImage"},"datePublished":"2015-12-15T13:18:50+01:00","dateModified":"2015-12-15T13:18:50+01:00"},{"@type":"WebSite","@id":"https:\/\/eldigitaldeasturias.com\/magazine365\/#website","url":"https:\/\/eldigitaldeasturias.com\/magazine365\/","name":"El Digital de Asturias","description":"Revista de ocio, turismo y estilo de vida","inLanguage":"es-ES","publisher":{"@id":"https:\/\/eldigitaldeasturias.com\/magazine365\/#organization"}}]},"og:locale":"es_ES","og:site_name":"El Digital de Asturias \u2013 Revista de ocio, turismo y estilo de vida","og:type":"article","og:title":"Patronal y sindicatos europeos firman un manifiesto para reclamar la regulaci\u00f3n de la econom\u00eda colaborativa | El Digital de Asturias","og:description":"Patronal y sindicatos europeos del sector de la hosteler\u00eda han firmado este lunes en Bruselas un manifiesto en contra de la econom\u00eda sumergida y la falta de regulaci\u00f3n de la econom\u00eda colaborativa, en el que piden que se &quot;nivelen las reglas&quot; de actuaci\u00f3n. En el documento, firmado por la Organizaci\u00f3n Empresarial Europea de Hoteles, Restaurantes","og:url":"https:\/\/eldigitaldeasturias.com\/magazine365\/patronal-y-sindicatos-europeos-firman-un-manifiesto-para-reclamar-la-regulacion-de-la-economia-colaborativa\/","og:image":"https:\/\/eldigitaldeasturias.com\/magazine365\/wp-content\/uploads\/2015\/12\/fotonoticia_20151214172257_800.jpg","og:image:secure_url":"https:\/\/eldigitaldeasturias.com\/magazine365\/wp-content\/uploads\/2015\/12\/fotonoticia_20151214172257_800.jpg","og:image:width":800,"og:image:height":600,"article:published_time":"2015-12-15T12:18:50+00:00","article:modified_time":"2015-12-15T12:18:50+00:00","twitter:card":"summary_large_image","twitter:title":"Patronal y sindicatos europeos firman un manifiesto para reclamar la regulaci\u00f3n de la econom\u00eda colaborativa | El Digital de Asturias","twitter:description":"Patronal y sindicatos europeos del sector de la hosteler\u00eda han firmado este lunes en Bruselas un manifiesto en contra de la econom\u00eda sumergida y la falta de regulaci\u00f3n de la econom\u00eda colaborativa, en el que piden que se &quot;nivelen las reglas&quot; de actuaci\u00f3n. En el documento, firmado por la Organizaci\u00f3n Empresarial Europea de Hoteles, Restaurantes","twitter:image":"https:\/\/eldigitaldeasturias.com\/magazine365\/wp-content\/uploads\/2015\/12\/fotonoticia_20151214172257_800.jpg"},"aioseo_meta_data":{"post_id":"58427","title":null,"description":null,"keywords":null,"keyphrases":null,"primary_term":null,"canonical_url":null,"og_title":null,"og_description":null,"og_object_type":"default","og_image_type":"default","og_image_url":null,"og_image_width":null,"og_image_height":null,"og_image_custom_url":null,"og_image_custom_fields":null,"og_video":null,"og_custom_url":null,"og_article_section":null,"og_article_tags":null,"twitter_use_og":false,"twitter_card":"default","twitter_image_type":"default","twitter_image_url":null,"twitter_image_custom_url":null,"twitter_image_custom_fields":null,"twitter_title":null,"twitter_description":null,"schema":{"blockGraphs":[],"customGraphs":[],"default":{"data":{"Article":[],"Course":[],"Dataset":[],"FAQPage":[],"Movie":[],"Person":[],"Product":[],"ProductReview":[],"Car":[],"Recipe":[],"Service":[],"SoftwareApplication":[],"WebPage":[]},"graphName":"","isEnabled":true},"graphs":[],"defaultGraph":"","defaultPostTypeGraph":""},"schema_type":null,"schema_type_options":null,"pillar_content":false,"robots_default":true,"robots_noindex":false,"robots_noarchive":false,"robots_nosnippet":false,"robots_nofollow":false,"robots_noimageindex":false,"robots_noodp":false,"robots_notranslate":false,"robots_max_snippet":null,"robots_max_videopreview":null,"robots_max_imagepreview":"large","priority":null,"frequency":null,"location":null,"local_seo":null,"seo_analyzer_scan_date":"2025-09-25 02:59:36","breadcrumb_settings":null,"limit_modified_date":false,"open_ai":null,"ai":null,"created":"2021-03-08 22:29:55","updated":"2025-09-25 02:59:36"},"aioseo_breadcrumb":"<div class=\"aioseo-breadcrumbs\"><span class=\"aioseo-breadcrumb\">\n\t<a href=\"https:\/\/eldigitaldeasturias.com\/magazine365\" title=\"Home\">Home<\/a>\n<\/span><span class=\"aioseo-breadcrumb-separator\">\u2013<\/span><span class=\"aioseo-breadcrumb\">\n\t<a href=\"https:\/\/eldigitaldeasturias.com\/magazine365\/category\/noticias-actualidad\/\" title=\"Noticias y Actualidad\">Noticias y Actualidad<\/a>\n<\/span><span class=\"aioseo-breadcrumb-separator\">\u2013<\/span><span class=\"aioseo-breadcrumb\">\n\t<a href=\"https:\/\/eldigitaldeasturias.com\/magazine365\/patronal-y-sindicatos-europeos-firman-un-manifiesto-para-reclamar-la-regulacion-de-la-economia-colaborativa\/\" title=\"Patronal y sindicatos europeos firman un manifiesto para reclamar la regulaci\u00f3n de la econom\u00eda colaborativa\">Patronal y sindicatos europeos firman un manifiesto para reclamar la regulaci\u00f3n de la econom\u00eda colaborativa<\/a>\n<\/span><\/div>","aioseo_breadcrumb_json":[{"label":"Home","link":"https:\/\/eldigitaldeasturias.com\/magazine365"},{"label":"Noticias y Actualidad","link":"https:\/\/eldigitaldeasturias.com\/magazine365\/category\/noticias-actualidad\/"},{"label":"Patronal y sindicatos europeos firman un manifiesto para reclamar la regulaci\u00f3n de la econom\u00eda colaborativa","link":"https:\/\/eldigitaldeasturias.com\/magazine365\/patronal-y-sindicatos-europeos-firman-un-manifiesto-para-reclamar-la-regulacion-de-la-economia-colaborativa\/"}],"_links":{"self":[{"href":"https:\/\/eldigitaldeasturias.com\/magazine365\/wp-json\/wp\/v2\/posts\/58427","targetHints":{"allow":["GET"]}}],"collection":[{"href":"https:\/\/eldigitaldeasturias.com\/magazine365\/wp-json\/wp\/v2\/posts"}],"about":[{"href":"https:\/\/eldigitaldeasturias.com\/magazine365\/wp-json\/wp\/v2\/types\/post"}],"author":[{"embeddable":true,"href":"https:\/\/eldigitaldeasturias.com\/magazine365\/wp-json\/wp\/v2\/users\/1"}],"replies":[{"embeddable":true,"href":"https:\/\/eldigitaldeasturias.com\/magazine365\/wp-json\/wp\/v2\/comments?post=58427"}],"version-history":[{"count":0,"href":"https:\/\/eldigitaldeasturias.com\/magazine365\/wp-json\/wp\/v2\/posts\/58427\/revisions"}],"wp:featuredmedia":[{"embeddable":true,"href":"https:\/\/eldigitaldeasturias.com\/magazine365\/wp-json\/wp\/v2\/media\/58428"}],"wp:attachment":[{"href":"https:\/\/eldigitaldeasturias.com\/magazine365\/wp-json\/wp\/v2\/media?parent=58427"}],"wp:term":[{"taxonomy":"category","embeddable":true,"href":"https:\/\/eldigitaldeasturias.com\/magazine365\/wp-json\/wp\/v2\/categories?post=58427"},{"taxonomy":"post_tag","embeddable":true,"href":"https:\/\/eldigitaldeasturias.com\/magazine365\/wp-json\/wp\/v2\/tags?post=58427"}],"curies":[{"name":"wp","href":"https:\/\/api.w.org\/{rel}","templated":true}]}}