{"id":58420,"date":"2015-12-15T07:54:49","date_gmt":"2015-12-15T06:54:49","guid":{"rendered":"http:\/\/eldigitaldeasturias.com\/magazine365\/?p=58420"},"modified":"2015-12-15T07:54:49","modified_gmt":"2015-12-15T06:54:49","slug":"la-diputacion-de-toledo-se-reune-con-aspaym-para-buscar-vias-de-cooperacion","status":"publish","type":"post","link":"https:\/\/eldigitaldeasturias.com\/magazine365\/la-diputacion-de-toledo-se-reune-con-aspaym-para-buscar-vias-de-cooperacion\/","title":{"rendered":"La Diputaci\u00f3n de Toledo se re\u00fane con Aspaym para buscar v\u00edas de cooperaci\u00f3n"},"content":{"rendered":"<p><img fetchpriority=\"high\" decoding=\"async\" class=\"alignleft size-medium wp-image-58421\" src=\"https:\/\/eldigitaldeasturias.com\/magazine365\/wp-content\/uploads\/2015\/12\/fotonoticia_20151214155504_800-360x241.jpg\" alt=\"fotonoticia_20151214155504_800\" width=\"360\" height=\"241\" srcset=\"https:\/\/eldigitaldeasturias.com\/magazine365\/wp-content\/uploads\/2015\/12\/fotonoticia_20151214155504_800-360x241.jpg 360w, https:\/\/eldigitaldeasturias.com\/magazine365\/wp-content\/uploads\/2015\/12\/fotonoticia_20151214155504_800-650x435.jpg 650w, https:\/\/eldigitaldeasturias.com\/magazine365\/wp-content\/uploads\/2015\/12\/fotonoticia_20151214155504_800-768x514.jpg 768w, https:\/\/eldigitaldeasturias.com\/magazine365\/wp-content\/uploads\/2015\/12\/fotonoticia_20151214155504_800-150x100.jpg 150w, https:\/\/eldigitaldeasturias.com\/magazine365\/wp-content\/uploads\/2015\/12\/fotonoticia_20151214155504_800-450x301.jpg 450w, https:\/\/eldigitaldeasturias.com\/magazine365\/wp-content\/uploads\/2015\/12\/fotonoticia_20151214155504_800-696x465.jpg 696w, https:\/\/eldigitaldeasturias.com\/magazine365\/wp-content\/uploads\/2015\/12\/fotonoticia_20151214155504_800-628x420.jpg 628w, https:\/\/eldigitaldeasturias.com\/magazine365\/wp-content\/uploads\/2015\/12\/fotonoticia_20151214155504_800-84x55.jpg 84w, https:\/\/eldigitaldeasturias.com\/magazine365\/wp-content\/uploads\/2015\/12\/fotonoticia_20151214155504_800.jpg 800w\" sizes=\"(max-width: 360px) 100vw, 360px\" \/>La vicepresidenta de Cultura, Educaci\u00f3n, Turismo y Deportes de la Diputaci\u00f3n de Toledo, Mar\u00eda \u00c1ngeles Garc\u00eda; el presidente de la Asociaci\u00f3n de Parapl\u00e9jicos de Toledo, Jos\u00e9 Ram\u00f3n del Pino; y la coordinadora, Mar\u00eda Muelas, han mantenido una reuni\u00f3n que ha versado sobre la b\u00fasqueda de canales de cooperaci\u00f3n en las acciones y actividades deportivas de la Asociaci\u00f3n ASPAYM Toledo, representante de los Lesionados Medulares y Grandes Discapacitados F\u00edsicos.<\/p>\n<p>El objetivo de esta reuni\u00f3n ha sido encontrar puntos de encuentro en aquellas actividades desarrolladas por la Asociaci\u00f3n que tienen que ver con el \u00e1mbito de competencias del \u00e1rea que coordina Mar\u00eda \u00c1ngeles Garc\u00eda, seg\u00fan ha explicado la Diputaci\u00f3n de Toledo en nota de prensa.<\/p>\n<p>La Asociaci\u00f3n de Lesionados Medulares, desde el departamento de deportes, ha recibido informaci\u00f3n en torno a la organizaci\u00f3n y desarrollo del Torneo Nacional de P\u00e1del Adaptado en Silla de Ruedas, que organiza ASPAYM en Toledo y que el a\u00f1o pr\u00f3ximo cumplir\u00eda su tercera edici\u00f3n.<\/p>\n<p>La vicepresidenta de la Diputaci\u00f3n, que ha mostrado inter\u00e9s las actividades deportivas y de ocio de la Asociaci\u00f3n, se ha comprometido a estudiar la posibilidad de contribuir a la integraci\u00f3n real y autonom\u00eda de personas que sufren una discapacidad y precisan de ayudas para mejorar la movilidad, coordinaci\u00f3n y equilibrio de estas personas.<\/p>\n<p>Mar\u00eda \u00c1ngeles Garc\u00eda y Jos\u00e9 Ram\u00f3n del Pino han profundizado tambi\u00e9n sobre las diversas actividades llevadas a cabo por ASPAYM Toledo, de tal modo que la vicepresidenta ha conocido los programas y proyectos que tienen que ver con la informaci\u00f3n, orientaci\u00f3n, prevenci\u00f3n y asesoramiento, as\u00ed como la atenci\u00f3n, formaci\u00f3n y empleo, transporte adaptado, acceso a la vivienda, accesibilidad, voluntariado y fomento de la integraci\u00f3n.<\/p>\n","protected":false},"excerpt":{"rendered":"<p>La vicepresidenta de Cultura, Educaci\u00f3n, Turismo y Deportes de la Diputaci\u00f3n de Toledo, Mar\u00eda \u00c1ngeles Garc\u00eda; el presidente de la Asociaci\u00f3n de Parapl\u00e9jicos de Toledo, Jos\u00e9 Ram\u00f3n del Pino; y la coordinadora, Mar\u00eda Muelas, han mantenido una reuni\u00f3n que ha versado sobre la b\u00fasqueda de canales de cooperaci\u00f3n en las acciones y actividades deportivas de<\/p>\n","protected":false},"author":1,"featured_media":58421,"comment_status":"open","ping_status":"closed","sticky":false,"template":"","format":"standard","meta":{"footnotes":""},"categories":[224],"tags":[],"class_list":{"0":"post-58420","1":"post","2":"type-post","3":"status-publish","4":"format-standard","5":"has-post-thumbnail","7":"category-noticias-actualidad"},"aioseo_notices":[],"aioseo_head":"\n\t\t<!-- All in One SEO Pro 4.9.6.1 - aioseo.com -->\n\t<meta name=\"description\" content=\"La vicepresidenta de Cultura, Educaci\u00f3n, Turismo y Deportes de la Diputaci\u00f3n de Toledo, Mar\u00eda \u00c1ngeles Garc\u00eda; el presidente de la Asociaci\u00f3n de Parapl\u00e9jicos de Toledo, Jos\u00e9 Ram\u00f3n del Pino; y la coordinadora, Mar\u00eda Muelas, han mantenido una reuni\u00f3n que ha versado sobre la b\u00fasqueda de canales de cooperaci\u00f3n en las acciones y actividades deportivas de\" \/>\n\t<meta name=\"robots\" content=\"max-image-preview:large\" \/>\n\t<meta name=\"author\" content=\"admin\"\/>\n\t<meta name=\"google-site-verification\" content=\"UA-38556648-1\" \/>\n\t<meta name=\"keywords\" content=\"noticias y actualidad\" \/>\n\t<link rel=\"canonical\" href=\"https:\/\/eldigitaldeasturias.com\/magazine365\/la-diputacion-de-toledo-se-reune-con-aspaym-para-buscar-vias-de-cooperacion\/\" \/>\n\t<meta name=\"generator\" content=\"All in One SEO Pro (AIOSEO) 4.9.6.1\" \/>\n\t\t<meta property=\"og:locale\" content=\"es_ES\" \/>\n\t\t<meta property=\"og:site_name\" content=\"El Digital de Asturias \u2013 Revista de ocio, turismo y estilo de vida\" \/>\n\t\t<meta property=\"og:type\" content=\"article\" \/>\n\t\t<meta property=\"og:title\" content=\"La Diputaci\u00f3n de Toledo se re\u00fane con Aspaym para buscar v\u00edas de cooperaci\u00f3n | El Digital de Asturias\" \/>\n\t\t<meta property=\"og:description\" content=\"La vicepresidenta de Cultura, Educaci\u00f3n, Turismo y Deportes de la Diputaci\u00f3n de Toledo, Mar\u00eda \u00c1ngeles Garc\u00eda; el presidente de la Asociaci\u00f3n de Parapl\u00e9jicos de Toledo, Jos\u00e9 Ram\u00f3n del Pino; y la coordinadora, Mar\u00eda Muelas, han mantenido una reuni\u00f3n que ha versado sobre la b\u00fasqueda de canales de cooperaci\u00f3n en las acciones y actividades deportivas de\" \/>\n\t\t<meta property=\"og:url\" content=\"https:\/\/eldigitaldeasturias.com\/magazine365\/la-diputacion-de-toledo-se-reune-con-aspaym-para-buscar-vias-de-cooperacion\/\" \/>\n\t\t<meta property=\"og:image\" content=\"https:\/\/eldigitaldeasturias.com\/magazine365\/wp-content\/uploads\/2015\/12\/fotonoticia_20151214155504_800.jpg\" \/>\n\t\t<meta property=\"og:image:secure_url\" content=\"https:\/\/eldigitaldeasturias.com\/magazine365\/wp-content\/uploads\/2015\/12\/fotonoticia_20151214155504_800.jpg\" \/>\n\t\t<meta property=\"og:image:width\" content=\"800\" \/>\n\t\t<meta property=\"og:image:height\" content=\"535\" \/>\n\t\t<meta property=\"article:published_time\" content=\"2015-12-15T06:54:49+00:00\" \/>\n\t\t<meta property=\"article:modified_time\" content=\"2015-12-15T06:54:49+00:00\" \/>\n\t\t<meta name=\"twitter:card\" content=\"summary_large_image\" \/>\n\t\t<meta name=\"twitter:title\" content=\"La Diputaci\u00f3n de Toledo se re\u00fane con Aspaym para buscar v\u00edas de cooperaci\u00f3n | El Digital de Asturias\" \/>\n\t\t<meta name=\"twitter:description\" content=\"La vicepresidenta de Cultura, Educaci\u00f3n, Turismo y Deportes de la Diputaci\u00f3n de Toledo, Mar\u00eda \u00c1ngeles Garc\u00eda; el presidente de la Asociaci\u00f3n de Parapl\u00e9jicos de Toledo, Jos\u00e9 Ram\u00f3n del Pino; y la coordinadora, Mar\u00eda Muelas, han mantenido una reuni\u00f3n que ha versado sobre la b\u00fasqueda de canales de cooperaci\u00f3n en las acciones y actividades deportivas de\" \/>\n\t\t<meta name=\"twitter:image\" content=\"https:\/\/eldigitaldeasturias.com\/magazine365\/wp-content\/uploads\/2015\/12\/fotonoticia_20151214155504_800.jpg\" \/>\n\t\t<script type=\"application\/ld+json\" class=\"aioseo-schema\">\n\t\t\t{\"@context\":\"https:\\\/\\\/schema.org\",\"@graph\":[{\"@type\":\"Article\",\"@id\":\"https:\\\/\\\/eldigitaldeasturias.com\\\/magazine365\\\/la-diputacion-de-toledo-se-reune-con-aspaym-para-buscar-vias-de-cooperacion\\\/#article\",\"name\":\"La Diputaci\\u00f3n de Toledo se re\\u00fane con Aspaym para buscar v\\u00edas de cooperaci\\u00f3n | El Digital de Asturias\",\"headline\":\"La Diputaci\\u00f3n de Toledo se re\\u00fane con Aspaym para buscar v\\u00edas de cooperaci\\u00f3n\",\"author\":{\"@id\":\"https:\\\/\\\/eldigitaldeasturias.com\\\/magazine365\\\/author\\\/admin\\\/#author\"},\"publisher\":{\"@id\":\"https:\\\/\\\/eldigitaldeasturias.com\\\/magazine365\\\/#organization\"},\"image\":{\"@type\":\"ImageObject\",\"url\":\"https:\\\/\\\/eldigitaldeasturias.com\\\/magazine365\\\/wp-content\\\/uploads\\\/2015\\\/12\\\/fotonoticia_20151214155504_800.jpg\",\"width\":800,\"height\":535},\"datePublished\":\"2015-12-15T07:54:49+01:00\",\"dateModified\":\"2015-12-15T07:54:49+01:00\",\"inLanguage\":\"es-ES\",\"mainEntityOfPage\":{\"@id\":\"https:\\\/\\\/eldigitaldeasturias.com\\\/magazine365\\\/la-diputacion-de-toledo-se-reune-con-aspaym-para-buscar-vias-de-cooperacion\\\/#webpage\"},\"isPartOf\":{\"@id\":\"https:\\\/\\\/eldigitaldeasturias.com\\\/magazine365\\\/la-diputacion-de-toledo-se-reune-con-aspaym-para-buscar-vias-de-cooperacion\\\/#webpage\"},\"articleSection\":\"Noticias y Actualidad\"},{\"@type\":\"BreadcrumbList\",\"@id\":\"https:\\\/\\\/eldigitaldeasturias.com\\\/magazine365\\\/la-diputacion-de-toledo-se-reune-con-aspaym-para-buscar-vias-de-cooperacion\\\/#breadcrumblist\",\"itemListElement\":[{\"@type\":\"ListItem\",\"@id\":\"https:\\\/\\\/eldigitaldeasturias.com\\\/magazine365#listItem\",\"position\":1,\"name\":\"Home\",\"item\":\"https:\\\/\\\/eldigitaldeasturias.com\\\/magazine365\",\"nextItem\":{\"@type\":\"ListItem\",\"@id\":\"https:\\\/\\\/eldigitaldeasturias.com\\\/magazine365\\\/category\\\/noticias-actualidad\\\/#listItem\",\"name\":\"Noticias y Actualidad\"}},{\"@type\":\"ListItem\",\"@id\":\"https:\\\/\\\/eldigitaldeasturias.com\\\/magazine365\\\/category\\\/noticias-actualidad\\\/#listItem\",\"position\":2,\"name\":\"Noticias y Actualidad\",\"item\":\"https:\\\/\\\/eldigitaldeasturias.com\\\/magazine365\\\/category\\\/noticias-actualidad\\\/\",\"nextItem\":{\"@type\":\"ListItem\",\"@id\":\"https:\\\/\\\/eldigitaldeasturias.com\\\/magazine365\\\/la-diputacion-de-toledo-se-reune-con-aspaym-para-buscar-vias-de-cooperacion\\\/#listItem\",\"name\":\"La Diputaci\\u00f3n de Toledo se re\\u00fane con Aspaym para buscar v\\u00edas de cooperaci\\u00f3n\"},\"previousItem\":{\"@type\":\"ListItem\",\"@id\":\"https:\\\/\\\/eldigitaldeasturias.com\\\/magazine365#listItem\",\"name\":\"Home\"}},{\"@type\":\"ListItem\",\"@id\":\"https:\\\/\\\/eldigitaldeasturias.com\\\/magazine365\\\/la-diputacion-de-toledo-se-reune-con-aspaym-para-buscar-vias-de-cooperacion\\\/#listItem\",\"position\":3,\"name\":\"La Diputaci\\u00f3n de Toledo se re\\u00fane con Aspaym para buscar v\\u00edas de cooperaci\\u00f3n\",\"previousItem\":{\"@type\":\"ListItem\",\"@id\":\"https:\\\/\\\/eldigitaldeasturias.com\\\/magazine365\\\/category\\\/noticias-actualidad\\\/#listItem\",\"name\":\"Noticias y Actualidad\"}}]},{\"@type\":\"Organization\",\"@id\":\"https:\\\/\\\/eldigitaldeasturias.com\\\/magazine365\\\/#organization\",\"name\":\"El digital de Asturias\",\"description\":\"Revista de ocio, turismo y estilo de vida\",\"url\":\"https:\\\/\\\/eldigitaldeasturias.com\\\/magazine365\\\/\",\"logo\":{\"@type\":\"ImageObject\",\"url\":\"https:\\\/\\\/www.eldigitaldeasturias.com\\\/noticias\\\/wp-content\\\/uploads\\\/2020\\\/12\\\/EDA.jpg\",\"@id\":\"https:\\\/\\\/eldigitaldeasturias.com\\\/magazine365\\\/la-diputacion-de-toledo-se-reune-con-aspaym-para-buscar-vias-de-cooperacion\\\/#organizationLogo\"},\"image\":{\"@id\":\"https:\\\/\\\/eldigitaldeasturias.com\\\/magazine365\\\/la-diputacion-de-toledo-se-reune-con-aspaym-para-buscar-vias-de-cooperacion\\\/#organizationLogo\"}},{\"@type\":\"Person\",\"@id\":\"https:\\\/\\\/eldigitaldeasturias.com\\\/magazine365\\\/author\\\/admin\\\/#author\",\"url\":\"https:\\\/\\\/eldigitaldeasturias.com\\\/magazine365\\\/author\\\/admin\\\/\",\"name\":\"admin\",\"image\":{\"@type\":\"ImageObject\",\"@id\":\"https:\\\/\\\/eldigitaldeasturias.com\\\/magazine365\\\/la-diputacion-de-toledo-se-reune-con-aspaym-para-buscar-vias-de-cooperacion\\\/#authorImage\",\"url\":\"https:\\\/\\\/eldigitaldeasturias.com\\\/magazine365\\\/wp-content\\\/litespeed\\\/avatar\\\/e571bcf59a0edd6fa6838245a470f2fe.jpg?ver=1777574230\",\"width\":96,\"height\":96,\"caption\":\"admin\"}},{\"@type\":\"WebPage\",\"@id\":\"https:\\\/\\\/eldigitaldeasturias.com\\\/magazine365\\\/la-diputacion-de-toledo-se-reune-con-aspaym-para-buscar-vias-de-cooperacion\\\/#webpage\",\"url\":\"https:\\\/\\\/eldigitaldeasturias.com\\\/magazine365\\\/la-diputacion-de-toledo-se-reune-con-aspaym-para-buscar-vias-de-cooperacion\\\/\",\"name\":\"La Diputaci\\u00f3n de Toledo se re\\u00fane con Aspaym para buscar v\\u00edas de cooperaci\\u00f3n | El Digital de Asturias\",\"description\":\"La vicepresidenta de Cultura, Educaci\\u00f3n, Turismo y Deportes de la Diputaci\\u00f3n de Toledo, Mar\\u00eda \\u00c1ngeles Garc\\u00eda; el presidente de la Asociaci\\u00f3n de Parapl\\u00e9jicos de Toledo, Jos\\u00e9 Ram\\u00f3n del Pino; y la coordinadora, Mar\\u00eda Muelas, han mantenido una reuni\\u00f3n que ha versado sobre la b\\u00fasqueda de canales de cooperaci\\u00f3n en las acciones y actividades deportivas de\",\"inLanguage\":\"es-ES\",\"isPartOf\":{\"@id\":\"https:\\\/\\\/eldigitaldeasturias.com\\\/magazine365\\\/#website\"},\"breadcrumb\":{\"@id\":\"https:\\\/\\\/eldigitaldeasturias.com\\\/magazine365\\\/la-diputacion-de-toledo-se-reune-con-aspaym-para-buscar-vias-de-cooperacion\\\/#breadcrumblist\"},\"author\":{\"@id\":\"https:\\\/\\\/eldigitaldeasturias.com\\\/magazine365\\\/author\\\/admin\\\/#author\"},\"creator\":{\"@id\":\"https:\\\/\\\/eldigitaldeasturias.com\\\/magazine365\\\/author\\\/admin\\\/#author\"},\"image\":{\"@type\":\"ImageObject\",\"url\":\"https:\\\/\\\/eldigitaldeasturias.com\\\/magazine365\\\/wp-content\\\/uploads\\\/2015\\\/12\\\/fotonoticia_20151214155504_800.jpg\",\"@id\":\"https:\\\/\\\/eldigitaldeasturias.com\\\/magazine365\\\/la-diputacion-de-toledo-se-reune-con-aspaym-para-buscar-vias-de-cooperacion\\\/#mainImage\",\"width\":800,\"height\":535},\"primaryImageOfPage\":{\"@id\":\"https:\\\/\\\/eldigitaldeasturias.com\\\/magazine365\\\/la-diputacion-de-toledo-se-reune-con-aspaym-para-buscar-vias-de-cooperacion\\\/#mainImage\"},\"datePublished\":\"2015-12-15T07:54:49+01:00\",\"dateModified\":\"2015-12-15T07:54:49+01:00\"},{\"@type\":\"WebSite\",\"@id\":\"https:\\\/\\\/eldigitaldeasturias.com\\\/magazine365\\\/#website\",\"url\":\"https:\\\/\\\/eldigitaldeasturias.com\\\/magazine365\\\/\",\"name\":\"El Digital de Asturias\",\"description\":\"Revista de ocio, turismo y estilo de vida\",\"inLanguage\":\"es-ES\",\"publisher\":{\"@id\":\"https:\\\/\\\/eldigitaldeasturias.com\\\/magazine365\\\/#organization\"}}]}\n\t\t<\/script>\n\t\t<!-- All in One SEO Pro -->\r\n\t\t<title>La Diputaci\u00f3n de Toledo se re\u00fane con Aspaym para buscar v\u00edas de cooperaci\u00f3n | El Digital de Asturias<\/title>\n\n","aioseo_head_json":{"title":"La Diputaci\u00f3n de Toledo se re\u00fane con Aspaym para buscar v\u00edas de cooperaci\u00f3n | El Digital de Asturias","description":"La vicepresidenta de Cultura, Educaci\u00f3n, Turismo y Deportes de la Diputaci\u00f3n de Toledo, Mar\u00eda \u00c1ngeles Garc\u00eda; el presidente de la Asociaci\u00f3n de Parapl\u00e9jicos de Toledo, Jos\u00e9 Ram\u00f3n del Pino; y la coordinadora, Mar\u00eda Muelas, han mantenido una reuni\u00f3n que ha versado sobre la b\u00fasqueda de canales de cooperaci\u00f3n en las acciones y actividades deportivas de","canonical_url":"https:\/\/eldigitaldeasturias.com\/magazine365\/la-diputacion-de-toledo-se-reune-con-aspaym-para-buscar-vias-de-cooperacion\/","robots":"max-image-preview:large","keywords":"noticias y actualidad","webmasterTools":{"google-site-verification":"UA-38556648-1","miscellaneous":""},"schema":{"@context":"https:\/\/schema.org","@graph":[{"@type":"Article","@id":"https:\/\/eldigitaldeasturias.com\/magazine365\/la-diputacion-de-toledo-se-reune-con-aspaym-para-buscar-vias-de-cooperacion\/#article","name":"La Diputaci\u00f3n de Toledo se re\u00fane con Aspaym para buscar v\u00edas de cooperaci\u00f3n | El Digital de Asturias","headline":"La Diputaci\u00f3n de Toledo se re\u00fane con Aspaym para buscar v\u00edas de cooperaci\u00f3n","author":{"@id":"https:\/\/eldigitaldeasturias.com\/magazine365\/author\/admin\/#author"},"publisher":{"@id":"https:\/\/eldigitaldeasturias.com\/magazine365\/#organization"},"image":{"@type":"ImageObject","url":"https:\/\/eldigitaldeasturias.com\/magazine365\/wp-content\/uploads\/2015\/12\/fotonoticia_20151214155504_800.jpg","width":800,"height":535},"datePublished":"2015-12-15T07:54:49+01:00","dateModified":"2015-12-15T07:54:49+01:00","inLanguage":"es-ES","mainEntityOfPage":{"@id":"https:\/\/eldigitaldeasturias.com\/magazine365\/la-diputacion-de-toledo-se-reune-con-aspaym-para-buscar-vias-de-cooperacion\/#webpage"},"isPartOf":{"@id":"https:\/\/eldigitaldeasturias.com\/magazine365\/la-diputacion-de-toledo-se-reune-con-aspaym-para-buscar-vias-de-cooperacion\/#webpage"},"articleSection":"Noticias y Actualidad"},{"@type":"BreadcrumbList","@id":"https:\/\/eldigitaldeasturias.com\/magazine365\/la-diputacion-de-toledo-se-reune-con-aspaym-para-buscar-vias-de-cooperacion\/#breadcrumblist","itemListElement":[{"@type":"ListItem","@id":"https:\/\/eldigitaldeasturias.com\/magazine365#listItem","position":1,"name":"Home","item":"https:\/\/eldigitaldeasturias.com\/magazine365","nextItem":{"@type":"ListItem","@id":"https:\/\/eldigitaldeasturias.com\/magazine365\/category\/noticias-actualidad\/#listItem","name":"Noticias y Actualidad"}},{"@type":"ListItem","@id":"https:\/\/eldigitaldeasturias.com\/magazine365\/category\/noticias-actualidad\/#listItem","position":2,"name":"Noticias y Actualidad","item":"https:\/\/eldigitaldeasturias.com\/magazine365\/category\/noticias-actualidad\/","nextItem":{"@type":"ListItem","@id":"https:\/\/eldigitaldeasturias.com\/magazine365\/la-diputacion-de-toledo-se-reune-con-aspaym-para-buscar-vias-de-cooperacion\/#listItem","name":"La Diputaci\u00f3n de Toledo se re\u00fane con Aspaym para buscar v\u00edas de cooperaci\u00f3n"},"previousItem":{"@type":"ListItem","@id":"https:\/\/eldigitaldeasturias.com\/magazine365#listItem","name":"Home"}},{"@type":"ListItem","@id":"https:\/\/eldigitaldeasturias.com\/magazine365\/la-diputacion-de-toledo-se-reune-con-aspaym-para-buscar-vias-de-cooperacion\/#listItem","position":3,"name":"La Diputaci\u00f3n de Toledo se re\u00fane con Aspaym para buscar v\u00edas de cooperaci\u00f3n","previousItem":{"@type":"ListItem","@id":"https:\/\/eldigitaldeasturias.com\/magazine365\/category\/noticias-actualidad\/#listItem","name":"Noticias y Actualidad"}}]},{"@type":"Organization","@id":"https:\/\/eldigitaldeasturias.com\/magazine365\/#organization","name":"El digital de Asturias","description":"Revista de ocio, turismo y estilo de vida","url":"https:\/\/eldigitaldeasturias.com\/magazine365\/","logo":{"@type":"ImageObject","url":"https:\/\/www.eldigitaldeasturias.com\/noticias\/wp-content\/uploads\/2020\/12\/EDA.jpg","@id":"https:\/\/eldigitaldeasturias.com\/magazine365\/la-diputacion-de-toledo-se-reune-con-aspaym-para-buscar-vias-de-cooperacion\/#organizationLogo"},"image":{"@id":"https:\/\/eldigitaldeasturias.com\/magazine365\/la-diputacion-de-toledo-se-reune-con-aspaym-para-buscar-vias-de-cooperacion\/#organizationLogo"}},{"@type":"Person","@id":"https:\/\/eldigitaldeasturias.com\/magazine365\/author\/admin\/#author","url":"https:\/\/eldigitaldeasturias.com\/magazine365\/author\/admin\/","name":"admin","image":{"@type":"ImageObject","@id":"https:\/\/eldigitaldeasturias.com\/magazine365\/la-diputacion-de-toledo-se-reune-con-aspaym-para-buscar-vias-de-cooperacion\/#authorImage","url":"https:\/\/eldigitaldeasturias.com\/magazine365\/wp-content\/litespeed\/avatar\/e571bcf59a0edd6fa6838245a470f2fe.jpg?ver=1777574230","width":96,"height":96,"caption":"admin"}},{"@type":"WebPage","@id":"https:\/\/eldigitaldeasturias.com\/magazine365\/la-diputacion-de-toledo-se-reune-con-aspaym-para-buscar-vias-de-cooperacion\/#webpage","url":"https:\/\/eldigitaldeasturias.com\/magazine365\/la-diputacion-de-toledo-se-reune-con-aspaym-para-buscar-vias-de-cooperacion\/","name":"La Diputaci\u00f3n de Toledo se re\u00fane con Aspaym para buscar v\u00edas de cooperaci\u00f3n | El Digital de Asturias","description":"La vicepresidenta de Cultura, Educaci\u00f3n, Turismo y Deportes de la Diputaci\u00f3n de Toledo, Mar\u00eda \u00c1ngeles Garc\u00eda; el presidente de la Asociaci\u00f3n de Parapl\u00e9jicos de Toledo, Jos\u00e9 Ram\u00f3n del Pino; y la coordinadora, Mar\u00eda Muelas, han mantenido una reuni\u00f3n que ha versado sobre la b\u00fasqueda de canales de cooperaci\u00f3n en las acciones y actividades deportivas de","inLanguage":"es-ES","isPartOf":{"@id":"https:\/\/eldigitaldeasturias.com\/magazine365\/#website"},"breadcrumb":{"@id":"https:\/\/eldigitaldeasturias.com\/magazine365\/la-diputacion-de-toledo-se-reune-con-aspaym-para-buscar-vias-de-cooperacion\/#breadcrumblist"},"author":{"@id":"https:\/\/eldigitaldeasturias.com\/magazine365\/author\/admin\/#author"},"creator":{"@id":"https:\/\/eldigitaldeasturias.com\/magazine365\/author\/admin\/#author"},"image":{"@type":"ImageObject","url":"https:\/\/eldigitaldeasturias.com\/magazine365\/wp-content\/uploads\/2015\/12\/fotonoticia_20151214155504_800.jpg","@id":"https:\/\/eldigitaldeasturias.com\/magazine365\/la-diputacion-de-toledo-se-reune-con-aspaym-para-buscar-vias-de-cooperacion\/#mainImage","width":800,"height":535},"primaryImageOfPage":{"@id":"https:\/\/eldigitaldeasturias.com\/magazine365\/la-diputacion-de-toledo-se-reune-con-aspaym-para-buscar-vias-de-cooperacion\/#mainImage"},"datePublished":"2015-12-15T07:54:49+01:00","dateModified":"2015-12-15T07:54:49+01:00"},{"@type":"WebSite","@id":"https:\/\/eldigitaldeasturias.com\/magazine365\/#website","url":"https:\/\/eldigitaldeasturias.com\/magazine365\/","name":"El Digital de Asturias","description":"Revista de ocio, turismo y estilo de vida","inLanguage":"es-ES","publisher":{"@id":"https:\/\/eldigitaldeasturias.com\/magazine365\/#organization"}}]},"og:locale":"es_ES","og:site_name":"El Digital de Asturias \u2013 Revista de ocio, turismo y estilo de vida","og:type":"article","og:title":"La Diputaci\u00f3n de Toledo se re\u00fane con Aspaym para buscar v\u00edas de cooperaci\u00f3n | El Digital de Asturias","og:description":"La vicepresidenta de Cultura, Educaci\u00f3n, Turismo y Deportes de la Diputaci\u00f3n de Toledo, Mar\u00eda \u00c1ngeles Garc\u00eda; el presidente de la Asociaci\u00f3n de Parapl\u00e9jicos de Toledo, Jos\u00e9 Ram\u00f3n del Pino; y la coordinadora, Mar\u00eda Muelas, han mantenido una reuni\u00f3n que ha versado sobre la b\u00fasqueda de canales de cooperaci\u00f3n en las acciones y actividades deportivas de","og:url":"https:\/\/eldigitaldeasturias.com\/magazine365\/la-diputacion-de-toledo-se-reune-con-aspaym-para-buscar-vias-de-cooperacion\/","og:image":"https:\/\/eldigitaldeasturias.com\/magazine365\/wp-content\/uploads\/2015\/12\/fotonoticia_20151214155504_800.jpg","og:image:secure_url":"https:\/\/eldigitaldeasturias.com\/magazine365\/wp-content\/uploads\/2015\/12\/fotonoticia_20151214155504_800.jpg","og:image:width":800,"og:image:height":535,"article:published_time":"2015-12-15T06:54:49+00:00","article:modified_time":"2015-12-15T06:54:49+00:00","twitter:card":"summary_large_image","twitter:title":"La Diputaci\u00f3n de Toledo se re\u00fane con Aspaym para buscar v\u00edas de cooperaci\u00f3n | El Digital de Asturias","twitter:description":"La vicepresidenta de Cultura, Educaci\u00f3n, Turismo y Deportes de la Diputaci\u00f3n de Toledo, Mar\u00eda \u00c1ngeles Garc\u00eda; el presidente de la Asociaci\u00f3n de Parapl\u00e9jicos de Toledo, Jos\u00e9 Ram\u00f3n del Pino; y la coordinadora, Mar\u00eda Muelas, han mantenido una reuni\u00f3n que ha versado sobre la b\u00fasqueda de canales de cooperaci\u00f3n en las acciones y actividades deportivas de","twitter:image":"https:\/\/eldigitaldeasturias.com\/magazine365\/wp-content\/uploads\/2015\/12\/fotonoticia_20151214155504_800.jpg"},"aioseo_meta_data":{"post_id":"58420","title":null,"description":null,"keywords":null,"keyphrases":null,"primary_term":null,"canonical_url":null,"og_title":null,"og_description":null,"og_object_type":"default","og_image_type":"default","og_image_url":null,"og_image_width":null,"og_image_height":null,"og_image_custom_url":null,"og_image_custom_fields":null,"og_video":null,"og_custom_url":null,"og_article_section":null,"og_article_tags":null,"twitter_use_og":false,"twitter_card":"default","twitter_image_type":"default","twitter_image_url":null,"twitter_image_custom_url":null,"twitter_image_custom_fields":null,"twitter_title":null,"twitter_description":null,"schema":{"blockGraphs":[],"customGraphs":[],"default":{"data":{"Article":[],"Course":[],"Dataset":[],"FAQPage":[],"Movie":[],"Person":[],"Product":[],"ProductReview":[],"Car":[],"Recipe":[],"Service":[],"SoftwareApplication":[],"WebPage":[]},"graphName":"","isEnabled":true},"graphs":[],"defaultGraph":"","defaultPostTypeGraph":""},"schema_type":null,"schema_type_options":null,"pillar_content":false,"robots_default":true,"robots_noindex":false,"robots_noarchive":false,"robots_nosnippet":false,"robots_nofollow":false,"robots_noimageindex":false,"robots_noodp":false,"robots_notranslate":false,"robots_max_snippet":null,"robots_max_videopreview":null,"robots_max_imagepreview":"large","priority":null,"frequency":null,"location":null,"local_seo":null,"seo_analyzer_scan_date":"2025-09-25 02:58:08","breadcrumb_settings":null,"limit_modified_date":false,"open_ai":null,"ai":null,"created":"2021-03-08 22:29:55","updated":"2025-09-25 02:58:08"},"aioseo_breadcrumb":"<div class=\"aioseo-breadcrumbs\"><span class=\"aioseo-breadcrumb\">\n\t<a href=\"https:\/\/eldigitaldeasturias.com\/magazine365\" title=\"Home\">Home<\/a>\n<\/span><span class=\"aioseo-breadcrumb-separator\">\u2013<\/span><span class=\"aioseo-breadcrumb\">\n\t<a href=\"https:\/\/eldigitaldeasturias.com\/magazine365\/category\/noticias-actualidad\/\" title=\"Noticias y Actualidad\">Noticias y Actualidad<\/a>\n<\/span><span class=\"aioseo-breadcrumb-separator\">\u2013<\/span><span class=\"aioseo-breadcrumb\">\n\t<a href=\"https:\/\/eldigitaldeasturias.com\/magazine365\/la-diputacion-de-toledo-se-reune-con-aspaym-para-buscar-vias-de-cooperacion\/\" title=\"La Diputaci\u00f3n de Toledo se re\u00fane con Aspaym para buscar v\u00edas de cooperaci\u00f3n\">La Diputaci\u00f3n de Toledo se re\u00fane con Aspaym para buscar v\u00edas de cooperaci\u00f3n<\/a>\n<\/span><\/div>","aioseo_breadcrumb_json":[{"label":"Home","link":"https:\/\/eldigitaldeasturias.com\/magazine365"},{"label":"Noticias y Actualidad","link":"https:\/\/eldigitaldeasturias.com\/magazine365\/category\/noticias-actualidad\/"},{"label":"La Diputaci\u00f3n de Toledo se re\u00fane con Aspaym para buscar v\u00edas de cooperaci\u00f3n","link":"https:\/\/eldigitaldeasturias.com\/magazine365\/la-diputacion-de-toledo-se-reune-con-aspaym-para-buscar-vias-de-cooperacion\/"}],"_links":{"self":[{"href":"https:\/\/eldigitaldeasturias.com\/magazine365\/wp-json\/wp\/v2\/posts\/58420","targetHints":{"allow":["GET"]}}],"collection":[{"href":"https:\/\/eldigitaldeasturias.com\/magazine365\/wp-json\/wp\/v2\/posts"}],"about":[{"href":"https:\/\/eldigitaldeasturias.com\/magazine365\/wp-json\/wp\/v2\/types\/post"}],"author":[{"embeddable":true,"href":"https:\/\/eldigitaldeasturias.com\/magazine365\/wp-json\/wp\/v2\/users\/1"}],"replies":[{"embeddable":true,"href":"https:\/\/eldigitaldeasturias.com\/magazine365\/wp-json\/wp\/v2\/comments?post=58420"}],"version-history":[{"count":0,"href":"https:\/\/eldigitaldeasturias.com\/magazine365\/wp-json\/wp\/v2\/posts\/58420\/revisions"}],"wp:featuredmedia":[{"embeddable":true,"href":"https:\/\/eldigitaldeasturias.com\/magazine365\/wp-json\/wp\/v2\/media\/58421"}],"wp:attachment":[{"href":"https:\/\/eldigitaldeasturias.com\/magazine365\/wp-json\/wp\/v2\/media?parent=58420"}],"wp:term":[{"taxonomy":"category","embeddable":true,"href":"https:\/\/eldigitaldeasturias.com\/magazine365\/wp-json\/wp\/v2\/categories?post=58420"},{"taxonomy":"post_tag","embeddable":true,"href":"https:\/\/eldigitaldeasturias.com\/magazine365\/wp-json\/wp\/v2\/tags?post=58420"}],"curies":[{"name":"wp","href":"https:\/\/api.w.org\/{rel}","templated":true}]}}