{"id":58413,"date":"2015-12-15T07:44:58","date_gmt":"2015-12-15T06:44:58","guid":{"rendered":"http:\/\/eldigitaldeasturias.com\/magazine365\/?p=58413"},"modified":"2015-12-15T07:44:58","modified_gmt":"2015-12-15T06:44:58","slug":"egipto-descarta-que-el-avion-del-sinai-se-estrellara-por-una-accion-terrorista","status":"publish","type":"post","link":"https:\/\/eldigitaldeasturias.com\/magazine365\/egipto-descarta-que-el-avion-del-sinai-se-estrellara-por-una-accion-terrorista\/","title":{"rendered":"Egipto descarta que el avi\u00f3n del Sina\u00ed se estrellara por una acci\u00f3n terrorista"},"content":{"rendered":"<p><img fetchpriority=\"high\" decoding=\"async\" class=\"alignleft size-medium wp-image-58414\" src=\"https:\/\/eldigitaldeasturias.com\/magazine365\/wp-content\/uploads\/2015\/12\/fotonoticia_20151214150629_800-360x227.jpg\" alt=\"fotonoticia_20151214150629_800\" width=\"360\" height=\"227\" srcset=\"https:\/\/eldigitaldeasturias.com\/magazine365\/wp-content\/uploads\/2015\/12\/fotonoticia_20151214150629_800-360x227.jpg 360w, https:\/\/eldigitaldeasturias.com\/magazine365\/wp-content\/uploads\/2015\/12\/fotonoticia_20151214150629_800-650x410.jpg 650w, https:\/\/eldigitaldeasturias.com\/magazine365\/wp-content\/uploads\/2015\/12\/fotonoticia_20151214150629_800-768x484.jpg 768w, https:\/\/eldigitaldeasturias.com\/magazine365\/wp-content\/uploads\/2015\/12\/fotonoticia_20151214150629_800-150x95.jpg 150w, https:\/\/eldigitaldeasturias.com\/magazine365\/wp-content\/uploads\/2015\/12\/fotonoticia_20151214150629_800-450x284.jpg 450w, https:\/\/eldigitaldeasturias.com\/magazine365\/wp-content\/uploads\/2015\/12\/fotonoticia_20151214150629_800-696x438.jpg 696w, https:\/\/eldigitaldeasturias.com\/magazine365\/wp-content\/uploads\/2015\/12\/fotonoticia_20151214150629_800-667x420.jpg 667w, https:\/\/eldigitaldeasturias.com\/magazine365\/wp-content\/uploads\/2015\/12\/fotonoticia_20151214150629_800-269x170.jpg 269w, https:\/\/eldigitaldeasturias.com\/magazine365\/wp-content\/uploads\/2015\/12\/fotonoticia_20151214150629_800.jpg 800w\" sizes=\"(max-width: 360px) 100vw, 360px\" \/>El Ministerio de Aviaci\u00f3n de Egipto ha asegurado en su informe preliminar que no ha encontrado ninguna prueba sobre que apunte a una \u00abintervenci\u00f3n ilegal\u00bb o una \u00abacci\u00f3n terrorista\u00bb como causa de la ca\u00edda del avi\u00f3n que se estrell\u00f3 en la pen\u00ednsula del Sina\u00ed el 31 de octubre causando la muerte de 224 personas.<\/p>\n<p>\u00abEl comit\u00e9 t\u00e9cnico investigador no ha encontrado por el momento nada que indique una intervenci\u00f3n ilegal o una acci\u00f3n terrorista\u00bb, ha afirmado, en un comunicado, el Ministerio de Aviaci\u00f3n de Egipto.<\/p>\n<p>El Gobierno de Rusia y varios pa\u00edses occidentales han asegurado que el avi\u00f3n, un A321 operado por Metrojet, fue probablemente derribado por una bomba y Estado Isl\u00e1mico ha reivindicado la autor\u00eda del derribo, adem\u00e1s de mostrar una imagen del artefacto que habr\u00eda causado la explosi\u00f3n.<\/p>\n<p>La ca\u00edda del avi\u00f3n ha supuesto un varapalo para la industria tur\u00edstica de Egipto, un sector de mucha importancia en la econom\u00eda del pa\u00eds. El avi\u00f3n se estrell\u00f3 tras despegar desde Sharm el Sheij, una localidad del mar Rojo a la que acuden muchos turistas brit\u00e1nicos y rusos.<\/p>\n<p>El siniestro ha causado incertidumbre sobre la seguridad a\u00e9rea en Egipto y ha llevado a Rusia y a Reino Unido a suspender los vuelos con destino a Sharm al Sheij. Egipto est\u00e1 luchando contra insurgentes islamistas en la pen\u00ednsula del Sina\u00ed desde hace a\u00f1os. Estado Isl\u00e1mico ha asegurado que el atentado es la respuesta por los ataques de Rusia contra el grupo en territorio sirio.<\/p>\n","protected":false},"excerpt":{"rendered":"<p>El Ministerio de Aviaci\u00f3n de Egipto ha asegurado en su informe preliminar que no ha encontrado ninguna prueba sobre que apunte a una \u00abintervenci\u00f3n ilegal\u00bb o una \u00abacci\u00f3n terrorista\u00bb como causa de la ca\u00edda del avi\u00f3n que se estrell\u00f3 en la pen\u00ednsula del Sina\u00ed el 31 de octubre causando la muerte de 224 personas. \u00abEl<\/p>\n","protected":false},"author":1,"featured_media":58414,"comment_status":"open","ping_status":"closed","sticky":false,"template":"","format":"standard","meta":{"footnotes":""},"categories":[224],"tags":[],"class_list":{"0":"post-58413","1":"post","2":"type-post","3":"status-publish","4":"format-standard","5":"has-post-thumbnail","7":"category-noticias-actualidad"},"aioseo_notices":[],"aioseo_head":"\n\t\t<!-- All in One SEO Pro 4.9.6.1 - aioseo.com -->\n\t<meta name=\"description\" content=\"El Ministerio de Aviaci\u00f3n de Egipto ha asegurado en su informe preliminar que no ha encontrado ninguna prueba sobre que apunte a una &quot;intervenci\u00f3n ilegal&quot; o una &quot;acci\u00f3n terrorista&quot; como causa de la ca\u00edda del avi\u00f3n que se estrell\u00f3 en la pen\u00ednsula del Sina\u00ed el 31 de octubre causando la muerte de 224 personas. &quot;El\" \/>\n\t<meta name=\"robots\" content=\"max-image-preview:large\" \/>\n\t<meta name=\"author\" content=\"admin\"\/>\n\t<meta name=\"google-site-verification\" content=\"UA-38556648-1\" \/>\n\t<meta name=\"keywords\" content=\"noticias y actualidad\" \/>\n\t<link rel=\"canonical\" href=\"https:\/\/eldigitaldeasturias.com\/magazine365\/egipto-descarta-que-el-avion-del-sinai-se-estrellara-por-una-accion-terrorista\/\" \/>\n\t<meta name=\"generator\" content=\"All in One SEO Pro (AIOSEO) 4.9.6.1\" \/>\n\t\t<meta property=\"og:locale\" content=\"es_ES\" \/>\n\t\t<meta property=\"og:site_name\" content=\"El Digital de Asturias \u2013 Revista de ocio, turismo y estilo de vida\" \/>\n\t\t<meta property=\"og:type\" content=\"article\" \/>\n\t\t<meta property=\"og:title\" content=\"Egipto descarta que el avi\u00f3n del Sina\u00ed se estrellara por una acci\u00f3n terrorista | El Digital de Asturias\" \/>\n\t\t<meta property=\"og:description\" content=\"El Ministerio de Aviaci\u00f3n de Egipto ha asegurado en su informe preliminar que no ha encontrado ninguna prueba sobre que apunte a una &quot;intervenci\u00f3n ilegal&quot; o una &quot;acci\u00f3n terrorista&quot; como causa de la ca\u00edda del avi\u00f3n que se estrell\u00f3 en la pen\u00ednsula del Sina\u00ed el 31 de octubre causando la muerte de 224 personas. &quot;El\" \/>\n\t\t<meta property=\"og:url\" content=\"https:\/\/eldigitaldeasturias.com\/magazine365\/egipto-descarta-que-el-avion-del-sinai-se-estrellara-por-una-accion-terrorista\/\" \/>\n\t\t<meta property=\"og:image\" content=\"https:\/\/eldigitaldeasturias.com\/magazine365\/wp-content\/uploads\/2015\/12\/fotonoticia_20151214150629_800.jpg\" \/>\n\t\t<meta property=\"og:image:secure_url\" content=\"https:\/\/eldigitaldeasturias.com\/magazine365\/wp-content\/uploads\/2015\/12\/fotonoticia_20151214150629_800.jpg\" \/>\n\t\t<meta property=\"og:image:width\" content=\"800\" \/>\n\t\t<meta property=\"og:image:height\" content=\"504\" \/>\n\t\t<meta property=\"article:published_time\" content=\"2015-12-15T06:44:58+00:00\" \/>\n\t\t<meta property=\"article:modified_time\" content=\"2015-12-15T06:44:58+00:00\" \/>\n\t\t<meta name=\"twitter:card\" content=\"summary_large_image\" \/>\n\t\t<meta name=\"twitter:title\" content=\"Egipto descarta que el avi\u00f3n del Sina\u00ed se estrellara por una acci\u00f3n terrorista | El Digital de Asturias\" \/>\n\t\t<meta name=\"twitter:description\" content=\"El Ministerio de Aviaci\u00f3n de Egipto ha asegurado en su informe preliminar que no ha encontrado ninguna prueba sobre que apunte a una &quot;intervenci\u00f3n ilegal&quot; o una &quot;acci\u00f3n terrorista&quot; como causa de la ca\u00edda del avi\u00f3n que se estrell\u00f3 en la pen\u00ednsula del Sina\u00ed el 31 de octubre causando la muerte de 224 personas. &quot;El\" \/>\n\t\t<meta name=\"twitter:image\" content=\"https:\/\/eldigitaldeasturias.com\/magazine365\/wp-content\/uploads\/2015\/12\/fotonoticia_20151214150629_800.jpg\" \/>\n\t\t<script type=\"application\/ld+json\" class=\"aioseo-schema\">\n\t\t\t{\"@context\":\"https:\\\/\\\/schema.org\",\"@graph\":[{\"@type\":\"Article\",\"@id\":\"https:\\\/\\\/eldigitaldeasturias.com\\\/magazine365\\\/egipto-descarta-que-el-avion-del-sinai-se-estrellara-por-una-accion-terrorista\\\/#article\",\"name\":\"Egipto descarta que el avi\\u00f3n del Sina\\u00ed se estrellara por una acci\\u00f3n terrorista | El Digital de Asturias\",\"headline\":\"Egipto descarta que el avi\\u00f3n del Sina\\u00ed se estrellara por una acci\\u00f3n terrorista\",\"author\":{\"@id\":\"https:\\\/\\\/eldigitaldeasturias.com\\\/magazine365\\\/author\\\/admin\\\/#author\"},\"publisher\":{\"@id\":\"https:\\\/\\\/eldigitaldeasturias.com\\\/magazine365\\\/#organization\"},\"image\":{\"@type\":\"ImageObject\",\"url\":\"https:\\\/\\\/eldigitaldeasturias.com\\\/magazine365\\\/wp-content\\\/uploads\\\/2015\\\/12\\\/fotonoticia_20151214150629_800.jpg\",\"width\":800,\"height\":504},\"datePublished\":\"2015-12-15T07:44:58+01:00\",\"dateModified\":\"2015-12-15T07:44:58+01:00\",\"inLanguage\":\"es-ES\",\"mainEntityOfPage\":{\"@id\":\"https:\\\/\\\/eldigitaldeasturias.com\\\/magazine365\\\/egipto-descarta-que-el-avion-del-sinai-se-estrellara-por-una-accion-terrorista\\\/#webpage\"},\"isPartOf\":{\"@id\":\"https:\\\/\\\/eldigitaldeasturias.com\\\/magazine365\\\/egipto-descarta-que-el-avion-del-sinai-se-estrellara-por-una-accion-terrorista\\\/#webpage\"},\"articleSection\":\"Noticias y Actualidad\"},{\"@type\":\"BreadcrumbList\",\"@id\":\"https:\\\/\\\/eldigitaldeasturias.com\\\/magazine365\\\/egipto-descarta-que-el-avion-del-sinai-se-estrellara-por-una-accion-terrorista\\\/#breadcrumblist\",\"itemListElement\":[{\"@type\":\"ListItem\",\"@id\":\"https:\\\/\\\/eldigitaldeasturias.com\\\/magazine365#listItem\",\"position\":1,\"name\":\"Home\",\"item\":\"https:\\\/\\\/eldigitaldeasturias.com\\\/magazine365\",\"nextItem\":{\"@type\":\"ListItem\",\"@id\":\"https:\\\/\\\/eldigitaldeasturias.com\\\/magazine365\\\/category\\\/noticias-actualidad\\\/#listItem\",\"name\":\"Noticias y Actualidad\"}},{\"@type\":\"ListItem\",\"@id\":\"https:\\\/\\\/eldigitaldeasturias.com\\\/magazine365\\\/category\\\/noticias-actualidad\\\/#listItem\",\"position\":2,\"name\":\"Noticias y Actualidad\",\"item\":\"https:\\\/\\\/eldigitaldeasturias.com\\\/magazine365\\\/category\\\/noticias-actualidad\\\/\",\"nextItem\":{\"@type\":\"ListItem\",\"@id\":\"https:\\\/\\\/eldigitaldeasturias.com\\\/magazine365\\\/egipto-descarta-que-el-avion-del-sinai-se-estrellara-por-una-accion-terrorista\\\/#listItem\",\"name\":\"Egipto descarta que el avi\\u00f3n del Sina\\u00ed se estrellara por una acci\\u00f3n terrorista\"},\"previousItem\":{\"@type\":\"ListItem\",\"@id\":\"https:\\\/\\\/eldigitaldeasturias.com\\\/magazine365#listItem\",\"name\":\"Home\"}},{\"@type\":\"ListItem\",\"@id\":\"https:\\\/\\\/eldigitaldeasturias.com\\\/magazine365\\\/egipto-descarta-que-el-avion-del-sinai-se-estrellara-por-una-accion-terrorista\\\/#listItem\",\"position\":3,\"name\":\"Egipto descarta que el avi\\u00f3n del Sina\\u00ed se estrellara por una acci\\u00f3n terrorista\",\"previousItem\":{\"@type\":\"ListItem\",\"@id\":\"https:\\\/\\\/eldigitaldeasturias.com\\\/magazine365\\\/category\\\/noticias-actualidad\\\/#listItem\",\"name\":\"Noticias y Actualidad\"}}]},{\"@type\":\"Organization\",\"@id\":\"https:\\\/\\\/eldigitaldeasturias.com\\\/magazine365\\\/#organization\",\"name\":\"El digital de Asturias\",\"description\":\"Revista de ocio, turismo y estilo de vida\",\"url\":\"https:\\\/\\\/eldigitaldeasturias.com\\\/magazine365\\\/\",\"logo\":{\"@type\":\"ImageObject\",\"url\":\"https:\\\/\\\/www.eldigitaldeasturias.com\\\/noticias\\\/wp-content\\\/uploads\\\/2020\\\/12\\\/EDA.jpg\",\"@id\":\"https:\\\/\\\/eldigitaldeasturias.com\\\/magazine365\\\/egipto-descarta-que-el-avion-del-sinai-se-estrellara-por-una-accion-terrorista\\\/#organizationLogo\"},\"image\":{\"@id\":\"https:\\\/\\\/eldigitaldeasturias.com\\\/magazine365\\\/egipto-descarta-que-el-avion-del-sinai-se-estrellara-por-una-accion-terrorista\\\/#organizationLogo\"}},{\"@type\":\"Person\",\"@id\":\"https:\\\/\\\/eldigitaldeasturias.com\\\/magazine365\\\/author\\\/admin\\\/#author\",\"url\":\"https:\\\/\\\/eldigitaldeasturias.com\\\/magazine365\\\/author\\\/admin\\\/\",\"name\":\"admin\",\"image\":{\"@type\":\"ImageObject\",\"@id\":\"https:\\\/\\\/eldigitaldeasturias.com\\\/magazine365\\\/egipto-descarta-que-el-avion-del-sinai-se-estrellara-por-una-accion-terrorista\\\/#authorImage\",\"url\":\"https:\\\/\\\/eldigitaldeasturias.com\\\/magazine365\\\/wp-content\\\/litespeed\\\/avatar\\\/e571bcf59a0edd6fa6838245a470f2fe.jpg?ver=1777574230\",\"width\":96,\"height\":96,\"caption\":\"admin\"}},{\"@type\":\"WebPage\",\"@id\":\"https:\\\/\\\/eldigitaldeasturias.com\\\/magazine365\\\/egipto-descarta-que-el-avion-del-sinai-se-estrellara-por-una-accion-terrorista\\\/#webpage\",\"url\":\"https:\\\/\\\/eldigitaldeasturias.com\\\/magazine365\\\/egipto-descarta-que-el-avion-del-sinai-se-estrellara-por-una-accion-terrorista\\\/\",\"name\":\"Egipto descarta que el avi\\u00f3n del Sina\\u00ed se estrellara por una acci\\u00f3n terrorista | El Digital de Asturias\",\"description\":\"El Ministerio de Aviaci\\u00f3n de Egipto ha asegurado en su informe preliminar que no ha encontrado ninguna prueba sobre que apunte a una \\\"intervenci\\u00f3n ilegal\\\" o una \\\"acci\\u00f3n terrorista\\\" como causa de la ca\\u00edda del avi\\u00f3n que se estrell\\u00f3 en la pen\\u00ednsula del Sina\\u00ed el 31 de octubre causando la muerte de 224 personas. \\\"El\",\"inLanguage\":\"es-ES\",\"isPartOf\":{\"@id\":\"https:\\\/\\\/eldigitaldeasturias.com\\\/magazine365\\\/#website\"},\"breadcrumb\":{\"@id\":\"https:\\\/\\\/eldigitaldeasturias.com\\\/magazine365\\\/egipto-descarta-que-el-avion-del-sinai-se-estrellara-por-una-accion-terrorista\\\/#breadcrumblist\"},\"author\":{\"@id\":\"https:\\\/\\\/eldigitaldeasturias.com\\\/magazine365\\\/author\\\/admin\\\/#author\"},\"creator\":{\"@id\":\"https:\\\/\\\/eldigitaldeasturias.com\\\/magazine365\\\/author\\\/admin\\\/#author\"},\"image\":{\"@type\":\"ImageObject\",\"url\":\"https:\\\/\\\/eldigitaldeasturias.com\\\/magazine365\\\/wp-content\\\/uploads\\\/2015\\\/12\\\/fotonoticia_20151214150629_800.jpg\",\"@id\":\"https:\\\/\\\/eldigitaldeasturias.com\\\/magazine365\\\/egipto-descarta-que-el-avion-del-sinai-se-estrellara-por-una-accion-terrorista\\\/#mainImage\",\"width\":800,\"height\":504},\"primaryImageOfPage\":{\"@id\":\"https:\\\/\\\/eldigitaldeasturias.com\\\/magazine365\\\/egipto-descarta-que-el-avion-del-sinai-se-estrellara-por-una-accion-terrorista\\\/#mainImage\"},\"datePublished\":\"2015-12-15T07:44:58+01:00\",\"dateModified\":\"2015-12-15T07:44:58+01:00\"},{\"@type\":\"WebSite\",\"@id\":\"https:\\\/\\\/eldigitaldeasturias.com\\\/magazine365\\\/#website\",\"url\":\"https:\\\/\\\/eldigitaldeasturias.com\\\/magazine365\\\/\",\"name\":\"El Digital de Asturias\",\"description\":\"Revista de ocio, turismo y estilo de vida\",\"inLanguage\":\"es-ES\",\"publisher\":{\"@id\":\"https:\\\/\\\/eldigitaldeasturias.com\\\/magazine365\\\/#organization\"}}]}\n\t\t<\/script>\n\t\t<!-- All in One SEO Pro -->\r\n\t\t<title>Egipto descarta que el avi\u00f3n del Sina\u00ed se estrellara por una acci\u00f3n terrorista | El Digital de Asturias<\/title>\n\n","aioseo_head_json":{"title":"Egipto descarta que el avi\u00f3n del Sina\u00ed se estrellara por una acci\u00f3n terrorista | El Digital de Asturias","description":"El Ministerio de Aviaci\u00f3n de Egipto ha asegurado en su informe preliminar que no ha encontrado ninguna prueba sobre que apunte a una \"intervenci\u00f3n ilegal\" o una \"acci\u00f3n terrorista\" como causa de la ca\u00edda del avi\u00f3n que se estrell\u00f3 en la pen\u00ednsula del Sina\u00ed el 31 de octubre causando la muerte de 224 personas. \"El","canonical_url":"https:\/\/eldigitaldeasturias.com\/magazine365\/egipto-descarta-que-el-avion-del-sinai-se-estrellara-por-una-accion-terrorista\/","robots":"max-image-preview:large","keywords":"noticias y actualidad","webmasterTools":{"google-site-verification":"UA-38556648-1","miscellaneous":""},"schema":{"@context":"https:\/\/schema.org","@graph":[{"@type":"Article","@id":"https:\/\/eldigitaldeasturias.com\/magazine365\/egipto-descarta-que-el-avion-del-sinai-se-estrellara-por-una-accion-terrorista\/#article","name":"Egipto descarta que el avi\u00f3n del Sina\u00ed se estrellara por una acci\u00f3n terrorista | El Digital de Asturias","headline":"Egipto descarta que el avi\u00f3n del Sina\u00ed se estrellara por una acci\u00f3n terrorista","author":{"@id":"https:\/\/eldigitaldeasturias.com\/magazine365\/author\/admin\/#author"},"publisher":{"@id":"https:\/\/eldigitaldeasturias.com\/magazine365\/#organization"},"image":{"@type":"ImageObject","url":"https:\/\/eldigitaldeasturias.com\/magazine365\/wp-content\/uploads\/2015\/12\/fotonoticia_20151214150629_800.jpg","width":800,"height":504},"datePublished":"2015-12-15T07:44:58+01:00","dateModified":"2015-12-15T07:44:58+01:00","inLanguage":"es-ES","mainEntityOfPage":{"@id":"https:\/\/eldigitaldeasturias.com\/magazine365\/egipto-descarta-que-el-avion-del-sinai-se-estrellara-por-una-accion-terrorista\/#webpage"},"isPartOf":{"@id":"https:\/\/eldigitaldeasturias.com\/magazine365\/egipto-descarta-que-el-avion-del-sinai-se-estrellara-por-una-accion-terrorista\/#webpage"},"articleSection":"Noticias y Actualidad"},{"@type":"BreadcrumbList","@id":"https:\/\/eldigitaldeasturias.com\/magazine365\/egipto-descarta-que-el-avion-del-sinai-se-estrellara-por-una-accion-terrorista\/#breadcrumblist","itemListElement":[{"@type":"ListItem","@id":"https:\/\/eldigitaldeasturias.com\/magazine365#listItem","position":1,"name":"Home","item":"https:\/\/eldigitaldeasturias.com\/magazine365","nextItem":{"@type":"ListItem","@id":"https:\/\/eldigitaldeasturias.com\/magazine365\/category\/noticias-actualidad\/#listItem","name":"Noticias y Actualidad"}},{"@type":"ListItem","@id":"https:\/\/eldigitaldeasturias.com\/magazine365\/category\/noticias-actualidad\/#listItem","position":2,"name":"Noticias y Actualidad","item":"https:\/\/eldigitaldeasturias.com\/magazine365\/category\/noticias-actualidad\/","nextItem":{"@type":"ListItem","@id":"https:\/\/eldigitaldeasturias.com\/magazine365\/egipto-descarta-que-el-avion-del-sinai-se-estrellara-por-una-accion-terrorista\/#listItem","name":"Egipto descarta que el avi\u00f3n del Sina\u00ed se estrellara por una acci\u00f3n terrorista"},"previousItem":{"@type":"ListItem","@id":"https:\/\/eldigitaldeasturias.com\/magazine365#listItem","name":"Home"}},{"@type":"ListItem","@id":"https:\/\/eldigitaldeasturias.com\/magazine365\/egipto-descarta-que-el-avion-del-sinai-se-estrellara-por-una-accion-terrorista\/#listItem","position":3,"name":"Egipto descarta que el avi\u00f3n del Sina\u00ed se estrellara por una acci\u00f3n terrorista","previousItem":{"@type":"ListItem","@id":"https:\/\/eldigitaldeasturias.com\/magazine365\/category\/noticias-actualidad\/#listItem","name":"Noticias y Actualidad"}}]},{"@type":"Organization","@id":"https:\/\/eldigitaldeasturias.com\/magazine365\/#organization","name":"El digital de Asturias","description":"Revista de ocio, turismo y estilo de vida","url":"https:\/\/eldigitaldeasturias.com\/magazine365\/","logo":{"@type":"ImageObject","url":"https:\/\/www.eldigitaldeasturias.com\/noticias\/wp-content\/uploads\/2020\/12\/EDA.jpg","@id":"https:\/\/eldigitaldeasturias.com\/magazine365\/egipto-descarta-que-el-avion-del-sinai-se-estrellara-por-una-accion-terrorista\/#organizationLogo"},"image":{"@id":"https:\/\/eldigitaldeasturias.com\/magazine365\/egipto-descarta-que-el-avion-del-sinai-se-estrellara-por-una-accion-terrorista\/#organizationLogo"}},{"@type":"Person","@id":"https:\/\/eldigitaldeasturias.com\/magazine365\/author\/admin\/#author","url":"https:\/\/eldigitaldeasturias.com\/magazine365\/author\/admin\/","name":"admin","image":{"@type":"ImageObject","@id":"https:\/\/eldigitaldeasturias.com\/magazine365\/egipto-descarta-que-el-avion-del-sinai-se-estrellara-por-una-accion-terrorista\/#authorImage","url":"https:\/\/eldigitaldeasturias.com\/magazine365\/wp-content\/litespeed\/avatar\/e571bcf59a0edd6fa6838245a470f2fe.jpg?ver=1777574230","width":96,"height":96,"caption":"admin"}},{"@type":"WebPage","@id":"https:\/\/eldigitaldeasturias.com\/magazine365\/egipto-descarta-que-el-avion-del-sinai-se-estrellara-por-una-accion-terrorista\/#webpage","url":"https:\/\/eldigitaldeasturias.com\/magazine365\/egipto-descarta-que-el-avion-del-sinai-se-estrellara-por-una-accion-terrorista\/","name":"Egipto descarta que el avi\u00f3n del Sina\u00ed se estrellara por una acci\u00f3n terrorista | El Digital de Asturias","description":"El Ministerio de Aviaci\u00f3n de Egipto ha asegurado en su informe preliminar que no ha encontrado ninguna prueba sobre que apunte a una \"intervenci\u00f3n ilegal\" o una \"acci\u00f3n terrorista\" como causa de la ca\u00edda del avi\u00f3n que se estrell\u00f3 en la pen\u00ednsula del Sina\u00ed el 31 de octubre causando la muerte de 224 personas. \"El","inLanguage":"es-ES","isPartOf":{"@id":"https:\/\/eldigitaldeasturias.com\/magazine365\/#website"},"breadcrumb":{"@id":"https:\/\/eldigitaldeasturias.com\/magazine365\/egipto-descarta-que-el-avion-del-sinai-se-estrellara-por-una-accion-terrorista\/#breadcrumblist"},"author":{"@id":"https:\/\/eldigitaldeasturias.com\/magazine365\/author\/admin\/#author"},"creator":{"@id":"https:\/\/eldigitaldeasturias.com\/magazine365\/author\/admin\/#author"},"image":{"@type":"ImageObject","url":"https:\/\/eldigitaldeasturias.com\/magazine365\/wp-content\/uploads\/2015\/12\/fotonoticia_20151214150629_800.jpg","@id":"https:\/\/eldigitaldeasturias.com\/magazine365\/egipto-descarta-que-el-avion-del-sinai-se-estrellara-por-una-accion-terrorista\/#mainImage","width":800,"height":504},"primaryImageOfPage":{"@id":"https:\/\/eldigitaldeasturias.com\/magazine365\/egipto-descarta-que-el-avion-del-sinai-se-estrellara-por-una-accion-terrorista\/#mainImage"},"datePublished":"2015-12-15T07:44:58+01:00","dateModified":"2015-12-15T07:44:58+01:00"},{"@type":"WebSite","@id":"https:\/\/eldigitaldeasturias.com\/magazine365\/#website","url":"https:\/\/eldigitaldeasturias.com\/magazine365\/","name":"El Digital de Asturias","description":"Revista de ocio, turismo y estilo de vida","inLanguage":"es-ES","publisher":{"@id":"https:\/\/eldigitaldeasturias.com\/magazine365\/#organization"}}]},"og:locale":"es_ES","og:site_name":"El Digital de Asturias \u2013 Revista de ocio, turismo y estilo de vida","og:type":"article","og:title":"Egipto descarta que el avi\u00f3n del Sina\u00ed se estrellara por una acci\u00f3n terrorista | El Digital de Asturias","og:description":"El Ministerio de Aviaci\u00f3n de Egipto ha asegurado en su informe preliminar que no ha encontrado ninguna prueba sobre que apunte a una &quot;intervenci\u00f3n ilegal&quot; o una &quot;acci\u00f3n terrorista&quot; como causa de la ca\u00edda del avi\u00f3n que se estrell\u00f3 en la pen\u00ednsula del Sina\u00ed el 31 de octubre causando la muerte de 224 personas. &quot;El","og:url":"https:\/\/eldigitaldeasturias.com\/magazine365\/egipto-descarta-que-el-avion-del-sinai-se-estrellara-por-una-accion-terrorista\/","og:image":"https:\/\/eldigitaldeasturias.com\/magazine365\/wp-content\/uploads\/2015\/12\/fotonoticia_20151214150629_800.jpg","og:image:secure_url":"https:\/\/eldigitaldeasturias.com\/magazine365\/wp-content\/uploads\/2015\/12\/fotonoticia_20151214150629_800.jpg","og:image:width":800,"og:image:height":504,"article:published_time":"2015-12-15T06:44:58+00:00","article:modified_time":"2015-12-15T06:44:58+00:00","twitter:card":"summary_large_image","twitter:title":"Egipto descarta que el avi\u00f3n del Sina\u00ed se estrellara por una acci\u00f3n terrorista | El Digital de Asturias","twitter:description":"El Ministerio de Aviaci\u00f3n de Egipto ha asegurado en su informe preliminar que no ha encontrado ninguna prueba sobre que apunte a una &quot;intervenci\u00f3n ilegal&quot; o una &quot;acci\u00f3n terrorista&quot; como causa de la ca\u00edda del avi\u00f3n que se estrell\u00f3 en la pen\u00ednsula del Sina\u00ed el 31 de octubre causando la muerte de 224 personas. &quot;El","twitter:image":"https:\/\/eldigitaldeasturias.com\/magazine365\/wp-content\/uploads\/2015\/12\/fotonoticia_20151214150629_800.jpg"},"aioseo_meta_data":{"post_id":"58413","title":null,"description":null,"keywords":null,"keyphrases":null,"primary_term":null,"canonical_url":null,"og_title":null,"og_description":null,"og_object_type":"default","og_image_type":"default","og_image_url":null,"og_image_width":null,"og_image_height":null,"og_image_custom_url":null,"og_image_custom_fields":null,"og_video":null,"og_custom_url":null,"og_article_section":null,"og_article_tags":null,"twitter_use_og":false,"twitter_card":"default","twitter_image_type":"default","twitter_image_url":null,"twitter_image_custom_url":null,"twitter_image_custom_fields":null,"twitter_title":null,"twitter_description":null,"schema":{"blockGraphs":[],"customGraphs":[],"default":{"data":{"Article":[],"Course":[],"Dataset":[],"FAQPage":[],"Movie":[],"Person":[],"Product":[],"ProductReview":[],"Car":[],"Recipe":[],"Service":[],"SoftwareApplication":[],"WebPage":[]},"graphName":"","isEnabled":true},"graphs":[],"defaultGraph":"","defaultPostTypeGraph":""},"schema_type":null,"schema_type_options":null,"pillar_content":false,"robots_default":true,"robots_noindex":false,"robots_noarchive":false,"robots_nosnippet":false,"robots_nofollow":false,"robots_noimageindex":false,"robots_noodp":false,"robots_notranslate":false,"robots_max_snippet":null,"robots_max_videopreview":null,"robots_max_imagepreview":"large","priority":null,"frequency":null,"location":null,"local_seo":null,"seo_analyzer_scan_date":"2025-09-25 02:58:06","breadcrumb_settings":null,"limit_modified_date":false,"open_ai":null,"ai":null,"created":"2021-03-08 22:29:55","updated":"2025-09-25 02:58:06"},"aioseo_breadcrumb":"<div class=\"aioseo-breadcrumbs\"><span class=\"aioseo-breadcrumb\">\n\t<a href=\"https:\/\/eldigitaldeasturias.com\/magazine365\" title=\"Home\">Home<\/a>\n<\/span><span class=\"aioseo-breadcrumb-separator\">\u2013<\/span><span class=\"aioseo-breadcrumb\">\n\t<a href=\"https:\/\/eldigitaldeasturias.com\/magazine365\/category\/noticias-actualidad\/\" title=\"Noticias y Actualidad\">Noticias y Actualidad<\/a>\n<\/span><span class=\"aioseo-breadcrumb-separator\">\u2013<\/span><span class=\"aioseo-breadcrumb\">\n\t<a href=\"https:\/\/eldigitaldeasturias.com\/magazine365\/egipto-descarta-que-el-avion-del-sinai-se-estrellara-por-una-accion-terrorista\/\" title=\"Egipto descarta que el avi\u00f3n del Sina\u00ed se estrellara por una acci\u00f3n terrorista\">Egipto descarta que el avi\u00f3n del Sina\u00ed se estrellara por una acci\u00f3n terrorista<\/a>\n<\/span><\/div>","aioseo_breadcrumb_json":[{"label":"Home","link":"https:\/\/eldigitaldeasturias.com\/magazine365"},{"label":"Noticias y Actualidad","link":"https:\/\/eldigitaldeasturias.com\/magazine365\/category\/noticias-actualidad\/"},{"label":"Egipto descarta que el avi\u00f3n del Sina\u00ed se estrellara por una acci\u00f3n terrorista","link":"https:\/\/eldigitaldeasturias.com\/magazine365\/egipto-descarta-que-el-avion-del-sinai-se-estrellara-por-una-accion-terrorista\/"}],"_links":{"self":[{"href":"https:\/\/eldigitaldeasturias.com\/magazine365\/wp-json\/wp\/v2\/posts\/58413","targetHints":{"allow":["GET"]}}],"collection":[{"href":"https:\/\/eldigitaldeasturias.com\/magazine365\/wp-json\/wp\/v2\/posts"}],"about":[{"href":"https:\/\/eldigitaldeasturias.com\/magazine365\/wp-json\/wp\/v2\/types\/post"}],"author":[{"embeddable":true,"href":"https:\/\/eldigitaldeasturias.com\/magazine365\/wp-json\/wp\/v2\/users\/1"}],"replies":[{"embeddable":true,"href":"https:\/\/eldigitaldeasturias.com\/magazine365\/wp-json\/wp\/v2\/comments?post=58413"}],"version-history":[{"count":0,"href":"https:\/\/eldigitaldeasturias.com\/magazine365\/wp-json\/wp\/v2\/posts\/58413\/revisions"}],"wp:featuredmedia":[{"embeddable":true,"href":"https:\/\/eldigitaldeasturias.com\/magazine365\/wp-json\/wp\/v2\/media\/58414"}],"wp:attachment":[{"href":"https:\/\/eldigitaldeasturias.com\/magazine365\/wp-json\/wp\/v2\/media?parent=58413"}],"wp:term":[{"taxonomy":"category","embeddable":true,"href":"https:\/\/eldigitaldeasturias.com\/magazine365\/wp-json\/wp\/v2\/categories?post=58413"},{"taxonomy":"post_tag","embeddable":true,"href":"https:\/\/eldigitaldeasturias.com\/magazine365\/wp-json\/wp\/v2\/tags?post=58413"}],"curies":[{"name":"wp","href":"https:\/\/api.w.org\/{rel}","templated":true}]}}