{"id":58407,"date":"2015-12-15T07:36:28","date_gmt":"2015-12-15T06:36:28","guid":{"rendered":"http:\/\/eldigitaldeasturias.com\/magazine365\/?p=58407"},"modified":"2015-12-15T07:36:28","modified_gmt":"2015-12-15T06:36:28","slug":"la-firma-alemana-floatel-convertira-el-faro-de-trafalgar-en-un-hotel","status":"publish","type":"post","link":"https:\/\/eldigitaldeasturias.com\/magazine365\/la-firma-alemana-floatel-convertira-el-faro-de-trafalgar-en-un-hotel\/","title":{"rendered":"La firma alemana Floatel convertir\u00e1 el faro de Trafalgar en un hotel"},"content":{"rendered":"<p><img fetchpriority=\"high\" decoding=\"async\" class=\"alignleft size-medium wp-image-58408\" src=\"https:\/\/eldigitaldeasturias.com\/magazine365\/wp-content\/uploads\/2015\/12\/fotonoticia_20151214144309_800-225x300.jpg\" alt=\"fotonoticia_20151214144309_800\" width=\"225\" height=\"300\" srcset=\"https:\/\/eldigitaldeasturias.com\/magazine365\/wp-content\/uploads\/2015\/12\/fotonoticia_20151214144309_800-225x300.jpg 225w, https:\/\/eldigitaldeasturias.com\/magazine365\/wp-content\/uploads\/2015\/12\/fotonoticia_20151214144309_800-480x640.jpg 480w, https:\/\/eldigitaldeasturias.com\/magazine365\/wp-content\/uploads\/2015\/12\/fotonoticia_20151214144309_800-768x1024.jpg 768w, https:\/\/eldigitaldeasturias.com\/magazine365\/wp-content\/uploads\/2015\/12\/fotonoticia_20151214144309_800-150x200.jpg 150w, https:\/\/eldigitaldeasturias.com\/magazine365\/wp-content\/uploads\/2015\/12\/fotonoticia_20151214144309_800-450x600.jpg 450w, https:\/\/eldigitaldeasturias.com\/magazine365\/wp-content\/uploads\/2015\/12\/fotonoticia_20151214144309_800-696x928.jpg 696w, https:\/\/eldigitaldeasturias.com\/magazine365\/wp-content\/uploads\/2015\/12\/fotonoticia_20151214144309_800-315x420.jpg 315w, https:\/\/eldigitaldeasturias.com\/magazine365\/wp-content\/uploads\/2015\/12\/fotonoticia_20151214144309_800.jpg 800w\" sizes=\"(max-width: 225px) 100vw, 225px\" \/>Floatel se ha adjudicado el faro de Trafalgar para habilitar y explotar un hotel en sus instalaciones, seg\u00fan informaron a Europa Press en fuentes de Puertos de Estado.<\/p>\n<p>Se trata del segundo faro que este ente p\u00fablico adjudica en el marco de su plan de ceder estas instalaciones, actualmente en desuso para su funci\u00f3n original, para acoger hoteles u otros fines culturales o sociales.<\/p>\n<p>El primero de los faros que se adjudic\u00f3 fue el de Isla Pancha, en Rivadeo (Lugo), que se contrat\u00f3 con una firma local, tambi\u00e9n para destinarlo a albergar un hotel.<\/p>\n<p>En el caso del faro de Trafalgar, con su consecuci\u00f3n, la compa\u00f1\u00eda alemana Floatel pretende extender en Espa\u00f1a el negocio de explotaci\u00f3n hostelera de torres y faros en desuso que ya desarrolla en Alemania, donde ya ofrece alojamiento en tres faros.<\/p>\n<p>De hecho, y seg\u00fan las mismas fuentes, la firma germana ha solicitado tambi\u00e9n el faro de Cudillero, en Asturias, y ha constituido ya una sociedad filial en Epa\u00f1a.<\/p>\n<p>En cuanto a Trafalgar, Floatel conservar\u00e1 el museo que alberga el faro, que ser\u00e1 compatible con la explotaci\u00f3n hotelera del resto de su superficie.<\/p>\n<p>En este sentido, la firma invertir\u00e1 alrededor de medio mill\u00f3n de euros en renovar las habitaciones y adecuarlas a un \u00abelegante estilo marinero\u00bb y ofrecer as\u00ed un destino tur\u00edstico distinto al resto de los de la zona.<\/p>\n<p>NUEVAS EXPERIENCIAS.<\/p>\n<p>Seg\u00fan indica Floatel en su p\u00e1gina de Internet, la firma pretende ofrecer a los hu\u00e9spedes la experiencia de pasar una noche como si fueran los antiguos gestores de faro, y adem\u00e1s poder subir hasta lo m\u00e1s alto de la instalaci\u00f3n para disfrutar de las vistas sobre las playas gaditanas.<\/p>\n<p>La compa\u00f1\u00eda habilitar\u00e1 tres habitaciones en una zona de unos 900 metros cuadrados de superficie, que incluye terrazas y un patio interior. Seg\u00fan sus previsiones, el 40% de los potenciales hu\u00e9spedes provendr\u00e1 de Reino Unido y otros pa\u00edses europeos, otro 30% de Alemania y un 30% de Espa\u00f1a.<\/p>\n<p>Floatel prev\u00e9 iniciar los trabajos de renovaci\u00f3n del faro en 2016 con el fin de poder comenzar a explotarlo en cuanto tenga las licencias y autorizaciones pertinentes.<\/p>\n<p>De su lado, Puertos del Estado prev\u00e9 seguir avanzando en su plan de cesi\u00f3n de faros a inversores privados para explotarlos con fines comerciales o culturales. En este sentido, las mismas fuentes del ente p\u00fablico indicaron que ya est\u00e1 muy avanzada la concesi\u00f3n del faro de Punta Cumplida en la isla canaria de La Palma.<\/p>\n","protected":false},"excerpt":{"rendered":"<p>Floatel se ha adjudicado el faro de Trafalgar para habilitar y explotar un hotel en sus instalaciones, seg\u00fan informaron a Europa Press en fuentes de Puertos de Estado. Se trata del segundo faro que este ente p\u00fablico adjudica en el marco de su plan de ceder estas instalaciones, actualmente en desuso para su funci\u00f3n original,<\/p>\n","protected":false},"author":1,"featured_media":58408,"comment_status":"open","ping_status":"closed","sticky":false,"template":"","format":"standard","meta":{"footnotes":""},"categories":[224],"tags":[],"class_list":{"0":"post-58407","1":"post","2":"type-post","3":"status-publish","4":"format-standard","5":"has-post-thumbnail","7":"category-noticias-actualidad"},"aioseo_notices":[],"aioseo_head":"\n\t\t<!-- All in One SEO Pro 4.9.6.1 - aioseo.com -->\n\t<meta name=\"description\" content=\"Floatel se ha adjudicado el faro de Trafalgar para habilitar y explotar un hotel en sus instalaciones, seg\u00fan informaron a Europa Press en fuentes de Puertos de Estado. Se trata del segundo faro que este ente p\u00fablico adjudica en el marco de su plan de ceder estas instalaciones, actualmente en desuso para su funci\u00f3n original,\" \/>\n\t<meta name=\"robots\" content=\"max-image-preview:large\" \/>\n\t<meta name=\"author\" content=\"admin\"\/>\n\t<meta name=\"google-site-verification\" content=\"UA-38556648-1\" \/>\n\t<meta name=\"keywords\" content=\"noticias y actualidad\" \/>\n\t<link rel=\"canonical\" href=\"https:\/\/eldigitaldeasturias.com\/magazine365\/la-firma-alemana-floatel-convertira-el-faro-de-trafalgar-en-un-hotel\/\" \/>\n\t<meta name=\"generator\" content=\"All in One SEO Pro (AIOSEO) 4.9.6.1\" \/>\n\t\t<meta property=\"og:locale\" content=\"es_ES\" \/>\n\t\t<meta property=\"og:site_name\" content=\"El Digital de Asturias \u2013 Revista de ocio, turismo y estilo de vida\" \/>\n\t\t<meta property=\"og:type\" content=\"article\" \/>\n\t\t<meta property=\"og:title\" content=\"La firma alemana Floatel convertir\u00e1 el faro de Trafalgar en un hotel | El Digital de Asturias\" \/>\n\t\t<meta property=\"og:description\" content=\"Floatel se ha adjudicado el faro de Trafalgar para habilitar y explotar un hotel en sus instalaciones, seg\u00fan informaron a Europa Press en fuentes de Puertos de Estado. Se trata del segundo faro que este ente p\u00fablico adjudica en el marco de su plan de ceder estas instalaciones, actualmente en desuso para su funci\u00f3n original,\" \/>\n\t\t<meta property=\"og:url\" content=\"https:\/\/eldigitaldeasturias.com\/magazine365\/la-firma-alemana-floatel-convertira-el-faro-de-trafalgar-en-un-hotel\/\" \/>\n\t\t<meta property=\"og:image\" content=\"https:\/\/eldigitaldeasturias.com\/magazine365\/wp-content\/uploads\/2015\/12\/fotonoticia_20151214144309_800.jpg\" \/>\n\t\t<meta property=\"og:image:secure_url\" content=\"https:\/\/eldigitaldeasturias.com\/magazine365\/wp-content\/uploads\/2015\/12\/fotonoticia_20151214144309_800.jpg\" \/>\n\t\t<meta property=\"og:image:width\" content=\"800\" \/>\n\t\t<meta property=\"og:image:height\" content=\"1067\" \/>\n\t\t<meta property=\"article:published_time\" content=\"2015-12-15T06:36:28+00:00\" \/>\n\t\t<meta property=\"article:modified_time\" content=\"2015-12-15T06:36:28+00:00\" \/>\n\t\t<meta name=\"twitter:card\" content=\"summary_large_image\" \/>\n\t\t<meta name=\"twitter:title\" content=\"La firma alemana Floatel convertir\u00e1 el faro de Trafalgar en un hotel | El Digital de Asturias\" \/>\n\t\t<meta name=\"twitter:description\" content=\"Floatel se ha adjudicado el faro de Trafalgar para habilitar y explotar un hotel en sus instalaciones, seg\u00fan informaron a Europa Press en fuentes de Puertos de Estado. Se trata del segundo faro que este ente p\u00fablico adjudica en el marco de su plan de ceder estas instalaciones, actualmente en desuso para su funci\u00f3n original,\" \/>\n\t\t<meta name=\"twitter:image\" content=\"https:\/\/eldigitaldeasturias.com\/magazine365\/wp-content\/uploads\/2015\/12\/fotonoticia_20151214144309_800.jpg\" \/>\n\t\t<script type=\"application\/ld+json\" class=\"aioseo-schema\">\n\t\t\t{\"@context\":\"https:\\\/\\\/schema.org\",\"@graph\":[{\"@type\":\"Article\",\"@id\":\"https:\\\/\\\/eldigitaldeasturias.com\\\/magazine365\\\/la-firma-alemana-floatel-convertira-el-faro-de-trafalgar-en-un-hotel\\\/#article\",\"name\":\"La firma alemana Floatel convertir\\u00e1 el faro de Trafalgar en un hotel | El Digital de Asturias\",\"headline\":\"La firma alemana Floatel convertir\\u00e1 el faro de Trafalgar en un hotel\",\"author\":{\"@id\":\"https:\\\/\\\/eldigitaldeasturias.com\\\/magazine365\\\/author\\\/admin\\\/#author\"},\"publisher\":{\"@id\":\"https:\\\/\\\/eldigitaldeasturias.com\\\/magazine365\\\/#organization\"},\"image\":{\"@type\":\"ImageObject\",\"url\":\"https:\\\/\\\/eldigitaldeasturias.com\\\/magazine365\\\/wp-content\\\/uploads\\\/2015\\\/12\\\/fotonoticia_20151214144309_800.jpg\",\"width\":800,\"height\":1067},\"datePublished\":\"2015-12-15T07:36:28+01:00\",\"dateModified\":\"2015-12-15T07:36:28+01:00\",\"inLanguage\":\"es-ES\",\"mainEntityOfPage\":{\"@id\":\"https:\\\/\\\/eldigitaldeasturias.com\\\/magazine365\\\/la-firma-alemana-floatel-convertira-el-faro-de-trafalgar-en-un-hotel\\\/#webpage\"},\"isPartOf\":{\"@id\":\"https:\\\/\\\/eldigitaldeasturias.com\\\/magazine365\\\/la-firma-alemana-floatel-convertira-el-faro-de-trafalgar-en-un-hotel\\\/#webpage\"},\"articleSection\":\"Noticias y Actualidad\"},{\"@type\":\"BreadcrumbList\",\"@id\":\"https:\\\/\\\/eldigitaldeasturias.com\\\/magazine365\\\/la-firma-alemana-floatel-convertira-el-faro-de-trafalgar-en-un-hotel\\\/#breadcrumblist\",\"itemListElement\":[{\"@type\":\"ListItem\",\"@id\":\"https:\\\/\\\/eldigitaldeasturias.com\\\/magazine365#listItem\",\"position\":1,\"name\":\"Home\",\"item\":\"https:\\\/\\\/eldigitaldeasturias.com\\\/magazine365\",\"nextItem\":{\"@type\":\"ListItem\",\"@id\":\"https:\\\/\\\/eldigitaldeasturias.com\\\/magazine365\\\/category\\\/noticias-actualidad\\\/#listItem\",\"name\":\"Noticias y Actualidad\"}},{\"@type\":\"ListItem\",\"@id\":\"https:\\\/\\\/eldigitaldeasturias.com\\\/magazine365\\\/category\\\/noticias-actualidad\\\/#listItem\",\"position\":2,\"name\":\"Noticias y Actualidad\",\"item\":\"https:\\\/\\\/eldigitaldeasturias.com\\\/magazine365\\\/category\\\/noticias-actualidad\\\/\",\"nextItem\":{\"@type\":\"ListItem\",\"@id\":\"https:\\\/\\\/eldigitaldeasturias.com\\\/magazine365\\\/la-firma-alemana-floatel-convertira-el-faro-de-trafalgar-en-un-hotel\\\/#listItem\",\"name\":\"La firma alemana Floatel convertir\\u00e1 el faro de Trafalgar en un hotel\"},\"previousItem\":{\"@type\":\"ListItem\",\"@id\":\"https:\\\/\\\/eldigitaldeasturias.com\\\/magazine365#listItem\",\"name\":\"Home\"}},{\"@type\":\"ListItem\",\"@id\":\"https:\\\/\\\/eldigitaldeasturias.com\\\/magazine365\\\/la-firma-alemana-floatel-convertira-el-faro-de-trafalgar-en-un-hotel\\\/#listItem\",\"position\":3,\"name\":\"La firma alemana Floatel convertir\\u00e1 el faro de Trafalgar en un hotel\",\"previousItem\":{\"@type\":\"ListItem\",\"@id\":\"https:\\\/\\\/eldigitaldeasturias.com\\\/magazine365\\\/category\\\/noticias-actualidad\\\/#listItem\",\"name\":\"Noticias y Actualidad\"}}]},{\"@type\":\"Organization\",\"@id\":\"https:\\\/\\\/eldigitaldeasturias.com\\\/magazine365\\\/#organization\",\"name\":\"El digital de Asturias\",\"description\":\"Revista de ocio, turismo y estilo de vida\",\"url\":\"https:\\\/\\\/eldigitaldeasturias.com\\\/magazine365\\\/\",\"logo\":{\"@type\":\"ImageObject\",\"url\":\"https:\\\/\\\/www.eldigitaldeasturias.com\\\/noticias\\\/wp-content\\\/uploads\\\/2020\\\/12\\\/EDA.jpg\",\"@id\":\"https:\\\/\\\/eldigitaldeasturias.com\\\/magazine365\\\/la-firma-alemana-floatel-convertira-el-faro-de-trafalgar-en-un-hotel\\\/#organizationLogo\"},\"image\":{\"@id\":\"https:\\\/\\\/eldigitaldeasturias.com\\\/magazine365\\\/la-firma-alemana-floatel-convertira-el-faro-de-trafalgar-en-un-hotel\\\/#organizationLogo\"}},{\"@type\":\"Person\",\"@id\":\"https:\\\/\\\/eldigitaldeasturias.com\\\/magazine365\\\/author\\\/admin\\\/#author\",\"url\":\"https:\\\/\\\/eldigitaldeasturias.com\\\/magazine365\\\/author\\\/admin\\\/\",\"name\":\"admin\",\"image\":{\"@type\":\"ImageObject\",\"@id\":\"https:\\\/\\\/eldigitaldeasturias.com\\\/magazine365\\\/la-firma-alemana-floatel-convertira-el-faro-de-trafalgar-en-un-hotel\\\/#authorImage\",\"url\":\"https:\\\/\\\/eldigitaldeasturias.com\\\/magazine365\\\/wp-content\\\/litespeed\\\/avatar\\\/e571bcf59a0edd6fa6838245a470f2fe.jpg?ver=1777574230\",\"width\":96,\"height\":96,\"caption\":\"admin\"}},{\"@type\":\"WebPage\",\"@id\":\"https:\\\/\\\/eldigitaldeasturias.com\\\/magazine365\\\/la-firma-alemana-floatel-convertira-el-faro-de-trafalgar-en-un-hotel\\\/#webpage\",\"url\":\"https:\\\/\\\/eldigitaldeasturias.com\\\/magazine365\\\/la-firma-alemana-floatel-convertira-el-faro-de-trafalgar-en-un-hotel\\\/\",\"name\":\"La firma alemana Floatel convertir\\u00e1 el faro de Trafalgar en un hotel | El Digital de Asturias\",\"description\":\"Floatel se ha adjudicado el faro de Trafalgar para habilitar y explotar un hotel en sus instalaciones, seg\\u00fan informaron a Europa Press en fuentes de Puertos de Estado. Se trata del segundo faro que este ente p\\u00fablico adjudica en el marco de su plan de ceder estas instalaciones, actualmente en desuso para su funci\\u00f3n original,\",\"inLanguage\":\"es-ES\",\"isPartOf\":{\"@id\":\"https:\\\/\\\/eldigitaldeasturias.com\\\/magazine365\\\/#website\"},\"breadcrumb\":{\"@id\":\"https:\\\/\\\/eldigitaldeasturias.com\\\/magazine365\\\/la-firma-alemana-floatel-convertira-el-faro-de-trafalgar-en-un-hotel\\\/#breadcrumblist\"},\"author\":{\"@id\":\"https:\\\/\\\/eldigitaldeasturias.com\\\/magazine365\\\/author\\\/admin\\\/#author\"},\"creator\":{\"@id\":\"https:\\\/\\\/eldigitaldeasturias.com\\\/magazine365\\\/author\\\/admin\\\/#author\"},\"image\":{\"@type\":\"ImageObject\",\"url\":\"https:\\\/\\\/eldigitaldeasturias.com\\\/magazine365\\\/wp-content\\\/uploads\\\/2015\\\/12\\\/fotonoticia_20151214144309_800.jpg\",\"@id\":\"https:\\\/\\\/eldigitaldeasturias.com\\\/magazine365\\\/la-firma-alemana-floatel-convertira-el-faro-de-trafalgar-en-un-hotel\\\/#mainImage\",\"width\":800,\"height\":1067},\"primaryImageOfPage\":{\"@id\":\"https:\\\/\\\/eldigitaldeasturias.com\\\/magazine365\\\/la-firma-alemana-floatel-convertira-el-faro-de-trafalgar-en-un-hotel\\\/#mainImage\"},\"datePublished\":\"2015-12-15T07:36:28+01:00\",\"dateModified\":\"2015-12-15T07:36:28+01:00\"},{\"@type\":\"WebSite\",\"@id\":\"https:\\\/\\\/eldigitaldeasturias.com\\\/magazine365\\\/#website\",\"url\":\"https:\\\/\\\/eldigitaldeasturias.com\\\/magazine365\\\/\",\"name\":\"El Digital de Asturias\",\"description\":\"Revista de ocio, turismo y estilo de vida\",\"inLanguage\":\"es-ES\",\"publisher\":{\"@id\":\"https:\\\/\\\/eldigitaldeasturias.com\\\/magazine365\\\/#organization\"}}]}\n\t\t<\/script>\n\t\t<!-- All in One SEO Pro -->\r\n\t\t<title>La firma alemana Floatel convertir\u00e1 el faro de Trafalgar en un hotel | El Digital de Asturias<\/title>\n\n","aioseo_head_json":{"title":"La firma alemana Floatel convertir\u00e1 el faro de Trafalgar en un hotel | El Digital de Asturias","description":"Floatel se ha adjudicado el faro de Trafalgar para habilitar y explotar un hotel en sus instalaciones, seg\u00fan informaron a Europa Press en fuentes de Puertos de Estado. Se trata del segundo faro que este ente p\u00fablico adjudica en el marco de su plan de ceder estas instalaciones, actualmente en desuso para su funci\u00f3n original,","canonical_url":"https:\/\/eldigitaldeasturias.com\/magazine365\/la-firma-alemana-floatel-convertira-el-faro-de-trafalgar-en-un-hotel\/","robots":"max-image-preview:large","keywords":"noticias y actualidad","webmasterTools":{"google-site-verification":"UA-38556648-1","miscellaneous":""},"schema":{"@context":"https:\/\/schema.org","@graph":[{"@type":"Article","@id":"https:\/\/eldigitaldeasturias.com\/magazine365\/la-firma-alemana-floatel-convertira-el-faro-de-trafalgar-en-un-hotel\/#article","name":"La firma alemana Floatel convertir\u00e1 el faro de Trafalgar en un hotel | El Digital de Asturias","headline":"La firma alemana Floatel convertir\u00e1 el faro de Trafalgar en un hotel","author":{"@id":"https:\/\/eldigitaldeasturias.com\/magazine365\/author\/admin\/#author"},"publisher":{"@id":"https:\/\/eldigitaldeasturias.com\/magazine365\/#organization"},"image":{"@type":"ImageObject","url":"https:\/\/eldigitaldeasturias.com\/magazine365\/wp-content\/uploads\/2015\/12\/fotonoticia_20151214144309_800.jpg","width":800,"height":1067},"datePublished":"2015-12-15T07:36:28+01:00","dateModified":"2015-12-15T07:36:28+01:00","inLanguage":"es-ES","mainEntityOfPage":{"@id":"https:\/\/eldigitaldeasturias.com\/magazine365\/la-firma-alemana-floatel-convertira-el-faro-de-trafalgar-en-un-hotel\/#webpage"},"isPartOf":{"@id":"https:\/\/eldigitaldeasturias.com\/magazine365\/la-firma-alemana-floatel-convertira-el-faro-de-trafalgar-en-un-hotel\/#webpage"},"articleSection":"Noticias y Actualidad"},{"@type":"BreadcrumbList","@id":"https:\/\/eldigitaldeasturias.com\/magazine365\/la-firma-alemana-floatel-convertira-el-faro-de-trafalgar-en-un-hotel\/#breadcrumblist","itemListElement":[{"@type":"ListItem","@id":"https:\/\/eldigitaldeasturias.com\/magazine365#listItem","position":1,"name":"Home","item":"https:\/\/eldigitaldeasturias.com\/magazine365","nextItem":{"@type":"ListItem","@id":"https:\/\/eldigitaldeasturias.com\/magazine365\/category\/noticias-actualidad\/#listItem","name":"Noticias y Actualidad"}},{"@type":"ListItem","@id":"https:\/\/eldigitaldeasturias.com\/magazine365\/category\/noticias-actualidad\/#listItem","position":2,"name":"Noticias y Actualidad","item":"https:\/\/eldigitaldeasturias.com\/magazine365\/category\/noticias-actualidad\/","nextItem":{"@type":"ListItem","@id":"https:\/\/eldigitaldeasturias.com\/magazine365\/la-firma-alemana-floatel-convertira-el-faro-de-trafalgar-en-un-hotel\/#listItem","name":"La firma alemana Floatel convertir\u00e1 el faro de Trafalgar en un hotel"},"previousItem":{"@type":"ListItem","@id":"https:\/\/eldigitaldeasturias.com\/magazine365#listItem","name":"Home"}},{"@type":"ListItem","@id":"https:\/\/eldigitaldeasturias.com\/magazine365\/la-firma-alemana-floatel-convertira-el-faro-de-trafalgar-en-un-hotel\/#listItem","position":3,"name":"La firma alemana Floatel convertir\u00e1 el faro de Trafalgar en un hotel","previousItem":{"@type":"ListItem","@id":"https:\/\/eldigitaldeasturias.com\/magazine365\/category\/noticias-actualidad\/#listItem","name":"Noticias y Actualidad"}}]},{"@type":"Organization","@id":"https:\/\/eldigitaldeasturias.com\/magazine365\/#organization","name":"El digital de Asturias","description":"Revista de ocio, turismo y estilo de vida","url":"https:\/\/eldigitaldeasturias.com\/magazine365\/","logo":{"@type":"ImageObject","url":"https:\/\/www.eldigitaldeasturias.com\/noticias\/wp-content\/uploads\/2020\/12\/EDA.jpg","@id":"https:\/\/eldigitaldeasturias.com\/magazine365\/la-firma-alemana-floatel-convertira-el-faro-de-trafalgar-en-un-hotel\/#organizationLogo"},"image":{"@id":"https:\/\/eldigitaldeasturias.com\/magazine365\/la-firma-alemana-floatel-convertira-el-faro-de-trafalgar-en-un-hotel\/#organizationLogo"}},{"@type":"Person","@id":"https:\/\/eldigitaldeasturias.com\/magazine365\/author\/admin\/#author","url":"https:\/\/eldigitaldeasturias.com\/magazine365\/author\/admin\/","name":"admin","image":{"@type":"ImageObject","@id":"https:\/\/eldigitaldeasturias.com\/magazine365\/la-firma-alemana-floatel-convertira-el-faro-de-trafalgar-en-un-hotel\/#authorImage","url":"https:\/\/eldigitaldeasturias.com\/magazine365\/wp-content\/litespeed\/avatar\/e571bcf59a0edd6fa6838245a470f2fe.jpg?ver=1777574230","width":96,"height":96,"caption":"admin"}},{"@type":"WebPage","@id":"https:\/\/eldigitaldeasturias.com\/magazine365\/la-firma-alemana-floatel-convertira-el-faro-de-trafalgar-en-un-hotel\/#webpage","url":"https:\/\/eldigitaldeasturias.com\/magazine365\/la-firma-alemana-floatel-convertira-el-faro-de-trafalgar-en-un-hotel\/","name":"La firma alemana Floatel convertir\u00e1 el faro de Trafalgar en un hotel | El Digital de Asturias","description":"Floatel se ha adjudicado el faro de Trafalgar para habilitar y explotar un hotel en sus instalaciones, seg\u00fan informaron a Europa Press en fuentes de Puertos de Estado. Se trata del segundo faro que este ente p\u00fablico adjudica en el marco de su plan de ceder estas instalaciones, actualmente en desuso para su funci\u00f3n original,","inLanguage":"es-ES","isPartOf":{"@id":"https:\/\/eldigitaldeasturias.com\/magazine365\/#website"},"breadcrumb":{"@id":"https:\/\/eldigitaldeasturias.com\/magazine365\/la-firma-alemana-floatel-convertira-el-faro-de-trafalgar-en-un-hotel\/#breadcrumblist"},"author":{"@id":"https:\/\/eldigitaldeasturias.com\/magazine365\/author\/admin\/#author"},"creator":{"@id":"https:\/\/eldigitaldeasturias.com\/magazine365\/author\/admin\/#author"},"image":{"@type":"ImageObject","url":"https:\/\/eldigitaldeasturias.com\/magazine365\/wp-content\/uploads\/2015\/12\/fotonoticia_20151214144309_800.jpg","@id":"https:\/\/eldigitaldeasturias.com\/magazine365\/la-firma-alemana-floatel-convertira-el-faro-de-trafalgar-en-un-hotel\/#mainImage","width":800,"height":1067},"primaryImageOfPage":{"@id":"https:\/\/eldigitaldeasturias.com\/magazine365\/la-firma-alemana-floatel-convertira-el-faro-de-trafalgar-en-un-hotel\/#mainImage"},"datePublished":"2015-12-15T07:36:28+01:00","dateModified":"2015-12-15T07:36:28+01:00"},{"@type":"WebSite","@id":"https:\/\/eldigitaldeasturias.com\/magazine365\/#website","url":"https:\/\/eldigitaldeasturias.com\/magazine365\/","name":"El Digital de Asturias","description":"Revista de ocio, turismo y estilo de vida","inLanguage":"es-ES","publisher":{"@id":"https:\/\/eldigitaldeasturias.com\/magazine365\/#organization"}}]},"og:locale":"es_ES","og:site_name":"El Digital de Asturias \u2013 Revista de ocio, turismo y estilo de vida","og:type":"article","og:title":"La firma alemana Floatel convertir\u00e1 el faro de Trafalgar en un hotel | El Digital de Asturias","og:description":"Floatel se ha adjudicado el faro de Trafalgar para habilitar y explotar un hotel en sus instalaciones, seg\u00fan informaron a Europa Press en fuentes de Puertos de Estado. Se trata del segundo faro que este ente p\u00fablico adjudica en el marco de su plan de ceder estas instalaciones, actualmente en desuso para su funci\u00f3n original,","og:url":"https:\/\/eldigitaldeasturias.com\/magazine365\/la-firma-alemana-floatel-convertira-el-faro-de-trafalgar-en-un-hotel\/","og:image":"https:\/\/eldigitaldeasturias.com\/magazine365\/wp-content\/uploads\/2015\/12\/fotonoticia_20151214144309_800.jpg","og:image:secure_url":"https:\/\/eldigitaldeasturias.com\/magazine365\/wp-content\/uploads\/2015\/12\/fotonoticia_20151214144309_800.jpg","og:image:width":800,"og:image:height":1067,"article:published_time":"2015-12-15T06:36:28+00:00","article:modified_time":"2015-12-15T06:36:28+00:00","twitter:card":"summary_large_image","twitter:title":"La firma alemana Floatel convertir\u00e1 el faro de Trafalgar en un hotel | El Digital de Asturias","twitter:description":"Floatel se ha adjudicado el faro de Trafalgar para habilitar y explotar un hotel en sus instalaciones, seg\u00fan informaron a Europa Press en fuentes de Puertos de Estado. Se trata del segundo faro que este ente p\u00fablico adjudica en el marco de su plan de ceder estas instalaciones, actualmente en desuso para su funci\u00f3n original,","twitter:image":"https:\/\/eldigitaldeasturias.com\/magazine365\/wp-content\/uploads\/2015\/12\/fotonoticia_20151214144309_800.jpg"},"aioseo_meta_data":{"post_id":"58407","title":null,"description":null,"keywords":null,"keyphrases":null,"primary_term":null,"canonical_url":null,"og_title":null,"og_description":null,"og_object_type":"default","og_image_type":"default","og_image_url":null,"og_image_width":null,"og_image_height":null,"og_image_custom_url":null,"og_image_custom_fields":null,"og_video":null,"og_custom_url":null,"og_article_section":null,"og_article_tags":null,"twitter_use_og":false,"twitter_card":"default","twitter_image_type":"default","twitter_image_url":null,"twitter_image_custom_url":null,"twitter_image_custom_fields":null,"twitter_title":null,"twitter_description":null,"schema":{"blockGraphs":[],"customGraphs":[],"default":{"data":{"Article":[],"Course":[],"Dataset":[],"FAQPage":[],"Movie":[],"Person":[],"Product":[],"ProductReview":[],"Car":[],"Recipe":[],"Service":[],"SoftwareApplication":[],"WebPage":[]},"graphName":"","isEnabled":true},"graphs":[],"defaultGraph":"","defaultPostTypeGraph":""},"schema_type":null,"schema_type_options":null,"pillar_content":false,"robots_default":true,"robots_noindex":false,"robots_noarchive":false,"robots_nosnippet":false,"robots_nofollow":false,"robots_noimageindex":false,"robots_noodp":false,"robots_notranslate":false,"robots_max_snippet":null,"robots_max_videopreview":null,"robots_max_imagepreview":"large","priority":null,"frequency":null,"location":null,"local_seo":null,"seo_analyzer_scan_date":"2025-09-25 02:58:04","breadcrumb_settings":null,"limit_modified_date":false,"open_ai":null,"ai":null,"created":"2021-03-08 22:29:55","updated":"2025-09-25 02:58:04"},"aioseo_breadcrumb":"<div class=\"aioseo-breadcrumbs\"><span class=\"aioseo-breadcrumb\">\n\t<a href=\"https:\/\/eldigitaldeasturias.com\/magazine365\" title=\"Home\">Home<\/a>\n<\/span><span class=\"aioseo-breadcrumb-separator\">\u2013<\/span><span class=\"aioseo-breadcrumb\">\n\t<a href=\"https:\/\/eldigitaldeasturias.com\/magazine365\/category\/noticias-actualidad\/\" title=\"Noticias y Actualidad\">Noticias y Actualidad<\/a>\n<\/span><span class=\"aioseo-breadcrumb-separator\">\u2013<\/span><span class=\"aioseo-breadcrumb\">\n\t<a href=\"https:\/\/eldigitaldeasturias.com\/magazine365\/la-firma-alemana-floatel-convertira-el-faro-de-trafalgar-en-un-hotel\/\" title=\"La firma alemana Floatel convertir\u00e1 el faro de Trafalgar en un hotel\">La firma alemana Floatel convertir\u00e1 el faro de Trafalgar en un hotel<\/a>\n<\/span><\/div>","aioseo_breadcrumb_json":[{"label":"Home","link":"https:\/\/eldigitaldeasturias.com\/magazine365"},{"label":"Noticias y Actualidad","link":"https:\/\/eldigitaldeasturias.com\/magazine365\/category\/noticias-actualidad\/"},{"label":"La firma alemana Floatel convertir\u00e1 el faro de Trafalgar en un hotel","link":"https:\/\/eldigitaldeasturias.com\/magazine365\/la-firma-alemana-floatel-convertira-el-faro-de-trafalgar-en-un-hotel\/"}],"_links":{"self":[{"href":"https:\/\/eldigitaldeasturias.com\/magazine365\/wp-json\/wp\/v2\/posts\/58407","targetHints":{"allow":["GET"]}}],"collection":[{"href":"https:\/\/eldigitaldeasturias.com\/magazine365\/wp-json\/wp\/v2\/posts"}],"about":[{"href":"https:\/\/eldigitaldeasturias.com\/magazine365\/wp-json\/wp\/v2\/types\/post"}],"author":[{"embeddable":true,"href":"https:\/\/eldigitaldeasturias.com\/magazine365\/wp-json\/wp\/v2\/users\/1"}],"replies":[{"embeddable":true,"href":"https:\/\/eldigitaldeasturias.com\/magazine365\/wp-json\/wp\/v2\/comments?post=58407"}],"version-history":[{"count":0,"href":"https:\/\/eldigitaldeasturias.com\/magazine365\/wp-json\/wp\/v2\/posts\/58407\/revisions"}],"wp:featuredmedia":[{"embeddable":true,"href":"https:\/\/eldigitaldeasturias.com\/magazine365\/wp-json\/wp\/v2\/media\/58408"}],"wp:attachment":[{"href":"https:\/\/eldigitaldeasturias.com\/magazine365\/wp-json\/wp\/v2\/media?parent=58407"}],"wp:term":[{"taxonomy":"category","embeddable":true,"href":"https:\/\/eldigitaldeasturias.com\/magazine365\/wp-json\/wp\/v2\/categories?post=58407"},{"taxonomy":"post_tag","embeddable":true,"href":"https:\/\/eldigitaldeasturias.com\/magazine365\/wp-json\/wp\/v2\/tags?post=58407"}],"curies":[{"name":"wp","href":"https:\/\/api.w.org\/{rel}","templated":true}]}}