{"id":58404,"date":"2015-12-15T07:34:57","date_gmt":"2015-12-15T06:34:57","guid":{"rendered":"http:\/\/eldigitaldeasturias.com\/magazine365\/?p=58404"},"modified":"2015-12-15T07:34:57","modified_gmt":"2015-12-15T06:34:57","slug":"halcon-viajes-gestionara-los-viajes-de-adif-los-proximos-dos-anos","status":"publish","type":"post","link":"https:\/\/eldigitaldeasturias.com\/magazine365\/halcon-viajes-gestionara-los-viajes-de-adif-los-proximos-dos-anos\/","title":{"rendered":"Halc\u00f3n Viajes gestionar\u00e1 los viajes de Adif los pr\u00f3ximos dos a\u00f1os"},"content":{"rendered":"<p><img fetchpriority=\"high\" decoding=\"async\" class=\"alignleft size-medium wp-image-58405\" src=\"https:\/\/eldigitaldeasturias.com\/magazine365\/wp-content\/uploads\/2015\/12\/fotonoticia_20151214143521_800-360x270.jpg\" alt=\"fotonoticia_20151214143521_800\" width=\"360\" height=\"270\" srcset=\"https:\/\/eldigitaldeasturias.com\/magazine365\/wp-content\/uploads\/2015\/12\/fotonoticia_20151214143521_800-360x270.jpg 360w, https:\/\/eldigitaldeasturias.com\/magazine365\/wp-content\/uploads\/2015\/12\/fotonoticia_20151214143521_800-650x488.jpg 650w, https:\/\/eldigitaldeasturias.com\/magazine365\/wp-content\/uploads\/2015\/12\/fotonoticia_20151214143521_800-768x576.jpg 768w, https:\/\/eldigitaldeasturias.com\/magazine365\/wp-content\/uploads\/2015\/12\/fotonoticia_20151214143521_800-150x113.jpg 150w, https:\/\/eldigitaldeasturias.com\/magazine365\/wp-content\/uploads\/2015\/12\/fotonoticia_20151214143521_800-450x338.jpg 450w, https:\/\/eldigitaldeasturias.com\/magazine365\/wp-content\/uploads\/2015\/12\/fotonoticia_20151214143521_800-80x60.jpg 80w, https:\/\/eldigitaldeasturias.com\/magazine365\/wp-content\/uploads\/2015\/12\/fotonoticia_20151214143521_800-265x198.jpg 265w, https:\/\/eldigitaldeasturias.com\/magazine365\/wp-content\/uploads\/2015\/12\/fotonoticia_20151214143521_800-696x522.jpg 696w, https:\/\/eldigitaldeasturias.com\/magazine365\/wp-content\/uploads\/2015\/12\/fotonoticia_20151214143521_800-560x420.jpg 560w, https:\/\/eldigitaldeasturias.com\/magazine365\/wp-content\/uploads\/2015\/12\/fotonoticia_20151214143521_800-90x67.jpg 90w, https:\/\/eldigitaldeasturias.com\/magazine365\/wp-content\/uploads\/2015\/12\/fotonoticia_20151214143521_800-100x75.jpg 100w, https:\/\/eldigitaldeasturias.com\/magazine365\/wp-content\/uploads\/2015\/12\/fotonoticia_20151214143521_800.jpg 800w\" sizes=\"(max-width: 360px) 100vw, 360px\" \/>Halc\u00f3n Viajes se ha adjudicado el contrato para los viajes de los empleados de Adif y Adif Alta Velocidad para los dos pr\u00f3ximos a\u00f1os, por un valor cercano a los tres millones de euros anuales, inform\u00f3 la compa\u00f1\u00eda del grupo Globalia en un comunicado.<\/p>\n<p>De esta forma, prestar\u00e1 al operador ferroviario el servicio de agencia de viajes por motivos profesionales, tanto en Espa\u00f1a como en el extranjero.<\/p>\n<p>La divisi\u00f3n minorista de Globalia se ocupar\u00e1 de la reserva, emisi\u00f3n, modificaci\u00f3n, entrega y, en su caso, anulaci\u00f3n de billetes, alojamiento y alquiler de veh\u00edculos que resulten necesarios para los trabajadores de Adif, tras la firma del contrato por ambas partes.<\/p>\n<p>LOS VIAJES DE EMPRESA, EL 30% DEL NEGOCIO.<\/p>\n<p>Los viajes de empresa ya suponen el 30% del total de negocio de Halc\u00f3n Viajes, ascendiendo a m\u00e1s de 350 millones de euros anuales, cifras que confirman que la compa\u00f1\u00eda se consolida en el sector de los viajes de negocios.<\/p>\n<p>\u00abLa adjudicaci\u00f3n de este contrato nos permite seguir aumentando negocio en el sector de viajes de empresa, un segmento en el que Halc\u00f3n Viajes est\u00e1 creciendo con fuerza en los \u00faltimos a\u00f1os\u00bb, ha afirmado el director comercial y de ventas nacionales de la divisi\u00f3n minorista, David Ballesteros.<\/p>\n","protected":false},"excerpt":{"rendered":"<p>Halc\u00f3n Viajes se ha adjudicado el contrato para los viajes de los empleados de Adif y Adif Alta Velocidad para los dos pr\u00f3ximos a\u00f1os, por un valor cercano a los tres millones de euros anuales, inform\u00f3 la compa\u00f1\u00eda del grupo Globalia en un comunicado. De esta forma, prestar\u00e1 al operador ferroviario el servicio de agencia<\/p>\n","protected":false},"author":1,"featured_media":58405,"comment_status":"open","ping_status":"closed","sticky":false,"template":"","format":"standard","meta":{"footnotes":""},"categories":[224],"tags":[],"class_list":{"0":"post-58404","1":"post","2":"type-post","3":"status-publish","4":"format-standard","5":"has-post-thumbnail","7":"category-noticias-actualidad"},"aioseo_notices":[],"aioseo_head":"\n\t\t<!-- All in One SEO Pro 4.9.6.1 - aioseo.com -->\n\t<meta name=\"description\" content=\"Halc\u00f3n Viajes se ha adjudicado el contrato para los viajes de los empleados de Adif y Adif Alta Velocidad para los dos pr\u00f3ximos a\u00f1os, por un valor cercano a los tres millones de euros anuales, inform\u00f3 la compa\u00f1\u00eda del grupo Globalia en un comunicado. De esta forma, prestar\u00e1 al operador ferroviario el servicio de agencia\" \/>\n\t<meta name=\"robots\" content=\"max-image-preview:large\" \/>\n\t<meta name=\"author\" content=\"admin\"\/>\n\t<meta name=\"google-site-verification\" content=\"UA-38556648-1\" \/>\n\t<meta name=\"keywords\" content=\"noticias y actualidad\" \/>\n\t<link rel=\"canonical\" href=\"https:\/\/eldigitaldeasturias.com\/magazine365\/halcon-viajes-gestionara-los-viajes-de-adif-los-proximos-dos-anos\/\" \/>\n\t<meta name=\"generator\" content=\"All in One SEO Pro (AIOSEO) 4.9.6.1\" \/>\n\t\t<meta property=\"og:locale\" content=\"es_ES\" \/>\n\t\t<meta property=\"og:site_name\" content=\"El Digital de Asturias \u2013 Revista de ocio, turismo y estilo de vida\" \/>\n\t\t<meta property=\"og:type\" content=\"article\" \/>\n\t\t<meta property=\"og:title\" content=\"Halc\u00f3n Viajes gestionar\u00e1 los viajes de Adif los pr\u00f3ximos dos a\u00f1os | El Digital de Asturias\" \/>\n\t\t<meta property=\"og:description\" content=\"Halc\u00f3n Viajes se ha adjudicado el contrato para los viajes de los empleados de Adif y Adif Alta Velocidad para los dos pr\u00f3ximos a\u00f1os, por un valor cercano a los tres millones de euros anuales, inform\u00f3 la compa\u00f1\u00eda del grupo Globalia en un comunicado. De esta forma, prestar\u00e1 al operador ferroviario el servicio de agencia\" \/>\n\t\t<meta property=\"og:url\" content=\"https:\/\/eldigitaldeasturias.com\/magazine365\/halcon-viajes-gestionara-los-viajes-de-adif-los-proximos-dos-anos\/\" \/>\n\t\t<meta property=\"og:image\" content=\"https:\/\/eldigitaldeasturias.com\/magazine365\/wp-content\/uploads\/2015\/12\/fotonoticia_20151214143521_800.jpg\" \/>\n\t\t<meta property=\"og:image:secure_url\" content=\"https:\/\/eldigitaldeasturias.com\/magazine365\/wp-content\/uploads\/2015\/12\/fotonoticia_20151214143521_800.jpg\" \/>\n\t\t<meta property=\"og:image:width\" content=\"800\" \/>\n\t\t<meta property=\"og:image:height\" content=\"600\" \/>\n\t\t<meta property=\"article:published_time\" content=\"2015-12-15T06:34:57+00:00\" \/>\n\t\t<meta property=\"article:modified_time\" content=\"2015-12-15T06:34:57+00:00\" \/>\n\t\t<meta name=\"twitter:card\" content=\"summary_large_image\" \/>\n\t\t<meta name=\"twitter:title\" content=\"Halc\u00f3n Viajes gestionar\u00e1 los viajes de Adif los pr\u00f3ximos dos a\u00f1os | El Digital de Asturias\" \/>\n\t\t<meta name=\"twitter:description\" content=\"Halc\u00f3n Viajes se ha adjudicado el contrato para los viajes de los empleados de Adif y Adif Alta Velocidad para los dos pr\u00f3ximos a\u00f1os, por un valor cercano a los tres millones de euros anuales, inform\u00f3 la compa\u00f1\u00eda del grupo Globalia en un comunicado. De esta forma, prestar\u00e1 al operador ferroviario el servicio de agencia\" \/>\n\t\t<meta name=\"twitter:image\" content=\"https:\/\/eldigitaldeasturias.com\/magazine365\/wp-content\/uploads\/2015\/12\/fotonoticia_20151214143521_800.jpg\" \/>\n\t\t<script type=\"application\/ld+json\" class=\"aioseo-schema\">\n\t\t\t{\"@context\":\"https:\\\/\\\/schema.org\",\"@graph\":[{\"@type\":\"Article\",\"@id\":\"https:\\\/\\\/eldigitaldeasturias.com\\\/magazine365\\\/halcon-viajes-gestionara-los-viajes-de-adif-los-proximos-dos-anos\\\/#article\",\"name\":\"Halc\\u00f3n Viajes gestionar\\u00e1 los viajes de Adif los pr\\u00f3ximos dos a\\u00f1os | El Digital de Asturias\",\"headline\":\"Halc\\u00f3n Viajes gestionar\\u00e1 los viajes de Adif los pr\\u00f3ximos dos a\\u00f1os\",\"author\":{\"@id\":\"https:\\\/\\\/eldigitaldeasturias.com\\\/magazine365\\\/author\\\/admin\\\/#author\"},\"publisher\":{\"@id\":\"https:\\\/\\\/eldigitaldeasturias.com\\\/magazine365\\\/#organization\"},\"image\":{\"@type\":\"ImageObject\",\"url\":\"https:\\\/\\\/eldigitaldeasturias.com\\\/magazine365\\\/wp-content\\\/uploads\\\/2015\\\/12\\\/fotonoticia_20151214143521_800.jpg\",\"width\":800,\"height\":600},\"datePublished\":\"2015-12-15T07:34:57+01:00\",\"dateModified\":\"2015-12-15T07:34:57+01:00\",\"inLanguage\":\"es-ES\",\"mainEntityOfPage\":{\"@id\":\"https:\\\/\\\/eldigitaldeasturias.com\\\/magazine365\\\/halcon-viajes-gestionara-los-viajes-de-adif-los-proximos-dos-anos\\\/#webpage\"},\"isPartOf\":{\"@id\":\"https:\\\/\\\/eldigitaldeasturias.com\\\/magazine365\\\/halcon-viajes-gestionara-los-viajes-de-adif-los-proximos-dos-anos\\\/#webpage\"},\"articleSection\":\"Noticias y Actualidad\"},{\"@type\":\"BreadcrumbList\",\"@id\":\"https:\\\/\\\/eldigitaldeasturias.com\\\/magazine365\\\/halcon-viajes-gestionara-los-viajes-de-adif-los-proximos-dos-anos\\\/#breadcrumblist\",\"itemListElement\":[{\"@type\":\"ListItem\",\"@id\":\"https:\\\/\\\/eldigitaldeasturias.com\\\/magazine365#listItem\",\"position\":1,\"name\":\"Home\",\"item\":\"https:\\\/\\\/eldigitaldeasturias.com\\\/magazine365\",\"nextItem\":{\"@type\":\"ListItem\",\"@id\":\"https:\\\/\\\/eldigitaldeasturias.com\\\/magazine365\\\/category\\\/noticias-actualidad\\\/#listItem\",\"name\":\"Noticias y Actualidad\"}},{\"@type\":\"ListItem\",\"@id\":\"https:\\\/\\\/eldigitaldeasturias.com\\\/magazine365\\\/category\\\/noticias-actualidad\\\/#listItem\",\"position\":2,\"name\":\"Noticias y Actualidad\",\"item\":\"https:\\\/\\\/eldigitaldeasturias.com\\\/magazine365\\\/category\\\/noticias-actualidad\\\/\",\"nextItem\":{\"@type\":\"ListItem\",\"@id\":\"https:\\\/\\\/eldigitaldeasturias.com\\\/magazine365\\\/halcon-viajes-gestionara-los-viajes-de-adif-los-proximos-dos-anos\\\/#listItem\",\"name\":\"Halc\\u00f3n Viajes gestionar\\u00e1 los viajes de Adif los pr\\u00f3ximos dos a\\u00f1os\"},\"previousItem\":{\"@type\":\"ListItem\",\"@id\":\"https:\\\/\\\/eldigitaldeasturias.com\\\/magazine365#listItem\",\"name\":\"Home\"}},{\"@type\":\"ListItem\",\"@id\":\"https:\\\/\\\/eldigitaldeasturias.com\\\/magazine365\\\/halcon-viajes-gestionara-los-viajes-de-adif-los-proximos-dos-anos\\\/#listItem\",\"position\":3,\"name\":\"Halc\\u00f3n Viajes gestionar\\u00e1 los viajes de Adif los pr\\u00f3ximos dos a\\u00f1os\",\"previousItem\":{\"@type\":\"ListItem\",\"@id\":\"https:\\\/\\\/eldigitaldeasturias.com\\\/magazine365\\\/category\\\/noticias-actualidad\\\/#listItem\",\"name\":\"Noticias y Actualidad\"}}]},{\"@type\":\"Organization\",\"@id\":\"https:\\\/\\\/eldigitaldeasturias.com\\\/magazine365\\\/#organization\",\"name\":\"El digital de Asturias\",\"description\":\"Revista de ocio, turismo y estilo de vida\",\"url\":\"https:\\\/\\\/eldigitaldeasturias.com\\\/magazine365\\\/\",\"logo\":{\"@type\":\"ImageObject\",\"url\":\"https:\\\/\\\/www.eldigitaldeasturias.com\\\/noticias\\\/wp-content\\\/uploads\\\/2020\\\/12\\\/EDA.jpg\",\"@id\":\"https:\\\/\\\/eldigitaldeasturias.com\\\/magazine365\\\/halcon-viajes-gestionara-los-viajes-de-adif-los-proximos-dos-anos\\\/#organizationLogo\"},\"image\":{\"@id\":\"https:\\\/\\\/eldigitaldeasturias.com\\\/magazine365\\\/halcon-viajes-gestionara-los-viajes-de-adif-los-proximos-dos-anos\\\/#organizationLogo\"}},{\"@type\":\"Person\",\"@id\":\"https:\\\/\\\/eldigitaldeasturias.com\\\/magazine365\\\/author\\\/admin\\\/#author\",\"url\":\"https:\\\/\\\/eldigitaldeasturias.com\\\/magazine365\\\/author\\\/admin\\\/\",\"name\":\"admin\",\"image\":{\"@type\":\"ImageObject\",\"@id\":\"https:\\\/\\\/eldigitaldeasturias.com\\\/magazine365\\\/halcon-viajes-gestionara-los-viajes-de-adif-los-proximos-dos-anos\\\/#authorImage\",\"url\":\"https:\\\/\\\/eldigitaldeasturias.com\\\/magazine365\\\/wp-content\\\/litespeed\\\/avatar\\\/e571bcf59a0edd6fa6838245a470f2fe.jpg?ver=1777574230\",\"width\":96,\"height\":96,\"caption\":\"admin\"}},{\"@type\":\"WebPage\",\"@id\":\"https:\\\/\\\/eldigitaldeasturias.com\\\/magazine365\\\/halcon-viajes-gestionara-los-viajes-de-adif-los-proximos-dos-anos\\\/#webpage\",\"url\":\"https:\\\/\\\/eldigitaldeasturias.com\\\/magazine365\\\/halcon-viajes-gestionara-los-viajes-de-adif-los-proximos-dos-anos\\\/\",\"name\":\"Halc\\u00f3n Viajes gestionar\\u00e1 los viajes de Adif los pr\\u00f3ximos dos a\\u00f1os | El Digital de Asturias\",\"description\":\"Halc\\u00f3n Viajes se ha adjudicado el contrato para los viajes de los empleados de Adif y Adif Alta Velocidad para los dos pr\\u00f3ximos a\\u00f1os, por un valor cercano a los tres millones de euros anuales, inform\\u00f3 la compa\\u00f1\\u00eda del grupo Globalia en un comunicado. De esta forma, prestar\\u00e1 al operador ferroviario el servicio de agencia\",\"inLanguage\":\"es-ES\",\"isPartOf\":{\"@id\":\"https:\\\/\\\/eldigitaldeasturias.com\\\/magazine365\\\/#website\"},\"breadcrumb\":{\"@id\":\"https:\\\/\\\/eldigitaldeasturias.com\\\/magazine365\\\/halcon-viajes-gestionara-los-viajes-de-adif-los-proximos-dos-anos\\\/#breadcrumblist\"},\"author\":{\"@id\":\"https:\\\/\\\/eldigitaldeasturias.com\\\/magazine365\\\/author\\\/admin\\\/#author\"},\"creator\":{\"@id\":\"https:\\\/\\\/eldigitaldeasturias.com\\\/magazine365\\\/author\\\/admin\\\/#author\"},\"image\":{\"@type\":\"ImageObject\",\"url\":\"https:\\\/\\\/eldigitaldeasturias.com\\\/magazine365\\\/wp-content\\\/uploads\\\/2015\\\/12\\\/fotonoticia_20151214143521_800.jpg\",\"@id\":\"https:\\\/\\\/eldigitaldeasturias.com\\\/magazine365\\\/halcon-viajes-gestionara-los-viajes-de-adif-los-proximos-dos-anos\\\/#mainImage\",\"width\":800,\"height\":600},\"primaryImageOfPage\":{\"@id\":\"https:\\\/\\\/eldigitaldeasturias.com\\\/magazine365\\\/halcon-viajes-gestionara-los-viajes-de-adif-los-proximos-dos-anos\\\/#mainImage\"},\"datePublished\":\"2015-12-15T07:34:57+01:00\",\"dateModified\":\"2015-12-15T07:34:57+01:00\"},{\"@type\":\"WebSite\",\"@id\":\"https:\\\/\\\/eldigitaldeasturias.com\\\/magazine365\\\/#website\",\"url\":\"https:\\\/\\\/eldigitaldeasturias.com\\\/magazine365\\\/\",\"name\":\"El Digital de Asturias\",\"description\":\"Revista de ocio, turismo y estilo de vida\",\"inLanguage\":\"es-ES\",\"publisher\":{\"@id\":\"https:\\\/\\\/eldigitaldeasturias.com\\\/magazine365\\\/#organization\"}}]}\n\t\t<\/script>\n\t\t<!-- All in One SEO Pro -->\r\n\t\t<title>Halc\u00f3n Viajes gestionar\u00e1 los viajes de Adif los pr\u00f3ximos dos a\u00f1os | El Digital de Asturias<\/title>\n\n","aioseo_head_json":{"title":"Halc\u00f3n Viajes gestionar\u00e1 los viajes de Adif los pr\u00f3ximos dos a\u00f1os | El Digital de Asturias","description":"Halc\u00f3n Viajes se ha adjudicado el contrato para los viajes de los empleados de Adif y Adif Alta Velocidad para los dos pr\u00f3ximos a\u00f1os, por un valor cercano a los tres millones de euros anuales, inform\u00f3 la compa\u00f1\u00eda del grupo Globalia en un comunicado. De esta forma, prestar\u00e1 al operador ferroviario el servicio de agencia","canonical_url":"https:\/\/eldigitaldeasturias.com\/magazine365\/halcon-viajes-gestionara-los-viajes-de-adif-los-proximos-dos-anos\/","robots":"max-image-preview:large","keywords":"noticias y actualidad","webmasterTools":{"google-site-verification":"UA-38556648-1","miscellaneous":""},"schema":{"@context":"https:\/\/schema.org","@graph":[{"@type":"Article","@id":"https:\/\/eldigitaldeasturias.com\/magazine365\/halcon-viajes-gestionara-los-viajes-de-adif-los-proximos-dos-anos\/#article","name":"Halc\u00f3n Viajes gestionar\u00e1 los viajes de Adif los pr\u00f3ximos dos a\u00f1os | El Digital de Asturias","headline":"Halc\u00f3n Viajes gestionar\u00e1 los viajes de Adif los pr\u00f3ximos dos a\u00f1os","author":{"@id":"https:\/\/eldigitaldeasturias.com\/magazine365\/author\/admin\/#author"},"publisher":{"@id":"https:\/\/eldigitaldeasturias.com\/magazine365\/#organization"},"image":{"@type":"ImageObject","url":"https:\/\/eldigitaldeasturias.com\/magazine365\/wp-content\/uploads\/2015\/12\/fotonoticia_20151214143521_800.jpg","width":800,"height":600},"datePublished":"2015-12-15T07:34:57+01:00","dateModified":"2015-12-15T07:34:57+01:00","inLanguage":"es-ES","mainEntityOfPage":{"@id":"https:\/\/eldigitaldeasturias.com\/magazine365\/halcon-viajes-gestionara-los-viajes-de-adif-los-proximos-dos-anos\/#webpage"},"isPartOf":{"@id":"https:\/\/eldigitaldeasturias.com\/magazine365\/halcon-viajes-gestionara-los-viajes-de-adif-los-proximos-dos-anos\/#webpage"},"articleSection":"Noticias y Actualidad"},{"@type":"BreadcrumbList","@id":"https:\/\/eldigitaldeasturias.com\/magazine365\/halcon-viajes-gestionara-los-viajes-de-adif-los-proximos-dos-anos\/#breadcrumblist","itemListElement":[{"@type":"ListItem","@id":"https:\/\/eldigitaldeasturias.com\/magazine365#listItem","position":1,"name":"Home","item":"https:\/\/eldigitaldeasturias.com\/magazine365","nextItem":{"@type":"ListItem","@id":"https:\/\/eldigitaldeasturias.com\/magazine365\/category\/noticias-actualidad\/#listItem","name":"Noticias y Actualidad"}},{"@type":"ListItem","@id":"https:\/\/eldigitaldeasturias.com\/magazine365\/category\/noticias-actualidad\/#listItem","position":2,"name":"Noticias y Actualidad","item":"https:\/\/eldigitaldeasturias.com\/magazine365\/category\/noticias-actualidad\/","nextItem":{"@type":"ListItem","@id":"https:\/\/eldigitaldeasturias.com\/magazine365\/halcon-viajes-gestionara-los-viajes-de-adif-los-proximos-dos-anos\/#listItem","name":"Halc\u00f3n Viajes gestionar\u00e1 los viajes de Adif los pr\u00f3ximos dos a\u00f1os"},"previousItem":{"@type":"ListItem","@id":"https:\/\/eldigitaldeasturias.com\/magazine365#listItem","name":"Home"}},{"@type":"ListItem","@id":"https:\/\/eldigitaldeasturias.com\/magazine365\/halcon-viajes-gestionara-los-viajes-de-adif-los-proximos-dos-anos\/#listItem","position":3,"name":"Halc\u00f3n Viajes gestionar\u00e1 los viajes de Adif los pr\u00f3ximos dos a\u00f1os","previousItem":{"@type":"ListItem","@id":"https:\/\/eldigitaldeasturias.com\/magazine365\/category\/noticias-actualidad\/#listItem","name":"Noticias y Actualidad"}}]},{"@type":"Organization","@id":"https:\/\/eldigitaldeasturias.com\/magazine365\/#organization","name":"El digital de Asturias","description":"Revista de ocio, turismo y estilo de vida","url":"https:\/\/eldigitaldeasturias.com\/magazine365\/","logo":{"@type":"ImageObject","url":"https:\/\/www.eldigitaldeasturias.com\/noticias\/wp-content\/uploads\/2020\/12\/EDA.jpg","@id":"https:\/\/eldigitaldeasturias.com\/magazine365\/halcon-viajes-gestionara-los-viajes-de-adif-los-proximos-dos-anos\/#organizationLogo"},"image":{"@id":"https:\/\/eldigitaldeasturias.com\/magazine365\/halcon-viajes-gestionara-los-viajes-de-adif-los-proximos-dos-anos\/#organizationLogo"}},{"@type":"Person","@id":"https:\/\/eldigitaldeasturias.com\/magazine365\/author\/admin\/#author","url":"https:\/\/eldigitaldeasturias.com\/magazine365\/author\/admin\/","name":"admin","image":{"@type":"ImageObject","@id":"https:\/\/eldigitaldeasturias.com\/magazine365\/halcon-viajes-gestionara-los-viajes-de-adif-los-proximos-dos-anos\/#authorImage","url":"https:\/\/eldigitaldeasturias.com\/magazine365\/wp-content\/litespeed\/avatar\/e571bcf59a0edd6fa6838245a470f2fe.jpg?ver=1777574230","width":96,"height":96,"caption":"admin"}},{"@type":"WebPage","@id":"https:\/\/eldigitaldeasturias.com\/magazine365\/halcon-viajes-gestionara-los-viajes-de-adif-los-proximos-dos-anos\/#webpage","url":"https:\/\/eldigitaldeasturias.com\/magazine365\/halcon-viajes-gestionara-los-viajes-de-adif-los-proximos-dos-anos\/","name":"Halc\u00f3n Viajes gestionar\u00e1 los viajes de Adif los pr\u00f3ximos dos a\u00f1os | El Digital de Asturias","description":"Halc\u00f3n Viajes se ha adjudicado el contrato para los viajes de los empleados de Adif y Adif Alta Velocidad para los dos pr\u00f3ximos a\u00f1os, por un valor cercano a los tres millones de euros anuales, inform\u00f3 la compa\u00f1\u00eda del grupo Globalia en un comunicado. De esta forma, prestar\u00e1 al operador ferroviario el servicio de agencia","inLanguage":"es-ES","isPartOf":{"@id":"https:\/\/eldigitaldeasturias.com\/magazine365\/#website"},"breadcrumb":{"@id":"https:\/\/eldigitaldeasturias.com\/magazine365\/halcon-viajes-gestionara-los-viajes-de-adif-los-proximos-dos-anos\/#breadcrumblist"},"author":{"@id":"https:\/\/eldigitaldeasturias.com\/magazine365\/author\/admin\/#author"},"creator":{"@id":"https:\/\/eldigitaldeasturias.com\/magazine365\/author\/admin\/#author"},"image":{"@type":"ImageObject","url":"https:\/\/eldigitaldeasturias.com\/magazine365\/wp-content\/uploads\/2015\/12\/fotonoticia_20151214143521_800.jpg","@id":"https:\/\/eldigitaldeasturias.com\/magazine365\/halcon-viajes-gestionara-los-viajes-de-adif-los-proximos-dos-anos\/#mainImage","width":800,"height":600},"primaryImageOfPage":{"@id":"https:\/\/eldigitaldeasturias.com\/magazine365\/halcon-viajes-gestionara-los-viajes-de-adif-los-proximos-dos-anos\/#mainImage"},"datePublished":"2015-12-15T07:34:57+01:00","dateModified":"2015-12-15T07:34:57+01:00"},{"@type":"WebSite","@id":"https:\/\/eldigitaldeasturias.com\/magazine365\/#website","url":"https:\/\/eldigitaldeasturias.com\/magazine365\/","name":"El Digital de Asturias","description":"Revista de ocio, turismo y estilo de vida","inLanguage":"es-ES","publisher":{"@id":"https:\/\/eldigitaldeasturias.com\/magazine365\/#organization"}}]},"og:locale":"es_ES","og:site_name":"El Digital de Asturias \u2013 Revista de ocio, turismo y estilo de vida","og:type":"article","og:title":"Halc\u00f3n Viajes gestionar\u00e1 los viajes de Adif los pr\u00f3ximos dos a\u00f1os | El Digital de Asturias","og:description":"Halc\u00f3n Viajes se ha adjudicado el contrato para los viajes de los empleados de Adif y Adif Alta Velocidad para los dos pr\u00f3ximos a\u00f1os, por un valor cercano a los tres millones de euros anuales, inform\u00f3 la compa\u00f1\u00eda del grupo Globalia en un comunicado. De esta forma, prestar\u00e1 al operador ferroviario el servicio de agencia","og:url":"https:\/\/eldigitaldeasturias.com\/magazine365\/halcon-viajes-gestionara-los-viajes-de-adif-los-proximos-dos-anos\/","og:image":"https:\/\/eldigitaldeasturias.com\/magazine365\/wp-content\/uploads\/2015\/12\/fotonoticia_20151214143521_800.jpg","og:image:secure_url":"https:\/\/eldigitaldeasturias.com\/magazine365\/wp-content\/uploads\/2015\/12\/fotonoticia_20151214143521_800.jpg","og:image:width":800,"og:image:height":600,"article:published_time":"2015-12-15T06:34:57+00:00","article:modified_time":"2015-12-15T06:34:57+00:00","twitter:card":"summary_large_image","twitter:title":"Halc\u00f3n Viajes gestionar\u00e1 los viajes de Adif los pr\u00f3ximos dos a\u00f1os | El Digital de Asturias","twitter:description":"Halc\u00f3n Viajes se ha adjudicado el contrato para los viajes de los empleados de Adif y Adif Alta Velocidad para los dos pr\u00f3ximos a\u00f1os, por un valor cercano a los tres millones de euros anuales, inform\u00f3 la compa\u00f1\u00eda del grupo Globalia en un comunicado. De esta forma, prestar\u00e1 al operador ferroviario el servicio de agencia","twitter:image":"https:\/\/eldigitaldeasturias.com\/magazine365\/wp-content\/uploads\/2015\/12\/fotonoticia_20151214143521_800.jpg"},"aioseo_meta_data":{"post_id":"58404","title":null,"description":null,"keywords":null,"keyphrases":null,"primary_term":null,"canonical_url":null,"og_title":null,"og_description":null,"og_object_type":"default","og_image_type":"default","og_image_url":null,"og_image_width":null,"og_image_height":null,"og_image_custom_url":null,"og_image_custom_fields":null,"og_video":null,"og_custom_url":null,"og_article_section":null,"og_article_tags":null,"twitter_use_og":false,"twitter_card":"default","twitter_image_type":"default","twitter_image_url":null,"twitter_image_custom_url":null,"twitter_image_custom_fields":null,"twitter_title":null,"twitter_description":null,"schema":{"blockGraphs":[],"customGraphs":[],"default":{"data":{"Article":[],"Course":[],"Dataset":[],"FAQPage":[],"Movie":[],"Person":[],"Product":[],"ProductReview":[],"Car":[],"Recipe":[],"Service":[],"SoftwareApplication":[],"WebPage":[]},"graphName":"","isEnabled":true},"graphs":[],"defaultGraph":"","defaultPostTypeGraph":""},"schema_type":null,"schema_type_options":null,"pillar_content":false,"robots_default":true,"robots_noindex":false,"robots_noarchive":false,"robots_nosnippet":false,"robots_nofollow":false,"robots_noimageindex":false,"robots_noodp":false,"robots_notranslate":false,"robots_max_snippet":null,"robots_max_videopreview":null,"robots_max_imagepreview":"large","priority":null,"frequency":null,"location":null,"local_seo":null,"seo_analyzer_scan_date":"2025-09-25 02:56:12","breadcrumb_settings":null,"limit_modified_date":false,"open_ai":null,"ai":null,"created":"2021-03-08 22:29:55","updated":"2025-09-25 02:56:12"},"aioseo_breadcrumb":"<div class=\"aioseo-breadcrumbs\"><span class=\"aioseo-breadcrumb\">\n\t<a href=\"https:\/\/eldigitaldeasturias.com\/magazine365\" title=\"Home\">Home<\/a>\n<\/span><span class=\"aioseo-breadcrumb-separator\">\u2013<\/span><span class=\"aioseo-breadcrumb\">\n\t<a href=\"https:\/\/eldigitaldeasturias.com\/magazine365\/category\/noticias-actualidad\/\" title=\"Noticias y Actualidad\">Noticias y Actualidad<\/a>\n<\/span><span class=\"aioseo-breadcrumb-separator\">\u2013<\/span><span class=\"aioseo-breadcrumb\">\n\t<a href=\"https:\/\/eldigitaldeasturias.com\/magazine365\/halcon-viajes-gestionara-los-viajes-de-adif-los-proximos-dos-anos\/\" title=\"Halc\u00f3n Viajes gestionar\u00e1 los viajes de Adif los pr\u00f3ximos dos a\u00f1os\">Halc\u00f3n Viajes gestionar\u00e1 los viajes de Adif los pr\u00f3ximos dos a\u00f1os<\/a>\n<\/span><\/div>","aioseo_breadcrumb_json":[{"label":"Home","link":"https:\/\/eldigitaldeasturias.com\/magazine365"},{"label":"Noticias y Actualidad","link":"https:\/\/eldigitaldeasturias.com\/magazine365\/category\/noticias-actualidad\/"},{"label":"Halc\u00f3n Viajes gestionar\u00e1 los viajes de Adif los pr\u00f3ximos dos a\u00f1os","link":"https:\/\/eldigitaldeasturias.com\/magazine365\/halcon-viajes-gestionara-los-viajes-de-adif-los-proximos-dos-anos\/"}],"_links":{"self":[{"href":"https:\/\/eldigitaldeasturias.com\/magazine365\/wp-json\/wp\/v2\/posts\/58404","targetHints":{"allow":["GET"]}}],"collection":[{"href":"https:\/\/eldigitaldeasturias.com\/magazine365\/wp-json\/wp\/v2\/posts"}],"about":[{"href":"https:\/\/eldigitaldeasturias.com\/magazine365\/wp-json\/wp\/v2\/types\/post"}],"author":[{"embeddable":true,"href":"https:\/\/eldigitaldeasturias.com\/magazine365\/wp-json\/wp\/v2\/users\/1"}],"replies":[{"embeddable":true,"href":"https:\/\/eldigitaldeasturias.com\/magazine365\/wp-json\/wp\/v2\/comments?post=58404"}],"version-history":[{"count":0,"href":"https:\/\/eldigitaldeasturias.com\/magazine365\/wp-json\/wp\/v2\/posts\/58404\/revisions"}],"wp:featuredmedia":[{"embeddable":true,"href":"https:\/\/eldigitaldeasturias.com\/magazine365\/wp-json\/wp\/v2\/media\/58405"}],"wp:attachment":[{"href":"https:\/\/eldigitaldeasturias.com\/magazine365\/wp-json\/wp\/v2\/media?parent=58404"}],"wp:term":[{"taxonomy":"category","embeddable":true,"href":"https:\/\/eldigitaldeasturias.com\/magazine365\/wp-json\/wp\/v2\/categories?post=58404"},{"taxonomy":"post_tag","embeddable":true,"href":"https:\/\/eldigitaldeasturias.com\/magazine365\/wp-json\/wp\/v2\/tags?post=58404"}],"curies":[{"name":"wp","href":"https:\/\/api.w.org\/{rel}","templated":true}]}}