{"id":58389,"date":"2015-12-15T07:23:54","date_gmt":"2015-12-15T06:23:54","guid":{"rendered":"http:\/\/eldigitaldeasturias.com\/magazine365\/?p=58389"},"modified":"2015-12-15T07:23:54","modified_gmt":"2015-12-15T06:23:54","slug":"el-aeropuerto-de-barcelona-crece-un-127-y-registra-el-mejor-noviembre-de-su-historia","status":"publish","type":"post","link":"https:\/\/eldigitaldeasturias.com\/magazine365\/el-aeropuerto-de-barcelona-crece-un-127-y-registra-el-mejor-noviembre-de-su-historia\/","title":{"rendered":"El Aeropuerto de Barcelona crece un 12,7% y registra el mejor noviembre de su historia"},"content":{"rendered":"<p><img fetchpriority=\"high\" decoding=\"async\" class=\"alignleft size-medium wp-image-58390\" src=\"https:\/\/eldigitaldeasturias.com\/magazine365\/wp-content\/uploads\/2015\/12\/fotonoticia_20151214130817_800-360x270.jpg\" alt=\"fotonoticia_20151214130817_800\" width=\"360\" height=\"270\" srcset=\"https:\/\/eldigitaldeasturias.com\/magazine365\/wp-content\/uploads\/2015\/12\/fotonoticia_20151214130817_800-360x270.jpg 360w, https:\/\/eldigitaldeasturias.com\/magazine365\/wp-content\/uploads\/2015\/12\/fotonoticia_20151214130817_800-650x488.jpg 650w, https:\/\/eldigitaldeasturias.com\/magazine365\/wp-content\/uploads\/2015\/12\/fotonoticia_20151214130817_800-768x576.jpg 768w, https:\/\/eldigitaldeasturias.com\/magazine365\/wp-content\/uploads\/2015\/12\/fotonoticia_20151214130817_800-150x113.jpg 150w, https:\/\/eldigitaldeasturias.com\/magazine365\/wp-content\/uploads\/2015\/12\/fotonoticia_20151214130817_800-450x338.jpg 450w, https:\/\/eldigitaldeasturias.com\/magazine365\/wp-content\/uploads\/2015\/12\/fotonoticia_20151214130817_800-80x60.jpg 80w, https:\/\/eldigitaldeasturias.com\/magazine365\/wp-content\/uploads\/2015\/12\/fotonoticia_20151214130817_800-265x198.jpg 265w, https:\/\/eldigitaldeasturias.com\/magazine365\/wp-content\/uploads\/2015\/12\/fotonoticia_20151214130817_800-696x522.jpg 696w, https:\/\/eldigitaldeasturias.com\/magazine365\/wp-content\/uploads\/2015\/12\/fotonoticia_20151214130817_800-560x420.jpg 560w, https:\/\/eldigitaldeasturias.com\/magazine365\/wp-content\/uploads\/2015\/12\/fotonoticia_20151214130817_800-90x67.jpg 90w, https:\/\/eldigitaldeasturias.com\/magazine365\/wp-content\/uploads\/2015\/12\/fotonoticia_20151214130817_800-100x75.jpg 100w, https:\/\/eldigitaldeasturias.com\/magazine365\/wp-content\/uploads\/2015\/12\/fotonoticia_20151214130817_800.jpg 800w\" sizes=\"(max-width: 360px) 100vw, 360px\" \/>El Aeropuerto de Barcelona-El Prat ha cerrado noviembre con m\u00e1s de 2,78 millones de pasajeros, una cifra un 12,7% superior respecto al mismo mes del a\u00f1o pasado, convirti\u00e9ndose as\u00ed en el mejor mes de noviembre de su historia, mientras que en el acumulado del a\u00f1o las instalaciones aeroportuarias han superado los 37,1 millones de usuarios, un 5,6% m\u00e1s.<\/p>\n<p>El aumento en noviembre se ha visto impulsado por el crecimiento de los pasajeros internacionales, que han repuntado un 15,1%, mientras que los pasajeros de vuelos nacionales han mantenido un incremento del 7,4%, ha informado Aena este lunes en un comunicado.<\/p>\n<p>El mayor crecimiento se ha dado en los pasajeros de los vuelos intercontinentales, destacando Am\u00e9rica Latina, que ha obtenido un incremento de usuarios del 45,3%, seguida de Oriente Medio (30,5%), Norteam\u00e9rica (20%) y Asia (12,3%).<\/p>\n<p>En cuanto a las operaciones, el Aeropuerto de Barcelona ha registrado 20.580 despegues y aterrizajes, un 6,1% m\u00e1s respecto a noviembre de 2014, y en el acumulado del a\u00f1o se han realizado 268.938 movimientos, un 1,5% m\u00e1s.<\/p>\n<p>Respecto al transporte de mercanc\u00edas, se han movido 10.726 toneladas, lo que supone un repunte del 14,8%, y la carga a\u00e9rea en rutas internacionales de fuera de la UE es la que m\u00e1s crece, con un 32,3%; en los 11 primeros meses de este 2015 se han alcanzado las 106.699 toneladas de mercanc\u00edas, un 13,6% m\u00e1s.<\/p>\n","protected":false},"excerpt":{"rendered":"<p>El Aeropuerto de Barcelona-El Prat ha cerrado noviembre con m\u00e1s de 2,78 millones de pasajeros, una cifra un 12,7% superior respecto al mismo mes del a\u00f1o pasado, convirti\u00e9ndose as\u00ed en el mejor mes de noviembre de su historia, mientras que en el acumulado del a\u00f1o las instalaciones aeroportuarias han superado los 37,1 millones de usuarios,<\/p>\n","protected":false},"author":1,"featured_media":58390,"comment_status":"open","ping_status":"closed","sticky":false,"template":"","format":"standard","meta":{"footnotes":""},"categories":[224],"tags":[],"class_list":{"0":"post-58389","1":"post","2":"type-post","3":"status-publish","4":"format-standard","5":"has-post-thumbnail","7":"category-noticias-actualidad"},"aioseo_notices":[],"aioseo_head":"\n\t\t<!-- All in One SEO Pro 4.9.6.1 - aioseo.com -->\n\t<meta name=\"description\" content=\"El Aeropuerto de Barcelona-El Prat ha cerrado noviembre con m\u00e1s de 2,78 millones de pasajeros, una cifra un 12,7% superior respecto al mismo mes del a\u00f1o pasado, convirti\u00e9ndose as\u00ed en el mejor mes de noviembre de su historia, mientras que en el acumulado del a\u00f1o las instalaciones aeroportuarias han superado los 37,1 millones de usuarios,\" \/>\n\t<meta name=\"robots\" content=\"max-image-preview:large\" \/>\n\t<meta name=\"author\" content=\"admin\"\/>\n\t<meta name=\"google-site-verification\" content=\"UA-38556648-1\" \/>\n\t<meta name=\"keywords\" content=\"noticias y actualidad\" \/>\n\t<link rel=\"canonical\" href=\"https:\/\/eldigitaldeasturias.com\/magazine365\/el-aeropuerto-de-barcelona-crece-un-127-y-registra-el-mejor-noviembre-de-su-historia\/\" \/>\n\t<meta name=\"generator\" content=\"All in One SEO Pro (AIOSEO) 4.9.6.1\" \/>\n\t\t<meta property=\"og:locale\" content=\"es_ES\" \/>\n\t\t<meta property=\"og:site_name\" content=\"El Digital de Asturias \u2013 Revista de ocio, turismo y estilo de vida\" \/>\n\t\t<meta property=\"og:type\" content=\"article\" \/>\n\t\t<meta property=\"og:title\" content=\"El Aeropuerto de Barcelona crece un 12,7% y registra el mejor noviembre de su historia | El Digital de Asturias\" \/>\n\t\t<meta property=\"og:description\" content=\"El Aeropuerto de Barcelona-El Prat ha cerrado noviembre con m\u00e1s de 2,78 millones de pasajeros, una cifra un 12,7% superior respecto al mismo mes del a\u00f1o pasado, convirti\u00e9ndose as\u00ed en el mejor mes de noviembre de su historia, mientras que en el acumulado del a\u00f1o las instalaciones aeroportuarias han superado los 37,1 millones de usuarios,\" \/>\n\t\t<meta property=\"og:url\" content=\"https:\/\/eldigitaldeasturias.com\/magazine365\/el-aeropuerto-de-barcelona-crece-un-127-y-registra-el-mejor-noviembre-de-su-historia\/\" \/>\n\t\t<meta property=\"og:image\" content=\"https:\/\/eldigitaldeasturias.com\/magazine365\/wp-content\/uploads\/2015\/12\/fotonoticia_20151214130817_800.jpg\" \/>\n\t\t<meta property=\"og:image:secure_url\" content=\"https:\/\/eldigitaldeasturias.com\/magazine365\/wp-content\/uploads\/2015\/12\/fotonoticia_20151214130817_800.jpg\" \/>\n\t\t<meta property=\"og:image:width\" content=\"800\" \/>\n\t\t<meta property=\"og:image:height\" content=\"600\" \/>\n\t\t<meta property=\"article:published_time\" content=\"2015-12-15T06:23:54+00:00\" \/>\n\t\t<meta property=\"article:modified_time\" content=\"2015-12-15T06:23:54+00:00\" \/>\n\t\t<meta name=\"twitter:card\" content=\"summary_large_image\" \/>\n\t\t<meta name=\"twitter:title\" content=\"El Aeropuerto de Barcelona crece un 12,7% y registra el mejor noviembre de su historia | El Digital de Asturias\" \/>\n\t\t<meta name=\"twitter:description\" content=\"El Aeropuerto de Barcelona-El Prat ha cerrado noviembre con m\u00e1s de 2,78 millones de pasajeros, una cifra un 12,7% superior respecto al mismo mes del a\u00f1o pasado, convirti\u00e9ndose as\u00ed en el mejor mes de noviembre de su historia, mientras que en el acumulado del a\u00f1o las instalaciones aeroportuarias han superado los 37,1 millones de usuarios,\" \/>\n\t\t<meta name=\"twitter:image\" content=\"https:\/\/eldigitaldeasturias.com\/magazine365\/wp-content\/uploads\/2015\/12\/fotonoticia_20151214130817_800.jpg\" \/>\n\t\t<script type=\"application\/ld+json\" class=\"aioseo-schema\">\n\t\t\t{\"@context\":\"https:\\\/\\\/schema.org\",\"@graph\":[{\"@type\":\"Article\",\"@id\":\"https:\\\/\\\/eldigitaldeasturias.com\\\/magazine365\\\/el-aeropuerto-de-barcelona-crece-un-127-y-registra-el-mejor-noviembre-de-su-historia\\\/#article\",\"name\":\"El Aeropuerto de Barcelona crece un 12,7% y registra el mejor noviembre de su historia | El Digital de Asturias\",\"headline\":\"El Aeropuerto de Barcelona crece un 12,7% y registra el mejor noviembre de su historia\",\"author\":{\"@id\":\"https:\\\/\\\/eldigitaldeasturias.com\\\/magazine365\\\/author\\\/admin\\\/#author\"},\"publisher\":{\"@id\":\"https:\\\/\\\/eldigitaldeasturias.com\\\/magazine365\\\/#organization\"},\"image\":{\"@type\":\"ImageObject\",\"url\":\"https:\\\/\\\/eldigitaldeasturias.com\\\/magazine365\\\/wp-content\\\/uploads\\\/2015\\\/12\\\/fotonoticia_20151214130817_800.jpg\",\"width\":800,\"height\":600},\"datePublished\":\"2015-12-15T07:23:54+01:00\",\"dateModified\":\"2015-12-15T07:23:54+01:00\",\"inLanguage\":\"es-ES\",\"mainEntityOfPage\":{\"@id\":\"https:\\\/\\\/eldigitaldeasturias.com\\\/magazine365\\\/el-aeropuerto-de-barcelona-crece-un-127-y-registra-el-mejor-noviembre-de-su-historia\\\/#webpage\"},\"isPartOf\":{\"@id\":\"https:\\\/\\\/eldigitaldeasturias.com\\\/magazine365\\\/el-aeropuerto-de-barcelona-crece-un-127-y-registra-el-mejor-noviembre-de-su-historia\\\/#webpage\"},\"articleSection\":\"Noticias y Actualidad\"},{\"@type\":\"BreadcrumbList\",\"@id\":\"https:\\\/\\\/eldigitaldeasturias.com\\\/magazine365\\\/el-aeropuerto-de-barcelona-crece-un-127-y-registra-el-mejor-noviembre-de-su-historia\\\/#breadcrumblist\",\"itemListElement\":[{\"@type\":\"ListItem\",\"@id\":\"https:\\\/\\\/eldigitaldeasturias.com\\\/magazine365#listItem\",\"position\":1,\"name\":\"Home\",\"item\":\"https:\\\/\\\/eldigitaldeasturias.com\\\/magazine365\",\"nextItem\":{\"@type\":\"ListItem\",\"@id\":\"https:\\\/\\\/eldigitaldeasturias.com\\\/magazine365\\\/category\\\/noticias-actualidad\\\/#listItem\",\"name\":\"Noticias y Actualidad\"}},{\"@type\":\"ListItem\",\"@id\":\"https:\\\/\\\/eldigitaldeasturias.com\\\/magazine365\\\/category\\\/noticias-actualidad\\\/#listItem\",\"position\":2,\"name\":\"Noticias y Actualidad\",\"item\":\"https:\\\/\\\/eldigitaldeasturias.com\\\/magazine365\\\/category\\\/noticias-actualidad\\\/\",\"nextItem\":{\"@type\":\"ListItem\",\"@id\":\"https:\\\/\\\/eldigitaldeasturias.com\\\/magazine365\\\/el-aeropuerto-de-barcelona-crece-un-127-y-registra-el-mejor-noviembre-de-su-historia\\\/#listItem\",\"name\":\"El Aeropuerto de Barcelona crece un 12,7% y registra el mejor noviembre de su historia\"},\"previousItem\":{\"@type\":\"ListItem\",\"@id\":\"https:\\\/\\\/eldigitaldeasturias.com\\\/magazine365#listItem\",\"name\":\"Home\"}},{\"@type\":\"ListItem\",\"@id\":\"https:\\\/\\\/eldigitaldeasturias.com\\\/magazine365\\\/el-aeropuerto-de-barcelona-crece-un-127-y-registra-el-mejor-noviembre-de-su-historia\\\/#listItem\",\"position\":3,\"name\":\"El Aeropuerto de Barcelona crece un 12,7% y registra el mejor noviembre de su historia\",\"previousItem\":{\"@type\":\"ListItem\",\"@id\":\"https:\\\/\\\/eldigitaldeasturias.com\\\/magazine365\\\/category\\\/noticias-actualidad\\\/#listItem\",\"name\":\"Noticias y Actualidad\"}}]},{\"@type\":\"Organization\",\"@id\":\"https:\\\/\\\/eldigitaldeasturias.com\\\/magazine365\\\/#organization\",\"name\":\"El digital de Asturias\",\"description\":\"Revista de ocio, turismo y estilo de vida\",\"url\":\"https:\\\/\\\/eldigitaldeasturias.com\\\/magazine365\\\/\",\"logo\":{\"@type\":\"ImageObject\",\"url\":\"https:\\\/\\\/www.eldigitaldeasturias.com\\\/noticias\\\/wp-content\\\/uploads\\\/2020\\\/12\\\/EDA.jpg\",\"@id\":\"https:\\\/\\\/eldigitaldeasturias.com\\\/magazine365\\\/el-aeropuerto-de-barcelona-crece-un-127-y-registra-el-mejor-noviembre-de-su-historia\\\/#organizationLogo\"},\"image\":{\"@id\":\"https:\\\/\\\/eldigitaldeasturias.com\\\/magazine365\\\/el-aeropuerto-de-barcelona-crece-un-127-y-registra-el-mejor-noviembre-de-su-historia\\\/#organizationLogo\"}},{\"@type\":\"Person\",\"@id\":\"https:\\\/\\\/eldigitaldeasturias.com\\\/magazine365\\\/author\\\/admin\\\/#author\",\"url\":\"https:\\\/\\\/eldigitaldeasturias.com\\\/magazine365\\\/author\\\/admin\\\/\",\"name\":\"admin\",\"image\":{\"@type\":\"ImageObject\",\"@id\":\"https:\\\/\\\/eldigitaldeasturias.com\\\/magazine365\\\/el-aeropuerto-de-barcelona-crece-un-127-y-registra-el-mejor-noviembre-de-su-historia\\\/#authorImage\",\"url\":\"https:\\\/\\\/eldigitaldeasturias.com\\\/magazine365\\\/wp-content\\\/litespeed\\\/avatar\\\/e571bcf59a0edd6fa6838245a470f2fe.jpg?ver=1777574230\",\"width\":96,\"height\":96,\"caption\":\"admin\"}},{\"@type\":\"WebPage\",\"@id\":\"https:\\\/\\\/eldigitaldeasturias.com\\\/magazine365\\\/el-aeropuerto-de-barcelona-crece-un-127-y-registra-el-mejor-noviembre-de-su-historia\\\/#webpage\",\"url\":\"https:\\\/\\\/eldigitaldeasturias.com\\\/magazine365\\\/el-aeropuerto-de-barcelona-crece-un-127-y-registra-el-mejor-noviembre-de-su-historia\\\/\",\"name\":\"El Aeropuerto de Barcelona crece un 12,7% y registra el mejor noviembre de su historia | El Digital de Asturias\",\"description\":\"El Aeropuerto de Barcelona-El Prat ha cerrado noviembre con m\\u00e1s de 2,78 millones de pasajeros, una cifra un 12,7% superior respecto al mismo mes del a\\u00f1o pasado, convirti\\u00e9ndose as\\u00ed en el mejor mes de noviembre de su historia, mientras que en el acumulado del a\\u00f1o las instalaciones aeroportuarias han superado los 37,1 millones de usuarios,\",\"inLanguage\":\"es-ES\",\"isPartOf\":{\"@id\":\"https:\\\/\\\/eldigitaldeasturias.com\\\/magazine365\\\/#website\"},\"breadcrumb\":{\"@id\":\"https:\\\/\\\/eldigitaldeasturias.com\\\/magazine365\\\/el-aeropuerto-de-barcelona-crece-un-127-y-registra-el-mejor-noviembre-de-su-historia\\\/#breadcrumblist\"},\"author\":{\"@id\":\"https:\\\/\\\/eldigitaldeasturias.com\\\/magazine365\\\/author\\\/admin\\\/#author\"},\"creator\":{\"@id\":\"https:\\\/\\\/eldigitaldeasturias.com\\\/magazine365\\\/author\\\/admin\\\/#author\"},\"image\":{\"@type\":\"ImageObject\",\"url\":\"https:\\\/\\\/eldigitaldeasturias.com\\\/magazine365\\\/wp-content\\\/uploads\\\/2015\\\/12\\\/fotonoticia_20151214130817_800.jpg\",\"@id\":\"https:\\\/\\\/eldigitaldeasturias.com\\\/magazine365\\\/el-aeropuerto-de-barcelona-crece-un-127-y-registra-el-mejor-noviembre-de-su-historia\\\/#mainImage\",\"width\":800,\"height\":600},\"primaryImageOfPage\":{\"@id\":\"https:\\\/\\\/eldigitaldeasturias.com\\\/magazine365\\\/el-aeropuerto-de-barcelona-crece-un-127-y-registra-el-mejor-noviembre-de-su-historia\\\/#mainImage\"},\"datePublished\":\"2015-12-15T07:23:54+01:00\",\"dateModified\":\"2015-12-15T07:23:54+01:00\"},{\"@type\":\"WebSite\",\"@id\":\"https:\\\/\\\/eldigitaldeasturias.com\\\/magazine365\\\/#website\",\"url\":\"https:\\\/\\\/eldigitaldeasturias.com\\\/magazine365\\\/\",\"name\":\"El Digital de Asturias\",\"description\":\"Revista de ocio, turismo y estilo de vida\",\"inLanguage\":\"es-ES\",\"publisher\":{\"@id\":\"https:\\\/\\\/eldigitaldeasturias.com\\\/magazine365\\\/#organization\"}}]}\n\t\t<\/script>\n\t\t<!-- All in One SEO Pro -->\r\n\t\t<title>El Aeropuerto de Barcelona crece un 12,7% y registra el mejor noviembre de su historia | El Digital de Asturias<\/title>\n\n","aioseo_head_json":{"title":"El Aeropuerto de Barcelona crece un 12,7% y registra el mejor noviembre de su historia | El Digital de Asturias","description":"El Aeropuerto de Barcelona-El Prat ha cerrado noviembre con m\u00e1s de 2,78 millones de pasajeros, una cifra un 12,7% superior respecto al mismo mes del a\u00f1o pasado, convirti\u00e9ndose as\u00ed en el mejor mes de noviembre de su historia, mientras que en el acumulado del a\u00f1o las instalaciones aeroportuarias han superado los 37,1 millones de usuarios,","canonical_url":"https:\/\/eldigitaldeasturias.com\/magazine365\/el-aeropuerto-de-barcelona-crece-un-127-y-registra-el-mejor-noviembre-de-su-historia\/","robots":"max-image-preview:large","keywords":"noticias y actualidad","webmasterTools":{"google-site-verification":"UA-38556648-1","miscellaneous":""},"schema":{"@context":"https:\/\/schema.org","@graph":[{"@type":"Article","@id":"https:\/\/eldigitaldeasturias.com\/magazine365\/el-aeropuerto-de-barcelona-crece-un-127-y-registra-el-mejor-noviembre-de-su-historia\/#article","name":"El Aeropuerto de Barcelona crece un 12,7% y registra el mejor noviembre de su historia | El Digital de Asturias","headline":"El Aeropuerto de Barcelona crece un 12,7% y registra el mejor noviembre de su historia","author":{"@id":"https:\/\/eldigitaldeasturias.com\/magazine365\/author\/admin\/#author"},"publisher":{"@id":"https:\/\/eldigitaldeasturias.com\/magazine365\/#organization"},"image":{"@type":"ImageObject","url":"https:\/\/eldigitaldeasturias.com\/magazine365\/wp-content\/uploads\/2015\/12\/fotonoticia_20151214130817_800.jpg","width":800,"height":600},"datePublished":"2015-12-15T07:23:54+01:00","dateModified":"2015-12-15T07:23:54+01:00","inLanguage":"es-ES","mainEntityOfPage":{"@id":"https:\/\/eldigitaldeasturias.com\/magazine365\/el-aeropuerto-de-barcelona-crece-un-127-y-registra-el-mejor-noviembre-de-su-historia\/#webpage"},"isPartOf":{"@id":"https:\/\/eldigitaldeasturias.com\/magazine365\/el-aeropuerto-de-barcelona-crece-un-127-y-registra-el-mejor-noviembre-de-su-historia\/#webpage"},"articleSection":"Noticias y Actualidad"},{"@type":"BreadcrumbList","@id":"https:\/\/eldigitaldeasturias.com\/magazine365\/el-aeropuerto-de-barcelona-crece-un-127-y-registra-el-mejor-noviembre-de-su-historia\/#breadcrumblist","itemListElement":[{"@type":"ListItem","@id":"https:\/\/eldigitaldeasturias.com\/magazine365#listItem","position":1,"name":"Home","item":"https:\/\/eldigitaldeasturias.com\/magazine365","nextItem":{"@type":"ListItem","@id":"https:\/\/eldigitaldeasturias.com\/magazine365\/category\/noticias-actualidad\/#listItem","name":"Noticias y Actualidad"}},{"@type":"ListItem","@id":"https:\/\/eldigitaldeasturias.com\/magazine365\/category\/noticias-actualidad\/#listItem","position":2,"name":"Noticias y Actualidad","item":"https:\/\/eldigitaldeasturias.com\/magazine365\/category\/noticias-actualidad\/","nextItem":{"@type":"ListItem","@id":"https:\/\/eldigitaldeasturias.com\/magazine365\/el-aeropuerto-de-barcelona-crece-un-127-y-registra-el-mejor-noviembre-de-su-historia\/#listItem","name":"El Aeropuerto de Barcelona crece un 12,7% y registra el mejor noviembre de su historia"},"previousItem":{"@type":"ListItem","@id":"https:\/\/eldigitaldeasturias.com\/magazine365#listItem","name":"Home"}},{"@type":"ListItem","@id":"https:\/\/eldigitaldeasturias.com\/magazine365\/el-aeropuerto-de-barcelona-crece-un-127-y-registra-el-mejor-noviembre-de-su-historia\/#listItem","position":3,"name":"El Aeropuerto de Barcelona crece un 12,7% y registra el mejor noviembre de su historia","previousItem":{"@type":"ListItem","@id":"https:\/\/eldigitaldeasturias.com\/magazine365\/category\/noticias-actualidad\/#listItem","name":"Noticias y Actualidad"}}]},{"@type":"Organization","@id":"https:\/\/eldigitaldeasturias.com\/magazine365\/#organization","name":"El digital de Asturias","description":"Revista de ocio, turismo y estilo de vida","url":"https:\/\/eldigitaldeasturias.com\/magazine365\/","logo":{"@type":"ImageObject","url":"https:\/\/www.eldigitaldeasturias.com\/noticias\/wp-content\/uploads\/2020\/12\/EDA.jpg","@id":"https:\/\/eldigitaldeasturias.com\/magazine365\/el-aeropuerto-de-barcelona-crece-un-127-y-registra-el-mejor-noviembre-de-su-historia\/#organizationLogo"},"image":{"@id":"https:\/\/eldigitaldeasturias.com\/magazine365\/el-aeropuerto-de-barcelona-crece-un-127-y-registra-el-mejor-noviembre-de-su-historia\/#organizationLogo"}},{"@type":"Person","@id":"https:\/\/eldigitaldeasturias.com\/magazine365\/author\/admin\/#author","url":"https:\/\/eldigitaldeasturias.com\/magazine365\/author\/admin\/","name":"admin","image":{"@type":"ImageObject","@id":"https:\/\/eldigitaldeasturias.com\/magazine365\/el-aeropuerto-de-barcelona-crece-un-127-y-registra-el-mejor-noviembre-de-su-historia\/#authorImage","url":"https:\/\/eldigitaldeasturias.com\/magazine365\/wp-content\/litespeed\/avatar\/e571bcf59a0edd6fa6838245a470f2fe.jpg?ver=1777574230","width":96,"height":96,"caption":"admin"}},{"@type":"WebPage","@id":"https:\/\/eldigitaldeasturias.com\/magazine365\/el-aeropuerto-de-barcelona-crece-un-127-y-registra-el-mejor-noviembre-de-su-historia\/#webpage","url":"https:\/\/eldigitaldeasturias.com\/magazine365\/el-aeropuerto-de-barcelona-crece-un-127-y-registra-el-mejor-noviembre-de-su-historia\/","name":"El Aeropuerto de Barcelona crece un 12,7% y registra el mejor noviembre de su historia | El Digital de Asturias","description":"El Aeropuerto de Barcelona-El Prat ha cerrado noviembre con m\u00e1s de 2,78 millones de pasajeros, una cifra un 12,7% superior respecto al mismo mes del a\u00f1o pasado, convirti\u00e9ndose as\u00ed en el mejor mes de noviembre de su historia, mientras que en el acumulado del a\u00f1o las instalaciones aeroportuarias han superado los 37,1 millones de usuarios,","inLanguage":"es-ES","isPartOf":{"@id":"https:\/\/eldigitaldeasturias.com\/magazine365\/#website"},"breadcrumb":{"@id":"https:\/\/eldigitaldeasturias.com\/magazine365\/el-aeropuerto-de-barcelona-crece-un-127-y-registra-el-mejor-noviembre-de-su-historia\/#breadcrumblist"},"author":{"@id":"https:\/\/eldigitaldeasturias.com\/magazine365\/author\/admin\/#author"},"creator":{"@id":"https:\/\/eldigitaldeasturias.com\/magazine365\/author\/admin\/#author"},"image":{"@type":"ImageObject","url":"https:\/\/eldigitaldeasturias.com\/magazine365\/wp-content\/uploads\/2015\/12\/fotonoticia_20151214130817_800.jpg","@id":"https:\/\/eldigitaldeasturias.com\/magazine365\/el-aeropuerto-de-barcelona-crece-un-127-y-registra-el-mejor-noviembre-de-su-historia\/#mainImage","width":800,"height":600},"primaryImageOfPage":{"@id":"https:\/\/eldigitaldeasturias.com\/magazine365\/el-aeropuerto-de-barcelona-crece-un-127-y-registra-el-mejor-noviembre-de-su-historia\/#mainImage"},"datePublished":"2015-12-15T07:23:54+01:00","dateModified":"2015-12-15T07:23:54+01:00"},{"@type":"WebSite","@id":"https:\/\/eldigitaldeasturias.com\/magazine365\/#website","url":"https:\/\/eldigitaldeasturias.com\/magazine365\/","name":"El Digital de Asturias","description":"Revista de ocio, turismo y estilo de vida","inLanguage":"es-ES","publisher":{"@id":"https:\/\/eldigitaldeasturias.com\/magazine365\/#organization"}}]},"og:locale":"es_ES","og:site_name":"El Digital de Asturias \u2013 Revista de ocio, turismo y estilo de vida","og:type":"article","og:title":"El Aeropuerto de Barcelona crece un 12,7% y registra el mejor noviembre de su historia | El Digital de Asturias","og:description":"El Aeropuerto de Barcelona-El Prat ha cerrado noviembre con m\u00e1s de 2,78 millones de pasajeros, una cifra un 12,7% superior respecto al mismo mes del a\u00f1o pasado, convirti\u00e9ndose as\u00ed en el mejor mes de noviembre de su historia, mientras que en el acumulado del a\u00f1o las instalaciones aeroportuarias han superado los 37,1 millones de usuarios,","og:url":"https:\/\/eldigitaldeasturias.com\/magazine365\/el-aeropuerto-de-barcelona-crece-un-127-y-registra-el-mejor-noviembre-de-su-historia\/","og:image":"https:\/\/eldigitaldeasturias.com\/magazine365\/wp-content\/uploads\/2015\/12\/fotonoticia_20151214130817_800.jpg","og:image:secure_url":"https:\/\/eldigitaldeasturias.com\/magazine365\/wp-content\/uploads\/2015\/12\/fotonoticia_20151214130817_800.jpg","og:image:width":800,"og:image:height":600,"article:published_time":"2015-12-15T06:23:54+00:00","article:modified_time":"2015-12-15T06:23:54+00:00","twitter:card":"summary_large_image","twitter:title":"El Aeropuerto de Barcelona crece un 12,7% y registra el mejor noviembre de su historia | El Digital de Asturias","twitter:description":"El Aeropuerto de Barcelona-El Prat ha cerrado noviembre con m\u00e1s de 2,78 millones de pasajeros, una cifra un 12,7% superior respecto al mismo mes del a\u00f1o pasado, convirti\u00e9ndose as\u00ed en el mejor mes de noviembre de su historia, mientras que en el acumulado del a\u00f1o las instalaciones aeroportuarias han superado los 37,1 millones de usuarios,","twitter:image":"https:\/\/eldigitaldeasturias.com\/magazine365\/wp-content\/uploads\/2015\/12\/fotonoticia_20151214130817_800.jpg"},"aioseo_meta_data":{"post_id":"58389","title":null,"description":null,"keywords":null,"keyphrases":null,"primary_term":null,"canonical_url":null,"og_title":null,"og_description":null,"og_object_type":"default","og_image_type":"default","og_image_url":null,"og_image_width":null,"og_image_height":null,"og_image_custom_url":null,"og_image_custom_fields":null,"og_video":null,"og_custom_url":null,"og_article_section":null,"og_article_tags":null,"twitter_use_og":false,"twitter_card":"default","twitter_image_type":"default","twitter_image_url":null,"twitter_image_custom_url":null,"twitter_image_custom_fields":null,"twitter_title":null,"twitter_description":null,"schema":{"blockGraphs":[],"customGraphs":[],"default":{"data":{"Article":[],"Course":[],"Dataset":[],"FAQPage":[],"Movie":[],"Person":[],"Product":[],"ProductReview":[],"Car":[],"Recipe":[],"Service":[],"SoftwareApplication":[],"WebPage":[]},"graphName":"","isEnabled":true},"graphs":[]},"schema_type":null,"schema_type_options":null,"pillar_content":false,"robots_default":true,"robots_noindex":false,"robots_noarchive":false,"robots_nosnippet":false,"robots_nofollow":false,"robots_noimageindex":false,"robots_noodp":false,"robots_notranslate":false,"robots_max_snippet":null,"robots_max_videopreview":null,"robots_max_imagepreview":"large","priority":null,"frequency":null,"location":null,"local_seo":null,"seo_analyzer_scan_date":"2025-09-25 02:53:57","breadcrumb_settings":null,"limit_modified_date":false,"open_ai":null,"ai":null,"created":"2021-03-08 22:29:55","updated":"2025-09-25 02:53:57"},"aioseo_breadcrumb":"<div class=\"aioseo-breadcrumbs\"><span class=\"aioseo-breadcrumb\">\n\t<a href=\"https:\/\/eldigitaldeasturias.com\/magazine365\" title=\"Home\">Home<\/a>\n<\/span><span class=\"aioseo-breadcrumb-separator\">\u2013<\/span><span class=\"aioseo-breadcrumb\">\n\t<a href=\"https:\/\/eldigitaldeasturias.com\/magazine365\/category\/noticias-actualidad\/\" title=\"Noticias y Actualidad\">Noticias y Actualidad<\/a>\n<\/span><span class=\"aioseo-breadcrumb-separator\">\u2013<\/span><span class=\"aioseo-breadcrumb\">\n\t<a href=\"https:\/\/eldigitaldeasturias.com\/magazine365\/el-aeropuerto-de-barcelona-crece-un-127-y-registra-el-mejor-noviembre-de-su-historia\/\" title=\"El Aeropuerto de Barcelona crece un 12,7% y registra el mejor noviembre de su historia\">El Aeropuerto de Barcelona crece un 12,7% y registra el mejor noviembre de su historia<\/a>\n<\/span><\/div>","aioseo_breadcrumb_json":[{"label":"Home","link":"https:\/\/eldigitaldeasturias.com\/magazine365"},{"label":"Noticias y Actualidad","link":"https:\/\/eldigitaldeasturias.com\/magazine365\/category\/noticias-actualidad\/"},{"label":"El Aeropuerto de Barcelona crece un 12,7% y registra el mejor noviembre de su historia","link":"https:\/\/eldigitaldeasturias.com\/magazine365\/el-aeropuerto-de-barcelona-crece-un-127-y-registra-el-mejor-noviembre-de-su-historia\/"}],"_links":{"self":[{"href":"https:\/\/eldigitaldeasturias.com\/magazine365\/wp-json\/wp\/v2\/posts\/58389","targetHints":{"allow":["GET"]}}],"collection":[{"href":"https:\/\/eldigitaldeasturias.com\/magazine365\/wp-json\/wp\/v2\/posts"}],"about":[{"href":"https:\/\/eldigitaldeasturias.com\/magazine365\/wp-json\/wp\/v2\/types\/post"}],"author":[{"embeddable":true,"href":"https:\/\/eldigitaldeasturias.com\/magazine365\/wp-json\/wp\/v2\/users\/1"}],"replies":[{"embeddable":true,"href":"https:\/\/eldigitaldeasturias.com\/magazine365\/wp-json\/wp\/v2\/comments?post=58389"}],"version-history":[{"count":0,"href":"https:\/\/eldigitaldeasturias.com\/magazine365\/wp-json\/wp\/v2\/posts\/58389\/revisions"}],"wp:featuredmedia":[{"embeddable":true,"href":"https:\/\/eldigitaldeasturias.com\/magazine365\/wp-json\/wp\/v2\/media\/58390"}],"wp:attachment":[{"href":"https:\/\/eldigitaldeasturias.com\/magazine365\/wp-json\/wp\/v2\/media?parent=58389"}],"wp:term":[{"taxonomy":"category","embeddable":true,"href":"https:\/\/eldigitaldeasturias.com\/magazine365\/wp-json\/wp\/v2\/categories?post=58389"},{"taxonomy":"post_tag","embeddable":true,"href":"https:\/\/eldigitaldeasturias.com\/magazine365\/wp-json\/wp\/v2\/tags?post=58389"}],"curies":[{"name":"wp","href":"https:\/\/api.w.org\/{rel}","templated":true}]}}