{"id":58369,"date":"2015-12-14T11:33:04","date_gmt":"2015-12-14T10:33:04","guid":{"rendered":"http:\/\/eldigitaldeasturias.com\/magazine365\/?p=58369"},"modified":"2015-12-14T11:33:04","modified_gmt":"2015-12-14T10:33:04","slug":"los-usuarios-se-suben-al-avion-y-se-bajan-del-tren-durante-octubre-de-2015","status":"publish","type":"post","link":"https:\/\/eldigitaldeasturias.com\/magazine365\/los-usuarios-se-suben-al-avion-y-se-bajan-del-tren-durante-octubre-de-2015\/","title":{"rendered":"Los usuarios se suben al avi\u00f3n y se bajan del tren durante Octubre de 2015"},"content":{"rendered":"<p><img fetchpriority=\"high\" decoding=\"async\" class=\"alignleft size-medium wp-image-58370\" src=\"https:\/\/eldigitaldeasturias.com\/magazine365\/wp-content\/uploads\/2015\/12\/fotonoticia_20151214101641_800-360x240.jpg\" alt=\"fotonoticia_20151214101641_800\" width=\"360\" height=\"240\" srcset=\"https:\/\/eldigitaldeasturias.com\/magazine365\/wp-content\/uploads\/2015\/12\/fotonoticia_20151214101641_800-360x240.jpg 360w, https:\/\/eldigitaldeasturias.com\/magazine365\/wp-content\/uploads\/2015\/12\/fotonoticia_20151214101641_800-650x433.jpg 650w, https:\/\/eldigitaldeasturias.com\/magazine365\/wp-content\/uploads\/2015\/12\/fotonoticia_20151214101641_800-768x512.jpg 768w, https:\/\/eldigitaldeasturias.com\/magazine365\/wp-content\/uploads\/2015\/12\/fotonoticia_20151214101641_800-150x100.jpg 150w, https:\/\/eldigitaldeasturias.com\/magazine365\/wp-content\/uploads\/2015\/12\/fotonoticia_20151214101641_800-450x300.jpg 450w, https:\/\/eldigitaldeasturias.com\/magazine365\/wp-content\/uploads\/2015\/12\/fotonoticia_20151214101641_800-696x464.jpg 696w, https:\/\/eldigitaldeasturias.com\/magazine365\/wp-content\/uploads\/2015\/12\/fotonoticia_20151214101641_800-630x420.jpg 630w, https:\/\/eldigitaldeasturias.com\/magazine365\/wp-content\/uploads\/2015\/12\/fotonoticia_20151214101641_800-84x55.jpg 84w, https:\/\/eldigitaldeasturias.com\/magazine365\/wp-content\/uploads\/2015\/12\/fotonoticia_20151214101641_800.jpg 800w\" sizes=\"(max-width: 360px) 100vw, 360px\" \/>El n\u00famero de viajeros que optaron por viajar en ferrocarril en Larga Distancia (incluido el AVE) por el interior del pa\u00eds disminuyeron un 6,5% en octubre respecto al mismo mes del a\u00f1o anterior, mientras que los que eligieron el avi\u00f3n aumentaron un 6,1%, seg\u00fan los datos provisionales del Instituto Nacional de Estad\u00edstica (INE).<\/p>\n<p>En concreto, 2,68 millones de usuarios utilizaron el transporte a\u00e9reo durante el mes de octubre, una cifra muy similar a los que escogieron el tren de Larga Distancia, que incluye el AVE, para sus desplazamientos. En lo que va de a\u00f1o, el ferrocarril acumula sin embargo un incremento del 5,1%, frente al aumento del 5,8% del transporte por avi\u00f3n.<\/p>\n<p>Los pasajeros que utilizaron el ferrocarril disminuyeron un 0,1% en su conjunto, con 52,84 millones de pasajeros, resultado impulsado por la disminuci\u00f3n de usuarios de Cercan\u00edas (-0,4%), a pesar de que la media distancia creci\u00f3 un 1%.<\/p>\n<p>Por su parte, el transporte por autob\u00fas disminuy\u00f3 un 0,8% en su conjunto, con aumentos en todas las ciudades, mientras que el mar\u00edtimo se increment\u00f3 en un 5,1% en el mes de octubre.<\/p>\n<p>BAJA UN 1,2% EL TRANSPORTE URBANO.<\/p>\n<p>En total, el n\u00famero de viajeros que utilizaron el transporte p\u00fablico disminuy\u00f3 un 1,9% con respecto al mismo mes del a\u00f1o pasado, con un total de 424,4 millones. La tasa de variaci\u00f3n del n\u00famero de pasajeros del transporte p\u00fablico del mes de octubre sobre septiembre es del 11,6%.<\/p>\n<p>El transporte urbano baj\u00f3 un 1,2% en tasa anual y el interurbano un 3,7% en octubre, seg\u00fan la estad\u00edstica de transporte de viajeros (TV).<\/p>\n<p>Por su parte, el transporte metropolitano registr\u00f3 un incremento del 0,2%, mientras que el transporte por autob\u00fas descendi\u00f3 un 2,1%. El transporte metropolitano creci\u00f3 en Madrid un 1,1% y en Sevilla un 1,9% y en Barcelona se mantuvo estable. En Bilbao descendi\u00f3 un 3,7%en Palma un 0,6% y en Valencia un 2,1%.<\/p>\n<p>El n\u00famero de viajeros en el transporte urbano por autob\u00fas disminuy\u00f3 en todas las comunidades aut\u00f3nomas. Los mayores descensos se registraron en Galicia (-4,9%), Extremadura (-3,7%), Castilla- La Mancha (-3,7%) y Canarias (3,3%).<\/p>\n<p>CAE UN 6% EL TRANSPORTE ESPECIAL.<\/p>\n<p>En cuanto al transporte interurbano en su conjunto, cay\u00f3 un 3,7% en octubre, hasta casi los 115 millones de viajeros.<\/p>\n<p>En Cercan\u00edas, disminuy\u00f3 un 1,8% el transporte por autob\u00fas y el transporte por ferrocarril un 7,3%. La Media Distancia disminuy\u00f3 un 0,9% en el transporte por autob\u00fas al igual que en el de ferrocarril con un 1%. En Larga Distancia creci\u00f3 un 1,6% en el transporte por autob\u00fas y un 2,3% por ferrocarril.<\/p>\n<p>Casi 50 millones de usuarios utilizaron el transporte especial y discrecional en octubre, lo que supone un descenso del 1,9% en tasa anual.<\/p>\n<p>As\u00ed, el n\u00famero de pasajeros del transporte especial disminuy\u00f3 un 3,1%, alcanzando m\u00e1s de 33,9 millones de usuarios. Dentro de \u00e9ste, el transporte escolar cay\u00f3 un 5,5%, mientras que el laboral baja un 7,7%.<\/p>\n<p>Por su parte, el transporte discrecional aumenta un 8,3% respecto al mismo mes de 2014, con m\u00e1s de 16,1 millones de viajeros.<\/p>\n","protected":false},"excerpt":{"rendered":"<p>El n\u00famero de viajeros que optaron por viajar en ferrocarril en Larga Distancia (incluido el AVE) por el interior del pa\u00eds disminuyeron un 6,5% en octubre respecto al mismo mes del a\u00f1o anterior, mientras que los que eligieron el avi\u00f3n aumentaron un 6,1%, seg\u00fan los datos provisionales del Instituto Nacional de Estad\u00edstica (INE). En concreto,<\/p>\n","protected":false},"author":1,"featured_media":58370,"comment_status":"open","ping_status":"closed","sticky":false,"template":"","format":"standard","meta":{"footnotes":""},"categories":[224],"tags":[],"class_list":{"0":"post-58369","1":"post","2":"type-post","3":"status-publish","4":"format-standard","5":"has-post-thumbnail","7":"category-noticias-actualidad"},"aioseo_notices":[],"aioseo_head":"\n\t\t<!-- All in One SEO Pro 4.9.6.1 - aioseo.com -->\n\t<meta name=\"description\" content=\"El n\u00famero de viajeros que optaron por viajar en ferrocarril en Larga Distancia (incluido el AVE) por el interior del pa\u00eds disminuyeron un 6,5% en octubre respecto al mismo mes del a\u00f1o anterior, mientras que los que eligieron el avi\u00f3n aumentaron un 6,1%, seg\u00fan los datos provisionales del Instituto Nacional de Estad\u00edstica (INE). En concreto,\" \/>\n\t<meta name=\"robots\" content=\"max-image-preview:large\" \/>\n\t<meta name=\"author\" content=\"admin\"\/>\n\t<meta name=\"google-site-verification\" content=\"UA-38556648-1\" \/>\n\t<meta name=\"keywords\" content=\"noticias y actualidad\" \/>\n\t<link rel=\"canonical\" href=\"https:\/\/eldigitaldeasturias.com\/magazine365\/los-usuarios-se-suben-al-avion-y-se-bajan-del-tren-durante-octubre-de-2015\/\" \/>\n\t<meta name=\"generator\" content=\"All in One SEO Pro (AIOSEO) 4.9.6.1\" \/>\n\t\t<meta property=\"og:locale\" content=\"es_ES\" \/>\n\t\t<meta property=\"og:site_name\" content=\"El Digital de Asturias \u2013 Revista de ocio, turismo y estilo de vida\" \/>\n\t\t<meta property=\"og:type\" content=\"article\" \/>\n\t\t<meta property=\"og:title\" content=\"Los usuarios se suben al avi\u00f3n y se bajan del tren durante Octubre de 2015 | El Digital de Asturias\" \/>\n\t\t<meta property=\"og:description\" content=\"El n\u00famero de viajeros que optaron por viajar en ferrocarril en Larga Distancia (incluido el AVE) por el interior del pa\u00eds disminuyeron un 6,5% en octubre respecto al mismo mes del a\u00f1o anterior, mientras que los que eligieron el avi\u00f3n aumentaron un 6,1%, seg\u00fan los datos provisionales del Instituto Nacional de Estad\u00edstica (INE). En concreto,\" \/>\n\t\t<meta property=\"og:url\" content=\"https:\/\/eldigitaldeasturias.com\/magazine365\/los-usuarios-se-suben-al-avion-y-se-bajan-del-tren-durante-octubre-de-2015\/\" \/>\n\t\t<meta property=\"og:image\" content=\"https:\/\/eldigitaldeasturias.com\/magazine365\/wp-content\/uploads\/2015\/12\/fotonoticia_20151214101641_800.jpg\" \/>\n\t\t<meta property=\"og:image:secure_url\" content=\"https:\/\/eldigitaldeasturias.com\/magazine365\/wp-content\/uploads\/2015\/12\/fotonoticia_20151214101641_800.jpg\" \/>\n\t\t<meta property=\"og:image:width\" content=\"800\" \/>\n\t\t<meta property=\"og:image:height\" content=\"533\" \/>\n\t\t<meta property=\"article:published_time\" content=\"2015-12-14T10:33:04+00:00\" \/>\n\t\t<meta property=\"article:modified_time\" content=\"2015-12-14T10:33:04+00:00\" \/>\n\t\t<meta name=\"twitter:card\" content=\"summary_large_image\" \/>\n\t\t<meta name=\"twitter:title\" content=\"Los usuarios se suben al avi\u00f3n y se bajan del tren durante Octubre de 2015 | El Digital de Asturias\" \/>\n\t\t<meta name=\"twitter:description\" content=\"El n\u00famero de viajeros que optaron por viajar en ferrocarril en Larga Distancia (incluido el AVE) por el interior del pa\u00eds disminuyeron un 6,5% en octubre respecto al mismo mes del a\u00f1o anterior, mientras que los que eligieron el avi\u00f3n aumentaron un 6,1%, seg\u00fan los datos provisionales del Instituto Nacional de Estad\u00edstica (INE). En concreto,\" \/>\n\t\t<meta name=\"twitter:image\" content=\"https:\/\/eldigitaldeasturias.com\/magazine365\/wp-content\/uploads\/2015\/12\/fotonoticia_20151214101641_800.jpg\" \/>\n\t\t<script type=\"application\/ld+json\" class=\"aioseo-schema\">\n\t\t\t{\"@context\":\"https:\\\/\\\/schema.org\",\"@graph\":[{\"@type\":\"Article\",\"@id\":\"https:\\\/\\\/eldigitaldeasturias.com\\\/magazine365\\\/los-usuarios-se-suben-al-avion-y-se-bajan-del-tren-durante-octubre-de-2015\\\/#article\",\"name\":\"Los usuarios se suben al avi\\u00f3n y se bajan del tren durante Octubre de 2015 | El Digital de Asturias\",\"headline\":\"Los usuarios se suben al avi\\u00f3n y se bajan del tren durante Octubre de 2015\",\"author\":{\"@id\":\"https:\\\/\\\/eldigitaldeasturias.com\\\/magazine365\\\/author\\\/admin\\\/#author\"},\"publisher\":{\"@id\":\"https:\\\/\\\/eldigitaldeasturias.com\\\/magazine365\\\/#organization\"},\"image\":{\"@type\":\"ImageObject\",\"url\":\"https:\\\/\\\/eldigitaldeasturias.com\\\/magazine365\\\/wp-content\\\/uploads\\\/2015\\\/12\\\/fotonoticia_20151214101641_800.jpg\",\"width\":800,\"height\":533},\"datePublished\":\"2015-12-14T11:33:04+01:00\",\"dateModified\":\"2015-12-14T11:33:04+01:00\",\"inLanguage\":\"es-ES\",\"mainEntityOfPage\":{\"@id\":\"https:\\\/\\\/eldigitaldeasturias.com\\\/magazine365\\\/los-usuarios-se-suben-al-avion-y-se-bajan-del-tren-durante-octubre-de-2015\\\/#webpage\"},\"isPartOf\":{\"@id\":\"https:\\\/\\\/eldigitaldeasturias.com\\\/magazine365\\\/los-usuarios-se-suben-al-avion-y-se-bajan-del-tren-durante-octubre-de-2015\\\/#webpage\"},\"articleSection\":\"Noticias y Actualidad\"},{\"@type\":\"BreadcrumbList\",\"@id\":\"https:\\\/\\\/eldigitaldeasturias.com\\\/magazine365\\\/los-usuarios-se-suben-al-avion-y-se-bajan-del-tren-durante-octubre-de-2015\\\/#breadcrumblist\",\"itemListElement\":[{\"@type\":\"ListItem\",\"@id\":\"https:\\\/\\\/eldigitaldeasturias.com\\\/magazine365#listItem\",\"position\":1,\"name\":\"Home\",\"item\":\"https:\\\/\\\/eldigitaldeasturias.com\\\/magazine365\",\"nextItem\":{\"@type\":\"ListItem\",\"@id\":\"https:\\\/\\\/eldigitaldeasturias.com\\\/magazine365\\\/category\\\/noticias-actualidad\\\/#listItem\",\"name\":\"Noticias y Actualidad\"}},{\"@type\":\"ListItem\",\"@id\":\"https:\\\/\\\/eldigitaldeasturias.com\\\/magazine365\\\/category\\\/noticias-actualidad\\\/#listItem\",\"position\":2,\"name\":\"Noticias y Actualidad\",\"item\":\"https:\\\/\\\/eldigitaldeasturias.com\\\/magazine365\\\/category\\\/noticias-actualidad\\\/\",\"nextItem\":{\"@type\":\"ListItem\",\"@id\":\"https:\\\/\\\/eldigitaldeasturias.com\\\/magazine365\\\/los-usuarios-se-suben-al-avion-y-se-bajan-del-tren-durante-octubre-de-2015\\\/#listItem\",\"name\":\"Los usuarios se suben al avi\\u00f3n y se bajan del tren durante Octubre de 2015\"},\"previousItem\":{\"@type\":\"ListItem\",\"@id\":\"https:\\\/\\\/eldigitaldeasturias.com\\\/magazine365#listItem\",\"name\":\"Home\"}},{\"@type\":\"ListItem\",\"@id\":\"https:\\\/\\\/eldigitaldeasturias.com\\\/magazine365\\\/los-usuarios-se-suben-al-avion-y-se-bajan-del-tren-durante-octubre-de-2015\\\/#listItem\",\"position\":3,\"name\":\"Los usuarios se suben al avi\\u00f3n y se bajan del tren durante Octubre de 2015\",\"previousItem\":{\"@type\":\"ListItem\",\"@id\":\"https:\\\/\\\/eldigitaldeasturias.com\\\/magazine365\\\/category\\\/noticias-actualidad\\\/#listItem\",\"name\":\"Noticias y Actualidad\"}}]},{\"@type\":\"Organization\",\"@id\":\"https:\\\/\\\/eldigitaldeasturias.com\\\/magazine365\\\/#organization\",\"name\":\"El digital de Asturias\",\"description\":\"Revista de ocio, turismo y estilo de vida\",\"url\":\"https:\\\/\\\/eldigitaldeasturias.com\\\/magazine365\\\/\",\"logo\":{\"@type\":\"ImageObject\",\"url\":\"https:\\\/\\\/www.eldigitaldeasturias.com\\\/noticias\\\/wp-content\\\/uploads\\\/2020\\\/12\\\/EDA.jpg\",\"@id\":\"https:\\\/\\\/eldigitaldeasturias.com\\\/magazine365\\\/los-usuarios-se-suben-al-avion-y-se-bajan-del-tren-durante-octubre-de-2015\\\/#organizationLogo\"},\"image\":{\"@id\":\"https:\\\/\\\/eldigitaldeasturias.com\\\/magazine365\\\/los-usuarios-se-suben-al-avion-y-se-bajan-del-tren-durante-octubre-de-2015\\\/#organizationLogo\"}},{\"@type\":\"Person\",\"@id\":\"https:\\\/\\\/eldigitaldeasturias.com\\\/magazine365\\\/author\\\/admin\\\/#author\",\"url\":\"https:\\\/\\\/eldigitaldeasturias.com\\\/magazine365\\\/author\\\/admin\\\/\",\"name\":\"admin\",\"image\":{\"@type\":\"ImageObject\",\"@id\":\"https:\\\/\\\/eldigitaldeasturias.com\\\/magazine365\\\/los-usuarios-se-suben-al-avion-y-se-bajan-del-tren-durante-octubre-de-2015\\\/#authorImage\",\"url\":\"https:\\\/\\\/eldigitaldeasturias.com\\\/magazine365\\\/wp-content\\\/litespeed\\\/avatar\\\/e571bcf59a0edd6fa6838245a470f2fe.jpg?ver=1777574230\",\"width\":96,\"height\":96,\"caption\":\"admin\"}},{\"@type\":\"WebPage\",\"@id\":\"https:\\\/\\\/eldigitaldeasturias.com\\\/magazine365\\\/los-usuarios-se-suben-al-avion-y-se-bajan-del-tren-durante-octubre-de-2015\\\/#webpage\",\"url\":\"https:\\\/\\\/eldigitaldeasturias.com\\\/magazine365\\\/los-usuarios-se-suben-al-avion-y-se-bajan-del-tren-durante-octubre-de-2015\\\/\",\"name\":\"Los usuarios se suben al avi\\u00f3n y se bajan del tren durante Octubre de 2015 | El Digital de Asturias\",\"description\":\"El n\\u00famero de viajeros que optaron por viajar en ferrocarril en Larga Distancia (incluido el AVE) por el interior del pa\\u00eds disminuyeron un 6,5% en octubre respecto al mismo mes del a\\u00f1o anterior, mientras que los que eligieron el avi\\u00f3n aumentaron un 6,1%, seg\\u00fan los datos provisionales del Instituto Nacional de Estad\\u00edstica (INE). En concreto,\",\"inLanguage\":\"es-ES\",\"isPartOf\":{\"@id\":\"https:\\\/\\\/eldigitaldeasturias.com\\\/magazine365\\\/#website\"},\"breadcrumb\":{\"@id\":\"https:\\\/\\\/eldigitaldeasturias.com\\\/magazine365\\\/los-usuarios-se-suben-al-avion-y-se-bajan-del-tren-durante-octubre-de-2015\\\/#breadcrumblist\"},\"author\":{\"@id\":\"https:\\\/\\\/eldigitaldeasturias.com\\\/magazine365\\\/author\\\/admin\\\/#author\"},\"creator\":{\"@id\":\"https:\\\/\\\/eldigitaldeasturias.com\\\/magazine365\\\/author\\\/admin\\\/#author\"},\"image\":{\"@type\":\"ImageObject\",\"url\":\"https:\\\/\\\/eldigitaldeasturias.com\\\/magazine365\\\/wp-content\\\/uploads\\\/2015\\\/12\\\/fotonoticia_20151214101641_800.jpg\",\"@id\":\"https:\\\/\\\/eldigitaldeasturias.com\\\/magazine365\\\/los-usuarios-se-suben-al-avion-y-se-bajan-del-tren-durante-octubre-de-2015\\\/#mainImage\",\"width\":800,\"height\":533},\"primaryImageOfPage\":{\"@id\":\"https:\\\/\\\/eldigitaldeasturias.com\\\/magazine365\\\/los-usuarios-se-suben-al-avion-y-se-bajan-del-tren-durante-octubre-de-2015\\\/#mainImage\"},\"datePublished\":\"2015-12-14T11:33:04+01:00\",\"dateModified\":\"2015-12-14T11:33:04+01:00\"},{\"@type\":\"WebSite\",\"@id\":\"https:\\\/\\\/eldigitaldeasturias.com\\\/magazine365\\\/#website\",\"url\":\"https:\\\/\\\/eldigitaldeasturias.com\\\/magazine365\\\/\",\"name\":\"El Digital de Asturias\",\"description\":\"Revista de ocio, turismo y estilo de vida\",\"inLanguage\":\"es-ES\",\"publisher\":{\"@id\":\"https:\\\/\\\/eldigitaldeasturias.com\\\/magazine365\\\/#organization\"}}]}\n\t\t<\/script>\n\t\t<!-- All in One SEO Pro -->\r\n\t\t<title>Los usuarios se suben al avi\u00f3n y se bajan del tren durante Octubre de 2015 | El Digital de Asturias<\/title>\n\n","aioseo_head_json":{"title":"Los usuarios se suben al avi\u00f3n y se bajan del tren durante Octubre de 2015 | El Digital de Asturias","description":"El n\u00famero de viajeros que optaron por viajar en ferrocarril en Larga Distancia (incluido el AVE) por el interior del pa\u00eds disminuyeron un 6,5% en octubre respecto al mismo mes del a\u00f1o anterior, mientras que los que eligieron el avi\u00f3n aumentaron un 6,1%, seg\u00fan los datos provisionales del Instituto Nacional de Estad\u00edstica (INE). En concreto,","canonical_url":"https:\/\/eldigitaldeasturias.com\/magazine365\/los-usuarios-se-suben-al-avion-y-se-bajan-del-tren-durante-octubre-de-2015\/","robots":"max-image-preview:large","keywords":"noticias y actualidad","webmasterTools":{"google-site-verification":"UA-38556648-1","miscellaneous":""},"schema":{"@context":"https:\/\/schema.org","@graph":[{"@type":"Article","@id":"https:\/\/eldigitaldeasturias.com\/magazine365\/los-usuarios-se-suben-al-avion-y-se-bajan-del-tren-durante-octubre-de-2015\/#article","name":"Los usuarios se suben al avi\u00f3n y se bajan del tren durante Octubre de 2015 | El Digital de Asturias","headline":"Los usuarios se suben al avi\u00f3n y se bajan del tren durante Octubre de 2015","author":{"@id":"https:\/\/eldigitaldeasturias.com\/magazine365\/author\/admin\/#author"},"publisher":{"@id":"https:\/\/eldigitaldeasturias.com\/magazine365\/#organization"},"image":{"@type":"ImageObject","url":"https:\/\/eldigitaldeasturias.com\/magazine365\/wp-content\/uploads\/2015\/12\/fotonoticia_20151214101641_800.jpg","width":800,"height":533},"datePublished":"2015-12-14T11:33:04+01:00","dateModified":"2015-12-14T11:33:04+01:00","inLanguage":"es-ES","mainEntityOfPage":{"@id":"https:\/\/eldigitaldeasturias.com\/magazine365\/los-usuarios-se-suben-al-avion-y-se-bajan-del-tren-durante-octubre-de-2015\/#webpage"},"isPartOf":{"@id":"https:\/\/eldigitaldeasturias.com\/magazine365\/los-usuarios-se-suben-al-avion-y-se-bajan-del-tren-durante-octubre-de-2015\/#webpage"},"articleSection":"Noticias y Actualidad"},{"@type":"BreadcrumbList","@id":"https:\/\/eldigitaldeasturias.com\/magazine365\/los-usuarios-se-suben-al-avion-y-se-bajan-del-tren-durante-octubre-de-2015\/#breadcrumblist","itemListElement":[{"@type":"ListItem","@id":"https:\/\/eldigitaldeasturias.com\/magazine365#listItem","position":1,"name":"Home","item":"https:\/\/eldigitaldeasturias.com\/magazine365","nextItem":{"@type":"ListItem","@id":"https:\/\/eldigitaldeasturias.com\/magazine365\/category\/noticias-actualidad\/#listItem","name":"Noticias y Actualidad"}},{"@type":"ListItem","@id":"https:\/\/eldigitaldeasturias.com\/magazine365\/category\/noticias-actualidad\/#listItem","position":2,"name":"Noticias y Actualidad","item":"https:\/\/eldigitaldeasturias.com\/magazine365\/category\/noticias-actualidad\/","nextItem":{"@type":"ListItem","@id":"https:\/\/eldigitaldeasturias.com\/magazine365\/los-usuarios-se-suben-al-avion-y-se-bajan-del-tren-durante-octubre-de-2015\/#listItem","name":"Los usuarios se suben al avi\u00f3n y se bajan del tren durante Octubre de 2015"},"previousItem":{"@type":"ListItem","@id":"https:\/\/eldigitaldeasturias.com\/magazine365#listItem","name":"Home"}},{"@type":"ListItem","@id":"https:\/\/eldigitaldeasturias.com\/magazine365\/los-usuarios-se-suben-al-avion-y-se-bajan-del-tren-durante-octubre-de-2015\/#listItem","position":3,"name":"Los usuarios se suben al avi\u00f3n y se bajan del tren durante Octubre de 2015","previousItem":{"@type":"ListItem","@id":"https:\/\/eldigitaldeasturias.com\/magazine365\/category\/noticias-actualidad\/#listItem","name":"Noticias y Actualidad"}}]},{"@type":"Organization","@id":"https:\/\/eldigitaldeasturias.com\/magazine365\/#organization","name":"El digital de Asturias","description":"Revista de ocio, turismo y estilo de vida","url":"https:\/\/eldigitaldeasturias.com\/magazine365\/","logo":{"@type":"ImageObject","url":"https:\/\/www.eldigitaldeasturias.com\/noticias\/wp-content\/uploads\/2020\/12\/EDA.jpg","@id":"https:\/\/eldigitaldeasturias.com\/magazine365\/los-usuarios-se-suben-al-avion-y-se-bajan-del-tren-durante-octubre-de-2015\/#organizationLogo"},"image":{"@id":"https:\/\/eldigitaldeasturias.com\/magazine365\/los-usuarios-se-suben-al-avion-y-se-bajan-del-tren-durante-octubre-de-2015\/#organizationLogo"}},{"@type":"Person","@id":"https:\/\/eldigitaldeasturias.com\/magazine365\/author\/admin\/#author","url":"https:\/\/eldigitaldeasturias.com\/magazine365\/author\/admin\/","name":"admin","image":{"@type":"ImageObject","@id":"https:\/\/eldigitaldeasturias.com\/magazine365\/los-usuarios-se-suben-al-avion-y-se-bajan-del-tren-durante-octubre-de-2015\/#authorImage","url":"https:\/\/eldigitaldeasturias.com\/magazine365\/wp-content\/litespeed\/avatar\/e571bcf59a0edd6fa6838245a470f2fe.jpg?ver=1777574230","width":96,"height":96,"caption":"admin"}},{"@type":"WebPage","@id":"https:\/\/eldigitaldeasturias.com\/magazine365\/los-usuarios-se-suben-al-avion-y-se-bajan-del-tren-durante-octubre-de-2015\/#webpage","url":"https:\/\/eldigitaldeasturias.com\/magazine365\/los-usuarios-se-suben-al-avion-y-se-bajan-del-tren-durante-octubre-de-2015\/","name":"Los usuarios se suben al avi\u00f3n y se bajan del tren durante Octubre de 2015 | El Digital de Asturias","description":"El n\u00famero de viajeros que optaron por viajar en ferrocarril en Larga Distancia (incluido el AVE) por el interior del pa\u00eds disminuyeron un 6,5% en octubre respecto al mismo mes del a\u00f1o anterior, mientras que los que eligieron el avi\u00f3n aumentaron un 6,1%, seg\u00fan los datos provisionales del Instituto Nacional de Estad\u00edstica (INE). En concreto,","inLanguage":"es-ES","isPartOf":{"@id":"https:\/\/eldigitaldeasturias.com\/magazine365\/#website"},"breadcrumb":{"@id":"https:\/\/eldigitaldeasturias.com\/magazine365\/los-usuarios-se-suben-al-avion-y-se-bajan-del-tren-durante-octubre-de-2015\/#breadcrumblist"},"author":{"@id":"https:\/\/eldigitaldeasturias.com\/magazine365\/author\/admin\/#author"},"creator":{"@id":"https:\/\/eldigitaldeasturias.com\/magazine365\/author\/admin\/#author"},"image":{"@type":"ImageObject","url":"https:\/\/eldigitaldeasturias.com\/magazine365\/wp-content\/uploads\/2015\/12\/fotonoticia_20151214101641_800.jpg","@id":"https:\/\/eldigitaldeasturias.com\/magazine365\/los-usuarios-se-suben-al-avion-y-se-bajan-del-tren-durante-octubre-de-2015\/#mainImage","width":800,"height":533},"primaryImageOfPage":{"@id":"https:\/\/eldigitaldeasturias.com\/magazine365\/los-usuarios-se-suben-al-avion-y-se-bajan-del-tren-durante-octubre-de-2015\/#mainImage"},"datePublished":"2015-12-14T11:33:04+01:00","dateModified":"2015-12-14T11:33:04+01:00"},{"@type":"WebSite","@id":"https:\/\/eldigitaldeasturias.com\/magazine365\/#website","url":"https:\/\/eldigitaldeasturias.com\/magazine365\/","name":"El Digital de Asturias","description":"Revista de ocio, turismo y estilo de vida","inLanguage":"es-ES","publisher":{"@id":"https:\/\/eldigitaldeasturias.com\/magazine365\/#organization"}}]},"og:locale":"es_ES","og:site_name":"El Digital de Asturias \u2013 Revista de ocio, turismo y estilo de vida","og:type":"article","og:title":"Los usuarios se suben al avi\u00f3n y se bajan del tren durante Octubre de 2015 | El Digital de Asturias","og:description":"El n\u00famero de viajeros que optaron por viajar en ferrocarril en Larga Distancia (incluido el AVE) por el interior del pa\u00eds disminuyeron un 6,5% en octubre respecto al mismo mes del a\u00f1o anterior, mientras que los que eligieron el avi\u00f3n aumentaron un 6,1%, seg\u00fan los datos provisionales del Instituto Nacional de Estad\u00edstica (INE). En concreto,","og:url":"https:\/\/eldigitaldeasturias.com\/magazine365\/los-usuarios-se-suben-al-avion-y-se-bajan-del-tren-durante-octubre-de-2015\/","og:image":"https:\/\/eldigitaldeasturias.com\/magazine365\/wp-content\/uploads\/2015\/12\/fotonoticia_20151214101641_800.jpg","og:image:secure_url":"https:\/\/eldigitaldeasturias.com\/magazine365\/wp-content\/uploads\/2015\/12\/fotonoticia_20151214101641_800.jpg","og:image:width":800,"og:image:height":533,"article:published_time":"2015-12-14T10:33:04+00:00","article:modified_time":"2015-12-14T10:33:04+00:00","twitter:card":"summary_large_image","twitter:title":"Los usuarios se suben al avi\u00f3n y se bajan del tren durante Octubre de 2015 | El Digital de Asturias","twitter:description":"El n\u00famero de viajeros que optaron por viajar en ferrocarril en Larga Distancia (incluido el AVE) por el interior del pa\u00eds disminuyeron un 6,5% en octubre respecto al mismo mes del a\u00f1o anterior, mientras que los que eligieron el avi\u00f3n aumentaron un 6,1%, seg\u00fan los datos provisionales del Instituto Nacional de Estad\u00edstica (INE). En concreto,","twitter:image":"https:\/\/eldigitaldeasturias.com\/magazine365\/wp-content\/uploads\/2015\/12\/fotonoticia_20151214101641_800.jpg"},"aioseo_meta_data":{"post_id":"58369","title":null,"description":null,"keywords":null,"keyphrases":null,"primary_term":null,"canonical_url":null,"og_title":null,"og_description":null,"og_object_type":"default","og_image_type":"default","og_image_url":null,"og_image_width":null,"og_image_height":null,"og_image_custom_url":null,"og_image_custom_fields":null,"og_video":null,"og_custom_url":null,"og_article_section":null,"og_article_tags":null,"twitter_use_og":false,"twitter_card":"default","twitter_image_type":"default","twitter_image_url":null,"twitter_image_custom_url":null,"twitter_image_custom_fields":null,"twitter_title":null,"twitter_description":null,"schema":{"blockGraphs":[],"customGraphs":[],"default":{"data":{"Article":[],"Course":[],"Dataset":[],"FAQPage":[],"Movie":[],"Person":[],"Product":[],"ProductReview":[],"Car":[],"Recipe":[],"Service":[],"SoftwareApplication":[],"WebPage":[]},"graphName":"","isEnabled":true},"graphs":[],"defaultGraph":"","defaultPostTypeGraph":""},"schema_type":null,"schema_type_options":null,"pillar_content":false,"robots_default":true,"robots_noindex":false,"robots_noarchive":false,"robots_nosnippet":false,"robots_nofollow":false,"robots_noimageindex":false,"robots_noodp":false,"robots_notranslate":false,"robots_max_snippet":null,"robots_max_videopreview":null,"robots_max_imagepreview":"large","priority":null,"frequency":null,"location":null,"local_seo":null,"seo_analyzer_scan_date":"2025-09-25 02:51:58","breadcrumb_settings":null,"limit_modified_date":false,"open_ai":null,"ai":null,"created":"2021-03-08 22:30:51","updated":"2025-09-25 02:51:58"},"aioseo_breadcrumb":"<div class=\"aioseo-breadcrumbs\"><span class=\"aioseo-breadcrumb\">\n\t<a href=\"https:\/\/eldigitaldeasturias.com\/magazine365\" title=\"Home\">Home<\/a>\n<\/span><span class=\"aioseo-breadcrumb-separator\">\u2013<\/span><span class=\"aioseo-breadcrumb\">\n\t<a href=\"https:\/\/eldigitaldeasturias.com\/magazine365\/category\/noticias-actualidad\/\" title=\"Noticias y Actualidad\">Noticias y Actualidad<\/a>\n<\/span><span class=\"aioseo-breadcrumb-separator\">\u2013<\/span><span class=\"aioseo-breadcrumb\">\n\t<a href=\"https:\/\/eldigitaldeasturias.com\/magazine365\/los-usuarios-se-suben-al-avion-y-se-bajan-del-tren-durante-octubre-de-2015\/\" title=\"Los usuarios se suben al avi\u00f3n y se bajan del tren durante Octubre de 2015\">Los usuarios se suben al avi\u00f3n y se bajan del tren durante Octubre de 2015<\/a>\n<\/span><\/div>","aioseo_breadcrumb_json":[{"label":"Home","link":"https:\/\/eldigitaldeasturias.com\/magazine365"},{"label":"Noticias y Actualidad","link":"https:\/\/eldigitaldeasturias.com\/magazine365\/category\/noticias-actualidad\/"},{"label":"Los usuarios se suben al avi\u00f3n y se bajan del tren durante Octubre de 2015","link":"https:\/\/eldigitaldeasturias.com\/magazine365\/los-usuarios-se-suben-al-avion-y-se-bajan-del-tren-durante-octubre-de-2015\/"}],"_links":{"self":[{"href":"https:\/\/eldigitaldeasturias.com\/magazine365\/wp-json\/wp\/v2\/posts\/58369","targetHints":{"allow":["GET"]}}],"collection":[{"href":"https:\/\/eldigitaldeasturias.com\/magazine365\/wp-json\/wp\/v2\/posts"}],"about":[{"href":"https:\/\/eldigitaldeasturias.com\/magazine365\/wp-json\/wp\/v2\/types\/post"}],"author":[{"embeddable":true,"href":"https:\/\/eldigitaldeasturias.com\/magazine365\/wp-json\/wp\/v2\/users\/1"}],"replies":[{"embeddable":true,"href":"https:\/\/eldigitaldeasturias.com\/magazine365\/wp-json\/wp\/v2\/comments?post=58369"}],"version-history":[{"count":0,"href":"https:\/\/eldigitaldeasturias.com\/magazine365\/wp-json\/wp\/v2\/posts\/58369\/revisions"}],"wp:featuredmedia":[{"embeddable":true,"href":"https:\/\/eldigitaldeasturias.com\/magazine365\/wp-json\/wp\/v2\/media\/58370"}],"wp:attachment":[{"href":"https:\/\/eldigitaldeasturias.com\/magazine365\/wp-json\/wp\/v2\/media?parent=58369"}],"wp:term":[{"taxonomy":"category","embeddable":true,"href":"https:\/\/eldigitaldeasturias.com\/magazine365\/wp-json\/wp\/v2\/categories?post=58369"},{"taxonomy":"post_tag","embeddable":true,"href":"https:\/\/eldigitaldeasturias.com\/magazine365\/wp-json\/wp\/v2\/tags?post=58369"}],"curies":[{"name":"wp","href":"https:\/\/api.w.org\/{rel}","templated":true}]}}