{"id":58359,"date":"2015-12-13T15:14:44","date_gmt":"2015-12-13T14:14:44","guid":{"rendered":"http:\/\/eldigitaldeasturias.com\/magazine365\/?p=58359"},"modified":"2015-12-13T15:14:44","modified_gmt":"2015-12-13T14:14:44","slug":"los-lagos-de-covadonga-se-afianzan-como-opcion-turistica-en-asturias","status":"publish","type":"post","link":"https:\/\/eldigitaldeasturias.com\/magazine365\/los-lagos-de-covadonga-se-afianzan-como-opcion-turistica-en-asturias\/","title":{"rendered":"Los Lagos de Covadonga se afianzan como \u201copci\u00f3n\u201d tur\u00edstica en Asturias"},"content":{"rendered":"<p><img fetchpriority=\"high\" decoding=\"async\" class=\"alignleft size-medium wp-image-58360\" src=\"https:\/\/eldigitaldeasturias.com\/magazine365\/wp-content\/uploads\/2015\/12\/fotonoticia_20151213134657_800-360x270.jpg\" alt=\"fotonoticia_20151213134657_800\" width=\"360\" height=\"270\" srcset=\"https:\/\/eldigitaldeasturias.com\/magazine365\/wp-content\/uploads\/2015\/12\/fotonoticia_20151213134657_800-360x270.jpg 360w, https:\/\/eldigitaldeasturias.com\/magazine365\/wp-content\/uploads\/2015\/12\/fotonoticia_20151213134657_800-650x488.jpg 650w, https:\/\/eldigitaldeasturias.com\/magazine365\/wp-content\/uploads\/2015\/12\/fotonoticia_20151213134657_800-768x576.jpg 768w, https:\/\/eldigitaldeasturias.com\/magazine365\/wp-content\/uploads\/2015\/12\/fotonoticia_20151213134657_800-150x113.jpg 150w, https:\/\/eldigitaldeasturias.com\/magazine365\/wp-content\/uploads\/2015\/12\/fotonoticia_20151213134657_800-450x338.jpg 450w, https:\/\/eldigitaldeasturias.com\/magazine365\/wp-content\/uploads\/2015\/12\/fotonoticia_20151213134657_800-80x60.jpg 80w, https:\/\/eldigitaldeasturias.com\/magazine365\/wp-content\/uploads\/2015\/12\/fotonoticia_20151213134657_800-265x198.jpg 265w, https:\/\/eldigitaldeasturias.com\/magazine365\/wp-content\/uploads\/2015\/12\/fotonoticia_20151213134657_800-696x522.jpg 696w, https:\/\/eldigitaldeasturias.com\/magazine365\/wp-content\/uploads\/2015\/12\/fotonoticia_20151213134657_800-560x420.jpg 560w, https:\/\/eldigitaldeasturias.com\/magazine365\/wp-content\/uploads\/2015\/12\/fotonoticia_20151213134657_800-90x67.jpg 90w, https:\/\/eldigitaldeasturias.com\/magazine365\/wp-content\/uploads\/2015\/12\/fotonoticia_20151213134657_800-100x75.jpg 100w, https:\/\/eldigitaldeasturias.com\/magazine365\/wp-content\/uploads\/2015\/12\/fotonoticia_20151213134657_800.jpg 800w\" sizes=\"(max-width: 360px) 100vw, 360px\" \/>El plan de transporte p\u00fablico a los lagos de Covadonga cerrar\u00e1 este a\u00f1o con la cifra r\u00e9cord de 138.548 usuarios durante los 65 d\u00edas en que ha estado en aplicaci\u00f3n en 2015, que incluyen las 5.824 personas que se desplazaron a la zona del 5 al 8 de diciembre, coincidiendo con el puente festivo del D\u00eda de la Constituci\u00f3n.<\/p>\n<p>Seg\u00fan ha informado el Principado este domingo, se trata de 2.838 visitantes m\u00e1s que durante el mismo periodo de 2013, \u00faltimo a\u00f1o en que funcion\u00f3 en diciembre, puesto que en 2014 se suspendi\u00f3 por la meteorolog\u00eda.<\/p>\n<p>Hasta la fecha, el a\u00f1o con m\u00e1s usuarios hab\u00eda sido 2011, con un total de 133.312 viajeros, y un calendario de aplicaci\u00f3n de las restricciones del tr\u00e1fico de 72 d\u00edas, siete m\u00e1s que en este ejercicio.<\/p>\n<p>En total, desde la puesta en marcha del plan hace m\u00e1s de una d\u00e9cada, m\u00e1s de 1,2 millones de personas han visitado este enclave en los servicios lanzadera de transporte p\u00fablico, lo que pone de relevancia la importancia de este servicio.<\/p>\n<p>El Principado recuerda que el objetivo de este plan, gestionado por la Consejer\u00eda de Infraestructuras, Ordenaci\u00f3n del Territorio y Medio Ambiente a trav\u00e9s del Consorcio de Transportes de Asturias (CTA), es ordenar la afluencia a esta zona del Parque Nacional de los Picos de Europa, as\u00ed como reducir las emisiones procedentes del tr\u00e1fico y sus consecuencias negativas sobre el entorno. Para ello, se restringe la subida de veh\u00edculos particulares a los lagos, habilitando en su lugar un servicio especial de autobuses.<\/p>\n<p>Adem\u00e1s, aquellos usuarios que lo deseen pueden optar por el servicio de taxis de la cooperativa local de Cangas de On\u00eds, Taxitur, que, coordinado con los buses lanzadera, permite realizar visitas m\u00e1s personalizadas en veh\u00edculos de hasta nueve plazas.<\/p>\n","protected":false},"excerpt":{"rendered":"<p>El plan de transporte p\u00fablico a los lagos de Covadonga cerrar\u00e1 este a\u00f1o con la cifra r\u00e9cord de 138.548 usuarios durante los 65 d\u00edas en que ha estado en aplicaci\u00f3n en 2015, que incluyen las 5.824 personas que se desplazaron a la zona del 5 al 8 de diciembre, coincidiendo con el puente festivo del<\/p>\n","protected":false},"author":1,"featured_media":58360,"comment_status":"open","ping_status":"closed","sticky":false,"template":"","format":"standard","meta":{"footnotes":""},"categories":[224],"tags":[],"class_list":{"0":"post-58359","1":"post","2":"type-post","3":"status-publish","4":"format-standard","5":"has-post-thumbnail","7":"category-noticias-actualidad"},"aioseo_notices":[],"aioseo_head":"\n\t\t<!-- All in One SEO Pro 4.9.6.1 - aioseo.com -->\n\t<meta name=\"description\" content=\"El plan de transporte p\u00fablico a los lagos de Covadonga cerrar\u00e1 este a\u00f1o con la cifra r\u00e9cord de 138.548 usuarios durante los 65 d\u00edas en que ha estado en aplicaci\u00f3n en 2015, que incluyen las 5.824 personas que se desplazaron a la zona del 5 al 8 de diciembre, coincidiendo con el puente festivo del\" \/>\n\t<meta name=\"robots\" content=\"max-image-preview:large\" \/>\n\t<meta name=\"author\" content=\"admin\"\/>\n\t<meta name=\"google-site-verification\" content=\"UA-38556648-1\" \/>\n\t<meta name=\"keywords\" content=\"noticias y actualidad\" \/>\n\t<link rel=\"canonical\" href=\"https:\/\/eldigitaldeasturias.com\/magazine365\/los-lagos-de-covadonga-se-afianzan-como-opcion-turistica-en-asturias\/\" \/>\n\t<meta name=\"generator\" content=\"All in One SEO Pro (AIOSEO) 4.9.6.1\" \/>\n\t\t<meta property=\"og:locale\" content=\"es_ES\" \/>\n\t\t<meta property=\"og:site_name\" content=\"El Digital de Asturias \u2013 Revista de ocio, turismo y estilo de vida\" \/>\n\t\t<meta property=\"og:type\" content=\"article\" \/>\n\t\t<meta property=\"og:title\" content=\"Los Lagos de Covadonga se afianzan como \u201copci\u00f3n\u201d tur\u00edstica en Asturias | El Digital de Asturias\" \/>\n\t\t<meta property=\"og:description\" content=\"El plan de transporte p\u00fablico a los lagos de Covadonga cerrar\u00e1 este a\u00f1o con la cifra r\u00e9cord de 138.548 usuarios durante los 65 d\u00edas en que ha estado en aplicaci\u00f3n en 2015, que incluyen las 5.824 personas que se desplazaron a la zona del 5 al 8 de diciembre, coincidiendo con el puente festivo del\" \/>\n\t\t<meta property=\"og:url\" content=\"https:\/\/eldigitaldeasturias.com\/magazine365\/los-lagos-de-covadonga-se-afianzan-como-opcion-turistica-en-asturias\/\" \/>\n\t\t<meta property=\"og:image\" content=\"https:\/\/eldigitaldeasturias.com\/magazine365\/wp-content\/uploads\/2015\/12\/fotonoticia_20151213134657_800.jpg\" \/>\n\t\t<meta property=\"og:image:secure_url\" content=\"https:\/\/eldigitaldeasturias.com\/magazine365\/wp-content\/uploads\/2015\/12\/fotonoticia_20151213134657_800.jpg\" \/>\n\t\t<meta property=\"og:image:width\" content=\"800\" \/>\n\t\t<meta property=\"og:image:height\" content=\"600\" \/>\n\t\t<meta property=\"article:published_time\" content=\"2015-12-13T14:14:44+00:00\" \/>\n\t\t<meta property=\"article:modified_time\" content=\"2015-12-13T14:14:44+00:00\" \/>\n\t\t<meta name=\"twitter:card\" content=\"summary_large_image\" \/>\n\t\t<meta name=\"twitter:title\" content=\"Los Lagos de Covadonga se afianzan como \u201copci\u00f3n\u201d tur\u00edstica en Asturias | El Digital de Asturias\" \/>\n\t\t<meta name=\"twitter:description\" content=\"El plan de transporte p\u00fablico a los lagos de Covadonga cerrar\u00e1 este a\u00f1o con la cifra r\u00e9cord de 138.548 usuarios durante los 65 d\u00edas en que ha estado en aplicaci\u00f3n en 2015, que incluyen las 5.824 personas que se desplazaron a la zona del 5 al 8 de diciembre, coincidiendo con el puente festivo del\" \/>\n\t\t<meta name=\"twitter:image\" content=\"https:\/\/eldigitaldeasturias.com\/magazine365\/wp-content\/uploads\/2015\/12\/fotonoticia_20151213134657_800.jpg\" \/>\n\t\t<script type=\"application\/ld+json\" class=\"aioseo-schema\">\n\t\t\t{\"@context\":\"https:\\\/\\\/schema.org\",\"@graph\":[{\"@type\":\"Article\",\"@id\":\"https:\\\/\\\/eldigitaldeasturias.com\\\/magazine365\\\/los-lagos-de-covadonga-se-afianzan-como-opcion-turistica-en-asturias\\\/#article\",\"name\":\"Los Lagos de Covadonga se afianzan como \\u201copci\\u00f3n\\u201d tur\\u00edstica en Asturias | El Digital de Asturias\",\"headline\":\"Los Lagos de Covadonga se afianzan como \\u201copci\\u00f3n\\u201d tur\\u00edstica en Asturias\",\"author\":{\"@id\":\"https:\\\/\\\/eldigitaldeasturias.com\\\/magazine365\\\/author\\\/admin\\\/#author\"},\"publisher\":{\"@id\":\"https:\\\/\\\/eldigitaldeasturias.com\\\/magazine365\\\/#organization\"},\"image\":{\"@type\":\"ImageObject\",\"url\":\"https:\\\/\\\/eldigitaldeasturias.com\\\/magazine365\\\/wp-content\\\/uploads\\\/2015\\\/12\\\/fotonoticia_20151213134657_800.jpg\",\"width\":800,\"height\":600},\"datePublished\":\"2015-12-13T15:14:44+01:00\",\"dateModified\":\"2015-12-13T15:14:44+01:00\",\"inLanguage\":\"es-ES\",\"mainEntityOfPage\":{\"@id\":\"https:\\\/\\\/eldigitaldeasturias.com\\\/magazine365\\\/los-lagos-de-covadonga-se-afianzan-como-opcion-turistica-en-asturias\\\/#webpage\"},\"isPartOf\":{\"@id\":\"https:\\\/\\\/eldigitaldeasturias.com\\\/magazine365\\\/los-lagos-de-covadonga-se-afianzan-como-opcion-turistica-en-asturias\\\/#webpage\"},\"articleSection\":\"Noticias y Actualidad\"},{\"@type\":\"BreadcrumbList\",\"@id\":\"https:\\\/\\\/eldigitaldeasturias.com\\\/magazine365\\\/los-lagos-de-covadonga-se-afianzan-como-opcion-turistica-en-asturias\\\/#breadcrumblist\",\"itemListElement\":[{\"@type\":\"ListItem\",\"@id\":\"https:\\\/\\\/eldigitaldeasturias.com\\\/magazine365#listItem\",\"position\":1,\"name\":\"Home\",\"item\":\"https:\\\/\\\/eldigitaldeasturias.com\\\/magazine365\",\"nextItem\":{\"@type\":\"ListItem\",\"@id\":\"https:\\\/\\\/eldigitaldeasturias.com\\\/magazine365\\\/category\\\/noticias-actualidad\\\/#listItem\",\"name\":\"Noticias y Actualidad\"}},{\"@type\":\"ListItem\",\"@id\":\"https:\\\/\\\/eldigitaldeasturias.com\\\/magazine365\\\/category\\\/noticias-actualidad\\\/#listItem\",\"position\":2,\"name\":\"Noticias y Actualidad\",\"item\":\"https:\\\/\\\/eldigitaldeasturias.com\\\/magazine365\\\/category\\\/noticias-actualidad\\\/\",\"nextItem\":{\"@type\":\"ListItem\",\"@id\":\"https:\\\/\\\/eldigitaldeasturias.com\\\/magazine365\\\/los-lagos-de-covadonga-se-afianzan-como-opcion-turistica-en-asturias\\\/#listItem\",\"name\":\"Los Lagos de Covadonga se afianzan como \\u201copci\\u00f3n\\u201d tur\\u00edstica en Asturias\"},\"previousItem\":{\"@type\":\"ListItem\",\"@id\":\"https:\\\/\\\/eldigitaldeasturias.com\\\/magazine365#listItem\",\"name\":\"Home\"}},{\"@type\":\"ListItem\",\"@id\":\"https:\\\/\\\/eldigitaldeasturias.com\\\/magazine365\\\/los-lagos-de-covadonga-se-afianzan-como-opcion-turistica-en-asturias\\\/#listItem\",\"position\":3,\"name\":\"Los Lagos de Covadonga se afianzan como \\u201copci\\u00f3n\\u201d tur\\u00edstica en Asturias\",\"previousItem\":{\"@type\":\"ListItem\",\"@id\":\"https:\\\/\\\/eldigitaldeasturias.com\\\/magazine365\\\/category\\\/noticias-actualidad\\\/#listItem\",\"name\":\"Noticias y Actualidad\"}}]},{\"@type\":\"Organization\",\"@id\":\"https:\\\/\\\/eldigitaldeasturias.com\\\/magazine365\\\/#organization\",\"name\":\"El digital de Asturias\",\"description\":\"Revista de ocio, turismo y estilo de vida\",\"url\":\"https:\\\/\\\/eldigitaldeasturias.com\\\/magazine365\\\/\",\"logo\":{\"@type\":\"ImageObject\",\"url\":\"https:\\\/\\\/www.eldigitaldeasturias.com\\\/noticias\\\/wp-content\\\/uploads\\\/2020\\\/12\\\/EDA.jpg\",\"@id\":\"https:\\\/\\\/eldigitaldeasturias.com\\\/magazine365\\\/los-lagos-de-covadonga-se-afianzan-como-opcion-turistica-en-asturias\\\/#organizationLogo\"},\"image\":{\"@id\":\"https:\\\/\\\/eldigitaldeasturias.com\\\/magazine365\\\/los-lagos-de-covadonga-se-afianzan-como-opcion-turistica-en-asturias\\\/#organizationLogo\"}},{\"@type\":\"Person\",\"@id\":\"https:\\\/\\\/eldigitaldeasturias.com\\\/magazine365\\\/author\\\/admin\\\/#author\",\"url\":\"https:\\\/\\\/eldigitaldeasturias.com\\\/magazine365\\\/author\\\/admin\\\/\",\"name\":\"admin\",\"image\":{\"@type\":\"ImageObject\",\"@id\":\"https:\\\/\\\/eldigitaldeasturias.com\\\/magazine365\\\/los-lagos-de-covadonga-se-afianzan-como-opcion-turistica-en-asturias\\\/#authorImage\",\"url\":\"https:\\\/\\\/eldigitaldeasturias.com\\\/magazine365\\\/wp-content\\\/litespeed\\\/avatar\\\/e571bcf59a0edd6fa6838245a470f2fe.jpg?ver=1777574230\",\"width\":96,\"height\":96,\"caption\":\"admin\"}},{\"@type\":\"WebPage\",\"@id\":\"https:\\\/\\\/eldigitaldeasturias.com\\\/magazine365\\\/los-lagos-de-covadonga-se-afianzan-como-opcion-turistica-en-asturias\\\/#webpage\",\"url\":\"https:\\\/\\\/eldigitaldeasturias.com\\\/magazine365\\\/los-lagos-de-covadonga-se-afianzan-como-opcion-turistica-en-asturias\\\/\",\"name\":\"Los Lagos de Covadonga se afianzan como \\u201copci\\u00f3n\\u201d tur\\u00edstica en Asturias | El Digital de Asturias\",\"description\":\"El plan de transporte p\\u00fablico a los lagos de Covadonga cerrar\\u00e1 este a\\u00f1o con la cifra r\\u00e9cord de 138.548 usuarios durante los 65 d\\u00edas en que ha estado en aplicaci\\u00f3n en 2015, que incluyen las 5.824 personas que se desplazaron a la zona del 5 al 8 de diciembre, coincidiendo con el puente festivo del\",\"inLanguage\":\"es-ES\",\"isPartOf\":{\"@id\":\"https:\\\/\\\/eldigitaldeasturias.com\\\/magazine365\\\/#website\"},\"breadcrumb\":{\"@id\":\"https:\\\/\\\/eldigitaldeasturias.com\\\/magazine365\\\/los-lagos-de-covadonga-se-afianzan-como-opcion-turistica-en-asturias\\\/#breadcrumblist\"},\"author\":{\"@id\":\"https:\\\/\\\/eldigitaldeasturias.com\\\/magazine365\\\/author\\\/admin\\\/#author\"},\"creator\":{\"@id\":\"https:\\\/\\\/eldigitaldeasturias.com\\\/magazine365\\\/author\\\/admin\\\/#author\"},\"image\":{\"@type\":\"ImageObject\",\"url\":\"https:\\\/\\\/eldigitaldeasturias.com\\\/magazine365\\\/wp-content\\\/uploads\\\/2015\\\/12\\\/fotonoticia_20151213134657_800.jpg\",\"@id\":\"https:\\\/\\\/eldigitaldeasturias.com\\\/magazine365\\\/los-lagos-de-covadonga-se-afianzan-como-opcion-turistica-en-asturias\\\/#mainImage\",\"width\":800,\"height\":600},\"primaryImageOfPage\":{\"@id\":\"https:\\\/\\\/eldigitaldeasturias.com\\\/magazine365\\\/los-lagos-de-covadonga-se-afianzan-como-opcion-turistica-en-asturias\\\/#mainImage\"},\"datePublished\":\"2015-12-13T15:14:44+01:00\",\"dateModified\":\"2015-12-13T15:14:44+01:00\"},{\"@type\":\"WebSite\",\"@id\":\"https:\\\/\\\/eldigitaldeasturias.com\\\/magazine365\\\/#website\",\"url\":\"https:\\\/\\\/eldigitaldeasturias.com\\\/magazine365\\\/\",\"name\":\"El Digital de Asturias\",\"description\":\"Revista de ocio, turismo y estilo de vida\",\"inLanguage\":\"es-ES\",\"publisher\":{\"@id\":\"https:\\\/\\\/eldigitaldeasturias.com\\\/magazine365\\\/#organization\"}}]}\n\t\t<\/script>\n\t\t<!-- All in One SEO Pro -->\r\n\t\t<title>Los Lagos de Covadonga se afianzan como \u201copci\u00f3n\u201d tur\u00edstica en Asturias | El Digital de Asturias<\/title>\n\n","aioseo_head_json":{"title":"Los Lagos de Covadonga se afianzan como \u201copci\u00f3n\u201d tur\u00edstica en Asturias | El Digital de Asturias","description":"El plan de transporte p\u00fablico a los lagos de Covadonga cerrar\u00e1 este a\u00f1o con la cifra r\u00e9cord de 138.548 usuarios durante los 65 d\u00edas en que ha estado en aplicaci\u00f3n en 2015, que incluyen las 5.824 personas que se desplazaron a la zona del 5 al 8 de diciembre, coincidiendo con el puente festivo del","canonical_url":"https:\/\/eldigitaldeasturias.com\/magazine365\/los-lagos-de-covadonga-se-afianzan-como-opcion-turistica-en-asturias\/","robots":"max-image-preview:large","keywords":"noticias y actualidad","webmasterTools":{"google-site-verification":"UA-38556648-1","miscellaneous":""},"schema":{"@context":"https:\/\/schema.org","@graph":[{"@type":"Article","@id":"https:\/\/eldigitaldeasturias.com\/magazine365\/los-lagos-de-covadonga-se-afianzan-como-opcion-turistica-en-asturias\/#article","name":"Los Lagos de Covadonga se afianzan como \u201copci\u00f3n\u201d tur\u00edstica en Asturias | El Digital de Asturias","headline":"Los Lagos de Covadonga se afianzan como \u201copci\u00f3n\u201d tur\u00edstica en Asturias","author":{"@id":"https:\/\/eldigitaldeasturias.com\/magazine365\/author\/admin\/#author"},"publisher":{"@id":"https:\/\/eldigitaldeasturias.com\/magazine365\/#organization"},"image":{"@type":"ImageObject","url":"https:\/\/eldigitaldeasturias.com\/magazine365\/wp-content\/uploads\/2015\/12\/fotonoticia_20151213134657_800.jpg","width":800,"height":600},"datePublished":"2015-12-13T15:14:44+01:00","dateModified":"2015-12-13T15:14:44+01:00","inLanguage":"es-ES","mainEntityOfPage":{"@id":"https:\/\/eldigitaldeasturias.com\/magazine365\/los-lagos-de-covadonga-se-afianzan-como-opcion-turistica-en-asturias\/#webpage"},"isPartOf":{"@id":"https:\/\/eldigitaldeasturias.com\/magazine365\/los-lagos-de-covadonga-se-afianzan-como-opcion-turistica-en-asturias\/#webpage"},"articleSection":"Noticias y Actualidad"},{"@type":"BreadcrumbList","@id":"https:\/\/eldigitaldeasturias.com\/magazine365\/los-lagos-de-covadonga-se-afianzan-como-opcion-turistica-en-asturias\/#breadcrumblist","itemListElement":[{"@type":"ListItem","@id":"https:\/\/eldigitaldeasturias.com\/magazine365#listItem","position":1,"name":"Home","item":"https:\/\/eldigitaldeasturias.com\/magazine365","nextItem":{"@type":"ListItem","@id":"https:\/\/eldigitaldeasturias.com\/magazine365\/category\/noticias-actualidad\/#listItem","name":"Noticias y Actualidad"}},{"@type":"ListItem","@id":"https:\/\/eldigitaldeasturias.com\/magazine365\/category\/noticias-actualidad\/#listItem","position":2,"name":"Noticias y Actualidad","item":"https:\/\/eldigitaldeasturias.com\/magazine365\/category\/noticias-actualidad\/","nextItem":{"@type":"ListItem","@id":"https:\/\/eldigitaldeasturias.com\/magazine365\/los-lagos-de-covadonga-se-afianzan-como-opcion-turistica-en-asturias\/#listItem","name":"Los Lagos de Covadonga se afianzan como \u201copci\u00f3n\u201d tur\u00edstica en Asturias"},"previousItem":{"@type":"ListItem","@id":"https:\/\/eldigitaldeasturias.com\/magazine365#listItem","name":"Home"}},{"@type":"ListItem","@id":"https:\/\/eldigitaldeasturias.com\/magazine365\/los-lagos-de-covadonga-se-afianzan-como-opcion-turistica-en-asturias\/#listItem","position":3,"name":"Los Lagos de Covadonga se afianzan como \u201copci\u00f3n\u201d tur\u00edstica en Asturias","previousItem":{"@type":"ListItem","@id":"https:\/\/eldigitaldeasturias.com\/magazine365\/category\/noticias-actualidad\/#listItem","name":"Noticias y Actualidad"}}]},{"@type":"Organization","@id":"https:\/\/eldigitaldeasturias.com\/magazine365\/#organization","name":"El digital de Asturias","description":"Revista de ocio, turismo y estilo de vida","url":"https:\/\/eldigitaldeasturias.com\/magazine365\/","logo":{"@type":"ImageObject","url":"https:\/\/www.eldigitaldeasturias.com\/noticias\/wp-content\/uploads\/2020\/12\/EDA.jpg","@id":"https:\/\/eldigitaldeasturias.com\/magazine365\/los-lagos-de-covadonga-se-afianzan-como-opcion-turistica-en-asturias\/#organizationLogo"},"image":{"@id":"https:\/\/eldigitaldeasturias.com\/magazine365\/los-lagos-de-covadonga-se-afianzan-como-opcion-turistica-en-asturias\/#organizationLogo"}},{"@type":"Person","@id":"https:\/\/eldigitaldeasturias.com\/magazine365\/author\/admin\/#author","url":"https:\/\/eldigitaldeasturias.com\/magazine365\/author\/admin\/","name":"admin","image":{"@type":"ImageObject","@id":"https:\/\/eldigitaldeasturias.com\/magazine365\/los-lagos-de-covadonga-se-afianzan-como-opcion-turistica-en-asturias\/#authorImage","url":"https:\/\/eldigitaldeasturias.com\/magazine365\/wp-content\/litespeed\/avatar\/e571bcf59a0edd6fa6838245a470f2fe.jpg?ver=1777574230","width":96,"height":96,"caption":"admin"}},{"@type":"WebPage","@id":"https:\/\/eldigitaldeasturias.com\/magazine365\/los-lagos-de-covadonga-se-afianzan-como-opcion-turistica-en-asturias\/#webpage","url":"https:\/\/eldigitaldeasturias.com\/magazine365\/los-lagos-de-covadonga-se-afianzan-como-opcion-turistica-en-asturias\/","name":"Los Lagos de Covadonga se afianzan como \u201copci\u00f3n\u201d tur\u00edstica en Asturias | El Digital de Asturias","description":"El plan de transporte p\u00fablico a los lagos de Covadonga cerrar\u00e1 este a\u00f1o con la cifra r\u00e9cord de 138.548 usuarios durante los 65 d\u00edas en que ha estado en aplicaci\u00f3n en 2015, que incluyen las 5.824 personas que se desplazaron a la zona del 5 al 8 de diciembre, coincidiendo con el puente festivo del","inLanguage":"es-ES","isPartOf":{"@id":"https:\/\/eldigitaldeasturias.com\/magazine365\/#website"},"breadcrumb":{"@id":"https:\/\/eldigitaldeasturias.com\/magazine365\/los-lagos-de-covadonga-se-afianzan-como-opcion-turistica-en-asturias\/#breadcrumblist"},"author":{"@id":"https:\/\/eldigitaldeasturias.com\/magazine365\/author\/admin\/#author"},"creator":{"@id":"https:\/\/eldigitaldeasturias.com\/magazine365\/author\/admin\/#author"},"image":{"@type":"ImageObject","url":"https:\/\/eldigitaldeasturias.com\/magazine365\/wp-content\/uploads\/2015\/12\/fotonoticia_20151213134657_800.jpg","@id":"https:\/\/eldigitaldeasturias.com\/magazine365\/los-lagos-de-covadonga-se-afianzan-como-opcion-turistica-en-asturias\/#mainImage","width":800,"height":600},"primaryImageOfPage":{"@id":"https:\/\/eldigitaldeasturias.com\/magazine365\/los-lagos-de-covadonga-se-afianzan-como-opcion-turistica-en-asturias\/#mainImage"},"datePublished":"2015-12-13T15:14:44+01:00","dateModified":"2015-12-13T15:14:44+01:00"},{"@type":"WebSite","@id":"https:\/\/eldigitaldeasturias.com\/magazine365\/#website","url":"https:\/\/eldigitaldeasturias.com\/magazine365\/","name":"El Digital de Asturias","description":"Revista de ocio, turismo y estilo de vida","inLanguage":"es-ES","publisher":{"@id":"https:\/\/eldigitaldeasturias.com\/magazine365\/#organization"}}]},"og:locale":"es_ES","og:site_name":"El Digital de Asturias \u2013 Revista de ocio, turismo y estilo de vida","og:type":"article","og:title":"Los Lagos de Covadonga se afianzan como \u201copci\u00f3n\u201d tur\u00edstica en Asturias | El Digital de Asturias","og:description":"El plan de transporte p\u00fablico a los lagos de Covadonga cerrar\u00e1 este a\u00f1o con la cifra r\u00e9cord de 138.548 usuarios durante los 65 d\u00edas en que ha estado en aplicaci\u00f3n en 2015, que incluyen las 5.824 personas que se desplazaron a la zona del 5 al 8 de diciembre, coincidiendo con el puente festivo del","og:url":"https:\/\/eldigitaldeasturias.com\/magazine365\/los-lagos-de-covadonga-se-afianzan-como-opcion-turistica-en-asturias\/","og:image":"https:\/\/eldigitaldeasturias.com\/magazine365\/wp-content\/uploads\/2015\/12\/fotonoticia_20151213134657_800.jpg","og:image:secure_url":"https:\/\/eldigitaldeasturias.com\/magazine365\/wp-content\/uploads\/2015\/12\/fotonoticia_20151213134657_800.jpg","og:image:width":800,"og:image:height":600,"article:published_time":"2015-12-13T14:14:44+00:00","article:modified_time":"2015-12-13T14:14:44+00:00","twitter:card":"summary_large_image","twitter:title":"Los Lagos de Covadonga se afianzan como \u201copci\u00f3n\u201d tur\u00edstica en Asturias | El Digital de Asturias","twitter:description":"El plan de transporte p\u00fablico a los lagos de Covadonga cerrar\u00e1 este a\u00f1o con la cifra r\u00e9cord de 138.548 usuarios durante los 65 d\u00edas en que ha estado en aplicaci\u00f3n en 2015, que incluyen las 5.824 personas que se desplazaron a la zona del 5 al 8 de diciembre, coincidiendo con el puente festivo del","twitter:image":"https:\/\/eldigitaldeasturias.com\/magazine365\/wp-content\/uploads\/2015\/12\/fotonoticia_20151213134657_800.jpg"},"aioseo_meta_data":{"post_id":"58359","title":null,"description":null,"keywords":null,"keyphrases":null,"primary_term":null,"canonical_url":null,"og_title":null,"og_description":null,"og_object_type":"default","og_image_type":"default","og_image_url":null,"og_image_width":null,"og_image_height":null,"og_image_custom_url":null,"og_image_custom_fields":null,"og_video":null,"og_custom_url":null,"og_article_section":null,"og_article_tags":null,"twitter_use_og":false,"twitter_card":"default","twitter_image_type":"default","twitter_image_url":null,"twitter_image_custom_url":null,"twitter_image_custom_fields":null,"twitter_title":null,"twitter_description":null,"schema":{"blockGraphs":[],"customGraphs":[],"default":{"data":{"Article":[],"Course":[],"Dataset":[],"FAQPage":[],"Movie":[],"Person":[],"Product":[],"ProductReview":[],"Car":[],"Recipe":[],"Service":[],"SoftwareApplication":[],"WebPage":[]},"graphName":"","isEnabled":true},"graphs":[],"defaultGraph":"","defaultPostTypeGraph":""},"schema_type":null,"schema_type_options":null,"pillar_content":false,"robots_default":true,"robots_noindex":false,"robots_noarchive":false,"robots_nosnippet":false,"robots_nofollow":false,"robots_noimageindex":false,"robots_noodp":false,"robots_notranslate":false,"robots_max_snippet":null,"robots_max_videopreview":null,"robots_max_imagepreview":"large","priority":null,"frequency":null,"location":null,"local_seo":null,"seo_analyzer_scan_date":"2025-09-25 02:50:05","breadcrumb_settings":null,"limit_modified_date":false,"open_ai":null,"ai":null,"created":"2021-03-08 22:30:52","updated":"2025-09-25 02:50:05"},"aioseo_breadcrumb":"<div class=\"aioseo-breadcrumbs\"><span class=\"aioseo-breadcrumb\">\n\t<a href=\"https:\/\/eldigitaldeasturias.com\/magazine365\" title=\"Home\">Home<\/a>\n<\/span><span class=\"aioseo-breadcrumb-separator\">\u2013<\/span><span class=\"aioseo-breadcrumb\">\n\t<a href=\"https:\/\/eldigitaldeasturias.com\/magazine365\/category\/noticias-actualidad\/\" title=\"Noticias y Actualidad\">Noticias y Actualidad<\/a>\n<\/span><span class=\"aioseo-breadcrumb-separator\">\u2013<\/span><span class=\"aioseo-breadcrumb\">\n\t<a href=\"https:\/\/eldigitaldeasturias.com\/magazine365\/los-lagos-de-covadonga-se-afianzan-como-opcion-turistica-en-asturias\/\" title=\"Los Lagos de Covadonga se afianzan como \u201copci\u00f3n\u201d tur\u00edstica en Asturias\">Los Lagos de Covadonga se afianzan como \u201copci\u00f3n\u201d tur\u00edstica en Asturias<\/a>\n<\/span><\/div>","aioseo_breadcrumb_json":[{"label":"Home","link":"https:\/\/eldigitaldeasturias.com\/magazine365"},{"label":"Noticias y Actualidad","link":"https:\/\/eldigitaldeasturias.com\/magazine365\/category\/noticias-actualidad\/"},{"label":"Los Lagos de Covadonga se afianzan como \u201copci\u00f3n\u201d tur\u00edstica en Asturias","link":"https:\/\/eldigitaldeasturias.com\/magazine365\/los-lagos-de-covadonga-se-afianzan-como-opcion-turistica-en-asturias\/"}],"_links":{"self":[{"href":"https:\/\/eldigitaldeasturias.com\/magazine365\/wp-json\/wp\/v2\/posts\/58359","targetHints":{"allow":["GET"]}}],"collection":[{"href":"https:\/\/eldigitaldeasturias.com\/magazine365\/wp-json\/wp\/v2\/posts"}],"about":[{"href":"https:\/\/eldigitaldeasturias.com\/magazine365\/wp-json\/wp\/v2\/types\/post"}],"author":[{"embeddable":true,"href":"https:\/\/eldigitaldeasturias.com\/magazine365\/wp-json\/wp\/v2\/users\/1"}],"replies":[{"embeddable":true,"href":"https:\/\/eldigitaldeasturias.com\/magazine365\/wp-json\/wp\/v2\/comments?post=58359"}],"version-history":[{"count":0,"href":"https:\/\/eldigitaldeasturias.com\/magazine365\/wp-json\/wp\/v2\/posts\/58359\/revisions"}],"wp:featuredmedia":[{"embeddable":true,"href":"https:\/\/eldigitaldeasturias.com\/magazine365\/wp-json\/wp\/v2\/media\/58360"}],"wp:attachment":[{"href":"https:\/\/eldigitaldeasturias.com\/magazine365\/wp-json\/wp\/v2\/media?parent=58359"}],"wp:term":[{"taxonomy":"category","embeddable":true,"href":"https:\/\/eldigitaldeasturias.com\/magazine365\/wp-json\/wp\/v2\/categories?post=58359"},{"taxonomy":"post_tag","embeddable":true,"href":"https:\/\/eldigitaldeasturias.com\/magazine365\/wp-json\/wp\/v2\/tags?post=58359"}],"curies":[{"name":"wp","href":"https:\/\/api.w.org\/{rel}","templated":true}]}}