{"id":58350,"date":"2015-12-12T04:26:29","date_gmt":"2015-12-12T03:26:29","guid":{"rendered":"http:\/\/eldigitaldeasturias.com\/magazine365\/?p=58350"},"modified":"2015-12-12T04:26:29","modified_gmt":"2015-12-12T03:26:29","slug":"jornadas-enoturisticas-en-villanueva-del-ariscal","status":"publish","type":"post","link":"https:\/\/eldigitaldeasturias.com\/magazine365\/jornadas-enoturisticas-en-villanueva-del-ariscal\/","title":{"rendered":"Jornadas Enotur\u00edsticas en Villanueva del Ariscal"},"content":{"rendered":"<p><img fetchpriority=\"high\" decoding=\"async\" class=\"alignleft size-medium wp-image-58351\" src=\"https:\/\/eldigitaldeasturias.com\/magazine365\/wp-content\/uploads\/2015\/12\/fotonoticia_20151211185427_800-360x239.jpg\" alt=\"fotonoticia_20151211185427_800\" width=\"360\" height=\"239\" srcset=\"https:\/\/eldigitaldeasturias.com\/magazine365\/wp-content\/uploads\/2015\/12\/fotonoticia_20151211185427_800-360x239.jpg 360w, https:\/\/eldigitaldeasturias.com\/magazine365\/wp-content\/uploads\/2015\/12\/fotonoticia_20151211185427_800-650x431.jpg 650w, https:\/\/eldigitaldeasturias.com\/magazine365\/wp-content\/uploads\/2015\/12\/fotonoticia_20151211185427_800-768x510.jpg 768w, https:\/\/eldigitaldeasturias.com\/magazine365\/wp-content\/uploads\/2015\/12\/fotonoticia_20151211185427_800-150x100.jpg 150w, https:\/\/eldigitaldeasturias.com\/magazine365\/wp-content\/uploads\/2015\/12\/fotonoticia_20151211185427_800-450x299.jpg 450w, https:\/\/eldigitaldeasturias.com\/magazine365\/wp-content\/uploads\/2015\/12\/fotonoticia_20151211185427_800-696x462.jpg 696w, https:\/\/eldigitaldeasturias.com\/magazine365\/wp-content\/uploads\/2015\/12\/fotonoticia_20151211185427_800-633x420.jpg 633w, https:\/\/eldigitaldeasturias.com\/magazine365\/wp-content\/uploads\/2015\/12\/fotonoticia_20151211185427_800-84x55.jpg 84w, https:\/\/eldigitaldeasturias.com\/magazine365\/wp-content\/uploads\/2015\/12\/fotonoticia_20151211185427_800.jpg 800w\" sizes=\"(max-width: 360px) 100vw, 360px\" \/>El Ayuntamiento de Villanueva del Ariscal (Sevilla) ha organizado para este fin de semana y el pr\u00f3ximo las I Jornadas Enotur\u00edsticas: &#8216;Taberna, mosto y buena mesa&#8217; para potenciar su gastronom\u00eda y su mosto, una se\u00f1a de identidad de este municipio aljarafe\u00f1o, con la implicaci\u00f3n de sus bodegas y tabernas.<\/p>\n<p>Concretamente, este s\u00e1bado a las 14,00 horas en la bodega &#8216;El Coco&#8217; tendr\u00e1 lugar una tertulia flamenca, bajo el t\u00edtulo &#8216;Cante y Mosto&#8217;, organizada por la Pe\u00f1a Flamenca &#8216;La Solera del Ariscal&#8217;. Por la tarde, la plaza del Sant\u00edsimo Sacramento acoger\u00e1 un torneo de Ping-Pong a partir de las 16,00 horas y a las 17,30 horas en esta misma plaza habr\u00e1 una exhibici\u00f3n de baile moderno.<\/p>\n<p>El domingo, a partir de las 12,30 horas, ni\u00f1os entre ocho y 15 a\u00f1os podr\u00e1n participar en un Tour Fotogr\u00e1fico Guiado en el que podr\u00e1n fotografiar rincones de la localidad. Sobre las 13,00 horas la banda de m\u00fasica municipal San Antonio de Padua protagonizar\u00e1 un pasacalles de charanga y habr\u00e1 una exhibici\u00f3n solidaria de baile en la plaza del Sant\u00edsimo Sacramento, a cargo de la Academia de Virginia Barrag\u00e1n, donde todos los asistentes podr\u00e1n depositar kilos de alimento para C\u00e1ritas. M\u00e1s tarde, a las 16,00 horas habr\u00e1 un taller de baile moderno.<\/p>\n<p>A las 14,00 horas la Plaza de Espa\u00f1a acoger\u00e1 una degustaci\u00f3n gratuita de &#8216;Tost\u00e1 con huevo&#8217;, plato t\u00edpico de la localidad, y una sesi\u00f3n de juegos populares para los m\u00e1s peque\u00f1os.<\/p>\n<p>El fin de semana siguiente, 19 y 20 de diciembre, continuar\u00e1n estas jornadas. El s\u00e1bado por la ma\u00f1ana tendr\u00e1 lugar un mini mundialito en el campo de f\u00fatbol y a las 13,00 horas un concierto de villancicos flamencos en el Monasterio del Loreto. Por la tarde, los m\u00e1s peque\u00f1os podr\u00e1n disfrutar de una sesi\u00f3n de Cuenta Cuentos en la Casa de la Cultura y, como colof\u00f3n, un concierto municipal a cargo de la banda municipal de m\u00fasica, en el Pabell\u00f3n de la M\u00fasica.<\/p>\n<p>Al d\u00eda siguiente, el domingo 20, los visitantes podr\u00e1n disfrutar de una degustaci\u00f3n gratuita de potaje de garbanzos en la taberna &#8216;El Mellizo&#8217;, de carne con tomate en la bodega &#8216;La perdiz&#8217; y de espinacas con garbanzos en la bodega &#8216;El ni\u00f1o de la casera&#8217;, acompa\u00f1ado con mosto de cosecha propia de estas bodegas. A su vez, el domingo 27 habr\u00e1 un concierto de navidad de La Escolan\u00eda Nova Stella en la Parroquia Nuestra Se\u00f1ora de las Nieves.<\/p>\n<p>Adem\u00e1s durante estos dos fines de semana, desde el Consistorio han organizado un concurso de tapas, en el que colaboran bares y tabernas de la localidad. Tambi\u00e9n los asistentes podr\u00e1n disfrutar de las mencionadas actividades, as\u00ed como de la tradicional Ruta del Bel\u00e9n en casas particulares, de visitas a las bodegas y a la parroquia y de una demostraci\u00f3n en vivo sobre elaboraci\u00f3n de dulces t\u00edpicos y degustaciones. Adem\u00e1s durante este fin de semana un tren tur\u00edstico llevar\u00e1 a los visitantes por las distintas zonas de la localidad.<\/p>\n","protected":false},"excerpt":{"rendered":"<p>El Ayuntamiento de Villanueva del Ariscal (Sevilla) ha organizado para este fin de semana y el pr\u00f3ximo las I Jornadas Enotur\u00edsticas: &#8216;Taberna, mosto y buena mesa&#8217; para potenciar su gastronom\u00eda y su mosto, una se\u00f1a de identidad de este municipio aljarafe\u00f1o, con la implicaci\u00f3n de sus bodegas y tabernas. Concretamente, este s\u00e1bado a las 14,00<\/p>\n","protected":false},"author":1,"featured_media":58351,"comment_status":"open","ping_status":"closed","sticky":false,"template":"","format":"standard","meta":{"footnotes":""},"categories":[224],"tags":[],"class_list":{"0":"post-58350","1":"post","2":"type-post","3":"status-publish","4":"format-standard","5":"has-post-thumbnail","7":"category-noticias-actualidad"},"aioseo_notices":[],"aioseo_head":"\n\t\t<!-- All in One SEO Pro 4.9.6.1 - aioseo.com -->\n\t<meta name=\"description\" content=\"El Ayuntamiento de Villanueva del Ariscal (Sevilla) ha organizado para este fin de semana y el pr\u00f3ximo las I Jornadas Enotur\u00edsticas: &#039;Taberna, mosto y buena mesa&#039; para potenciar su gastronom\u00eda y su mosto, una se\u00f1a de identidad de este municipio aljarafe\u00f1o, con la implicaci\u00f3n de sus bodegas y tabernas. Concretamente, este s\u00e1bado a las 14,00\" \/>\n\t<meta name=\"robots\" content=\"max-image-preview:large\" \/>\n\t<meta name=\"author\" content=\"admin\"\/>\n\t<meta name=\"google-site-verification\" content=\"UA-38556648-1\" \/>\n\t<meta name=\"keywords\" content=\"noticias y actualidad\" \/>\n\t<link rel=\"canonical\" href=\"https:\/\/eldigitaldeasturias.com\/magazine365\/jornadas-enoturisticas-en-villanueva-del-ariscal\/\" \/>\n\t<meta name=\"generator\" content=\"All in One SEO Pro (AIOSEO) 4.9.6.1\" \/>\n\t\t<meta property=\"og:locale\" content=\"es_ES\" \/>\n\t\t<meta property=\"og:site_name\" content=\"El Digital de Asturias \u2013 Revista de ocio, turismo y estilo de vida\" \/>\n\t\t<meta property=\"og:type\" content=\"article\" \/>\n\t\t<meta property=\"og:title\" content=\"Jornadas Enotur\u00edsticas en Villanueva del Ariscal | El Digital de Asturias\" \/>\n\t\t<meta property=\"og:description\" content=\"El Ayuntamiento de Villanueva del Ariscal (Sevilla) ha organizado para este fin de semana y el pr\u00f3ximo las I Jornadas Enotur\u00edsticas: &#039;Taberna, mosto y buena mesa&#039; para potenciar su gastronom\u00eda y su mosto, una se\u00f1a de identidad de este municipio aljarafe\u00f1o, con la implicaci\u00f3n de sus bodegas y tabernas. Concretamente, este s\u00e1bado a las 14,00\" \/>\n\t\t<meta property=\"og:url\" content=\"https:\/\/eldigitaldeasturias.com\/magazine365\/jornadas-enoturisticas-en-villanueva-del-ariscal\/\" \/>\n\t\t<meta property=\"og:image\" content=\"https:\/\/eldigitaldeasturias.com\/magazine365\/wp-content\/uploads\/2015\/12\/fotonoticia_20151211185427_800.jpg\" \/>\n\t\t<meta property=\"og:image:secure_url\" content=\"https:\/\/eldigitaldeasturias.com\/magazine365\/wp-content\/uploads\/2015\/12\/fotonoticia_20151211185427_800.jpg\" \/>\n\t\t<meta property=\"og:image:width\" content=\"800\" \/>\n\t\t<meta property=\"og:image:height\" content=\"531\" \/>\n\t\t<meta property=\"article:published_time\" content=\"2015-12-12T03:26:29+00:00\" \/>\n\t\t<meta property=\"article:modified_time\" content=\"2015-12-12T03:26:29+00:00\" \/>\n\t\t<meta name=\"twitter:card\" content=\"summary_large_image\" \/>\n\t\t<meta name=\"twitter:title\" content=\"Jornadas Enotur\u00edsticas en Villanueva del Ariscal | El Digital de Asturias\" \/>\n\t\t<meta name=\"twitter:description\" content=\"El Ayuntamiento de Villanueva del Ariscal (Sevilla) ha organizado para este fin de semana y el pr\u00f3ximo las I Jornadas Enotur\u00edsticas: &#039;Taberna, mosto y buena mesa&#039; para potenciar su gastronom\u00eda y su mosto, una se\u00f1a de identidad de este municipio aljarafe\u00f1o, con la implicaci\u00f3n de sus bodegas y tabernas. Concretamente, este s\u00e1bado a las 14,00\" \/>\n\t\t<meta name=\"twitter:image\" content=\"https:\/\/eldigitaldeasturias.com\/magazine365\/wp-content\/uploads\/2015\/12\/fotonoticia_20151211185427_800.jpg\" \/>\n\t\t<script type=\"application\/ld+json\" class=\"aioseo-schema\">\n\t\t\t{\"@context\":\"https:\\\/\\\/schema.org\",\"@graph\":[{\"@type\":\"Article\",\"@id\":\"https:\\\/\\\/eldigitaldeasturias.com\\\/magazine365\\\/jornadas-enoturisticas-en-villanueva-del-ariscal\\\/#article\",\"name\":\"Jornadas Enotur\\u00edsticas en Villanueva del Ariscal | El Digital de Asturias\",\"headline\":\"Jornadas Enotur\\u00edsticas en Villanueva del Ariscal\",\"author\":{\"@id\":\"https:\\\/\\\/eldigitaldeasturias.com\\\/magazine365\\\/author\\\/admin\\\/#author\"},\"publisher\":{\"@id\":\"https:\\\/\\\/eldigitaldeasturias.com\\\/magazine365\\\/#organization\"},\"image\":{\"@type\":\"ImageObject\",\"url\":\"https:\\\/\\\/eldigitaldeasturias.com\\\/magazine365\\\/wp-content\\\/uploads\\\/2015\\\/12\\\/fotonoticia_20151211185427_800.jpg\",\"width\":800,\"height\":531},\"datePublished\":\"2015-12-12T04:26:29+01:00\",\"dateModified\":\"2015-12-12T04:26:29+01:00\",\"inLanguage\":\"es-ES\",\"mainEntityOfPage\":{\"@id\":\"https:\\\/\\\/eldigitaldeasturias.com\\\/magazine365\\\/jornadas-enoturisticas-en-villanueva-del-ariscal\\\/#webpage\"},\"isPartOf\":{\"@id\":\"https:\\\/\\\/eldigitaldeasturias.com\\\/magazine365\\\/jornadas-enoturisticas-en-villanueva-del-ariscal\\\/#webpage\"},\"articleSection\":\"Noticias y Actualidad\"},{\"@type\":\"BreadcrumbList\",\"@id\":\"https:\\\/\\\/eldigitaldeasturias.com\\\/magazine365\\\/jornadas-enoturisticas-en-villanueva-del-ariscal\\\/#breadcrumblist\",\"itemListElement\":[{\"@type\":\"ListItem\",\"@id\":\"https:\\\/\\\/eldigitaldeasturias.com\\\/magazine365#listItem\",\"position\":1,\"name\":\"Home\",\"item\":\"https:\\\/\\\/eldigitaldeasturias.com\\\/magazine365\",\"nextItem\":{\"@type\":\"ListItem\",\"@id\":\"https:\\\/\\\/eldigitaldeasturias.com\\\/magazine365\\\/category\\\/noticias-actualidad\\\/#listItem\",\"name\":\"Noticias y Actualidad\"}},{\"@type\":\"ListItem\",\"@id\":\"https:\\\/\\\/eldigitaldeasturias.com\\\/magazine365\\\/category\\\/noticias-actualidad\\\/#listItem\",\"position\":2,\"name\":\"Noticias y Actualidad\",\"item\":\"https:\\\/\\\/eldigitaldeasturias.com\\\/magazine365\\\/category\\\/noticias-actualidad\\\/\",\"nextItem\":{\"@type\":\"ListItem\",\"@id\":\"https:\\\/\\\/eldigitaldeasturias.com\\\/magazine365\\\/jornadas-enoturisticas-en-villanueva-del-ariscal\\\/#listItem\",\"name\":\"Jornadas Enotur\\u00edsticas en Villanueva del Ariscal\"},\"previousItem\":{\"@type\":\"ListItem\",\"@id\":\"https:\\\/\\\/eldigitaldeasturias.com\\\/magazine365#listItem\",\"name\":\"Home\"}},{\"@type\":\"ListItem\",\"@id\":\"https:\\\/\\\/eldigitaldeasturias.com\\\/magazine365\\\/jornadas-enoturisticas-en-villanueva-del-ariscal\\\/#listItem\",\"position\":3,\"name\":\"Jornadas Enotur\\u00edsticas en Villanueva del Ariscal\",\"previousItem\":{\"@type\":\"ListItem\",\"@id\":\"https:\\\/\\\/eldigitaldeasturias.com\\\/magazine365\\\/category\\\/noticias-actualidad\\\/#listItem\",\"name\":\"Noticias y Actualidad\"}}]},{\"@type\":\"Organization\",\"@id\":\"https:\\\/\\\/eldigitaldeasturias.com\\\/magazine365\\\/#organization\",\"name\":\"El digital de Asturias\",\"description\":\"Revista de ocio, turismo y estilo de vida\",\"url\":\"https:\\\/\\\/eldigitaldeasturias.com\\\/magazine365\\\/\",\"logo\":{\"@type\":\"ImageObject\",\"url\":\"https:\\\/\\\/www.eldigitaldeasturias.com\\\/noticias\\\/wp-content\\\/uploads\\\/2020\\\/12\\\/EDA.jpg\",\"@id\":\"https:\\\/\\\/eldigitaldeasturias.com\\\/magazine365\\\/jornadas-enoturisticas-en-villanueva-del-ariscal\\\/#organizationLogo\"},\"image\":{\"@id\":\"https:\\\/\\\/eldigitaldeasturias.com\\\/magazine365\\\/jornadas-enoturisticas-en-villanueva-del-ariscal\\\/#organizationLogo\"}},{\"@type\":\"Person\",\"@id\":\"https:\\\/\\\/eldigitaldeasturias.com\\\/magazine365\\\/author\\\/admin\\\/#author\",\"url\":\"https:\\\/\\\/eldigitaldeasturias.com\\\/magazine365\\\/author\\\/admin\\\/\",\"name\":\"admin\",\"image\":{\"@type\":\"ImageObject\",\"@id\":\"https:\\\/\\\/eldigitaldeasturias.com\\\/magazine365\\\/jornadas-enoturisticas-en-villanueva-del-ariscal\\\/#authorImage\",\"url\":\"https:\\\/\\\/eldigitaldeasturias.com\\\/magazine365\\\/wp-content\\\/litespeed\\\/avatar\\\/e571bcf59a0edd6fa6838245a470f2fe.jpg?ver=1777574230\",\"width\":96,\"height\":96,\"caption\":\"admin\"}},{\"@type\":\"WebPage\",\"@id\":\"https:\\\/\\\/eldigitaldeasturias.com\\\/magazine365\\\/jornadas-enoturisticas-en-villanueva-del-ariscal\\\/#webpage\",\"url\":\"https:\\\/\\\/eldigitaldeasturias.com\\\/magazine365\\\/jornadas-enoturisticas-en-villanueva-del-ariscal\\\/\",\"name\":\"Jornadas Enotur\\u00edsticas en Villanueva del Ariscal | El Digital de Asturias\",\"description\":\"El Ayuntamiento de Villanueva del Ariscal (Sevilla) ha organizado para este fin de semana y el pr\\u00f3ximo las I Jornadas Enotur\\u00edsticas: 'Taberna, mosto y buena mesa' para potenciar su gastronom\\u00eda y su mosto, una se\\u00f1a de identidad de este municipio aljarafe\\u00f1o, con la implicaci\\u00f3n de sus bodegas y tabernas. Concretamente, este s\\u00e1bado a las 14,00\",\"inLanguage\":\"es-ES\",\"isPartOf\":{\"@id\":\"https:\\\/\\\/eldigitaldeasturias.com\\\/magazine365\\\/#website\"},\"breadcrumb\":{\"@id\":\"https:\\\/\\\/eldigitaldeasturias.com\\\/magazine365\\\/jornadas-enoturisticas-en-villanueva-del-ariscal\\\/#breadcrumblist\"},\"author\":{\"@id\":\"https:\\\/\\\/eldigitaldeasturias.com\\\/magazine365\\\/author\\\/admin\\\/#author\"},\"creator\":{\"@id\":\"https:\\\/\\\/eldigitaldeasturias.com\\\/magazine365\\\/author\\\/admin\\\/#author\"},\"image\":{\"@type\":\"ImageObject\",\"url\":\"https:\\\/\\\/eldigitaldeasturias.com\\\/magazine365\\\/wp-content\\\/uploads\\\/2015\\\/12\\\/fotonoticia_20151211185427_800.jpg\",\"@id\":\"https:\\\/\\\/eldigitaldeasturias.com\\\/magazine365\\\/jornadas-enoturisticas-en-villanueva-del-ariscal\\\/#mainImage\",\"width\":800,\"height\":531},\"primaryImageOfPage\":{\"@id\":\"https:\\\/\\\/eldigitaldeasturias.com\\\/magazine365\\\/jornadas-enoturisticas-en-villanueva-del-ariscal\\\/#mainImage\"},\"datePublished\":\"2015-12-12T04:26:29+01:00\",\"dateModified\":\"2015-12-12T04:26:29+01:00\"},{\"@type\":\"WebSite\",\"@id\":\"https:\\\/\\\/eldigitaldeasturias.com\\\/magazine365\\\/#website\",\"url\":\"https:\\\/\\\/eldigitaldeasturias.com\\\/magazine365\\\/\",\"name\":\"El Digital de Asturias\",\"description\":\"Revista de ocio, turismo y estilo de vida\",\"inLanguage\":\"es-ES\",\"publisher\":{\"@id\":\"https:\\\/\\\/eldigitaldeasturias.com\\\/magazine365\\\/#organization\"}}]}\n\t\t<\/script>\n\t\t<!-- All in One SEO Pro -->\r\n\t\t<title>Jornadas Enotur\u00edsticas en Villanueva del Ariscal | El Digital de Asturias<\/title>\n\n","aioseo_head_json":{"title":"Jornadas Enotur\u00edsticas en Villanueva del Ariscal | El Digital de Asturias","description":"El Ayuntamiento de Villanueva del Ariscal (Sevilla) ha organizado para este fin de semana y el pr\u00f3ximo las I Jornadas Enotur\u00edsticas: 'Taberna, mosto y buena mesa' para potenciar su gastronom\u00eda y su mosto, una se\u00f1a de identidad de este municipio aljarafe\u00f1o, con la implicaci\u00f3n de sus bodegas y tabernas. Concretamente, este s\u00e1bado a las 14,00","canonical_url":"https:\/\/eldigitaldeasturias.com\/magazine365\/jornadas-enoturisticas-en-villanueva-del-ariscal\/","robots":"max-image-preview:large","keywords":"noticias y actualidad","webmasterTools":{"google-site-verification":"UA-38556648-1","miscellaneous":""},"schema":{"@context":"https:\/\/schema.org","@graph":[{"@type":"Article","@id":"https:\/\/eldigitaldeasturias.com\/magazine365\/jornadas-enoturisticas-en-villanueva-del-ariscal\/#article","name":"Jornadas Enotur\u00edsticas en Villanueva del Ariscal | El Digital de Asturias","headline":"Jornadas Enotur\u00edsticas en Villanueva del Ariscal","author":{"@id":"https:\/\/eldigitaldeasturias.com\/magazine365\/author\/admin\/#author"},"publisher":{"@id":"https:\/\/eldigitaldeasturias.com\/magazine365\/#organization"},"image":{"@type":"ImageObject","url":"https:\/\/eldigitaldeasturias.com\/magazine365\/wp-content\/uploads\/2015\/12\/fotonoticia_20151211185427_800.jpg","width":800,"height":531},"datePublished":"2015-12-12T04:26:29+01:00","dateModified":"2015-12-12T04:26:29+01:00","inLanguage":"es-ES","mainEntityOfPage":{"@id":"https:\/\/eldigitaldeasturias.com\/magazine365\/jornadas-enoturisticas-en-villanueva-del-ariscal\/#webpage"},"isPartOf":{"@id":"https:\/\/eldigitaldeasturias.com\/magazine365\/jornadas-enoturisticas-en-villanueva-del-ariscal\/#webpage"},"articleSection":"Noticias y Actualidad"},{"@type":"BreadcrumbList","@id":"https:\/\/eldigitaldeasturias.com\/magazine365\/jornadas-enoturisticas-en-villanueva-del-ariscal\/#breadcrumblist","itemListElement":[{"@type":"ListItem","@id":"https:\/\/eldigitaldeasturias.com\/magazine365#listItem","position":1,"name":"Home","item":"https:\/\/eldigitaldeasturias.com\/magazine365","nextItem":{"@type":"ListItem","@id":"https:\/\/eldigitaldeasturias.com\/magazine365\/category\/noticias-actualidad\/#listItem","name":"Noticias y Actualidad"}},{"@type":"ListItem","@id":"https:\/\/eldigitaldeasturias.com\/magazine365\/category\/noticias-actualidad\/#listItem","position":2,"name":"Noticias y Actualidad","item":"https:\/\/eldigitaldeasturias.com\/magazine365\/category\/noticias-actualidad\/","nextItem":{"@type":"ListItem","@id":"https:\/\/eldigitaldeasturias.com\/magazine365\/jornadas-enoturisticas-en-villanueva-del-ariscal\/#listItem","name":"Jornadas Enotur\u00edsticas en Villanueva del Ariscal"},"previousItem":{"@type":"ListItem","@id":"https:\/\/eldigitaldeasturias.com\/magazine365#listItem","name":"Home"}},{"@type":"ListItem","@id":"https:\/\/eldigitaldeasturias.com\/magazine365\/jornadas-enoturisticas-en-villanueva-del-ariscal\/#listItem","position":3,"name":"Jornadas Enotur\u00edsticas en Villanueva del Ariscal","previousItem":{"@type":"ListItem","@id":"https:\/\/eldigitaldeasturias.com\/magazine365\/category\/noticias-actualidad\/#listItem","name":"Noticias y Actualidad"}}]},{"@type":"Organization","@id":"https:\/\/eldigitaldeasturias.com\/magazine365\/#organization","name":"El digital de Asturias","description":"Revista de ocio, turismo y estilo de vida","url":"https:\/\/eldigitaldeasturias.com\/magazine365\/","logo":{"@type":"ImageObject","url":"https:\/\/www.eldigitaldeasturias.com\/noticias\/wp-content\/uploads\/2020\/12\/EDA.jpg","@id":"https:\/\/eldigitaldeasturias.com\/magazine365\/jornadas-enoturisticas-en-villanueva-del-ariscal\/#organizationLogo"},"image":{"@id":"https:\/\/eldigitaldeasturias.com\/magazine365\/jornadas-enoturisticas-en-villanueva-del-ariscal\/#organizationLogo"}},{"@type":"Person","@id":"https:\/\/eldigitaldeasturias.com\/magazine365\/author\/admin\/#author","url":"https:\/\/eldigitaldeasturias.com\/magazine365\/author\/admin\/","name":"admin","image":{"@type":"ImageObject","@id":"https:\/\/eldigitaldeasturias.com\/magazine365\/jornadas-enoturisticas-en-villanueva-del-ariscal\/#authorImage","url":"https:\/\/eldigitaldeasturias.com\/magazine365\/wp-content\/litespeed\/avatar\/e571bcf59a0edd6fa6838245a470f2fe.jpg?ver=1777574230","width":96,"height":96,"caption":"admin"}},{"@type":"WebPage","@id":"https:\/\/eldigitaldeasturias.com\/magazine365\/jornadas-enoturisticas-en-villanueva-del-ariscal\/#webpage","url":"https:\/\/eldigitaldeasturias.com\/magazine365\/jornadas-enoturisticas-en-villanueva-del-ariscal\/","name":"Jornadas Enotur\u00edsticas en Villanueva del Ariscal | El Digital de Asturias","description":"El Ayuntamiento de Villanueva del Ariscal (Sevilla) ha organizado para este fin de semana y el pr\u00f3ximo las I Jornadas Enotur\u00edsticas: 'Taberna, mosto y buena mesa' para potenciar su gastronom\u00eda y su mosto, una se\u00f1a de identidad de este municipio aljarafe\u00f1o, con la implicaci\u00f3n de sus bodegas y tabernas. Concretamente, este s\u00e1bado a las 14,00","inLanguage":"es-ES","isPartOf":{"@id":"https:\/\/eldigitaldeasturias.com\/magazine365\/#website"},"breadcrumb":{"@id":"https:\/\/eldigitaldeasturias.com\/magazine365\/jornadas-enoturisticas-en-villanueva-del-ariscal\/#breadcrumblist"},"author":{"@id":"https:\/\/eldigitaldeasturias.com\/magazine365\/author\/admin\/#author"},"creator":{"@id":"https:\/\/eldigitaldeasturias.com\/magazine365\/author\/admin\/#author"},"image":{"@type":"ImageObject","url":"https:\/\/eldigitaldeasturias.com\/magazine365\/wp-content\/uploads\/2015\/12\/fotonoticia_20151211185427_800.jpg","@id":"https:\/\/eldigitaldeasturias.com\/magazine365\/jornadas-enoturisticas-en-villanueva-del-ariscal\/#mainImage","width":800,"height":531},"primaryImageOfPage":{"@id":"https:\/\/eldigitaldeasturias.com\/magazine365\/jornadas-enoturisticas-en-villanueva-del-ariscal\/#mainImage"},"datePublished":"2015-12-12T04:26:29+01:00","dateModified":"2015-12-12T04:26:29+01:00"},{"@type":"WebSite","@id":"https:\/\/eldigitaldeasturias.com\/magazine365\/#website","url":"https:\/\/eldigitaldeasturias.com\/magazine365\/","name":"El Digital de Asturias","description":"Revista de ocio, turismo y estilo de vida","inLanguage":"es-ES","publisher":{"@id":"https:\/\/eldigitaldeasturias.com\/magazine365\/#organization"}}]},"og:locale":"es_ES","og:site_name":"El Digital de Asturias \u2013 Revista de ocio, turismo y estilo de vida","og:type":"article","og:title":"Jornadas Enotur\u00edsticas en Villanueva del Ariscal | El Digital de Asturias","og:description":"El Ayuntamiento de Villanueva del Ariscal (Sevilla) ha organizado para este fin de semana y el pr\u00f3ximo las I Jornadas Enotur\u00edsticas: 'Taberna, mosto y buena mesa' para potenciar su gastronom\u00eda y su mosto, una se\u00f1a de identidad de este municipio aljarafe\u00f1o, con la implicaci\u00f3n de sus bodegas y tabernas. Concretamente, este s\u00e1bado a las 14,00","og:url":"https:\/\/eldigitaldeasturias.com\/magazine365\/jornadas-enoturisticas-en-villanueva-del-ariscal\/","og:image":"https:\/\/eldigitaldeasturias.com\/magazine365\/wp-content\/uploads\/2015\/12\/fotonoticia_20151211185427_800.jpg","og:image:secure_url":"https:\/\/eldigitaldeasturias.com\/magazine365\/wp-content\/uploads\/2015\/12\/fotonoticia_20151211185427_800.jpg","og:image:width":800,"og:image:height":531,"article:published_time":"2015-12-12T03:26:29+00:00","article:modified_time":"2015-12-12T03:26:29+00:00","twitter:card":"summary_large_image","twitter:title":"Jornadas Enotur\u00edsticas en Villanueva del Ariscal | El Digital de Asturias","twitter:description":"El Ayuntamiento de Villanueva del Ariscal (Sevilla) ha organizado para este fin de semana y el pr\u00f3ximo las I Jornadas Enotur\u00edsticas: 'Taberna, mosto y buena mesa' para potenciar su gastronom\u00eda y su mosto, una se\u00f1a de identidad de este municipio aljarafe\u00f1o, con la implicaci\u00f3n de sus bodegas y tabernas. Concretamente, este s\u00e1bado a las 14,00","twitter:image":"https:\/\/eldigitaldeasturias.com\/magazine365\/wp-content\/uploads\/2015\/12\/fotonoticia_20151211185427_800.jpg"},"aioseo_meta_data":{"post_id":"58350","title":null,"description":null,"keywords":null,"keyphrases":null,"primary_term":null,"canonical_url":null,"og_title":null,"og_description":null,"og_object_type":"default","og_image_type":"default","og_image_url":null,"og_image_width":null,"og_image_height":null,"og_image_custom_url":null,"og_image_custom_fields":null,"og_video":null,"og_custom_url":null,"og_article_section":null,"og_article_tags":null,"twitter_use_og":false,"twitter_card":"default","twitter_image_type":"default","twitter_image_url":null,"twitter_image_custom_url":null,"twitter_image_custom_fields":null,"twitter_title":null,"twitter_description":null,"schema":{"blockGraphs":[],"customGraphs":[],"default":{"data":{"Article":[],"Course":[],"Dataset":[],"FAQPage":[],"Movie":[],"Person":[],"Product":[],"ProductReview":[],"Car":[],"Recipe":[],"Service":[],"SoftwareApplication":[],"WebPage":[]},"graphName":"","isEnabled":true},"graphs":[]},"schema_type":null,"schema_type_options":null,"pillar_content":false,"robots_default":true,"robots_noindex":false,"robots_noarchive":false,"robots_nosnippet":false,"robots_nofollow":false,"robots_noimageindex":false,"robots_noodp":false,"robots_notranslate":false,"robots_max_snippet":null,"robots_max_videopreview":null,"robots_max_imagepreview":"large","priority":null,"frequency":null,"location":null,"local_seo":null,"seo_analyzer_scan_date":"2025-09-25 02:50:01","breadcrumb_settings":null,"limit_modified_date":false,"open_ai":null,"ai":null,"created":"2021-03-08 22:30:52","updated":"2025-09-25 02:50:01"},"aioseo_breadcrumb":"<div class=\"aioseo-breadcrumbs\"><span class=\"aioseo-breadcrumb\">\n\t<a href=\"https:\/\/eldigitaldeasturias.com\/magazine365\" title=\"Home\">Home<\/a>\n<\/span><span class=\"aioseo-breadcrumb-separator\">\u2013<\/span><span class=\"aioseo-breadcrumb\">\n\t<a href=\"https:\/\/eldigitaldeasturias.com\/magazine365\/category\/noticias-actualidad\/\" title=\"Noticias y Actualidad\">Noticias y Actualidad<\/a>\n<\/span><span class=\"aioseo-breadcrumb-separator\">\u2013<\/span><span class=\"aioseo-breadcrumb\">\n\t<a href=\"https:\/\/eldigitaldeasturias.com\/magazine365\/jornadas-enoturisticas-en-villanueva-del-ariscal\/\" title=\"Jornadas Enotur\u00edsticas en Villanueva del Ariscal\">Jornadas Enotur\u00edsticas en Villanueva del Ariscal<\/a>\n<\/span><\/div>","aioseo_breadcrumb_json":[{"label":"Home","link":"https:\/\/eldigitaldeasturias.com\/magazine365"},{"label":"Noticias y Actualidad","link":"https:\/\/eldigitaldeasturias.com\/magazine365\/category\/noticias-actualidad\/"},{"label":"Jornadas Enotur\u00edsticas en Villanueva del Ariscal","link":"https:\/\/eldigitaldeasturias.com\/magazine365\/jornadas-enoturisticas-en-villanueva-del-ariscal\/"}],"_links":{"self":[{"href":"https:\/\/eldigitaldeasturias.com\/magazine365\/wp-json\/wp\/v2\/posts\/58350","targetHints":{"allow":["GET"]}}],"collection":[{"href":"https:\/\/eldigitaldeasturias.com\/magazine365\/wp-json\/wp\/v2\/posts"}],"about":[{"href":"https:\/\/eldigitaldeasturias.com\/magazine365\/wp-json\/wp\/v2\/types\/post"}],"author":[{"embeddable":true,"href":"https:\/\/eldigitaldeasturias.com\/magazine365\/wp-json\/wp\/v2\/users\/1"}],"replies":[{"embeddable":true,"href":"https:\/\/eldigitaldeasturias.com\/magazine365\/wp-json\/wp\/v2\/comments?post=58350"}],"version-history":[{"count":0,"href":"https:\/\/eldigitaldeasturias.com\/magazine365\/wp-json\/wp\/v2\/posts\/58350\/revisions"}],"wp:featuredmedia":[{"embeddable":true,"href":"https:\/\/eldigitaldeasturias.com\/magazine365\/wp-json\/wp\/v2\/media\/58351"}],"wp:attachment":[{"href":"https:\/\/eldigitaldeasturias.com\/magazine365\/wp-json\/wp\/v2\/media?parent=58350"}],"wp:term":[{"taxonomy":"category","embeddable":true,"href":"https:\/\/eldigitaldeasturias.com\/magazine365\/wp-json\/wp\/v2\/categories?post=58350"},{"taxonomy":"post_tag","embeddable":true,"href":"https:\/\/eldigitaldeasturias.com\/magazine365\/wp-json\/wp\/v2\/tags?post=58350"}],"curies":[{"name":"wp","href":"https:\/\/api.w.org\/{rel}","templated":true}]}}