{"id":58345,"date":"2015-12-12T04:17:45","date_gmt":"2015-12-12T03:17:45","guid":{"rendered":"http:\/\/eldigitaldeasturias.com\/magazine365\/?p=58345"},"modified":"2015-12-12T04:17:45","modified_gmt":"2015-12-12T03:17:45","slug":"hosteleros-y-comerciantes-de-cordoba-piden-una-adecuacion-de-horarios-de-visita-a-la-mezquita-catedral","status":"publish","type":"post","link":"https:\/\/eldigitaldeasturias.com\/magazine365\/hosteleros-y-comerciantes-de-cordoba-piden-una-adecuacion-de-horarios-de-visita-a-la-mezquita-catedral\/","title":{"rendered":"Hosteleros y comerciantes de C\u00f3rdoba piden una adecuaci\u00f3n de horarios de visita a la Mezquita-Catedral"},"content":{"rendered":"<p><img fetchpriority=\"high\" decoding=\"async\" class=\"alignleft size-medium wp-image-58346\" src=\"https:\/\/eldigitaldeasturias.com\/magazine365\/wp-content\/uploads\/2015\/12\/fotonoticia_20151211183718_800-225x300.jpg\" alt=\"fotonoticia_20151211183718_800\" width=\"225\" height=\"300\" srcset=\"https:\/\/eldigitaldeasturias.com\/magazine365\/wp-content\/uploads\/2015\/12\/fotonoticia_20151211183718_800-225x300.jpg 225w, https:\/\/eldigitaldeasturias.com\/magazine365\/wp-content\/uploads\/2015\/12\/fotonoticia_20151211183718_800-480x640.jpg 480w, https:\/\/eldigitaldeasturias.com\/magazine365\/wp-content\/uploads\/2015\/12\/fotonoticia_20151211183718_800-768x1024.jpg 768w, https:\/\/eldigitaldeasturias.com\/magazine365\/wp-content\/uploads\/2015\/12\/fotonoticia_20151211183718_800-150x200.jpg 150w, https:\/\/eldigitaldeasturias.com\/magazine365\/wp-content\/uploads\/2015\/12\/fotonoticia_20151211183718_800-450x600.jpg 450w, https:\/\/eldigitaldeasturias.com\/magazine365\/wp-content\/uploads\/2015\/12\/fotonoticia_20151211183718_800-696x928.jpg 696w, https:\/\/eldigitaldeasturias.com\/magazine365\/wp-content\/uploads\/2015\/12\/fotonoticia_20151211183718_800-315x420.jpg 315w, https:\/\/eldigitaldeasturias.com\/magazine365\/wp-content\/uploads\/2015\/12\/fotonoticia_20151211183718_800.jpg 800w\" sizes=\"(max-width: 225px) 100vw, 225px\" \/>Los sectores de la hosteler\u00eda y el comercio de la provincia de C\u00f3rdoba consideran que la Mezquita-Catedral debe incorporarse a la necesaria adecuaci\u00f3n de horarios de visitas de los monumentos y museos cordobeses para atender el perfil del visitante a la ciudad y reclaman al Cabildo Catedralicio una adaptaci\u00f3n horaria.<\/p>\n<p>A trav\u00e9s de un comunicado, C\u00f3rdoba Apetece, la Asociaci\u00f3n Provincial de Hosteler\u00eda (Hostecor) y la Federaci\u00f3n Provincial de Comercio &#8216;Comercio C\u00f3rdoba&#8217; han explicado que entienden que tanto la ciudad como el resto de la provincia deben acometer un dise\u00f1o coordinado y consensuado de su oferta tur\u00edstica, que ha de incluir un incremento de sus propuestas en base a la calidad y sobre aspectos culturales, gastron\u00f3micos y medioambientales y su adaptaci\u00f3n a las demandas de los visitantes.<\/p>\n<p>El comercio de cercan\u00eda se incorpora a las iniciativas en esta l\u00ednea del sector de la hosteler\u00eda, plasmadas con anterioridad en la reclamaci\u00f3n al Ayuntamiento de C\u00f3rdoba de medidas sobre los museos y monumentos de titularidad municipal y a la Junta de Andaluc\u00eda sobre el conjunto arqueol\u00f3gico de Medina Azahara, lo que se ampl\u00eda tambi\u00e9n a la Sinagoga, que cierra a las 15,30 horas.<\/p>\n<p>Las tres organizaciones empresariales reclaman al Cabildo Catedralicio, como responsable de la gesti\u00f3n del principal monumento de C\u00f3rdoba, que adapte el horario de visita de la Mezquita-Catedral para adaptarlo a las demandas de los visitantes.<\/p>\n<p>En la actualidad, el hecho de cerrar la posibilidad de la visita a partir de las 18,00 horas supone, en opini\u00f3n de las tres organizaciones, un importante recorte a la capacidad de atracci\u00f3n de la ciudad para fomentar las pernoctaciones, ya que resta opciones al visitante y delimita a media tarde el principal activo tur\u00edstico de C\u00f3rdoba.<\/p>\n<p>Este planteamiento se prev\u00e9 exponer al Cabildo en un pr\u00f3ximo contacto, en el que se le transmitir\u00e1 que para el conjunto del turismo y, consecuentemente, de la econom\u00eda cordobesa, ser\u00eda preferible un cierre parcial del monumento en las horas centrales del d\u00eda, entre las 13,30 y las 17,00 horas, que la suspensi\u00f3n de las visitas a las 18,00.<\/p>\n<p>Adem\u00e1s, animar\u00e1n al Cabildo a que el Patio de los Naranjos permanezca accesible hasta medianoche en las jornadas centrales para el turismo y, en cualquier caso, hasta una hora acorde con el movimiento de visitantes el resto de los d\u00edas.<\/p>\n<p>Estas propuestas se enmarcan en una serie de medidas que se concretar\u00e1n en una propuesta global que se presentar\u00e1 a los foros adecuados en cuanto las administraciones p\u00fablicas determinen un modelo de gesti\u00f3n de la promoci\u00f3n tur\u00edstica de la ciudad y su necesaria coordinaci\u00f3n con la provincia.<\/p>\n","protected":false},"excerpt":{"rendered":"<p>Los sectores de la hosteler\u00eda y el comercio de la provincia de C\u00f3rdoba consideran que la Mezquita-Catedral debe incorporarse a la necesaria adecuaci\u00f3n de horarios de visitas de los monumentos y museos cordobeses para atender el perfil del visitante a la ciudad y reclaman al Cabildo Catedralicio una adaptaci\u00f3n horaria. A trav\u00e9s de un comunicado,<\/p>\n","protected":false},"author":1,"featured_media":58346,"comment_status":"open","ping_status":"closed","sticky":false,"template":"","format":"standard","meta":{"footnotes":""},"categories":[224],"tags":[],"class_list":{"0":"post-58345","1":"post","2":"type-post","3":"status-publish","4":"format-standard","5":"has-post-thumbnail","7":"category-noticias-actualidad"},"aioseo_notices":[],"aioseo_head":"\n\t\t<!-- All in One SEO Pro 4.9.6.1 - aioseo.com -->\n\t<meta name=\"description\" content=\"Los sectores de la hosteler\u00eda y el comercio de la provincia de C\u00f3rdoba consideran que la Mezquita-Catedral debe incorporarse a la necesaria adecuaci\u00f3n de horarios de visitas de los monumentos y museos cordobeses para atender el perfil del visitante a la ciudad y reclaman al Cabildo Catedralicio una adaptaci\u00f3n horaria. A trav\u00e9s de un comunicado,\" \/>\n\t<meta name=\"robots\" content=\"max-image-preview:large\" \/>\n\t<meta name=\"author\" content=\"admin\"\/>\n\t<meta name=\"google-site-verification\" content=\"UA-38556648-1\" \/>\n\t<meta name=\"keywords\" content=\"noticias y actualidad\" \/>\n\t<link rel=\"canonical\" href=\"https:\/\/eldigitaldeasturias.com\/magazine365\/hosteleros-y-comerciantes-de-cordoba-piden-una-adecuacion-de-horarios-de-visita-a-la-mezquita-catedral\/\" \/>\n\t<meta name=\"generator\" content=\"All in One SEO Pro (AIOSEO) 4.9.6.1\" \/>\n\t\t<meta property=\"og:locale\" content=\"es_ES\" \/>\n\t\t<meta property=\"og:site_name\" content=\"El Digital de Asturias \u2013 Revista de ocio, turismo y estilo de vida\" \/>\n\t\t<meta property=\"og:type\" content=\"article\" \/>\n\t\t<meta property=\"og:title\" content=\"Hosteleros y comerciantes de C\u00f3rdoba piden una adecuaci\u00f3n de horarios de visita a la Mezquita-Catedral | El Digital de Asturias\" \/>\n\t\t<meta property=\"og:description\" content=\"Los sectores de la hosteler\u00eda y el comercio de la provincia de C\u00f3rdoba consideran que la Mezquita-Catedral debe incorporarse a la necesaria adecuaci\u00f3n de horarios de visitas de los monumentos y museos cordobeses para atender el perfil del visitante a la ciudad y reclaman al Cabildo Catedralicio una adaptaci\u00f3n horaria. A trav\u00e9s de un comunicado,\" \/>\n\t\t<meta property=\"og:url\" content=\"https:\/\/eldigitaldeasturias.com\/magazine365\/hosteleros-y-comerciantes-de-cordoba-piden-una-adecuacion-de-horarios-de-visita-a-la-mezquita-catedral\/\" \/>\n\t\t<meta property=\"og:image\" content=\"https:\/\/eldigitaldeasturias.com\/magazine365\/wp-content\/uploads\/2015\/12\/fotonoticia_20151211183718_800.jpg\" \/>\n\t\t<meta property=\"og:image:secure_url\" content=\"https:\/\/eldigitaldeasturias.com\/magazine365\/wp-content\/uploads\/2015\/12\/fotonoticia_20151211183718_800.jpg\" \/>\n\t\t<meta property=\"og:image:width\" content=\"800\" \/>\n\t\t<meta property=\"og:image:height\" content=\"1067\" \/>\n\t\t<meta property=\"article:published_time\" content=\"2015-12-12T03:17:45+00:00\" \/>\n\t\t<meta property=\"article:modified_time\" content=\"2015-12-12T03:17:45+00:00\" \/>\n\t\t<meta name=\"twitter:card\" content=\"summary_large_image\" \/>\n\t\t<meta name=\"twitter:title\" content=\"Hosteleros y comerciantes de C\u00f3rdoba piden una adecuaci\u00f3n de horarios de visita a la Mezquita-Catedral | El Digital de Asturias\" \/>\n\t\t<meta name=\"twitter:description\" content=\"Los sectores de la hosteler\u00eda y el comercio de la provincia de C\u00f3rdoba consideran que la Mezquita-Catedral debe incorporarse a la necesaria adecuaci\u00f3n de horarios de visitas de los monumentos y museos cordobeses para atender el perfil del visitante a la ciudad y reclaman al Cabildo Catedralicio una adaptaci\u00f3n horaria. A trav\u00e9s de un comunicado,\" \/>\n\t\t<meta name=\"twitter:image\" content=\"https:\/\/eldigitaldeasturias.com\/magazine365\/wp-content\/uploads\/2015\/12\/fotonoticia_20151211183718_800.jpg\" \/>\n\t\t<script type=\"application\/ld+json\" class=\"aioseo-schema\">\n\t\t\t{\"@context\":\"https:\\\/\\\/schema.org\",\"@graph\":[{\"@type\":\"Article\",\"@id\":\"https:\\\/\\\/eldigitaldeasturias.com\\\/magazine365\\\/hosteleros-y-comerciantes-de-cordoba-piden-una-adecuacion-de-horarios-de-visita-a-la-mezquita-catedral\\\/#article\",\"name\":\"Hosteleros y comerciantes de C\\u00f3rdoba piden una adecuaci\\u00f3n de horarios de visita a la Mezquita-Catedral | El Digital de Asturias\",\"headline\":\"Hosteleros y comerciantes de C\\u00f3rdoba piden una adecuaci\\u00f3n de horarios de visita a la Mezquita-Catedral\",\"author\":{\"@id\":\"https:\\\/\\\/eldigitaldeasturias.com\\\/magazine365\\\/author\\\/admin\\\/#author\"},\"publisher\":{\"@id\":\"https:\\\/\\\/eldigitaldeasturias.com\\\/magazine365\\\/#organization\"},\"image\":{\"@type\":\"ImageObject\",\"url\":\"https:\\\/\\\/eldigitaldeasturias.com\\\/magazine365\\\/wp-content\\\/uploads\\\/2015\\\/12\\\/fotonoticia_20151211183718_800.jpg\",\"width\":800,\"height\":1067},\"datePublished\":\"2015-12-12T04:17:45+01:00\",\"dateModified\":\"2015-12-12T04:17:45+01:00\",\"inLanguage\":\"es-ES\",\"mainEntityOfPage\":{\"@id\":\"https:\\\/\\\/eldigitaldeasturias.com\\\/magazine365\\\/hosteleros-y-comerciantes-de-cordoba-piden-una-adecuacion-de-horarios-de-visita-a-la-mezquita-catedral\\\/#webpage\"},\"isPartOf\":{\"@id\":\"https:\\\/\\\/eldigitaldeasturias.com\\\/magazine365\\\/hosteleros-y-comerciantes-de-cordoba-piden-una-adecuacion-de-horarios-de-visita-a-la-mezquita-catedral\\\/#webpage\"},\"articleSection\":\"Noticias y Actualidad\"},{\"@type\":\"BreadcrumbList\",\"@id\":\"https:\\\/\\\/eldigitaldeasturias.com\\\/magazine365\\\/hosteleros-y-comerciantes-de-cordoba-piden-una-adecuacion-de-horarios-de-visita-a-la-mezquita-catedral\\\/#breadcrumblist\",\"itemListElement\":[{\"@type\":\"ListItem\",\"@id\":\"https:\\\/\\\/eldigitaldeasturias.com\\\/magazine365#listItem\",\"position\":1,\"name\":\"Home\",\"item\":\"https:\\\/\\\/eldigitaldeasturias.com\\\/magazine365\",\"nextItem\":{\"@type\":\"ListItem\",\"@id\":\"https:\\\/\\\/eldigitaldeasturias.com\\\/magazine365\\\/category\\\/noticias-actualidad\\\/#listItem\",\"name\":\"Noticias y Actualidad\"}},{\"@type\":\"ListItem\",\"@id\":\"https:\\\/\\\/eldigitaldeasturias.com\\\/magazine365\\\/category\\\/noticias-actualidad\\\/#listItem\",\"position\":2,\"name\":\"Noticias y Actualidad\",\"item\":\"https:\\\/\\\/eldigitaldeasturias.com\\\/magazine365\\\/category\\\/noticias-actualidad\\\/\",\"nextItem\":{\"@type\":\"ListItem\",\"@id\":\"https:\\\/\\\/eldigitaldeasturias.com\\\/magazine365\\\/hosteleros-y-comerciantes-de-cordoba-piden-una-adecuacion-de-horarios-de-visita-a-la-mezquita-catedral\\\/#listItem\",\"name\":\"Hosteleros y comerciantes de C\\u00f3rdoba piden una adecuaci\\u00f3n de horarios de visita a la Mezquita-Catedral\"},\"previousItem\":{\"@type\":\"ListItem\",\"@id\":\"https:\\\/\\\/eldigitaldeasturias.com\\\/magazine365#listItem\",\"name\":\"Home\"}},{\"@type\":\"ListItem\",\"@id\":\"https:\\\/\\\/eldigitaldeasturias.com\\\/magazine365\\\/hosteleros-y-comerciantes-de-cordoba-piden-una-adecuacion-de-horarios-de-visita-a-la-mezquita-catedral\\\/#listItem\",\"position\":3,\"name\":\"Hosteleros y comerciantes de C\\u00f3rdoba piden una adecuaci\\u00f3n de horarios de visita a la Mezquita-Catedral\",\"previousItem\":{\"@type\":\"ListItem\",\"@id\":\"https:\\\/\\\/eldigitaldeasturias.com\\\/magazine365\\\/category\\\/noticias-actualidad\\\/#listItem\",\"name\":\"Noticias y Actualidad\"}}]},{\"@type\":\"Organization\",\"@id\":\"https:\\\/\\\/eldigitaldeasturias.com\\\/magazine365\\\/#organization\",\"name\":\"El digital de Asturias\",\"description\":\"Revista de ocio, turismo y estilo de vida\",\"url\":\"https:\\\/\\\/eldigitaldeasturias.com\\\/magazine365\\\/\",\"logo\":{\"@type\":\"ImageObject\",\"url\":\"https:\\\/\\\/www.eldigitaldeasturias.com\\\/noticias\\\/wp-content\\\/uploads\\\/2020\\\/12\\\/EDA.jpg\",\"@id\":\"https:\\\/\\\/eldigitaldeasturias.com\\\/magazine365\\\/hosteleros-y-comerciantes-de-cordoba-piden-una-adecuacion-de-horarios-de-visita-a-la-mezquita-catedral\\\/#organizationLogo\"},\"image\":{\"@id\":\"https:\\\/\\\/eldigitaldeasturias.com\\\/magazine365\\\/hosteleros-y-comerciantes-de-cordoba-piden-una-adecuacion-de-horarios-de-visita-a-la-mezquita-catedral\\\/#organizationLogo\"}},{\"@type\":\"Person\",\"@id\":\"https:\\\/\\\/eldigitaldeasturias.com\\\/magazine365\\\/author\\\/admin\\\/#author\",\"url\":\"https:\\\/\\\/eldigitaldeasturias.com\\\/magazine365\\\/author\\\/admin\\\/\",\"name\":\"admin\",\"image\":{\"@type\":\"ImageObject\",\"@id\":\"https:\\\/\\\/eldigitaldeasturias.com\\\/magazine365\\\/hosteleros-y-comerciantes-de-cordoba-piden-una-adecuacion-de-horarios-de-visita-a-la-mezquita-catedral\\\/#authorImage\",\"url\":\"https:\\\/\\\/eldigitaldeasturias.com\\\/magazine365\\\/wp-content\\\/litespeed\\\/avatar\\\/e571bcf59a0edd6fa6838245a470f2fe.jpg?ver=1777574230\",\"width\":96,\"height\":96,\"caption\":\"admin\"}},{\"@type\":\"WebPage\",\"@id\":\"https:\\\/\\\/eldigitaldeasturias.com\\\/magazine365\\\/hosteleros-y-comerciantes-de-cordoba-piden-una-adecuacion-de-horarios-de-visita-a-la-mezquita-catedral\\\/#webpage\",\"url\":\"https:\\\/\\\/eldigitaldeasturias.com\\\/magazine365\\\/hosteleros-y-comerciantes-de-cordoba-piden-una-adecuacion-de-horarios-de-visita-a-la-mezquita-catedral\\\/\",\"name\":\"Hosteleros y comerciantes de C\\u00f3rdoba piden una adecuaci\\u00f3n de horarios de visita a la Mezquita-Catedral | El Digital de Asturias\",\"description\":\"Los sectores de la hosteler\\u00eda y el comercio de la provincia de C\\u00f3rdoba consideran que la Mezquita-Catedral debe incorporarse a la necesaria adecuaci\\u00f3n de horarios de visitas de los monumentos y museos cordobeses para atender el perfil del visitante a la ciudad y reclaman al Cabildo Catedralicio una adaptaci\\u00f3n horaria. A trav\\u00e9s de un comunicado,\",\"inLanguage\":\"es-ES\",\"isPartOf\":{\"@id\":\"https:\\\/\\\/eldigitaldeasturias.com\\\/magazine365\\\/#website\"},\"breadcrumb\":{\"@id\":\"https:\\\/\\\/eldigitaldeasturias.com\\\/magazine365\\\/hosteleros-y-comerciantes-de-cordoba-piden-una-adecuacion-de-horarios-de-visita-a-la-mezquita-catedral\\\/#breadcrumblist\"},\"author\":{\"@id\":\"https:\\\/\\\/eldigitaldeasturias.com\\\/magazine365\\\/author\\\/admin\\\/#author\"},\"creator\":{\"@id\":\"https:\\\/\\\/eldigitaldeasturias.com\\\/magazine365\\\/author\\\/admin\\\/#author\"},\"image\":{\"@type\":\"ImageObject\",\"url\":\"https:\\\/\\\/eldigitaldeasturias.com\\\/magazine365\\\/wp-content\\\/uploads\\\/2015\\\/12\\\/fotonoticia_20151211183718_800.jpg\",\"@id\":\"https:\\\/\\\/eldigitaldeasturias.com\\\/magazine365\\\/hosteleros-y-comerciantes-de-cordoba-piden-una-adecuacion-de-horarios-de-visita-a-la-mezquita-catedral\\\/#mainImage\",\"width\":800,\"height\":1067},\"primaryImageOfPage\":{\"@id\":\"https:\\\/\\\/eldigitaldeasturias.com\\\/magazine365\\\/hosteleros-y-comerciantes-de-cordoba-piden-una-adecuacion-de-horarios-de-visita-a-la-mezquita-catedral\\\/#mainImage\"},\"datePublished\":\"2015-12-12T04:17:45+01:00\",\"dateModified\":\"2015-12-12T04:17:45+01:00\"},{\"@type\":\"WebSite\",\"@id\":\"https:\\\/\\\/eldigitaldeasturias.com\\\/magazine365\\\/#website\",\"url\":\"https:\\\/\\\/eldigitaldeasturias.com\\\/magazine365\\\/\",\"name\":\"El Digital de Asturias\",\"description\":\"Revista de ocio, turismo y estilo de vida\",\"inLanguage\":\"es-ES\",\"publisher\":{\"@id\":\"https:\\\/\\\/eldigitaldeasturias.com\\\/magazine365\\\/#organization\"}}]}\n\t\t<\/script>\n\t\t<!-- All in One SEO Pro -->\r\n\t\t<title>Hosteleros y comerciantes de C\u00f3rdoba piden una adecuaci\u00f3n de horarios de visita a la Mezquita-Catedral | El Digital de Asturias<\/title>\n\n","aioseo_head_json":{"title":"Hosteleros y comerciantes de C\u00f3rdoba piden una adecuaci\u00f3n de horarios de visita a la Mezquita-Catedral | El Digital de Asturias","description":"Los sectores de la hosteler\u00eda y el comercio de la provincia de C\u00f3rdoba consideran que la Mezquita-Catedral debe incorporarse a la necesaria adecuaci\u00f3n de horarios de visitas de los monumentos y museos cordobeses para atender el perfil del visitante a la ciudad y reclaman al Cabildo Catedralicio una adaptaci\u00f3n horaria. A trav\u00e9s de un comunicado,","canonical_url":"https:\/\/eldigitaldeasturias.com\/magazine365\/hosteleros-y-comerciantes-de-cordoba-piden-una-adecuacion-de-horarios-de-visita-a-la-mezquita-catedral\/","robots":"max-image-preview:large","keywords":"noticias y actualidad","webmasterTools":{"google-site-verification":"UA-38556648-1","miscellaneous":""},"schema":{"@context":"https:\/\/schema.org","@graph":[{"@type":"Article","@id":"https:\/\/eldigitaldeasturias.com\/magazine365\/hosteleros-y-comerciantes-de-cordoba-piden-una-adecuacion-de-horarios-de-visita-a-la-mezquita-catedral\/#article","name":"Hosteleros y comerciantes de C\u00f3rdoba piden una adecuaci\u00f3n de horarios de visita a la Mezquita-Catedral | El Digital de Asturias","headline":"Hosteleros y comerciantes de C\u00f3rdoba piden una adecuaci\u00f3n de horarios de visita a la Mezquita-Catedral","author":{"@id":"https:\/\/eldigitaldeasturias.com\/magazine365\/author\/admin\/#author"},"publisher":{"@id":"https:\/\/eldigitaldeasturias.com\/magazine365\/#organization"},"image":{"@type":"ImageObject","url":"https:\/\/eldigitaldeasturias.com\/magazine365\/wp-content\/uploads\/2015\/12\/fotonoticia_20151211183718_800.jpg","width":800,"height":1067},"datePublished":"2015-12-12T04:17:45+01:00","dateModified":"2015-12-12T04:17:45+01:00","inLanguage":"es-ES","mainEntityOfPage":{"@id":"https:\/\/eldigitaldeasturias.com\/magazine365\/hosteleros-y-comerciantes-de-cordoba-piden-una-adecuacion-de-horarios-de-visita-a-la-mezquita-catedral\/#webpage"},"isPartOf":{"@id":"https:\/\/eldigitaldeasturias.com\/magazine365\/hosteleros-y-comerciantes-de-cordoba-piden-una-adecuacion-de-horarios-de-visita-a-la-mezquita-catedral\/#webpage"},"articleSection":"Noticias y Actualidad"},{"@type":"BreadcrumbList","@id":"https:\/\/eldigitaldeasturias.com\/magazine365\/hosteleros-y-comerciantes-de-cordoba-piden-una-adecuacion-de-horarios-de-visita-a-la-mezquita-catedral\/#breadcrumblist","itemListElement":[{"@type":"ListItem","@id":"https:\/\/eldigitaldeasturias.com\/magazine365#listItem","position":1,"name":"Home","item":"https:\/\/eldigitaldeasturias.com\/magazine365","nextItem":{"@type":"ListItem","@id":"https:\/\/eldigitaldeasturias.com\/magazine365\/category\/noticias-actualidad\/#listItem","name":"Noticias y Actualidad"}},{"@type":"ListItem","@id":"https:\/\/eldigitaldeasturias.com\/magazine365\/category\/noticias-actualidad\/#listItem","position":2,"name":"Noticias y Actualidad","item":"https:\/\/eldigitaldeasturias.com\/magazine365\/category\/noticias-actualidad\/","nextItem":{"@type":"ListItem","@id":"https:\/\/eldigitaldeasturias.com\/magazine365\/hosteleros-y-comerciantes-de-cordoba-piden-una-adecuacion-de-horarios-de-visita-a-la-mezquita-catedral\/#listItem","name":"Hosteleros y comerciantes de C\u00f3rdoba piden una adecuaci\u00f3n de horarios de visita a la Mezquita-Catedral"},"previousItem":{"@type":"ListItem","@id":"https:\/\/eldigitaldeasturias.com\/magazine365#listItem","name":"Home"}},{"@type":"ListItem","@id":"https:\/\/eldigitaldeasturias.com\/magazine365\/hosteleros-y-comerciantes-de-cordoba-piden-una-adecuacion-de-horarios-de-visita-a-la-mezquita-catedral\/#listItem","position":3,"name":"Hosteleros y comerciantes de C\u00f3rdoba piden una adecuaci\u00f3n de horarios de visita a la Mezquita-Catedral","previousItem":{"@type":"ListItem","@id":"https:\/\/eldigitaldeasturias.com\/magazine365\/category\/noticias-actualidad\/#listItem","name":"Noticias y Actualidad"}}]},{"@type":"Organization","@id":"https:\/\/eldigitaldeasturias.com\/magazine365\/#organization","name":"El digital de Asturias","description":"Revista de ocio, turismo y estilo de vida","url":"https:\/\/eldigitaldeasturias.com\/magazine365\/","logo":{"@type":"ImageObject","url":"https:\/\/www.eldigitaldeasturias.com\/noticias\/wp-content\/uploads\/2020\/12\/EDA.jpg","@id":"https:\/\/eldigitaldeasturias.com\/magazine365\/hosteleros-y-comerciantes-de-cordoba-piden-una-adecuacion-de-horarios-de-visita-a-la-mezquita-catedral\/#organizationLogo"},"image":{"@id":"https:\/\/eldigitaldeasturias.com\/magazine365\/hosteleros-y-comerciantes-de-cordoba-piden-una-adecuacion-de-horarios-de-visita-a-la-mezquita-catedral\/#organizationLogo"}},{"@type":"Person","@id":"https:\/\/eldigitaldeasturias.com\/magazine365\/author\/admin\/#author","url":"https:\/\/eldigitaldeasturias.com\/magazine365\/author\/admin\/","name":"admin","image":{"@type":"ImageObject","@id":"https:\/\/eldigitaldeasturias.com\/magazine365\/hosteleros-y-comerciantes-de-cordoba-piden-una-adecuacion-de-horarios-de-visita-a-la-mezquita-catedral\/#authorImage","url":"https:\/\/eldigitaldeasturias.com\/magazine365\/wp-content\/litespeed\/avatar\/e571bcf59a0edd6fa6838245a470f2fe.jpg?ver=1777574230","width":96,"height":96,"caption":"admin"}},{"@type":"WebPage","@id":"https:\/\/eldigitaldeasturias.com\/magazine365\/hosteleros-y-comerciantes-de-cordoba-piden-una-adecuacion-de-horarios-de-visita-a-la-mezquita-catedral\/#webpage","url":"https:\/\/eldigitaldeasturias.com\/magazine365\/hosteleros-y-comerciantes-de-cordoba-piden-una-adecuacion-de-horarios-de-visita-a-la-mezquita-catedral\/","name":"Hosteleros y comerciantes de C\u00f3rdoba piden una adecuaci\u00f3n de horarios de visita a la Mezquita-Catedral | El Digital de Asturias","description":"Los sectores de la hosteler\u00eda y el comercio de la provincia de C\u00f3rdoba consideran que la Mezquita-Catedral debe incorporarse a la necesaria adecuaci\u00f3n de horarios de visitas de los monumentos y museos cordobeses para atender el perfil del visitante a la ciudad y reclaman al Cabildo Catedralicio una adaptaci\u00f3n horaria. A trav\u00e9s de un comunicado,","inLanguage":"es-ES","isPartOf":{"@id":"https:\/\/eldigitaldeasturias.com\/magazine365\/#website"},"breadcrumb":{"@id":"https:\/\/eldigitaldeasturias.com\/magazine365\/hosteleros-y-comerciantes-de-cordoba-piden-una-adecuacion-de-horarios-de-visita-a-la-mezquita-catedral\/#breadcrumblist"},"author":{"@id":"https:\/\/eldigitaldeasturias.com\/magazine365\/author\/admin\/#author"},"creator":{"@id":"https:\/\/eldigitaldeasturias.com\/magazine365\/author\/admin\/#author"},"image":{"@type":"ImageObject","url":"https:\/\/eldigitaldeasturias.com\/magazine365\/wp-content\/uploads\/2015\/12\/fotonoticia_20151211183718_800.jpg","@id":"https:\/\/eldigitaldeasturias.com\/magazine365\/hosteleros-y-comerciantes-de-cordoba-piden-una-adecuacion-de-horarios-de-visita-a-la-mezquita-catedral\/#mainImage","width":800,"height":1067},"primaryImageOfPage":{"@id":"https:\/\/eldigitaldeasturias.com\/magazine365\/hosteleros-y-comerciantes-de-cordoba-piden-una-adecuacion-de-horarios-de-visita-a-la-mezquita-catedral\/#mainImage"},"datePublished":"2015-12-12T04:17:45+01:00","dateModified":"2015-12-12T04:17:45+01:00"},{"@type":"WebSite","@id":"https:\/\/eldigitaldeasturias.com\/magazine365\/#website","url":"https:\/\/eldigitaldeasturias.com\/magazine365\/","name":"El Digital de Asturias","description":"Revista de ocio, turismo y estilo de vida","inLanguage":"es-ES","publisher":{"@id":"https:\/\/eldigitaldeasturias.com\/magazine365\/#organization"}}]},"og:locale":"es_ES","og:site_name":"El Digital de Asturias \u2013 Revista de ocio, turismo y estilo de vida","og:type":"article","og:title":"Hosteleros y comerciantes de C\u00f3rdoba piden una adecuaci\u00f3n de horarios de visita a la Mezquita-Catedral | El Digital de Asturias","og:description":"Los sectores de la hosteler\u00eda y el comercio de la provincia de C\u00f3rdoba consideran que la Mezquita-Catedral debe incorporarse a la necesaria adecuaci\u00f3n de horarios de visitas de los monumentos y museos cordobeses para atender el perfil del visitante a la ciudad y reclaman al Cabildo Catedralicio una adaptaci\u00f3n horaria. A trav\u00e9s de un comunicado,","og:url":"https:\/\/eldigitaldeasturias.com\/magazine365\/hosteleros-y-comerciantes-de-cordoba-piden-una-adecuacion-de-horarios-de-visita-a-la-mezquita-catedral\/","og:image":"https:\/\/eldigitaldeasturias.com\/magazine365\/wp-content\/uploads\/2015\/12\/fotonoticia_20151211183718_800.jpg","og:image:secure_url":"https:\/\/eldigitaldeasturias.com\/magazine365\/wp-content\/uploads\/2015\/12\/fotonoticia_20151211183718_800.jpg","og:image:width":800,"og:image:height":1067,"article:published_time":"2015-12-12T03:17:45+00:00","article:modified_time":"2015-12-12T03:17:45+00:00","twitter:card":"summary_large_image","twitter:title":"Hosteleros y comerciantes de C\u00f3rdoba piden una adecuaci\u00f3n de horarios de visita a la Mezquita-Catedral | El Digital de Asturias","twitter:description":"Los sectores de la hosteler\u00eda y el comercio de la provincia de C\u00f3rdoba consideran que la Mezquita-Catedral debe incorporarse a la necesaria adecuaci\u00f3n de horarios de visitas de los monumentos y museos cordobeses para atender el perfil del visitante a la ciudad y reclaman al Cabildo Catedralicio una adaptaci\u00f3n horaria. A trav\u00e9s de un comunicado,","twitter:image":"https:\/\/eldigitaldeasturias.com\/magazine365\/wp-content\/uploads\/2015\/12\/fotonoticia_20151211183718_800.jpg"},"aioseo_meta_data":{"post_id":"58345","title":null,"description":null,"keywords":null,"keyphrases":null,"primary_term":null,"canonical_url":null,"og_title":null,"og_description":null,"og_object_type":"default","og_image_type":"default","og_image_url":null,"og_image_width":null,"og_image_height":null,"og_image_custom_url":null,"og_image_custom_fields":null,"og_video":null,"og_custom_url":null,"og_article_section":null,"og_article_tags":null,"twitter_use_og":false,"twitter_card":"default","twitter_image_type":"default","twitter_image_url":null,"twitter_image_custom_url":null,"twitter_image_custom_fields":null,"twitter_title":null,"twitter_description":null,"schema":{"blockGraphs":[],"customGraphs":[],"default":{"data":{"Article":[],"Course":[],"Dataset":[],"FAQPage":[],"Movie":[],"Person":[],"Product":[],"ProductReview":[],"Car":[],"Recipe":[],"Service":[],"SoftwareApplication":[],"WebPage":[]},"graphName":"","isEnabled":true},"graphs":[],"defaultGraph":"","defaultPostTypeGraph":""},"schema_type":null,"schema_type_options":null,"pillar_content":false,"robots_default":true,"robots_noindex":false,"robots_noarchive":false,"robots_nosnippet":false,"robots_nofollow":false,"robots_noimageindex":false,"robots_noodp":false,"robots_notranslate":false,"robots_max_snippet":null,"robots_max_videopreview":null,"robots_max_imagepreview":"large","priority":null,"frequency":null,"location":null,"local_seo":null,"seo_analyzer_scan_date":"2025-09-25 02:50:00","breadcrumb_settings":null,"limit_modified_date":false,"open_ai":null,"ai":null,"created":"2021-03-08 22:30:52","updated":"2025-09-25 02:50:00"},"aioseo_breadcrumb":"<div class=\"aioseo-breadcrumbs\"><span class=\"aioseo-breadcrumb\">\n\t<a href=\"https:\/\/eldigitaldeasturias.com\/magazine365\" title=\"Home\">Home<\/a>\n<\/span><span class=\"aioseo-breadcrumb-separator\">\u2013<\/span><span class=\"aioseo-breadcrumb\">\n\t<a href=\"https:\/\/eldigitaldeasturias.com\/magazine365\/category\/noticias-actualidad\/\" title=\"Noticias y Actualidad\">Noticias y Actualidad<\/a>\n<\/span><span class=\"aioseo-breadcrumb-separator\">\u2013<\/span><span class=\"aioseo-breadcrumb\">\n\t<a href=\"https:\/\/eldigitaldeasturias.com\/magazine365\/hosteleros-y-comerciantes-de-cordoba-piden-una-adecuacion-de-horarios-de-visita-a-la-mezquita-catedral\/\" title=\"Hosteleros y comerciantes de C\u00f3rdoba piden una adecuaci\u00f3n de horarios de visita a la Mezquita-Catedral\">Hosteleros y comerciantes de C\u00f3rdoba piden una adecuaci\u00f3n de horarios de visita a la Mezquita-Catedral<\/a>\n<\/span><\/div>","aioseo_breadcrumb_json":[{"label":"Home","link":"https:\/\/eldigitaldeasturias.com\/magazine365"},{"label":"Noticias y Actualidad","link":"https:\/\/eldigitaldeasturias.com\/magazine365\/category\/noticias-actualidad\/"},{"label":"Hosteleros y comerciantes de C\u00f3rdoba piden una adecuaci\u00f3n de horarios de visita a la Mezquita-Catedral","link":"https:\/\/eldigitaldeasturias.com\/magazine365\/hosteleros-y-comerciantes-de-cordoba-piden-una-adecuacion-de-horarios-de-visita-a-la-mezquita-catedral\/"}],"_links":{"self":[{"href":"https:\/\/eldigitaldeasturias.com\/magazine365\/wp-json\/wp\/v2\/posts\/58345","targetHints":{"allow":["GET"]}}],"collection":[{"href":"https:\/\/eldigitaldeasturias.com\/magazine365\/wp-json\/wp\/v2\/posts"}],"about":[{"href":"https:\/\/eldigitaldeasturias.com\/magazine365\/wp-json\/wp\/v2\/types\/post"}],"author":[{"embeddable":true,"href":"https:\/\/eldigitaldeasturias.com\/magazine365\/wp-json\/wp\/v2\/users\/1"}],"replies":[{"embeddable":true,"href":"https:\/\/eldigitaldeasturias.com\/magazine365\/wp-json\/wp\/v2\/comments?post=58345"}],"version-history":[{"count":0,"href":"https:\/\/eldigitaldeasturias.com\/magazine365\/wp-json\/wp\/v2\/posts\/58345\/revisions"}],"wp:featuredmedia":[{"embeddable":true,"href":"https:\/\/eldigitaldeasturias.com\/magazine365\/wp-json\/wp\/v2\/media\/58346"}],"wp:attachment":[{"href":"https:\/\/eldigitaldeasturias.com\/magazine365\/wp-json\/wp\/v2\/media?parent=58345"}],"wp:term":[{"taxonomy":"category","embeddable":true,"href":"https:\/\/eldigitaldeasturias.com\/magazine365\/wp-json\/wp\/v2\/categories?post=58345"},{"taxonomy":"post_tag","embeddable":true,"href":"https:\/\/eldigitaldeasturias.com\/magazine365\/wp-json\/wp\/v2\/tags?post=58345"}],"curies":[{"name":"wp","href":"https:\/\/api.w.org\/{rel}","templated":true}]}}