{"id":58339,"date":"2015-12-12T04:12:11","date_gmt":"2015-12-12T03:12:11","guid":{"rendered":"http:\/\/eldigitaldeasturias.com\/magazine365\/?p=58339"},"modified":"2015-12-12T04:12:11","modified_gmt":"2015-12-12T03:12:11","slug":"los-santos-de-maimona-formara-parte-de-la-guia-turistica-francesa-petit-fute","status":"publish","type":"post","link":"https:\/\/eldigitaldeasturias.com\/magazine365\/los-santos-de-maimona-formara-parte-de-la-guia-turistica-francesa-petit-fute\/","title":{"rendered":"Los Santos de Maimona formar\u00e1 parte de la gu\u00eda tur\u00edstica francesa Petit Fut\u00e9"},"content":{"rendered":"<p><img fetchpriority=\"high\" decoding=\"async\" class=\"alignleft size-medium wp-image-58340\" src=\"https:\/\/eldigitaldeasturias.com\/magazine365\/wp-content\/uploads\/2015\/12\/fotonoticia_20151211175930_800-230x300.jpg\" alt=\"fotonoticia_20151211175930_800\" width=\"230\" height=\"300\" srcset=\"https:\/\/eldigitaldeasturias.com\/magazine365\/wp-content\/uploads\/2015\/12\/fotonoticia_20151211175930_800-230x300.jpg 230w, https:\/\/eldigitaldeasturias.com\/magazine365\/wp-content\/uploads\/2015\/12\/fotonoticia_20151211175930_800-491x640.jpg 491w, https:\/\/eldigitaldeasturias.com\/magazine365\/wp-content\/uploads\/2015\/12\/fotonoticia_20151211175930_800-768x1000.jpg 768w, https:\/\/eldigitaldeasturias.com\/magazine365\/wp-content\/uploads\/2015\/12\/fotonoticia_20151211175930_800-150x195.jpg 150w, https:\/\/eldigitaldeasturias.com\/magazine365\/wp-content\/uploads\/2015\/12\/fotonoticia_20151211175930_800-450x586.jpg 450w, https:\/\/eldigitaldeasturias.com\/magazine365\/wp-content\/uploads\/2015\/12\/fotonoticia_20151211175930_800-696x907.jpg 696w, https:\/\/eldigitaldeasturias.com\/magazine365\/wp-content\/uploads\/2015\/12\/fotonoticia_20151211175930_800-322x420.jpg 322w, https:\/\/eldigitaldeasturias.com\/magazine365\/wp-content\/uploads\/2015\/12\/fotonoticia_20151211175930_800.jpg 800w\" sizes=\"(max-width: 230px) 100vw, 230px\" \/>Los Santos de Maimona (Badajoz) es una de las localidades elegidas que formar\u00e1 parte de la gu\u00eda tur\u00edstica francesa Petit Fut\u00e9 en una edici\u00f3n especial de &#8216;Rutas Culturales de Espa\u00f1a&#8217;, que estar\u00e1 dirigida al mercado franc\u00f3fono.<\/p>\n<p>Dicha gu\u00eda incluye ciudades que integran la Ruta V\u00eda de la Plata, la Ruta Caminos de Pasi\u00f3n, las Rutas Europeas del Emperador Carlos V, el Camino Ignaciano y los Caminos de Arte Rupestre Prehist\u00f3rico, seg\u00fan ha informado el Ayuntamiento de Los Santos de Maimona en nota de prensa.<\/p>\n<p>De esta forma, ha se\u00f1alado que la tirada inicial de la gu\u00eda ser\u00e1 de 50.000 ejemplares, que se distribuir\u00e1n en pa\u00edses como Francia, B\u00e9lgica, Luxemburgo, Suiza o Canad\u00e1. As\u00ed, ha indicado que la gu\u00eda tambi\u00e9n se publicar\u00e1 en formato e-book con una primera edici\u00f3n de 20.000 ejemplares.<\/p>\n<p>A su vez, ha informado de que esta iniciativa se inscribe en el marco del convenio de colaboraci\u00f3n firmado entre la Red de Cooperaci\u00f3n de Ciudades en la Ruta de la Plata y las cuatro comunidades aut\u00f3nomas de la Ruta, que son Principado de Asturias, Castilla y Le\u00f3n, Extremadura y Andaluc\u00eda.<\/p>\n<p>Adem\u00e1s, ha se\u00f1alado que forma parte del acuerdo de colaboraci\u00f3n para la promoci\u00f3n del mercado europeo establecido entre las diferentes rutas, unidas ahora bajo el nombre Rutas de Espa\u00f1a.<\/p>\n<p>Finalmente, la concejala de Desarrollo Local, Julia Candelario, ha expresado que esta apuesta es \u00abmuy importante para la localidad\u00bb, donde en los \u00faltimos a\u00f1os se ha apostado de forma decidida por la promoci\u00f3n del turismo como un agente de desarrollo local.<\/p>\n<p>De igual forma, ha indicado que \u00abla inclusi\u00f3n de la localidad\u00bb en la Red de Cooperaci\u00f3n de Ciudades en la Ruta de la Plata ha sido \u00abun revulsivo en la visibilidad y proyecci\u00f3n de la localidad\u00bb.<\/p>\n","protected":false},"excerpt":{"rendered":"<p>Los Santos de Maimona (Badajoz) es una de las localidades elegidas que formar\u00e1 parte de la gu\u00eda tur\u00edstica francesa Petit Fut\u00e9 en una edici\u00f3n especial de &#8216;Rutas Culturales de Espa\u00f1a&#8217;, que estar\u00e1 dirigida al mercado franc\u00f3fono. Dicha gu\u00eda incluye ciudades que integran la Ruta V\u00eda de la Plata, la Ruta Caminos de Pasi\u00f3n, las Rutas<\/p>\n","protected":false},"author":1,"featured_media":58340,"comment_status":"open","ping_status":"closed","sticky":false,"template":"","format":"standard","meta":{"footnotes":""},"categories":[224],"tags":[],"class_list":{"0":"post-58339","1":"post","2":"type-post","3":"status-publish","4":"format-standard","5":"has-post-thumbnail","7":"category-noticias-actualidad"},"aioseo_notices":[],"aioseo_head":"\n\t\t<!-- All in One SEO Pro 4.9.6.1 - aioseo.com -->\n\t<meta name=\"description\" content=\"Los Santos de Maimona (Badajoz) es una de las localidades elegidas que formar\u00e1 parte de la gu\u00eda tur\u00edstica francesa Petit Fut\u00e9 en una edici\u00f3n especial de &#039;Rutas Culturales de Espa\u00f1a&#039;, que estar\u00e1 dirigida al mercado franc\u00f3fono. Dicha gu\u00eda incluye ciudades que integran la Ruta V\u00eda de la Plata, la Ruta Caminos de Pasi\u00f3n, las Rutas\" \/>\n\t<meta name=\"robots\" content=\"max-image-preview:large\" \/>\n\t<meta name=\"author\" content=\"admin\"\/>\n\t<meta name=\"google-site-verification\" content=\"UA-38556648-1\" \/>\n\t<meta name=\"keywords\" content=\"noticias y actualidad\" \/>\n\t<link rel=\"canonical\" href=\"https:\/\/eldigitaldeasturias.com\/magazine365\/los-santos-de-maimona-formara-parte-de-la-guia-turistica-francesa-petit-fute\/\" \/>\n\t<meta name=\"generator\" content=\"All in One SEO Pro (AIOSEO) 4.9.6.1\" \/>\n\t\t<meta property=\"og:locale\" content=\"es_ES\" \/>\n\t\t<meta property=\"og:site_name\" content=\"El Digital de Asturias \u2013 Revista de ocio, turismo y estilo de vida\" \/>\n\t\t<meta property=\"og:type\" content=\"article\" \/>\n\t\t<meta property=\"og:title\" content=\"Los Santos de Maimona formar\u00e1 parte de la gu\u00eda tur\u00edstica francesa Petit Fut\u00e9 | El Digital de Asturias\" \/>\n\t\t<meta property=\"og:description\" content=\"Los Santos de Maimona (Badajoz) es una de las localidades elegidas que formar\u00e1 parte de la gu\u00eda tur\u00edstica francesa Petit Fut\u00e9 en una edici\u00f3n especial de &#039;Rutas Culturales de Espa\u00f1a&#039;, que estar\u00e1 dirigida al mercado franc\u00f3fono. Dicha gu\u00eda incluye ciudades que integran la Ruta V\u00eda de la Plata, la Ruta Caminos de Pasi\u00f3n, las Rutas\" \/>\n\t\t<meta property=\"og:url\" content=\"https:\/\/eldigitaldeasturias.com\/magazine365\/los-santos-de-maimona-formara-parte-de-la-guia-turistica-francesa-petit-fute\/\" \/>\n\t\t<meta property=\"og:image\" content=\"https:\/\/eldigitaldeasturias.com\/magazine365\/wp-content\/uploads\/2015\/12\/fotonoticia_20151211175930_800.jpg\" \/>\n\t\t<meta property=\"og:image:secure_url\" content=\"https:\/\/eldigitaldeasturias.com\/magazine365\/wp-content\/uploads\/2015\/12\/fotonoticia_20151211175930_800.jpg\" \/>\n\t\t<meta property=\"og:image:width\" content=\"800\" \/>\n\t\t<meta property=\"og:image:height\" content=\"1042\" \/>\n\t\t<meta property=\"article:published_time\" content=\"2015-12-12T03:12:11+00:00\" \/>\n\t\t<meta property=\"article:modified_time\" content=\"2015-12-12T03:12:11+00:00\" \/>\n\t\t<meta name=\"twitter:card\" content=\"summary_large_image\" \/>\n\t\t<meta name=\"twitter:title\" content=\"Los Santos de Maimona formar\u00e1 parte de la gu\u00eda tur\u00edstica francesa Petit Fut\u00e9 | El Digital de Asturias\" \/>\n\t\t<meta name=\"twitter:description\" content=\"Los Santos de Maimona (Badajoz) es una de las localidades elegidas que formar\u00e1 parte de la gu\u00eda tur\u00edstica francesa Petit Fut\u00e9 en una edici\u00f3n especial de &#039;Rutas Culturales de Espa\u00f1a&#039;, que estar\u00e1 dirigida al mercado franc\u00f3fono. Dicha gu\u00eda incluye ciudades que integran la Ruta V\u00eda de la Plata, la Ruta Caminos de Pasi\u00f3n, las Rutas\" \/>\n\t\t<meta name=\"twitter:image\" content=\"https:\/\/eldigitaldeasturias.com\/magazine365\/wp-content\/uploads\/2015\/12\/fotonoticia_20151211175930_800.jpg\" \/>\n\t\t<script type=\"application\/ld+json\" class=\"aioseo-schema\">\n\t\t\t{\"@context\":\"https:\\\/\\\/schema.org\",\"@graph\":[{\"@type\":\"Article\",\"@id\":\"https:\\\/\\\/eldigitaldeasturias.com\\\/magazine365\\\/los-santos-de-maimona-formara-parte-de-la-guia-turistica-francesa-petit-fute\\\/#article\",\"name\":\"Los Santos de Maimona formar\\u00e1 parte de la gu\\u00eda tur\\u00edstica francesa Petit Fut\\u00e9 | El Digital de Asturias\",\"headline\":\"Los Santos de Maimona formar\\u00e1 parte de la gu\\u00eda tur\\u00edstica francesa Petit Fut\\u00e9\",\"author\":{\"@id\":\"https:\\\/\\\/eldigitaldeasturias.com\\\/magazine365\\\/author\\\/admin\\\/#author\"},\"publisher\":{\"@id\":\"https:\\\/\\\/eldigitaldeasturias.com\\\/magazine365\\\/#organization\"},\"image\":{\"@type\":\"ImageObject\",\"url\":\"https:\\\/\\\/eldigitaldeasturias.com\\\/magazine365\\\/wp-content\\\/uploads\\\/2015\\\/12\\\/fotonoticia_20151211175930_800.jpg\",\"width\":800,\"height\":1042},\"datePublished\":\"2015-12-12T04:12:11+01:00\",\"dateModified\":\"2015-12-12T04:12:11+01:00\",\"inLanguage\":\"es-ES\",\"mainEntityOfPage\":{\"@id\":\"https:\\\/\\\/eldigitaldeasturias.com\\\/magazine365\\\/los-santos-de-maimona-formara-parte-de-la-guia-turistica-francesa-petit-fute\\\/#webpage\"},\"isPartOf\":{\"@id\":\"https:\\\/\\\/eldigitaldeasturias.com\\\/magazine365\\\/los-santos-de-maimona-formara-parte-de-la-guia-turistica-francesa-petit-fute\\\/#webpage\"},\"articleSection\":\"Noticias y Actualidad\"},{\"@type\":\"BreadcrumbList\",\"@id\":\"https:\\\/\\\/eldigitaldeasturias.com\\\/magazine365\\\/los-santos-de-maimona-formara-parte-de-la-guia-turistica-francesa-petit-fute\\\/#breadcrumblist\",\"itemListElement\":[{\"@type\":\"ListItem\",\"@id\":\"https:\\\/\\\/eldigitaldeasturias.com\\\/magazine365#listItem\",\"position\":1,\"name\":\"Home\",\"item\":\"https:\\\/\\\/eldigitaldeasturias.com\\\/magazine365\",\"nextItem\":{\"@type\":\"ListItem\",\"@id\":\"https:\\\/\\\/eldigitaldeasturias.com\\\/magazine365\\\/category\\\/noticias-actualidad\\\/#listItem\",\"name\":\"Noticias y Actualidad\"}},{\"@type\":\"ListItem\",\"@id\":\"https:\\\/\\\/eldigitaldeasturias.com\\\/magazine365\\\/category\\\/noticias-actualidad\\\/#listItem\",\"position\":2,\"name\":\"Noticias y Actualidad\",\"item\":\"https:\\\/\\\/eldigitaldeasturias.com\\\/magazine365\\\/category\\\/noticias-actualidad\\\/\",\"nextItem\":{\"@type\":\"ListItem\",\"@id\":\"https:\\\/\\\/eldigitaldeasturias.com\\\/magazine365\\\/los-santos-de-maimona-formara-parte-de-la-guia-turistica-francesa-petit-fute\\\/#listItem\",\"name\":\"Los Santos de Maimona formar\\u00e1 parte de la gu\\u00eda tur\\u00edstica francesa Petit Fut\\u00e9\"},\"previousItem\":{\"@type\":\"ListItem\",\"@id\":\"https:\\\/\\\/eldigitaldeasturias.com\\\/magazine365#listItem\",\"name\":\"Home\"}},{\"@type\":\"ListItem\",\"@id\":\"https:\\\/\\\/eldigitaldeasturias.com\\\/magazine365\\\/los-santos-de-maimona-formara-parte-de-la-guia-turistica-francesa-petit-fute\\\/#listItem\",\"position\":3,\"name\":\"Los Santos de Maimona formar\\u00e1 parte de la gu\\u00eda tur\\u00edstica francesa Petit Fut\\u00e9\",\"previousItem\":{\"@type\":\"ListItem\",\"@id\":\"https:\\\/\\\/eldigitaldeasturias.com\\\/magazine365\\\/category\\\/noticias-actualidad\\\/#listItem\",\"name\":\"Noticias y Actualidad\"}}]},{\"@type\":\"Organization\",\"@id\":\"https:\\\/\\\/eldigitaldeasturias.com\\\/magazine365\\\/#organization\",\"name\":\"El digital de Asturias\",\"description\":\"Revista de ocio, turismo y estilo de vida\",\"url\":\"https:\\\/\\\/eldigitaldeasturias.com\\\/magazine365\\\/\",\"logo\":{\"@type\":\"ImageObject\",\"url\":\"https:\\\/\\\/www.eldigitaldeasturias.com\\\/noticias\\\/wp-content\\\/uploads\\\/2020\\\/12\\\/EDA.jpg\",\"@id\":\"https:\\\/\\\/eldigitaldeasturias.com\\\/magazine365\\\/los-santos-de-maimona-formara-parte-de-la-guia-turistica-francesa-petit-fute\\\/#organizationLogo\"},\"image\":{\"@id\":\"https:\\\/\\\/eldigitaldeasturias.com\\\/magazine365\\\/los-santos-de-maimona-formara-parte-de-la-guia-turistica-francesa-petit-fute\\\/#organizationLogo\"}},{\"@type\":\"Person\",\"@id\":\"https:\\\/\\\/eldigitaldeasturias.com\\\/magazine365\\\/author\\\/admin\\\/#author\",\"url\":\"https:\\\/\\\/eldigitaldeasturias.com\\\/magazine365\\\/author\\\/admin\\\/\",\"name\":\"admin\",\"image\":{\"@type\":\"ImageObject\",\"@id\":\"https:\\\/\\\/eldigitaldeasturias.com\\\/magazine365\\\/los-santos-de-maimona-formara-parte-de-la-guia-turistica-francesa-petit-fute\\\/#authorImage\",\"url\":\"https:\\\/\\\/eldigitaldeasturias.com\\\/magazine365\\\/wp-content\\\/litespeed\\\/avatar\\\/e571bcf59a0edd6fa6838245a470f2fe.jpg?ver=1777574230\",\"width\":96,\"height\":96,\"caption\":\"admin\"}},{\"@type\":\"WebPage\",\"@id\":\"https:\\\/\\\/eldigitaldeasturias.com\\\/magazine365\\\/los-santos-de-maimona-formara-parte-de-la-guia-turistica-francesa-petit-fute\\\/#webpage\",\"url\":\"https:\\\/\\\/eldigitaldeasturias.com\\\/magazine365\\\/los-santos-de-maimona-formara-parte-de-la-guia-turistica-francesa-petit-fute\\\/\",\"name\":\"Los Santos de Maimona formar\\u00e1 parte de la gu\\u00eda tur\\u00edstica francesa Petit Fut\\u00e9 | El Digital de Asturias\",\"description\":\"Los Santos de Maimona (Badajoz) es una de las localidades elegidas que formar\\u00e1 parte de la gu\\u00eda tur\\u00edstica francesa Petit Fut\\u00e9 en una edici\\u00f3n especial de 'Rutas Culturales de Espa\\u00f1a', que estar\\u00e1 dirigida al mercado franc\\u00f3fono. Dicha gu\\u00eda incluye ciudades que integran la Ruta V\\u00eda de la Plata, la Ruta Caminos de Pasi\\u00f3n, las Rutas\",\"inLanguage\":\"es-ES\",\"isPartOf\":{\"@id\":\"https:\\\/\\\/eldigitaldeasturias.com\\\/magazine365\\\/#website\"},\"breadcrumb\":{\"@id\":\"https:\\\/\\\/eldigitaldeasturias.com\\\/magazine365\\\/los-santos-de-maimona-formara-parte-de-la-guia-turistica-francesa-petit-fute\\\/#breadcrumblist\"},\"author\":{\"@id\":\"https:\\\/\\\/eldigitaldeasturias.com\\\/magazine365\\\/author\\\/admin\\\/#author\"},\"creator\":{\"@id\":\"https:\\\/\\\/eldigitaldeasturias.com\\\/magazine365\\\/author\\\/admin\\\/#author\"},\"image\":{\"@type\":\"ImageObject\",\"url\":\"https:\\\/\\\/eldigitaldeasturias.com\\\/magazine365\\\/wp-content\\\/uploads\\\/2015\\\/12\\\/fotonoticia_20151211175930_800.jpg\",\"@id\":\"https:\\\/\\\/eldigitaldeasturias.com\\\/magazine365\\\/los-santos-de-maimona-formara-parte-de-la-guia-turistica-francesa-petit-fute\\\/#mainImage\",\"width\":800,\"height\":1042},\"primaryImageOfPage\":{\"@id\":\"https:\\\/\\\/eldigitaldeasturias.com\\\/magazine365\\\/los-santos-de-maimona-formara-parte-de-la-guia-turistica-francesa-petit-fute\\\/#mainImage\"},\"datePublished\":\"2015-12-12T04:12:11+01:00\",\"dateModified\":\"2015-12-12T04:12:11+01:00\"},{\"@type\":\"WebSite\",\"@id\":\"https:\\\/\\\/eldigitaldeasturias.com\\\/magazine365\\\/#website\",\"url\":\"https:\\\/\\\/eldigitaldeasturias.com\\\/magazine365\\\/\",\"name\":\"El Digital de Asturias\",\"description\":\"Revista de ocio, turismo y estilo de vida\",\"inLanguage\":\"es-ES\",\"publisher\":{\"@id\":\"https:\\\/\\\/eldigitaldeasturias.com\\\/magazine365\\\/#organization\"}}]}\n\t\t<\/script>\n\t\t<!-- All in One SEO Pro -->\r\n\t\t<title>Los Santos de Maimona formar\u00e1 parte de la gu\u00eda tur\u00edstica francesa Petit Fut\u00e9 | El Digital de Asturias<\/title>\n\n","aioseo_head_json":{"title":"Los Santos de Maimona formar\u00e1 parte de la gu\u00eda tur\u00edstica francesa Petit Fut\u00e9 | El Digital de Asturias","description":"Los Santos de Maimona (Badajoz) es una de las localidades elegidas que formar\u00e1 parte de la gu\u00eda tur\u00edstica francesa Petit Fut\u00e9 en una edici\u00f3n especial de 'Rutas Culturales de Espa\u00f1a', que estar\u00e1 dirigida al mercado franc\u00f3fono. Dicha gu\u00eda incluye ciudades que integran la Ruta V\u00eda de la Plata, la Ruta Caminos de Pasi\u00f3n, las Rutas","canonical_url":"https:\/\/eldigitaldeasturias.com\/magazine365\/los-santos-de-maimona-formara-parte-de-la-guia-turistica-francesa-petit-fute\/","robots":"max-image-preview:large","keywords":"noticias y actualidad","webmasterTools":{"google-site-verification":"UA-38556648-1","miscellaneous":""},"schema":{"@context":"https:\/\/schema.org","@graph":[{"@type":"Article","@id":"https:\/\/eldigitaldeasturias.com\/magazine365\/los-santos-de-maimona-formara-parte-de-la-guia-turistica-francesa-petit-fute\/#article","name":"Los Santos de Maimona formar\u00e1 parte de la gu\u00eda tur\u00edstica francesa Petit Fut\u00e9 | El Digital de Asturias","headline":"Los Santos de Maimona formar\u00e1 parte de la gu\u00eda tur\u00edstica francesa Petit Fut\u00e9","author":{"@id":"https:\/\/eldigitaldeasturias.com\/magazine365\/author\/admin\/#author"},"publisher":{"@id":"https:\/\/eldigitaldeasturias.com\/magazine365\/#organization"},"image":{"@type":"ImageObject","url":"https:\/\/eldigitaldeasturias.com\/magazine365\/wp-content\/uploads\/2015\/12\/fotonoticia_20151211175930_800.jpg","width":800,"height":1042},"datePublished":"2015-12-12T04:12:11+01:00","dateModified":"2015-12-12T04:12:11+01:00","inLanguage":"es-ES","mainEntityOfPage":{"@id":"https:\/\/eldigitaldeasturias.com\/magazine365\/los-santos-de-maimona-formara-parte-de-la-guia-turistica-francesa-petit-fute\/#webpage"},"isPartOf":{"@id":"https:\/\/eldigitaldeasturias.com\/magazine365\/los-santos-de-maimona-formara-parte-de-la-guia-turistica-francesa-petit-fute\/#webpage"},"articleSection":"Noticias y Actualidad"},{"@type":"BreadcrumbList","@id":"https:\/\/eldigitaldeasturias.com\/magazine365\/los-santos-de-maimona-formara-parte-de-la-guia-turistica-francesa-petit-fute\/#breadcrumblist","itemListElement":[{"@type":"ListItem","@id":"https:\/\/eldigitaldeasturias.com\/magazine365#listItem","position":1,"name":"Home","item":"https:\/\/eldigitaldeasturias.com\/magazine365","nextItem":{"@type":"ListItem","@id":"https:\/\/eldigitaldeasturias.com\/magazine365\/category\/noticias-actualidad\/#listItem","name":"Noticias y Actualidad"}},{"@type":"ListItem","@id":"https:\/\/eldigitaldeasturias.com\/magazine365\/category\/noticias-actualidad\/#listItem","position":2,"name":"Noticias y Actualidad","item":"https:\/\/eldigitaldeasturias.com\/magazine365\/category\/noticias-actualidad\/","nextItem":{"@type":"ListItem","@id":"https:\/\/eldigitaldeasturias.com\/magazine365\/los-santos-de-maimona-formara-parte-de-la-guia-turistica-francesa-petit-fute\/#listItem","name":"Los Santos de Maimona formar\u00e1 parte de la gu\u00eda tur\u00edstica francesa Petit Fut\u00e9"},"previousItem":{"@type":"ListItem","@id":"https:\/\/eldigitaldeasturias.com\/magazine365#listItem","name":"Home"}},{"@type":"ListItem","@id":"https:\/\/eldigitaldeasturias.com\/magazine365\/los-santos-de-maimona-formara-parte-de-la-guia-turistica-francesa-petit-fute\/#listItem","position":3,"name":"Los Santos de Maimona formar\u00e1 parte de la gu\u00eda tur\u00edstica francesa Petit Fut\u00e9","previousItem":{"@type":"ListItem","@id":"https:\/\/eldigitaldeasturias.com\/magazine365\/category\/noticias-actualidad\/#listItem","name":"Noticias y Actualidad"}}]},{"@type":"Organization","@id":"https:\/\/eldigitaldeasturias.com\/magazine365\/#organization","name":"El digital de Asturias","description":"Revista de ocio, turismo y estilo de vida","url":"https:\/\/eldigitaldeasturias.com\/magazine365\/","logo":{"@type":"ImageObject","url":"https:\/\/www.eldigitaldeasturias.com\/noticias\/wp-content\/uploads\/2020\/12\/EDA.jpg","@id":"https:\/\/eldigitaldeasturias.com\/magazine365\/los-santos-de-maimona-formara-parte-de-la-guia-turistica-francesa-petit-fute\/#organizationLogo"},"image":{"@id":"https:\/\/eldigitaldeasturias.com\/magazine365\/los-santos-de-maimona-formara-parte-de-la-guia-turistica-francesa-petit-fute\/#organizationLogo"}},{"@type":"Person","@id":"https:\/\/eldigitaldeasturias.com\/magazine365\/author\/admin\/#author","url":"https:\/\/eldigitaldeasturias.com\/magazine365\/author\/admin\/","name":"admin","image":{"@type":"ImageObject","@id":"https:\/\/eldigitaldeasturias.com\/magazine365\/los-santos-de-maimona-formara-parte-de-la-guia-turistica-francesa-petit-fute\/#authorImage","url":"https:\/\/eldigitaldeasturias.com\/magazine365\/wp-content\/litespeed\/avatar\/e571bcf59a0edd6fa6838245a470f2fe.jpg?ver=1777574230","width":96,"height":96,"caption":"admin"}},{"@type":"WebPage","@id":"https:\/\/eldigitaldeasturias.com\/magazine365\/los-santos-de-maimona-formara-parte-de-la-guia-turistica-francesa-petit-fute\/#webpage","url":"https:\/\/eldigitaldeasturias.com\/magazine365\/los-santos-de-maimona-formara-parte-de-la-guia-turistica-francesa-petit-fute\/","name":"Los Santos de Maimona formar\u00e1 parte de la gu\u00eda tur\u00edstica francesa Petit Fut\u00e9 | El Digital de Asturias","description":"Los Santos de Maimona (Badajoz) es una de las localidades elegidas que formar\u00e1 parte de la gu\u00eda tur\u00edstica francesa Petit Fut\u00e9 en una edici\u00f3n especial de 'Rutas Culturales de Espa\u00f1a', que estar\u00e1 dirigida al mercado franc\u00f3fono. Dicha gu\u00eda incluye ciudades que integran la Ruta V\u00eda de la Plata, la Ruta Caminos de Pasi\u00f3n, las Rutas","inLanguage":"es-ES","isPartOf":{"@id":"https:\/\/eldigitaldeasturias.com\/magazine365\/#website"},"breadcrumb":{"@id":"https:\/\/eldigitaldeasturias.com\/magazine365\/los-santos-de-maimona-formara-parte-de-la-guia-turistica-francesa-petit-fute\/#breadcrumblist"},"author":{"@id":"https:\/\/eldigitaldeasturias.com\/magazine365\/author\/admin\/#author"},"creator":{"@id":"https:\/\/eldigitaldeasturias.com\/magazine365\/author\/admin\/#author"},"image":{"@type":"ImageObject","url":"https:\/\/eldigitaldeasturias.com\/magazine365\/wp-content\/uploads\/2015\/12\/fotonoticia_20151211175930_800.jpg","@id":"https:\/\/eldigitaldeasturias.com\/magazine365\/los-santos-de-maimona-formara-parte-de-la-guia-turistica-francesa-petit-fute\/#mainImage","width":800,"height":1042},"primaryImageOfPage":{"@id":"https:\/\/eldigitaldeasturias.com\/magazine365\/los-santos-de-maimona-formara-parte-de-la-guia-turistica-francesa-petit-fute\/#mainImage"},"datePublished":"2015-12-12T04:12:11+01:00","dateModified":"2015-12-12T04:12:11+01:00"},{"@type":"WebSite","@id":"https:\/\/eldigitaldeasturias.com\/magazine365\/#website","url":"https:\/\/eldigitaldeasturias.com\/magazine365\/","name":"El Digital de Asturias","description":"Revista de ocio, turismo y estilo de vida","inLanguage":"es-ES","publisher":{"@id":"https:\/\/eldigitaldeasturias.com\/magazine365\/#organization"}}]},"og:locale":"es_ES","og:site_name":"El Digital de Asturias \u2013 Revista de ocio, turismo y estilo de vida","og:type":"article","og:title":"Los Santos de Maimona formar\u00e1 parte de la gu\u00eda tur\u00edstica francesa Petit Fut\u00e9 | El Digital de Asturias","og:description":"Los Santos de Maimona (Badajoz) es una de las localidades elegidas que formar\u00e1 parte de la gu\u00eda tur\u00edstica francesa Petit Fut\u00e9 en una edici\u00f3n especial de 'Rutas Culturales de Espa\u00f1a', que estar\u00e1 dirigida al mercado franc\u00f3fono. Dicha gu\u00eda incluye ciudades que integran la Ruta V\u00eda de la Plata, la Ruta Caminos de Pasi\u00f3n, las Rutas","og:url":"https:\/\/eldigitaldeasturias.com\/magazine365\/los-santos-de-maimona-formara-parte-de-la-guia-turistica-francesa-petit-fute\/","og:image":"https:\/\/eldigitaldeasturias.com\/magazine365\/wp-content\/uploads\/2015\/12\/fotonoticia_20151211175930_800.jpg","og:image:secure_url":"https:\/\/eldigitaldeasturias.com\/magazine365\/wp-content\/uploads\/2015\/12\/fotonoticia_20151211175930_800.jpg","og:image:width":800,"og:image:height":1042,"article:published_time":"2015-12-12T03:12:11+00:00","article:modified_time":"2015-12-12T03:12:11+00:00","twitter:card":"summary_large_image","twitter:title":"Los Santos de Maimona formar\u00e1 parte de la gu\u00eda tur\u00edstica francesa Petit Fut\u00e9 | El Digital de Asturias","twitter:description":"Los Santos de Maimona (Badajoz) es una de las localidades elegidas que formar\u00e1 parte de la gu\u00eda tur\u00edstica francesa Petit Fut\u00e9 en una edici\u00f3n especial de 'Rutas Culturales de Espa\u00f1a', que estar\u00e1 dirigida al mercado franc\u00f3fono. Dicha gu\u00eda incluye ciudades que integran la Ruta V\u00eda de la Plata, la Ruta Caminos de Pasi\u00f3n, las Rutas","twitter:image":"https:\/\/eldigitaldeasturias.com\/magazine365\/wp-content\/uploads\/2015\/12\/fotonoticia_20151211175930_800.jpg"},"aioseo_meta_data":{"post_id":"58339","title":null,"description":null,"keywords":null,"keyphrases":null,"primary_term":null,"canonical_url":null,"og_title":null,"og_description":null,"og_object_type":"default","og_image_type":"default","og_image_url":null,"og_image_width":null,"og_image_height":null,"og_image_custom_url":null,"og_image_custom_fields":null,"og_video":null,"og_custom_url":null,"og_article_section":null,"og_article_tags":null,"twitter_use_og":false,"twitter_card":"default","twitter_image_type":"default","twitter_image_url":null,"twitter_image_custom_url":null,"twitter_image_custom_fields":null,"twitter_title":null,"twitter_description":null,"schema":{"blockGraphs":[],"customGraphs":[],"default":{"data":{"Article":[],"Course":[],"Dataset":[],"FAQPage":[],"Movie":[],"Person":[],"Product":[],"ProductReview":[],"Car":[],"Recipe":[],"Service":[],"SoftwareApplication":[],"WebPage":[]},"graphName":"","isEnabled":true},"graphs":[],"defaultGraph":"","defaultPostTypeGraph":""},"schema_type":null,"schema_type_options":null,"pillar_content":false,"robots_default":true,"robots_noindex":false,"robots_noarchive":false,"robots_nosnippet":false,"robots_nofollow":false,"robots_noimageindex":false,"robots_noodp":false,"robots_notranslate":false,"robots_max_snippet":null,"robots_max_videopreview":null,"robots_max_imagepreview":"large","priority":null,"frequency":null,"location":null,"local_seo":null,"seo_analyzer_scan_date":"2025-09-25 02:48:25","breadcrumb_settings":null,"limit_modified_date":false,"open_ai":null,"ai":null,"created":"2021-03-08 22:30:52","updated":"2025-09-25 02:48:25"},"aioseo_breadcrumb":"<div class=\"aioseo-breadcrumbs\"><span class=\"aioseo-breadcrumb\">\n\t<a href=\"https:\/\/eldigitaldeasturias.com\/magazine365\" title=\"Home\">Home<\/a>\n<\/span><span class=\"aioseo-breadcrumb-separator\">\u2013<\/span><span class=\"aioseo-breadcrumb\">\n\t<a href=\"https:\/\/eldigitaldeasturias.com\/magazine365\/category\/noticias-actualidad\/\" title=\"Noticias y Actualidad\">Noticias y Actualidad<\/a>\n<\/span><span class=\"aioseo-breadcrumb-separator\">\u2013<\/span><span class=\"aioseo-breadcrumb\">\n\t<a href=\"https:\/\/eldigitaldeasturias.com\/magazine365\/los-santos-de-maimona-formara-parte-de-la-guia-turistica-francesa-petit-fute\/\" title=\"Los Santos de Maimona formar\u00e1 parte de la gu\u00eda tur\u00edstica francesa Petit Fut\u00e9\">Los Santos de Maimona formar\u00e1 parte de la gu\u00eda tur\u00edstica francesa Petit Fut\u00e9<\/a>\n<\/span><\/div>","aioseo_breadcrumb_json":[{"label":"Home","link":"https:\/\/eldigitaldeasturias.com\/magazine365"},{"label":"Noticias y Actualidad","link":"https:\/\/eldigitaldeasturias.com\/magazine365\/category\/noticias-actualidad\/"},{"label":"Los Santos de Maimona formar\u00e1 parte de la gu\u00eda tur\u00edstica francesa Petit Fut\u00e9","link":"https:\/\/eldigitaldeasturias.com\/magazine365\/los-santos-de-maimona-formara-parte-de-la-guia-turistica-francesa-petit-fute\/"}],"_links":{"self":[{"href":"https:\/\/eldigitaldeasturias.com\/magazine365\/wp-json\/wp\/v2\/posts\/58339","targetHints":{"allow":["GET"]}}],"collection":[{"href":"https:\/\/eldigitaldeasturias.com\/magazine365\/wp-json\/wp\/v2\/posts"}],"about":[{"href":"https:\/\/eldigitaldeasturias.com\/magazine365\/wp-json\/wp\/v2\/types\/post"}],"author":[{"embeddable":true,"href":"https:\/\/eldigitaldeasturias.com\/magazine365\/wp-json\/wp\/v2\/users\/1"}],"replies":[{"embeddable":true,"href":"https:\/\/eldigitaldeasturias.com\/magazine365\/wp-json\/wp\/v2\/comments?post=58339"}],"version-history":[{"count":0,"href":"https:\/\/eldigitaldeasturias.com\/magazine365\/wp-json\/wp\/v2\/posts\/58339\/revisions"}],"wp:featuredmedia":[{"embeddable":true,"href":"https:\/\/eldigitaldeasturias.com\/magazine365\/wp-json\/wp\/v2\/media\/58340"}],"wp:attachment":[{"href":"https:\/\/eldigitaldeasturias.com\/magazine365\/wp-json\/wp\/v2\/media?parent=58339"}],"wp:term":[{"taxonomy":"category","embeddable":true,"href":"https:\/\/eldigitaldeasturias.com\/magazine365\/wp-json\/wp\/v2\/categories?post=58339"},{"taxonomy":"post_tag","embeddable":true,"href":"https:\/\/eldigitaldeasturias.com\/magazine365\/wp-json\/wp\/v2\/tags?post=58339"}],"curies":[{"name":"wp","href":"https:\/\/api.w.org\/{rel}","templated":true}]}}