{"id":58297,"date":"2015-12-12T03:27:01","date_gmt":"2015-12-12T02:27:01","guid":{"rendered":"http:\/\/eldigitaldeasturias.com\/magazine365\/?p=58297"},"modified":"2015-12-12T03:27:01","modified_gmt":"2015-12-12T02:27:01","slug":"air-europa-ha-dotado-de-desfibriladores-a-la-totalidad-de-sus-aviones","status":"publish","type":"post","link":"https:\/\/eldigitaldeasturias.com\/magazine365\/air-europa-ha-dotado-de-desfibriladores-a-la-totalidad-de-sus-aviones\/","title":{"rendered":"Air Europa ha dotado de desfibriladores a la totalidad de sus aviones"},"content":{"rendered":"<p><img fetchpriority=\"high\" decoding=\"async\" class=\"alignleft size-medium wp-image-58298\" src=\"https:\/\/eldigitaldeasturias.com\/magazine365\/wp-content\/uploads\/2015\/12\/fotonoticia_20151211133001_800-360x203.jpg\" alt=\"fotonoticia_20151211133001_800\" width=\"360\" height=\"203\" srcset=\"https:\/\/eldigitaldeasturias.com\/magazine365\/wp-content\/uploads\/2015\/12\/fotonoticia_20151211133001_800-360x203.jpg 360w, https:\/\/eldigitaldeasturias.com\/magazine365\/wp-content\/uploads\/2015\/12\/fotonoticia_20151211133001_800-650x366.jpg 650w, https:\/\/eldigitaldeasturias.com\/magazine365\/wp-content\/uploads\/2015\/12\/fotonoticia_20151211133001_800-768x432.jpg 768w, https:\/\/eldigitaldeasturias.com\/magazine365\/wp-content\/uploads\/2015\/12\/fotonoticia_20151211133001_800-150x84.jpg 150w, https:\/\/eldigitaldeasturias.com\/magazine365\/wp-content\/uploads\/2015\/12\/fotonoticia_20151211133001_800-450x253.jpg 450w, https:\/\/eldigitaldeasturias.com\/magazine365\/wp-content\/uploads\/2015\/12\/fotonoticia_20151211133001_800-696x392.jpg 696w, https:\/\/eldigitaldeasturias.com\/magazine365\/wp-content\/uploads\/2015\/12\/fotonoticia_20151211133001_800-747x420.jpg 747w, https:\/\/eldigitaldeasturias.com\/magazine365\/wp-content\/uploads\/2015\/12\/fotonoticia_20151211133001_800-499x280.jpg 499w, https:\/\/eldigitaldeasturias.com\/magazine365\/wp-content\/uploads\/2015\/12\/fotonoticia_20151211133001_800.jpg 800w\" sizes=\"(max-width: 360px) 100vw, 360px\" \/>Air Europa, la divisi\u00f3n a\u00e9rea del grupo tur\u00edstico Globalia, ha dotado de desfibriladores a la totalidad de sus aviones, convirti\u00e9ndose as\u00ed en la primera aerol\u00ednea espa\u00f1ola que cuenta con desfibriladores a bordo, seg\u00fan inform\u00f3 la compa\u00f1\u00eda a\u00e9rea.<\/p>\n<p>Este material, con el que se puede tratar un paro card\u00edaco repentino, complementa el botiqu\u00edn m\u00e9dico de emergencias ya existente y permite atender, con mayores garant\u00edas de \u00e9xito, una posible parada cardiaca durante el vuelo.<\/p>\n<p>Air Europa, tras disponer de la autorizaci\u00f3n necesaria emitida por la Agencia Estatal de Seguridad Espa\u00f1ola (AESA), adscrita a la Secretar\u00eda de Estado de Transportes del Ministerio de Fomento a trav\u00e9s de la Direcci\u00f3n General de Aviaci\u00f3n Civil ha procedido a dotar a la totalidad de su flota de los desfibriladores semiautom\u00e1ticos.<\/p>\n<p>Igualmente, la aerol\u00ednea ha ajustado sus procedimientos y ha incluido la utilizaci\u00f3n de desfibriladores en el Manual de Operaciones, as\u00ed como ha impartido la formaci\u00f3n necesaria sobre su uso a la totalidad de los Tripulantes de Cabina de Pasajeros (TCP).<\/p>\n<p>FORMACI\u00d3N COMPLETA DEL PERSONAL.<\/p>\n<p>La formaci\u00f3n se ha realizado bajo la direcci\u00f3n del Servicio M\u00e9dico de la compa\u00f1\u00eda en colaboraci\u00f3n con Previs Gesti\u00f3n de Riesgos como entidad formadora asociada al programa de formaci\u00f3n del Plan Nacional de Reanimaci\u00f3n Cardiopulmonar (RCP) de la Sociedad Espa\u00f1ola de Medicina Intensiva, Cr\u00edtica y Unidad de Coronarias (SEMICYUC).<\/p>\n<p>Tras el periodo de formaci\u00f3n, que ha consistido en un curso te\u00f3rico y pr\u00e1ctico, la totalidad de los TCP&#8217;s y de los sobrecargos disponen ahora tanto de los conocimientos necesarios sobre Soporte Vital B\u00e1sico (SVB) como sobre el uso del Desfibrilador Externo Semiautom\u00e1tico, completando as\u00ed la mayor\u00eda de los eslabones de la llamada cadena de supervivencia.<\/p>\n<p>Actualmente, cada a\u00f1o en Europa sufren un paro card\u00edaco repentino unas 700.000 personas y cientos de miles m\u00e1s en todo el mundo. El 80% de dichos paros es susceptible de recibir la descarga de un desfibrilador por lo que si se reduce el tiempo transcurrido entre la parada card\u00edaca y la reanimaci\u00f3n cardiopulmonar con la administraci\u00f3n de la descarga, aumenta de forma significativa la tasa de supervivencia.<\/p>\n<p>MODERNO SISTEMA DE CONTROL.<\/p>\n<p>Air Europa ha optado por el Desfibrilador Exterior Semiautom\u00e1tico Philips HeartStart FRx, uno de los modelos m\u00e1s avanzados existentes en el mercado y dise\u00f1ado para superar los requisitos de test m\u00e1s rigurosos.<\/p>\n<p>Los electrodos de desfibrilaci\u00f3n pueden utilizarse tanto para pacientes adultos como pedi\u00e1tricos por lo que el propio DESA dispone de una llave pedi\u00e1trica para advertir al dispositivo electr\u00f3nico que va a tratar a un ni\u00f1o.<\/p>\n<p>Este tipo de desfibriladores, de apenas 1,5 kilogramos de peso, se alimentan mediante una bater\u00eda de larga duraci\u00f3n, concretamente de cuatro a\u00f1os, pero a\u00fan as\u00ed Air Europa cuenta tambi\u00e9n a bordo tanto con bater\u00edas como con electrodos de repuesto.<\/p>\n<p>Los DEAS HeartStart FRx se autochequean de forma diaria, semanal y mensual y verifican su funcionalidad y calibraci\u00f3n de circuitos y sistemas. Adem\u00e1s, los tripulantes de cabina tambi\u00e9n efect\u00faan una revisi\u00f3n en cada vuelo para garantizar en todo momento su perfecto funcionamiento.<\/p>\n","protected":false},"excerpt":{"rendered":"<p>Air Europa, la divisi\u00f3n a\u00e9rea del grupo tur\u00edstico Globalia, ha dotado de desfibriladores a la totalidad de sus aviones, convirti\u00e9ndose as\u00ed en la primera aerol\u00ednea espa\u00f1ola que cuenta con desfibriladores a bordo, seg\u00fan inform\u00f3 la compa\u00f1\u00eda a\u00e9rea. Este material, con el que se puede tratar un paro card\u00edaco repentino, complementa el botiqu\u00edn m\u00e9dico de emergencias<\/p>\n","protected":false},"author":1,"featured_media":58298,"comment_status":"open","ping_status":"closed","sticky":false,"template":"","format":"standard","meta":{"footnotes":""},"categories":[224],"tags":[],"class_list":{"0":"post-58297","1":"post","2":"type-post","3":"status-publish","4":"format-standard","5":"has-post-thumbnail","7":"category-noticias-actualidad"},"aioseo_notices":[],"aioseo_head":"\n\t\t<!-- All in One SEO Pro 4.9.6.1 - aioseo.com -->\n\t<meta name=\"description\" content=\"Air Europa, la divisi\u00f3n a\u00e9rea del grupo tur\u00edstico Globalia, ha dotado de desfibriladores a la totalidad de sus aviones, convirti\u00e9ndose as\u00ed en la primera aerol\u00ednea espa\u00f1ola que cuenta con desfibriladores a bordo, seg\u00fan inform\u00f3 la compa\u00f1\u00eda a\u00e9rea. Este material, con el que se puede tratar un paro card\u00edaco repentino, complementa el botiqu\u00edn m\u00e9dico de emergencias\" \/>\n\t<meta name=\"robots\" content=\"max-image-preview:large\" \/>\n\t<meta name=\"author\" content=\"admin\"\/>\n\t<meta name=\"google-site-verification\" content=\"UA-38556648-1\" \/>\n\t<meta name=\"keywords\" content=\"noticias y actualidad\" \/>\n\t<link rel=\"canonical\" href=\"https:\/\/eldigitaldeasturias.com\/magazine365\/air-europa-ha-dotado-de-desfibriladores-a-la-totalidad-de-sus-aviones\/\" \/>\n\t<meta name=\"generator\" content=\"All in One SEO Pro (AIOSEO) 4.9.6.1\" \/>\n\t\t<meta property=\"og:locale\" content=\"es_ES\" \/>\n\t\t<meta property=\"og:site_name\" content=\"El Digital de Asturias \u2013 Revista de ocio, turismo y estilo de vida\" \/>\n\t\t<meta property=\"og:type\" content=\"article\" \/>\n\t\t<meta property=\"og:title\" content=\"Air Europa ha dotado de desfibriladores a la totalidad de sus aviones | El Digital de Asturias\" \/>\n\t\t<meta property=\"og:description\" content=\"Air Europa, la divisi\u00f3n a\u00e9rea del grupo tur\u00edstico Globalia, ha dotado de desfibriladores a la totalidad de sus aviones, convirti\u00e9ndose as\u00ed en la primera aerol\u00ednea espa\u00f1ola que cuenta con desfibriladores a bordo, seg\u00fan inform\u00f3 la compa\u00f1\u00eda a\u00e9rea. Este material, con el que se puede tratar un paro card\u00edaco repentino, complementa el botiqu\u00edn m\u00e9dico de emergencias\" \/>\n\t\t<meta property=\"og:url\" content=\"https:\/\/eldigitaldeasturias.com\/magazine365\/air-europa-ha-dotado-de-desfibriladores-a-la-totalidad-de-sus-aviones\/\" \/>\n\t\t<meta property=\"og:image\" content=\"https:\/\/eldigitaldeasturias.com\/magazine365\/wp-content\/uploads\/2015\/12\/fotonoticia_20151211133001_800.jpg\" \/>\n\t\t<meta property=\"og:image:secure_url\" content=\"https:\/\/eldigitaldeasturias.com\/magazine365\/wp-content\/uploads\/2015\/12\/fotonoticia_20151211133001_800.jpg\" \/>\n\t\t<meta property=\"og:image:width\" content=\"800\" \/>\n\t\t<meta property=\"og:image:height\" content=\"450\" \/>\n\t\t<meta property=\"article:published_time\" content=\"2015-12-12T02:27:01+00:00\" \/>\n\t\t<meta property=\"article:modified_time\" content=\"2015-12-12T02:27:01+00:00\" \/>\n\t\t<meta name=\"twitter:card\" content=\"summary_large_image\" \/>\n\t\t<meta name=\"twitter:title\" content=\"Air Europa ha dotado de desfibriladores a la totalidad de sus aviones | El Digital de Asturias\" \/>\n\t\t<meta name=\"twitter:description\" content=\"Air Europa, la divisi\u00f3n a\u00e9rea del grupo tur\u00edstico Globalia, ha dotado de desfibriladores a la totalidad de sus aviones, convirti\u00e9ndose as\u00ed en la primera aerol\u00ednea espa\u00f1ola que cuenta con desfibriladores a bordo, seg\u00fan inform\u00f3 la compa\u00f1\u00eda a\u00e9rea. Este material, con el que se puede tratar un paro card\u00edaco repentino, complementa el botiqu\u00edn m\u00e9dico de emergencias\" \/>\n\t\t<meta name=\"twitter:image\" content=\"https:\/\/eldigitaldeasturias.com\/magazine365\/wp-content\/uploads\/2015\/12\/fotonoticia_20151211133001_800.jpg\" \/>\n\t\t<script type=\"application\/ld+json\" class=\"aioseo-schema\">\n\t\t\t{\"@context\":\"https:\\\/\\\/schema.org\",\"@graph\":[{\"@type\":\"Article\",\"@id\":\"https:\\\/\\\/eldigitaldeasturias.com\\\/magazine365\\\/air-europa-ha-dotado-de-desfibriladores-a-la-totalidad-de-sus-aviones\\\/#article\",\"name\":\"Air Europa ha dotado de desfibriladores a la totalidad de sus aviones | El Digital de Asturias\",\"headline\":\"Air Europa ha dotado de desfibriladores a la totalidad de sus aviones\",\"author\":{\"@id\":\"https:\\\/\\\/eldigitaldeasturias.com\\\/magazine365\\\/author\\\/admin\\\/#author\"},\"publisher\":{\"@id\":\"https:\\\/\\\/eldigitaldeasturias.com\\\/magazine365\\\/#organization\"},\"image\":{\"@type\":\"ImageObject\",\"url\":\"https:\\\/\\\/eldigitaldeasturias.com\\\/magazine365\\\/wp-content\\\/uploads\\\/2015\\\/12\\\/fotonoticia_20151211133001_800.jpg\",\"width\":800,\"height\":450},\"datePublished\":\"2015-12-12T03:27:01+01:00\",\"dateModified\":\"2015-12-12T03:27:01+01:00\",\"inLanguage\":\"es-ES\",\"mainEntityOfPage\":{\"@id\":\"https:\\\/\\\/eldigitaldeasturias.com\\\/magazine365\\\/air-europa-ha-dotado-de-desfibriladores-a-la-totalidad-de-sus-aviones\\\/#webpage\"},\"isPartOf\":{\"@id\":\"https:\\\/\\\/eldigitaldeasturias.com\\\/magazine365\\\/air-europa-ha-dotado-de-desfibriladores-a-la-totalidad-de-sus-aviones\\\/#webpage\"},\"articleSection\":\"Noticias y Actualidad\"},{\"@type\":\"BreadcrumbList\",\"@id\":\"https:\\\/\\\/eldigitaldeasturias.com\\\/magazine365\\\/air-europa-ha-dotado-de-desfibriladores-a-la-totalidad-de-sus-aviones\\\/#breadcrumblist\",\"itemListElement\":[{\"@type\":\"ListItem\",\"@id\":\"https:\\\/\\\/eldigitaldeasturias.com\\\/magazine365#listItem\",\"position\":1,\"name\":\"Home\",\"item\":\"https:\\\/\\\/eldigitaldeasturias.com\\\/magazine365\",\"nextItem\":{\"@type\":\"ListItem\",\"@id\":\"https:\\\/\\\/eldigitaldeasturias.com\\\/magazine365\\\/category\\\/noticias-actualidad\\\/#listItem\",\"name\":\"Noticias y Actualidad\"}},{\"@type\":\"ListItem\",\"@id\":\"https:\\\/\\\/eldigitaldeasturias.com\\\/magazine365\\\/category\\\/noticias-actualidad\\\/#listItem\",\"position\":2,\"name\":\"Noticias y Actualidad\",\"item\":\"https:\\\/\\\/eldigitaldeasturias.com\\\/magazine365\\\/category\\\/noticias-actualidad\\\/\",\"nextItem\":{\"@type\":\"ListItem\",\"@id\":\"https:\\\/\\\/eldigitaldeasturias.com\\\/magazine365\\\/air-europa-ha-dotado-de-desfibriladores-a-la-totalidad-de-sus-aviones\\\/#listItem\",\"name\":\"Air Europa ha dotado de desfibriladores a la totalidad de sus aviones\"},\"previousItem\":{\"@type\":\"ListItem\",\"@id\":\"https:\\\/\\\/eldigitaldeasturias.com\\\/magazine365#listItem\",\"name\":\"Home\"}},{\"@type\":\"ListItem\",\"@id\":\"https:\\\/\\\/eldigitaldeasturias.com\\\/magazine365\\\/air-europa-ha-dotado-de-desfibriladores-a-la-totalidad-de-sus-aviones\\\/#listItem\",\"position\":3,\"name\":\"Air Europa ha dotado de desfibriladores a la totalidad de sus aviones\",\"previousItem\":{\"@type\":\"ListItem\",\"@id\":\"https:\\\/\\\/eldigitaldeasturias.com\\\/magazine365\\\/category\\\/noticias-actualidad\\\/#listItem\",\"name\":\"Noticias y Actualidad\"}}]},{\"@type\":\"Organization\",\"@id\":\"https:\\\/\\\/eldigitaldeasturias.com\\\/magazine365\\\/#organization\",\"name\":\"El digital de Asturias\",\"description\":\"Revista de ocio, turismo y estilo de vida\",\"url\":\"https:\\\/\\\/eldigitaldeasturias.com\\\/magazine365\\\/\",\"logo\":{\"@type\":\"ImageObject\",\"url\":\"https:\\\/\\\/www.eldigitaldeasturias.com\\\/noticias\\\/wp-content\\\/uploads\\\/2020\\\/12\\\/EDA.jpg\",\"@id\":\"https:\\\/\\\/eldigitaldeasturias.com\\\/magazine365\\\/air-europa-ha-dotado-de-desfibriladores-a-la-totalidad-de-sus-aviones\\\/#organizationLogo\"},\"image\":{\"@id\":\"https:\\\/\\\/eldigitaldeasturias.com\\\/magazine365\\\/air-europa-ha-dotado-de-desfibriladores-a-la-totalidad-de-sus-aviones\\\/#organizationLogo\"}},{\"@type\":\"Person\",\"@id\":\"https:\\\/\\\/eldigitaldeasturias.com\\\/magazine365\\\/author\\\/admin\\\/#author\",\"url\":\"https:\\\/\\\/eldigitaldeasturias.com\\\/magazine365\\\/author\\\/admin\\\/\",\"name\":\"admin\",\"image\":{\"@type\":\"ImageObject\",\"@id\":\"https:\\\/\\\/eldigitaldeasturias.com\\\/magazine365\\\/air-europa-ha-dotado-de-desfibriladores-a-la-totalidad-de-sus-aviones\\\/#authorImage\",\"url\":\"https:\\\/\\\/eldigitaldeasturias.com\\\/magazine365\\\/wp-content\\\/litespeed\\\/avatar\\\/e571bcf59a0edd6fa6838245a470f2fe.jpg?ver=1777574230\",\"width\":96,\"height\":96,\"caption\":\"admin\"}},{\"@type\":\"WebPage\",\"@id\":\"https:\\\/\\\/eldigitaldeasturias.com\\\/magazine365\\\/air-europa-ha-dotado-de-desfibriladores-a-la-totalidad-de-sus-aviones\\\/#webpage\",\"url\":\"https:\\\/\\\/eldigitaldeasturias.com\\\/magazine365\\\/air-europa-ha-dotado-de-desfibriladores-a-la-totalidad-de-sus-aviones\\\/\",\"name\":\"Air Europa ha dotado de desfibriladores a la totalidad de sus aviones | El Digital de Asturias\",\"description\":\"Air Europa, la divisi\\u00f3n a\\u00e9rea del grupo tur\\u00edstico Globalia, ha dotado de desfibriladores a la totalidad de sus aviones, convirti\\u00e9ndose as\\u00ed en la primera aerol\\u00ednea espa\\u00f1ola que cuenta con desfibriladores a bordo, seg\\u00fan inform\\u00f3 la compa\\u00f1\\u00eda a\\u00e9rea. Este material, con el que se puede tratar un paro card\\u00edaco repentino, complementa el botiqu\\u00edn m\\u00e9dico de emergencias\",\"inLanguage\":\"es-ES\",\"isPartOf\":{\"@id\":\"https:\\\/\\\/eldigitaldeasturias.com\\\/magazine365\\\/#website\"},\"breadcrumb\":{\"@id\":\"https:\\\/\\\/eldigitaldeasturias.com\\\/magazine365\\\/air-europa-ha-dotado-de-desfibriladores-a-la-totalidad-de-sus-aviones\\\/#breadcrumblist\"},\"author\":{\"@id\":\"https:\\\/\\\/eldigitaldeasturias.com\\\/magazine365\\\/author\\\/admin\\\/#author\"},\"creator\":{\"@id\":\"https:\\\/\\\/eldigitaldeasturias.com\\\/magazine365\\\/author\\\/admin\\\/#author\"},\"image\":{\"@type\":\"ImageObject\",\"url\":\"https:\\\/\\\/eldigitaldeasturias.com\\\/magazine365\\\/wp-content\\\/uploads\\\/2015\\\/12\\\/fotonoticia_20151211133001_800.jpg\",\"@id\":\"https:\\\/\\\/eldigitaldeasturias.com\\\/magazine365\\\/air-europa-ha-dotado-de-desfibriladores-a-la-totalidad-de-sus-aviones\\\/#mainImage\",\"width\":800,\"height\":450},\"primaryImageOfPage\":{\"@id\":\"https:\\\/\\\/eldigitaldeasturias.com\\\/magazine365\\\/air-europa-ha-dotado-de-desfibriladores-a-la-totalidad-de-sus-aviones\\\/#mainImage\"},\"datePublished\":\"2015-12-12T03:27:01+01:00\",\"dateModified\":\"2015-12-12T03:27:01+01:00\"},{\"@type\":\"WebSite\",\"@id\":\"https:\\\/\\\/eldigitaldeasturias.com\\\/magazine365\\\/#website\",\"url\":\"https:\\\/\\\/eldigitaldeasturias.com\\\/magazine365\\\/\",\"name\":\"El Digital de Asturias\",\"description\":\"Revista de ocio, turismo y estilo de vida\",\"inLanguage\":\"es-ES\",\"publisher\":{\"@id\":\"https:\\\/\\\/eldigitaldeasturias.com\\\/magazine365\\\/#organization\"}}]}\n\t\t<\/script>\n\t\t<!-- All in One SEO Pro -->\r\n\t\t<title>Air Europa ha dotado de desfibriladores a la totalidad de sus aviones | El Digital de Asturias<\/title>\n\n","aioseo_head_json":{"title":"Air Europa ha dotado de desfibriladores a la totalidad de sus aviones | El Digital de Asturias","description":"Air Europa, la divisi\u00f3n a\u00e9rea del grupo tur\u00edstico Globalia, ha dotado de desfibriladores a la totalidad de sus aviones, convirti\u00e9ndose as\u00ed en la primera aerol\u00ednea espa\u00f1ola que cuenta con desfibriladores a bordo, seg\u00fan inform\u00f3 la compa\u00f1\u00eda a\u00e9rea. Este material, con el que se puede tratar un paro card\u00edaco repentino, complementa el botiqu\u00edn m\u00e9dico de emergencias","canonical_url":"https:\/\/eldigitaldeasturias.com\/magazine365\/air-europa-ha-dotado-de-desfibriladores-a-la-totalidad-de-sus-aviones\/","robots":"max-image-preview:large","keywords":"noticias y actualidad","webmasterTools":{"google-site-verification":"UA-38556648-1","miscellaneous":""},"schema":{"@context":"https:\/\/schema.org","@graph":[{"@type":"Article","@id":"https:\/\/eldigitaldeasturias.com\/magazine365\/air-europa-ha-dotado-de-desfibriladores-a-la-totalidad-de-sus-aviones\/#article","name":"Air Europa ha dotado de desfibriladores a la totalidad de sus aviones | El Digital de Asturias","headline":"Air Europa ha dotado de desfibriladores a la totalidad de sus aviones","author":{"@id":"https:\/\/eldigitaldeasturias.com\/magazine365\/author\/admin\/#author"},"publisher":{"@id":"https:\/\/eldigitaldeasturias.com\/magazine365\/#organization"},"image":{"@type":"ImageObject","url":"https:\/\/eldigitaldeasturias.com\/magazine365\/wp-content\/uploads\/2015\/12\/fotonoticia_20151211133001_800.jpg","width":800,"height":450},"datePublished":"2015-12-12T03:27:01+01:00","dateModified":"2015-12-12T03:27:01+01:00","inLanguage":"es-ES","mainEntityOfPage":{"@id":"https:\/\/eldigitaldeasturias.com\/magazine365\/air-europa-ha-dotado-de-desfibriladores-a-la-totalidad-de-sus-aviones\/#webpage"},"isPartOf":{"@id":"https:\/\/eldigitaldeasturias.com\/magazine365\/air-europa-ha-dotado-de-desfibriladores-a-la-totalidad-de-sus-aviones\/#webpage"},"articleSection":"Noticias y Actualidad"},{"@type":"BreadcrumbList","@id":"https:\/\/eldigitaldeasturias.com\/magazine365\/air-europa-ha-dotado-de-desfibriladores-a-la-totalidad-de-sus-aviones\/#breadcrumblist","itemListElement":[{"@type":"ListItem","@id":"https:\/\/eldigitaldeasturias.com\/magazine365#listItem","position":1,"name":"Home","item":"https:\/\/eldigitaldeasturias.com\/magazine365","nextItem":{"@type":"ListItem","@id":"https:\/\/eldigitaldeasturias.com\/magazine365\/category\/noticias-actualidad\/#listItem","name":"Noticias y Actualidad"}},{"@type":"ListItem","@id":"https:\/\/eldigitaldeasturias.com\/magazine365\/category\/noticias-actualidad\/#listItem","position":2,"name":"Noticias y Actualidad","item":"https:\/\/eldigitaldeasturias.com\/magazine365\/category\/noticias-actualidad\/","nextItem":{"@type":"ListItem","@id":"https:\/\/eldigitaldeasturias.com\/magazine365\/air-europa-ha-dotado-de-desfibriladores-a-la-totalidad-de-sus-aviones\/#listItem","name":"Air Europa ha dotado de desfibriladores a la totalidad de sus aviones"},"previousItem":{"@type":"ListItem","@id":"https:\/\/eldigitaldeasturias.com\/magazine365#listItem","name":"Home"}},{"@type":"ListItem","@id":"https:\/\/eldigitaldeasturias.com\/magazine365\/air-europa-ha-dotado-de-desfibriladores-a-la-totalidad-de-sus-aviones\/#listItem","position":3,"name":"Air Europa ha dotado de desfibriladores a la totalidad de sus aviones","previousItem":{"@type":"ListItem","@id":"https:\/\/eldigitaldeasturias.com\/magazine365\/category\/noticias-actualidad\/#listItem","name":"Noticias y Actualidad"}}]},{"@type":"Organization","@id":"https:\/\/eldigitaldeasturias.com\/magazine365\/#organization","name":"El digital de Asturias","description":"Revista de ocio, turismo y estilo de vida","url":"https:\/\/eldigitaldeasturias.com\/magazine365\/","logo":{"@type":"ImageObject","url":"https:\/\/www.eldigitaldeasturias.com\/noticias\/wp-content\/uploads\/2020\/12\/EDA.jpg","@id":"https:\/\/eldigitaldeasturias.com\/magazine365\/air-europa-ha-dotado-de-desfibriladores-a-la-totalidad-de-sus-aviones\/#organizationLogo"},"image":{"@id":"https:\/\/eldigitaldeasturias.com\/magazine365\/air-europa-ha-dotado-de-desfibriladores-a-la-totalidad-de-sus-aviones\/#organizationLogo"}},{"@type":"Person","@id":"https:\/\/eldigitaldeasturias.com\/magazine365\/author\/admin\/#author","url":"https:\/\/eldigitaldeasturias.com\/magazine365\/author\/admin\/","name":"admin","image":{"@type":"ImageObject","@id":"https:\/\/eldigitaldeasturias.com\/magazine365\/air-europa-ha-dotado-de-desfibriladores-a-la-totalidad-de-sus-aviones\/#authorImage","url":"https:\/\/eldigitaldeasturias.com\/magazine365\/wp-content\/litespeed\/avatar\/e571bcf59a0edd6fa6838245a470f2fe.jpg?ver=1777574230","width":96,"height":96,"caption":"admin"}},{"@type":"WebPage","@id":"https:\/\/eldigitaldeasturias.com\/magazine365\/air-europa-ha-dotado-de-desfibriladores-a-la-totalidad-de-sus-aviones\/#webpage","url":"https:\/\/eldigitaldeasturias.com\/magazine365\/air-europa-ha-dotado-de-desfibriladores-a-la-totalidad-de-sus-aviones\/","name":"Air Europa ha dotado de desfibriladores a la totalidad de sus aviones | El Digital de Asturias","description":"Air Europa, la divisi\u00f3n a\u00e9rea del grupo tur\u00edstico Globalia, ha dotado de desfibriladores a la totalidad de sus aviones, convirti\u00e9ndose as\u00ed en la primera aerol\u00ednea espa\u00f1ola que cuenta con desfibriladores a bordo, seg\u00fan inform\u00f3 la compa\u00f1\u00eda a\u00e9rea. Este material, con el que se puede tratar un paro card\u00edaco repentino, complementa el botiqu\u00edn m\u00e9dico de emergencias","inLanguage":"es-ES","isPartOf":{"@id":"https:\/\/eldigitaldeasturias.com\/magazine365\/#website"},"breadcrumb":{"@id":"https:\/\/eldigitaldeasturias.com\/magazine365\/air-europa-ha-dotado-de-desfibriladores-a-la-totalidad-de-sus-aviones\/#breadcrumblist"},"author":{"@id":"https:\/\/eldigitaldeasturias.com\/magazine365\/author\/admin\/#author"},"creator":{"@id":"https:\/\/eldigitaldeasturias.com\/magazine365\/author\/admin\/#author"},"image":{"@type":"ImageObject","url":"https:\/\/eldigitaldeasturias.com\/magazine365\/wp-content\/uploads\/2015\/12\/fotonoticia_20151211133001_800.jpg","@id":"https:\/\/eldigitaldeasturias.com\/magazine365\/air-europa-ha-dotado-de-desfibriladores-a-la-totalidad-de-sus-aviones\/#mainImage","width":800,"height":450},"primaryImageOfPage":{"@id":"https:\/\/eldigitaldeasturias.com\/magazine365\/air-europa-ha-dotado-de-desfibriladores-a-la-totalidad-de-sus-aviones\/#mainImage"},"datePublished":"2015-12-12T03:27:01+01:00","dateModified":"2015-12-12T03:27:01+01:00"},{"@type":"WebSite","@id":"https:\/\/eldigitaldeasturias.com\/magazine365\/#website","url":"https:\/\/eldigitaldeasturias.com\/magazine365\/","name":"El Digital de Asturias","description":"Revista de ocio, turismo y estilo de vida","inLanguage":"es-ES","publisher":{"@id":"https:\/\/eldigitaldeasturias.com\/magazine365\/#organization"}}]},"og:locale":"es_ES","og:site_name":"El Digital de Asturias \u2013 Revista de ocio, turismo y estilo de vida","og:type":"article","og:title":"Air Europa ha dotado de desfibriladores a la totalidad de sus aviones | El Digital de Asturias","og:description":"Air Europa, la divisi\u00f3n a\u00e9rea del grupo tur\u00edstico Globalia, ha dotado de desfibriladores a la totalidad de sus aviones, convirti\u00e9ndose as\u00ed en la primera aerol\u00ednea espa\u00f1ola que cuenta con desfibriladores a bordo, seg\u00fan inform\u00f3 la compa\u00f1\u00eda a\u00e9rea. Este material, con el que se puede tratar un paro card\u00edaco repentino, complementa el botiqu\u00edn m\u00e9dico de emergencias","og:url":"https:\/\/eldigitaldeasturias.com\/magazine365\/air-europa-ha-dotado-de-desfibriladores-a-la-totalidad-de-sus-aviones\/","og:image":"https:\/\/eldigitaldeasturias.com\/magazine365\/wp-content\/uploads\/2015\/12\/fotonoticia_20151211133001_800.jpg","og:image:secure_url":"https:\/\/eldigitaldeasturias.com\/magazine365\/wp-content\/uploads\/2015\/12\/fotonoticia_20151211133001_800.jpg","og:image:width":800,"og:image:height":450,"article:published_time":"2015-12-12T02:27:01+00:00","article:modified_time":"2015-12-12T02:27:01+00:00","twitter:card":"summary_large_image","twitter:title":"Air Europa ha dotado de desfibriladores a la totalidad de sus aviones | El Digital de Asturias","twitter:description":"Air Europa, la divisi\u00f3n a\u00e9rea del grupo tur\u00edstico Globalia, ha dotado de desfibriladores a la totalidad de sus aviones, convirti\u00e9ndose as\u00ed en la primera aerol\u00ednea espa\u00f1ola que cuenta con desfibriladores a bordo, seg\u00fan inform\u00f3 la compa\u00f1\u00eda a\u00e9rea. Este material, con el que se puede tratar un paro card\u00edaco repentino, complementa el botiqu\u00edn m\u00e9dico de emergencias","twitter:image":"https:\/\/eldigitaldeasturias.com\/magazine365\/wp-content\/uploads\/2015\/12\/fotonoticia_20151211133001_800.jpg"},"aioseo_meta_data":{"post_id":"58297","title":null,"description":null,"keywords":null,"keyphrases":null,"primary_term":null,"canonical_url":null,"og_title":null,"og_description":null,"og_object_type":"default","og_image_type":"default","og_image_url":null,"og_image_width":null,"og_image_height":null,"og_image_custom_url":null,"og_image_custom_fields":null,"og_video":null,"og_custom_url":null,"og_article_section":null,"og_article_tags":null,"twitter_use_og":false,"twitter_card":"default","twitter_image_type":"default","twitter_image_url":null,"twitter_image_custom_url":null,"twitter_image_custom_fields":null,"twitter_title":null,"twitter_description":null,"schema":{"blockGraphs":[],"customGraphs":[],"default":{"data":{"Article":[],"Course":[],"Dataset":[],"FAQPage":[],"Movie":[],"Person":[],"Product":[],"ProductReview":[],"Car":[],"Recipe":[],"Service":[],"SoftwareApplication":[],"WebPage":[]},"graphName":"","isEnabled":true},"graphs":[],"defaultGraph":"","defaultPostTypeGraph":""},"schema_type":null,"schema_type_options":null,"pillar_content":false,"robots_default":true,"robots_noindex":false,"robots_noarchive":false,"robots_nosnippet":false,"robots_nofollow":false,"robots_noimageindex":false,"robots_noodp":false,"robots_notranslate":false,"robots_max_snippet":null,"robots_max_videopreview":null,"robots_max_imagepreview":"large","priority":null,"frequency":null,"location":null,"local_seo":null,"seo_analyzer_scan_date":"2025-09-25 02:42:37","breadcrumb_settings":null,"limit_modified_date":false,"open_ai":null,"ai":null,"created":"2021-03-08 22:32:33","updated":"2025-09-25 02:42:37"},"aioseo_breadcrumb":"<div class=\"aioseo-breadcrumbs\"><span class=\"aioseo-breadcrumb\">\n\t<a href=\"https:\/\/eldigitaldeasturias.com\/magazine365\" title=\"Home\">Home<\/a>\n<\/span><span class=\"aioseo-breadcrumb-separator\">\u2013<\/span><span class=\"aioseo-breadcrumb\">\n\t<a href=\"https:\/\/eldigitaldeasturias.com\/magazine365\/category\/noticias-actualidad\/\" title=\"Noticias y Actualidad\">Noticias y Actualidad<\/a>\n<\/span><span class=\"aioseo-breadcrumb-separator\">\u2013<\/span><span class=\"aioseo-breadcrumb\">\n\t<a href=\"https:\/\/eldigitaldeasturias.com\/magazine365\/air-europa-ha-dotado-de-desfibriladores-a-la-totalidad-de-sus-aviones\/\" title=\"Air Europa ha dotado de desfibriladores a la totalidad de sus aviones\">Air Europa ha dotado de desfibriladores a la totalidad de sus aviones<\/a>\n<\/span><\/div>","aioseo_breadcrumb_json":[{"label":"Home","link":"https:\/\/eldigitaldeasturias.com\/magazine365"},{"label":"Noticias y Actualidad","link":"https:\/\/eldigitaldeasturias.com\/magazine365\/category\/noticias-actualidad\/"},{"label":"Air Europa ha dotado de desfibriladores a la totalidad de sus aviones","link":"https:\/\/eldigitaldeasturias.com\/magazine365\/air-europa-ha-dotado-de-desfibriladores-a-la-totalidad-de-sus-aviones\/"}],"_links":{"self":[{"href":"https:\/\/eldigitaldeasturias.com\/magazine365\/wp-json\/wp\/v2\/posts\/58297","targetHints":{"allow":["GET"]}}],"collection":[{"href":"https:\/\/eldigitaldeasturias.com\/magazine365\/wp-json\/wp\/v2\/posts"}],"about":[{"href":"https:\/\/eldigitaldeasturias.com\/magazine365\/wp-json\/wp\/v2\/types\/post"}],"author":[{"embeddable":true,"href":"https:\/\/eldigitaldeasturias.com\/magazine365\/wp-json\/wp\/v2\/users\/1"}],"replies":[{"embeddable":true,"href":"https:\/\/eldigitaldeasturias.com\/magazine365\/wp-json\/wp\/v2\/comments?post=58297"}],"version-history":[{"count":0,"href":"https:\/\/eldigitaldeasturias.com\/magazine365\/wp-json\/wp\/v2\/posts\/58297\/revisions"}],"wp:featuredmedia":[{"embeddable":true,"href":"https:\/\/eldigitaldeasturias.com\/magazine365\/wp-json\/wp\/v2\/media\/58298"}],"wp:attachment":[{"href":"https:\/\/eldigitaldeasturias.com\/magazine365\/wp-json\/wp\/v2\/media?parent=58297"}],"wp:term":[{"taxonomy":"category","embeddable":true,"href":"https:\/\/eldigitaldeasturias.com\/magazine365\/wp-json\/wp\/v2\/categories?post=58297"},{"taxonomy":"post_tag","embeddable":true,"href":"https:\/\/eldigitaldeasturias.com\/magazine365\/wp-json\/wp\/v2\/tags?post=58297"}],"curies":[{"name":"wp","href":"https:\/\/api.w.org\/{rel}","templated":true}]}}