{"id":58291,"date":"2015-12-12T03:24:09","date_gmt":"2015-12-12T02:24:09","guid":{"rendered":"http:\/\/eldigitaldeasturias.com\/magazine365\/?p=58291"},"modified":"2015-12-12T03:24:09","modified_gmt":"2015-12-12T02:24:09","slug":"revilla-se-compromete-a-incrementar-en-400-000-el-trafico-de-viajeros-del-aeropuerto-de-santander","status":"publish","type":"post","link":"https:\/\/eldigitaldeasturias.com\/magazine365\/revilla-se-compromete-a-incrementar-en-400-000-el-trafico-de-viajeros-del-aeropuerto-de-santander\/","title":{"rendered":"Revilla se compromete a incrementar en 400.000 el tr\u00e1fico de viajeros del aeropuerto de Santander"},"content":{"rendered":"<p><img fetchpriority=\"high\" decoding=\"async\" class=\"alignleft size-medium wp-image-58292\" src=\"https:\/\/eldigitaldeasturias.com\/magazine365\/wp-content\/uploads\/2015\/12\/fotonoticia_20151211131417_800-360x240.jpg\" alt=\"fotonoticia_20151211131417_800\" width=\"360\" height=\"240\" srcset=\"https:\/\/eldigitaldeasturias.com\/magazine365\/wp-content\/uploads\/2015\/12\/fotonoticia_20151211131417_800-360x240.jpg 360w, https:\/\/eldigitaldeasturias.com\/magazine365\/wp-content\/uploads\/2015\/12\/fotonoticia_20151211131417_800-650x433.jpg 650w, https:\/\/eldigitaldeasturias.com\/magazine365\/wp-content\/uploads\/2015\/12\/fotonoticia_20151211131417_800-768x512.jpg 768w, https:\/\/eldigitaldeasturias.com\/magazine365\/wp-content\/uploads\/2015\/12\/fotonoticia_20151211131417_800-150x100.jpg 150w, https:\/\/eldigitaldeasturias.com\/magazine365\/wp-content\/uploads\/2015\/12\/fotonoticia_20151211131417_800-450x300.jpg 450w, https:\/\/eldigitaldeasturias.com\/magazine365\/wp-content\/uploads\/2015\/12\/fotonoticia_20151211131417_800-696x464.jpg 696w, https:\/\/eldigitaldeasturias.com\/magazine365\/wp-content\/uploads\/2015\/12\/fotonoticia_20151211131417_800-630x420.jpg 630w, https:\/\/eldigitaldeasturias.com\/magazine365\/wp-content\/uploads\/2015\/12\/fotonoticia_20151211131417_800-84x55.jpg 84w, https:\/\/eldigitaldeasturias.com\/magazine365\/wp-content\/uploads\/2015\/12\/fotonoticia_20151211131417_800.jpg 800w\" sizes=\"(max-width: 360px) 100vw, 360px\" \/>El presidente de Cantabria, Miguel \u00c1ngel Revilla, se ha comprometido este viernes a incrementar en 400.000 el tr\u00e1fico de viajeros en el aeropuerto Seve Ballesteros-Santander en tres a\u00f1os y medio. En caso no de conseguirlo, Revilla ha dicho que habr\u00e1 \u00abfracasado\u00bb.<\/p>\n<p>Durante los desayunos informativos de Europa Press, el jefe del Ejecutivo c\u00e1ntabro ha explicado que actualmente el aeropuerto santanderino cuenta con alrededor de 850.000 viajeros y que es su intenci\u00f3n aumentar esta cifra en 400.000 pasajeros, hasta los 1.250.000, lo que le convertir\u00eda en el noveno aeropuerto de tr\u00e1fico de Espa\u00f1a, por encima del de Zaragoza.<\/p>\n<p>Seg\u00fan ha recordado, al t\u00e9rmino de su \u00faltima legislatura, antes de entregar las llaves al PP, su Gobierno consigui\u00f3 que el citado aer\u00f3dromo tuviera un tr\u00e1fico de pasajeros en torno al mill\u00f3n, cantidad que se ha ca\u00eddo hasta los 850.000 durante la gesti\u00f3n de Ignacio Diego y que ahora \u00e9l pretende de nuevo impulsar.<\/p>\n<p>LAMENTA LA HERENCIA RECIBIDA<\/p>\n<p>Revilla ha destacado que el pasado mes de julio, cuando volvi\u00f3 a coger la riendas del Ejecutivo c\u00e1ntabro tras una mayor\u00eda absoluta de Ignacio Diego, se top\u00f3 con una comunidad con una tasa de paro que hab\u00eda pasado del 14% en la que \u00e9l la dej\u00f3 en su anterior legislatura al 17%, con un PIB por habitante que estaba en el 102,5% y que ahora se encuentra en el 92,5%, y con una deuda de 2.650 millones de euros, sobrepasando en un punto la media nacional.<\/p>\n<p>\u00abEsto s\u00ed que es una herencia, o m\u00e1s que una herencia, esto es desheredar\u00bb, se ha quejado el jefe del Ejecutivo c\u00e1ntabro, quien, pese a estos datos , se ha mostrado \u00abmuy optimista\u00bb con que Cantabria saldr\u00e1 de su actual situaci\u00f3n econ\u00f3mica.<\/p>\n<p>\u00abEstoy seguro de que en estos cuatro a\u00f1os vamos a volver a ponerla arriba, entre las ricas, y recuperar los niveles de paro, que ser\u00e1n los menores de Espa\u00f1a, como cuando tuvimos el honor de presidir Cantabria\u00bb en el pasado\u00bb, ha indicado.<\/p>\n<p>Revilla ha &#8216;vendido&#8217; las excelencias de Cantabria ante los empresarios asistentes al desayuno, a los que ha subrayado que es una comunidad con estabilidad pol\u00edtica, donde gobiernan dos partidos \u00abl\u00f3gicos\u00bb, con un buen clima social y laboral, segura, bien situada y \u00abprofundamente\u00bb espa\u00f1ola.<\/p>\n<p>UN PROYECTO TUR\u00cdSTICO CON EL BANCO SANTANDER<\/p>\n<p>Y ha apuntado que tiene importantes proyectos para la comunidad, entre ellos uno tur\u00edstico para que el busca contar con el apoyo del Banco Santander, con cuya presidenta, Ana Patricia Bot\u00edn, tiene prevista una comida el pr\u00f3ximo 24 de diciembre para present\u00e1rselo.<\/p>\n<p>Revilla no ha querido desvelar nada del mismo &#8211;\u00abSi (Bot\u00edn) me dice que no, me la pego\u00bb, ha dicho&#8211; pero, en todo caso, ya asegura que ser\u00e1 \u00abbueno\u00bb para el banco y para la comunidad y que no supondr\u00e1 coste alguno para ninguna de las partes. \u00abEs un negocio perfecto\u00bb, ha enfatizado Revilla, quien, por todo ello, no ve raz\u00f3n para que no se pudiera poner en marcha.<\/p>\n","protected":false},"excerpt":{"rendered":"<p>El presidente de Cantabria, Miguel \u00c1ngel Revilla, se ha comprometido este viernes a incrementar en 400.000 el tr\u00e1fico de viajeros en el aeropuerto Seve Ballesteros-Santander en tres a\u00f1os y medio. En caso no de conseguirlo, Revilla ha dicho que habr\u00e1 \u00abfracasado\u00bb. Durante los desayunos informativos de Europa Press, el jefe del Ejecutivo c\u00e1ntabro ha explicado<\/p>\n","protected":false},"author":1,"featured_media":58292,"comment_status":"open","ping_status":"closed","sticky":false,"template":"","format":"standard","meta":{"footnotes":""},"categories":[224],"tags":[],"class_list":{"0":"post-58291","1":"post","2":"type-post","3":"status-publish","4":"format-standard","5":"has-post-thumbnail","7":"category-noticias-actualidad"},"aioseo_notices":[],"aioseo_head":"\n\t\t<!-- All in One SEO Pro 4.9.6.1 - aioseo.com -->\n\t<meta name=\"description\" content=\"El presidente de Cantabria, Miguel \u00c1ngel Revilla, se ha comprometido este viernes a incrementar en 400.000 el tr\u00e1fico de viajeros en el aeropuerto Seve Ballesteros-Santander en tres a\u00f1os y medio. En caso no de conseguirlo, Revilla ha dicho que habr\u00e1 &quot;fracasado&quot;. Durante los desayunos informativos de Europa Press, el jefe del Ejecutivo c\u00e1ntabro ha explicado\" \/>\n\t<meta name=\"robots\" content=\"max-image-preview:large\" \/>\n\t<meta name=\"author\" content=\"admin\"\/>\n\t<meta name=\"google-site-verification\" content=\"UA-38556648-1\" \/>\n\t<meta name=\"keywords\" content=\"noticias y actualidad\" \/>\n\t<link rel=\"canonical\" href=\"https:\/\/eldigitaldeasturias.com\/magazine365\/revilla-se-compromete-a-incrementar-en-400-000-el-trafico-de-viajeros-del-aeropuerto-de-santander\/\" \/>\n\t<meta name=\"generator\" content=\"All in One SEO Pro (AIOSEO) 4.9.6.1\" \/>\n\t\t<meta property=\"og:locale\" content=\"es_ES\" \/>\n\t\t<meta property=\"og:site_name\" content=\"El Digital de Asturias \u2013 Revista de ocio, turismo y estilo de vida\" \/>\n\t\t<meta property=\"og:type\" content=\"article\" \/>\n\t\t<meta property=\"og:title\" content=\"Revilla se compromete a incrementar en 400.000 el tr\u00e1fico de viajeros del aeropuerto de Santander | El Digital de Asturias\" \/>\n\t\t<meta property=\"og:description\" content=\"El presidente de Cantabria, Miguel \u00c1ngel Revilla, se ha comprometido este viernes a incrementar en 400.000 el tr\u00e1fico de viajeros en el aeropuerto Seve Ballesteros-Santander en tres a\u00f1os y medio. En caso no de conseguirlo, Revilla ha dicho que habr\u00e1 &quot;fracasado&quot;. Durante los desayunos informativos de Europa Press, el jefe del Ejecutivo c\u00e1ntabro ha explicado\" \/>\n\t\t<meta property=\"og:url\" content=\"https:\/\/eldigitaldeasturias.com\/magazine365\/revilla-se-compromete-a-incrementar-en-400-000-el-trafico-de-viajeros-del-aeropuerto-de-santander\/\" \/>\n\t\t<meta property=\"og:image\" content=\"https:\/\/eldigitaldeasturias.com\/magazine365\/wp-content\/uploads\/2015\/12\/fotonoticia_20151211131417_800.jpg\" \/>\n\t\t<meta property=\"og:image:secure_url\" content=\"https:\/\/eldigitaldeasturias.com\/magazine365\/wp-content\/uploads\/2015\/12\/fotonoticia_20151211131417_800.jpg\" \/>\n\t\t<meta property=\"og:image:width\" content=\"800\" \/>\n\t\t<meta property=\"og:image:height\" content=\"533\" \/>\n\t\t<meta property=\"article:published_time\" content=\"2015-12-12T02:24:09+00:00\" \/>\n\t\t<meta property=\"article:modified_time\" content=\"2015-12-12T02:24:09+00:00\" \/>\n\t\t<meta name=\"twitter:card\" content=\"summary_large_image\" \/>\n\t\t<meta name=\"twitter:title\" content=\"Revilla se compromete a incrementar en 400.000 el tr\u00e1fico de viajeros del aeropuerto de Santander | El Digital de Asturias\" \/>\n\t\t<meta name=\"twitter:description\" content=\"El presidente de Cantabria, Miguel \u00c1ngel Revilla, se ha comprometido este viernes a incrementar en 400.000 el tr\u00e1fico de viajeros en el aeropuerto Seve Ballesteros-Santander en tres a\u00f1os y medio. En caso no de conseguirlo, Revilla ha dicho que habr\u00e1 &quot;fracasado&quot;. Durante los desayunos informativos de Europa Press, el jefe del Ejecutivo c\u00e1ntabro ha explicado\" \/>\n\t\t<meta name=\"twitter:image\" content=\"https:\/\/eldigitaldeasturias.com\/magazine365\/wp-content\/uploads\/2015\/12\/fotonoticia_20151211131417_800.jpg\" \/>\n\t\t<script type=\"application\/ld+json\" class=\"aioseo-schema\">\n\t\t\t{\"@context\":\"https:\\\/\\\/schema.org\",\"@graph\":[{\"@type\":\"Article\",\"@id\":\"https:\\\/\\\/eldigitaldeasturias.com\\\/magazine365\\\/revilla-se-compromete-a-incrementar-en-400-000-el-trafico-de-viajeros-del-aeropuerto-de-santander\\\/#article\",\"name\":\"Revilla se compromete a incrementar en 400.000 el tr\\u00e1fico de viajeros del aeropuerto de Santander | El Digital de Asturias\",\"headline\":\"Revilla se compromete a incrementar en 400.000 el tr\\u00e1fico de viajeros del aeropuerto de Santander\",\"author\":{\"@id\":\"https:\\\/\\\/eldigitaldeasturias.com\\\/magazine365\\\/author\\\/admin\\\/#author\"},\"publisher\":{\"@id\":\"https:\\\/\\\/eldigitaldeasturias.com\\\/magazine365\\\/#organization\"},\"image\":{\"@type\":\"ImageObject\",\"url\":\"https:\\\/\\\/eldigitaldeasturias.com\\\/magazine365\\\/wp-content\\\/uploads\\\/2015\\\/12\\\/fotonoticia_20151211131417_800.jpg\",\"width\":800,\"height\":533},\"datePublished\":\"2015-12-12T03:24:09+01:00\",\"dateModified\":\"2015-12-12T03:24:09+01:00\",\"inLanguage\":\"es-ES\",\"mainEntityOfPage\":{\"@id\":\"https:\\\/\\\/eldigitaldeasturias.com\\\/magazine365\\\/revilla-se-compromete-a-incrementar-en-400-000-el-trafico-de-viajeros-del-aeropuerto-de-santander\\\/#webpage\"},\"isPartOf\":{\"@id\":\"https:\\\/\\\/eldigitaldeasturias.com\\\/magazine365\\\/revilla-se-compromete-a-incrementar-en-400-000-el-trafico-de-viajeros-del-aeropuerto-de-santander\\\/#webpage\"},\"articleSection\":\"Noticias y Actualidad\"},{\"@type\":\"BreadcrumbList\",\"@id\":\"https:\\\/\\\/eldigitaldeasturias.com\\\/magazine365\\\/revilla-se-compromete-a-incrementar-en-400-000-el-trafico-de-viajeros-del-aeropuerto-de-santander\\\/#breadcrumblist\",\"itemListElement\":[{\"@type\":\"ListItem\",\"@id\":\"https:\\\/\\\/eldigitaldeasturias.com\\\/magazine365#listItem\",\"position\":1,\"name\":\"Home\",\"item\":\"https:\\\/\\\/eldigitaldeasturias.com\\\/magazine365\",\"nextItem\":{\"@type\":\"ListItem\",\"@id\":\"https:\\\/\\\/eldigitaldeasturias.com\\\/magazine365\\\/category\\\/noticias-actualidad\\\/#listItem\",\"name\":\"Noticias y Actualidad\"}},{\"@type\":\"ListItem\",\"@id\":\"https:\\\/\\\/eldigitaldeasturias.com\\\/magazine365\\\/category\\\/noticias-actualidad\\\/#listItem\",\"position\":2,\"name\":\"Noticias y Actualidad\",\"item\":\"https:\\\/\\\/eldigitaldeasturias.com\\\/magazine365\\\/category\\\/noticias-actualidad\\\/\",\"nextItem\":{\"@type\":\"ListItem\",\"@id\":\"https:\\\/\\\/eldigitaldeasturias.com\\\/magazine365\\\/revilla-se-compromete-a-incrementar-en-400-000-el-trafico-de-viajeros-del-aeropuerto-de-santander\\\/#listItem\",\"name\":\"Revilla se compromete a incrementar en 400.000 el tr\\u00e1fico de viajeros del aeropuerto de Santander\"},\"previousItem\":{\"@type\":\"ListItem\",\"@id\":\"https:\\\/\\\/eldigitaldeasturias.com\\\/magazine365#listItem\",\"name\":\"Home\"}},{\"@type\":\"ListItem\",\"@id\":\"https:\\\/\\\/eldigitaldeasturias.com\\\/magazine365\\\/revilla-se-compromete-a-incrementar-en-400-000-el-trafico-de-viajeros-del-aeropuerto-de-santander\\\/#listItem\",\"position\":3,\"name\":\"Revilla se compromete a incrementar en 400.000 el tr\\u00e1fico de viajeros del aeropuerto de Santander\",\"previousItem\":{\"@type\":\"ListItem\",\"@id\":\"https:\\\/\\\/eldigitaldeasturias.com\\\/magazine365\\\/category\\\/noticias-actualidad\\\/#listItem\",\"name\":\"Noticias y Actualidad\"}}]},{\"@type\":\"Organization\",\"@id\":\"https:\\\/\\\/eldigitaldeasturias.com\\\/magazine365\\\/#organization\",\"name\":\"El digital de Asturias\",\"description\":\"Revista de ocio, turismo y estilo de vida\",\"url\":\"https:\\\/\\\/eldigitaldeasturias.com\\\/magazine365\\\/\",\"logo\":{\"@type\":\"ImageObject\",\"url\":\"https:\\\/\\\/www.eldigitaldeasturias.com\\\/noticias\\\/wp-content\\\/uploads\\\/2020\\\/12\\\/EDA.jpg\",\"@id\":\"https:\\\/\\\/eldigitaldeasturias.com\\\/magazine365\\\/revilla-se-compromete-a-incrementar-en-400-000-el-trafico-de-viajeros-del-aeropuerto-de-santander\\\/#organizationLogo\"},\"image\":{\"@id\":\"https:\\\/\\\/eldigitaldeasturias.com\\\/magazine365\\\/revilla-se-compromete-a-incrementar-en-400-000-el-trafico-de-viajeros-del-aeropuerto-de-santander\\\/#organizationLogo\"}},{\"@type\":\"Person\",\"@id\":\"https:\\\/\\\/eldigitaldeasturias.com\\\/magazine365\\\/author\\\/admin\\\/#author\",\"url\":\"https:\\\/\\\/eldigitaldeasturias.com\\\/magazine365\\\/author\\\/admin\\\/\",\"name\":\"admin\",\"image\":{\"@type\":\"ImageObject\",\"@id\":\"https:\\\/\\\/eldigitaldeasturias.com\\\/magazine365\\\/revilla-se-compromete-a-incrementar-en-400-000-el-trafico-de-viajeros-del-aeropuerto-de-santander\\\/#authorImage\",\"url\":\"https:\\\/\\\/eldigitaldeasturias.com\\\/magazine365\\\/wp-content\\\/litespeed\\\/avatar\\\/e571bcf59a0edd6fa6838245a470f2fe.jpg?ver=1777574230\",\"width\":96,\"height\":96,\"caption\":\"admin\"}},{\"@type\":\"WebPage\",\"@id\":\"https:\\\/\\\/eldigitaldeasturias.com\\\/magazine365\\\/revilla-se-compromete-a-incrementar-en-400-000-el-trafico-de-viajeros-del-aeropuerto-de-santander\\\/#webpage\",\"url\":\"https:\\\/\\\/eldigitaldeasturias.com\\\/magazine365\\\/revilla-se-compromete-a-incrementar-en-400-000-el-trafico-de-viajeros-del-aeropuerto-de-santander\\\/\",\"name\":\"Revilla se compromete a incrementar en 400.000 el tr\\u00e1fico de viajeros del aeropuerto de Santander | El Digital de Asturias\",\"description\":\"El presidente de Cantabria, Miguel \\u00c1ngel Revilla, se ha comprometido este viernes a incrementar en 400.000 el tr\\u00e1fico de viajeros en el aeropuerto Seve Ballesteros-Santander en tres a\\u00f1os y medio. En caso no de conseguirlo, Revilla ha dicho que habr\\u00e1 \\\"fracasado\\\". Durante los desayunos informativos de Europa Press, el jefe del Ejecutivo c\\u00e1ntabro ha explicado\",\"inLanguage\":\"es-ES\",\"isPartOf\":{\"@id\":\"https:\\\/\\\/eldigitaldeasturias.com\\\/magazine365\\\/#website\"},\"breadcrumb\":{\"@id\":\"https:\\\/\\\/eldigitaldeasturias.com\\\/magazine365\\\/revilla-se-compromete-a-incrementar-en-400-000-el-trafico-de-viajeros-del-aeropuerto-de-santander\\\/#breadcrumblist\"},\"author\":{\"@id\":\"https:\\\/\\\/eldigitaldeasturias.com\\\/magazine365\\\/author\\\/admin\\\/#author\"},\"creator\":{\"@id\":\"https:\\\/\\\/eldigitaldeasturias.com\\\/magazine365\\\/author\\\/admin\\\/#author\"},\"image\":{\"@type\":\"ImageObject\",\"url\":\"https:\\\/\\\/eldigitaldeasturias.com\\\/magazine365\\\/wp-content\\\/uploads\\\/2015\\\/12\\\/fotonoticia_20151211131417_800.jpg\",\"@id\":\"https:\\\/\\\/eldigitaldeasturias.com\\\/magazine365\\\/revilla-se-compromete-a-incrementar-en-400-000-el-trafico-de-viajeros-del-aeropuerto-de-santander\\\/#mainImage\",\"width\":800,\"height\":533},\"primaryImageOfPage\":{\"@id\":\"https:\\\/\\\/eldigitaldeasturias.com\\\/magazine365\\\/revilla-se-compromete-a-incrementar-en-400-000-el-trafico-de-viajeros-del-aeropuerto-de-santander\\\/#mainImage\"},\"datePublished\":\"2015-12-12T03:24:09+01:00\",\"dateModified\":\"2015-12-12T03:24:09+01:00\"},{\"@type\":\"WebSite\",\"@id\":\"https:\\\/\\\/eldigitaldeasturias.com\\\/magazine365\\\/#website\",\"url\":\"https:\\\/\\\/eldigitaldeasturias.com\\\/magazine365\\\/\",\"name\":\"El Digital de Asturias\",\"description\":\"Revista de ocio, turismo y estilo de vida\",\"inLanguage\":\"es-ES\",\"publisher\":{\"@id\":\"https:\\\/\\\/eldigitaldeasturias.com\\\/magazine365\\\/#organization\"}}]}\n\t\t<\/script>\n\t\t<!-- All in One SEO Pro -->\r\n\t\t<title>Revilla se compromete a incrementar en 400.000 el tr\u00e1fico de viajeros del aeropuerto de Santander | El Digital de Asturias<\/title>\n\n","aioseo_head_json":{"title":"Revilla se compromete a incrementar en 400.000 el tr\u00e1fico de viajeros del aeropuerto de Santander | El Digital de Asturias","description":"El presidente de Cantabria, Miguel \u00c1ngel Revilla, se ha comprometido este viernes a incrementar en 400.000 el tr\u00e1fico de viajeros en el aeropuerto Seve Ballesteros-Santander en tres a\u00f1os y medio. En caso no de conseguirlo, Revilla ha dicho que habr\u00e1 \"fracasado\". Durante los desayunos informativos de Europa Press, el jefe del Ejecutivo c\u00e1ntabro ha explicado","canonical_url":"https:\/\/eldigitaldeasturias.com\/magazine365\/revilla-se-compromete-a-incrementar-en-400-000-el-trafico-de-viajeros-del-aeropuerto-de-santander\/","robots":"max-image-preview:large","keywords":"noticias y actualidad","webmasterTools":{"google-site-verification":"UA-38556648-1","miscellaneous":""},"schema":{"@context":"https:\/\/schema.org","@graph":[{"@type":"Article","@id":"https:\/\/eldigitaldeasturias.com\/magazine365\/revilla-se-compromete-a-incrementar-en-400-000-el-trafico-de-viajeros-del-aeropuerto-de-santander\/#article","name":"Revilla se compromete a incrementar en 400.000 el tr\u00e1fico de viajeros del aeropuerto de Santander | El Digital de Asturias","headline":"Revilla se compromete a incrementar en 400.000 el tr\u00e1fico de viajeros del aeropuerto de Santander","author":{"@id":"https:\/\/eldigitaldeasturias.com\/magazine365\/author\/admin\/#author"},"publisher":{"@id":"https:\/\/eldigitaldeasturias.com\/magazine365\/#organization"},"image":{"@type":"ImageObject","url":"https:\/\/eldigitaldeasturias.com\/magazine365\/wp-content\/uploads\/2015\/12\/fotonoticia_20151211131417_800.jpg","width":800,"height":533},"datePublished":"2015-12-12T03:24:09+01:00","dateModified":"2015-12-12T03:24:09+01:00","inLanguage":"es-ES","mainEntityOfPage":{"@id":"https:\/\/eldigitaldeasturias.com\/magazine365\/revilla-se-compromete-a-incrementar-en-400-000-el-trafico-de-viajeros-del-aeropuerto-de-santander\/#webpage"},"isPartOf":{"@id":"https:\/\/eldigitaldeasturias.com\/magazine365\/revilla-se-compromete-a-incrementar-en-400-000-el-trafico-de-viajeros-del-aeropuerto-de-santander\/#webpage"},"articleSection":"Noticias y Actualidad"},{"@type":"BreadcrumbList","@id":"https:\/\/eldigitaldeasturias.com\/magazine365\/revilla-se-compromete-a-incrementar-en-400-000-el-trafico-de-viajeros-del-aeropuerto-de-santander\/#breadcrumblist","itemListElement":[{"@type":"ListItem","@id":"https:\/\/eldigitaldeasturias.com\/magazine365#listItem","position":1,"name":"Home","item":"https:\/\/eldigitaldeasturias.com\/magazine365","nextItem":{"@type":"ListItem","@id":"https:\/\/eldigitaldeasturias.com\/magazine365\/category\/noticias-actualidad\/#listItem","name":"Noticias y Actualidad"}},{"@type":"ListItem","@id":"https:\/\/eldigitaldeasturias.com\/magazine365\/category\/noticias-actualidad\/#listItem","position":2,"name":"Noticias y Actualidad","item":"https:\/\/eldigitaldeasturias.com\/magazine365\/category\/noticias-actualidad\/","nextItem":{"@type":"ListItem","@id":"https:\/\/eldigitaldeasturias.com\/magazine365\/revilla-se-compromete-a-incrementar-en-400-000-el-trafico-de-viajeros-del-aeropuerto-de-santander\/#listItem","name":"Revilla se compromete a incrementar en 400.000 el tr\u00e1fico de viajeros del aeropuerto de Santander"},"previousItem":{"@type":"ListItem","@id":"https:\/\/eldigitaldeasturias.com\/magazine365#listItem","name":"Home"}},{"@type":"ListItem","@id":"https:\/\/eldigitaldeasturias.com\/magazine365\/revilla-se-compromete-a-incrementar-en-400-000-el-trafico-de-viajeros-del-aeropuerto-de-santander\/#listItem","position":3,"name":"Revilla se compromete a incrementar en 400.000 el tr\u00e1fico de viajeros del aeropuerto de Santander","previousItem":{"@type":"ListItem","@id":"https:\/\/eldigitaldeasturias.com\/magazine365\/category\/noticias-actualidad\/#listItem","name":"Noticias y Actualidad"}}]},{"@type":"Organization","@id":"https:\/\/eldigitaldeasturias.com\/magazine365\/#organization","name":"El digital de Asturias","description":"Revista de ocio, turismo y estilo de vida","url":"https:\/\/eldigitaldeasturias.com\/magazine365\/","logo":{"@type":"ImageObject","url":"https:\/\/www.eldigitaldeasturias.com\/noticias\/wp-content\/uploads\/2020\/12\/EDA.jpg","@id":"https:\/\/eldigitaldeasturias.com\/magazine365\/revilla-se-compromete-a-incrementar-en-400-000-el-trafico-de-viajeros-del-aeropuerto-de-santander\/#organizationLogo"},"image":{"@id":"https:\/\/eldigitaldeasturias.com\/magazine365\/revilla-se-compromete-a-incrementar-en-400-000-el-trafico-de-viajeros-del-aeropuerto-de-santander\/#organizationLogo"}},{"@type":"Person","@id":"https:\/\/eldigitaldeasturias.com\/magazine365\/author\/admin\/#author","url":"https:\/\/eldigitaldeasturias.com\/magazine365\/author\/admin\/","name":"admin","image":{"@type":"ImageObject","@id":"https:\/\/eldigitaldeasturias.com\/magazine365\/revilla-se-compromete-a-incrementar-en-400-000-el-trafico-de-viajeros-del-aeropuerto-de-santander\/#authorImage","url":"https:\/\/eldigitaldeasturias.com\/magazine365\/wp-content\/litespeed\/avatar\/e571bcf59a0edd6fa6838245a470f2fe.jpg?ver=1777574230","width":96,"height":96,"caption":"admin"}},{"@type":"WebPage","@id":"https:\/\/eldigitaldeasturias.com\/magazine365\/revilla-se-compromete-a-incrementar-en-400-000-el-trafico-de-viajeros-del-aeropuerto-de-santander\/#webpage","url":"https:\/\/eldigitaldeasturias.com\/magazine365\/revilla-se-compromete-a-incrementar-en-400-000-el-trafico-de-viajeros-del-aeropuerto-de-santander\/","name":"Revilla se compromete a incrementar en 400.000 el tr\u00e1fico de viajeros del aeropuerto de Santander | El Digital de Asturias","description":"El presidente de Cantabria, Miguel \u00c1ngel Revilla, se ha comprometido este viernes a incrementar en 400.000 el tr\u00e1fico de viajeros en el aeropuerto Seve Ballesteros-Santander en tres a\u00f1os y medio. En caso no de conseguirlo, Revilla ha dicho que habr\u00e1 \"fracasado\". Durante los desayunos informativos de Europa Press, el jefe del Ejecutivo c\u00e1ntabro ha explicado","inLanguage":"es-ES","isPartOf":{"@id":"https:\/\/eldigitaldeasturias.com\/magazine365\/#website"},"breadcrumb":{"@id":"https:\/\/eldigitaldeasturias.com\/magazine365\/revilla-se-compromete-a-incrementar-en-400-000-el-trafico-de-viajeros-del-aeropuerto-de-santander\/#breadcrumblist"},"author":{"@id":"https:\/\/eldigitaldeasturias.com\/magazine365\/author\/admin\/#author"},"creator":{"@id":"https:\/\/eldigitaldeasturias.com\/magazine365\/author\/admin\/#author"},"image":{"@type":"ImageObject","url":"https:\/\/eldigitaldeasturias.com\/magazine365\/wp-content\/uploads\/2015\/12\/fotonoticia_20151211131417_800.jpg","@id":"https:\/\/eldigitaldeasturias.com\/magazine365\/revilla-se-compromete-a-incrementar-en-400-000-el-trafico-de-viajeros-del-aeropuerto-de-santander\/#mainImage","width":800,"height":533},"primaryImageOfPage":{"@id":"https:\/\/eldigitaldeasturias.com\/magazine365\/revilla-se-compromete-a-incrementar-en-400-000-el-trafico-de-viajeros-del-aeropuerto-de-santander\/#mainImage"},"datePublished":"2015-12-12T03:24:09+01:00","dateModified":"2015-12-12T03:24:09+01:00"},{"@type":"WebSite","@id":"https:\/\/eldigitaldeasturias.com\/magazine365\/#website","url":"https:\/\/eldigitaldeasturias.com\/magazine365\/","name":"El Digital de Asturias","description":"Revista de ocio, turismo y estilo de vida","inLanguage":"es-ES","publisher":{"@id":"https:\/\/eldigitaldeasturias.com\/magazine365\/#organization"}}]},"og:locale":"es_ES","og:site_name":"El Digital de Asturias \u2013 Revista de ocio, turismo y estilo de vida","og:type":"article","og:title":"Revilla se compromete a incrementar en 400.000 el tr\u00e1fico de viajeros del aeropuerto de Santander | El Digital de Asturias","og:description":"El presidente de Cantabria, Miguel \u00c1ngel Revilla, se ha comprometido este viernes a incrementar en 400.000 el tr\u00e1fico de viajeros en el aeropuerto Seve Ballesteros-Santander en tres a\u00f1os y medio. En caso no de conseguirlo, Revilla ha dicho que habr\u00e1 &quot;fracasado&quot;. Durante los desayunos informativos de Europa Press, el jefe del Ejecutivo c\u00e1ntabro ha explicado","og:url":"https:\/\/eldigitaldeasturias.com\/magazine365\/revilla-se-compromete-a-incrementar-en-400-000-el-trafico-de-viajeros-del-aeropuerto-de-santander\/","og:image":"https:\/\/eldigitaldeasturias.com\/magazine365\/wp-content\/uploads\/2015\/12\/fotonoticia_20151211131417_800.jpg","og:image:secure_url":"https:\/\/eldigitaldeasturias.com\/magazine365\/wp-content\/uploads\/2015\/12\/fotonoticia_20151211131417_800.jpg","og:image:width":800,"og:image:height":533,"article:published_time":"2015-12-12T02:24:09+00:00","article:modified_time":"2015-12-12T02:24:09+00:00","twitter:card":"summary_large_image","twitter:title":"Revilla se compromete a incrementar en 400.000 el tr\u00e1fico de viajeros del aeropuerto de Santander | El Digital de Asturias","twitter:description":"El presidente de Cantabria, Miguel \u00c1ngel Revilla, se ha comprometido este viernes a incrementar en 400.000 el tr\u00e1fico de viajeros en el aeropuerto Seve Ballesteros-Santander en tres a\u00f1os y medio. En caso no de conseguirlo, Revilla ha dicho que habr\u00e1 &quot;fracasado&quot;. Durante los desayunos informativos de Europa Press, el jefe del Ejecutivo c\u00e1ntabro ha explicado","twitter:image":"https:\/\/eldigitaldeasturias.com\/magazine365\/wp-content\/uploads\/2015\/12\/fotonoticia_20151211131417_800.jpg"},"aioseo_meta_data":{"post_id":"58291","title":null,"description":null,"keywords":null,"keyphrases":null,"primary_term":null,"canonical_url":null,"og_title":null,"og_description":null,"og_object_type":"default","og_image_type":"default","og_image_url":null,"og_image_width":null,"og_image_height":null,"og_image_custom_url":null,"og_image_custom_fields":null,"og_video":null,"og_custom_url":null,"og_article_section":null,"og_article_tags":null,"twitter_use_og":false,"twitter_card":"default","twitter_image_type":"default","twitter_image_url":null,"twitter_image_custom_url":null,"twitter_image_custom_fields":null,"twitter_title":null,"twitter_description":null,"schema":{"blockGraphs":[],"customGraphs":[],"default":{"data":{"Article":[],"Course":[],"Dataset":[],"FAQPage":[],"Movie":[],"Person":[],"Product":[],"ProductReview":[],"Car":[],"Recipe":[],"Service":[],"SoftwareApplication":[],"WebPage":[]},"graphName":"","isEnabled":true},"graphs":[],"defaultGraph":"","defaultPostTypeGraph":""},"schema_type":null,"schema_type_options":null,"pillar_content":false,"robots_default":true,"robots_noindex":false,"robots_noarchive":false,"robots_nosnippet":false,"robots_nofollow":false,"robots_noimageindex":false,"robots_noodp":false,"robots_notranslate":false,"robots_max_snippet":null,"robots_max_videopreview":null,"robots_max_imagepreview":"large","priority":null,"frequency":null,"location":null,"local_seo":null,"seo_analyzer_scan_date":"2025-09-25 02:42:34","breadcrumb_settings":null,"limit_modified_date":false,"open_ai":null,"ai":null,"created":"2021-03-08 22:32:33","updated":"2025-09-25 02:42:34"},"aioseo_breadcrumb":"<div class=\"aioseo-breadcrumbs\"><span class=\"aioseo-breadcrumb\">\n\t<a href=\"https:\/\/eldigitaldeasturias.com\/magazine365\" title=\"Home\">Home<\/a>\n<\/span><span class=\"aioseo-breadcrumb-separator\">\u2013<\/span><span class=\"aioseo-breadcrumb\">\n\t<a href=\"https:\/\/eldigitaldeasturias.com\/magazine365\/category\/noticias-actualidad\/\" title=\"Noticias y Actualidad\">Noticias y Actualidad<\/a>\n<\/span><span class=\"aioseo-breadcrumb-separator\">\u2013<\/span><span class=\"aioseo-breadcrumb\">\n\t<a href=\"https:\/\/eldigitaldeasturias.com\/magazine365\/revilla-se-compromete-a-incrementar-en-400-000-el-trafico-de-viajeros-del-aeropuerto-de-santander\/\" title=\"Revilla se compromete a incrementar en 400.000 el tr\u00e1fico de viajeros del aeropuerto de Santander\">Revilla se compromete a incrementar en 400.000 el tr\u00e1fico de viajeros del aeropuerto de Santander<\/a>\n<\/span><\/div>","aioseo_breadcrumb_json":[{"label":"Home","link":"https:\/\/eldigitaldeasturias.com\/magazine365"},{"label":"Noticias y Actualidad","link":"https:\/\/eldigitaldeasturias.com\/magazine365\/category\/noticias-actualidad\/"},{"label":"Revilla se compromete a incrementar en 400.000 el tr\u00e1fico de viajeros del aeropuerto de Santander","link":"https:\/\/eldigitaldeasturias.com\/magazine365\/revilla-se-compromete-a-incrementar-en-400-000-el-trafico-de-viajeros-del-aeropuerto-de-santander\/"}],"_links":{"self":[{"href":"https:\/\/eldigitaldeasturias.com\/magazine365\/wp-json\/wp\/v2\/posts\/58291","targetHints":{"allow":["GET"]}}],"collection":[{"href":"https:\/\/eldigitaldeasturias.com\/magazine365\/wp-json\/wp\/v2\/posts"}],"about":[{"href":"https:\/\/eldigitaldeasturias.com\/magazine365\/wp-json\/wp\/v2\/types\/post"}],"author":[{"embeddable":true,"href":"https:\/\/eldigitaldeasturias.com\/magazine365\/wp-json\/wp\/v2\/users\/1"}],"replies":[{"embeddable":true,"href":"https:\/\/eldigitaldeasturias.com\/magazine365\/wp-json\/wp\/v2\/comments?post=58291"}],"version-history":[{"count":0,"href":"https:\/\/eldigitaldeasturias.com\/magazine365\/wp-json\/wp\/v2\/posts\/58291\/revisions"}],"wp:featuredmedia":[{"embeddable":true,"href":"https:\/\/eldigitaldeasturias.com\/magazine365\/wp-json\/wp\/v2\/media\/58292"}],"wp:attachment":[{"href":"https:\/\/eldigitaldeasturias.com\/magazine365\/wp-json\/wp\/v2\/media?parent=58291"}],"wp:term":[{"taxonomy":"category","embeddable":true,"href":"https:\/\/eldigitaldeasturias.com\/magazine365\/wp-json\/wp\/v2\/categories?post=58291"},{"taxonomy":"post_tag","embeddable":true,"href":"https:\/\/eldigitaldeasturias.com\/magazine365\/wp-json\/wp\/v2\/tags?post=58291"}],"curies":[{"name":"wp","href":"https:\/\/api.w.org\/{rel}","templated":true}]}}