{"id":58288,"date":"2015-12-12T03:22:39","date_gmt":"2015-12-12T02:22:39","guid":{"rendered":"http:\/\/eldigitaldeasturias.com\/magazine365\/?p=58288"},"modified":"2015-12-12T03:22:39","modified_gmt":"2015-12-12T02:22:39","slug":"abre-en-madrid-b-the-travel-brand-xperience","status":"publish","type":"post","link":"https:\/\/eldigitaldeasturias.com\/magazine365\/abre-en-madrid-b-the-travel-brand-xperience\/","title":{"rendered":"Abre en Madrid \u00abB the travel brand Xperience\u00bb"},"content":{"rendered":"<p><img fetchpriority=\"high\" decoding=\"async\" class=\"alignleft size-medium wp-image-58289\" src=\"https:\/\/eldigitaldeasturias.com\/magazine365\/wp-content\/uploads\/2015\/12\/fotonoticia_20151211130958_800-360x240.jpg\" alt=\"fotonoticia_20151211130958_800\" width=\"360\" height=\"240\" srcset=\"https:\/\/eldigitaldeasturias.com\/magazine365\/wp-content\/uploads\/2015\/12\/fotonoticia_20151211130958_800-360x240.jpg 360w, https:\/\/eldigitaldeasturias.com\/magazine365\/wp-content\/uploads\/2015\/12\/fotonoticia_20151211130958_800-650x433.jpg 650w, https:\/\/eldigitaldeasturias.com\/magazine365\/wp-content\/uploads\/2015\/12\/fotonoticia_20151211130958_800-768x512.jpg 768w, https:\/\/eldigitaldeasturias.com\/magazine365\/wp-content\/uploads\/2015\/12\/fotonoticia_20151211130958_800-150x100.jpg 150w, https:\/\/eldigitaldeasturias.com\/magazine365\/wp-content\/uploads\/2015\/12\/fotonoticia_20151211130958_800-450x300.jpg 450w, https:\/\/eldigitaldeasturias.com\/magazine365\/wp-content\/uploads\/2015\/12\/fotonoticia_20151211130958_800-696x464.jpg 696w, https:\/\/eldigitaldeasturias.com\/magazine365\/wp-content\/uploads\/2015\/12\/fotonoticia_20151211130958_800-630x420.jpg 630w, https:\/\/eldigitaldeasturias.com\/magazine365\/wp-content\/uploads\/2015\/12\/fotonoticia_20151211130958_800-84x55.jpg 84w, https:\/\/eldigitaldeasturias.com\/magazine365\/wp-content\/uploads\/2015\/12\/fotonoticia_20151211130958_800.jpg 800w\" sizes=\"(max-width: 360px) 100vw, 360px\" \/>B the travel brand ha abierto en Madrid las puertas de su nueva tienda insignia &#8216;B the travel brand Xperience&#8217; un espacio de m\u00e1s de 800 metros cuadrados en el centro de Madrid, dedicado a la comunidad viajera en el que se celebrar\u00e1n exposiciones, conferencias y numerosos eventos relacionados con la industria del viaje.<\/p>\n<p>Este espacio nace con vocaci\u00f3n de convertirse en la casa de los nuevos viajeros. Todos los que acudan a ella podr\u00e1n inspirarse, aprender, co-crear y compartir experiencias con otros viajeros, adem\u00e1s de planificar y adquirir viajes de una forma diferenciadora.<\/p>\n<p>Esta apertura se inspira en la nueva cultura del viaje, cada vez m\u00e1s multicanal, bidireccional, recomendadora, inspiradora y experiencial, posicionando al viajero como el aut\u00e9ntico protagonista y ofreci\u00e9ndole un servicio segmentado, especializado y personalizado.<\/p>\n<p>La creaci\u00f3n constante de experiencias para el consumidor abre una nueva forma de comercializar viajes, creando una relaci\u00f3n con el cliente m\u00e1s all\u00e1 de la compra: construyendo con \u00e9l una relaci\u00f3n emocional, sensorial y cultural.<\/p>\n<p>El consejero delegado de Barcel\u00f3 Viajes, Gabriel Sub\u00edas, explic\u00f3 durante la inauguraci\u00f3n que este espacio representa la orientaci\u00f3n al viajero que se ha propuesto la marca.<\/p>\n<p>\u00abEs sin duda un hito m\u00e1s dentro de nuestra estrategia que sit\u00faa al nuevo viajero como protagonista y centro de toda nuestra actividad, entendiendo su nueva forma de vivir el viaje como una nueva experiencia global y acompa\u00f1\u00e1ndole durante todas las fases del viaje\u00bb, justific\u00f3.<\/p>\n<p>Para la inauguraci\u00f3n, &#8216;B the travel brand Xperience&#8217; cont\u00f3 con la colaboraci\u00f3n de Disneyland Paris, que traslad\u00f3 la magia de la Navidad al centro de la capital y continuar\u00e1 con un programa de actividades hasta el pr\u00f3ximo 7 de enero.<\/p>\n<p>El director general de Disneyland Paris para el sur de Europa Javier Moreno mostr\u00f3 su satisfacci\u00f3n de colaborar en este proyecto que acerca de manera novedosa el mundo de los viajes al p\u00fablico.<\/p>\n<p>\u00abHacer realidad los sue\u00f1os de las familias es nuestro principal objetivo, estamos por tanto encantados de acercar la magia de la Navidad al m\u00e1s puro estilo Disney a todos los madrile\u00f1os\u00bb, indic\u00f3.<\/p>\n<p>INSPIRACI\u00d3N, INFORMACI\u00d3N Y PLANIFICACI\u00d3N.<\/p>\n<p>El nuevo espacio se articula en torno al concepto de la inspiraci\u00f3n, informaci\u00f3n y la planificaci\u00f3n previa a realizar un viaje.<\/p>\n<p>El viajero podr\u00e1 aprender todo lo que necesita para sus viajes, desde el arte, fotograf\u00eda, gastronom\u00eda, o cultura de los pa\u00edses y ciudades. Adem\u00e1s, se buscar\u00e1 la socializaci\u00f3n a trav\u00e9s de diferentes eventos, actos y presentaciones que se realizar\u00e1n en el establecimiento.<\/p>\n<p>En palabras del director general de &#8216;B de Travel Brand, Enric Riera, \u00abeste gran espacio tiene como objetivo estar a la altura de los nuevos viajeros, sus nuevas demandas e ilusiones, para liderar de verdad y junto a ellos, la implantaci\u00f3n de una nueva cultura del viaje\u00bb.<\/p>\n","protected":false},"excerpt":{"rendered":"<p>B the travel brand ha abierto en Madrid las puertas de su nueva tienda insignia &#8216;B the travel brand Xperience&#8217; un espacio de m\u00e1s de 800 metros cuadrados en el centro de Madrid, dedicado a la comunidad viajera en el que se celebrar\u00e1n exposiciones, conferencias y numerosos eventos relacionados con la industria del viaje. Este<\/p>\n","protected":false},"author":1,"featured_media":58289,"comment_status":"open","ping_status":"closed","sticky":false,"template":"","format":"standard","meta":{"footnotes":""},"categories":[224],"tags":[],"class_list":{"0":"post-58288","1":"post","2":"type-post","3":"status-publish","4":"format-standard","5":"has-post-thumbnail","7":"category-noticias-actualidad"},"aioseo_notices":[],"aioseo_head":"\n\t\t<!-- All in One SEO Pro 4.9.6.1 - aioseo.com -->\n\t<meta name=\"description\" content=\"B the travel brand ha abierto en Madrid las puertas de su nueva tienda insignia &#039;B the travel brand Xperience&#039; un espacio de m\u00e1s de 800 metros cuadrados en el centro de Madrid, dedicado a la comunidad viajera en el que se celebrar\u00e1n exposiciones, conferencias y numerosos eventos relacionados con la industria del viaje. Este\" \/>\n\t<meta name=\"robots\" content=\"max-image-preview:large\" \/>\n\t<meta name=\"author\" content=\"admin\"\/>\n\t<meta name=\"google-site-verification\" content=\"UA-38556648-1\" \/>\n\t<meta name=\"keywords\" content=\"noticias y actualidad\" \/>\n\t<link rel=\"canonical\" href=\"https:\/\/eldigitaldeasturias.com\/magazine365\/abre-en-madrid-b-the-travel-brand-xperience\/\" \/>\n\t<meta name=\"generator\" content=\"All in One SEO Pro (AIOSEO) 4.9.6.1\" \/>\n\t\t<meta property=\"og:locale\" content=\"es_ES\" \/>\n\t\t<meta property=\"og:site_name\" content=\"El Digital de Asturias \u2013 Revista de ocio, turismo y estilo de vida\" \/>\n\t\t<meta property=\"og:type\" content=\"article\" \/>\n\t\t<meta property=\"og:title\" content=\"Abre en Madrid \u00abB the travel brand Xperience\u00bb | El Digital de Asturias\" \/>\n\t\t<meta property=\"og:description\" content=\"B the travel brand ha abierto en Madrid las puertas de su nueva tienda insignia &#039;B the travel brand Xperience&#039; un espacio de m\u00e1s de 800 metros cuadrados en el centro de Madrid, dedicado a la comunidad viajera en el que se celebrar\u00e1n exposiciones, conferencias y numerosos eventos relacionados con la industria del viaje. Este\" \/>\n\t\t<meta property=\"og:url\" content=\"https:\/\/eldigitaldeasturias.com\/magazine365\/abre-en-madrid-b-the-travel-brand-xperience\/\" \/>\n\t\t<meta property=\"og:image\" content=\"https:\/\/eldigitaldeasturias.com\/magazine365\/wp-content\/uploads\/2015\/12\/fotonoticia_20151211130958_800.jpg\" \/>\n\t\t<meta property=\"og:image:secure_url\" content=\"https:\/\/eldigitaldeasturias.com\/magazine365\/wp-content\/uploads\/2015\/12\/fotonoticia_20151211130958_800.jpg\" \/>\n\t\t<meta property=\"og:image:width\" content=\"800\" \/>\n\t\t<meta property=\"og:image:height\" content=\"533\" \/>\n\t\t<meta property=\"article:published_time\" content=\"2015-12-12T02:22:39+00:00\" \/>\n\t\t<meta property=\"article:modified_time\" content=\"2015-12-12T02:22:39+00:00\" \/>\n\t\t<meta name=\"twitter:card\" content=\"summary_large_image\" \/>\n\t\t<meta name=\"twitter:title\" content=\"Abre en Madrid \u00abB the travel brand Xperience\u00bb | El Digital de Asturias\" \/>\n\t\t<meta name=\"twitter:description\" content=\"B the travel brand ha abierto en Madrid las puertas de su nueva tienda insignia &#039;B the travel brand Xperience&#039; un espacio de m\u00e1s de 800 metros cuadrados en el centro de Madrid, dedicado a la comunidad viajera en el que se celebrar\u00e1n exposiciones, conferencias y numerosos eventos relacionados con la industria del viaje. Este\" \/>\n\t\t<meta name=\"twitter:image\" content=\"https:\/\/eldigitaldeasturias.com\/magazine365\/wp-content\/uploads\/2015\/12\/fotonoticia_20151211130958_800.jpg\" \/>\n\t\t<script type=\"application\/ld+json\" class=\"aioseo-schema\">\n\t\t\t{\"@context\":\"https:\\\/\\\/schema.org\",\"@graph\":[{\"@type\":\"Article\",\"@id\":\"https:\\\/\\\/eldigitaldeasturias.com\\\/magazine365\\\/abre-en-madrid-b-the-travel-brand-xperience\\\/#article\",\"name\":\"Abre en Madrid \\u00abB the travel brand Xperience\\u00bb | El Digital de Asturias\",\"headline\":\"Abre en Madrid \\u00abB the travel brand Xperience\\u00bb\",\"author\":{\"@id\":\"https:\\\/\\\/eldigitaldeasturias.com\\\/magazine365\\\/author\\\/admin\\\/#author\"},\"publisher\":{\"@id\":\"https:\\\/\\\/eldigitaldeasturias.com\\\/magazine365\\\/#organization\"},\"image\":{\"@type\":\"ImageObject\",\"url\":\"https:\\\/\\\/eldigitaldeasturias.com\\\/magazine365\\\/wp-content\\\/uploads\\\/2015\\\/12\\\/fotonoticia_20151211130958_800.jpg\",\"width\":800,\"height\":533},\"datePublished\":\"2015-12-12T03:22:39+01:00\",\"dateModified\":\"2015-12-12T03:22:39+01:00\",\"inLanguage\":\"es-ES\",\"mainEntityOfPage\":{\"@id\":\"https:\\\/\\\/eldigitaldeasturias.com\\\/magazine365\\\/abre-en-madrid-b-the-travel-brand-xperience\\\/#webpage\"},\"isPartOf\":{\"@id\":\"https:\\\/\\\/eldigitaldeasturias.com\\\/magazine365\\\/abre-en-madrid-b-the-travel-brand-xperience\\\/#webpage\"},\"articleSection\":\"Noticias y Actualidad\"},{\"@type\":\"BreadcrumbList\",\"@id\":\"https:\\\/\\\/eldigitaldeasturias.com\\\/magazine365\\\/abre-en-madrid-b-the-travel-brand-xperience\\\/#breadcrumblist\",\"itemListElement\":[{\"@type\":\"ListItem\",\"@id\":\"https:\\\/\\\/eldigitaldeasturias.com\\\/magazine365#listItem\",\"position\":1,\"name\":\"Home\",\"item\":\"https:\\\/\\\/eldigitaldeasturias.com\\\/magazine365\",\"nextItem\":{\"@type\":\"ListItem\",\"@id\":\"https:\\\/\\\/eldigitaldeasturias.com\\\/magazine365\\\/category\\\/noticias-actualidad\\\/#listItem\",\"name\":\"Noticias y Actualidad\"}},{\"@type\":\"ListItem\",\"@id\":\"https:\\\/\\\/eldigitaldeasturias.com\\\/magazine365\\\/category\\\/noticias-actualidad\\\/#listItem\",\"position\":2,\"name\":\"Noticias y Actualidad\",\"item\":\"https:\\\/\\\/eldigitaldeasturias.com\\\/magazine365\\\/category\\\/noticias-actualidad\\\/\",\"nextItem\":{\"@type\":\"ListItem\",\"@id\":\"https:\\\/\\\/eldigitaldeasturias.com\\\/magazine365\\\/abre-en-madrid-b-the-travel-brand-xperience\\\/#listItem\",\"name\":\"Abre en Madrid \\u00abB the travel brand Xperience\\u00bb\"},\"previousItem\":{\"@type\":\"ListItem\",\"@id\":\"https:\\\/\\\/eldigitaldeasturias.com\\\/magazine365#listItem\",\"name\":\"Home\"}},{\"@type\":\"ListItem\",\"@id\":\"https:\\\/\\\/eldigitaldeasturias.com\\\/magazine365\\\/abre-en-madrid-b-the-travel-brand-xperience\\\/#listItem\",\"position\":3,\"name\":\"Abre en Madrid \\u00abB the travel brand Xperience\\u00bb\",\"previousItem\":{\"@type\":\"ListItem\",\"@id\":\"https:\\\/\\\/eldigitaldeasturias.com\\\/magazine365\\\/category\\\/noticias-actualidad\\\/#listItem\",\"name\":\"Noticias y Actualidad\"}}]},{\"@type\":\"Organization\",\"@id\":\"https:\\\/\\\/eldigitaldeasturias.com\\\/magazine365\\\/#organization\",\"name\":\"El digital de Asturias\",\"description\":\"Revista de ocio, turismo y estilo de vida\",\"url\":\"https:\\\/\\\/eldigitaldeasturias.com\\\/magazine365\\\/\",\"logo\":{\"@type\":\"ImageObject\",\"url\":\"https:\\\/\\\/www.eldigitaldeasturias.com\\\/noticias\\\/wp-content\\\/uploads\\\/2020\\\/12\\\/EDA.jpg\",\"@id\":\"https:\\\/\\\/eldigitaldeasturias.com\\\/magazine365\\\/abre-en-madrid-b-the-travel-brand-xperience\\\/#organizationLogo\"},\"image\":{\"@id\":\"https:\\\/\\\/eldigitaldeasturias.com\\\/magazine365\\\/abre-en-madrid-b-the-travel-brand-xperience\\\/#organizationLogo\"}},{\"@type\":\"Person\",\"@id\":\"https:\\\/\\\/eldigitaldeasturias.com\\\/magazine365\\\/author\\\/admin\\\/#author\",\"url\":\"https:\\\/\\\/eldigitaldeasturias.com\\\/magazine365\\\/author\\\/admin\\\/\",\"name\":\"admin\",\"image\":{\"@type\":\"ImageObject\",\"@id\":\"https:\\\/\\\/eldigitaldeasturias.com\\\/magazine365\\\/abre-en-madrid-b-the-travel-brand-xperience\\\/#authorImage\",\"url\":\"https:\\\/\\\/eldigitaldeasturias.com\\\/magazine365\\\/wp-content\\\/litespeed\\\/avatar\\\/e571bcf59a0edd6fa6838245a470f2fe.jpg?ver=1777574230\",\"width\":96,\"height\":96,\"caption\":\"admin\"}},{\"@type\":\"WebPage\",\"@id\":\"https:\\\/\\\/eldigitaldeasturias.com\\\/magazine365\\\/abre-en-madrid-b-the-travel-brand-xperience\\\/#webpage\",\"url\":\"https:\\\/\\\/eldigitaldeasturias.com\\\/magazine365\\\/abre-en-madrid-b-the-travel-brand-xperience\\\/\",\"name\":\"Abre en Madrid \\u00abB the travel brand Xperience\\u00bb | El Digital de Asturias\",\"description\":\"B the travel brand ha abierto en Madrid las puertas de su nueva tienda insignia 'B the travel brand Xperience' un espacio de m\\u00e1s de 800 metros cuadrados en el centro de Madrid, dedicado a la comunidad viajera en el que se celebrar\\u00e1n exposiciones, conferencias y numerosos eventos relacionados con la industria del viaje. Este\",\"inLanguage\":\"es-ES\",\"isPartOf\":{\"@id\":\"https:\\\/\\\/eldigitaldeasturias.com\\\/magazine365\\\/#website\"},\"breadcrumb\":{\"@id\":\"https:\\\/\\\/eldigitaldeasturias.com\\\/magazine365\\\/abre-en-madrid-b-the-travel-brand-xperience\\\/#breadcrumblist\"},\"author\":{\"@id\":\"https:\\\/\\\/eldigitaldeasturias.com\\\/magazine365\\\/author\\\/admin\\\/#author\"},\"creator\":{\"@id\":\"https:\\\/\\\/eldigitaldeasturias.com\\\/magazine365\\\/author\\\/admin\\\/#author\"},\"image\":{\"@type\":\"ImageObject\",\"url\":\"https:\\\/\\\/eldigitaldeasturias.com\\\/magazine365\\\/wp-content\\\/uploads\\\/2015\\\/12\\\/fotonoticia_20151211130958_800.jpg\",\"@id\":\"https:\\\/\\\/eldigitaldeasturias.com\\\/magazine365\\\/abre-en-madrid-b-the-travel-brand-xperience\\\/#mainImage\",\"width\":800,\"height\":533},\"primaryImageOfPage\":{\"@id\":\"https:\\\/\\\/eldigitaldeasturias.com\\\/magazine365\\\/abre-en-madrid-b-the-travel-brand-xperience\\\/#mainImage\"},\"datePublished\":\"2015-12-12T03:22:39+01:00\",\"dateModified\":\"2015-12-12T03:22:39+01:00\"},{\"@type\":\"WebSite\",\"@id\":\"https:\\\/\\\/eldigitaldeasturias.com\\\/magazine365\\\/#website\",\"url\":\"https:\\\/\\\/eldigitaldeasturias.com\\\/magazine365\\\/\",\"name\":\"El Digital de Asturias\",\"description\":\"Revista de ocio, turismo y estilo de vida\",\"inLanguage\":\"es-ES\",\"publisher\":{\"@id\":\"https:\\\/\\\/eldigitaldeasturias.com\\\/magazine365\\\/#organization\"}}]}\n\t\t<\/script>\n\t\t<!-- All in One SEO Pro -->\r\n\t\t<title>Abre en Madrid \u00abB the travel brand Xperience\u00bb | El Digital de Asturias<\/title>\n\n","aioseo_head_json":{"title":"Abre en Madrid \u00abB the travel brand Xperience\u00bb | El Digital de Asturias","description":"B the travel brand ha abierto en Madrid las puertas de su nueva tienda insignia 'B the travel brand Xperience' un espacio de m\u00e1s de 800 metros cuadrados en el centro de Madrid, dedicado a la comunidad viajera en el que se celebrar\u00e1n exposiciones, conferencias y numerosos eventos relacionados con la industria del viaje. Este","canonical_url":"https:\/\/eldigitaldeasturias.com\/magazine365\/abre-en-madrid-b-the-travel-brand-xperience\/","robots":"max-image-preview:large","keywords":"noticias y actualidad","webmasterTools":{"google-site-verification":"UA-38556648-1","miscellaneous":""},"schema":{"@context":"https:\/\/schema.org","@graph":[{"@type":"Article","@id":"https:\/\/eldigitaldeasturias.com\/magazine365\/abre-en-madrid-b-the-travel-brand-xperience\/#article","name":"Abre en Madrid \u00abB the travel brand Xperience\u00bb | El Digital de Asturias","headline":"Abre en Madrid \u00abB the travel brand Xperience\u00bb","author":{"@id":"https:\/\/eldigitaldeasturias.com\/magazine365\/author\/admin\/#author"},"publisher":{"@id":"https:\/\/eldigitaldeasturias.com\/magazine365\/#organization"},"image":{"@type":"ImageObject","url":"https:\/\/eldigitaldeasturias.com\/magazine365\/wp-content\/uploads\/2015\/12\/fotonoticia_20151211130958_800.jpg","width":800,"height":533},"datePublished":"2015-12-12T03:22:39+01:00","dateModified":"2015-12-12T03:22:39+01:00","inLanguage":"es-ES","mainEntityOfPage":{"@id":"https:\/\/eldigitaldeasturias.com\/magazine365\/abre-en-madrid-b-the-travel-brand-xperience\/#webpage"},"isPartOf":{"@id":"https:\/\/eldigitaldeasturias.com\/magazine365\/abre-en-madrid-b-the-travel-brand-xperience\/#webpage"},"articleSection":"Noticias y Actualidad"},{"@type":"BreadcrumbList","@id":"https:\/\/eldigitaldeasturias.com\/magazine365\/abre-en-madrid-b-the-travel-brand-xperience\/#breadcrumblist","itemListElement":[{"@type":"ListItem","@id":"https:\/\/eldigitaldeasturias.com\/magazine365#listItem","position":1,"name":"Home","item":"https:\/\/eldigitaldeasturias.com\/magazine365","nextItem":{"@type":"ListItem","@id":"https:\/\/eldigitaldeasturias.com\/magazine365\/category\/noticias-actualidad\/#listItem","name":"Noticias y Actualidad"}},{"@type":"ListItem","@id":"https:\/\/eldigitaldeasturias.com\/magazine365\/category\/noticias-actualidad\/#listItem","position":2,"name":"Noticias y Actualidad","item":"https:\/\/eldigitaldeasturias.com\/magazine365\/category\/noticias-actualidad\/","nextItem":{"@type":"ListItem","@id":"https:\/\/eldigitaldeasturias.com\/magazine365\/abre-en-madrid-b-the-travel-brand-xperience\/#listItem","name":"Abre en Madrid \u00abB the travel brand Xperience\u00bb"},"previousItem":{"@type":"ListItem","@id":"https:\/\/eldigitaldeasturias.com\/magazine365#listItem","name":"Home"}},{"@type":"ListItem","@id":"https:\/\/eldigitaldeasturias.com\/magazine365\/abre-en-madrid-b-the-travel-brand-xperience\/#listItem","position":3,"name":"Abre en Madrid \u00abB the travel brand Xperience\u00bb","previousItem":{"@type":"ListItem","@id":"https:\/\/eldigitaldeasturias.com\/magazine365\/category\/noticias-actualidad\/#listItem","name":"Noticias y Actualidad"}}]},{"@type":"Organization","@id":"https:\/\/eldigitaldeasturias.com\/magazine365\/#organization","name":"El digital de Asturias","description":"Revista de ocio, turismo y estilo de vida","url":"https:\/\/eldigitaldeasturias.com\/magazine365\/","logo":{"@type":"ImageObject","url":"https:\/\/www.eldigitaldeasturias.com\/noticias\/wp-content\/uploads\/2020\/12\/EDA.jpg","@id":"https:\/\/eldigitaldeasturias.com\/magazine365\/abre-en-madrid-b-the-travel-brand-xperience\/#organizationLogo"},"image":{"@id":"https:\/\/eldigitaldeasturias.com\/magazine365\/abre-en-madrid-b-the-travel-brand-xperience\/#organizationLogo"}},{"@type":"Person","@id":"https:\/\/eldigitaldeasturias.com\/magazine365\/author\/admin\/#author","url":"https:\/\/eldigitaldeasturias.com\/magazine365\/author\/admin\/","name":"admin","image":{"@type":"ImageObject","@id":"https:\/\/eldigitaldeasturias.com\/magazine365\/abre-en-madrid-b-the-travel-brand-xperience\/#authorImage","url":"https:\/\/eldigitaldeasturias.com\/magazine365\/wp-content\/litespeed\/avatar\/e571bcf59a0edd6fa6838245a470f2fe.jpg?ver=1777574230","width":96,"height":96,"caption":"admin"}},{"@type":"WebPage","@id":"https:\/\/eldigitaldeasturias.com\/magazine365\/abre-en-madrid-b-the-travel-brand-xperience\/#webpage","url":"https:\/\/eldigitaldeasturias.com\/magazine365\/abre-en-madrid-b-the-travel-brand-xperience\/","name":"Abre en Madrid \u00abB the travel brand Xperience\u00bb | El Digital de Asturias","description":"B the travel brand ha abierto en Madrid las puertas de su nueva tienda insignia 'B the travel brand Xperience' un espacio de m\u00e1s de 800 metros cuadrados en el centro de Madrid, dedicado a la comunidad viajera en el que se celebrar\u00e1n exposiciones, conferencias y numerosos eventos relacionados con la industria del viaje. Este","inLanguage":"es-ES","isPartOf":{"@id":"https:\/\/eldigitaldeasturias.com\/magazine365\/#website"},"breadcrumb":{"@id":"https:\/\/eldigitaldeasturias.com\/magazine365\/abre-en-madrid-b-the-travel-brand-xperience\/#breadcrumblist"},"author":{"@id":"https:\/\/eldigitaldeasturias.com\/magazine365\/author\/admin\/#author"},"creator":{"@id":"https:\/\/eldigitaldeasturias.com\/magazine365\/author\/admin\/#author"},"image":{"@type":"ImageObject","url":"https:\/\/eldigitaldeasturias.com\/magazine365\/wp-content\/uploads\/2015\/12\/fotonoticia_20151211130958_800.jpg","@id":"https:\/\/eldigitaldeasturias.com\/magazine365\/abre-en-madrid-b-the-travel-brand-xperience\/#mainImage","width":800,"height":533},"primaryImageOfPage":{"@id":"https:\/\/eldigitaldeasturias.com\/magazine365\/abre-en-madrid-b-the-travel-brand-xperience\/#mainImage"},"datePublished":"2015-12-12T03:22:39+01:00","dateModified":"2015-12-12T03:22:39+01:00"},{"@type":"WebSite","@id":"https:\/\/eldigitaldeasturias.com\/magazine365\/#website","url":"https:\/\/eldigitaldeasturias.com\/magazine365\/","name":"El Digital de Asturias","description":"Revista de ocio, turismo y estilo de vida","inLanguage":"es-ES","publisher":{"@id":"https:\/\/eldigitaldeasturias.com\/magazine365\/#organization"}}]},"og:locale":"es_ES","og:site_name":"El Digital de Asturias \u2013 Revista de ocio, turismo y estilo de vida","og:type":"article","og:title":"Abre en Madrid \u00abB the travel brand Xperience\u00bb | El Digital de Asturias","og:description":"B the travel brand ha abierto en Madrid las puertas de su nueva tienda insignia 'B the travel brand Xperience' un espacio de m\u00e1s de 800 metros cuadrados en el centro de Madrid, dedicado a la comunidad viajera en el que se celebrar\u00e1n exposiciones, conferencias y numerosos eventos relacionados con la industria del viaje. Este","og:url":"https:\/\/eldigitaldeasturias.com\/magazine365\/abre-en-madrid-b-the-travel-brand-xperience\/","og:image":"https:\/\/eldigitaldeasturias.com\/magazine365\/wp-content\/uploads\/2015\/12\/fotonoticia_20151211130958_800.jpg","og:image:secure_url":"https:\/\/eldigitaldeasturias.com\/magazine365\/wp-content\/uploads\/2015\/12\/fotonoticia_20151211130958_800.jpg","og:image:width":800,"og:image:height":533,"article:published_time":"2015-12-12T02:22:39+00:00","article:modified_time":"2015-12-12T02:22:39+00:00","twitter:card":"summary_large_image","twitter:title":"Abre en Madrid \u00abB the travel brand Xperience\u00bb | El Digital de Asturias","twitter:description":"B the travel brand ha abierto en Madrid las puertas de su nueva tienda insignia 'B the travel brand Xperience' un espacio de m\u00e1s de 800 metros cuadrados en el centro de Madrid, dedicado a la comunidad viajera en el que se celebrar\u00e1n exposiciones, conferencias y numerosos eventos relacionados con la industria del viaje. Este","twitter:image":"https:\/\/eldigitaldeasturias.com\/magazine365\/wp-content\/uploads\/2015\/12\/fotonoticia_20151211130958_800.jpg"},"aioseo_meta_data":{"post_id":"58288","title":null,"description":null,"keywords":null,"keyphrases":null,"primary_term":null,"canonical_url":null,"og_title":null,"og_description":null,"og_object_type":"default","og_image_type":"default","og_image_url":null,"og_image_width":null,"og_image_height":null,"og_image_custom_url":null,"og_image_custom_fields":null,"og_video":null,"og_custom_url":null,"og_article_section":null,"og_article_tags":null,"twitter_use_og":false,"twitter_card":"default","twitter_image_type":"default","twitter_image_url":null,"twitter_image_custom_url":null,"twitter_image_custom_fields":null,"twitter_title":null,"twitter_description":null,"schema":{"blockGraphs":[],"customGraphs":[],"default":{"data":{"Article":[],"Course":[],"Dataset":[],"FAQPage":[],"Movie":[],"Person":[],"Product":[],"ProductReview":[],"Car":[],"Recipe":[],"Service":[],"SoftwareApplication":[],"WebPage":[]},"graphName":"","isEnabled":true},"graphs":[],"defaultGraph":"","defaultPostTypeGraph":""},"schema_type":null,"schema_type_options":null,"pillar_content":false,"robots_default":true,"robots_noindex":false,"robots_noarchive":false,"robots_nosnippet":false,"robots_nofollow":false,"robots_noimageindex":false,"robots_noodp":false,"robots_notranslate":false,"robots_max_snippet":null,"robots_max_videopreview":null,"robots_max_imagepreview":"large","priority":null,"frequency":null,"location":null,"local_seo":null,"seo_analyzer_scan_date":"2025-09-25 02:42:33","breadcrumb_settings":null,"limit_modified_date":false,"open_ai":null,"ai":null,"created":"2021-03-08 22:32:33","updated":"2025-09-25 02:42:33"},"aioseo_breadcrumb":"<div class=\"aioseo-breadcrumbs\"><span class=\"aioseo-breadcrumb\">\n\t<a href=\"https:\/\/eldigitaldeasturias.com\/magazine365\" title=\"Home\">Home<\/a>\n<\/span><span class=\"aioseo-breadcrumb-separator\">\u2013<\/span><span class=\"aioseo-breadcrumb\">\n\t<a href=\"https:\/\/eldigitaldeasturias.com\/magazine365\/category\/noticias-actualidad\/\" title=\"Noticias y Actualidad\">Noticias y Actualidad<\/a>\n<\/span><span class=\"aioseo-breadcrumb-separator\">\u2013<\/span><span class=\"aioseo-breadcrumb\">\n\t<a href=\"https:\/\/eldigitaldeasturias.com\/magazine365\/abre-en-madrid-b-the-travel-brand-xperience\/\" title=\"Abre en Madrid \u00abB the travel brand Xperience\u00bb\">Abre en Madrid \u00abB the travel brand Xperience\u00bb<\/a>\n<\/span><\/div>","aioseo_breadcrumb_json":[{"label":"Home","link":"https:\/\/eldigitaldeasturias.com\/magazine365"},{"label":"Noticias y Actualidad","link":"https:\/\/eldigitaldeasturias.com\/magazine365\/category\/noticias-actualidad\/"},{"label":"Abre en Madrid \u00abB the travel brand Xperience\u00bb","link":"https:\/\/eldigitaldeasturias.com\/magazine365\/abre-en-madrid-b-the-travel-brand-xperience\/"}],"_links":{"self":[{"href":"https:\/\/eldigitaldeasturias.com\/magazine365\/wp-json\/wp\/v2\/posts\/58288","targetHints":{"allow":["GET"]}}],"collection":[{"href":"https:\/\/eldigitaldeasturias.com\/magazine365\/wp-json\/wp\/v2\/posts"}],"about":[{"href":"https:\/\/eldigitaldeasturias.com\/magazine365\/wp-json\/wp\/v2\/types\/post"}],"author":[{"embeddable":true,"href":"https:\/\/eldigitaldeasturias.com\/magazine365\/wp-json\/wp\/v2\/users\/1"}],"replies":[{"embeddable":true,"href":"https:\/\/eldigitaldeasturias.com\/magazine365\/wp-json\/wp\/v2\/comments?post=58288"}],"version-history":[{"count":0,"href":"https:\/\/eldigitaldeasturias.com\/magazine365\/wp-json\/wp\/v2\/posts\/58288\/revisions"}],"wp:featuredmedia":[{"embeddable":true,"href":"https:\/\/eldigitaldeasturias.com\/magazine365\/wp-json\/wp\/v2\/media\/58289"}],"wp:attachment":[{"href":"https:\/\/eldigitaldeasturias.com\/magazine365\/wp-json\/wp\/v2\/media?parent=58288"}],"wp:term":[{"taxonomy":"category","embeddable":true,"href":"https:\/\/eldigitaldeasturias.com\/magazine365\/wp-json\/wp\/v2\/categories?post=58288"},{"taxonomy":"post_tag","embeddable":true,"href":"https:\/\/eldigitaldeasturias.com\/magazine365\/wp-json\/wp\/v2\/tags?post=58288"}],"curies":[{"name":"wp","href":"https:\/\/api.w.org\/{rel}","templated":true}]}}