{"id":58285,"date":"2015-12-12T03:20:28","date_gmt":"2015-12-12T02:20:28","guid":{"rendered":"http:\/\/eldigitaldeasturias.com\/magazine365\/?p=58285"},"modified":"2015-12-12T03:20:28","modified_gmt":"2015-12-12T02:20:28","slug":"el-grupo-iberostar-dejara-de-gestionar-en-enero-el-hotel-son-antem-golf-resort-spa","status":"publish","type":"post","link":"https:\/\/eldigitaldeasturias.com\/magazine365\/el-grupo-iberostar-dejara-de-gestionar-en-enero-el-hotel-son-antem-golf-resort-spa\/","title":{"rendered":"El Grupo Iberostar dejar\u00e1 de gestionar en enero el hotel Son Antem Golf Resort &#038; Spa"},"content":{"rendered":"<p><img fetchpriority=\"high\" decoding=\"async\" class=\"alignleft size-medium wp-image-58286\" src=\"https:\/\/eldigitaldeasturias.com\/magazine365\/wp-content\/uploads\/2015\/12\/fotonoticia_20151211130237_800-360x240.jpg\" alt=\"fotonoticia_20151211130237_800\" width=\"360\" height=\"240\" srcset=\"https:\/\/eldigitaldeasturias.com\/magazine365\/wp-content\/uploads\/2015\/12\/fotonoticia_20151211130237_800-360x240.jpg 360w, https:\/\/eldigitaldeasturias.com\/magazine365\/wp-content\/uploads\/2015\/12\/fotonoticia_20151211130237_800-650x434.jpg 650w, https:\/\/eldigitaldeasturias.com\/magazine365\/wp-content\/uploads\/2015\/12\/fotonoticia_20151211130237_800-768x513.jpg 768w, https:\/\/eldigitaldeasturias.com\/magazine365\/wp-content\/uploads\/2015\/12\/fotonoticia_20151211130237_800-150x100.jpg 150w, https:\/\/eldigitaldeasturias.com\/magazine365\/wp-content\/uploads\/2015\/12\/fotonoticia_20151211130237_800-450x300.jpg 450w, https:\/\/eldigitaldeasturias.com\/magazine365\/wp-content\/uploads\/2015\/12\/fotonoticia_20151211130237_800-696x465.jpg 696w, https:\/\/eldigitaldeasturias.com\/magazine365\/wp-content\/uploads\/2015\/12\/fotonoticia_20151211130237_800-629x420.jpg 629w, https:\/\/eldigitaldeasturias.com\/magazine365\/wp-content\/uploads\/2015\/12\/fotonoticia_20151211130237_800-84x55.jpg 84w, https:\/\/eldigitaldeasturias.com\/magazine365\/wp-content\/uploads\/2015\/12\/fotonoticia_20151211130237_800.jpg 800w\" sizes=\"(max-width: 360px) 100vw, 360px\" \/>El Grupo Iberostar dejar\u00e1 de gestionar en enero el hotel Son Antem Golf Resort &amp; Spa, ubicado en Mallorca, tras dos a\u00f1os y medio despu\u00e9s de su incorporaci\u00f3n al &#8216;portfolio&#8217; de la cadena mallorquina, seg\u00fan anunci\u00f3 en un comunicado.<\/p>\n<p>El cese se har\u00e1 efectivo en enero de 2016 tras un acuerdo pactado entre la hotelera y la propiedad del hotel, que supone el fin del contrato de gesti\u00f3n.<\/p>\n<p>El grupo ha apuntado que durante el mes de diciembre se est\u00e1n realizando los ajustes y cambios operativos pertinentes para que el proceso no afecte a los hu\u00e9spedes del establecimiento, tras agradecer a los trabajadores el trabajo realizado durante este tiempo.<\/p>\n<p>Este hotel de cinco estrellas cuenta con 151 habitaciones que fueron remodeladas en 2012. Adem\u00e1s, se encuentra en el municipio de Llucmajor, cerca de Palma y de la playa de Es Trenc, al sur de la isla y, a 15 km del aeropuerto.<\/p>\n","protected":false},"excerpt":{"rendered":"<p>El Grupo Iberostar dejar\u00e1 de gestionar en enero el hotel Son Antem Golf Resort &amp; Spa, ubicado en Mallorca, tras dos a\u00f1os y medio despu\u00e9s de su incorporaci\u00f3n al &#8216;portfolio&#8217; de la cadena mallorquina, seg\u00fan anunci\u00f3 en un comunicado. El cese se har\u00e1 efectivo en enero de 2016 tras un acuerdo pactado entre la hotelera<\/p>\n","protected":false},"author":1,"featured_media":58286,"comment_status":"open","ping_status":"closed","sticky":false,"template":"","format":"standard","meta":{"footnotes":""},"categories":[224],"tags":[],"class_list":{"0":"post-58285","1":"post","2":"type-post","3":"status-publish","4":"format-standard","5":"has-post-thumbnail","7":"category-noticias-actualidad"},"aioseo_notices":[],"aioseo_head":"\n\t\t<!-- All in One SEO Pro 4.9.6.1 - aioseo.com -->\n\t<meta name=\"description\" content=\"El Grupo Iberostar dejar\u00e1 de gestionar en enero el hotel Son Antem Golf Resort &amp; Spa, ubicado en Mallorca, tras dos a\u00f1os y medio despu\u00e9s de su incorporaci\u00f3n al &#039;portfolio&#039; de la cadena mallorquina, seg\u00fan anunci\u00f3 en un comunicado. El cese se har\u00e1 efectivo en enero de 2016 tras un acuerdo pactado entre la hotelera\" \/>\n\t<meta name=\"robots\" content=\"max-image-preview:large\" \/>\n\t<meta name=\"author\" content=\"admin\"\/>\n\t<meta name=\"google-site-verification\" content=\"UA-38556648-1\" \/>\n\t<meta name=\"keywords\" content=\"noticias y actualidad\" \/>\n\t<link rel=\"canonical\" href=\"https:\/\/eldigitaldeasturias.com\/magazine365\/el-grupo-iberostar-dejara-de-gestionar-en-enero-el-hotel-son-antem-golf-resort-spa\/\" \/>\n\t<meta name=\"generator\" content=\"All in One SEO Pro (AIOSEO) 4.9.6.1\" \/>\n\t\t<meta property=\"og:locale\" content=\"es_ES\" \/>\n\t\t<meta property=\"og:site_name\" content=\"El Digital de Asturias \u2013 Revista de ocio, turismo y estilo de vida\" \/>\n\t\t<meta property=\"og:type\" content=\"article\" \/>\n\t\t<meta property=\"og:title\" content=\"El Grupo Iberostar dejar\u00e1 de gestionar en enero el hotel Son Antem Golf Resort &amp; Spa | El Digital de Asturias\" \/>\n\t\t<meta property=\"og:description\" content=\"El Grupo Iberostar dejar\u00e1 de gestionar en enero el hotel Son Antem Golf Resort &amp; Spa, ubicado en Mallorca, tras dos a\u00f1os y medio despu\u00e9s de su incorporaci\u00f3n al &#039;portfolio&#039; de la cadena mallorquina, seg\u00fan anunci\u00f3 en un comunicado. El cese se har\u00e1 efectivo en enero de 2016 tras un acuerdo pactado entre la hotelera\" \/>\n\t\t<meta property=\"og:url\" content=\"https:\/\/eldigitaldeasturias.com\/magazine365\/el-grupo-iberostar-dejara-de-gestionar-en-enero-el-hotel-son-antem-golf-resort-spa\/\" \/>\n\t\t<meta property=\"og:image\" content=\"https:\/\/eldigitaldeasturias.com\/magazine365\/wp-content\/uploads\/2015\/12\/fotonoticia_20151211130237_800.jpg\" \/>\n\t\t<meta property=\"og:image:secure_url\" content=\"https:\/\/eldigitaldeasturias.com\/magazine365\/wp-content\/uploads\/2015\/12\/fotonoticia_20151211130237_800.jpg\" \/>\n\t\t<meta property=\"og:image:width\" content=\"800\" \/>\n\t\t<meta property=\"og:image:height\" content=\"534\" \/>\n\t\t<meta property=\"article:published_time\" content=\"2015-12-12T02:20:28+00:00\" \/>\n\t\t<meta property=\"article:modified_time\" content=\"2015-12-12T02:20:28+00:00\" \/>\n\t\t<meta name=\"twitter:card\" content=\"summary_large_image\" \/>\n\t\t<meta name=\"twitter:title\" content=\"El Grupo Iberostar dejar\u00e1 de gestionar en enero el hotel Son Antem Golf Resort &amp; Spa | El Digital de Asturias\" \/>\n\t\t<meta name=\"twitter:description\" content=\"El Grupo Iberostar dejar\u00e1 de gestionar en enero el hotel Son Antem Golf Resort &amp; Spa, ubicado en Mallorca, tras dos a\u00f1os y medio despu\u00e9s de su incorporaci\u00f3n al &#039;portfolio&#039; de la cadena mallorquina, seg\u00fan anunci\u00f3 en un comunicado. El cese se har\u00e1 efectivo en enero de 2016 tras un acuerdo pactado entre la hotelera\" \/>\n\t\t<meta name=\"twitter:image\" content=\"https:\/\/eldigitaldeasturias.com\/magazine365\/wp-content\/uploads\/2015\/12\/fotonoticia_20151211130237_800.jpg\" \/>\n\t\t<script type=\"application\/ld+json\" class=\"aioseo-schema\">\n\t\t\t{\"@context\":\"https:\\\/\\\/schema.org\",\"@graph\":[{\"@type\":\"Article\",\"@id\":\"https:\\\/\\\/eldigitaldeasturias.com\\\/magazine365\\\/el-grupo-iberostar-dejara-de-gestionar-en-enero-el-hotel-son-antem-golf-resort-spa\\\/#article\",\"name\":\"El Grupo Iberostar dejar\\u00e1 de gestionar en enero el hotel Son Antem Golf Resort & Spa | El Digital de Asturias\",\"headline\":\"El Grupo Iberostar dejar\\u00e1 de gestionar en enero el hotel Son Antem Golf Resort &#038; Spa\",\"author\":{\"@id\":\"https:\\\/\\\/eldigitaldeasturias.com\\\/magazine365\\\/author\\\/admin\\\/#author\"},\"publisher\":{\"@id\":\"https:\\\/\\\/eldigitaldeasturias.com\\\/magazine365\\\/#organization\"},\"image\":{\"@type\":\"ImageObject\",\"url\":\"https:\\\/\\\/eldigitaldeasturias.com\\\/magazine365\\\/wp-content\\\/uploads\\\/2015\\\/12\\\/fotonoticia_20151211130237_800.jpg\",\"width\":800,\"height\":534},\"datePublished\":\"2015-12-12T03:20:28+01:00\",\"dateModified\":\"2015-12-12T03:20:28+01:00\",\"inLanguage\":\"es-ES\",\"mainEntityOfPage\":{\"@id\":\"https:\\\/\\\/eldigitaldeasturias.com\\\/magazine365\\\/el-grupo-iberostar-dejara-de-gestionar-en-enero-el-hotel-son-antem-golf-resort-spa\\\/#webpage\"},\"isPartOf\":{\"@id\":\"https:\\\/\\\/eldigitaldeasturias.com\\\/magazine365\\\/el-grupo-iberostar-dejara-de-gestionar-en-enero-el-hotel-son-antem-golf-resort-spa\\\/#webpage\"},\"articleSection\":\"Noticias y Actualidad\"},{\"@type\":\"BreadcrumbList\",\"@id\":\"https:\\\/\\\/eldigitaldeasturias.com\\\/magazine365\\\/el-grupo-iberostar-dejara-de-gestionar-en-enero-el-hotel-son-antem-golf-resort-spa\\\/#breadcrumblist\",\"itemListElement\":[{\"@type\":\"ListItem\",\"@id\":\"https:\\\/\\\/eldigitaldeasturias.com\\\/magazine365#listItem\",\"position\":1,\"name\":\"Home\",\"item\":\"https:\\\/\\\/eldigitaldeasturias.com\\\/magazine365\",\"nextItem\":{\"@type\":\"ListItem\",\"@id\":\"https:\\\/\\\/eldigitaldeasturias.com\\\/magazine365\\\/category\\\/noticias-actualidad\\\/#listItem\",\"name\":\"Noticias y Actualidad\"}},{\"@type\":\"ListItem\",\"@id\":\"https:\\\/\\\/eldigitaldeasturias.com\\\/magazine365\\\/category\\\/noticias-actualidad\\\/#listItem\",\"position\":2,\"name\":\"Noticias y Actualidad\",\"item\":\"https:\\\/\\\/eldigitaldeasturias.com\\\/magazine365\\\/category\\\/noticias-actualidad\\\/\",\"nextItem\":{\"@type\":\"ListItem\",\"@id\":\"https:\\\/\\\/eldigitaldeasturias.com\\\/magazine365\\\/el-grupo-iberostar-dejara-de-gestionar-en-enero-el-hotel-son-antem-golf-resort-spa\\\/#listItem\",\"name\":\"El Grupo Iberostar dejar\\u00e1 de gestionar en enero el hotel Son Antem Golf Resort &#038; Spa\"},\"previousItem\":{\"@type\":\"ListItem\",\"@id\":\"https:\\\/\\\/eldigitaldeasturias.com\\\/magazine365#listItem\",\"name\":\"Home\"}},{\"@type\":\"ListItem\",\"@id\":\"https:\\\/\\\/eldigitaldeasturias.com\\\/magazine365\\\/el-grupo-iberostar-dejara-de-gestionar-en-enero-el-hotel-son-antem-golf-resort-spa\\\/#listItem\",\"position\":3,\"name\":\"El Grupo Iberostar dejar\\u00e1 de gestionar en enero el hotel Son Antem Golf Resort &#038; Spa\",\"previousItem\":{\"@type\":\"ListItem\",\"@id\":\"https:\\\/\\\/eldigitaldeasturias.com\\\/magazine365\\\/category\\\/noticias-actualidad\\\/#listItem\",\"name\":\"Noticias y Actualidad\"}}]},{\"@type\":\"Organization\",\"@id\":\"https:\\\/\\\/eldigitaldeasturias.com\\\/magazine365\\\/#organization\",\"name\":\"El digital de Asturias\",\"description\":\"Revista de ocio, turismo y estilo de vida\",\"url\":\"https:\\\/\\\/eldigitaldeasturias.com\\\/magazine365\\\/\",\"logo\":{\"@type\":\"ImageObject\",\"url\":\"https:\\\/\\\/www.eldigitaldeasturias.com\\\/noticias\\\/wp-content\\\/uploads\\\/2020\\\/12\\\/EDA.jpg\",\"@id\":\"https:\\\/\\\/eldigitaldeasturias.com\\\/magazine365\\\/el-grupo-iberostar-dejara-de-gestionar-en-enero-el-hotel-son-antem-golf-resort-spa\\\/#organizationLogo\"},\"image\":{\"@id\":\"https:\\\/\\\/eldigitaldeasturias.com\\\/magazine365\\\/el-grupo-iberostar-dejara-de-gestionar-en-enero-el-hotel-son-antem-golf-resort-spa\\\/#organizationLogo\"}},{\"@type\":\"Person\",\"@id\":\"https:\\\/\\\/eldigitaldeasturias.com\\\/magazine365\\\/author\\\/admin\\\/#author\",\"url\":\"https:\\\/\\\/eldigitaldeasturias.com\\\/magazine365\\\/author\\\/admin\\\/\",\"name\":\"admin\",\"image\":{\"@type\":\"ImageObject\",\"@id\":\"https:\\\/\\\/eldigitaldeasturias.com\\\/magazine365\\\/el-grupo-iberostar-dejara-de-gestionar-en-enero-el-hotel-son-antem-golf-resort-spa\\\/#authorImage\",\"url\":\"https:\\\/\\\/eldigitaldeasturias.com\\\/magazine365\\\/wp-content\\\/litespeed\\\/avatar\\\/e571bcf59a0edd6fa6838245a470f2fe.jpg?ver=1777574230\",\"width\":96,\"height\":96,\"caption\":\"admin\"}},{\"@type\":\"WebPage\",\"@id\":\"https:\\\/\\\/eldigitaldeasturias.com\\\/magazine365\\\/el-grupo-iberostar-dejara-de-gestionar-en-enero-el-hotel-son-antem-golf-resort-spa\\\/#webpage\",\"url\":\"https:\\\/\\\/eldigitaldeasturias.com\\\/magazine365\\\/el-grupo-iberostar-dejara-de-gestionar-en-enero-el-hotel-son-antem-golf-resort-spa\\\/\",\"name\":\"El Grupo Iberostar dejar\\u00e1 de gestionar en enero el hotel Son Antem Golf Resort & Spa | El Digital de Asturias\",\"description\":\"El Grupo Iberostar dejar\\u00e1 de gestionar en enero el hotel Son Antem Golf Resort & Spa, ubicado en Mallorca, tras dos a\\u00f1os y medio despu\\u00e9s de su incorporaci\\u00f3n al 'portfolio' de la cadena mallorquina, seg\\u00fan anunci\\u00f3 en un comunicado. El cese se har\\u00e1 efectivo en enero de 2016 tras un acuerdo pactado entre la hotelera\",\"inLanguage\":\"es-ES\",\"isPartOf\":{\"@id\":\"https:\\\/\\\/eldigitaldeasturias.com\\\/magazine365\\\/#website\"},\"breadcrumb\":{\"@id\":\"https:\\\/\\\/eldigitaldeasturias.com\\\/magazine365\\\/el-grupo-iberostar-dejara-de-gestionar-en-enero-el-hotel-son-antem-golf-resort-spa\\\/#breadcrumblist\"},\"author\":{\"@id\":\"https:\\\/\\\/eldigitaldeasturias.com\\\/magazine365\\\/author\\\/admin\\\/#author\"},\"creator\":{\"@id\":\"https:\\\/\\\/eldigitaldeasturias.com\\\/magazine365\\\/author\\\/admin\\\/#author\"},\"image\":{\"@type\":\"ImageObject\",\"url\":\"https:\\\/\\\/eldigitaldeasturias.com\\\/magazine365\\\/wp-content\\\/uploads\\\/2015\\\/12\\\/fotonoticia_20151211130237_800.jpg\",\"@id\":\"https:\\\/\\\/eldigitaldeasturias.com\\\/magazine365\\\/el-grupo-iberostar-dejara-de-gestionar-en-enero-el-hotel-son-antem-golf-resort-spa\\\/#mainImage\",\"width\":800,\"height\":534},\"primaryImageOfPage\":{\"@id\":\"https:\\\/\\\/eldigitaldeasturias.com\\\/magazine365\\\/el-grupo-iberostar-dejara-de-gestionar-en-enero-el-hotel-son-antem-golf-resort-spa\\\/#mainImage\"},\"datePublished\":\"2015-12-12T03:20:28+01:00\",\"dateModified\":\"2015-12-12T03:20:28+01:00\"},{\"@type\":\"WebSite\",\"@id\":\"https:\\\/\\\/eldigitaldeasturias.com\\\/magazine365\\\/#website\",\"url\":\"https:\\\/\\\/eldigitaldeasturias.com\\\/magazine365\\\/\",\"name\":\"El Digital de Asturias\",\"description\":\"Revista de ocio, turismo y estilo de vida\",\"inLanguage\":\"es-ES\",\"publisher\":{\"@id\":\"https:\\\/\\\/eldigitaldeasturias.com\\\/magazine365\\\/#organization\"}}]}\n\t\t<\/script>\n\t\t<!-- All in One SEO Pro -->\r\n\t\t<title>El Grupo Iberostar dejar\u00e1 de gestionar en enero el hotel Son Antem Golf Resort &amp; Spa | El Digital de Asturias<\/title>\n\n","aioseo_head_json":{"title":"El Grupo Iberostar dejar\u00e1 de gestionar en enero el hotel Son Antem Golf Resort & Spa | El Digital de Asturias","description":"El Grupo Iberostar dejar\u00e1 de gestionar en enero el hotel Son Antem Golf Resort & Spa, ubicado en Mallorca, tras dos a\u00f1os y medio despu\u00e9s de su incorporaci\u00f3n al 'portfolio' de la cadena mallorquina, seg\u00fan anunci\u00f3 en un comunicado. El cese se har\u00e1 efectivo en enero de 2016 tras un acuerdo pactado entre la hotelera","canonical_url":"https:\/\/eldigitaldeasturias.com\/magazine365\/el-grupo-iberostar-dejara-de-gestionar-en-enero-el-hotel-son-antem-golf-resort-spa\/","robots":"max-image-preview:large","keywords":"noticias y actualidad","webmasterTools":{"google-site-verification":"UA-38556648-1","miscellaneous":""},"schema":{"@context":"https:\/\/schema.org","@graph":[{"@type":"Article","@id":"https:\/\/eldigitaldeasturias.com\/magazine365\/el-grupo-iberostar-dejara-de-gestionar-en-enero-el-hotel-son-antem-golf-resort-spa\/#article","name":"El Grupo Iberostar dejar\u00e1 de gestionar en enero el hotel Son Antem Golf Resort & Spa | El Digital de Asturias","headline":"El Grupo Iberostar dejar\u00e1 de gestionar en enero el hotel Son Antem Golf Resort &#038; Spa","author":{"@id":"https:\/\/eldigitaldeasturias.com\/magazine365\/author\/admin\/#author"},"publisher":{"@id":"https:\/\/eldigitaldeasturias.com\/magazine365\/#organization"},"image":{"@type":"ImageObject","url":"https:\/\/eldigitaldeasturias.com\/magazine365\/wp-content\/uploads\/2015\/12\/fotonoticia_20151211130237_800.jpg","width":800,"height":534},"datePublished":"2015-12-12T03:20:28+01:00","dateModified":"2015-12-12T03:20:28+01:00","inLanguage":"es-ES","mainEntityOfPage":{"@id":"https:\/\/eldigitaldeasturias.com\/magazine365\/el-grupo-iberostar-dejara-de-gestionar-en-enero-el-hotel-son-antem-golf-resort-spa\/#webpage"},"isPartOf":{"@id":"https:\/\/eldigitaldeasturias.com\/magazine365\/el-grupo-iberostar-dejara-de-gestionar-en-enero-el-hotel-son-antem-golf-resort-spa\/#webpage"},"articleSection":"Noticias y Actualidad"},{"@type":"BreadcrumbList","@id":"https:\/\/eldigitaldeasturias.com\/magazine365\/el-grupo-iberostar-dejara-de-gestionar-en-enero-el-hotel-son-antem-golf-resort-spa\/#breadcrumblist","itemListElement":[{"@type":"ListItem","@id":"https:\/\/eldigitaldeasturias.com\/magazine365#listItem","position":1,"name":"Home","item":"https:\/\/eldigitaldeasturias.com\/magazine365","nextItem":{"@type":"ListItem","@id":"https:\/\/eldigitaldeasturias.com\/magazine365\/category\/noticias-actualidad\/#listItem","name":"Noticias y Actualidad"}},{"@type":"ListItem","@id":"https:\/\/eldigitaldeasturias.com\/magazine365\/category\/noticias-actualidad\/#listItem","position":2,"name":"Noticias y Actualidad","item":"https:\/\/eldigitaldeasturias.com\/magazine365\/category\/noticias-actualidad\/","nextItem":{"@type":"ListItem","@id":"https:\/\/eldigitaldeasturias.com\/magazine365\/el-grupo-iberostar-dejara-de-gestionar-en-enero-el-hotel-son-antem-golf-resort-spa\/#listItem","name":"El Grupo Iberostar dejar\u00e1 de gestionar en enero el hotel Son Antem Golf Resort &#038; Spa"},"previousItem":{"@type":"ListItem","@id":"https:\/\/eldigitaldeasturias.com\/magazine365#listItem","name":"Home"}},{"@type":"ListItem","@id":"https:\/\/eldigitaldeasturias.com\/magazine365\/el-grupo-iberostar-dejara-de-gestionar-en-enero-el-hotel-son-antem-golf-resort-spa\/#listItem","position":3,"name":"El Grupo Iberostar dejar\u00e1 de gestionar en enero el hotel Son Antem Golf Resort &#038; Spa","previousItem":{"@type":"ListItem","@id":"https:\/\/eldigitaldeasturias.com\/magazine365\/category\/noticias-actualidad\/#listItem","name":"Noticias y Actualidad"}}]},{"@type":"Organization","@id":"https:\/\/eldigitaldeasturias.com\/magazine365\/#organization","name":"El digital de Asturias","description":"Revista de ocio, turismo y estilo de vida","url":"https:\/\/eldigitaldeasturias.com\/magazine365\/","logo":{"@type":"ImageObject","url":"https:\/\/www.eldigitaldeasturias.com\/noticias\/wp-content\/uploads\/2020\/12\/EDA.jpg","@id":"https:\/\/eldigitaldeasturias.com\/magazine365\/el-grupo-iberostar-dejara-de-gestionar-en-enero-el-hotel-son-antem-golf-resort-spa\/#organizationLogo"},"image":{"@id":"https:\/\/eldigitaldeasturias.com\/magazine365\/el-grupo-iberostar-dejara-de-gestionar-en-enero-el-hotel-son-antem-golf-resort-spa\/#organizationLogo"}},{"@type":"Person","@id":"https:\/\/eldigitaldeasturias.com\/magazine365\/author\/admin\/#author","url":"https:\/\/eldigitaldeasturias.com\/magazine365\/author\/admin\/","name":"admin","image":{"@type":"ImageObject","@id":"https:\/\/eldigitaldeasturias.com\/magazine365\/el-grupo-iberostar-dejara-de-gestionar-en-enero-el-hotel-son-antem-golf-resort-spa\/#authorImage","url":"https:\/\/eldigitaldeasturias.com\/magazine365\/wp-content\/litespeed\/avatar\/e571bcf59a0edd6fa6838245a470f2fe.jpg?ver=1777574230","width":96,"height":96,"caption":"admin"}},{"@type":"WebPage","@id":"https:\/\/eldigitaldeasturias.com\/magazine365\/el-grupo-iberostar-dejara-de-gestionar-en-enero-el-hotel-son-antem-golf-resort-spa\/#webpage","url":"https:\/\/eldigitaldeasturias.com\/magazine365\/el-grupo-iberostar-dejara-de-gestionar-en-enero-el-hotel-son-antem-golf-resort-spa\/","name":"El Grupo Iberostar dejar\u00e1 de gestionar en enero el hotel Son Antem Golf Resort & Spa | El Digital de Asturias","description":"El Grupo Iberostar dejar\u00e1 de gestionar en enero el hotel Son Antem Golf Resort & Spa, ubicado en Mallorca, tras dos a\u00f1os y medio despu\u00e9s de su incorporaci\u00f3n al 'portfolio' de la cadena mallorquina, seg\u00fan anunci\u00f3 en un comunicado. El cese se har\u00e1 efectivo en enero de 2016 tras un acuerdo pactado entre la hotelera","inLanguage":"es-ES","isPartOf":{"@id":"https:\/\/eldigitaldeasturias.com\/magazine365\/#website"},"breadcrumb":{"@id":"https:\/\/eldigitaldeasturias.com\/magazine365\/el-grupo-iberostar-dejara-de-gestionar-en-enero-el-hotel-son-antem-golf-resort-spa\/#breadcrumblist"},"author":{"@id":"https:\/\/eldigitaldeasturias.com\/magazine365\/author\/admin\/#author"},"creator":{"@id":"https:\/\/eldigitaldeasturias.com\/magazine365\/author\/admin\/#author"},"image":{"@type":"ImageObject","url":"https:\/\/eldigitaldeasturias.com\/magazine365\/wp-content\/uploads\/2015\/12\/fotonoticia_20151211130237_800.jpg","@id":"https:\/\/eldigitaldeasturias.com\/magazine365\/el-grupo-iberostar-dejara-de-gestionar-en-enero-el-hotel-son-antem-golf-resort-spa\/#mainImage","width":800,"height":534},"primaryImageOfPage":{"@id":"https:\/\/eldigitaldeasturias.com\/magazine365\/el-grupo-iberostar-dejara-de-gestionar-en-enero-el-hotel-son-antem-golf-resort-spa\/#mainImage"},"datePublished":"2015-12-12T03:20:28+01:00","dateModified":"2015-12-12T03:20:28+01:00"},{"@type":"WebSite","@id":"https:\/\/eldigitaldeasturias.com\/magazine365\/#website","url":"https:\/\/eldigitaldeasturias.com\/magazine365\/","name":"El Digital de Asturias","description":"Revista de ocio, turismo y estilo de vida","inLanguage":"es-ES","publisher":{"@id":"https:\/\/eldigitaldeasturias.com\/magazine365\/#organization"}}]},"og:locale":"es_ES","og:site_name":"El Digital de Asturias \u2013 Revista de ocio, turismo y estilo de vida","og:type":"article","og:title":"El Grupo Iberostar dejar\u00e1 de gestionar en enero el hotel Son Antem Golf Resort &amp; Spa | El Digital de Asturias","og:description":"El Grupo Iberostar dejar\u00e1 de gestionar en enero el hotel Son Antem Golf Resort &amp; Spa, ubicado en Mallorca, tras dos a\u00f1os y medio despu\u00e9s de su incorporaci\u00f3n al 'portfolio' de la cadena mallorquina, seg\u00fan anunci\u00f3 en un comunicado. El cese se har\u00e1 efectivo en enero de 2016 tras un acuerdo pactado entre la hotelera","og:url":"https:\/\/eldigitaldeasturias.com\/magazine365\/el-grupo-iberostar-dejara-de-gestionar-en-enero-el-hotel-son-antem-golf-resort-spa\/","og:image":"https:\/\/eldigitaldeasturias.com\/magazine365\/wp-content\/uploads\/2015\/12\/fotonoticia_20151211130237_800.jpg","og:image:secure_url":"https:\/\/eldigitaldeasturias.com\/magazine365\/wp-content\/uploads\/2015\/12\/fotonoticia_20151211130237_800.jpg","og:image:width":800,"og:image:height":534,"article:published_time":"2015-12-12T02:20:28+00:00","article:modified_time":"2015-12-12T02:20:28+00:00","twitter:card":"summary_large_image","twitter:title":"El Grupo Iberostar dejar\u00e1 de gestionar en enero el hotel Son Antem Golf Resort &amp; Spa | El Digital de Asturias","twitter:description":"El Grupo Iberostar dejar\u00e1 de gestionar en enero el hotel Son Antem Golf Resort &amp; Spa, ubicado en Mallorca, tras dos a\u00f1os y medio despu\u00e9s de su incorporaci\u00f3n al 'portfolio' de la cadena mallorquina, seg\u00fan anunci\u00f3 en un comunicado. El cese se har\u00e1 efectivo en enero de 2016 tras un acuerdo pactado entre la hotelera","twitter:image":"https:\/\/eldigitaldeasturias.com\/magazine365\/wp-content\/uploads\/2015\/12\/fotonoticia_20151211130237_800.jpg"},"aioseo_meta_data":{"post_id":"58285","title":null,"description":null,"keywords":null,"keyphrases":null,"primary_term":null,"canonical_url":null,"og_title":null,"og_description":null,"og_object_type":"default","og_image_type":"default","og_image_url":null,"og_image_width":null,"og_image_height":null,"og_image_custom_url":null,"og_image_custom_fields":null,"og_video":null,"og_custom_url":null,"og_article_section":null,"og_article_tags":null,"twitter_use_og":false,"twitter_card":"default","twitter_image_type":"default","twitter_image_url":null,"twitter_image_custom_url":null,"twitter_image_custom_fields":null,"twitter_title":null,"twitter_description":null,"schema":{"blockGraphs":[],"customGraphs":[],"default":{"data":{"Article":[],"Course":[],"Dataset":[],"FAQPage":[],"Movie":[],"Person":[],"Product":[],"ProductReview":[],"Car":[],"Recipe":[],"Service":[],"SoftwareApplication":[],"WebPage":[]},"graphName":"","isEnabled":true},"graphs":[],"defaultGraph":"","defaultPostTypeGraph":""},"schema_type":null,"schema_type_options":null,"pillar_content":false,"robots_default":true,"robots_noindex":false,"robots_noarchive":false,"robots_nosnippet":false,"robots_nofollow":false,"robots_noimageindex":false,"robots_noodp":false,"robots_notranslate":false,"robots_max_snippet":null,"robots_max_videopreview":null,"robots_max_imagepreview":"large","priority":null,"frequency":null,"location":null,"local_seo":null,"seo_analyzer_scan_date":"2025-09-25 02:42:32","breadcrumb_settings":null,"limit_modified_date":false,"open_ai":null,"ai":null,"created":"2021-03-08 22:32:33","updated":"2025-09-25 02:42:32"},"aioseo_breadcrumb":"<div class=\"aioseo-breadcrumbs\"><span class=\"aioseo-breadcrumb\">\n\t<a href=\"https:\/\/eldigitaldeasturias.com\/magazine365\" title=\"Home\">Home<\/a>\n<\/span><span class=\"aioseo-breadcrumb-separator\">\u2013<\/span><span class=\"aioseo-breadcrumb\">\n\t<a href=\"https:\/\/eldigitaldeasturias.com\/magazine365\/category\/noticias-actualidad\/\" title=\"Noticias y Actualidad\">Noticias y Actualidad<\/a>\n<\/span><span class=\"aioseo-breadcrumb-separator\">\u2013<\/span><span class=\"aioseo-breadcrumb\">\n\t<a href=\"https:\/\/eldigitaldeasturias.com\/magazine365\/el-grupo-iberostar-dejara-de-gestionar-en-enero-el-hotel-son-antem-golf-resort-spa\/\" title=\"El Grupo Iberostar dejar\u00e1 de gestionar en enero el hotel Son Antem Golf Resort &amp; Spa\">El Grupo Iberostar dejar\u00e1 de gestionar en enero el hotel Son Antem Golf Resort &amp; Spa<\/a>\n<\/span><\/div>","aioseo_breadcrumb_json":[{"label":"Home","link":"https:\/\/eldigitaldeasturias.com\/magazine365"},{"label":"Noticias y Actualidad","link":"https:\/\/eldigitaldeasturias.com\/magazine365\/category\/noticias-actualidad\/"},{"label":"El Grupo Iberostar dejar\u00e1 de gestionar en enero el hotel Son Antem Golf Resort &#038; Spa","link":"https:\/\/eldigitaldeasturias.com\/magazine365\/el-grupo-iberostar-dejara-de-gestionar-en-enero-el-hotel-son-antem-golf-resort-spa\/"}],"_links":{"self":[{"href":"https:\/\/eldigitaldeasturias.com\/magazine365\/wp-json\/wp\/v2\/posts\/58285","targetHints":{"allow":["GET"]}}],"collection":[{"href":"https:\/\/eldigitaldeasturias.com\/magazine365\/wp-json\/wp\/v2\/posts"}],"about":[{"href":"https:\/\/eldigitaldeasturias.com\/magazine365\/wp-json\/wp\/v2\/types\/post"}],"author":[{"embeddable":true,"href":"https:\/\/eldigitaldeasturias.com\/magazine365\/wp-json\/wp\/v2\/users\/1"}],"replies":[{"embeddable":true,"href":"https:\/\/eldigitaldeasturias.com\/magazine365\/wp-json\/wp\/v2\/comments?post=58285"}],"version-history":[{"count":0,"href":"https:\/\/eldigitaldeasturias.com\/magazine365\/wp-json\/wp\/v2\/posts\/58285\/revisions"}],"wp:featuredmedia":[{"embeddable":true,"href":"https:\/\/eldigitaldeasturias.com\/magazine365\/wp-json\/wp\/v2\/media\/58286"}],"wp:attachment":[{"href":"https:\/\/eldigitaldeasturias.com\/magazine365\/wp-json\/wp\/v2\/media?parent=58285"}],"wp:term":[{"taxonomy":"category","embeddable":true,"href":"https:\/\/eldigitaldeasturias.com\/magazine365\/wp-json\/wp\/v2\/categories?post=58285"},{"taxonomy":"post_tag","embeddable":true,"href":"https:\/\/eldigitaldeasturias.com\/magazine365\/wp-json\/wp\/v2\/tags?post=58285"}],"curies":[{"name":"wp","href":"https:\/\/api.w.org\/{rel}","templated":true}]}}