{"id":58268,"date":"2015-12-11T20:02:12","date_gmt":"2015-12-11T19:02:12","guid":{"rendered":"http:\/\/eldigitaldeasturias.com\/magazine365\/?p=58268"},"modified":"2015-12-11T20:02:12","modified_gmt":"2015-12-11T19:02:12","slug":"londres-aplaza-la-decision-de-ampliar-el-aeropuerto-de-heathrow-al-proximo-ano","status":"publish","type":"post","link":"https:\/\/eldigitaldeasturias.com\/magazine365\/londres-aplaza-la-decision-de-ampliar-el-aeropuerto-de-heathrow-al-proximo-ano\/","title":{"rendered":"Londres aplaza la decisi\u00f3n de ampliar el aeropuerto de Heathrow al pr\u00f3ximo a\u00f1o"},"content":{"rendered":"<p><img fetchpriority=\"high\" decoding=\"async\" class=\"alignleft size-medium wp-image-58269\" src=\"https:\/\/eldigitaldeasturias.com\/magazine365\/wp-content\/uploads\/2015\/12\/fotonoticia_20151211122621_800-360x212.jpg\" alt=\"fotonoticia_20151211122621_800\" width=\"360\" height=\"212\" srcset=\"https:\/\/eldigitaldeasturias.com\/magazine365\/wp-content\/uploads\/2015\/12\/fotonoticia_20151211122621_800-360x212.jpg 360w, https:\/\/eldigitaldeasturias.com\/magazine365\/wp-content\/uploads\/2015\/12\/fotonoticia_20151211122621_800-650x382.jpg 650w, https:\/\/eldigitaldeasturias.com\/magazine365\/wp-content\/uploads\/2015\/12\/fotonoticia_20151211122621_800-768x451.jpg 768w, https:\/\/eldigitaldeasturias.com\/magazine365\/wp-content\/uploads\/2015\/12\/fotonoticia_20151211122621_800-150x88.jpg 150w, https:\/\/eldigitaldeasturias.com\/magazine365\/wp-content\/uploads\/2015\/12\/fotonoticia_20151211122621_800-450x264.jpg 450w, https:\/\/eldigitaldeasturias.com\/magazine365\/wp-content\/uploads\/2015\/12\/fotonoticia_20151211122621_800-696x409.jpg 696w, https:\/\/eldigitaldeasturias.com\/magazine365\/wp-content\/uploads\/2015\/12\/fotonoticia_20151211122621_800-715x420.jpg 715w, https:\/\/eldigitaldeasturias.com\/magazine365\/wp-content\/uploads\/2015\/12\/fotonoticia_20151211122621_800-172x100.jpg 172w, https:\/\/eldigitaldeasturias.com\/magazine365\/wp-content\/uploads\/2015\/12\/fotonoticia_20151211122621_800.jpg 800w\" sizes=\"(max-width: 360px) 100vw, 360px\" \/>El Gobierno brit\u00e1nico aplaz\u00f3 la decisi\u00f3n sobre la construcci\u00f3n de una tercera pista en el aeropuerto londinense de Heathrow \u00abal menos seis meses\u00bb para analizar adecuadamente el \u00abimpacto medioambiental\u00bb de la ampliaci\u00f3n.<\/p>\n<p>El Ejecutivo brit\u00e1nico asegura que ha aceptado las recomendaciones de una Comisi\u00f3n independiente que se\u00f1ala la necesidad de aumentar la capacidad de la actividad a\u00e9rea pero a\u00f1adi\u00f3 que se necesita estudiar \u00abm\u00e1s en profundidad el impacto medioambiental\u00bb.<\/p>\n<p>El primer ministro, David Cameron, que hab\u00eda prometido la decisi\u00f3n para final de a\u00f1o ha anunciado ahora que la pospone al pr\u00f3ximo verano.<\/p>\n<p>Una comisi\u00f3n del Parlamento brit\u00e1nico dictamin\u00f3 en julio que una tercera pista en Heathrow ser\u00eda la mejor opci\u00f3n para ampliar la capacidad del tr\u00e1fico a\u00e9reo en Londres, aunque dej\u00f3 la puerta abierta a la posibilidad de que esta ampliaci\u00f3n se realice en Gatwick.<\/p>\n<p>El retraso de la decisi\u00f3n de d\u00f3nde construir una pista de aterrizaje est\u00e1 causando gran consternaci\u00f3n entre grandes empresas y economistas que consideran que la ampliaci\u00f3n del aeropuerto es vital para el crecimiento econ\u00f3mico.<\/p>\n<p>\u00abLa expansi\u00f3n est\u00e1 clara pero es de vital importancia que tomemos la decisi\u00f3n correcta para beneficio de las generaciones futuras\u00bb, asegur\u00f3 el ministro de transporte, Patrick McLoughlin.<\/p>\n<p>\u00abVamos a realizar un estudio m\u00e1s intenso sobre los impactos ambientales, incluyendo la calidad del aire, el ruido y el carbono\u00bb, explic\u00f3.<\/p>\n","protected":false},"excerpt":{"rendered":"<p>El Gobierno brit\u00e1nico aplaz\u00f3 la decisi\u00f3n sobre la construcci\u00f3n de una tercera pista en el aeropuerto londinense de Heathrow \u00abal menos seis meses\u00bb para analizar adecuadamente el \u00abimpacto medioambiental\u00bb de la ampliaci\u00f3n. El Ejecutivo brit\u00e1nico asegura que ha aceptado las recomendaciones de una Comisi\u00f3n independiente que se\u00f1ala la necesidad de aumentar la capacidad de la<\/p>\n","protected":false},"author":1,"featured_media":58269,"comment_status":"open","ping_status":"closed","sticky":false,"template":"","format":"standard","meta":{"footnotes":""},"categories":[224],"tags":[],"class_list":{"0":"post-58268","1":"post","2":"type-post","3":"status-publish","4":"format-standard","5":"has-post-thumbnail","7":"category-noticias-actualidad"},"aioseo_notices":[],"aioseo_head":"\n\t\t<!-- All in One SEO Pro 4.9.6.1 - aioseo.com -->\n\t<meta name=\"description\" content=\"El Gobierno brit\u00e1nico aplaz\u00f3 la decisi\u00f3n sobre la construcci\u00f3n de una tercera pista en el aeropuerto londinense de Heathrow &quot;al menos seis meses&quot; para analizar adecuadamente el &quot;impacto medioambiental&quot; de la ampliaci\u00f3n. El Ejecutivo brit\u00e1nico asegura que ha aceptado las recomendaciones de una Comisi\u00f3n independiente que se\u00f1ala la necesidad de aumentar la capacidad de la\" \/>\n\t<meta name=\"robots\" content=\"max-image-preview:large\" \/>\n\t<meta name=\"author\" content=\"admin\"\/>\n\t<meta name=\"google-site-verification\" content=\"UA-38556648-1\" \/>\n\t<meta name=\"keywords\" content=\"noticias y actualidad\" \/>\n\t<link rel=\"canonical\" href=\"https:\/\/eldigitaldeasturias.com\/magazine365\/londres-aplaza-la-decision-de-ampliar-el-aeropuerto-de-heathrow-al-proximo-ano\/\" \/>\n\t<meta name=\"generator\" content=\"All in One SEO Pro (AIOSEO) 4.9.6.1\" \/>\n\t\t<meta property=\"og:locale\" content=\"es_ES\" \/>\n\t\t<meta property=\"og:site_name\" content=\"El Digital de Asturias \u2013 Revista de ocio, turismo y estilo de vida\" \/>\n\t\t<meta property=\"og:type\" content=\"article\" \/>\n\t\t<meta property=\"og:title\" content=\"Londres aplaza la decisi\u00f3n de ampliar el aeropuerto de Heathrow al pr\u00f3ximo a\u00f1o | El Digital de Asturias\" \/>\n\t\t<meta property=\"og:description\" content=\"El Gobierno brit\u00e1nico aplaz\u00f3 la decisi\u00f3n sobre la construcci\u00f3n de una tercera pista en el aeropuerto londinense de Heathrow &quot;al menos seis meses&quot; para analizar adecuadamente el &quot;impacto medioambiental&quot; de la ampliaci\u00f3n. El Ejecutivo brit\u00e1nico asegura que ha aceptado las recomendaciones de una Comisi\u00f3n independiente que se\u00f1ala la necesidad de aumentar la capacidad de la\" \/>\n\t\t<meta property=\"og:url\" content=\"https:\/\/eldigitaldeasturias.com\/magazine365\/londres-aplaza-la-decision-de-ampliar-el-aeropuerto-de-heathrow-al-proximo-ano\/\" \/>\n\t\t<meta property=\"og:image\" content=\"https:\/\/eldigitaldeasturias.com\/magazine365\/wp-content\/uploads\/2015\/12\/fotonoticia_20151211122621_800.jpg\" \/>\n\t\t<meta property=\"og:image:secure_url\" content=\"https:\/\/eldigitaldeasturias.com\/magazine365\/wp-content\/uploads\/2015\/12\/fotonoticia_20151211122621_800.jpg\" \/>\n\t\t<meta property=\"og:image:width\" content=\"800\" \/>\n\t\t<meta property=\"og:image:height\" content=\"470\" \/>\n\t\t<meta property=\"article:published_time\" content=\"2015-12-11T19:02:12+00:00\" \/>\n\t\t<meta property=\"article:modified_time\" content=\"2015-12-11T19:02:12+00:00\" \/>\n\t\t<meta name=\"twitter:card\" content=\"summary_large_image\" \/>\n\t\t<meta name=\"twitter:title\" content=\"Londres aplaza la decisi\u00f3n de ampliar el aeropuerto de Heathrow al pr\u00f3ximo a\u00f1o | El Digital de Asturias\" \/>\n\t\t<meta name=\"twitter:description\" content=\"El Gobierno brit\u00e1nico aplaz\u00f3 la decisi\u00f3n sobre la construcci\u00f3n de una tercera pista en el aeropuerto londinense de Heathrow &quot;al menos seis meses&quot; para analizar adecuadamente el &quot;impacto medioambiental&quot; de la ampliaci\u00f3n. El Ejecutivo brit\u00e1nico asegura que ha aceptado las recomendaciones de una Comisi\u00f3n independiente que se\u00f1ala la necesidad de aumentar la capacidad de la\" \/>\n\t\t<meta name=\"twitter:image\" content=\"https:\/\/eldigitaldeasturias.com\/magazine365\/wp-content\/uploads\/2015\/12\/fotonoticia_20151211122621_800.jpg\" \/>\n\t\t<script type=\"application\/ld+json\" class=\"aioseo-schema\">\n\t\t\t{\"@context\":\"https:\\\/\\\/schema.org\",\"@graph\":[{\"@type\":\"Article\",\"@id\":\"https:\\\/\\\/eldigitaldeasturias.com\\\/magazine365\\\/londres-aplaza-la-decision-de-ampliar-el-aeropuerto-de-heathrow-al-proximo-ano\\\/#article\",\"name\":\"Londres aplaza la decisi\\u00f3n de ampliar el aeropuerto de Heathrow al pr\\u00f3ximo a\\u00f1o | El Digital de Asturias\",\"headline\":\"Londres aplaza la decisi\\u00f3n de ampliar el aeropuerto de Heathrow al pr\\u00f3ximo a\\u00f1o\",\"author\":{\"@id\":\"https:\\\/\\\/eldigitaldeasturias.com\\\/magazine365\\\/author\\\/admin\\\/#author\"},\"publisher\":{\"@id\":\"https:\\\/\\\/eldigitaldeasturias.com\\\/magazine365\\\/#organization\"},\"image\":{\"@type\":\"ImageObject\",\"url\":\"https:\\\/\\\/eldigitaldeasturias.com\\\/magazine365\\\/wp-content\\\/uploads\\\/2015\\\/12\\\/fotonoticia_20151211122621_800.jpg\",\"width\":800,\"height\":470},\"datePublished\":\"2015-12-11T20:02:12+01:00\",\"dateModified\":\"2015-12-11T20:02:12+01:00\",\"inLanguage\":\"es-ES\",\"mainEntityOfPage\":{\"@id\":\"https:\\\/\\\/eldigitaldeasturias.com\\\/magazine365\\\/londres-aplaza-la-decision-de-ampliar-el-aeropuerto-de-heathrow-al-proximo-ano\\\/#webpage\"},\"isPartOf\":{\"@id\":\"https:\\\/\\\/eldigitaldeasturias.com\\\/magazine365\\\/londres-aplaza-la-decision-de-ampliar-el-aeropuerto-de-heathrow-al-proximo-ano\\\/#webpage\"},\"articleSection\":\"Noticias y Actualidad\"},{\"@type\":\"BreadcrumbList\",\"@id\":\"https:\\\/\\\/eldigitaldeasturias.com\\\/magazine365\\\/londres-aplaza-la-decision-de-ampliar-el-aeropuerto-de-heathrow-al-proximo-ano\\\/#breadcrumblist\",\"itemListElement\":[{\"@type\":\"ListItem\",\"@id\":\"https:\\\/\\\/eldigitaldeasturias.com\\\/magazine365#listItem\",\"position\":1,\"name\":\"Home\",\"item\":\"https:\\\/\\\/eldigitaldeasturias.com\\\/magazine365\",\"nextItem\":{\"@type\":\"ListItem\",\"@id\":\"https:\\\/\\\/eldigitaldeasturias.com\\\/magazine365\\\/category\\\/noticias-actualidad\\\/#listItem\",\"name\":\"Noticias y Actualidad\"}},{\"@type\":\"ListItem\",\"@id\":\"https:\\\/\\\/eldigitaldeasturias.com\\\/magazine365\\\/category\\\/noticias-actualidad\\\/#listItem\",\"position\":2,\"name\":\"Noticias y Actualidad\",\"item\":\"https:\\\/\\\/eldigitaldeasturias.com\\\/magazine365\\\/category\\\/noticias-actualidad\\\/\",\"nextItem\":{\"@type\":\"ListItem\",\"@id\":\"https:\\\/\\\/eldigitaldeasturias.com\\\/magazine365\\\/londres-aplaza-la-decision-de-ampliar-el-aeropuerto-de-heathrow-al-proximo-ano\\\/#listItem\",\"name\":\"Londres aplaza la decisi\\u00f3n de ampliar el aeropuerto de Heathrow al pr\\u00f3ximo a\\u00f1o\"},\"previousItem\":{\"@type\":\"ListItem\",\"@id\":\"https:\\\/\\\/eldigitaldeasturias.com\\\/magazine365#listItem\",\"name\":\"Home\"}},{\"@type\":\"ListItem\",\"@id\":\"https:\\\/\\\/eldigitaldeasturias.com\\\/magazine365\\\/londres-aplaza-la-decision-de-ampliar-el-aeropuerto-de-heathrow-al-proximo-ano\\\/#listItem\",\"position\":3,\"name\":\"Londres aplaza la decisi\\u00f3n de ampliar el aeropuerto de Heathrow al pr\\u00f3ximo a\\u00f1o\",\"previousItem\":{\"@type\":\"ListItem\",\"@id\":\"https:\\\/\\\/eldigitaldeasturias.com\\\/magazine365\\\/category\\\/noticias-actualidad\\\/#listItem\",\"name\":\"Noticias y Actualidad\"}}]},{\"@type\":\"Organization\",\"@id\":\"https:\\\/\\\/eldigitaldeasturias.com\\\/magazine365\\\/#organization\",\"name\":\"El digital de Asturias\",\"description\":\"Revista de ocio, turismo y estilo de vida\",\"url\":\"https:\\\/\\\/eldigitaldeasturias.com\\\/magazine365\\\/\",\"logo\":{\"@type\":\"ImageObject\",\"url\":\"https:\\\/\\\/www.eldigitaldeasturias.com\\\/noticias\\\/wp-content\\\/uploads\\\/2020\\\/12\\\/EDA.jpg\",\"@id\":\"https:\\\/\\\/eldigitaldeasturias.com\\\/magazine365\\\/londres-aplaza-la-decision-de-ampliar-el-aeropuerto-de-heathrow-al-proximo-ano\\\/#organizationLogo\"},\"image\":{\"@id\":\"https:\\\/\\\/eldigitaldeasturias.com\\\/magazine365\\\/londres-aplaza-la-decision-de-ampliar-el-aeropuerto-de-heathrow-al-proximo-ano\\\/#organizationLogo\"}},{\"@type\":\"Person\",\"@id\":\"https:\\\/\\\/eldigitaldeasturias.com\\\/magazine365\\\/author\\\/admin\\\/#author\",\"url\":\"https:\\\/\\\/eldigitaldeasturias.com\\\/magazine365\\\/author\\\/admin\\\/\",\"name\":\"admin\",\"image\":{\"@type\":\"ImageObject\",\"@id\":\"https:\\\/\\\/eldigitaldeasturias.com\\\/magazine365\\\/londres-aplaza-la-decision-de-ampliar-el-aeropuerto-de-heathrow-al-proximo-ano\\\/#authorImage\",\"url\":\"https:\\\/\\\/eldigitaldeasturias.com\\\/magazine365\\\/wp-content\\\/litespeed\\\/avatar\\\/e571bcf59a0edd6fa6838245a470f2fe.jpg?ver=1777574230\",\"width\":96,\"height\":96,\"caption\":\"admin\"}},{\"@type\":\"WebPage\",\"@id\":\"https:\\\/\\\/eldigitaldeasturias.com\\\/magazine365\\\/londres-aplaza-la-decision-de-ampliar-el-aeropuerto-de-heathrow-al-proximo-ano\\\/#webpage\",\"url\":\"https:\\\/\\\/eldigitaldeasturias.com\\\/magazine365\\\/londres-aplaza-la-decision-de-ampliar-el-aeropuerto-de-heathrow-al-proximo-ano\\\/\",\"name\":\"Londres aplaza la decisi\\u00f3n de ampliar el aeropuerto de Heathrow al pr\\u00f3ximo a\\u00f1o | El Digital de Asturias\",\"description\":\"El Gobierno brit\\u00e1nico aplaz\\u00f3 la decisi\\u00f3n sobre la construcci\\u00f3n de una tercera pista en el aeropuerto londinense de Heathrow \\\"al menos seis meses\\\" para analizar adecuadamente el \\\"impacto medioambiental\\\" de la ampliaci\\u00f3n. El Ejecutivo brit\\u00e1nico asegura que ha aceptado las recomendaciones de una Comisi\\u00f3n independiente que se\\u00f1ala la necesidad de aumentar la capacidad de la\",\"inLanguage\":\"es-ES\",\"isPartOf\":{\"@id\":\"https:\\\/\\\/eldigitaldeasturias.com\\\/magazine365\\\/#website\"},\"breadcrumb\":{\"@id\":\"https:\\\/\\\/eldigitaldeasturias.com\\\/magazine365\\\/londres-aplaza-la-decision-de-ampliar-el-aeropuerto-de-heathrow-al-proximo-ano\\\/#breadcrumblist\"},\"author\":{\"@id\":\"https:\\\/\\\/eldigitaldeasturias.com\\\/magazine365\\\/author\\\/admin\\\/#author\"},\"creator\":{\"@id\":\"https:\\\/\\\/eldigitaldeasturias.com\\\/magazine365\\\/author\\\/admin\\\/#author\"},\"image\":{\"@type\":\"ImageObject\",\"url\":\"https:\\\/\\\/eldigitaldeasturias.com\\\/magazine365\\\/wp-content\\\/uploads\\\/2015\\\/12\\\/fotonoticia_20151211122621_800.jpg\",\"@id\":\"https:\\\/\\\/eldigitaldeasturias.com\\\/magazine365\\\/londres-aplaza-la-decision-de-ampliar-el-aeropuerto-de-heathrow-al-proximo-ano\\\/#mainImage\",\"width\":800,\"height\":470},\"primaryImageOfPage\":{\"@id\":\"https:\\\/\\\/eldigitaldeasturias.com\\\/magazine365\\\/londres-aplaza-la-decision-de-ampliar-el-aeropuerto-de-heathrow-al-proximo-ano\\\/#mainImage\"},\"datePublished\":\"2015-12-11T20:02:12+01:00\",\"dateModified\":\"2015-12-11T20:02:12+01:00\"},{\"@type\":\"WebSite\",\"@id\":\"https:\\\/\\\/eldigitaldeasturias.com\\\/magazine365\\\/#website\",\"url\":\"https:\\\/\\\/eldigitaldeasturias.com\\\/magazine365\\\/\",\"name\":\"El Digital de Asturias\",\"description\":\"Revista de ocio, turismo y estilo de vida\",\"inLanguage\":\"es-ES\",\"publisher\":{\"@id\":\"https:\\\/\\\/eldigitaldeasturias.com\\\/magazine365\\\/#organization\"}}]}\n\t\t<\/script>\n\t\t<!-- All in One SEO Pro -->\r\n\t\t<title>Londres aplaza la decisi\u00f3n de ampliar el aeropuerto de Heathrow al pr\u00f3ximo a\u00f1o | El Digital de Asturias<\/title>\n\n","aioseo_head_json":{"title":"Londres aplaza la decisi\u00f3n de ampliar el aeropuerto de Heathrow al pr\u00f3ximo a\u00f1o | El Digital de Asturias","description":"El Gobierno brit\u00e1nico aplaz\u00f3 la decisi\u00f3n sobre la construcci\u00f3n de una tercera pista en el aeropuerto londinense de Heathrow \"al menos seis meses\" para analizar adecuadamente el \"impacto medioambiental\" de la ampliaci\u00f3n. El Ejecutivo brit\u00e1nico asegura que ha aceptado las recomendaciones de una Comisi\u00f3n independiente que se\u00f1ala la necesidad de aumentar la capacidad de la","canonical_url":"https:\/\/eldigitaldeasturias.com\/magazine365\/londres-aplaza-la-decision-de-ampliar-el-aeropuerto-de-heathrow-al-proximo-ano\/","robots":"max-image-preview:large","keywords":"noticias y actualidad","webmasterTools":{"google-site-verification":"UA-38556648-1","miscellaneous":""},"schema":{"@context":"https:\/\/schema.org","@graph":[{"@type":"Article","@id":"https:\/\/eldigitaldeasturias.com\/magazine365\/londres-aplaza-la-decision-de-ampliar-el-aeropuerto-de-heathrow-al-proximo-ano\/#article","name":"Londres aplaza la decisi\u00f3n de ampliar el aeropuerto de Heathrow al pr\u00f3ximo a\u00f1o | El Digital de Asturias","headline":"Londres aplaza la decisi\u00f3n de ampliar el aeropuerto de Heathrow al pr\u00f3ximo a\u00f1o","author":{"@id":"https:\/\/eldigitaldeasturias.com\/magazine365\/author\/admin\/#author"},"publisher":{"@id":"https:\/\/eldigitaldeasturias.com\/magazine365\/#organization"},"image":{"@type":"ImageObject","url":"https:\/\/eldigitaldeasturias.com\/magazine365\/wp-content\/uploads\/2015\/12\/fotonoticia_20151211122621_800.jpg","width":800,"height":470},"datePublished":"2015-12-11T20:02:12+01:00","dateModified":"2015-12-11T20:02:12+01:00","inLanguage":"es-ES","mainEntityOfPage":{"@id":"https:\/\/eldigitaldeasturias.com\/magazine365\/londres-aplaza-la-decision-de-ampliar-el-aeropuerto-de-heathrow-al-proximo-ano\/#webpage"},"isPartOf":{"@id":"https:\/\/eldigitaldeasturias.com\/magazine365\/londres-aplaza-la-decision-de-ampliar-el-aeropuerto-de-heathrow-al-proximo-ano\/#webpage"},"articleSection":"Noticias y Actualidad"},{"@type":"BreadcrumbList","@id":"https:\/\/eldigitaldeasturias.com\/magazine365\/londres-aplaza-la-decision-de-ampliar-el-aeropuerto-de-heathrow-al-proximo-ano\/#breadcrumblist","itemListElement":[{"@type":"ListItem","@id":"https:\/\/eldigitaldeasturias.com\/magazine365#listItem","position":1,"name":"Home","item":"https:\/\/eldigitaldeasturias.com\/magazine365","nextItem":{"@type":"ListItem","@id":"https:\/\/eldigitaldeasturias.com\/magazine365\/category\/noticias-actualidad\/#listItem","name":"Noticias y Actualidad"}},{"@type":"ListItem","@id":"https:\/\/eldigitaldeasturias.com\/magazine365\/category\/noticias-actualidad\/#listItem","position":2,"name":"Noticias y Actualidad","item":"https:\/\/eldigitaldeasturias.com\/magazine365\/category\/noticias-actualidad\/","nextItem":{"@type":"ListItem","@id":"https:\/\/eldigitaldeasturias.com\/magazine365\/londres-aplaza-la-decision-de-ampliar-el-aeropuerto-de-heathrow-al-proximo-ano\/#listItem","name":"Londres aplaza la decisi\u00f3n de ampliar el aeropuerto de Heathrow al pr\u00f3ximo a\u00f1o"},"previousItem":{"@type":"ListItem","@id":"https:\/\/eldigitaldeasturias.com\/magazine365#listItem","name":"Home"}},{"@type":"ListItem","@id":"https:\/\/eldigitaldeasturias.com\/magazine365\/londres-aplaza-la-decision-de-ampliar-el-aeropuerto-de-heathrow-al-proximo-ano\/#listItem","position":3,"name":"Londres aplaza la decisi\u00f3n de ampliar el aeropuerto de Heathrow al pr\u00f3ximo a\u00f1o","previousItem":{"@type":"ListItem","@id":"https:\/\/eldigitaldeasturias.com\/magazine365\/category\/noticias-actualidad\/#listItem","name":"Noticias y Actualidad"}}]},{"@type":"Organization","@id":"https:\/\/eldigitaldeasturias.com\/magazine365\/#organization","name":"El digital de Asturias","description":"Revista de ocio, turismo y estilo de vida","url":"https:\/\/eldigitaldeasturias.com\/magazine365\/","logo":{"@type":"ImageObject","url":"https:\/\/www.eldigitaldeasturias.com\/noticias\/wp-content\/uploads\/2020\/12\/EDA.jpg","@id":"https:\/\/eldigitaldeasturias.com\/magazine365\/londres-aplaza-la-decision-de-ampliar-el-aeropuerto-de-heathrow-al-proximo-ano\/#organizationLogo"},"image":{"@id":"https:\/\/eldigitaldeasturias.com\/magazine365\/londres-aplaza-la-decision-de-ampliar-el-aeropuerto-de-heathrow-al-proximo-ano\/#organizationLogo"}},{"@type":"Person","@id":"https:\/\/eldigitaldeasturias.com\/magazine365\/author\/admin\/#author","url":"https:\/\/eldigitaldeasturias.com\/magazine365\/author\/admin\/","name":"admin","image":{"@type":"ImageObject","@id":"https:\/\/eldigitaldeasturias.com\/magazine365\/londres-aplaza-la-decision-de-ampliar-el-aeropuerto-de-heathrow-al-proximo-ano\/#authorImage","url":"https:\/\/eldigitaldeasturias.com\/magazine365\/wp-content\/litespeed\/avatar\/e571bcf59a0edd6fa6838245a470f2fe.jpg?ver=1777574230","width":96,"height":96,"caption":"admin"}},{"@type":"WebPage","@id":"https:\/\/eldigitaldeasturias.com\/magazine365\/londres-aplaza-la-decision-de-ampliar-el-aeropuerto-de-heathrow-al-proximo-ano\/#webpage","url":"https:\/\/eldigitaldeasturias.com\/magazine365\/londres-aplaza-la-decision-de-ampliar-el-aeropuerto-de-heathrow-al-proximo-ano\/","name":"Londres aplaza la decisi\u00f3n de ampliar el aeropuerto de Heathrow al pr\u00f3ximo a\u00f1o | El Digital de Asturias","description":"El Gobierno brit\u00e1nico aplaz\u00f3 la decisi\u00f3n sobre la construcci\u00f3n de una tercera pista en el aeropuerto londinense de Heathrow \"al menos seis meses\" para analizar adecuadamente el \"impacto medioambiental\" de la ampliaci\u00f3n. El Ejecutivo brit\u00e1nico asegura que ha aceptado las recomendaciones de una Comisi\u00f3n independiente que se\u00f1ala la necesidad de aumentar la capacidad de la","inLanguage":"es-ES","isPartOf":{"@id":"https:\/\/eldigitaldeasturias.com\/magazine365\/#website"},"breadcrumb":{"@id":"https:\/\/eldigitaldeasturias.com\/magazine365\/londres-aplaza-la-decision-de-ampliar-el-aeropuerto-de-heathrow-al-proximo-ano\/#breadcrumblist"},"author":{"@id":"https:\/\/eldigitaldeasturias.com\/magazine365\/author\/admin\/#author"},"creator":{"@id":"https:\/\/eldigitaldeasturias.com\/magazine365\/author\/admin\/#author"},"image":{"@type":"ImageObject","url":"https:\/\/eldigitaldeasturias.com\/magazine365\/wp-content\/uploads\/2015\/12\/fotonoticia_20151211122621_800.jpg","@id":"https:\/\/eldigitaldeasturias.com\/magazine365\/londres-aplaza-la-decision-de-ampliar-el-aeropuerto-de-heathrow-al-proximo-ano\/#mainImage","width":800,"height":470},"primaryImageOfPage":{"@id":"https:\/\/eldigitaldeasturias.com\/magazine365\/londres-aplaza-la-decision-de-ampliar-el-aeropuerto-de-heathrow-al-proximo-ano\/#mainImage"},"datePublished":"2015-12-11T20:02:12+01:00","dateModified":"2015-12-11T20:02:12+01:00"},{"@type":"WebSite","@id":"https:\/\/eldigitaldeasturias.com\/magazine365\/#website","url":"https:\/\/eldigitaldeasturias.com\/magazine365\/","name":"El Digital de Asturias","description":"Revista de ocio, turismo y estilo de vida","inLanguage":"es-ES","publisher":{"@id":"https:\/\/eldigitaldeasturias.com\/magazine365\/#organization"}}]},"og:locale":"es_ES","og:site_name":"El Digital de Asturias \u2013 Revista de ocio, turismo y estilo de vida","og:type":"article","og:title":"Londres aplaza la decisi\u00f3n de ampliar el aeropuerto de Heathrow al pr\u00f3ximo a\u00f1o | El Digital de Asturias","og:description":"El Gobierno brit\u00e1nico aplaz\u00f3 la decisi\u00f3n sobre la construcci\u00f3n de una tercera pista en el aeropuerto londinense de Heathrow &quot;al menos seis meses&quot; para analizar adecuadamente el &quot;impacto medioambiental&quot; de la ampliaci\u00f3n. El Ejecutivo brit\u00e1nico asegura que ha aceptado las recomendaciones de una Comisi\u00f3n independiente que se\u00f1ala la necesidad de aumentar la capacidad de la","og:url":"https:\/\/eldigitaldeasturias.com\/magazine365\/londres-aplaza-la-decision-de-ampliar-el-aeropuerto-de-heathrow-al-proximo-ano\/","og:image":"https:\/\/eldigitaldeasturias.com\/magazine365\/wp-content\/uploads\/2015\/12\/fotonoticia_20151211122621_800.jpg","og:image:secure_url":"https:\/\/eldigitaldeasturias.com\/magazine365\/wp-content\/uploads\/2015\/12\/fotonoticia_20151211122621_800.jpg","og:image:width":800,"og:image:height":470,"article:published_time":"2015-12-11T19:02:12+00:00","article:modified_time":"2015-12-11T19:02:12+00:00","twitter:card":"summary_large_image","twitter:title":"Londres aplaza la decisi\u00f3n de ampliar el aeropuerto de Heathrow al pr\u00f3ximo a\u00f1o | El Digital de Asturias","twitter:description":"El Gobierno brit\u00e1nico aplaz\u00f3 la decisi\u00f3n sobre la construcci\u00f3n de una tercera pista en el aeropuerto londinense de Heathrow &quot;al menos seis meses&quot; para analizar adecuadamente el &quot;impacto medioambiental&quot; de la ampliaci\u00f3n. El Ejecutivo brit\u00e1nico asegura que ha aceptado las recomendaciones de una Comisi\u00f3n independiente que se\u00f1ala la necesidad de aumentar la capacidad de la","twitter:image":"https:\/\/eldigitaldeasturias.com\/magazine365\/wp-content\/uploads\/2015\/12\/fotonoticia_20151211122621_800.jpg"},"aioseo_meta_data":{"post_id":"58268","title":null,"description":null,"keywords":null,"keyphrases":null,"primary_term":null,"canonical_url":null,"og_title":null,"og_description":null,"og_object_type":"default","og_image_type":"default","og_image_url":null,"og_image_width":null,"og_image_height":null,"og_image_custom_url":null,"og_image_custom_fields":null,"og_video":null,"og_custom_url":null,"og_article_section":null,"og_article_tags":null,"twitter_use_og":false,"twitter_card":"default","twitter_image_type":"default","twitter_image_url":null,"twitter_image_custom_url":null,"twitter_image_custom_fields":null,"twitter_title":null,"twitter_description":null,"schema":{"blockGraphs":[],"customGraphs":[],"default":{"data":{"Article":[],"Course":[],"Dataset":[],"FAQPage":[],"Movie":[],"Person":[],"Product":[],"ProductReview":[],"Car":[],"Recipe":[],"Service":[],"SoftwareApplication":[],"WebPage":[]},"graphName":"","isEnabled":true},"graphs":[],"defaultGraph":"","defaultPostTypeGraph":""},"schema_type":null,"schema_type_options":null,"pillar_content":false,"robots_default":true,"robots_noindex":false,"robots_noarchive":false,"robots_nosnippet":false,"robots_nofollow":false,"robots_noimageindex":false,"robots_noodp":false,"robots_notranslate":false,"robots_max_snippet":null,"robots_max_videopreview":null,"robots_max_imagepreview":"large","priority":null,"frequency":null,"location":null,"local_seo":null,"seo_analyzer_scan_date":"2025-09-25 02:40:01","breadcrumb_settings":null,"limit_modified_date":false,"open_ai":null,"ai":null,"created":"2021-03-08 22:32:34","updated":"2025-09-25 02:40:01"},"aioseo_breadcrumb":"<div class=\"aioseo-breadcrumbs\"><span class=\"aioseo-breadcrumb\">\n\t<a href=\"https:\/\/eldigitaldeasturias.com\/magazine365\" title=\"Home\">Home<\/a>\n<\/span><span class=\"aioseo-breadcrumb-separator\">\u2013<\/span><span class=\"aioseo-breadcrumb\">\n\t<a href=\"https:\/\/eldigitaldeasturias.com\/magazine365\/category\/noticias-actualidad\/\" title=\"Noticias y Actualidad\">Noticias y Actualidad<\/a>\n<\/span><span class=\"aioseo-breadcrumb-separator\">\u2013<\/span><span class=\"aioseo-breadcrumb\">\n\t<a href=\"https:\/\/eldigitaldeasturias.com\/magazine365\/londres-aplaza-la-decision-de-ampliar-el-aeropuerto-de-heathrow-al-proximo-ano\/\" title=\"Londres aplaza la decisi\u00f3n de ampliar el aeropuerto de Heathrow al pr\u00f3ximo a\u00f1o\">Londres aplaza la decisi\u00f3n de ampliar el aeropuerto de Heathrow al pr\u00f3ximo a\u00f1o<\/a>\n<\/span><\/div>","aioseo_breadcrumb_json":[{"label":"Home","link":"https:\/\/eldigitaldeasturias.com\/magazine365"},{"label":"Noticias y Actualidad","link":"https:\/\/eldigitaldeasturias.com\/magazine365\/category\/noticias-actualidad\/"},{"label":"Londres aplaza la decisi\u00f3n de ampliar el aeropuerto de Heathrow al pr\u00f3ximo a\u00f1o","link":"https:\/\/eldigitaldeasturias.com\/magazine365\/londres-aplaza-la-decision-de-ampliar-el-aeropuerto-de-heathrow-al-proximo-ano\/"}],"_links":{"self":[{"href":"https:\/\/eldigitaldeasturias.com\/magazine365\/wp-json\/wp\/v2\/posts\/58268","targetHints":{"allow":["GET"]}}],"collection":[{"href":"https:\/\/eldigitaldeasturias.com\/magazine365\/wp-json\/wp\/v2\/posts"}],"about":[{"href":"https:\/\/eldigitaldeasturias.com\/magazine365\/wp-json\/wp\/v2\/types\/post"}],"author":[{"embeddable":true,"href":"https:\/\/eldigitaldeasturias.com\/magazine365\/wp-json\/wp\/v2\/users\/1"}],"replies":[{"embeddable":true,"href":"https:\/\/eldigitaldeasturias.com\/magazine365\/wp-json\/wp\/v2\/comments?post=58268"}],"version-history":[{"count":0,"href":"https:\/\/eldigitaldeasturias.com\/magazine365\/wp-json\/wp\/v2\/posts\/58268\/revisions"}],"wp:featuredmedia":[{"embeddable":true,"href":"https:\/\/eldigitaldeasturias.com\/magazine365\/wp-json\/wp\/v2\/media\/58269"}],"wp:attachment":[{"href":"https:\/\/eldigitaldeasturias.com\/magazine365\/wp-json\/wp\/v2\/media?parent=58268"}],"wp:term":[{"taxonomy":"category","embeddable":true,"href":"https:\/\/eldigitaldeasturias.com\/magazine365\/wp-json\/wp\/v2\/categories?post=58268"},{"taxonomy":"post_tag","embeddable":true,"href":"https:\/\/eldigitaldeasturias.com\/magazine365\/wp-json\/wp\/v2\/tags?post=58268"}],"curies":[{"name":"wp","href":"https:\/\/api.w.org\/{rel}","templated":true}]}}