{"id":58250,"date":"2015-12-11T19:55:48","date_gmt":"2015-12-11T18:55:48","guid":{"rendered":"http:\/\/eldigitaldeasturias.com\/magazine365\/?p=58250"},"modified":"2015-12-11T19:55:48","modified_gmt":"2015-12-11T18:55:48","slug":"el-gobierno-de-canarias-convoca-los-examenes-para-obtener-el-carne-de-guia-de-turismo-en-2016","status":"publish","type":"post","link":"https:\/\/eldigitaldeasturias.com\/magazine365\/el-gobierno-de-canarias-convoca-los-examenes-para-obtener-el-carne-de-guia-de-turismo-en-2016\/","title":{"rendered":"El Gobierno de Canarias convoca los ex\u00e1menes para obtener el carn\u00e9 de Gu\u00eda de Turismo en 2016"},"content":{"rendered":"<p><img fetchpriority=\"high\" decoding=\"async\" class=\"alignleft size-medium wp-image-58251\" src=\"https:\/\/eldigitaldeasturias.com\/magazine365\/wp-content\/uploads\/2015\/12\/fotonoticia_20151211111300_800-360x247.jpg\" alt=\"fotonoticia_20151211111300_800\" width=\"360\" height=\"247\" srcset=\"https:\/\/eldigitaldeasturias.com\/magazine365\/wp-content\/uploads\/2015\/12\/fotonoticia_20151211111300_800-360x247.jpg 360w, https:\/\/eldigitaldeasturias.com\/magazine365\/wp-content\/uploads\/2015\/12\/fotonoticia_20151211111300_800-650x446.jpg 650w, https:\/\/eldigitaldeasturias.com\/magazine365\/wp-content\/uploads\/2015\/12\/fotonoticia_20151211111300_800-768x527.jpg 768w, https:\/\/eldigitaldeasturias.com\/magazine365\/wp-content\/uploads\/2015\/12\/fotonoticia_20151211111300_800-150x103.jpg 150w, https:\/\/eldigitaldeasturias.com\/magazine365\/wp-content\/uploads\/2015\/12\/fotonoticia_20151211111300_800-450x309.jpg 450w, https:\/\/eldigitaldeasturias.com\/magazine365\/wp-content\/uploads\/2015\/12\/fotonoticia_20151211111300_800-100x70.jpg 100w, https:\/\/eldigitaldeasturias.com\/magazine365\/wp-content\/uploads\/2015\/12\/fotonoticia_20151211111300_800-218x150.jpg 218w, https:\/\/eldigitaldeasturias.com\/magazine365\/wp-content\/uploads\/2015\/12\/fotonoticia_20151211111300_800-696x478.jpg 696w, https:\/\/eldigitaldeasturias.com\/magazine365\/wp-content\/uploads\/2015\/12\/fotonoticia_20151211111300_800-612x420.jpg 612w, https:\/\/eldigitaldeasturias.com\/magazine365\/wp-content\/uploads\/2015\/12\/fotonoticia_20151211111300_800.jpg 800w\" sizes=\"(max-width: 360px) 100vw, 360px\" \/>La Direcci\u00f3n General de Ordenaci\u00f3n y Promoci\u00f3n Tur\u00edstica de la Consejer\u00eda de Turismo, Cultura y Deportes del Gobierno de Canarias ha convocado, por Resoluci\u00f3n de 27 de noviembre de 2015, ex\u00e1menes para obtener el carn\u00e9 de Gu\u00eda de Turismo de Canarias en el a\u00f1o 2016.<\/p>\n<p>Seg\u00fan informa el Ejecutivo regional en un comunicado, en dicha convocatoria tambi\u00e9n podr\u00e1n participar gu\u00edas ya habilitados que deseen ampliar los idiomas de su carn\u00e9.<\/p>\n<p>As\u00ed, la obtenci\u00f3n del carn\u00e9 de Gu\u00eda de Turismo de Canarias es requisito necesario para ejercer dicha actividad en las excursiones y visitas tur\u00edsticas que se desarrollan en Canarias.<\/p>\n<p>El carn\u00e9 autoriza a trabajar en cualquiera de las islas del archipi\u00e9lago, despu\u00e9s de la superaci\u00f3n de unos ex\u00e1menes en que los aspirantes habr\u00e1n de acreditar conocimientos del patrimonio natural y cultural de las islas as\u00ed como conocimientos de, al menos, una lengua extranjera.<\/p>\n<p>Por su parte, la inscripci\u00f3n en las pruebas podr\u00e1 realizarse de modo presencial o telem\u00e1tico, y el plazo de inscripci\u00f3n en las pruebas ser\u00e1 de un mes desde el d\u00eda siguiente de la fecha de publicaci\u00f3n de la resoluci\u00f3n de convocatoria en el Bolet\u00edn Oficial de Canarias (BOC). Es decir, desde el d\u00eda 8 de diciembre de 2015 al 7 de enero de 2016.<\/p>\n<p>Por su parte, el d\u00eda 14 de marzo de 2016 se celebrar\u00e1 el primer ejercicio (escrito), de las pruebas de habilitaci\u00f3n, previ\u00e9ndose la realizaci\u00f3n del segundo ejercicio (oral de itinerarios) en el mes de abril, y el tercer ejercicio (oral de idiomas) a finales de abril o primera quincena de mayo.<\/p>\n","protected":false},"excerpt":{"rendered":"<p>La Direcci\u00f3n General de Ordenaci\u00f3n y Promoci\u00f3n Tur\u00edstica de la Consejer\u00eda de Turismo, Cultura y Deportes del Gobierno de Canarias ha convocado, por Resoluci\u00f3n de 27 de noviembre de 2015, ex\u00e1menes para obtener el carn\u00e9 de Gu\u00eda de Turismo de Canarias en el a\u00f1o 2016. Seg\u00fan informa el Ejecutivo regional en un comunicado, en dicha<\/p>\n","protected":false},"author":1,"featured_media":58251,"comment_status":"open","ping_status":"closed","sticky":false,"template":"","format":"standard","meta":{"footnotes":""},"categories":[224],"tags":[],"class_list":{"0":"post-58250","1":"post","2":"type-post","3":"status-publish","4":"format-standard","5":"has-post-thumbnail","7":"category-noticias-actualidad"},"aioseo_notices":[],"aioseo_head":"\n\t\t<!-- All in One SEO Pro 4.9.6.1 - aioseo.com -->\n\t<meta name=\"description\" content=\"La Direcci\u00f3n General de Ordenaci\u00f3n y Promoci\u00f3n Tur\u00edstica de la Consejer\u00eda de Turismo, Cultura y Deportes del Gobierno de Canarias ha convocado, por Resoluci\u00f3n de 27 de noviembre de 2015, ex\u00e1menes para obtener el carn\u00e9 de Gu\u00eda de Turismo de Canarias en el a\u00f1o 2016. Seg\u00fan informa el Ejecutivo regional en un comunicado, en dicha\" \/>\n\t<meta name=\"robots\" content=\"max-image-preview:large\" \/>\n\t<meta name=\"author\" content=\"admin\"\/>\n\t<meta name=\"google-site-verification\" content=\"UA-38556648-1\" \/>\n\t<meta name=\"keywords\" content=\"noticias y actualidad\" \/>\n\t<link rel=\"canonical\" href=\"https:\/\/eldigitaldeasturias.com\/magazine365\/el-gobierno-de-canarias-convoca-los-examenes-para-obtener-el-carne-de-guia-de-turismo-en-2016\/\" \/>\n\t<meta name=\"generator\" content=\"All in One SEO Pro (AIOSEO) 4.9.6.1\" \/>\n\t\t<meta property=\"og:locale\" content=\"es_ES\" \/>\n\t\t<meta property=\"og:site_name\" content=\"El Digital de Asturias \u2013 Revista de ocio, turismo y estilo de vida\" \/>\n\t\t<meta property=\"og:type\" content=\"article\" \/>\n\t\t<meta property=\"og:title\" content=\"El Gobierno de Canarias convoca los ex\u00e1menes para obtener el carn\u00e9 de Gu\u00eda de Turismo en 2016 | El Digital de Asturias\" \/>\n\t\t<meta property=\"og:description\" content=\"La Direcci\u00f3n General de Ordenaci\u00f3n y Promoci\u00f3n Tur\u00edstica de la Consejer\u00eda de Turismo, Cultura y Deportes del Gobierno de Canarias ha convocado, por Resoluci\u00f3n de 27 de noviembre de 2015, ex\u00e1menes para obtener el carn\u00e9 de Gu\u00eda de Turismo de Canarias en el a\u00f1o 2016. Seg\u00fan informa el Ejecutivo regional en un comunicado, en dicha\" \/>\n\t\t<meta property=\"og:url\" content=\"https:\/\/eldigitaldeasturias.com\/magazine365\/el-gobierno-de-canarias-convoca-los-examenes-para-obtener-el-carne-de-guia-de-turismo-en-2016\/\" \/>\n\t\t<meta property=\"og:image\" content=\"https:\/\/eldigitaldeasturias.com\/magazine365\/wp-content\/uploads\/2015\/12\/fotonoticia_20151211111300_800.jpg\" \/>\n\t\t<meta property=\"og:image:secure_url\" content=\"https:\/\/eldigitaldeasturias.com\/magazine365\/wp-content\/uploads\/2015\/12\/fotonoticia_20151211111300_800.jpg\" \/>\n\t\t<meta property=\"og:image:width\" content=\"800\" \/>\n\t\t<meta property=\"og:image:height\" content=\"549\" \/>\n\t\t<meta property=\"article:published_time\" content=\"2015-12-11T18:55:48+00:00\" \/>\n\t\t<meta property=\"article:modified_time\" content=\"2015-12-11T18:55:48+00:00\" \/>\n\t\t<meta name=\"twitter:card\" content=\"summary_large_image\" \/>\n\t\t<meta name=\"twitter:title\" content=\"El Gobierno de Canarias convoca los ex\u00e1menes para obtener el carn\u00e9 de Gu\u00eda de Turismo en 2016 | El Digital de Asturias\" \/>\n\t\t<meta name=\"twitter:description\" content=\"La Direcci\u00f3n General de Ordenaci\u00f3n y Promoci\u00f3n Tur\u00edstica de la Consejer\u00eda de Turismo, Cultura y Deportes del Gobierno de Canarias ha convocado, por Resoluci\u00f3n de 27 de noviembre de 2015, ex\u00e1menes para obtener el carn\u00e9 de Gu\u00eda de Turismo de Canarias en el a\u00f1o 2016. Seg\u00fan informa el Ejecutivo regional en un comunicado, en dicha\" \/>\n\t\t<meta name=\"twitter:image\" content=\"https:\/\/eldigitaldeasturias.com\/magazine365\/wp-content\/uploads\/2015\/12\/fotonoticia_20151211111300_800.jpg\" \/>\n\t\t<script type=\"application\/ld+json\" class=\"aioseo-schema\">\n\t\t\t{\"@context\":\"https:\\\/\\\/schema.org\",\"@graph\":[{\"@type\":\"Article\",\"@id\":\"https:\\\/\\\/eldigitaldeasturias.com\\\/magazine365\\\/el-gobierno-de-canarias-convoca-los-examenes-para-obtener-el-carne-de-guia-de-turismo-en-2016\\\/#article\",\"name\":\"El Gobierno de Canarias convoca los ex\\u00e1menes para obtener el carn\\u00e9 de Gu\\u00eda de Turismo en 2016 | El Digital de Asturias\",\"headline\":\"El Gobierno de Canarias convoca los ex\\u00e1menes para obtener el carn\\u00e9 de Gu\\u00eda de Turismo en 2016\",\"author\":{\"@id\":\"https:\\\/\\\/eldigitaldeasturias.com\\\/magazine365\\\/author\\\/admin\\\/#author\"},\"publisher\":{\"@id\":\"https:\\\/\\\/eldigitaldeasturias.com\\\/magazine365\\\/#organization\"},\"image\":{\"@type\":\"ImageObject\",\"url\":\"https:\\\/\\\/eldigitaldeasturias.com\\\/magazine365\\\/wp-content\\\/uploads\\\/2015\\\/12\\\/fotonoticia_20151211111300_800.jpg\",\"width\":800,\"height\":549},\"datePublished\":\"2015-12-11T19:55:48+01:00\",\"dateModified\":\"2015-12-11T19:55:48+01:00\",\"inLanguage\":\"es-ES\",\"mainEntityOfPage\":{\"@id\":\"https:\\\/\\\/eldigitaldeasturias.com\\\/magazine365\\\/el-gobierno-de-canarias-convoca-los-examenes-para-obtener-el-carne-de-guia-de-turismo-en-2016\\\/#webpage\"},\"isPartOf\":{\"@id\":\"https:\\\/\\\/eldigitaldeasturias.com\\\/magazine365\\\/el-gobierno-de-canarias-convoca-los-examenes-para-obtener-el-carne-de-guia-de-turismo-en-2016\\\/#webpage\"},\"articleSection\":\"Noticias y Actualidad\"},{\"@type\":\"BreadcrumbList\",\"@id\":\"https:\\\/\\\/eldigitaldeasturias.com\\\/magazine365\\\/el-gobierno-de-canarias-convoca-los-examenes-para-obtener-el-carne-de-guia-de-turismo-en-2016\\\/#breadcrumblist\",\"itemListElement\":[{\"@type\":\"ListItem\",\"@id\":\"https:\\\/\\\/eldigitaldeasturias.com\\\/magazine365#listItem\",\"position\":1,\"name\":\"Home\",\"item\":\"https:\\\/\\\/eldigitaldeasturias.com\\\/magazine365\",\"nextItem\":{\"@type\":\"ListItem\",\"@id\":\"https:\\\/\\\/eldigitaldeasturias.com\\\/magazine365\\\/category\\\/noticias-actualidad\\\/#listItem\",\"name\":\"Noticias y Actualidad\"}},{\"@type\":\"ListItem\",\"@id\":\"https:\\\/\\\/eldigitaldeasturias.com\\\/magazine365\\\/category\\\/noticias-actualidad\\\/#listItem\",\"position\":2,\"name\":\"Noticias y Actualidad\",\"item\":\"https:\\\/\\\/eldigitaldeasturias.com\\\/magazine365\\\/category\\\/noticias-actualidad\\\/\",\"nextItem\":{\"@type\":\"ListItem\",\"@id\":\"https:\\\/\\\/eldigitaldeasturias.com\\\/magazine365\\\/el-gobierno-de-canarias-convoca-los-examenes-para-obtener-el-carne-de-guia-de-turismo-en-2016\\\/#listItem\",\"name\":\"El Gobierno de Canarias convoca los ex\\u00e1menes para obtener el carn\\u00e9 de Gu\\u00eda de Turismo en 2016\"},\"previousItem\":{\"@type\":\"ListItem\",\"@id\":\"https:\\\/\\\/eldigitaldeasturias.com\\\/magazine365#listItem\",\"name\":\"Home\"}},{\"@type\":\"ListItem\",\"@id\":\"https:\\\/\\\/eldigitaldeasturias.com\\\/magazine365\\\/el-gobierno-de-canarias-convoca-los-examenes-para-obtener-el-carne-de-guia-de-turismo-en-2016\\\/#listItem\",\"position\":3,\"name\":\"El Gobierno de Canarias convoca los ex\\u00e1menes para obtener el carn\\u00e9 de Gu\\u00eda de Turismo en 2016\",\"previousItem\":{\"@type\":\"ListItem\",\"@id\":\"https:\\\/\\\/eldigitaldeasturias.com\\\/magazine365\\\/category\\\/noticias-actualidad\\\/#listItem\",\"name\":\"Noticias y Actualidad\"}}]},{\"@type\":\"Organization\",\"@id\":\"https:\\\/\\\/eldigitaldeasturias.com\\\/magazine365\\\/#organization\",\"name\":\"El digital de Asturias\",\"description\":\"Revista de ocio, turismo y estilo de vida\",\"url\":\"https:\\\/\\\/eldigitaldeasturias.com\\\/magazine365\\\/\",\"logo\":{\"@type\":\"ImageObject\",\"url\":\"https:\\\/\\\/www.eldigitaldeasturias.com\\\/noticias\\\/wp-content\\\/uploads\\\/2020\\\/12\\\/EDA.jpg\",\"@id\":\"https:\\\/\\\/eldigitaldeasturias.com\\\/magazine365\\\/el-gobierno-de-canarias-convoca-los-examenes-para-obtener-el-carne-de-guia-de-turismo-en-2016\\\/#organizationLogo\"},\"image\":{\"@id\":\"https:\\\/\\\/eldigitaldeasturias.com\\\/magazine365\\\/el-gobierno-de-canarias-convoca-los-examenes-para-obtener-el-carne-de-guia-de-turismo-en-2016\\\/#organizationLogo\"}},{\"@type\":\"Person\",\"@id\":\"https:\\\/\\\/eldigitaldeasturias.com\\\/magazine365\\\/author\\\/admin\\\/#author\",\"url\":\"https:\\\/\\\/eldigitaldeasturias.com\\\/magazine365\\\/author\\\/admin\\\/\",\"name\":\"admin\",\"image\":{\"@type\":\"ImageObject\",\"@id\":\"https:\\\/\\\/eldigitaldeasturias.com\\\/magazine365\\\/el-gobierno-de-canarias-convoca-los-examenes-para-obtener-el-carne-de-guia-de-turismo-en-2016\\\/#authorImage\",\"url\":\"https:\\\/\\\/eldigitaldeasturias.com\\\/magazine365\\\/wp-content\\\/litespeed\\\/avatar\\\/e571bcf59a0edd6fa6838245a470f2fe.jpg?ver=1777574230\",\"width\":96,\"height\":96,\"caption\":\"admin\"}},{\"@type\":\"WebPage\",\"@id\":\"https:\\\/\\\/eldigitaldeasturias.com\\\/magazine365\\\/el-gobierno-de-canarias-convoca-los-examenes-para-obtener-el-carne-de-guia-de-turismo-en-2016\\\/#webpage\",\"url\":\"https:\\\/\\\/eldigitaldeasturias.com\\\/magazine365\\\/el-gobierno-de-canarias-convoca-los-examenes-para-obtener-el-carne-de-guia-de-turismo-en-2016\\\/\",\"name\":\"El Gobierno de Canarias convoca los ex\\u00e1menes para obtener el carn\\u00e9 de Gu\\u00eda de Turismo en 2016 | El Digital de Asturias\",\"description\":\"La Direcci\\u00f3n General de Ordenaci\\u00f3n y Promoci\\u00f3n Tur\\u00edstica de la Consejer\\u00eda de Turismo, Cultura y Deportes del Gobierno de Canarias ha convocado, por Resoluci\\u00f3n de 27 de noviembre de 2015, ex\\u00e1menes para obtener el carn\\u00e9 de Gu\\u00eda de Turismo de Canarias en el a\\u00f1o 2016. Seg\\u00fan informa el Ejecutivo regional en un comunicado, en dicha\",\"inLanguage\":\"es-ES\",\"isPartOf\":{\"@id\":\"https:\\\/\\\/eldigitaldeasturias.com\\\/magazine365\\\/#website\"},\"breadcrumb\":{\"@id\":\"https:\\\/\\\/eldigitaldeasturias.com\\\/magazine365\\\/el-gobierno-de-canarias-convoca-los-examenes-para-obtener-el-carne-de-guia-de-turismo-en-2016\\\/#breadcrumblist\"},\"author\":{\"@id\":\"https:\\\/\\\/eldigitaldeasturias.com\\\/magazine365\\\/author\\\/admin\\\/#author\"},\"creator\":{\"@id\":\"https:\\\/\\\/eldigitaldeasturias.com\\\/magazine365\\\/author\\\/admin\\\/#author\"},\"image\":{\"@type\":\"ImageObject\",\"url\":\"https:\\\/\\\/eldigitaldeasturias.com\\\/magazine365\\\/wp-content\\\/uploads\\\/2015\\\/12\\\/fotonoticia_20151211111300_800.jpg\",\"@id\":\"https:\\\/\\\/eldigitaldeasturias.com\\\/magazine365\\\/el-gobierno-de-canarias-convoca-los-examenes-para-obtener-el-carne-de-guia-de-turismo-en-2016\\\/#mainImage\",\"width\":800,\"height\":549},\"primaryImageOfPage\":{\"@id\":\"https:\\\/\\\/eldigitaldeasturias.com\\\/magazine365\\\/el-gobierno-de-canarias-convoca-los-examenes-para-obtener-el-carne-de-guia-de-turismo-en-2016\\\/#mainImage\"},\"datePublished\":\"2015-12-11T19:55:48+01:00\",\"dateModified\":\"2015-12-11T19:55:48+01:00\"},{\"@type\":\"WebSite\",\"@id\":\"https:\\\/\\\/eldigitaldeasturias.com\\\/magazine365\\\/#website\",\"url\":\"https:\\\/\\\/eldigitaldeasturias.com\\\/magazine365\\\/\",\"name\":\"El Digital de Asturias\",\"description\":\"Revista de ocio, turismo y estilo de vida\",\"inLanguage\":\"es-ES\",\"publisher\":{\"@id\":\"https:\\\/\\\/eldigitaldeasturias.com\\\/magazine365\\\/#organization\"}}]}\n\t\t<\/script>\n\t\t<!-- All in One SEO Pro -->\r\n\t\t<title>El Gobierno de Canarias convoca los ex\u00e1menes para obtener el carn\u00e9 de Gu\u00eda de Turismo en 2016 | El Digital de Asturias<\/title>\n\n","aioseo_head_json":{"title":"El Gobierno de Canarias convoca los ex\u00e1menes para obtener el carn\u00e9 de Gu\u00eda de Turismo en 2016 | El Digital de Asturias","description":"La Direcci\u00f3n General de Ordenaci\u00f3n y Promoci\u00f3n Tur\u00edstica de la Consejer\u00eda de Turismo, Cultura y Deportes del Gobierno de Canarias ha convocado, por Resoluci\u00f3n de 27 de noviembre de 2015, ex\u00e1menes para obtener el carn\u00e9 de Gu\u00eda de Turismo de Canarias en el a\u00f1o 2016. Seg\u00fan informa el Ejecutivo regional en un comunicado, en dicha","canonical_url":"https:\/\/eldigitaldeasturias.com\/magazine365\/el-gobierno-de-canarias-convoca-los-examenes-para-obtener-el-carne-de-guia-de-turismo-en-2016\/","robots":"max-image-preview:large","keywords":"noticias y actualidad","webmasterTools":{"google-site-verification":"UA-38556648-1","miscellaneous":""},"schema":{"@context":"https:\/\/schema.org","@graph":[{"@type":"Article","@id":"https:\/\/eldigitaldeasturias.com\/magazine365\/el-gobierno-de-canarias-convoca-los-examenes-para-obtener-el-carne-de-guia-de-turismo-en-2016\/#article","name":"El Gobierno de Canarias convoca los ex\u00e1menes para obtener el carn\u00e9 de Gu\u00eda de Turismo en 2016 | El Digital de Asturias","headline":"El Gobierno de Canarias convoca los ex\u00e1menes para obtener el carn\u00e9 de Gu\u00eda de Turismo en 2016","author":{"@id":"https:\/\/eldigitaldeasturias.com\/magazine365\/author\/admin\/#author"},"publisher":{"@id":"https:\/\/eldigitaldeasturias.com\/magazine365\/#organization"},"image":{"@type":"ImageObject","url":"https:\/\/eldigitaldeasturias.com\/magazine365\/wp-content\/uploads\/2015\/12\/fotonoticia_20151211111300_800.jpg","width":800,"height":549},"datePublished":"2015-12-11T19:55:48+01:00","dateModified":"2015-12-11T19:55:48+01:00","inLanguage":"es-ES","mainEntityOfPage":{"@id":"https:\/\/eldigitaldeasturias.com\/magazine365\/el-gobierno-de-canarias-convoca-los-examenes-para-obtener-el-carne-de-guia-de-turismo-en-2016\/#webpage"},"isPartOf":{"@id":"https:\/\/eldigitaldeasturias.com\/magazine365\/el-gobierno-de-canarias-convoca-los-examenes-para-obtener-el-carne-de-guia-de-turismo-en-2016\/#webpage"},"articleSection":"Noticias y Actualidad"},{"@type":"BreadcrumbList","@id":"https:\/\/eldigitaldeasturias.com\/magazine365\/el-gobierno-de-canarias-convoca-los-examenes-para-obtener-el-carne-de-guia-de-turismo-en-2016\/#breadcrumblist","itemListElement":[{"@type":"ListItem","@id":"https:\/\/eldigitaldeasturias.com\/magazine365#listItem","position":1,"name":"Home","item":"https:\/\/eldigitaldeasturias.com\/magazine365","nextItem":{"@type":"ListItem","@id":"https:\/\/eldigitaldeasturias.com\/magazine365\/category\/noticias-actualidad\/#listItem","name":"Noticias y Actualidad"}},{"@type":"ListItem","@id":"https:\/\/eldigitaldeasturias.com\/magazine365\/category\/noticias-actualidad\/#listItem","position":2,"name":"Noticias y Actualidad","item":"https:\/\/eldigitaldeasturias.com\/magazine365\/category\/noticias-actualidad\/","nextItem":{"@type":"ListItem","@id":"https:\/\/eldigitaldeasturias.com\/magazine365\/el-gobierno-de-canarias-convoca-los-examenes-para-obtener-el-carne-de-guia-de-turismo-en-2016\/#listItem","name":"El Gobierno de Canarias convoca los ex\u00e1menes para obtener el carn\u00e9 de Gu\u00eda de Turismo en 2016"},"previousItem":{"@type":"ListItem","@id":"https:\/\/eldigitaldeasturias.com\/magazine365#listItem","name":"Home"}},{"@type":"ListItem","@id":"https:\/\/eldigitaldeasturias.com\/magazine365\/el-gobierno-de-canarias-convoca-los-examenes-para-obtener-el-carne-de-guia-de-turismo-en-2016\/#listItem","position":3,"name":"El Gobierno de Canarias convoca los ex\u00e1menes para obtener el carn\u00e9 de Gu\u00eda de Turismo en 2016","previousItem":{"@type":"ListItem","@id":"https:\/\/eldigitaldeasturias.com\/magazine365\/category\/noticias-actualidad\/#listItem","name":"Noticias y Actualidad"}}]},{"@type":"Organization","@id":"https:\/\/eldigitaldeasturias.com\/magazine365\/#organization","name":"El digital de Asturias","description":"Revista de ocio, turismo y estilo de vida","url":"https:\/\/eldigitaldeasturias.com\/magazine365\/","logo":{"@type":"ImageObject","url":"https:\/\/www.eldigitaldeasturias.com\/noticias\/wp-content\/uploads\/2020\/12\/EDA.jpg","@id":"https:\/\/eldigitaldeasturias.com\/magazine365\/el-gobierno-de-canarias-convoca-los-examenes-para-obtener-el-carne-de-guia-de-turismo-en-2016\/#organizationLogo"},"image":{"@id":"https:\/\/eldigitaldeasturias.com\/magazine365\/el-gobierno-de-canarias-convoca-los-examenes-para-obtener-el-carne-de-guia-de-turismo-en-2016\/#organizationLogo"}},{"@type":"Person","@id":"https:\/\/eldigitaldeasturias.com\/magazine365\/author\/admin\/#author","url":"https:\/\/eldigitaldeasturias.com\/magazine365\/author\/admin\/","name":"admin","image":{"@type":"ImageObject","@id":"https:\/\/eldigitaldeasturias.com\/magazine365\/el-gobierno-de-canarias-convoca-los-examenes-para-obtener-el-carne-de-guia-de-turismo-en-2016\/#authorImage","url":"https:\/\/eldigitaldeasturias.com\/magazine365\/wp-content\/litespeed\/avatar\/e571bcf59a0edd6fa6838245a470f2fe.jpg?ver=1777574230","width":96,"height":96,"caption":"admin"}},{"@type":"WebPage","@id":"https:\/\/eldigitaldeasturias.com\/magazine365\/el-gobierno-de-canarias-convoca-los-examenes-para-obtener-el-carne-de-guia-de-turismo-en-2016\/#webpage","url":"https:\/\/eldigitaldeasturias.com\/magazine365\/el-gobierno-de-canarias-convoca-los-examenes-para-obtener-el-carne-de-guia-de-turismo-en-2016\/","name":"El Gobierno de Canarias convoca los ex\u00e1menes para obtener el carn\u00e9 de Gu\u00eda de Turismo en 2016 | El Digital de Asturias","description":"La Direcci\u00f3n General de Ordenaci\u00f3n y Promoci\u00f3n Tur\u00edstica de la Consejer\u00eda de Turismo, Cultura y Deportes del Gobierno de Canarias ha convocado, por Resoluci\u00f3n de 27 de noviembre de 2015, ex\u00e1menes para obtener el carn\u00e9 de Gu\u00eda de Turismo de Canarias en el a\u00f1o 2016. Seg\u00fan informa el Ejecutivo regional en un comunicado, en dicha","inLanguage":"es-ES","isPartOf":{"@id":"https:\/\/eldigitaldeasturias.com\/magazine365\/#website"},"breadcrumb":{"@id":"https:\/\/eldigitaldeasturias.com\/magazine365\/el-gobierno-de-canarias-convoca-los-examenes-para-obtener-el-carne-de-guia-de-turismo-en-2016\/#breadcrumblist"},"author":{"@id":"https:\/\/eldigitaldeasturias.com\/magazine365\/author\/admin\/#author"},"creator":{"@id":"https:\/\/eldigitaldeasturias.com\/magazine365\/author\/admin\/#author"},"image":{"@type":"ImageObject","url":"https:\/\/eldigitaldeasturias.com\/magazine365\/wp-content\/uploads\/2015\/12\/fotonoticia_20151211111300_800.jpg","@id":"https:\/\/eldigitaldeasturias.com\/magazine365\/el-gobierno-de-canarias-convoca-los-examenes-para-obtener-el-carne-de-guia-de-turismo-en-2016\/#mainImage","width":800,"height":549},"primaryImageOfPage":{"@id":"https:\/\/eldigitaldeasturias.com\/magazine365\/el-gobierno-de-canarias-convoca-los-examenes-para-obtener-el-carne-de-guia-de-turismo-en-2016\/#mainImage"},"datePublished":"2015-12-11T19:55:48+01:00","dateModified":"2015-12-11T19:55:48+01:00"},{"@type":"WebSite","@id":"https:\/\/eldigitaldeasturias.com\/magazine365\/#website","url":"https:\/\/eldigitaldeasturias.com\/magazine365\/","name":"El Digital de Asturias","description":"Revista de ocio, turismo y estilo de vida","inLanguage":"es-ES","publisher":{"@id":"https:\/\/eldigitaldeasturias.com\/magazine365\/#organization"}}]},"og:locale":"es_ES","og:site_name":"El Digital de Asturias \u2013 Revista de ocio, turismo y estilo de vida","og:type":"article","og:title":"El Gobierno de Canarias convoca los ex\u00e1menes para obtener el carn\u00e9 de Gu\u00eda de Turismo en 2016 | El Digital de Asturias","og:description":"La Direcci\u00f3n General de Ordenaci\u00f3n y Promoci\u00f3n Tur\u00edstica de la Consejer\u00eda de Turismo, Cultura y Deportes del Gobierno de Canarias ha convocado, por Resoluci\u00f3n de 27 de noviembre de 2015, ex\u00e1menes para obtener el carn\u00e9 de Gu\u00eda de Turismo de Canarias en el a\u00f1o 2016. Seg\u00fan informa el Ejecutivo regional en un comunicado, en dicha","og:url":"https:\/\/eldigitaldeasturias.com\/magazine365\/el-gobierno-de-canarias-convoca-los-examenes-para-obtener-el-carne-de-guia-de-turismo-en-2016\/","og:image":"https:\/\/eldigitaldeasturias.com\/magazine365\/wp-content\/uploads\/2015\/12\/fotonoticia_20151211111300_800.jpg","og:image:secure_url":"https:\/\/eldigitaldeasturias.com\/magazine365\/wp-content\/uploads\/2015\/12\/fotonoticia_20151211111300_800.jpg","og:image:width":800,"og:image:height":549,"article:published_time":"2015-12-11T18:55:48+00:00","article:modified_time":"2015-12-11T18:55:48+00:00","twitter:card":"summary_large_image","twitter:title":"El Gobierno de Canarias convoca los ex\u00e1menes para obtener el carn\u00e9 de Gu\u00eda de Turismo en 2016 | El Digital de Asturias","twitter:description":"La Direcci\u00f3n General de Ordenaci\u00f3n y Promoci\u00f3n Tur\u00edstica de la Consejer\u00eda de Turismo, Cultura y Deportes del Gobierno de Canarias ha convocado, por Resoluci\u00f3n de 27 de noviembre de 2015, ex\u00e1menes para obtener el carn\u00e9 de Gu\u00eda de Turismo de Canarias en el a\u00f1o 2016. Seg\u00fan informa el Ejecutivo regional en un comunicado, en dicha","twitter:image":"https:\/\/eldigitaldeasturias.com\/magazine365\/wp-content\/uploads\/2015\/12\/fotonoticia_20151211111300_800.jpg"},"aioseo_meta_data":{"post_id":"58250","title":null,"description":null,"keywords":null,"keyphrases":null,"primary_term":null,"canonical_url":null,"og_title":null,"og_description":null,"og_object_type":"default","og_image_type":"default","og_image_url":null,"og_image_width":null,"og_image_height":null,"og_image_custom_url":null,"og_image_custom_fields":null,"og_video":null,"og_custom_url":null,"og_article_section":null,"og_article_tags":null,"twitter_use_og":false,"twitter_card":"default","twitter_image_type":"default","twitter_image_url":null,"twitter_image_custom_url":null,"twitter_image_custom_fields":null,"twitter_title":null,"twitter_description":null,"schema":{"blockGraphs":[],"customGraphs":[],"default":{"data":{"Article":[],"Course":[],"Dataset":[],"FAQPage":[],"Movie":[],"Person":[],"Product":[],"ProductReview":[],"Car":[],"Recipe":[],"Service":[],"SoftwareApplication":[],"WebPage":[]},"graphName":"","isEnabled":true},"graphs":[],"defaultGraph":"","defaultPostTypeGraph":""},"schema_type":null,"schema_type_options":null,"pillar_content":false,"robots_default":true,"robots_noindex":false,"robots_noarchive":false,"robots_nosnippet":false,"robots_nofollow":false,"robots_noimageindex":false,"robots_noodp":false,"robots_notranslate":false,"robots_max_snippet":null,"robots_max_videopreview":null,"robots_max_imagepreview":"large","priority":null,"frequency":null,"location":null,"local_seo":null,"seo_analyzer_scan_date":"2025-09-25 02:37:57","breadcrumb_settings":null,"limit_modified_date":false,"open_ai":null,"ai":null,"created":"2021-03-08 22:32:34","updated":"2025-09-25 02:37:57"},"aioseo_breadcrumb":"<div class=\"aioseo-breadcrumbs\"><span class=\"aioseo-breadcrumb\">\n\t<a href=\"https:\/\/eldigitaldeasturias.com\/magazine365\" title=\"Home\">Home<\/a>\n<\/span><span class=\"aioseo-breadcrumb-separator\">\u2013<\/span><span class=\"aioseo-breadcrumb\">\n\t<a href=\"https:\/\/eldigitaldeasturias.com\/magazine365\/category\/noticias-actualidad\/\" title=\"Noticias y Actualidad\">Noticias y Actualidad<\/a>\n<\/span><span class=\"aioseo-breadcrumb-separator\">\u2013<\/span><span class=\"aioseo-breadcrumb\">\n\t<a href=\"https:\/\/eldigitaldeasturias.com\/magazine365\/el-gobierno-de-canarias-convoca-los-examenes-para-obtener-el-carne-de-guia-de-turismo-en-2016\/\" title=\"El Gobierno de Canarias convoca los ex\u00e1menes para obtener el carn\u00e9 de Gu\u00eda de Turismo en 2016\">El Gobierno de Canarias convoca los ex\u00e1menes para obtener el carn\u00e9 de Gu\u00eda de Turismo en 2016<\/a>\n<\/span><\/div>","aioseo_breadcrumb_json":[{"label":"Home","link":"https:\/\/eldigitaldeasturias.com\/magazine365"},{"label":"Noticias y Actualidad","link":"https:\/\/eldigitaldeasturias.com\/magazine365\/category\/noticias-actualidad\/"},{"label":"El Gobierno de Canarias convoca los ex\u00e1menes para obtener el carn\u00e9 de Gu\u00eda de Turismo en 2016","link":"https:\/\/eldigitaldeasturias.com\/magazine365\/el-gobierno-de-canarias-convoca-los-examenes-para-obtener-el-carne-de-guia-de-turismo-en-2016\/"}],"_links":{"self":[{"href":"https:\/\/eldigitaldeasturias.com\/magazine365\/wp-json\/wp\/v2\/posts\/58250","targetHints":{"allow":["GET"]}}],"collection":[{"href":"https:\/\/eldigitaldeasturias.com\/magazine365\/wp-json\/wp\/v2\/posts"}],"about":[{"href":"https:\/\/eldigitaldeasturias.com\/magazine365\/wp-json\/wp\/v2\/types\/post"}],"author":[{"embeddable":true,"href":"https:\/\/eldigitaldeasturias.com\/magazine365\/wp-json\/wp\/v2\/users\/1"}],"replies":[{"embeddable":true,"href":"https:\/\/eldigitaldeasturias.com\/magazine365\/wp-json\/wp\/v2\/comments?post=58250"}],"version-history":[{"count":0,"href":"https:\/\/eldigitaldeasturias.com\/magazine365\/wp-json\/wp\/v2\/posts\/58250\/revisions"}],"wp:featuredmedia":[{"embeddable":true,"href":"https:\/\/eldigitaldeasturias.com\/magazine365\/wp-json\/wp\/v2\/media\/58251"}],"wp:attachment":[{"href":"https:\/\/eldigitaldeasturias.com\/magazine365\/wp-json\/wp\/v2\/media?parent=58250"}],"wp:term":[{"taxonomy":"category","embeddable":true,"href":"https:\/\/eldigitaldeasturias.com\/magazine365\/wp-json\/wp\/v2\/categories?post=58250"},{"taxonomy":"post_tag","embeddable":true,"href":"https:\/\/eldigitaldeasturias.com\/magazine365\/wp-json\/wp\/v2\/tags?post=58250"}],"curies":[{"name":"wp","href":"https:\/\/api.w.org\/{rel}","templated":true}]}}