{"id":58241,"date":"2015-12-11T19:51:18","date_gmt":"2015-12-11T18:51:18","guid":{"rendered":"http:\/\/eldigitaldeasturias.com\/magazine365\/?p=58241"},"modified":"2015-12-11T19:51:18","modified_gmt":"2015-12-11T18:51:18","slug":"el-consejo-general-del-consorcio-de-la-consula-se-reune-este-viernes","status":"publish","type":"post","link":"https:\/\/eldigitaldeasturias.com\/magazine365\/el-consejo-general-del-consorcio-de-la-consula-se-reune-este-viernes\/","title":{"rendered":"El consejo general del consorcio de La C\u00f3nsula se re\u00fane este viernes"},"content":{"rendered":"<p><img fetchpriority=\"high\" decoding=\"async\" class=\"alignleft size-medium wp-image-58242\" src=\"https:\/\/eldigitaldeasturias.com\/magazine365\/wp-content\/uploads\/2015\/12\/fotonoticia_20151211101856_800-360x228.jpg\" alt=\"fotonoticia_20151211101856_800\" width=\"360\" height=\"228\" srcset=\"https:\/\/eldigitaldeasturias.com\/magazine365\/wp-content\/uploads\/2015\/12\/fotonoticia_20151211101856_800-360x228.jpg 360w, https:\/\/eldigitaldeasturias.com\/magazine365\/wp-content\/uploads\/2015\/12\/fotonoticia_20151211101856_800-650x412.jpg 650w, https:\/\/eldigitaldeasturias.com\/magazine365\/wp-content\/uploads\/2015\/12\/fotonoticia_20151211101856_800-768x487.jpg 768w, https:\/\/eldigitaldeasturias.com\/magazine365\/wp-content\/uploads\/2015\/12\/fotonoticia_20151211101856_800-150x95.jpg 150w, https:\/\/eldigitaldeasturias.com\/magazine365\/wp-content\/uploads\/2015\/12\/fotonoticia_20151211101856_800-450x285.jpg 450w, https:\/\/eldigitaldeasturias.com\/magazine365\/wp-content\/uploads\/2015\/12\/fotonoticia_20151211101856_800-696x441.jpg 696w, https:\/\/eldigitaldeasturias.com\/magazine365\/wp-content\/uploads\/2015\/12\/fotonoticia_20151211101856_800-663x420.jpg 663w, https:\/\/eldigitaldeasturias.com\/magazine365\/wp-content\/uploads\/2015\/12\/fotonoticia_20151211101856_800-269x170.jpg 269w, https:\/\/eldigitaldeasturias.com\/magazine365\/wp-content\/uploads\/2015\/12\/fotonoticia_20151211101856_800.jpg 800w\" sizes=\"(max-width: 360px) 100vw, 360px\" \/>El consejo general del Consorcio Escuela de Hosteler\u00eda de M\u00e1laga, La C\u00f3nsula, se re\u00fane este viernes para aprobar el balance final de liquidaci\u00f3n, as\u00ed como la contrataci\u00f3n de una auditor\u00eda de dichas cuentas, requisitos previos e imprescindibles para su integraci\u00f3n en el Servicio Andaluz de Empleo (SAE).<\/p>\n<p>La convocatoria del consejo y la aprobaci\u00f3n de estos acuerdos supondr\u00e1 avanzar en el proceso para la integraci\u00f3n definitiva en el SAE, seg\u00fan lo previsto en el decreto ley de 15 de septiembre, y que quedar\u00e1 culminado una vez se proceda a la cesi\u00f3n definitiva de los activos y pasivos del consorcio, previamente auditados.<\/p>\n<p>En la reuni\u00f3n de este viernes est\u00e1 prevista la aprobaci\u00f3n de una auditor\u00eda de las cuentas, que deber\u00eda estar culminada en un plazo m\u00e1ximo de 15 d\u00edas.<\/p>\n<p>As\u00ed, una vez que est\u00e9 finalizada, se convocar\u00e1 un nuevo consejo para su aprobaci\u00f3n y para la cesi\u00f3n definitiva al SAE de los activos y pasivos del consorcio, con lo que el proceso quedar\u00eda culminado y el SAE proceder\u00eda a la integraci\u00f3n.<\/p>\n<p>Por su parte, los alumnos de La C\u00f3nsula llevan ya m\u00e1s de una semana encerrados en el centro para protestar contra \u00ablos continuos incumplimientos\u00bb de la Junta de Andaluc\u00eda.<\/p>\n<p>El portavoz de alumnos de La C\u00f3nsula, Nelson de Arcos, se mostr\u00f3 desconfiado del anuncio \u00abhasta que no pase\u00bb, ya que, seg\u00fan record\u00f3, \u00ablos consejos rectores han estado convocados varias veces y lo han retrasado, lo han pospuesto, y cancelado\u00bb. No obstante, ha indicado que \u00abesperamos que se liquiden las cuentas y queda todo a expensas de que pase al SAE\u00bb.<\/p>\n<p>Por otro lado, el consejo del Consorcio de Escuela de Hosteler\u00eda de La Fonda, en el municipio malague\u00f1o de Benalm\u00e1dena, tiene previsto reunirse el pr\u00f3ximo lunes, d\u00eda 14, y, previsiblemente, se llevar\u00e1 a cabo, entre otros, el balance de liquidaci\u00f3n final, requisito previo para su integraci\u00f3n en el Servicio Andaluz de Empleo.<\/p>\n<p>La delegada de trabajadores del Consorcio de La Fonda, Carmen S\u00e1nchez, explic\u00f3 que este pasado jueves tuvo lugar una reuni\u00f3n con el delegado del Gobierno andaluz, Jos\u00e9 Luis Ruiz Espejo, y uno de los abogados liquidadores que lleva el proceso de liquidaci\u00f3n de La Fonda y de La C\u00f3nsula.<\/p>\n<p>S\u00e1nchez manifest\u00f3, tras ser cuestionada sobre si finalmente se llevar\u00e1 a cabo, que \u00abel margen de tiempo que tenemos que esperar es corto\u00bb, tanto \u00ablos trabajadores de La C\u00f3nsula como La Fonda\u00bb. Asimismo, ha a\u00f1adido que cuando se produzcan \u00abtendremos m\u00e1s datos\u00bb.<\/p>\n<p>Destac\u00f3 tambi\u00e9n la importancia de estos consejos porque \u00abuna vez que est\u00e9n finalizados es cuando se comienza la auditor\u00eda\u00bb, que podr\u00edan estar terminadas \u00aba finales del a\u00f1o, casi con seguridad\u00bb.<\/p>\n","protected":false},"excerpt":{"rendered":"<p>El consejo general del Consorcio Escuela de Hosteler\u00eda de M\u00e1laga, La C\u00f3nsula, se re\u00fane este viernes para aprobar el balance final de liquidaci\u00f3n, as\u00ed como la contrataci\u00f3n de una auditor\u00eda de dichas cuentas, requisitos previos e imprescindibles para su integraci\u00f3n en el Servicio Andaluz de Empleo (SAE). La convocatoria del consejo y la aprobaci\u00f3n de<\/p>\n","protected":false},"author":1,"featured_media":58242,"comment_status":"open","ping_status":"closed","sticky":false,"template":"","format":"standard","meta":{"footnotes":""},"categories":[224],"tags":[],"class_list":{"0":"post-58241","1":"post","2":"type-post","3":"status-publish","4":"format-standard","5":"has-post-thumbnail","7":"category-noticias-actualidad"},"aioseo_notices":[],"aioseo_head":"\n\t\t<!-- All in One SEO Pro 4.9.6.1 - aioseo.com -->\n\t<meta name=\"description\" content=\"El consejo general del Consorcio Escuela de Hosteler\u00eda de M\u00e1laga, La C\u00f3nsula, se re\u00fane este viernes para aprobar el balance final de liquidaci\u00f3n, as\u00ed como la contrataci\u00f3n de una auditor\u00eda de dichas cuentas, requisitos previos e imprescindibles para su integraci\u00f3n en el Servicio Andaluz de Empleo (SAE). La convocatoria del consejo y la aprobaci\u00f3n de\" \/>\n\t<meta name=\"robots\" content=\"max-image-preview:large\" \/>\n\t<meta name=\"author\" content=\"admin\"\/>\n\t<meta name=\"google-site-verification\" content=\"UA-38556648-1\" \/>\n\t<meta name=\"keywords\" content=\"noticias y actualidad\" \/>\n\t<link rel=\"canonical\" href=\"https:\/\/eldigitaldeasturias.com\/magazine365\/el-consejo-general-del-consorcio-de-la-consula-se-reune-este-viernes\/\" \/>\n\t<meta name=\"generator\" content=\"All in One SEO Pro (AIOSEO) 4.9.6.1\" \/>\n\t\t<meta property=\"og:locale\" content=\"es_ES\" \/>\n\t\t<meta property=\"og:site_name\" content=\"El Digital de Asturias \u2013 Revista de ocio, turismo y estilo de vida\" \/>\n\t\t<meta property=\"og:type\" content=\"article\" \/>\n\t\t<meta property=\"og:title\" content=\"El consejo general del consorcio de La C\u00f3nsula se re\u00fane este viernes | El Digital de Asturias\" \/>\n\t\t<meta property=\"og:description\" content=\"El consejo general del Consorcio Escuela de Hosteler\u00eda de M\u00e1laga, La C\u00f3nsula, se re\u00fane este viernes para aprobar el balance final de liquidaci\u00f3n, as\u00ed como la contrataci\u00f3n de una auditor\u00eda de dichas cuentas, requisitos previos e imprescindibles para su integraci\u00f3n en el Servicio Andaluz de Empleo (SAE). La convocatoria del consejo y la aprobaci\u00f3n de\" \/>\n\t\t<meta property=\"og:url\" content=\"https:\/\/eldigitaldeasturias.com\/magazine365\/el-consejo-general-del-consorcio-de-la-consula-se-reune-este-viernes\/\" \/>\n\t\t<meta property=\"og:image\" content=\"https:\/\/eldigitaldeasturias.com\/magazine365\/wp-content\/uploads\/2015\/12\/fotonoticia_20151211101856_800.jpg\" \/>\n\t\t<meta property=\"og:image:secure_url\" content=\"https:\/\/eldigitaldeasturias.com\/magazine365\/wp-content\/uploads\/2015\/12\/fotonoticia_20151211101856_800.jpg\" \/>\n\t\t<meta property=\"og:image:width\" content=\"800\" \/>\n\t\t<meta property=\"og:image:height\" content=\"507\" \/>\n\t\t<meta property=\"article:published_time\" content=\"2015-12-11T18:51:18+00:00\" \/>\n\t\t<meta property=\"article:modified_time\" content=\"2015-12-11T18:51:18+00:00\" \/>\n\t\t<meta name=\"twitter:card\" content=\"summary_large_image\" \/>\n\t\t<meta name=\"twitter:title\" content=\"El consejo general del consorcio de La C\u00f3nsula se re\u00fane este viernes | El Digital de Asturias\" \/>\n\t\t<meta name=\"twitter:description\" content=\"El consejo general del Consorcio Escuela de Hosteler\u00eda de M\u00e1laga, La C\u00f3nsula, se re\u00fane este viernes para aprobar el balance final de liquidaci\u00f3n, as\u00ed como la contrataci\u00f3n de una auditor\u00eda de dichas cuentas, requisitos previos e imprescindibles para su integraci\u00f3n en el Servicio Andaluz de Empleo (SAE). La convocatoria del consejo y la aprobaci\u00f3n de\" \/>\n\t\t<meta name=\"twitter:image\" content=\"https:\/\/eldigitaldeasturias.com\/magazine365\/wp-content\/uploads\/2015\/12\/fotonoticia_20151211101856_800.jpg\" \/>\n\t\t<script type=\"application\/ld+json\" class=\"aioseo-schema\">\n\t\t\t{\"@context\":\"https:\\\/\\\/schema.org\",\"@graph\":[{\"@type\":\"Article\",\"@id\":\"https:\\\/\\\/eldigitaldeasturias.com\\\/magazine365\\\/el-consejo-general-del-consorcio-de-la-consula-se-reune-este-viernes\\\/#article\",\"name\":\"El consejo general del consorcio de La C\\u00f3nsula se re\\u00fane este viernes | El Digital de Asturias\",\"headline\":\"El consejo general del consorcio de La C\\u00f3nsula se re\\u00fane este viernes\",\"author\":{\"@id\":\"https:\\\/\\\/eldigitaldeasturias.com\\\/magazine365\\\/author\\\/admin\\\/#author\"},\"publisher\":{\"@id\":\"https:\\\/\\\/eldigitaldeasturias.com\\\/magazine365\\\/#organization\"},\"image\":{\"@type\":\"ImageObject\",\"url\":\"https:\\\/\\\/eldigitaldeasturias.com\\\/magazine365\\\/wp-content\\\/uploads\\\/2015\\\/12\\\/fotonoticia_20151211101856_800.jpg\",\"width\":800,\"height\":507},\"datePublished\":\"2015-12-11T19:51:18+01:00\",\"dateModified\":\"2015-12-11T19:51:18+01:00\",\"inLanguage\":\"es-ES\",\"mainEntityOfPage\":{\"@id\":\"https:\\\/\\\/eldigitaldeasturias.com\\\/magazine365\\\/el-consejo-general-del-consorcio-de-la-consula-se-reune-este-viernes\\\/#webpage\"},\"isPartOf\":{\"@id\":\"https:\\\/\\\/eldigitaldeasturias.com\\\/magazine365\\\/el-consejo-general-del-consorcio-de-la-consula-se-reune-este-viernes\\\/#webpage\"},\"articleSection\":\"Noticias y Actualidad\"},{\"@type\":\"BreadcrumbList\",\"@id\":\"https:\\\/\\\/eldigitaldeasturias.com\\\/magazine365\\\/el-consejo-general-del-consorcio-de-la-consula-se-reune-este-viernes\\\/#breadcrumblist\",\"itemListElement\":[{\"@type\":\"ListItem\",\"@id\":\"https:\\\/\\\/eldigitaldeasturias.com\\\/magazine365#listItem\",\"position\":1,\"name\":\"Home\",\"item\":\"https:\\\/\\\/eldigitaldeasturias.com\\\/magazine365\",\"nextItem\":{\"@type\":\"ListItem\",\"@id\":\"https:\\\/\\\/eldigitaldeasturias.com\\\/magazine365\\\/category\\\/noticias-actualidad\\\/#listItem\",\"name\":\"Noticias y Actualidad\"}},{\"@type\":\"ListItem\",\"@id\":\"https:\\\/\\\/eldigitaldeasturias.com\\\/magazine365\\\/category\\\/noticias-actualidad\\\/#listItem\",\"position\":2,\"name\":\"Noticias y Actualidad\",\"item\":\"https:\\\/\\\/eldigitaldeasturias.com\\\/magazine365\\\/category\\\/noticias-actualidad\\\/\",\"nextItem\":{\"@type\":\"ListItem\",\"@id\":\"https:\\\/\\\/eldigitaldeasturias.com\\\/magazine365\\\/el-consejo-general-del-consorcio-de-la-consula-se-reune-este-viernes\\\/#listItem\",\"name\":\"El consejo general del consorcio de La C\\u00f3nsula se re\\u00fane este viernes\"},\"previousItem\":{\"@type\":\"ListItem\",\"@id\":\"https:\\\/\\\/eldigitaldeasturias.com\\\/magazine365#listItem\",\"name\":\"Home\"}},{\"@type\":\"ListItem\",\"@id\":\"https:\\\/\\\/eldigitaldeasturias.com\\\/magazine365\\\/el-consejo-general-del-consorcio-de-la-consula-se-reune-este-viernes\\\/#listItem\",\"position\":3,\"name\":\"El consejo general del consorcio de La C\\u00f3nsula se re\\u00fane este viernes\",\"previousItem\":{\"@type\":\"ListItem\",\"@id\":\"https:\\\/\\\/eldigitaldeasturias.com\\\/magazine365\\\/category\\\/noticias-actualidad\\\/#listItem\",\"name\":\"Noticias y Actualidad\"}}]},{\"@type\":\"Organization\",\"@id\":\"https:\\\/\\\/eldigitaldeasturias.com\\\/magazine365\\\/#organization\",\"name\":\"El digital de Asturias\",\"description\":\"Revista de ocio, turismo y estilo de vida\",\"url\":\"https:\\\/\\\/eldigitaldeasturias.com\\\/magazine365\\\/\",\"logo\":{\"@type\":\"ImageObject\",\"url\":\"https:\\\/\\\/www.eldigitaldeasturias.com\\\/noticias\\\/wp-content\\\/uploads\\\/2020\\\/12\\\/EDA.jpg\",\"@id\":\"https:\\\/\\\/eldigitaldeasturias.com\\\/magazine365\\\/el-consejo-general-del-consorcio-de-la-consula-se-reune-este-viernes\\\/#organizationLogo\"},\"image\":{\"@id\":\"https:\\\/\\\/eldigitaldeasturias.com\\\/magazine365\\\/el-consejo-general-del-consorcio-de-la-consula-se-reune-este-viernes\\\/#organizationLogo\"}},{\"@type\":\"Person\",\"@id\":\"https:\\\/\\\/eldigitaldeasturias.com\\\/magazine365\\\/author\\\/admin\\\/#author\",\"url\":\"https:\\\/\\\/eldigitaldeasturias.com\\\/magazine365\\\/author\\\/admin\\\/\",\"name\":\"admin\",\"image\":{\"@type\":\"ImageObject\",\"@id\":\"https:\\\/\\\/eldigitaldeasturias.com\\\/magazine365\\\/el-consejo-general-del-consorcio-de-la-consula-se-reune-este-viernes\\\/#authorImage\",\"url\":\"https:\\\/\\\/eldigitaldeasturias.com\\\/magazine365\\\/wp-content\\\/litespeed\\\/avatar\\\/e571bcf59a0edd6fa6838245a470f2fe.jpg?ver=1777574230\",\"width\":96,\"height\":96,\"caption\":\"admin\"}},{\"@type\":\"WebPage\",\"@id\":\"https:\\\/\\\/eldigitaldeasturias.com\\\/magazine365\\\/el-consejo-general-del-consorcio-de-la-consula-se-reune-este-viernes\\\/#webpage\",\"url\":\"https:\\\/\\\/eldigitaldeasturias.com\\\/magazine365\\\/el-consejo-general-del-consorcio-de-la-consula-se-reune-este-viernes\\\/\",\"name\":\"El consejo general del consorcio de La C\\u00f3nsula se re\\u00fane este viernes | El Digital de Asturias\",\"description\":\"El consejo general del Consorcio Escuela de Hosteler\\u00eda de M\\u00e1laga, La C\\u00f3nsula, se re\\u00fane este viernes para aprobar el balance final de liquidaci\\u00f3n, as\\u00ed como la contrataci\\u00f3n de una auditor\\u00eda de dichas cuentas, requisitos previos e imprescindibles para su integraci\\u00f3n en el Servicio Andaluz de Empleo (SAE). La convocatoria del consejo y la aprobaci\\u00f3n de\",\"inLanguage\":\"es-ES\",\"isPartOf\":{\"@id\":\"https:\\\/\\\/eldigitaldeasturias.com\\\/magazine365\\\/#website\"},\"breadcrumb\":{\"@id\":\"https:\\\/\\\/eldigitaldeasturias.com\\\/magazine365\\\/el-consejo-general-del-consorcio-de-la-consula-se-reune-este-viernes\\\/#breadcrumblist\"},\"author\":{\"@id\":\"https:\\\/\\\/eldigitaldeasturias.com\\\/magazine365\\\/author\\\/admin\\\/#author\"},\"creator\":{\"@id\":\"https:\\\/\\\/eldigitaldeasturias.com\\\/magazine365\\\/author\\\/admin\\\/#author\"},\"image\":{\"@type\":\"ImageObject\",\"url\":\"https:\\\/\\\/eldigitaldeasturias.com\\\/magazine365\\\/wp-content\\\/uploads\\\/2015\\\/12\\\/fotonoticia_20151211101856_800.jpg\",\"@id\":\"https:\\\/\\\/eldigitaldeasturias.com\\\/magazine365\\\/el-consejo-general-del-consorcio-de-la-consula-se-reune-este-viernes\\\/#mainImage\",\"width\":800,\"height\":507},\"primaryImageOfPage\":{\"@id\":\"https:\\\/\\\/eldigitaldeasturias.com\\\/magazine365\\\/el-consejo-general-del-consorcio-de-la-consula-se-reune-este-viernes\\\/#mainImage\"},\"datePublished\":\"2015-12-11T19:51:18+01:00\",\"dateModified\":\"2015-12-11T19:51:18+01:00\"},{\"@type\":\"WebSite\",\"@id\":\"https:\\\/\\\/eldigitaldeasturias.com\\\/magazine365\\\/#website\",\"url\":\"https:\\\/\\\/eldigitaldeasturias.com\\\/magazine365\\\/\",\"name\":\"El Digital de Asturias\",\"description\":\"Revista de ocio, turismo y estilo de vida\",\"inLanguage\":\"es-ES\",\"publisher\":{\"@id\":\"https:\\\/\\\/eldigitaldeasturias.com\\\/magazine365\\\/#organization\"}}]}\n\t\t<\/script>\n\t\t<!-- All in One SEO Pro -->\r\n\t\t<title>El consejo general del consorcio de La C\u00f3nsula se re\u00fane este viernes | El Digital de Asturias<\/title>\n\n","aioseo_head_json":{"title":"El consejo general del consorcio de La C\u00f3nsula se re\u00fane este viernes | El Digital de Asturias","description":"El consejo general del Consorcio Escuela de Hosteler\u00eda de M\u00e1laga, La C\u00f3nsula, se re\u00fane este viernes para aprobar el balance final de liquidaci\u00f3n, as\u00ed como la contrataci\u00f3n de una auditor\u00eda de dichas cuentas, requisitos previos e imprescindibles para su integraci\u00f3n en el Servicio Andaluz de Empleo (SAE). La convocatoria del consejo y la aprobaci\u00f3n de","canonical_url":"https:\/\/eldigitaldeasturias.com\/magazine365\/el-consejo-general-del-consorcio-de-la-consula-se-reune-este-viernes\/","robots":"max-image-preview:large","keywords":"noticias y actualidad","webmasterTools":{"google-site-verification":"UA-38556648-1","miscellaneous":""},"schema":{"@context":"https:\/\/schema.org","@graph":[{"@type":"Article","@id":"https:\/\/eldigitaldeasturias.com\/magazine365\/el-consejo-general-del-consorcio-de-la-consula-se-reune-este-viernes\/#article","name":"El consejo general del consorcio de La C\u00f3nsula se re\u00fane este viernes | El Digital de Asturias","headline":"El consejo general del consorcio de La C\u00f3nsula se re\u00fane este viernes","author":{"@id":"https:\/\/eldigitaldeasturias.com\/magazine365\/author\/admin\/#author"},"publisher":{"@id":"https:\/\/eldigitaldeasturias.com\/magazine365\/#organization"},"image":{"@type":"ImageObject","url":"https:\/\/eldigitaldeasturias.com\/magazine365\/wp-content\/uploads\/2015\/12\/fotonoticia_20151211101856_800.jpg","width":800,"height":507},"datePublished":"2015-12-11T19:51:18+01:00","dateModified":"2015-12-11T19:51:18+01:00","inLanguage":"es-ES","mainEntityOfPage":{"@id":"https:\/\/eldigitaldeasturias.com\/magazine365\/el-consejo-general-del-consorcio-de-la-consula-se-reune-este-viernes\/#webpage"},"isPartOf":{"@id":"https:\/\/eldigitaldeasturias.com\/magazine365\/el-consejo-general-del-consorcio-de-la-consula-se-reune-este-viernes\/#webpage"},"articleSection":"Noticias y Actualidad"},{"@type":"BreadcrumbList","@id":"https:\/\/eldigitaldeasturias.com\/magazine365\/el-consejo-general-del-consorcio-de-la-consula-se-reune-este-viernes\/#breadcrumblist","itemListElement":[{"@type":"ListItem","@id":"https:\/\/eldigitaldeasturias.com\/magazine365#listItem","position":1,"name":"Home","item":"https:\/\/eldigitaldeasturias.com\/magazine365","nextItem":{"@type":"ListItem","@id":"https:\/\/eldigitaldeasturias.com\/magazine365\/category\/noticias-actualidad\/#listItem","name":"Noticias y Actualidad"}},{"@type":"ListItem","@id":"https:\/\/eldigitaldeasturias.com\/magazine365\/category\/noticias-actualidad\/#listItem","position":2,"name":"Noticias y Actualidad","item":"https:\/\/eldigitaldeasturias.com\/magazine365\/category\/noticias-actualidad\/","nextItem":{"@type":"ListItem","@id":"https:\/\/eldigitaldeasturias.com\/magazine365\/el-consejo-general-del-consorcio-de-la-consula-se-reune-este-viernes\/#listItem","name":"El consejo general del consorcio de La C\u00f3nsula se re\u00fane este viernes"},"previousItem":{"@type":"ListItem","@id":"https:\/\/eldigitaldeasturias.com\/magazine365#listItem","name":"Home"}},{"@type":"ListItem","@id":"https:\/\/eldigitaldeasturias.com\/magazine365\/el-consejo-general-del-consorcio-de-la-consula-se-reune-este-viernes\/#listItem","position":3,"name":"El consejo general del consorcio de La C\u00f3nsula se re\u00fane este viernes","previousItem":{"@type":"ListItem","@id":"https:\/\/eldigitaldeasturias.com\/magazine365\/category\/noticias-actualidad\/#listItem","name":"Noticias y Actualidad"}}]},{"@type":"Organization","@id":"https:\/\/eldigitaldeasturias.com\/magazine365\/#organization","name":"El digital de Asturias","description":"Revista de ocio, turismo y estilo de vida","url":"https:\/\/eldigitaldeasturias.com\/magazine365\/","logo":{"@type":"ImageObject","url":"https:\/\/www.eldigitaldeasturias.com\/noticias\/wp-content\/uploads\/2020\/12\/EDA.jpg","@id":"https:\/\/eldigitaldeasturias.com\/magazine365\/el-consejo-general-del-consorcio-de-la-consula-se-reune-este-viernes\/#organizationLogo"},"image":{"@id":"https:\/\/eldigitaldeasturias.com\/magazine365\/el-consejo-general-del-consorcio-de-la-consula-se-reune-este-viernes\/#organizationLogo"}},{"@type":"Person","@id":"https:\/\/eldigitaldeasturias.com\/magazine365\/author\/admin\/#author","url":"https:\/\/eldigitaldeasturias.com\/magazine365\/author\/admin\/","name":"admin","image":{"@type":"ImageObject","@id":"https:\/\/eldigitaldeasturias.com\/magazine365\/el-consejo-general-del-consorcio-de-la-consula-se-reune-este-viernes\/#authorImage","url":"https:\/\/eldigitaldeasturias.com\/magazine365\/wp-content\/litespeed\/avatar\/e571bcf59a0edd6fa6838245a470f2fe.jpg?ver=1777574230","width":96,"height":96,"caption":"admin"}},{"@type":"WebPage","@id":"https:\/\/eldigitaldeasturias.com\/magazine365\/el-consejo-general-del-consorcio-de-la-consula-se-reune-este-viernes\/#webpage","url":"https:\/\/eldigitaldeasturias.com\/magazine365\/el-consejo-general-del-consorcio-de-la-consula-se-reune-este-viernes\/","name":"El consejo general del consorcio de La C\u00f3nsula se re\u00fane este viernes | El Digital de Asturias","description":"El consejo general del Consorcio Escuela de Hosteler\u00eda de M\u00e1laga, La C\u00f3nsula, se re\u00fane este viernes para aprobar el balance final de liquidaci\u00f3n, as\u00ed como la contrataci\u00f3n de una auditor\u00eda de dichas cuentas, requisitos previos e imprescindibles para su integraci\u00f3n en el Servicio Andaluz de Empleo (SAE). La convocatoria del consejo y la aprobaci\u00f3n de","inLanguage":"es-ES","isPartOf":{"@id":"https:\/\/eldigitaldeasturias.com\/magazine365\/#website"},"breadcrumb":{"@id":"https:\/\/eldigitaldeasturias.com\/magazine365\/el-consejo-general-del-consorcio-de-la-consula-se-reune-este-viernes\/#breadcrumblist"},"author":{"@id":"https:\/\/eldigitaldeasturias.com\/magazine365\/author\/admin\/#author"},"creator":{"@id":"https:\/\/eldigitaldeasturias.com\/magazine365\/author\/admin\/#author"},"image":{"@type":"ImageObject","url":"https:\/\/eldigitaldeasturias.com\/magazine365\/wp-content\/uploads\/2015\/12\/fotonoticia_20151211101856_800.jpg","@id":"https:\/\/eldigitaldeasturias.com\/magazine365\/el-consejo-general-del-consorcio-de-la-consula-se-reune-este-viernes\/#mainImage","width":800,"height":507},"primaryImageOfPage":{"@id":"https:\/\/eldigitaldeasturias.com\/magazine365\/el-consejo-general-del-consorcio-de-la-consula-se-reune-este-viernes\/#mainImage"},"datePublished":"2015-12-11T19:51:18+01:00","dateModified":"2015-12-11T19:51:18+01:00"},{"@type":"WebSite","@id":"https:\/\/eldigitaldeasturias.com\/magazine365\/#website","url":"https:\/\/eldigitaldeasturias.com\/magazine365\/","name":"El Digital de Asturias","description":"Revista de ocio, turismo y estilo de vida","inLanguage":"es-ES","publisher":{"@id":"https:\/\/eldigitaldeasturias.com\/magazine365\/#organization"}}]},"og:locale":"es_ES","og:site_name":"El Digital de Asturias \u2013 Revista de ocio, turismo y estilo de vida","og:type":"article","og:title":"El consejo general del consorcio de La C\u00f3nsula se re\u00fane este viernes | El Digital de Asturias","og:description":"El consejo general del Consorcio Escuela de Hosteler\u00eda de M\u00e1laga, La C\u00f3nsula, se re\u00fane este viernes para aprobar el balance final de liquidaci\u00f3n, as\u00ed como la contrataci\u00f3n de una auditor\u00eda de dichas cuentas, requisitos previos e imprescindibles para su integraci\u00f3n en el Servicio Andaluz de Empleo (SAE). La convocatoria del consejo y la aprobaci\u00f3n de","og:url":"https:\/\/eldigitaldeasturias.com\/magazine365\/el-consejo-general-del-consorcio-de-la-consula-se-reune-este-viernes\/","og:image":"https:\/\/eldigitaldeasturias.com\/magazine365\/wp-content\/uploads\/2015\/12\/fotonoticia_20151211101856_800.jpg","og:image:secure_url":"https:\/\/eldigitaldeasturias.com\/magazine365\/wp-content\/uploads\/2015\/12\/fotonoticia_20151211101856_800.jpg","og:image:width":800,"og:image:height":507,"article:published_time":"2015-12-11T18:51:18+00:00","article:modified_time":"2015-12-11T18:51:18+00:00","twitter:card":"summary_large_image","twitter:title":"El consejo general del consorcio de La C\u00f3nsula se re\u00fane este viernes | El Digital de Asturias","twitter:description":"El consejo general del Consorcio Escuela de Hosteler\u00eda de M\u00e1laga, La C\u00f3nsula, se re\u00fane este viernes para aprobar el balance final de liquidaci\u00f3n, as\u00ed como la contrataci\u00f3n de una auditor\u00eda de dichas cuentas, requisitos previos e imprescindibles para su integraci\u00f3n en el Servicio Andaluz de Empleo (SAE). La convocatoria del consejo y la aprobaci\u00f3n de","twitter:image":"https:\/\/eldigitaldeasturias.com\/magazine365\/wp-content\/uploads\/2015\/12\/fotonoticia_20151211101856_800.jpg"},"aioseo_meta_data":{"post_id":"58241","title":null,"description":null,"keywords":null,"keyphrases":null,"primary_term":null,"canonical_url":null,"og_title":null,"og_description":null,"og_object_type":"default","og_image_type":"default","og_image_url":null,"og_image_width":null,"og_image_height":null,"og_image_custom_url":null,"og_image_custom_fields":null,"og_video":null,"og_custom_url":null,"og_article_section":null,"og_article_tags":null,"twitter_use_og":false,"twitter_card":"default","twitter_image_type":"default","twitter_image_url":null,"twitter_image_custom_url":null,"twitter_image_custom_fields":null,"twitter_title":null,"twitter_description":null,"schema":{"blockGraphs":[],"customGraphs":[],"default":{"data":{"Article":[],"Course":[],"Dataset":[],"FAQPage":[],"Movie":[],"Person":[],"Product":[],"ProductReview":[],"Car":[],"Recipe":[],"Service":[],"SoftwareApplication":[],"WebPage":[]},"graphName":"","isEnabled":true},"graphs":[]},"schema_type":null,"schema_type_options":null,"pillar_content":false,"robots_default":true,"robots_noindex":false,"robots_noarchive":false,"robots_nosnippet":false,"robots_nofollow":false,"robots_noimageindex":false,"robots_noodp":false,"robots_notranslate":false,"robots_max_snippet":null,"robots_max_videopreview":null,"robots_max_imagepreview":"large","priority":null,"frequency":null,"location":null,"local_seo":null,"seo_analyzer_scan_date":"2025-09-25 02:37:53","breadcrumb_settings":null,"limit_modified_date":false,"open_ai":null,"ai":null,"created":"2021-03-08 22:32:34","updated":"2025-09-25 02:37:53"},"aioseo_breadcrumb":"<div class=\"aioseo-breadcrumbs\"><span class=\"aioseo-breadcrumb\">\n\t<a href=\"https:\/\/eldigitaldeasturias.com\/magazine365\" title=\"Home\">Home<\/a>\n<\/span><span class=\"aioseo-breadcrumb-separator\">\u2013<\/span><span class=\"aioseo-breadcrumb\">\n\t<a href=\"https:\/\/eldigitaldeasturias.com\/magazine365\/category\/noticias-actualidad\/\" title=\"Noticias y Actualidad\">Noticias y Actualidad<\/a>\n<\/span><span class=\"aioseo-breadcrumb-separator\">\u2013<\/span><span class=\"aioseo-breadcrumb\">\n\t<a href=\"https:\/\/eldigitaldeasturias.com\/magazine365\/el-consejo-general-del-consorcio-de-la-consula-se-reune-este-viernes\/\" title=\"El consejo general del consorcio de La C\u00f3nsula se re\u00fane este viernes\">El consejo general del consorcio de La C\u00f3nsula se re\u00fane este viernes<\/a>\n<\/span><\/div>","aioseo_breadcrumb_json":[{"label":"Home","link":"https:\/\/eldigitaldeasturias.com\/magazine365"},{"label":"Noticias y Actualidad","link":"https:\/\/eldigitaldeasturias.com\/magazine365\/category\/noticias-actualidad\/"},{"label":"El consejo general del consorcio de La C\u00f3nsula se re\u00fane este viernes","link":"https:\/\/eldigitaldeasturias.com\/magazine365\/el-consejo-general-del-consorcio-de-la-consula-se-reune-este-viernes\/"}],"_links":{"self":[{"href":"https:\/\/eldigitaldeasturias.com\/magazine365\/wp-json\/wp\/v2\/posts\/58241","targetHints":{"allow":["GET"]}}],"collection":[{"href":"https:\/\/eldigitaldeasturias.com\/magazine365\/wp-json\/wp\/v2\/posts"}],"about":[{"href":"https:\/\/eldigitaldeasturias.com\/magazine365\/wp-json\/wp\/v2\/types\/post"}],"author":[{"embeddable":true,"href":"https:\/\/eldigitaldeasturias.com\/magazine365\/wp-json\/wp\/v2\/users\/1"}],"replies":[{"embeddable":true,"href":"https:\/\/eldigitaldeasturias.com\/magazine365\/wp-json\/wp\/v2\/comments?post=58241"}],"version-history":[{"count":0,"href":"https:\/\/eldigitaldeasturias.com\/magazine365\/wp-json\/wp\/v2\/posts\/58241\/revisions"}],"wp:featuredmedia":[{"embeddable":true,"href":"https:\/\/eldigitaldeasturias.com\/magazine365\/wp-json\/wp\/v2\/media\/58242"}],"wp:attachment":[{"href":"https:\/\/eldigitaldeasturias.com\/magazine365\/wp-json\/wp\/v2\/media?parent=58241"}],"wp:term":[{"taxonomy":"category","embeddable":true,"href":"https:\/\/eldigitaldeasturias.com\/magazine365\/wp-json\/wp\/v2\/categories?post=58241"},{"taxonomy":"post_tag","embeddable":true,"href":"https:\/\/eldigitaldeasturias.com\/magazine365\/wp-json\/wp\/v2\/tags?post=58241"}],"curies":[{"name":"wp","href":"https:\/\/api.w.org\/{rel}","templated":true}]}}