{"id":58238,"date":"2015-12-11T19:50:25","date_gmt":"2015-12-11T18:50:25","guid":{"rendered":"http:\/\/eldigitaldeasturias.com\/magazine365\/?p=58238"},"modified":"2015-12-11T19:50:25","modified_gmt":"2015-12-11T18:50:25","slug":"el-63-de-los-gestores-de-viajes-preve-que-la-tecnologia-movil-tenga-un-impacto-en-sus-programas-segun-cwt","status":"publish","type":"post","link":"https:\/\/eldigitaldeasturias.com\/magazine365\/el-63-de-los-gestores-de-viajes-preve-que-la-tecnologia-movil-tenga-un-impacto-en-sus-programas-segun-cwt\/","title":{"rendered":"El 63% de los gestores de viajes prev\u00e9 que la tecnolog\u00eda m\u00f3vil tenga un impacto en sus programas, seg\u00fan CWT"},"content":{"rendered":"<p><img fetchpriority=\"high\" decoding=\"async\" class=\"alignleft size-medium wp-image-58239\" src=\"https:\/\/eldigitaldeasturias.com\/magazine365\/wp-content\/uploads\/2015\/12\/fotonoticia_20151211085936_800-360x202.jpg\" alt=\"fotonoticia_20151211085936_800\" width=\"360\" height=\"202\" srcset=\"https:\/\/eldigitaldeasturias.com\/magazine365\/wp-content\/uploads\/2015\/12\/fotonoticia_20151211085936_800-360x202.jpg 360w, https:\/\/eldigitaldeasturias.com\/magazine365\/wp-content\/uploads\/2015\/12\/fotonoticia_20151211085936_800-650x364.jpg 650w, https:\/\/eldigitaldeasturias.com\/magazine365\/wp-content\/uploads\/2015\/12\/fotonoticia_20151211085936_800-768x430.jpg 768w, https:\/\/eldigitaldeasturias.com\/magazine365\/wp-content\/uploads\/2015\/12\/fotonoticia_20151211085936_800-150x84.jpg 150w, https:\/\/eldigitaldeasturias.com\/magazine365\/wp-content\/uploads\/2015\/12\/fotonoticia_20151211085936_800-450x252.jpg 450w, https:\/\/eldigitaldeasturias.com\/magazine365\/wp-content\/uploads\/2015\/12\/fotonoticia_20151211085936_800-696x390.jpg 696w, https:\/\/eldigitaldeasturias.com\/magazine365\/wp-content\/uploads\/2015\/12\/fotonoticia_20151211085936_800-750x420.jpg 750w, https:\/\/eldigitaldeasturias.com\/magazine365\/wp-content\/uploads\/2015\/12\/fotonoticia_20151211085936_800-499x280.jpg 499w, https:\/\/eldigitaldeasturias.com\/magazine365\/wp-content\/uploads\/2015\/12\/fotonoticia_20151211085936_800.jpg 800w\" sizes=\"(max-width: 360px) 100vw, 360px\" \/>Seg\u00fan la \u00faltima encuesta, la prevenci\u00f3n y seguridad ser\u00e1n dos temas destacados en 2016.<\/p>\n<p>El 63% de los gestores de viajes espera que la tecnolog\u00eda m\u00f3vil tenga un fuerte impacto en sus programas de viajes, seg\u00fan la \u00faltima encuesta realizada por Carlson Wagnolit Travel (CWT), grupo especializado en viajes corporativos.<\/p>\n<p>Los gestores de viajes ponen las necesidades de los viajeros en primer lugar, adoptando nuevas tecnolog\u00edas y formas de trabajar que podr\u00edan convertir 2016 en el a\u00f1o de los viajeros.<\/p>\n<p>En su estudio &#8216;TendenciasCWT&#8217;, realizado en base a una encuesta a m\u00e1s de 1.000 gestores de viajes de todo el mundo, se realiza un an\u00e1lisis de c\u00f3mo el propio sector afrontar\u00e1 el pr\u00f3ximo a\u00f1o.<\/p>\n<p>El vicepresidente ejecutivo de CWT, David Moran, coment\u00f3 que la gesti\u00f3n de los viajes est\u00e1 evolucionando a medida que las empresas \u00abexploran c\u00f3mo facilitar la vida de los viajeros\u00bb, dando un importante papel a las nuevas tecnolog\u00edas.<\/p>\n<p>CWT presta servicio en m\u00e1s de 150 pa\u00edses, y su volumen de ventas de las operaciones propias y conjuntas ascendi\u00f3 a un total de 27.300 millones de d\u00f3lares (24.779 millones euros) en 2014.<\/p>\n","protected":false},"excerpt":{"rendered":"<p>Seg\u00fan la \u00faltima encuesta, la prevenci\u00f3n y seguridad ser\u00e1n dos temas destacados en 2016. El 63% de los gestores de viajes espera que la tecnolog\u00eda m\u00f3vil tenga un fuerte impacto en sus programas de viajes, seg\u00fan la \u00faltima encuesta realizada por Carlson Wagnolit Travel (CWT), grupo especializado en viajes corporativos. Los gestores de viajes ponen<\/p>\n","protected":false},"author":1,"featured_media":58239,"comment_status":"open","ping_status":"closed","sticky":false,"template":"","format":"standard","meta":{"footnotes":""},"categories":[224],"tags":[],"class_list":{"0":"post-58238","1":"post","2":"type-post","3":"status-publish","4":"format-standard","5":"has-post-thumbnail","7":"category-noticias-actualidad"},"aioseo_notices":[],"aioseo_head":"\n\t\t<!-- All in One SEO Pro 4.9.6.1 - aioseo.com -->\n\t<meta name=\"description\" content=\"Seg\u00fan la \u00faltima encuesta, la prevenci\u00f3n y seguridad ser\u00e1n dos temas destacados en 2016. El 63% de los gestores de viajes espera que la tecnolog\u00eda m\u00f3vil tenga un fuerte impacto en sus programas de viajes, seg\u00fan la \u00faltima encuesta realizada por Carlson Wagnolit Travel (CWT), grupo especializado en viajes corporativos. Los gestores de viajes ponen\" \/>\n\t<meta name=\"robots\" content=\"max-image-preview:large\" \/>\n\t<meta name=\"author\" content=\"admin\"\/>\n\t<meta name=\"google-site-verification\" content=\"UA-38556648-1\" \/>\n\t<meta name=\"keywords\" content=\"noticias y actualidad\" \/>\n\t<link rel=\"canonical\" href=\"https:\/\/eldigitaldeasturias.com\/magazine365\/el-63-de-los-gestores-de-viajes-preve-que-la-tecnologia-movil-tenga-un-impacto-en-sus-programas-segun-cwt\/\" \/>\n\t<meta name=\"generator\" content=\"All in One SEO Pro (AIOSEO) 4.9.6.1\" \/>\n\t\t<meta property=\"og:locale\" content=\"es_ES\" \/>\n\t\t<meta property=\"og:site_name\" content=\"El Digital de Asturias \u2013 Revista de ocio, turismo y estilo de vida\" \/>\n\t\t<meta property=\"og:type\" content=\"article\" \/>\n\t\t<meta property=\"og:title\" content=\"El 63% de los gestores de viajes prev\u00e9 que la tecnolog\u00eda m\u00f3vil tenga un impacto en sus programas, seg\u00fan CWT | El Digital de Asturias\" \/>\n\t\t<meta property=\"og:description\" content=\"Seg\u00fan la \u00faltima encuesta, la prevenci\u00f3n y seguridad ser\u00e1n dos temas destacados en 2016. El 63% de los gestores de viajes espera que la tecnolog\u00eda m\u00f3vil tenga un fuerte impacto en sus programas de viajes, seg\u00fan la \u00faltima encuesta realizada por Carlson Wagnolit Travel (CWT), grupo especializado en viajes corporativos. Los gestores de viajes ponen\" \/>\n\t\t<meta property=\"og:url\" content=\"https:\/\/eldigitaldeasturias.com\/magazine365\/el-63-de-los-gestores-de-viajes-preve-que-la-tecnologia-movil-tenga-un-impacto-en-sus-programas-segun-cwt\/\" \/>\n\t\t<meta property=\"og:image\" content=\"https:\/\/eldigitaldeasturias.com\/magazine365\/wp-content\/uploads\/2015\/12\/fotonoticia_20151211085936_800.jpg\" \/>\n\t\t<meta property=\"og:image:secure_url\" content=\"https:\/\/eldigitaldeasturias.com\/magazine365\/wp-content\/uploads\/2015\/12\/fotonoticia_20151211085936_800.jpg\" \/>\n\t\t<meta property=\"og:image:width\" content=\"800\" \/>\n\t\t<meta property=\"og:image:height\" content=\"448\" \/>\n\t\t<meta property=\"article:published_time\" content=\"2015-12-11T18:50:25+00:00\" \/>\n\t\t<meta property=\"article:modified_time\" content=\"2015-12-11T18:50:25+00:00\" \/>\n\t\t<meta name=\"twitter:card\" content=\"summary_large_image\" \/>\n\t\t<meta name=\"twitter:title\" content=\"El 63% de los gestores de viajes prev\u00e9 que la tecnolog\u00eda m\u00f3vil tenga un impacto en sus programas, seg\u00fan CWT | El Digital de Asturias\" \/>\n\t\t<meta name=\"twitter:description\" content=\"Seg\u00fan la \u00faltima encuesta, la prevenci\u00f3n y seguridad ser\u00e1n dos temas destacados en 2016. El 63% de los gestores de viajes espera que la tecnolog\u00eda m\u00f3vil tenga un fuerte impacto en sus programas de viajes, seg\u00fan la \u00faltima encuesta realizada por Carlson Wagnolit Travel (CWT), grupo especializado en viajes corporativos. Los gestores de viajes ponen\" \/>\n\t\t<meta name=\"twitter:image\" content=\"https:\/\/eldigitaldeasturias.com\/magazine365\/wp-content\/uploads\/2015\/12\/fotonoticia_20151211085936_800.jpg\" \/>\n\t\t<script type=\"application\/ld+json\" class=\"aioseo-schema\">\n\t\t\t{\"@context\":\"https:\\\/\\\/schema.org\",\"@graph\":[{\"@type\":\"Article\",\"@id\":\"https:\\\/\\\/eldigitaldeasturias.com\\\/magazine365\\\/el-63-de-los-gestores-de-viajes-preve-que-la-tecnologia-movil-tenga-un-impacto-en-sus-programas-segun-cwt\\\/#article\",\"name\":\"El 63% de los gestores de viajes prev\\u00e9 que la tecnolog\\u00eda m\\u00f3vil tenga un impacto en sus programas, seg\\u00fan CWT | El Digital de Asturias\",\"headline\":\"El 63% de los gestores de viajes prev\\u00e9 que la tecnolog\\u00eda m\\u00f3vil tenga un impacto en sus programas, seg\\u00fan CWT\",\"author\":{\"@id\":\"https:\\\/\\\/eldigitaldeasturias.com\\\/magazine365\\\/author\\\/admin\\\/#author\"},\"publisher\":{\"@id\":\"https:\\\/\\\/eldigitaldeasturias.com\\\/magazine365\\\/#organization\"},\"image\":{\"@type\":\"ImageObject\",\"url\":\"https:\\\/\\\/eldigitaldeasturias.com\\\/magazine365\\\/wp-content\\\/uploads\\\/2015\\\/12\\\/fotonoticia_20151211085936_800.jpg\",\"width\":800,\"height\":448},\"datePublished\":\"2015-12-11T19:50:25+01:00\",\"dateModified\":\"2015-12-11T19:50:25+01:00\",\"inLanguage\":\"es-ES\",\"mainEntityOfPage\":{\"@id\":\"https:\\\/\\\/eldigitaldeasturias.com\\\/magazine365\\\/el-63-de-los-gestores-de-viajes-preve-que-la-tecnologia-movil-tenga-un-impacto-en-sus-programas-segun-cwt\\\/#webpage\"},\"isPartOf\":{\"@id\":\"https:\\\/\\\/eldigitaldeasturias.com\\\/magazine365\\\/el-63-de-los-gestores-de-viajes-preve-que-la-tecnologia-movil-tenga-un-impacto-en-sus-programas-segun-cwt\\\/#webpage\"},\"articleSection\":\"Noticias y Actualidad\"},{\"@type\":\"BreadcrumbList\",\"@id\":\"https:\\\/\\\/eldigitaldeasturias.com\\\/magazine365\\\/el-63-de-los-gestores-de-viajes-preve-que-la-tecnologia-movil-tenga-un-impacto-en-sus-programas-segun-cwt\\\/#breadcrumblist\",\"itemListElement\":[{\"@type\":\"ListItem\",\"@id\":\"https:\\\/\\\/eldigitaldeasturias.com\\\/magazine365#listItem\",\"position\":1,\"name\":\"Home\",\"item\":\"https:\\\/\\\/eldigitaldeasturias.com\\\/magazine365\",\"nextItem\":{\"@type\":\"ListItem\",\"@id\":\"https:\\\/\\\/eldigitaldeasturias.com\\\/magazine365\\\/category\\\/noticias-actualidad\\\/#listItem\",\"name\":\"Noticias y Actualidad\"}},{\"@type\":\"ListItem\",\"@id\":\"https:\\\/\\\/eldigitaldeasturias.com\\\/magazine365\\\/category\\\/noticias-actualidad\\\/#listItem\",\"position\":2,\"name\":\"Noticias y Actualidad\",\"item\":\"https:\\\/\\\/eldigitaldeasturias.com\\\/magazine365\\\/category\\\/noticias-actualidad\\\/\",\"nextItem\":{\"@type\":\"ListItem\",\"@id\":\"https:\\\/\\\/eldigitaldeasturias.com\\\/magazine365\\\/el-63-de-los-gestores-de-viajes-preve-que-la-tecnologia-movil-tenga-un-impacto-en-sus-programas-segun-cwt\\\/#listItem\",\"name\":\"El 63% de los gestores de viajes prev\\u00e9 que la tecnolog\\u00eda m\\u00f3vil tenga un impacto en sus programas, seg\\u00fan CWT\"},\"previousItem\":{\"@type\":\"ListItem\",\"@id\":\"https:\\\/\\\/eldigitaldeasturias.com\\\/magazine365#listItem\",\"name\":\"Home\"}},{\"@type\":\"ListItem\",\"@id\":\"https:\\\/\\\/eldigitaldeasturias.com\\\/magazine365\\\/el-63-de-los-gestores-de-viajes-preve-que-la-tecnologia-movil-tenga-un-impacto-en-sus-programas-segun-cwt\\\/#listItem\",\"position\":3,\"name\":\"El 63% de los gestores de viajes prev\\u00e9 que la tecnolog\\u00eda m\\u00f3vil tenga un impacto en sus programas, seg\\u00fan CWT\",\"previousItem\":{\"@type\":\"ListItem\",\"@id\":\"https:\\\/\\\/eldigitaldeasturias.com\\\/magazine365\\\/category\\\/noticias-actualidad\\\/#listItem\",\"name\":\"Noticias y Actualidad\"}}]},{\"@type\":\"Organization\",\"@id\":\"https:\\\/\\\/eldigitaldeasturias.com\\\/magazine365\\\/#organization\",\"name\":\"El digital de Asturias\",\"description\":\"Revista de ocio, turismo y estilo de vida\",\"url\":\"https:\\\/\\\/eldigitaldeasturias.com\\\/magazine365\\\/\",\"logo\":{\"@type\":\"ImageObject\",\"url\":\"https:\\\/\\\/www.eldigitaldeasturias.com\\\/noticias\\\/wp-content\\\/uploads\\\/2020\\\/12\\\/EDA.jpg\",\"@id\":\"https:\\\/\\\/eldigitaldeasturias.com\\\/magazine365\\\/el-63-de-los-gestores-de-viajes-preve-que-la-tecnologia-movil-tenga-un-impacto-en-sus-programas-segun-cwt\\\/#organizationLogo\"},\"image\":{\"@id\":\"https:\\\/\\\/eldigitaldeasturias.com\\\/magazine365\\\/el-63-de-los-gestores-de-viajes-preve-que-la-tecnologia-movil-tenga-un-impacto-en-sus-programas-segun-cwt\\\/#organizationLogo\"}},{\"@type\":\"Person\",\"@id\":\"https:\\\/\\\/eldigitaldeasturias.com\\\/magazine365\\\/author\\\/admin\\\/#author\",\"url\":\"https:\\\/\\\/eldigitaldeasturias.com\\\/magazine365\\\/author\\\/admin\\\/\",\"name\":\"admin\",\"image\":{\"@type\":\"ImageObject\",\"@id\":\"https:\\\/\\\/eldigitaldeasturias.com\\\/magazine365\\\/el-63-de-los-gestores-de-viajes-preve-que-la-tecnologia-movil-tenga-un-impacto-en-sus-programas-segun-cwt\\\/#authorImage\",\"url\":\"https:\\\/\\\/eldigitaldeasturias.com\\\/magazine365\\\/wp-content\\\/litespeed\\\/avatar\\\/e571bcf59a0edd6fa6838245a470f2fe.jpg?ver=1777574230\",\"width\":96,\"height\":96,\"caption\":\"admin\"}},{\"@type\":\"WebPage\",\"@id\":\"https:\\\/\\\/eldigitaldeasturias.com\\\/magazine365\\\/el-63-de-los-gestores-de-viajes-preve-que-la-tecnologia-movil-tenga-un-impacto-en-sus-programas-segun-cwt\\\/#webpage\",\"url\":\"https:\\\/\\\/eldigitaldeasturias.com\\\/magazine365\\\/el-63-de-los-gestores-de-viajes-preve-que-la-tecnologia-movil-tenga-un-impacto-en-sus-programas-segun-cwt\\\/\",\"name\":\"El 63% de los gestores de viajes prev\\u00e9 que la tecnolog\\u00eda m\\u00f3vil tenga un impacto en sus programas, seg\\u00fan CWT | El Digital de Asturias\",\"description\":\"Seg\\u00fan la \\u00faltima encuesta, la prevenci\\u00f3n y seguridad ser\\u00e1n dos temas destacados en 2016. El 63% de los gestores de viajes espera que la tecnolog\\u00eda m\\u00f3vil tenga un fuerte impacto en sus programas de viajes, seg\\u00fan la \\u00faltima encuesta realizada por Carlson Wagnolit Travel (CWT), grupo especializado en viajes corporativos. Los gestores de viajes ponen\",\"inLanguage\":\"es-ES\",\"isPartOf\":{\"@id\":\"https:\\\/\\\/eldigitaldeasturias.com\\\/magazine365\\\/#website\"},\"breadcrumb\":{\"@id\":\"https:\\\/\\\/eldigitaldeasturias.com\\\/magazine365\\\/el-63-de-los-gestores-de-viajes-preve-que-la-tecnologia-movil-tenga-un-impacto-en-sus-programas-segun-cwt\\\/#breadcrumblist\"},\"author\":{\"@id\":\"https:\\\/\\\/eldigitaldeasturias.com\\\/magazine365\\\/author\\\/admin\\\/#author\"},\"creator\":{\"@id\":\"https:\\\/\\\/eldigitaldeasturias.com\\\/magazine365\\\/author\\\/admin\\\/#author\"},\"image\":{\"@type\":\"ImageObject\",\"url\":\"https:\\\/\\\/eldigitaldeasturias.com\\\/magazine365\\\/wp-content\\\/uploads\\\/2015\\\/12\\\/fotonoticia_20151211085936_800.jpg\",\"@id\":\"https:\\\/\\\/eldigitaldeasturias.com\\\/magazine365\\\/el-63-de-los-gestores-de-viajes-preve-que-la-tecnologia-movil-tenga-un-impacto-en-sus-programas-segun-cwt\\\/#mainImage\",\"width\":800,\"height\":448},\"primaryImageOfPage\":{\"@id\":\"https:\\\/\\\/eldigitaldeasturias.com\\\/magazine365\\\/el-63-de-los-gestores-de-viajes-preve-que-la-tecnologia-movil-tenga-un-impacto-en-sus-programas-segun-cwt\\\/#mainImage\"},\"datePublished\":\"2015-12-11T19:50:25+01:00\",\"dateModified\":\"2015-12-11T19:50:25+01:00\"},{\"@type\":\"WebSite\",\"@id\":\"https:\\\/\\\/eldigitaldeasturias.com\\\/magazine365\\\/#website\",\"url\":\"https:\\\/\\\/eldigitaldeasturias.com\\\/magazine365\\\/\",\"name\":\"El Digital de Asturias\",\"description\":\"Revista de ocio, turismo y estilo de vida\",\"inLanguage\":\"es-ES\",\"publisher\":{\"@id\":\"https:\\\/\\\/eldigitaldeasturias.com\\\/magazine365\\\/#organization\"}}]}\n\t\t<\/script>\n\t\t<!-- All in One SEO Pro -->\r\n\t\t<title>El 63% de los gestores de viajes prev\u00e9 que la tecnolog\u00eda m\u00f3vil tenga un impacto en sus programas, seg\u00fan CWT | El Digital de Asturias<\/title>\n\n","aioseo_head_json":{"title":"El 63% de los gestores de viajes prev\u00e9 que la tecnolog\u00eda m\u00f3vil tenga un impacto en sus programas, seg\u00fan CWT | El Digital de Asturias","description":"Seg\u00fan la \u00faltima encuesta, la prevenci\u00f3n y seguridad ser\u00e1n dos temas destacados en 2016. El 63% de los gestores de viajes espera que la tecnolog\u00eda m\u00f3vil tenga un fuerte impacto en sus programas de viajes, seg\u00fan la \u00faltima encuesta realizada por Carlson Wagnolit Travel (CWT), grupo especializado en viajes corporativos. Los gestores de viajes ponen","canonical_url":"https:\/\/eldigitaldeasturias.com\/magazine365\/el-63-de-los-gestores-de-viajes-preve-que-la-tecnologia-movil-tenga-un-impacto-en-sus-programas-segun-cwt\/","robots":"max-image-preview:large","keywords":"noticias y actualidad","webmasterTools":{"google-site-verification":"UA-38556648-1","miscellaneous":""},"schema":{"@context":"https:\/\/schema.org","@graph":[{"@type":"Article","@id":"https:\/\/eldigitaldeasturias.com\/magazine365\/el-63-de-los-gestores-de-viajes-preve-que-la-tecnologia-movil-tenga-un-impacto-en-sus-programas-segun-cwt\/#article","name":"El 63% de los gestores de viajes prev\u00e9 que la tecnolog\u00eda m\u00f3vil tenga un impacto en sus programas, seg\u00fan CWT | El Digital de Asturias","headline":"El 63% de los gestores de viajes prev\u00e9 que la tecnolog\u00eda m\u00f3vil tenga un impacto en sus programas, seg\u00fan CWT","author":{"@id":"https:\/\/eldigitaldeasturias.com\/magazine365\/author\/admin\/#author"},"publisher":{"@id":"https:\/\/eldigitaldeasturias.com\/magazine365\/#organization"},"image":{"@type":"ImageObject","url":"https:\/\/eldigitaldeasturias.com\/magazine365\/wp-content\/uploads\/2015\/12\/fotonoticia_20151211085936_800.jpg","width":800,"height":448},"datePublished":"2015-12-11T19:50:25+01:00","dateModified":"2015-12-11T19:50:25+01:00","inLanguage":"es-ES","mainEntityOfPage":{"@id":"https:\/\/eldigitaldeasturias.com\/magazine365\/el-63-de-los-gestores-de-viajes-preve-que-la-tecnologia-movil-tenga-un-impacto-en-sus-programas-segun-cwt\/#webpage"},"isPartOf":{"@id":"https:\/\/eldigitaldeasturias.com\/magazine365\/el-63-de-los-gestores-de-viajes-preve-que-la-tecnologia-movil-tenga-un-impacto-en-sus-programas-segun-cwt\/#webpage"},"articleSection":"Noticias y Actualidad"},{"@type":"BreadcrumbList","@id":"https:\/\/eldigitaldeasturias.com\/magazine365\/el-63-de-los-gestores-de-viajes-preve-que-la-tecnologia-movil-tenga-un-impacto-en-sus-programas-segun-cwt\/#breadcrumblist","itemListElement":[{"@type":"ListItem","@id":"https:\/\/eldigitaldeasturias.com\/magazine365#listItem","position":1,"name":"Home","item":"https:\/\/eldigitaldeasturias.com\/magazine365","nextItem":{"@type":"ListItem","@id":"https:\/\/eldigitaldeasturias.com\/magazine365\/category\/noticias-actualidad\/#listItem","name":"Noticias y Actualidad"}},{"@type":"ListItem","@id":"https:\/\/eldigitaldeasturias.com\/magazine365\/category\/noticias-actualidad\/#listItem","position":2,"name":"Noticias y Actualidad","item":"https:\/\/eldigitaldeasturias.com\/magazine365\/category\/noticias-actualidad\/","nextItem":{"@type":"ListItem","@id":"https:\/\/eldigitaldeasturias.com\/magazine365\/el-63-de-los-gestores-de-viajes-preve-que-la-tecnologia-movil-tenga-un-impacto-en-sus-programas-segun-cwt\/#listItem","name":"El 63% de los gestores de viajes prev\u00e9 que la tecnolog\u00eda m\u00f3vil tenga un impacto en sus programas, seg\u00fan CWT"},"previousItem":{"@type":"ListItem","@id":"https:\/\/eldigitaldeasturias.com\/magazine365#listItem","name":"Home"}},{"@type":"ListItem","@id":"https:\/\/eldigitaldeasturias.com\/magazine365\/el-63-de-los-gestores-de-viajes-preve-que-la-tecnologia-movil-tenga-un-impacto-en-sus-programas-segun-cwt\/#listItem","position":3,"name":"El 63% de los gestores de viajes prev\u00e9 que la tecnolog\u00eda m\u00f3vil tenga un impacto en sus programas, seg\u00fan CWT","previousItem":{"@type":"ListItem","@id":"https:\/\/eldigitaldeasturias.com\/magazine365\/category\/noticias-actualidad\/#listItem","name":"Noticias y Actualidad"}}]},{"@type":"Organization","@id":"https:\/\/eldigitaldeasturias.com\/magazine365\/#organization","name":"El digital de Asturias","description":"Revista de ocio, turismo y estilo de vida","url":"https:\/\/eldigitaldeasturias.com\/magazine365\/","logo":{"@type":"ImageObject","url":"https:\/\/www.eldigitaldeasturias.com\/noticias\/wp-content\/uploads\/2020\/12\/EDA.jpg","@id":"https:\/\/eldigitaldeasturias.com\/magazine365\/el-63-de-los-gestores-de-viajes-preve-que-la-tecnologia-movil-tenga-un-impacto-en-sus-programas-segun-cwt\/#organizationLogo"},"image":{"@id":"https:\/\/eldigitaldeasturias.com\/magazine365\/el-63-de-los-gestores-de-viajes-preve-que-la-tecnologia-movil-tenga-un-impacto-en-sus-programas-segun-cwt\/#organizationLogo"}},{"@type":"Person","@id":"https:\/\/eldigitaldeasturias.com\/magazine365\/author\/admin\/#author","url":"https:\/\/eldigitaldeasturias.com\/magazine365\/author\/admin\/","name":"admin","image":{"@type":"ImageObject","@id":"https:\/\/eldigitaldeasturias.com\/magazine365\/el-63-de-los-gestores-de-viajes-preve-que-la-tecnologia-movil-tenga-un-impacto-en-sus-programas-segun-cwt\/#authorImage","url":"https:\/\/eldigitaldeasturias.com\/magazine365\/wp-content\/litespeed\/avatar\/e571bcf59a0edd6fa6838245a470f2fe.jpg?ver=1777574230","width":96,"height":96,"caption":"admin"}},{"@type":"WebPage","@id":"https:\/\/eldigitaldeasturias.com\/magazine365\/el-63-de-los-gestores-de-viajes-preve-que-la-tecnologia-movil-tenga-un-impacto-en-sus-programas-segun-cwt\/#webpage","url":"https:\/\/eldigitaldeasturias.com\/magazine365\/el-63-de-los-gestores-de-viajes-preve-que-la-tecnologia-movil-tenga-un-impacto-en-sus-programas-segun-cwt\/","name":"El 63% de los gestores de viajes prev\u00e9 que la tecnolog\u00eda m\u00f3vil tenga un impacto en sus programas, seg\u00fan CWT | El Digital de Asturias","description":"Seg\u00fan la \u00faltima encuesta, la prevenci\u00f3n y seguridad ser\u00e1n dos temas destacados en 2016. El 63% de los gestores de viajes espera que la tecnolog\u00eda m\u00f3vil tenga un fuerte impacto en sus programas de viajes, seg\u00fan la \u00faltima encuesta realizada por Carlson Wagnolit Travel (CWT), grupo especializado en viajes corporativos. Los gestores de viajes ponen","inLanguage":"es-ES","isPartOf":{"@id":"https:\/\/eldigitaldeasturias.com\/magazine365\/#website"},"breadcrumb":{"@id":"https:\/\/eldigitaldeasturias.com\/magazine365\/el-63-de-los-gestores-de-viajes-preve-que-la-tecnologia-movil-tenga-un-impacto-en-sus-programas-segun-cwt\/#breadcrumblist"},"author":{"@id":"https:\/\/eldigitaldeasturias.com\/magazine365\/author\/admin\/#author"},"creator":{"@id":"https:\/\/eldigitaldeasturias.com\/magazine365\/author\/admin\/#author"},"image":{"@type":"ImageObject","url":"https:\/\/eldigitaldeasturias.com\/magazine365\/wp-content\/uploads\/2015\/12\/fotonoticia_20151211085936_800.jpg","@id":"https:\/\/eldigitaldeasturias.com\/magazine365\/el-63-de-los-gestores-de-viajes-preve-que-la-tecnologia-movil-tenga-un-impacto-en-sus-programas-segun-cwt\/#mainImage","width":800,"height":448},"primaryImageOfPage":{"@id":"https:\/\/eldigitaldeasturias.com\/magazine365\/el-63-de-los-gestores-de-viajes-preve-que-la-tecnologia-movil-tenga-un-impacto-en-sus-programas-segun-cwt\/#mainImage"},"datePublished":"2015-12-11T19:50:25+01:00","dateModified":"2015-12-11T19:50:25+01:00"},{"@type":"WebSite","@id":"https:\/\/eldigitaldeasturias.com\/magazine365\/#website","url":"https:\/\/eldigitaldeasturias.com\/magazine365\/","name":"El Digital de Asturias","description":"Revista de ocio, turismo y estilo de vida","inLanguage":"es-ES","publisher":{"@id":"https:\/\/eldigitaldeasturias.com\/magazine365\/#organization"}}]},"og:locale":"es_ES","og:site_name":"El Digital de Asturias \u2013 Revista de ocio, turismo y estilo de vida","og:type":"article","og:title":"El 63% de los gestores de viajes prev\u00e9 que la tecnolog\u00eda m\u00f3vil tenga un impacto en sus programas, seg\u00fan CWT | El Digital de Asturias","og:description":"Seg\u00fan la \u00faltima encuesta, la prevenci\u00f3n y seguridad ser\u00e1n dos temas destacados en 2016. El 63% de los gestores de viajes espera que la tecnolog\u00eda m\u00f3vil tenga un fuerte impacto en sus programas de viajes, seg\u00fan la \u00faltima encuesta realizada por Carlson Wagnolit Travel (CWT), grupo especializado en viajes corporativos. Los gestores de viajes ponen","og:url":"https:\/\/eldigitaldeasturias.com\/magazine365\/el-63-de-los-gestores-de-viajes-preve-que-la-tecnologia-movil-tenga-un-impacto-en-sus-programas-segun-cwt\/","og:image":"https:\/\/eldigitaldeasturias.com\/magazine365\/wp-content\/uploads\/2015\/12\/fotonoticia_20151211085936_800.jpg","og:image:secure_url":"https:\/\/eldigitaldeasturias.com\/magazine365\/wp-content\/uploads\/2015\/12\/fotonoticia_20151211085936_800.jpg","og:image:width":800,"og:image:height":448,"article:published_time":"2015-12-11T18:50:25+00:00","article:modified_time":"2015-12-11T18:50:25+00:00","twitter:card":"summary_large_image","twitter:title":"El 63% de los gestores de viajes prev\u00e9 que la tecnolog\u00eda m\u00f3vil tenga un impacto en sus programas, seg\u00fan CWT | El Digital de Asturias","twitter:description":"Seg\u00fan la \u00faltima encuesta, la prevenci\u00f3n y seguridad ser\u00e1n dos temas destacados en 2016. El 63% de los gestores de viajes espera que la tecnolog\u00eda m\u00f3vil tenga un fuerte impacto en sus programas de viajes, seg\u00fan la \u00faltima encuesta realizada por Carlson Wagnolit Travel (CWT), grupo especializado en viajes corporativos. Los gestores de viajes ponen","twitter:image":"https:\/\/eldigitaldeasturias.com\/magazine365\/wp-content\/uploads\/2015\/12\/fotonoticia_20151211085936_800.jpg"},"aioseo_meta_data":{"post_id":"58238","title":null,"description":null,"keywords":null,"keyphrases":null,"primary_term":null,"canonical_url":null,"og_title":null,"og_description":null,"og_object_type":"default","og_image_type":"default","og_image_url":null,"og_image_width":null,"og_image_height":null,"og_image_custom_url":null,"og_image_custom_fields":null,"og_video":null,"og_custom_url":null,"og_article_section":null,"og_article_tags":null,"twitter_use_og":false,"twitter_card":"default","twitter_image_type":"default","twitter_image_url":null,"twitter_image_custom_url":null,"twitter_image_custom_fields":null,"twitter_title":null,"twitter_description":null,"schema":{"blockGraphs":[],"customGraphs":[],"default":{"data":{"Article":[],"Course":[],"Dataset":[],"FAQPage":[],"Movie":[],"Person":[],"Product":[],"ProductReview":[],"Car":[],"Recipe":[],"Service":[],"SoftwareApplication":[],"WebPage":[]},"graphName":"","isEnabled":true},"graphs":[],"defaultGraph":"","defaultPostTypeGraph":""},"schema_type":null,"schema_type_options":null,"pillar_content":false,"robots_default":true,"robots_noindex":false,"robots_noarchive":false,"robots_nosnippet":false,"robots_nofollow":false,"robots_noimageindex":false,"robots_noodp":false,"robots_notranslate":false,"robots_max_snippet":null,"robots_max_videopreview":null,"robots_max_imagepreview":"large","priority":null,"frequency":null,"location":null,"local_seo":null,"seo_analyzer_scan_date":"2025-09-25 02:36:03","breadcrumb_settings":null,"limit_modified_date":false,"open_ai":null,"ai":null,"created":"2021-03-08 22:32:34","updated":"2025-09-25 02:36:03"},"aioseo_breadcrumb":"<div class=\"aioseo-breadcrumbs\"><span class=\"aioseo-breadcrumb\">\n\t<a href=\"https:\/\/eldigitaldeasturias.com\/magazine365\" title=\"Home\">Home<\/a>\n<\/span><span class=\"aioseo-breadcrumb-separator\">\u2013<\/span><span class=\"aioseo-breadcrumb\">\n\t<a href=\"https:\/\/eldigitaldeasturias.com\/magazine365\/category\/noticias-actualidad\/\" title=\"Noticias y Actualidad\">Noticias y Actualidad<\/a>\n<\/span><span class=\"aioseo-breadcrumb-separator\">\u2013<\/span><span class=\"aioseo-breadcrumb\">\n\t<a href=\"https:\/\/eldigitaldeasturias.com\/magazine365\/el-63-de-los-gestores-de-viajes-preve-que-la-tecnologia-movil-tenga-un-impacto-en-sus-programas-segun-cwt\/\" title=\"El 63% de los gestores de viajes prev\u00e9 que la tecnolog\u00eda m\u00f3vil tenga un impacto en sus programas, seg\u00fan CWT\">El 63% de los gestores de viajes prev\u00e9 que la tecnolog\u00eda m\u00f3vil tenga un impacto en sus programas, seg\u00fan CWT<\/a>\n<\/span><\/div>","aioseo_breadcrumb_json":[{"label":"Home","link":"https:\/\/eldigitaldeasturias.com\/magazine365"},{"label":"Noticias y Actualidad","link":"https:\/\/eldigitaldeasturias.com\/magazine365\/category\/noticias-actualidad\/"},{"label":"El 63% de los gestores de viajes prev\u00e9 que la tecnolog\u00eda m\u00f3vil tenga un impacto en sus programas, seg\u00fan CWT","link":"https:\/\/eldigitaldeasturias.com\/magazine365\/el-63-de-los-gestores-de-viajes-preve-que-la-tecnologia-movil-tenga-un-impacto-en-sus-programas-segun-cwt\/"}],"_links":{"self":[{"href":"https:\/\/eldigitaldeasturias.com\/magazine365\/wp-json\/wp\/v2\/posts\/58238","targetHints":{"allow":["GET"]}}],"collection":[{"href":"https:\/\/eldigitaldeasturias.com\/magazine365\/wp-json\/wp\/v2\/posts"}],"about":[{"href":"https:\/\/eldigitaldeasturias.com\/magazine365\/wp-json\/wp\/v2\/types\/post"}],"author":[{"embeddable":true,"href":"https:\/\/eldigitaldeasturias.com\/magazine365\/wp-json\/wp\/v2\/users\/1"}],"replies":[{"embeddable":true,"href":"https:\/\/eldigitaldeasturias.com\/magazine365\/wp-json\/wp\/v2\/comments?post=58238"}],"version-history":[{"count":0,"href":"https:\/\/eldigitaldeasturias.com\/magazine365\/wp-json\/wp\/v2\/posts\/58238\/revisions"}],"wp:featuredmedia":[{"embeddable":true,"href":"https:\/\/eldigitaldeasturias.com\/magazine365\/wp-json\/wp\/v2\/media\/58239"}],"wp:attachment":[{"href":"https:\/\/eldigitaldeasturias.com\/magazine365\/wp-json\/wp\/v2\/media?parent=58238"}],"wp:term":[{"taxonomy":"category","embeddable":true,"href":"https:\/\/eldigitaldeasturias.com\/magazine365\/wp-json\/wp\/v2\/categories?post=58238"},{"taxonomy":"post_tag","embeddable":true,"href":"https:\/\/eldigitaldeasturias.com\/magazine365\/wp-json\/wp\/v2\/tags?post=58238"}],"curies":[{"name":"wp","href":"https:\/\/api.w.org\/{rel}","templated":true}]}}