{"id":58235,"date":"2015-12-11T19:49:27","date_gmt":"2015-12-11T18:49:27","guid":{"rendered":"http:\/\/eldigitaldeasturias.com\/magazine365\/?p=58235"},"modified":"2015-12-11T19:49:27","modified_gmt":"2015-12-11T18:49:27","slug":"volkswagen-empezara-a-llamar-en-marzo-a-los-afectados-en-espana-segun-industria","status":"publish","type":"post","link":"https:\/\/eldigitaldeasturias.com\/magazine365\/volkswagen-empezara-a-llamar-en-marzo-a-los-afectados-en-espana-segun-industria\/","title":{"rendered":"Volkswagen empezar\u00e1 a llamar en marzo a los afectados en Espa\u00f1a, seg\u00fan Industria"},"content":{"rendered":"<p><img fetchpriority=\"high\" decoding=\"async\" class=\"alignleft size-medium wp-image-58236\" src=\"https:\/\/eldigitaldeasturias.com\/magazine365\/wp-content\/uploads\/2015\/12\/fotonoticia_20151210200402_800-360x209.jpg\" alt=\"fotonoticia_20151210200402_800\" width=\"360\" height=\"209\" srcset=\"https:\/\/eldigitaldeasturias.com\/magazine365\/wp-content\/uploads\/2015\/12\/fotonoticia_20151210200402_800-360x209.jpg 360w, https:\/\/eldigitaldeasturias.com\/magazine365\/wp-content\/uploads\/2015\/12\/fotonoticia_20151210200402_800-650x377.jpg 650w, https:\/\/eldigitaldeasturias.com\/magazine365\/wp-content\/uploads\/2015\/12\/fotonoticia_20151210200402_800-768x445.jpg 768w, https:\/\/eldigitaldeasturias.com\/magazine365\/wp-content\/uploads\/2015\/12\/fotonoticia_20151210200402_800-150x87.jpg 150w, https:\/\/eldigitaldeasturias.com\/magazine365\/wp-content\/uploads\/2015\/12\/fotonoticia_20151210200402_800-450x261.jpg 450w, https:\/\/eldigitaldeasturias.com\/magazine365\/wp-content\/uploads\/2015\/12\/fotonoticia_20151210200402_800-696x404.jpg 696w, https:\/\/eldigitaldeasturias.com\/magazine365\/wp-content\/uploads\/2015\/12\/fotonoticia_20151210200402_800-724x420.jpg 724w, https:\/\/eldigitaldeasturias.com\/magazine365\/wp-content\/uploads\/2015\/12\/fotonoticia_20151210200402_800-172x100.jpg 172w, https:\/\/eldigitaldeasturias.com\/magazine365\/wp-content\/uploads\/2015\/12\/fotonoticia_20151210200402_800.jpg 800w\" sizes=\"(max-width: 360px) 100vw, 360px\" \/>Volkswagen empezar\u00e1 a llamar en marzo de 2016 a los clientes en Espa\u00f1a afectados por el caso de las alteraciones de las emisiones de los veh\u00edculos con el objeto de realizar los ajustes necesarios, indicaron a Europa Press en fuentes del Ministerio de Industria, Energ\u00eda y Turismo.<\/p>\n<p>Las fuentes se\u00f1alan que es \u00abprevisible que en el mes de marzo de 2016 puedan empezar a llamarse a los usuarios de los veh\u00edculos para efectuar los ajustes necesarios en los veh\u00edculos, empezando por los veh\u00edculos de 2.0 litros\u00bb.<\/p>\n<p>Industria explica que el directivo de Volkswagen Francisco Javier Garc\u00eda Sanz, a quien la compa\u00f1\u00eda ha encargado la gesti\u00f3n del caso de las emisiones, ha contactado en diversas ocasiones con el ministro Jos\u00e9 Manuel Soria para informarle de la situaci\u00f3n.<\/p>\n<p>Adem\u00e1s, t\u00e9cnicos del grupo Volkswagen se re\u00fanen peri\u00f3dicamente con equipos t\u00e9cnicos del Ministerio de Industria, Energ\u00eda y Turismo para informarles de las actuaciones que se est\u00e1n llevando a cabo.<\/p>\n<p>En todo caso, las actuaciones de Volkswagen y las modificaciones que deben realizarse en los modelos afectados est\u00e1n siendo presentadas en primer lugar a la autoridad de homologaci\u00f3n alemana (KBA) y, posteriormente, a las autoridades de homologaci\u00f3n del resto de Estados miembros. En el caso de Espa\u00f1a, se presentan ante Industria.<\/p>\n<p>La \u00faltima de estas reuniones t\u00e9cnicas se ha celebrado este jueves, indican las fuentes, que recuerdan que existen tres motorizaciones afectadas, que son los veh\u00edculos di\u00e9sel que montan el motor EA189 en las cilindradas de 1.2, 1.6 y 2.0 litros.<\/p>\n<p>\u00abPara todas ellas el grupo Volkswagen tiene estudiadas medidas que solucionar\u00e1n el problema detectado, estando actualmente en pruebas iniciales las soluciones planteadas y siendo necesario todav\u00eda m\u00e1s tiempo para desarrollar y verificar las soluciones\u00bb, explican, antes de citar el pr\u00f3ximo mes de marzo como la fecha previsible para el inicio de las llamadas a revisi\u00f3n.<\/p>\n","protected":false},"excerpt":{"rendered":"<p>Volkswagen empezar\u00e1 a llamar en marzo de 2016 a los clientes en Espa\u00f1a afectados por el caso de las alteraciones de las emisiones de los veh\u00edculos con el objeto de realizar los ajustes necesarios, indicaron a Europa Press en fuentes del Ministerio de Industria, Energ\u00eda y Turismo. Las fuentes se\u00f1alan que es \u00abprevisible que en<\/p>\n","protected":false},"author":1,"featured_media":58236,"comment_status":"open","ping_status":"closed","sticky":false,"template":"","format":"standard","meta":{"footnotes":""},"categories":[224],"tags":[],"class_list":{"0":"post-58235","1":"post","2":"type-post","3":"status-publish","4":"format-standard","5":"has-post-thumbnail","7":"category-noticias-actualidad"},"aioseo_notices":[],"aioseo_head":"\n\t\t<!-- All in One SEO Pro 4.9.6.1 - aioseo.com -->\n\t<meta name=\"description\" content=\"Volkswagen empezar\u00e1 a llamar en marzo de 2016 a los clientes en Espa\u00f1a afectados por el caso de las alteraciones de las emisiones de los veh\u00edculos con el objeto de realizar los ajustes necesarios, indicaron a Europa Press en fuentes del Ministerio de Industria, Energ\u00eda y Turismo. Las fuentes se\u00f1alan que es &quot;previsible que en\" \/>\n\t<meta name=\"robots\" content=\"max-image-preview:large\" \/>\n\t<meta name=\"author\" content=\"admin\"\/>\n\t<meta name=\"google-site-verification\" content=\"UA-38556648-1\" \/>\n\t<meta name=\"keywords\" content=\"noticias y actualidad\" \/>\n\t<link rel=\"canonical\" href=\"https:\/\/eldigitaldeasturias.com\/magazine365\/volkswagen-empezara-a-llamar-en-marzo-a-los-afectados-en-espana-segun-industria\/\" \/>\n\t<meta name=\"generator\" content=\"All in One SEO Pro (AIOSEO) 4.9.6.1\" \/>\n\t\t<meta property=\"og:locale\" content=\"es_ES\" \/>\n\t\t<meta property=\"og:site_name\" content=\"El Digital de Asturias \u2013 Revista de ocio, turismo y estilo de vida\" \/>\n\t\t<meta property=\"og:type\" content=\"article\" \/>\n\t\t<meta property=\"og:title\" content=\"Volkswagen empezar\u00e1 a llamar en marzo a los afectados en Espa\u00f1a, seg\u00fan Industria | El Digital de Asturias\" \/>\n\t\t<meta property=\"og:description\" content=\"Volkswagen empezar\u00e1 a llamar en marzo de 2016 a los clientes en Espa\u00f1a afectados por el caso de las alteraciones de las emisiones de los veh\u00edculos con el objeto de realizar los ajustes necesarios, indicaron a Europa Press en fuentes del Ministerio de Industria, Energ\u00eda y Turismo. Las fuentes se\u00f1alan que es &quot;previsible que en\" \/>\n\t\t<meta property=\"og:url\" content=\"https:\/\/eldigitaldeasturias.com\/magazine365\/volkswagen-empezara-a-llamar-en-marzo-a-los-afectados-en-espana-segun-industria\/\" \/>\n\t\t<meta property=\"og:image\" content=\"https:\/\/eldigitaldeasturias.com\/magazine365\/wp-content\/uploads\/2015\/12\/fotonoticia_20151210200402_800.jpg\" \/>\n\t\t<meta property=\"og:image:secure_url\" content=\"https:\/\/eldigitaldeasturias.com\/magazine365\/wp-content\/uploads\/2015\/12\/fotonoticia_20151210200402_800.jpg\" \/>\n\t\t<meta property=\"og:image:width\" content=\"800\" \/>\n\t\t<meta property=\"og:image:height\" content=\"464\" \/>\n\t\t<meta property=\"article:published_time\" content=\"2015-12-11T18:49:27+00:00\" \/>\n\t\t<meta property=\"article:modified_time\" content=\"2015-12-11T18:49:27+00:00\" \/>\n\t\t<meta name=\"twitter:card\" content=\"summary_large_image\" \/>\n\t\t<meta name=\"twitter:title\" content=\"Volkswagen empezar\u00e1 a llamar en marzo a los afectados en Espa\u00f1a, seg\u00fan Industria | El Digital de Asturias\" \/>\n\t\t<meta name=\"twitter:description\" content=\"Volkswagen empezar\u00e1 a llamar en marzo de 2016 a los clientes en Espa\u00f1a afectados por el caso de las alteraciones de las emisiones de los veh\u00edculos con el objeto de realizar los ajustes necesarios, indicaron a Europa Press en fuentes del Ministerio de Industria, Energ\u00eda y Turismo. Las fuentes se\u00f1alan que es &quot;previsible que en\" \/>\n\t\t<meta name=\"twitter:image\" content=\"https:\/\/eldigitaldeasturias.com\/magazine365\/wp-content\/uploads\/2015\/12\/fotonoticia_20151210200402_800.jpg\" \/>\n\t\t<script type=\"application\/ld+json\" class=\"aioseo-schema\">\n\t\t\t{\"@context\":\"https:\\\/\\\/schema.org\",\"@graph\":[{\"@type\":\"Article\",\"@id\":\"https:\\\/\\\/eldigitaldeasturias.com\\\/magazine365\\\/volkswagen-empezara-a-llamar-en-marzo-a-los-afectados-en-espana-segun-industria\\\/#article\",\"name\":\"Volkswagen empezar\\u00e1 a llamar en marzo a los afectados en Espa\\u00f1a, seg\\u00fan Industria | El Digital de Asturias\",\"headline\":\"Volkswagen empezar\\u00e1 a llamar en marzo a los afectados en Espa\\u00f1a, seg\\u00fan Industria\",\"author\":{\"@id\":\"https:\\\/\\\/eldigitaldeasturias.com\\\/magazine365\\\/author\\\/admin\\\/#author\"},\"publisher\":{\"@id\":\"https:\\\/\\\/eldigitaldeasturias.com\\\/magazine365\\\/#organization\"},\"image\":{\"@type\":\"ImageObject\",\"url\":\"https:\\\/\\\/eldigitaldeasturias.com\\\/magazine365\\\/wp-content\\\/uploads\\\/2015\\\/12\\\/fotonoticia_20151210200402_800.jpg\",\"width\":800,\"height\":464},\"datePublished\":\"2015-12-11T19:49:27+01:00\",\"dateModified\":\"2015-12-11T19:49:27+01:00\",\"inLanguage\":\"es-ES\",\"mainEntityOfPage\":{\"@id\":\"https:\\\/\\\/eldigitaldeasturias.com\\\/magazine365\\\/volkswagen-empezara-a-llamar-en-marzo-a-los-afectados-en-espana-segun-industria\\\/#webpage\"},\"isPartOf\":{\"@id\":\"https:\\\/\\\/eldigitaldeasturias.com\\\/magazine365\\\/volkswagen-empezara-a-llamar-en-marzo-a-los-afectados-en-espana-segun-industria\\\/#webpage\"},\"articleSection\":\"Noticias y Actualidad\"},{\"@type\":\"BreadcrumbList\",\"@id\":\"https:\\\/\\\/eldigitaldeasturias.com\\\/magazine365\\\/volkswagen-empezara-a-llamar-en-marzo-a-los-afectados-en-espana-segun-industria\\\/#breadcrumblist\",\"itemListElement\":[{\"@type\":\"ListItem\",\"@id\":\"https:\\\/\\\/eldigitaldeasturias.com\\\/magazine365#listItem\",\"position\":1,\"name\":\"Home\",\"item\":\"https:\\\/\\\/eldigitaldeasturias.com\\\/magazine365\",\"nextItem\":{\"@type\":\"ListItem\",\"@id\":\"https:\\\/\\\/eldigitaldeasturias.com\\\/magazine365\\\/category\\\/noticias-actualidad\\\/#listItem\",\"name\":\"Noticias y Actualidad\"}},{\"@type\":\"ListItem\",\"@id\":\"https:\\\/\\\/eldigitaldeasturias.com\\\/magazine365\\\/category\\\/noticias-actualidad\\\/#listItem\",\"position\":2,\"name\":\"Noticias y Actualidad\",\"item\":\"https:\\\/\\\/eldigitaldeasturias.com\\\/magazine365\\\/category\\\/noticias-actualidad\\\/\",\"nextItem\":{\"@type\":\"ListItem\",\"@id\":\"https:\\\/\\\/eldigitaldeasturias.com\\\/magazine365\\\/volkswagen-empezara-a-llamar-en-marzo-a-los-afectados-en-espana-segun-industria\\\/#listItem\",\"name\":\"Volkswagen empezar\\u00e1 a llamar en marzo a los afectados en Espa\\u00f1a, seg\\u00fan Industria\"},\"previousItem\":{\"@type\":\"ListItem\",\"@id\":\"https:\\\/\\\/eldigitaldeasturias.com\\\/magazine365#listItem\",\"name\":\"Home\"}},{\"@type\":\"ListItem\",\"@id\":\"https:\\\/\\\/eldigitaldeasturias.com\\\/magazine365\\\/volkswagen-empezara-a-llamar-en-marzo-a-los-afectados-en-espana-segun-industria\\\/#listItem\",\"position\":3,\"name\":\"Volkswagen empezar\\u00e1 a llamar en marzo a los afectados en Espa\\u00f1a, seg\\u00fan Industria\",\"previousItem\":{\"@type\":\"ListItem\",\"@id\":\"https:\\\/\\\/eldigitaldeasturias.com\\\/magazine365\\\/category\\\/noticias-actualidad\\\/#listItem\",\"name\":\"Noticias y Actualidad\"}}]},{\"@type\":\"Organization\",\"@id\":\"https:\\\/\\\/eldigitaldeasturias.com\\\/magazine365\\\/#organization\",\"name\":\"El digital de Asturias\",\"description\":\"Revista de ocio, turismo y estilo de vida\",\"url\":\"https:\\\/\\\/eldigitaldeasturias.com\\\/magazine365\\\/\",\"logo\":{\"@type\":\"ImageObject\",\"url\":\"https:\\\/\\\/www.eldigitaldeasturias.com\\\/noticias\\\/wp-content\\\/uploads\\\/2020\\\/12\\\/EDA.jpg\",\"@id\":\"https:\\\/\\\/eldigitaldeasturias.com\\\/magazine365\\\/volkswagen-empezara-a-llamar-en-marzo-a-los-afectados-en-espana-segun-industria\\\/#organizationLogo\"},\"image\":{\"@id\":\"https:\\\/\\\/eldigitaldeasturias.com\\\/magazine365\\\/volkswagen-empezara-a-llamar-en-marzo-a-los-afectados-en-espana-segun-industria\\\/#organizationLogo\"}},{\"@type\":\"Person\",\"@id\":\"https:\\\/\\\/eldigitaldeasturias.com\\\/magazine365\\\/author\\\/admin\\\/#author\",\"url\":\"https:\\\/\\\/eldigitaldeasturias.com\\\/magazine365\\\/author\\\/admin\\\/\",\"name\":\"admin\",\"image\":{\"@type\":\"ImageObject\",\"@id\":\"https:\\\/\\\/eldigitaldeasturias.com\\\/magazine365\\\/volkswagen-empezara-a-llamar-en-marzo-a-los-afectados-en-espana-segun-industria\\\/#authorImage\",\"url\":\"https:\\\/\\\/eldigitaldeasturias.com\\\/magazine365\\\/wp-content\\\/litespeed\\\/avatar\\\/e571bcf59a0edd6fa6838245a470f2fe.jpg?ver=1777574230\",\"width\":96,\"height\":96,\"caption\":\"admin\"}},{\"@type\":\"WebPage\",\"@id\":\"https:\\\/\\\/eldigitaldeasturias.com\\\/magazine365\\\/volkswagen-empezara-a-llamar-en-marzo-a-los-afectados-en-espana-segun-industria\\\/#webpage\",\"url\":\"https:\\\/\\\/eldigitaldeasturias.com\\\/magazine365\\\/volkswagen-empezara-a-llamar-en-marzo-a-los-afectados-en-espana-segun-industria\\\/\",\"name\":\"Volkswagen empezar\\u00e1 a llamar en marzo a los afectados en Espa\\u00f1a, seg\\u00fan Industria | El Digital de Asturias\",\"description\":\"Volkswagen empezar\\u00e1 a llamar en marzo de 2016 a los clientes en Espa\\u00f1a afectados por el caso de las alteraciones de las emisiones de los veh\\u00edculos con el objeto de realizar los ajustes necesarios, indicaron a Europa Press en fuentes del Ministerio de Industria, Energ\\u00eda y Turismo. Las fuentes se\\u00f1alan que es \\\"previsible que en\",\"inLanguage\":\"es-ES\",\"isPartOf\":{\"@id\":\"https:\\\/\\\/eldigitaldeasturias.com\\\/magazine365\\\/#website\"},\"breadcrumb\":{\"@id\":\"https:\\\/\\\/eldigitaldeasturias.com\\\/magazine365\\\/volkswagen-empezara-a-llamar-en-marzo-a-los-afectados-en-espana-segun-industria\\\/#breadcrumblist\"},\"author\":{\"@id\":\"https:\\\/\\\/eldigitaldeasturias.com\\\/magazine365\\\/author\\\/admin\\\/#author\"},\"creator\":{\"@id\":\"https:\\\/\\\/eldigitaldeasturias.com\\\/magazine365\\\/author\\\/admin\\\/#author\"},\"image\":{\"@type\":\"ImageObject\",\"url\":\"https:\\\/\\\/eldigitaldeasturias.com\\\/magazine365\\\/wp-content\\\/uploads\\\/2015\\\/12\\\/fotonoticia_20151210200402_800.jpg\",\"@id\":\"https:\\\/\\\/eldigitaldeasturias.com\\\/magazine365\\\/volkswagen-empezara-a-llamar-en-marzo-a-los-afectados-en-espana-segun-industria\\\/#mainImage\",\"width\":800,\"height\":464},\"primaryImageOfPage\":{\"@id\":\"https:\\\/\\\/eldigitaldeasturias.com\\\/magazine365\\\/volkswagen-empezara-a-llamar-en-marzo-a-los-afectados-en-espana-segun-industria\\\/#mainImage\"},\"datePublished\":\"2015-12-11T19:49:27+01:00\",\"dateModified\":\"2015-12-11T19:49:27+01:00\"},{\"@type\":\"WebSite\",\"@id\":\"https:\\\/\\\/eldigitaldeasturias.com\\\/magazine365\\\/#website\",\"url\":\"https:\\\/\\\/eldigitaldeasturias.com\\\/magazine365\\\/\",\"name\":\"El Digital de Asturias\",\"description\":\"Revista de ocio, turismo y estilo de vida\",\"inLanguage\":\"es-ES\",\"publisher\":{\"@id\":\"https:\\\/\\\/eldigitaldeasturias.com\\\/magazine365\\\/#organization\"}}]}\n\t\t<\/script>\n\t\t<!-- All in One SEO Pro -->\r\n\t\t<title>Volkswagen empezar\u00e1 a llamar en marzo a los afectados en Espa\u00f1a, seg\u00fan Industria | El Digital de Asturias<\/title>\n\n","aioseo_head_json":{"title":"Volkswagen empezar\u00e1 a llamar en marzo a los afectados en Espa\u00f1a, seg\u00fan Industria | El Digital de Asturias","description":"Volkswagen empezar\u00e1 a llamar en marzo de 2016 a los clientes en Espa\u00f1a afectados por el caso de las alteraciones de las emisiones de los veh\u00edculos con el objeto de realizar los ajustes necesarios, indicaron a Europa Press en fuentes del Ministerio de Industria, Energ\u00eda y Turismo. Las fuentes se\u00f1alan que es \"previsible que en","canonical_url":"https:\/\/eldigitaldeasturias.com\/magazine365\/volkswagen-empezara-a-llamar-en-marzo-a-los-afectados-en-espana-segun-industria\/","robots":"max-image-preview:large","keywords":"noticias y actualidad","webmasterTools":{"google-site-verification":"UA-38556648-1","miscellaneous":""},"schema":{"@context":"https:\/\/schema.org","@graph":[{"@type":"Article","@id":"https:\/\/eldigitaldeasturias.com\/magazine365\/volkswagen-empezara-a-llamar-en-marzo-a-los-afectados-en-espana-segun-industria\/#article","name":"Volkswagen empezar\u00e1 a llamar en marzo a los afectados en Espa\u00f1a, seg\u00fan Industria | El Digital de Asturias","headline":"Volkswagen empezar\u00e1 a llamar en marzo a los afectados en Espa\u00f1a, seg\u00fan Industria","author":{"@id":"https:\/\/eldigitaldeasturias.com\/magazine365\/author\/admin\/#author"},"publisher":{"@id":"https:\/\/eldigitaldeasturias.com\/magazine365\/#organization"},"image":{"@type":"ImageObject","url":"https:\/\/eldigitaldeasturias.com\/magazine365\/wp-content\/uploads\/2015\/12\/fotonoticia_20151210200402_800.jpg","width":800,"height":464},"datePublished":"2015-12-11T19:49:27+01:00","dateModified":"2015-12-11T19:49:27+01:00","inLanguage":"es-ES","mainEntityOfPage":{"@id":"https:\/\/eldigitaldeasturias.com\/magazine365\/volkswagen-empezara-a-llamar-en-marzo-a-los-afectados-en-espana-segun-industria\/#webpage"},"isPartOf":{"@id":"https:\/\/eldigitaldeasturias.com\/magazine365\/volkswagen-empezara-a-llamar-en-marzo-a-los-afectados-en-espana-segun-industria\/#webpage"},"articleSection":"Noticias y Actualidad"},{"@type":"BreadcrumbList","@id":"https:\/\/eldigitaldeasturias.com\/magazine365\/volkswagen-empezara-a-llamar-en-marzo-a-los-afectados-en-espana-segun-industria\/#breadcrumblist","itemListElement":[{"@type":"ListItem","@id":"https:\/\/eldigitaldeasturias.com\/magazine365#listItem","position":1,"name":"Home","item":"https:\/\/eldigitaldeasturias.com\/magazine365","nextItem":{"@type":"ListItem","@id":"https:\/\/eldigitaldeasturias.com\/magazine365\/category\/noticias-actualidad\/#listItem","name":"Noticias y Actualidad"}},{"@type":"ListItem","@id":"https:\/\/eldigitaldeasturias.com\/magazine365\/category\/noticias-actualidad\/#listItem","position":2,"name":"Noticias y Actualidad","item":"https:\/\/eldigitaldeasturias.com\/magazine365\/category\/noticias-actualidad\/","nextItem":{"@type":"ListItem","@id":"https:\/\/eldigitaldeasturias.com\/magazine365\/volkswagen-empezara-a-llamar-en-marzo-a-los-afectados-en-espana-segun-industria\/#listItem","name":"Volkswagen empezar\u00e1 a llamar en marzo a los afectados en Espa\u00f1a, seg\u00fan Industria"},"previousItem":{"@type":"ListItem","@id":"https:\/\/eldigitaldeasturias.com\/magazine365#listItem","name":"Home"}},{"@type":"ListItem","@id":"https:\/\/eldigitaldeasturias.com\/magazine365\/volkswagen-empezara-a-llamar-en-marzo-a-los-afectados-en-espana-segun-industria\/#listItem","position":3,"name":"Volkswagen empezar\u00e1 a llamar en marzo a los afectados en Espa\u00f1a, seg\u00fan Industria","previousItem":{"@type":"ListItem","@id":"https:\/\/eldigitaldeasturias.com\/magazine365\/category\/noticias-actualidad\/#listItem","name":"Noticias y Actualidad"}}]},{"@type":"Organization","@id":"https:\/\/eldigitaldeasturias.com\/magazine365\/#organization","name":"El digital de Asturias","description":"Revista de ocio, turismo y estilo de vida","url":"https:\/\/eldigitaldeasturias.com\/magazine365\/","logo":{"@type":"ImageObject","url":"https:\/\/www.eldigitaldeasturias.com\/noticias\/wp-content\/uploads\/2020\/12\/EDA.jpg","@id":"https:\/\/eldigitaldeasturias.com\/magazine365\/volkswagen-empezara-a-llamar-en-marzo-a-los-afectados-en-espana-segun-industria\/#organizationLogo"},"image":{"@id":"https:\/\/eldigitaldeasturias.com\/magazine365\/volkswagen-empezara-a-llamar-en-marzo-a-los-afectados-en-espana-segun-industria\/#organizationLogo"}},{"@type":"Person","@id":"https:\/\/eldigitaldeasturias.com\/magazine365\/author\/admin\/#author","url":"https:\/\/eldigitaldeasturias.com\/magazine365\/author\/admin\/","name":"admin","image":{"@type":"ImageObject","@id":"https:\/\/eldigitaldeasturias.com\/magazine365\/volkswagen-empezara-a-llamar-en-marzo-a-los-afectados-en-espana-segun-industria\/#authorImage","url":"https:\/\/eldigitaldeasturias.com\/magazine365\/wp-content\/litespeed\/avatar\/e571bcf59a0edd6fa6838245a470f2fe.jpg?ver=1777574230","width":96,"height":96,"caption":"admin"}},{"@type":"WebPage","@id":"https:\/\/eldigitaldeasturias.com\/magazine365\/volkswagen-empezara-a-llamar-en-marzo-a-los-afectados-en-espana-segun-industria\/#webpage","url":"https:\/\/eldigitaldeasturias.com\/magazine365\/volkswagen-empezara-a-llamar-en-marzo-a-los-afectados-en-espana-segun-industria\/","name":"Volkswagen empezar\u00e1 a llamar en marzo a los afectados en Espa\u00f1a, seg\u00fan Industria | El Digital de Asturias","description":"Volkswagen empezar\u00e1 a llamar en marzo de 2016 a los clientes en Espa\u00f1a afectados por el caso de las alteraciones de las emisiones de los veh\u00edculos con el objeto de realizar los ajustes necesarios, indicaron a Europa Press en fuentes del Ministerio de Industria, Energ\u00eda y Turismo. Las fuentes se\u00f1alan que es \"previsible que en","inLanguage":"es-ES","isPartOf":{"@id":"https:\/\/eldigitaldeasturias.com\/magazine365\/#website"},"breadcrumb":{"@id":"https:\/\/eldigitaldeasturias.com\/magazine365\/volkswagen-empezara-a-llamar-en-marzo-a-los-afectados-en-espana-segun-industria\/#breadcrumblist"},"author":{"@id":"https:\/\/eldigitaldeasturias.com\/magazine365\/author\/admin\/#author"},"creator":{"@id":"https:\/\/eldigitaldeasturias.com\/magazine365\/author\/admin\/#author"},"image":{"@type":"ImageObject","url":"https:\/\/eldigitaldeasturias.com\/magazine365\/wp-content\/uploads\/2015\/12\/fotonoticia_20151210200402_800.jpg","@id":"https:\/\/eldigitaldeasturias.com\/magazine365\/volkswagen-empezara-a-llamar-en-marzo-a-los-afectados-en-espana-segun-industria\/#mainImage","width":800,"height":464},"primaryImageOfPage":{"@id":"https:\/\/eldigitaldeasturias.com\/magazine365\/volkswagen-empezara-a-llamar-en-marzo-a-los-afectados-en-espana-segun-industria\/#mainImage"},"datePublished":"2015-12-11T19:49:27+01:00","dateModified":"2015-12-11T19:49:27+01:00"},{"@type":"WebSite","@id":"https:\/\/eldigitaldeasturias.com\/magazine365\/#website","url":"https:\/\/eldigitaldeasturias.com\/magazine365\/","name":"El Digital de Asturias","description":"Revista de ocio, turismo y estilo de vida","inLanguage":"es-ES","publisher":{"@id":"https:\/\/eldigitaldeasturias.com\/magazine365\/#organization"}}]},"og:locale":"es_ES","og:site_name":"El Digital de Asturias \u2013 Revista de ocio, turismo y estilo de vida","og:type":"article","og:title":"Volkswagen empezar\u00e1 a llamar en marzo a los afectados en Espa\u00f1a, seg\u00fan Industria | El Digital de Asturias","og:description":"Volkswagen empezar\u00e1 a llamar en marzo de 2016 a los clientes en Espa\u00f1a afectados por el caso de las alteraciones de las emisiones de los veh\u00edculos con el objeto de realizar los ajustes necesarios, indicaron a Europa Press en fuentes del Ministerio de Industria, Energ\u00eda y Turismo. Las fuentes se\u00f1alan que es &quot;previsible que en","og:url":"https:\/\/eldigitaldeasturias.com\/magazine365\/volkswagen-empezara-a-llamar-en-marzo-a-los-afectados-en-espana-segun-industria\/","og:image":"https:\/\/eldigitaldeasturias.com\/magazine365\/wp-content\/uploads\/2015\/12\/fotonoticia_20151210200402_800.jpg","og:image:secure_url":"https:\/\/eldigitaldeasturias.com\/magazine365\/wp-content\/uploads\/2015\/12\/fotonoticia_20151210200402_800.jpg","og:image:width":800,"og:image:height":464,"article:published_time":"2015-12-11T18:49:27+00:00","article:modified_time":"2015-12-11T18:49:27+00:00","twitter:card":"summary_large_image","twitter:title":"Volkswagen empezar\u00e1 a llamar en marzo a los afectados en Espa\u00f1a, seg\u00fan Industria | El Digital de Asturias","twitter:description":"Volkswagen empezar\u00e1 a llamar en marzo de 2016 a los clientes en Espa\u00f1a afectados por el caso de las alteraciones de las emisiones de los veh\u00edculos con el objeto de realizar los ajustes necesarios, indicaron a Europa Press en fuentes del Ministerio de Industria, Energ\u00eda y Turismo. Las fuentes se\u00f1alan que es &quot;previsible que en","twitter:image":"https:\/\/eldigitaldeasturias.com\/magazine365\/wp-content\/uploads\/2015\/12\/fotonoticia_20151210200402_800.jpg"},"aioseo_meta_data":{"post_id":"58235","title":null,"description":null,"keywords":null,"keyphrases":null,"primary_term":null,"canonical_url":null,"og_title":null,"og_description":null,"og_object_type":"default","og_image_type":"default","og_image_url":null,"og_image_width":null,"og_image_height":null,"og_image_custom_url":null,"og_image_custom_fields":null,"og_video":null,"og_custom_url":null,"og_article_section":null,"og_article_tags":null,"twitter_use_og":false,"twitter_card":"default","twitter_image_type":"default","twitter_image_url":null,"twitter_image_custom_url":null,"twitter_image_custom_fields":null,"twitter_title":null,"twitter_description":null,"schema":{"blockGraphs":[],"customGraphs":[],"default":{"data":{"Article":[],"Course":[],"Dataset":[],"FAQPage":[],"Movie":[],"Person":[],"Product":[],"ProductReview":[],"Car":[],"Recipe":[],"Service":[],"SoftwareApplication":[],"WebPage":[]},"graphName":"","isEnabled":true},"graphs":[],"defaultGraph":"","defaultPostTypeGraph":""},"schema_type":null,"schema_type_options":null,"pillar_content":false,"robots_default":true,"robots_noindex":false,"robots_noarchive":false,"robots_nosnippet":false,"robots_nofollow":false,"robots_noimageindex":false,"robots_noodp":false,"robots_notranslate":false,"robots_max_snippet":null,"robots_max_videopreview":null,"robots_max_imagepreview":"large","priority":null,"frequency":null,"location":null,"local_seo":null,"seo_analyzer_scan_date":"2025-09-25 02:36:01","breadcrumb_settings":null,"limit_modified_date":false,"open_ai":null,"ai":null,"created":"2021-03-08 22:32:34","updated":"2025-09-25 02:36:01"},"aioseo_breadcrumb":"<div class=\"aioseo-breadcrumbs\"><span class=\"aioseo-breadcrumb\">\n\t<a href=\"https:\/\/eldigitaldeasturias.com\/magazine365\" title=\"Home\">Home<\/a>\n<\/span><span class=\"aioseo-breadcrumb-separator\">\u2013<\/span><span class=\"aioseo-breadcrumb\">\n\t<a href=\"https:\/\/eldigitaldeasturias.com\/magazine365\/category\/noticias-actualidad\/\" title=\"Noticias y Actualidad\">Noticias y Actualidad<\/a>\n<\/span><span class=\"aioseo-breadcrumb-separator\">\u2013<\/span><span class=\"aioseo-breadcrumb\">\n\t<a href=\"https:\/\/eldigitaldeasturias.com\/magazine365\/volkswagen-empezara-a-llamar-en-marzo-a-los-afectados-en-espana-segun-industria\/\" title=\"Volkswagen empezar\u00e1 a llamar en marzo a los afectados en Espa\u00f1a, seg\u00fan Industria\">Volkswagen empezar\u00e1 a llamar en marzo a los afectados en Espa\u00f1a, seg\u00fan Industria<\/a>\n<\/span><\/div>","aioseo_breadcrumb_json":[{"label":"Home","link":"https:\/\/eldigitaldeasturias.com\/magazine365"},{"label":"Noticias y Actualidad","link":"https:\/\/eldigitaldeasturias.com\/magazine365\/category\/noticias-actualidad\/"},{"label":"Volkswagen empezar\u00e1 a llamar en marzo a los afectados en Espa\u00f1a, seg\u00fan Industria","link":"https:\/\/eldigitaldeasturias.com\/magazine365\/volkswagen-empezara-a-llamar-en-marzo-a-los-afectados-en-espana-segun-industria\/"}],"_links":{"self":[{"href":"https:\/\/eldigitaldeasturias.com\/magazine365\/wp-json\/wp\/v2\/posts\/58235","targetHints":{"allow":["GET"]}}],"collection":[{"href":"https:\/\/eldigitaldeasturias.com\/magazine365\/wp-json\/wp\/v2\/posts"}],"about":[{"href":"https:\/\/eldigitaldeasturias.com\/magazine365\/wp-json\/wp\/v2\/types\/post"}],"author":[{"embeddable":true,"href":"https:\/\/eldigitaldeasturias.com\/magazine365\/wp-json\/wp\/v2\/users\/1"}],"replies":[{"embeddable":true,"href":"https:\/\/eldigitaldeasturias.com\/magazine365\/wp-json\/wp\/v2\/comments?post=58235"}],"version-history":[{"count":0,"href":"https:\/\/eldigitaldeasturias.com\/magazine365\/wp-json\/wp\/v2\/posts\/58235\/revisions"}],"wp:featuredmedia":[{"embeddable":true,"href":"https:\/\/eldigitaldeasturias.com\/magazine365\/wp-json\/wp\/v2\/media\/58236"}],"wp:attachment":[{"href":"https:\/\/eldigitaldeasturias.com\/magazine365\/wp-json\/wp\/v2\/media?parent=58235"}],"wp:term":[{"taxonomy":"category","embeddable":true,"href":"https:\/\/eldigitaldeasturias.com\/magazine365\/wp-json\/wp\/v2\/categories?post=58235"},{"taxonomy":"post_tag","embeddable":true,"href":"https:\/\/eldigitaldeasturias.com\/magazine365\/wp-json\/wp\/v2\/tags?post=58235"}],"curies":[{"name":"wp","href":"https:\/\/api.w.org\/{rel}","templated":true}]}}